{"id":26700,"date":"2020-08-13T10:19:34","date_gmt":"2020-08-13T08:19:34","guid":{"rendered":"http:\/\/dorogimedence.hu\/?p=26700"},"modified":"2020-08-13T10:20:28","modified_gmt":"2020-08-13T08:20:28","slug":"tervezett-aramszunetek-tersegunkben-5","status":"publish","type":"post","link":"https:\/\/dorogimedence.hu\/index.php\/2020\/08\/13\/tervezett-aramszunetek-tersegunkben-5\/","title":{"rendered":"Tervezett \u00e1ramsz\u00fcnetek t\u00e9rs\u00e9g\u00fcnkben"},"content":{"rendered":"<p><strong>T\u00e9rs\u00e9g\u00fcnkben Esztergomban, T\u00e1ton \u00e9s Pilisszentkereszten sz\u00e1m\u00edthatunk tervezett \u00e1ramsz\u00fcnetekre augusztus m\u00e1sodik fel\u00e9ben.<\/strong><\/p>\n<p>Az E.ON Hung\u00e1ria folyamatos korszer\u0171s\u00edt\u00e9st hajt v\u00e9gre h\u00e1l\u00f3zat\u00e1n. A tervszer\u0171 beavatkoz\u00e1sok biztons\u00e1gos elv\u00e9gz\u00e9se \u00e9rdek\u00e9ben elengedhetetlen a vezet\u00e9k id\u0151szakos fesz\u00fclts\u00e9gmentes\u00edt\u00e9se.<\/p>\n<p>Az al\u00e1bbi id\u0151pontokban sz\u00e1m\u00edthatunk \u00e1ramkimarad\u00e1sokra az adott telep\u00fcl\u00e9seken:<\/p>\n<p><span style=\"text-decoration: underline;\">Augusztus 17. h\u00e9tf\u0151:<\/span><br \/>\n<strong>Esztergom (09.00-10.00 \u00e9s 13.00-14.00):<\/strong> Hegyalja \u00fat, Hunyadi J\u00e1nos utca, Ifj\u00fas\u00e1g utca, Kossuth Lajos utca, K\u00e1lm\u00e1n-Forr\u00e1s k\u00f6z, Pet\u0151fi S\u00e1ndor utca, P\u00e1losok utc\u00e1ja. <strong>Pilisszentkereszt (09.00-10.00 \u00e9s 13.00-14.00):<\/strong> Ady Endre utca, Arany J\u00e1nos utca, B\u00fckk\u00f6s utca, E\u00f6tv\u00f6s L\u00f3r\u00e1nd utca, F\u00e9ny utca, Mexik\u00f3 puszta, Napsug\u00e1r utca, Pihen\u0151 s\u00e9t\u00e1ny, Torony utca, T\u00e9ry \u00d6d\u00f6n utca, V\u00f6r\u00f6smarty Mih\u00e1ly utca. <strong>Pilisszentkereszt (09.00-14.00):<\/strong> BM \u00fcd\u00fcl\u0151 ter\u00fclet\u00e9n.<\/p>\n<p><span style=\"text-decoration: underline;\">Augusztus 18. kedd:<\/span><br \/>\n<strong>Esztergom (08.30-15.30):<\/strong> Malonyai d\u0171l\u0151 (Malonyai pincesor ter\u00fclet\u00e9n). <strong>Esztergom (09.00-16.00):<\/strong> Dobog\u00f3k\u0151i \u00fat (erd\u00e9szet telephely\u00e9n).<\/p>\n<p><span style=\"text-decoration: underline;\">Augusztus 19. szerda:<\/span><br \/>\n<strong>Esztergom (09.00-15.00):<\/strong> M\u00e1ty\u00e1s kir\u00e1ly utca (Lasram Engineering Kft. ter\u00fclet\u00e9n).<\/p>\n<p><span style=\"text-decoration: underline;\">Augusztus 25. kedd:<\/span><br \/>\n<strong>T\u00e1t (08.00-14.00):<\/strong> R\u00e9t utca 23-25., Szilvafa utca.<\/p>\n<p><em>Forr\u00e1s: E.ON<\/em><\/p>\n","protected":false},"excerpt":{"rendered":"<p>T\u00e9rs\u00e9g\u00fcnkben Esztergomban, T\u00e1ton \u00e9s Pilisszentkereszten sz\u00e1m\u00edthatunk tervezett \u00e1ramsz\u00fcnetekre augusztus m\u00e1sodik fel\u00e9ben. Az E.ON Hung\u00e1ria folyamatos korszer\u0171s\u00edt\u00e9st hajt v\u00e9gre h\u00e1l\u00f3zat\u00e1n. A tervszer\u0171 beavatkoz\u00e1sok biztons\u00e1gos elv\u00e9gz\u00e9se \u00e9rdek\u00e9ben elengedhetetlen a vezet\u00e9k id\u0151szakos fesz\u00fclts\u00e9gmentes\u00edt\u00e9se. Az al\u00e1bbi id\u0151pontokban sz\u00e1m\u00edthatunk \u00e1ramkimarad\u00e1sokra az adott telep\u00fcl\u00e9seken: Augusztus 17. h\u00e9tf\u0151: Esztergom (09.00-10.00 \u00e9s 13.00-14.00): Hegyalja \u00fat, Hunyadi J\u00e1nos utca, Ifj\u00fas\u00e1g utca, Kossuth Lajos utca,<\/p>\n","protected":false},"author":1,"featured_media":4668,"comment_status":"closed","ping_status":"closed","sticky":false,"template":"","format":"standard","meta":{"ngg_post_thumbnail":0,"footnotes":""},"categories":[38,3,110],"tags":[336,665,42,100,111],"class_list":{"0":"post-26700","1":"post","2":"type-post","3":"status-publish","4":"format-standard","5":"has-post-thumbnail","7":"category-esztergom","8":"category-hirek","9":"category-tat","10":"tag-aramszunet","11":"tag-e-on","12":"tag-esztergom","13":"tag-pilisszentkereszt","14":"tag-tat"},"yoast_head":"<!-- This site is optimized with the Yoast SEO plugin v27.4 - https:\/\/yoast.com\/product\/yoast-seo-wordpress\/ -->\n<title>Tervezett \u00e1ramsz\u00fcnetek t\u00e9rs\u00e9g\u00fcnkben<\/title>\n<meta name=\"robots\" content=\"index, follow, max-snippet:-1, max-image-preview:large, max-video-preview:-1\" \/>\n<link rel=\"canonical\" href=\"https:\/\/dorogimedence.hu\/index.php\/2020\/08\/13\/tervezett-aramszunetek-tersegunkben-5\/\" class=\"yoast-seo-meta-tag\" \/>\n<meta property=\"og:locale\" content=\"hu_HU\" class=\"yoast-seo-meta-tag\" \/>\n<meta property=\"og:type\" content=\"article\" class=\"yoast-seo-meta-tag\" \/>\n<meta property=\"og:title\" content=\"Tervezett \u00e1ramsz\u00fcnetek t\u00e9rs\u00e9g\u00fcnkben\" class=\"yoast-seo-meta-tag\" \/>\n<meta property=\"og:description\" content=\"T\u00e9rs\u00e9g\u00fcnkben Esztergomban, T\u00e1ton \u00e9s Pilisszentkereszten sz\u00e1m\u00edthatunk tervezett \u00e1ramsz\u00fcnetekre augusztus m\u00e1sodik fel\u00e9ben. Az E.ON Hung\u00e1ria folyamatos korszer\u0171s\u00edt\u00e9st hajt v\u00e9gre h\u00e1l\u00f3zat\u00e1n. A tervszer\u0171 beavatkoz\u00e1sok biztons\u00e1gos elv\u00e9gz\u00e9se \u00e9rdek\u00e9ben elengedhetetlen a vezet\u00e9k id\u0151szakos fesz\u00fclts\u00e9gmentes\u00edt\u00e9se. Az al\u00e1bbi id\u0151pontokban sz\u00e1m\u00edthatunk \u00e1ramkimarad\u00e1sokra az adott telep\u00fcl\u00e9seken: Augusztus 17. h\u00e9tf\u0151: Esztergom (09.00-10.00 \u00e9s 13.00-14.00): Hegyalja \u00fat, Hunyadi J\u00e1nos utca, Ifj\u00fas\u00e1g utca, Kossuth Lajos utca,\" class=\"yoast-seo-meta-tag\" \/>\n<meta property=\"og:url\" content=\"https:\/\/dorogimedence.hu\/index.php\/2020\/08\/13\/tervezett-aramszunetek-tersegunkben-5\/\" class=\"yoast-seo-meta-tag\" \/>\n<meta property=\"og:site_name\" content=\"Dorogi-medence Region\u00e1lis H\u00edrport\u00e1l\" class=\"yoast-seo-meta-tag\" \/>\n<meta property=\"article:publisher\" content=\"https:\/\/www.facebook.com\/dorogimedence\/\" class=\"yoast-seo-meta-tag\" \/>\n<meta property=\"article:published_time\" content=\"2020-08-13T08:19:34+00:00\" class=\"yoast-seo-meta-tag\" \/>\n<meta property=\"article:modified_time\" content=\"2020-08-13T08:20:28+00:00\" class=\"yoast-seo-meta-tag\" \/>\n<meta property=\"og:image\" content=\"https:\/\/i0.wp.com\/dorogimedence.hu\/wp-content\/uploads\/2017\/07\/aramszunet-01.jpg?fit=670%2C365&ssl=1\" class=\"yoast-seo-meta-tag\" \/>\n\t<meta property=\"og:image:width\" content=\"670\" class=\"yoast-seo-meta-tag\" \/>\n\t<meta property=\"og:image:height\" content=\"365\" class=\"yoast-seo-meta-tag\" \/>\n\t<meta property=\"og:image:type\" content=\"image\/jpeg\" class=\"yoast-seo-meta-tag\" \/>\n<meta name=\"author\" content=\"dorogimedence.hu\" class=\"yoast-seo-meta-tag\" \/>\n<meta name=\"twitter:card\" content=\"summary_large_image\" class=\"yoast-seo-meta-tag\" \/>\n<meta name=\"twitter:label1\" content=\"Szerz\u0151:\" class=\"yoast-seo-meta-tag\" \/>\n\t<meta name=\"twitter:data1\" content=\"dorogimedence.hu\" class=\"yoast-seo-meta-tag\" \/>\n\t<meta name=\"twitter:label2\" content=\"Becs\u00fclt olvas\u00e1si id\u0151\" class=\"yoast-seo-meta-tag\" \/>\n\t<meta name=\"twitter:data2\" content=\"1 perc\" class=\"yoast-seo-meta-tag\" \/>\n<script type=\"application\/ld+json\" class=\"yoast-schema-graph\">{\"@context\":\"https:\\\/\\\/schema.org\",\"@graph\":[{\"@type\":\"Article\",\"@id\":\"https:\\\/\\\/dorogimedence.hu\\\/index.php\\\/2020\\\/08\\\/13\\\/tervezett-aramszunetek-tersegunkben-5\\\/#article\",\"isPartOf\":{\"@id\":\"https:\\\/\\\/dorogimedence.hu\\\/index.php\\\/2020\\\/08\\\/13\\\/tervezett-aramszunetek-tersegunkben-5\\\/\"},\"author\":{\"name\":\"dorogimedence.hu\",\"@id\":\"https:\\\/\\\/dorogimedence.hu\\\/#\\\/schema\\\/person\\\/ce6091eeb7e95ecdc87890d6aa8e0fd4\"},\"headline\":\"Tervezett \u00e1ramsz\u00fcnetek t\u00e9rs\u00e9g\u00fcnkben\",\"datePublished\":\"2020-08-13T08:19:34+00:00\",\"dateModified\":\"2020-08-13T08:20:28+00:00\",\"mainEntityOfPage\":{\"@id\":\"https:\\\/\\\/dorogimedence.hu\\\/index.php\\\/2020\\\/08\\\/13\\\/tervezett-aramszunetek-tersegunkben-5\\\/\"},\"wordCount\":224,\"publisher\":{\"@id\":\"https:\\\/\\\/dorogimedence.hu\\\/#organization\"},\"image\":{\"@id\":\"https:\\\/\\\/dorogimedence.hu\\\/index.php\\\/2020\\\/08\\\/13\\\/tervezett-aramszunetek-tersegunkben-5\\\/#primaryimage\"},\"thumbnailUrl\":\"https:\\\/\\\/dorogimedence.hu\\\/wp-content\\\/uploads\\\/2017\\\/07\\\/aramszunet-01.jpg\",\"keywords\":[\"\u00e1ramsz\u00fcnet\",\"e.on\",\"esztergom\",\"Pilisszentkereszt\",\"T\u00e1t\"],\"articleSection\":[\"Esztergom\",\"H\u00edrek\",\"T\u00e1t\"],\"inLanguage\":\"hu\"},{\"@type\":\"WebPage\",\"@id\":\"https:\\\/\\\/dorogimedence.hu\\\/index.php\\\/2020\\\/08\\\/13\\\/tervezett-aramszunetek-tersegunkben-5\\\/\",\"url\":\"https:\\\/\\\/dorogimedence.hu\\\/index.php\\\/2020\\\/08\\\/13\\\/tervezett-aramszunetek-tersegunkben-5\\\/\",\"name\":\"Tervezett \u00e1ramsz\u00fcnetek t\u00e9rs\u00e9g\u00fcnkben\",\"isPartOf\":{\"@id\":\"https:\\\/\\\/dorogimedence.hu\\\/#website\"},\"primaryImageOfPage\":{\"@id\":\"https:\\\/\\\/dorogimedence.hu\\\/index.php\\\/2020\\\/08\\\/13\\\/tervezett-aramszunetek-tersegunkben-5\\\/#primaryimage\"},\"image\":{\"@id\":\"https:\\\/\\\/dorogimedence.hu\\\/index.php\\\/2020\\\/08\\\/13\\\/tervezett-aramszunetek-tersegunkben-5\\\/#primaryimage\"},\"thumbnailUrl\":\"https:\\\/\\\/dorogimedence.hu\\\/wp-content\\\/uploads\\\/2017\\\/07\\\/aramszunet-01.jpg\",\"datePublished\":\"2020-08-13T08:19:34+00:00\",\"dateModified\":\"2020-08-13T08:20:28+00:00\",\"breadcrumb\":{\"@id\":\"https:\\\/\\\/dorogimedence.hu\\\/index.php\\\/2020\\\/08\\\/13\\\/tervezett-aramszunetek-tersegunkben-5\\\/#breadcrumb\"},\"inLanguage\":\"hu\",\"potentialAction\":[{\"@type\":\"ReadAction\",\"target\":[\"https:\\\/\\\/dorogimedence.hu\\\/index.php\\\/2020\\\/08\\\/13\\\/tervezett-aramszunetek-tersegunkben-5\\\/\"]}]},{\"@type\":\"ImageObject\",\"inLanguage\":\"hu\",\"@id\":\"https:\\\/\\\/dorogimedence.hu\\\/index.php\\\/2020\\\/08\\\/13\\\/tervezett-aramszunetek-tersegunkben-5\\\/#primaryimage\",\"url\":\"https:\\\/\\\/dorogimedence.hu\\\/wp-content\\\/uploads\\\/2017\\\/07\\\/aramszunet-01.jpg\",\"contentUrl\":\"https:\\\/\\\/dorogimedence.hu\\\/wp-content\\\/uploads\\\/2017\\\/07\\\/aramszunet-01.jpg\",\"width\":670,\"height\":365},{\"@type\":\"BreadcrumbList\",\"@id\":\"https:\\\/\\\/dorogimedence.hu\\\/index.php\\\/2020\\\/08\\\/13\\\/tervezett-aramszunetek-tersegunkben-5\\\/#breadcrumb\",\"itemListElement\":[{\"@type\":\"ListItem\",\"position\":1,\"name\":\"Kezd\u0151lap\",\"item\":\"https:\\\/\\\/dorogimedence.hu\\\/\"},{\"@type\":\"ListItem\",\"position\":2,\"name\":\"Tervezett \u00e1ramsz\u00fcnetek t\u00e9rs\u00e9g\u00fcnkben\"}]},{\"@type\":\"WebSite\",\"@id\":\"https:\\\/\\\/dorogimedence.hu\\\/#website\",\"url\":\"https:\\\/\\\/dorogimedence.hu\\\/\",\"name\":\"Dorogi-medence Region\u00e1lis H\u00edrport\u00e1l\",\"description\":\"Dorog, Keszt\u00f6lc, Le\u00e1nyv\u00e1r, Piliscs\u00e9v, Tokod, Tokodalt\u00e1r\u00f3, Csolnok, Esztergom-kertv\u00e1ros: h\u00edrek, programok\",\"publisher\":{\"@id\":\"https:\\\/\\\/dorogimedence.hu\\\/#organization\"},\"potentialAction\":[{\"@type\":\"SearchAction\",\"target\":{\"@type\":\"EntryPoint\",\"urlTemplate\":\"https:\\\/\\\/dorogimedence.hu\\\/?s={search_term_string}\"},\"query-input\":{\"@type\":\"PropertyValueSpecification\",\"valueRequired\":true,\"valueName\":\"search_term_string\"}}],\"inLanguage\":\"hu\"},{\"@type\":\"Organization\",\"@id\":\"https:\\\/\\\/dorogimedence.hu\\\/#organization\",\"name\":\"Dorogi-medence Region\u00e1lis H\u00edrport\u00e1l\",\"url\":\"https:\\\/\\\/dorogimedence.hu\\\/\",\"logo\":{\"@type\":\"ImageObject\",\"inLanguage\":\"hu\",\"@id\":\"https:\\\/\\\/dorogimedence.hu\\\/#\\\/schema\\\/logo\\\/image\\\/\",\"url\":\"https:\\\/\\\/dorogimedence.hu\\\/wp-content\\\/uploads\\\/2021\\\/04\\\/logo-feher-600.png\",\"contentUrl\":\"https:\\\/\\\/dorogimedence.hu\\\/wp-content\\\/uploads\\\/2021\\\/04\\\/logo-feher-600.png\",\"width\":600,\"height\":100,\"caption\":\"Dorogi-medence Region\u00e1lis H\u00edrport\u00e1l\"},\"image\":{\"@id\":\"https:\\\/\\\/dorogimedence.hu\\\/#\\\/schema\\\/logo\\\/image\\\/\"},\"sameAs\":[\"https:\\\/\\\/www.facebook.com\\\/dorogimedence\\\/\"]},{\"@type\":\"Person\",\"@id\":\"https:\\\/\\\/dorogimedence.hu\\\/#\\\/schema\\\/person\\\/ce6091eeb7e95ecdc87890d6aa8e0fd4\",\"name\":\"dorogimedence.hu\",\"image\":{\"@type\":\"ImageObject\",\"inLanguage\":\"hu\",\"@id\":\"\\\/\\\/www.gravatar.com\\\/avatar\\\/d8d45f8901aadff40a4af72c0b826f1d?s=96&#038;r=g&#038;d=mm\",\"url\":\"\\\/\\\/www.gravatar.com\\\/avatar\\\/d8d45f8901aadff40a4af72c0b826f1d?s=96&#038;r=g&#038;d=mm\",\"contentUrl\":\"\\\/\\\/www.gravatar.com\\\/avatar\\\/d8d45f8901aadff40a4af72c0b826f1d?s=96&#038;r=g&#038;d=mm\",\"caption\":\"dorogimedence.hu\"}}]}<\/script>\n<!-- \/ Yoast SEO plugin. -->","yoast_head_json":{"title":"Tervezett \u00e1ramsz\u00fcnetek t\u00e9rs\u00e9g\u00fcnkben","robots":{"index":"index","follow":"follow","max-snippet":"max-snippet:-1","max-image-preview":"max-image-preview:large","max-video-preview":"max-video-preview:-1"},"canonical":"https:\/\/dorogimedence.hu\/index.php\/2020\/08\/13\/tervezett-aramszunetek-tersegunkben-5\/","og_locale":"hu_HU","og_type":"article","og_title":"Tervezett \u00e1ramsz\u00fcnetek t\u00e9rs\u00e9g\u00fcnkben","og_description":"T\u00e9rs\u00e9g\u00fcnkben Esztergomban, T\u00e1ton \u00e9s Pilisszentkereszten sz\u00e1m\u00edthatunk tervezett \u00e1ramsz\u00fcnetekre augusztus m\u00e1sodik fel\u00e9ben. Az E.ON Hung\u00e1ria folyamatos korszer\u0171s\u00edt\u00e9st hajt v\u00e9gre h\u00e1l\u00f3zat\u00e1n. A tervszer\u0171 beavatkoz\u00e1sok biztons\u00e1gos elv\u00e9gz\u00e9se \u00e9rdek\u00e9ben elengedhetetlen a vezet\u00e9k id\u0151szakos fesz\u00fclts\u00e9gmentes\u00edt\u00e9se. Az al\u00e1bbi id\u0151pontokban sz\u00e1m\u00edthatunk \u00e1ramkimarad\u00e1sokra az adott telep\u00fcl\u00e9seken: Augusztus 17. h\u00e9tf\u0151: Esztergom (09.00-10.00 \u00e9s 13.00-14.00): Hegyalja \u00fat, Hunyadi J\u00e1nos utca, Ifj\u00fas\u00e1g utca, Kossuth Lajos utca,","og_url":"https:\/\/dorogimedence.hu\/index.php\/2020\/08\/13\/tervezett-aramszunetek-tersegunkben-5\/","og_site_name":"Dorogi-medence Region\u00e1lis H\u00edrport\u00e1l","article_publisher":"https:\/\/www.facebook.com\/dorogimedence\/","article_published_time":"2020-08-13T08:19:34+00:00","article_modified_time":"2020-08-13T08:20:28+00:00","og_image":[{"width":670,"height":365,"url":"https:\/\/i0.wp.com\/dorogimedence.hu\/wp-content\/uploads\/2017\/07\/aramszunet-01.jpg?fit=670%2C365&ssl=1","type":"image\/jpeg"}],"author":"dorogimedence.hu","twitter_card":"summary_large_image","twitter_misc":{"Szerz\u0151:":"dorogimedence.hu","Becs\u00fclt olvas\u00e1si id\u0151":"1 perc"},"schema":{"@context":"https:\/\/schema.org","@graph":[{"@type":"Article","@id":"https:\/\/dorogimedence.hu\/index.php\/2020\/08\/13\/tervezett-aramszunetek-tersegunkben-5\/#article","isPartOf":{"@id":"https:\/\/dorogimedence.hu\/index.php\/2020\/08\/13\/tervezett-aramszunetek-tersegunkben-5\/"},"author":{"name":"dorogimedence.hu","@id":"https:\/\/dorogimedence.hu\/#\/schema\/person\/ce6091eeb7e95ecdc87890d6aa8e0fd4"},"headline":"Tervezett \u00e1ramsz\u00fcnetek t\u00e9rs\u00e9g\u00fcnkben","datePublished":"2020-08-13T08:19:34+00:00","dateModified":"2020-08-13T08:20:28+00:00","mainEntityOfPage":{"@id":"https:\/\/dorogimedence.hu\/index.php\/2020\/08\/13\/tervezett-aramszunetek-tersegunkben-5\/"},"wordCount":224,"publisher":{"@id":"https:\/\/dorogimedence.hu\/#organization"},"image":{"@id":"https:\/\/dorogimedence.hu\/index.php\/2020\/08\/13\/tervezett-aramszunetek-tersegunkben-5\/#primaryimage"},"thumbnailUrl":"https:\/\/dorogimedence.hu\/wp-content\/uploads\/2017\/07\/aramszunet-01.jpg","keywords":["\u00e1ramsz\u00fcnet","e.on","esztergom","Pilisszentkereszt","T\u00e1t"],"articleSection":["Esztergom","H\u00edrek","T\u00e1t"],"inLanguage":"hu"},{"@type":"WebPage","@id":"https:\/\/dorogimedence.hu\/index.php\/2020\/08\/13\/tervezett-aramszunetek-tersegunkben-5\/","url":"https:\/\/dorogimedence.hu\/index.php\/2020\/08\/13\/tervezett-aramszunetek-tersegunkben-5\/","name":"Tervezett \u00e1ramsz\u00fcnetek t\u00e9rs\u00e9g\u00fcnkben","isPartOf":{"@id":"https:\/\/dorogimedence.hu\/#website"},"primaryImageOfPage":{"@id":"https:\/\/dorogimedence.hu\/index.php\/2020\/08\/13\/tervezett-aramszunetek-tersegunkben-5\/#primaryimage"},"image":{"@id":"https:\/\/dorogimedence.hu\/index.php\/2020\/08\/13\/tervezett-aramszunetek-tersegunkben-5\/#primaryimage"},"thumbnailUrl":"https:\/\/dorogimedence.hu\/wp-content\/uploads\/2017\/07\/aramszunet-01.jpg","datePublished":"2020-08-13T08:19:34+00:00","dateModified":"2020-08-13T08:20:28+00:00","breadcrumb":{"@id":"https:\/\/dorogimedence.hu\/index.php\/2020\/08\/13\/tervezett-aramszunetek-tersegunkben-5\/#breadcrumb"},"inLanguage":"hu","potentialAction":[{"@type":"ReadAction","target":["https:\/\/dorogimedence.hu\/index.php\/2020\/08\/13\/tervezett-aramszunetek-tersegunkben-5\/"]}]},{"@type":"ImageObject","inLanguage":"hu","@id":"https:\/\/dorogimedence.hu\/index.php\/2020\/08\/13\/tervezett-aramszunetek-tersegunkben-5\/#primaryimage","url":"https:\/\/dorogimedence.hu\/wp-content\/uploads\/2017\/07\/aramszunet-01.jpg","contentUrl":"https:\/\/dorogimedence.hu\/wp-content\/uploads\/2017\/07\/aramszunet-01.jpg","width":670,"height":365},{"@type":"BreadcrumbList","@id":"https:\/\/dorogimedence.hu\/index.php\/2020\/08\/13\/tervezett-aramszunetek-tersegunkben-5\/#breadcrumb","itemListElement":[{"@type":"ListItem","position":1,"name":"Kezd\u0151lap","item":"https:\/\/dorogimedence.hu\/"},{"@type":"ListItem","position":2,"name":"Tervezett \u00e1ramsz\u00fcnetek t\u00e9rs\u00e9g\u00fcnkben"}]},{"@type":"WebSite","@id":"https:\/\/dorogimedence.hu\/#website","url":"https:\/\/dorogimedence.hu\/","name":"Dorogi-medence Region\u00e1lis H\u00edrport\u00e1l","description":"Dorog, Keszt\u00f6lc, Le\u00e1nyv\u00e1r, Piliscs\u00e9v, Tokod, Tokodalt\u00e1r\u00f3, Csolnok, Esztergom-kertv\u00e1ros: h\u00edrek, programok","publisher":{"@id":"https:\/\/dorogimedence.hu\/#organization"},"potentialAction":[{"@type":"SearchAction","target":{"@type":"EntryPoint","urlTemplate":"https:\/\/dorogimedence.hu\/?s={search_term_string}"},"query-input":{"@type":"PropertyValueSpecification","valueRequired":true,"valueName":"search_term_string"}}],"inLanguage":"hu"},{"@type":"Organization","@id":"https:\/\/dorogimedence.hu\/#organization","name":"Dorogi-medence Region\u00e1lis H\u00edrport\u00e1l","url":"https:\/\/dorogimedence.hu\/","logo":{"@type":"ImageObject","inLanguage":"hu","@id":"https:\/\/dorogimedence.hu\/#\/schema\/logo\/image\/","url":"https:\/\/dorogimedence.hu\/wp-content\/uploads\/2021\/04\/logo-feher-600.png","contentUrl":"https:\/\/dorogimedence.hu\/wp-content\/uploads\/2021\/04\/logo-feher-600.png","width":600,"height":100,"caption":"Dorogi-medence Region\u00e1lis H\u00edrport\u00e1l"},"image":{"@id":"https:\/\/dorogimedence.hu\/#\/schema\/logo\/image\/"},"sameAs":["https:\/\/www.facebook.com\/dorogimedence\/"]},{"@type":"Person","@id":"https:\/\/dorogimedence.hu\/#\/schema\/person\/ce6091eeb7e95ecdc87890d6aa8e0fd4","name":"dorogimedence.hu","image":{"@type":"ImageObject","inLanguage":"hu","@id":"\/\/www.gravatar.com\/avatar\/d8d45f8901aadff40a4af72c0b826f1d?s=96&#038;r=g&#038;d=mm","url":"\/\/www.gravatar.com\/avatar\/d8d45f8901aadff40a4af72c0b826f1d?s=96&#038;r=g&#038;d=mm","contentUrl":"\/\/www.gravatar.com\/avatar\/d8d45f8901aadff40a4af72c0b826f1d?s=96&#038;r=g&#038;d=mm","caption":"dorogimedence.hu"}}]}},"_links":{"self":[{"href":"https:\/\/dorogimedence.hu\/index.php\/wp-json\/wp\/v2\/posts\/26700","targetHints":{"allow":["GET"]}}],"collection":[{"href":"https:\/\/dorogimedence.hu\/index.php\/wp-json\/wp\/v2\/posts"}],"about":[{"href":"https:\/\/dorogimedence.hu\/index.php\/wp-json\/wp\/v2\/types\/post"}],"author":[{"embeddable":true,"href":"https:\/\/dorogimedence.hu\/index.php\/wp-json\/wp\/v2\/users\/1"}],"replies":[{"embeddable":true,"href":"https:\/\/dorogimedence.hu\/index.php\/wp-json\/wp\/v2\/comments?post=26700"}],"version-history":[{"count":0,"href":"https:\/\/dorogimedence.hu\/index.php\/wp-json\/wp\/v2\/posts\/26700\/revisions"}],"wp:featuredmedia":[{"embeddable":true,"href":"https:\/\/dorogimedence.hu\/index.php\/wp-json\/wp\/v2\/media\/4668"}],"wp:attachment":[{"href":"https:\/\/dorogimedence.hu\/index.php\/wp-json\/wp\/v2\/media?parent=26700"}],"wp:term":[{"taxonomy":"category","embeddable":true,"href":"https:\/\/dorogimedence.hu\/index.php\/wp-json\/wp\/v2\/categories?post=26700"},{"taxonomy":"post_tag","embeddable":true,"href":"https:\/\/dorogimedence.hu\/index.php\/wp-json\/wp\/v2\/tags?post=26700"}],"curies":[{"name":"wp","href":"https:\/\/api.w.org\/{rel}","templated":true}]}}