{"id":26546,"date":"2020-08-05T09:43:29","date_gmt":"2020-08-05T07:43:29","guid":{"rendered":"http:\/\/dorogimedence.hu\/?p=26546"},"modified":"2020-08-05T09:44:10","modified_gmt":"2020-08-05T07:44:10","slug":"uj-utburkolatot-kap-a-kalvin-koz","status":"publish","type":"post","link":"https:\/\/dorogimedence.hu\/index.php\/2020\/08\/05\/uj-utburkolatot-kap-a-kalvin-koz\/","title":{"rendered":"\u00daj \u00fatburkolatot kap a K\u00e1lvin k\u00f6z"},"content":{"rendered":"<p><strong>Tavaly k\u00e9sz\u00fclt el a dorogi reform\u00e1tus templom melletti K\u00e1lvin k\u00f6z j\u00e1rdaszakasza \u00e9s parkol\u00f3ja, most pedig az utat burkolj\u00e1k le.<\/strong><\/p>\n<p>Az \u00f6nkorm\u00e1nyzati projekt keret\u00e9ben a j\u00e1rda mellett t\u00e9rk\u0151burkolatos parkol\u00f3helyeket is kialak\u00edtottak, mindemellett rendezt\u00e9k a gy\u00fclekezeti h\u00e1z k\u00f6rnyezet\u00e9t is. Most az \u00fatszakaszt burkolj\u00e1k le t\u00e9rk\u0151vel a szakemberek.<\/p>\n<p>Egy\u00e9bk\u00e9nt itt 2018-ban avatt\u00e1k fel a M\u00e1t\u00e9 Edina esztergomi \u00e9p\u00edt\u00e9sz \u00e1ltal tervezett Dorogvid\u00e9ki Reform\u00e1tus Egyh\u00e1zk\u00f6zs\u00e9g gy\u00fclekezeti h\u00e1z\u00e1t. Az ingatlan \u2013 amellyel tervez\u0151je k\u00e9s\u0151bb \u201c\u00c9v H\u00e1za\u201d d\u00edjat is nyert \u2013 az Emberi Er\u0151forr\u00e1sok Miniszt\u00e9rium\u00e1nak, az \u00f6nkorm\u00e1nyzatnak, adom\u00e1nyoknak \u00e9s egyh\u00e1zi t\u00e1mogat\u00e1snak k\u00f6sz\u00f6nhet\u0151en \u00e9p\u00fclhetett meg. Az \u00e1tad\u00f3 \u00fcnneps\u00e9gen nevet is kapott az addig n\u00e9vtelen ter\u00fclet, melyet K\u00e1lvin k\u00f6zre kereszteltek.<\/p>\n","protected":false},"excerpt":{"rendered":"<p>Tavaly k\u00e9sz\u00fclt el a dorogi reform\u00e1tus templom melletti K\u00e1lvin k\u00f6z j\u00e1rdaszakasza \u00e9s parkol\u00f3ja, most pedig az utat burkolj\u00e1k le. Az \u00f6nkorm\u00e1nyzati projekt keret\u00e9ben a j\u00e1rda mellett t\u00e9rk\u0151burkolatos parkol\u00f3helyeket is kialak\u00edtottak, mindemellett rendezt\u00e9k a gy\u00fclekezeti h\u00e1z k\u00f6rnyezet\u00e9t is. Most az \u00fatszakaszt burkolj\u00e1k le t\u00e9rk\u0151vel a szakemberek. Egy\u00e9bk\u00e9nt itt 2018-ban avatt\u00e1k fel a M\u00e1t\u00e9 Edina esztergomi \u00e9p\u00edt\u00e9sz<\/p>\n","protected":false},"author":1,"featured_media":26547,"comment_status":"closed","ping_status":"closed","sticky":false,"template":"","format":"standard","meta":{"ngg_post_thumbnail":0,"footnotes":""},"categories":[2,3],"tags":[15,464,3961,697],"class_list":{"0":"post-26546","1":"post","2":"type-post","3":"status-publish","4":"format-standard","5":"has-post-thumbnail","7":"category-dorog","8":"category-hirek","9":"tag-dorog","10":"tag-felujitas","11":"tag-kalvin-koz","12":"tag-utfelujitas"},"yoast_head":"<!-- This site is optimized with the Yoast SEO plugin v27.5 - https:\/\/yoast.com\/product\/yoast-seo-wordpress\/ -->\n<title>\u00daj \u00fatburkolatot kap a K\u00e1lvin k\u00f6z<\/title>\n<meta name=\"robots\" content=\"index, follow, max-snippet:-1, max-image-preview:large, max-video-preview:-1\" \/>\n<link rel=\"canonical\" href=\"https:\/\/dorogimedence.hu\/index.php\/2020\/08\/05\/uj-utburkolatot-kap-a-kalvin-koz\/\" class=\"yoast-seo-meta-tag\" \/>\n<meta property=\"og:locale\" content=\"hu_HU\" class=\"yoast-seo-meta-tag\" \/>\n<meta property=\"og:type\" content=\"article\" class=\"yoast-seo-meta-tag\" \/>\n<meta property=\"og:title\" content=\"\u00daj \u00fatburkolatot kap a K\u00e1lvin k\u00f6z\" class=\"yoast-seo-meta-tag\" \/>\n<meta property=\"og:description\" content=\"Tavaly k\u00e9sz\u00fclt el a dorogi reform\u00e1tus templom melletti K\u00e1lvin k\u00f6z j\u00e1rdaszakasza \u00e9s parkol\u00f3ja, most pedig az utat burkolj\u00e1k le. Az \u00f6nkorm\u00e1nyzati projekt keret\u00e9ben a j\u00e1rda mellett t\u00e9rk\u0151burkolatos parkol\u00f3helyeket is kialak\u00edtottak, mindemellett rendezt\u00e9k a gy\u00fclekezeti h\u00e1z k\u00f6rnyezet\u00e9t is. Most az \u00fatszakaszt burkolj\u00e1k le t\u00e9rk\u0151vel a szakemberek. Egy\u00e9bk\u00e9nt itt 2018-ban avatt\u00e1k fel a M\u00e1t\u00e9 Edina esztergomi \u00e9p\u00edt\u00e9sz\" class=\"yoast-seo-meta-tag\" \/>\n<meta property=\"og:url\" content=\"https:\/\/dorogimedence.hu\/index.php\/2020\/08\/05\/uj-utburkolatot-kap-a-kalvin-koz\/\" class=\"yoast-seo-meta-tag\" \/>\n<meta property=\"og:site_name\" content=\"Dorogi-medence Region\u00e1lis H\u00edrport\u00e1l\" class=\"yoast-seo-meta-tag\" \/>\n<meta property=\"article:publisher\" content=\"https:\/\/www.facebook.com\/dorogimedence\/\" class=\"yoast-seo-meta-tag\" \/>\n<meta property=\"article:published_time\" content=\"2020-08-05T07:43:29+00:00\" class=\"yoast-seo-meta-tag\" \/>\n<meta property=\"article:modified_time\" content=\"2020-08-05T07:44:10+00:00\" class=\"yoast-seo-meta-tag\" \/>\n<meta property=\"og:image\" content=\"https:\/\/i0.wp.com\/dorogimedence.hu\/wp-content\/uploads\/2020\/08\/kalvin-koz.jpg?fit=830%2C450&ssl=1\" class=\"yoast-seo-meta-tag\" \/>\n\t<meta property=\"og:image:width\" content=\"830\" class=\"yoast-seo-meta-tag\" \/>\n\t<meta property=\"og:image:height\" content=\"450\" class=\"yoast-seo-meta-tag\" \/>\n\t<meta property=\"og:image:type\" content=\"image\/jpeg\" class=\"yoast-seo-meta-tag\" \/>\n<meta name=\"author\" content=\"dorogimedence.hu\" class=\"yoast-seo-meta-tag\" \/>\n<meta name=\"twitter:card\" content=\"summary_large_image\" class=\"yoast-seo-meta-tag\" \/>\n<meta name=\"twitter:label1\" content=\"Szerz\u0151:\" class=\"yoast-seo-meta-tag\" \/>\n\t<meta name=\"twitter:data1\" content=\"dorogimedence.hu\" class=\"yoast-seo-meta-tag\" \/>\n\t<meta name=\"twitter:label2\" content=\"Becs\u00fclt olvas\u00e1si id\u0151\" class=\"yoast-seo-meta-tag\" \/>\n\t<meta name=\"twitter:data2\" content=\"1 perc\" class=\"yoast-seo-meta-tag\" \/>\n<script type=\"application\/ld+json\" class=\"yoast-schema-graph\">{\"@context\":\"https:\\\/\\\/schema.org\",\"@graph\":[{\"@type\":\"Article\",\"@id\":\"https:\\\/\\\/dorogimedence.hu\\\/index.php\\\/2020\\\/08\\\/05\\\/uj-utburkolatot-kap-a-kalvin-koz\\\/#article\",\"isPartOf\":{\"@id\":\"https:\\\/\\\/dorogimedence.hu\\\/index.php\\\/2020\\\/08\\\/05\\\/uj-utburkolatot-kap-a-kalvin-koz\\\/\"},\"author\":{\"name\":\"dorogimedence.hu\",\"@id\":\"https:\\\/\\\/dorogimedence.hu\\\/#\\\/schema\\\/person\\\/ce6091eeb7e95ecdc87890d6aa8e0fd4\"},\"headline\":\"\u00daj \u00fatburkolatot kap a K\u00e1lvin k\u00f6z\",\"datePublished\":\"2020-08-05T07:43:29+00:00\",\"dateModified\":\"2020-08-05T07:44:10+00:00\",\"mainEntityOfPage\":{\"@id\":\"https:\\\/\\\/dorogimedence.hu\\\/index.php\\\/2020\\\/08\\\/05\\\/uj-utburkolatot-kap-a-kalvin-koz\\\/\"},\"wordCount\":167,\"publisher\":{\"@id\":\"https:\\\/\\\/dorogimedence.hu\\\/#organization\"},\"image\":{\"@id\":\"https:\\\/\\\/dorogimedence.hu\\\/index.php\\\/2020\\\/08\\\/05\\\/uj-utburkolatot-kap-a-kalvin-koz\\\/#primaryimage\"},\"thumbnailUrl\":\"https:\\\/\\\/dorogimedence.hu\\\/wp-content\\\/uploads\\\/2020\\\/08\\\/kalvin-koz.jpg\",\"keywords\":[\"Dorog\",\"fel\u00faj\u00edt\u00e1s\",\"K\u00e1lvin k\u00f6z\",\"\u00fatfel\u00faj\u00edt\u00e1s\"],\"articleSection\":[\"Dorog\",\"H\u00edrek\"],\"inLanguage\":\"hu\"},{\"@type\":\"WebPage\",\"@id\":\"https:\\\/\\\/dorogimedence.hu\\\/index.php\\\/2020\\\/08\\\/05\\\/uj-utburkolatot-kap-a-kalvin-koz\\\/\",\"url\":\"https:\\\/\\\/dorogimedence.hu\\\/index.php\\\/2020\\\/08\\\/05\\\/uj-utburkolatot-kap-a-kalvin-koz\\\/\",\"name\":\"\u00daj \u00fatburkolatot kap a K\u00e1lvin k\u00f6z\",\"isPartOf\":{\"@id\":\"https:\\\/\\\/dorogimedence.hu\\\/#website\"},\"primaryImageOfPage\":{\"@id\":\"https:\\\/\\\/dorogimedence.hu\\\/index.php\\\/2020\\\/08\\\/05\\\/uj-utburkolatot-kap-a-kalvin-koz\\\/#primaryimage\"},\"image\":{\"@id\":\"https:\\\/\\\/dorogimedence.hu\\\/index.php\\\/2020\\\/08\\\/05\\\/uj-utburkolatot-kap-a-kalvin-koz\\\/#primaryimage\"},\"thumbnailUrl\":\"https:\\\/\\\/dorogimedence.hu\\\/wp-content\\\/uploads\\\/2020\\\/08\\\/kalvin-koz.jpg\",\"datePublished\":\"2020-08-05T07:43:29+00:00\",\"dateModified\":\"2020-08-05T07:44:10+00:00\",\"breadcrumb\":{\"@id\":\"https:\\\/\\\/dorogimedence.hu\\\/index.php\\\/2020\\\/08\\\/05\\\/uj-utburkolatot-kap-a-kalvin-koz\\\/#breadcrumb\"},\"inLanguage\":\"hu\",\"potentialAction\":[{\"@type\":\"ReadAction\",\"target\":[\"https:\\\/\\\/dorogimedence.hu\\\/index.php\\\/2020\\\/08\\\/05\\\/uj-utburkolatot-kap-a-kalvin-koz\\\/\"]}]},{\"@type\":\"ImageObject\",\"inLanguage\":\"hu\",\"@id\":\"https:\\\/\\\/dorogimedence.hu\\\/index.php\\\/2020\\\/08\\\/05\\\/uj-utburkolatot-kap-a-kalvin-koz\\\/#primaryimage\",\"url\":\"https:\\\/\\\/dorogimedence.hu\\\/wp-content\\\/uploads\\\/2020\\\/08\\\/kalvin-koz.jpg\",\"contentUrl\":\"https:\\\/\\\/dorogimedence.hu\\\/wp-content\\\/uploads\\\/2020\\\/08\\\/kalvin-koz.jpg\",\"width\":830,\"height\":450},{\"@type\":\"BreadcrumbList\",\"@id\":\"https:\\\/\\\/dorogimedence.hu\\\/index.php\\\/2020\\\/08\\\/05\\\/uj-utburkolatot-kap-a-kalvin-koz\\\/#breadcrumb\",\"itemListElement\":[{\"@type\":\"ListItem\",\"position\":1,\"name\":\"Kezd\u0151lap\",\"item\":\"https:\\\/\\\/dorogimedence.hu\\\/\"},{\"@type\":\"ListItem\",\"position\":2,\"name\":\"\u00daj \u00fatburkolatot kap a K\u00e1lvin k\u00f6z\"}]},{\"@type\":\"WebSite\",\"@id\":\"https:\\\/\\\/dorogimedence.hu\\\/#website\",\"url\":\"https:\\\/\\\/dorogimedence.hu\\\/\",\"name\":\"Dorogi-medence Region\u00e1lis H\u00edrport\u00e1l\",\"description\":\"Dorog, Keszt\u00f6lc, Le\u00e1nyv\u00e1r, Piliscs\u00e9v, Tokod, Tokodalt\u00e1r\u00f3, Csolnok, Esztergom-kertv\u00e1ros: h\u00edrek, programok\",\"publisher\":{\"@id\":\"https:\\\/\\\/dorogimedence.hu\\\/#organization\"},\"potentialAction\":[{\"@type\":\"SearchAction\",\"target\":{\"@type\":\"EntryPoint\",\"urlTemplate\":\"https:\\\/\\\/dorogimedence.hu\\\/?s={search_term_string}\"},\"query-input\":{\"@type\":\"PropertyValueSpecification\",\"valueRequired\":true,\"valueName\":\"search_term_string\"}}],\"inLanguage\":\"hu\"},{\"@type\":\"Organization\",\"@id\":\"https:\\\/\\\/dorogimedence.hu\\\/#organization\",\"name\":\"Dorogi-medence Region\u00e1lis H\u00edrport\u00e1l\",\"url\":\"https:\\\/\\\/dorogimedence.hu\\\/\",\"logo\":{\"@type\":\"ImageObject\",\"inLanguage\":\"hu\",\"@id\":\"https:\\\/\\\/dorogimedence.hu\\\/#\\\/schema\\\/logo\\\/image\\\/\",\"url\":\"https:\\\/\\\/dorogimedence.hu\\\/wp-content\\\/uploads\\\/2021\\\/04\\\/logo-feher-600.png\",\"contentUrl\":\"https:\\\/\\\/dorogimedence.hu\\\/wp-content\\\/uploads\\\/2021\\\/04\\\/logo-feher-600.png\",\"width\":600,\"height\":100,\"caption\":\"Dorogi-medence Region\u00e1lis H\u00edrport\u00e1l\"},\"image\":{\"@id\":\"https:\\\/\\\/dorogimedence.hu\\\/#\\\/schema\\\/logo\\\/image\\\/\"},\"sameAs\":[\"https:\\\/\\\/www.facebook.com\\\/dorogimedence\\\/\"]},{\"@type\":\"Person\",\"@id\":\"https:\\\/\\\/dorogimedence.hu\\\/#\\\/schema\\\/person\\\/ce6091eeb7e95ecdc87890d6aa8e0fd4\",\"name\":\"dorogimedence.hu\",\"image\":{\"@type\":\"ImageObject\",\"inLanguage\":\"hu\",\"@id\":\"\\\/\\\/www.gravatar.com\\\/avatar\\\/d8d45f8901aadff40a4af72c0b826f1d?s=96&#038;r=g&#038;d=mm\",\"url\":\"\\\/\\\/www.gravatar.com\\\/avatar\\\/d8d45f8901aadff40a4af72c0b826f1d?s=96&#038;r=g&#038;d=mm\",\"contentUrl\":\"\\\/\\\/www.gravatar.com\\\/avatar\\\/d8d45f8901aadff40a4af72c0b826f1d?s=96&#038;r=g&#038;d=mm\",\"caption\":\"dorogimedence.hu\"}}]}<\/script>\n<!-- \/ Yoast SEO plugin. -->","yoast_head_json":{"title":"\u00daj \u00fatburkolatot kap a K\u00e1lvin k\u00f6z","robots":{"index":"index","follow":"follow","max-snippet":"max-snippet:-1","max-image-preview":"max-image-preview:large","max-video-preview":"max-video-preview:-1"},"canonical":"https:\/\/dorogimedence.hu\/index.php\/2020\/08\/05\/uj-utburkolatot-kap-a-kalvin-koz\/","og_locale":"hu_HU","og_type":"article","og_title":"\u00daj \u00fatburkolatot kap a K\u00e1lvin k\u00f6z","og_description":"Tavaly k\u00e9sz\u00fclt el a dorogi reform\u00e1tus templom melletti K\u00e1lvin k\u00f6z j\u00e1rdaszakasza \u00e9s parkol\u00f3ja, most pedig az utat burkolj\u00e1k le. Az \u00f6nkorm\u00e1nyzati projekt keret\u00e9ben a j\u00e1rda mellett t\u00e9rk\u0151burkolatos parkol\u00f3helyeket is kialak\u00edtottak, mindemellett rendezt\u00e9k a gy\u00fclekezeti h\u00e1z k\u00f6rnyezet\u00e9t is. Most az \u00fatszakaszt burkolj\u00e1k le t\u00e9rk\u0151vel a szakemberek. Egy\u00e9bk\u00e9nt itt 2018-ban avatt\u00e1k fel a M\u00e1t\u00e9 Edina esztergomi \u00e9p\u00edt\u00e9sz","og_url":"https:\/\/dorogimedence.hu\/index.php\/2020\/08\/05\/uj-utburkolatot-kap-a-kalvin-koz\/","og_site_name":"Dorogi-medence Region\u00e1lis H\u00edrport\u00e1l","article_publisher":"https:\/\/www.facebook.com\/dorogimedence\/","article_published_time":"2020-08-05T07:43:29+00:00","article_modified_time":"2020-08-05T07:44:10+00:00","og_image":[{"width":830,"height":450,"url":"https:\/\/i0.wp.com\/dorogimedence.hu\/wp-content\/uploads\/2020\/08\/kalvin-koz.jpg?fit=830%2C450&ssl=1","type":"image\/jpeg"}],"author":"dorogimedence.hu","twitter_card":"summary_large_image","twitter_misc":{"Szerz\u0151:":"dorogimedence.hu","Becs\u00fclt olvas\u00e1si id\u0151":"1 perc"},"schema":{"@context":"https:\/\/schema.org","@graph":[{"@type":"Article","@id":"https:\/\/dorogimedence.hu\/index.php\/2020\/08\/05\/uj-utburkolatot-kap-a-kalvin-koz\/#article","isPartOf":{"@id":"https:\/\/dorogimedence.hu\/index.php\/2020\/08\/05\/uj-utburkolatot-kap-a-kalvin-koz\/"},"author":{"name":"dorogimedence.hu","@id":"https:\/\/dorogimedence.hu\/#\/schema\/person\/ce6091eeb7e95ecdc87890d6aa8e0fd4"},"headline":"\u00daj \u00fatburkolatot kap a K\u00e1lvin k\u00f6z","datePublished":"2020-08-05T07:43:29+00:00","dateModified":"2020-08-05T07:44:10+00:00","mainEntityOfPage":{"@id":"https:\/\/dorogimedence.hu\/index.php\/2020\/08\/05\/uj-utburkolatot-kap-a-kalvin-koz\/"},"wordCount":167,"publisher":{"@id":"https:\/\/dorogimedence.hu\/#organization"},"image":{"@id":"https:\/\/dorogimedence.hu\/index.php\/2020\/08\/05\/uj-utburkolatot-kap-a-kalvin-koz\/#primaryimage"},"thumbnailUrl":"https:\/\/dorogimedence.hu\/wp-content\/uploads\/2020\/08\/kalvin-koz.jpg","keywords":["Dorog","fel\u00faj\u00edt\u00e1s","K\u00e1lvin k\u00f6z","\u00fatfel\u00faj\u00edt\u00e1s"],"articleSection":["Dorog","H\u00edrek"],"inLanguage":"hu"},{"@type":"WebPage","@id":"https:\/\/dorogimedence.hu\/index.php\/2020\/08\/05\/uj-utburkolatot-kap-a-kalvin-koz\/","url":"https:\/\/dorogimedence.hu\/index.php\/2020\/08\/05\/uj-utburkolatot-kap-a-kalvin-koz\/","name":"\u00daj \u00fatburkolatot kap a K\u00e1lvin k\u00f6z","isPartOf":{"@id":"https:\/\/dorogimedence.hu\/#website"},"primaryImageOfPage":{"@id":"https:\/\/dorogimedence.hu\/index.php\/2020\/08\/05\/uj-utburkolatot-kap-a-kalvin-koz\/#primaryimage"},"image":{"@id":"https:\/\/dorogimedence.hu\/index.php\/2020\/08\/05\/uj-utburkolatot-kap-a-kalvin-koz\/#primaryimage"},"thumbnailUrl":"https:\/\/dorogimedence.hu\/wp-content\/uploads\/2020\/08\/kalvin-koz.jpg","datePublished":"2020-08-05T07:43:29+00:00","dateModified":"2020-08-05T07:44:10+00:00","breadcrumb":{"@id":"https:\/\/dorogimedence.hu\/index.php\/2020\/08\/05\/uj-utburkolatot-kap-a-kalvin-koz\/#breadcrumb"},"inLanguage":"hu","potentialAction":[{"@type":"ReadAction","target":["https:\/\/dorogimedence.hu\/index.php\/2020\/08\/05\/uj-utburkolatot-kap-a-kalvin-koz\/"]}]},{"@type":"ImageObject","inLanguage":"hu","@id":"https:\/\/dorogimedence.hu\/index.php\/2020\/08\/05\/uj-utburkolatot-kap-a-kalvin-koz\/#primaryimage","url":"https:\/\/dorogimedence.hu\/wp-content\/uploads\/2020\/08\/kalvin-koz.jpg","contentUrl":"https:\/\/dorogimedence.hu\/wp-content\/uploads\/2020\/08\/kalvin-koz.jpg","width":830,"height":450},{"@type":"BreadcrumbList","@id":"https:\/\/dorogimedence.hu\/index.php\/2020\/08\/05\/uj-utburkolatot-kap-a-kalvin-koz\/#breadcrumb","itemListElement":[{"@type":"ListItem","position":1,"name":"Kezd\u0151lap","item":"https:\/\/dorogimedence.hu\/"},{"@type":"ListItem","position":2,"name":"\u00daj \u00fatburkolatot kap a K\u00e1lvin k\u00f6z"}]},{"@type":"WebSite","@id":"https:\/\/dorogimedence.hu\/#website","url":"https:\/\/dorogimedence.hu\/","name":"Dorogi-medence Region\u00e1lis H\u00edrport\u00e1l","description":"Dorog, Keszt\u00f6lc, Le\u00e1nyv\u00e1r, Piliscs\u00e9v, Tokod, Tokodalt\u00e1r\u00f3, Csolnok, Esztergom-kertv\u00e1ros: h\u00edrek, programok","publisher":{"@id":"https:\/\/dorogimedence.hu\/#organization"},"potentialAction":[{"@type":"SearchAction","target":{"@type":"EntryPoint","urlTemplate":"https:\/\/dorogimedence.hu\/?s={search_term_string}"},"query-input":{"@type":"PropertyValueSpecification","valueRequired":true,"valueName":"search_term_string"}}],"inLanguage":"hu"},{"@type":"Organization","@id":"https:\/\/dorogimedence.hu\/#organization","name":"Dorogi-medence Region\u00e1lis H\u00edrport\u00e1l","url":"https:\/\/dorogimedence.hu\/","logo":{"@type":"ImageObject","inLanguage":"hu","@id":"https:\/\/dorogimedence.hu\/#\/schema\/logo\/image\/","url":"https:\/\/dorogimedence.hu\/wp-content\/uploads\/2021\/04\/logo-feher-600.png","contentUrl":"https:\/\/dorogimedence.hu\/wp-content\/uploads\/2021\/04\/logo-feher-600.png","width":600,"height":100,"caption":"Dorogi-medence Region\u00e1lis H\u00edrport\u00e1l"},"image":{"@id":"https:\/\/dorogimedence.hu\/#\/schema\/logo\/image\/"},"sameAs":["https:\/\/www.facebook.com\/dorogimedence\/"]},{"@type":"Person","@id":"https:\/\/dorogimedence.hu\/#\/schema\/person\/ce6091eeb7e95ecdc87890d6aa8e0fd4","name":"dorogimedence.hu","image":{"@type":"ImageObject","inLanguage":"hu","@id":"\/\/www.gravatar.com\/avatar\/d8d45f8901aadff40a4af72c0b826f1d?s=96&#038;r=g&#038;d=mm","url":"\/\/www.gravatar.com\/avatar\/d8d45f8901aadff40a4af72c0b826f1d?s=96&#038;r=g&#038;d=mm","contentUrl":"\/\/www.gravatar.com\/avatar\/d8d45f8901aadff40a4af72c0b826f1d?s=96&#038;r=g&#038;d=mm","caption":"dorogimedence.hu"}}]}},"_links":{"self":[{"href":"https:\/\/dorogimedence.hu\/index.php\/wp-json\/wp\/v2\/posts\/26546","targetHints":{"allow":["GET"]}}],"collection":[{"href":"https:\/\/dorogimedence.hu\/index.php\/wp-json\/wp\/v2\/posts"}],"about":[{"href":"https:\/\/dorogimedence.hu\/index.php\/wp-json\/wp\/v2\/types\/post"}],"author":[{"embeddable":true,"href":"https:\/\/dorogimedence.hu\/index.php\/wp-json\/wp\/v2\/users\/1"}],"replies":[{"embeddable":true,"href":"https:\/\/dorogimedence.hu\/index.php\/wp-json\/wp\/v2\/comments?post=26546"}],"version-history":[{"count":0,"href":"https:\/\/dorogimedence.hu\/index.php\/wp-json\/wp\/v2\/posts\/26546\/revisions"}],"wp:featuredmedia":[{"embeddable":true,"href":"https:\/\/dorogimedence.hu\/index.php\/wp-json\/wp\/v2\/media\/26547"}],"wp:attachment":[{"href":"https:\/\/dorogimedence.hu\/index.php\/wp-json\/wp\/v2\/media?parent=26546"}],"wp:term":[{"taxonomy":"category","embeddable":true,"href":"https:\/\/dorogimedence.hu\/index.php\/wp-json\/wp\/v2\/categories?post=26546"},{"taxonomy":"post_tag","embeddable":true,"href":"https:\/\/dorogimedence.hu\/index.php\/wp-json\/wp\/v2\/tags?post=26546"}],"curies":[{"name":"wp","href":"https:\/\/api.w.org\/{rel}","templated":true}]}}