{"id":26492,"date":"2020-08-01T11:57:55","date_gmt":"2020-08-01T09:57:55","guid":{"rendered":"http:\/\/dorogimedence.hu\/?p=26492"},"modified":"2020-08-01T11:58:12","modified_gmt":"2020-08-01T09:58:12","slug":"a-rosim-gleccser-vizesese","status":"publish","type":"post","link":"https:\/\/dorogimedence.hu\/index.php\/2020\/08\/01\/a-rosim-gleccser-vizesese\/","title":{"rendered":"A Rosim-gleccser v\u00edzes\u00e9se"},"content":{"rendered":"<p><strong>Lieber Tam\u00e1s \u201cMes\u00e9l\u0151 t\u00e1jak \u00e9s form\u00e1k \u2013 Egy fot\u00f3 \u00e9s ami m\u00f6g\u00f6tte van\u201d c\u00edm\u0171 sorozat\u00e1nak soron k\u00f6vetkez\u0151 r\u00e9sz\u00e9ben a Rosim-gleccserrel ismerkedhet\u00fcnk meg!<\/strong><\/p>\n<p>Am\u00edg a k\u00e1rp\u00e1ti magashegyekben csak k\u00f6zvetett jel\u00e9t l\u00e1thatjuk egykori gleccsereknek (cirkuszv\u00f6lgyek, tengerszemek, mor\u00e9nahalmok), addig az Alpokban \u2013 igaz egyre cs\u00f6kken\u0151 kiterjed\u00e9sben \u2013 magukat a j\u00e9gfolyamokat is megfigyelhetj\u00fck. Az Alpesekben napjainkban hozz\u00e1vet\u0151legesen 3000 m\u00e9ter k\u00f6rny\u00e9k\u00e9n h\u00faz\u00f3dik a m\u00e9g megl\u00e9v\u0151 gleccserek als\u00f3 hat\u00e1ra. Cikkem t\u00e9m\u00e1j\u00e1ul szolg\u00e1l\u00f3 gleccsert, pontosabban annak olvad\u00e9kviz\u00e9b\u0151l t\u00e1pl\u00e1lkoz\u00f3 zuhatagot a Keleti-Alpokban, D\u00e9l-Tirolban, vagyis \u00c9szak-Olaszorsz\u00e1gban tal\u00e1ljuk. A Vertainspitze (3545 m) oldal\u00e1ban terpeszked\u0151, kb. 0,5 n\u00e9gyzetkilom\u00e9teres \u00e9s k\u00f6r\u00fclbel\u00fcl 30 m\u00e9ter \u00e1tlagos vastags\u00e1g\u00fa Rosim-gleccser l\u00e1tv\u00e1nyos eleme, a k\u00f6zel 80 m\u00e9teres f\u00fcgg\u0151leges j\u00e9gfal, amelyr\u0151l a ny\u00e1ri id\u0151szakban szinte folyamatosan szakadnak le kisebb-nagyobb darabok, amelyek azut\u00e1n cs\u00f6r\u00f6mp\u00f6lve hullanak a m\u00e9lybe. A gleccser al\u00f3l kipr\u00e9sel\u0151d\u0151 olvad\u00e9kvizek kezdetben erekk\u00e9, majd sz\u00e9lesebb patakk\u00e1 duzzadnak. A 2008-ban k\u00e9sz\u00fclt felv\u00e9telen is l\u00e1that\u00f3 zuhatagot, amely a krist\u00e1lyos k\u0151zetben k\u00e9pz\u0151d\u00f6tt terepl\u00e9pcs\u0151k\u00f6n hullik al\u00e1, a j\u00e9gfolyam als\u00f3 v\u00e9g\u00e9t\u0151l k\u00f6r\u00fclbel\u00fcl 300 m\u00e9terre tal\u00e1ltuk <em>[Vajon az elm\u00falt 12 \u00e9v sor\u00e1n mennyit v\u00e1ltozhatott ez a t\u00e1vols\u00e1g?]<\/em>.<\/p>\n<p>ngg_shortcode_0_placeholder<strong>Mi a furcsa ebben a v\u00edzes\u00e9sben?<\/strong><\/p>\n<p>Nos, a felv\u00e9tel szeptember k\u00f6zep\u00e9n, a kora d\u00e9lel\u0151tti \u00f3r\u00e1kban k\u00e9sz\u00fclt, amikor m\u00e9g a napsugarak nem olvasztott\u00e1k ki kell\u0151k\u00e9ppen az \u00e9jszakai fagyban \u201ebe\u00e1llt\u201d vizet. A v\u00edzhozam mennyis\u00e9ge a d\u00e9lut\u00e1ni \u00f3r\u00e1kban a legnagyobb, a v\u00edzes\u00e9s nyilv\u00e1nval\u00f3an ilyenkor a leghangosabb, ellenben \u00e9jszak\u00e1ra, valamint \u0151szt\u0151l tavaszig eln\u00e9mul a zuhatag.<\/p>\n<p>A gleccsern\u00e9l h\u00e1rom \u00e9vvel kor\u00e1bban (2005) is j\u00e1rtunk m\u00e1r, arr\u00f3l a t\u00far\u00e1r\u00f3l egy b\u0151vebb besz\u00e1mol\u00f3 is k\u00e9sz\u00fclt, ami <a href=\"https:\/\/bebte.hu\/jegre-vitt-turabakancsok-gleccseren-az-alpesekben\/\" target=\"_blank\" rel=\"noopener noreferrer\"><span style=\"text-decoration: underline; color: #0000ff;\">ide kattintva<\/span><\/a> \u00e9rhet\u0151 el!<\/p>\n<p><strong>A sorozathoz kapcsol\u00f3d\u00f3 tov\u00e1bbi cikkek <a href=\"https:\/\/dorogimedence.hu\/index.php\/category\/meselo-tajak-es-formak\/\" target=\"_blank\" rel=\"noopener noreferrer\"><span style=\"text-decoration: underline; color: #0000ff;\">ide kattintva<\/span><\/a> \u00e9rhet\u0151k el!<\/strong><\/p>\n<p><em>Lieber Tam\u00e1s<\/em><\/p>\n","protected":false},"excerpt":{"rendered":"<p>Lieber Tam\u00e1s \u201cMes\u00e9l\u0151 t\u00e1jak \u00e9s form\u00e1k \u2013 Egy fot\u00f3 \u00e9s ami m\u00f6g\u00f6tte van\u201d c\u00edm\u0171 sorozat\u00e1nak soron k\u00f6vetkez\u0151 r\u00e9sz\u00e9ben a Rosim-gleccserrel ismerkedhet\u00fcnk meg! Am\u00edg a k\u00e1rp\u00e1ti magashegyekben csak k\u00f6zvetett jel\u00e9t l\u00e1thatjuk egykori gleccsereknek (cirkuszv\u00f6lgyek, tengerszemek, mor\u00e9nahalmok), addig az Alpokban \u2013 igaz egyre cs\u00f6kken\u0151 kiterjed\u00e9sben \u2013 magukat a j\u00e9gfolyamokat is megfigyelhetj\u00fck. Az Alpesekben napjainkban hozz\u00e1vet\u0151legesen 3000 m\u00e9ter<\/p>\n","protected":false},"author":1,"featured_media":26496,"comment_status":"closed","ping_status":"closed","sticky":false,"template":"","format":"standard","meta":{"ngg_post_thumbnail":0,"footnotes":""},"categories":[3,4923],"tags":[3474,4924],"class_list":{"0":"post-26492","1":"post","2":"type-post","3":"status-publish","4":"format-standard","5":"has-post-thumbnail","7":"category-hirek","8":"category-meselo-tajak-es-formak","9":"tag-lieber-tamas","10":"tag-meselo-tajak-es-formak"},"yoast_head":"<!-- This site is optimized with the Yoast SEO plugin v27.5 - https:\/\/yoast.com\/product\/yoast-seo-wordpress\/ -->\n<title>A Rosim-gleccser v\u00edzes\u00e9se<\/title>\n<meta name=\"robots\" content=\"index, follow, max-snippet:-1, max-image-preview:large, max-video-preview:-1\" \/>\n<link rel=\"canonical\" href=\"https:\/\/dorogimedence.hu\/index.php\/2020\/08\/01\/a-rosim-gleccser-vizesese\/\" class=\"yoast-seo-meta-tag\" \/>\n<meta property=\"og:locale\" content=\"hu_HU\" class=\"yoast-seo-meta-tag\" \/>\n<meta property=\"og:type\" content=\"article\" class=\"yoast-seo-meta-tag\" \/>\n<meta property=\"og:title\" content=\"A Rosim-gleccser v\u00edzes\u00e9se\" class=\"yoast-seo-meta-tag\" \/>\n<meta property=\"og:description\" content=\"Lieber Tam\u00e1s \u201cMes\u00e9l\u0151 t\u00e1jak \u00e9s form\u00e1k \u2013 Egy fot\u00f3 \u00e9s ami m\u00f6g\u00f6tte van\u201d c\u00edm\u0171 sorozat\u00e1nak soron k\u00f6vetkez\u0151 r\u00e9sz\u00e9ben a Rosim-gleccserrel ismerkedhet\u00fcnk meg! Am\u00edg a k\u00e1rp\u00e1ti magashegyekben csak k\u00f6zvetett jel\u00e9t l\u00e1thatjuk egykori gleccsereknek (cirkuszv\u00f6lgyek, tengerszemek, mor\u00e9nahalmok), addig az Alpokban \u2013 igaz egyre cs\u00f6kken\u0151 kiterjed\u00e9sben \u2013 magukat a j\u00e9gfolyamokat is megfigyelhetj\u00fck. Az Alpesekben napjainkban hozz\u00e1vet\u0151legesen 3000 m\u00e9ter\" class=\"yoast-seo-meta-tag\" \/>\n<meta property=\"og:url\" content=\"https:\/\/dorogimedence.hu\/index.php\/2020\/08\/01\/a-rosim-gleccser-vizesese\/\" class=\"yoast-seo-meta-tag\" \/>\n<meta property=\"og:site_name\" content=\"Dorogi-medence Region\u00e1lis H\u00edrport\u00e1l\" class=\"yoast-seo-meta-tag\" \/>\n<meta property=\"article:publisher\" content=\"https:\/\/www.facebook.com\/dorogimedence\/\" class=\"yoast-seo-meta-tag\" \/>\n<meta property=\"article:published_time\" content=\"2020-08-01T09:57:55+00:00\" class=\"yoast-seo-meta-tag\" \/>\n<meta property=\"article:modified_time\" content=\"2020-08-01T09:58:12+00:00\" class=\"yoast-seo-meta-tag\" \/>\n<meta property=\"og:image\" content=\"https:\/\/i0.wp.com\/dorogimedence.hu\/wp-content\/uploads\/2020\/08\/rosim.jpg?fit=830%2C450&ssl=1\" class=\"yoast-seo-meta-tag\" \/>\n\t<meta property=\"og:image:width\" content=\"830\" class=\"yoast-seo-meta-tag\" \/>\n\t<meta property=\"og:image:height\" content=\"450\" class=\"yoast-seo-meta-tag\" \/>\n\t<meta property=\"og:image:type\" content=\"image\/jpeg\" class=\"yoast-seo-meta-tag\" \/>\n<meta name=\"author\" content=\"dorogimedence.hu\" class=\"yoast-seo-meta-tag\" \/>\n<meta name=\"twitter:card\" content=\"summary_large_image\" class=\"yoast-seo-meta-tag\" \/>\n<meta name=\"twitter:label1\" content=\"Szerz\u0151:\" class=\"yoast-seo-meta-tag\" \/>\n\t<meta name=\"twitter:data1\" content=\"dorogimedence.hu\" class=\"yoast-seo-meta-tag\" \/>\n\t<meta name=\"twitter:label2\" content=\"Becs\u00fclt olvas\u00e1si id\u0151\" class=\"yoast-seo-meta-tag\" \/>\n\t<meta name=\"twitter:data2\" content=\"2 perc\" class=\"yoast-seo-meta-tag\" \/>\n<script type=\"application\/ld+json\" class=\"yoast-schema-graph\">{\"@context\":\"https:\\\/\\\/schema.org\",\"@graph\":[{\"@type\":\"Article\",\"@id\":\"https:\\\/\\\/dorogimedence.hu\\\/index.php\\\/2020\\\/08\\\/01\\\/a-rosim-gleccser-vizesese\\\/#article\",\"isPartOf\":{\"@id\":\"https:\\\/\\\/dorogimedence.hu\\\/index.php\\\/2020\\\/08\\\/01\\\/a-rosim-gleccser-vizesese\\\/\"},\"author\":{\"name\":\"dorogimedence.hu\",\"@id\":\"https:\\\/\\\/dorogimedence.hu\\\/#\\\/schema\\\/person\\\/ce6091eeb7e95ecdc87890d6aa8e0fd4\"},\"headline\":\"A Rosim-gleccser v\u00edzes\u00e9se\",\"datePublished\":\"2020-08-01T09:57:55+00:00\",\"dateModified\":\"2020-08-01T09:58:12+00:00\",\"mainEntityOfPage\":{\"@id\":\"https:\\\/\\\/dorogimedence.hu\\\/index.php\\\/2020\\\/08\\\/01\\\/a-rosim-gleccser-vizesese\\\/\"},\"wordCount\":393,\"publisher\":{\"@id\":\"https:\\\/\\\/dorogimedence.hu\\\/#organization\"},\"image\":{\"@id\":\"https:\\\/\\\/dorogimedence.hu\\\/index.php\\\/2020\\\/08\\\/01\\\/a-rosim-gleccser-vizesese\\\/#primaryimage\"},\"thumbnailUrl\":\"https:\\\/\\\/dorogimedence.hu\\\/wp-content\\\/uploads\\\/2020\\\/08\\\/rosim.jpg\",\"keywords\":[\"Lieber Tam\u00e1s\",\"Mes\u00e9l\u0151 t\u00e1jak \u00e9s form\u00e1k\"],\"articleSection\":[\"H\u00edrek\",\"Mes\u00e9l\u0151 t\u00e1jak \u00e9s form\u00e1k\"],\"inLanguage\":\"hu\"},{\"@type\":\"WebPage\",\"@id\":\"https:\\\/\\\/dorogimedence.hu\\\/index.php\\\/2020\\\/08\\\/01\\\/a-rosim-gleccser-vizesese\\\/\",\"url\":\"https:\\\/\\\/dorogimedence.hu\\\/index.php\\\/2020\\\/08\\\/01\\\/a-rosim-gleccser-vizesese\\\/\",\"name\":\"A Rosim-gleccser v\u00edzes\u00e9se\",\"isPartOf\":{\"@id\":\"https:\\\/\\\/dorogimedence.hu\\\/#website\"},\"primaryImageOfPage\":{\"@id\":\"https:\\\/\\\/dorogimedence.hu\\\/index.php\\\/2020\\\/08\\\/01\\\/a-rosim-gleccser-vizesese\\\/#primaryimage\"},\"image\":{\"@id\":\"https:\\\/\\\/dorogimedence.hu\\\/index.php\\\/2020\\\/08\\\/01\\\/a-rosim-gleccser-vizesese\\\/#primaryimage\"},\"thumbnailUrl\":\"https:\\\/\\\/dorogimedence.hu\\\/wp-content\\\/uploads\\\/2020\\\/08\\\/rosim.jpg\",\"datePublished\":\"2020-08-01T09:57:55+00:00\",\"dateModified\":\"2020-08-01T09:58:12+00:00\",\"breadcrumb\":{\"@id\":\"https:\\\/\\\/dorogimedence.hu\\\/index.php\\\/2020\\\/08\\\/01\\\/a-rosim-gleccser-vizesese\\\/#breadcrumb\"},\"inLanguage\":\"hu\",\"potentialAction\":[{\"@type\":\"ReadAction\",\"target\":[\"https:\\\/\\\/dorogimedence.hu\\\/index.php\\\/2020\\\/08\\\/01\\\/a-rosim-gleccser-vizesese\\\/\"]}]},{\"@type\":\"ImageObject\",\"inLanguage\":\"hu\",\"@id\":\"https:\\\/\\\/dorogimedence.hu\\\/index.php\\\/2020\\\/08\\\/01\\\/a-rosim-gleccser-vizesese\\\/#primaryimage\",\"url\":\"https:\\\/\\\/dorogimedence.hu\\\/wp-content\\\/uploads\\\/2020\\\/08\\\/rosim.jpg\",\"contentUrl\":\"https:\\\/\\\/dorogimedence.hu\\\/wp-content\\\/uploads\\\/2020\\\/08\\\/rosim.jpg\",\"width\":830,\"height\":450},{\"@type\":\"BreadcrumbList\",\"@id\":\"https:\\\/\\\/dorogimedence.hu\\\/index.php\\\/2020\\\/08\\\/01\\\/a-rosim-gleccser-vizesese\\\/#breadcrumb\",\"itemListElement\":[{\"@type\":\"ListItem\",\"position\":1,\"name\":\"Kezd\u0151lap\",\"item\":\"https:\\\/\\\/dorogimedence.hu\\\/\"},{\"@type\":\"ListItem\",\"position\":2,\"name\":\"A Rosim-gleccser v\u00edzes\u00e9se\"}]},{\"@type\":\"WebSite\",\"@id\":\"https:\\\/\\\/dorogimedence.hu\\\/#website\",\"url\":\"https:\\\/\\\/dorogimedence.hu\\\/\",\"name\":\"Dorogi-medence Region\u00e1lis H\u00edrport\u00e1l\",\"description\":\"Dorog, Keszt\u00f6lc, Le\u00e1nyv\u00e1r, Piliscs\u00e9v, Tokod, Tokodalt\u00e1r\u00f3, Csolnok, Esztergom-kertv\u00e1ros: h\u00edrek, programok\",\"publisher\":{\"@id\":\"https:\\\/\\\/dorogimedence.hu\\\/#organization\"},\"potentialAction\":[{\"@type\":\"SearchAction\",\"target\":{\"@type\":\"EntryPoint\",\"urlTemplate\":\"https:\\\/\\\/dorogimedence.hu\\\/?s={search_term_string}\"},\"query-input\":{\"@type\":\"PropertyValueSpecification\",\"valueRequired\":true,\"valueName\":\"search_term_string\"}}],\"inLanguage\":\"hu\"},{\"@type\":\"Organization\",\"@id\":\"https:\\\/\\\/dorogimedence.hu\\\/#organization\",\"name\":\"Dorogi-medence Region\u00e1lis H\u00edrport\u00e1l\",\"url\":\"https:\\\/\\\/dorogimedence.hu\\\/\",\"logo\":{\"@type\":\"ImageObject\",\"inLanguage\":\"hu\",\"@id\":\"https:\\\/\\\/dorogimedence.hu\\\/#\\\/schema\\\/logo\\\/image\\\/\",\"url\":\"https:\\\/\\\/dorogimedence.hu\\\/wp-content\\\/uploads\\\/2021\\\/04\\\/logo-feher-600.png\",\"contentUrl\":\"https:\\\/\\\/dorogimedence.hu\\\/wp-content\\\/uploads\\\/2021\\\/04\\\/logo-feher-600.png\",\"width\":600,\"height\":100,\"caption\":\"Dorogi-medence Region\u00e1lis H\u00edrport\u00e1l\"},\"image\":{\"@id\":\"https:\\\/\\\/dorogimedence.hu\\\/#\\\/schema\\\/logo\\\/image\\\/\"},\"sameAs\":[\"https:\\\/\\\/www.facebook.com\\\/dorogimedence\\\/\"]},{\"@type\":\"Person\",\"@id\":\"https:\\\/\\\/dorogimedence.hu\\\/#\\\/schema\\\/person\\\/ce6091eeb7e95ecdc87890d6aa8e0fd4\",\"name\":\"dorogimedence.hu\",\"image\":{\"@type\":\"ImageObject\",\"inLanguage\":\"hu\",\"@id\":\"\\\/\\\/www.gravatar.com\\\/avatar\\\/d8d45f8901aadff40a4af72c0b826f1d?s=96&#038;r=g&#038;d=mm\",\"url\":\"\\\/\\\/www.gravatar.com\\\/avatar\\\/d8d45f8901aadff40a4af72c0b826f1d?s=96&#038;r=g&#038;d=mm\",\"contentUrl\":\"\\\/\\\/www.gravatar.com\\\/avatar\\\/d8d45f8901aadff40a4af72c0b826f1d?s=96&#038;r=g&#038;d=mm\",\"caption\":\"dorogimedence.hu\"}}]}<\/script>\n<!-- \/ Yoast SEO plugin. -->","yoast_head_json":{"title":"A Rosim-gleccser v\u00edzes\u00e9se","robots":{"index":"index","follow":"follow","max-snippet":"max-snippet:-1","max-image-preview":"max-image-preview:large","max-video-preview":"max-video-preview:-1"},"canonical":"https:\/\/dorogimedence.hu\/index.php\/2020\/08\/01\/a-rosim-gleccser-vizesese\/","og_locale":"hu_HU","og_type":"article","og_title":"A Rosim-gleccser v\u00edzes\u00e9se","og_description":"Lieber Tam\u00e1s \u201cMes\u00e9l\u0151 t\u00e1jak \u00e9s form\u00e1k \u2013 Egy fot\u00f3 \u00e9s ami m\u00f6g\u00f6tte van\u201d c\u00edm\u0171 sorozat\u00e1nak soron k\u00f6vetkez\u0151 r\u00e9sz\u00e9ben a Rosim-gleccserrel ismerkedhet\u00fcnk meg! Am\u00edg a k\u00e1rp\u00e1ti magashegyekben csak k\u00f6zvetett jel\u00e9t l\u00e1thatjuk egykori gleccsereknek (cirkuszv\u00f6lgyek, tengerszemek, mor\u00e9nahalmok), addig az Alpokban \u2013 igaz egyre cs\u00f6kken\u0151 kiterjed\u00e9sben \u2013 magukat a j\u00e9gfolyamokat is megfigyelhetj\u00fck. Az Alpesekben napjainkban hozz\u00e1vet\u0151legesen 3000 m\u00e9ter","og_url":"https:\/\/dorogimedence.hu\/index.php\/2020\/08\/01\/a-rosim-gleccser-vizesese\/","og_site_name":"Dorogi-medence Region\u00e1lis H\u00edrport\u00e1l","article_publisher":"https:\/\/www.facebook.com\/dorogimedence\/","article_published_time":"2020-08-01T09:57:55+00:00","article_modified_time":"2020-08-01T09:58:12+00:00","og_image":[{"width":830,"height":450,"url":"https:\/\/i0.wp.com\/dorogimedence.hu\/wp-content\/uploads\/2020\/08\/rosim.jpg?fit=830%2C450&ssl=1","type":"image\/jpeg"}],"author":"dorogimedence.hu","twitter_card":"summary_large_image","twitter_misc":{"Szerz\u0151:":"dorogimedence.hu","Becs\u00fclt olvas\u00e1si id\u0151":"2 perc"},"schema":{"@context":"https:\/\/schema.org","@graph":[{"@type":"Article","@id":"https:\/\/dorogimedence.hu\/index.php\/2020\/08\/01\/a-rosim-gleccser-vizesese\/#article","isPartOf":{"@id":"https:\/\/dorogimedence.hu\/index.php\/2020\/08\/01\/a-rosim-gleccser-vizesese\/"},"author":{"name":"dorogimedence.hu","@id":"https:\/\/dorogimedence.hu\/#\/schema\/person\/ce6091eeb7e95ecdc87890d6aa8e0fd4"},"headline":"A Rosim-gleccser v\u00edzes\u00e9se","datePublished":"2020-08-01T09:57:55+00:00","dateModified":"2020-08-01T09:58:12+00:00","mainEntityOfPage":{"@id":"https:\/\/dorogimedence.hu\/index.php\/2020\/08\/01\/a-rosim-gleccser-vizesese\/"},"wordCount":393,"publisher":{"@id":"https:\/\/dorogimedence.hu\/#organization"},"image":{"@id":"https:\/\/dorogimedence.hu\/index.php\/2020\/08\/01\/a-rosim-gleccser-vizesese\/#primaryimage"},"thumbnailUrl":"https:\/\/dorogimedence.hu\/wp-content\/uploads\/2020\/08\/rosim.jpg","keywords":["Lieber Tam\u00e1s","Mes\u00e9l\u0151 t\u00e1jak \u00e9s form\u00e1k"],"articleSection":["H\u00edrek","Mes\u00e9l\u0151 t\u00e1jak \u00e9s form\u00e1k"],"inLanguage":"hu"},{"@type":"WebPage","@id":"https:\/\/dorogimedence.hu\/index.php\/2020\/08\/01\/a-rosim-gleccser-vizesese\/","url":"https:\/\/dorogimedence.hu\/index.php\/2020\/08\/01\/a-rosim-gleccser-vizesese\/","name":"A Rosim-gleccser v\u00edzes\u00e9se","isPartOf":{"@id":"https:\/\/dorogimedence.hu\/#website"},"primaryImageOfPage":{"@id":"https:\/\/dorogimedence.hu\/index.php\/2020\/08\/01\/a-rosim-gleccser-vizesese\/#primaryimage"},"image":{"@id":"https:\/\/dorogimedence.hu\/index.php\/2020\/08\/01\/a-rosim-gleccser-vizesese\/#primaryimage"},"thumbnailUrl":"https:\/\/dorogimedence.hu\/wp-content\/uploads\/2020\/08\/rosim.jpg","datePublished":"2020-08-01T09:57:55+00:00","dateModified":"2020-08-01T09:58:12+00:00","breadcrumb":{"@id":"https:\/\/dorogimedence.hu\/index.php\/2020\/08\/01\/a-rosim-gleccser-vizesese\/#breadcrumb"},"inLanguage":"hu","potentialAction":[{"@type":"ReadAction","target":["https:\/\/dorogimedence.hu\/index.php\/2020\/08\/01\/a-rosim-gleccser-vizesese\/"]}]},{"@type":"ImageObject","inLanguage":"hu","@id":"https:\/\/dorogimedence.hu\/index.php\/2020\/08\/01\/a-rosim-gleccser-vizesese\/#primaryimage","url":"https:\/\/dorogimedence.hu\/wp-content\/uploads\/2020\/08\/rosim.jpg","contentUrl":"https:\/\/dorogimedence.hu\/wp-content\/uploads\/2020\/08\/rosim.jpg","width":830,"height":450},{"@type":"BreadcrumbList","@id":"https:\/\/dorogimedence.hu\/index.php\/2020\/08\/01\/a-rosim-gleccser-vizesese\/#breadcrumb","itemListElement":[{"@type":"ListItem","position":1,"name":"Kezd\u0151lap","item":"https:\/\/dorogimedence.hu\/"},{"@type":"ListItem","position":2,"name":"A Rosim-gleccser v\u00edzes\u00e9se"}]},{"@type":"WebSite","@id":"https:\/\/dorogimedence.hu\/#website","url":"https:\/\/dorogimedence.hu\/","name":"Dorogi-medence Region\u00e1lis H\u00edrport\u00e1l","description":"Dorog, Keszt\u00f6lc, Le\u00e1nyv\u00e1r, Piliscs\u00e9v, Tokod, Tokodalt\u00e1r\u00f3, Csolnok, Esztergom-kertv\u00e1ros: h\u00edrek, programok","publisher":{"@id":"https:\/\/dorogimedence.hu\/#organization"},"potentialAction":[{"@type":"SearchAction","target":{"@type":"EntryPoint","urlTemplate":"https:\/\/dorogimedence.hu\/?s={search_term_string}"},"query-input":{"@type":"PropertyValueSpecification","valueRequired":true,"valueName":"search_term_string"}}],"inLanguage":"hu"},{"@type":"Organization","@id":"https:\/\/dorogimedence.hu\/#organization","name":"Dorogi-medence Region\u00e1lis H\u00edrport\u00e1l","url":"https:\/\/dorogimedence.hu\/","logo":{"@type":"ImageObject","inLanguage":"hu","@id":"https:\/\/dorogimedence.hu\/#\/schema\/logo\/image\/","url":"https:\/\/dorogimedence.hu\/wp-content\/uploads\/2021\/04\/logo-feher-600.png","contentUrl":"https:\/\/dorogimedence.hu\/wp-content\/uploads\/2021\/04\/logo-feher-600.png","width":600,"height":100,"caption":"Dorogi-medence Region\u00e1lis H\u00edrport\u00e1l"},"image":{"@id":"https:\/\/dorogimedence.hu\/#\/schema\/logo\/image\/"},"sameAs":["https:\/\/www.facebook.com\/dorogimedence\/"]},{"@type":"Person","@id":"https:\/\/dorogimedence.hu\/#\/schema\/person\/ce6091eeb7e95ecdc87890d6aa8e0fd4","name":"dorogimedence.hu","image":{"@type":"ImageObject","inLanguage":"hu","@id":"\/\/www.gravatar.com\/avatar\/d8d45f8901aadff40a4af72c0b826f1d?s=96&#038;r=g&#038;d=mm","url":"\/\/www.gravatar.com\/avatar\/d8d45f8901aadff40a4af72c0b826f1d?s=96&#038;r=g&#038;d=mm","contentUrl":"\/\/www.gravatar.com\/avatar\/d8d45f8901aadff40a4af72c0b826f1d?s=96&#038;r=g&#038;d=mm","caption":"dorogimedence.hu"}}]}},"_links":{"self":[{"href":"https:\/\/dorogimedence.hu\/index.php\/wp-json\/wp\/v2\/posts\/26492","targetHints":{"allow":["GET"]}}],"collection":[{"href":"https:\/\/dorogimedence.hu\/index.php\/wp-json\/wp\/v2\/posts"}],"about":[{"href":"https:\/\/dorogimedence.hu\/index.php\/wp-json\/wp\/v2\/types\/post"}],"author":[{"embeddable":true,"href":"https:\/\/dorogimedence.hu\/index.php\/wp-json\/wp\/v2\/users\/1"}],"replies":[{"embeddable":true,"href":"https:\/\/dorogimedence.hu\/index.php\/wp-json\/wp\/v2\/comments?post=26492"}],"version-history":[{"count":0,"href":"https:\/\/dorogimedence.hu\/index.php\/wp-json\/wp\/v2\/posts\/26492\/revisions"}],"wp:featuredmedia":[{"embeddable":true,"href":"https:\/\/dorogimedence.hu\/index.php\/wp-json\/wp\/v2\/media\/26496"}],"wp:attachment":[{"href":"https:\/\/dorogimedence.hu\/index.php\/wp-json\/wp\/v2\/media?parent=26492"}],"wp:term":[{"taxonomy":"category","embeddable":true,"href":"https:\/\/dorogimedence.hu\/index.php\/wp-json\/wp\/v2\/categories?post=26492"},{"taxonomy":"post_tag","embeddable":true,"href":"https:\/\/dorogimedence.hu\/index.php\/wp-json\/wp\/v2\/tags?post=26492"}],"curies":[{"name":"wp","href":"https:\/\/api.w.org\/{rel}","templated":true}]}}