{"id":26380,"date":"2020-07-25T10:38:45","date_gmt":"2020-07-25T08:38:45","guid":{"rendered":"http:\/\/dorogimedence.hu\/?p=26380"},"modified":"2020-07-25T10:42:30","modified_gmt":"2020-07-25T08:42:30","slug":"eros-csapattal-indult-a-kemhesz-az-orszagos-horgasz-csapatbajnoksagon","status":"publish","type":"post","link":"https:\/\/dorogimedence.hu\/index.php\/2020\/07\/25\/eros-csapattal-indult-a-kemhesz-az-orszagos-horgasz-csapatbajnoksagon\/","title":{"rendered":"Er\u0151s csapattal indult a KEMHESZ az orsz\u00e1gos horg\u00e1sz csapatbajnoks\u00e1gon"},"content":{"rendered":"<p><strong>A h\u00e9tv\u00e9g\u00e9n rendezik a szegedi Matyi-\u00e9ren a Magyar Orsz\u00e1gos Horg\u00e1sz Sz\u00f6vets\u00e9g legnagyobb verseny\u00e9t, a tagsz\u00f6vets\u00e9gek csapatainak orsz\u00e1gos bajnoks\u00e1g\u00e1t. A 160 indul\u00f3 k\u00f6z\u00f6tt ott van megy\u00e9nk 8 f\u0151s csapata is. Tavaly a KEMHESZ horg\u00e1szai a hatodik helyen z\u00e1rt\u00e1k az orsz\u00e1gos versenyt \u00e9s id\u00e9n is j\u00f3 szerepl\u00e9sre sz\u00e1m\u00edtanak.<\/strong><\/p>\n<p>Cs\u00fct\u00f6rt\u00f6k\u00f6n a szabadon v\u00e1lasztott, majd p\u00e9nteken a k\u00f6telez\u0151 edz\u00e9sen gyakoroltak a csapatok, a lehet\u0151s\u00e9ggel minden indul\u00f3 \u00e9lt. Tagsz\u00f6vets\u00e9genk\u00e9nt nyolc f\u0151b\u0151l \u00e1l egy csapat, a n\u00e9gy feln\u0151tt mellett egy-egy versenyz\u0151 szerepel az U15, az U20 \u00e9s U25-\u00f6s koroszt\u00e1lyb\u00f3l, valamint egy n\u0151i tag teszi teljess\u00e9 a t\u00e1rsas\u00e1got.<\/p>\n<p>A k\u00e9tszer n\u00e9gy \u00f3r\u00e1s versenyre szombaton \u00e9s vas\u00e1rnap ker\u00fcl sor, a horg\u00e1szatot k\u00e9t\u00f3r\u00e1s felk\u00e9sz\u00fcl\u00e9s \u00e9s t\u00edz perces etet\u00e9s el\u0151zi meg. A versenyz\u0151k csak finom szerel\u00e9kkel, \u00fasz\u00f3val foghatnak halat, a k\u00fcl\u00f6nf\u00e9le technik\u00e1kr\u00f3l mindenki saj\u00e1t maga d\u00f6nthet.<\/p>\n<p>A KEMHESZ csapat\u00e1t Szerencse Zolt\u00e1n vezeti, a g\u00e1rd\u00e1t er\u0151s\u00edti a vil\u00e1g \u00e9s magyar bajnok Cs\u0151regi Bal\u00e1zs, valamint Nagy Hunor magyar v\u00e1logatott, \u0151k mindketten az esztergomi Vasas Horg\u00e1szegyes\u00fclet tagjai, vagy Igl\u00f3di R\u00e9ka, aki az egy\u00e9ni orsz\u00e1gos bajnoks\u00e1gban a nyolcadik helyen \u00e1ll. A csapat seg\u00edt\u0151i k\u00f6z\u00f6tt t\u00f6bb olyan horg\u00e1sz tal\u00e1lhat\u00f3, aki ismeri az itteni vizet \u00e9s eredm\u00e9nyesen szerepelt a Matyi-\u00e9ren rendezett versenyeken, mint p\u00e9ld\u00e1ul Sz\u00e1sz Attila, aki megnyerte a Maros Mix Kup\u00e1t.<\/p>\n<p><strong>A versenyz\u0151k n\u00e9vsora:<\/strong> Cs\u0151regi Bal\u00e1zs, Cs\u0151regi Ferenc, Igl\u00f3di R\u00e9ka, Kov\u00e1cs Marcel, Nagy Hunor, Sasv\u00e1ri J\u00f3zsef, Szalai Tam\u00e1s, V\u00f6r\u00f6s Ren\u00e1t\u00f3.<\/p>\n<p><em>Fot\u00f3, forr\u00e1s: KEMHESZ<\/em><\/p>\n","protected":false},"excerpt":{"rendered":"<p>A h\u00e9tv\u00e9g\u00e9n rendezik a szegedi Matyi-\u00e9ren a Magyar Orsz\u00e1gos Horg\u00e1sz Sz\u00f6vets\u00e9g legnagyobb verseny\u00e9t, a tagsz\u00f6vets\u00e9gek csapatainak orsz\u00e1gos bajnoks\u00e1g\u00e1t. A 160 indul\u00f3 k\u00f6z\u00f6tt ott van megy\u00e9nk 8 f\u0151s csapata is. Tavaly a KEMHESZ horg\u00e1szai a hatodik helyen z\u00e1rt\u00e1k az orsz\u00e1gos versenyt \u00e9s id\u00e9n is j\u00f3 szerepl\u00e9sre sz\u00e1m\u00edtanak. Cs\u00fct\u00f6rt\u00f6k\u00f6n a szabadon v\u00e1lasztott, majd p\u00e9nteken a k\u00f6telez\u0151 edz\u00e9sen<\/p>\n","protected":false},"author":1,"featured_media":26381,"comment_status":"closed","ping_status":"closed","sticky":false,"template":"","format":"standard","meta":{"ngg_post_thumbnail":0,"footnotes":""},"categories":[38,3,56,5],"tags":[598,16],"class_list":{"0":"post-26380","1":"post","2":"type-post","3":"status-publish","4":"format-standard","5":"has-post-thumbnail","7":"category-esztergom","8":"category-hirek","9":"category-komarom-esztergom","10":"category-sport","11":"tag-horgaszat","12":"tag-sport"},"yoast_head":"<!-- This site is optimized with the Yoast SEO plugin v27.5 - https:\/\/yoast.com\/product\/yoast-seo-wordpress\/ -->\n<title>Er\u0151s csapattal indult a KEMHESZ az orsz\u00e1gos horg\u00e1sz csapatbajnoks\u00e1gon<\/title>\n<meta name=\"robots\" content=\"index, follow, max-snippet:-1, max-image-preview:large, max-video-preview:-1\" \/>\n<link rel=\"canonical\" href=\"https:\/\/dorogimedence.hu\/index.php\/2020\/07\/25\/eros-csapattal-indult-a-kemhesz-az-orszagos-horgasz-csapatbajnoksagon\/\" class=\"yoast-seo-meta-tag\" \/>\n<meta property=\"og:locale\" content=\"hu_HU\" class=\"yoast-seo-meta-tag\" \/>\n<meta property=\"og:type\" content=\"article\" class=\"yoast-seo-meta-tag\" \/>\n<meta property=\"og:title\" content=\"Er\u0151s csapattal indult a KEMHESZ az orsz\u00e1gos horg\u00e1sz csapatbajnoks\u00e1gon\" class=\"yoast-seo-meta-tag\" \/>\n<meta property=\"og:description\" content=\"A h\u00e9tv\u00e9g\u00e9n rendezik a szegedi Matyi-\u00e9ren a Magyar Orsz\u00e1gos Horg\u00e1sz Sz\u00f6vets\u00e9g legnagyobb verseny\u00e9t, a tagsz\u00f6vets\u00e9gek csapatainak orsz\u00e1gos bajnoks\u00e1g\u00e1t. A 160 indul\u00f3 k\u00f6z\u00f6tt ott van megy\u00e9nk 8 f\u0151s csapata is. Tavaly a KEMHESZ horg\u00e1szai a hatodik helyen z\u00e1rt\u00e1k az orsz\u00e1gos versenyt \u00e9s id\u00e9n is j\u00f3 szerepl\u00e9sre sz\u00e1m\u00edtanak. Cs\u00fct\u00f6rt\u00f6k\u00f6n a szabadon v\u00e1lasztott, majd p\u00e9nteken a k\u00f6telez\u0151 edz\u00e9sen\" class=\"yoast-seo-meta-tag\" \/>\n<meta property=\"og:url\" content=\"https:\/\/dorogimedence.hu\/index.php\/2020\/07\/25\/eros-csapattal-indult-a-kemhesz-az-orszagos-horgasz-csapatbajnoksagon\/\" class=\"yoast-seo-meta-tag\" \/>\n<meta property=\"og:site_name\" content=\"Dorogi-medence Region\u00e1lis H\u00edrport\u00e1l\" class=\"yoast-seo-meta-tag\" \/>\n<meta property=\"article:publisher\" content=\"https:\/\/www.facebook.com\/dorogimedence\/\" class=\"yoast-seo-meta-tag\" \/>\n<meta property=\"article:published_time\" content=\"2020-07-25T08:38:45+00:00\" class=\"yoast-seo-meta-tag\" \/>\n<meta property=\"article:modified_time\" content=\"2020-07-25T08:42:30+00:00\" class=\"yoast-seo-meta-tag\" \/>\n<meta property=\"og:image\" content=\"https:\/\/i0.wp.com\/dorogimedence.hu\/wp-content\/uploads\/2020\/07\/horgasz-01-1.jpg?fit=830%2C450&ssl=1\" class=\"yoast-seo-meta-tag\" \/>\n\t<meta property=\"og:image:width\" content=\"830\" class=\"yoast-seo-meta-tag\" \/>\n\t<meta property=\"og:image:height\" content=\"450\" class=\"yoast-seo-meta-tag\" \/>\n\t<meta property=\"og:image:type\" content=\"image\/jpeg\" class=\"yoast-seo-meta-tag\" \/>\n<meta name=\"author\" content=\"dorogimedence.hu\" class=\"yoast-seo-meta-tag\" \/>\n<meta name=\"twitter:card\" content=\"summary_large_image\" class=\"yoast-seo-meta-tag\" \/>\n<meta name=\"twitter:label1\" content=\"Szerz\u0151:\" class=\"yoast-seo-meta-tag\" \/>\n\t<meta name=\"twitter:data1\" content=\"dorogimedence.hu\" class=\"yoast-seo-meta-tag\" \/>\n\t<meta name=\"twitter:label2\" content=\"Becs\u00fclt olvas\u00e1si id\u0151\" class=\"yoast-seo-meta-tag\" \/>\n\t<meta name=\"twitter:data2\" content=\"2 perc\" class=\"yoast-seo-meta-tag\" \/>\n<script type=\"application\/ld+json\" class=\"yoast-schema-graph\">{\"@context\":\"https:\\\/\\\/schema.org\",\"@graph\":[{\"@type\":\"Article\",\"@id\":\"https:\\\/\\\/dorogimedence.hu\\\/index.php\\\/2020\\\/07\\\/25\\\/eros-csapattal-indult-a-kemhesz-az-orszagos-horgasz-csapatbajnoksagon\\\/#article\",\"isPartOf\":{\"@id\":\"https:\\\/\\\/dorogimedence.hu\\\/index.php\\\/2020\\\/07\\\/25\\\/eros-csapattal-indult-a-kemhesz-az-orszagos-horgasz-csapatbajnoksagon\\\/\"},\"author\":{\"name\":\"dorogimedence.hu\",\"@id\":\"https:\\\/\\\/dorogimedence.hu\\\/#\\\/schema\\\/person\\\/ce6091eeb7e95ecdc87890d6aa8e0fd4\"},\"headline\":\"Er\u0151s csapattal indult a KEMHESZ az orsz\u00e1gos horg\u00e1sz csapatbajnoks\u00e1gon\",\"datePublished\":\"2020-07-25T08:38:45+00:00\",\"dateModified\":\"2020-07-25T08:42:30+00:00\",\"mainEntityOfPage\":{\"@id\":\"https:\\\/\\\/dorogimedence.hu\\\/index.php\\\/2020\\\/07\\\/25\\\/eros-csapattal-indult-a-kemhesz-az-orszagos-horgasz-csapatbajnoksagon\\\/\"},\"wordCount\":349,\"publisher\":{\"@id\":\"https:\\\/\\\/dorogimedence.hu\\\/#organization\"},\"image\":{\"@id\":\"https:\\\/\\\/dorogimedence.hu\\\/index.php\\\/2020\\\/07\\\/25\\\/eros-csapattal-indult-a-kemhesz-az-orszagos-horgasz-csapatbajnoksagon\\\/#primaryimage\"},\"thumbnailUrl\":\"https:\\\/\\\/dorogimedence.hu\\\/wp-content\\\/uploads\\\/2020\\\/07\\\/horgasz-01-1.jpg\",\"keywords\":[\"horg\u00e1szat\",\"sport\"],\"articleSection\":[\"Esztergom\",\"H\u00edrek\",\"Kom\u00e1rom-Esztergom\",\"Sport\"],\"inLanguage\":\"hu\"},{\"@type\":\"WebPage\",\"@id\":\"https:\\\/\\\/dorogimedence.hu\\\/index.php\\\/2020\\\/07\\\/25\\\/eros-csapattal-indult-a-kemhesz-az-orszagos-horgasz-csapatbajnoksagon\\\/\",\"url\":\"https:\\\/\\\/dorogimedence.hu\\\/index.php\\\/2020\\\/07\\\/25\\\/eros-csapattal-indult-a-kemhesz-az-orszagos-horgasz-csapatbajnoksagon\\\/\",\"name\":\"Er\u0151s csapattal indult a KEMHESZ az orsz\u00e1gos horg\u00e1sz csapatbajnoks\u00e1gon\",\"isPartOf\":{\"@id\":\"https:\\\/\\\/dorogimedence.hu\\\/#website\"},\"primaryImageOfPage\":{\"@id\":\"https:\\\/\\\/dorogimedence.hu\\\/index.php\\\/2020\\\/07\\\/25\\\/eros-csapattal-indult-a-kemhesz-az-orszagos-horgasz-csapatbajnoksagon\\\/#primaryimage\"},\"image\":{\"@id\":\"https:\\\/\\\/dorogimedence.hu\\\/index.php\\\/2020\\\/07\\\/25\\\/eros-csapattal-indult-a-kemhesz-az-orszagos-horgasz-csapatbajnoksagon\\\/#primaryimage\"},\"thumbnailUrl\":\"https:\\\/\\\/dorogimedence.hu\\\/wp-content\\\/uploads\\\/2020\\\/07\\\/horgasz-01-1.jpg\",\"datePublished\":\"2020-07-25T08:38:45+00:00\",\"dateModified\":\"2020-07-25T08:42:30+00:00\",\"breadcrumb\":{\"@id\":\"https:\\\/\\\/dorogimedence.hu\\\/index.php\\\/2020\\\/07\\\/25\\\/eros-csapattal-indult-a-kemhesz-az-orszagos-horgasz-csapatbajnoksagon\\\/#breadcrumb\"},\"inLanguage\":\"hu\",\"potentialAction\":[{\"@type\":\"ReadAction\",\"target\":[\"https:\\\/\\\/dorogimedence.hu\\\/index.php\\\/2020\\\/07\\\/25\\\/eros-csapattal-indult-a-kemhesz-az-orszagos-horgasz-csapatbajnoksagon\\\/\"]}]},{\"@type\":\"ImageObject\",\"inLanguage\":\"hu\",\"@id\":\"https:\\\/\\\/dorogimedence.hu\\\/index.php\\\/2020\\\/07\\\/25\\\/eros-csapattal-indult-a-kemhesz-az-orszagos-horgasz-csapatbajnoksagon\\\/#primaryimage\",\"url\":\"https:\\\/\\\/dorogimedence.hu\\\/wp-content\\\/uploads\\\/2020\\\/07\\\/horgasz-01-1.jpg\",\"contentUrl\":\"https:\\\/\\\/dorogimedence.hu\\\/wp-content\\\/uploads\\\/2020\\\/07\\\/horgasz-01-1.jpg\",\"width\":830,\"height\":450},{\"@type\":\"BreadcrumbList\",\"@id\":\"https:\\\/\\\/dorogimedence.hu\\\/index.php\\\/2020\\\/07\\\/25\\\/eros-csapattal-indult-a-kemhesz-az-orszagos-horgasz-csapatbajnoksagon\\\/#breadcrumb\",\"itemListElement\":[{\"@type\":\"ListItem\",\"position\":1,\"name\":\"Kezd\u0151lap\",\"item\":\"https:\\\/\\\/dorogimedence.hu\\\/\"},{\"@type\":\"ListItem\",\"position\":2,\"name\":\"Er\u0151s csapattal indult a KEMHESZ az orsz\u00e1gos horg\u00e1sz csapatbajnoks\u00e1gon\"}]},{\"@type\":\"WebSite\",\"@id\":\"https:\\\/\\\/dorogimedence.hu\\\/#website\",\"url\":\"https:\\\/\\\/dorogimedence.hu\\\/\",\"name\":\"Dorogi-medence Region\u00e1lis H\u00edrport\u00e1l\",\"description\":\"Dorog, Keszt\u00f6lc, Le\u00e1nyv\u00e1r, Piliscs\u00e9v, Tokod, Tokodalt\u00e1r\u00f3, Csolnok, Esztergom-kertv\u00e1ros: h\u00edrek, programok\",\"publisher\":{\"@id\":\"https:\\\/\\\/dorogimedence.hu\\\/#organization\"},\"potentialAction\":[{\"@type\":\"SearchAction\",\"target\":{\"@type\":\"EntryPoint\",\"urlTemplate\":\"https:\\\/\\\/dorogimedence.hu\\\/?s={search_term_string}\"},\"query-input\":{\"@type\":\"PropertyValueSpecification\",\"valueRequired\":true,\"valueName\":\"search_term_string\"}}],\"inLanguage\":\"hu\"},{\"@type\":\"Organization\",\"@id\":\"https:\\\/\\\/dorogimedence.hu\\\/#organization\",\"name\":\"Dorogi-medence Region\u00e1lis H\u00edrport\u00e1l\",\"url\":\"https:\\\/\\\/dorogimedence.hu\\\/\",\"logo\":{\"@type\":\"ImageObject\",\"inLanguage\":\"hu\",\"@id\":\"https:\\\/\\\/dorogimedence.hu\\\/#\\\/schema\\\/logo\\\/image\\\/\",\"url\":\"https:\\\/\\\/dorogimedence.hu\\\/wp-content\\\/uploads\\\/2021\\\/04\\\/logo-feher-600.png\",\"contentUrl\":\"https:\\\/\\\/dorogimedence.hu\\\/wp-content\\\/uploads\\\/2021\\\/04\\\/logo-feher-600.png\",\"width\":600,\"height\":100,\"caption\":\"Dorogi-medence Region\u00e1lis H\u00edrport\u00e1l\"},\"image\":{\"@id\":\"https:\\\/\\\/dorogimedence.hu\\\/#\\\/schema\\\/logo\\\/image\\\/\"},\"sameAs\":[\"https:\\\/\\\/www.facebook.com\\\/dorogimedence\\\/\"]},{\"@type\":\"Person\",\"@id\":\"https:\\\/\\\/dorogimedence.hu\\\/#\\\/schema\\\/person\\\/ce6091eeb7e95ecdc87890d6aa8e0fd4\",\"name\":\"dorogimedence.hu\",\"image\":{\"@type\":\"ImageObject\",\"inLanguage\":\"hu\",\"@id\":\"\\\/\\\/www.gravatar.com\\\/avatar\\\/d8d45f8901aadff40a4af72c0b826f1d?s=96&#038;r=g&#038;d=mm\",\"url\":\"\\\/\\\/www.gravatar.com\\\/avatar\\\/d8d45f8901aadff40a4af72c0b826f1d?s=96&#038;r=g&#038;d=mm\",\"contentUrl\":\"\\\/\\\/www.gravatar.com\\\/avatar\\\/d8d45f8901aadff40a4af72c0b826f1d?s=96&#038;r=g&#038;d=mm\",\"caption\":\"dorogimedence.hu\"}}]}<\/script>\n<!-- \/ Yoast SEO plugin. -->","yoast_head_json":{"title":"Er\u0151s csapattal indult a KEMHESZ az orsz\u00e1gos horg\u00e1sz csapatbajnoks\u00e1gon","robots":{"index":"index","follow":"follow","max-snippet":"max-snippet:-1","max-image-preview":"max-image-preview:large","max-video-preview":"max-video-preview:-1"},"canonical":"https:\/\/dorogimedence.hu\/index.php\/2020\/07\/25\/eros-csapattal-indult-a-kemhesz-az-orszagos-horgasz-csapatbajnoksagon\/","og_locale":"hu_HU","og_type":"article","og_title":"Er\u0151s csapattal indult a KEMHESZ az orsz\u00e1gos horg\u00e1sz csapatbajnoks\u00e1gon","og_description":"A h\u00e9tv\u00e9g\u00e9n rendezik a szegedi Matyi-\u00e9ren a Magyar Orsz\u00e1gos Horg\u00e1sz Sz\u00f6vets\u00e9g legnagyobb verseny\u00e9t, a tagsz\u00f6vets\u00e9gek csapatainak orsz\u00e1gos bajnoks\u00e1g\u00e1t. A 160 indul\u00f3 k\u00f6z\u00f6tt ott van megy\u00e9nk 8 f\u0151s csapata is. Tavaly a KEMHESZ horg\u00e1szai a hatodik helyen z\u00e1rt\u00e1k az orsz\u00e1gos versenyt \u00e9s id\u00e9n is j\u00f3 szerepl\u00e9sre sz\u00e1m\u00edtanak. Cs\u00fct\u00f6rt\u00f6k\u00f6n a szabadon v\u00e1lasztott, majd p\u00e9nteken a k\u00f6telez\u0151 edz\u00e9sen","og_url":"https:\/\/dorogimedence.hu\/index.php\/2020\/07\/25\/eros-csapattal-indult-a-kemhesz-az-orszagos-horgasz-csapatbajnoksagon\/","og_site_name":"Dorogi-medence Region\u00e1lis H\u00edrport\u00e1l","article_publisher":"https:\/\/www.facebook.com\/dorogimedence\/","article_published_time":"2020-07-25T08:38:45+00:00","article_modified_time":"2020-07-25T08:42:30+00:00","og_image":[{"width":830,"height":450,"url":"https:\/\/i0.wp.com\/dorogimedence.hu\/wp-content\/uploads\/2020\/07\/horgasz-01-1.jpg?fit=830%2C450&ssl=1","type":"image\/jpeg"}],"author":"dorogimedence.hu","twitter_card":"summary_large_image","twitter_misc":{"Szerz\u0151:":"dorogimedence.hu","Becs\u00fclt olvas\u00e1si id\u0151":"2 perc"},"schema":{"@context":"https:\/\/schema.org","@graph":[{"@type":"Article","@id":"https:\/\/dorogimedence.hu\/index.php\/2020\/07\/25\/eros-csapattal-indult-a-kemhesz-az-orszagos-horgasz-csapatbajnoksagon\/#article","isPartOf":{"@id":"https:\/\/dorogimedence.hu\/index.php\/2020\/07\/25\/eros-csapattal-indult-a-kemhesz-az-orszagos-horgasz-csapatbajnoksagon\/"},"author":{"name":"dorogimedence.hu","@id":"https:\/\/dorogimedence.hu\/#\/schema\/person\/ce6091eeb7e95ecdc87890d6aa8e0fd4"},"headline":"Er\u0151s csapattal indult a KEMHESZ az orsz\u00e1gos horg\u00e1sz csapatbajnoks\u00e1gon","datePublished":"2020-07-25T08:38:45+00:00","dateModified":"2020-07-25T08:42:30+00:00","mainEntityOfPage":{"@id":"https:\/\/dorogimedence.hu\/index.php\/2020\/07\/25\/eros-csapattal-indult-a-kemhesz-az-orszagos-horgasz-csapatbajnoksagon\/"},"wordCount":349,"publisher":{"@id":"https:\/\/dorogimedence.hu\/#organization"},"image":{"@id":"https:\/\/dorogimedence.hu\/index.php\/2020\/07\/25\/eros-csapattal-indult-a-kemhesz-az-orszagos-horgasz-csapatbajnoksagon\/#primaryimage"},"thumbnailUrl":"https:\/\/dorogimedence.hu\/wp-content\/uploads\/2020\/07\/horgasz-01-1.jpg","keywords":["horg\u00e1szat","sport"],"articleSection":["Esztergom","H\u00edrek","Kom\u00e1rom-Esztergom","Sport"],"inLanguage":"hu"},{"@type":"WebPage","@id":"https:\/\/dorogimedence.hu\/index.php\/2020\/07\/25\/eros-csapattal-indult-a-kemhesz-az-orszagos-horgasz-csapatbajnoksagon\/","url":"https:\/\/dorogimedence.hu\/index.php\/2020\/07\/25\/eros-csapattal-indult-a-kemhesz-az-orszagos-horgasz-csapatbajnoksagon\/","name":"Er\u0151s csapattal indult a KEMHESZ az orsz\u00e1gos horg\u00e1sz csapatbajnoks\u00e1gon","isPartOf":{"@id":"https:\/\/dorogimedence.hu\/#website"},"primaryImageOfPage":{"@id":"https:\/\/dorogimedence.hu\/index.php\/2020\/07\/25\/eros-csapattal-indult-a-kemhesz-az-orszagos-horgasz-csapatbajnoksagon\/#primaryimage"},"image":{"@id":"https:\/\/dorogimedence.hu\/index.php\/2020\/07\/25\/eros-csapattal-indult-a-kemhesz-az-orszagos-horgasz-csapatbajnoksagon\/#primaryimage"},"thumbnailUrl":"https:\/\/dorogimedence.hu\/wp-content\/uploads\/2020\/07\/horgasz-01-1.jpg","datePublished":"2020-07-25T08:38:45+00:00","dateModified":"2020-07-25T08:42:30+00:00","breadcrumb":{"@id":"https:\/\/dorogimedence.hu\/index.php\/2020\/07\/25\/eros-csapattal-indult-a-kemhesz-az-orszagos-horgasz-csapatbajnoksagon\/#breadcrumb"},"inLanguage":"hu","potentialAction":[{"@type":"ReadAction","target":["https:\/\/dorogimedence.hu\/index.php\/2020\/07\/25\/eros-csapattal-indult-a-kemhesz-az-orszagos-horgasz-csapatbajnoksagon\/"]}]},{"@type":"ImageObject","inLanguage":"hu","@id":"https:\/\/dorogimedence.hu\/index.php\/2020\/07\/25\/eros-csapattal-indult-a-kemhesz-az-orszagos-horgasz-csapatbajnoksagon\/#primaryimage","url":"https:\/\/dorogimedence.hu\/wp-content\/uploads\/2020\/07\/horgasz-01-1.jpg","contentUrl":"https:\/\/dorogimedence.hu\/wp-content\/uploads\/2020\/07\/horgasz-01-1.jpg","width":830,"height":450},{"@type":"BreadcrumbList","@id":"https:\/\/dorogimedence.hu\/index.php\/2020\/07\/25\/eros-csapattal-indult-a-kemhesz-az-orszagos-horgasz-csapatbajnoksagon\/#breadcrumb","itemListElement":[{"@type":"ListItem","position":1,"name":"Kezd\u0151lap","item":"https:\/\/dorogimedence.hu\/"},{"@type":"ListItem","position":2,"name":"Er\u0151s csapattal indult a KEMHESZ az orsz\u00e1gos horg\u00e1sz csapatbajnoks\u00e1gon"}]},{"@type":"WebSite","@id":"https:\/\/dorogimedence.hu\/#website","url":"https:\/\/dorogimedence.hu\/","name":"Dorogi-medence Region\u00e1lis H\u00edrport\u00e1l","description":"Dorog, Keszt\u00f6lc, Le\u00e1nyv\u00e1r, Piliscs\u00e9v, Tokod, Tokodalt\u00e1r\u00f3, Csolnok, Esztergom-kertv\u00e1ros: h\u00edrek, programok","publisher":{"@id":"https:\/\/dorogimedence.hu\/#organization"},"potentialAction":[{"@type":"SearchAction","target":{"@type":"EntryPoint","urlTemplate":"https:\/\/dorogimedence.hu\/?s={search_term_string}"},"query-input":{"@type":"PropertyValueSpecification","valueRequired":true,"valueName":"search_term_string"}}],"inLanguage":"hu"},{"@type":"Organization","@id":"https:\/\/dorogimedence.hu\/#organization","name":"Dorogi-medence Region\u00e1lis H\u00edrport\u00e1l","url":"https:\/\/dorogimedence.hu\/","logo":{"@type":"ImageObject","inLanguage":"hu","@id":"https:\/\/dorogimedence.hu\/#\/schema\/logo\/image\/","url":"https:\/\/dorogimedence.hu\/wp-content\/uploads\/2021\/04\/logo-feher-600.png","contentUrl":"https:\/\/dorogimedence.hu\/wp-content\/uploads\/2021\/04\/logo-feher-600.png","width":600,"height":100,"caption":"Dorogi-medence Region\u00e1lis H\u00edrport\u00e1l"},"image":{"@id":"https:\/\/dorogimedence.hu\/#\/schema\/logo\/image\/"},"sameAs":["https:\/\/www.facebook.com\/dorogimedence\/"]},{"@type":"Person","@id":"https:\/\/dorogimedence.hu\/#\/schema\/person\/ce6091eeb7e95ecdc87890d6aa8e0fd4","name":"dorogimedence.hu","image":{"@type":"ImageObject","inLanguage":"hu","@id":"\/\/www.gravatar.com\/avatar\/d8d45f8901aadff40a4af72c0b826f1d?s=96&#038;r=g&#038;d=mm","url":"\/\/www.gravatar.com\/avatar\/d8d45f8901aadff40a4af72c0b826f1d?s=96&#038;r=g&#038;d=mm","contentUrl":"\/\/www.gravatar.com\/avatar\/d8d45f8901aadff40a4af72c0b826f1d?s=96&#038;r=g&#038;d=mm","caption":"dorogimedence.hu"}}]}},"_links":{"self":[{"href":"https:\/\/dorogimedence.hu\/index.php\/wp-json\/wp\/v2\/posts\/26380","targetHints":{"allow":["GET"]}}],"collection":[{"href":"https:\/\/dorogimedence.hu\/index.php\/wp-json\/wp\/v2\/posts"}],"about":[{"href":"https:\/\/dorogimedence.hu\/index.php\/wp-json\/wp\/v2\/types\/post"}],"author":[{"embeddable":true,"href":"https:\/\/dorogimedence.hu\/index.php\/wp-json\/wp\/v2\/users\/1"}],"replies":[{"embeddable":true,"href":"https:\/\/dorogimedence.hu\/index.php\/wp-json\/wp\/v2\/comments?post=26380"}],"version-history":[{"count":0,"href":"https:\/\/dorogimedence.hu\/index.php\/wp-json\/wp\/v2\/posts\/26380\/revisions"}],"wp:featuredmedia":[{"embeddable":true,"href":"https:\/\/dorogimedence.hu\/index.php\/wp-json\/wp\/v2\/media\/26381"}],"wp:attachment":[{"href":"https:\/\/dorogimedence.hu\/index.php\/wp-json\/wp\/v2\/media?parent=26380"}],"wp:term":[{"taxonomy":"category","embeddable":true,"href":"https:\/\/dorogimedence.hu\/index.php\/wp-json\/wp\/v2\/categories?post=26380"},{"taxonomy":"post_tag","embeddable":true,"href":"https:\/\/dorogimedence.hu\/index.php\/wp-json\/wp\/v2\/tags?post=26380"}],"curies":[{"name":"wp","href":"https:\/\/api.w.org\/{rel}","templated":true}]}}