{"id":26358,"date":"2020-07-25T10:08:27","date_gmt":"2020-07-25T08:08:27","guid":{"rendered":"http:\/\/dorogimedence.hu\/?p=26358"},"modified":"2020-07-25T10:10:53","modified_gmt":"2020-07-25T08:10:53","slug":"esztorszag-vegelathatatlan-lapvideke","status":"publish","type":"post","link":"https:\/\/dorogimedence.hu\/index.php\/2020\/07\/25\/esztorszag-vegelathatatlan-lapvideke\/","title":{"rendered":"\u00c9sztorsz\u00e1g v\u00e9gel\u00e1thatatlan l\u00e1pvid\u00e9ke"},"content":{"rendered":"<p><strong>Lieber Tam\u00e1s \u201cMes\u00e9l\u0151 t\u00e1jak \u00e9s form\u00e1k \u2013 Egy fot\u00f3 \u00e9s ami m\u00f6g\u00f6tte van\u201d c\u00edm\u0171 sorozat\u00e1nak soron k\u00f6vetkez\u0151 r\u00e9sz\u00e9ben az \u00e9sztorsz\u00e1gi Endla Term\u00e9szetv\u00e9delmi Ter\u00fclettel ismerkedhet\u00fcnk meg!<\/strong><\/p>\n<p>\u00c9sztorsz\u00e1g egyik l\u00e1pos gy\u00f6ngyszem\u00e9t k\u00e9ts\u00e9gk\u00edv\u00fcl az 1985-ben alap\u00edtott Endla Term\u00e9szetv\u00e9delmi Ter\u00fclet foglalja mag\u00e1ban, amely a f\u0151v\u00e1rost\u00f3l, Tallinnt\u00f3l kb. 143 kilom\u00e9terre d\u00e9lkeletre, m\u00edg a neves egyetemv\u00e1rost\u00f3l Tartut\u00f3l, 72 kilom\u00e9terre \u00e9szaknyugatra, a J\u00f5geva, J\u00e4rva \u00e9s L\u00e4\u00e4ne-Viru megy\u00e9k tal\u00e1lkoz\u00e1s\u00e1n\u00e1l fekszik, mintegy 10&nbsp;108 hekt\u00e1ron <em>(\u00f6sszehasonl\u00edt\u00e1sk\u00e9ppen, a tal\u00e1n sokak \u00e1ltal ismert sz\u00e9kelyf\u00f6ldi Mohos-t\u0151zegl\u00e1p, \u201emind\u00f6ssze\u201d 80 hekt\u00e1ron ter\u00fcl el).<\/em><\/p>\n<p>Az Endl\u00e1t is mag\u00e1ban foglal\u00f3 t\u00f3vid\u00e9k a legutols\u00f3 j\u00e9gkorszakban keletkezett medenc\u00e9ben ter\u00fcl el. A t\u0151zegl\u00e1p l\u00e9trej\u00f6tt\u00e9hez \u00e9rtelemszer\u0171en az sz\u00fcks\u00e9ges, hogy a ter\u00fclet \u00e1lland\u00f3an, vagy az \u00e9v nagy r\u00e9sz\u00e9ben v\u00edzzel bor\u00edtott legyen. A megtelepedett, majd elpusztult mohar\u00e9tegekre \u00fajabb gener\u00e1ci\u00f3k telepednek, m\u00edg az els\u00fcllyedt telepek v\u00edz alatt, vagyis leveg\u0151t\u0151l elz\u00e1rva bomlanak le. Az \u00fagynevezett t\u0151zegesed\u00e9s folyam\u00e1n t\u00f6bb m\u00e9ter vastags\u00e1g\u00fa telepek j\u00f6nnek l\u00e9tre. Ahol nem egybef\u00fcgg\u0151 a n\u00f6v\u00e9nytakar\u00f3, ott szabad v\u00edzfel\u00fcletek (v\u00edzt\u00fckr\u00f6k) jelennek meg.<\/p>\n<p>ngg_shortcode_0_placeholderA l\u00e1pvid\u00e9k \u201ef\u0151ver\u0151ere\u201d \u00c9sztorsz\u00e1g harmadik leghosszabb foly\u00f3ja, a n\u00e9gy megy\u00e9t is \u00e1tszel\u0151, 135 km hossz\u00fa P\u00f5ltsamaa. A foly\u00f3t sz\u00e1mos felsz\u00edn alatti v\u00edzfoly\u00e1s is t\u00e1pl\u00e1lja, \u00edgy medr\u00e9ben mindig elegend\u0151 v\u00edz tal\u00e1lhat\u00f3 a l\u00e1pvid\u00e9k \u00e9letben tart\u00e1s\u00e1ra, de a v\u00edzit\u00far\u00e1z\u00f3knak sem kell agg\u00f3dniuk emiatt.<\/p>\n<p>A ter\u00fcleten 6 nagyobb t\u00f3, \u00e9s sz\u00e1mtalan kisebb v\u00edzfel\u00fclet tal\u00e1lhat\u00f3. A l\u00e1pvid\u00e9k jelent\u0151s kiterjed\u00e9s\u00e9t legnagyobb tav\u00e1nak az Endl\u00e1nak adatai is igazolj\u00e1k; kiterjed\u00e9se 286 hekt\u00e1r, legnagyobb m\u00e9lys\u00e9ge 2,5 m\u00e9ter, m\u00edg partvonal\u00e1nak hossza meghaladja a 28 km-t.<\/p>\n<p>Az Endla-l\u00e1p 461 n\u00f6v\u00e9ny- (k\u00f6zt\u00fck 165 mohaf\u00e9le) \u00e9s 182 mad\u00e1rfajnak ad otthont. Sok mad\u00e1r itt is k\u00f6lt, de v\u00e1ndormadarak pihen\u0151hely\u00e9\u00fcl is szolg\u00e1l. Ugyanakkor a k\u00e9t\u00e9lt\u0171ek \u00e9s rovarok, valamint p\u00f3kok sz\u00e1ma sem elhanyagolhat\u00f3.<\/p>\n<p>A ter\u00fclet inform\u00e1ci\u00f3s k\u00f6zpontja Tooma telep\u00fcl\u00e9sen tal\u00e1lhat\u00f3. A l\u00e1pvid\u00e9k megismer\u00e9s\u00e9re t\u00f6bb, j\u00f3l jelzett \u00fatvonal is k\u00edn\u00e1lkozik. Tal\u00e1n a legl\u00e1tv\u00e1nyosabb, egy 8 km-es k\u00f6rt bej\u00e1r\u00f3 \u00f6sv\u00e9ny, amelynek kb. 1,5 km-es szakasz\u00e1t fapall\u00f3kon s\u00e9t\u00e1lva tehetj\u00fck meg. Ott j\u00e1rtunkkor, 2015 augusztus\u00e1ban a term\u00e9szetv\u00e9delmi ter\u00fclet fenntart\u00f3ja a pall\u00f3rendszer karbantart\u00e1s\u00e1t v\u00e9gezte, \u00edgy bizonyos szakaszok le voltak z\u00e1rva el\u0151l\u00fcnk (persze ett\u0151l f\u00fcggetlen\u00fcl v\u00e9gig\u00fcgyeskedt\u00fcnk a m\u00e1r cser\u00e9re \u00e9rett, korhadt deszk\u00e1kon is). A botanikusok \u00e9s madar\u00e1szok paradicsom\u00e1nak tartott ter\u00fclet b\u0151velkedik a l\u00e1tnival\u00f3kban, sz\u00e1mos v\u00e9dett \u00e9l\u0151l\u00e9ny k\u00f6z\u00f6tt igazi kuri\u00f3zumok is akadnak, mint p\u00e9ld\u00e1ul a rovarfogyaszt\u00f3 kereklevel\u0171 harmatf\u0171. Sajnos az Endla-t\u00f3 partj\u00e1n \u00e1ll\u00f3 15 m\u00e9teres mad\u00e1rmegfigyel\u0151 torony is fel\u00faj\u00edt\u00e1sra v\u00e1rt, erre m\u00e1r mi sem k\u00eds\u00e9relt\u00fck meg a feljut\u00e1st, pedig minden bizonnyal pazar panor\u00e1ma t\u00e1rult volna el\u00e9nk. A tavacsk\u00e1k felett fut\u00f3 faj\u00e1rd\u00e1k, hidak ut\u00e1n erdei \u00f6sv\u00e9nyen halad az \u00fat, amelynek egy r\u00e9sze a s\u00fcpped\u0151s talaj miatt szint\u00fagy deszk\u00e1kkal, illetve fah\u00e1nccsal bor\u00edtott. A t\u00f3 partj\u00e1n kicsiny tiszt\u00e1s \u00e9s cs\u00f3nakkik\u00f6t\u0151 tal\u00e1lhat\u00f3, \u00e9s egy kicsiny, b\u00e9relhet\u0151 h\u00e1zik\u00f3 is.<\/p>\n<p>A vissza\u00fatra \u2013 b\u00e1r jelzett \u00f6sv\u00e9nyr\u0151l van sz\u00f3 \u2013 l\u00e1tsz\u00f3lag m\u00e1r nem jutott a fapall\u00f3kb\u00f3l, \u00edgy bizony mi is megtapasztalhattuk a mohos talaj rug\u00f3z\u00e1s\u00e1t, egy\u00fattal bakancsaink v\u00edz\u00e1ll\u00f3s\u00e1g\u00e1r\u00f3l is meggy\u0151z\u0151dhett\u00fcnk.<\/p>\n<p>Jelen cikkem t\u00e9m\u00e1j\u00e1ul szolg\u00e1l\u00f3 felv\u00e9tel a pall\u00f3rendszer besz\u00e1ll\u00e1s\u00e1n\u00e1l k\u00e9sz\u00fclt. Itt a m\u00e1r fel\u00faj\u00edtott \u00f6sv\u00e9nyen j\u00e1rhattunk, n\u00e9h\u00e1ny sz\u00e1z m\u00e9ter megt\u00e9tele ut\u00e1n azonban m\u00e9g a r\u00e9gi, kiss\u00e9 fogh\u00edjas deszk\u00e1kon kellett egyens\u00falyozni. A kellemes ny\u00e1ri id\u0151ben, ragyog\u00f3 naps\u00fct\u00e9sben az apr\u00f3cska tavacsk\u00e1k t\u00fckr\u00f6zt\u00e9k vissza az \u00e9g k\u00e9kj\u00e9t, v\u00e9gtelen nyugalmat \u00e1rasztva (egyik\u00fckben lehet\u0151s\u00e9g\u00fcnk volt megn\u00e1rt\u00f3zni). Az\u00e9rt a t\u00f6rt\u00e9nethez az is hozz\u00e1tartozik, hogy k\u00f6zel 40 f\u0151s t\u00e1rsas\u00e1g tagjak\u00e9nt vettem r\u00e9szt ezen a t\u00far\u00e1n, de a pall\u00f3hoz \u00e9rve siker\u00fclt a csoport elej\u00e9n haladnom, \u00edgy az \u00fcres, v\u00e9gtelenbe vesz\u0151 \u00f6sv\u00e9nyt is meg tudtam \u00f6r\u00f6k\u00edteni. A csapat k\u00f6zep\u00e9n vagy v\u00e9g\u00e9n haladva erre aligha lett volna lehet\u0151s\u00e9gem.<\/p>\n<p>Az endlai t\u00far\u00e1r\u00f3l az \u00c9let \u00e9s Tudom\u00e1ny foly\u00f3irat 2015\/47. sz\u00e1m\u00e1ban jelent meg egy a mostanin\u00e1l tartalmasabb \u00edr\u00e1som (l\u00e1sd: <span style=\"text-decoration: underline; color: #0000ff;\"><a style=\"color: #0000ff; text-decoration: underline;\" href=\"https:\/\/bebte.hu\/lapok-foldjen-esztorszagi-barangolas\/\" target=\"_blank\" rel=\"noopener noreferrer\">https:\/\/bebte.hu\/lapok-foldjen-esztorszagi-barangolas\/<\/a><\/span>).<\/p>\n<p>A lap szerkeszt\u0151inek is elnyerte a tetsz\u00e9s\u00e9t a t\u00e9ma, amit \u00f6r\u00f6m\u00f6mre c\u00edmlappal is honor\u00e1ltak.<\/p>\n<p><em>Lieber Tam\u00e1s<\/em><\/p>\n<p><strong>A sorozathoz kapcsol\u00f3d\u00f3 tov\u00e1bbi cikkek <span style=\"text-decoration: underline; color: #0000ff;\"><a style=\"color: #0000ff; text-decoration: underline;\" href=\"https:\/\/dorogimedence.hu\/index.php\/category\/meselo-tajak-es-formak\/\" target=\"_blank\" rel=\"noopener noreferrer\">ide kattintva<\/a><\/span> \u00e9rhet\u0151k el!<\/strong><\/p>\n","protected":false},"excerpt":{"rendered":"<p>Lieber Tam\u00e1s \u201cMes\u00e9l\u0151 t\u00e1jak \u00e9s form\u00e1k \u2013 Egy fot\u00f3 \u00e9s ami m\u00f6g\u00f6tte van\u201d c\u00edm\u0171 sorozat\u00e1nak soron k\u00f6vetkez\u0151 r\u00e9sz\u00e9ben az \u00e9sztorsz\u00e1gi Endla Term\u00e9szetv\u00e9delmi Ter\u00fclettel ismerkedhet\u00fcnk meg! \u00c9sztorsz\u00e1g egyik l\u00e1pos gy\u00f6ngyszem\u00e9t k\u00e9ts\u00e9gk\u00edv\u00fcl az 1985-ben alap\u00edtott Endla Term\u00e9szetv\u00e9delmi Ter\u00fclet foglalja mag\u00e1ban, amely a f\u0151v\u00e1rost\u00f3l, Tallinnt\u00f3l kb. 143 kilom\u00e9terre d\u00e9lkeletre, m\u00edg a neves egyetemv\u00e1rost\u00f3l Tartut\u00f3l, 72 kilom\u00e9terre \u00e9szaknyugatra, a<\/p>\n","protected":false},"author":1,"featured_media":26359,"comment_status":"closed","ping_status":"closed","sticky":false,"template":"","format":"standard","meta":{"ngg_post_thumbnail":0,"footnotes":""},"categories":[3,4923],"tags":[5034,3474,4924],"class_list":{"0":"post-26358","1":"post","2":"type-post","3":"status-publish","4":"format-standard","5":"has-post-thumbnail","7":"category-hirek","8":"category-meselo-tajak-es-formak","9":"tag-endla","10":"tag-lieber-tamas","11":"tag-meselo-tajak-es-formak"},"yoast_head":"<!-- This site is optimized with the Yoast SEO plugin v27.5 - https:\/\/yoast.com\/product\/yoast-seo-wordpress\/ -->\n<title>\u00c9sztorsz\u00e1g v\u00e9gel\u00e1thatatlan l\u00e1pvid\u00e9ke<\/title>\n<meta name=\"robots\" content=\"index, follow, max-snippet:-1, max-image-preview:large, max-video-preview:-1\" \/>\n<link rel=\"canonical\" href=\"https:\/\/dorogimedence.hu\/index.php\/2020\/07\/25\/esztorszag-vegelathatatlan-lapvideke\/\" class=\"yoast-seo-meta-tag\" \/>\n<meta property=\"og:locale\" content=\"hu_HU\" class=\"yoast-seo-meta-tag\" \/>\n<meta property=\"og:type\" content=\"article\" class=\"yoast-seo-meta-tag\" \/>\n<meta property=\"og:title\" content=\"\u00c9sztorsz\u00e1g v\u00e9gel\u00e1thatatlan l\u00e1pvid\u00e9ke\" class=\"yoast-seo-meta-tag\" \/>\n<meta property=\"og:description\" content=\"Lieber Tam\u00e1s \u201cMes\u00e9l\u0151 t\u00e1jak \u00e9s form\u00e1k \u2013 Egy fot\u00f3 \u00e9s ami m\u00f6g\u00f6tte van\u201d c\u00edm\u0171 sorozat\u00e1nak soron k\u00f6vetkez\u0151 r\u00e9sz\u00e9ben az \u00e9sztorsz\u00e1gi Endla Term\u00e9szetv\u00e9delmi Ter\u00fclettel ismerkedhet\u00fcnk meg! \u00c9sztorsz\u00e1g egyik l\u00e1pos gy\u00f6ngyszem\u00e9t k\u00e9ts\u00e9gk\u00edv\u00fcl az 1985-ben alap\u00edtott Endla Term\u00e9szetv\u00e9delmi Ter\u00fclet foglalja mag\u00e1ban, amely a f\u0151v\u00e1rost\u00f3l, Tallinnt\u00f3l kb. 143 kilom\u00e9terre d\u00e9lkeletre, m\u00edg a neves egyetemv\u00e1rost\u00f3l Tartut\u00f3l, 72 kilom\u00e9terre \u00e9szaknyugatra, a\" class=\"yoast-seo-meta-tag\" \/>\n<meta property=\"og:url\" content=\"https:\/\/dorogimedence.hu\/index.php\/2020\/07\/25\/esztorszag-vegelathatatlan-lapvideke\/\" class=\"yoast-seo-meta-tag\" \/>\n<meta property=\"og:site_name\" content=\"Dorogi-medence Region\u00e1lis H\u00edrport\u00e1l\" class=\"yoast-seo-meta-tag\" \/>\n<meta property=\"article:publisher\" content=\"https:\/\/www.facebook.com\/dorogimedence\/\" class=\"yoast-seo-meta-tag\" \/>\n<meta property=\"article:published_time\" content=\"2020-07-25T08:08:27+00:00\" class=\"yoast-seo-meta-tag\" \/>\n<meta property=\"article:modified_time\" content=\"2020-07-25T08:10:53+00:00\" class=\"yoast-seo-meta-tag\" \/>\n<meta property=\"og:image\" content=\"https:\/\/i0.wp.com\/dorogimedence.hu\/wp-content\/uploads\/2020\/07\/endla-01.jpg?fit=830%2C450&ssl=1\" class=\"yoast-seo-meta-tag\" \/>\n\t<meta property=\"og:image:width\" content=\"830\" class=\"yoast-seo-meta-tag\" \/>\n\t<meta property=\"og:image:height\" content=\"450\" class=\"yoast-seo-meta-tag\" \/>\n\t<meta property=\"og:image:type\" content=\"image\/jpeg\" class=\"yoast-seo-meta-tag\" \/>\n<meta name=\"author\" content=\"dorogimedence.hu\" class=\"yoast-seo-meta-tag\" \/>\n<meta name=\"twitter:card\" content=\"summary_large_image\" class=\"yoast-seo-meta-tag\" \/>\n<meta name=\"twitter:label1\" content=\"Szerz\u0151:\" class=\"yoast-seo-meta-tag\" \/>\n\t<meta name=\"twitter:data1\" content=\"dorogimedence.hu\" class=\"yoast-seo-meta-tag\" \/>\n\t<meta name=\"twitter:label2\" content=\"Becs\u00fclt olvas\u00e1si id\u0151\" class=\"yoast-seo-meta-tag\" \/>\n\t<meta name=\"twitter:data2\" content=\"5 perc\" class=\"yoast-seo-meta-tag\" \/>\n<script type=\"application\/ld+json\" class=\"yoast-schema-graph\">{\"@context\":\"https:\\\/\\\/schema.org\",\"@graph\":[{\"@type\":\"Article\",\"@id\":\"https:\\\/\\\/dorogimedence.hu\\\/index.php\\\/2020\\\/07\\\/25\\\/esztorszag-vegelathatatlan-lapvideke\\\/#article\",\"isPartOf\":{\"@id\":\"https:\\\/\\\/dorogimedence.hu\\\/index.php\\\/2020\\\/07\\\/25\\\/esztorszag-vegelathatatlan-lapvideke\\\/\"},\"author\":{\"name\":\"dorogimedence.hu\",\"@id\":\"https:\\\/\\\/dorogimedence.hu\\\/#\\\/schema\\\/person\\\/ce6091eeb7e95ecdc87890d6aa8e0fd4\"},\"headline\":\"\u00c9sztorsz\u00e1g v\u00e9gel\u00e1thatatlan l\u00e1pvid\u00e9ke\",\"datePublished\":\"2020-07-25T08:08:27+00:00\",\"dateModified\":\"2020-07-25T08:10:53+00:00\",\"mainEntityOfPage\":{\"@id\":\"https:\\\/\\\/dorogimedence.hu\\\/index.php\\\/2020\\\/07\\\/25\\\/esztorszag-vegelathatatlan-lapvideke\\\/\"},\"wordCount\":965,\"publisher\":{\"@id\":\"https:\\\/\\\/dorogimedence.hu\\\/#organization\"},\"image\":{\"@id\":\"https:\\\/\\\/dorogimedence.hu\\\/index.php\\\/2020\\\/07\\\/25\\\/esztorszag-vegelathatatlan-lapvideke\\\/#primaryimage\"},\"thumbnailUrl\":\"https:\\\/\\\/dorogimedence.hu\\\/wp-content\\\/uploads\\\/2020\\\/07\\\/endla-01.jpg\",\"keywords\":[\"Endla\",\"Lieber Tam\u00e1s\",\"Mes\u00e9l\u0151 t\u00e1jak \u00e9s form\u00e1k\"],\"articleSection\":[\"H\u00edrek\",\"Mes\u00e9l\u0151 t\u00e1jak \u00e9s form\u00e1k\"],\"inLanguage\":\"hu\"},{\"@type\":\"WebPage\",\"@id\":\"https:\\\/\\\/dorogimedence.hu\\\/index.php\\\/2020\\\/07\\\/25\\\/esztorszag-vegelathatatlan-lapvideke\\\/\",\"url\":\"https:\\\/\\\/dorogimedence.hu\\\/index.php\\\/2020\\\/07\\\/25\\\/esztorszag-vegelathatatlan-lapvideke\\\/\",\"name\":\"\u00c9sztorsz\u00e1g v\u00e9gel\u00e1thatatlan l\u00e1pvid\u00e9ke\",\"isPartOf\":{\"@id\":\"https:\\\/\\\/dorogimedence.hu\\\/#website\"},\"primaryImageOfPage\":{\"@id\":\"https:\\\/\\\/dorogimedence.hu\\\/index.php\\\/2020\\\/07\\\/25\\\/esztorszag-vegelathatatlan-lapvideke\\\/#primaryimage\"},\"image\":{\"@id\":\"https:\\\/\\\/dorogimedence.hu\\\/index.php\\\/2020\\\/07\\\/25\\\/esztorszag-vegelathatatlan-lapvideke\\\/#primaryimage\"},\"thumbnailUrl\":\"https:\\\/\\\/dorogimedence.hu\\\/wp-content\\\/uploads\\\/2020\\\/07\\\/endla-01.jpg\",\"datePublished\":\"2020-07-25T08:08:27+00:00\",\"dateModified\":\"2020-07-25T08:10:53+00:00\",\"breadcrumb\":{\"@id\":\"https:\\\/\\\/dorogimedence.hu\\\/index.php\\\/2020\\\/07\\\/25\\\/esztorszag-vegelathatatlan-lapvideke\\\/#breadcrumb\"},\"inLanguage\":\"hu\",\"potentialAction\":[{\"@type\":\"ReadAction\",\"target\":[\"https:\\\/\\\/dorogimedence.hu\\\/index.php\\\/2020\\\/07\\\/25\\\/esztorszag-vegelathatatlan-lapvideke\\\/\"]}]},{\"@type\":\"ImageObject\",\"inLanguage\":\"hu\",\"@id\":\"https:\\\/\\\/dorogimedence.hu\\\/index.php\\\/2020\\\/07\\\/25\\\/esztorszag-vegelathatatlan-lapvideke\\\/#primaryimage\",\"url\":\"https:\\\/\\\/dorogimedence.hu\\\/wp-content\\\/uploads\\\/2020\\\/07\\\/endla-01.jpg\",\"contentUrl\":\"https:\\\/\\\/dorogimedence.hu\\\/wp-content\\\/uploads\\\/2020\\\/07\\\/endla-01.jpg\",\"width\":830,\"height\":450},{\"@type\":\"BreadcrumbList\",\"@id\":\"https:\\\/\\\/dorogimedence.hu\\\/index.php\\\/2020\\\/07\\\/25\\\/esztorszag-vegelathatatlan-lapvideke\\\/#breadcrumb\",\"itemListElement\":[{\"@type\":\"ListItem\",\"position\":1,\"name\":\"Kezd\u0151lap\",\"item\":\"https:\\\/\\\/dorogimedence.hu\\\/\"},{\"@type\":\"ListItem\",\"position\":2,\"name\":\"\u00c9sztorsz\u00e1g v\u00e9gel\u00e1thatatlan l\u00e1pvid\u00e9ke\"}]},{\"@type\":\"WebSite\",\"@id\":\"https:\\\/\\\/dorogimedence.hu\\\/#website\",\"url\":\"https:\\\/\\\/dorogimedence.hu\\\/\",\"name\":\"Dorogi-medence Region\u00e1lis H\u00edrport\u00e1l\",\"description\":\"Dorog, Keszt\u00f6lc, Le\u00e1nyv\u00e1r, Piliscs\u00e9v, Tokod, Tokodalt\u00e1r\u00f3, Csolnok, Esztergom-kertv\u00e1ros: h\u00edrek, programok\",\"publisher\":{\"@id\":\"https:\\\/\\\/dorogimedence.hu\\\/#organization\"},\"potentialAction\":[{\"@type\":\"SearchAction\",\"target\":{\"@type\":\"EntryPoint\",\"urlTemplate\":\"https:\\\/\\\/dorogimedence.hu\\\/?s={search_term_string}\"},\"query-input\":{\"@type\":\"PropertyValueSpecification\",\"valueRequired\":true,\"valueName\":\"search_term_string\"}}],\"inLanguage\":\"hu\"},{\"@type\":\"Organization\",\"@id\":\"https:\\\/\\\/dorogimedence.hu\\\/#organization\",\"name\":\"Dorogi-medence Region\u00e1lis H\u00edrport\u00e1l\",\"url\":\"https:\\\/\\\/dorogimedence.hu\\\/\",\"logo\":{\"@type\":\"ImageObject\",\"inLanguage\":\"hu\",\"@id\":\"https:\\\/\\\/dorogimedence.hu\\\/#\\\/schema\\\/logo\\\/image\\\/\",\"url\":\"https:\\\/\\\/dorogimedence.hu\\\/wp-content\\\/uploads\\\/2021\\\/04\\\/logo-feher-600.png\",\"contentUrl\":\"https:\\\/\\\/dorogimedence.hu\\\/wp-content\\\/uploads\\\/2021\\\/04\\\/logo-feher-600.png\",\"width\":600,\"height\":100,\"caption\":\"Dorogi-medence Region\u00e1lis H\u00edrport\u00e1l\"},\"image\":{\"@id\":\"https:\\\/\\\/dorogimedence.hu\\\/#\\\/schema\\\/logo\\\/image\\\/\"},\"sameAs\":[\"https:\\\/\\\/www.facebook.com\\\/dorogimedence\\\/\"]},{\"@type\":\"Person\",\"@id\":\"https:\\\/\\\/dorogimedence.hu\\\/#\\\/schema\\\/person\\\/ce6091eeb7e95ecdc87890d6aa8e0fd4\",\"name\":\"dorogimedence.hu\",\"image\":{\"@type\":\"ImageObject\",\"inLanguage\":\"hu\",\"@id\":\"\\\/\\\/www.gravatar.com\\\/avatar\\\/d8d45f8901aadff40a4af72c0b826f1d?s=96&#038;r=g&#038;d=mm\",\"url\":\"\\\/\\\/www.gravatar.com\\\/avatar\\\/d8d45f8901aadff40a4af72c0b826f1d?s=96&#038;r=g&#038;d=mm\",\"contentUrl\":\"\\\/\\\/www.gravatar.com\\\/avatar\\\/d8d45f8901aadff40a4af72c0b826f1d?s=96&#038;r=g&#038;d=mm\",\"caption\":\"dorogimedence.hu\"}}]}<\/script>\n<!-- \/ Yoast SEO plugin. -->","yoast_head_json":{"title":"\u00c9sztorsz\u00e1g v\u00e9gel\u00e1thatatlan l\u00e1pvid\u00e9ke","robots":{"index":"index","follow":"follow","max-snippet":"max-snippet:-1","max-image-preview":"max-image-preview:large","max-video-preview":"max-video-preview:-1"},"canonical":"https:\/\/dorogimedence.hu\/index.php\/2020\/07\/25\/esztorszag-vegelathatatlan-lapvideke\/","og_locale":"hu_HU","og_type":"article","og_title":"\u00c9sztorsz\u00e1g v\u00e9gel\u00e1thatatlan l\u00e1pvid\u00e9ke","og_description":"Lieber Tam\u00e1s \u201cMes\u00e9l\u0151 t\u00e1jak \u00e9s form\u00e1k \u2013 Egy fot\u00f3 \u00e9s ami m\u00f6g\u00f6tte van\u201d c\u00edm\u0171 sorozat\u00e1nak soron k\u00f6vetkez\u0151 r\u00e9sz\u00e9ben az \u00e9sztorsz\u00e1gi Endla Term\u00e9szetv\u00e9delmi Ter\u00fclettel ismerkedhet\u00fcnk meg! \u00c9sztorsz\u00e1g egyik l\u00e1pos gy\u00f6ngyszem\u00e9t k\u00e9ts\u00e9gk\u00edv\u00fcl az 1985-ben alap\u00edtott Endla Term\u00e9szetv\u00e9delmi Ter\u00fclet foglalja mag\u00e1ban, amely a f\u0151v\u00e1rost\u00f3l, Tallinnt\u00f3l kb. 143 kilom\u00e9terre d\u00e9lkeletre, m\u00edg a neves egyetemv\u00e1rost\u00f3l Tartut\u00f3l, 72 kilom\u00e9terre \u00e9szaknyugatra, a","og_url":"https:\/\/dorogimedence.hu\/index.php\/2020\/07\/25\/esztorszag-vegelathatatlan-lapvideke\/","og_site_name":"Dorogi-medence Region\u00e1lis H\u00edrport\u00e1l","article_publisher":"https:\/\/www.facebook.com\/dorogimedence\/","article_published_time":"2020-07-25T08:08:27+00:00","article_modified_time":"2020-07-25T08:10:53+00:00","og_image":[{"width":830,"height":450,"url":"https:\/\/i0.wp.com\/dorogimedence.hu\/wp-content\/uploads\/2020\/07\/endla-01.jpg?fit=830%2C450&ssl=1","type":"image\/jpeg"}],"author":"dorogimedence.hu","twitter_card":"summary_large_image","twitter_misc":{"Szerz\u0151:":"dorogimedence.hu","Becs\u00fclt olvas\u00e1si id\u0151":"5 perc"},"schema":{"@context":"https:\/\/schema.org","@graph":[{"@type":"Article","@id":"https:\/\/dorogimedence.hu\/index.php\/2020\/07\/25\/esztorszag-vegelathatatlan-lapvideke\/#article","isPartOf":{"@id":"https:\/\/dorogimedence.hu\/index.php\/2020\/07\/25\/esztorszag-vegelathatatlan-lapvideke\/"},"author":{"name":"dorogimedence.hu","@id":"https:\/\/dorogimedence.hu\/#\/schema\/person\/ce6091eeb7e95ecdc87890d6aa8e0fd4"},"headline":"\u00c9sztorsz\u00e1g v\u00e9gel\u00e1thatatlan l\u00e1pvid\u00e9ke","datePublished":"2020-07-25T08:08:27+00:00","dateModified":"2020-07-25T08:10:53+00:00","mainEntityOfPage":{"@id":"https:\/\/dorogimedence.hu\/index.php\/2020\/07\/25\/esztorszag-vegelathatatlan-lapvideke\/"},"wordCount":965,"publisher":{"@id":"https:\/\/dorogimedence.hu\/#organization"},"image":{"@id":"https:\/\/dorogimedence.hu\/index.php\/2020\/07\/25\/esztorszag-vegelathatatlan-lapvideke\/#primaryimage"},"thumbnailUrl":"https:\/\/dorogimedence.hu\/wp-content\/uploads\/2020\/07\/endla-01.jpg","keywords":["Endla","Lieber Tam\u00e1s","Mes\u00e9l\u0151 t\u00e1jak \u00e9s form\u00e1k"],"articleSection":["H\u00edrek","Mes\u00e9l\u0151 t\u00e1jak \u00e9s form\u00e1k"],"inLanguage":"hu"},{"@type":"WebPage","@id":"https:\/\/dorogimedence.hu\/index.php\/2020\/07\/25\/esztorszag-vegelathatatlan-lapvideke\/","url":"https:\/\/dorogimedence.hu\/index.php\/2020\/07\/25\/esztorszag-vegelathatatlan-lapvideke\/","name":"\u00c9sztorsz\u00e1g v\u00e9gel\u00e1thatatlan l\u00e1pvid\u00e9ke","isPartOf":{"@id":"https:\/\/dorogimedence.hu\/#website"},"primaryImageOfPage":{"@id":"https:\/\/dorogimedence.hu\/index.php\/2020\/07\/25\/esztorszag-vegelathatatlan-lapvideke\/#primaryimage"},"image":{"@id":"https:\/\/dorogimedence.hu\/index.php\/2020\/07\/25\/esztorszag-vegelathatatlan-lapvideke\/#primaryimage"},"thumbnailUrl":"https:\/\/dorogimedence.hu\/wp-content\/uploads\/2020\/07\/endla-01.jpg","datePublished":"2020-07-25T08:08:27+00:00","dateModified":"2020-07-25T08:10:53+00:00","breadcrumb":{"@id":"https:\/\/dorogimedence.hu\/index.php\/2020\/07\/25\/esztorszag-vegelathatatlan-lapvideke\/#breadcrumb"},"inLanguage":"hu","potentialAction":[{"@type":"ReadAction","target":["https:\/\/dorogimedence.hu\/index.php\/2020\/07\/25\/esztorszag-vegelathatatlan-lapvideke\/"]}]},{"@type":"ImageObject","inLanguage":"hu","@id":"https:\/\/dorogimedence.hu\/index.php\/2020\/07\/25\/esztorszag-vegelathatatlan-lapvideke\/#primaryimage","url":"https:\/\/dorogimedence.hu\/wp-content\/uploads\/2020\/07\/endla-01.jpg","contentUrl":"https:\/\/dorogimedence.hu\/wp-content\/uploads\/2020\/07\/endla-01.jpg","width":830,"height":450},{"@type":"BreadcrumbList","@id":"https:\/\/dorogimedence.hu\/index.php\/2020\/07\/25\/esztorszag-vegelathatatlan-lapvideke\/#breadcrumb","itemListElement":[{"@type":"ListItem","position":1,"name":"Kezd\u0151lap","item":"https:\/\/dorogimedence.hu\/"},{"@type":"ListItem","position":2,"name":"\u00c9sztorsz\u00e1g v\u00e9gel\u00e1thatatlan l\u00e1pvid\u00e9ke"}]},{"@type":"WebSite","@id":"https:\/\/dorogimedence.hu\/#website","url":"https:\/\/dorogimedence.hu\/","name":"Dorogi-medence Region\u00e1lis H\u00edrport\u00e1l","description":"Dorog, Keszt\u00f6lc, Le\u00e1nyv\u00e1r, Piliscs\u00e9v, Tokod, Tokodalt\u00e1r\u00f3, Csolnok, Esztergom-kertv\u00e1ros: h\u00edrek, programok","publisher":{"@id":"https:\/\/dorogimedence.hu\/#organization"},"potentialAction":[{"@type":"SearchAction","target":{"@type":"EntryPoint","urlTemplate":"https:\/\/dorogimedence.hu\/?s={search_term_string}"},"query-input":{"@type":"PropertyValueSpecification","valueRequired":true,"valueName":"search_term_string"}}],"inLanguage":"hu"},{"@type":"Organization","@id":"https:\/\/dorogimedence.hu\/#organization","name":"Dorogi-medence Region\u00e1lis H\u00edrport\u00e1l","url":"https:\/\/dorogimedence.hu\/","logo":{"@type":"ImageObject","inLanguage":"hu","@id":"https:\/\/dorogimedence.hu\/#\/schema\/logo\/image\/","url":"https:\/\/dorogimedence.hu\/wp-content\/uploads\/2021\/04\/logo-feher-600.png","contentUrl":"https:\/\/dorogimedence.hu\/wp-content\/uploads\/2021\/04\/logo-feher-600.png","width":600,"height":100,"caption":"Dorogi-medence Region\u00e1lis H\u00edrport\u00e1l"},"image":{"@id":"https:\/\/dorogimedence.hu\/#\/schema\/logo\/image\/"},"sameAs":["https:\/\/www.facebook.com\/dorogimedence\/"]},{"@type":"Person","@id":"https:\/\/dorogimedence.hu\/#\/schema\/person\/ce6091eeb7e95ecdc87890d6aa8e0fd4","name":"dorogimedence.hu","image":{"@type":"ImageObject","inLanguage":"hu","@id":"\/\/www.gravatar.com\/avatar\/d8d45f8901aadff40a4af72c0b826f1d?s=96&#038;r=g&#038;d=mm","url":"\/\/www.gravatar.com\/avatar\/d8d45f8901aadff40a4af72c0b826f1d?s=96&#038;r=g&#038;d=mm","contentUrl":"\/\/www.gravatar.com\/avatar\/d8d45f8901aadff40a4af72c0b826f1d?s=96&#038;r=g&#038;d=mm","caption":"dorogimedence.hu"}}]}},"_links":{"self":[{"href":"https:\/\/dorogimedence.hu\/index.php\/wp-json\/wp\/v2\/posts\/26358","targetHints":{"allow":["GET"]}}],"collection":[{"href":"https:\/\/dorogimedence.hu\/index.php\/wp-json\/wp\/v2\/posts"}],"about":[{"href":"https:\/\/dorogimedence.hu\/index.php\/wp-json\/wp\/v2\/types\/post"}],"author":[{"embeddable":true,"href":"https:\/\/dorogimedence.hu\/index.php\/wp-json\/wp\/v2\/users\/1"}],"replies":[{"embeddable":true,"href":"https:\/\/dorogimedence.hu\/index.php\/wp-json\/wp\/v2\/comments?post=26358"}],"version-history":[{"count":0,"href":"https:\/\/dorogimedence.hu\/index.php\/wp-json\/wp\/v2\/posts\/26358\/revisions"}],"wp:featuredmedia":[{"embeddable":true,"href":"https:\/\/dorogimedence.hu\/index.php\/wp-json\/wp\/v2\/media\/26359"}],"wp:attachment":[{"href":"https:\/\/dorogimedence.hu\/index.php\/wp-json\/wp\/v2\/media?parent=26358"}],"wp:term":[{"taxonomy":"category","embeddable":true,"href":"https:\/\/dorogimedence.hu\/index.php\/wp-json\/wp\/v2\/categories?post=26358"},{"taxonomy":"post_tag","embeddable":true,"href":"https:\/\/dorogimedence.hu\/index.php\/wp-json\/wp\/v2\/tags?post=26358"}],"curies":[{"name":"wp","href":"https:\/\/api.w.org\/{rel}","templated":true}]}}