{"id":26077,"date":"2020-07-11T07:52:34","date_gmt":"2020-07-11T05:52:34","guid":{"rendered":"http:\/\/dorogimedence.hu\/?p=26077"},"modified":"2020-07-11T07:52:54","modified_gmt":"2020-07-11T05:52:54","slug":"idosbarat-onkormanyzat-dijat-alapitott-a-megyei-idosugyi-tanacs","status":"publish","type":"post","link":"https:\/\/dorogimedence.hu\/index.php\/2020\/07\/11\/idosbarat-onkormanyzat-dijat-alapitott-a-megyei-idosugyi-tanacs\/","title":{"rendered":"Id\u0151sbar\u00e1t \u00d6nkorm\u00e1nyzat D\u00edjat alap\u00edtott a megyei Id\u0151s\u00fcgyi Tan\u00e1cs"},"content":{"rendered":"<p><strong>Az id\u0151s lakoss\u00e1got akt\u00edvan seg\u00edt\u0151, j\u00f3 gyakorlatokkal p\u00e9ld\u00e1t mutat\u00f3 kis- \u00e9s k\u00f6z\u00e9ptelep\u00fcl\u00e9sek \u00f6nkorm\u00e1nyzatait k\u00edv\u00e1nja elismerni, d\u00edjjal jutalmazni a Kom\u00e1rom-Esztergom Megyei Id\u0151s\u00fcgyi Tan\u00e1cs, mely j\u00falius 9-\u00e9n tartotta idei els\u0151 \u00fcl\u00e9s\u00e9t a megyeh\u00e1z\u00e1n. <\/strong><\/p>\n<p>A szervezet Popovics Gy\u00f6rgynek, a megyei k\u00f6zgy\u0171l\u00e9s eln\u00f6k\u00e9nek a kezdem\u00e9nyez\u00e9s\u00e9re j\u00f6tt l\u00e9tre tavaly, az Id\u0151sek Vil\u00e1gnapj\u00e1n. A c\u00e9l egy olyan f\u00f3rum l\u00e9trehoz\u00e1sa volt, mely a megy\u00e9ben \u00e9l\u0151 id\u0151skor\u00faak \u00e9rdekeit felt\u00e1rja, megfogalmazza \u00e9s k\u00e9pviseli, s ahol az \u00e9rintettek az \u0151ket legink\u00e1bb \u00e9rint\u0151 k\u00e9rd\u00e9sekben el tudj\u00e1k mondani v\u00e9lem\u00e9ny\u00fcket.<\/p>\n<p>Erre a mostani \u00fcl\u00e9sen is lehet\u0151s\u00e9g volt, hiszen a r\u00e9sztvev\u0151k t\u00f6bbek k\u00f6z\u00f6tt Pretsner Ram\u00f3na c\u00edmzetes rend\u0151r alezredes, a megyei rend\u0151r-f\u0151kapit\u00e1nys\u00e1g b\u0171nmegel\u0151z\u00e9si aloszt\u00e1ly\u00e1nak munkat\u00e1rsa t\u00e1j\u00e9koztat\u00f3j\u00e1t hallgatt\u00e1k meg az id\u0151seket \u00e9rint\u0151 k\u00f6z- \u00e9s vagyonbiztons\u00e1gi helyzetr\u0151l. Az el\u0151ad\u00e1sban elhangzott, hogy az elm\u00falt h\u00e9t \u00e9vben megy\u00e9nkben \u00e9s orsz\u00e1gosan is cs\u00f6kkent az id\u0151sek s\u00e9relm\u00e9re elk\u00f6vetett b\u0171ncselekm\u00e9nyek sz\u00e1ma, de a tr\u00fckk\u00f6s lop\u00e1soknak, unok\u00e1z\u00f3s \u00e1tver\u00e9seknek ma is gyakori c\u00e9lpontjai a nyugd\u00edjasok. T\u00f6bben megfogalmazt\u00e1k, hogy az \u00e1ldozatt\u00e1 v\u00e1l\u00e1s ellen legink\u00e1bb megel\u0151z\u00e9ssel, t\u00e1j\u00e9koztat\u00e1ssal lehet hat\u00e9konyan fell\u00e9pni. A rend\u0151rs\u00e9g erre sz\u00e1mos programot m\u0171k\u00f6dtet, ilyen p\u00e9ld\u00e1ul az id\u0151s kort\u00e1rs seg\u00edt\u0151k k\u00e9pz\u00e9se vagy a Szemf\u00fcles Szomsz\u00e9dok mozgalom.<\/p>\n<p>Az \u00fcl\u00e9sen a megyei \u00f6nkorm\u00e1nyzat aleln\u00f6k\u00e9nek, Romanek Etelk\u00e1nak a kezdem\u00e9nyez\u00e9sre megalap\u00edtott\u00e1k a megyei Id\u0151sbar\u00e1t \u00d6nkorm\u00e1nyzat D\u00edjat is. Az elismer\u00e9s k\u00e9t kateg\u00f3ri\u00e1ban adhat\u00f3 az 1500 f\u0151s lakoss\u00e1gsz\u00e1m alatti, valamint az 1501-6000 f\u0151s lakoss\u00e1gsz\u00e1m\u00fa telep\u00fcl\u00e9sek sz\u00e1m\u00e1ra. A D\u00edjat olyan j\u00f3 gyakorlatokat, megold\u00e1sokat bevezet\u0151 \u00f6nkorm\u00e1nyzatok kaphatj\u00e1k, amelyek a k\u00f6telez\u0151 feladatell\u00e1t\u00e1st kieg\u00e9sz\u00edtik, meghaladj\u00e1k, illetve azok min\u0151s\u00e9g\u00e9t, eredm\u00e9nyess\u00e9g\u00e9t jav\u00edtj\u00e1k, k\u00f6zvetlen\u00fcl reag\u00e1lnak a helyi id\u0151s lakoss\u00e1g aktu\u00e1lis sz\u00fcks\u00e9gleteire.<\/p>\n<p>V\u00e9g\u00fcl, a j\u00e1rv\u00e1nyhelyzetre val\u00f3 tekintettel \u00fagy m\u00f3dos\u00edtotta \u00fcgyrendj\u00e9t a tan\u00e1cs, hogy ezent\u00fal elektronikus \u00faton is tarthasson \u00fcl\u00e9seket.<\/p>\n<p><em>Kom\u00e1rom-Esztergom Megyei \u00d6nkorm\u00e1nyzat Sajt\u00f3<\/em><\/p>\n","protected":false},"excerpt":{"rendered":"<p>Az id\u0151s lakoss\u00e1got akt\u00edvan seg\u00edt\u0151, j\u00f3 gyakorlatokkal p\u00e9ld\u00e1t mutat\u00f3 kis- \u00e9s k\u00f6z\u00e9ptelep\u00fcl\u00e9sek \u00f6nkorm\u00e1nyzatait k\u00edv\u00e1nja elismerni, d\u00edjjal jutalmazni a Kom\u00e1rom-Esztergom Megyei Id\u0151s\u00fcgyi Tan\u00e1cs, mely j\u00falius 9-\u00e9n tartotta idei els\u0151 \u00fcl\u00e9s\u00e9t a megyeh\u00e1z\u00e1n. A szervezet Popovics Gy\u00f6rgynek, a megyei k\u00f6zgy\u0171l\u00e9s eln\u00f6k\u00e9nek a kezdem\u00e9nyez\u00e9s\u00e9re j\u00f6tt l\u00e9tre tavaly, az Id\u0151sek Vil\u00e1gnapj\u00e1n. A c\u00e9l egy olyan f\u00f3rum l\u00e9trehoz\u00e1sa volt, mely<\/p>\n","protected":false},"author":1,"featured_media":26078,"comment_status":"closed","ping_status":"closed","sticky":false,"template":"","format":"standard","meta":{"ngg_post_thumbnail":0,"footnotes":""},"categories":[3,56],"tags":[5003,3799,1764],"class_list":{"0":"post-26077","1":"post","2":"type-post","3":"status-publish","4":"format-standard","5":"has-post-thumbnail","7":"category-hirek","8":"category-komarom-esztergom","9":"tag-idosugy","10":"tag-komarom-esztergom-megye","11":"tag-komarom-esztergom-megyei-onkormanyzat"},"yoast_head":"<!-- This site is optimized with the Yoast SEO plugin v27.5 - https:\/\/yoast.com\/product\/yoast-seo-wordpress\/ -->\n<title>Id\u0151sbar\u00e1t \u00d6nkorm\u00e1nyzat D\u00edjat alap\u00edtott a megyei Id\u0151s\u00fcgyi Tan\u00e1cs<\/title>\n<meta name=\"robots\" content=\"index, follow, max-snippet:-1, max-image-preview:large, max-video-preview:-1\" \/>\n<link rel=\"canonical\" href=\"https:\/\/dorogimedence.hu\/index.php\/2020\/07\/11\/idosbarat-onkormanyzat-dijat-alapitott-a-megyei-idosugyi-tanacs\/\" class=\"yoast-seo-meta-tag\" \/>\n<meta property=\"og:locale\" content=\"hu_HU\" class=\"yoast-seo-meta-tag\" \/>\n<meta property=\"og:type\" content=\"article\" class=\"yoast-seo-meta-tag\" \/>\n<meta property=\"og:title\" content=\"Id\u0151sbar\u00e1t \u00d6nkorm\u00e1nyzat D\u00edjat alap\u00edtott a megyei Id\u0151s\u00fcgyi Tan\u00e1cs\" class=\"yoast-seo-meta-tag\" \/>\n<meta property=\"og:description\" content=\"Az id\u0151s lakoss\u00e1got akt\u00edvan seg\u00edt\u0151, j\u00f3 gyakorlatokkal p\u00e9ld\u00e1t mutat\u00f3 kis- \u00e9s k\u00f6z\u00e9ptelep\u00fcl\u00e9sek \u00f6nkorm\u00e1nyzatait k\u00edv\u00e1nja elismerni, d\u00edjjal jutalmazni a Kom\u00e1rom-Esztergom Megyei Id\u0151s\u00fcgyi Tan\u00e1cs, mely j\u00falius 9-\u00e9n tartotta idei els\u0151 \u00fcl\u00e9s\u00e9t a megyeh\u00e1z\u00e1n. A szervezet Popovics Gy\u00f6rgynek, a megyei k\u00f6zgy\u0171l\u00e9s eln\u00f6k\u00e9nek a kezdem\u00e9nyez\u00e9s\u00e9re j\u00f6tt l\u00e9tre tavaly, az Id\u0151sek Vil\u00e1gnapj\u00e1n. A c\u00e9l egy olyan f\u00f3rum l\u00e9trehoz\u00e1sa volt, mely\" class=\"yoast-seo-meta-tag\" \/>\n<meta property=\"og:url\" content=\"https:\/\/dorogimedence.hu\/index.php\/2020\/07\/11\/idosbarat-onkormanyzat-dijat-alapitott-a-megyei-idosugyi-tanacs\/\" class=\"yoast-seo-meta-tag\" \/>\n<meta property=\"og:site_name\" content=\"Dorogi-medence Region\u00e1lis H\u00edrport\u00e1l\" class=\"yoast-seo-meta-tag\" \/>\n<meta property=\"article:publisher\" content=\"https:\/\/www.facebook.com\/dorogimedence\/\" class=\"yoast-seo-meta-tag\" \/>\n<meta property=\"article:published_time\" content=\"2020-07-11T05:52:34+00:00\" class=\"yoast-seo-meta-tag\" \/>\n<meta property=\"article:modified_time\" content=\"2020-07-11T05:52:54+00:00\" class=\"yoast-seo-meta-tag\" \/>\n<meta property=\"og:image\" content=\"https:\/\/i0.wp.com\/dorogimedence.hu\/wp-content\/uploads\/2020\/07\/idosugy.jpg?fit=830%2C450&ssl=1\" class=\"yoast-seo-meta-tag\" \/>\n\t<meta property=\"og:image:width\" content=\"830\" class=\"yoast-seo-meta-tag\" \/>\n\t<meta property=\"og:image:height\" content=\"450\" class=\"yoast-seo-meta-tag\" \/>\n\t<meta property=\"og:image:type\" content=\"image\/jpeg\" class=\"yoast-seo-meta-tag\" \/>\n<meta name=\"author\" content=\"dorogimedence.hu\" class=\"yoast-seo-meta-tag\" \/>\n<meta name=\"twitter:card\" content=\"summary_large_image\" class=\"yoast-seo-meta-tag\" \/>\n<meta name=\"twitter:label1\" content=\"Szerz\u0151:\" class=\"yoast-seo-meta-tag\" \/>\n\t<meta name=\"twitter:data1\" content=\"dorogimedence.hu\" class=\"yoast-seo-meta-tag\" \/>\n\t<meta name=\"twitter:label2\" content=\"Becs\u00fclt olvas\u00e1si id\u0151\" class=\"yoast-seo-meta-tag\" \/>\n\t<meta name=\"twitter:data2\" content=\"2 perc\" class=\"yoast-seo-meta-tag\" \/>\n<script type=\"application\/ld+json\" class=\"yoast-schema-graph\">{\"@context\":\"https:\\\/\\\/schema.org\",\"@graph\":[{\"@type\":\"Article\",\"@id\":\"https:\\\/\\\/dorogimedence.hu\\\/index.php\\\/2020\\\/07\\\/11\\\/idosbarat-onkormanyzat-dijat-alapitott-a-megyei-idosugyi-tanacs\\\/#article\",\"isPartOf\":{\"@id\":\"https:\\\/\\\/dorogimedence.hu\\\/index.php\\\/2020\\\/07\\\/11\\\/idosbarat-onkormanyzat-dijat-alapitott-a-megyei-idosugyi-tanacs\\\/\"},\"author\":{\"name\":\"dorogimedence.hu\",\"@id\":\"https:\\\/\\\/dorogimedence.hu\\\/#\\\/schema\\\/person\\\/ce6091eeb7e95ecdc87890d6aa8e0fd4\"},\"headline\":\"Id\u0151sbar\u00e1t \u00d6nkorm\u00e1nyzat D\u00edjat alap\u00edtott a megyei Id\u0151s\u00fcgyi Tan\u00e1cs\",\"datePublished\":\"2020-07-11T05:52:34+00:00\",\"dateModified\":\"2020-07-11T05:52:54+00:00\",\"mainEntityOfPage\":{\"@id\":\"https:\\\/\\\/dorogimedence.hu\\\/index.php\\\/2020\\\/07\\\/11\\\/idosbarat-onkormanyzat-dijat-alapitott-a-megyei-idosugyi-tanacs\\\/\"},\"wordCount\":468,\"publisher\":{\"@id\":\"https:\\\/\\\/dorogimedence.hu\\\/#organization\"},\"image\":{\"@id\":\"https:\\\/\\\/dorogimedence.hu\\\/index.php\\\/2020\\\/07\\\/11\\\/idosbarat-onkormanyzat-dijat-alapitott-a-megyei-idosugyi-tanacs\\\/#primaryimage\"},\"thumbnailUrl\":\"https:\\\/\\\/dorogimedence.hu\\\/wp-content\\\/uploads\\\/2020\\\/07\\\/idosugy.jpg\",\"keywords\":[\"id\u0151s\u00fcgy\",\"Kom\u00e1rom-Esztergom megye\",\"Kom\u00e1rom-Esztergom Megyei \u00d6nkorm\u00e1nyzat\"],\"articleSection\":[\"H\u00edrek\",\"Kom\u00e1rom-Esztergom\"],\"inLanguage\":\"hu\"},{\"@type\":\"WebPage\",\"@id\":\"https:\\\/\\\/dorogimedence.hu\\\/index.php\\\/2020\\\/07\\\/11\\\/idosbarat-onkormanyzat-dijat-alapitott-a-megyei-idosugyi-tanacs\\\/\",\"url\":\"https:\\\/\\\/dorogimedence.hu\\\/index.php\\\/2020\\\/07\\\/11\\\/idosbarat-onkormanyzat-dijat-alapitott-a-megyei-idosugyi-tanacs\\\/\",\"name\":\"Id\u0151sbar\u00e1t \u00d6nkorm\u00e1nyzat D\u00edjat alap\u00edtott a megyei Id\u0151s\u00fcgyi Tan\u00e1cs\",\"isPartOf\":{\"@id\":\"https:\\\/\\\/dorogimedence.hu\\\/#website\"},\"primaryImageOfPage\":{\"@id\":\"https:\\\/\\\/dorogimedence.hu\\\/index.php\\\/2020\\\/07\\\/11\\\/idosbarat-onkormanyzat-dijat-alapitott-a-megyei-idosugyi-tanacs\\\/#primaryimage\"},\"image\":{\"@id\":\"https:\\\/\\\/dorogimedence.hu\\\/index.php\\\/2020\\\/07\\\/11\\\/idosbarat-onkormanyzat-dijat-alapitott-a-megyei-idosugyi-tanacs\\\/#primaryimage\"},\"thumbnailUrl\":\"https:\\\/\\\/dorogimedence.hu\\\/wp-content\\\/uploads\\\/2020\\\/07\\\/idosugy.jpg\",\"datePublished\":\"2020-07-11T05:52:34+00:00\",\"dateModified\":\"2020-07-11T05:52:54+00:00\",\"breadcrumb\":{\"@id\":\"https:\\\/\\\/dorogimedence.hu\\\/index.php\\\/2020\\\/07\\\/11\\\/idosbarat-onkormanyzat-dijat-alapitott-a-megyei-idosugyi-tanacs\\\/#breadcrumb\"},\"inLanguage\":\"hu\",\"potentialAction\":[{\"@type\":\"ReadAction\",\"target\":[\"https:\\\/\\\/dorogimedence.hu\\\/index.php\\\/2020\\\/07\\\/11\\\/idosbarat-onkormanyzat-dijat-alapitott-a-megyei-idosugyi-tanacs\\\/\"]}]},{\"@type\":\"ImageObject\",\"inLanguage\":\"hu\",\"@id\":\"https:\\\/\\\/dorogimedence.hu\\\/index.php\\\/2020\\\/07\\\/11\\\/idosbarat-onkormanyzat-dijat-alapitott-a-megyei-idosugyi-tanacs\\\/#primaryimage\",\"url\":\"https:\\\/\\\/dorogimedence.hu\\\/wp-content\\\/uploads\\\/2020\\\/07\\\/idosugy.jpg\",\"contentUrl\":\"https:\\\/\\\/dorogimedence.hu\\\/wp-content\\\/uploads\\\/2020\\\/07\\\/idosugy.jpg\",\"width\":830,\"height\":450},{\"@type\":\"BreadcrumbList\",\"@id\":\"https:\\\/\\\/dorogimedence.hu\\\/index.php\\\/2020\\\/07\\\/11\\\/idosbarat-onkormanyzat-dijat-alapitott-a-megyei-idosugyi-tanacs\\\/#breadcrumb\",\"itemListElement\":[{\"@type\":\"ListItem\",\"position\":1,\"name\":\"Kezd\u0151lap\",\"item\":\"https:\\\/\\\/dorogimedence.hu\\\/\"},{\"@type\":\"ListItem\",\"position\":2,\"name\":\"Id\u0151sbar\u00e1t \u00d6nkorm\u00e1nyzat D\u00edjat alap\u00edtott a megyei Id\u0151s\u00fcgyi Tan\u00e1cs\"}]},{\"@type\":\"WebSite\",\"@id\":\"https:\\\/\\\/dorogimedence.hu\\\/#website\",\"url\":\"https:\\\/\\\/dorogimedence.hu\\\/\",\"name\":\"Dorogi-medence Region\u00e1lis H\u00edrport\u00e1l\",\"description\":\"Dorog, Keszt\u00f6lc, Le\u00e1nyv\u00e1r, Piliscs\u00e9v, Tokod, Tokodalt\u00e1r\u00f3, Csolnok, Esztergom-kertv\u00e1ros: h\u00edrek, programok\",\"publisher\":{\"@id\":\"https:\\\/\\\/dorogimedence.hu\\\/#organization\"},\"potentialAction\":[{\"@type\":\"SearchAction\",\"target\":{\"@type\":\"EntryPoint\",\"urlTemplate\":\"https:\\\/\\\/dorogimedence.hu\\\/?s={search_term_string}\"},\"query-input\":{\"@type\":\"PropertyValueSpecification\",\"valueRequired\":true,\"valueName\":\"search_term_string\"}}],\"inLanguage\":\"hu\"},{\"@type\":\"Organization\",\"@id\":\"https:\\\/\\\/dorogimedence.hu\\\/#organization\",\"name\":\"Dorogi-medence Region\u00e1lis H\u00edrport\u00e1l\",\"url\":\"https:\\\/\\\/dorogimedence.hu\\\/\",\"logo\":{\"@type\":\"ImageObject\",\"inLanguage\":\"hu\",\"@id\":\"https:\\\/\\\/dorogimedence.hu\\\/#\\\/schema\\\/logo\\\/image\\\/\",\"url\":\"https:\\\/\\\/dorogimedence.hu\\\/wp-content\\\/uploads\\\/2021\\\/04\\\/logo-feher-600.png\",\"contentUrl\":\"https:\\\/\\\/dorogimedence.hu\\\/wp-content\\\/uploads\\\/2021\\\/04\\\/logo-feher-600.png\",\"width\":600,\"height\":100,\"caption\":\"Dorogi-medence Region\u00e1lis H\u00edrport\u00e1l\"},\"image\":{\"@id\":\"https:\\\/\\\/dorogimedence.hu\\\/#\\\/schema\\\/logo\\\/image\\\/\"},\"sameAs\":[\"https:\\\/\\\/www.facebook.com\\\/dorogimedence\\\/\"]},{\"@type\":\"Person\",\"@id\":\"https:\\\/\\\/dorogimedence.hu\\\/#\\\/schema\\\/person\\\/ce6091eeb7e95ecdc87890d6aa8e0fd4\",\"name\":\"dorogimedence.hu\",\"image\":{\"@type\":\"ImageObject\",\"inLanguage\":\"hu\",\"@id\":\"\\\/\\\/www.gravatar.com\\\/avatar\\\/d8d45f8901aadff40a4af72c0b826f1d?s=96&#038;r=g&#038;d=mm\",\"url\":\"\\\/\\\/www.gravatar.com\\\/avatar\\\/d8d45f8901aadff40a4af72c0b826f1d?s=96&#038;r=g&#038;d=mm\",\"contentUrl\":\"\\\/\\\/www.gravatar.com\\\/avatar\\\/d8d45f8901aadff40a4af72c0b826f1d?s=96&#038;r=g&#038;d=mm\",\"caption\":\"dorogimedence.hu\"}}]}<\/script>\n<!-- \/ Yoast SEO plugin. -->","yoast_head_json":{"title":"Id\u0151sbar\u00e1t \u00d6nkorm\u00e1nyzat D\u00edjat alap\u00edtott a megyei Id\u0151s\u00fcgyi Tan\u00e1cs","robots":{"index":"index","follow":"follow","max-snippet":"max-snippet:-1","max-image-preview":"max-image-preview:large","max-video-preview":"max-video-preview:-1"},"canonical":"https:\/\/dorogimedence.hu\/index.php\/2020\/07\/11\/idosbarat-onkormanyzat-dijat-alapitott-a-megyei-idosugyi-tanacs\/","og_locale":"hu_HU","og_type":"article","og_title":"Id\u0151sbar\u00e1t \u00d6nkorm\u00e1nyzat D\u00edjat alap\u00edtott a megyei Id\u0151s\u00fcgyi Tan\u00e1cs","og_description":"Az id\u0151s lakoss\u00e1got akt\u00edvan seg\u00edt\u0151, j\u00f3 gyakorlatokkal p\u00e9ld\u00e1t mutat\u00f3 kis- \u00e9s k\u00f6z\u00e9ptelep\u00fcl\u00e9sek \u00f6nkorm\u00e1nyzatait k\u00edv\u00e1nja elismerni, d\u00edjjal jutalmazni a Kom\u00e1rom-Esztergom Megyei Id\u0151s\u00fcgyi Tan\u00e1cs, mely j\u00falius 9-\u00e9n tartotta idei els\u0151 \u00fcl\u00e9s\u00e9t a megyeh\u00e1z\u00e1n. A szervezet Popovics Gy\u00f6rgynek, a megyei k\u00f6zgy\u0171l\u00e9s eln\u00f6k\u00e9nek a kezdem\u00e9nyez\u00e9s\u00e9re j\u00f6tt l\u00e9tre tavaly, az Id\u0151sek Vil\u00e1gnapj\u00e1n. A c\u00e9l egy olyan f\u00f3rum l\u00e9trehoz\u00e1sa volt, mely","og_url":"https:\/\/dorogimedence.hu\/index.php\/2020\/07\/11\/idosbarat-onkormanyzat-dijat-alapitott-a-megyei-idosugyi-tanacs\/","og_site_name":"Dorogi-medence Region\u00e1lis H\u00edrport\u00e1l","article_publisher":"https:\/\/www.facebook.com\/dorogimedence\/","article_published_time":"2020-07-11T05:52:34+00:00","article_modified_time":"2020-07-11T05:52:54+00:00","og_image":[{"width":830,"height":450,"url":"https:\/\/i0.wp.com\/dorogimedence.hu\/wp-content\/uploads\/2020\/07\/idosugy.jpg?fit=830%2C450&ssl=1","type":"image\/jpeg"}],"author":"dorogimedence.hu","twitter_card":"summary_large_image","twitter_misc":{"Szerz\u0151:":"dorogimedence.hu","Becs\u00fclt olvas\u00e1si id\u0151":"2 perc"},"schema":{"@context":"https:\/\/schema.org","@graph":[{"@type":"Article","@id":"https:\/\/dorogimedence.hu\/index.php\/2020\/07\/11\/idosbarat-onkormanyzat-dijat-alapitott-a-megyei-idosugyi-tanacs\/#article","isPartOf":{"@id":"https:\/\/dorogimedence.hu\/index.php\/2020\/07\/11\/idosbarat-onkormanyzat-dijat-alapitott-a-megyei-idosugyi-tanacs\/"},"author":{"name":"dorogimedence.hu","@id":"https:\/\/dorogimedence.hu\/#\/schema\/person\/ce6091eeb7e95ecdc87890d6aa8e0fd4"},"headline":"Id\u0151sbar\u00e1t \u00d6nkorm\u00e1nyzat D\u00edjat alap\u00edtott a megyei Id\u0151s\u00fcgyi Tan\u00e1cs","datePublished":"2020-07-11T05:52:34+00:00","dateModified":"2020-07-11T05:52:54+00:00","mainEntityOfPage":{"@id":"https:\/\/dorogimedence.hu\/index.php\/2020\/07\/11\/idosbarat-onkormanyzat-dijat-alapitott-a-megyei-idosugyi-tanacs\/"},"wordCount":468,"publisher":{"@id":"https:\/\/dorogimedence.hu\/#organization"},"image":{"@id":"https:\/\/dorogimedence.hu\/index.php\/2020\/07\/11\/idosbarat-onkormanyzat-dijat-alapitott-a-megyei-idosugyi-tanacs\/#primaryimage"},"thumbnailUrl":"https:\/\/dorogimedence.hu\/wp-content\/uploads\/2020\/07\/idosugy.jpg","keywords":["id\u0151s\u00fcgy","Kom\u00e1rom-Esztergom megye","Kom\u00e1rom-Esztergom Megyei \u00d6nkorm\u00e1nyzat"],"articleSection":["H\u00edrek","Kom\u00e1rom-Esztergom"],"inLanguage":"hu"},{"@type":"WebPage","@id":"https:\/\/dorogimedence.hu\/index.php\/2020\/07\/11\/idosbarat-onkormanyzat-dijat-alapitott-a-megyei-idosugyi-tanacs\/","url":"https:\/\/dorogimedence.hu\/index.php\/2020\/07\/11\/idosbarat-onkormanyzat-dijat-alapitott-a-megyei-idosugyi-tanacs\/","name":"Id\u0151sbar\u00e1t \u00d6nkorm\u00e1nyzat D\u00edjat alap\u00edtott a megyei Id\u0151s\u00fcgyi Tan\u00e1cs","isPartOf":{"@id":"https:\/\/dorogimedence.hu\/#website"},"primaryImageOfPage":{"@id":"https:\/\/dorogimedence.hu\/index.php\/2020\/07\/11\/idosbarat-onkormanyzat-dijat-alapitott-a-megyei-idosugyi-tanacs\/#primaryimage"},"image":{"@id":"https:\/\/dorogimedence.hu\/index.php\/2020\/07\/11\/idosbarat-onkormanyzat-dijat-alapitott-a-megyei-idosugyi-tanacs\/#primaryimage"},"thumbnailUrl":"https:\/\/dorogimedence.hu\/wp-content\/uploads\/2020\/07\/idosugy.jpg","datePublished":"2020-07-11T05:52:34+00:00","dateModified":"2020-07-11T05:52:54+00:00","breadcrumb":{"@id":"https:\/\/dorogimedence.hu\/index.php\/2020\/07\/11\/idosbarat-onkormanyzat-dijat-alapitott-a-megyei-idosugyi-tanacs\/#breadcrumb"},"inLanguage":"hu","potentialAction":[{"@type":"ReadAction","target":["https:\/\/dorogimedence.hu\/index.php\/2020\/07\/11\/idosbarat-onkormanyzat-dijat-alapitott-a-megyei-idosugyi-tanacs\/"]}]},{"@type":"ImageObject","inLanguage":"hu","@id":"https:\/\/dorogimedence.hu\/index.php\/2020\/07\/11\/idosbarat-onkormanyzat-dijat-alapitott-a-megyei-idosugyi-tanacs\/#primaryimage","url":"https:\/\/dorogimedence.hu\/wp-content\/uploads\/2020\/07\/idosugy.jpg","contentUrl":"https:\/\/dorogimedence.hu\/wp-content\/uploads\/2020\/07\/idosugy.jpg","width":830,"height":450},{"@type":"BreadcrumbList","@id":"https:\/\/dorogimedence.hu\/index.php\/2020\/07\/11\/idosbarat-onkormanyzat-dijat-alapitott-a-megyei-idosugyi-tanacs\/#breadcrumb","itemListElement":[{"@type":"ListItem","position":1,"name":"Kezd\u0151lap","item":"https:\/\/dorogimedence.hu\/"},{"@type":"ListItem","position":2,"name":"Id\u0151sbar\u00e1t \u00d6nkorm\u00e1nyzat D\u00edjat alap\u00edtott a megyei Id\u0151s\u00fcgyi Tan\u00e1cs"}]},{"@type":"WebSite","@id":"https:\/\/dorogimedence.hu\/#website","url":"https:\/\/dorogimedence.hu\/","name":"Dorogi-medence Region\u00e1lis H\u00edrport\u00e1l","description":"Dorog, Keszt\u00f6lc, Le\u00e1nyv\u00e1r, Piliscs\u00e9v, Tokod, Tokodalt\u00e1r\u00f3, Csolnok, Esztergom-kertv\u00e1ros: h\u00edrek, programok","publisher":{"@id":"https:\/\/dorogimedence.hu\/#organization"},"potentialAction":[{"@type":"SearchAction","target":{"@type":"EntryPoint","urlTemplate":"https:\/\/dorogimedence.hu\/?s={search_term_string}"},"query-input":{"@type":"PropertyValueSpecification","valueRequired":true,"valueName":"search_term_string"}}],"inLanguage":"hu"},{"@type":"Organization","@id":"https:\/\/dorogimedence.hu\/#organization","name":"Dorogi-medence Region\u00e1lis H\u00edrport\u00e1l","url":"https:\/\/dorogimedence.hu\/","logo":{"@type":"ImageObject","inLanguage":"hu","@id":"https:\/\/dorogimedence.hu\/#\/schema\/logo\/image\/","url":"https:\/\/dorogimedence.hu\/wp-content\/uploads\/2021\/04\/logo-feher-600.png","contentUrl":"https:\/\/dorogimedence.hu\/wp-content\/uploads\/2021\/04\/logo-feher-600.png","width":600,"height":100,"caption":"Dorogi-medence Region\u00e1lis H\u00edrport\u00e1l"},"image":{"@id":"https:\/\/dorogimedence.hu\/#\/schema\/logo\/image\/"},"sameAs":["https:\/\/www.facebook.com\/dorogimedence\/"]},{"@type":"Person","@id":"https:\/\/dorogimedence.hu\/#\/schema\/person\/ce6091eeb7e95ecdc87890d6aa8e0fd4","name":"dorogimedence.hu","image":{"@type":"ImageObject","inLanguage":"hu","@id":"\/\/www.gravatar.com\/avatar\/d8d45f8901aadff40a4af72c0b826f1d?s=96&#038;r=g&#038;d=mm","url":"\/\/www.gravatar.com\/avatar\/d8d45f8901aadff40a4af72c0b826f1d?s=96&#038;r=g&#038;d=mm","contentUrl":"\/\/www.gravatar.com\/avatar\/d8d45f8901aadff40a4af72c0b826f1d?s=96&#038;r=g&#038;d=mm","caption":"dorogimedence.hu"}}]}},"_links":{"self":[{"href":"https:\/\/dorogimedence.hu\/index.php\/wp-json\/wp\/v2\/posts\/26077","targetHints":{"allow":["GET"]}}],"collection":[{"href":"https:\/\/dorogimedence.hu\/index.php\/wp-json\/wp\/v2\/posts"}],"about":[{"href":"https:\/\/dorogimedence.hu\/index.php\/wp-json\/wp\/v2\/types\/post"}],"author":[{"embeddable":true,"href":"https:\/\/dorogimedence.hu\/index.php\/wp-json\/wp\/v2\/users\/1"}],"replies":[{"embeddable":true,"href":"https:\/\/dorogimedence.hu\/index.php\/wp-json\/wp\/v2\/comments?post=26077"}],"version-history":[{"count":0,"href":"https:\/\/dorogimedence.hu\/index.php\/wp-json\/wp\/v2\/posts\/26077\/revisions"}],"wp:featuredmedia":[{"embeddable":true,"href":"https:\/\/dorogimedence.hu\/index.php\/wp-json\/wp\/v2\/media\/26078"}],"wp:attachment":[{"href":"https:\/\/dorogimedence.hu\/index.php\/wp-json\/wp\/v2\/media?parent=26077"}],"wp:term":[{"taxonomy":"category","embeddable":true,"href":"https:\/\/dorogimedence.hu\/index.php\/wp-json\/wp\/v2\/categories?post=26077"},{"taxonomy":"post_tag","embeddable":true,"href":"https:\/\/dorogimedence.hu\/index.php\/wp-json\/wp\/v2\/tags?post=26077"}],"curies":[{"name":"wp","href":"https:\/\/api.w.org\/{rel}","templated":true}]}}