{"id":26030,"date":"2020-07-09T07:09:15","date_gmt":"2020-07-09T05:09:15","guid":{"rendered":"http:\/\/dorogimedence.hu\/?p=26030"},"modified":"2020-07-09T07:09:26","modified_gmt":"2020-07-09T05:09:26","slug":"vw-konszern-talalkozot-szerveznek-a-palan","status":"publish","type":"post","link":"https:\/\/dorogimedence.hu\/index.php\/2020\/07\/09\/vw-konszern-talalkozot-szerveznek-a-palan\/","title":{"rendered":"VW konszern tal\u00e1lkoz\u00f3t szerveznek a pal\u00e1n"},"content":{"rendered":"<p><strong>J\u00falius 10. \u00e9s 12. k\u00f6z\u00f6tt negyedik alkalommal szervezik meg a VW konszern tal\u00e1lkoz\u00f3t az \u00d6b\u00f6l Music Beach-en.<\/strong><\/p>\n<p>A szervez\u0151k azt \u00edg\u00e9rik, hogy a tavalyin\u00e1l is nagyobb bulival v\u00e1rj\u00e1k a r\u00e9sztvev\u0151ket. A helysz\u00edn v\u00e1ltozatlan, Magyarorsz\u00e1g egyik legcsod\u00e1sabb v\u00edzpartj\u00e1n egy aut\u00f3s tal\u00e1lkoz\u00f3 keretein bel\u00fcl 3 napon kereszt\u00fcl bulizhatnak az aut\u00f3sok p\u00e9ntek reggel 10-t\u0151l eg\u00e9szen vas\u00e1rnap estig.<\/p>\n<p><img fetchpriority=\"high\" decoding=\"async\" class=\"alignnone size-full wp-image-4460\" src=\"https:\/\/dorogimedence.hu\/wp-content\/uploads\/2017\/07\/vw-talalkozo-04.jpg\" alt=\"\" width=\"670\" height=\"365\" srcset=\"https:\/\/dorogimedence.hu\/wp-content\/uploads\/2017\/07\/vw-talalkozo-04.jpg 670w, https:\/\/dorogimedence.hu\/wp-content\/uploads\/2017\/07\/vw-talalkozo-04-300x163.jpg 300w\" sizes=\"(max-width: 670px) 100vw, 670px\" \/><\/p>\n<p>Minden Volkswagen, Audi, Skoda, Seat \u00e9s egy\u00e9b konszernbe tartoz\u00f3 m\u00e1rkat\u00e1rsat szeretettel v\u00e1rnak, de m\u00e1s m\u00e1rk\u00e1j\u00fa aut\u00f3tulajdonosok is r\u00e9szt vehetnek a rendezv\u00e9nyen.<\/p>\n<p>Sportprogramok:<br \/>\n~R\u00f6plabda<br \/>\n~Strand foci\/k\u00e9zilabda<br \/>\n~B\u00fav\u00e1rkod\u00e1s (el\u0151re egyeztet\u00e9s eset\u00e9n)<\/p>\n<p><img decoding=\"async\" class=\"alignnone size-full wp-image-17979\" src=\"https:\/\/dorogimedence.hu\/wp-content\/uploads\/2019\/07\/vw01.jpg\" alt=\"\" width=\"670\" height=\"365\" srcset=\"https:\/\/dorogimedence.hu\/wp-content\/uploads\/2019\/07\/vw01.jpg 670w, https:\/\/dorogimedence.hu\/wp-content\/uploads\/2019\/07\/vw01-300x163.jpg 300w\" sizes=\"(max-width: 670px) 100vw, 670px\" \/><\/p>\n<p>J\u00e1t\u00e9kok az aut\u00f3soknak (nevez\u00e9si d\u00edj: 500Ft\/f\u0151\/j\u00e1t\u00e9k):<br \/>\n~Aut\u00f3s limb\u00f3<br \/>\n~Legt\u00f6bb ember egy aut\u00f3ban<br \/>\n~Felni kitart\u00f3 verseny (Fi\u00fa\/L\u00e1ny)<br \/>\n~Aut\u00f3 sz\u00e9ps\u00e9gverseny<br \/>\n~Extr\u00e9m k\u00f6t\u00e9lh\u00faz\u00e1s (aut\u00f3 aut\u00f3 ellen)<br \/>\n~Hangnyom\u00e1s m\u00e9r\u00e9s (Kipufog\u00f3)<br \/>\n~Haj\u00edt\u00f3 verseny<br \/>\n~\u201dVerd bele\u201d iv\u00f3s j\u00e1t\u00e9kunk<br \/>\n~\u201cH\u00fazd be a l\u00f3v\u00e9t\u201d iv\u00f3s j\u00e1t\u00e9kunk<br \/>\n~Ker\u00e9k csere verseny (csapatban vagy egy\u00e9nileg)<\/p>\n<p>A tal\u00e1lkoz\u00f3val \u00e9s a programokkal kapcsolatos inform\u00e1ci\u00f3: 06702177497<\/p>\n<p><a href=\"https:\/\/www.facebook.com\/events\/1317389075269385\/\" target=\"_blank\" rel=\"noopener noreferrer\"><span style=\"text-decoration: underline; color: #0000ff;\"><strong>Facebook esem\u00e9ny&gt;&gt;<\/strong><\/span><\/a><\/p>\n","protected":false},"excerpt":{"rendered":"<p>J\u00falius 10. \u00e9s 12. k\u00f6z\u00f6tt negyedik alkalommal szervezik meg a VW konszern tal\u00e1lkoz\u00f3t az \u00d6b\u00f6l Music Beach-en. A szervez\u0151k azt \u00edg\u00e9rik, hogy a tavalyin\u00e1l is nagyobb bulival v\u00e1rj\u00e1k a r\u00e9sztvev\u0151ket. A helysz\u00edn v\u00e1ltozatlan, Magyarorsz\u00e1g egyik legcsod\u00e1sabb v\u00edzpartj\u00e1n egy aut\u00f3s tal\u00e1lkoz\u00f3 keretein bel\u00fcl 3 napon kereszt\u00fcl bulizhatnak az aut\u00f3sok p\u00e9ntek reggel 10-t\u0151l eg\u00e9szen vas\u00e1rnap estig. Minden<\/p>\n","protected":false},"author":1,"featured_media":17300,"comment_status":"closed","ping_status":"closed","sticky":false,"template":"","format":"standard","meta":{"ngg_post_thumbnail":0,"footnotes":""},"categories":[3,3561],"tags":[4056,101,4994],"class_list":{"0":"post-26030","1":"post","2":"type-post","3":"status-publish","4":"format-standard","5":"has-post-thumbnail","7":"category-hirek","8":"category-programok","9":"tag-autostalalkozo","10":"tag-program","11":"tag-vw-konszern"},"yoast_head":"<!-- This site is optimized with the Yoast SEO plugin v27.4 - https:\/\/yoast.com\/product\/yoast-seo-wordpress\/ -->\n<title>VW konszern tal\u00e1lkoz\u00f3t szerveznek a pal\u00e1n<\/title>\n<meta name=\"robots\" content=\"index, follow, max-snippet:-1, max-image-preview:large, max-video-preview:-1\" \/>\n<link rel=\"canonical\" href=\"https:\/\/dorogimedence.hu\/index.php\/2020\/07\/09\/vw-konszern-talalkozot-szerveznek-a-palan\/\" class=\"yoast-seo-meta-tag\" \/>\n<meta property=\"og:locale\" content=\"hu_HU\" class=\"yoast-seo-meta-tag\" \/>\n<meta property=\"og:type\" content=\"article\" class=\"yoast-seo-meta-tag\" \/>\n<meta property=\"og:title\" content=\"VW konszern tal\u00e1lkoz\u00f3t szerveznek a pal\u00e1n\" class=\"yoast-seo-meta-tag\" \/>\n<meta property=\"og:description\" content=\"J\u00falius 10. \u00e9s 12. k\u00f6z\u00f6tt negyedik alkalommal szervezik meg a VW konszern tal\u00e1lkoz\u00f3t az \u00d6b\u00f6l Music Beach-en. A szervez\u0151k azt \u00edg\u00e9rik, hogy a tavalyin\u00e1l is nagyobb bulival v\u00e1rj\u00e1k a r\u00e9sztvev\u0151ket. A helysz\u00edn v\u00e1ltozatlan, Magyarorsz\u00e1g egyik legcsod\u00e1sabb v\u00edzpartj\u00e1n egy aut\u00f3s tal\u00e1lkoz\u00f3 keretein bel\u00fcl 3 napon kereszt\u00fcl bulizhatnak az aut\u00f3sok p\u00e9ntek reggel 10-t\u0151l eg\u00e9szen vas\u00e1rnap estig. Minden\" class=\"yoast-seo-meta-tag\" \/>\n<meta property=\"og:url\" content=\"https:\/\/dorogimedence.hu\/index.php\/2020\/07\/09\/vw-konszern-talalkozot-szerveznek-a-palan\/\" class=\"yoast-seo-meta-tag\" \/>\n<meta property=\"og:site_name\" content=\"Dorogi-medence Region\u00e1lis H\u00edrport\u00e1l\" class=\"yoast-seo-meta-tag\" \/>\n<meta property=\"article:publisher\" content=\"https:\/\/www.facebook.com\/dorogimedence\/\" class=\"yoast-seo-meta-tag\" \/>\n<meta property=\"article:published_time\" content=\"2020-07-09T05:09:15+00:00\" class=\"yoast-seo-meta-tag\" \/>\n<meta property=\"article:modified_time\" content=\"2020-07-09T05:09:26+00:00\" class=\"yoast-seo-meta-tag\" \/>\n<meta property=\"og:image\" content=\"https:\/\/i0.wp.com\/dorogimedence.hu\/wp-content\/uploads\/2019\/06\/autotali-01.jpg?fit=670%2C365&ssl=1\" class=\"yoast-seo-meta-tag\" \/>\n\t<meta property=\"og:image:width\" content=\"670\" class=\"yoast-seo-meta-tag\" \/>\n\t<meta property=\"og:image:height\" content=\"365\" class=\"yoast-seo-meta-tag\" \/>\n\t<meta property=\"og:image:type\" content=\"image\/jpeg\" class=\"yoast-seo-meta-tag\" \/>\n<meta name=\"author\" content=\"dorogimedence.hu\" class=\"yoast-seo-meta-tag\" \/>\n<meta name=\"twitter:card\" content=\"summary_large_image\" class=\"yoast-seo-meta-tag\" \/>\n<meta name=\"twitter:label1\" content=\"Szerz\u0151:\" class=\"yoast-seo-meta-tag\" \/>\n\t<meta name=\"twitter:data1\" content=\"dorogimedence.hu\" class=\"yoast-seo-meta-tag\" \/>\n\t<meta name=\"twitter:label2\" content=\"Becs\u00fclt olvas\u00e1si id\u0151\" class=\"yoast-seo-meta-tag\" \/>\n\t<meta name=\"twitter:data2\" content=\"1 perc\" class=\"yoast-seo-meta-tag\" \/>\n<script type=\"application\/ld+json\" class=\"yoast-schema-graph\">{\"@context\":\"https:\\\/\\\/schema.org\",\"@graph\":[{\"@type\":\"Article\",\"@id\":\"https:\\\/\\\/dorogimedence.hu\\\/index.php\\\/2020\\\/07\\\/09\\\/vw-konszern-talalkozot-szerveznek-a-palan\\\/#article\",\"isPartOf\":{\"@id\":\"https:\\\/\\\/dorogimedence.hu\\\/index.php\\\/2020\\\/07\\\/09\\\/vw-konszern-talalkozot-szerveznek-a-palan\\\/\"},\"author\":{\"name\":\"dorogimedence.hu\",\"@id\":\"https:\\\/\\\/dorogimedence.hu\\\/#\\\/schema\\\/person\\\/ce6091eeb7e95ecdc87890d6aa8e0fd4\"},\"headline\":\"VW konszern tal\u00e1lkoz\u00f3t szerveznek a pal\u00e1n\",\"datePublished\":\"2020-07-09T05:09:15+00:00\",\"dateModified\":\"2020-07-09T05:09:26+00:00\",\"mainEntityOfPage\":{\"@id\":\"https:\\\/\\\/dorogimedence.hu\\\/index.php\\\/2020\\\/07\\\/09\\\/vw-konszern-talalkozot-szerveznek-a-palan\\\/\"},\"wordCount\":231,\"publisher\":{\"@id\":\"https:\\\/\\\/dorogimedence.hu\\\/#organization\"},\"image\":{\"@id\":\"https:\\\/\\\/dorogimedence.hu\\\/index.php\\\/2020\\\/07\\\/09\\\/vw-konszern-talalkozot-szerveznek-a-palan\\\/#primaryimage\"},\"thumbnailUrl\":\"https:\\\/\\\/dorogimedence.hu\\\/wp-content\\\/uploads\\\/2019\\\/06\\\/autotali-01.jpg\",\"keywords\":[\"aut\u00f3stal\u00e1lkoz\u00f3\",\"program\",\"vw konszern\"],\"articleSection\":[\"H\u00edrek\",\"Programok\"],\"inLanguage\":\"hu\"},{\"@type\":\"WebPage\",\"@id\":\"https:\\\/\\\/dorogimedence.hu\\\/index.php\\\/2020\\\/07\\\/09\\\/vw-konszern-talalkozot-szerveznek-a-palan\\\/\",\"url\":\"https:\\\/\\\/dorogimedence.hu\\\/index.php\\\/2020\\\/07\\\/09\\\/vw-konszern-talalkozot-szerveznek-a-palan\\\/\",\"name\":\"VW konszern tal\u00e1lkoz\u00f3t szerveznek a pal\u00e1n\",\"isPartOf\":{\"@id\":\"https:\\\/\\\/dorogimedence.hu\\\/#website\"},\"primaryImageOfPage\":{\"@id\":\"https:\\\/\\\/dorogimedence.hu\\\/index.php\\\/2020\\\/07\\\/09\\\/vw-konszern-talalkozot-szerveznek-a-palan\\\/#primaryimage\"},\"image\":{\"@id\":\"https:\\\/\\\/dorogimedence.hu\\\/index.php\\\/2020\\\/07\\\/09\\\/vw-konszern-talalkozot-szerveznek-a-palan\\\/#primaryimage\"},\"thumbnailUrl\":\"https:\\\/\\\/dorogimedence.hu\\\/wp-content\\\/uploads\\\/2019\\\/06\\\/autotali-01.jpg\",\"datePublished\":\"2020-07-09T05:09:15+00:00\",\"dateModified\":\"2020-07-09T05:09:26+00:00\",\"breadcrumb\":{\"@id\":\"https:\\\/\\\/dorogimedence.hu\\\/index.php\\\/2020\\\/07\\\/09\\\/vw-konszern-talalkozot-szerveznek-a-palan\\\/#breadcrumb\"},\"inLanguage\":\"hu\",\"potentialAction\":[{\"@type\":\"ReadAction\",\"target\":[\"https:\\\/\\\/dorogimedence.hu\\\/index.php\\\/2020\\\/07\\\/09\\\/vw-konszern-talalkozot-szerveznek-a-palan\\\/\"]}]},{\"@type\":\"ImageObject\",\"inLanguage\":\"hu\",\"@id\":\"https:\\\/\\\/dorogimedence.hu\\\/index.php\\\/2020\\\/07\\\/09\\\/vw-konszern-talalkozot-szerveznek-a-palan\\\/#primaryimage\",\"url\":\"https:\\\/\\\/dorogimedence.hu\\\/wp-content\\\/uploads\\\/2019\\\/06\\\/autotali-01.jpg\",\"contentUrl\":\"https:\\\/\\\/dorogimedence.hu\\\/wp-content\\\/uploads\\\/2019\\\/06\\\/autotali-01.jpg\",\"width\":670,\"height\":365},{\"@type\":\"BreadcrumbList\",\"@id\":\"https:\\\/\\\/dorogimedence.hu\\\/index.php\\\/2020\\\/07\\\/09\\\/vw-konszern-talalkozot-szerveznek-a-palan\\\/#breadcrumb\",\"itemListElement\":[{\"@type\":\"ListItem\",\"position\":1,\"name\":\"Kezd\u0151lap\",\"item\":\"https:\\\/\\\/dorogimedence.hu\\\/\"},{\"@type\":\"ListItem\",\"position\":2,\"name\":\"VW konszern tal\u00e1lkoz\u00f3t szerveznek a pal\u00e1n\"}]},{\"@type\":\"WebSite\",\"@id\":\"https:\\\/\\\/dorogimedence.hu\\\/#website\",\"url\":\"https:\\\/\\\/dorogimedence.hu\\\/\",\"name\":\"Dorogi-medence Region\u00e1lis H\u00edrport\u00e1l\",\"description\":\"Dorog, Keszt\u00f6lc, Le\u00e1nyv\u00e1r, Piliscs\u00e9v, Tokod, Tokodalt\u00e1r\u00f3, Csolnok, Esztergom-kertv\u00e1ros: h\u00edrek, programok\",\"publisher\":{\"@id\":\"https:\\\/\\\/dorogimedence.hu\\\/#organization\"},\"potentialAction\":[{\"@type\":\"SearchAction\",\"target\":{\"@type\":\"EntryPoint\",\"urlTemplate\":\"https:\\\/\\\/dorogimedence.hu\\\/?s={search_term_string}\"},\"query-input\":{\"@type\":\"PropertyValueSpecification\",\"valueRequired\":true,\"valueName\":\"search_term_string\"}}],\"inLanguage\":\"hu\"},{\"@type\":\"Organization\",\"@id\":\"https:\\\/\\\/dorogimedence.hu\\\/#organization\",\"name\":\"Dorogi-medence Region\u00e1lis H\u00edrport\u00e1l\",\"url\":\"https:\\\/\\\/dorogimedence.hu\\\/\",\"logo\":{\"@type\":\"ImageObject\",\"inLanguage\":\"hu\",\"@id\":\"https:\\\/\\\/dorogimedence.hu\\\/#\\\/schema\\\/logo\\\/image\\\/\",\"url\":\"https:\\\/\\\/dorogimedence.hu\\\/wp-content\\\/uploads\\\/2021\\\/04\\\/logo-feher-600.png\",\"contentUrl\":\"https:\\\/\\\/dorogimedence.hu\\\/wp-content\\\/uploads\\\/2021\\\/04\\\/logo-feher-600.png\",\"width\":600,\"height\":100,\"caption\":\"Dorogi-medence Region\u00e1lis H\u00edrport\u00e1l\"},\"image\":{\"@id\":\"https:\\\/\\\/dorogimedence.hu\\\/#\\\/schema\\\/logo\\\/image\\\/\"},\"sameAs\":[\"https:\\\/\\\/www.facebook.com\\\/dorogimedence\\\/\"]},{\"@type\":\"Person\",\"@id\":\"https:\\\/\\\/dorogimedence.hu\\\/#\\\/schema\\\/person\\\/ce6091eeb7e95ecdc87890d6aa8e0fd4\",\"name\":\"dorogimedence.hu\",\"image\":{\"@type\":\"ImageObject\",\"inLanguage\":\"hu\",\"@id\":\"\\\/\\\/www.gravatar.com\\\/avatar\\\/d8d45f8901aadff40a4af72c0b826f1d?s=96&#038;r=g&#038;d=mm\",\"url\":\"\\\/\\\/www.gravatar.com\\\/avatar\\\/d8d45f8901aadff40a4af72c0b826f1d?s=96&#038;r=g&#038;d=mm\",\"contentUrl\":\"\\\/\\\/www.gravatar.com\\\/avatar\\\/d8d45f8901aadff40a4af72c0b826f1d?s=96&#038;r=g&#038;d=mm\",\"caption\":\"dorogimedence.hu\"}}]}<\/script>\n<!-- \/ Yoast SEO plugin. -->","yoast_head_json":{"title":"VW konszern tal\u00e1lkoz\u00f3t szerveznek a pal\u00e1n","robots":{"index":"index","follow":"follow","max-snippet":"max-snippet:-1","max-image-preview":"max-image-preview:large","max-video-preview":"max-video-preview:-1"},"canonical":"https:\/\/dorogimedence.hu\/index.php\/2020\/07\/09\/vw-konszern-talalkozot-szerveznek-a-palan\/","og_locale":"hu_HU","og_type":"article","og_title":"VW konszern tal\u00e1lkoz\u00f3t szerveznek a pal\u00e1n","og_description":"J\u00falius 10. \u00e9s 12. k\u00f6z\u00f6tt negyedik alkalommal szervezik meg a VW konszern tal\u00e1lkoz\u00f3t az \u00d6b\u00f6l Music Beach-en. A szervez\u0151k azt \u00edg\u00e9rik, hogy a tavalyin\u00e1l is nagyobb bulival v\u00e1rj\u00e1k a r\u00e9sztvev\u0151ket. A helysz\u00edn v\u00e1ltozatlan, Magyarorsz\u00e1g egyik legcsod\u00e1sabb v\u00edzpartj\u00e1n egy aut\u00f3s tal\u00e1lkoz\u00f3 keretein bel\u00fcl 3 napon kereszt\u00fcl bulizhatnak az aut\u00f3sok p\u00e9ntek reggel 10-t\u0151l eg\u00e9szen vas\u00e1rnap estig. Minden","og_url":"https:\/\/dorogimedence.hu\/index.php\/2020\/07\/09\/vw-konszern-talalkozot-szerveznek-a-palan\/","og_site_name":"Dorogi-medence Region\u00e1lis H\u00edrport\u00e1l","article_publisher":"https:\/\/www.facebook.com\/dorogimedence\/","article_published_time":"2020-07-09T05:09:15+00:00","article_modified_time":"2020-07-09T05:09:26+00:00","og_image":[{"width":670,"height":365,"url":"https:\/\/i0.wp.com\/dorogimedence.hu\/wp-content\/uploads\/2019\/06\/autotali-01.jpg?fit=670%2C365&ssl=1","type":"image\/jpeg"}],"author":"dorogimedence.hu","twitter_card":"summary_large_image","twitter_misc":{"Szerz\u0151:":"dorogimedence.hu","Becs\u00fclt olvas\u00e1si id\u0151":"1 perc"},"schema":{"@context":"https:\/\/schema.org","@graph":[{"@type":"Article","@id":"https:\/\/dorogimedence.hu\/index.php\/2020\/07\/09\/vw-konszern-talalkozot-szerveznek-a-palan\/#article","isPartOf":{"@id":"https:\/\/dorogimedence.hu\/index.php\/2020\/07\/09\/vw-konszern-talalkozot-szerveznek-a-palan\/"},"author":{"name":"dorogimedence.hu","@id":"https:\/\/dorogimedence.hu\/#\/schema\/person\/ce6091eeb7e95ecdc87890d6aa8e0fd4"},"headline":"VW konszern tal\u00e1lkoz\u00f3t szerveznek a pal\u00e1n","datePublished":"2020-07-09T05:09:15+00:00","dateModified":"2020-07-09T05:09:26+00:00","mainEntityOfPage":{"@id":"https:\/\/dorogimedence.hu\/index.php\/2020\/07\/09\/vw-konszern-talalkozot-szerveznek-a-palan\/"},"wordCount":231,"publisher":{"@id":"https:\/\/dorogimedence.hu\/#organization"},"image":{"@id":"https:\/\/dorogimedence.hu\/index.php\/2020\/07\/09\/vw-konszern-talalkozot-szerveznek-a-palan\/#primaryimage"},"thumbnailUrl":"https:\/\/dorogimedence.hu\/wp-content\/uploads\/2019\/06\/autotali-01.jpg","keywords":["aut\u00f3stal\u00e1lkoz\u00f3","program","vw konszern"],"articleSection":["H\u00edrek","Programok"],"inLanguage":"hu"},{"@type":"WebPage","@id":"https:\/\/dorogimedence.hu\/index.php\/2020\/07\/09\/vw-konszern-talalkozot-szerveznek-a-palan\/","url":"https:\/\/dorogimedence.hu\/index.php\/2020\/07\/09\/vw-konszern-talalkozot-szerveznek-a-palan\/","name":"VW konszern tal\u00e1lkoz\u00f3t szerveznek a pal\u00e1n","isPartOf":{"@id":"https:\/\/dorogimedence.hu\/#website"},"primaryImageOfPage":{"@id":"https:\/\/dorogimedence.hu\/index.php\/2020\/07\/09\/vw-konszern-talalkozot-szerveznek-a-palan\/#primaryimage"},"image":{"@id":"https:\/\/dorogimedence.hu\/index.php\/2020\/07\/09\/vw-konszern-talalkozot-szerveznek-a-palan\/#primaryimage"},"thumbnailUrl":"https:\/\/dorogimedence.hu\/wp-content\/uploads\/2019\/06\/autotali-01.jpg","datePublished":"2020-07-09T05:09:15+00:00","dateModified":"2020-07-09T05:09:26+00:00","breadcrumb":{"@id":"https:\/\/dorogimedence.hu\/index.php\/2020\/07\/09\/vw-konszern-talalkozot-szerveznek-a-palan\/#breadcrumb"},"inLanguage":"hu","potentialAction":[{"@type":"ReadAction","target":["https:\/\/dorogimedence.hu\/index.php\/2020\/07\/09\/vw-konszern-talalkozot-szerveznek-a-palan\/"]}]},{"@type":"ImageObject","inLanguage":"hu","@id":"https:\/\/dorogimedence.hu\/index.php\/2020\/07\/09\/vw-konszern-talalkozot-szerveznek-a-palan\/#primaryimage","url":"https:\/\/dorogimedence.hu\/wp-content\/uploads\/2019\/06\/autotali-01.jpg","contentUrl":"https:\/\/dorogimedence.hu\/wp-content\/uploads\/2019\/06\/autotali-01.jpg","width":670,"height":365},{"@type":"BreadcrumbList","@id":"https:\/\/dorogimedence.hu\/index.php\/2020\/07\/09\/vw-konszern-talalkozot-szerveznek-a-palan\/#breadcrumb","itemListElement":[{"@type":"ListItem","position":1,"name":"Kezd\u0151lap","item":"https:\/\/dorogimedence.hu\/"},{"@type":"ListItem","position":2,"name":"VW konszern tal\u00e1lkoz\u00f3t szerveznek a pal\u00e1n"}]},{"@type":"WebSite","@id":"https:\/\/dorogimedence.hu\/#website","url":"https:\/\/dorogimedence.hu\/","name":"Dorogi-medence Region\u00e1lis H\u00edrport\u00e1l","description":"Dorog, Keszt\u00f6lc, Le\u00e1nyv\u00e1r, Piliscs\u00e9v, Tokod, Tokodalt\u00e1r\u00f3, Csolnok, Esztergom-kertv\u00e1ros: h\u00edrek, programok","publisher":{"@id":"https:\/\/dorogimedence.hu\/#organization"},"potentialAction":[{"@type":"SearchAction","target":{"@type":"EntryPoint","urlTemplate":"https:\/\/dorogimedence.hu\/?s={search_term_string}"},"query-input":{"@type":"PropertyValueSpecification","valueRequired":true,"valueName":"search_term_string"}}],"inLanguage":"hu"},{"@type":"Organization","@id":"https:\/\/dorogimedence.hu\/#organization","name":"Dorogi-medence Region\u00e1lis H\u00edrport\u00e1l","url":"https:\/\/dorogimedence.hu\/","logo":{"@type":"ImageObject","inLanguage":"hu","@id":"https:\/\/dorogimedence.hu\/#\/schema\/logo\/image\/","url":"https:\/\/dorogimedence.hu\/wp-content\/uploads\/2021\/04\/logo-feher-600.png","contentUrl":"https:\/\/dorogimedence.hu\/wp-content\/uploads\/2021\/04\/logo-feher-600.png","width":600,"height":100,"caption":"Dorogi-medence Region\u00e1lis H\u00edrport\u00e1l"},"image":{"@id":"https:\/\/dorogimedence.hu\/#\/schema\/logo\/image\/"},"sameAs":["https:\/\/www.facebook.com\/dorogimedence\/"]},{"@type":"Person","@id":"https:\/\/dorogimedence.hu\/#\/schema\/person\/ce6091eeb7e95ecdc87890d6aa8e0fd4","name":"dorogimedence.hu","image":{"@type":"ImageObject","inLanguage":"hu","@id":"\/\/www.gravatar.com\/avatar\/d8d45f8901aadff40a4af72c0b826f1d?s=96&#038;r=g&#038;d=mm","url":"\/\/www.gravatar.com\/avatar\/d8d45f8901aadff40a4af72c0b826f1d?s=96&#038;r=g&#038;d=mm","contentUrl":"\/\/www.gravatar.com\/avatar\/d8d45f8901aadff40a4af72c0b826f1d?s=96&#038;r=g&#038;d=mm","caption":"dorogimedence.hu"}}]}},"_links":{"self":[{"href":"https:\/\/dorogimedence.hu\/index.php\/wp-json\/wp\/v2\/posts\/26030","targetHints":{"allow":["GET"]}}],"collection":[{"href":"https:\/\/dorogimedence.hu\/index.php\/wp-json\/wp\/v2\/posts"}],"about":[{"href":"https:\/\/dorogimedence.hu\/index.php\/wp-json\/wp\/v2\/types\/post"}],"author":[{"embeddable":true,"href":"https:\/\/dorogimedence.hu\/index.php\/wp-json\/wp\/v2\/users\/1"}],"replies":[{"embeddable":true,"href":"https:\/\/dorogimedence.hu\/index.php\/wp-json\/wp\/v2\/comments?post=26030"}],"version-history":[{"count":0,"href":"https:\/\/dorogimedence.hu\/index.php\/wp-json\/wp\/v2\/posts\/26030\/revisions"}],"wp:featuredmedia":[{"embeddable":true,"href":"https:\/\/dorogimedence.hu\/index.php\/wp-json\/wp\/v2\/media\/17300"}],"wp:attachment":[{"href":"https:\/\/dorogimedence.hu\/index.php\/wp-json\/wp\/v2\/media?parent=26030"}],"wp:term":[{"taxonomy":"category","embeddable":true,"href":"https:\/\/dorogimedence.hu\/index.php\/wp-json\/wp\/v2\/categories?post=26030"},{"taxonomy":"post_tag","embeddable":true,"href":"https:\/\/dorogimedence.hu\/index.php\/wp-json\/wp\/v2\/tags?post=26030"}],"curies":[{"name":"wp","href":"https:\/\/api.w.org\/{rel}","templated":true}]}}