{"id":25880,"date":"2020-07-01T09:56:05","date_gmt":"2020-07-01T07:56:05","guid":{"rendered":"http:\/\/dorogimedence.hu\/?p=25880"},"modified":"2020-07-01T09:56:26","modified_gmt":"2020-07-01T07:56:26","slug":"a-duna-parton-furdozoket-ellenoriztek","status":"publish","type":"post","link":"https:\/\/dorogimedence.hu\/index.php\/2020\/07\/01\/a-duna-parton-furdozoket-ellenoriztek\/","title":{"rendered":"A Duna-parton f\u00fcrd\u0151z\u0151ket ellen\u0151rizt\u00e9k"},"content":{"rendered":"<div class=\"item_introtext\">\n<p><strong>A rend\u0151r\u00f6k a polg\u00e1r\u0151r\u00f6kkel k\u00f6z\u00f6sen ellen\u0151rizt\u00e9k a Duna-parton a f\u00fcrd\u0151z\u00e9s szab\u00e1lyainak betart\u00e1s\u00e1t.<\/strong><\/p>\n<\/div>\n<div class=\"item_fulltext\">\n<p>A rend\u0151rs\u00e9g folyamatosan ellen\u0151rzi a megy\u00e9ben tal\u00e1lhat\u00f3 tavakat, b\u00e1nyatavakat, foly\u00f3kat. Ki kell azonban hangs\u00falyozni, hogy a rend\u0151rs\u00e9gnek nem a szankcion\u00e1l\u00e1s a c\u00e9lja, hanem a jogs\u00e9rt\u00e9sek megel\u0151z\u00e9se, a trag\u00e9di\u00e1k elker\u00fcl\u00e9se. Ehhez azonban az \u00e1llampolg\u00e1rok jogk\u00f6vet\u0151 magatart\u00e1sa is sz\u00fcks\u00e9ges. Legut\u00f3bb 2020. j\u00fanius 30-\u00e1n Neszm\u00e9lyen tartottak ellen\u0151rz\u00e9st az egyenruh\u00e1sok, a polg\u00e1r\u0151r\u00f6kkel k\u00f6z\u00f6sen, amely sor\u00e1n jogs\u00e9rt\u00e9st nem tapasztaltak.<\/p>\n<p>A f\u00fcrd\u0151z\u00e9s szab\u00e1lyai: A szab\u00e1lyok szerint f\u00fcr\u00f6dni csak olyan helyen lehet, amely kijel\u00f6lt f\u00fcrd\u0151helynek min\u0151s\u00fcl \u2013 a tatai \u00d6reg-t\u00f3 \u00e9s a tatab\u00e1nyai s\u00edkv\u00f6lgyi-t\u00f3 p\u00e9ld\u00e1ul nem ilyen -, de kiemelend\u0151, hogy \u00e9jszaka, korl\u00e1tozott l\u00e1t\u00e1si viszonyok k\u00f6z\u00f6tt itt sem, hacsak a v\u00edzfel\u00fclet nincs kivil\u00e1g\u00edtva. A t\u00f6bbi esetben tiltott, ezt t\u00e1bla is jelzi az adott ter\u00fcleten. Ha valaki a tilt\u00e1s ellen\u00e9re nem kijel\u00f6lt f\u00fcrd\u0151helyen m\u00e1rt\u00f3zik meg, figyelmeztet\u00e9sre vagy b\u00edrs\u00e1gra sz\u00e1m\u00edthat, amely 5 ezert\u0151l 50 ezer forintig terjedhet. Ut\u00f3bbit nem csak a rend\u0151rs\u00e9g, hanem a k\u00f6zter\u00fclet-fel\u00fcgyel\u0151, az \u00f6nkorm\u00e1nyzati term\u00e9szetv\u00e9delmi-, a hal\u00e1szati \u0151r is kiszabhatja.<\/p>\n<p><img fetchpriority=\"high\" decoding=\"async\" class=\"alignnone size-full wp-image-25882\" src=\"https:\/\/dorogimedence.hu\/wp-content\/uploads\/2020\/07\/2_354.jpg\" alt=\"\" width=\"750\" height=\"500\" srcset=\"https:\/\/dorogimedence.hu\/wp-content\/uploads\/2020\/07\/2_354.jpg 750w, https:\/\/dorogimedence.hu\/wp-content\/uploads\/2020\/07\/2_354-300x200.jpg 300w, https:\/\/dorogimedence.hu\/wp-content\/uploads\/2020\/07\/2_354-589x392.jpg 589w, https:\/\/dorogimedence.hu\/wp-content\/uploads\/2020\/07\/2_354-272x182.jpg 272w\" sizes=\"(max-width: 750px) 100vw, 750px\" \/><\/p>\n<p><strong>A balesetek megel\u0151z\u00e9se \u00e9rdek\u00e9ben a rend\u0151rs\u00e9g k\u00e9ri, hogy fogadj\u00e1k meg az al\u00e1bbi tan\u00e1csokat:<\/strong><\/p>\n<ul>\n<li>Ismeretlen helyen v\u00edzbe ugrani vesz\u00e9lyes, mert a v\u00edzfelsz\u00edn alatt nem l\u00e1that\u00f3 k\u00f6vek, c\u00f6l\u00f6p\u00f6k, kar\u00f3k \u00e9s egy\u00e9b t\u00e1rgyak maradand\u00f3 s\u00e9r\u00fcl\u00e9st, rosszabb esetben ak\u00e1r hal\u00e1lt is okozhatnak!<\/li>\n<li>Gyeng\u00e9n \u00fasz\u00f3knak azt javasoljuk, hogy csak sek\u00e9ly v\u00edzben m\u00e1rt\u00f3zzanak meg!&nbsp;<\/li>\n<li>Szeszesitalt\u00f3l befoly\u00e1solt vagy b\u00f3dult \u00e1llapotban a f\u00fcrd\u0151z\u00e9s \u00e9letvesz\u00e9lyes!<\/li>\n<li>Teli gyomorral nem javasolt a f\u00fcrd\u0151z\u00e9s!&nbsp;&nbsp;<\/li>\n<li>Aki nem tud \u00faszni, m\u00e9ly v\u00edzben ne haszn\u00e1ljon felf\u00fajhat\u00f3 f\u00fcrd\u0151eszk\u00f6zt! Ha a part mellett elalszik a gumimatracon, akkor is kisodr\u00f3dhat a m\u00e9ly v\u00edzbe!<\/li>\n<li>Figyelj\u00e9k a viharjelz\u0151 szolg\u00e1lat jelz\u00e9seit!<\/li>\n<li>Ha valaki bajban van, seg\u00edts\u00e9g\u00e9rt ki\u00e1lt, azonnal h\u00edvjanak seg\u00edts\u00e9get, \u00e9rtes\u00edts\u00e9k a v\u00edziment\u0151ket vagy a strand szem\u00e9lyzet\u00e9t!<\/li>\n<li>Semmik\u00e9pp ne feledj\u00e9k, hogy hat \u00e9ven aluli, tov\u00e1bb\u00e1 \u00faszni nem tud\u00f3 tizenk\u00e9t \u00e9ven aluli gyermek csak feln\u0151tt k\u00f6zvetlen fel\u00fcgyelete mellett f\u00fcr\u00f6dhet szabad vizekben!<\/li>\n<li>Gyermeket m\u00e9g a v\u00edzparton se hagyjanak fel\u00fcgyelet n\u00e9lk\u00fcl!<\/li>\n<li>\u00daszni nem tud\u00f3 gyermekek eset\u00e9ben indokolt a ment\u0151mell\u00e9ny vagy ment\u0151gall\u00e9r haszn\u00e1lata!<\/li>\n<li>Tizenn\u00e9gy \u00e9ven aluli gyermekek feln\u0151tt fel\u00fcgyelete n\u00e9lk\u00fcl lehet\u0151leg ne haszn\u00e1ljanak v\u00edzibiciklit!<\/li>\n<\/ul>\n<p><em>Fot\u00f3k, forr\u00e1s: police.hu<\/em><\/p>\n<\/div>\n","protected":false},"excerpt":{"rendered":"<p>A rend\u0151r\u00f6k a polg\u00e1r\u0151r\u00f6kkel k\u00f6z\u00f6sen ellen\u0151rizt\u00e9k a Duna-parton a f\u00fcrd\u0151z\u00e9s szab\u00e1lyainak betart\u00e1s\u00e1t. A rend\u0151rs\u00e9g folyamatosan ellen\u0151rzi a megy\u00e9ben tal\u00e1lhat\u00f3 tavakat, b\u00e1nyatavakat, foly\u00f3kat. Ki kell azonban hangs\u00falyozni, hogy a rend\u0151rs\u00e9gnek nem a szankcion\u00e1l\u00e1s a c\u00e9lja, hanem a jogs\u00e9rt\u00e9sek megel\u0151z\u00e9se, a trag\u00e9di\u00e1k elker\u00fcl\u00e9se. Ehhez azonban az \u00e1llampolg\u00e1rok jogk\u00f6vet\u0151 magatart\u00e1sa is sz\u00fcks\u00e9ges. Legut\u00f3bb 2020. j\u00fanius 30-\u00e1n Neszm\u00e9lyen tartottak<\/p>\n","protected":false},"author":1,"featured_media":25881,"comment_status":"closed","ping_status":"closed","sticky":false,"template":"","format":"standard","meta":{"ngg_post_thumbnail":0,"footnotes":""},"categories":[3,39],"tags":[515,2144,1340,61],"class_list":{"0":"post-25880","1":"post","2":"type-post","3":"status-publish","4":"format-standard","5":"has-post-thumbnail","7":"category-hirek","8":"category-kek-hirek","9":"tag-ellenorzes","10":"tag-furdozes","11":"tag-polgarorseg","12":"tag-rendorsegi-hirek"},"yoast_head":"<!-- This site is optimized with the Yoast SEO plugin v27.5 - https:\/\/yoast.com\/product\/yoast-seo-wordpress\/ -->\n<title>A Duna-parton f\u00fcrd\u0151z\u0151ket ellen\u0151rizt\u00e9k<\/title>\n<meta name=\"robots\" content=\"index, follow, max-snippet:-1, max-image-preview:large, max-video-preview:-1\" \/>\n<link rel=\"canonical\" href=\"https:\/\/dorogimedence.hu\/index.php\/2020\/07\/01\/a-duna-parton-furdozoket-ellenoriztek\/\" class=\"yoast-seo-meta-tag\" \/>\n<meta property=\"og:locale\" content=\"hu_HU\" class=\"yoast-seo-meta-tag\" \/>\n<meta property=\"og:type\" content=\"article\" class=\"yoast-seo-meta-tag\" \/>\n<meta property=\"og:title\" content=\"A Duna-parton f\u00fcrd\u0151z\u0151ket ellen\u0151rizt\u00e9k\" class=\"yoast-seo-meta-tag\" \/>\n<meta property=\"og:description\" content=\"A rend\u0151r\u00f6k a polg\u00e1r\u0151r\u00f6kkel k\u00f6z\u00f6sen ellen\u0151rizt\u00e9k a Duna-parton a f\u00fcrd\u0151z\u00e9s szab\u00e1lyainak betart\u00e1s\u00e1t. A rend\u0151rs\u00e9g folyamatosan ellen\u0151rzi a megy\u00e9ben tal\u00e1lhat\u00f3 tavakat, b\u00e1nyatavakat, foly\u00f3kat. Ki kell azonban hangs\u00falyozni, hogy a rend\u0151rs\u00e9gnek nem a szankcion\u00e1l\u00e1s a c\u00e9lja, hanem a jogs\u00e9rt\u00e9sek megel\u0151z\u00e9se, a trag\u00e9di\u00e1k elker\u00fcl\u00e9se. Ehhez azonban az \u00e1llampolg\u00e1rok jogk\u00f6vet\u0151 magatart\u00e1sa is sz\u00fcks\u00e9ges. Legut\u00f3bb 2020. j\u00fanius 30-\u00e1n Neszm\u00e9lyen tartottak\" class=\"yoast-seo-meta-tag\" \/>\n<meta property=\"og:url\" content=\"https:\/\/dorogimedence.hu\/index.php\/2020\/07\/01\/a-duna-parton-furdozoket-ellenoriztek\/\" class=\"yoast-seo-meta-tag\" \/>\n<meta property=\"og:site_name\" content=\"Dorogi-medence Region\u00e1lis H\u00edrport\u00e1l\" class=\"yoast-seo-meta-tag\" \/>\n<meta property=\"article:publisher\" content=\"https:\/\/www.facebook.com\/dorogimedence\/\" class=\"yoast-seo-meta-tag\" \/>\n<meta property=\"article:published_time\" content=\"2020-07-01T07:56:05+00:00\" class=\"yoast-seo-meta-tag\" \/>\n<meta property=\"article:modified_time\" content=\"2020-07-01T07:56:26+00:00\" class=\"yoast-seo-meta-tag\" \/>\n<meta property=\"og:image\" content=\"https:\/\/i0.wp.com\/dorogimedence.hu\/wp-content\/uploads\/2020\/07\/duna-part.jpg?fit=830%2C450&ssl=1\" class=\"yoast-seo-meta-tag\" \/>\n\t<meta property=\"og:image:width\" content=\"830\" class=\"yoast-seo-meta-tag\" \/>\n\t<meta property=\"og:image:height\" content=\"450\" class=\"yoast-seo-meta-tag\" \/>\n\t<meta property=\"og:image:type\" content=\"image\/jpeg\" class=\"yoast-seo-meta-tag\" \/>\n<meta name=\"author\" content=\"dorogimedence.hu\" class=\"yoast-seo-meta-tag\" \/>\n<meta name=\"twitter:card\" content=\"summary_large_image\" class=\"yoast-seo-meta-tag\" \/>\n<meta name=\"twitter:label1\" content=\"Szerz\u0151:\" class=\"yoast-seo-meta-tag\" \/>\n\t<meta name=\"twitter:data1\" content=\"dorogimedence.hu\" class=\"yoast-seo-meta-tag\" \/>\n\t<meta name=\"twitter:label2\" content=\"Becs\u00fclt olvas\u00e1si id\u0151\" class=\"yoast-seo-meta-tag\" \/>\n\t<meta name=\"twitter:data2\" content=\"3 perc\" class=\"yoast-seo-meta-tag\" \/>\n<script type=\"application\/ld+json\" class=\"yoast-schema-graph\">{\"@context\":\"https:\\\/\\\/schema.org\",\"@graph\":[{\"@type\":\"Article\",\"@id\":\"https:\\\/\\\/dorogimedence.hu\\\/index.php\\\/2020\\\/07\\\/01\\\/a-duna-parton-furdozoket-ellenoriztek\\\/#article\",\"isPartOf\":{\"@id\":\"https:\\\/\\\/dorogimedence.hu\\\/index.php\\\/2020\\\/07\\\/01\\\/a-duna-parton-furdozoket-ellenoriztek\\\/\"},\"author\":{\"name\":\"dorogimedence.hu\",\"@id\":\"https:\\\/\\\/dorogimedence.hu\\\/#\\\/schema\\\/person\\\/ce6091eeb7e95ecdc87890d6aa8e0fd4\"},\"headline\":\"A Duna-parton f\u00fcrd\u0151z\u0151ket ellen\u0151rizt\u00e9k\",\"datePublished\":\"2020-07-01T07:56:05+00:00\",\"dateModified\":\"2020-07-01T07:56:26+00:00\",\"mainEntityOfPage\":{\"@id\":\"https:\\\/\\\/dorogimedence.hu\\\/index.php\\\/2020\\\/07\\\/01\\\/a-duna-parton-furdozoket-ellenoriztek\\\/\"},\"wordCount\":533,\"publisher\":{\"@id\":\"https:\\\/\\\/dorogimedence.hu\\\/#organization\"},\"image\":{\"@id\":\"https:\\\/\\\/dorogimedence.hu\\\/index.php\\\/2020\\\/07\\\/01\\\/a-duna-parton-furdozoket-ellenoriztek\\\/#primaryimage\"},\"thumbnailUrl\":\"https:\\\/\\\/dorogimedence.hu\\\/wp-content\\\/uploads\\\/2020\\\/07\\\/duna-part.jpg\",\"keywords\":[\"ellen\u0151rz\u00e9s\",\"f\u00fcrd\u0151z\u00e9s\",\"polg\u00e1r\u0151rs\u00e9g\",\"rend\u0151rs\u00e9gi h\u00edrek\"],\"articleSection\":[\"H\u00edrek\",\"K\u00e9k h\u00edrek\"],\"inLanguage\":\"hu\"},{\"@type\":\"WebPage\",\"@id\":\"https:\\\/\\\/dorogimedence.hu\\\/index.php\\\/2020\\\/07\\\/01\\\/a-duna-parton-furdozoket-ellenoriztek\\\/\",\"url\":\"https:\\\/\\\/dorogimedence.hu\\\/index.php\\\/2020\\\/07\\\/01\\\/a-duna-parton-furdozoket-ellenoriztek\\\/\",\"name\":\"A Duna-parton f\u00fcrd\u0151z\u0151ket ellen\u0151rizt\u00e9k\",\"isPartOf\":{\"@id\":\"https:\\\/\\\/dorogimedence.hu\\\/#website\"},\"primaryImageOfPage\":{\"@id\":\"https:\\\/\\\/dorogimedence.hu\\\/index.php\\\/2020\\\/07\\\/01\\\/a-duna-parton-furdozoket-ellenoriztek\\\/#primaryimage\"},\"image\":{\"@id\":\"https:\\\/\\\/dorogimedence.hu\\\/index.php\\\/2020\\\/07\\\/01\\\/a-duna-parton-furdozoket-ellenoriztek\\\/#primaryimage\"},\"thumbnailUrl\":\"https:\\\/\\\/dorogimedence.hu\\\/wp-content\\\/uploads\\\/2020\\\/07\\\/duna-part.jpg\",\"datePublished\":\"2020-07-01T07:56:05+00:00\",\"dateModified\":\"2020-07-01T07:56:26+00:00\",\"breadcrumb\":{\"@id\":\"https:\\\/\\\/dorogimedence.hu\\\/index.php\\\/2020\\\/07\\\/01\\\/a-duna-parton-furdozoket-ellenoriztek\\\/#breadcrumb\"},\"inLanguage\":\"hu\",\"potentialAction\":[{\"@type\":\"ReadAction\",\"target\":[\"https:\\\/\\\/dorogimedence.hu\\\/index.php\\\/2020\\\/07\\\/01\\\/a-duna-parton-furdozoket-ellenoriztek\\\/\"]}]},{\"@type\":\"ImageObject\",\"inLanguage\":\"hu\",\"@id\":\"https:\\\/\\\/dorogimedence.hu\\\/index.php\\\/2020\\\/07\\\/01\\\/a-duna-parton-furdozoket-ellenoriztek\\\/#primaryimage\",\"url\":\"https:\\\/\\\/dorogimedence.hu\\\/wp-content\\\/uploads\\\/2020\\\/07\\\/duna-part.jpg\",\"contentUrl\":\"https:\\\/\\\/dorogimedence.hu\\\/wp-content\\\/uploads\\\/2020\\\/07\\\/duna-part.jpg\",\"width\":830,\"height\":450},{\"@type\":\"BreadcrumbList\",\"@id\":\"https:\\\/\\\/dorogimedence.hu\\\/index.php\\\/2020\\\/07\\\/01\\\/a-duna-parton-furdozoket-ellenoriztek\\\/#breadcrumb\",\"itemListElement\":[{\"@type\":\"ListItem\",\"position\":1,\"name\":\"Kezd\u0151lap\",\"item\":\"https:\\\/\\\/dorogimedence.hu\\\/\"},{\"@type\":\"ListItem\",\"position\":2,\"name\":\"A Duna-parton f\u00fcrd\u0151z\u0151ket ellen\u0151rizt\u00e9k\"}]},{\"@type\":\"WebSite\",\"@id\":\"https:\\\/\\\/dorogimedence.hu\\\/#website\",\"url\":\"https:\\\/\\\/dorogimedence.hu\\\/\",\"name\":\"Dorogi-medence Region\u00e1lis H\u00edrport\u00e1l\",\"description\":\"Dorog, Keszt\u00f6lc, Le\u00e1nyv\u00e1r, Piliscs\u00e9v, Tokod, Tokodalt\u00e1r\u00f3, Csolnok, Esztergom-kertv\u00e1ros: h\u00edrek, programok\",\"publisher\":{\"@id\":\"https:\\\/\\\/dorogimedence.hu\\\/#organization\"},\"potentialAction\":[{\"@type\":\"SearchAction\",\"target\":{\"@type\":\"EntryPoint\",\"urlTemplate\":\"https:\\\/\\\/dorogimedence.hu\\\/?s={search_term_string}\"},\"query-input\":{\"@type\":\"PropertyValueSpecification\",\"valueRequired\":true,\"valueName\":\"search_term_string\"}}],\"inLanguage\":\"hu\"},{\"@type\":\"Organization\",\"@id\":\"https:\\\/\\\/dorogimedence.hu\\\/#organization\",\"name\":\"Dorogi-medence Region\u00e1lis H\u00edrport\u00e1l\",\"url\":\"https:\\\/\\\/dorogimedence.hu\\\/\",\"logo\":{\"@type\":\"ImageObject\",\"inLanguage\":\"hu\",\"@id\":\"https:\\\/\\\/dorogimedence.hu\\\/#\\\/schema\\\/logo\\\/image\\\/\",\"url\":\"https:\\\/\\\/dorogimedence.hu\\\/wp-content\\\/uploads\\\/2021\\\/04\\\/logo-feher-600.png\",\"contentUrl\":\"https:\\\/\\\/dorogimedence.hu\\\/wp-content\\\/uploads\\\/2021\\\/04\\\/logo-feher-600.png\",\"width\":600,\"height\":100,\"caption\":\"Dorogi-medence Region\u00e1lis H\u00edrport\u00e1l\"},\"image\":{\"@id\":\"https:\\\/\\\/dorogimedence.hu\\\/#\\\/schema\\\/logo\\\/image\\\/\"},\"sameAs\":[\"https:\\\/\\\/www.facebook.com\\\/dorogimedence\\\/\"]},{\"@type\":\"Person\",\"@id\":\"https:\\\/\\\/dorogimedence.hu\\\/#\\\/schema\\\/person\\\/ce6091eeb7e95ecdc87890d6aa8e0fd4\",\"name\":\"dorogimedence.hu\",\"image\":{\"@type\":\"ImageObject\",\"inLanguage\":\"hu\",\"@id\":\"\\\/\\\/www.gravatar.com\\\/avatar\\\/d8d45f8901aadff40a4af72c0b826f1d?s=96&#038;r=g&#038;d=mm\",\"url\":\"\\\/\\\/www.gravatar.com\\\/avatar\\\/d8d45f8901aadff40a4af72c0b826f1d?s=96&#038;r=g&#038;d=mm\",\"contentUrl\":\"\\\/\\\/www.gravatar.com\\\/avatar\\\/d8d45f8901aadff40a4af72c0b826f1d?s=96&#038;r=g&#038;d=mm\",\"caption\":\"dorogimedence.hu\"}}]}<\/script>\n<!-- \/ Yoast SEO plugin. -->","yoast_head_json":{"title":"A Duna-parton f\u00fcrd\u0151z\u0151ket ellen\u0151rizt\u00e9k","robots":{"index":"index","follow":"follow","max-snippet":"max-snippet:-1","max-image-preview":"max-image-preview:large","max-video-preview":"max-video-preview:-1"},"canonical":"https:\/\/dorogimedence.hu\/index.php\/2020\/07\/01\/a-duna-parton-furdozoket-ellenoriztek\/","og_locale":"hu_HU","og_type":"article","og_title":"A Duna-parton f\u00fcrd\u0151z\u0151ket ellen\u0151rizt\u00e9k","og_description":"A rend\u0151r\u00f6k a polg\u00e1r\u0151r\u00f6kkel k\u00f6z\u00f6sen ellen\u0151rizt\u00e9k a Duna-parton a f\u00fcrd\u0151z\u00e9s szab\u00e1lyainak betart\u00e1s\u00e1t. A rend\u0151rs\u00e9g folyamatosan ellen\u0151rzi a megy\u00e9ben tal\u00e1lhat\u00f3 tavakat, b\u00e1nyatavakat, foly\u00f3kat. Ki kell azonban hangs\u00falyozni, hogy a rend\u0151rs\u00e9gnek nem a szankcion\u00e1l\u00e1s a c\u00e9lja, hanem a jogs\u00e9rt\u00e9sek megel\u0151z\u00e9se, a trag\u00e9di\u00e1k elker\u00fcl\u00e9se. Ehhez azonban az \u00e1llampolg\u00e1rok jogk\u00f6vet\u0151 magatart\u00e1sa is sz\u00fcks\u00e9ges. Legut\u00f3bb 2020. j\u00fanius 30-\u00e1n Neszm\u00e9lyen tartottak","og_url":"https:\/\/dorogimedence.hu\/index.php\/2020\/07\/01\/a-duna-parton-furdozoket-ellenoriztek\/","og_site_name":"Dorogi-medence Region\u00e1lis H\u00edrport\u00e1l","article_publisher":"https:\/\/www.facebook.com\/dorogimedence\/","article_published_time":"2020-07-01T07:56:05+00:00","article_modified_time":"2020-07-01T07:56:26+00:00","og_image":[{"width":830,"height":450,"url":"https:\/\/i0.wp.com\/dorogimedence.hu\/wp-content\/uploads\/2020\/07\/duna-part.jpg?fit=830%2C450&ssl=1","type":"image\/jpeg"}],"author":"dorogimedence.hu","twitter_card":"summary_large_image","twitter_misc":{"Szerz\u0151:":"dorogimedence.hu","Becs\u00fclt olvas\u00e1si id\u0151":"3 perc"},"schema":{"@context":"https:\/\/schema.org","@graph":[{"@type":"Article","@id":"https:\/\/dorogimedence.hu\/index.php\/2020\/07\/01\/a-duna-parton-furdozoket-ellenoriztek\/#article","isPartOf":{"@id":"https:\/\/dorogimedence.hu\/index.php\/2020\/07\/01\/a-duna-parton-furdozoket-ellenoriztek\/"},"author":{"name":"dorogimedence.hu","@id":"https:\/\/dorogimedence.hu\/#\/schema\/person\/ce6091eeb7e95ecdc87890d6aa8e0fd4"},"headline":"A Duna-parton f\u00fcrd\u0151z\u0151ket ellen\u0151rizt\u00e9k","datePublished":"2020-07-01T07:56:05+00:00","dateModified":"2020-07-01T07:56:26+00:00","mainEntityOfPage":{"@id":"https:\/\/dorogimedence.hu\/index.php\/2020\/07\/01\/a-duna-parton-furdozoket-ellenoriztek\/"},"wordCount":533,"publisher":{"@id":"https:\/\/dorogimedence.hu\/#organization"},"image":{"@id":"https:\/\/dorogimedence.hu\/index.php\/2020\/07\/01\/a-duna-parton-furdozoket-ellenoriztek\/#primaryimage"},"thumbnailUrl":"https:\/\/dorogimedence.hu\/wp-content\/uploads\/2020\/07\/duna-part.jpg","keywords":["ellen\u0151rz\u00e9s","f\u00fcrd\u0151z\u00e9s","polg\u00e1r\u0151rs\u00e9g","rend\u0151rs\u00e9gi h\u00edrek"],"articleSection":["H\u00edrek","K\u00e9k h\u00edrek"],"inLanguage":"hu"},{"@type":"WebPage","@id":"https:\/\/dorogimedence.hu\/index.php\/2020\/07\/01\/a-duna-parton-furdozoket-ellenoriztek\/","url":"https:\/\/dorogimedence.hu\/index.php\/2020\/07\/01\/a-duna-parton-furdozoket-ellenoriztek\/","name":"A Duna-parton f\u00fcrd\u0151z\u0151ket ellen\u0151rizt\u00e9k","isPartOf":{"@id":"https:\/\/dorogimedence.hu\/#website"},"primaryImageOfPage":{"@id":"https:\/\/dorogimedence.hu\/index.php\/2020\/07\/01\/a-duna-parton-furdozoket-ellenoriztek\/#primaryimage"},"image":{"@id":"https:\/\/dorogimedence.hu\/index.php\/2020\/07\/01\/a-duna-parton-furdozoket-ellenoriztek\/#primaryimage"},"thumbnailUrl":"https:\/\/dorogimedence.hu\/wp-content\/uploads\/2020\/07\/duna-part.jpg","datePublished":"2020-07-01T07:56:05+00:00","dateModified":"2020-07-01T07:56:26+00:00","breadcrumb":{"@id":"https:\/\/dorogimedence.hu\/index.php\/2020\/07\/01\/a-duna-parton-furdozoket-ellenoriztek\/#breadcrumb"},"inLanguage":"hu","potentialAction":[{"@type":"ReadAction","target":["https:\/\/dorogimedence.hu\/index.php\/2020\/07\/01\/a-duna-parton-furdozoket-ellenoriztek\/"]}]},{"@type":"ImageObject","inLanguage":"hu","@id":"https:\/\/dorogimedence.hu\/index.php\/2020\/07\/01\/a-duna-parton-furdozoket-ellenoriztek\/#primaryimage","url":"https:\/\/dorogimedence.hu\/wp-content\/uploads\/2020\/07\/duna-part.jpg","contentUrl":"https:\/\/dorogimedence.hu\/wp-content\/uploads\/2020\/07\/duna-part.jpg","width":830,"height":450},{"@type":"BreadcrumbList","@id":"https:\/\/dorogimedence.hu\/index.php\/2020\/07\/01\/a-duna-parton-furdozoket-ellenoriztek\/#breadcrumb","itemListElement":[{"@type":"ListItem","position":1,"name":"Kezd\u0151lap","item":"https:\/\/dorogimedence.hu\/"},{"@type":"ListItem","position":2,"name":"A Duna-parton f\u00fcrd\u0151z\u0151ket ellen\u0151rizt\u00e9k"}]},{"@type":"WebSite","@id":"https:\/\/dorogimedence.hu\/#website","url":"https:\/\/dorogimedence.hu\/","name":"Dorogi-medence Region\u00e1lis H\u00edrport\u00e1l","description":"Dorog, Keszt\u00f6lc, Le\u00e1nyv\u00e1r, Piliscs\u00e9v, Tokod, Tokodalt\u00e1r\u00f3, Csolnok, Esztergom-kertv\u00e1ros: h\u00edrek, programok","publisher":{"@id":"https:\/\/dorogimedence.hu\/#organization"},"potentialAction":[{"@type":"SearchAction","target":{"@type":"EntryPoint","urlTemplate":"https:\/\/dorogimedence.hu\/?s={search_term_string}"},"query-input":{"@type":"PropertyValueSpecification","valueRequired":true,"valueName":"search_term_string"}}],"inLanguage":"hu"},{"@type":"Organization","@id":"https:\/\/dorogimedence.hu\/#organization","name":"Dorogi-medence Region\u00e1lis H\u00edrport\u00e1l","url":"https:\/\/dorogimedence.hu\/","logo":{"@type":"ImageObject","inLanguage":"hu","@id":"https:\/\/dorogimedence.hu\/#\/schema\/logo\/image\/","url":"https:\/\/dorogimedence.hu\/wp-content\/uploads\/2021\/04\/logo-feher-600.png","contentUrl":"https:\/\/dorogimedence.hu\/wp-content\/uploads\/2021\/04\/logo-feher-600.png","width":600,"height":100,"caption":"Dorogi-medence Region\u00e1lis H\u00edrport\u00e1l"},"image":{"@id":"https:\/\/dorogimedence.hu\/#\/schema\/logo\/image\/"},"sameAs":["https:\/\/www.facebook.com\/dorogimedence\/"]},{"@type":"Person","@id":"https:\/\/dorogimedence.hu\/#\/schema\/person\/ce6091eeb7e95ecdc87890d6aa8e0fd4","name":"dorogimedence.hu","image":{"@type":"ImageObject","inLanguage":"hu","@id":"\/\/www.gravatar.com\/avatar\/d8d45f8901aadff40a4af72c0b826f1d?s=96&#038;r=g&#038;d=mm","url":"\/\/www.gravatar.com\/avatar\/d8d45f8901aadff40a4af72c0b826f1d?s=96&#038;r=g&#038;d=mm","contentUrl":"\/\/www.gravatar.com\/avatar\/d8d45f8901aadff40a4af72c0b826f1d?s=96&#038;r=g&#038;d=mm","caption":"dorogimedence.hu"}}]}},"_links":{"self":[{"href":"https:\/\/dorogimedence.hu\/index.php\/wp-json\/wp\/v2\/posts\/25880","targetHints":{"allow":["GET"]}}],"collection":[{"href":"https:\/\/dorogimedence.hu\/index.php\/wp-json\/wp\/v2\/posts"}],"about":[{"href":"https:\/\/dorogimedence.hu\/index.php\/wp-json\/wp\/v2\/types\/post"}],"author":[{"embeddable":true,"href":"https:\/\/dorogimedence.hu\/index.php\/wp-json\/wp\/v2\/users\/1"}],"replies":[{"embeddable":true,"href":"https:\/\/dorogimedence.hu\/index.php\/wp-json\/wp\/v2\/comments?post=25880"}],"version-history":[{"count":0,"href":"https:\/\/dorogimedence.hu\/index.php\/wp-json\/wp\/v2\/posts\/25880\/revisions"}],"wp:featuredmedia":[{"embeddable":true,"href":"https:\/\/dorogimedence.hu\/index.php\/wp-json\/wp\/v2\/media\/25881"}],"wp:attachment":[{"href":"https:\/\/dorogimedence.hu\/index.php\/wp-json\/wp\/v2\/media?parent=25880"}],"wp:term":[{"taxonomy":"category","embeddable":true,"href":"https:\/\/dorogimedence.hu\/index.php\/wp-json\/wp\/v2\/categories?post=25880"},{"taxonomy":"post_tag","embeddable":true,"href":"https:\/\/dorogimedence.hu\/index.php\/wp-json\/wp\/v2\/tags?post=25880"}],"curies":[{"name":"wp","href":"https:\/\/api.w.org\/{rel}","templated":true}]}}