{"id":25859,"date":"2020-06-30T14:10:39","date_gmt":"2020-06-30T12:10:39","guid":{"rendered":"http:\/\/dorogimedence.hu\/?p=25859"},"modified":"2020-06-30T14:11:42","modified_gmt":"2020-06-30T12:11:42","slug":"most-a-dorogi-korhaz-parkjat-tisztitottak-meg-a-szemetirtok","status":"publish","type":"post","link":"https:\/\/dorogimedence.hu\/index.php\/2020\/06\/30\/most-a-dorogi-korhaz-parkjat-tisztitottak-meg-a-szemetirtok\/","title":{"rendered":"Most a dorogi k\u00f3rh\u00e1z parkj\u00e1t tiszt\u00edtott\u00e1k meg a Szem\u00e9tirt\u00f3k"},"content":{"rendered":"<p><strong>A nagy meleg ellen\u00e9re is sz\u00e9p sz\u00e1mmal gy\u0171ltek \u00f6ssze a j\u00fanius 28-\u00e1ra meghirdetett dorogi k\u00f3rh\u00e1zpark-takar\u00edt\u00e1son.<\/strong><\/p>\n<p>A BEBTE tagjai mellett a dorogi rendel\u0151int\u00e9zet \u00e9s k\u00f3rh\u00e1z dolgoz\u00f3i is k\u00e9pviseltett\u00e9k magukat. Annak ellen\u00e9re, hogy k\u00f3rh\u00e1zparkot eml\u00edt\u00fcnk, val\u00f3j\u00e1ban egy ma m\u00e1r minden oldalr\u00f3l nyitott v\u00e1rosi k\u00f6zparkr\u00f3l van sz\u00f3. Ezt csak az\u00e9rt fontos megjegyezni, mert a hullad\u00e9k mennyis\u00e9ge emiatt sz\u00e1mottev\u0151.<\/p>\n<p><img fetchpriority=\"high\" decoding=\"async\" class=\"alignnone size-full wp-image-25861\" src=\"https:\/\/dorogimedence.hu\/wp-content\/uploads\/2020\/06\/szemetirtok-korhaz-02.jpg\" alt=\"\" width=\"830\" height=\"588\" srcset=\"https:\/\/dorogimedence.hu\/wp-content\/uploads\/2020\/06\/szemetirtok-korhaz-02.jpg 830w, https:\/\/dorogimedence.hu\/wp-content\/uploads\/2020\/06\/szemetirtok-korhaz-02-300x213.jpg 300w, https:\/\/dorogimedence.hu\/wp-content\/uploads\/2020\/06\/szemetirtok-korhaz-02-768x544.jpg 768w\" sizes=\"(max-width: 830px) 100vw, 830px\" \/><\/p>\n<p>A hullad\u00e9k nagyr\u00e9szt a parkol\u00f3 k\u00f6rny\u00e9k\u00e9n, illetve az SZTK f\u0151bej\u00e1rat\u00e1n\u00e1l koncentr\u00e1l\u00f3d<span class=\"text_exposed_show\">ik. A fellelhet\u0151 szem\u00e9t z\u00f6m\u00e9t cigarettacsikk teszi ki, de a M\u00e1ria utcai doh\u00e1nyboltb\u00f3l valamint a parkol\u00f3val szomsz\u00e9dos b\u00fcf\u00e9b\u0151l is sz\u00e1mos italos poh\u00e1r, energiaitalos doboz, illetve p\u00e1link\u00e1s\u00fcveg sz\u00e1rmaztathat\u00f3.<\/span><\/p>\n<div class=\"text_exposed_show\">\n<p>Tal\u00e1n az sem meglep\u0151, de ann\u00e1l szomor\u00fabb t\u00e9ny, hogy a t\u00fcd\u0151sz\u0171r\u0151 \u00e9p\u00fclete el\u0151tt sz\u00e1mtalan csikket gy\u0171jt\u00f6ttek be az \u00f6nk\u00e9ntesek.<\/p>\n<p><img decoding=\"async\" class=\"alignnone size-full wp-image-25862\" src=\"https:\/\/dorogimedence.hu\/wp-content\/uploads\/2020\/06\/szemetirtok-korhaz-03.jpg\" alt=\"\" width=\"677\" height=\"702\" srcset=\"https:\/\/dorogimedence.hu\/wp-content\/uploads\/2020\/06\/szemetirtok-korhaz-03.jpg 677w, https:\/\/dorogimedence.hu\/wp-content\/uploads\/2020\/06\/szemetirtok-korhaz-03-289x300.jpg 289w\" sizes=\"(max-width: 677px) 100vw, 677px\" \/><\/p>\n<p><em>&#8222;Az esem\u00e9ny v\u00e9gezt\u00e9vel t\u00f6rt\u00e9nt egy kis k\u00f6zj\u00e1t\u00e9k, ami sajnos nagyon j\u00f3l szeml\u00e9lteti sok doh\u00e1nyos ember hozz\u00e1\u00e1ll\u00e1s\u00e1t a &#8222;csikk=szem\u00e9t&#8221; k\u00e9rd\u00e9shez. A parkol\u00f3ban \u00e9ppen zs\u00e1kokba \u00f6nt\u00f6gett\u00fck a v\u00f6dr\u00f6kbe gy\u0171jt\u00f6tt szemetet, amikor egy ember pont befejezte az aut\u00f3ja mellett a cigarett\u00e1z\u00e1st. L\u00e1tta, hogy ciki lett volna eldobnia a csikket oda, ahonnan p\u00e1r perce \u00f6sszeszedt\u00fck, \u00edgy elindult a n\u00e9h\u00e1ny m\u00e9terre l\u00e9v\u0151 es\u0151v\u00edzgy\u0171jt\u0151 csatorna fel\u00e9.<\/em><br \/>\n<em>A sz\u00e1nd\u00e9k egy\u00e9rtelm\u0171 volt, \u00edgy megsz\u00f3l\u00edtottuk. M\u00e9g id\u0151ben. A helyzet val\u00f3sz\u00edn\u0171leg meglepte. A c\u00e9l nem a nyilv\u00e1nos megsz\u00e9gyen\u00edt\u00e9s volt, rem\u00e9lj\u00fck, hogy \u0151 sem vette annak. J\u00f3 lenne, ha minden \u00e9rintett meg\u00e9rten\u00e9, hogy a szem\u00e9t eldob\u00e1sa akkor sem helyes, ha azt ut\u00e1na nem l\u00e1tjuk. A csatorn\u00e1kba dobott csikkek r\u00e1ad\u00e1sul k\u00f6zvetlen\u00fcl a patakba jutnak, onnan pedig tov\u00e1bb \u00fasznak, ki tudja meddig. Persze az is el\u0151fordul, hogy csak helyben gy\u0171lik, \u00e9s sok m\u00e1s hullad\u00e9kkal (ami lehet a sz\u00e9l \u00e1ltal bef\u00fajt falev\u00e9l is) egy\u00fctt dug\u00f3t k\u00e9pez a csatorn\u00e1ban. Amikor az es\u0151z\u00e9sek ut\u00e1n \u00fasznak az utc\u00e1k, kertek, gondoljunk erre is.&#8221;<\/em> &#8211; \u00edrt\u00e1k a Szem\u00e9tirt\u00f3k a Facebook csoportjukban.<\/p>\n<p><em>Fot\u00f3k, forr\u00e1s: Szem\u00e9tirt\u00f3k Facebook csoport<\/em><\/p>\n<\/div>\n","protected":false},"excerpt":{"rendered":"<p>A nagy meleg ellen\u00e9re is sz\u00e9p sz\u00e1mmal gy\u0171ltek \u00f6ssze a j\u00fanius 28-\u00e1ra meghirdetett dorogi k\u00f3rh\u00e1zpark-takar\u00edt\u00e1son. A BEBTE tagjai mellett a dorogi rendel\u0151int\u00e9zet \u00e9s k\u00f3rh\u00e1z dolgoz\u00f3i is k\u00e9pviseltett\u00e9k magukat. Annak ellen\u00e9re, hogy k\u00f3rh\u00e1zparkot eml\u00edt\u00fcnk, val\u00f3j\u00e1ban egy ma m\u00e1r minden oldalr\u00f3l nyitott v\u00e1rosi k\u00f6zparkr\u00f3l van sz\u00f3. Ezt csak az\u00e9rt fontos megjegyezni, mert a hullad\u00e9k mennyis\u00e9ge emiatt sz\u00e1mottev\u0151.<\/p>\n","protected":false},"author":1,"featured_media":25860,"comment_status":"closed","ping_status":"closed","sticky":false,"template":"","format":"standard","meta":{"ngg_post_thumbnail":0,"footnotes":""},"categories":[2,3],"tags":[3957,15,3958,2397],"class_list":{"0":"post-25859","1":"post","2":"type-post","3":"status-publish","4":"format-standard","5":"has-post-thumbnail","7":"category-dorog","8":"category-hirek","9":"tag-csikkszedes","10":"tag-dorog","11":"tag-szemetirtok","12":"tag-szemetszedes"},"yoast_head":"<!-- This site is optimized with the Yoast SEO plugin v27.4 - https:\/\/yoast.com\/product\/yoast-seo-wordpress\/ -->\n<title>Most a dorogi k\u00f3rh\u00e1z parkj\u00e1t tiszt\u00edtott\u00e1k meg a Szem\u00e9tirt\u00f3k<\/title>\n<meta name=\"robots\" content=\"index, follow, max-snippet:-1, max-image-preview:large, max-video-preview:-1\" \/>\n<link rel=\"canonical\" href=\"https:\/\/dorogimedence.hu\/index.php\/2020\/06\/30\/most-a-dorogi-korhaz-parkjat-tisztitottak-meg-a-szemetirtok\/\" class=\"yoast-seo-meta-tag\" \/>\n<meta property=\"og:locale\" content=\"hu_HU\" class=\"yoast-seo-meta-tag\" \/>\n<meta property=\"og:type\" content=\"article\" class=\"yoast-seo-meta-tag\" \/>\n<meta property=\"og:title\" content=\"Most a dorogi k\u00f3rh\u00e1z parkj\u00e1t tiszt\u00edtott\u00e1k meg a Szem\u00e9tirt\u00f3k\" class=\"yoast-seo-meta-tag\" \/>\n<meta property=\"og:description\" content=\"A nagy meleg ellen\u00e9re is sz\u00e9p sz\u00e1mmal gy\u0171ltek \u00f6ssze a j\u00fanius 28-\u00e1ra meghirdetett dorogi k\u00f3rh\u00e1zpark-takar\u00edt\u00e1son. A BEBTE tagjai mellett a dorogi rendel\u0151int\u00e9zet \u00e9s k\u00f3rh\u00e1z dolgoz\u00f3i is k\u00e9pviseltett\u00e9k magukat. Annak ellen\u00e9re, hogy k\u00f3rh\u00e1zparkot eml\u00edt\u00fcnk, val\u00f3j\u00e1ban egy ma m\u00e1r minden oldalr\u00f3l nyitott v\u00e1rosi k\u00f6zparkr\u00f3l van sz\u00f3. Ezt csak az\u00e9rt fontos megjegyezni, mert a hullad\u00e9k mennyis\u00e9ge emiatt sz\u00e1mottev\u0151.\" class=\"yoast-seo-meta-tag\" \/>\n<meta property=\"og:url\" content=\"https:\/\/dorogimedence.hu\/index.php\/2020\/06\/30\/most-a-dorogi-korhaz-parkjat-tisztitottak-meg-a-szemetirtok\/\" class=\"yoast-seo-meta-tag\" \/>\n<meta property=\"og:site_name\" content=\"Dorogi-medence Region\u00e1lis H\u00edrport\u00e1l\" class=\"yoast-seo-meta-tag\" \/>\n<meta property=\"article:publisher\" content=\"https:\/\/www.facebook.com\/dorogimedence\/\" class=\"yoast-seo-meta-tag\" \/>\n<meta property=\"article:published_time\" content=\"2020-06-30T12:10:39+00:00\" class=\"yoast-seo-meta-tag\" \/>\n<meta property=\"article:modified_time\" content=\"2020-06-30T12:11:42+00:00\" class=\"yoast-seo-meta-tag\" \/>\n<meta property=\"og:image\" content=\"https:\/\/i0.wp.com\/dorogimedence.hu\/wp-content\/uploads\/2020\/06\/szemetirtok-korhaz.jpg?fit=830%2C450&ssl=1\" class=\"yoast-seo-meta-tag\" \/>\n\t<meta property=\"og:image:width\" content=\"830\" class=\"yoast-seo-meta-tag\" \/>\n\t<meta property=\"og:image:height\" content=\"450\" class=\"yoast-seo-meta-tag\" \/>\n\t<meta property=\"og:image:type\" content=\"image\/jpeg\" class=\"yoast-seo-meta-tag\" \/>\n<meta name=\"author\" content=\"dorogimedence.hu\" class=\"yoast-seo-meta-tag\" \/>\n<meta name=\"twitter:card\" content=\"summary_large_image\" class=\"yoast-seo-meta-tag\" \/>\n<meta name=\"twitter:label1\" content=\"Szerz\u0151:\" class=\"yoast-seo-meta-tag\" \/>\n\t<meta name=\"twitter:data1\" content=\"dorogimedence.hu\" class=\"yoast-seo-meta-tag\" \/>\n\t<meta name=\"twitter:label2\" content=\"Becs\u00fclt olvas\u00e1si id\u0151\" class=\"yoast-seo-meta-tag\" \/>\n\t<meta name=\"twitter:data2\" content=\"2 perc\" class=\"yoast-seo-meta-tag\" \/>\n<script type=\"application\/ld+json\" class=\"yoast-schema-graph\">{\"@context\":\"https:\\\/\\\/schema.org\",\"@graph\":[{\"@type\":\"Article\",\"@id\":\"https:\\\/\\\/dorogimedence.hu\\\/index.php\\\/2020\\\/06\\\/30\\\/most-a-dorogi-korhaz-parkjat-tisztitottak-meg-a-szemetirtok\\\/#article\",\"isPartOf\":{\"@id\":\"https:\\\/\\\/dorogimedence.hu\\\/index.php\\\/2020\\\/06\\\/30\\\/most-a-dorogi-korhaz-parkjat-tisztitottak-meg-a-szemetirtok\\\/\"},\"author\":{\"name\":\"dorogimedence.hu\",\"@id\":\"https:\\\/\\\/dorogimedence.hu\\\/#\\\/schema\\\/person\\\/ce6091eeb7e95ecdc87890d6aa8e0fd4\"},\"headline\":\"Most a dorogi k\u00f3rh\u00e1z parkj\u00e1t tiszt\u00edtott\u00e1k meg a Szem\u00e9tirt\u00f3k\",\"datePublished\":\"2020-06-30T12:10:39+00:00\",\"dateModified\":\"2020-06-30T12:11:42+00:00\",\"mainEntityOfPage\":{\"@id\":\"https:\\\/\\\/dorogimedence.hu\\\/index.php\\\/2020\\\/06\\\/30\\\/most-a-dorogi-korhaz-parkjat-tisztitottak-meg-a-szemetirtok\\\/\"},\"wordCount\":456,\"publisher\":{\"@id\":\"https:\\\/\\\/dorogimedence.hu\\\/#organization\"},\"image\":{\"@id\":\"https:\\\/\\\/dorogimedence.hu\\\/index.php\\\/2020\\\/06\\\/30\\\/most-a-dorogi-korhaz-parkjat-tisztitottak-meg-a-szemetirtok\\\/#primaryimage\"},\"thumbnailUrl\":\"https:\\\/\\\/dorogimedence.hu\\\/wp-content\\\/uploads\\\/2020\\\/06\\\/szemetirtok-korhaz.jpg\",\"keywords\":[\"csikkszed\u00e9s\",\"Dorog\",\"Szem\u00e9t\u00edrt\u00f3k\",\"szem\u00e9tszed\u00e9s\"],\"articleSection\":[\"Dorog\",\"H\u00edrek\"],\"inLanguage\":\"hu\"},{\"@type\":\"WebPage\",\"@id\":\"https:\\\/\\\/dorogimedence.hu\\\/index.php\\\/2020\\\/06\\\/30\\\/most-a-dorogi-korhaz-parkjat-tisztitottak-meg-a-szemetirtok\\\/\",\"url\":\"https:\\\/\\\/dorogimedence.hu\\\/index.php\\\/2020\\\/06\\\/30\\\/most-a-dorogi-korhaz-parkjat-tisztitottak-meg-a-szemetirtok\\\/\",\"name\":\"Most a dorogi k\u00f3rh\u00e1z parkj\u00e1t tiszt\u00edtott\u00e1k meg a Szem\u00e9tirt\u00f3k\",\"isPartOf\":{\"@id\":\"https:\\\/\\\/dorogimedence.hu\\\/#website\"},\"primaryImageOfPage\":{\"@id\":\"https:\\\/\\\/dorogimedence.hu\\\/index.php\\\/2020\\\/06\\\/30\\\/most-a-dorogi-korhaz-parkjat-tisztitottak-meg-a-szemetirtok\\\/#primaryimage\"},\"image\":{\"@id\":\"https:\\\/\\\/dorogimedence.hu\\\/index.php\\\/2020\\\/06\\\/30\\\/most-a-dorogi-korhaz-parkjat-tisztitottak-meg-a-szemetirtok\\\/#primaryimage\"},\"thumbnailUrl\":\"https:\\\/\\\/dorogimedence.hu\\\/wp-content\\\/uploads\\\/2020\\\/06\\\/szemetirtok-korhaz.jpg\",\"datePublished\":\"2020-06-30T12:10:39+00:00\",\"dateModified\":\"2020-06-30T12:11:42+00:00\",\"breadcrumb\":{\"@id\":\"https:\\\/\\\/dorogimedence.hu\\\/index.php\\\/2020\\\/06\\\/30\\\/most-a-dorogi-korhaz-parkjat-tisztitottak-meg-a-szemetirtok\\\/#breadcrumb\"},\"inLanguage\":\"hu\",\"potentialAction\":[{\"@type\":\"ReadAction\",\"target\":[\"https:\\\/\\\/dorogimedence.hu\\\/index.php\\\/2020\\\/06\\\/30\\\/most-a-dorogi-korhaz-parkjat-tisztitottak-meg-a-szemetirtok\\\/\"]}]},{\"@type\":\"ImageObject\",\"inLanguage\":\"hu\",\"@id\":\"https:\\\/\\\/dorogimedence.hu\\\/index.php\\\/2020\\\/06\\\/30\\\/most-a-dorogi-korhaz-parkjat-tisztitottak-meg-a-szemetirtok\\\/#primaryimage\",\"url\":\"https:\\\/\\\/dorogimedence.hu\\\/wp-content\\\/uploads\\\/2020\\\/06\\\/szemetirtok-korhaz.jpg\",\"contentUrl\":\"https:\\\/\\\/dorogimedence.hu\\\/wp-content\\\/uploads\\\/2020\\\/06\\\/szemetirtok-korhaz.jpg\",\"width\":830,\"height\":450},{\"@type\":\"BreadcrumbList\",\"@id\":\"https:\\\/\\\/dorogimedence.hu\\\/index.php\\\/2020\\\/06\\\/30\\\/most-a-dorogi-korhaz-parkjat-tisztitottak-meg-a-szemetirtok\\\/#breadcrumb\",\"itemListElement\":[{\"@type\":\"ListItem\",\"position\":1,\"name\":\"Kezd\u0151lap\",\"item\":\"https:\\\/\\\/dorogimedence.hu\\\/\"},{\"@type\":\"ListItem\",\"position\":2,\"name\":\"Most a dorogi k\u00f3rh\u00e1z parkj\u00e1t tiszt\u00edtott\u00e1k meg a Szem\u00e9tirt\u00f3k\"}]},{\"@type\":\"WebSite\",\"@id\":\"https:\\\/\\\/dorogimedence.hu\\\/#website\",\"url\":\"https:\\\/\\\/dorogimedence.hu\\\/\",\"name\":\"Dorogi-medence Region\u00e1lis H\u00edrport\u00e1l\",\"description\":\"Dorog, Keszt\u00f6lc, Le\u00e1nyv\u00e1r, Piliscs\u00e9v, Tokod, Tokodalt\u00e1r\u00f3, Csolnok, Esztergom-kertv\u00e1ros: h\u00edrek, programok\",\"publisher\":{\"@id\":\"https:\\\/\\\/dorogimedence.hu\\\/#organization\"},\"potentialAction\":[{\"@type\":\"SearchAction\",\"target\":{\"@type\":\"EntryPoint\",\"urlTemplate\":\"https:\\\/\\\/dorogimedence.hu\\\/?s={search_term_string}\"},\"query-input\":{\"@type\":\"PropertyValueSpecification\",\"valueRequired\":true,\"valueName\":\"search_term_string\"}}],\"inLanguage\":\"hu\"},{\"@type\":\"Organization\",\"@id\":\"https:\\\/\\\/dorogimedence.hu\\\/#organization\",\"name\":\"Dorogi-medence Region\u00e1lis H\u00edrport\u00e1l\",\"url\":\"https:\\\/\\\/dorogimedence.hu\\\/\",\"logo\":{\"@type\":\"ImageObject\",\"inLanguage\":\"hu\",\"@id\":\"https:\\\/\\\/dorogimedence.hu\\\/#\\\/schema\\\/logo\\\/image\\\/\",\"url\":\"https:\\\/\\\/dorogimedence.hu\\\/wp-content\\\/uploads\\\/2021\\\/04\\\/logo-feher-600.png\",\"contentUrl\":\"https:\\\/\\\/dorogimedence.hu\\\/wp-content\\\/uploads\\\/2021\\\/04\\\/logo-feher-600.png\",\"width\":600,\"height\":100,\"caption\":\"Dorogi-medence Region\u00e1lis H\u00edrport\u00e1l\"},\"image\":{\"@id\":\"https:\\\/\\\/dorogimedence.hu\\\/#\\\/schema\\\/logo\\\/image\\\/\"},\"sameAs\":[\"https:\\\/\\\/www.facebook.com\\\/dorogimedence\\\/\"]},{\"@type\":\"Person\",\"@id\":\"https:\\\/\\\/dorogimedence.hu\\\/#\\\/schema\\\/person\\\/ce6091eeb7e95ecdc87890d6aa8e0fd4\",\"name\":\"dorogimedence.hu\",\"image\":{\"@type\":\"ImageObject\",\"inLanguage\":\"hu\",\"@id\":\"\\\/\\\/www.gravatar.com\\\/avatar\\\/d8d45f8901aadff40a4af72c0b826f1d?s=96&#038;r=g&#038;d=mm\",\"url\":\"\\\/\\\/www.gravatar.com\\\/avatar\\\/d8d45f8901aadff40a4af72c0b826f1d?s=96&#038;r=g&#038;d=mm\",\"contentUrl\":\"\\\/\\\/www.gravatar.com\\\/avatar\\\/d8d45f8901aadff40a4af72c0b826f1d?s=96&#038;r=g&#038;d=mm\",\"caption\":\"dorogimedence.hu\"}}]}<\/script>\n<!-- \/ Yoast SEO plugin. -->","yoast_head_json":{"title":"Most a dorogi k\u00f3rh\u00e1z parkj\u00e1t tiszt\u00edtott\u00e1k meg a Szem\u00e9tirt\u00f3k","robots":{"index":"index","follow":"follow","max-snippet":"max-snippet:-1","max-image-preview":"max-image-preview:large","max-video-preview":"max-video-preview:-1"},"canonical":"https:\/\/dorogimedence.hu\/index.php\/2020\/06\/30\/most-a-dorogi-korhaz-parkjat-tisztitottak-meg-a-szemetirtok\/","og_locale":"hu_HU","og_type":"article","og_title":"Most a dorogi k\u00f3rh\u00e1z parkj\u00e1t tiszt\u00edtott\u00e1k meg a Szem\u00e9tirt\u00f3k","og_description":"A nagy meleg ellen\u00e9re is sz\u00e9p sz\u00e1mmal gy\u0171ltek \u00f6ssze a j\u00fanius 28-\u00e1ra meghirdetett dorogi k\u00f3rh\u00e1zpark-takar\u00edt\u00e1son. A BEBTE tagjai mellett a dorogi rendel\u0151int\u00e9zet \u00e9s k\u00f3rh\u00e1z dolgoz\u00f3i is k\u00e9pviseltett\u00e9k magukat. Annak ellen\u00e9re, hogy k\u00f3rh\u00e1zparkot eml\u00edt\u00fcnk, val\u00f3j\u00e1ban egy ma m\u00e1r minden oldalr\u00f3l nyitott v\u00e1rosi k\u00f6zparkr\u00f3l van sz\u00f3. Ezt csak az\u00e9rt fontos megjegyezni, mert a hullad\u00e9k mennyis\u00e9ge emiatt sz\u00e1mottev\u0151.","og_url":"https:\/\/dorogimedence.hu\/index.php\/2020\/06\/30\/most-a-dorogi-korhaz-parkjat-tisztitottak-meg-a-szemetirtok\/","og_site_name":"Dorogi-medence Region\u00e1lis H\u00edrport\u00e1l","article_publisher":"https:\/\/www.facebook.com\/dorogimedence\/","article_published_time":"2020-06-30T12:10:39+00:00","article_modified_time":"2020-06-30T12:11:42+00:00","og_image":[{"width":830,"height":450,"url":"https:\/\/i0.wp.com\/dorogimedence.hu\/wp-content\/uploads\/2020\/06\/szemetirtok-korhaz.jpg?fit=830%2C450&ssl=1","type":"image\/jpeg"}],"author":"dorogimedence.hu","twitter_card":"summary_large_image","twitter_misc":{"Szerz\u0151:":"dorogimedence.hu","Becs\u00fclt olvas\u00e1si id\u0151":"2 perc"},"schema":{"@context":"https:\/\/schema.org","@graph":[{"@type":"Article","@id":"https:\/\/dorogimedence.hu\/index.php\/2020\/06\/30\/most-a-dorogi-korhaz-parkjat-tisztitottak-meg-a-szemetirtok\/#article","isPartOf":{"@id":"https:\/\/dorogimedence.hu\/index.php\/2020\/06\/30\/most-a-dorogi-korhaz-parkjat-tisztitottak-meg-a-szemetirtok\/"},"author":{"name":"dorogimedence.hu","@id":"https:\/\/dorogimedence.hu\/#\/schema\/person\/ce6091eeb7e95ecdc87890d6aa8e0fd4"},"headline":"Most a dorogi k\u00f3rh\u00e1z parkj\u00e1t tiszt\u00edtott\u00e1k meg a Szem\u00e9tirt\u00f3k","datePublished":"2020-06-30T12:10:39+00:00","dateModified":"2020-06-30T12:11:42+00:00","mainEntityOfPage":{"@id":"https:\/\/dorogimedence.hu\/index.php\/2020\/06\/30\/most-a-dorogi-korhaz-parkjat-tisztitottak-meg-a-szemetirtok\/"},"wordCount":456,"publisher":{"@id":"https:\/\/dorogimedence.hu\/#organization"},"image":{"@id":"https:\/\/dorogimedence.hu\/index.php\/2020\/06\/30\/most-a-dorogi-korhaz-parkjat-tisztitottak-meg-a-szemetirtok\/#primaryimage"},"thumbnailUrl":"https:\/\/dorogimedence.hu\/wp-content\/uploads\/2020\/06\/szemetirtok-korhaz.jpg","keywords":["csikkszed\u00e9s","Dorog","Szem\u00e9t\u00edrt\u00f3k","szem\u00e9tszed\u00e9s"],"articleSection":["Dorog","H\u00edrek"],"inLanguage":"hu"},{"@type":"WebPage","@id":"https:\/\/dorogimedence.hu\/index.php\/2020\/06\/30\/most-a-dorogi-korhaz-parkjat-tisztitottak-meg-a-szemetirtok\/","url":"https:\/\/dorogimedence.hu\/index.php\/2020\/06\/30\/most-a-dorogi-korhaz-parkjat-tisztitottak-meg-a-szemetirtok\/","name":"Most a dorogi k\u00f3rh\u00e1z parkj\u00e1t tiszt\u00edtott\u00e1k meg a Szem\u00e9tirt\u00f3k","isPartOf":{"@id":"https:\/\/dorogimedence.hu\/#website"},"primaryImageOfPage":{"@id":"https:\/\/dorogimedence.hu\/index.php\/2020\/06\/30\/most-a-dorogi-korhaz-parkjat-tisztitottak-meg-a-szemetirtok\/#primaryimage"},"image":{"@id":"https:\/\/dorogimedence.hu\/index.php\/2020\/06\/30\/most-a-dorogi-korhaz-parkjat-tisztitottak-meg-a-szemetirtok\/#primaryimage"},"thumbnailUrl":"https:\/\/dorogimedence.hu\/wp-content\/uploads\/2020\/06\/szemetirtok-korhaz.jpg","datePublished":"2020-06-30T12:10:39+00:00","dateModified":"2020-06-30T12:11:42+00:00","breadcrumb":{"@id":"https:\/\/dorogimedence.hu\/index.php\/2020\/06\/30\/most-a-dorogi-korhaz-parkjat-tisztitottak-meg-a-szemetirtok\/#breadcrumb"},"inLanguage":"hu","potentialAction":[{"@type":"ReadAction","target":["https:\/\/dorogimedence.hu\/index.php\/2020\/06\/30\/most-a-dorogi-korhaz-parkjat-tisztitottak-meg-a-szemetirtok\/"]}]},{"@type":"ImageObject","inLanguage":"hu","@id":"https:\/\/dorogimedence.hu\/index.php\/2020\/06\/30\/most-a-dorogi-korhaz-parkjat-tisztitottak-meg-a-szemetirtok\/#primaryimage","url":"https:\/\/dorogimedence.hu\/wp-content\/uploads\/2020\/06\/szemetirtok-korhaz.jpg","contentUrl":"https:\/\/dorogimedence.hu\/wp-content\/uploads\/2020\/06\/szemetirtok-korhaz.jpg","width":830,"height":450},{"@type":"BreadcrumbList","@id":"https:\/\/dorogimedence.hu\/index.php\/2020\/06\/30\/most-a-dorogi-korhaz-parkjat-tisztitottak-meg-a-szemetirtok\/#breadcrumb","itemListElement":[{"@type":"ListItem","position":1,"name":"Kezd\u0151lap","item":"https:\/\/dorogimedence.hu\/"},{"@type":"ListItem","position":2,"name":"Most a dorogi k\u00f3rh\u00e1z parkj\u00e1t tiszt\u00edtott\u00e1k meg a Szem\u00e9tirt\u00f3k"}]},{"@type":"WebSite","@id":"https:\/\/dorogimedence.hu\/#website","url":"https:\/\/dorogimedence.hu\/","name":"Dorogi-medence Region\u00e1lis H\u00edrport\u00e1l","description":"Dorog, Keszt\u00f6lc, Le\u00e1nyv\u00e1r, Piliscs\u00e9v, Tokod, Tokodalt\u00e1r\u00f3, Csolnok, Esztergom-kertv\u00e1ros: h\u00edrek, programok","publisher":{"@id":"https:\/\/dorogimedence.hu\/#organization"},"potentialAction":[{"@type":"SearchAction","target":{"@type":"EntryPoint","urlTemplate":"https:\/\/dorogimedence.hu\/?s={search_term_string}"},"query-input":{"@type":"PropertyValueSpecification","valueRequired":true,"valueName":"search_term_string"}}],"inLanguage":"hu"},{"@type":"Organization","@id":"https:\/\/dorogimedence.hu\/#organization","name":"Dorogi-medence Region\u00e1lis H\u00edrport\u00e1l","url":"https:\/\/dorogimedence.hu\/","logo":{"@type":"ImageObject","inLanguage":"hu","@id":"https:\/\/dorogimedence.hu\/#\/schema\/logo\/image\/","url":"https:\/\/dorogimedence.hu\/wp-content\/uploads\/2021\/04\/logo-feher-600.png","contentUrl":"https:\/\/dorogimedence.hu\/wp-content\/uploads\/2021\/04\/logo-feher-600.png","width":600,"height":100,"caption":"Dorogi-medence Region\u00e1lis H\u00edrport\u00e1l"},"image":{"@id":"https:\/\/dorogimedence.hu\/#\/schema\/logo\/image\/"},"sameAs":["https:\/\/www.facebook.com\/dorogimedence\/"]},{"@type":"Person","@id":"https:\/\/dorogimedence.hu\/#\/schema\/person\/ce6091eeb7e95ecdc87890d6aa8e0fd4","name":"dorogimedence.hu","image":{"@type":"ImageObject","inLanguage":"hu","@id":"\/\/www.gravatar.com\/avatar\/d8d45f8901aadff40a4af72c0b826f1d?s=96&#038;r=g&#038;d=mm","url":"\/\/www.gravatar.com\/avatar\/d8d45f8901aadff40a4af72c0b826f1d?s=96&#038;r=g&#038;d=mm","contentUrl":"\/\/www.gravatar.com\/avatar\/d8d45f8901aadff40a4af72c0b826f1d?s=96&#038;r=g&#038;d=mm","caption":"dorogimedence.hu"}}]}},"_links":{"self":[{"href":"https:\/\/dorogimedence.hu\/index.php\/wp-json\/wp\/v2\/posts\/25859","targetHints":{"allow":["GET"]}}],"collection":[{"href":"https:\/\/dorogimedence.hu\/index.php\/wp-json\/wp\/v2\/posts"}],"about":[{"href":"https:\/\/dorogimedence.hu\/index.php\/wp-json\/wp\/v2\/types\/post"}],"author":[{"embeddable":true,"href":"https:\/\/dorogimedence.hu\/index.php\/wp-json\/wp\/v2\/users\/1"}],"replies":[{"embeddable":true,"href":"https:\/\/dorogimedence.hu\/index.php\/wp-json\/wp\/v2\/comments?post=25859"}],"version-history":[{"count":0,"href":"https:\/\/dorogimedence.hu\/index.php\/wp-json\/wp\/v2\/posts\/25859\/revisions"}],"wp:featuredmedia":[{"embeddable":true,"href":"https:\/\/dorogimedence.hu\/index.php\/wp-json\/wp\/v2\/media\/25860"}],"wp:attachment":[{"href":"https:\/\/dorogimedence.hu\/index.php\/wp-json\/wp\/v2\/media?parent=25859"}],"wp:term":[{"taxonomy":"category","embeddable":true,"href":"https:\/\/dorogimedence.hu\/index.php\/wp-json\/wp\/v2\/categories?post=25859"},{"taxonomy":"post_tag","embeddable":true,"href":"https:\/\/dorogimedence.hu\/index.php\/wp-json\/wp\/v2\/tags?post=25859"}],"curies":[{"name":"wp","href":"https:\/\/api.w.org\/{rel}","templated":true}]}}