{"id":25795,"date":"2020-06-26T10:34:56","date_gmt":"2020-06-26T08:34:56","guid":{"rendered":"http:\/\/dorogimedence.hu\/?p=25795"},"modified":"2020-06-26T10:35:45","modified_gmt":"2020-06-26T08:35:45","slug":"szivattyura-es-paraelszivora-gyujt-a-babits-szinhaz","status":"publish","type":"post","link":"https:\/\/dorogimedence.hu\/index.php\/2020\/06\/26\/szivattyura-es-paraelszivora-gyujt-a-babits-szinhaz\/","title":{"rendered":"Szivatty\u00fara \u00e9s p\u00e1raelsz\u00edv\u00f3ra gy\u0171jt a Babits Sz\u00ednh\u00e1z"},"content":{"rendered":"<p><strong>M\u00falt h\u00e9t szerd\u00e1n \u00e9s vas\u00e1rnap is be\u00e1zott az esztergomi Babits Mih\u00e1ly Sz\u00ednh\u00e1z nemr\u00e9giben kialak\u00edtott j\u00e1tsz\u00f3helye.<\/strong><\/p>\n<p>Az esztergomi Temesv\u00e1ri Pelb\u00e1rt Ferences Gimn\u00e1zium \u00e9s Koll\u00e9gium \u00e9p\u00fclet\u00e9nek alagsor\u00e1ban a sz\u00ednpad szerencs\u00e9re meg\u00faszta v\u00edzk\u00e1r n\u00e9lk\u00fcl, de az el\u0151teret 10-15 cm-es v\u00edz bor\u00edtotta el. &nbsp;A vizet v\u00e9g\u00fcl siker\u00fclt elt\u00e1vol\u00edtani az alagsorb\u00f3l, vas\u00e1rnap pedig fert\u0151tlen\u00edt\u0151 takar\u00edt\u00e1st v\u00e9geztek.<\/p>\n<p><em><strong>A Babits Mih\u00e1ly Sz\u00ednh\u00e1z adom\u00e1nyokat v\u00e1r a k\u00f6vetkez\u0151 felh\u00edv\u00e1ssal:<\/strong><\/em><\/p>\n<p>\/\/ K\u00c9R\u00dcNK SEG\u00cdTS! \u00dagy t\u0171nik ny\u00e1r elej\u00e9n a mindennapjaink r\u00e9sze lesz k\u00fczdeni a v\u00edzzel a Bubik Sz\u00ednpadon, most egy szivatty\u00fara \u00e9s egy ipari p\u00e1raelsz\u00edv\u00f3 k\u00e9sz\u00fcl\u00e9kre gy\u0171jt\u00fcnk! IDE UTALJ: Babits Mih\u00e1ly Sz\u00ednh\u00e1zi \u00e9s Kultur\u00e1lis Egyes\u00fclet &#8211; Duna Takar\u00e9k 58600575-16959161 a k\u00f6zlem\u00e9nybe \u00edrd &#8222;adom\u00e1ny&#8221; K\u00d6SZ\u00d6NJ\u00dcK! \/\/<\/p>\n<p><img fetchpriority=\"high\" decoding=\"async\" class=\"alignnone size-full wp-image-25796\" src=\"https:\/\/dorogimedence.hu\/wp-content\/uploads\/2020\/06\/bubik-02.jpg\" alt=\"\" width=\"830\" height=\"623\" srcset=\"https:\/\/dorogimedence.hu\/wp-content\/uploads\/2020\/06\/bubik-02.jpg 830w, https:\/\/dorogimedence.hu\/wp-content\/uploads\/2020\/06\/bubik-02-300x225.jpg 300w, https:\/\/dorogimedence.hu\/wp-content\/uploads\/2020\/06\/bubik-02-768x576.jpg 768w\" sizes=\"(max-width: 830px) 100vw, 830px\" \/><\/p>\n","protected":false},"excerpt":{"rendered":"<p>M\u00falt h\u00e9t szerd\u00e1n \u00e9s vas\u00e1rnap is be\u00e1zott az esztergomi Babits Mih\u00e1ly Sz\u00ednh\u00e1z nemr\u00e9giben kialak\u00edtott j\u00e1tsz\u00f3helye. Az esztergomi Temesv\u00e1ri Pelb\u00e1rt Ferences Gimn\u00e1zium \u00e9s Koll\u00e9gium \u00e9p\u00fclet\u00e9nek alagsor\u00e1ban a sz\u00ednpad szerencs\u00e9re meg\u00faszta v\u00edzk\u00e1r n\u00e9lk\u00fcl, de az el\u0151teret 10-15 cm-es v\u00edz bor\u00edtotta el. &nbsp;A vizet v\u00e9g\u00fcl siker\u00fclt elt\u00e1vol\u00edtani az alagsorb\u00f3l, vas\u00e1rnap pedig fert\u0151tlen\u00edt\u0151 takar\u00edt\u00e1st v\u00e9geztek. A Babits Mih\u00e1ly Sz\u00ednh\u00e1z<\/p>\n","protected":false},"author":1,"featured_media":25797,"comment_status":"closed","ping_status":"closed","sticky":false,"template":"","format":"standard","meta":{"ngg_post_thumbnail":0,"footnotes":""},"categories":[38,3],"tags":[4312,42,4128],"class_list":{"0":"post-25795","1":"post","2":"type-post","3":"status-publish","4":"format-standard","5":"has-post-thumbnail","7":"category-esztergom","8":"category-hirek","9":"tag-babits-mihaly-szinhaz","10":"tag-esztergom","11":"tag-kaj-adam"},"yoast_head":"<!-- This site is optimized with the Yoast SEO plugin v27.4 - https:\/\/yoast.com\/product\/yoast-seo-wordpress\/ -->\n<title>Szivatty\u00fara \u00e9s p\u00e1raelsz\u00edv\u00f3ra gy\u0171jt a Babits Sz\u00ednh\u00e1z<\/title>\n<meta name=\"robots\" content=\"index, follow, max-snippet:-1, max-image-preview:large, max-video-preview:-1\" \/>\n<link rel=\"canonical\" href=\"https:\/\/dorogimedence.hu\/index.php\/2020\/06\/26\/szivattyura-es-paraelszivora-gyujt-a-babits-szinhaz\/\" class=\"yoast-seo-meta-tag\" \/>\n<meta property=\"og:locale\" content=\"hu_HU\" class=\"yoast-seo-meta-tag\" \/>\n<meta property=\"og:type\" content=\"article\" class=\"yoast-seo-meta-tag\" \/>\n<meta property=\"og:title\" content=\"Szivatty\u00fara \u00e9s p\u00e1raelsz\u00edv\u00f3ra gy\u0171jt a Babits Sz\u00ednh\u00e1z\" class=\"yoast-seo-meta-tag\" \/>\n<meta property=\"og:description\" content=\"M\u00falt h\u00e9t szerd\u00e1n \u00e9s vas\u00e1rnap is be\u00e1zott az esztergomi Babits Mih\u00e1ly Sz\u00ednh\u00e1z nemr\u00e9giben kialak\u00edtott j\u00e1tsz\u00f3helye. Az esztergomi Temesv\u00e1ri Pelb\u00e1rt Ferences Gimn\u00e1zium \u00e9s Koll\u00e9gium \u00e9p\u00fclet\u00e9nek alagsor\u00e1ban a sz\u00ednpad szerencs\u00e9re meg\u00faszta v\u00edzk\u00e1r n\u00e9lk\u00fcl, de az el\u0151teret 10-15 cm-es v\u00edz bor\u00edtotta el. &nbsp;A vizet v\u00e9g\u00fcl siker\u00fclt elt\u00e1vol\u00edtani az alagsorb\u00f3l, vas\u00e1rnap pedig fert\u0151tlen\u00edt\u0151 takar\u00edt\u00e1st v\u00e9geztek. A Babits Mih\u00e1ly Sz\u00ednh\u00e1z\" class=\"yoast-seo-meta-tag\" \/>\n<meta property=\"og:url\" content=\"https:\/\/dorogimedence.hu\/index.php\/2020\/06\/26\/szivattyura-es-paraelszivora-gyujt-a-babits-szinhaz\/\" class=\"yoast-seo-meta-tag\" \/>\n<meta property=\"og:site_name\" content=\"Dorogi-medence Region\u00e1lis H\u00edrport\u00e1l\" class=\"yoast-seo-meta-tag\" \/>\n<meta property=\"article:publisher\" content=\"https:\/\/www.facebook.com\/dorogimedence\/\" class=\"yoast-seo-meta-tag\" \/>\n<meta property=\"article:published_time\" content=\"2020-06-26T08:34:56+00:00\" class=\"yoast-seo-meta-tag\" \/>\n<meta property=\"article:modified_time\" content=\"2020-06-26T08:35:45+00:00\" class=\"yoast-seo-meta-tag\" \/>\n<meta property=\"og:image\" content=\"https:\/\/i0.wp.com\/dorogimedence.hu\/wp-content\/uploads\/2020\/06\/bubik-01.jpg?fit=830%2C450&ssl=1\" class=\"yoast-seo-meta-tag\" \/>\n\t<meta property=\"og:image:width\" content=\"830\" class=\"yoast-seo-meta-tag\" \/>\n\t<meta property=\"og:image:height\" content=\"450\" class=\"yoast-seo-meta-tag\" \/>\n\t<meta property=\"og:image:type\" content=\"image\/jpeg\" class=\"yoast-seo-meta-tag\" \/>\n<meta name=\"author\" content=\"dorogimedence.hu\" class=\"yoast-seo-meta-tag\" \/>\n<meta name=\"twitter:card\" content=\"summary_large_image\" class=\"yoast-seo-meta-tag\" \/>\n<meta name=\"twitter:label1\" content=\"Szerz\u0151:\" class=\"yoast-seo-meta-tag\" \/>\n\t<meta name=\"twitter:data1\" content=\"dorogimedence.hu\" class=\"yoast-seo-meta-tag\" \/>\n\t<meta name=\"twitter:label2\" content=\"Becs\u00fclt olvas\u00e1si id\u0151\" class=\"yoast-seo-meta-tag\" \/>\n\t<meta name=\"twitter:data2\" content=\"1 perc\" class=\"yoast-seo-meta-tag\" \/>\n<script type=\"application\/ld+json\" class=\"yoast-schema-graph\">{\"@context\":\"https:\\\/\\\/schema.org\",\"@graph\":[{\"@type\":\"Article\",\"@id\":\"https:\\\/\\\/dorogimedence.hu\\\/index.php\\\/2020\\\/06\\\/26\\\/szivattyura-es-paraelszivora-gyujt-a-babits-szinhaz\\\/#article\",\"isPartOf\":{\"@id\":\"https:\\\/\\\/dorogimedence.hu\\\/index.php\\\/2020\\\/06\\\/26\\\/szivattyura-es-paraelszivora-gyujt-a-babits-szinhaz\\\/\"},\"author\":{\"name\":\"dorogimedence.hu\",\"@id\":\"https:\\\/\\\/dorogimedence.hu\\\/#\\\/schema\\\/person\\\/ce6091eeb7e95ecdc87890d6aa8e0fd4\"},\"headline\":\"Szivatty\u00fara \u00e9s p\u00e1raelsz\u00edv\u00f3ra gy\u0171jt a Babits Sz\u00ednh\u00e1z\",\"datePublished\":\"2020-06-26T08:34:56+00:00\",\"dateModified\":\"2020-06-26T08:35:45+00:00\",\"mainEntityOfPage\":{\"@id\":\"https:\\\/\\\/dorogimedence.hu\\\/index.php\\\/2020\\\/06\\\/26\\\/szivattyura-es-paraelszivora-gyujt-a-babits-szinhaz\\\/\"},\"wordCount\":196,\"publisher\":{\"@id\":\"https:\\\/\\\/dorogimedence.hu\\\/#organization\"},\"image\":{\"@id\":\"https:\\\/\\\/dorogimedence.hu\\\/index.php\\\/2020\\\/06\\\/26\\\/szivattyura-es-paraelszivora-gyujt-a-babits-szinhaz\\\/#primaryimage\"},\"thumbnailUrl\":\"https:\\\/\\\/dorogimedence.hu\\\/wp-content\\\/uploads\\\/2020\\\/06\\\/bubik-01.jpg\",\"keywords\":[\"Babits Mih\u00e1ly Sz\u00ednh\u00e1z\",\"esztergom\",\"Kaj \u00c1d\u00e1m\"],\"articleSection\":[\"Esztergom\",\"H\u00edrek\"],\"inLanguage\":\"hu\"},{\"@type\":\"WebPage\",\"@id\":\"https:\\\/\\\/dorogimedence.hu\\\/index.php\\\/2020\\\/06\\\/26\\\/szivattyura-es-paraelszivora-gyujt-a-babits-szinhaz\\\/\",\"url\":\"https:\\\/\\\/dorogimedence.hu\\\/index.php\\\/2020\\\/06\\\/26\\\/szivattyura-es-paraelszivora-gyujt-a-babits-szinhaz\\\/\",\"name\":\"Szivatty\u00fara \u00e9s p\u00e1raelsz\u00edv\u00f3ra gy\u0171jt a Babits Sz\u00ednh\u00e1z\",\"isPartOf\":{\"@id\":\"https:\\\/\\\/dorogimedence.hu\\\/#website\"},\"primaryImageOfPage\":{\"@id\":\"https:\\\/\\\/dorogimedence.hu\\\/index.php\\\/2020\\\/06\\\/26\\\/szivattyura-es-paraelszivora-gyujt-a-babits-szinhaz\\\/#primaryimage\"},\"image\":{\"@id\":\"https:\\\/\\\/dorogimedence.hu\\\/index.php\\\/2020\\\/06\\\/26\\\/szivattyura-es-paraelszivora-gyujt-a-babits-szinhaz\\\/#primaryimage\"},\"thumbnailUrl\":\"https:\\\/\\\/dorogimedence.hu\\\/wp-content\\\/uploads\\\/2020\\\/06\\\/bubik-01.jpg\",\"datePublished\":\"2020-06-26T08:34:56+00:00\",\"dateModified\":\"2020-06-26T08:35:45+00:00\",\"breadcrumb\":{\"@id\":\"https:\\\/\\\/dorogimedence.hu\\\/index.php\\\/2020\\\/06\\\/26\\\/szivattyura-es-paraelszivora-gyujt-a-babits-szinhaz\\\/#breadcrumb\"},\"inLanguage\":\"hu\",\"potentialAction\":[{\"@type\":\"ReadAction\",\"target\":[\"https:\\\/\\\/dorogimedence.hu\\\/index.php\\\/2020\\\/06\\\/26\\\/szivattyura-es-paraelszivora-gyujt-a-babits-szinhaz\\\/\"]}]},{\"@type\":\"ImageObject\",\"inLanguage\":\"hu\",\"@id\":\"https:\\\/\\\/dorogimedence.hu\\\/index.php\\\/2020\\\/06\\\/26\\\/szivattyura-es-paraelszivora-gyujt-a-babits-szinhaz\\\/#primaryimage\",\"url\":\"https:\\\/\\\/dorogimedence.hu\\\/wp-content\\\/uploads\\\/2020\\\/06\\\/bubik-01.jpg\",\"contentUrl\":\"https:\\\/\\\/dorogimedence.hu\\\/wp-content\\\/uploads\\\/2020\\\/06\\\/bubik-01.jpg\",\"width\":830,\"height\":450},{\"@type\":\"BreadcrumbList\",\"@id\":\"https:\\\/\\\/dorogimedence.hu\\\/index.php\\\/2020\\\/06\\\/26\\\/szivattyura-es-paraelszivora-gyujt-a-babits-szinhaz\\\/#breadcrumb\",\"itemListElement\":[{\"@type\":\"ListItem\",\"position\":1,\"name\":\"Kezd\u0151lap\",\"item\":\"https:\\\/\\\/dorogimedence.hu\\\/\"},{\"@type\":\"ListItem\",\"position\":2,\"name\":\"Szivatty\u00fara \u00e9s p\u00e1raelsz\u00edv\u00f3ra gy\u0171jt a Babits Sz\u00ednh\u00e1z\"}]},{\"@type\":\"WebSite\",\"@id\":\"https:\\\/\\\/dorogimedence.hu\\\/#website\",\"url\":\"https:\\\/\\\/dorogimedence.hu\\\/\",\"name\":\"Dorogi-medence Region\u00e1lis H\u00edrport\u00e1l\",\"description\":\"Dorog, Keszt\u00f6lc, Le\u00e1nyv\u00e1r, Piliscs\u00e9v, Tokod, Tokodalt\u00e1r\u00f3, Csolnok, Esztergom-kertv\u00e1ros: h\u00edrek, programok\",\"publisher\":{\"@id\":\"https:\\\/\\\/dorogimedence.hu\\\/#organization\"},\"potentialAction\":[{\"@type\":\"SearchAction\",\"target\":{\"@type\":\"EntryPoint\",\"urlTemplate\":\"https:\\\/\\\/dorogimedence.hu\\\/?s={search_term_string}\"},\"query-input\":{\"@type\":\"PropertyValueSpecification\",\"valueRequired\":true,\"valueName\":\"search_term_string\"}}],\"inLanguage\":\"hu\"},{\"@type\":\"Organization\",\"@id\":\"https:\\\/\\\/dorogimedence.hu\\\/#organization\",\"name\":\"Dorogi-medence Region\u00e1lis H\u00edrport\u00e1l\",\"url\":\"https:\\\/\\\/dorogimedence.hu\\\/\",\"logo\":{\"@type\":\"ImageObject\",\"inLanguage\":\"hu\",\"@id\":\"https:\\\/\\\/dorogimedence.hu\\\/#\\\/schema\\\/logo\\\/image\\\/\",\"url\":\"https:\\\/\\\/dorogimedence.hu\\\/wp-content\\\/uploads\\\/2021\\\/04\\\/logo-feher-600.png\",\"contentUrl\":\"https:\\\/\\\/dorogimedence.hu\\\/wp-content\\\/uploads\\\/2021\\\/04\\\/logo-feher-600.png\",\"width\":600,\"height\":100,\"caption\":\"Dorogi-medence Region\u00e1lis H\u00edrport\u00e1l\"},\"image\":{\"@id\":\"https:\\\/\\\/dorogimedence.hu\\\/#\\\/schema\\\/logo\\\/image\\\/\"},\"sameAs\":[\"https:\\\/\\\/www.facebook.com\\\/dorogimedence\\\/\"]},{\"@type\":\"Person\",\"@id\":\"https:\\\/\\\/dorogimedence.hu\\\/#\\\/schema\\\/person\\\/ce6091eeb7e95ecdc87890d6aa8e0fd4\",\"name\":\"dorogimedence.hu\",\"image\":{\"@type\":\"ImageObject\",\"inLanguage\":\"hu\",\"@id\":\"\\\/\\\/www.gravatar.com\\\/avatar\\\/d8d45f8901aadff40a4af72c0b826f1d?s=96&#038;r=g&#038;d=mm\",\"url\":\"\\\/\\\/www.gravatar.com\\\/avatar\\\/d8d45f8901aadff40a4af72c0b826f1d?s=96&#038;r=g&#038;d=mm\",\"contentUrl\":\"\\\/\\\/www.gravatar.com\\\/avatar\\\/d8d45f8901aadff40a4af72c0b826f1d?s=96&#038;r=g&#038;d=mm\",\"caption\":\"dorogimedence.hu\"}}]}<\/script>\n<!-- \/ Yoast SEO plugin. -->","yoast_head_json":{"title":"Szivatty\u00fara \u00e9s p\u00e1raelsz\u00edv\u00f3ra gy\u0171jt a Babits Sz\u00ednh\u00e1z","robots":{"index":"index","follow":"follow","max-snippet":"max-snippet:-1","max-image-preview":"max-image-preview:large","max-video-preview":"max-video-preview:-1"},"canonical":"https:\/\/dorogimedence.hu\/index.php\/2020\/06\/26\/szivattyura-es-paraelszivora-gyujt-a-babits-szinhaz\/","og_locale":"hu_HU","og_type":"article","og_title":"Szivatty\u00fara \u00e9s p\u00e1raelsz\u00edv\u00f3ra gy\u0171jt a Babits Sz\u00ednh\u00e1z","og_description":"M\u00falt h\u00e9t szerd\u00e1n \u00e9s vas\u00e1rnap is be\u00e1zott az esztergomi Babits Mih\u00e1ly Sz\u00ednh\u00e1z nemr\u00e9giben kialak\u00edtott j\u00e1tsz\u00f3helye. Az esztergomi Temesv\u00e1ri Pelb\u00e1rt Ferences Gimn\u00e1zium \u00e9s Koll\u00e9gium \u00e9p\u00fclet\u00e9nek alagsor\u00e1ban a sz\u00ednpad szerencs\u00e9re meg\u00faszta v\u00edzk\u00e1r n\u00e9lk\u00fcl, de az el\u0151teret 10-15 cm-es v\u00edz bor\u00edtotta el. &nbsp;A vizet v\u00e9g\u00fcl siker\u00fclt elt\u00e1vol\u00edtani az alagsorb\u00f3l, vas\u00e1rnap pedig fert\u0151tlen\u00edt\u0151 takar\u00edt\u00e1st v\u00e9geztek. A Babits Mih\u00e1ly Sz\u00ednh\u00e1z","og_url":"https:\/\/dorogimedence.hu\/index.php\/2020\/06\/26\/szivattyura-es-paraelszivora-gyujt-a-babits-szinhaz\/","og_site_name":"Dorogi-medence Region\u00e1lis H\u00edrport\u00e1l","article_publisher":"https:\/\/www.facebook.com\/dorogimedence\/","article_published_time":"2020-06-26T08:34:56+00:00","article_modified_time":"2020-06-26T08:35:45+00:00","og_image":[{"width":830,"height":450,"url":"https:\/\/i0.wp.com\/dorogimedence.hu\/wp-content\/uploads\/2020\/06\/bubik-01.jpg?fit=830%2C450&ssl=1","type":"image\/jpeg"}],"author":"dorogimedence.hu","twitter_card":"summary_large_image","twitter_misc":{"Szerz\u0151:":"dorogimedence.hu","Becs\u00fclt olvas\u00e1si id\u0151":"1 perc"},"schema":{"@context":"https:\/\/schema.org","@graph":[{"@type":"Article","@id":"https:\/\/dorogimedence.hu\/index.php\/2020\/06\/26\/szivattyura-es-paraelszivora-gyujt-a-babits-szinhaz\/#article","isPartOf":{"@id":"https:\/\/dorogimedence.hu\/index.php\/2020\/06\/26\/szivattyura-es-paraelszivora-gyujt-a-babits-szinhaz\/"},"author":{"name":"dorogimedence.hu","@id":"https:\/\/dorogimedence.hu\/#\/schema\/person\/ce6091eeb7e95ecdc87890d6aa8e0fd4"},"headline":"Szivatty\u00fara \u00e9s p\u00e1raelsz\u00edv\u00f3ra gy\u0171jt a Babits Sz\u00ednh\u00e1z","datePublished":"2020-06-26T08:34:56+00:00","dateModified":"2020-06-26T08:35:45+00:00","mainEntityOfPage":{"@id":"https:\/\/dorogimedence.hu\/index.php\/2020\/06\/26\/szivattyura-es-paraelszivora-gyujt-a-babits-szinhaz\/"},"wordCount":196,"publisher":{"@id":"https:\/\/dorogimedence.hu\/#organization"},"image":{"@id":"https:\/\/dorogimedence.hu\/index.php\/2020\/06\/26\/szivattyura-es-paraelszivora-gyujt-a-babits-szinhaz\/#primaryimage"},"thumbnailUrl":"https:\/\/dorogimedence.hu\/wp-content\/uploads\/2020\/06\/bubik-01.jpg","keywords":["Babits Mih\u00e1ly Sz\u00ednh\u00e1z","esztergom","Kaj \u00c1d\u00e1m"],"articleSection":["Esztergom","H\u00edrek"],"inLanguage":"hu"},{"@type":"WebPage","@id":"https:\/\/dorogimedence.hu\/index.php\/2020\/06\/26\/szivattyura-es-paraelszivora-gyujt-a-babits-szinhaz\/","url":"https:\/\/dorogimedence.hu\/index.php\/2020\/06\/26\/szivattyura-es-paraelszivora-gyujt-a-babits-szinhaz\/","name":"Szivatty\u00fara \u00e9s p\u00e1raelsz\u00edv\u00f3ra gy\u0171jt a Babits Sz\u00ednh\u00e1z","isPartOf":{"@id":"https:\/\/dorogimedence.hu\/#website"},"primaryImageOfPage":{"@id":"https:\/\/dorogimedence.hu\/index.php\/2020\/06\/26\/szivattyura-es-paraelszivora-gyujt-a-babits-szinhaz\/#primaryimage"},"image":{"@id":"https:\/\/dorogimedence.hu\/index.php\/2020\/06\/26\/szivattyura-es-paraelszivora-gyujt-a-babits-szinhaz\/#primaryimage"},"thumbnailUrl":"https:\/\/dorogimedence.hu\/wp-content\/uploads\/2020\/06\/bubik-01.jpg","datePublished":"2020-06-26T08:34:56+00:00","dateModified":"2020-06-26T08:35:45+00:00","breadcrumb":{"@id":"https:\/\/dorogimedence.hu\/index.php\/2020\/06\/26\/szivattyura-es-paraelszivora-gyujt-a-babits-szinhaz\/#breadcrumb"},"inLanguage":"hu","potentialAction":[{"@type":"ReadAction","target":["https:\/\/dorogimedence.hu\/index.php\/2020\/06\/26\/szivattyura-es-paraelszivora-gyujt-a-babits-szinhaz\/"]}]},{"@type":"ImageObject","inLanguage":"hu","@id":"https:\/\/dorogimedence.hu\/index.php\/2020\/06\/26\/szivattyura-es-paraelszivora-gyujt-a-babits-szinhaz\/#primaryimage","url":"https:\/\/dorogimedence.hu\/wp-content\/uploads\/2020\/06\/bubik-01.jpg","contentUrl":"https:\/\/dorogimedence.hu\/wp-content\/uploads\/2020\/06\/bubik-01.jpg","width":830,"height":450},{"@type":"BreadcrumbList","@id":"https:\/\/dorogimedence.hu\/index.php\/2020\/06\/26\/szivattyura-es-paraelszivora-gyujt-a-babits-szinhaz\/#breadcrumb","itemListElement":[{"@type":"ListItem","position":1,"name":"Kezd\u0151lap","item":"https:\/\/dorogimedence.hu\/"},{"@type":"ListItem","position":2,"name":"Szivatty\u00fara \u00e9s p\u00e1raelsz\u00edv\u00f3ra gy\u0171jt a Babits Sz\u00ednh\u00e1z"}]},{"@type":"WebSite","@id":"https:\/\/dorogimedence.hu\/#website","url":"https:\/\/dorogimedence.hu\/","name":"Dorogi-medence Region\u00e1lis H\u00edrport\u00e1l","description":"Dorog, Keszt\u00f6lc, Le\u00e1nyv\u00e1r, Piliscs\u00e9v, Tokod, Tokodalt\u00e1r\u00f3, Csolnok, Esztergom-kertv\u00e1ros: h\u00edrek, programok","publisher":{"@id":"https:\/\/dorogimedence.hu\/#organization"},"potentialAction":[{"@type":"SearchAction","target":{"@type":"EntryPoint","urlTemplate":"https:\/\/dorogimedence.hu\/?s={search_term_string}"},"query-input":{"@type":"PropertyValueSpecification","valueRequired":true,"valueName":"search_term_string"}}],"inLanguage":"hu"},{"@type":"Organization","@id":"https:\/\/dorogimedence.hu\/#organization","name":"Dorogi-medence Region\u00e1lis H\u00edrport\u00e1l","url":"https:\/\/dorogimedence.hu\/","logo":{"@type":"ImageObject","inLanguage":"hu","@id":"https:\/\/dorogimedence.hu\/#\/schema\/logo\/image\/","url":"https:\/\/dorogimedence.hu\/wp-content\/uploads\/2021\/04\/logo-feher-600.png","contentUrl":"https:\/\/dorogimedence.hu\/wp-content\/uploads\/2021\/04\/logo-feher-600.png","width":600,"height":100,"caption":"Dorogi-medence Region\u00e1lis H\u00edrport\u00e1l"},"image":{"@id":"https:\/\/dorogimedence.hu\/#\/schema\/logo\/image\/"},"sameAs":["https:\/\/www.facebook.com\/dorogimedence\/"]},{"@type":"Person","@id":"https:\/\/dorogimedence.hu\/#\/schema\/person\/ce6091eeb7e95ecdc87890d6aa8e0fd4","name":"dorogimedence.hu","image":{"@type":"ImageObject","inLanguage":"hu","@id":"\/\/www.gravatar.com\/avatar\/d8d45f8901aadff40a4af72c0b826f1d?s=96&#038;r=g&#038;d=mm","url":"\/\/www.gravatar.com\/avatar\/d8d45f8901aadff40a4af72c0b826f1d?s=96&#038;r=g&#038;d=mm","contentUrl":"\/\/www.gravatar.com\/avatar\/d8d45f8901aadff40a4af72c0b826f1d?s=96&#038;r=g&#038;d=mm","caption":"dorogimedence.hu"}}]}},"_links":{"self":[{"href":"https:\/\/dorogimedence.hu\/index.php\/wp-json\/wp\/v2\/posts\/25795","targetHints":{"allow":["GET"]}}],"collection":[{"href":"https:\/\/dorogimedence.hu\/index.php\/wp-json\/wp\/v2\/posts"}],"about":[{"href":"https:\/\/dorogimedence.hu\/index.php\/wp-json\/wp\/v2\/types\/post"}],"author":[{"embeddable":true,"href":"https:\/\/dorogimedence.hu\/index.php\/wp-json\/wp\/v2\/users\/1"}],"replies":[{"embeddable":true,"href":"https:\/\/dorogimedence.hu\/index.php\/wp-json\/wp\/v2\/comments?post=25795"}],"version-history":[{"count":0,"href":"https:\/\/dorogimedence.hu\/index.php\/wp-json\/wp\/v2\/posts\/25795\/revisions"}],"wp:featuredmedia":[{"embeddable":true,"href":"https:\/\/dorogimedence.hu\/index.php\/wp-json\/wp\/v2\/media\/25797"}],"wp:attachment":[{"href":"https:\/\/dorogimedence.hu\/index.php\/wp-json\/wp\/v2\/media?parent=25795"}],"wp:term":[{"taxonomy":"category","embeddable":true,"href":"https:\/\/dorogimedence.hu\/index.php\/wp-json\/wp\/v2\/categories?post=25795"},{"taxonomy":"post_tag","embeddable":true,"href":"https:\/\/dorogimedence.hu\/index.php\/wp-json\/wp\/v2\/tags?post=25795"}],"curies":[{"name":"wp","href":"https:\/\/api.w.org\/{rel}","templated":true}]}}