{"id":25786,"date":"2020-06-26T09:28:14","date_gmt":"2020-06-26T07:28:14","guid":{"rendered":"http:\/\/dorogimedence.hu\/?p=25786"},"modified":"2020-06-26T09:46:35","modified_gmt":"2020-06-26T07:46:35","slug":"szemelyi-valtozasok-az-esztergom-budapesti-foegyhazmegyeben","status":"publish","type":"post","link":"https:\/\/dorogimedence.hu\/index.php\/2020\/06\/26\/szemelyi-valtozasok-az-esztergom-budapesti-foegyhazmegyeben\/","title":{"rendered":"Szem\u00e9lyi v\u00e1ltoz\u00e1sok az Esztergom-Budapesti F\u0151egyh\u00e1zmegy\u00e9ben"},"content":{"rendered":"<p><strong>T\u00f6bbek k\u00f6z\u00f6tt Nguyen Hay Ly Jakabot a mogyor\u00f3sb\u00e1nyai pl\u00e9b\u00e1nia k\u00e1pl\u00e1nj\u00e1nak, Gnana Pragasam Rosi Raj\u00e1t pedig a p\u00e9lif\u00f6ldszentkereszti templom igazgat\u00f3j\u00e1nak nevezt\u00e9k ki.<\/strong><\/p>\n<p>Dr. Erd\u0151 P\u00e9ter b\u00edboros, pr\u00edm\u00e1s, esztergom-budapesti \u00e9rsek t\u00f6bb szem\u00e9lyi v\u00e1ltoz\u00e1sr\u00f3l is d\u00f6nt\u00e9st hozott.<\/p>\n<p>Miut\u00e1n bet\u00f6lt\u00f6tte hetven\u00f6t\u00f6dik \u00e9let\u00e9v\u00e9t \u00e9s beny\u00fajtotta lemond\u00e1s\u00e1t, \u00edgy augusztus elsej\u00e9vel felmentik szolg\u00e1latai al\u00f3l Kardos Mih\u00e1ly urat, a <strong>T\u00e1ti <\/strong>Mindenszentek Pl\u00e9b\u00e1nia pl\u00e9b\u00e1nos\u00e1t.<\/p>\n<p>Dr. Erd\u0151 P\u00e9ter megromlott eg\u00e9szs\u00e9gi \u00e1llapot\u00e1ra val\u00f3 tekintettel dr. N\u00e9meth J\u00e1nos protonot\u00e1rius, kanonok, \u00e9rseki tan\u00e1csost, az <strong>Esztergom-V\u00e1r<\/strong> Nagyboldogasszony \u00e9s Szent Adalbert F\u0151sz\u00e9kesegyh\u00e1zi Pl\u00e9b\u00e1nia pl\u00e9b\u00e1nos\u00e1t k\u00f6sz\u00f6netnyilv\u00e1n\u00edt\u00e1sa mellett felmentette lelkip\u00e1sztori beoszt\u00e1s\u00e1b\u00f3l \u00e9s nyug\u00e1llom\u00e1nyba helyezte.<\/p>\n<p>Dr. Harmai G\u00e1bor urat felmentik az <strong>Esztergom-Belv\u00e1rosi<\/strong> Szent P\u00e9ter \u00e9s P\u00e1l pl\u00e9b\u00e1nia pl\u00e9b\u00e1nosi tiszts\u00e9ge, valamint az Esztergom-V\u00edziv\u00e1rosi Loyolai Szent Ign\u00e1c Pl\u00e9b\u00e1nia ell\u00e1t\u00e1sa al\u00f3l \u00e9s augusztus elsej\u00e9t\u0151l a Budapest-Pestszentl\u0151rinci Sz\u0171z M\u00e1ria Szepl\u0151telen Sz\u00edve F\u0151pl\u00e9b\u00e1nia pl\u00e9b\u00e1nosa lesz.<\/p>\n<p>Sz\u0151cs L\u00e1szl\u00f3t felmentik a <strong>Nyerges\u00fajfalui <\/strong>Szent Mih\u00e1ly Pl\u00e9b\u00e1nia pl\u00e9b\u00e1nosi tiszts\u00e9ge, valamint a <strong>Baj\u00f3ti<\/strong> Szent Simon \u00e9s J\u00fada Pl\u00e9b\u00e1nia ell\u00e1t\u00e1sa al\u00f3l, a <strong>T\u00e1ti<\/strong> Mindenszentek Pl\u00e9b\u00e1nia pl\u00e9b\u00e1nos\u00e1v\u00e1 nevezte ki, megb\u00edzva a <strong>Tokodi<\/strong> Szent M\u00e1rton Pl\u00e9b\u00e1nia, a <strong>S\u00e1ris\u00e1pi<\/strong> Szent Imre Pl\u00e9b\u00e1nia \u00e9s az <strong>Annav\u00f6lgyi<\/strong> Szent Borb\u00e1la Lelk\u00e9szs\u00e9g ell\u00e1t\u00e1s\u00e1val.<\/p>\n<p>Csepregi R\u00f3bertet (Budapest-Ter\u00e9zv\u00e1rosi Szent Ter\u00e9z Pl\u00e9b\u00e1nia k\u00e1pl\u00e1nja) megb\u00edzz\u00e1k a <strong>D\u00f6m\u00f6si <\/strong>Szent Istv\u00e1n Kir\u00e1ly Pl\u00e9b\u00e1nia ell\u00e1t\u00e1s\u00e1val, emellett pedig a <strong>Pilismar\u00f3ti <\/strong>Szent L\u0151rinc Pl\u00e9b\u00e1nia pl\u00e9b\u00e1niai korm\u00e1nyz\u00f3ja lesz.<\/p>\n<p>Dr. T\u00f6r\u00f6k Csab\u00e1t az <strong>Esztergom-V\u00e1r<\/strong> Nagyboldogasszony \u00e9s Szent Adalbert F\u0151sz\u00e9kesegyh\u00e1zi Pl\u00e9b\u00e1nia pl\u00e9b\u00e1niai korm\u00e1nyz\u00f3j\u00e1v\u00e1 nevezik ki.<\/p>\n<p>Az \u00e1thelyez\u00e9s folyt\u00e1n meg\u00fcresedett <strong>Esztergom-Belv\u00e1rosi<\/strong> Szent P\u00e9ter \u00e9s P\u00e1l Pl\u00e9b\u00e1ni\u00e1t Pokriva L\u00e1szl\u00f3 \u00farra, az <strong>Esztergomi Szent Anna <\/strong>Pl\u00e9b\u00e1nia pl\u00e9b\u00e1nos\u00e1ra, az <strong>Esztergom-V\u00edziv\u00e1rosi <\/strong>Loyolai Szent Ign\u00e1c Pl\u00e9b\u00e1ni\u00e1t Kiss-Maly L\u00e1szl\u00f3 \u00farra, az <strong>Esztergom-Szentgy\u00f6rgymez\u0151i<\/strong> Pl\u00e9b\u00e1nia pl\u00e9b\u00e1nos\u00e1ra b\u00edzz\u00e1k.<\/p>\n<p>Szab\u00f3 Andort felmentik a <strong>Pilismar\u00f3ti<\/strong> Szent L\u0151rinc Pl\u00e9b\u00e1nia pl\u00e9b\u00e1niai korm\u00e1nyz\u00f3i tiszts\u00e9ge \u00e9s a <strong>D\u00f6m\u00f6si <\/strong>Szent Istv\u00e1n Kir\u00e1ly Pl\u00e9b\u00e1nia ell\u00e1t\u00e1sa al\u00f3l \u00e9s megb\u00edzz\u00e1k az esztergomi k\u00f3rh\u00e1zlelk\u00e9szi teend\u0151k ell\u00e1t\u00e1s\u00e1val \u00e9s az Esztergomi Szent Anna Pl\u00e9b\u00e1nia k\u00e1pl\u00e1nja lesz.<\/p>\n<p>Szab\u00f3 J\u00f3zsef L\u00e1szl\u00f3 urat, a V\u00e1ci Egyh\u00e1zmegye papj\u00e1t felmentik a <strong>S\u00e1ris\u00e1pi<\/strong> Szent Imre Pl\u00e9b\u00e1nia pl\u00e9b\u00e1niai korm\u00e1nyz\u00f3i tiszts\u00e9g\u00e9b\u0151l, valamint a Mogyor\u00f3sb\u00e1nyai Sz\u0171z M\u00e1ria Neve Pl\u00e9b\u00e1nia \u00e9s az <strong>Annav\u00f6lgyi<\/strong> Szent Borb\u00e1la Lelk\u00e9szs\u00e9g ell\u00e1t\u00e1sa al\u00f3l \u00e9s visszabocs\u00e1tj\u00e1k az egyh\u00e1zmegy\u00e9j\u00fckbe.<\/p>\n<p><em><strong>Dr. Erd\u0151 P\u00e9ter b\u00edboros szerzetesek lelkip\u00e1sztori szolg\u00e1lat\u00e1r\u00f3l is d\u00f6nt\u00f6tt:<\/strong><\/em><\/p>\n<p>Augusztus elsej\u00e9vel f\u0151tisztelend\u0151 Andr\u00e1sfalvy J\u00e1nos SDB tartom\u00e1nyf\u0151n\u00f6k \u00far enged\u00e9lye alapj\u00e1n a <strong>Nyerges\u00fajfalui<\/strong> Szent Mih\u00e1ly Pl\u00e9b\u00e1nia pl\u00e9b\u00e1nos\u00e1v\u00e1 Vit\u00e1lis G\u00e1bor SDB urat nevezte ki, megb\u00edzva a <strong>Baj\u00f3ti<\/strong> Szent Simon \u00e9s J\u00fada Pl\u00e9b\u00e1nia, valamint a <strong>Mogyor\u00f3sb\u00e1nyai <\/strong>Sz\u0171z M\u00e1ria Neve Pl\u00e9b\u00e1ni\u00e1k ell\u00e1t\u00e1s\u00e1val.<\/p>\n<p>Munk\u00e1j\u00e1nak seg\u00edt\u00e9s\u00e9re \u2013 szint\u00e9n Tartom\u00e1nyf\u0151n\u00f6k \u00dar enged\u00e9ly\u00e9vel \u2013 Nguyen Hay Ly Jakab SDB urat kinevezte a <strong>Mogyor\u00f3sb\u00e1nyai<\/strong> Sz\u0171z M\u00e1ria Neve Pl\u00e9b\u00e1nia k\u00e1pl\u00e1nj\u00e1v\u00e1. Szint\u00e9n a tartom\u00e1nyf\u0151n\u00f6k \u00far el\u0151terjeszt\u00e9s\u00e9re \u00c1brah\u00e1m B\u00e9la SDB templomigazgat\u00f3 urat felmentette a <strong>P\u00e9lif\u00f6ldszentkereszti <\/strong>Szent Kereszt Templomigazgat\u00f3s\u00e1g vezet\u00e9se al\u00f3l \u00e9s Gnana Pragasam Rosi Raja SDB urat nevezte ki templomigazgat\u00f3v\u00e1.<\/p>\n<p>Augusztus elsej\u00e9t\u0151l kezdve a r\u00f3mai tanulm\u00e1nyait befejez\u0151 \u00e9s hazat\u00e9r\u0151 \u00c1d\u00e1m Mikl\u00f3s az Esztergomi Hittudom\u00e1nyi F\u0151iskola f\u0151\u00e1ll\u00e1s\u00fa tan\u00e1ra lesz. Dr. Harmai G\u00e1bor \u00faj lelkip\u00e1sztori beoszt\u00e1s\u00e1ra val\u00f3 tekintettel felmentett\u00e9k f\u0151\u00e1ll\u00e1s\u00fa tan\u00e1ri beoszt\u00e1sa al\u00f3l \u00e9s ezent\u00fal egyh\u00e1zt\u00f6rt\u00e9nelem tant\u00e1rgyat oktat majd az Esztergomi Hittudom\u00e1nyi F\u0151iskol\u00e1n.<\/p>\n<p>A f\u0151egyh\u00e1zmegye \u00fajonnan szentelt \u00e1lland\u00f3 diak\u00f3nusai k\u00f6z\u00fcl dr. L\u00e9n\u00e1r Andort a Bajnai Szent Adalbert Pl\u00e9b\u00e1ni\u00e1ra k\u00fcldi diak\u00f3nusi gyakorlatra.<\/p>\n<p><em>Forr\u00e1s: Esztergom-Budapesti F\u0151egyh\u00e1zmegye Facebook oldala \/ hidlap.hu<\/em><\/p>\n","protected":false},"excerpt":{"rendered":"<p>T\u00f6bbek k\u00f6z\u00f6tt Nguyen Hay Ly Jakabot a mogyor\u00f3sb\u00e1nyai pl\u00e9b\u00e1nia k\u00e1pl\u00e1nj\u00e1nak, Gnana Pragasam Rosi Raj\u00e1t pedig a p\u00e9lif\u00f6ldszentkereszti templom igazgat\u00f3j\u00e1nak nevezt\u00e9k ki. Dr. Erd\u0151 P\u00e9ter b\u00edboros, pr\u00edm\u00e1s, esztergom-budapesti \u00e9rsek t\u00f6bb szem\u00e9lyi v\u00e1ltoz\u00e1sr\u00f3l is d\u00f6nt\u00e9st hozott. Miut\u00e1n bet\u00f6lt\u00f6tte hetven\u00f6t\u00f6dik \u00e9let\u00e9v\u00e9t \u00e9s beny\u00fajtotta lemond\u00e1s\u00e1t, \u00edgy augusztus elsej\u00e9vel felmentik szolg\u00e1latai al\u00f3l Kardos Mih\u00e1ly urat, a T\u00e1ti Mindenszentek Pl\u00e9b\u00e1nia pl\u00e9b\u00e1nos\u00e1t.<\/p>\n","protected":false},"author":1,"featured_media":25787,"comment_status":"closed","ping_status":"closed","sticky":false,"template":"","format":"standard","meta":{"ngg_post_thumbnail":0,"footnotes":""},"categories":[3],"tags":[434,762],"class_list":{"0":"post-25786","1":"post","2":"type-post","3":"status-publish","4":"format-standard","5":"has-post-thumbnail","7":"category-hirek","8":"tag-esztergom-budapesti-foegyhazmegye","9":"tag-katolikus-egyhaz"},"yoast_head":"<!-- This site is optimized with the Yoast SEO plugin v27.5 - https:\/\/yoast.com\/product\/yoast-seo-wordpress\/ -->\n<title>Szem\u00e9lyi v\u00e1ltoz\u00e1sok az Esztergom-Budapesti F\u0151egyh\u00e1zmegy\u00e9ben<\/title>\n<meta name=\"robots\" content=\"index, follow, max-snippet:-1, max-image-preview:large, max-video-preview:-1\" \/>\n<link rel=\"canonical\" href=\"https:\/\/dorogimedence.hu\/index.php\/2020\/06\/26\/szemelyi-valtozasok-az-esztergom-budapesti-foegyhazmegyeben\/\" class=\"yoast-seo-meta-tag\" \/>\n<meta property=\"og:locale\" content=\"hu_HU\" class=\"yoast-seo-meta-tag\" \/>\n<meta property=\"og:type\" content=\"article\" class=\"yoast-seo-meta-tag\" \/>\n<meta property=\"og:title\" content=\"Szem\u00e9lyi v\u00e1ltoz\u00e1sok az Esztergom-Budapesti F\u0151egyh\u00e1zmegy\u00e9ben\" class=\"yoast-seo-meta-tag\" \/>\n<meta property=\"og:description\" content=\"T\u00f6bbek k\u00f6z\u00f6tt Nguyen Hay Ly Jakabot a mogyor\u00f3sb\u00e1nyai pl\u00e9b\u00e1nia k\u00e1pl\u00e1nj\u00e1nak, Gnana Pragasam Rosi Raj\u00e1t pedig a p\u00e9lif\u00f6ldszentkereszti templom igazgat\u00f3j\u00e1nak nevezt\u00e9k ki. Dr. Erd\u0151 P\u00e9ter b\u00edboros, pr\u00edm\u00e1s, esztergom-budapesti \u00e9rsek t\u00f6bb szem\u00e9lyi v\u00e1ltoz\u00e1sr\u00f3l is d\u00f6nt\u00e9st hozott. Miut\u00e1n bet\u00f6lt\u00f6tte hetven\u00f6t\u00f6dik \u00e9let\u00e9v\u00e9t \u00e9s beny\u00fajtotta lemond\u00e1s\u00e1t, \u00edgy augusztus elsej\u00e9vel felmentik szolg\u00e1latai al\u00f3l Kardos Mih\u00e1ly urat, a T\u00e1ti Mindenszentek Pl\u00e9b\u00e1nia pl\u00e9b\u00e1nos\u00e1t.\" class=\"yoast-seo-meta-tag\" \/>\n<meta property=\"og:url\" content=\"https:\/\/dorogimedence.hu\/index.php\/2020\/06\/26\/szemelyi-valtozasok-az-esztergom-budapesti-foegyhazmegyeben\/\" class=\"yoast-seo-meta-tag\" \/>\n<meta property=\"og:site_name\" content=\"Dorogi-medence Region\u00e1lis H\u00edrport\u00e1l\" class=\"yoast-seo-meta-tag\" \/>\n<meta property=\"article:publisher\" content=\"https:\/\/www.facebook.com\/dorogimedence\/\" class=\"yoast-seo-meta-tag\" \/>\n<meta property=\"article:published_time\" content=\"2020-06-26T07:28:14+00:00\" class=\"yoast-seo-meta-tag\" \/>\n<meta property=\"article:modified_time\" content=\"2020-06-26T07:46:35+00:00\" class=\"yoast-seo-meta-tag\" \/>\n<meta property=\"og:image\" content=\"https:\/\/i0.wp.com\/dorogimedence.hu\/wp-content\/uploads\/2020\/06\/foegyhazmegye.jpg?fit=830%2C450&ssl=1\" class=\"yoast-seo-meta-tag\" \/>\n\t<meta property=\"og:image:width\" content=\"830\" class=\"yoast-seo-meta-tag\" \/>\n\t<meta property=\"og:image:height\" content=\"450\" class=\"yoast-seo-meta-tag\" \/>\n\t<meta property=\"og:image:type\" content=\"image\/jpeg\" class=\"yoast-seo-meta-tag\" \/>\n<meta name=\"author\" content=\"dorogimedence.hu\" class=\"yoast-seo-meta-tag\" \/>\n<meta name=\"twitter:card\" content=\"summary_large_image\" class=\"yoast-seo-meta-tag\" \/>\n<meta name=\"twitter:label1\" content=\"Szerz\u0151:\" class=\"yoast-seo-meta-tag\" \/>\n\t<meta name=\"twitter:data1\" content=\"dorogimedence.hu\" class=\"yoast-seo-meta-tag\" \/>\n\t<meta name=\"twitter:label2\" content=\"Becs\u00fclt olvas\u00e1si id\u0151\" class=\"yoast-seo-meta-tag\" \/>\n\t<meta name=\"twitter:data2\" content=\"4 perc\" class=\"yoast-seo-meta-tag\" \/>\n<script type=\"application\/ld+json\" class=\"yoast-schema-graph\">{\"@context\":\"https:\\\/\\\/schema.org\",\"@graph\":[{\"@type\":\"Article\",\"@id\":\"https:\\\/\\\/dorogimedence.hu\\\/index.php\\\/2020\\\/06\\\/26\\\/szemelyi-valtozasok-az-esztergom-budapesti-foegyhazmegyeben\\\/#article\",\"isPartOf\":{\"@id\":\"https:\\\/\\\/dorogimedence.hu\\\/index.php\\\/2020\\\/06\\\/26\\\/szemelyi-valtozasok-az-esztergom-budapesti-foegyhazmegyeben\\\/\"},\"author\":{\"name\":\"dorogimedence.hu\",\"@id\":\"https:\\\/\\\/dorogimedence.hu\\\/#\\\/schema\\\/person\\\/ce6091eeb7e95ecdc87890d6aa8e0fd4\"},\"headline\":\"Szem\u00e9lyi v\u00e1ltoz\u00e1sok az Esztergom-Budapesti F\u0151egyh\u00e1zmegy\u00e9ben\",\"datePublished\":\"2020-06-26T07:28:14+00:00\",\"dateModified\":\"2020-06-26T07:46:35+00:00\",\"mainEntityOfPage\":{\"@id\":\"https:\\\/\\\/dorogimedence.hu\\\/index.php\\\/2020\\\/06\\\/26\\\/szemelyi-valtozasok-az-esztergom-budapesti-foegyhazmegyeben\\\/\"},\"wordCount\":884,\"publisher\":{\"@id\":\"https:\\\/\\\/dorogimedence.hu\\\/#organization\"},\"image\":{\"@id\":\"https:\\\/\\\/dorogimedence.hu\\\/index.php\\\/2020\\\/06\\\/26\\\/szemelyi-valtozasok-az-esztergom-budapesti-foegyhazmegyeben\\\/#primaryimage\"},\"thumbnailUrl\":\"https:\\\/\\\/dorogimedence.hu\\\/wp-content\\\/uploads\\\/2020\\\/06\\\/foegyhazmegye.jpg\",\"keywords\":[\"Esztergom-Budapesti F\u0151egyh\u00e1zmegye\",\"katolikus egyh\u00e1z\"],\"articleSection\":[\"H\u00edrek\"],\"inLanguage\":\"hu\"},{\"@type\":\"WebPage\",\"@id\":\"https:\\\/\\\/dorogimedence.hu\\\/index.php\\\/2020\\\/06\\\/26\\\/szemelyi-valtozasok-az-esztergom-budapesti-foegyhazmegyeben\\\/\",\"url\":\"https:\\\/\\\/dorogimedence.hu\\\/index.php\\\/2020\\\/06\\\/26\\\/szemelyi-valtozasok-az-esztergom-budapesti-foegyhazmegyeben\\\/\",\"name\":\"Szem\u00e9lyi v\u00e1ltoz\u00e1sok az Esztergom-Budapesti F\u0151egyh\u00e1zmegy\u00e9ben\",\"isPartOf\":{\"@id\":\"https:\\\/\\\/dorogimedence.hu\\\/#website\"},\"primaryImageOfPage\":{\"@id\":\"https:\\\/\\\/dorogimedence.hu\\\/index.php\\\/2020\\\/06\\\/26\\\/szemelyi-valtozasok-az-esztergom-budapesti-foegyhazmegyeben\\\/#primaryimage\"},\"image\":{\"@id\":\"https:\\\/\\\/dorogimedence.hu\\\/index.php\\\/2020\\\/06\\\/26\\\/szemelyi-valtozasok-az-esztergom-budapesti-foegyhazmegyeben\\\/#primaryimage\"},\"thumbnailUrl\":\"https:\\\/\\\/dorogimedence.hu\\\/wp-content\\\/uploads\\\/2020\\\/06\\\/foegyhazmegye.jpg\",\"datePublished\":\"2020-06-26T07:28:14+00:00\",\"dateModified\":\"2020-06-26T07:46:35+00:00\",\"breadcrumb\":{\"@id\":\"https:\\\/\\\/dorogimedence.hu\\\/index.php\\\/2020\\\/06\\\/26\\\/szemelyi-valtozasok-az-esztergom-budapesti-foegyhazmegyeben\\\/#breadcrumb\"},\"inLanguage\":\"hu\",\"potentialAction\":[{\"@type\":\"ReadAction\",\"target\":[\"https:\\\/\\\/dorogimedence.hu\\\/index.php\\\/2020\\\/06\\\/26\\\/szemelyi-valtozasok-az-esztergom-budapesti-foegyhazmegyeben\\\/\"]}]},{\"@type\":\"ImageObject\",\"inLanguage\":\"hu\",\"@id\":\"https:\\\/\\\/dorogimedence.hu\\\/index.php\\\/2020\\\/06\\\/26\\\/szemelyi-valtozasok-az-esztergom-budapesti-foegyhazmegyeben\\\/#primaryimage\",\"url\":\"https:\\\/\\\/dorogimedence.hu\\\/wp-content\\\/uploads\\\/2020\\\/06\\\/foegyhazmegye.jpg\",\"contentUrl\":\"https:\\\/\\\/dorogimedence.hu\\\/wp-content\\\/uploads\\\/2020\\\/06\\\/foegyhazmegye.jpg\",\"width\":830,\"height\":450},{\"@type\":\"BreadcrumbList\",\"@id\":\"https:\\\/\\\/dorogimedence.hu\\\/index.php\\\/2020\\\/06\\\/26\\\/szemelyi-valtozasok-az-esztergom-budapesti-foegyhazmegyeben\\\/#breadcrumb\",\"itemListElement\":[{\"@type\":\"ListItem\",\"position\":1,\"name\":\"Kezd\u0151lap\",\"item\":\"https:\\\/\\\/dorogimedence.hu\\\/\"},{\"@type\":\"ListItem\",\"position\":2,\"name\":\"Szem\u00e9lyi v\u00e1ltoz\u00e1sok az Esztergom-Budapesti F\u0151egyh\u00e1zmegy\u00e9ben\"}]},{\"@type\":\"WebSite\",\"@id\":\"https:\\\/\\\/dorogimedence.hu\\\/#website\",\"url\":\"https:\\\/\\\/dorogimedence.hu\\\/\",\"name\":\"Dorogi-medence Region\u00e1lis H\u00edrport\u00e1l\",\"description\":\"Dorog, Keszt\u00f6lc, Le\u00e1nyv\u00e1r, Piliscs\u00e9v, Tokod, Tokodalt\u00e1r\u00f3, Csolnok, Esztergom-kertv\u00e1ros: h\u00edrek, programok\",\"publisher\":{\"@id\":\"https:\\\/\\\/dorogimedence.hu\\\/#organization\"},\"potentialAction\":[{\"@type\":\"SearchAction\",\"target\":{\"@type\":\"EntryPoint\",\"urlTemplate\":\"https:\\\/\\\/dorogimedence.hu\\\/?s={search_term_string}\"},\"query-input\":{\"@type\":\"PropertyValueSpecification\",\"valueRequired\":true,\"valueName\":\"search_term_string\"}}],\"inLanguage\":\"hu\"},{\"@type\":\"Organization\",\"@id\":\"https:\\\/\\\/dorogimedence.hu\\\/#organization\",\"name\":\"Dorogi-medence Region\u00e1lis H\u00edrport\u00e1l\",\"url\":\"https:\\\/\\\/dorogimedence.hu\\\/\",\"logo\":{\"@type\":\"ImageObject\",\"inLanguage\":\"hu\",\"@id\":\"https:\\\/\\\/dorogimedence.hu\\\/#\\\/schema\\\/logo\\\/image\\\/\",\"url\":\"https:\\\/\\\/dorogimedence.hu\\\/wp-content\\\/uploads\\\/2021\\\/04\\\/logo-feher-600.png\",\"contentUrl\":\"https:\\\/\\\/dorogimedence.hu\\\/wp-content\\\/uploads\\\/2021\\\/04\\\/logo-feher-600.png\",\"width\":600,\"height\":100,\"caption\":\"Dorogi-medence Region\u00e1lis H\u00edrport\u00e1l\"},\"image\":{\"@id\":\"https:\\\/\\\/dorogimedence.hu\\\/#\\\/schema\\\/logo\\\/image\\\/\"},\"sameAs\":[\"https:\\\/\\\/www.facebook.com\\\/dorogimedence\\\/\"]},{\"@type\":\"Person\",\"@id\":\"https:\\\/\\\/dorogimedence.hu\\\/#\\\/schema\\\/person\\\/ce6091eeb7e95ecdc87890d6aa8e0fd4\",\"name\":\"dorogimedence.hu\",\"image\":{\"@type\":\"ImageObject\",\"inLanguage\":\"hu\",\"@id\":\"\\\/\\\/www.gravatar.com\\\/avatar\\\/d8d45f8901aadff40a4af72c0b826f1d?s=96&#038;r=g&#038;d=mm\",\"url\":\"\\\/\\\/www.gravatar.com\\\/avatar\\\/d8d45f8901aadff40a4af72c0b826f1d?s=96&#038;r=g&#038;d=mm\",\"contentUrl\":\"\\\/\\\/www.gravatar.com\\\/avatar\\\/d8d45f8901aadff40a4af72c0b826f1d?s=96&#038;r=g&#038;d=mm\",\"caption\":\"dorogimedence.hu\"}}]}<\/script>\n<!-- \/ Yoast SEO plugin. -->","yoast_head_json":{"title":"Szem\u00e9lyi v\u00e1ltoz\u00e1sok az Esztergom-Budapesti F\u0151egyh\u00e1zmegy\u00e9ben","robots":{"index":"index","follow":"follow","max-snippet":"max-snippet:-1","max-image-preview":"max-image-preview:large","max-video-preview":"max-video-preview:-1"},"canonical":"https:\/\/dorogimedence.hu\/index.php\/2020\/06\/26\/szemelyi-valtozasok-az-esztergom-budapesti-foegyhazmegyeben\/","og_locale":"hu_HU","og_type":"article","og_title":"Szem\u00e9lyi v\u00e1ltoz\u00e1sok az Esztergom-Budapesti F\u0151egyh\u00e1zmegy\u00e9ben","og_description":"T\u00f6bbek k\u00f6z\u00f6tt Nguyen Hay Ly Jakabot a mogyor\u00f3sb\u00e1nyai pl\u00e9b\u00e1nia k\u00e1pl\u00e1nj\u00e1nak, Gnana Pragasam Rosi Raj\u00e1t pedig a p\u00e9lif\u00f6ldszentkereszti templom igazgat\u00f3j\u00e1nak nevezt\u00e9k ki. Dr. Erd\u0151 P\u00e9ter b\u00edboros, pr\u00edm\u00e1s, esztergom-budapesti \u00e9rsek t\u00f6bb szem\u00e9lyi v\u00e1ltoz\u00e1sr\u00f3l is d\u00f6nt\u00e9st hozott. Miut\u00e1n bet\u00f6lt\u00f6tte hetven\u00f6t\u00f6dik \u00e9let\u00e9v\u00e9t \u00e9s beny\u00fajtotta lemond\u00e1s\u00e1t, \u00edgy augusztus elsej\u00e9vel felmentik szolg\u00e1latai al\u00f3l Kardos Mih\u00e1ly urat, a T\u00e1ti Mindenszentek Pl\u00e9b\u00e1nia pl\u00e9b\u00e1nos\u00e1t.","og_url":"https:\/\/dorogimedence.hu\/index.php\/2020\/06\/26\/szemelyi-valtozasok-az-esztergom-budapesti-foegyhazmegyeben\/","og_site_name":"Dorogi-medence Region\u00e1lis H\u00edrport\u00e1l","article_publisher":"https:\/\/www.facebook.com\/dorogimedence\/","article_published_time":"2020-06-26T07:28:14+00:00","article_modified_time":"2020-06-26T07:46:35+00:00","og_image":[{"width":830,"height":450,"url":"https:\/\/i0.wp.com\/dorogimedence.hu\/wp-content\/uploads\/2020\/06\/foegyhazmegye.jpg?fit=830%2C450&ssl=1","type":"image\/jpeg"}],"author":"dorogimedence.hu","twitter_card":"summary_large_image","twitter_misc":{"Szerz\u0151:":"dorogimedence.hu","Becs\u00fclt olvas\u00e1si id\u0151":"4 perc"},"schema":{"@context":"https:\/\/schema.org","@graph":[{"@type":"Article","@id":"https:\/\/dorogimedence.hu\/index.php\/2020\/06\/26\/szemelyi-valtozasok-az-esztergom-budapesti-foegyhazmegyeben\/#article","isPartOf":{"@id":"https:\/\/dorogimedence.hu\/index.php\/2020\/06\/26\/szemelyi-valtozasok-az-esztergom-budapesti-foegyhazmegyeben\/"},"author":{"name":"dorogimedence.hu","@id":"https:\/\/dorogimedence.hu\/#\/schema\/person\/ce6091eeb7e95ecdc87890d6aa8e0fd4"},"headline":"Szem\u00e9lyi v\u00e1ltoz\u00e1sok az Esztergom-Budapesti F\u0151egyh\u00e1zmegy\u00e9ben","datePublished":"2020-06-26T07:28:14+00:00","dateModified":"2020-06-26T07:46:35+00:00","mainEntityOfPage":{"@id":"https:\/\/dorogimedence.hu\/index.php\/2020\/06\/26\/szemelyi-valtozasok-az-esztergom-budapesti-foegyhazmegyeben\/"},"wordCount":884,"publisher":{"@id":"https:\/\/dorogimedence.hu\/#organization"},"image":{"@id":"https:\/\/dorogimedence.hu\/index.php\/2020\/06\/26\/szemelyi-valtozasok-az-esztergom-budapesti-foegyhazmegyeben\/#primaryimage"},"thumbnailUrl":"https:\/\/dorogimedence.hu\/wp-content\/uploads\/2020\/06\/foegyhazmegye.jpg","keywords":["Esztergom-Budapesti F\u0151egyh\u00e1zmegye","katolikus egyh\u00e1z"],"articleSection":["H\u00edrek"],"inLanguage":"hu"},{"@type":"WebPage","@id":"https:\/\/dorogimedence.hu\/index.php\/2020\/06\/26\/szemelyi-valtozasok-az-esztergom-budapesti-foegyhazmegyeben\/","url":"https:\/\/dorogimedence.hu\/index.php\/2020\/06\/26\/szemelyi-valtozasok-az-esztergom-budapesti-foegyhazmegyeben\/","name":"Szem\u00e9lyi v\u00e1ltoz\u00e1sok az Esztergom-Budapesti F\u0151egyh\u00e1zmegy\u00e9ben","isPartOf":{"@id":"https:\/\/dorogimedence.hu\/#website"},"primaryImageOfPage":{"@id":"https:\/\/dorogimedence.hu\/index.php\/2020\/06\/26\/szemelyi-valtozasok-az-esztergom-budapesti-foegyhazmegyeben\/#primaryimage"},"image":{"@id":"https:\/\/dorogimedence.hu\/index.php\/2020\/06\/26\/szemelyi-valtozasok-az-esztergom-budapesti-foegyhazmegyeben\/#primaryimage"},"thumbnailUrl":"https:\/\/dorogimedence.hu\/wp-content\/uploads\/2020\/06\/foegyhazmegye.jpg","datePublished":"2020-06-26T07:28:14+00:00","dateModified":"2020-06-26T07:46:35+00:00","breadcrumb":{"@id":"https:\/\/dorogimedence.hu\/index.php\/2020\/06\/26\/szemelyi-valtozasok-az-esztergom-budapesti-foegyhazmegyeben\/#breadcrumb"},"inLanguage":"hu","potentialAction":[{"@type":"ReadAction","target":["https:\/\/dorogimedence.hu\/index.php\/2020\/06\/26\/szemelyi-valtozasok-az-esztergom-budapesti-foegyhazmegyeben\/"]}]},{"@type":"ImageObject","inLanguage":"hu","@id":"https:\/\/dorogimedence.hu\/index.php\/2020\/06\/26\/szemelyi-valtozasok-az-esztergom-budapesti-foegyhazmegyeben\/#primaryimage","url":"https:\/\/dorogimedence.hu\/wp-content\/uploads\/2020\/06\/foegyhazmegye.jpg","contentUrl":"https:\/\/dorogimedence.hu\/wp-content\/uploads\/2020\/06\/foegyhazmegye.jpg","width":830,"height":450},{"@type":"BreadcrumbList","@id":"https:\/\/dorogimedence.hu\/index.php\/2020\/06\/26\/szemelyi-valtozasok-az-esztergom-budapesti-foegyhazmegyeben\/#breadcrumb","itemListElement":[{"@type":"ListItem","position":1,"name":"Kezd\u0151lap","item":"https:\/\/dorogimedence.hu\/"},{"@type":"ListItem","position":2,"name":"Szem\u00e9lyi v\u00e1ltoz\u00e1sok az Esztergom-Budapesti F\u0151egyh\u00e1zmegy\u00e9ben"}]},{"@type":"WebSite","@id":"https:\/\/dorogimedence.hu\/#website","url":"https:\/\/dorogimedence.hu\/","name":"Dorogi-medence Region\u00e1lis H\u00edrport\u00e1l","description":"Dorog, Keszt\u00f6lc, Le\u00e1nyv\u00e1r, Piliscs\u00e9v, Tokod, Tokodalt\u00e1r\u00f3, Csolnok, Esztergom-kertv\u00e1ros: h\u00edrek, programok","publisher":{"@id":"https:\/\/dorogimedence.hu\/#organization"},"potentialAction":[{"@type":"SearchAction","target":{"@type":"EntryPoint","urlTemplate":"https:\/\/dorogimedence.hu\/?s={search_term_string}"},"query-input":{"@type":"PropertyValueSpecification","valueRequired":true,"valueName":"search_term_string"}}],"inLanguage":"hu"},{"@type":"Organization","@id":"https:\/\/dorogimedence.hu\/#organization","name":"Dorogi-medence Region\u00e1lis H\u00edrport\u00e1l","url":"https:\/\/dorogimedence.hu\/","logo":{"@type":"ImageObject","inLanguage":"hu","@id":"https:\/\/dorogimedence.hu\/#\/schema\/logo\/image\/","url":"https:\/\/dorogimedence.hu\/wp-content\/uploads\/2021\/04\/logo-feher-600.png","contentUrl":"https:\/\/dorogimedence.hu\/wp-content\/uploads\/2021\/04\/logo-feher-600.png","width":600,"height":100,"caption":"Dorogi-medence Region\u00e1lis H\u00edrport\u00e1l"},"image":{"@id":"https:\/\/dorogimedence.hu\/#\/schema\/logo\/image\/"},"sameAs":["https:\/\/www.facebook.com\/dorogimedence\/"]},{"@type":"Person","@id":"https:\/\/dorogimedence.hu\/#\/schema\/person\/ce6091eeb7e95ecdc87890d6aa8e0fd4","name":"dorogimedence.hu","image":{"@type":"ImageObject","inLanguage":"hu","@id":"\/\/www.gravatar.com\/avatar\/d8d45f8901aadff40a4af72c0b826f1d?s=96&#038;r=g&#038;d=mm","url":"\/\/www.gravatar.com\/avatar\/d8d45f8901aadff40a4af72c0b826f1d?s=96&#038;r=g&#038;d=mm","contentUrl":"\/\/www.gravatar.com\/avatar\/d8d45f8901aadff40a4af72c0b826f1d?s=96&#038;r=g&#038;d=mm","caption":"dorogimedence.hu"}}]}},"_links":{"self":[{"href":"https:\/\/dorogimedence.hu\/index.php\/wp-json\/wp\/v2\/posts\/25786","targetHints":{"allow":["GET"]}}],"collection":[{"href":"https:\/\/dorogimedence.hu\/index.php\/wp-json\/wp\/v2\/posts"}],"about":[{"href":"https:\/\/dorogimedence.hu\/index.php\/wp-json\/wp\/v2\/types\/post"}],"author":[{"embeddable":true,"href":"https:\/\/dorogimedence.hu\/index.php\/wp-json\/wp\/v2\/users\/1"}],"replies":[{"embeddable":true,"href":"https:\/\/dorogimedence.hu\/index.php\/wp-json\/wp\/v2\/comments?post=25786"}],"version-history":[{"count":0,"href":"https:\/\/dorogimedence.hu\/index.php\/wp-json\/wp\/v2\/posts\/25786\/revisions"}],"wp:featuredmedia":[{"embeddable":true,"href":"https:\/\/dorogimedence.hu\/index.php\/wp-json\/wp\/v2\/media\/25787"}],"wp:attachment":[{"href":"https:\/\/dorogimedence.hu\/index.php\/wp-json\/wp\/v2\/media?parent=25786"}],"wp:term":[{"taxonomy":"category","embeddable":true,"href":"https:\/\/dorogimedence.hu\/index.php\/wp-json\/wp\/v2\/categories?post=25786"},{"taxonomy":"post_tag","embeddable":true,"href":"https:\/\/dorogimedence.hu\/index.php\/wp-json\/wp\/v2\/tags?post=25786"}],"curies":[{"name":"wp","href":"https:\/\/api.w.org\/{rel}","templated":true}]}}