{"id":25751,"date":"2020-06-24T19:00:20","date_gmt":"2020-06-24T17:00:20","guid":{"rendered":"http:\/\/dorogimedence.hu\/?p=25751"},"modified":"2020-06-24T19:00:41","modified_gmt":"2020-06-24T17:00:41","slug":"esztergomi-sikerek-a-megyei-horgaszverseny-dontojeben","status":"publish","type":"post","link":"https:\/\/dorogimedence.hu\/index.php\/2020\/06\/24\/esztergomi-sikerek-a-megyei-horgaszverseny-dontojeben\/","title":{"rendered":"Esztergomi sikerek a megyei horg\u00e1szverseny d\u00f6nt\u0151j\u00e9ben"},"content":{"rendered":"<p><strong>A h\u00e9tv\u00e9g\u00e9n tartotta a Kom\u00e1rom-Esztergom Megyei Horg\u00e1szegyes\u00fcletek sz\u00f6vets\u00e9ge a 43. Orsz\u00e1gos Ifj\u00fas\u00e1gi \u00e9s Serd\u00fcl\u0151 Horg\u00e1szvet\u00e9lked\u0151 megyei d\u00f6nt\u0151j\u00e9t. A fiatal horg\u00e1szokat megmozgat\u00f3, nagyszab\u00e1s\u00fa rendezv\u00e9nyen \u00f6sszesen 51 versenyz\u0151 indult, k\u00f6zt\u00fck 13 le\u00e1ny.<\/strong><\/p>\n<p>A Sz\u0151nyi Dolgoz\u00f3k Sporthorg\u00e1sz Egyes\u00fclete volt a rendezv\u00e9ny h\u00e1zigazd\u00e1ja. A Sz\u0151nyi K\u00f3rh\u00e1z-tavon 16 egyes\u00fclet ifj\u00fas\u00e1gi \u00e9s serd\u00fcl\u0151 versenyz\u0151i m\u00e9rk\u0151ztek meg n\u00e9gy versenysz\u00e1mban (szellemi vet\u00e9lked\u0151, bark\u00e1csol\u00e1s, c\u00e9lba dob\u00e1s, kishalfog\u00e1s). A megyei sz\u00f6vets\u00e9g ebben az esztend\u0151ben el\u0151sz\u00f6r hirdette meg az ivad\u00e9k korcsoport verseny\u00e9t a 2010. ut\u00e1n sz\u00fcletettek sz\u00e1m\u00e1ra, ebben a kateg\u00f3ri\u00e1ban 17 kisgyerek indult.<\/p>\n<p>A kishalfog\u00e1shoz a versenyz\u0151k a szervez\u0151k \u00e1ltal biztos\u00edtott spiccbotokat \u00e9s a bark\u00e1csol\u00e1s versenysz\u00e1mban elk\u00e9sz\u00edtett szerel\u00e9keiket haszn\u00e1lhatt\u00e1k. Az etet\u0151anyagot \u00e9s csalit szint\u00e9n a szervez\u0151k biztos\u00edtott\u00e1k a versenyz\u0151k r\u00e9sz\u00e9re.<\/p>\n<p><strong>Eredm\u00e9nyek:<\/strong><\/p>\n<p><strong>Serd\u00fcl\u0151 kateg\u00f3ria:<\/strong><\/p>\n<ol>\n<li>Balogh Gerg\u0151, Tatab\u00e1nyai &#8222;J\u00f3 szerencs\u00e9t&#8221; KTHE.<\/li>\n<li>Troll M\u00e1t\u00e9, Vasas HE. Esztergom<\/li>\n<li>Horn Panka, Kecsk\u00e9di HE.<\/li>\n<\/ol>\n<p><strong>Ifj\u00fas\u00e1gi kateg\u00f3ria:<\/strong><\/p>\n<ol>\n<li>Dodonka Kopp\u00e1ny, Kecsk\u00e9di HE.<\/li>\n<li>Vogel M\u00e1rton, Vasas HE. Esztergom<\/li>\n<li>Sz\u00e9pe M\u00e1t\u00e9, Kom\u00e1romi HE.<\/li>\n<\/ol>\n<p><strong>Ivad\u00e9k kateg\u00f3ria:<\/strong><\/p>\n<ol>\n<li>Gregus Marcell, Kom\u00e1romi HE.<\/li>\n<li>M\u00e1rkus D\u00e1vid, \u00d6lb\u0151-tavi Aranyhal HE.<\/li>\n<li>Krocs\u00e1ny P\u00e9ter, \u00c1cs \u00e9s K\u00f6rny\u00e9ke HE.<\/li>\n<\/ol>\n<p>A megyei vet\u00e9lked\u0151 k\u00e9t koroszt\u00e1ly\u00e1nak dobog\u00f3sai kup\u00e1t \u00e9s \u00e9rmet nyertek egyes\u00fclet\u00fcknek. Az els\u0151 alkalommal megrendezett ivad\u00e9k kateg\u00f3ria 1-10. helyezettje \u00e9rmet nyert egyes\u00fclet\u00e9nek. D\u00edjazt\u00e1k a legjobb felk\u00e9sz\u00edt\u0151ket is, itt Sz\u0171cs Attila (Kecsk\u00e9di HE.), Kov\u00e1cs Tam\u00e1s (Vasas HE. Esztergom) \u00e9s Metzler J\u00f3zsef (Szom\u00f3di HE.) v\u00e9geztek az \u00e9len.<\/p>\n<p>A d\u00edjakat Tak\u00e1cs J\u00f3zsef, Kom\u00e1rom \u00f6nkorm\u00e1nyzati k\u00e9pvisel\u0151je, Benczik Attila, a Sz\u0151nyi Dolgoz\u00f3k Sporthorg\u00e1sz Egyes\u00fclet\u00e9nek eln\u00f6ke \u00e9s Osvald Zsolt \u00fcgyvezet\u0151 eln\u00f6k adta \u00e1t a nyerteseknek.<\/p>\n<p><em>A Kom\u00e1romi Telev\u00edzi\u00f3 felv\u00e9tele<\/em>:<\/p>\n<div class=\"video-container\"><iframe src=\"https:\/\/www.youtube.com\/embed\/C_mqPWUkC-g\" allowfullscreen=\"allowfullscreen\" width=\"560\" height=\"315\" frameborder=\"0\"><\/iframe><\/div>\n<p>&nbsp;<\/p>\n<p><em>Bor\u00edt\u00f3k\u00e9p: illusztr\u00e1ci\u00f3<\/em><\/p>\n","protected":false},"excerpt":{"rendered":"<p>A h\u00e9tv\u00e9g\u00e9n tartotta a Kom\u00e1rom-Esztergom Megyei Horg\u00e1szegyes\u00fcletek sz\u00f6vets\u00e9ge a 43. Orsz\u00e1gos Ifj\u00fas\u00e1gi \u00e9s Serd\u00fcl\u0151 Horg\u00e1szvet\u00e9lked\u0151 megyei d\u00f6nt\u0151j\u00e9t. A fiatal horg\u00e1szokat megmozgat\u00f3, nagyszab\u00e1s\u00fa rendezv\u00e9nyen \u00f6sszesen 51 versenyz\u0151 indult, k\u00f6zt\u00fck 13 le\u00e1ny. A Sz\u0151nyi Dolgoz\u00f3k Sporthorg\u00e1sz Egyes\u00fclete volt a rendezv\u00e9ny h\u00e1zigazd\u00e1ja. A Sz\u0151nyi K\u00f3rh\u00e1z-tavon 16 egyes\u00fclet ifj\u00fas\u00e1gi \u00e9s serd\u00fcl\u0151 versenyz\u0151i m\u00e9rk\u0151ztek meg n\u00e9gy versenysz\u00e1mban (szellemi vet\u00e9lked\u0151, bark\u00e1csol\u00e1s,<\/p>\n","protected":false},"author":1,"featured_media":25193,"comment_status":"closed","ping_status":"closed","sticky":false,"template":"","format":"standard","meta":{"ngg_post_thumbnail":0,"footnotes":""},"categories":[38,3,56,5],"tags":[42,598,792,3799,16],"class_list":{"0":"post-25751","1":"post","2":"type-post","3":"status-publish","4":"format-standard","5":"has-post-thumbnail","7":"category-esztergom","8":"category-hirek","9":"category-komarom-esztergom","10":"category-sport","11":"tag-esztergom","12":"tag-horgaszat","13":"tag-horgaszverseny","14":"tag-komarom-esztergom-megye","15":"tag-sport"},"yoast_head":"<!-- This site is optimized with the Yoast SEO plugin v27.5 - https:\/\/yoast.com\/product\/yoast-seo-wordpress\/ -->\n<title>Esztergomi sikerek a megyei horg\u00e1szverseny d\u00f6nt\u0151j\u00e9ben<\/title>\n<meta name=\"robots\" content=\"index, follow, max-snippet:-1, max-image-preview:large, max-video-preview:-1\" \/>\n<link rel=\"canonical\" href=\"https:\/\/dorogimedence.hu\/index.php\/2020\/06\/24\/esztergomi-sikerek-a-megyei-horgaszverseny-dontojeben\/\" class=\"yoast-seo-meta-tag\" \/>\n<meta property=\"og:locale\" content=\"hu_HU\" class=\"yoast-seo-meta-tag\" \/>\n<meta property=\"og:type\" content=\"article\" class=\"yoast-seo-meta-tag\" \/>\n<meta property=\"og:title\" content=\"Esztergomi sikerek a megyei horg\u00e1szverseny d\u00f6nt\u0151j\u00e9ben\" class=\"yoast-seo-meta-tag\" \/>\n<meta property=\"og:description\" content=\"A h\u00e9tv\u00e9g\u00e9n tartotta a Kom\u00e1rom-Esztergom Megyei Horg\u00e1szegyes\u00fcletek sz\u00f6vets\u00e9ge a 43. Orsz\u00e1gos Ifj\u00fas\u00e1gi \u00e9s Serd\u00fcl\u0151 Horg\u00e1szvet\u00e9lked\u0151 megyei d\u00f6nt\u0151j\u00e9t. A fiatal horg\u00e1szokat megmozgat\u00f3, nagyszab\u00e1s\u00fa rendezv\u00e9nyen \u00f6sszesen 51 versenyz\u0151 indult, k\u00f6zt\u00fck 13 le\u00e1ny. A Sz\u0151nyi Dolgoz\u00f3k Sporthorg\u00e1sz Egyes\u00fclete volt a rendezv\u00e9ny h\u00e1zigazd\u00e1ja. A Sz\u0151nyi K\u00f3rh\u00e1z-tavon 16 egyes\u00fclet ifj\u00fas\u00e1gi \u00e9s serd\u00fcl\u0151 versenyz\u0151i m\u00e9rk\u0151ztek meg n\u00e9gy versenysz\u00e1mban (szellemi vet\u00e9lked\u0151, bark\u00e1csol\u00e1s,\" class=\"yoast-seo-meta-tag\" \/>\n<meta property=\"og:url\" content=\"https:\/\/dorogimedence.hu\/index.php\/2020\/06\/24\/esztergomi-sikerek-a-megyei-horgaszverseny-dontojeben\/\" class=\"yoast-seo-meta-tag\" \/>\n<meta property=\"og:site_name\" content=\"Dorogi-medence Region\u00e1lis H\u00edrport\u00e1l\" class=\"yoast-seo-meta-tag\" \/>\n<meta property=\"article:publisher\" content=\"https:\/\/www.facebook.com\/dorogimedence\/\" class=\"yoast-seo-meta-tag\" \/>\n<meta property=\"article:published_time\" content=\"2020-06-24T17:00:20+00:00\" class=\"yoast-seo-meta-tag\" \/>\n<meta property=\"article:modified_time\" content=\"2020-06-24T17:00:41+00:00\" class=\"yoast-seo-meta-tag\" \/>\n<meta property=\"og:image\" content=\"https:\/\/i0.wp.com\/dorogimedence.hu\/wp-content\/uploads\/2020\/05\/gyerek-horgasz.jpg?fit=670%2C365&ssl=1\" class=\"yoast-seo-meta-tag\" \/>\n\t<meta property=\"og:image:width\" content=\"670\" class=\"yoast-seo-meta-tag\" \/>\n\t<meta property=\"og:image:height\" content=\"365\" class=\"yoast-seo-meta-tag\" \/>\n\t<meta property=\"og:image:type\" content=\"image\/jpeg\" class=\"yoast-seo-meta-tag\" \/>\n<meta name=\"author\" content=\"dorogimedence.hu\" class=\"yoast-seo-meta-tag\" \/>\n<meta name=\"twitter:card\" content=\"summary_large_image\" class=\"yoast-seo-meta-tag\" \/>\n<meta name=\"twitter:label1\" content=\"Szerz\u0151:\" class=\"yoast-seo-meta-tag\" \/>\n\t<meta name=\"twitter:data1\" content=\"dorogimedence.hu\" class=\"yoast-seo-meta-tag\" \/>\n\t<meta name=\"twitter:label2\" content=\"Becs\u00fclt olvas\u00e1si id\u0151\" class=\"yoast-seo-meta-tag\" \/>\n\t<meta name=\"twitter:data2\" content=\"2 perc\" class=\"yoast-seo-meta-tag\" \/>\n<script type=\"application\/ld+json\" class=\"yoast-schema-graph\">{\"@context\":\"https:\\\/\\\/schema.org\",\"@graph\":[{\"@type\":\"Article\",\"@id\":\"https:\\\/\\\/dorogimedence.hu\\\/index.php\\\/2020\\\/06\\\/24\\\/esztergomi-sikerek-a-megyei-horgaszverseny-dontojeben\\\/#article\",\"isPartOf\":{\"@id\":\"https:\\\/\\\/dorogimedence.hu\\\/index.php\\\/2020\\\/06\\\/24\\\/esztergomi-sikerek-a-megyei-horgaszverseny-dontojeben\\\/\"},\"author\":{\"name\":\"dorogimedence.hu\",\"@id\":\"https:\\\/\\\/dorogimedence.hu\\\/#\\\/schema\\\/person\\\/ce6091eeb7e95ecdc87890d6aa8e0fd4\"},\"headline\":\"Esztergomi sikerek a megyei horg\u00e1szverseny d\u00f6nt\u0151j\u00e9ben\",\"datePublished\":\"2020-06-24T17:00:20+00:00\",\"dateModified\":\"2020-06-24T17:00:41+00:00\",\"mainEntityOfPage\":{\"@id\":\"https:\\\/\\\/dorogimedence.hu\\\/index.php\\\/2020\\\/06\\\/24\\\/esztergomi-sikerek-a-megyei-horgaszverseny-dontojeben\\\/\"},\"wordCount\":391,\"publisher\":{\"@id\":\"https:\\\/\\\/dorogimedence.hu\\\/#organization\"},\"image\":{\"@id\":\"https:\\\/\\\/dorogimedence.hu\\\/index.php\\\/2020\\\/06\\\/24\\\/esztergomi-sikerek-a-megyei-horgaszverseny-dontojeben\\\/#primaryimage\"},\"thumbnailUrl\":\"https:\\\/\\\/dorogimedence.hu\\\/wp-content\\\/uploads\\\/2020\\\/05\\\/gyerek-horgasz.jpg\",\"keywords\":[\"esztergom\",\"horg\u00e1szat\",\"horg\u00e1szverseny\",\"Kom\u00e1rom-Esztergom megye\",\"sport\"],\"articleSection\":[\"Esztergom\",\"H\u00edrek\",\"Kom\u00e1rom-Esztergom\",\"Sport\"],\"inLanguage\":\"hu\"},{\"@type\":\"WebPage\",\"@id\":\"https:\\\/\\\/dorogimedence.hu\\\/index.php\\\/2020\\\/06\\\/24\\\/esztergomi-sikerek-a-megyei-horgaszverseny-dontojeben\\\/\",\"url\":\"https:\\\/\\\/dorogimedence.hu\\\/index.php\\\/2020\\\/06\\\/24\\\/esztergomi-sikerek-a-megyei-horgaszverseny-dontojeben\\\/\",\"name\":\"Esztergomi sikerek a megyei horg\u00e1szverseny d\u00f6nt\u0151j\u00e9ben\",\"isPartOf\":{\"@id\":\"https:\\\/\\\/dorogimedence.hu\\\/#website\"},\"primaryImageOfPage\":{\"@id\":\"https:\\\/\\\/dorogimedence.hu\\\/index.php\\\/2020\\\/06\\\/24\\\/esztergomi-sikerek-a-megyei-horgaszverseny-dontojeben\\\/#primaryimage\"},\"image\":{\"@id\":\"https:\\\/\\\/dorogimedence.hu\\\/index.php\\\/2020\\\/06\\\/24\\\/esztergomi-sikerek-a-megyei-horgaszverseny-dontojeben\\\/#primaryimage\"},\"thumbnailUrl\":\"https:\\\/\\\/dorogimedence.hu\\\/wp-content\\\/uploads\\\/2020\\\/05\\\/gyerek-horgasz.jpg\",\"datePublished\":\"2020-06-24T17:00:20+00:00\",\"dateModified\":\"2020-06-24T17:00:41+00:00\",\"breadcrumb\":{\"@id\":\"https:\\\/\\\/dorogimedence.hu\\\/index.php\\\/2020\\\/06\\\/24\\\/esztergomi-sikerek-a-megyei-horgaszverseny-dontojeben\\\/#breadcrumb\"},\"inLanguage\":\"hu\",\"potentialAction\":[{\"@type\":\"ReadAction\",\"target\":[\"https:\\\/\\\/dorogimedence.hu\\\/index.php\\\/2020\\\/06\\\/24\\\/esztergomi-sikerek-a-megyei-horgaszverseny-dontojeben\\\/\"]}]},{\"@type\":\"ImageObject\",\"inLanguage\":\"hu\",\"@id\":\"https:\\\/\\\/dorogimedence.hu\\\/index.php\\\/2020\\\/06\\\/24\\\/esztergomi-sikerek-a-megyei-horgaszverseny-dontojeben\\\/#primaryimage\",\"url\":\"https:\\\/\\\/dorogimedence.hu\\\/wp-content\\\/uploads\\\/2020\\\/05\\\/gyerek-horgasz.jpg\",\"contentUrl\":\"https:\\\/\\\/dorogimedence.hu\\\/wp-content\\\/uploads\\\/2020\\\/05\\\/gyerek-horgasz.jpg\",\"width\":670,\"height\":365},{\"@type\":\"BreadcrumbList\",\"@id\":\"https:\\\/\\\/dorogimedence.hu\\\/index.php\\\/2020\\\/06\\\/24\\\/esztergomi-sikerek-a-megyei-horgaszverseny-dontojeben\\\/#breadcrumb\",\"itemListElement\":[{\"@type\":\"ListItem\",\"position\":1,\"name\":\"Kezd\u0151lap\",\"item\":\"https:\\\/\\\/dorogimedence.hu\\\/\"},{\"@type\":\"ListItem\",\"position\":2,\"name\":\"Esztergomi sikerek a megyei horg\u00e1szverseny d\u00f6nt\u0151j\u00e9ben\"}]},{\"@type\":\"WebSite\",\"@id\":\"https:\\\/\\\/dorogimedence.hu\\\/#website\",\"url\":\"https:\\\/\\\/dorogimedence.hu\\\/\",\"name\":\"Dorogi-medence Region\u00e1lis H\u00edrport\u00e1l\",\"description\":\"Dorog, Keszt\u00f6lc, Le\u00e1nyv\u00e1r, Piliscs\u00e9v, Tokod, Tokodalt\u00e1r\u00f3, Csolnok, Esztergom-kertv\u00e1ros: h\u00edrek, programok\",\"publisher\":{\"@id\":\"https:\\\/\\\/dorogimedence.hu\\\/#organization\"},\"potentialAction\":[{\"@type\":\"SearchAction\",\"target\":{\"@type\":\"EntryPoint\",\"urlTemplate\":\"https:\\\/\\\/dorogimedence.hu\\\/?s={search_term_string}\"},\"query-input\":{\"@type\":\"PropertyValueSpecification\",\"valueRequired\":true,\"valueName\":\"search_term_string\"}}],\"inLanguage\":\"hu\"},{\"@type\":\"Organization\",\"@id\":\"https:\\\/\\\/dorogimedence.hu\\\/#organization\",\"name\":\"Dorogi-medence Region\u00e1lis H\u00edrport\u00e1l\",\"url\":\"https:\\\/\\\/dorogimedence.hu\\\/\",\"logo\":{\"@type\":\"ImageObject\",\"inLanguage\":\"hu\",\"@id\":\"https:\\\/\\\/dorogimedence.hu\\\/#\\\/schema\\\/logo\\\/image\\\/\",\"url\":\"https:\\\/\\\/dorogimedence.hu\\\/wp-content\\\/uploads\\\/2021\\\/04\\\/logo-feher-600.png\",\"contentUrl\":\"https:\\\/\\\/dorogimedence.hu\\\/wp-content\\\/uploads\\\/2021\\\/04\\\/logo-feher-600.png\",\"width\":600,\"height\":100,\"caption\":\"Dorogi-medence Region\u00e1lis H\u00edrport\u00e1l\"},\"image\":{\"@id\":\"https:\\\/\\\/dorogimedence.hu\\\/#\\\/schema\\\/logo\\\/image\\\/\"},\"sameAs\":[\"https:\\\/\\\/www.facebook.com\\\/dorogimedence\\\/\"]},{\"@type\":\"Person\",\"@id\":\"https:\\\/\\\/dorogimedence.hu\\\/#\\\/schema\\\/person\\\/ce6091eeb7e95ecdc87890d6aa8e0fd4\",\"name\":\"dorogimedence.hu\",\"image\":{\"@type\":\"ImageObject\",\"inLanguage\":\"hu\",\"@id\":\"\\\/\\\/www.gravatar.com\\\/avatar\\\/d8d45f8901aadff40a4af72c0b826f1d?s=96&#038;r=g&#038;d=mm\",\"url\":\"\\\/\\\/www.gravatar.com\\\/avatar\\\/d8d45f8901aadff40a4af72c0b826f1d?s=96&#038;r=g&#038;d=mm\",\"contentUrl\":\"\\\/\\\/www.gravatar.com\\\/avatar\\\/d8d45f8901aadff40a4af72c0b826f1d?s=96&#038;r=g&#038;d=mm\",\"caption\":\"dorogimedence.hu\"}}]}<\/script>\n<!-- \/ Yoast SEO plugin. -->","yoast_head_json":{"title":"Esztergomi sikerek a megyei horg\u00e1szverseny d\u00f6nt\u0151j\u00e9ben","robots":{"index":"index","follow":"follow","max-snippet":"max-snippet:-1","max-image-preview":"max-image-preview:large","max-video-preview":"max-video-preview:-1"},"canonical":"https:\/\/dorogimedence.hu\/index.php\/2020\/06\/24\/esztergomi-sikerek-a-megyei-horgaszverseny-dontojeben\/","og_locale":"hu_HU","og_type":"article","og_title":"Esztergomi sikerek a megyei horg\u00e1szverseny d\u00f6nt\u0151j\u00e9ben","og_description":"A h\u00e9tv\u00e9g\u00e9n tartotta a Kom\u00e1rom-Esztergom Megyei Horg\u00e1szegyes\u00fcletek sz\u00f6vets\u00e9ge a 43. Orsz\u00e1gos Ifj\u00fas\u00e1gi \u00e9s Serd\u00fcl\u0151 Horg\u00e1szvet\u00e9lked\u0151 megyei d\u00f6nt\u0151j\u00e9t. A fiatal horg\u00e1szokat megmozgat\u00f3, nagyszab\u00e1s\u00fa rendezv\u00e9nyen \u00f6sszesen 51 versenyz\u0151 indult, k\u00f6zt\u00fck 13 le\u00e1ny. A Sz\u0151nyi Dolgoz\u00f3k Sporthorg\u00e1sz Egyes\u00fclete volt a rendezv\u00e9ny h\u00e1zigazd\u00e1ja. A Sz\u0151nyi K\u00f3rh\u00e1z-tavon 16 egyes\u00fclet ifj\u00fas\u00e1gi \u00e9s serd\u00fcl\u0151 versenyz\u0151i m\u00e9rk\u0151ztek meg n\u00e9gy versenysz\u00e1mban (szellemi vet\u00e9lked\u0151, bark\u00e1csol\u00e1s,","og_url":"https:\/\/dorogimedence.hu\/index.php\/2020\/06\/24\/esztergomi-sikerek-a-megyei-horgaszverseny-dontojeben\/","og_site_name":"Dorogi-medence Region\u00e1lis H\u00edrport\u00e1l","article_publisher":"https:\/\/www.facebook.com\/dorogimedence\/","article_published_time":"2020-06-24T17:00:20+00:00","article_modified_time":"2020-06-24T17:00:41+00:00","og_image":[{"width":670,"height":365,"url":"https:\/\/i0.wp.com\/dorogimedence.hu\/wp-content\/uploads\/2020\/05\/gyerek-horgasz.jpg?fit=670%2C365&ssl=1","type":"image\/jpeg"}],"author":"dorogimedence.hu","twitter_card":"summary_large_image","twitter_misc":{"Szerz\u0151:":"dorogimedence.hu","Becs\u00fclt olvas\u00e1si id\u0151":"2 perc"},"schema":{"@context":"https:\/\/schema.org","@graph":[{"@type":"Article","@id":"https:\/\/dorogimedence.hu\/index.php\/2020\/06\/24\/esztergomi-sikerek-a-megyei-horgaszverseny-dontojeben\/#article","isPartOf":{"@id":"https:\/\/dorogimedence.hu\/index.php\/2020\/06\/24\/esztergomi-sikerek-a-megyei-horgaszverseny-dontojeben\/"},"author":{"name":"dorogimedence.hu","@id":"https:\/\/dorogimedence.hu\/#\/schema\/person\/ce6091eeb7e95ecdc87890d6aa8e0fd4"},"headline":"Esztergomi sikerek a megyei horg\u00e1szverseny d\u00f6nt\u0151j\u00e9ben","datePublished":"2020-06-24T17:00:20+00:00","dateModified":"2020-06-24T17:00:41+00:00","mainEntityOfPage":{"@id":"https:\/\/dorogimedence.hu\/index.php\/2020\/06\/24\/esztergomi-sikerek-a-megyei-horgaszverseny-dontojeben\/"},"wordCount":391,"publisher":{"@id":"https:\/\/dorogimedence.hu\/#organization"},"image":{"@id":"https:\/\/dorogimedence.hu\/index.php\/2020\/06\/24\/esztergomi-sikerek-a-megyei-horgaszverseny-dontojeben\/#primaryimage"},"thumbnailUrl":"https:\/\/dorogimedence.hu\/wp-content\/uploads\/2020\/05\/gyerek-horgasz.jpg","keywords":["esztergom","horg\u00e1szat","horg\u00e1szverseny","Kom\u00e1rom-Esztergom megye","sport"],"articleSection":["Esztergom","H\u00edrek","Kom\u00e1rom-Esztergom","Sport"],"inLanguage":"hu"},{"@type":"WebPage","@id":"https:\/\/dorogimedence.hu\/index.php\/2020\/06\/24\/esztergomi-sikerek-a-megyei-horgaszverseny-dontojeben\/","url":"https:\/\/dorogimedence.hu\/index.php\/2020\/06\/24\/esztergomi-sikerek-a-megyei-horgaszverseny-dontojeben\/","name":"Esztergomi sikerek a megyei horg\u00e1szverseny d\u00f6nt\u0151j\u00e9ben","isPartOf":{"@id":"https:\/\/dorogimedence.hu\/#website"},"primaryImageOfPage":{"@id":"https:\/\/dorogimedence.hu\/index.php\/2020\/06\/24\/esztergomi-sikerek-a-megyei-horgaszverseny-dontojeben\/#primaryimage"},"image":{"@id":"https:\/\/dorogimedence.hu\/index.php\/2020\/06\/24\/esztergomi-sikerek-a-megyei-horgaszverseny-dontojeben\/#primaryimage"},"thumbnailUrl":"https:\/\/dorogimedence.hu\/wp-content\/uploads\/2020\/05\/gyerek-horgasz.jpg","datePublished":"2020-06-24T17:00:20+00:00","dateModified":"2020-06-24T17:00:41+00:00","breadcrumb":{"@id":"https:\/\/dorogimedence.hu\/index.php\/2020\/06\/24\/esztergomi-sikerek-a-megyei-horgaszverseny-dontojeben\/#breadcrumb"},"inLanguage":"hu","potentialAction":[{"@type":"ReadAction","target":["https:\/\/dorogimedence.hu\/index.php\/2020\/06\/24\/esztergomi-sikerek-a-megyei-horgaszverseny-dontojeben\/"]}]},{"@type":"ImageObject","inLanguage":"hu","@id":"https:\/\/dorogimedence.hu\/index.php\/2020\/06\/24\/esztergomi-sikerek-a-megyei-horgaszverseny-dontojeben\/#primaryimage","url":"https:\/\/dorogimedence.hu\/wp-content\/uploads\/2020\/05\/gyerek-horgasz.jpg","contentUrl":"https:\/\/dorogimedence.hu\/wp-content\/uploads\/2020\/05\/gyerek-horgasz.jpg","width":670,"height":365},{"@type":"BreadcrumbList","@id":"https:\/\/dorogimedence.hu\/index.php\/2020\/06\/24\/esztergomi-sikerek-a-megyei-horgaszverseny-dontojeben\/#breadcrumb","itemListElement":[{"@type":"ListItem","position":1,"name":"Kezd\u0151lap","item":"https:\/\/dorogimedence.hu\/"},{"@type":"ListItem","position":2,"name":"Esztergomi sikerek a megyei horg\u00e1szverseny d\u00f6nt\u0151j\u00e9ben"}]},{"@type":"WebSite","@id":"https:\/\/dorogimedence.hu\/#website","url":"https:\/\/dorogimedence.hu\/","name":"Dorogi-medence Region\u00e1lis H\u00edrport\u00e1l","description":"Dorog, Keszt\u00f6lc, Le\u00e1nyv\u00e1r, Piliscs\u00e9v, Tokod, Tokodalt\u00e1r\u00f3, Csolnok, Esztergom-kertv\u00e1ros: h\u00edrek, programok","publisher":{"@id":"https:\/\/dorogimedence.hu\/#organization"},"potentialAction":[{"@type":"SearchAction","target":{"@type":"EntryPoint","urlTemplate":"https:\/\/dorogimedence.hu\/?s={search_term_string}"},"query-input":{"@type":"PropertyValueSpecification","valueRequired":true,"valueName":"search_term_string"}}],"inLanguage":"hu"},{"@type":"Organization","@id":"https:\/\/dorogimedence.hu\/#organization","name":"Dorogi-medence Region\u00e1lis H\u00edrport\u00e1l","url":"https:\/\/dorogimedence.hu\/","logo":{"@type":"ImageObject","inLanguage":"hu","@id":"https:\/\/dorogimedence.hu\/#\/schema\/logo\/image\/","url":"https:\/\/dorogimedence.hu\/wp-content\/uploads\/2021\/04\/logo-feher-600.png","contentUrl":"https:\/\/dorogimedence.hu\/wp-content\/uploads\/2021\/04\/logo-feher-600.png","width":600,"height":100,"caption":"Dorogi-medence Region\u00e1lis H\u00edrport\u00e1l"},"image":{"@id":"https:\/\/dorogimedence.hu\/#\/schema\/logo\/image\/"},"sameAs":["https:\/\/www.facebook.com\/dorogimedence\/"]},{"@type":"Person","@id":"https:\/\/dorogimedence.hu\/#\/schema\/person\/ce6091eeb7e95ecdc87890d6aa8e0fd4","name":"dorogimedence.hu","image":{"@type":"ImageObject","inLanguage":"hu","@id":"\/\/www.gravatar.com\/avatar\/d8d45f8901aadff40a4af72c0b826f1d?s=96&#038;r=g&#038;d=mm","url":"\/\/www.gravatar.com\/avatar\/d8d45f8901aadff40a4af72c0b826f1d?s=96&#038;r=g&#038;d=mm","contentUrl":"\/\/www.gravatar.com\/avatar\/d8d45f8901aadff40a4af72c0b826f1d?s=96&#038;r=g&#038;d=mm","caption":"dorogimedence.hu"}}]}},"_links":{"self":[{"href":"https:\/\/dorogimedence.hu\/index.php\/wp-json\/wp\/v2\/posts\/25751","targetHints":{"allow":["GET"]}}],"collection":[{"href":"https:\/\/dorogimedence.hu\/index.php\/wp-json\/wp\/v2\/posts"}],"about":[{"href":"https:\/\/dorogimedence.hu\/index.php\/wp-json\/wp\/v2\/types\/post"}],"author":[{"embeddable":true,"href":"https:\/\/dorogimedence.hu\/index.php\/wp-json\/wp\/v2\/users\/1"}],"replies":[{"embeddable":true,"href":"https:\/\/dorogimedence.hu\/index.php\/wp-json\/wp\/v2\/comments?post=25751"}],"version-history":[{"count":0,"href":"https:\/\/dorogimedence.hu\/index.php\/wp-json\/wp\/v2\/posts\/25751\/revisions"}],"wp:featuredmedia":[{"embeddable":true,"href":"https:\/\/dorogimedence.hu\/index.php\/wp-json\/wp\/v2\/media\/25193"}],"wp:attachment":[{"href":"https:\/\/dorogimedence.hu\/index.php\/wp-json\/wp\/v2\/media?parent=25751"}],"wp:term":[{"taxonomy":"category","embeddable":true,"href":"https:\/\/dorogimedence.hu\/index.php\/wp-json\/wp\/v2\/categories?post=25751"},{"taxonomy":"post_tag","embeddable":true,"href":"https:\/\/dorogimedence.hu\/index.php\/wp-json\/wp\/v2\/tags?post=25751"}],"curies":[{"name":"wp","href":"https:\/\/api.w.org\/{rel}","templated":true}]}}