{"id":25739,"date":"2020-06-24T13:20:05","date_gmt":"2020-06-24T11:20:05","guid":{"rendered":"http:\/\/dorogimedence.hu\/?p=25739"},"modified":"2020-06-24T13:25:19","modified_gmt":"2020-06-24T11:25:19","slug":"egy-pulover-miatt-gyilkolt-csolnokon-tiz-es-fel-evet-kapott","status":"publish","type":"post","link":"https:\/\/dorogimedence.hu\/index.php\/2020\/06\/24\/egy-pulover-miatt-gyilkolt-csolnokon-tiz-es-fel-evet-kapott\/","title":{"rendered":"Egy pul\u00f3ver miatt gyilkolt Csolnokon, t\u00edz \u00e9s f\u00e9l \u00e9vet kapott"},"content":{"rendered":"<p><strong>A Tatab\u00e1nyai T\u00f6rv\u00e9nysz\u00e9k els\u0151 fokon t\u00edz \u00e9s f\u00e9l \u00e9v b\u00f6rt\u00f6nb\u00fcntet\u00e9sre \u00edt\u00e9lt egy f\u00e9rfit &#8211; aki egy pul\u00f3ver elv\u00e9tele miatt kialakult vit\u00e1ban, k\u00e1b\u00edt\u00f3szer hat\u00e1sa alatt &#8211; lesz\u00farta munkat\u00e1rs\u00e1t Csolnokon<\/strong> <em>&#8211; k\u00f6z\u00f6lte a t\u00f6rv\u00e9nysz\u00e9k sajt\u00f3titk\u00e1ra szerd\u00e1n az MTI-vel.<\/em><\/p>\n<p>S\u00f3s R\u00e9ka t\u00e1j\u00e9koztat\u00e1sa szerint 2018 szeptember\u00e9ben egy r\u00e9g\u00e9szeti felt\u00e1r\u00e1son a k\u00e9s\u0151bbi \u00e1ldozat felvette ismer\u0151se pul\u00f3ver\u00e9t, aki emiatt azt k\u00f6vetelte t\u0151le, hogy vegyen neki egy ugyanilyen ruhadarabot, vagy fizessen 26 ezer forintot.<\/p>\n<p>Mivel a s\u00e9rtett n\u00e9h\u00e1ny napig nem ment dolgozni, munkat\u00e1rsa \u00fagy v\u00e9lte, hogy nem k\u00edv\u00e1nja rendezni a k\u00f6zt\u00fck l\u00e9v\u0151 vit\u00e1t.<\/p>\n<p>K\u00e9s\u0151bb Csolnokon egy kocsma el\u0151tt tal\u00e1lkoztak \u00e9s az elk\u00f6vet\u0151 \u00f6k\u00f6llel arcon \u00fct\u00f6tte a s\u00e9rtettet, aki a f\u00f6ldre esett. Mik\u00f6zben a jelenl\u00e9v\u0151k sikertelen\u00fcl pr\u00f3b\u00e1lt\u00e1k sz\u00e9tv\u00e1lasztani a k\u00e9t embert, a t\u00e1mad\u00f3 egy k\u00e9ssel nagy er\u0151vel mellkason sz\u00farta a s\u00e9rtettet, aki azonnal \u00e9let\u00e9t vesztette.<\/p>\n<p>Az elk\u00f6vet\u0151 a helysz\u00ednr\u0151l a rend\u0151r\u00f6k ki\u00e9rkez\u00e9s\u00e9t megel\u0151z\u0151en annak ellen\u00e9re t\u00e1vozott, hogy t\u00f6bben megpr\u00f3b\u00e1lt\u00e1k visszatartani. A vizsg\u00e1lat sor\u00e1n kider\u00fclt, hogy a s\u00e9rtettel val\u00f3 konfliktus\u00e1t megel\u0151z\u0151en k\u00e1b\u00edt\u00f3szert fogyasztott.<\/p>\n<p>Az ember\u00f6l\u00e9s b\u0171ntette \u00e9s a fogyaszt\u00e1ssal elk\u00f6vetett k\u00e1b\u00edt\u00f3szer birtokl\u00e1s v\u00e9ts\u00e9ge miatt kiszabott<strong> \u00edt\u00e9let nem joger\u0151s<\/strong>, mert a v\u00e1dlott \u00e9s v\u00e9d\u0151je fellebbezett, az \u00fcgy\u00e9sz h\u00e1rom nap gondolkod\u00e1si id\u0151t k\u00e9rt.<\/p>\n<p><em>Forr\u00e1s: MTI<\/em><br \/>\n<em>Fot\u00f3: police.hu<\/em><\/p>\n","protected":false},"excerpt":{"rendered":"<p>A Tatab\u00e1nyai T\u00f6rv\u00e9nysz\u00e9k els\u0151 fokon t\u00edz \u00e9s f\u00e9l \u00e9v b\u00f6rt\u00f6nb\u00fcntet\u00e9sre \u00edt\u00e9lt egy f\u00e9rfit &#8211; aki egy pul\u00f3ver elv\u00e9tele miatt kialakult vit\u00e1ban, k\u00e1b\u00edt\u00f3szer hat\u00e1sa alatt &#8211; lesz\u00farta munkat\u00e1rs\u00e1t Csolnokon &#8211; k\u00f6z\u00f6lte a t\u00f6rv\u00e9nysz\u00e9k sajt\u00f3titk\u00e1ra szerd\u00e1n az MTI-vel. S\u00f3s R\u00e9ka t\u00e1j\u00e9koztat\u00e1sa szerint 2018 szeptember\u00e9ben egy r\u00e9g\u00e9szeti felt\u00e1r\u00e1son a k\u00e9s\u0151bbi \u00e1ldozat felvette ismer\u0151se pul\u00f3ver\u00e9t, aki emiatt azt k\u00f6vetelte<\/p>\n","protected":false},"author":1,"featured_media":12537,"comment_status":"closed","ping_status":"closed","sticky":false,"template":"","format":"standard","meta":{"ngg_post_thumbnail":0,"footnotes":""},"categories":[64,3,39],"tags":[63,66,899,61,326],"class_list":{"0":"post-25739","1":"post","2":"type-post","3":"status-publish","4":"format-standard","5":"has-post-thumbnail","7":"category-csolnok","8":"category-hirek","9":"category-kek-hirek","10":"tag-buncselekmeny","11":"tag-csolnok","12":"tag-gyilkossag","13":"tag-rendorsegi-hirek","14":"tag-ugyeszseg"},"yoast_head":"<!-- This site is optimized with the Yoast SEO plugin v27.5 - https:\/\/yoast.com\/product\/yoast-seo-wordpress\/ -->\n<title>Egy pul\u00f3ver miatt gyilkolt Csolnokon, t\u00edz \u00e9s f\u00e9l \u00e9vet kapott<\/title>\n<meta name=\"robots\" content=\"index, follow, max-snippet:-1, max-image-preview:large, max-video-preview:-1\" \/>\n<link rel=\"canonical\" href=\"https:\/\/dorogimedence.hu\/index.php\/2020\/06\/24\/egy-pulover-miatt-gyilkolt-csolnokon-tiz-es-fel-evet-kapott\/\" class=\"yoast-seo-meta-tag\" \/>\n<meta property=\"og:locale\" content=\"hu_HU\" class=\"yoast-seo-meta-tag\" \/>\n<meta property=\"og:type\" content=\"article\" class=\"yoast-seo-meta-tag\" \/>\n<meta property=\"og:title\" content=\"Egy pul\u00f3ver miatt gyilkolt Csolnokon, t\u00edz \u00e9s f\u00e9l \u00e9vet kapott\" class=\"yoast-seo-meta-tag\" \/>\n<meta property=\"og:description\" content=\"A Tatab\u00e1nyai T\u00f6rv\u00e9nysz\u00e9k els\u0151 fokon t\u00edz \u00e9s f\u00e9l \u00e9v b\u00f6rt\u00f6nb\u00fcntet\u00e9sre \u00edt\u00e9lt egy f\u00e9rfit &#8211; aki egy pul\u00f3ver elv\u00e9tele miatt kialakult vit\u00e1ban, k\u00e1b\u00edt\u00f3szer hat\u00e1sa alatt &#8211; lesz\u00farta munkat\u00e1rs\u00e1t Csolnokon &#8211; k\u00f6z\u00f6lte a t\u00f6rv\u00e9nysz\u00e9k sajt\u00f3titk\u00e1ra szerd\u00e1n az MTI-vel. S\u00f3s R\u00e9ka t\u00e1j\u00e9koztat\u00e1sa szerint 2018 szeptember\u00e9ben egy r\u00e9g\u00e9szeti felt\u00e1r\u00e1son a k\u00e9s\u0151bbi \u00e1ldozat felvette ismer\u0151se pul\u00f3ver\u00e9t, aki emiatt azt k\u00f6vetelte\" class=\"yoast-seo-meta-tag\" \/>\n<meta property=\"og:url\" content=\"https:\/\/dorogimedence.hu\/index.php\/2020\/06\/24\/egy-pulover-miatt-gyilkolt-csolnokon-tiz-es-fel-evet-kapott\/\" class=\"yoast-seo-meta-tag\" \/>\n<meta property=\"og:site_name\" content=\"Dorogi-medence Region\u00e1lis H\u00edrport\u00e1l\" class=\"yoast-seo-meta-tag\" \/>\n<meta property=\"article:publisher\" content=\"https:\/\/www.facebook.com\/dorogimedence\/\" class=\"yoast-seo-meta-tag\" \/>\n<meta property=\"article:published_time\" content=\"2020-06-24T11:20:05+00:00\" class=\"yoast-seo-meta-tag\" \/>\n<meta property=\"article:modified_time\" content=\"2020-06-24T11:25:19+00:00\" class=\"yoast-seo-meta-tag\" \/>\n<meta property=\"og:image\" content=\"https:\/\/i0.wp.com\/dorogimedence.hu\/wp-content\/uploads\/2018\/09\/csolnok-keseles-01.jpg?fit=670%2C365&ssl=1\" class=\"yoast-seo-meta-tag\" \/>\n\t<meta property=\"og:image:width\" content=\"670\" class=\"yoast-seo-meta-tag\" \/>\n\t<meta property=\"og:image:height\" content=\"365\" class=\"yoast-seo-meta-tag\" \/>\n\t<meta property=\"og:image:type\" content=\"image\/jpeg\" class=\"yoast-seo-meta-tag\" \/>\n<meta name=\"author\" content=\"dorogimedence.hu\" class=\"yoast-seo-meta-tag\" \/>\n<meta name=\"twitter:card\" content=\"summary_large_image\" class=\"yoast-seo-meta-tag\" \/>\n<meta name=\"twitter:label1\" content=\"Szerz\u0151:\" class=\"yoast-seo-meta-tag\" \/>\n\t<meta name=\"twitter:data1\" content=\"dorogimedence.hu\" class=\"yoast-seo-meta-tag\" \/>\n\t<meta name=\"twitter:label2\" content=\"Becs\u00fclt olvas\u00e1si id\u0151\" class=\"yoast-seo-meta-tag\" \/>\n\t<meta name=\"twitter:data2\" content=\"2 perc\" class=\"yoast-seo-meta-tag\" \/>\n<script type=\"application\/ld+json\" class=\"yoast-schema-graph\">{\"@context\":\"https:\\\/\\\/schema.org\",\"@graph\":[{\"@type\":\"Article\",\"@id\":\"https:\\\/\\\/dorogimedence.hu\\\/index.php\\\/2020\\\/06\\\/24\\\/egy-pulover-miatt-gyilkolt-csolnokon-tiz-es-fel-evet-kapott\\\/#article\",\"isPartOf\":{\"@id\":\"https:\\\/\\\/dorogimedence.hu\\\/index.php\\\/2020\\\/06\\\/24\\\/egy-pulover-miatt-gyilkolt-csolnokon-tiz-es-fel-evet-kapott\\\/\"},\"author\":{\"name\":\"dorogimedence.hu\",\"@id\":\"https:\\\/\\\/dorogimedence.hu\\\/#\\\/schema\\\/person\\\/ce6091eeb7e95ecdc87890d6aa8e0fd4\"},\"headline\":\"Egy pul\u00f3ver miatt gyilkolt Csolnokon, t\u00edz \u00e9s f\u00e9l \u00e9vet kapott\",\"datePublished\":\"2020-06-24T11:20:05+00:00\",\"dateModified\":\"2020-06-24T11:25:19+00:00\",\"mainEntityOfPage\":{\"@id\":\"https:\\\/\\\/dorogimedence.hu\\\/index.php\\\/2020\\\/06\\\/24\\\/egy-pulover-miatt-gyilkolt-csolnokon-tiz-es-fel-evet-kapott\\\/\"},\"wordCount\":329,\"publisher\":{\"@id\":\"https:\\\/\\\/dorogimedence.hu\\\/#organization\"},\"image\":{\"@id\":\"https:\\\/\\\/dorogimedence.hu\\\/index.php\\\/2020\\\/06\\\/24\\\/egy-pulover-miatt-gyilkolt-csolnokon-tiz-es-fel-evet-kapott\\\/#primaryimage\"},\"thumbnailUrl\":\"https:\\\/\\\/dorogimedence.hu\\\/wp-content\\\/uploads\\\/2018\\\/09\\\/csolnok-keseles-01.jpg\",\"keywords\":[\"b\u0171ncselekm\u00e9ny\",\"Csolnok\",\"gyilkoss\u00e1g\",\"rend\u0151rs\u00e9gi h\u00edrek\",\"\u00fcgy\u00e9szs\u00e9g\"],\"articleSection\":[\"Csolnok\",\"H\u00edrek\",\"K\u00e9k h\u00edrek\"],\"inLanguage\":\"hu\"},{\"@type\":\"WebPage\",\"@id\":\"https:\\\/\\\/dorogimedence.hu\\\/index.php\\\/2020\\\/06\\\/24\\\/egy-pulover-miatt-gyilkolt-csolnokon-tiz-es-fel-evet-kapott\\\/\",\"url\":\"https:\\\/\\\/dorogimedence.hu\\\/index.php\\\/2020\\\/06\\\/24\\\/egy-pulover-miatt-gyilkolt-csolnokon-tiz-es-fel-evet-kapott\\\/\",\"name\":\"Egy pul\u00f3ver miatt gyilkolt Csolnokon, t\u00edz \u00e9s f\u00e9l \u00e9vet kapott\",\"isPartOf\":{\"@id\":\"https:\\\/\\\/dorogimedence.hu\\\/#website\"},\"primaryImageOfPage\":{\"@id\":\"https:\\\/\\\/dorogimedence.hu\\\/index.php\\\/2020\\\/06\\\/24\\\/egy-pulover-miatt-gyilkolt-csolnokon-tiz-es-fel-evet-kapott\\\/#primaryimage\"},\"image\":{\"@id\":\"https:\\\/\\\/dorogimedence.hu\\\/index.php\\\/2020\\\/06\\\/24\\\/egy-pulover-miatt-gyilkolt-csolnokon-tiz-es-fel-evet-kapott\\\/#primaryimage\"},\"thumbnailUrl\":\"https:\\\/\\\/dorogimedence.hu\\\/wp-content\\\/uploads\\\/2018\\\/09\\\/csolnok-keseles-01.jpg\",\"datePublished\":\"2020-06-24T11:20:05+00:00\",\"dateModified\":\"2020-06-24T11:25:19+00:00\",\"breadcrumb\":{\"@id\":\"https:\\\/\\\/dorogimedence.hu\\\/index.php\\\/2020\\\/06\\\/24\\\/egy-pulover-miatt-gyilkolt-csolnokon-tiz-es-fel-evet-kapott\\\/#breadcrumb\"},\"inLanguage\":\"hu\",\"potentialAction\":[{\"@type\":\"ReadAction\",\"target\":[\"https:\\\/\\\/dorogimedence.hu\\\/index.php\\\/2020\\\/06\\\/24\\\/egy-pulover-miatt-gyilkolt-csolnokon-tiz-es-fel-evet-kapott\\\/\"]}]},{\"@type\":\"ImageObject\",\"inLanguage\":\"hu\",\"@id\":\"https:\\\/\\\/dorogimedence.hu\\\/index.php\\\/2020\\\/06\\\/24\\\/egy-pulover-miatt-gyilkolt-csolnokon-tiz-es-fel-evet-kapott\\\/#primaryimage\",\"url\":\"https:\\\/\\\/dorogimedence.hu\\\/wp-content\\\/uploads\\\/2018\\\/09\\\/csolnok-keseles-01.jpg\",\"contentUrl\":\"https:\\\/\\\/dorogimedence.hu\\\/wp-content\\\/uploads\\\/2018\\\/09\\\/csolnok-keseles-01.jpg\",\"width\":670,\"height\":365},{\"@type\":\"BreadcrumbList\",\"@id\":\"https:\\\/\\\/dorogimedence.hu\\\/index.php\\\/2020\\\/06\\\/24\\\/egy-pulover-miatt-gyilkolt-csolnokon-tiz-es-fel-evet-kapott\\\/#breadcrumb\",\"itemListElement\":[{\"@type\":\"ListItem\",\"position\":1,\"name\":\"Kezd\u0151lap\",\"item\":\"https:\\\/\\\/dorogimedence.hu\\\/\"},{\"@type\":\"ListItem\",\"position\":2,\"name\":\"Egy pul\u00f3ver miatt gyilkolt Csolnokon, t\u00edz \u00e9s f\u00e9l \u00e9vet kapott\"}]},{\"@type\":\"WebSite\",\"@id\":\"https:\\\/\\\/dorogimedence.hu\\\/#website\",\"url\":\"https:\\\/\\\/dorogimedence.hu\\\/\",\"name\":\"Dorogi-medence Region\u00e1lis H\u00edrport\u00e1l\",\"description\":\"Dorog, Keszt\u00f6lc, Le\u00e1nyv\u00e1r, Piliscs\u00e9v, Tokod, Tokodalt\u00e1r\u00f3, Csolnok, Esztergom-kertv\u00e1ros: h\u00edrek, programok\",\"publisher\":{\"@id\":\"https:\\\/\\\/dorogimedence.hu\\\/#organization\"},\"potentialAction\":[{\"@type\":\"SearchAction\",\"target\":{\"@type\":\"EntryPoint\",\"urlTemplate\":\"https:\\\/\\\/dorogimedence.hu\\\/?s={search_term_string}\"},\"query-input\":{\"@type\":\"PropertyValueSpecification\",\"valueRequired\":true,\"valueName\":\"search_term_string\"}}],\"inLanguage\":\"hu\"},{\"@type\":\"Organization\",\"@id\":\"https:\\\/\\\/dorogimedence.hu\\\/#organization\",\"name\":\"Dorogi-medence Region\u00e1lis H\u00edrport\u00e1l\",\"url\":\"https:\\\/\\\/dorogimedence.hu\\\/\",\"logo\":{\"@type\":\"ImageObject\",\"inLanguage\":\"hu\",\"@id\":\"https:\\\/\\\/dorogimedence.hu\\\/#\\\/schema\\\/logo\\\/image\\\/\",\"url\":\"https:\\\/\\\/dorogimedence.hu\\\/wp-content\\\/uploads\\\/2021\\\/04\\\/logo-feher-600.png\",\"contentUrl\":\"https:\\\/\\\/dorogimedence.hu\\\/wp-content\\\/uploads\\\/2021\\\/04\\\/logo-feher-600.png\",\"width\":600,\"height\":100,\"caption\":\"Dorogi-medence Region\u00e1lis H\u00edrport\u00e1l\"},\"image\":{\"@id\":\"https:\\\/\\\/dorogimedence.hu\\\/#\\\/schema\\\/logo\\\/image\\\/\"},\"sameAs\":[\"https:\\\/\\\/www.facebook.com\\\/dorogimedence\\\/\"]},{\"@type\":\"Person\",\"@id\":\"https:\\\/\\\/dorogimedence.hu\\\/#\\\/schema\\\/person\\\/ce6091eeb7e95ecdc87890d6aa8e0fd4\",\"name\":\"dorogimedence.hu\",\"image\":{\"@type\":\"ImageObject\",\"inLanguage\":\"hu\",\"@id\":\"\\\/\\\/www.gravatar.com\\\/avatar\\\/d8d45f8901aadff40a4af72c0b826f1d?s=96&#038;r=g&#038;d=mm\",\"url\":\"\\\/\\\/www.gravatar.com\\\/avatar\\\/d8d45f8901aadff40a4af72c0b826f1d?s=96&#038;r=g&#038;d=mm\",\"contentUrl\":\"\\\/\\\/www.gravatar.com\\\/avatar\\\/d8d45f8901aadff40a4af72c0b826f1d?s=96&#038;r=g&#038;d=mm\",\"caption\":\"dorogimedence.hu\"}}]}<\/script>\n<!-- \/ Yoast SEO plugin. -->","yoast_head_json":{"title":"Egy pul\u00f3ver miatt gyilkolt Csolnokon, t\u00edz \u00e9s f\u00e9l \u00e9vet kapott","robots":{"index":"index","follow":"follow","max-snippet":"max-snippet:-1","max-image-preview":"max-image-preview:large","max-video-preview":"max-video-preview:-1"},"canonical":"https:\/\/dorogimedence.hu\/index.php\/2020\/06\/24\/egy-pulover-miatt-gyilkolt-csolnokon-tiz-es-fel-evet-kapott\/","og_locale":"hu_HU","og_type":"article","og_title":"Egy pul\u00f3ver miatt gyilkolt Csolnokon, t\u00edz \u00e9s f\u00e9l \u00e9vet kapott","og_description":"A Tatab\u00e1nyai T\u00f6rv\u00e9nysz\u00e9k els\u0151 fokon t\u00edz \u00e9s f\u00e9l \u00e9v b\u00f6rt\u00f6nb\u00fcntet\u00e9sre \u00edt\u00e9lt egy f\u00e9rfit &#8211; aki egy pul\u00f3ver elv\u00e9tele miatt kialakult vit\u00e1ban, k\u00e1b\u00edt\u00f3szer hat\u00e1sa alatt &#8211; lesz\u00farta munkat\u00e1rs\u00e1t Csolnokon &#8211; k\u00f6z\u00f6lte a t\u00f6rv\u00e9nysz\u00e9k sajt\u00f3titk\u00e1ra szerd\u00e1n az MTI-vel. S\u00f3s R\u00e9ka t\u00e1j\u00e9koztat\u00e1sa szerint 2018 szeptember\u00e9ben egy r\u00e9g\u00e9szeti felt\u00e1r\u00e1son a k\u00e9s\u0151bbi \u00e1ldozat felvette ismer\u0151se pul\u00f3ver\u00e9t, aki emiatt azt k\u00f6vetelte","og_url":"https:\/\/dorogimedence.hu\/index.php\/2020\/06\/24\/egy-pulover-miatt-gyilkolt-csolnokon-tiz-es-fel-evet-kapott\/","og_site_name":"Dorogi-medence Region\u00e1lis H\u00edrport\u00e1l","article_publisher":"https:\/\/www.facebook.com\/dorogimedence\/","article_published_time":"2020-06-24T11:20:05+00:00","article_modified_time":"2020-06-24T11:25:19+00:00","og_image":[{"width":670,"height":365,"url":"https:\/\/i0.wp.com\/dorogimedence.hu\/wp-content\/uploads\/2018\/09\/csolnok-keseles-01.jpg?fit=670%2C365&ssl=1","type":"image\/jpeg"}],"author":"dorogimedence.hu","twitter_card":"summary_large_image","twitter_misc":{"Szerz\u0151:":"dorogimedence.hu","Becs\u00fclt olvas\u00e1si id\u0151":"2 perc"},"schema":{"@context":"https:\/\/schema.org","@graph":[{"@type":"Article","@id":"https:\/\/dorogimedence.hu\/index.php\/2020\/06\/24\/egy-pulover-miatt-gyilkolt-csolnokon-tiz-es-fel-evet-kapott\/#article","isPartOf":{"@id":"https:\/\/dorogimedence.hu\/index.php\/2020\/06\/24\/egy-pulover-miatt-gyilkolt-csolnokon-tiz-es-fel-evet-kapott\/"},"author":{"name":"dorogimedence.hu","@id":"https:\/\/dorogimedence.hu\/#\/schema\/person\/ce6091eeb7e95ecdc87890d6aa8e0fd4"},"headline":"Egy pul\u00f3ver miatt gyilkolt Csolnokon, t\u00edz \u00e9s f\u00e9l \u00e9vet kapott","datePublished":"2020-06-24T11:20:05+00:00","dateModified":"2020-06-24T11:25:19+00:00","mainEntityOfPage":{"@id":"https:\/\/dorogimedence.hu\/index.php\/2020\/06\/24\/egy-pulover-miatt-gyilkolt-csolnokon-tiz-es-fel-evet-kapott\/"},"wordCount":329,"publisher":{"@id":"https:\/\/dorogimedence.hu\/#organization"},"image":{"@id":"https:\/\/dorogimedence.hu\/index.php\/2020\/06\/24\/egy-pulover-miatt-gyilkolt-csolnokon-tiz-es-fel-evet-kapott\/#primaryimage"},"thumbnailUrl":"https:\/\/dorogimedence.hu\/wp-content\/uploads\/2018\/09\/csolnok-keseles-01.jpg","keywords":["b\u0171ncselekm\u00e9ny","Csolnok","gyilkoss\u00e1g","rend\u0151rs\u00e9gi h\u00edrek","\u00fcgy\u00e9szs\u00e9g"],"articleSection":["Csolnok","H\u00edrek","K\u00e9k h\u00edrek"],"inLanguage":"hu"},{"@type":"WebPage","@id":"https:\/\/dorogimedence.hu\/index.php\/2020\/06\/24\/egy-pulover-miatt-gyilkolt-csolnokon-tiz-es-fel-evet-kapott\/","url":"https:\/\/dorogimedence.hu\/index.php\/2020\/06\/24\/egy-pulover-miatt-gyilkolt-csolnokon-tiz-es-fel-evet-kapott\/","name":"Egy pul\u00f3ver miatt gyilkolt Csolnokon, t\u00edz \u00e9s f\u00e9l \u00e9vet kapott","isPartOf":{"@id":"https:\/\/dorogimedence.hu\/#website"},"primaryImageOfPage":{"@id":"https:\/\/dorogimedence.hu\/index.php\/2020\/06\/24\/egy-pulover-miatt-gyilkolt-csolnokon-tiz-es-fel-evet-kapott\/#primaryimage"},"image":{"@id":"https:\/\/dorogimedence.hu\/index.php\/2020\/06\/24\/egy-pulover-miatt-gyilkolt-csolnokon-tiz-es-fel-evet-kapott\/#primaryimage"},"thumbnailUrl":"https:\/\/dorogimedence.hu\/wp-content\/uploads\/2018\/09\/csolnok-keseles-01.jpg","datePublished":"2020-06-24T11:20:05+00:00","dateModified":"2020-06-24T11:25:19+00:00","breadcrumb":{"@id":"https:\/\/dorogimedence.hu\/index.php\/2020\/06\/24\/egy-pulover-miatt-gyilkolt-csolnokon-tiz-es-fel-evet-kapott\/#breadcrumb"},"inLanguage":"hu","potentialAction":[{"@type":"ReadAction","target":["https:\/\/dorogimedence.hu\/index.php\/2020\/06\/24\/egy-pulover-miatt-gyilkolt-csolnokon-tiz-es-fel-evet-kapott\/"]}]},{"@type":"ImageObject","inLanguage":"hu","@id":"https:\/\/dorogimedence.hu\/index.php\/2020\/06\/24\/egy-pulover-miatt-gyilkolt-csolnokon-tiz-es-fel-evet-kapott\/#primaryimage","url":"https:\/\/dorogimedence.hu\/wp-content\/uploads\/2018\/09\/csolnok-keseles-01.jpg","contentUrl":"https:\/\/dorogimedence.hu\/wp-content\/uploads\/2018\/09\/csolnok-keseles-01.jpg","width":670,"height":365},{"@type":"BreadcrumbList","@id":"https:\/\/dorogimedence.hu\/index.php\/2020\/06\/24\/egy-pulover-miatt-gyilkolt-csolnokon-tiz-es-fel-evet-kapott\/#breadcrumb","itemListElement":[{"@type":"ListItem","position":1,"name":"Kezd\u0151lap","item":"https:\/\/dorogimedence.hu\/"},{"@type":"ListItem","position":2,"name":"Egy pul\u00f3ver miatt gyilkolt Csolnokon, t\u00edz \u00e9s f\u00e9l \u00e9vet kapott"}]},{"@type":"WebSite","@id":"https:\/\/dorogimedence.hu\/#website","url":"https:\/\/dorogimedence.hu\/","name":"Dorogi-medence Region\u00e1lis H\u00edrport\u00e1l","description":"Dorog, Keszt\u00f6lc, Le\u00e1nyv\u00e1r, Piliscs\u00e9v, Tokod, Tokodalt\u00e1r\u00f3, Csolnok, Esztergom-kertv\u00e1ros: h\u00edrek, programok","publisher":{"@id":"https:\/\/dorogimedence.hu\/#organization"},"potentialAction":[{"@type":"SearchAction","target":{"@type":"EntryPoint","urlTemplate":"https:\/\/dorogimedence.hu\/?s={search_term_string}"},"query-input":{"@type":"PropertyValueSpecification","valueRequired":true,"valueName":"search_term_string"}}],"inLanguage":"hu"},{"@type":"Organization","@id":"https:\/\/dorogimedence.hu\/#organization","name":"Dorogi-medence Region\u00e1lis H\u00edrport\u00e1l","url":"https:\/\/dorogimedence.hu\/","logo":{"@type":"ImageObject","inLanguage":"hu","@id":"https:\/\/dorogimedence.hu\/#\/schema\/logo\/image\/","url":"https:\/\/dorogimedence.hu\/wp-content\/uploads\/2021\/04\/logo-feher-600.png","contentUrl":"https:\/\/dorogimedence.hu\/wp-content\/uploads\/2021\/04\/logo-feher-600.png","width":600,"height":100,"caption":"Dorogi-medence Region\u00e1lis H\u00edrport\u00e1l"},"image":{"@id":"https:\/\/dorogimedence.hu\/#\/schema\/logo\/image\/"},"sameAs":["https:\/\/www.facebook.com\/dorogimedence\/"]},{"@type":"Person","@id":"https:\/\/dorogimedence.hu\/#\/schema\/person\/ce6091eeb7e95ecdc87890d6aa8e0fd4","name":"dorogimedence.hu","image":{"@type":"ImageObject","inLanguage":"hu","@id":"\/\/www.gravatar.com\/avatar\/d8d45f8901aadff40a4af72c0b826f1d?s=96&#038;r=g&#038;d=mm","url":"\/\/www.gravatar.com\/avatar\/d8d45f8901aadff40a4af72c0b826f1d?s=96&#038;r=g&#038;d=mm","contentUrl":"\/\/www.gravatar.com\/avatar\/d8d45f8901aadff40a4af72c0b826f1d?s=96&#038;r=g&#038;d=mm","caption":"dorogimedence.hu"}}]}},"_links":{"self":[{"href":"https:\/\/dorogimedence.hu\/index.php\/wp-json\/wp\/v2\/posts\/25739","targetHints":{"allow":["GET"]}}],"collection":[{"href":"https:\/\/dorogimedence.hu\/index.php\/wp-json\/wp\/v2\/posts"}],"about":[{"href":"https:\/\/dorogimedence.hu\/index.php\/wp-json\/wp\/v2\/types\/post"}],"author":[{"embeddable":true,"href":"https:\/\/dorogimedence.hu\/index.php\/wp-json\/wp\/v2\/users\/1"}],"replies":[{"embeddable":true,"href":"https:\/\/dorogimedence.hu\/index.php\/wp-json\/wp\/v2\/comments?post=25739"}],"version-history":[{"count":0,"href":"https:\/\/dorogimedence.hu\/index.php\/wp-json\/wp\/v2\/posts\/25739\/revisions"}],"wp:featuredmedia":[{"embeddable":true,"href":"https:\/\/dorogimedence.hu\/index.php\/wp-json\/wp\/v2\/media\/12537"}],"wp:attachment":[{"href":"https:\/\/dorogimedence.hu\/index.php\/wp-json\/wp\/v2\/media?parent=25739"}],"wp:term":[{"taxonomy":"category","embeddable":true,"href":"https:\/\/dorogimedence.hu\/index.php\/wp-json\/wp\/v2\/categories?post=25739"},{"taxonomy":"post_tag","embeddable":true,"href":"https:\/\/dorogimedence.hu\/index.php\/wp-json\/wp\/v2\/tags?post=25739"}],"curies":[{"name":"wp","href":"https:\/\/api.w.org\/{rel}","templated":true}]}}