{"id":25697,"date":"2020-06-20T15:08:17","date_gmt":"2020-06-20T13:08:17","guid":{"rendered":"http:\/\/dorogimedence.hu\/?p=25697"},"modified":"2020-06-20T15:13:19","modified_gmt":"2020-06-20T13:13:19","slug":"ne-most-kiranduljunk-a-szurdokvolgyekbe","status":"publish","type":"post","link":"https:\/\/dorogimedence.hu\/index.php\/2020\/06\/20\/ne-most-kiranduljunk-a-szurdokvolgyekbe\/","title":{"rendered":"Ne most kir\u00e1nduljunk a szurdokv\u00f6lgyekbe!"},"content":{"rendered":"<p><strong>Szerd\u00e1n, hasonl\u00f3an az orsz\u00e1g m\u00e1s ter\u00fcleteihez, nagy mennyis\u00e9g\u0171 csapad\u00e9k z\u00fadult le a Visegr\u00e1di-hegys\u00e9gben. A Pilisi Parkerd\u0151 azt tan\u00e1csolja a t\u00far\u00e1z\u00f3knak, lehet\u0151s\u00e9g szerint most ne keress\u00e9k fel a hegys\u00e9g ter\u00fclet\u00e9n tal\u00e1lhat\u00f3 szurdokv\u00f6lgyeket a meg\u00e1radt v\u00edzfoly\u00e1sok okozta balesetvesz\u00e9ly miatt.<\/strong><\/p>\n<p>A kl\u00edmav\u00e1ltoz\u00e1s az erd\u0151k v\u00edzh\u00e1ztart\u00e1sa is hat\u00e1ssal van: a csapad\u00e9keloszl\u00e1s sz\u00e9ls\u0151s\u00e9gess\u00e9 v\u00e1lt, r\u00f6vid id\u0151 alatt olyan nagy mennyis\u00e9g\u0171 csapad\u00e9k hullik, amit a talaj nem k\u00e9pes azonnal befogadni, \u00edgy a lez\u00fadul\u00f3 v\u00edz amellett, hogy er\u00f3zi\u00f3t okoz, k\u00e1rt tesz az ilyen extr\u00e9m id\u0151j\u00e1r\u00e1si k\u00f6r\u00fclm\u00e9nyeknek ellen\u00e1llni k\u00e9ptelen erdei infrastrukt\u00far\u00e1ban. A tavaszi, m\u00e1rciusi \u00e9s \u00e1prilisi sz\u00e1raz, asz\u00e1lyos id\u0151szak ut\u00e1n j\u00fanius els\u0151 k\u00e9t hete csapad\u00e9kban igen gazdag id\u0151szakot hozott. A Med\u00e1rd napja \u00f3ta tart\u00f3 es\u0151z\u00e9sek k\u00f6vetkezt\u00e9ben jelent\u0151sen megemelkedett a szurdokv\u00f6lgyekben foly\u00f3 v\u00edz mennyis\u00e9ge. A Visegr\u00e1di-hegys\u00e9g \u00e9s a Pilis ter\u00fclet\u00e9n szerd\u00e1n \u00e1tvonul\u00f3 vihar azonban szab\u00e1lyos \u00f6z\u00f6nvizet okozott a szurdokv\u00f6lgyekben, ahol a sziklafalak k\u00f6z\u00f6tt fut\u00f3 t\u00fara\u00f6sv\u00e9nyekre a nagy mennyis\u00e9g\u0171 hordal\u00e9k mellett kid\u0151lt f\u00e1k, nagyobb k\u00f6vek zuhantak.<\/p>\n<p><img fetchpriority=\"high\" decoding=\"async\" class=\"alignnone size-full wp-image-25699\" src=\"https:\/\/dorogimedence.hu\/wp-content\/uploads\/2020\/06\/aradas-02.jpg\" alt=\"\" width=\"830\" height=\"450\" srcset=\"https:\/\/dorogimedence.hu\/wp-content\/uploads\/2020\/06\/aradas-02.jpg 830w, https:\/\/dorogimedence.hu\/wp-content\/uploads\/2020\/06\/aradas-02-300x163.jpg 300w, https:\/\/dorogimedence.hu\/wp-content\/uploads\/2020\/06\/aradas-02-768x416.jpg 768w\" sizes=\"(max-width: 830px) 100vw, 830px\" \/><\/p>\n<p>A Pilisi Parkerd\u0151 ter\u00fclet\u00e9n t\u00f6bb p\u00e1ratlan sz\u00e9ps\u00e9g\u0171, a kir\u00e1ndul\u00f3k \u00e1ltal kedvelt, gyakran l\u00e1togatott szurdokv\u00f6lgy tal\u00e1lhat\u00f3. A R\u00e1m-szakad\u00e9k leny\u0171g\u00f6z\u0151 term\u00e9szeti sz\u00e9ps\u00e9g\u00e9nek k\u00f6sz\u00f6nhet\u0151en m\u00e9lt\u00e1n tartozik a t\u00e9rs\u00e9g legismertebb kir\u00e1ndul\u00f3helyei k\u00f6z\u00e9, amit nem csak a k\u00f6rny\u00e9kr\u0151l, hanem az eg\u00e9sz orsz\u00e1gb\u00f3l sokan felkeresnek: a l\u00e1togat\u00f3k \u00e9ves sz\u00e1ma meghaladja a 60.000 f\u0151t. Ugyancsak n\u00e9pszer\u0171 a pilisszentkereszti, fest\u0151i Dera-szurdok. \u00c1m az ut\u00f3bbi napok es\u0151z\u00e9sei miatt e szurdokv\u00f6lgyekben meg\u00e1radtak a patakok, v\u00edzfoly\u00e1sok, a t\u00fara\u00f6sv\u00e9nyek cs\u00fasz\u00f3ss\u00e1, nehezen j\u00e1rhat\u00f3v\u00e1 v\u00e1ltak. Az ilyen extr\u00e9m k\u00f6r\u00fclm\u00e9nyek miatt a szurdokv\u00f6lgyekben kifejezetten vesz\u00e9lyes, neh\u00e9z, k\u00f6r\u00fclm\u00e9nyes a t\u00far\u00e1z\u00e1s.<\/p>\n<p>B\u00e1r az erd\u0151ben mindenki saj\u00e1t felel\u0151s\u00e9gre tart\u00f3zkodhat, a Parkerd\u0151 ter\u00fclet\u00e9n tal\u00e1lhat\u00f3 szurdokv\u00f6lgyekben, \u00edgy a R\u00e1m-szakad\u00e9kban \u00e9s a Dera-szurdokban sem aj\u00e1nlott nagyobb es\u0151k idej\u00e9n kir\u00e1ndulni a balesetvesz\u00e9ly miatt. A Pilisi Parkerd\u0151 ez\u00e9rt arra k\u00e9ri a t\u00far\u00e1z\u00f3kat, ezekben a napokban ne l\u00e1togass\u00e1k a szurdokv\u00f6lgyeket, valamint lehet\u0151s\u00e9g szerint ker\u00fclj\u00e9k el a meredek szakaszokat tartalmaz\u00f3 olyan t\u00fara\u00fatvonalakat, mint p\u00e9ld\u00e1ul a Spartacus-\u00f6sv\u00e9ny, vagy a pilismar\u00f3ti Hirsch-oromhoz vezet\u0151 \u00f6sv\u00e9ny.<\/p>\n","protected":false},"excerpt":{"rendered":"<p>Szerd\u00e1n, hasonl\u00f3an az orsz\u00e1g m\u00e1s ter\u00fcleteihez, nagy mennyis\u00e9g\u0171 csapad\u00e9k z\u00fadult le a Visegr\u00e1di-hegys\u00e9gben. A Pilisi Parkerd\u0151 azt tan\u00e1csolja a t\u00far\u00e1z\u00f3knak, lehet\u0151s\u00e9g szerint most ne keress\u00e9k fel a hegys\u00e9g ter\u00fclet\u00e9n tal\u00e1lhat\u00f3 szurdokv\u00f6lgyeket a meg\u00e1radt v\u00edzfoly\u00e1sok okozta balesetvesz\u00e9ly miatt. A kl\u00edmav\u00e1ltoz\u00e1s az erd\u0151k v\u00edzh\u00e1ztart\u00e1sa is hat\u00e1ssal van: a csapad\u00e9keloszl\u00e1s sz\u00e9ls\u0151s\u00e9gess\u00e9 v\u00e1lt, r\u00f6vid id\u0151 alatt olyan nagy mennyis\u00e9g\u0171<\/p>\n","protected":false},"author":1,"featured_media":25698,"comment_status":"closed","ping_status":"closed","sticky":false,"template":"","format":"standard","meta":{"ngg_post_thumbnail":0,"footnotes":""},"categories":[1],"tags":[],"class_list":{"0":"post-25697","1":"post","2":"type-post","3":"status-publish","4":"format-standard","5":"has-post-thumbnail","7":"category-egyeb"},"yoast_head":"<!-- This site is optimized with the Yoast SEO plugin v27.4 - https:\/\/yoast.com\/product\/yoast-seo-wordpress\/ -->\n<title>Ne most kir\u00e1nduljunk a szurdokv\u00f6lgyekbe!<\/title>\n<meta name=\"robots\" content=\"index, follow, max-snippet:-1, max-image-preview:large, max-video-preview:-1\" \/>\n<link rel=\"canonical\" href=\"https:\/\/dorogimedence.hu\/index.php\/2020\/06\/20\/ne-most-kiranduljunk-a-szurdokvolgyekbe\/\" class=\"yoast-seo-meta-tag\" \/>\n<meta property=\"og:locale\" content=\"hu_HU\" class=\"yoast-seo-meta-tag\" \/>\n<meta property=\"og:type\" content=\"article\" class=\"yoast-seo-meta-tag\" \/>\n<meta property=\"og:title\" content=\"Ne most kir\u00e1nduljunk a szurdokv\u00f6lgyekbe!\" class=\"yoast-seo-meta-tag\" \/>\n<meta property=\"og:description\" content=\"Szerd\u00e1n, hasonl\u00f3an az orsz\u00e1g m\u00e1s ter\u00fcleteihez, nagy mennyis\u00e9g\u0171 csapad\u00e9k z\u00fadult le a Visegr\u00e1di-hegys\u00e9gben. A Pilisi Parkerd\u0151 azt tan\u00e1csolja a t\u00far\u00e1z\u00f3knak, lehet\u0151s\u00e9g szerint most ne keress\u00e9k fel a hegys\u00e9g ter\u00fclet\u00e9n tal\u00e1lhat\u00f3 szurdokv\u00f6lgyeket a meg\u00e1radt v\u00edzfoly\u00e1sok okozta balesetvesz\u00e9ly miatt. A kl\u00edmav\u00e1ltoz\u00e1s az erd\u0151k v\u00edzh\u00e1ztart\u00e1sa is hat\u00e1ssal van: a csapad\u00e9keloszl\u00e1s sz\u00e9ls\u0151s\u00e9gess\u00e9 v\u00e1lt, r\u00f6vid id\u0151 alatt olyan nagy mennyis\u00e9g\u0171\" class=\"yoast-seo-meta-tag\" \/>\n<meta property=\"og:url\" content=\"https:\/\/dorogimedence.hu\/index.php\/2020\/06\/20\/ne-most-kiranduljunk-a-szurdokvolgyekbe\/\" class=\"yoast-seo-meta-tag\" \/>\n<meta property=\"og:site_name\" content=\"Dorogi-medence Region\u00e1lis H\u00edrport\u00e1l\" class=\"yoast-seo-meta-tag\" \/>\n<meta property=\"article:publisher\" content=\"https:\/\/www.facebook.com\/dorogimedence\/\" class=\"yoast-seo-meta-tag\" \/>\n<meta property=\"article:published_time\" content=\"2020-06-20T13:08:17+00:00\" class=\"yoast-seo-meta-tag\" \/>\n<meta property=\"article:modified_time\" content=\"2020-06-20T13:13:19+00:00\" class=\"yoast-seo-meta-tag\" \/>\n<meta property=\"og:image\" content=\"https:\/\/i0.wp.com\/dorogimedence.hu\/wp-content\/uploads\/2020\/06\/aradas-01.jpg?fit=830%2C450&ssl=1\" class=\"yoast-seo-meta-tag\" \/>\n\t<meta property=\"og:image:width\" content=\"830\" class=\"yoast-seo-meta-tag\" \/>\n\t<meta property=\"og:image:height\" content=\"450\" class=\"yoast-seo-meta-tag\" \/>\n\t<meta property=\"og:image:type\" content=\"image\/jpeg\" class=\"yoast-seo-meta-tag\" \/>\n<meta name=\"author\" content=\"dorogimedence.hu\" class=\"yoast-seo-meta-tag\" \/>\n<meta name=\"twitter:card\" content=\"summary_large_image\" class=\"yoast-seo-meta-tag\" \/>\n<meta name=\"twitter:label1\" content=\"Szerz\u0151:\" class=\"yoast-seo-meta-tag\" \/>\n\t<meta name=\"twitter:data1\" content=\"dorogimedence.hu\" class=\"yoast-seo-meta-tag\" \/>\n\t<meta name=\"twitter:label2\" content=\"Becs\u00fclt olvas\u00e1si id\u0151\" class=\"yoast-seo-meta-tag\" \/>\n\t<meta name=\"twitter:data2\" content=\"2 perc\" class=\"yoast-seo-meta-tag\" \/>\n<script type=\"application\/ld+json\" class=\"yoast-schema-graph\">{\"@context\":\"https:\\\/\\\/schema.org\",\"@graph\":[{\"@type\":\"Article\",\"@id\":\"https:\\\/\\\/dorogimedence.hu\\\/index.php\\\/2020\\\/06\\\/20\\\/ne-most-kiranduljunk-a-szurdokvolgyekbe\\\/#article\",\"isPartOf\":{\"@id\":\"https:\\\/\\\/dorogimedence.hu\\\/index.php\\\/2020\\\/06\\\/20\\\/ne-most-kiranduljunk-a-szurdokvolgyekbe\\\/\"},\"author\":{\"name\":\"dorogimedence.hu\",\"@id\":\"https:\\\/\\\/dorogimedence.hu\\\/#\\\/schema\\\/person\\\/ce6091eeb7e95ecdc87890d6aa8e0fd4\"},\"headline\":\"Ne most kir\u00e1nduljunk a szurdokv\u00f6lgyekbe!\",\"datePublished\":\"2020-06-20T13:08:17+00:00\",\"dateModified\":\"2020-06-20T13:13:19+00:00\",\"mainEntityOfPage\":{\"@id\":\"https:\\\/\\\/dorogimedence.hu\\\/index.php\\\/2020\\\/06\\\/20\\\/ne-most-kiranduljunk-a-szurdokvolgyekbe\\\/\"},\"wordCount\":501,\"publisher\":{\"@id\":\"https:\\\/\\\/dorogimedence.hu\\\/#organization\"},\"image\":{\"@id\":\"https:\\\/\\\/dorogimedence.hu\\\/index.php\\\/2020\\\/06\\\/20\\\/ne-most-kiranduljunk-a-szurdokvolgyekbe\\\/#primaryimage\"},\"thumbnailUrl\":\"https:\\\/\\\/dorogimedence.hu\\\/wp-content\\\/uploads\\\/2020\\\/06\\\/aradas-01.jpg\",\"inLanguage\":\"hu\"},{\"@type\":\"WebPage\",\"@id\":\"https:\\\/\\\/dorogimedence.hu\\\/index.php\\\/2020\\\/06\\\/20\\\/ne-most-kiranduljunk-a-szurdokvolgyekbe\\\/\",\"url\":\"https:\\\/\\\/dorogimedence.hu\\\/index.php\\\/2020\\\/06\\\/20\\\/ne-most-kiranduljunk-a-szurdokvolgyekbe\\\/\",\"name\":\"Ne most kir\u00e1nduljunk a szurdokv\u00f6lgyekbe!\",\"isPartOf\":{\"@id\":\"https:\\\/\\\/dorogimedence.hu\\\/#website\"},\"primaryImageOfPage\":{\"@id\":\"https:\\\/\\\/dorogimedence.hu\\\/index.php\\\/2020\\\/06\\\/20\\\/ne-most-kiranduljunk-a-szurdokvolgyekbe\\\/#primaryimage\"},\"image\":{\"@id\":\"https:\\\/\\\/dorogimedence.hu\\\/index.php\\\/2020\\\/06\\\/20\\\/ne-most-kiranduljunk-a-szurdokvolgyekbe\\\/#primaryimage\"},\"thumbnailUrl\":\"https:\\\/\\\/dorogimedence.hu\\\/wp-content\\\/uploads\\\/2020\\\/06\\\/aradas-01.jpg\",\"datePublished\":\"2020-06-20T13:08:17+00:00\",\"dateModified\":\"2020-06-20T13:13:19+00:00\",\"breadcrumb\":{\"@id\":\"https:\\\/\\\/dorogimedence.hu\\\/index.php\\\/2020\\\/06\\\/20\\\/ne-most-kiranduljunk-a-szurdokvolgyekbe\\\/#breadcrumb\"},\"inLanguage\":\"hu\",\"potentialAction\":[{\"@type\":\"ReadAction\",\"target\":[\"https:\\\/\\\/dorogimedence.hu\\\/index.php\\\/2020\\\/06\\\/20\\\/ne-most-kiranduljunk-a-szurdokvolgyekbe\\\/\"]}]},{\"@type\":\"ImageObject\",\"inLanguage\":\"hu\",\"@id\":\"https:\\\/\\\/dorogimedence.hu\\\/index.php\\\/2020\\\/06\\\/20\\\/ne-most-kiranduljunk-a-szurdokvolgyekbe\\\/#primaryimage\",\"url\":\"https:\\\/\\\/dorogimedence.hu\\\/wp-content\\\/uploads\\\/2020\\\/06\\\/aradas-01.jpg\",\"contentUrl\":\"https:\\\/\\\/dorogimedence.hu\\\/wp-content\\\/uploads\\\/2020\\\/06\\\/aradas-01.jpg\",\"width\":830,\"height\":450},{\"@type\":\"BreadcrumbList\",\"@id\":\"https:\\\/\\\/dorogimedence.hu\\\/index.php\\\/2020\\\/06\\\/20\\\/ne-most-kiranduljunk-a-szurdokvolgyekbe\\\/#breadcrumb\",\"itemListElement\":[{\"@type\":\"ListItem\",\"position\":1,\"name\":\"Kezd\u0151lap\",\"item\":\"https:\\\/\\\/dorogimedence.hu\\\/\"},{\"@type\":\"ListItem\",\"position\":2,\"name\":\"Ne most kir\u00e1nduljunk a szurdokv\u00f6lgyekbe!\"}]},{\"@type\":\"WebSite\",\"@id\":\"https:\\\/\\\/dorogimedence.hu\\\/#website\",\"url\":\"https:\\\/\\\/dorogimedence.hu\\\/\",\"name\":\"Dorogi-medence Region\u00e1lis H\u00edrport\u00e1l\",\"description\":\"Dorog, Keszt\u00f6lc, Le\u00e1nyv\u00e1r, Piliscs\u00e9v, Tokod, Tokodalt\u00e1r\u00f3, Csolnok, Esztergom-kertv\u00e1ros: h\u00edrek, programok\",\"publisher\":{\"@id\":\"https:\\\/\\\/dorogimedence.hu\\\/#organization\"},\"potentialAction\":[{\"@type\":\"SearchAction\",\"target\":{\"@type\":\"EntryPoint\",\"urlTemplate\":\"https:\\\/\\\/dorogimedence.hu\\\/?s={search_term_string}\"},\"query-input\":{\"@type\":\"PropertyValueSpecification\",\"valueRequired\":true,\"valueName\":\"search_term_string\"}}],\"inLanguage\":\"hu\"},{\"@type\":\"Organization\",\"@id\":\"https:\\\/\\\/dorogimedence.hu\\\/#organization\",\"name\":\"Dorogi-medence Region\u00e1lis H\u00edrport\u00e1l\",\"url\":\"https:\\\/\\\/dorogimedence.hu\\\/\",\"logo\":{\"@type\":\"ImageObject\",\"inLanguage\":\"hu\",\"@id\":\"https:\\\/\\\/dorogimedence.hu\\\/#\\\/schema\\\/logo\\\/image\\\/\",\"url\":\"https:\\\/\\\/dorogimedence.hu\\\/wp-content\\\/uploads\\\/2021\\\/04\\\/logo-feher-600.png\",\"contentUrl\":\"https:\\\/\\\/dorogimedence.hu\\\/wp-content\\\/uploads\\\/2021\\\/04\\\/logo-feher-600.png\",\"width\":600,\"height\":100,\"caption\":\"Dorogi-medence Region\u00e1lis H\u00edrport\u00e1l\"},\"image\":{\"@id\":\"https:\\\/\\\/dorogimedence.hu\\\/#\\\/schema\\\/logo\\\/image\\\/\"},\"sameAs\":[\"https:\\\/\\\/www.facebook.com\\\/dorogimedence\\\/\"]},{\"@type\":\"Person\",\"@id\":\"https:\\\/\\\/dorogimedence.hu\\\/#\\\/schema\\\/person\\\/ce6091eeb7e95ecdc87890d6aa8e0fd4\",\"name\":\"dorogimedence.hu\",\"image\":{\"@type\":\"ImageObject\",\"inLanguage\":\"hu\",\"@id\":\"\\\/\\\/www.gravatar.com\\\/avatar\\\/d8d45f8901aadff40a4af72c0b826f1d?s=96&#038;r=g&#038;d=mm\",\"url\":\"\\\/\\\/www.gravatar.com\\\/avatar\\\/d8d45f8901aadff40a4af72c0b826f1d?s=96&#038;r=g&#038;d=mm\",\"contentUrl\":\"\\\/\\\/www.gravatar.com\\\/avatar\\\/d8d45f8901aadff40a4af72c0b826f1d?s=96&#038;r=g&#038;d=mm\",\"caption\":\"dorogimedence.hu\"}}]}<\/script>\n<!-- \/ Yoast SEO plugin. -->","yoast_head_json":{"title":"Ne most kir\u00e1nduljunk a szurdokv\u00f6lgyekbe!","robots":{"index":"index","follow":"follow","max-snippet":"max-snippet:-1","max-image-preview":"max-image-preview:large","max-video-preview":"max-video-preview:-1"},"canonical":"https:\/\/dorogimedence.hu\/index.php\/2020\/06\/20\/ne-most-kiranduljunk-a-szurdokvolgyekbe\/","og_locale":"hu_HU","og_type":"article","og_title":"Ne most kir\u00e1nduljunk a szurdokv\u00f6lgyekbe!","og_description":"Szerd\u00e1n, hasonl\u00f3an az orsz\u00e1g m\u00e1s ter\u00fcleteihez, nagy mennyis\u00e9g\u0171 csapad\u00e9k z\u00fadult le a Visegr\u00e1di-hegys\u00e9gben. A Pilisi Parkerd\u0151 azt tan\u00e1csolja a t\u00far\u00e1z\u00f3knak, lehet\u0151s\u00e9g szerint most ne keress\u00e9k fel a hegys\u00e9g ter\u00fclet\u00e9n tal\u00e1lhat\u00f3 szurdokv\u00f6lgyeket a meg\u00e1radt v\u00edzfoly\u00e1sok okozta balesetvesz\u00e9ly miatt. A kl\u00edmav\u00e1ltoz\u00e1s az erd\u0151k v\u00edzh\u00e1ztart\u00e1sa is hat\u00e1ssal van: a csapad\u00e9keloszl\u00e1s sz\u00e9ls\u0151s\u00e9gess\u00e9 v\u00e1lt, r\u00f6vid id\u0151 alatt olyan nagy mennyis\u00e9g\u0171","og_url":"https:\/\/dorogimedence.hu\/index.php\/2020\/06\/20\/ne-most-kiranduljunk-a-szurdokvolgyekbe\/","og_site_name":"Dorogi-medence Region\u00e1lis H\u00edrport\u00e1l","article_publisher":"https:\/\/www.facebook.com\/dorogimedence\/","article_published_time":"2020-06-20T13:08:17+00:00","article_modified_time":"2020-06-20T13:13:19+00:00","og_image":[{"width":830,"height":450,"url":"https:\/\/i0.wp.com\/dorogimedence.hu\/wp-content\/uploads\/2020\/06\/aradas-01.jpg?fit=830%2C450&ssl=1","type":"image\/jpeg"}],"author":"dorogimedence.hu","twitter_card":"summary_large_image","twitter_misc":{"Szerz\u0151:":"dorogimedence.hu","Becs\u00fclt olvas\u00e1si id\u0151":"2 perc"},"schema":{"@context":"https:\/\/schema.org","@graph":[{"@type":"Article","@id":"https:\/\/dorogimedence.hu\/index.php\/2020\/06\/20\/ne-most-kiranduljunk-a-szurdokvolgyekbe\/#article","isPartOf":{"@id":"https:\/\/dorogimedence.hu\/index.php\/2020\/06\/20\/ne-most-kiranduljunk-a-szurdokvolgyekbe\/"},"author":{"name":"dorogimedence.hu","@id":"https:\/\/dorogimedence.hu\/#\/schema\/person\/ce6091eeb7e95ecdc87890d6aa8e0fd4"},"headline":"Ne most kir\u00e1nduljunk a szurdokv\u00f6lgyekbe!","datePublished":"2020-06-20T13:08:17+00:00","dateModified":"2020-06-20T13:13:19+00:00","mainEntityOfPage":{"@id":"https:\/\/dorogimedence.hu\/index.php\/2020\/06\/20\/ne-most-kiranduljunk-a-szurdokvolgyekbe\/"},"wordCount":501,"publisher":{"@id":"https:\/\/dorogimedence.hu\/#organization"},"image":{"@id":"https:\/\/dorogimedence.hu\/index.php\/2020\/06\/20\/ne-most-kiranduljunk-a-szurdokvolgyekbe\/#primaryimage"},"thumbnailUrl":"https:\/\/dorogimedence.hu\/wp-content\/uploads\/2020\/06\/aradas-01.jpg","inLanguage":"hu"},{"@type":"WebPage","@id":"https:\/\/dorogimedence.hu\/index.php\/2020\/06\/20\/ne-most-kiranduljunk-a-szurdokvolgyekbe\/","url":"https:\/\/dorogimedence.hu\/index.php\/2020\/06\/20\/ne-most-kiranduljunk-a-szurdokvolgyekbe\/","name":"Ne most kir\u00e1nduljunk a szurdokv\u00f6lgyekbe!","isPartOf":{"@id":"https:\/\/dorogimedence.hu\/#website"},"primaryImageOfPage":{"@id":"https:\/\/dorogimedence.hu\/index.php\/2020\/06\/20\/ne-most-kiranduljunk-a-szurdokvolgyekbe\/#primaryimage"},"image":{"@id":"https:\/\/dorogimedence.hu\/index.php\/2020\/06\/20\/ne-most-kiranduljunk-a-szurdokvolgyekbe\/#primaryimage"},"thumbnailUrl":"https:\/\/dorogimedence.hu\/wp-content\/uploads\/2020\/06\/aradas-01.jpg","datePublished":"2020-06-20T13:08:17+00:00","dateModified":"2020-06-20T13:13:19+00:00","breadcrumb":{"@id":"https:\/\/dorogimedence.hu\/index.php\/2020\/06\/20\/ne-most-kiranduljunk-a-szurdokvolgyekbe\/#breadcrumb"},"inLanguage":"hu","potentialAction":[{"@type":"ReadAction","target":["https:\/\/dorogimedence.hu\/index.php\/2020\/06\/20\/ne-most-kiranduljunk-a-szurdokvolgyekbe\/"]}]},{"@type":"ImageObject","inLanguage":"hu","@id":"https:\/\/dorogimedence.hu\/index.php\/2020\/06\/20\/ne-most-kiranduljunk-a-szurdokvolgyekbe\/#primaryimage","url":"https:\/\/dorogimedence.hu\/wp-content\/uploads\/2020\/06\/aradas-01.jpg","contentUrl":"https:\/\/dorogimedence.hu\/wp-content\/uploads\/2020\/06\/aradas-01.jpg","width":830,"height":450},{"@type":"BreadcrumbList","@id":"https:\/\/dorogimedence.hu\/index.php\/2020\/06\/20\/ne-most-kiranduljunk-a-szurdokvolgyekbe\/#breadcrumb","itemListElement":[{"@type":"ListItem","position":1,"name":"Kezd\u0151lap","item":"https:\/\/dorogimedence.hu\/"},{"@type":"ListItem","position":2,"name":"Ne most kir\u00e1nduljunk a szurdokv\u00f6lgyekbe!"}]},{"@type":"WebSite","@id":"https:\/\/dorogimedence.hu\/#website","url":"https:\/\/dorogimedence.hu\/","name":"Dorogi-medence Region\u00e1lis H\u00edrport\u00e1l","description":"Dorog, Keszt\u00f6lc, Le\u00e1nyv\u00e1r, Piliscs\u00e9v, Tokod, Tokodalt\u00e1r\u00f3, Csolnok, Esztergom-kertv\u00e1ros: h\u00edrek, programok","publisher":{"@id":"https:\/\/dorogimedence.hu\/#organization"},"potentialAction":[{"@type":"SearchAction","target":{"@type":"EntryPoint","urlTemplate":"https:\/\/dorogimedence.hu\/?s={search_term_string}"},"query-input":{"@type":"PropertyValueSpecification","valueRequired":true,"valueName":"search_term_string"}}],"inLanguage":"hu"},{"@type":"Organization","@id":"https:\/\/dorogimedence.hu\/#organization","name":"Dorogi-medence Region\u00e1lis H\u00edrport\u00e1l","url":"https:\/\/dorogimedence.hu\/","logo":{"@type":"ImageObject","inLanguage":"hu","@id":"https:\/\/dorogimedence.hu\/#\/schema\/logo\/image\/","url":"https:\/\/dorogimedence.hu\/wp-content\/uploads\/2021\/04\/logo-feher-600.png","contentUrl":"https:\/\/dorogimedence.hu\/wp-content\/uploads\/2021\/04\/logo-feher-600.png","width":600,"height":100,"caption":"Dorogi-medence Region\u00e1lis H\u00edrport\u00e1l"},"image":{"@id":"https:\/\/dorogimedence.hu\/#\/schema\/logo\/image\/"},"sameAs":["https:\/\/www.facebook.com\/dorogimedence\/"]},{"@type":"Person","@id":"https:\/\/dorogimedence.hu\/#\/schema\/person\/ce6091eeb7e95ecdc87890d6aa8e0fd4","name":"dorogimedence.hu","image":{"@type":"ImageObject","inLanguage":"hu","@id":"\/\/www.gravatar.com\/avatar\/d8d45f8901aadff40a4af72c0b826f1d?s=96&#038;r=g&#038;d=mm","url":"\/\/www.gravatar.com\/avatar\/d8d45f8901aadff40a4af72c0b826f1d?s=96&#038;r=g&#038;d=mm","contentUrl":"\/\/www.gravatar.com\/avatar\/d8d45f8901aadff40a4af72c0b826f1d?s=96&#038;r=g&#038;d=mm","caption":"dorogimedence.hu"}}]}},"_links":{"self":[{"href":"https:\/\/dorogimedence.hu\/index.php\/wp-json\/wp\/v2\/posts\/25697","targetHints":{"allow":["GET"]}}],"collection":[{"href":"https:\/\/dorogimedence.hu\/index.php\/wp-json\/wp\/v2\/posts"}],"about":[{"href":"https:\/\/dorogimedence.hu\/index.php\/wp-json\/wp\/v2\/types\/post"}],"author":[{"embeddable":true,"href":"https:\/\/dorogimedence.hu\/index.php\/wp-json\/wp\/v2\/users\/1"}],"replies":[{"embeddable":true,"href":"https:\/\/dorogimedence.hu\/index.php\/wp-json\/wp\/v2\/comments?post=25697"}],"version-history":[{"count":0,"href":"https:\/\/dorogimedence.hu\/index.php\/wp-json\/wp\/v2\/posts\/25697\/revisions"}],"wp:featuredmedia":[{"embeddable":true,"href":"https:\/\/dorogimedence.hu\/index.php\/wp-json\/wp\/v2\/media\/25698"}],"wp:attachment":[{"href":"https:\/\/dorogimedence.hu\/index.php\/wp-json\/wp\/v2\/media?parent=25697"}],"wp:term":[{"taxonomy":"category","embeddable":true,"href":"https:\/\/dorogimedence.hu\/index.php\/wp-json\/wp\/v2\/categories?post=25697"},{"taxonomy":"post_tag","embeddable":true,"href":"https:\/\/dorogimedence.hu\/index.php\/wp-json\/wp\/v2\/tags?post=25697"}],"curies":[{"name":"wp","href":"https:\/\/api.w.org\/{rel}","templated":true}]}}