{"id":25635,"date":"2020-06-18T07:05:43","date_gmt":"2020-06-18T05:05:43","guid":{"rendered":"http:\/\/dorogimedence.hu\/?p=25635"},"modified":"2020-06-18T07:05:51","modified_gmt":"2020-06-18T05:05:51","slug":"harom-esztergomi-sportolot-is-tamogat-iden-a-mol-alapitvany","status":"publish","type":"post","link":"https:\/\/dorogimedence.hu\/index.php\/2020\/06\/18\/harom-esztergomi-sportolot-is-tamogat-iden-a-mol-alapitvany\/","title":{"rendered":"H\u00e1rom esztergomi sportol\u00f3t is t\u00e1mogat id\u00e9n a MOL Alap\u00edtv\u00e1ny"},"content":{"rendered":"<p><strong>K\u00f6zel sz\u00e1z tehets\u00e9ges fiatal sportol\u00f3t d\u00edjazott id\u00e9n is a MOL Alap\u00edtv\u00e1ny \u00f6sszesen 32 milli\u00f3 forint \u00e9rt\u00e9kben. Kom\u00e1rom-Esztergom megy\u00e9b\u0151l Chukwu Hannah Chinyere, Csik\u00f3s Zs\u00f3ka, G\u00e1l Lili \u00e9s Kajt\u00e1r Bence<\/strong> <strong>nyerte el a t\u00e1mogat\u00e1st.<\/strong><\/p>\n<p>A MOL Tehets\u00e9gt\u00e1mogat\u00f3 Program Sport p\u00e1ly\u00e1zata els\u0151sorban \u00e1ltal\u00e1nos- vagy k\u00f6z\u00e9piskol\u00e1s di\u00e1koknak ny\u00fajt anyagi seg\u00edts\u00e9get, akik tehets\u00e9ges sportol\u00f3k, \u00e9s orsz\u00e1gos vagy nemzetk\u00f6zi versenyen is j\u00f3 eredm\u00e9nyeket \u00e9rtek el. Az \u00fatik\u00f6lts\u00e9gt\u00e9r\u00edt\u00e9sre, eszk\u00f6zv\u00e1s\u00e1rl\u00e1sra vagy egy\u00e9b sportol\u00e1shoz k\u00f6thet\u0151 k\u00f6lts\u00e9gekre ig\u00e9nybe vehet\u0151 t\u00e1mogat\u00e1s a fiataloknak megfelel\u0151 h\u00e1tteret jelent a tov\u00e1bbi felk\u00e9sz\u00fcl\u00e9shez. A t\u00e1mogat\u00e1si keret \u00f6sszege nem v\u00e1ltozott, viszont a koronav\u00edrus-j\u00e1rv\u00e1ny miatti bizonytalans\u00e1gok k\u00f6vetkezt\u00e9ben fel\u00e9re esett vissza a beadott p\u00e1ly\u00e1zatok sz\u00e1ma.<\/p>\n<p>A m\u00e1rciusban meghirdetett p\u00e1ly\u00e1zatra a 10-18 \u00e9vesek kateg\u00f3ri\u00e1j\u00e1ban 378 p\u00e1ly\u00e1zat \u00e9rkezett be, ebb\u0151l 85 p\u00e1ly\u00e1zatot t\u00e1mogat az alap\u00edtv\u00e1ny \u2013 k\u00f6zt\u00fck h\u00e1rom p\u00e1ros versenyz\u0151t \u2013, \u00f6sszesen 27 milli\u00f3 forint \u00e9rt\u00e9kben. A 18 \u00e9ven fel\u00fclieknek sz\u00f3l\u00f3 Sport Klasszis kateg\u00f3ri\u00e1ban kilenc f\u0151 k\u00e9relm\u00e9t d\u00edjazt\u00e1k \u00f6sszesen 5 milli\u00f3 forint \u00e9rt\u00e9kben. \u00cdgy id\u00e9n \u00f6sszesen 32 milli\u00f3 forintos t\u00e1mogat\u00e1st ny\u00fajt az alap\u00edtv\u00e1ny k\u00f6zel sz\u00e1z kiemelked\u0151 teljes\u00edtm\u00e9ny\u0171 fiatal sportol\u00f3nak.<\/p>\n<p>A p\u00e1ly\u00e1zatok h\u00e1rom k\u00f6r\u00f6s elb\u00edr\u00e1l\u00e1son mentek kereszt\u00fcl, a v\u00e9gs\u0151 d\u00f6nt\u00e9st a MOL Alap\u00edtv\u00e1ny kurat\u00f3riuma hozta meg egy szak\u00e9rt\u0151i zs\u0171ri seg\u00edts\u00e9g\u00e9vel. A p\u00e1ly\u00e1zatra b\u00e1rmilyen sport\u00e1g versenyz\u0151i nevezhettek, amennyiben magyarorsz\u00e1gi sportegyes\u00fcletn\u00e9l leigazolt versenyz\u0151k, \u00e9s orsz\u00e1gos vagy nemzetk\u00f6zi versenyeken kiemelked\u0151 eredm\u00e9nyeket \u00e9rtek el.<\/p>\n<p>A t\u00e1mogatottak 37%-a budapesti, 63%-a vid\u00e9ki sportegyes\u00fcletn\u00e9l sportol \u00e9s 47 k\u00fcl\u00f6nb\u00f6z\u0151 sport\u00e1gat k\u00e9pviselnek. A nyertes p\u00e1ly\u00e1z\u00f3k egynegyede a 10-14 \u00e9ves koroszt\u00e1lyb\u00f3l ker\u00fcl ki. A nyertesek a t\u00e1mogat\u00e1st el\u0151finansz\u00edroz\u00e1sk\u00e9nt kapj\u00e1k meg \u00e9s a 2020-21-es ny\u00e1ri- \u00e9s t\u00e9li versenyszezonban haszn\u00e1lhatj\u00e1k azt fel.<\/p>\n<p>A COVID-19 j\u00e1rv\u00e1ny okozta bizonytalans\u00e1gok miatt ebben az \u00e9vben k\u00f6zel 50%-kal esett vissza a p\u00e1ly\u00e1zati kedv. Mivel azonban a t\u00e1mogat\u00e1si keret nagys\u00e1grendje nem v\u00e1ltozott, \u00edgy id\u00e9n is a tavalyihoz hasonl\u00f3 l\u00e9tsz\u00e1mban nyerhettek t\u00e1mogat\u00e1st a p\u00e1ly\u00e1z\u00f3k.<\/p>\n<p>A Sport 2020 nyertesei k\u00f6z\u00f6tt tal\u00e1ljuk t\u00f6bbek k\u00f6z\u00f6tt az ifj\u00fas\u00e1gi olimpiai bajnok kardv\u00edv\u00f3t <strong>Rabb Kriszti\u00e1nt<\/strong> \u00e9s a triatlinosta rem\u00e9nys\u00e9get <strong>Kropk\u00f3 M\u00e1rt\u00e1t<\/strong>.<\/p>\n<p>A 18-23 \u00e9v k\u00f6z\u00f6ttiek&nbsp;Klasszis kateg\u00f3ri\u00e1j\u00e1ban&nbsp;a be\u00e9rkezett 30 p\u00e1ly\u00e1z\u00f3 k\u00f6z\u00fcl a kurat\u00f3rium&nbsp;9 f\u0151t&nbsp;tudott t\u00e1mogatni a gyorskorcsolya, kajak, \u00f6ttusa, sportl\u00f6v\u00e9szet, tenisz, triatlon v\u00edv\u00e1s \u00e9s vitorl\u00e1z\u00e1s sport\u00e1gakban&nbsp;\u00f6sszesen 5 milli\u00f3&nbsp;forinttal. Ezek a sportol\u00f3k m\u00e9lt\u00e1n voltak es\u00e9lyesek a Toki\u00f3i Olimpiai r\u00e9szv\u00e9telre. K\u00f6zt\u00fck van t\u00f6bbek k\u00f6z\u00f6tt&nbsp;<strong>Kopasz B\u00e1lint<\/strong>, aki 22 \u00e9vesen feln\u0151tt vil\u00e1gbajnok lett tavaly K1 1000 m-en.<\/p>\n<p>\u201e<em>Ahogy az elm\u00falt \u00e9vekben, id\u00e9n is kih\u00edv\u00e1s volt \u00e9rt\u00e9kelni a p\u00e1ly\u00e1zatokat, hiszen sz\u00e1mtalan tehets\u00e9ges, nagy lehet\u0151s\u00e9gek el\u0151tt \u00e1ll\u00f3 \u00e9s m\u00e1r most is eredm\u00e9nyes sportol\u00f3 versengett a t\u00e1mogat\u00e1s\u00e9rt. Nagy \u00f6r\u00f6m sz\u00e1momra, hogy seregnyi sport\u00e1gban rejlenek Magyarorsz\u00e1g aranytartal\u00e9kai. A hagyom\u00e1nyosan eredm\u00e9nyes olimpiai sport\u00e1gak mellett nyertes p\u00e1ly\u00e1zatok sz\u00fclettek thai-bokszban, jiu-jitsuban \u00e9s falm\u00e1sz\u00e1sban is. Vannak olyan sportol\u00f3k, akiknek \u00e9vek \u00f3ta k\u00f6vetem a fejl\u0151d\u00e9s\u00e9t, k\u00f6z\u00e9j\u00fck tartozik Rabb Kriszti\u00e1n ifj\u00fas\u00e1gi olimpiai arany\u00e9rmes kardoz\u00f3, \u00e9s vannak olyanok, akiknek ezut\u00e1n fogom fokozott figyelemmel k\u00f6vetni a p\u00e1lyafut\u00e1s\u00e1t. Biztos vagyok benne, hogy sokat fogunk hallani a j\u00f6v\u0151ben a MOL Alap\u00edtv\u00e1ny \u00e1ltal t\u00e1mogatott fiatal sportol\u00f3kr\u00f3l<\/em>\u201d\u2013 mondta Szil\u00e1gyi \u00c1ron k\u00e9tszeres olimpiai bajnok kardoz\u00f3, a MOL Alap\u00edtv\u00e1ny j\u00f3szolg\u00e1lati nagyk\u00f6vete, a MOL Tehets\u00e9gt\u00e1mogat\u00f3 Program zs\u0171ritagja.<\/p>\n<p>A 2020-as t\u00e1mogatottak list\u00e1ja <span style=\"text-decoration: underline; color: #0000ff;\"><a style=\"color: #0000ff; text-decoration: underline;\" href=\"https:\/\/www.molalapitvany.hu\/files\/uploads\/docs\/120\/sp20-es-sp20k-nyertesek-honlap.pdf\" target=\"_blank\" rel=\"noopener noreferrer\">ITT<\/a><\/span> \u00e9rhet\u0151 el.<\/p>\n<p><strong>A Kom\u00e1rom-Esztergom megyei nyertesek: <\/strong><span style=\"text-decoration: underline; color: #0000ff;\"><a style=\"color: #0000ff;\" href=\"https:\/\/drive.google.com\/drive\/folders\/1VyAuxBAppTJL1N6tWyjVx2dgkCAm-yym?usp=sharing\" target=\"_blank\" rel=\"noopener noreferrer\">FOT\u00d3<\/a><\/span><\/p>\n<p><strong>Chukwu Hannah Chinyere<\/strong> (19), fallabda, Tatab\u00e1nya, Squasbere SE: Ranglista vezet\u0151 volt az eur\u00f3pai az U13, U15 \u00e9s a jelenlegi U17 koroszt\u00e1lyban is. 16 \u00e9vesen magyar n\u0151i orsz\u00e1gos bajnok lett. Jelenleg 166. a feln\u0151tt n\u0151i vil\u00e1granglist\u00e1n, koroszt\u00e1ly\u00e1ban a vil\u00e1g \u00e9lmez\u0151ny\u00e9be tartozik. 2020-ban m\u00e1r tervezi t\u00f6bb feln\u0151tt profi versenyen is a r\u00e9szv\u00e9telt. A t\u00e1mogat\u00e1sb\u00f3l versenyek utaz\u00e1si k\u00f6lts\u00e9geit szeretn\u00e9 fedezni.<\/p>\n<p><strong>Csik\u00f3s Zs\u00f3ka<\/strong> (19), kajak, Esztergom, (Szolnoki Kajak-Kenu Klub), t\u00f6bbsz\u00f6r\u00f6s koroszt\u00e1lyos vil\u00e1g- \u00e9s Eur\u00f3pa-bajnok. A t\u00e1mogat\u00e1sb\u00f3l kajaklap\u00e1tot fog v\u00e1s\u00e1rolni, azzal v\u00e1g neki a feln\u0151tt mez\u0151ny versenyeinek.<\/p>\n<p><strong>G\u00e1l Lili<\/strong> (16), motor-cross versenyz\u0151, Esztergom: 13 \u00e9ves kor\u00e1ig csak a fi\u00fak k\u00f6z\u00f6tt versenyezhetett, onnat\u00f3l kezdve l\u00e9pett be a magyar feln\u0151tt n\u0151i mez\u0151nybe. Legink\u00e1bb a Szlov\u00e1k \u00e9s Cseh bajnoks\u00e1gon indul. Utaz\u00e1si k\u00f6lts\u00e9geihez kap t\u00e1mogat\u00e1st.<\/p>\n<p><strong>Kajt\u00e1r Bence<\/strong> (19), kickbox, Esztergom, Esztergomi Kick-boksz SE: \u00c9vek \u00f3ta tagja a koroszt\u00e1lyos kick-box v\u00e1logatottnak, az egyik legsikeresebb ut\u00e1np\u00f3tl\u00e1s kor\u00fa kick-box versenyz\u0151nk, aki m\u00e1r a feln\u0151ttek k\u00f6z\u00f6tt is kipr\u00f3b\u00e1lta mag\u00e1t. 2018-ban VB arany\u00e9rmet, 2019-ben koroszt\u00e1lyos Eur\u00f3pa-bajnoki arany\u00e9rmet nyert. A t\u00e1mogat\u00e1sb\u00f3l versenyek utaz\u00e1si k\u00f6lts\u00e9geit fedezi majd.<\/p>\n<p><em>Fot\u00f3, forr\u00e1s: MOL Alap\u00edtv\u00e1ny<\/em><\/p>\n","protected":false},"excerpt":{"rendered":"<p>K\u00f6zel sz\u00e1z tehets\u00e9ges fiatal sportol\u00f3t d\u00edjazott id\u00e9n is a MOL Alap\u00edtv\u00e1ny \u00f6sszesen 32 milli\u00f3 forint \u00e9rt\u00e9kben. Kom\u00e1rom-Esztergom megy\u00e9b\u0151l Chukwu Hannah Chinyere, Csik\u00f3s Zs\u00f3ka, G\u00e1l Lili \u00e9s Kajt\u00e1r Bence nyerte el a t\u00e1mogat\u00e1st. A MOL Tehets\u00e9gt\u00e1mogat\u00f3 Program Sport p\u00e1ly\u00e1zata els\u0151sorban \u00e1ltal\u00e1nos- vagy k\u00f6z\u00e9piskol\u00e1s di\u00e1koknak ny\u00fajt anyagi seg\u00edts\u00e9get, akik tehets\u00e9ges sportol\u00f3k, \u00e9s orsz\u00e1gos vagy nemzetk\u00f6zi versenyen is<\/p>\n","protected":false},"author":1,"featured_media":25636,"comment_status":"closed","ping_status":"closed","sticky":false,"template":"","format":"standard","meta":{"ngg_post_thumbnail":0,"footnotes":""},"categories":[38,3],"tags":[3221,4948,503],"class_list":{"0":"post-25635","1":"post","2":"type-post","3":"status-publish","4":"format-standard","5":"has-post-thumbnail","7":"category-esztergom","8":"category-hirek","9":"tag-mol-alapitvany","10":"tag-sportolok","11":"tag-tamogatas"},"yoast_head":"<!-- This site is optimized with the Yoast SEO plugin v27.4 - https:\/\/yoast.com\/product\/yoast-seo-wordpress\/ -->\n<title>H\u00e1rom esztergomi sportol\u00f3t is t\u00e1mogat id\u00e9n a MOL Alap\u00edtv\u00e1ny<\/title>\n<meta name=\"robots\" content=\"index, follow, max-snippet:-1, max-image-preview:large, max-video-preview:-1\" \/>\n<link rel=\"canonical\" href=\"https:\/\/dorogimedence.hu\/index.php\/2020\/06\/18\/harom-esztergomi-sportolot-is-tamogat-iden-a-mol-alapitvany\/\" class=\"yoast-seo-meta-tag\" \/>\n<meta property=\"og:locale\" content=\"hu_HU\" class=\"yoast-seo-meta-tag\" \/>\n<meta property=\"og:type\" content=\"article\" class=\"yoast-seo-meta-tag\" \/>\n<meta property=\"og:title\" content=\"H\u00e1rom esztergomi sportol\u00f3t is t\u00e1mogat id\u00e9n a MOL Alap\u00edtv\u00e1ny\" class=\"yoast-seo-meta-tag\" \/>\n<meta property=\"og:description\" content=\"K\u00f6zel sz\u00e1z tehets\u00e9ges fiatal sportol\u00f3t d\u00edjazott id\u00e9n is a MOL Alap\u00edtv\u00e1ny \u00f6sszesen 32 milli\u00f3 forint \u00e9rt\u00e9kben. Kom\u00e1rom-Esztergom megy\u00e9b\u0151l Chukwu Hannah Chinyere, Csik\u00f3s Zs\u00f3ka, G\u00e1l Lili \u00e9s Kajt\u00e1r Bence nyerte el a t\u00e1mogat\u00e1st. A MOL Tehets\u00e9gt\u00e1mogat\u00f3 Program Sport p\u00e1ly\u00e1zata els\u0151sorban \u00e1ltal\u00e1nos- vagy k\u00f6z\u00e9piskol\u00e1s di\u00e1koknak ny\u00fajt anyagi seg\u00edts\u00e9get, akik tehets\u00e9ges sportol\u00f3k, \u00e9s orsz\u00e1gos vagy nemzetk\u00f6zi versenyen is\" class=\"yoast-seo-meta-tag\" \/>\n<meta property=\"og:url\" content=\"https:\/\/dorogimedence.hu\/index.php\/2020\/06\/18\/harom-esztergomi-sportolot-is-tamogat-iden-a-mol-alapitvany\/\" class=\"yoast-seo-meta-tag\" \/>\n<meta property=\"og:site_name\" content=\"Dorogi-medence Region\u00e1lis H\u00edrport\u00e1l\" class=\"yoast-seo-meta-tag\" \/>\n<meta property=\"article:publisher\" content=\"https:\/\/www.facebook.com\/dorogimedence\/\" class=\"yoast-seo-meta-tag\" \/>\n<meta property=\"article:published_time\" content=\"2020-06-18T05:05:43+00:00\" class=\"yoast-seo-meta-tag\" \/>\n<meta property=\"article:modified_time\" content=\"2020-06-18T05:05:51+00:00\" class=\"yoast-seo-meta-tag\" \/>\n<meta property=\"og:image\" content=\"https:\/\/i0.wp.com\/dorogimedence.hu\/wp-content\/uploads\/2020\/06\/mol-01.jpg?fit=830%2C450&ssl=1\" class=\"yoast-seo-meta-tag\" \/>\n\t<meta property=\"og:image:width\" content=\"830\" class=\"yoast-seo-meta-tag\" \/>\n\t<meta property=\"og:image:height\" content=\"450\" class=\"yoast-seo-meta-tag\" \/>\n\t<meta property=\"og:image:type\" content=\"image\/jpeg\" class=\"yoast-seo-meta-tag\" \/>\n<meta name=\"author\" content=\"dorogimedence.hu\" class=\"yoast-seo-meta-tag\" \/>\n<meta name=\"twitter:card\" content=\"summary_large_image\" class=\"yoast-seo-meta-tag\" \/>\n<meta name=\"twitter:label1\" content=\"Szerz\u0151:\" class=\"yoast-seo-meta-tag\" \/>\n\t<meta name=\"twitter:data1\" content=\"dorogimedence.hu\" class=\"yoast-seo-meta-tag\" \/>\n\t<meta name=\"twitter:label2\" content=\"Becs\u00fclt olvas\u00e1si id\u0151\" class=\"yoast-seo-meta-tag\" \/>\n\t<meta name=\"twitter:data2\" content=\"5 perc\" class=\"yoast-seo-meta-tag\" \/>\n<script type=\"application\/ld+json\" class=\"yoast-schema-graph\">{\"@context\":\"https:\\\/\\\/schema.org\",\"@graph\":[{\"@type\":\"Article\",\"@id\":\"https:\\\/\\\/dorogimedence.hu\\\/index.php\\\/2020\\\/06\\\/18\\\/harom-esztergomi-sportolot-is-tamogat-iden-a-mol-alapitvany\\\/#article\",\"isPartOf\":{\"@id\":\"https:\\\/\\\/dorogimedence.hu\\\/index.php\\\/2020\\\/06\\\/18\\\/harom-esztergomi-sportolot-is-tamogat-iden-a-mol-alapitvany\\\/\"},\"author\":{\"name\":\"dorogimedence.hu\",\"@id\":\"https:\\\/\\\/dorogimedence.hu\\\/#\\\/schema\\\/person\\\/ce6091eeb7e95ecdc87890d6aa8e0fd4\"},\"headline\":\"H\u00e1rom esztergomi sportol\u00f3t is t\u00e1mogat id\u00e9n a MOL Alap\u00edtv\u00e1ny\",\"datePublished\":\"2020-06-18T05:05:43+00:00\",\"dateModified\":\"2020-06-18T05:05:51+00:00\",\"mainEntityOfPage\":{\"@id\":\"https:\\\/\\\/dorogimedence.hu\\\/index.php\\\/2020\\\/06\\\/18\\\/harom-esztergomi-sportolot-is-tamogat-iden-a-mol-alapitvany\\\/\"},\"wordCount\":1033,\"publisher\":{\"@id\":\"https:\\\/\\\/dorogimedence.hu\\\/#organization\"},\"image\":{\"@id\":\"https:\\\/\\\/dorogimedence.hu\\\/index.php\\\/2020\\\/06\\\/18\\\/harom-esztergomi-sportolot-is-tamogat-iden-a-mol-alapitvany\\\/#primaryimage\"},\"thumbnailUrl\":\"https:\\\/\\\/dorogimedence.hu\\\/wp-content\\\/uploads\\\/2020\\\/06\\\/mol-01.jpg\",\"keywords\":[\"MOL Alap\u00edtv\u00e1ny\",\"sportol\u00f3k\",\"t\u00e1mogat\u00e1s\"],\"articleSection\":[\"Esztergom\",\"H\u00edrek\"],\"inLanguage\":\"hu\"},{\"@type\":\"WebPage\",\"@id\":\"https:\\\/\\\/dorogimedence.hu\\\/index.php\\\/2020\\\/06\\\/18\\\/harom-esztergomi-sportolot-is-tamogat-iden-a-mol-alapitvany\\\/\",\"url\":\"https:\\\/\\\/dorogimedence.hu\\\/index.php\\\/2020\\\/06\\\/18\\\/harom-esztergomi-sportolot-is-tamogat-iden-a-mol-alapitvany\\\/\",\"name\":\"H\u00e1rom esztergomi sportol\u00f3t is t\u00e1mogat id\u00e9n a MOL Alap\u00edtv\u00e1ny\",\"isPartOf\":{\"@id\":\"https:\\\/\\\/dorogimedence.hu\\\/#website\"},\"primaryImageOfPage\":{\"@id\":\"https:\\\/\\\/dorogimedence.hu\\\/index.php\\\/2020\\\/06\\\/18\\\/harom-esztergomi-sportolot-is-tamogat-iden-a-mol-alapitvany\\\/#primaryimage\"},\"image\":{\"@id\":\"https:\\\/\\\/dorogimedence.hu\\\/index.php\\\/2020\\\/06\\\/18\\\/harom-esztergomi-sportolot-is-tamogat-iden-a-mol-alapitvany\\\/#primaryimage\"},\"thumbnailUrl\":\"https:\\\/\\\/dorogimedence.hu\\\/wp-content\\\/uploads\\\/2020\\\/06\\\/mol-01.jpg\",\"datePublished\":\"2020-06-18T05:05:43+00:00\",\"dateModified\":\"2020-06-18T05:05:51+00:00\",\"breadcrumb\":{\"@id\":\"https:\\\/\\\/dorogimedence.hu\\\/index.php\\\/2020\\\/06\\\/18\\\/harom-esztergomi-sportolot-is-tamogat-iden-a-mol-alapitvany\\\/#breadcrumb\"},\"inLanguage\":\"hu\",\"potentialAction\":[{\"@type\":\"ReadAction\",\"target\":[\"https:\\\/\\\/dorogimedence.hu\\\/index.php\\\/2020\\\/06\\\/18\\\/harom-esztergomi-sportolot-is-tamogat-iden-a-mol-alapitvany\\\/\"]}]},{\"@type\":\"ImageObject\",\"inLanguage\":\"hu\",\"@id\":\"https:\\\/\\\/dorogimedence.hu\\\/index.php\\\/2020\\\/06\\\/18\\\/harom-esztergomi-sportolot-is-tamogat-iden-a-mol-alapitvany\\\/#primaryimage\",\"url\":\"https:\\\/\\\/dorogimedence.hu\\\/wp-content\\\/uploads\\\/2020\\\/06\\\/mol-01.jpg\",\"contentUrl\":\"https:\\\/\\\/dorogimedence.hu\\\/wp-content\\\/uploads\\\/2020\\\/06\\\/mol-01.jpg\",\"width\":830,\"height\":450},{\"@type\":\"BreadcrumbList\",\"@id\":\"https:\\\/\\\/dorogimedence.hu\\\/index.php\\\/2020\\\/06\\\/18\\\/harom-esztergomi-sportolot-is-tamogat-iden-a-mol-alapitvany\\\/#breadcrumb\",\"itemListElement\":[{\"@type\":\"ListItem\",\"position\":1,\"name\":\"Kezd\u0151lap\",\"item\":\"https:\\\/\\\/dorogimedence.hu\\\/\"},{\"@type\":\"ListItem\",\"position\":2,\"name\":\"H\u00e1rom esztergomi sportol\u00f3t is t\u00e1mogat id\u00e9n a MOL Alap\u00edtv\u00e1ny\"}]},{\"@type\":\"WebSite\",\"@id\":\"https:\\\/\\\/dorogimedence.hu\\\/#website\",\"url\":\"https:\\\/\\\/dorogimedence.hu\\\/\",\"name\":\"Dorogi-medence Region\u00e1lis H\u00edrport\u00e1l\",\"description\":\"Dorog, Keszt\u00f6lc, Le\u00e1nyv\u00e1r, Piliscs\u00e9v, Tokod, Tokodalt\u00e1r\u00f3, Csolnok, Esztergom-kertv\u00e1ros: h\u00edrek, programok\",\"publisher\":{\"@id\":\"https:\\\/\\\/dorogimedence.hu\\\/#organization\"},\"potentialAction\":[{\"@type\":\"SearchAction\",\"target\":{\"@type\":\"EntryPoint\",\"urlTemplate\":\"https:\\\/\\\/dorogimedence.hu\\\/?s={search_term_string}\"},\"query-input\":{\"@type\":\"PropertyValueSpecification\",\"valueRequired\":true,\"valueName\":\"search_term_string\"}}],\"inLanguage\":\"hu\"},{\"@type\":\"Organization\",\"@id\":\"https:\\\/\\\/dorogimedence.hu\\\/#organization\",\"name\":\"Dorogi-medence Region\u00e1lis H\u00edrport\u00e1l\",\"url\":\"https:\\\/\\\/dorogimedence.hu\\\/\",\"logo\":{\"@type\":\"ImageObject\",\"inLanguage\":\"hu\",\"@id\":\"https:\\\/\\\/dorogimedence.hu\\\/#\\\/schema\\\/logo\\\/image\\\/\",\"url\":\"https:\\\/\\\/dorogimedence.hu\\\/wp-content\\\/uploads\\\/2021\\\/04\\\/logo-feher-600.png\",\"contentUrl\":\"https:\\\/\\\/dorogimedence.hu\\\/wp-content\\\/uploads\\\/2021\\\/04\\\/logo-feher-600.png\",\"width\":600,\"height\":100,\"caption\":\"Dorogi-medence Region\u00e1lis H\u00edrport\u00e1l\"},\"image\":{\"@id\":\"https:\\\/\\\/dorogimedence.hu\\\/#\\\/schema\\\/logo\\\/image\\\/\"},\"sameAs\":[\"https:\\\/\\\/www.facebook.com\\\/dorogimedence\\\/\"]},{\"@type\":\"Person\",\"@id\":\"https:\\\/\\\/dorogimedence.hu\\\/#\\\/schema\\\/person\\\/ce6091eeb7e95ecdc87890d6aa8e0fd4\",\"name\":\"dorogimedence.hu\",\"image\":{\"@type\":\"ImageObject\",\"inLanguage\":\"hu\",\"@id\":\"\\\/\\\/www.gravatar.com\\\/avatar\\\/d8d45f8901aadff40a4af72c0b826f1d?s=96&#038;r=g&#038;d=mm\",\"url\":\"\\\/\\\/www.gravatar.com\\\/avatar\\\/d8d45f8901aadff40a4af72c0b826f1d?s=96&#038;r=g&#038;d=mm\",\"contentUrl\":\"\\\/\\\/www.gravatar.com\\\/avatar\\\/d8d45f8901aadff40a4af72c0b826f1d?s=96&#038;r=g&#038;d=mm\",\"caption\":\"dorogimedence.hu\"}}]}<\/script>\n<!-- \/ Yoast SEO plugin. -->","yoast_head_json":{"title":"H\u00e1rom esztergomi sportol\u00f3t is t\u00e1mogat id\u00e9n a MOL Alap\u00edtv\u00e1ny","robots":{"index":"index","follow":"follow","max-snippet":"max-snippet:-1","max-image-preview":"max-image-preview:large","max-video-preview":"max-video-preview:-1"},"canonical":"https:\/\/dorogimedence.hu\/index.php\/2020\/06\/18\/harom-esztergomi-sportolot-is-tamogat-iden-a-mol-alapitvany\/","og_locale":"hu_HU","og_type":"article","og_title":"H\u00e1rom esztergomi sportol\u00f3t is t\u00e1mogat id\u00e9n a MOL Alap\u00edtv\u00e1ny","og_description":"K\u00f6zel sz\u00e1z tehets\u00e9ges fiatal sportol\u00f3t d\u00edjazott id\u00e9n is a MOL Alap\u00edtv\u00e1ny \u00f6sszesen 32 milli\u00f3 forint \u00e9rt\u00e9kben. Kom\u00e1rom-Esztergom megy\u00e9b\u0151l Chukwu Hannah Chinyere, Csik\u00f3s Zs\u00f3ka, G\u00e1l Lili \u00e9s Kajt\u00e1r Bence nyerte el a t\u00e1mogat\u00e1st. A MOL Tehets\u00e9gt\u00e1mogat\u00f3 Program Sport p\u00e1ly\u00e1zata els\u0151sorban \u00e1ltal\u00e1nos- vagy k\u00f6z\u00e9piskol\u00e1s di\u00e1koknak ny\u00fajt anyagi seg\u00edts\u00e9get, akik tehets\u00e9ges sportol\u00f3k, \u00e9s orsz\u00e1gos vagy nemzetk\u00f6zi versenyen is","og_url":"https:\/\/dorogimedence.hu\/index.php\/2020\/06\/18\/harom-esztergomi-sportolot-is-tamogat-iden-a-mol-alapitvany\/","og_site_name":"Dorogi-medence Region\u00e1lis H\u00edrport\u00e1l","article_publisher":"https:\/\/www.facebook.com\/dorogimedence\/","article_published_time":"2020-06-18T05:05:43+00:00","article_modified_time":"2020-06-18T05:05:51+00:00","og_image":[{"width":830,"height":450,"url":"https:\/\/i0.wp.com\/dorogimedence.hu\/wp-content\/uploads\/2020\/06\/mol-01.jpg?fit=830%2C450&ssl=1","type":"image\/jpeg"}],"author":"dorogimedence.hu","twitter_card":"summary_large_image","twitter_misc":{"Szerz\u0151:":"dorogimedence.hu","Becs\u00fclt olvas\u00e1si id\u0151":"5 perc"},"schema":{"@context":"https:\/\/schema.org","@graph":[{"@type":"Article","@id":"https:\/\/dorogimedence.hu\/index.php\/2020\/06\/18\/harom-esztergomi-sportolot-is-tamogat-iden-a-mol-alapitvany\/#article","isPartOf":{"@id":"https:\/\/dorogimedence.hu\/index.php\/2020\/06\/18\/harom-esztergomi-sportolot-is-tamogat-iden-a-mol-alapitvany\/"},"author":{"name":"dorogimedence.hu","@id":"https:\/\/dorogimedence.hu\/#\/schema\/person\/ce6091eeb7e95ecdc87890d6aa8e0fd4"},"headline":"H\u00e1rom esztergomi sportol\u00f3t is t\u00e1mogat id\u00e9n a MOL Alap\u00edtv\u00e1ny","datePublished":"2020-06-18T05:05:43+00:00","dateModified":"2020-06-18T05:05:51+00:00","mainEntityOfPage":{"@id":"https:\/\/dorogimedence.hu\/index.php\/2020\/06\/18\/harom-esztergomi-sportolot-is-tamogat-iden-a-mol-alapitvany\/"},"wordCount":1033,"publisher":{"@id":"https:\/\/dorogimedence.hu\/#organization"},"image":{"@id":"https:\/\/dorogimedence.hu\/index.php\/2020\/06\/18\/harom-esztergomi-sportolot-is-tamogat-iden-a-mol-alapitvany\/#primaryimage"},"thumbnailUrl":"https:\/\/dorogimedence.hu\/wp-content\/uploads\/2020\/06\/mol-01.jpg","keywords":["MOL Alap\u00edtv\u00e1ny","sportol\u00f3k","t\u00e1mogat\u00e1s"],"articleSection":["Esztergom","H\u00edrek"],"inLanguage":"hu"},{"@type":"WebPage","@id":"https:\/\/dorogimedence.hu\/index.php\/2020\/06\/18\/harom-esztergomi-sportolot-is-tamogat-iden-a-mol-alapitvany\/","url":"https:\/\/dorogimedence.hu\/index.php\/2020\/06\/18\/harom-esztergomi-sportolot-is-tamogat-iden-a-mol-alapitvany\/","name":"H\u00e1rom esztergomi sportol\u00f3t is t\u00e1mogat id\u00e9n a MOL Alap\u00edtv\u00e1ny","isPartOf":{"@id":"https:\/\/dorogimedence.hu\/#website"},"primaryImageOfPage":{"@id":"https:\/\/dorogimedence.hu\/index.php\/2020\/06\/18\/harom-esztergomi-sportolot-is-tamogat-iden-a-mol-alapitvany\/#primaryimage"},"image":{"@id":"https:\/\/dorogimedence.hu\/index.php\/2020\/06\/18\/harom-esztergomi-sportolot-is-tamogat-iden-a-mol-alapitvany\/#primaryimage"},"thumbnailUrl":"https:\/\/dorogimedence.hu\/wp-content\/uploads\/2020\/06\/mol-01.jpg","datePublished":"2020-06-18T05:05:43+00:00","dateModified":"2020-06-18T05:05:51+00:00","breadcrumb":{"@id":"https:\/\/dorogimedence.hu\/index.php\/2020\/06\/18\/harom-esztergomi-sportolot-is-tamogat-iden-a-mol-alapitvany\/#breadcrumb"},"inLanguage":"hu","potentialAction":[{"@type":"ReadAction","target":["https:\/\/dorogimedence.hu\/index.php\/2020\/06\/18\/harom-esztergomi-sportolot-is-tamogat-iden-a-mol-alapitvany\/"]}]},{"@type":"ImageObject","inLanguage":"hu","@id":"https:\/\/dorogimedence.hu\/index.php\/2020\/06\/18\/harom-esztergomi-sportolot-is-tamogat-iden-a-mol-alapitvany\/#primaryimage","url":"https:\/\/dorogimedence.hu\/wp-content\/uploads\/2020\/06\/mol-01.jpg","contentUrl":"https:\/\/dorogimedence.hu\/wp-content\/uploads\/2020\/06\/mol-01.jpg","width":830,"height":450},{"@type":"BreadcrumbList","@id":"https:\/\/dorogimedence.hu\/index.php\/2020\/06\/18\/harom-esztergomi-sportolot-is-tamogat-iden-a-mol-alapitvany\/#breadcrumb","itemListElement":[{"@type":"ListItem","position":1,"name":"Kezd\u0151lap","item":"https:\/\/dorogimedence.hu\/"},{"@type":"ListItem","position":2,"name":"H\u00e1rom esztergomi sportol\u00f3t is t\u00e1mogat id\u00e9n a MOL Alap\u00edtv\u00e1ny"}]},{"@type":"WebSite","@id":"https:\/\/dorogimedence.hu\/#website","url":"https:\/\/dorogimedence.hu\/","name":"Dorogi-medence Region\u00e1lis H\u00edrport\u00e1l","description":"Dorog, Keszt\u00f6lc, Le\u00e1nyv\u00e1r, Piliscs\u00e9v, Tokod, Tokodalt\u00e1r\u00f3, Csolnok, Esztergom-kertv\u00e1ros: h\u00edrek, programok","publisher":{"@id":"https:\/\/dorogimedence.hu\/#organization"},"potentialAction":[{"@type":"SearchAction","target":{"@type":"EntryPoint","urlTemplate":"https:\/\/dorogimedence.hu\/?s={search_term_string}"},"query-input":{"@type":"PropertyValueSpecification","valueRequired":true,"valueName":"search_term_string"}}],"inLanguage":"hu"},{"@type":"Organization","@id":"https:\/\/dorogimedence.hu\/#organization","name":"Dorogi-medence Region\u00e1lis H\u00edrport\u00e1l","url":"https:\/\/dorogimedence.hu\/","logo":{"@type":"ImageObject","inLanguage":"hu","@id":"https:\/\/dorogimedence.hu\/#\/schema\/logo\/image\/","url":"https:\/\/dorogimedence.hu\/wp-content\/uploads\/2021\/04\/logo-feher-600.png","contentUrl":"https:\/\/dorogimedence.hu\/wp-content\/uploads\/2021\/04\/logo-feher-600.png","width":600,"height":100,"caption":"Dorogi-medence Region\u00e1lis H\u00edrport\u00e1l"},"image":{"@id":"https:\/\/dorogimedence.hu\/#\/schema\/logo\/image\/"},"sameAs":["https:\/\/www.facebook.com\/dorogimedence\/"]},{"@type":"Person","@id":"https:\/\/dorogimedence.hu\/#\/schema\/person\/ce6091eeb7e95ecdc87890d6aa8e0fd4","name":"dorogimedence.hu","image":{"@type":"ImageObject","inLanguage":"hu","@id":"\/\/www.gravatar.com\/avatar\/d8d45f8901aadff40a4af72c0b826f1d?s=96&#038;r=g&#038;d=mm","url":"\/\/www.gravatar.com\/avatar\/d8d45f8901aadff40a4af72c0b826f1d?s=96&#038;r=g&#038;d=mm","contentUrl":"\/\/www.gravatar.com\/avatar\/d8d45f8901aadff40a4af72c0b826f1d?s=96&#038;r=g&#038;d=mm","caption":"dorogimedence.hu"}}]}},"_links":{"self":[{"href":"https:\/\/dorogimedence.hu\/index.php\/wp-json\/wp\/v2\/posts\/25635","targetHints":{"allow":["GET"]}}],"collection":[{"href":"https:\/\/dorogimedence.hu\/index.php\/wp-json\/wp\/v2\/posts"}],"about":[{"href":"https:\/\/dorogimedence.hu\/index.php\/wp-json\/wp\/v2\/types\/post"}],"author":[{"embeddable":true,"href":"https:\/\/dorogimedence.hu\/index.php\/wp-json\/wp\/v2\/users\/1"}],"replies":[{"embeddable":true,"href":"https:\/\/dorogimedence.hu\/index.php\/wp-json\/wp\/v2\/comments?post=25635"}],"version-history":[{"count":0,"href":"https:\/\/dorogimedence.hu\/index.php\/wp-json\/wp\/v2\/posts\/25635\/revisions"}],"wp:featuredmedia":[{"embeddable":true,"href":"https:\/\/dorogimedence.hu\/index.php\/wp-json\/wp\/v2\/media\/25636"}],"wp:attachment":[{"href":"https:\/\/dorogimedence.hu\/index.php\/wp-json\/wp\/v2\/media?parent=25635"}],"wp:term":[{"taxonomy":"category","embeddable":true,"href":"https:\/\/dorogimedence.hu\/index.php\/wp-json\/wp\/v2\/categories?post=25635"},{"taxonomy":"post_tag","embeddable":true,"href":"https:\/\/dorogimedence.hu\/index.php\/wp-json\/wp\/v2\/tags?post=25635"}],"curies":[{"name":"wp","href":"https:\/\/api.w.org\/{rel}","templated":true}]}}