{"id":25490,"date":"2020-06-11T07:04:51","date_gmt":"2020-06-11T05:04:51","guid":{"rendered":"http:\/\/dorogimedence.hu\/?p=25490"},"modified":"2020-06-11T07:22:08","modified_gmt":"2020-06-11T05:22:08","slug":"fejlesztesi-forrasokra-palyazhatnak-falusi-civil-szervezetek","status":"publish","type":"post","link":"https:\/\/dorogimedence.hu\/index.php\/2020\/06\/11\/fejlesztesi-forrasokra-palyazhatnak-falusi-civil-szervezetek\/","title":{"rendered":"Fejleszt\u00e9si forr\u00e1sokra p\u00e1ly\u00e1zhatnak falusi civil szervezetek"},"content":{"rendered":"<div class=\"item_introtext\">\n<p><strong>Megjelentek a falusi civil szervezetek sz\u00e1m\u00e1ra a Magyar Falu program keret\u00e9ben ki\u00edrt &#8211; \u00f6tmilli\u00e1rd forint keret\u00f6sszeg\u0171 &#8211; p\u00e1ly\u00e1zati lehet\u0151s\u00e9gek<\/strong> <em>&#8211; jelentette be a modern telep\u00fcl\u00e9sek fejleszt\u00e9s\u00e9\u00e9rt felel\u0151s korm\u00e1nybiztos h\u00e9tf\u0151n sajt\u00f3t\u00e1j\u00e9koztat\u00f3n, Budapesten.<\/em><\/p>\n<\/div>\n<div class=\"item_fulltext\">\n<p>Gyop\u00e1ros Alp\u00e1r k\u00f6z\u00f6lte: a ki\u00edr\u00e1s m\u00e1r el\u00e9rhet\u0151 a korm\u00e1ny \u00e9s a Bethlen G\u00e1bor Alapkezel\u0151 honlapj\u00e1n. A p\u00e1ly\u00e1zatokat j\u00falius 1-j\u00e9t\u0151l lehet beny\u00fajtani augusztus 7-\u00e9ig.<\/p>\n<p>T\u00e1j\u00e9koztat\u00e1sa szerint az \u00f6tezer f\u0151 alatti telep\u00fcl\u00e9seken m\u0171k\u00f6d\u0151 civil szervezetek t\u00e1mogat\u00e1s\u00e1val tov\u00e1bb b\u0151v\u00fcl a Magyar Falu program kedvezm\u00e9nyezetti k\u00f6re.<\/p>\n<p>&#8222;\u0150k rendk\u00edv\u00fcl fontos munk\u00e1t v\u00e9geznek a kistelep\u00fcl\u00e9seken&#8221; &#8211; hangs\u00falyozta a korm\u00e1nybiztos. \u00dagy fogalmazott: ez\u00e9rt a korm\u00e1ny nemcsak honor\u00e1lni, hanem \u00f6szt\u00f6n\u00f6zni is k\u00edv\u00e1nja k\u00f6z\u00f6ss\u00e9g\u00e9p\u00edt\u0151 munk\u00e1jukat. &nbsp;&nbsp;&nbsp;&nbsp;Gyop\u00e1ros Alp\u00e1r a program b\u0151v\u00edt\u00e9s\u00e9nek sz\u00fcks\u00e9gess\u00e9g\u00e9r\u0151l sz\u00f3lva azt mondta: a Gyurcs\u00e1ny- \u00e9s Bajnai-korm\u00e1nyok idej\u00e9n &#8222;tudatos falurombol\u00e1s&#8221; zajlott, aminek k\u00f6vetkezt\u00e9ben &#8222;nagyon nagym\u00e9rv\u0171&#8221; elv\u00e1ndorl\u00e1s indult meg a falvakb\u00f3l, \u00e9s nagyj\u00e1b\u00f3l egy \u00e9vtized alatt drasztikusan cs\u00f6kkent a kistelep\u00fcl\u00e9sek l\u00e9leksz\u00e1ma.<\/p>\n<p>&#8222;Ez\u00e9rt kellett meghirdet\u00fcnk a Magyar Falu programot&#8221; &#8211; mutatott r\u00e1 a korm\u00e1nybiztos, aki annak eredm\u00e9nyei k\u00f6z\u00f6tt eml\u00edtette, hogy f\u00e9l \u00e9v alatt mintegy t\u00edzezer csal\u00e1d ig\u00e9nyelte a falusi csok-ot, k\u00e9t \u00e9v alatt 100 milli\u00e1rd forint \u00e9rt\u00e9kben mintegy 800 kilom\u00e9ter mell\u00e9k\u00fat \u00fajul meg.<\/p>\n<p>A kistelep\u00fcl\u00e9si \u00f6nkorm\u00e1nyzatok \u00e9s egyh\u00e1zk\u00f6zs\u00e9gek r\u00e9sz\u00e9re id\u00e9n \u00e9s tavaly is sz\u00e1mos p\u00e1ly\u00e1zati lehet\u0151s\u00e9get hirdettek meg \u00f6sszesen 100 milli\u00e1rd forint \u00e9rt\u00e9kben &#8211; eleven\u00edtette fel Gyop\u00e1ros Alp\u00e1r.<\/p>\n<p>Szalay-Bobrovniczky Vince civil \u00e9s t\u00e1rsadalmi kapcsolatok\u00e9rt felel\u0151s helyettes \u00e1llamtitk\u00e1r a r\u00e9szletekr\u0151l elmondta: hatmilli\u00f3 forintos \u00e9rt\u00e9khat\u00e1rig ingatlanv\u00e1s\u00e1rl\u00e1s\u00e1ra \u00e9s fel\u00faj\u00edt\u00e1s\u00e1ra, n\u00e9gymilli\u00f3 forintig \u00faj \u00e9s t\u00edz \u00e9vn\u00e9l nem id\u0151sebb haszn\u00e1lt g\u00e9pj\u00e1rm\u0171vek beszerz\u00e9s\u00e9re, k\u00e9tmilli\u00f3 forintig egy\u00e9b eszk\u00f6z\u00f6k megv\u00e1s\u00e1rl\u00e1s\u00e1ra, valamint programszervez\u00e9sre szint\u00e9n k\u00e9tmilli\u00f3 forintig lehet p\u00e1ly\u00e1zni.<\/p>\n<p>A p\u00e1ly\u00e1z\u00f3k j\u00fanius folyam\u00e1n tanulm\u00e1nyozhatj\u00e1k a ki\u00edr\u00e1st, a p\u00e1ly\u00e1zatokat j\u00falius elsej\u00e9t\u0151l augusztus 7-\u00e9ig lehet beny\u00fajtani, azok elb\u00edr\u00e1l\u00e1sa ut\u00e1n a tervek szerint okt\u00f3ber-novemberben lehet megk\u00f6tni a t\u00e1mogat\u00f3i szerz\u0151d\u00e9seket &#8211; ismertetette menetrendet a politikus.<\/p>\n<p>A tov\u00e1bbi felt\u00e9telekr\u0151l Szalay-Bobrovniczky Vince kifejtette: azok a szervezetek p\u00e1ly\u00e1zhatnak, amelyeket tavaly \u00e9v v\u00e9g\u00e9ig jegyeztek be az Orsz\u00e1gos B\u00edr\u00f3s\u00e1gi Hivataln\u00e1l, illetve \u00e9rv\u00e9nyes sz\u00e1mviteli besz\u00e1mol\u00f3val rendelkeznek legal\u00e1bb a 2018-as \u00e9vr\u0151l. A p\u00e1ly\u00e1zatokat 2021. december 31-\u00e9ig kell megval\u00f3s\u00edtani.<\/p>\n<p>Szalay-Bobrovniczky Vince egy\u00fattal arra k\u00e9rte a p\u00e1ly\u00e1z\u00f3kat, hogy alaposan tanulm\u00e1nyozz\u00e1k \u00e1t a ki\u00edr\u00e1st, majd \u00f6sszegz\u00e9sk\u00e9nt kiemelte: azok seg\u00edts\u00e9g\u00e9vel olyan fejleszt\u00e9seket lehet megval\u00f3s\u00edtani, amelyeknek &#8222;tart\u00f3s a hat\u00e1sa&#8221;.<\/p>\n<p><em>Forr\u00e1s: MTI<\/em><\/p>\n<\/div>\n","protected":false},"excerpt":{"rendered":"<p>Megjelentek a falusi civil szervezetek sz\u00e1m\u00e1ra a Magyar Falu program keret\u00e9ben ki\u00edrt &#8211; \u00f6tmilli\u00e1rd forint keret\u00f6sszeg\u0171 &#8211; p\u00e1ly\u00e1zati lehet\u0151s\u00e9gek &#8211; jelentette be a modern telep\u00fcl\u00e9sek fejleszt\u00e9s\u00e9\u00e9rt felel\u0151s korm\u00e1nybiztos h\u00e9tf\u0151n sajt\u00f3t\u00e1j\u00e9koztat\u00f3n, Budapesten. Gyop\u00e1ros Alp\u00e1r k\u00f6z\u00f6lte: a ki\u00edr\u00e1s m\u00e1r el\u00e9rhet\u0151 a korm\u00e1ny \u00e9s a Bethlen G\u00e1bor Alapkezel\u0151 honlapj\u00e1n. A p\u00e1ly\u00e1zatokat j\u00falius 1-j\u00e9t\u0151l lehet beny\u00fajtani augusztus 7-\u00e9ig. T\u00e1j\u00e9koztat\u00e1sa<\/p>\n","protected":false},"author":1,"featured_media":17959,"comment_status":"closed","ping_status":"closed","sticky":false,"template":"","format":"standard","meta":{"ngg_post_thumbnail":0,"footnotes":""},"categories":[3],"tags":[4054,74],"class_list":{"0":"post-25490","1":"post","2":"type-post","3":"status-publish","4":"format-standard","5":"has-post-thumbnail","7":"category-hirek","8":"tag-magyar-falu-program","9":"tag-palyazat"},"yoast_head":"<!-- This site is optimized with the Yoast SEO plugin v27.5 - https:\/\/yoast.com\/product\/yoast-seo-wordpress\/ -->\n<title>Fejleszt\u00e9si forr\u00e1sokra p\u00e1ly\u00e1zhatnak falusi civil szervezetek<\/title>\n<meta name=\"robots\" content=\"index, follow, max-snippet:-1, max-image-preview:large, max-video-preview:-1\" \/>\n<link rel=\"canonical\" href=\"https:\/\/dorogimedence.hu\/index.php\/2020\/06\/11\/fejlesztesi-forrasokra-palyazhatnak-falusi-civil-szervezetek\/\" class=\"yoast-seo-meta-tag\" \/>\n<meta property=\"og:locale\" content=\"hu_HU\" class=\"yoast-seo-meta-tag\" \/>\n<meta property=\"og:type\" content=\"article\" class=\"yoast-seo-meta-tag\" \/>\n<meta property=\"og:title\" content=\"Fejleszt\u00e9si forr\u00e1sokra p\u00e1ly\u00e1zhatnak falusi civil szervezetek\" class=\"yoast-seo-meta-tag\" \/>\n<meta property=\"og:description\" content=\"Megjelentek a falusi civil szervezetek sz\u00e1m\u00e1ra a Magyar Falu program keret\u00e9ben ki\u00edrt &#8211; \u00f6tmilli\u00e1rd forint keret\u00f6sszeg\u0171 &#8211; p\u00e1ly\u00e1zati lehet\u0151s\u00e9gek &#8211; jelentette be a modern telep\u00fcl\u00e9sek fejleszt\u00e9s\u00e9\u00e9rt felel\u0151s korm\u00e1nybiztos h\u00e9tf\u0151n sajt\u00f3t\u00e1j\u00e9koztat\u00f3n, Budapesten. Gyop\u00e1ros Alp\u00e1r k\u00f6z\u00f6lte: a ki\u00edr\u00e1s m\u00e1r el\u00e9rhet\u0151 a korm\u00e1ny \u00e9s a Bethlen G\u00e1bor Alapkezel\u0151 honlapj\u00e1n. A p\u00e1ly\u00e1zatokat j\u00falius 1-j\u00e9t\u0151l lehet beny\u00fajtani augusztus 7-\u00e9ig. T\u00e1j\u00e9koztat\u00e1sa\" class=\"yoast-seo-meta-tag\" \/>\n<meta property=\"og:url\" content=\"https:\/\/dorogimedence.hu\/index.php\/2020\/06\/11\/fejlesztesi-forrasokra-palyazhatnak-falusi-civil-szervezetek\/\" class=\"yoast-seo-meta-tag\" \/>\n<meta property=\"og:site_name\" content=\"Dorogi-medence Region\u00e1lis H\u00edrport\u00e1l\" class=\"yoast-seo-meta-tag\" \/>\n<meta property=\"article:publisher\" content=\"https:\/\/www.facebook.com\/dorogimedence\/\" class=\"yoast-seo-meta-tag\" \/>\n<meta property=\"article:published_time\" content=\"2020-06-11T05:04:51+00:00\" class=\"yoast-seo-meta-tag\" \/>\n<meta property=\"article:modified_time\" content=\"2020-06-11T05:22:08+00:00\" class=\"yoast-seo-meta-tag\" \/>\n<meta property=\"og:image\" content=\"https:\/\/i0.wp.com\/dorogimedence.hu\/wp-content\/uploads\/2019\/07\/magyarfaluprogram.jpg?fit=670%2C365&ssl=1\" class=\"yoast-seo-meta-tag\" \/>\n\t<meta property=\"og:image:width\" content=\"670\" class=\"yoast-seo-meta-tag\" \/>\n\t<meta property=\"og:image:height\" content=\"365\" class=\"yoast-seo-meta-tag\" \/>\n\t<meta property=\"og:image:type\" content=\"image\/jpeg\" class=\"yoast-seo-meta-tag\" \/>\n<meta name=\"author\" content=\"dorogimedence.hu\" class=\"yoast-seo-meta-tag\" \/>\n<meta name=\"twitter:card\" content=\"summary_large_image\" class=\"yoast-seo-meta-tag\" \/>\n<meta name=\"twitter:label1\" content=\"Szerz\u0151:\" class=\"yoast-seo-meta-tag\" \/>\n\t<meta name=\"twitter:data1\" content=\"dorogimedence.hu\" class=\"yoast-seo-meta-tag\" \/>\n\t<meta name=\"twitter:label2\" content=\"Becs\u00fclt olvas\u00e1si id\u0151\" class=\"yoast-seo-meta-tag\" \/>\n\t<meta name=\"twitter:data2\" content=\"3 perc\" class=\"yoast-seo-meta-tag\" \/>\n<script type=\"application\/ld+json\" class=\"yoast-schema-graph\">{\"@context\":\"https:\\\/\\\/schema.org\",\"@graph\":[{\"@type\":\"Article\",\"@id\":\"https:\\\/\\\/dorogimedence.hu\\\/index.php\\\/2020\\\/06\\\/11\\\/fejlesztesi-forrasokra-palyazhatnak-falusi-civil-szervezetek\\\/#article\",\"isPartOf\":{\"@id\":\"https:\\\/\\\/dorogimedence.hu\\\/index.php\\\/2020\\\/06\\\/11\\\/fejlesztesi-forrasokra-palyazhatnak-falusi-civil-szervezetek\\\/\"},\"author\":{\"name\":\"dorogimedence.hu\",\"@id\":\"https:\\\/\\\/dorogimedence.hu\\\/#\\\/schema\\\/person\\\/ce6091eeb7e95ecdc87890d6aa8e0fd4\"},\"headline\":\"Fejleszt\u00e9si forr\u00e1sokra p\u00e1ly\u00e1zhatnak falusi civil szervezetek\",\"datePublished\":\"2020-06-11T05:04:51+00:00\",\"dateModified\":\"2020-06-11T05:22:08+00:00\",\"mainEntityOfPage\":{\"@id\":\"https:\\\/\\\/dorogimedence.hu\\\/index.php\\\/2020\\\/06\\\/11\\\/fejlesztesi-forrasokra-palyazhatnak-falusi-civil-szervezetek\\\/\"},\"wordCount\":595,\"publisher\":{\"@id\":\"https:\\\/\\\/dorogimedence.hu\\\/#organization\"},\"image\":{\"@id\":\"https:\\\/\\\/dorogimedence.hu\\\/index.php\\\/2020\\\/06\\\/11\\\/fejlesztesi-forrasokra-palyazhatnak-falusi-civil-szervezetek\\\/#primaryimage\"},\"thumbnailUrl\":\"https:\\\/\\\/dorogimedence.hu\\\/wp-content\\\/uploads\\\/2019\\\/07\\\/magyarfaluprogram.jpg\",\"keywords\":[\"magyar falu program\",\"p\u00e1ly\u00e1zat\"],\"articleSection\":[\"H\u00edrek\"],\"inLanguage\":\"hu\"},{\"@type\":\"WebPage\",\"@id\":\"https:\\\/\\\/dorogimedence.hu\\\/index.php\\\/2020\\\/06\\\/11\\\/fejlesztesi-forrasokra-palyazhatnak-falusi-civil-szervezetek\\\/\",\"url\":\"https:\\\/\\\/dorogimedence.hu\\\/index.php\\\/2020\\\/06\\\/11\\\/fejlesztesi-forrasokra-palyazhatnak-falusi-civil-szervezetek\\\/\",\"name\":\"Fejleszt\u00e9si forr\u00e1sokra p\u00e1ly\u00e1zhatnak falusi civil szervezetek\",\"isPartOf\":{\"@id\":\"https:\\\/\\\/dorogimedence.hu\\\/#website\"},\"primaryImageOfPage\":{\"@id\":\"https:\\\/\\\/dorogimedence.hu\\\/index.php\\\/2020\\\/06\\\/11\\\/fejlesztesi-forrasokra-palyazhatnak-falusi-civil-szervezetek\\\/#primaryimage\"},\"image\":{\"@id\":\"https:\\\/\\\/dorogimedence.hu\\\/index.php\\\/2020\\\/06\\\/11\\\/fejlesztesi-forrasokra-palyazhatnak-falusi-civil-szervezetek\\\/#primaryimage\"},\"thumbnailUrl\":\"https:\\\/\\\/dorogimedence.hu\\\/wp-content\\\/uploads\\\/2019\\\/07\\\/magyarfaluprogram.jpg\",\"datePublished\":\"2020-06-11T05:04:51+00:00\",\"dateModified\":\"2020-06-11T05:22:08+00:00\",\"breadcrumb\":{\"@id\":\"https:\\\/\\\/dorogimedence.hu\\\/index.php\\\/2020\\\/06\\\/11\\\/fejlesztesi-forrasokra-palyazhatnak-falusi-civil-szervezetek\\\/#breadcrumb\"},\"inLanguage\":\"hu\",\"potentialAction\":[{\"@type\":\"ReadAction\",\"target\":[\"https:\\\/\\\/dorogimedence.hu\\\/index.php\\\/2020\\\/06\\\/11\\\/fejlesztesi-forrasokra-palyazhatnak-falusi-civil-szervezetek\\\/\"]}]},{\"@type\":\"ImageObject\",\"inLanguage\":\"hu\",\"@id\":\"https:\\\/\\\/dorogimedence.hu\\\/index.php\\\/2020\\\/06\\\/11\\\/fejlesztesi-forrasokra-palyazhatnak-falusi-civil-szervezetek\\\/#primaryimage\",\"url\":\"https:\\\/\\\/dorogimedence.hu\\\/wp-content\\\/uploads\\\/2019\\\/07\\\/magyarfaluprogram.jpg\",\"contentUrl\":\"https:\\\/\\\/dorogimedence.hu\\\/wp-content\\\/uploads\\\/2019\\\/07\\\/magyarfaluprogram.jpg\",\"width\":670,\"height\":365},{\"@type\":\"BreadcrumbList\",\"@id\":\"https:\\\/\\\/dorogimedence.hu\\\/index.php\\\/2020\\\/06\\\/11\\\/fejlesztesi-forrasokra-palyazhatnak-falusi-civil-szervezetek\\\/#breadcrumb\",\"itemListElement\":[{\"@type\":\"ListItem\",\"position\":1,\"name\":\"Kezd\u0151lap\",\"item\":\"https:\\\/\\\/dorogimedence.hu\\\/\"},{\"@type\":\"ListItem\",\"position\":2,\"name\":\"Fejleszt\u00e9si forr\u00e1sokra p\u00e1ly\u00e1zhatnak falusi civil szervezetek\"}]},{\"@type\":\"WebSite\",\"@id\":\"https:\\\/\\\/dorogimedence.hu\\\/#website\",\"url\":\"https:\\\/\\\/dorogimedence.hu\\\/\",\"name\":\"Dorogi-medence Region\u00e1lis H\u00edrport\u00e1l\",\"description\":\"Dorog, Keszt\u00f6lc, Le\u00e1nyv\u00e1r, Piliscs\u00e9v, Tokod, Tokodalt\u00e1r\u00f3, Csolnok, Esztergom-kertv\u00e1ros: h\u00edrek, programok\",\"publisher\":{\"@id\":\"https:\\\/\\\/dorogimedence.hu\\\/#organization\"},\"potentialAction\":[{\"@type\":\"SearchAction\",\"target\":{\"@type\":\"EntryPoint\",\"urlTemplate\":\"https:\\\/\\\/dorogimedence.hu\\\/?s={search_term_string}\"},\"query-input\":{\"@type\":\"PropertyValueSpecification\",\"valueRequired\":true,\"valueName\":\"search_term_string\"}}],\"inLanguage\":\"hu\"},{\"@type\":\"Organization\",\"@id\":\"https:\\\/\\\/dorogimedence.hu\\\/#organization\",\"name\":\"Dorogi-medence Region\u00e1lis H\u00edrport\u00e1l\",\"url\":\"https:\\\/\\\/dorogimedence.hu\\\/\",\"logo\":{\"@type\":\"ImageObject\",\"inLanguage\":\"hu\",\"@id\":\"https:\\\/\\\/dorogimedence.hu\\\/#\\\/schema\\\/logo\\\/image\\\/\",\"url\":\"https:\\\/\\\/dorogimedence.hu\\\/wp-content\\\/uploads\\\/2021\\\/04\\\/logo-feher-600.png\",\"contentUrl\":\"https:\\\/\\\/dorogimedence.hu\\\/wp-content\\\/uploads\\\/2021\\\/04\\\/logo-feher-600.png\",\"width\":600,\"height\":100,\"caption\":\"Dorogi-medence Region\u00e1lis H\u00edrport\u00e1l\"},\"image\":{\"@id\":\"https:\\\/\\\/dorogimedence.hu\\\/#\\\/schema\\\/logo\\\/image\\\/\"},\"sameAs\":[\"https:\\\/\\\/www.facebook.com\\\/dorogimedence\\\/\"]},{\"@type\":\"Person\",\"@id\":\"https:\\\/\\\/dorogimedence.hu\\\/#\\\/schema\\\/person\\\/ce6091eeb7e95ecdc87890d6aa8e0fd4\",\"name\":\"dorogimedence.hu\",\"image\":{\"@type\":\"ImageObject\",\"inLanguage\":\"hu\",\"@id\":\"\\\/\\\/www.gravatar.com\\\/avatar\\\/d8d45f8901aadff40a4af72c0b826f1d?s=96&#038;r=g&#038;d=mm\",\"url\":\"\\\/\\\/www.gravatar.com\\\/avatar\\\/d8d45f8901aadff40a4af72c0b826f1d?s=96&#038;r=g&#038;d=mm\",\"contentUrl\":\"\\\/\\\/www.gravatar.com\\\/avatar\\\/d8d45f8901aadff40a4af72c0b826f1d?s=96&#038;r=g&#038;d=mm\",\"caption\":\"dorogimedence.hu\"}}]}<\/script>\n<!-- \/ Yoast SEO plugin. -->","yoast_head_json":{"title":"Fejleszt\u00e9si forr\u00e1sokra p\u00e1ly\u00e1zhatnak falusi civil szervezetek","robots":{"index":"index","follow":"follow","max-snippet":"max-snippet:-1","max-image-preview":"max-image-preview:large","max-video-preview":"max-video-preview:-1"},"canonical":"https:\/\/dorogimedence.hu\/index.php\/2020\/06\/11\/fejlesztesi-forrasokra-palyazhatnak-falusi-civil-szervezetek\/","og_locale":"hu_HU","og_type":"article","og_title":"Fejleszt\u00e9si forr\u00e1sokra p\u00e1ly\u00e1zhatnak falusi civil szervezetek","og_description":"Megjelentek a falusi civil szervezetek sz\u00e1m\u00e1ra a Magyar Falu program keret\u00e9ben ki\u00edrt &#8211; \u00f6tmilli\u00e1rd forint keret\u00f6sszeg\u0171 &#8211; p\u00e1ly\u00e1zati lehet\u0151s\u00e9gek &#8211; jelentette be a modern telep\u00fcl\u00e9sek fejleszt\u00e9s\u00e9\u00e9rt felel\u0151s korm\u00e1nybiztos h\u00e9tf\u0151n sajt\u00f3t\u00e1j\u00e9koztat\u00f3n, Budapesten. Gyop\u00e1ros Alp\u00e1r k\u00f6z\u00f6lte: a ki\u00edr\u00e1s m\u00e1r el\u00e9rhet\u0151 a korm\u00e1ny \u00e9s a Bethlen G\u00e1bor Alapkezel\u0151 honlapj\u00e1n. A p\u00e1ly\u00e1zatokat j\u00falius 1-j\u00e9t\u0151l lehet beny\u00fajtani augusztus 7-\u00e9ig. T\u00e1j\u00e9koztat\u00e1sa","og_url":"https:\/\/dorogimedence.hu\/index.php\/2020\/06\/11\/fejlesztesi-forrasokra-palyazhatnak-falusi-civil-szervezetek\/","og_site_name":"Dorogi-medence Region\u00e1lis H\u00edrport\u00e1l","article_publisher":"https:\/\/www.facebook.com\/dorogimedence\/","article_published_time":"2020-06-11T05:04:51+00:00","article_modified_time":"2020-06-11T05:22:08+00:00","og_image":[{"width":670,"height":365,"url":"https:\/\/i0.wp.com\/dorogimedence.hu\/wp-content\/uploads\/2019\/07\/magyarfaluprogram.jpg?fit=670%2C365&ssl=1","type":"image\/jpeg"}],"author":"dorogimedence.hu","twitter_card":"summary_large_image","twitter_misc":{"Szerz\u0151:":"dorogimedence.hu","Becs\u00fclt olvas\u00e1si id\u0151":"3 perc"},"schema":{"@context":"https:\/\/schema.org","@graph":[{"@type":"Article","@id":"https:\/\/dorogimedence.hu\/index.php\/2020\/06\/11\/fejlesztesi-forrasokra-palyazhatnak-falusi-civil-szervezetek\/#article","isPartOf":{"@id":"https:\/\/dorogimedence.hu\/index.php\/2020\/06\/11\/fejlesztesi-forrasokra-palyazhatnak-falusi-civil-szervezetek\/"},"author":{"name":"dorogimedence.hu","@id":"https:\/\/dorogimedence.hu\/#\/schema\/person\/ce6091eeb7e95ecdc87890d6aa8e0fd4"},"headline":"Fejleszt\u00e9si forr\u00e1sokra p\u00e1ly\u00e1zhatnak falusi civil szervezetek","datePublished":"2020-06-11T05:04:51+00:00","dateModified":"2020-06-11T05:22:08+00:00","mainEntityOfPage":{"@id":"https:\/\/dorogimedence.hu\/index.php\/2020\/06\/11\/fejlesztesi-forrasokra-palyazhatnak-falusi-civil-szervezetek\/"},"wordCount":595,"publisher":{"@id":"https:\/\/dorogimedence.hu\/#organization"},"image":{"@id":"https:\/\/dorogimedence.hu\/index.php\/2020\/06\/11\/fejlesztesi-forrasokra-palyazhatnak-falusi-civil-szervezetek\/#primaryimage"},"thumbnailUrl":"https:\/\/dorogimedence.hu\/wp-content\/uploads\/2019\/07\/magyarfaluprogram.jpg","keywords":["magyar falu program","p\u00e1ly\u00e1zat"],"articleSection":["H\u00edrek"],"inLanguage":"hu"},{"@type":"WebPage","@id":"https:\/\/dorogimedence.hu\/index.php\/2020\/06\/11\/fejlesztesi-forrasokra-palyazhatnak-falusi-civil-szervezetek\/","url":"https:\/\/dorogimedence.hu\/index.php\/2020\/06\/11\/fejlesztesi-forrasokra-palyazhatnak-falusi-civil-szervezetek\/","name":"Fejleszt\u00e9si forr\u00e1sokra p\u00e1ly\u00e1zhatnak falusi civil szervezetek","isPartOf":{"@id":"https:\/\/dorogimedence.hu\/#website"},"primaryImageOfPage":{"@id":"https:\/\/dorogimedence.hu\/index.php\/2020\/06\/11\/fejlesztesi-forrasokra-palyazhatnak-falusi-civil-szervezetek\/#primaryimage"},"image":{"@id":"https:\/\/dorogimedence.hu\/index.php\/2020\/06\/11\/fejlesztesi-forrasokra-palyazhatnak-falusi-civil-szervezetek\/#primaryimage"},"thumbnailUrl":"https:\/\/dorogimedence.hu\/wp-content\/uploads\/2019\/07\/magyarfaluprogram.jpg","datePublished":"2020-06-11T05:04:51+00:00","dateModified":"2020-06-11T05:22:08+00:00","breadcrumb":{"@id":"https:\/\/dorogimedence.hu\/index.php\/2020\/06\/11\/fejlesztesi-forrasokra-palyazhatnak-falusi-civil-szervezetek\/#breadcrumb"},"inLanguage":"hu","potentialAction":[{"@type":"ReadAction","target":["https:\/\/dorogimedence.hu\/index.php\/2020\/06\/11\/fejlesztesi-forrasokra-palyazhatnak-falusi-civil-szervezetek\/"]}]},{"@type":"ImageObject","inLanguage":"hu","@id":"https:\/\/dorogimedence.hu\/index.php\/2020\/06\/11\/fejlesztesi-forrasokra-palyazhatnak-falusi-civil-szervezetek\/#primaryimage","url":"https:\/\/dorogimedence.hu\/wp-content\/uploads\/2019\/07\/magyarfaluprogram.jpg","contentUrl":"https:\/\/dorogimedence.hu\/wp-content\/uploads\/2019\/07\/magyarfaluprogram.jpg","width":670,"height":365},{"@type":"BreadcrumbList","@id":"https:\/\/dorogimedence.hu\/index.php\/2020\/06\/11\/fejlesztesi-forrasokra-palyazhatnak-falusi-civil-szervezetek\/#breadcrumb","itemListElement":[{"@type":"ListItem","position":1,"name":"Kezd\u0151lap","item":"https:\/\/dorogimedence.hu\/"},{"@type":"ListItem","position":2,"name":"Fejleszt\u00e9si forr\u00e1sokra p\u00e1ly\u00e1zhatnak falusi civil szervezetek"}]},{"@type":"WebSite","@id":"https:\/\/dorogimedence.hu\/#website","url":"https:\/\/dorogimedence.hu\/","name":"Dorogi-medence Region\u00e1lis H\u00edrport\u00e1l","description":"Dorog, Keszt\u00f6lc, Le\u00e1nyv\u00e1r, Piliscs\u00e9v, Tokod, Tokodalt\u00e1r\u00f3, Csolnok, Esztergom-kertv\u00e1ros: h\u00edrek, programok","publisher":{"@id":"https:\/\/dorogimedence.hu\/#organization"},"potentialAction":[{"@type":"SearchAction","target":{"@type":"EntryPoint","urlTemplate":"https:\/\/dorogimedence.hu\/?s={search_term_string}"},"query-input":{"@type":"PropertyValueSpecification","valueRequired":true,"valueName":"search_term_string"}}],"inLanguage":"hu"},{"@type":"Organization","@id":"https:\/\/dorogimedence.hu\/#organization","name":"Dorogi-medence Region\u00e1lis H\u00edrport\u00e1l","url":"https:\/\/dorogimedence.hu\/","logo":{"@type":"ImageObject","inLanguage":"hu","@id":"https:\/\/dorogimedence.hu\/#\/schema\/logo\/image\/","url":"https:\/\/dorogimedence.hu\/wp-content\/uploads\/2021\/04\/logo-feher-600.png","contentUrl":"https:\/\/dorogimedence.hu\/wp-content\/uploads\/2021\/04\/logo-feher-600.png","width":600,"height":100,"caption":"Dorogi-medence Region\u00e1lis H\u00edrport\u00e1l"},"image":{"@id":"https:\/\/dorogimedence.hu\/#\/schema\/logo\/image\/"},"sameAs":["https:\/\/www.facebook.com\/dorogimedence\/"]},{"@type":"Person","@id":"https:\/\/dorogimedence.hu\/#\/schema\/person\/ce6091eeb7e95ecdc87890d6aa8e0fd4","name":"dorogimedence.hu","image":{"@type":"ImageObject","inLanguage":"hu","@id":"\/\/www.gravatar.com\/avatar\/d8d45f8901aadff40a4af72c0b826f1d?s=96&#038;r=g&#038;d=mm","url":"\/\/www.gravatar.com\/avatar\/d8d45f8901aadff40a4af72c0b826f1d?s=96&#038;r=g&#038;d=mm","contentUrl":"\/\/www.gravatar.com\/avatar\/d8d45f8901aadff40a4af72c0b826f1d?s=96&#038;r=g&#038;d=mm","caption":"dorogimedence.hu"}}]}},"_links":{"self":[{"href":"https:\/\/dorogimedence.hu\/index.php\/wp-json\/wp\/v2\/posts\/25490","targetHints":{"allow":["GET"]}}],"collection":[{"href":"https:\/\/dorogimedence.hu\/index.php\/wp-json\/wp\/v2\/posts"}],"about":[{"href":"https:\/\/dorogimedence.hu\/index.php\/wp-json\/wp\/v2\/types\/post"}],"author":[{"embeddable":true,"href":"https:\/\/dorogimedence.hu\/index.php\/wp-json\/wp\/v2\/users\/1"}],"replies":[{"embeddable":true,"href":"https:\/\/dorogimedence.hu\/index.php\/wp-json\/wp\/v2\/comments?post=25490"}],"version-history":[{"count":0,"href":"https:\/\/dorogimedence.hu\/index.php\/wp-json\/wp\/v2\/posts\/25490\/revisions"}],"wp:featuredmedia":[{"embeddable":true,"href":"https:\/\/dorogimedence.hu\/index.php\/wp-json\/wp\/v2\/media\/17959"}],"wp:attachment":[{"href":"https:\/\/dorogimedence.hu\/index.php\/wp-json\/wp\/v2\/media?parent=25490"}],"wp:term":[{"taxonomy":"category","embeddable":true,"href":"https:\/\/dorogimedence.hu\/index.php\/wp-json\/wp\/v2\/categories?post=25490"},{"taxonomy":"post_tag","embeddable":true,"href":"https:\/\/dorogimedence.hu\/index.php\/wp-json\/wp\/v2\/tags?post=25490"}],"curies":[{"name":"wp","href":"https:\/\/api.w.org\/{rel}","templated":true}]}}