{"id":25391,"date":"2020-06-06T05:43:14","date_gmt":"2020-06-06T03:43:14","guid":{"rendered":"http:\/\/dorogimedence.hu\/?p=25391"},"modified":"2020-06-06T05:43:35","modified_gmt":"2020-06-06T03:43:35","slug":"mulandosag-es-ujjaeledes-mint-szenzacio-a-viragzo-katasztrofaturizmus","status":"publish","type":"post","link":"https:\/\/dorogimedence.hu\/index.php\/2020\/06\/06\/mulandosag-es-ujjaeledes-mint-szenzacio-a-viragzo-katasztrofaturizmus\/","title":{"rendered":"Muland\u00f3s\u00e1g \u00e9s \u00fajj\u00e1\u00e9led\u00e9s mint szenz\u00e1ci\u00f3 \u2013 A vir\u00e1gz\u00f3 katasztr\u00f3faturizmus"},"content":{"rendered":"<p><strong>Lieber Tam\u00e1s a \u201cMes\u00e9l\u0151 t\u00e1jak \u00e9s form\u00e1k \u2013 Egy fot\u00f3 \u00e9s ami m\u00f6g\u00f6tte van\u201d c\u00edm\u0171 sorozat\u00e1nak els\u0151 r\u00e9sz\u00e9ben a vulk\u00e1nokat mutatja be.<\/strong><\/p>\n<p>A vulk\u00e1nokon tett kir\u00e1ndul\u00e1sok sor\u00e1n maguk az emberi m\u00e9retekhez viszony\u00edtott ar\u00e1nyok azok, melyek legink\u00e1bb leny\u0171g\u00f6znek. A meg\u00e1llap\u00edt\u00e1s k\u00fcl\u00f6n\u00f6sen igaz akkor, amikor a t\u0171zh\u00e1ny\u00f3 tev\u00e9keny, s mi magunk is r\u00e9szesei vagyunk a v\u00e1ltoz\u00e1soknak. Tulajdonk\u00e9ppen elmondhatjuk, hogy szinte nincs k\u00e9t egyforma kir\u00e1ndul\u00e1s. A kit\u00f6r\u00e9sek, illetve az azok nyom\u00e1n bek\u00f6vetkez\u0151 v\u00e1ltoz\u00e1sok minduntalan meglepet\u00e9sekkel szolg\u00e1lnak. Ha az egyik alkalommal viszonylag s\u00edk terepen kell \u00e1thaladnod, hogy el\u00e9rd c\u00e9lodat, lehet, hogy legk\u00f6zelebb m\u00e1r egy dombot, vagy ak\u00e1r hegynek is beill\u0151 magaslatot kell lek\u00fczdened ugyanazon az \u00fatvonalon. Nyilv\u00e1n mindez lej\u00e1tsz\u00f3dhat ford\u00edtva is: El\u0151sz\u00f6r hegyet m\u00e1szol, k\u00e9s\u0151bb pedig ugyanott m\u00e1r nincs is erre sz\u00fcks\u00e9ged. A hegy \u00e9l, l\u00fcktet, \u00e9p\u00edt, vagy rombol, t\u00e1pl\u00e1l, vagy \u00e9ppens\u00e9ggel gyilkol. Ahol tegnap m\u00e9g n\u00f6v\u00e9nyek \u00e9s \u00e1llatok \u00e9ltek, kietlen \u201esivatag\u201d fogad, de ebb\u0151l a \u201esivatagb\u00f3l\u201d n\u00e9h\u00e1ny \u00e9v eltelt\u00e9vel \u00faj, \u00e9s nem is ak\u00e1rmilyen \u00e9let fakadhat. Az \u00e9tterem, melyben el\u0151z\u0151 nap m\u00e9g pizz\u00e1t fogyasztott\u00e1l, m\u00e1r sehol sincs, a parkol\u00f3 hely\u00e9n pedig g\u0151z\u00f6lg\u0151, a f\u00f6ldt\u00f6rt\u00e9net korai id\u0151szak\u00e1t id\u00e9z\u0151 holdb\u00e9li t\u00e1j fogad. De m\u00e9g ez sem a vil\u00e1g v\u00e9ge, mert itt j\u00f6n k\u00e9pbe az ember, aki igyekszik fel\u00fclkerekedni a dolgokon. Helyre\u00e1ll\u00edtja azt, amit lehet. A t\u00f6bbi \u00f6r\u00f6k mement\u00f3 marad, kiszolg\u00e1l\u00f3ja a katasztr\u00f3faturizmus k\u00edv\u00e1ncsi zar\u00e1ndokainak.<\/p>\n<p>ngg_shortcode_0_placeholderA cikket illusztr\u00e1l\u00f3 fot\u00f3t 2001 okt\u00f3ber\u00e9ben k\u00e9sz\u00edtettem Szic\u00edli\u00e1ban, az Etn\u00e1n. Abban az \u00e9vben, \u00e1prilisban \u00e9s okt\u00f3berben is szerencs\u00e9m volt ell\u00e1togatni ide. A k\u00e9t id\u0151pont k\u00f6z\u00f6tt, pontosabban j\u00faniusban az elm\u00falt \u00e9vsz\u00e1zad egyik legnagyobb kit\u00f6r\u00e9s\u00e9t produk\u00e1lta a t\u0171zh\u00e1ny\u00f3. Igaz, hogy ugyanott, vagyis a d\u00e9li oldalon t\u00far\u00e1zhattunk mindk\u00e9t alkalommal, de a l\u00e1tv\u00e1ny okt\u00f3berben m\u00e1r nem volt ugyanaz. A vulk\u00e1ni aktivit\u00e1s nyom\u00e1n n\u00e9h\u00e1ny h\u00e9t leforg\u00e1sa alatt egy 120 m\u00e9ter magas kr\u00e1ter k\u00e9pz\u0151d\u00f6tt. Az akkor m\u00e1r kih\u0171lt felsz\u00edn\u0171 l\u00e1va, amin \u00e1tkelt\u00fcnk, n\u00e9h\u00e1ny m\u00e9teres m\u00e9lys\u00e9gben m\u00e9g v\u00f6r\u00f6sen izzott. K\u00e9t perc egyhelyben \u00e1ll\u00e1s el\u00e9g volt ahhoz, hogy meg\u00e9gjen a bakancs talpa.<\/p>\n<p>A fot\u00f3n szerepl\u0151 \u00e9p\u00fclet, amelyet Nicolosi \u00e9s a Sapienza (d\u00e9li l\u00e1togat\u00f3k\u00f6zpont) k\u00f6z\u00f6tti \u00faton tal\u00e1lunk, nem ekkor pusztult el, hanem sok \u00e9vvel kor\u00e1bban. A l\u00e1tv\u00e1ny j\u00f3l szimboliz\u00e1lja az \u00e9let, az emberi tev\u00e9kenys\u00e9g muland\u00f3s\u00e1g\u00e1t. Azt mondj\u00e1k, hogy a l\u00e1va a vulk\u00e1nok fegyvert\u00e1r\u00e1ban a legszel\u00eddebb eszk\u00f6z. Igaz, hogy mindent elpuszt\u00edt, ami az \u00fatj\u00e1ba ker\u00fcl, de \u00e1ltal\u00e1ban id\u0151t hagy arra, hogy \u00f6sszepakolj \u00e9s elmenj onnan.<\/p>\n<p>A felv\u00e9telen l\u00e1that\u00f3 h\u00e1zik\u00f3 val\u00f3j\u00e1ban k\u00e9tszintes, az \u00e9ppen erre k\u00fasz\u00f3, 1000 Celsius-fokon izz\u00f3 bazaltos, salakos l\u00e1va tetej\u00e9ig betemette. Legut\u00f3bb 2019 febru\u00e1rj\u00e1ban kerest\u00fck fel, sajnos sokat romlott az \u00e1llaga.<\/p>\n<p><strong><em>Lieber Tam\u00e1s<\/em><\/strong><\/p>\n","protected":false},"excerpt":{"rendered":"<p>Lieber Tam\u00e1s a \u201cMes\u00e9l\u0151 t\u00e1jak \u00e9s form\u00e1k \u2013 Egy fot\u00f3 \u00e9s ami m\u00f6g\u00f6tte van\u201d c\u00edm\u0171 sorozat\u00e1nak els\u0151 r\u00e9sz\u00e9ben a vulk\u00e1nokat mutatja be. A vulk\u00e1nokon tett kir\u00e1ndul\u00e1sok sor\u00e1n maguk az emberi m\u00e9retekhez viszony\u00edtott ar\u00e1nyok azok, melyek legink\u00e1bb leny\u0171g\u00f6znek. A meg\u00e1llap\u00edt\u00e1s k\u00fcl\u00f6n\u00f6sen igaz akkor, amikor a t\u0171zh\u00e1ny\u00f3 tev\u00e9keny, s mi magunk is r\u00e9szesei vagyunk a v\u00e1ltoz\u00e1soknak. Tulajdonk\u00e9ppen<\/p>\n","protected":false},"author":1,"featured_media":25286,"comment_status":"closed","ping_status":"closed","sticky":false,"template":"","format":"standard","meta":{"ngg_post_thumbnail":0,"footnotes":""},"categories":[3,4923],"tags":[3474,4924,4933],"class_list":{"0":"post-25391","1":"post","2":"type-post","3":"status-publish","4":"format-standard","5":"has-post-thumbnail","7":"category-hirek","8":"category-meselo-tajak-es-formak","9":"tag-lieber-tamas","10":"tag-meselo-tajak-es-formak","11":"tag-vulkanok"},"yoast_head":"<!-- This site is optimized with the Yoast SEO plugin v27.5 - https:\/\/yoast.com\/product\/yoast-seo-wordpress\/ -->\n<title>Muland\u00f3s\u00e1g \u00e9s \u00fajj\u00e1\u00e9led\u00e9s mint szenz\u00e1ci\u00f3 \u2013 A vir\u00e1gz\u00f3 katasztr\u00f3faturizmus<\/title>\n<meta name=\"robots\" content=\"index, follow, max-snippet:-1, max-image-preview:large, max-video-preview:-1\" \/>\n<link rel=\"canonical\" href=\"https:\/\/dorogimedence.hu\/index.php\/2020\/06\/06\/mulandosag-es-ujjaeledes-mint-szenzacio-a-viragzo-katasztrofaturizmus\/\" class=\"yoast-seo-meta-tag\" \/>\n<meta property=\"og:locale\" content=\"hu_HU\" class=\"yoast-seo-meta-tag\" \/>\n<meta property=\"og:type\" content=\"article\" class=\"yoast-seo-meta-tag\" \/>\n<meta property=\"og:title\" content=\"Muland\u00f3s\u00e1g \u00e9s \u00fajj\u00e1\u00e9led\u00e9s mint szenz\u00e1ci\u00f3 \u2013 A vir\u00e1gz\u00f3 katasztr\u00f3faturizmus\" class=\"yoast-seo-meta-tag\" \/>\n<meta property=\"og:description\" content=\"Lieber Tam\u00e1s a \u201cMes\u00e9l\u0151 t\u00e1jak \u00e9s form\u00e1k \u2013 Egy fot\u00f3 \u00e9s ami m\u00f6g\u00f6tte van\u201d c\u00edm\u0171 sorozat\u00e1nak els\u0151 r\u00e9sz\u00e9ben a vulk\u00e1nokat mutatja be. A vulk\u00e1nokon tett kir\u00e1ndul\u00e1sok sor\u00e1n maguk az emberi m\u00e9retekhez viszony\u00edtott ar\u00e1nyok azok, melyek legink\u00e1bb leny\u0171g\u00f6znek. A meg\u00e1llap\u00edt\u00e1s k\u00fcl\u00f6n\u00f6sen igaz akkor, amikor a t\u0171zh\u00e1ny\u00f3 tev\u00e9keny, s mi magunk is r\u00e9szesei vagyunk a v\u00e1ltoz\u00e1soknak. Tulajdonk\u00e9ppen\" class=\"yoast-seo-meta-tag\" \/>\n<meta property=\"og:url\" content=\"https:\/\/dorogimedence.hu\/index.php\/2020\/06\/06\/mulandosag-es-ujjaeledes-mint-szenzacio-a-viragzo-katasztrofaturizmus\/\" class=\"yoast-seo-meta-tag\" \/>\n<meta property=\"og:site_name\" content=\"Dorogi-medence Region\u00e1lis H\u00edrport\u00e1l\" class=\"yoast-seo-meta-tag\" \/>\n<meta property=\"article:publisher\" content=\"https:\/\/www.facebook.com\/dorogimedence\/\" class=\"yoast-seo-meta-tag\" \/>\n<meta property=\"article:published_time\" content=\"2020-06-06T03:43:14+00:00\" class=\"yoast-seo-meta-tag\" \/>\n<meta property=\"article:modified_time\" content=\"2020-06-06T03:43:35+00:00\" class=\"yoast-seo-meta-tag\" \/>\n<meta property=\"og:image\" content=\"https:\/\/i0.wp.com\/dorogimedence.hu\/wp-content\/uploads\/2020\/06\/meselo-tajak.jpg?fit=670%2C365&ssl=1\" class=\"yoast-seo-meta-tag\" \/>\n\t<meta property=\"og:image:width\" content=\"670\" class=\"yoast-seo-meta-tag\" \/>\n\t<meta property=\"og:image:height\" content=\"365\" class=\"yoast-seo-meta-tag\" \/>\n\t<meta property=\"og:image:type\" content=\"image\/jpeg\" class=\"yoast-seo-meta-tag\" \/>\n<meta name=\"author\" content=\"dorogimedence.hu\" class=\"yoast-seo-meta-tag\" \/>\n<meta name=\"twitter:card\" content=\"summary_large_image\" class=\"yoast-seo-meta-tag\" \/>\n<meta name=\"twitter:label1\" content=\"Szerz\u0151:\" class=\"yoast-seo-meta-tag\" \/>\n\t<meta name=\"twitter:data1\" content=\"dorogimedence.hu\" class=\"yoast-seo-meta-tag\" \/>\n\t<meta name=\"twitter:label2\" content=\"Becs\u00fclt olvas\u00e1si id\u0151\" class=\"yoast-seo-meta-tag\" \/>\n\t<meta name=\"twitter:data2\" content=\"3 perc\" class=\"yoast-seo-meta-tag\" \/>\n<script type=\"application\/ld+json\" class=\"yoast-schema-graph\">{\"@context\":\"https:\\\/\\\/schema.org\",\"@graph\":[{\"@type\":\"Article\",\"@id\":\"https:\\\/\\\/dorogimedence.hu\\\/index.php\\\/2020\\\/06\\\/06\\\/mulandosag-es-ujjaeledes-mint-szenzacio-a-viragzo-katasztrofaturizmus\\\/#article\",\"isPartOf\":{\"@id\":\"https:\\\/\\\/dorogimedence.hu\\\/index.php\\\/2020\\\/06\\\/06\\\/mulandosag-es-ujjaeledes-mint-szenzacio-a-viragzo-katasztrofaturizmus\\\/\"},\"author\":{\"name\":\"dorogimedence.hu\",\"@id\":\"https:\\\/\\\/dorogimedence.hu\\\/#\\\/schema\\\/person\\\/ce6091eeb7e95ecdc87890d6aa8e0fd4\"},\"headline\":\"Muland\u00f3s\u00e1g \u00e9s \u00fajj\u00e1\u00e9led\u00e9s mint szenz\u00e1ci\u00f3 \u2013 A vir\u00e1gz\u00f3 katasztr\u00f3faturizmus\",\"datePublished\":\"2020-06-06T03:43:14+00:00\",\"dateModified\":\"2020-06-06T03:43:35+00:00\",\"mainEntityOfPage\":{\"@id\":\"https:\\\/\\\/dorogimedence.hu\\\/index.php\\\/2020\\\/06\\\/06\\\/mulandosag-es-ujjaeledes-mint-szenzacio-a-viragzo-katasztrofaturizmus\\\/\"},\"wordCount\":628,\"publisher\":{\"@id\":\"https:\\\/\\\/dorogimedence.hu\\\/#organization\"},\"image\":{\"@id\":\"https:\\\/\\\/dorogimedence.hu\\\/index.php\\\/2020\\\/06\\\/06\\\/mulandosag-es-ujjaeledes-mint-szenzacio-a-viragzo-katasztrofaturizmus\\\/#primaryimage\"},\"thumbnailUrl\":\"https:\\\/\\\/dorogimedence.hu\\\/wp-content\\\/uploads\\\/2020\\\/06\\\/meselo-tajak.jpg\",\"keywords\":[\"Lieber Tam\u00e1s\",\"Mes\u00e9l\u0151 t\u00e1jak \u00e9s form\u00e1k\",\"vulk\u00e1nok\"],\"articleSection\":[\"H\u00edrek\",\"Mes\u00e9l\u0151 t\u00e1jak \u00e9s form\u00e1k\"],\"inLanguage\":\"hu\"},{\"@type\":\"WebPage\",\"@id\":\"https:\\\/\\\/dorogimedence.hu\\\/index.php\\\/2020\\\/06\\\/06\\\/mulandosag-es-ujjaeledes-mint-szenzacio-a-viragzo-katasztrofaturizmus\\\/\",\"url\":\"https:\\\/\\\/dorogimedence.hu\\\/index.php\\\/2020\\\/06\\\/06\\\/mulandosag-es-ujjaeledes-mint-szenzacio-a-viragzo-katasztrofaturizmus\\\/\",\"name\":\"Muland\u00f3s\u00e1g \u00e9s \u00fajj\u00e1\u00e9led\u00e9s mint szenz\u00e1ci\u00f3 \u2013 A vir\u00e1gz\u00f3 katasztr\u00f3faturizmus\",\"isPartOf\":{\"@id\":\"https:\\\/\\\/dorogimedence.hu\\\/#website\"},\"primaryImageOfPage\":{\"@id\":\"https:\\\/\\\/dorogimedence.hu\\\/index.php\\\/2020\\\/06\\\/06\\\/mulandosag-es-ujjaeledes-mint-szenzacio-a-viragzo-katasztrofaturizmus\\\/#primaryimage\"},\"image\":{\"@id\":\"https:\\\/\\\/dorogimedence.hu\\\/index.php\\\/2020\\\/06\\\/06\\\/mulandosag-es-ujjaeledes-mint-szenzacio-a-viragzo-katasztrofaturizmus\\\/#primaryimage\"},\"thumbnailUrl\":\"https:\\\/\\\/dorogimedence.hu\\\/wp-content\\\/uploads\\\/2020\\\/06\\\/meselo-tajak.jpg\",\"datePublished\":\"2020-06-06T03:43:14+00:00\",\"dateModified\":\"2020-06-06T03:43:35+00:00\",\"breadcrumb\":{\"@id\":\"https:\\\/\\\/dorogimedence.hu\\\/index.php\\\/2020\\\/06\\\/06\\\/mulandosag-es-ujjaeledes-mint-szenzacio-a-viragzo-katasztrofaturizmus\\\/#breadcrumb\"},\"inLanguage\":\"hu\",\"potentialAction\":[{\"@type\":\"ReadAction\",\"target\":[\"https:\\\/\\\/dorogimedence.hu\\\/index.php\\\/2020\\\/06\\\/06\\\/mulandosag-es-ujjaeledes-mint-szenzacio-a-viragzo-katasztrofaturizmus\\\/\"]}]},{\"@type\":\"ImageObject\",\"inLanguage\":\"hu\",\"@id\":\"https:\\\/\\\/dorogimedence.hu\\\/index.php\\\/2020\\\/06\\\/06\\\/mulandosag-es-ujjaeledes-mint-szenzacio-a-viragzo-katasztrofaturizmus\\\/#primaryimage\",\"url\":\"https:\\\/\\\/dorogimedence.hu\\\/wp-content\\\/uploads\\\/2020\\\/06\\\/meselo-tajak.jpg\",\"contentUrl\":\"https:\\\/\\\/dorogimedence.hu\\\/wp-content\\\/uploads\\\/2020\\\/06\\\/meselo-tajak.jpg\",\"width\":670,\"height\":365},{\"@type\":\"BreadcrumbList\",\"@id\":\"https:\\\/\\\/dorogimedence.hu\\\/index.php\\\/2020\\\/06\\\/06\\\/mulandosag-es-ujjaeledes-mint-szenzacio-a-viragzo-katasztrofaturizmus\\\/#breadcrumb\",\"itemListElement\":[{\"@type\":\"ListItem\",\"position\":1,\"name\":\"Kezd\u0151lap\",\"item\":\"https:\\\/\\\/dorogimedence.hu\\\/\"},{\"@type\":\"ListItem\",\"position\":2,\"name\":\"Muland\u00f3s\u00e1g \u00e9s \u00fajj\u00e1\u00e9led\u00e9s mint szenz\u00e1ci\u00f3 \u2013 A vir\u00e1gz\u00f3 katasztr\u00f3faturizmus\"}]},{\"@type\":\"WebSite\",\"@id\":\"https:\\\/\\\/dorogimedence.hu\\\/#website\",\"url\":\"https:\\\/\\\/dorogimedence.hu\\\/\",\"name\":\"Dorogi-medence Region\u00e1lis H\u00edrport\u00e1l\",\"description\":\"Dorog, Keszt\u00f6lc, Le\u00e1nyv\u00e1r, Piliscs\u00e9v, Tokod, Tokodalt\u00e1r\u00f3, Csolnok, Esztergom-kertv\u00e1ros: h\u00edrek, programok\",\"publisher\":{\"@id\":\"https:\\\/\\\/dorogimedence.hu\\\/#organization\"},\"potentialAction\":[{\"@type\":\"SearchAction\",\"target\":{\"@type\":\"EntryPoint\",\"urlTemplate\":\"https:\\\/\\\/dorogimedence.hu\\\/?s={search_term_string}\"},\"query-input\":{\"@type\":\"PropertyValueSpecification\",\"valueRequired\":true,\"valueName\":\"search_term_string\"}}],\"inLanguage\":\"hu\"},{\"@type\":\"Organization\",\"@id\":\"https:\\\/\\\/dorogimedence.hu\\\/#organization\",\"name\":\"Dorogi-medence Region\u00e1lis H\u00edrport\u00e1l\",\"url\":\"https:\\\/\\\/dorogimedence.hu\\\/\",\"logo\":{\"@type\":\"ImageObject\",\"inLanguage\":\"hu\",\"@id\":\"https:\\\/\\\/dorogimedence.hu\\\/#\\\/schema\\\/logo\\\/image\\\/\",\"url\":\"https:\\\/\\\/dorogimedence.hu\\\/wp-content\\\/uploads\\\/2021\\\/04\\\/logo-feher-600.png\",\"contentUrl\":\"https:\\\/\\\/dorogimedence.hu\\\/wp-content\\\/uploads\\\/2021\\\/04\\\/logo-feher-600.png\",\"width\":600,\"height\":100,\"caption\":\"Dorogi-medence Region\u00e1lis H\u00edrport\u00e1l\"},\"image\":{\"@id\":\"https:\\\/\\\/dorogimedence.hu\\\/#\\\/schema\\\/logo\\\/image\\\/\"},\"sameAs\":[\"https:\\\/\\\/www.facebook.com\\\/dorogimedence\\\/\"]},{\"@type\":\"Person\",\"@id\":\"https:\\\/\\\/dorogimedence.hu\\\/#\\\/schema\\\/person\\\/ce6091eeb7e95ecdc87890d6aa8e0fd4\",\"name\":\"dorogimedence.hu\",\"image\":{\"@type\":\"ImageObject\",\"inLanguage\":\"hu\",\"@id\":\"\\\/\\\/www.gravatar.com\\\/avatar\\\/d8d45f8901aadff40a4af72c0b826f1d?s=96&#038;r=g&#038;d=mm\",\"url\":\"\\\/\\\/www.gravatar.com\\\/avatar\\\/d8d45f8901aadff40a4af72c0b826f1d?s=96&#038;r=g&#038;d=mm\",\"contentUrl\":\"\\\/\\\/www.gravatar.com\\\/avatar\\\/d8d45f8901aadff40a4af72c0b826f1d?s=96&#038;r=g&#038;d=mm\",\"caption\":\"dorogimedence.hu\"}}]}<\/script>\n<!-- \/ Yoast SEO plugin. -->","yoast_head_json":{"title":"Muland\u00f3s\u00e1g \u00e9s \u00fajj\u00e1\u00e9led\u00e9s mint szenz\u00e1ci\u00f3 \u2013 A vir\u00e1gz\u00f3 katasztr\u00f3faturizmus","robots":{"index":"index","follow":"follow","max-snippet":"max-snippet:-1","max-image-preview":"max-image-preview:large","max-video-preview":"max-video-preview:-1"},"canonical":"https:\/\/dorogimedence.hu\/index.php\/2020\/06\/06\/mulandosag-es-ujjaeledes-mint-szenzacio-a-viragzo-katasztrofaturizmus\/","og_locale":"hu_HU","og_type":"article","og_title":"Muland\u00f3s\u00e1g \u00e9s \u00fajj\u00e1\u00e9led\u00e9s mint szenz\u00e1ci\u00f3 \u2013 A vir\u00e1gz\u00f3 katasztr\u00f3faturizmus","og_description":"Lieber Tam\u00e1s a \u201cMes\u00e9l\u0151 t\u00e1jak \u00e9s form\u00e1k \u2013 Egy fot\u00f3 \u00e9s ami m\u00f6g\u00f6tte van\u201d c\u00edm\u0171 sorozat\u00e1nak els\u0151 r\u00e9sz\u00e9ben a vulk\u00e1nokat mutatja be. A vulk\u00e1nokon tett kir\u00e1ndul\u00e1sok sor\u00e1n maguk az emberi m\u00e9retekhez viszony\u00edtott ar\u00e1nyok azok, melyek legink\u00e1bb leny\u0171g\u00f6znek. A meg\u00e1llap\u00edt\u00e1s k\u00fcl\u00f6n\u00f6sen igaz akkor, amikor a t\u0171zh\u00e1ny\u00f3 tev\u00e9keny, s mi magunk is r\u00e9szesei vagyunk a v\u00e1ltoz\u00e1soknak. Tulajdonk\u00e9ppen","og_url":"https:\/\/dorogimedence.hu\/index.php\/2020\/06\/06\/mulandosag-es-ujjaeledes-mint-szenzacio-a-viragzo-katasztrofaturizmus\/","og_site_name":"Dorogi-medence Region\u00e1lis H\u00edrport\u00e1l","article_publisher":"https:\/\/www.facebook.com\/dorogimedence\/","article_published_time":"2020-06-06T03:43:14+00:00","article_modified_time":"2020-06-06T03:43:35+00:00","og_image":[{"width":670,"height":365,"url":"https:\/\/i0.wp.com\/dorogimedence.hu\/wp-content\/uploads\/2020\/06\/meselo-tajak.jpg?fit=670%2C365&ssl=1","type":"image\/jpeg"}],"author":"dorogimedence.hu","twitter_card":"summary_large_image","twitter_misc":{"Szerz\u0151:":"dorogimedence.hu","Becs\u00fclt olvas\u00e1si id\u0151":"3 perc"},"schema":{"@context":"https:\/\/schema.org","@graph":[{"@type":"Article","@id":"https:\/\/dorogimedence.hu\/index.php\/2020\/06\/06\/mulandosag-es-ujjaeledes-mint-szenzacio-a-viragzo-katasztrofaturizmus\/#article","isPartOf":{"@id":"https:\/\/dorogimedence.hu\/index.php\/2020\/06\/06\/mulandosag-es-ujjaeledes-mint-szenzacio-a-viragzo-katasztrofaturizmus\/"},"author":{"name":"dorogimedence.hu","@id":"https:\/\/dorogimedence.hu\/#\/schema\/person\/ce6091eeb7e95ecdc87890d6aa8e0fd4"},"headline":"Muland\u00f3s\u00e1g \u00e9s \u00fajj\u00e1\u00e9led\u00e9s mint szenz\u00e1ci\u00f3 \u2013 A vir\u00e1gz\u00f3 katasztr\u00f3faturizmus","datePublished":"2020-06-06T03:43:14+00:00","dateModified":"2020-06-06T03:43:35+00:00","mainEntityOfPage":{"@id":"https:\/\/dorogimedence.hu\/index.php\/2020\/06\/06\/mulandosag-es-ujjaeledes-mint-szenzacio-a-viragzo-katasztrofaturizmus\/"},"wordCount":628,"publisher":{"@id":"https:\/\/dorogimedence.hu\/#organization"},"image":{"@id":"https:\/\/dorogimedence.hu\/index.php\/2020\/06\/06\/mulandosag-es-ujjaeledes-mint-szenzacio-a-viragzo-katasztrofaturizmus\/#primaryimage"},"thumbnailUrl":"https:\/\/dorogimedence.hu\/wp-content\/uploads\/2020\/06\/meselo-tajak.jpg","keywords":["Lieber Tam\u00e1s","Mes\u00e9l\u0151 t\u00e1jak \u00e9s form\u00e1k","vulk\u00e1nok"],"articleSection":["H\u00edrek","Mes\u00e9l\u0151 t\u00e1jak \u00e9s form\u00e1k"],"inLanguage":"hu"},{"@type":"WebPage","@id":"https:\/\/dorogimedence.hu\/index.php\/2020\/06\/06\/mulandosag-es-ujjaeledes-mint-szenzacio-a-viragzo-katasztrofaturizmus\/","url":"https:\/\/dorogimedence.hu\/index.php\/2020\/06\/06\/mulandosag-es-ujjaeledes-mint-szenzacio-a-viragzo-katasztrofaturizmus\/","name":"Muland\u00f3s\u00e1g \u00e9s \u00fajj\u00e1\u00e9led\u00e9s mint szenz\u00e1ci\u00f3 \u2013 A vir\u00e1gz\u00f3 katasztr\u00f3faturizmus","isPartOf":{"@id":"https:\/\/dorogimedence.hu\/#website"},"primaryImageOfPage":{"@id":"https:\/\/dorogimedence.hu\/index.php\/2020\/06\/06\/mulandosag-es-ujjaeledes-mint-szenzacio-a-viragzo-katasztrofaturizmus\/#primaryimage"},"image":{"@id":"https:\/\/dorogimedence.hu\/index.php\/2020\/06\/06\/mulandosag-es-ujjaeledes-mint-szenzacio-a-viragzo-katasztrofaturizmus\/#primaryimage"},"thumbnailUrl":"https:\/\/dorogimedence.hu\/wp-content\/uploads\/2020\/06\/meselo-tajak.jpg","datePublished":"2020-06-06T03:43:14+00:00","dateModified":"2020-06-06T03:43:35+00:00","breadcrumb":{"@id":"https:\/\/dorogimedence.hu\/index.php\/2020\/06\/06\/mulandosag-es-ujjaeledes-mint-szenzacio-a-viragzo-katasztrofaturizmus\/#breadcrumb"},"inLanguage":"hu","potentialAction":[{"@type":"ReadAction","target":["https:\/\/dorogimedence.hu\/index.php\/2020\/06\/06\/mulandosag-es-ujjaeledes-mint-szenzacio-a-viragzo-katasztrofaturizmus\/"]}]},{"@type":"ImageObject","inLanguage":"hu","@id":"https:\/\/dorogimedence.hu\/index.php\/2020\/06\/06\/mulandosag-es-ujjaeledes-mint-szenzacio-a-viragzo-katasztrofaturizmus\/#primaryimage","url":"https:\/\/dorogimedence.hu\/wp-content\/uploads\/2020\/06\/meselo-tajak.jpg","contentUrl":"https:\/\/dorogimedence.hu\/wp-content\/uploads\/2020\/06\/meselo-tajak.jpg","width":670,"height":365},{"@type":"BreadcrumbList","@id":"https:\/\/dorogimedence.hu\/index.php\/2020\/06\/06\/mulandosag-es-ujjaeledes-mint-szenzacio-a-viragzo-katasztrofaturizmus\/#breadcrumb","itemListElement":[{"@type":"ListItem","position":1,"name":"Kezd\u0151lap","item":"https:\/\/dorogimedence.hu\/"},{"@type":"ListItem","position":2,"name":"Muland\u00f3s\u00e1g \u00e9s \u00fajj\u00e1\u00e9led\u00e9s mint szenz\u00e1ci\u00f3 \u2013 A vir\u00e1gz\u00f3 katasztr\u00f3faturizmus"}]},{"@type":"WebSite","@id":"https:\/\/dorogimedence.hu\/#website","url":"https:\/\/dorogimedence.hu\/","name":"Dorogi-medence Region\u00e1lis H\u00edrport\u00e1l","description":"Dorog, Keszt\u00f6lc, Le\u00e1nyv\u00e1r, Piliscs\u00e9v, Tokod, Tokodalt\u00e1r\u00f3, Csolnok, Esztergom-kertv\u00e1ros: h\u00edrek, programok","publisher":{"@id":"https:\/\/dorogimedence.hu\/#organization"},"potentialAction":[{"@type":"SearchAction","target":{"@type":"EntryPoint","urlTemplate":"https:\/\/dorogimedence.hu\/?s={search_term_string}"},"query-input":{"@type":"PropertyValueSpecification","valueRequired":true,"valueName":"search_term_string"}}],"inLanguage":"hu"},{"@type":"Organization","@id":"https:\/\/dorogimedence.hu\/#organization","name":"Dorogi-medence Region\u00e1lis H\u00edrport\u00e1l","url":"https:\/\/dorogimedence.hu\/","logo":{"@type":"ImageObject","inLanguage":"hu","@id":"https:\/\/dorogimedence.hu\/#\/schema\/logo\/image\/","url":"https:\/\/dorogimedence.hu\/wp-content\/uploads\/2021\/04\/logo-feher-600.png","contentUrl":"https:\/\/dorogimedence.hu\/wp-content\/uploads\/2021\/04\/logo-feher-600.png","width":600,"height":100,"caption":"Dorogi-medence Region\u00e1lis H\u00edrport\u00e1l"},"image":{"@id":"https:\/\/dorogimedence.hu\/#\/schema\/logo\/image\/"},"sameAs":["https:\/\/www.facebook.com\/dorogimedence\/"]},{"@type":"Person","@id":"https:\/\/dorogimedence.hu\/#\/schema\/person\/ce6091eeb7e95ecdc87890d6aa8e0fd4","name":"dorogimedence.hu","image":{"@type":"ImageObject","inLanguage":"hu","@id":"\/\/www.gravatar.com\/avatar\/d8d45f8901aadff40a4af72c0b826f1d?s=96&#038;r=g&#038;d=mm","url":"\/\/www.gravatar.com\/avatar\/d8d45f8901aadff40a4af72c0b826f1d?s=96&#038;r=g&#038;d=mm","contentUrl":"\/\/www.gravatar.com\/avatar\/d8d45f8901aadff40a4af72c0b826f1d?s=96&#038;r=g&#038;d=mm","caption":"dorogimedence.hu"}}]}},"_links":{"self":[{"href":"https:\/\/dorogimedence.hu\/index.php\/wp-json\/wp\/v2\/posts\/25391","targetHints":{"allow":["GET"]}}],"collection":[{"href":"https:\/\/dorogimedence.hu\/index.php\/wp-json\/wp\/v2\/posts"}],"about":[{"href":"https:\/\/dorogimedence.hu\/index.php\/wp-json\/wp\/v2\/types\/post"}],"author":[{"embeddable":true,"href":"https:\/\/dorogimedence.hu\/index.php\/wp-json\/wp\/v2\/users\/1"}],"replies":[{"embeddable":true,"href":"https:\/\/dorogimedence.hu\/index.php\/wp-json\/wp\/v2\/comments?post=25391"}],"version-history":[{"count":0,"href":"https:\/\/dorogimedence.hu\/index.php\/wp-json\/wp\/v2\/posts\/25391\/revisions"}],"wp:featuredmedia":[{"embeddable":true,"href":"https:\/\/dorogimedence.hu\/index.php\/wp-json\/wp\/v2\/media\/25286"}],"wp:attachment":[{"href":"https:\/\/dorogimedence.hu\/index.php\/wp-json\/wp\/v2\/media?parent=25391"}],"wp:term":[{"taxonomy":"category","embeddable":true,"href":"https:\/\/dorogimedence.hu\/index.php\/wp-json\/wp\/v2\/categories?post=25391"},{"taxonomy":"post_tag","embeddable":true,"href":"https:\/\/dorogimedence.hu\/index.php\/wp-json\/wp\/v2\/tags?post=25391"}],"curies":[{"name":"wp","href":"https:\/\/api.w.org\/{rel}","templated":true}]}}