{"id":25365,"date":"2020-06-04T10:46:23","date_gmt":"2020-06-04T08:46:23","guid":{"rendered":"http:\/\/dorogimedence.hu\/?p=25365"},"modified":"2020-06-04T10:46:45","modified_gmt":"2020-06-04T08:46:45","slug":"megolessel-fenyegette-anyosat-ket-evet-kaphat","status":"publish","type":"post","link":"https:\/\/dorogimedence.hu\/index.php\/2020\/06\/04\/megolessel-fenyegette-anyosat-ket-evet-kaphat\/","title":{"rendered":"Meg\u00f6l\u00e9ssel fenyegette any\u00f3s\u00e1t, k\u00e9t \u00e9vet kaphat"},"content":{"rendered":"<p><strong>Az Esztergomi J\u00e1r\u00e1si \u00dcgy\u00e9szs\u00e9g zaklat\u00e1s v\u00e9ts\u00e9ge \u00e9s mag\u00e1nlaks\u00e9rt\u00e9s b\u0171ntette miatt indult \u00fcgyben v\u00e1diratot ny\u00fajtott be azzal a t\u00f6bbsz\u00f6r\u00f6s visszaes\u0151 f\u00e9rfival szemben, aki any\u00f3s\u00e1t t\u00f6bbsz\u00f6r meg\u00f6l\u00e9ssel fenyegette, egyik alkalommal \u00e9jjel a h\u00e1za udvar\u00e1ra is behatolt.<\/strong><\/p>\n<p>A v\u00e1dirat szerint a f\u00e9rfi \u00e9s\u00a0\u00e9lett\u00e1rsa kapcsolata megszakadt, a n\u0151 az \u00e9desanyj\u00e1hoz k\u00f6lt\u00f6z\u00f6tt vissza. A f\u00e9rfi a szak\u00edt\u00e1st nem akarta elfogadni, a kapcsolat megroml\u00e1s\u00e1\u00e9rt a n\u0151 \u00e9desanyj\u00e1t hib\u00e1ztatta.<\/p>\n<p>A v\u00e1dlott 2019. j\u00fanius 16. napj\u00e1n \u00e9jjel megjelent az any\u00f3sa l\u00e1batlani h\u00e1z\u00e1n\u00e1l, ahol az utcai kaput ber\u00fagta, azon kereszt\u00fcl bement az udvarra, ahol az ajt\u00f3n d\u00f6r\u00f6mb\u00f6lt \u00e9s hangosan tr\u00e1g\u00e1r m\u00f3don szidalmazta s\u00e9rtettet, a h\u00e1z ablak\u00e1n l\u00e9v\u0151 red\u0151nyt \u00fct\u00f6tte, az ablakot bet\u00f6rte, ek\u00f6zben f\u00e9lelemkelt\u00e9s c\u00e9lj\u00e1b\u00f3l azzal fenyegette meg s\u00e9rtettet, hogy meg\u00f6li.<\/p>\n<p>A v\u00e1dlott 2019. j\u00falius 3. napj\u00e1n 22 \u00f3ra 26 perc k\u00f6r\u00fcli id\u0151ben ism\u00e9t megjelent a s\u00e9rtett l\u00e1batlani h\u00e1z\u00e1n\u00e1l, a kor\u00e1bban megrong\u00e1lt, csukott, de nem z\u00e1rt kapun kereszt\u00fcl, enged\u00e9ly n\u00e9lk\u00fcl bejutott az udvarra, ahol d\u00f6r\u00f6mb\u00f6lt, \u00fcv\u00f6lt\u00f6z\u00f6tt \u00e9s ism\u00e9t megfenyegette\u00a0a s\u00e9rtettet azzal, hogy megfogja \u00f6lni.<\/p>\n<p>A f\u00e9rfi n\u00e9gyszer volt b\u00fcntetve, \u0151t a b\u00edr\u00f3s\u00e1g 2017-ben k\u00fcl\u00f6n\u00f6s visszaes\u0151k\u00e9nt 2 \u00e9v 4 h\u00f3nap b\u00f6rt\u00f6nb\u00fcntet\u00e9sre \u00edt\u00e9lte, amelyet 2018. j\u00fanius 12-\u00e9n t\u00f6lt\u00f6tt le, erre figyelemmel t\u00f6bbsz\u00f6r\u00f6s visszaes\u0151nek min\u0151s\u00fcl.<\/p>\n<p>Az \u00fcgy\u00e9szs\u00e9g a v\u00e1diratban arra tett ind\u00edtv\u00e1nyt, hogy amennyiben a v\u00e1dlott az el\u0151k\u00e9sz\u00edt\u0151 \u00fcl\u00e9sen a b\u0171ncselekm\u00e9ny elk\u00f6vet\u00e9s\u00e9t beismeri, \u00e9s lemond a t\u00e1rgyal\u00e1shoz val\u00f3 jog\u00e1r\u00f3l az Esztergomi J\u00e1r\u00e1sb\u00edr\u00f3s\u00e1g a v\u00e1dlottat 2 \u00e9v fegyh\u00e1zb\u00fcntet\u00e9sre, \u00e9s 3 \u00e9v k\u00f6z\u00fcgyekt\u0151l eltilt\u00e1sra \u00edt\u00e9lje, tov\u00e1bb\u00e1 \u00e1llap\u00edtsa meg, hogy felt\u00e9teles szabads\u00e1gra nem bocs\u00e1that\u00f3.<\/p>\n<p><em>Kom\u00e1rom-Esztergom Megyei F\u0151\u00fcgy\u00e9szs\u00e9g Sajt\u00f3<\/em><\/p>\n","protected":false},"excerpt":{"rendered":"<p>Az Esztergomi J\u00e1r\u00e1si \u00dcgy\u00e9szs\u00e9g zaklat\u00e1s v\u00e9ts\u00e9ge \u00e9s mag\u00e1nlaks\u00e9rt\u00e9s b\u0171ntette miatt indult \u00fcgyben v\u00e1diratot ny\u00fajtott be azzal a t\u00f6bbsz\u00f6r\u00f6s visszaes\u0151 f\u00e9rfival szemben, aki any\u00f3s\u00e1t t\u00f6bbsz\u00f6r meg\u00f6l\u00e9ssel fenyegette, egyik alkalommal \u00e9jjel a h\u00e1za udvar\u00e1ra is behatolt. A v\u00e1dirat szerint a f\u00e9rfi \u00e9s\u00a0\u00e9lett\u00e1rsa kapcsolata megszakadt, a n\u0151 az \u00e9desanyj\u00e1hoz k\u00f6lt\u00f6z\u00f6tt vissza. A f\u00e9rfi a szak\u00edt\u00e1st nem akarta elfogadni,<\/p>\n","protected":false},"author":1,"featured_media":0,"comment_status":"closed","ping_status":"closed","sticky":false,"template":"","format":"standard","meta":{"ngg_post_thumbnail":0,"footnotes":""},"categories":[3,39],"tags":[1042,63,489,326],"class_list":{"0":"post-25365","1":"post","2":"type-post","3":"status-publish","4":"format-standard","6":"category-hirek","7":"category-kek-hirek","8":"tag-birosag","9":"tag-buncselekmeny","10":"tag-labatlan","11":"tag-ugyeszseg"},"yoast_head":"<!-- This site is optimized with the Yoast SEO plugin v27.5 - https:\/\/yoast.com\/product\/yoast-seo-wordpress\/ -->\n<title>Meg\u00f6l\u00e9ssel fenyegette any\u00f3s\u00e1t, k\u00e9t \u00e9vet kaphat<\/title>\n<meta name=\"robots\" content=\"index, follow, max-snippet:-1, max-image-preview:large, max-video-preview:-1\" \/>\n<link rel=\"canonical\" href=\"https:\/\/dorogimedence.hu\/index.php\/2020\/06\/04\/megolessel-fenyegette-anyosat-ket-evet-kaphat\/\" class=\"yoast-seo-meta-tag\" \/>\n<meta property=\"og:locale\" content=\"hu_HU\" class=\"yoast-seo-meta-tag\" \/>\n<meta property=\"og:type\" content=\"article\" class=\"yoast-seo-meta-tag\" \/>\n<meta property=\"og:title\" content=\"Meg\u00f6l\u00e9ssel fenyegette any\u00f3s\u00e1t, k\u00e9t \u00e9vet kaphat\" class=\"yoast-seo-meta-tag\" \/>\n<meta property=\"og:description\" content=\"Az Esztergomi J\u00e1r\u00e1si \u00dcgy\u00e9szs\u00e9g zaklat\u00e1s v\u00e9ts\u00e9ge \u00e9s mag\u00e1nlaks\u00e9rt\u00e9s b\u0171ntette miatt indult \u00fcgyben v\u00e1diratot ny\u00fajtott be azzal a t\u00f6bbsz\u00f6r\u00f6s visszaes\u0151 f\u00e9rfival szemben, aki any\u00f3s\u00e1t t\u00f6bbsz\u00f6r meg\u00f6l\u00e9ssel fenyegette, egyik alkalommal \u00e9jjel a h\u00e1za udvar\u00e1ra is behatolt. A v\u00e1dirat szerint a f\u00e9rfi \u00e9s\u00a0\u00e9lett\u00e1rsa kapcsolata megszakadt, a n\u0151 az \u00e9desanyj\u00e1hoz k\u00f6lt\u00f6z\u00f6tt vissza. A f\u00e9rfi a szak\u00edt\u00e1st nem akarta elfogadni,\" class=\"yoast-seo-meta-tag\" \/>\n<meta property=\"og:url\" content=\"https:\/\/dorogimedence.hu\/index.php\/2020\/06\/04\/megolessel-fenyegette-anyosat-ket-evet-kaphat\/\" class=\"yoast-seo-meta-tag\" \/>\n<meta property=\"og:site_name\" content=\"Dorogi-medence Region\u00e1lis H\u00edrport\u00e1l\" class=\"yoast-seo-meta-tag\" \/>\n<meta property=\"article:publisher\" content=\"https:\/\/www.facebook.com\/dorogimedence\/\" class=\"yoast-seo-meta-tag\" \/>\n<meta property=\"article:published_time\" content=\"2020-06-04T08:46:23+00:00\" class=\"yoast-seo-meta-tag\" \/>\n<meta property=\"article:modified_time\" content=\"2020-06-04T08:46:45+00:00\" class=\"yoast-seo-meta-tag\" \/>\n<meta property=\"og:image\" content=\"https:\/\/i0.wp.com\/dorogimedence.hu\/wp-content\/uploads\/2017\/07\/birosag-01.jpg?fit=670%2C365&ssl=1\" class=\"yoast-seo-meta-tag\" \/>\n\t<meta property=\"og:image:width\" content=\"670\" class=\"yoast-seo-meta-tag\" \/>\n\t<meta property=\"og:image:height\" content=\"365\" class=\"yoast-seo-meta-tag\" \/>\n\t<meta property=\"og:image:type\" content=\"image\/jpeg\" class=\"yoast-seo-meta-tag\" \/>\n<meta name=\"author\" content=\"dorogimedence.hu\" class=\"yoast-seo-meta-tag\" \/>\n<meta name=\"twitter:card\" content=\"summary_large_image\" class=\"yoast-seo-meta-tag\" \/>\n<meta name=\"twitter:label1\" content=\"Szerz\u0151:\" class=\"yoast-seo-meta-tag\" \/>\n\t<meta name=\"twitter:data1\" content=\"dorogimedence.hu\" class=\"yoast-seo-meta-tag\" \/>\n\t<meta name=\"twitter:label2\" content=\"Becs\u00fclt olvas\u00e1si id\u0151\" class=\"yoast-seo-meta-tag\" \/>\n\t<meta name=\"twitter:data2\" content=\"2 perc\" class=\"yoast-seo-meta-tag\" \/>\n<script type=\"application\/ld+json\" class=\"yoast-schema-graph\">{\"@context\":\"https:\\\/\\\/schema.org\",\"@graph\":[{\"@type\":\"Article\",\"@id\":\"https:\\\/\\\/dorogimedence.hu\\\/index.php\\\/2020\\\/06\\\/04\\\/megolessel-fenyegette-anyosat-ket-evet-kaphat\\\/#article\",\"isPartOf\":{\"@id\":\"https:\\\/\\\/dorogimedence.hu\\\/index.php\\\/2020\\\/06\\\/04\\\/megolessel-fenyegette-anyosat-ket-evet-kaphat\\\/\"},\"author\":{\"name\":\"dorogimedence.hu\",\"@id\":\"https:\\\/\\\/dorogimedence.hu\\\/#\\\/schema\\\/person\\\/ce6091eeb7e95ecdc87890d6aa8e0fd4\"},\"headline\":\"Meg\u00f6l\u00e9ssel fenyegette any\u00f3s\u00e1t, k\u00e9t \u00e9vet kaphat\",\"datePublished\":\"2020-06-04T08:46:23+00:00\",\"dateModified\":\"2020-06-04T08:46:45+00:00\",\"mainEntityOfPage\":{\"@id\":\"https:\\\/\\\/dorogimedence.hu\\\/index.php\\\/2020\\\/06\\\/04\\\/megolessel-fenyegette-anyosat-ket-evet-kaphat\\\/\"},\"wordCount\":402,\"publisher\":{\"@id\":\"https:\\\/\\\/dorogimedence.hu\\\/#organization\"},\"keywords\":[\"b\u00edr\u00f3s\u00e1g\",\"b\u0171ncselekm\u00e9ny\",\"L\u00e1batlan\",\"\u00fcgy\u00e9szs\u00e9g\"],\"articleSection\":[\"H\u00edrek\",\"K\u00e9k h\u00edrek\"],\"inLanguage\":\"hu\"},{\"@type\":\"WebPage\",\"@id\":\"https:\\\/\\\/dorogimedence.hu\\\/index.php\\\/2020\\\/06\\\/04\\\/megolessel-fenyegette-anyosat-ket-evet-kaphat\\\/\",\"url\":\"https:\\\/\\\/dorogimedence.hu\\\/index.php\\\/2020\\\/06\\\/04\\\/megolessel-fenyegette-anyosat-ket-evet-kaphat\\\/\",\"name\":\"Meg\u00f6l\u00e9ssel fenyegette any\u00f3s\u00e1t, k\u00e9t \u00e9vet kaphat\",\"isPartOf\":{\"@id\":\"https:\\\/\\\/dorogimedence.hu\\\/#website\"},\"datePublished\":\"2020-06-04T08:46:23+00:00\",\"dateModified\":\"2020-06-04T08:46:45+00:00\",\"breadcrumb\":{\"@id\":\"https:\\\/\\\/dorogimedence.hu\\\/index.php\\\/2020\\\/06\\\/04\\\/megolessel-fenyegette-anyosat-ket-evet-kaphat\\\/#breadcrumb\"},\"inLanguage\":\"hu\",\"potentialAction\":[{\"@type\":\"ReadAction\",\"target\":[\"https:\\\/\\\/dorogimedence.hu\\\/index.php\\\/2020\\\/06\\\/04\\\/megolessel-fenyegette-anyosat-ket-evet-kaphat\\\/\"]}]},{\"@type\":\"BreadcrumbList\",\"@id\":\"https:\\\/\\\/dorogimedence.hu\\\/index.php\\\/2020\\\/06\\\/04\\\/megolessel-fenyegette-anyosat-ket-evet-kaphat\\\/#breadcrumb\",\"itemListElement\":[{\"@type\":\"ListItem\",\"position\":1,\"name\":\"Kezd\u0151lap\",\"item\":\"https:\\\/\\\/dorogimedence.hu\\\/\"},{\"@type\":\"ListItem\",\"position\":2,\"name\":\"Meg\u00f6l\u00e9ssel fenyegette any\u00f3s\u00e1t, k\u00e9t \u00e9vet kaphat\"}]},{\"@type\":\"WebSite\",\"@id\":\"https:\\\/\\\/dorogimedence.hu\\\/#website\",\"url\":\"https:\\\/\\\/dorogimedence.hu\\\/\",\"name\":\"Dorogi-medence Region\u00e1lis H\u00edrport\u00e1l\",\"description\":\"Dorog, Keszt\u00f6lc, Le\u00e1nyv\u00e1r, Piliscs\u00e9v, Tokod, Tokodalt\u00e1r\u00f3, Csolnok, Esztergom-kertv\u00e1ros: h\u00edrek, programok\",\"publisher\":{\"@id\":\"https:\\\/\\\/dorogimedence.hu\\\/#organization\"},\"potentialAction\":[{\"@type\":\"SearchAction\",\"target\":{\"@type\":\"EntryPoint\",\"urlTemplate\":\"https:\\\/\\\/dorogimedence.hu\\\/?s={search_term_string}\"},\"query-input\":{\"@type\":\"PropertyValueSpecification\",\"valueRequired\":true,\"valueName\":\"search_term_string\"}}],\"inLanguage\":\"hu\"},{\"@type\":\"Organization\",\"@id\":\"https:\\\/\\\/dorogimedence.hu\\\/#organization\",\"name\":\"Dorogi-medence Region\u00e1lis H\u00edrport\u00e1l\",\"url\":\"https:\\\/\\\/dorogimedence.hu\\\/\",\"logo\":{\"@type\":\"ImageObject\",\"inLanguage\":\"hu\",\"@id\":\"https:\\\/\\\/dorogimedence.hu\\\/#\\\/schema\\\/logo\\\/image\\\/\",\"url\":\"https:\\\/\\\/dorogimedence.hu\\\/wp-content\\\/uploads\\\/2021\\\/04\\\/logo-feher-600.png\",\"contentUrl\":\"https:\\\/\\\/dorogimedence.hu\\\/wp-content\\\/uploads\\\/2021\\\/04\\\/logo-feher-600.png\",\"width\":600,\"height\":100,\"caption\":\"Dorogi-medence Region\u00e1lis H\u00edrport\u00e1l\"},\"image\":{\"@id\":\"https:\\\/\\\/dorogimedence.hu\\\/#\\\/schema\\\/logo\\\/image\\\/\"},\"sameAs\":[\"https:\\\/\\\/www.facebook.com\\\/dorogimedence\\\/\"]},{\"@type\":\"Person\",\"@id\":\"https:\\\/\\\/dorogimedence.hu\\\/#\\\/schema\\\/person\\\/ce6091eeb7e95ecdc87890d6aa8e0fd4\",\"name\":\"dorogimedence.hu\",\"image\":{\"@type\":\"ImageObject\",\"inLanguage\":\"hu\",\"@id\":\"\\\/\\\/www.gravatar.com\\\/avatar\\\/d8d45f8901aadff40a4af72c0b826f1d?s=96&#038;r=g&#038;d=mm\",\"url\":\"\\\/\\\/www.gravatar.com\\\/avatar\\\/d8d45f8901aadff40a4af72c0b826f1d?s=96&#038;r=g&#038;d=mm\",\"contentUrl\":\"\\\/\\\/www.gravatar.com\\\/avatar\\\/d8d45f8901aadff40a4af72c0b826f1d?s=96&#038;r=g&#038;d=mm\",\"caption\":\"dorogimedence.hu\"}}]}<\/script>\n<!-- \/ Yoast SEO plugin. -->","yoast_head_json":{"title":"Meg\u00f6l\u00e9ssel fenyegette any\u00f3s\u00e1t, k\u00e9t \u00e9vet kaphat","robots":{"index":"index","follow":"follow","max-snippet":"max-snippet:-1","max-image-preview":"max-image-preview:large","max-video-preview":"max-video-preview:-1"},"canonical":"https:\/\/dorogimedence.hu\/index.php\/2020\/06\/04\/megolessel-fenyegette-anyosat-ket-evet-kaphat\/","og_locale":"hu_HU","og_type":"article","og_title":"Meg\u00f6l\u00e9ssel fenyegette any\u00f3s\u00e1t, k\u00e9t \u00e9vet kaphat","og_description":"Az Esztergomi J\u00e1r\u00e1si \u00dcgy\u00e9szs\u00e9g zaklat\u00e1s v\u00e9ts\u00e9ge \u00e9s mag\u00e1nlaks\u00e9rt\u00e9s b\u0171ntette miatt indult \u00fcgyben v\u00e1diratot ny\u00fajtott be azzal a t\u00f6bbsz\u00f6r\u00f6s visszaes\u0151 f\u00e9rfival szemben, aki any\u00f3s\u00e1t t\u00f6bbsz\u00f6r meg\u00f6l\u00e9ssel fenyegette, egyik alkalommal \u00e9jjel a h\u00e1za udvar\u00e1ra is behatolt. A v\u00e1dirat szerint a f\u00e9rfi \u00e9s\u00a0\u00e9lett\u00e1rsa kapcsolata megszakadt, a n\u0151 az \u00e9desanyj\u00e1hoz k\u00f6lt\u00f6z\u00f6tt vissza. A f\u00e9rfi a szak\u00edt\u00e1st nem akarta elfogadni,","og_url":"https:\/\/dorogimedence.hu\/index.php\/2020\/06\/04\/megolessel-fenyegette-anyosat-ket-evet-kaphat\/","og_site_name":"Dorogi-medence Region\u00e1lis H\u00edrport\u00e1l","article_publisher":"https:\/\/www.facebook.com\/dorogimedence\/","article_published_time":"2020-06-04T08:46:23+00:00","article_modified_time":"2020-06-04T08:46:45+00:00","og_image":[{"width":670,"height":365,"url":"https:\/\/i0.wp.com\/dorogimedence.hu\/wp-content\/uploads\/2017\/07\/birosag-01.jpg?fit=670%2C365&ssl=1","type":"image\/jpeg"}],"author":"dorogimedence.hu","twitter_card":"summary_large_image","twitter_misc":{"Szerz\u0151:":"dorogimedence.hu","Becs\u00fclt olvas\u00e1si id\u0151":"2 perc"},"schema":{"@context":"https:\/\/schema.org","@graph":[{"@type":"Article","@id":"https:\/\/dorogimedence.hu\/index.php\/2020\/06\/04\/megolessel-fenyegette-anyosat-ket-evet-kaphat\/#article","isPartOf":{"@id":"https:\/\/dorogimedence.hu\/index.php\/2020\/06\/04\/megolessel-fenyegette-anyosat-ket-evet-kaphat\/"},"author":{"name":"dorogimedence.hu","@id":"https:\/\/dorogimedence.hu\/#\/schema\/person\/ce6091eeb7e95ecdc87890d6aa8e0fd4"},"headline":"Meg\u00f6l\u00e9ssel fenyegette any\u00f3s\u00e1t, k\u00e9t \u00e9vet kaphat","datePublished":"2020-06-04T08:46:23+00:00","dateModified":"2020-06-04T08:46:45+00:00","mainEntityOfPage":{"@id":"https:\/\/dorogimedence.hu\/index.php\/2020\/06\/04\/megolessel-fenyegette-anyosat-ket-evet-kaphat\/"},"wordCount":402,"publisher":{"@id":"https:\/\/dorogimedence.hu\/#organization"},"keywords":["b\u00edr\u00f3s\u00e1g","b\u0171ncselekm\u00e9ny","L\u00e1batlan","\u00fcgy\u00e9szs\u00e9g"],"articleSection":["H\u00edrek","K\u00e9k h\u00edrek"],"inLanguage":"hu"},{"@type":"WebPage","@id":"https:\/\/dorogimedence.hu\/index.php\/2020\/06\/04\/megolessel-fenyegette-anyosat-ket-evet-kaphat\/","url":"https:\/\/dorogimedence.hu\/index.php\/2020\/06\/04\/megolessel-fenyegette-anyosat-ket-evet-kaphat\/","name":"Meg\u00f6l\u00e9ssel fenyegette any\u00f3s\u00e1t, k\u00e9t \u00e9vet kaphat","isPartOf":{"@id":"https:\/\/dorogimedence.hu\/#website"},"datePublished":"2020-06-04T08:46:23+00:00","dateModified":"2020-06-04T08:46:45+00:00","breadcrumb":{"@id":"https:\/\/dorogimedence.hu\/index.php\/2020\/06\/04\/megolessel-fenyegette-anyosat-ket-evet-kaphat\/#breadcrumb"},"inLanguage":"hu","potentialAction":[{"@type":"ReadAction","target":["https:\/\/dorogimedence.hu\/index.php\/2020\/06\/04\/megolessel-fenyegette-anyosat-ket-evet-kaphat\/"]}]},{"@type":"BreadcrumbList","@id":"https:\/\/dorogimedence.hu\/index.php\/2020\/06\/04\/megolessel-fenyegette-anyosat-ket-evet-kaphat\/#breadcrumb","itemListElement":[{"@type":"ListItem","position":1,"name":"Kezd\u0151lap","item":"https:\/\/dorogimedence.hu\/"},{"@type":"ListItem","position":2,"name":"Meg\u00f6l\u00e9ssel fenyegette any\u00f3s\u00e1t, k\u00e9t \u00e9vet kaphat"}]},{"@type":"WebSite","@id":"https:\/\/dorogimedence.hu\/#website","url":"https:\/\/dorogimedence.hu\/","name":"Dorogi-medence Region\u00e1lis H\u00edrport\u00e1l","description":"Dorog, Keszt\u00f6lc, Le\u00e1nyv\u00e1r, Piliscs\u00e9v, Tokod, Tokodalt\u00e1r\u00f3, Csolnok, Esztergom-kertv\u00e1ros: h\u00edrek, programok","publisher":{"@id":"https:\/\/dorogimedence.hu\/#organization"},"potentialAction":[{"@type":"SearchAction","target":{"@type":"EntryPoint","urlTemplate":"https:\/\/dorogimedence.hu\/?s={search_term_string}"},"query-input":{"@type":"PropertyValueSpecification","valueRequired":true,"valueName":"search_term_string"}}],"inLanguage":"hu"},{"@type":"Organization","@id":"https:\/\/dorogimedence.hu\/#organization","name":"Dorogi-medence Region\u00e1lis H\u00edrport\u00e1l","url":"https:\/\/dorogimedence.hu\/","logo":{"@type":"ImageObject","inLanguage":"hu","@id":"https:\/\/dorogimedence.hu\/#\/schema\/logo\/image\/","url":"https:\/\/dorogimedence.hu\/wp-content\/uploads\/2021\/04\/logo-feher-600.png","contentUrl":"https:\/\/dorogimedence.hu\/wp-content\/uploads\/2021\/04\/logo-feher-600.png","width":600,"height":100,"caption":"Dorogi-medence Region\u00e1lis H\u00edrport\u00e1l"},"image":{"@id":"https:\/\/dorogimedence.hu\/#\/schema\/logo\/image\/"},"sameAs":["https:\/\/www.facebook.com\/dorogimedence\/"]},{"@type":"Person","@id":"https:\/\/dorogimedence.hu\/#\/schema\/person\/ce6091eeb7e95ecdc87890d6aa8e0fd4","name":"dorogimedence.hu","image":{"@type":"ImageObject","inLanguage":"hu","@id":"\/\/www.gravatar.com\/avatar\/d8d45f8901aadff40a4af72c0b826f1d?s=96&#038;r=g&#038;d=mm","url":"\/\/www.gravatar.com\/avatar\/d8d45f8901aadff40a4af72c0b826f1d?s=96&#038;r=g&#038;d=mm","contentUrl":"\/\/www.gravatar.com\/avatar\/d8d45f8901aadff40a4af72c0b826f1d?s=96&#038;r=g&#038;d=mm","caption":"dorogimedence.hu"}}]}},"_links":{"self":[{"href":"https:\/\/dorogimedence.hu\/index.php\/wp-json\/wp\/v2\/posts\/25365","targetHints":{"allow":["GET"]}}],"collection":[{"href":"https:\/\/dorogimedence.hu\/index.php\/wp-json\/wp\/v2\/posts"}],"about":[{"href":"https:\/\/dorogimedence.hu\/index.php\/wp-json\/wp\/v2\/types\/post"}],"author":[{"embeddable":true,"href":"https:\/\/dorogimedence.hu\/index.php\/wp-json\/wp\/v2\/users\/1"}],"replies":[{"embeddable":true,"href":"https:\/\/dorogimedence.hu\/index.php\/wp-json\/wp\/v2\/comments?post=25365"}],"version-history":[{"count":0,"href":"https:\/\/dorogimedence.hu\/index.php\/wp-json\/wp\/v2\/posts\/25365\/revisions"}],"wp:attachment":[{"href":"https:\/\/dorogimedence.hu\/index.php\/wp-json\/wp\/v2\/media?parent=25365"}],"wp:term":[{"taxonomy":"category","embeddable":true,"href":"https:\/\/dorogimedence.hu\/index.php\/wp-json\/wp\/v2\/categories?post=25365"},{"taxonomy":"post_tag","embeddable":true,"href":"https:\/\/dorogimedence.hu\/index.php\/wp-json\/wp\/v2\/tags?post=25365"}],"curies":[{"name":"wp","href":"https:\/\/api.w.org\/{rel}","templated":true}]}}