{"id":25345,"date":"2020-06-03T11:52:08","date_gmt":"2020-06-03T09:52:08","guid":{"rendered":"http:\/\/dorogimedence.hu\/?p=25345"},"modified":"2020-06-03T11:52:24","modified_gmt":"2020-06-03T09:52:24","slug":"ix-komarom-esztergom-megyei-fotopalyazat","status":"publish","type":"post","link":"https:\/\/dorogimedence.hu\/index.php\/2020\/06\/03\/ix-komarom-esztergom-megyei-fotopalyazat\/","title":{"rendered":"IX. Kom\u00e1rom-Esztergom Megyei Fot\u00f3p\u00e1ly\u00e1zat"},"content":{"rendered":"<p><strong>A vil\u00e1g, ahogy \u00e9n l\u00e1tom &#8211; Digit\u00e1lis pillanatok c\u00edmmel imm\u00e1ron kilencedik alkalommal hirdeti meg a Kom\u00e1rom-Esztergom Megyei Fot\u00f3p\u00e1ly\u00e1zatot a F\u00e9ja G\u00e9za K\u00f6z\u00f6ss\u00e9gi H\u00e1z.<\/strong><\/p>\n<p>Jelentkez\u00e9si hat\u00e1rid\u0151 \u00e9s a munk\u00e1k elk\u00fcld\u00e9s\u00e9nek hat\u00e1rideje: 2020. okt\u00f3ber 12.<\/p>\n<p>A p\u00e1ly\u00e1zat v\u00e9dn\u00f6ke: Popovics Gy\u00f6rgy, a Kom\u00e1rom-Esztergom Megyei K\u00f6zgy\u0171l\u00e9s eln\u00f6ke<\/p>\n<p>A p\u00e1ly\u00e1zat c\u00e9lja: vizu\u00e1lis seregszemle<\/p>\n<p>A p\u00e1ly\u00e1zat kateg\u00f3ri\u00e1i:<\/p>\n<ol>\n<li><strong> Szabad t\u00e9m\u00e1j\u00fa fekete-feh\u00e9r (monokr\u00f3m)<\/strong> &#8211; Enged\u00e9lyezett: b\u00e1rmilyen kreat\u00edv k\u00e9pm\u00f3dos\u00edt\u00e1s.<\/li>\n<li><strong> Szabad t\u00e9m\u00e1j\u00fa sz\u00ednes (sz\u00ednes)<\/strong> &#8211; Enged\u00e9lyezett: b\u00e1rmilyen kreat\u00edv k\u00e9pm\u00f3dos\u00edt\u00e1s.<\/li>\n<li><strong> Term\u00e9szet (sz\u00ednes \u00e9s\/vagy fekete feh\u00e9r)<\/strong> &#8211; Nem enged\u00e9lyezett: k\u00e9pr\u00e9szletek hozz\u00e1ad\u00e1sa, elt\u00e1vol\u00edt\u00e1sa; mont\u00e1zs(kompozit); a k\u00e9p r\u00e9szeinek szelekt\u00edv m\u00f3dos\u00edt\u00e1sa (kiv\u00e9ve por, lencsehib\u00e1k). &#8211; Enged\u00e9lyezett: monokr\u00f3m k\u00e9pp\u00e9 alak\u00edt\u00e1s; digit\u00e1lis f\u00e9lsz\u0171r\u0151k alkalmaz\u00e1sa; kamer\u00e1n bel\u00fcli multiexpo; kamer\u00e1n k\u00edv\u00fcli egyes\u00edt\u00e9ssel k\u00e9sz\u00fclt panor\u00e1mak\u00e9pek, csillagj\u00e1r\u00e1s-fot\u00f3k \u00e9s asztro-t\u00e1jk\u00e9p felv\u00e9telek k\u00e9sz\u00edt\u00e9se.<\/li>\n<li><strong> Portr\u00e9, ember\u00e1br\u00e1zol\u00e1s (sz\u00ednes \u00e9s\/vagy fekete feh\u00e9r)<\/strong> &#8211; Enged\u00e9lyezett: b\u00e1rmilyen kreat\u00edv k\u00e9pm\u00f3dos\u00edt\u00e1s.<\/li>\n<li><strong> T\u00e1j- \u00e9s v\u00e1rosk\u00e9pek (sz\u00ednes \u00e9s\/vagy fekete feh\u00e9r)<\/strong> &#8211; Nem enged\u00e9lyezett: k\u00e9pr\u00e9szletek hozz\u00e1ad\u00e1sa, elt\u00e1vol\u00edt\u00e1sa; mont\u00e1zs(kompozit) &#8211; Enged\u00e9lyezett: monokr\u00f3m k\u00e9pp\u00e9 alak\u00edt\u00e1s; a k\u00e9p r\u00e9szeinek, sz\u00ednt\u00f3nusainak, f\u00e9nyerej\u00e9nek szelekt\u00edv m\u00f3dos\u00edt\u00e1sa; digit\u00e1lis f\u00e9lsz\u0171r\u0151k alkalmaz\u00e1sa; kamer\u00e1n bel\u00fcli multiexpo; kamer\u00e1n k\u00edv\u00fcli egyes\u00edt\u00e9ssel k\u00e9sz\u00fclt panor\u00e1mak\u00e9pek, csillagj\u00e1r\u00e1s-fot\u00f3k \u00e9s asztro-t\u00e1jk\u00e9p felv\u00e9telek k\u00e9sz\u00edt\u00e9se.<\/li>\n<li><strong> Dr\u00f3nfot\u00f3, l\u00e9gifot\u00f3 (k\u00eds\u00e9rletk\u00e9ppen)<\/strong> &#8211; Enged\u00e9lyezett: b\u00e1rmilyen kreat\u00edv k\u00e9pm\u00f3dos\u00edt\u00e1s.<\/li>\n<\/ol>\n<p><strong>R\u00e9szv\u00e9teli felt\u00e9telek:<br \/>\n<\/strong><br \/>\n1. A fot\u00f3p\u00e1ly\u00e1zaton b\u00e1rki r\u00e9szt vehet \u00e9letkort\u00f3l, foglalkoz\u00e1st\u00f3l \u00e9s lak\u00f3helyt\u0151l f\u00fcggetlen\u00fcl.<br \/>\n2. Az el\u0151z\u0151 \u00e9vi p\u00e1ly\u00e1zatokon ki\u00e1ll\u00edtott k\u00e9pekkel p\u00e1ly\u00e1zni nem lehet!<br \/>\n3. Egy p\u00e1ly\u00e1z\u00f3 maximum 10 db digit\u00e1lis, vagy digitaliz\u00e1lt f\u00e9nyk\u00e9pet k\u00fcldhet be e-mailben. Egy kateg\u00f3ri\u00e1ban bek\u00fcldhet\u0151 p\u00e1lyam\u0171vek maxim\u00e1lis sz\u00e1ma: legfeljebb 5 k\u00e9p<br \/>\n4. Bek\u00fcldend\u0151 k\u00e9pf\u00e1jlok: JPEG form\u00e1tum (80-90%-os t\u00f6m\u00f6r\u00edt\u00e9s), hosszabbik oldal minimum 3500 pixel, felbont\u00e1s 300 dpi, sz\u00ednt\u00e9r: sRGB. N\u00e9gyzetes k\u00e9pform\u00e1tumn\u00e1l a m\u00e9ret maximum 2300 px x 2300 px.<br \/>\n5. Csak egyedi k\u00e9peket v\u00e1runk, sorozat nem k\u00fcldhet\u0151 be. V\u00edzjel alkalmaz\u00e1sa tilos.<br \/>\n6. A k\u00e9pf\u00e1jlok elnevez\u00e9se: kateg\u00f3ria (A;B;C;D;E;F) + kateg\u00f3ri\u00e1n bel\u00fcli sorsz\u00e1m (1, 2, 3, 4, 5) + k\u00e9pc\u00edm. (P\u00e9ld\u00e1ul: k\u00e9p c\u00edme: Dunai hal\u00e1szat; f\u00e1jl neve: A1_Dunai halaszat). A f\u00e1jln\u00e9v semmilyen form\u00e1ban NEM tartalmazhatja a szerz\u0151 nev\u00e9t, \u00e9s \u00e9kezeteket sem!<br \/>\n7. A nevez\u00e9ssel a p\u00e1ly\u00e1z\u00f3 nyilatkozik arr\u00f3l, hogy p\u00e1lyam\u0171vei minden szempontb\u00f3l megfelelnek jelen p\u00e1ly\u00e1zati ki\u00edr\u00e1snak \u00e9s rendelkezik a k\u00e9pek szerz\u0151i jog\u00e1val, az eredeti, m\u00f3dos\u00edtatlan kamera-f\u00e1jlokkal. A szervez\u0151 int\u00e9zm\u00e9ny nem v\u00e1llal felel\u0151ss\u00e9get az ezek hi\u00e1ny\u00e1b\u00f3l ered\u0151 jogvit\u00e1kban!<br \/>\n8. A r\u00e9sztvev\u0151 a p\u00e1ly\u00e1zati anyag elk\u00fcld\u00e9s\u00e9vel automatikusan elfogadja a p\u00e1ly\u00e1zati felt\u00e9teleket \u00e9s egyben hozz\u00e1j\u00e1rul, hogy a rendez\u0151k a p\u00e1ly\u00e1zattal kapcsolatos publik\u00e1ci\u00f3kban k\u00e9peiket t\u00e9r\u00edt\u00e9smentesen haszn\u00e1lj\u00e1k.<br \/>\n9. D\u00edjaz\u00e1s: kateg\u00f3ri\u00e1nk\u00e9nt I-II-III. d\u00edj. A zs\u0171ri fenntartja mag\u00e1nak a jogot, hogy d\u00edjakat \u00f6sszevonjon, vagy visszatartson. A zs\u0171ri d\u00f6nt\u00e9se v\u00e9gleges \u00e9s nem vitathat\u00f3.<br \/>\n10. A zs\u0171ri tagjai: Moln\u00e1r Gyula, M\u00f3nos G\u00e1bor (AFIAP, QPSA), dr. T\u00f3ta Kriszti\u00e1n (EFIAP, A-MAFOSZ), Szekeres J\u00e1nos (E-MAFOSZ\/s) fot\u00f3m\u0171v\u00e9szek.<br \/>\n11. A p\u00e1ly\u00e1z\u00f3knak nevez\u00e9si lapot kell kit\u00f6lteni. A nevez\u00e9si lapon szerepl\u0151 inform\u00e1ci\u00f3knak meg kell egyezni\u00fck a f\u00e1jl n\u00e9vben olvashat\u00f3 adatokkal. A nevez\u00e9si lap e-mailben ig\u00e9nyelhet\u0151 a fejafotos@gmail.com c\u00edmen. A nevez\u00e9si lapot e-mailben jpg form\u00e1tumban (al\u00e1\u00edrva, szkennelve) kell bek\u00fcldeni. A nevez\u00e9si lapra \u00edrj\u00e1k r\u00e1 a nevez\u00e9si d\u00edj befizet\u00e9s\u00e9nek napj\u00e1t.<br \/>\n12. A p\u00e1ly\u00e1z\u00f3knak nevez\u00e9si d\u00edjat kell fizetni, amelynek \u00f6sszege: <strong>2500 Ft\/f\u0151<\/strong>, f\u00fcggetlen\u00fcl, hogy h\u00e1ny fot\u00f3t k\u00fcldtek be. A nevez\u00e9si d\u00edjakat a p\u00e1ly\u00e1zattal \u00e9s ki\u00e1ll\u00edt\u00e1ssal kapcsolatos k\u00f6lts\u00e9gek fedez\u00e9s\u00e9re k\u00edv\u00e1nj\u00e1k a szervez\u0151k ford\u00edtani.<\/p>\n<p><strong>A nevez\u00e9si d\u00edj befizet\u00e9s\u00e9nek rendje:<\/strong><\/p>\n<p>Kiz\u00e1r\u00f3lag banki utal\u00e1ssal: a nevez\u00e9si d\u00edjat a F\u00e9ja G\u00e9za K\u00f6z\u00f6ss\u00e9gi H\u00e1z 10403648-50526551-53701007 p\u00e9nzforgalmi jelz\u0151sz\u00e1m\u00fa sz\u00e1ml\u00e1ra k\u00e9rik teljes\u00edteni. Elektronikus utal\u00e1s \u00e9s p\u00e9nzint\u00e9zetben szem\u00e9lyesen kezdem\u00e9nyezett utal\u00e1si megb\u00edz\u00e1s eset\u00e9n a befizet\u00e9st igazol\u00f3 bizonylat k\u00f6zlem\u00e9ny rovat\u00e1ba k\u00e9rik felt\u00fcntetni: \u201eOnline fot\u00f3p\u00e1ly\u00e1zat Esztergom-kertv\u00e1ros\u201d.<\/p>\n<p>A nevez\u00e9si d\u00edj megfizet\u00e9s\u00e9t igazol\u00f3 bizonylatot e-mailben k\u00e9rj\u00fck elk\u00fcldeni a nevez\u00e9si lappal \u00e9s a fot\u00f3kkal egy\u00fctt.<\/p>\n<p>A nevez\u00e9si d\u00edj utal\u00e1s\u00e1hoz az al\u00e1bbi adatok is sz\u00fcks\u00e9gesek lehetnek:<br \/>\nKedvezm\u00e9nyezett neve: F\u00e9ja G\u00e9za K\u00f6z\u00f6ss\u00e9gi H\u00e1z<br \/>\nKedvezm\u00e9nyezett c\u00edme: 2509 Esztergom-kertv\u00e1ros, Damjanich u. 70.<br \/>\nSz\u00e1mlavezet\u0151 neve: K&amp;H Bank<br \/>\nSz\u00e1mlavezet\u0151 c\u00edme: 2500 Esztergom, R\u00e1k\u00f3czi t\u00e9r 1-3.<br \/>\nOrsz\u00e1g k\u00f3d: HU<\/p>\n<p>A F\u00e9ja G\u00e9za K\u00f6z\u00f6ss\u00e9gi H\u00e1z minden befizetett nevez\u00e9si d\u00edjr\u00f3l a p\u00e1ly\u00e1z\u00f3 nev\u00e9re \u00e9s c\u00edm\u00e9re sz\u00f3l\u00f3 sz\u00e1ml\u00e1t \u00e1ll\u00edt ki, amelyet szkennelve, e-mailben k\u00fcld\u00fcnk el a p\u00e1ly\u00e1z\u00f3 \u00e1ltal megadott c\u00edmre. Az eredeti p\u00e9ld\u00e1nyt a d\u00edj\u00e1tad\u00f3 napj\u00e1n tudj\u00e1k majd szem\u00e9lyesen \u00e1tvenni.<\/p>\n<p>13. P\u00e1ly\u00e1zatok lead\u00e1sa:<br \/>\nInternetes bek\u00fcld\u00e9si c\u00edm (kiz\u00e1r\u00f3lag): fejafotos@gmail.com.<br \/>\nA p\u00e1ly\u00e1zatok szem\u00e9lyes, illetve postai \u00e1tad\u00e1s\u00e1ra nincs lehet\u0151s\u00e9g.<\/p>\n<p>15. Zs\u0171riz\u00e9s tervezett hat\u00e1rideje: okt\u00f3ber 31.<br \/>\nK\u00f6zz\u00e9t\u00e9tel: a versenyz\u0151ket az eredm\u00e9nyr\u0151l november 13-t\u00f3l e-mailben \u00e9rtes\u00edtj\u00fck.<\/p>\n<p>16. Az eredm\u00e9nyhirdet\u00e9s \u00e9s a ki\u00e1ll\u00edt\u00e1s tervezett id\u0151pontja, helysz\u00edne: 2020. december 10. (cs\u00fct\u00f6rt\u00f6k) 17.00 Esztergom-kertv\u00e1ros, F\u00e9ja G\u00e9za K\u00f6z\u00f6ss\u00e9gi H\u00e1z. 2509 Esztergom-kertv\u00e1ros, Damjanich u. 70.<\/p>\n<p>17. Inform\u00e1ci\u00f3, kapcsolat: fejafotos@gmail.com<\/p>\n<p><strong>K\u00f6zlem\u00e9ny:<\/strong> A koronav\u00edrus j\u00e1rv\u00e1ny k\u00f6vetkezt\u00e9ben kihirdetett rendk\u00edv\u00fcli jogrend miatt a fot\u00f3p\u00e1ly\u00e1zatot nem tudj\u00e1k megtartani a szok\u00e1sos id\u0151pontban. Az orsz\u00e1gos helyzetet figyelembe v\u00e9ve k\u00e9s\u0151bbre halasztj\u00e1k rendezv\u00e9ny\u00fcket. Amennyiben a vesz\u00e9lyhelyzet sor\u00e1n hozott rendeletek engedik, az \u00faj tervezett id\u0151pont 2020. okt\u00f3ber-december. A szervez\u0151k azon dolgoznak, hogy a p\u00e1ly\u00e1zatot a m\u00e1r megszokott m\u00f3don (ki\u00e1ll\u00edt\u00e1s, d\u00edj\u00e1tad\u00f3) szervezhess\u00e9k meg, de ha ez nem lehets\u00e9ges, alternat\u00edv keretek k\u00f6z\u00e9 (virtu\u00e1lis t\u00e9r) helyezik a projektet \u2013 mindenki eg\u00e9szs\u00e9ge \u00e9s biztons\u00e1ga \u00e9rdek\u00e9ben.<\/p>\n<p><img fetchpriority=\"high\" decoding=\"async\" class=\"alignnone size-full wp-image-25346\" src=\"https:\/\/dorogimedence.hu\/wp-content\/uploads\/2020\/06\/101577521_2613032782288790_7345236753038442496_o.jpg\" alt=\"\" width=\"679\" height=\"960\" srcset=\"https:\/\/dorogimedence.hu\/wp-content\/uploads\/2020\/06\/101577521_2613032782288790_7345236753038442496_o.jpg 679w, https:\/\/dorogimedence.hu\/wp-content\/uploads\/2020\/06\/101577521_2613032782288790_7345236753038442496_o-212x300.jpg 212w\" sizes=\"(max-width: 679px) 100vw, 679px\" \/><\/p>\n","protected":false},"excerpt":{"rendered":"<p>A vil\u00e1g, ahogy \u00e9n l\u00e1tom &#8211; Digit\u00e1lis pillanatok c\u00edmmel imm\u00e1ron kilencedik alkalommal hirdeti meg a Kom\u00e1rom-Esztergom Megyei Fot\u00f3p\u00e1ly\u00e1zatot a F\u00e9ja G\u00e9za K\u00f6z\u00f6ss\u00e9gi H\u00e1z. Jelentkez\u00e9si hat\u00e1rid\u0151 \u00e9s a munk\u00e1k elk\u00fcld\u00e9s\u00e9nek hat\u00e1rideje: 2020. okt\u00f3ber 12. A p\u00e1ly\u00e1zat v\u00e9dn\u00f6ke: Popovics Gy\u00f6rgy, a Kom\u00e1rom-Esztergom Megyei K\u00f6zgy\u0171l\u00e9s eln\u00f6ke A p\u00e1ly\u00e1zat c\u00e9lja: vizu\u00e1lis seregszemle A p\u00e1ly\u00e1zat kateg\u00f3ri\u00e1i: Szabad t\u00e9m\u00e1j\u00fa fekete-feh\u00e9r (monokr\u00f3m)<\/p>\n","protected":false},"author":1,"featured_media":25347,"comment_status":"closed","ping_status":"closed","sticky":false,"template":"","format":"standard","meta":{"ngg_post_thumbnail":0,"footnotes":""},"categories":[7,3,56],"tags":[169,1009,3799],"class_list":{"0":"post-25345","1":"post","2":"type-post","3":"status-publish","4":"format-standard","5":"has-post-thumbnail","7":"category-esztergom_kertvaros","8":"category-hirek","9":"category-komarom-esztergom","10":"tag-esztergom-kertvaros","11":"tag-fotopalyazat","12":"tag-komarom-esztergom-megye"},"yoast_head":"<!-- This site is optimized with the Yoast SEO plugin v27.4 - https:\/\/yoast.com\/product\/yoast-seo-wordpress\/ -->\n<title>IX. Kom\u00e1rom-Esztergom Megyei Fot\u00f3p\u00e1ly\u00e1zat<\/title>\n<meta name=\"robots\" content=\"index, follow, max-snippet:-1, max-image-preview:large, max-video-preview:-1\" \/>\n<link rel=\"canonical\" href=\"https:\/\/dorogimedence.hu\/index.php\/2020\/06\/03\/ix-komarom-esztergom-megyei-fotopalyazat\/\" class=\"yoast-seo-meta-tag\" \/>\n<meta property=\"og:locale\" content=\"hu_HU\" class=\"yoast-seo-meta-tag\" \/>\n<meta property=\"og:type\" content=\"article\" class=\"yoast-seo-meta-tag\" \/>\n<meta property=\"og:title\" content=\"IX. Kom\u00e1rom-Esztergom Megyei Fot\u00f3p\u00e1ly\u00e1zat\" class=\"yoast-seo-meta-tag\" \/>\n<meta property=\"og:description\" content=\"A vil\u00e1g, ahogy \u00e9n l\u00e1tom &#8211; Digit\u00e1lis pillanatok c\u00edmmel imm\u00e1ron kilencedik alkalommal hirdeti meg a Kom\u00e1rom-Esztergom Megyei Fot\u00f3p\u00e1ly\u00e1zatot a F\u00e9ja G\u00e9za K\u00f6z\u00f6ss\u00e9gi H\u00e1z. Jelentkez\u00e9si hat\u00e1rid\u0151 \u00e9s a munk\u00e1k elk\u00fcld\u00e9s\u00e9nek hat\u00e1rideje: 2020. okt\u00f3ber 12. A p\u00e1ly\u00e1zat v\u00e9dn\u00f6ke: Popovics Gy\u00f6rgy, a Kom\u00e1rom-Esztergom Megyei K\u00f6zgy\u0171l\u00e9s eln\u00f6ke A p\u00e1ly\u00e1zat c\u00e9lja: vizu\u00e1lis seregszemle A p\u00e1ly\u00e1zat kateg\u00f3ri\u00e1i: Szabad t\u00e9m\u00e1j\u00fa fekete-feh\u00e9r (monokr\u00f3m)\" class=\"yoast-seo-meta-tag\" \/>\n<meta property=\"og:url\" content=\"https:\/\/dorogimedence.hu\/index.php\/2020\/06\/03\/ix-komarom-esztergom-megyei-fotopalyazat\/\" class=\"yoast-seo-meta-tag\" \/>\n<meta property=\"og:site_name\" content=\"Dorogi-medence Region\u00e1lis H\u00edrport\u00e1l\" class=\"yoast-seo-meta-tag\" \/>\n<meta property=\"article:publisher\" content=\"https:\/\/www.facebook.com\/dorogimedence\/\" class=\"yoast-seo-meta-tag\" \/>\n<meta property=\"article:published_time\" content=\"2020-06-03T09:52:08+00:00\" class=\"yoast-seo-meta-tag\" \/>\n<meta property=\"article:modified_time\" content=\"2020-06-03T09:52:24+00:00\" class=\"yoast-seo-meta-tag\" \/>\n<meta property=\"og:image\" content=\"https:\/\/i0.wp.com\/dorogimedence.hu\/wp-content\/uploads\/2020\/06\/fotopalyazat.jpg?fit=670%2C365&ssl=1\" class=\"yoast-seo-meta-tag\" \/>\n\t<meta property=\"og:image:width\" content=\"670\" class=\"yoast-seo-meta-tag\" \/>\n\t<meta property=\"og:image:height\" content=\"365\" class=\"yoast-seo-meta-tag\" \/>\n\t<meta property=\"og:image:type\" content=\"image\/jpeg\" class=\"yoast-seo-meta-tag\" \/>\n<meta name=\"author\" content=\"dorogimedence.hu\" class=\"yoast-seo-meta-tag\" \/>\n<meta name=\"twitter:card\" content=\"summary_large_image\" class=\"yoast-seo-meta-tag\" \/>\n<meta name=\"twitter:label1\" content=\"Szerz\u0151:\" class=\"yoast-seo-meta-tag\" \/>\n\t<meta name=\"twitter:data1\" content=\"dorogimedence.hu\" class=\"yoast-seo-meta-tag\" \/>\n\t<meta name=\"twitter:label2\" content=\"Becs\u00fclt olvas\u00e1si id\u0151\" class=\"yoast-seo-meta-tag\" \/>\n\t<meta name=\"twitter:data2\" content=\"7 perc\" class=\"yoast-seo-meta-tag\" \/>\n<script type=\"application\/ld+json\" class=\"yoast-schema-graph\">{\"@context\":\"https:\\\/\\\/schema.org\",\"@graph\":[{\"@type\":\"Article\",\"@id\":\"https:\\\/\\\/dorogimedence.hu\\\/index.php\\\/2020\\\/06\\\/03\\\/ix-komarom-esztergom-megyei-fotopalyazat\\\/#article\",\"isPartOf\":{\"@id\":\"https:\\\/\\\/dorogimedence.hu\\\/index.php\\\/2020\\\/06\\\/03\\\/ix-komarom-esztergom-megyei-fotopalyazat\\\/\"},\"author\":{\"name\":\"dorogimedence.hu\",\"@id\":\"https:\\\/\\\/dorogimedence.hu\\\/#\\\/schema\\\/person\\\/ce6091eeb7e95ecdc87890d6aa8e0fd4\"},\"headline\":\"IX. Kom\u00e1rom-Esztergom Megyei Fot\u00f3p\u00e1ly\u00e1zat\",\"datePublished\":\"2020-06-03T09:52:08+00:00\",\"dateModified\":\"2020-06-03T09:52:24+00:00\",\"mainEntityOfPage\":{\"@id\":\"https:\\\/\\\/dorogimedence.hu\\\/index.php\\\/2020\\\/06\\\/03\\\/ix-komarom-esztergom-megyei-fotopalyazat\\\/\"},\"wordCount\":1318,\"publisher\":{\"@id\":\"https:\\\/\\\/dorogimedence.hu\\\/#organization\"},\"image\":{\"@id\":\"https:\\\/\\\/dorogimedence.hu\\\/index.php\\\/2020\\\/06\\\/03\\\/ix-komarom-esztergom-megyei-fotopalyazat\\\/#primaryimage\"},\"thumbnailUrl\":\"https:\\\/\\\/dorogimedence.hu\\\/wp-content\\\/uploads\\\/2020\\\/06\\\/fotopalyazat.jpg\",\"keywords\":[\"Esztergom-kertv\u00e1ros\",\"fot\u00f3p\u00e1ly\u00e1zat\",\"Kom\u00e1rom-Esztergom megye\"],\"articleSection\":[\"Esztergom-kertv\u00e1ros\",\"H\u00edrek\",\"Kom\u00e1rom-Esztergom\"],\"inLanguage\":\"hu\"},{\"@type\":\"WebPage\",\"@id\":\"https:\\\/\\\/dorogimedence.hu\\\/index.php\\\/2020\\\/06\\\/03\\\/ix-komarom-esztergom-megyei-fotopalyazat\\\/\",\"url\":\"https:\\\/\\\/dorogimedence.hu\\\/index.php\\\/2020\\\/06\\\/03\\\/ix-komarom-esztergom-megyei-fotopalyazat\\\/\",\"name\":\"IX. Kom\u00e1rom-Esztergom Megyei Fot\u00f3p\u00e1ly\u00e1zat\",\"isPartOf\":{\"@id\":\"https:\\\/\\\/dorogimedence.hu\\\/#website\"},\"primaryImageOfPage\":{\"@id\":\"https:\\\/\\\/dorogimedence.hu\\\/index.php\\\/2020\\\/06\\\/03\\\/ix-komarom-esztergom-megyei-fotopalyazat\\\/#primaryimage\"},\"image\":{\"@id\":\"https:\\\/\\\/dorogimedence.hu\\\/index.php\\\/2020\\\/06\\\/03\\\/ix-komarom-esztergom-megyei-fotopalyazat\\\/#primaryimage\"},\"thumbnailUrl\":\"https:\\\/\\\/dorogimedence.hu\\\/wp-content\\\/uploads\\\/2020\\\/06\\\/fotopalyazat.jpg\",\"datePublished\":\"2020-06-03T09:52:08+00:00\",\"dateModified\":\"2020-06-03T09:52:24+00:00\",\"breadcrumb\":{\"@id\":\"https:\\\/\\\/dorogimedence.hu\\\/index.php\\\/2020\\\/06\\\/03\\\/ix-komarom-esztergom-megyei-fotopalyazat\\\/#breadcrumb\"},\"inLanguage\":\"hu\",\"potentialAction\":[{\"@type\":\"ReadAction\",\"target\":[\"https:\\\/\\\/dorogimedence.hu\\\/index.php\\\/2020\\\/06\\\/03\\\/ix-komarom-esztergom-megyei-fotopalyazat\\\/\"]}]},{\"@type\":\"ImageObject\",\"inLanguage\":\"hu\",\"@id\":\"https:\\\/\\\/dorogimedence.hu\\\/index.php\\\/2020\\\/06\\\/03\\\/ix-komarom-esztergom-megyei-fotopalyazat\\\/#primaryimage\",\"url\":\"https:\\\/\\\/dorogimedence.hu\\\/wp-content\\\/uploads\\\/2020\\\/06\\\/fotopalyazat.jpg\",\"contentUrl\":\"https:\\\/\\\/dorogimedence.hu\\\/wp-content\\\/uploads\\\/2020\\\/06\\\/fotopalyazat.jpg\",\"width\":670,\"height\":365},{\"@type\":\"BreadcrumbList\",\"@id\":\"https:\\\/\\\/dorogimedence.hu\\\/index.php\\\/2020\\\/06\\\/03\\\/ix-komarom-esztergom-megyei-fotopalyazat\\\/#breadcrumb\",\"itemListElement\":[{\"@type\":\"ListItem\",\"position\":1,\"name\":\"Kezd\u0151lap\",\"item\":\"https:\\\/\\\/dorogimedence.hu\\\/\"},{\"@type\":\"ListItem\",\"position\":2,\"name\":\"IX. Kom\u00e1rom-Esztergom Megyei Fot\u00f3p\u00e1ly\u00e1zat\"}]},{\"@type\":\"WebSite\",\"@id\":\"https:\\\/\\\/dorogimedence.hu\\\/#website\",\"url\":\"https:\\\/\\\/dorogimedence.hu\\\/\",\"name\":\"Dorogi-medence Region\u00e1lis H\u00edrport\u00e1l\",\"description\":\"Dorog, Keszt\u00f6lc, Le\u00e1nyv\u00e1r, Piliscs\u00e9v, Tokod, Tokodalt\u00e1r\u00f3, Csolnok, Esztergom-kertv\u00e1ros: h\u00edrek, programok\",\"publisher\":{\"@id\":\"https:\\\/\\\/dorogimedence.hu\\\/#organization\"},\"potentialAction\":[{\"@type\":\"SearchAction\",\"target\":{\"@type\":\"EntryPoint\",\"urlTemplate\":\"https:\\\/\\\/dorogimedence.hu\\\/?s={search_term_string}\"},\"query-input\":{\"@type\":\"PropertyValueSpecification\",\"valueRequired\":true,\"valueName\":\"search_term_string\"}}],\"inLanguage\":\"hu\"},{\"@type\":\"Organization\",\"@id\":\"https:\\\/\\\/dorogimedence.hu\\\/#organization\",\"name\":\"Dorogi-medence Region\u00e1lis H\u00edrport\u00e1l\",\"url\":\"https:\\\/\\\/dorogimedence.hu\\\/\",\"logo\":{\"@type\":\"ImageObject\",\"inLanguage\":\"hu\",\"@id\":\"https:\\\/\\\/dorogimedence.hu\\\/#\\\/schema\\\/logo\\\/image\\\/\",\"url\":\"https:\\\/\\\/dorogimedence.hu\\\/wp-content\\\/uploads\\\/2021\\\/04\\\/logo-feher-600.png\",\"contentUrl\":\"https:\\\/\\\/dorogimedence.hu\\\/wp-content\\\/uploads\\\/2021\\\/04\\\/logo-feher-600.png\",\"width\":600,\"height\":100,\"caption\":\"Dorogi-medence Region\u00e1lis H\u00edrport\u00e1l\"},\"image\":{\"@id\":\"https:\\\/\\\/dorogimedence.hu\\\/#\\\/schema\\\/logo\\\/image\\\/\"},\"sameAs\":[\"https:\\\/\\\/www.facebook.com\\\/dorogimedence\\\/\"]},{\"@type\":\"Person\",\"@id\":\"https:\\\/\\\/dorogimedence.hu\\\/#\\\/schema\\\/person\\\/ce6091eeb7e95ecdc87890d6aa8e0fd4\",\"name\":\"dorogimedence.hu\",\"image\":{\"@type\":\"ImageObject\",\"inLanguage\":\"hu\",\"@id\":\"\\\/\\\/www.gravatar.com\\\/avatar\\\/d8d45f8901aadff40a4af72c0b826f1d?s=96&#038;r=g&#038;d=mm\",\"url\":\"\\\/\\\/www.gravatar.com\\\/avatar\\\/d8d45f8901aadff40a4af72c0b826f1d?s=96&#038;r=g&#038;d=mm\",\"contentUrl\":\"\\\/\\\/www.gravatar.com\\\/avatar\\\/d8d45f8901aadff40a4af72c0b826f1d?s=96&#038;r=g&#038;d=mm\",\"caption\":\"dorogimedence.hu\"}}]}<\/script>\n<!-- \/ Yoast SEO plugin. -->","yoast_head_json":{"title":"IX. Kom\u00e1rom-Esztergom Megyei Fot\u00f3p\u00e1ly\u00e1zat","robots":{"index":"index","follow":"follow","max-snippet":"max-snippet:-1","max-image-preview":"max-image-preview:large","max-video-preview":"max-video-preview:-1"},"canonical":"https:\/\/dorogimedence.hu\/index.php\/2020\/06\/03\/ix-komarom-esztergom-megyei-fotopalyazat\/","og_locale":"hu_HU","og_type":"article","og_title":"IX. Kom\u00e1rom-Esztergom Megyei Fot\u00f3p\u00e1ly\u00e1zat","og_description":"A vil\u00e1g, ahogy \u00e9n l\u00e1tom &#8211; Digit\u00e1lis pillanatok c\u00edmmel imm\u00e1ron kilencedik alkalommal hirdeti meg a Kom\u00e1rom-Esztergom Megyei Fot\u00f3p\u00e1ly\u00e1zatot a F\u00e9ja G\u00e9za K\u00f6z\u00f6ss\u00e9gi H\u00e1z. Jelentkez\u00e9si hat\u00e1rid\u0151 \u00e9s a munk\u00e1k elk\u00fcld\u00e9s\u00e9nek hat\u00e1rideje: 2020. okt\u00f3ber 12. A p\u00e1ly\u00e1zat v\u00e9dn\u00f6ke: Popovics Gy\u00f6rgy, a Kom\u00e1rom-Esztergom Megyei K\u00f6zgy\u0171l\u00e9s eln\u00f6ke A p\u00e1ly\u00e1zat c\u00e9lja: vizu\u00e1lis seregszemle A p\u00e1ly\u00e1zat kateg\u00f3ri\u00e1i: Szabad t\u00e9m\u00e1j\u00fa fekete-feh\u00e9r (monokr\u00f3m)","og_url":"https:\/\/dorogimedence.hu\/index.php\/2020\/06\/03\/ix-komarom-esztergom-megyei-fotopalyazat\/","og_site_name":"Dorogi-medence Region\u00e1lis H\u00edrport\u00e1l","article_publisher":"https:\/\/www.facebook.com\/dorogimedence\/","article_published_time":"2020-06-03T09:52:08+00:00","article_modified_time":"2020-06-03T09:52:24+00:00","og_image":[{"width":670,"height":365,"url":"https:\/\/i0.wp.com\/dorogimedence.hu\/wp-content\/uploads\/2020\/06\/fotopalyazat.jpg?fit=670%2C365&ssl=1","type":"image\/jpeg"}],"author":"dorogimedence.hu","twitter_card":"summary_large_image","twitter_misc":{"Szerz\u0151:":"dorogimedence.hu","Becs\u00fclt olvas\u00e1si id\u0151":"7 perc"},"schema":{"@context":"https:\/\/schema.org","@graph":[{"@type":"Article","@id":"https:\/\/dorogimedence.hu\/index.php\/2020\/06\/03\/ix-komarom-esztergom-megyei-fotopalyazat\/#article","isPartOf":{"@id":"https:\/\/dorogimedence.hu\/index.php\/2020\/06\/03\/ix-komarom-esztergom-megyei-fotopalyazat\/"},"author":{"name":"dorogimedence.hu","@id":"https:\/\/dorogimedence.hu\/#\/schema\/person\/ce6091eeb7e95ecdc87890d6aa8e0fd4"},"headline":"IX. Kom\u00e1rom-Esztergom Megyei Fot\u00f3p\u00e1ly\u00e1zat","datePublished":"2020-06-03T09:52:08+00:00","dateModified":"2020-06-03T09:52:24+00:00","mainEntityOfPage":{"@id":"https:\/\/dorogimedence.hu\/index.php\/2020\/06\/03\/ix-komarom-esztergom-megyei-fotopalyazat\/"},"wordCount":1318,"publisher":{"@id":"https:\/\/dorogimedence.hu\/#organization"},"image":{"@id":"https:\/\/dorogimedence.hu\/index.php\/2020\/06\/03\/ix-komarom-esztergom-megyei-fotopalyazat\/#primaryimage"},"thumbnailUrl":"https:\/\/dorogimedence.hu\/wp-content\/uploads\/2020\/06\/fotopalyazat.jpg","keywords":["Esztergom-kertv\u00e1ros","fot\u00f3p\u00e1ly\u00e1zat","Kom\u00e1rom-Esztergom megye"],"articleSection":["Esztergom-kertv\u00e1ros","H\u00edrek","Kom\u00e1rom-Esztergom"],"inLanguage":"hu"},{"@type":"WebPage","@id":"https:\/\/dorogimedence.hu\/index.php\/2020\/06\/03\/ix-komarom-esztergom-megyei-fotopalyazat\/","url":"https:\/\/dorogimedence.hu\/index.php\/2020\/06\/03\/ix-komarom-esztergom-megyei-fotopalyazat\/","name":"IX. Kom\u00e1rom-Esztergom Megyei Fot\u00f3p\u00e1ly\u00e1zat","isPartOf":{"@id":"https:\/\/dorogimedence.hu\/#website"},"primaryImageOfPage":{"@id":"https:\/\/dorogimedence.hu\/index.php\/2020\/06\/03\/ix-komarom-esztergom-megyei-fotopalyazat\/#primaryimage"},"image":{"@id":"https:\/\/dorogimedence.hu\/index.php\/2020\/06\/03\/ix-komarom-esztergom-megyei-fotopalyazat\/#primaryimage"},"thumbnailUrl":"https:\/\/dorogimedence.hu\/wp-content\/uploads\/2020\/06\/fotopalyazat.jpg","datePublished":"2020-06-03T09:52:08+00:00","dateModified":"2020-06-03T09:52:24+00:00","breadcrumb":{"@id":"https:\/\/dorogimedence.hu\/index.php\/2020\/06\/03\/ix-komarom-esztergom-megyei-fotopalyazat\/#breadcrumb"},"inLanguage":"hu","potentialAction":[{"@type":"ReadAction","target":["https:\/\/dorogimedence.hu\/index.php\/2020\/06\/03\/ix-komarom-esztergom-megyei-fotopalyazat\/"]}]},{"@type":"ImageObject","inLanguage":"hu","@id":"https:\/\/dorogimedence.hu\/index.php\/2020\/06\/03\/ix-komarom-esztergom-megyei-fotopalyazat\/#primaryimage","url":"https:\/\/dorogimedence.hu\/wp-content\/uploads\/2020\/06\/fotopalyazat.jpg","contentUrl":"https:\/\/dorogimedence.hu\/wp-content\/uploads\/2020\/06\/fotopalyazat.jpg","width":670,"height":365},{"@type":"BreadcrumbList","@id":"https:\/\/dorogimedence.hu\/index.php\/2020\/06\/03\/ix-komarom-esztergom-megyei-fotopalyazat\/#breadcrumb","itemListElement":[{"@type":"ListItem","position":1,"name":"Kezd\u0151lap","item":"https:\/\/dorogimedence.hu\/"},{"@type":"ListItem","position":2,"name":"IX. Kom\u00e1rom-Esztergom Megyei Fot\u00f3p\u00e1ly\u00e1zat"}]},{"@type":"WebSite","@id":"https:\/\/dorogimedence.hu\/#website","url":"https:\/\/dorogimedence.hu\/","name":"Dorogi-medence Region\u00e1lis H\u00edrport\u00e1l","description":"Dorog, Keszt\u00f6lc, Le\u00e1nyv\u00e1r, Piliscs\u00e9v, Tokod, Tokodalt\u00e1r\u00f3, Csolnok, Esztergom-kertv\u00e1ros: h\u00edrek, programok","publisher":{"@id":"https:\/\/dorogimedence.hu\/#organization"},"potentialAction":[{"@type":"SearchAction","target":{"@type":"EntryPoint","urlTemplate":"https:\/\/dorogimedence.hu\/?s={search_term_string}"},"query-input":{"@type":"PropertyValueSpecification","valueRequired":true,"valueName":"search_term_string"}}],"inLanguage":"hu"},{"@type":"Organization","@id":"https:\/\/dorogimedence.hu\/#organization","name":"Dorogi-medence Region\u00e1lis H\u00edrport\u00e1l","url":"https:\/\/dorogimedence.hu\/","logo":{"@type":"ImageObject","inLanguage":"hu","@id":"https:\/\/dorogimedence.hu\/#\/schema\/logo\/image\/","url":"https:\/\/dorogimedence.hu\/wp-content\/uploads\/2021\/04\/logo-feher-600.png","contentUrl":"https:\/\/dorogimedence.hu\/wp-content\/uploads\/2021\/04\/logo-feher-600.png","width":600,"height":100,"caption":"Dorogi-medence Region\u00e1lis H\u00edrport\u00e1l"},"image":{"@id":"https:\/\/dorogimedence.hu\/#\/schema\/logo\/image\/"},"sameAs":["https:\/\/www.facebook.com\/dorogimedence\/"]},{"@type":"Person","@id":"https:\/\/dorogimedence.hu\/#\/schema\/person\/ce6091eeb7e95ecdc87890d6aa8e0fd4","name":"dorogimedence.hu","image":{"@type":"ImageObject","inLanguage":"hu","@id":"\/\/www.gravatar.com\/avatar\/d8d45f8901aadff40a4af72c0b826f1d?s=96&#038;r=g&#038;d=mm","url":"\/\/www.gravatar.com\/avatar\/d8d45f8901aadff40a4af72c0b826f1d?s=96&#038;r=g&#038;d=mm","contentUrl":"\/\/www.gravatar.com\/avatar\/d8d45f8901aadff40a4af72c0b826f1d?s=96&#038;r=g&#038;d=mm","caption":"dorogimedence.hu"}}]}},"_links":{"self":[{"href":"https:\/\/dorogimedence.hu\/index.php\/wp-json\/wp\/v2\/posts\/25345","targetHints":{"allow":["GET"]}}],"collection":[{"href":"https:\/\/dorogimedence.hu\/index.php\/wp-json\/wp\/v2\/posts"}],"about":[{"href":"https:\/\/dorogimedence.hu\/index.php\/wp-json\/wp\/v2\/types\/post"}],"author":[{"embeddable":true,"href":"https:\/\/dorogimedence.hu\/index.php\/wp-json\/wp\/v2\/users\/1"}],"replies":[{"embeddable":true,"href":"https:\/\/dorogimedence.hu\/index.php\/wp-json\/wp\/v2\/comments?post=25345"}],"version-history":[{"count":0,"href":"https:\/\/dorogimedence.hu\/index.php\/wp-json\/wp\/v2\/posts\/25345\/revisions"}],"wp:featuredmedia":[{"embeddable":true,"href":"https:\/\/dorogimedence.hu\/index.php\/wp-json\/wp\/v2\/media\/25347"}],"wp:attachment":[{"href":"https:\/\/dorogimedence.hu\/index.php\/wp-json\/wp\/v2\/media?parent=25345"}],"wp:term":[{"taxonomy":"category","embeddable":true,"href":"https:\/\/dorogimedence.hu\/index.php\/wp-json\/wp\/v2\/categories?post=25345"},{"taxonomy":"post_tag","embeddable":true,"href":"https:\/\/dorogimedence.hu\/index.php\/wp-json\/wp\/v2\/tags?post=25345"}],"curies":[{"name":"wp","href":"https:\/\/api.w.org\/{rel}","templated":true}]}}