{"id":25343,"date":"2020-06-03T11:12:05","date_gmt":"2020-06-03T09:12:05","guid":{"rendered":"http:\/\/dorogimedence.hu\/?p=25343"},"modified":"2020-06-03T11:12:17","modified_gmt":"2020-06-03T09:12:17","slug":"fukaszat-loptak-egy-esztergomi-ingatlan-udvararol","status":"publish","type":"post","link":"https:\/\/dorogimedence.hu\/index.php\/2020\/06\/03\/fukaszat-loptak-egy-esztergomi-ingatlan-udvararol\/","title":{"rendered":"F\u0171kasz\u00e1t loptak egy esztergomi ingatlan udvar\u00e1r\u00f3l"},"content":{"rendered":"<p><strong>A rend\u0151rs\u00e9g v\u00e1demel\u00e9st javasol az a k\u00e9t f\u00e9rfi ellen, akik egy esztergomi ingatlan udvar\u00e1r\u00f3l f\u0171kasz\u00e1t tulajdon\u00edtottak el tavaly \u00e1prilisban.<\/strong><\/p>\n<p>Lop\u00e1s v\u00e9ts\u00e9g elk\u00f6vet\u00e9s\u00e9nek megalapozott gyan\u00faja miatt folytatott elj\u00e1r\u00e1st az Esztergomi Rend\u0151rkapit\u00e1nys\u00e1g egy 33 \u00e9ves kiskunf\u00e9legyh\u00e1zi \u00e9s egy 29 \u00e9ves tiszaf\u00f6ldv\u00e1ri lakos ellen. A gyan\u00fa szerint a k\u00e9t f\u00e9rfi 2019. \u00e1prilis 12-\u00e9n d\u00e9lut\u00e1n egy esztergomi ingatlan udvar\u00e1r\u00f3l eltulajdon\u00edtott egy f\u0171kasz\u00e1t. A s\u00e9rtett a lop\u00e1st \u00e9szlelve feljelent\u00e9st tett a rend\u0151rs\u00e9gen. A nyomoz\u00f3k adatgy\u0171jt\u00e9st v\u00e9geztek, melynek sor\u00e1n a tetteseket azonos\u00edtott\u00e1k. K. J\u00f3zsefet \u00e9s R. R\u00f3bertet gyan\u00fas\u00edtottk\u00e9nt kihallgatt\u00e1k, akik a b\u0171ncselekm\u00e9ny elk\u00f6vet\u00e9s\u00e9t beismert\u00e9k. Ellen\u00fck lop\u00e1s v\u00e9ts\u00e9g elk\u00f6vet\u00e9se miatt indult b\u00fcntet\u0151elj\u00e1r\u00e1s.<\/p>\n<p>A rend\u0151rs\u00e9g a nyomoz\u00e1s vizsg\u00e1lati szakasz\u00e1ban a sz\u00fcks\u00e9ges elj\u00e1r\u00e1si cselekm\u00e9nyeket elv\u00e9gezte, \u00e9s az iratokat v\u00e1demel\u00e9si javaslattal az Esztergomi J\u00e1r\u00e1si \u00dcgy\u00e9szs\u00e9gnek k\u00fcldte meg.<\/p>\n<p><em>Forr\u00e1s: police.hu<br \/>\nFot\u00f3: illusztr\u00e1ci\u00f3, egy m\u00e1sik b\u0171ncselekm\u00e9ny felv\u00e9tele (police.hu)<br \/>\n<\/em><\/p>\n","protected":false},"excerpt":{"rendered":"<p>A rend\u0151rs\u00e9g v\u00e1demel\u00e9st javasol az a k\u00e9t f\u00e9rfi ellen, akik egy esztergomi ingatlan udvar\u00e1r\u00f3l f\u0171kasz\u00e1t tulajdon\u00edtottak el tavaly \u00e1prilisban. Lop\u00e1s v\u00e9ts\u00e9g elk\u00f6vet\u00e9s\u00e9nek megalapozott gyan\u00faja miatt folytatott elj\u00e1r\u00e1st az Esztergomi Rend\u0151rkapit\u00e1nys\u00e1g egy 33 \u00e9ves kiskunf\u00e9legyh\u00e1zi \u00e9s egy 29 \u00e9ves tiszaf\u00f6ldv\u00e1ri lakos ellen. A gyan\u00fa szerint a k\u00e9t f\u00e9rfi 2019. \u00e1prilis 12-\u00e9n d\u00e9lut\u00e1n egy esztergomi ingatlan udvar\u00e1r\u00f3l<\/p>\n","protected":false},"author":1,"featured_media":17488,"comment_status":"closed","ping_status":"closed","sticky":false,"template":"","format":"standard","meta":{"ngg_post_thumbnail":0,"footnotes":""},"categories":[38,3,39],"tags":[63,447,61],"class_list":{"0":"post-25343","1":"post","2":"type-post","3":"status-publish","4":"format-standard","5":"has-post-thumbnail","7":"category-esztergom","8":"category-hirek","9":"category-kek-hirek","10":"tag-buncselekmeny","11":"tag-lopas","12":"tag-rendorsegi-hirek"},"yoast_head":"<!-- This site is optimized with the Yoast SEO plugin v27.5 - https:\/\/yoast.com\/product\/yoast-seo-wordpress\/ -->\n<title>F\u0171kasz\u00e1t loptak egy esztergomi ingatlan udvar\u00e1r\u00f3l<\/title>\n<meta name=\"robots\" content=\"index, follow, max-snippet:-1, max-image-preview:large, max-video-preview:-1\" \/>\n<link rel=\"canonical\" href=\"https:\/\/dorogimedence.hu\/index.php\/2020\/06\/03\/fukaszat-loptak-egy-esztergomi-ingatlan-udvararol\/\" class=\"yoast-seo-meta-tag\" \/>\n<meta property=\"og:locale\" content=\"hu_HU\" class=\"yoast-seo-meta-tag\" \/>\n<meta property=\"og:type\" content=\"article\" class=\"yoast-seo-meta-tag\" \/>\n<meta property=\"og:title\" content=\"F\u0171kasz\u00e1t loptak egy esztergomi ingatlan udvar\u00e1r\u00f3l\" class=\"yoast-seo-meta-tag\" \/>\n<meta property=\"og:description\" content=\"A rend\u0151rs\u00e9g v\u00e1demel\u00e9st javasol az a k\u00e9t f\u00e9rfi ellen, akik egy esztergomi ingatlan udvar\u00e1r\u00f3l f\u0171kasz\u00e1t tulajdon\u00edtottak el tavaly \u00e1prilisban. Lop\u00e1s v\u00e9ts\u00e9g elk\u00f6vet\u00e9s\u00e9nek megalapozott gyan\u00faja miatt folytatott elj\u00e1r\u00e1st az Esztergomi Rend\u0151rkapit\u00e1nys\u00e1g egy 33 \u00e9ves kiskunf\u00e9legyh\u00e1zi \u00e9s egy 29 \u00e9ves tiszaf\u00f6ldv\u00e1ri lakos ellen. A gyan\u00fa szerint a k\u00e9t f\u00e9rfi 2019. \u00e1prilis 12-\u00e9n d\u00e9lut\u00e1n egy esztergomi ingatlan udvar\u00e1r\u00f3l\" class=\"yoast-seo-meta-tag\" \/>\n<meta property=\"og:url\" content=\"https:\/\/dorogimedence.hu\/index.php\/2020\/06\/03\/fukaszat-loptak-egy-esztergomi-ingatlan-udvararol\/\" class=\"yoast-seo-meta-tag\" \/>\n<meta property=\"og:site_name\" content=\"Dorogi-medence Region\u00e1lis H\u00edrport\u00e1l\" class=\"yoast-seo-meta-tag\" \/>\n<meta property=\"article:publisher\" content=\"https:\/\/www.facebook.com\/dorogimedence\/\" class=\"yoast-seo-meta-tag\" \/>\n<meta property=\"article:published_time\" content=\"2020-06-03T09:12:05+00:00\" class=\"yoast-seo-meta-tag\" \/>\n<meta property=\"article:modified_time\" content=\"2020-06-03T09:12:17+00:00\" class=\"yoast-seo-meta-tag\" \/>\n<meta property=\"og:image\" content=\"https:\/\/i0.wp.com\/dorogimedence.hu\/wp-content\/uploads\/2019\/06\/dorog-lopas-02.jpg?fit=670%2C365&ssl=1\" class=\"yoast-seo-meta-tag\" \/>\n\t<meta property=\"og:image:width\" content=\"670\" class=\"yoast-seo-meta-tag\" \/>\n\t<meta property=\"og:image:height\" content=\"365\" class=\"yoast-seo-meta-tag\" \/>\n\t<meta property=\"og:image:type\" content=\"image\/jpeg\" class=\"yoast-seo-meta-tag\" \/>\n<meta name=\"author\" content=\"dorogimedence.hu\" class=\"yoast-seo-meta-tag\" \/>\n<meta name=\"twitter:card\" content=\"summary_large_image\" class=\"yoast-seo-meta-tag\" \/>\n<meta name=\"twitter:label1\" content=\"Szerz\u0151:\" class=\"yoast-seo-meta-tag\" \/>\n\t<meta name=\"twitter:data1\" content=\"dorogimedence.hu\" class=\"yoast-seo-meta-tag\" \/>\n\t<meta name=\"twitter:label2\" content=\"Becs\u00fclt olvas\u00e1si id\u0151\" class=\"yoast-seo-meta-tag\" \/>\n\t<meta name=\"twitter:data2\" content=\"1 perc\" class=\"yoast-seo-meta-tag\" \/>\n<script type=\"application\/ld+json\" class=\"yoast-schema-graph\">{\"@context\":\"https:\\\/\\\/schema.org\",\"@graph\":[{\"@type\":\"Article\",\"@id\":\"https:\\\/\\\/dorogimedence.hu\\\/index.php\\\/2020\\\/06\\\/03\\\/fukaszat-loptak-egy-esztergomi-ingatlan-udvararol\\\/#article\",\"isPartOf\":{\"@id\":\"https:\\\/\\\/dorogimedence.hu\\\/index.php\\\/2020\\\/06\\\/03\\\/fukaszat-loptak-egy-esztergomi-ingatlan-udvararol\\\/\"},\"author\":{\"name\":\"dorogimedence.hu\",\"@id\":\"https:\\\/\\\/dorogimedence.hu\\\/#\\\/schema\\\/person\\\/ce6091eeb7e95ecdc87890d6aa8e0fd4\"},\"headline\":\"F\u0171kasz\u00e1t loptak egy esztergomi ingatlan udvar\u00e1r\u00f3l\",\"datePublished\":\"2020-06-03T09:12:05+00:00\",\"dateModified\":\"2020-06-03T09:12:17+00:00\",\"mainEntityOfPage\":{\"@id\":\"https:\\\/\\\/dorogimedence.hu\\\/index.php\\\/2020\\\/06\\\/03\\\/fukaszat-loptak-egy-esztergomi-ingatlan-udvararol\\\/\"},\"wordCount\":230,\"publisher\":{\"@id\":\"https:\\\/\\\/dorogimedence.hu\\\/#organization\"},\"image\":{\"@id\":\"https:\\\/\\\/dorogimedence.hu\\\/index.php\\\/2020\\\/06\\\/03\\\/fukaszat-loptak-egy-esztergomi-ingatlan-udvararol\\\/#primaryimage\"},\"thumbnailUrl\":\"https:\\\/\\\/dorogimedence.hu\\\/wp-content\\\/uploads\\\/2019\\\/06\\\/dorog-lopas-02.jpg\",\"keywords\":[\"b\u0171ncselekm\u00e9ny\",\"lop\u00e1s\",\"rend\u0151rs\u00e9gi h\u00edrek\"],\"articleSection\":[\"Esztergom\",\"H\u00edrek\",\"K\u00e9k h\u00edrek\"],\"inLanguage\":\"hu\"},{\"@type\":\"WebPage\",\"@id\":\"https:\\\/\\\/dorogimedence.hu\\\/index.php\\\/2020\\\/06\\\/03\\\/fukaszat-loptak-egy-esztergomi-ingatlan-udvararol\\\/\",\"url\":\"https:\\\/\\\/dorogimedence.hu\\\/index.php\\\/2020\\\/06\\\/03\\\/fukaszat-loptak-egy-esztergomi-ingatlan-udvararol\\\/\",\"name\":\"F\u0171kasz\u00e1t loptak egy esztergomi ingatlan udvar\u00e1r\u00f3l\",\"isPartOf\":{\"@id\":\"https:\\\/\\\/dorogimedence.hu\\\/#website\"},\"primaryImageOfPage\":{\"@id\":\"https:\\\/\\\/dorogimedence.hu\\\/index.php\\\/2020\\\/06\\\/03\\\/fukaszat-loptak-egy-esztergomi-ingatlan-udvararol\\\/#primaryimage\"},\"image\":{\"@id\":\"https:\\\/\\\/dorogimedence.hu\\\/index.php\\\/2020\\\/06\\\/03\\\/fukaszat-loptak-egy-esztergomi-ingatlan-udvararol\\\/#primaryimage\"},\"thumbnailUrl\":\"https:\\\/\\\/dorogimedence.hu\\\/wp-content\\\/uploads\\\/2019\\\/06\\\/dorog-lopas-02.jpg\",\"datePublished\":\"2020-06-03T09:12:05+00:00\",\"dateModified\":\"2020-06-03T09:12:17+00:00\",\"breadcrumb\":{\"@id\":\"https:\\\/\\\/dorogimedence.hu\\\/index.php\\\/2020\\\/06\\\/03\\\/fukaszat-loptak-egy-esztergomi-ingatlan-udvararol\\\/#breadcrumb\"},\"inLanguage\":\"hu\",\"potentialAction\":[{\"@type\":\"ReadAction\",\"target\":[\"https:\\\/\\\/dorogimedence.hu\\\/index.php\\\/2020\\\/06\\\/03\\\/fukaszat-loptak-egy-esztergomi-ingatlan-udvararol\\\/\"]}]},{\"@type\":\"ImageObject\",\"inLanguage\":\"hu\",\"@id\":\"https:\\\/\\\/dorogimedence.hu\\\/index.php\\\/2020\\\/06\\\/03\\\/fukaszat-loptak-egy-esztergomi-ingatlan-udvararol\\\/#primaryimage\",\"url\":\"https:\\\/\\\/dorogimedence.hu\\\/wp-content\\\/uploads\\\/2019\\\/06\\\/dorog-lopas-02.jpg\",\"contentUrl\":\"https:\\\/\\\/dorogimedence.hu\\\/wp-content\\\/uploads\\\/2019\\\/06\\\/dorog-lopas-02.jpg\",\"width\":670,\"height\":365},{\"@type\":\"BreadcrumbList\",\"@id\":\"https:\\\/\\\/dorogimedence.hu\\\/index.php\\\/2020\\\/06\\\/03\\\/fukaszat-loptak-egy-esztergomi-ingatlan-udvararol\\\/#breadcrumb\",\"itemListElement\":[{\"@type\":\"ListItem\",\"position\":1,\"name\":\"Kezd\u0151lap\",\"item\":\"https:\\\/\\\/dorogimedence.hu\\\/\"},{\"@type\":\"ListItem\",\"position\":2,\"name\":\"F\u0171kasz\u00e1t loptak egy esztergomi ingatlan udvar\u00e1r\u00f3l\"}]},{\"@type\":\"WebSite\",\"@id\":\"https:\\\/\\\/dorogimedence.hu\\\/#website\",\"url\":\"https:\\\/\\\/dorogimedence.hu\\\/\",\"name\":\"Dorogi-medence Region\u00e1lis H\u00edrport\u00e1l\",\"description\":\"Dorog, Keszt\u00f6lc, Le\u00e1nyv\u00e1r, Piliscs\u00e9v, Tokod, Tokodalt\u00e1r\u00f3, Csolnok, Esztergom-kertv\u00e1ros: h\u00edrek, programok\",\"publisher\":{\"@id\":\"https:\\\/\\\/dorogimedence.hu\\\/#organization\"},\"potentialAction\":[{\"@type\":\"SearchAction\",\"target\":{\"@type\":\"EntryPoint\",\"urlTemplate\":\"https:\\\/\\\/dorogimedence.hu\\\/?s={search_term_string}\"},\"query-input\":{\"@type\":\"PropertyValueSpecification\",\"valueRequired\":true,\"valueName\":\"search_term_string\"}}],\"inLanguage\":\"hu\"},{\"@type\":\"Organization\",\"@id\":\"https:\\\/\\\/dorogimedence.hu\\\/#organization\",\"name\":\"Dorogi-medence Region\u00e1lis H\u00edrport\u00e1l\",\"url\":\"https:\\\/\\\/dorogimedence.hu\\\/\",\"logo\":{\"@type\":\"ImageObject\",\"inLanguage\":\"hu\",\"@id\":\"https:\\\/\\\/dorogimedence.hu\\\/#\\\/schema\\\/logo\\\/image\\\/\",\"url\":\"https:\\\/\\\/dorogimedence.hu\\\/wp-content\\\/uploads\\\/2021\\\/04\\\/logo-feher-600.png\",\"contentUrl\":\"https:\\\/\\\/dorogimedence.hu\\\/wp-content\\\/uploads\\\/2021\\\/04\\\/logo-feher-600.png\",\"width\":600,\"height\":100,\"caption\":\"Dorogi-medence Region\u00e1lis H\u00edrport\u00e1l\"},\"image\":{\"@id\":\"https:\\\/\\\/dorogimedence.hu\\\/#\\\/schema\\\/logo\\\/image\\\/\"},\"sameAs\":[\"https:\\\/\\\/www.facebook.com\\\/dorogimedence\\\/\"]},{\"@type\":\"Person\",\"@id\":\"https:\\\/\\\/dorogimedence.hu\\\/#\\\/schema\\\/person\\\/ce6091eeb7e95ecdc87890d6aa8e0fd4\",\"name\":\"dorogimedence.hu\",\"image\":{\"@type\":\"ImageObject\",\"inLanguage\":\"hu\",\"@id\":\"\\\/\\\/www.gravatar.com\\\/avatar\\\/d8d45f8901aadff40a4af72c0b826f1d?s=96&#038;r=g&#038;d=mm\",\"url\":\"\\\/\\\/www.gravatar.com\\\/avatar\\\/d8d45f8901aadff40a4af72c0b826f1d?s=96&#038;r=g&#038;d=mm\",\"contentUrl\":\"\\\/\\\/www.gravatar.com\\\/avatar\\\/d8d45f8901aadff40a4af72c0b826f1d?s=96&#038;r=g&#038;d=mm\",\"caption\":\"dorogimedence.hu\"}}]}<\/script>\n<!-- \/ Yoast SEO plugin. -->","yoast_head_json":{"title":"F\u0171kasz\u00e1t loptak egy esztergomi ingatlan udvar\u00e1r\u00f3l","robots":{"index":"index","follow":"follow","max-snippet":"max-snippet:-1","max-image-preview":"max-image-preview:large","max-video-preview":"max-video-preview:-1"},"canonical":"https:\/\/dorogimedence.hu\/index.php\/2020\/06\/03\/fukaszat-loptak-egy-esztergomi-ingatlan-udvararol\/","og_locale":"hu_HU","og_type":"article","og_title":"F\u0171kasz\u00e1t loptak egy esztergomi ingatlan udvar\u00e1r\u00f3l","og_description":"A rend\u0151rs\u00e9g v\u00e1demel\u00e9st javasol az a k\u00e9t f\u00e9rfi ellen, akik egy esztergomi ingatlan udvar\u00e1r\u00f3l f\u0171kasz\u00e1t tulajdon\u00edtottak el tavaly \u00e1prilisban. Lop\u00e1s v\u00e9ts\u00e9g elk\u00f6vet\u00e9s\u00e9nek megalapozott gyan\u00faja miatt folytatott elj\u00e1r\u00e1st az Esztergomi Rend\u0151rkapit\u00e1nys\u00e1g egy 33 \u00e9ves kiskunf\u00e9legyh\u00e1zi \u00e9s egy 29 \u00e9ves tiszaf\u00f6ldv\u00e1ri lakos ellen. A gyan\u00fa szerint a k\u00e9t f\u00e9rfi 2019. \u00e1prilis 12-\u00e9n d\u00e9lut\u00e1n egy esztergomi ingatlan udvar\u00e1r\u00f3l","og_url":"https:\/\/dorogimedence.hu\/index.php\/2020\/06\/03\/fukaszat-loptak-egy-esztergomi-ingatlan-udvararol\/","og_site_name":"Dorogi-medence Region\u00e1lis H\u00edrport\u00e1l","article_publisher":"https:\/\/www.facebook.com\/dorogimedence\/","article_published_time":"2020-06-03T09:12:05+00:00","article_modified_time":"2020-06-03T09:12:17+00:00","og_image":[{"width":670,"height":365,"url":"https:\/\/i0.wp.com\/dorogimedence.hu\/wp-content\/uploads\/2019\/06\/dorog-lopas-02.jpg?fit=670%2C365&ssl=1","type":"image\/jpeg"}],"author":"dorogimedence.hu","twitter_card":"summary_large_image","twitter_misc":{"Szerz\u0151:":"dorogimedence.hu","Becs\u00fclt olvas\u00e1si id\u0151":"1 perc"},"schema":{"@context":"https:\/\/schema.org","@graph":[{"@type":"Article","@id":"https:\/\/dorogimedence.hu\/index.php\/2020\/06\/03\/fukaszat-loptak-egy-esztergomi-ingatlan-udvararol\/#article","isPartOf":{"@id":"https:\/\/dorogimedence.hu\/index.php\/2020\/06\/03\/fukaszat-loptak-egy-esztergomi-ingatlan-udvararol\/"},"author":{"name":"dorogimedence.hu","@id":"https:\/\/dorogimedence.hu\/#\/schema\/person\/ce6091eeb7e95ecdc87890d6aa8e0fd4"},"headline":"F\u0171kasz\u00e1t loptak egy esztergomi ingatlan udvar\u00e1r\u00f3l","datePublished":"2020-06-03T09:12:05+00:00","dateModified":"2020-06-03T09:12:17+00:00","mainEntityOfPage":{"@id":"https:\/\/dorogimedence.hu\/index.php\/2020\/06\/03\/fukaszat-loptak-egy-esztergomi-ingatlan-udvararol\/"},"wordCount":230,"publisher":{"@id":"https:\/\/dorogimedence.hu\/#organization"},"image":{"@id":"https:\/\/dorogimedence.hu\/index.php\/2020\/06\/03\/fukaszat-loptak-egy-esztergomi-ingatlan-udvararol\/#primaryimage"},"thumbnailUrl":"https:\/\/dorogimedence.hu\/wp-content\/uploads\/2019\/06\/dorog-lopas-02.jpg","keywords":["b\u0171ncselekm\u00e9ny","lop\u00e1s","rend\u0151rs\u00e9gi h\u00edrek"],"articleSection":["Esztergom","H\u00edrek","K\u00e9k h\u00edrek"],"inLanguage":"hu"},{"@type":"WebPage","@id":"https:\/\/dorogimedence.hu\/index.php\/2020\/06\/03\/fukaszat-loptak-egy-esztergomi-ingatlan-udvararol\/","url":"https:\/\/dorogimedence.hu\/index.php\/2020\/06\/03\/fukaszat-loptak-egy-esztergomi-ingatlan-udvararol\/","name":"F\u0171kasz\u00e1t loptak egy esztergomi ingatlan udvar\u00e1r\u00f3l","isPartOf":{"@id":"https:\/\/dorogimedence.hu\/#website"},"primaryImageOfPage":{"@id":"https:\/\/dorogimedence.hu\/index.php\/2020\/06\/03\/fukaszat-loptak-egy-esztergomi-ingatlan-udvararol\/#primaryimage"},"image":{"@id":"https:\/\/dorogimedence.hu\/index.php\/2020\/06\/03\/fukaszat-loptak-egy-esztergomi-ingatlan-udvararol\/#primaryimage"},"thumbnailUrl":"https:\/\/dorogimedence.hu\/wp-content\/uploads\/2019\/06\/dorog-lopas-02.jpg","datePublished":"2020-06-03T09:12:05+00:00","dateModified":"2020-06-03T09:12:17+00:00","breadcrumb":{"@id":"https:\/\/dorogimedence.hu\/index.php\/2020\/06\/03\/fukaszat-loptak-egy-esztergomi-ingatlan-udvararol\/#breadcrumb"},"inLanguage":"hu","potentialAction":[{"@type":"ReadAction","target":["https:\/\/dorogimedence.hu\/index.php\/2020\/06\/03\/fukaszat-loptak-egy-esztergomi-ingatlan-udvararol\/"]}]},{"@type":"ImageObject","inLanguage":"hu","@id":"https:\/\/dorogimedence.hu\/index.php\/2020\/06\/03\/fukaszat-loptak-egy-esztergomi-ingatlan-udvararol\/#primaryimage","url":"https:\/\/dorogimedence.hu\/wp-content\/uploads\/2019\/06\/dorog-lopas-02.jpg","contentUrl":"https:\/\/dorogimedence.hu\/wp-content\/uploads\/2019\/06\/dorog-lopas-02.jpg","width":670,"height":365},{"@type":"BreadcrumbList","@id":"https:\/\/dorogimedence.hu\/index.php\/2020\/06\/03\/fukaszat-loptak-egy-esztergomi-ingatlan-udvararol\/#breadcrumb","itemListElement":[{"@type":"ListItem","position":1,"name":"Kezd\u0151lap","item":"https:\/\/dorogimedence.hu\/"},{"@type":"ListItem","position":2,"name":"F\u0171kasz\u00e1t loptak egy esztergomi ingatlan udvar\u00e1r\u00f3l"}]},{"@type":"WebSite","@id":"https:\/\/dorogimedence.hu\/#website","url":"https:\/\/dorogimedence.hu\/","name":"Dorogi-medence Region\u00e1lis H\u00edrport\u00e1l","description":"Dorog, Keszt\u00f6lc, Le\u00e1nyv\u00e1r, Piliscs\u00e9v, Tokod, Tokodalt\u00e1r\u00f3, Csolnok, Esztergom-kertv\u00e1ros: h\u00edrek, programok","publisher":{"@id":"https:\/\/dorogimedence.hu\/#organization"},"potentialAction":[{"@type":"SearchAction","target":{"@type":"EntryPoint","urlTemplate":"https:\/\/dorogimedence.hu\/?s={search_term_string}"},"query-input":{"@type":"PropertyValueSpecification","valueRequired":true,"valueName":"search_term_string"}}],"inLanguage":"hu"},{"@type":"Organization","@id":"https:\/\/dorogimedence.hu\/#organization","name":"Dorogi-medence Region\u00e1lis H\u00edrport\u00e1l","url":"https:\/\/dorogimedence.hu\/","logo":{"@type":"ImageObject","inLanguage":"hu","@id":"https:\/\/dorogimedence.hu\/#\/schema\/logo\/image\/","url":"https:\/\/dorogimedence.hu\/wp-content\/uploads\/2021\/04\/logo-feher-600.png","contentUrl":"https:\/\/dorogimedence.hu\/wp-content\/uploads\/2021\/04\/logo-feher-600.png","width":600,"height":100,"caption":"Dorogi-medence Region\u00e1lis H\u00edrport\u00e1l"},"image":{"@id":"https:\/\/dorogimedence.hu\/#\/schema\/logo\/image\/"},"sameAs":["https:\/\/www.facebook.com\/dorogimedence\/"]},{"@type":"Person","@id":"https:\/\/dorogimedence.hu\/#\/schema\/person\/ce6091eeb7e95ecdc87890d6aa8e0fd4","name":"dorogimedence.hu","image":{"@type":"ImageObject","inLanguage":"hu","@id":"\/\/www.gravatar.com\/avatar\/d8d45f8901aadff40a4af72c0b826f1d?s=96&#038;r=g&#038;d=mm","url":"\/\/www.gravatar.com\/avatar\/d8d45f8901aadff40a4af72c0b826f1d?s=96&#038;r=g&#038;d=mm","contentUrl":"\/\/www.gravatar.com\/avatar\/d8d45f8901aadff40a4af72c0b826f1d?s=96&#038;r=g&#038;d=mm","caption":"dorogimedence.hu"}}]}},"_links":{"self":[{"href":"https:\/\/dorogimedence.hu\/index.php\/wp-json\/wp\/v2\/posts\/25343","targetHints":{"allow":["GET"]}}],"collection":[{"href":"https:\/\/dorogimedence.hu\/index.php\/wp-json\/wp\/v2\/posts"}],"about":[{"href":"https:\/\/dorogimedence.hu\/index.php\/wp-json\/wp\/v2\/types\/post"}],"author":[{"embeddable":true,"href":"https:\/\/dorogimedence.hu\/index.php\/wp-json\/wp\/v2\/users\/1"}],"replies":[{"embeddable":true,"href":"https:\/\/dorogimedence.hu\/index.php\/wp-json\/wp\/v2\/comments?post=25343"}],"version-history":[{"count":0,"href":"https:\/\/dorogimedence.hu\/index.php\/wp-json\/wp\/v2\/posts\/25343\/revisions"}],"wp:featuredmedia":[{"embeddable":true,"href":"https:\/\/dorogimedence.hu\/index.php\/wp-json\/wp\/v2\/media\/17488"}],"wp:attachment":[{"href":"https:\/\/dorogimedence.hu\/index.php\/wp-json\/wp\/v2\/media?parent=25343"}],"wp:term":[{"taxonomy":"category","embeddable":true,"href":"https:\/\/dorogimedence.hu\/index.php\/wp-json\/wp\/v2\/categories?post=25343"},{"taxonomy":"post_tag","embeddable":true,"href":"https:\/\/dorogimedence.hu\/index.php\/wp-json\/wp\/v2\/tags?post=25343"}],"curies":[{"name":"wp","href":"https:\/\/api.w.org\/{rel}","templated":true}]}}