{"id":25285,"date":"2020-06-01T14:53:50","date_gmt":"2020-06-01T12:53:50","guid":{"rendered":"http:\/\/dorogimedence.hu\/?p=25285"},"modified":"2020-06-02T07:14:52","modified_gmt":"2020-06-02T05:14:52","slug":"meselo-tajak-es-formak-egy-foto-es-ami-mogotte-van","status":"publish","type":"post","link":"https:\/\/dorogimedence.hu\/index.php\/2020\/06\/01\/meselo-tajak-es-formak-egy-foto-es-ami-mogotte-van\/","title":{"rendered":"Mes\u00e9l\u0151 t\u00e1jak \u00e9s form\u00e1k \u2013 Egy fot\u00f3 \u00e9s ami m\u00f6g\u00f6tte van"},"content":{"rendered":"<p><strong>&#8222;Mes\u00e9l\u0151 t\u00e1jak \u00e9s form\u00e1k \u2013 Egy fot\u00f3 \u00e9s ami m\u00f6g\u00f6tte van&#8221; c\u00edmmel ind\u00edt \u00faj sorozatot Lieber Tam\u00e1s a dorogimedence.hu port\u00e1lon. A h\u00e9tv\u00e9gente jelentkez\u0151 magazin a f\u00f6ldrajzi ismeretek \u00e1tad\u00e1s\u00e1n t\u00fal, a term\u00e9szetv\u00e9delem \u00e9s a kultur\u00e1lis eml\u00e9kek v\u00e9delm\u00e9re h\u00edvja fel a figyelmet. A kezd\u0151 r\u00e9szt j\u00fanius els\u0151 h\u00e9tv\u00e9g\u00e9j\u00e9n publik\u00e1ljuk.<br \/>\n<\/strong><\/p>\n<p>T\u00e1rsaimmal feln\u0151tt\u00e9 v\u00e1l\u00e1som, vagyis az 1990-es \u00e9vek eleje \u00f3ta keresem, kihaszn\u00e1lom az alkalmat \u00e9s lehet\u0151s\u00e9get a term\u00e9szetj\u00e1r\u00e1sra, a t\u00far\u00e1z\u00e1sra az utaz\u00e1sra, amelyekre f\u00e9nyk\u00e9pez\u0151g\u00e9pem is elk\u00eds\u00e9r. Nem tartom profi fot\u00f3snak magam, ink\u00e1bb lelkes amat\u0151rnek, akit szinte kezdetekt\u0151l az ismeretterjeszt\u00e9s sz\u00e1nd\u00e9ka vez\u00e9rel. Vallom, hogy b\u00e1r sok fot\u00f3 \u00f6nmag\u00e1ban is rengeteget elmond egy t\u00e1jr\u00f3l, egy \u00e9p\u00fcletr\u0151l vagy a rajta szerepl\u0151 emberekr\u0151l, igazi t\u00f6rt\u00e9net m\u00e9giscsak a fot\u00f3s k\u00e9pr\u0151l \u00edrott elbesz\u00e9l\u00e9s\u00e9b\u0151l kerekedik ki bel\u0151le.<\/p>\n<p>Amikor az 1990-es \u00e9vek v\u00e9g\u00e9t\u0151l k\u00fcl\u00f6nb\u00f6z\u0151 ismeretterjeszt\u0151 magazinok szerz\u0151je lehettem, utaz\u00e1saim sor\u00e1n akarva, akaratlanul is egy-egy j\u00f3 cikk t\u00e9m\u00e1j\u00e1t kerestem, \u00e9s fot\u00f3imat is igyekeztem \u00fagy megkompon\u00e1lni, olyan dolgokat l\u00e1ttatni, hogy arr\u00f3l a k\u00e9s\u0151bbiekben is mes\u00e9lni tudjak.<\/p>\n<p>B\u00e1r az internetes, online m\u00e9diafel\u00fcletek t\u00e9rh\u00f3d\u00edt\u00e1sa h\u00e1tt\u00e9rbe szor\u00edtotta a nyomtatott sajt\u00f3t, ma is j\u00f3 \u00e9rz\u00e9s k\u00e9zbe venni egy-egy foly\u00f3iratot, k\u00fcl\u00f6n\u00f6sen, ha az ember a saj\u00e1t k\u00e9peit, \u00edr\u00e1sait l\u00e1tja viszont benn\u00fck, mik\u00f6zben j\u00f3l tudja, hogy olvasotts\u00e1guk ma m\u00e1r meg sem k\u00f6zel\u00edti az el\u0151bbiek\u00e9t.<\/p>\n<p>Valamikor a 2000-es \u00e9vek elej\u00e9n az \u00c9let \u00e9s Tudom\u00e1ny (\u00c9T) foly\u00f3irat egyik szerkeszt\u0151je felk\u00e9rt \u201eh\u00e1tlapcikkek\u201d \u00edr\u00e1s\u00e1ra. Ez a komoly m\u00falttal \u00e9s hagyom\u00e1nyokkal rendelkez\u0151 ismeretterjeszt\u0151 hetilap eset\u00e9ben a teljes h\u00e1ts\u00f3 bor\u00edt\u00f3t kit\u00f6lt\u0151 k\u00e9pet, \u00e9s a hozz\u00e1 tartoz\u00f3, bels\u0151 oldalra ker\u00fcl\u0151 egyhas\u00e1bos sz\u00f6veget jelenti; amolyan b\u0151v\u00edtett, kicsit mes\u00e9l\u0151s k\u00e9pal\u00e1\u00edr\u00e1st. Ezekb\u0151l az elm\u00falt 20 \u00e9vben rengeteget k\u00e9sz\u00edtettem, persze t\u00f6bb bels\u0151 cikk mellett. Id\u0151vel sajnos, ahogy az adott lapsz\u00e1m (\u00e9s nem felt\u00e9tlen\u00fcl a tartalom) aktualit\u00e1s\u00e1t vesztette, a nyomtatott sajt\u00f3term\u00e9kek pedig arch\u00edvumokba, k\u00f6nyvt\u00e1rak polcaira ker\u00fcltek, sok m\u00e1s mellett ezek a cikkek is elt\u0171ntek.<\/p>\n<p>Igaz, ma m\u00e1r rengeteg sajt\u00f3term\u00e9ket digitaliz\u00e1ltak, \u00edgy egyes anyagok m\u00e9giscsak kereshet\u0151v\u00e9 v\u00e1lnak, de csakis statikus form\u00e1ban (digitaliz\u00e1lt \u00fajs\u00e1goldal).<\/p>\n<p>Sz\u00f3val az \u00c9T h\u00e1tlapcikkei adt\u00e1k az \u00f6tletet, hogy tal\u00e1n egy online fel\u00fcleten is \u00e9rdemes lenne ilyen jelleg\u0171, tal\u00e1n sokak sz\u00e1m\u00e1ra \u00e9rdekes, sz\u00ednes anyagokat k\u00f6zz\u00e9tenni. Dorogi l\u00e9v\u00e9n ezt k\u00eds\u00e9rletk\u00e9ppen a szerkeszt\u0151 egy\u00f6ntet\u0171 t\u00e1mogat\u00e1sa mellett ezen a dorogimedence.hu port\u00e1lon szeretn\u00e9m megtenni. A tervezetten hetente megjelen\u0151 rovat egyfajta szubjekt\u00edv v\u00e1logat\u00e1s lesz. Fontos lesz\u00f6gezni, hogy a k\u00e9pek t\u00e9m\u00e1jukban nem, csakis szerz\u0151j\u00fck vonatkoz\u00e1s\u00e1ban dorogiak.<\/p>\n<p>A fot\u00f3kkal els\u0151sorban term\u00e9szeti t\u00e1jakat, \u00e9l\u0151l\u00e9nyeket, jelens\u00e9geket szeretn\u00e9k bemutatni, de az\u00e9rt ezt az \u201eegyhang\u00fas\u00e1got\u201d egy-egy \u00e9p\u00edtett k\u00f6rnyezetet, m\u0171eml\u00e9ket ismertet\u0151 k\u00e9ppel igyekszem majd megt\u00f6rni. A sorozattal nem titkolt c\u00e9lom, hogy a f\u00f6ldrajzi ismeretek \u00e1tad\u00e1s\u00e1n t\u00fal a term\u00e9szetv\u00e9delem, valamint a kultur\u00e1lis eml\u00e9kek v\u00e9delm\u00e9nek fontoss\u00e1g\u00e1ra is felh\u00edvjam a figyelmet.<\/p>\n<p><em><strong>Lieber Tam\u00e1s<\/strong><\/em><\/p>\n","protected":false},"excerpt":{"rendered":"<p>&#8222;Mes\u00e9l\u0151 t\u00e1jak \u00e9s form\u00e1k \u2013 Egy fot\u00f3 \u00e9s ami m\u00f6g\u00f6tte van&#8221; c\u00edmmel ind\u00edt \u00faj sorozatot Lieber Tam\u00e1s a dorogimedence.hu port\u00e1lon. A h\u00e9tv\u00e9gente jelentkez\u0151 magazin a f\u00f6ldrajzi ismeretek \u00e1tad\u00e1s\u00e1n t\u00fal, a term\u00e9szetv\u00e9delem \u00e9s a kultur\u00e1lis eml\u00e9kek v\u00e9delm\u00e9re h\u00edvja fel a figyelmet. A kezd\u0151 r\u00e9szt j\u00fanius els\u0151 h\u00e9tv\u00e9g\u00e9j\u00e9n publik\u00e1ljuk. T\u00e1rsaimmal feln\u0151tt\u00e9 v\u00e1l\u00e1som, vagyis az 1990-es \u00e9vek eleje<\/p>\n","protected":false},"author":1,"featured_media":25296,"comment_status":"closed","ping_status":"closed","sticky":false,"template":"","format":"standard","meta":{"ngg_post_thumbnail":0,"footnotes":""},"categories":[3,4923],"tags":[3474,4924,209],"class_list":{"0":"post-25285","1":"post","2":"type-post","3":"status-publish","4":"format-standard","5":"has-post-thumbnail","7":"category-hirek","8":"category-meselo-tajak-es-formak","9":"tag-lieber-tamas","10":"tag-meselo-tajak-es-formak","11":"tag-termeszetvedelem"},"yoast_head":"<!-- This site is optimized with the Yoast SEO plugin v27.5 - https:\/\/yoast.com\/product\/yoast-seo-wordpress\/ -->\n<title>Mes\u00e9l\u0151 t\u00e1jak \u00e9s form\u00e1k \u2013 Egy fot\u00f3 \u00e9s ami m\u00f6g\u00f6tte van<\/title>\n<meta name=\"robots\" content=\"index, follow, max-snippet:-1, max-image-preview:large, max-video-preview:-1\" \/>\n<link rel=\"canonical\" href=\"https:\/\/dorogimedence.hu\/index.php\/2020\/06\/01\/meselo-tajak-es-formak-egy-foto-es-ami-mogotte-van\/\" class=\"yoast-seo-meta-tag\" \/>\n<meta property=\"og:locale\" content=\"hu_HU\" class=\"yoast-seo-meta-tag\" \/>\n<meta property=\"og:type\" content=\"article\" class=\"yoast-seo-meta-tag\" \/>\n<meta property=\"og:title\" content=\"Mes\u00e9l\u0151 t\u00e1jak \u00e9s form\u00e1k \u2013 Egy fot\u00f3 \u00e9s ami m\u00f6g\u00f6tte van\" class=\"yoast-seo-meta-tag\" \/>\n<meta property=\"og:description\" content=\"&#8222;Mes\u00e9l\u0151 t\u00e1jak \u00e9s form\u00e1k \u2013 Egy fot\u00f3 \u00e9s ami m\u00f6g\u00f6tte van&#8221; c\u00edmmel ind\u00edt \u00faj sorozatot Lieber Tam\u00e1s a dorogimedence.hu port\u00e1lon. A h\u00e9tv\u00e9gente jelentkez\u0151 magazin a f\u00f6ldrajzi ismeretek \u00e1tad\u00e1s\u00e1n t\u00fal, a term\u00e9szetv\u00e9delem \u00e9s a kultur\u00e1lis eml\u00e9kek v\u00e9delm\u00e9re h\u00edvja fel a figyelmet. A kezd\u0151 r\u00e9szt j\u00fanius els\u0151 h\u00e9tv\u00e9g\u00e9j\u00e9n publik\u00e1ljuk. T\u00e1rsaimmal feln\u0151tt\u00e9 v\u00e1l\u00e1som, vagyis az 1990-es \u00e9vek eleje\" class=\"yoast-seo-meta-tag\" \/>\n<meta property=\"og:url\" content=\"https:\/\/dorogimedence.hu\/index.php\/2020\/06\/01\/meselo-tajak-es-formak-egy-foto-es-ami-mogotte-van\/\" class=\"yoast-seo-meta-tag\" \/>\n<meta property=\"og:site_name\" content=\"Dorogi-medence Region\u00e1lis H\u00edrport\u00e1l\" class=\"yoast-seo-meta-tag\" \/>\n<meta property=\"article:publisher\" content=\"https:\/\/www.facebook.com\/dorogimedence\/\" class=\"yoast-seo-meta-tag\" \/>\n<meta property=\"article:published_time\" content=\"2020-06-01T12:53:50+00:00\" class=\"yoast-seo-meta-tag\" \/>\n<meta property=\"article:modified_time\" content=\"2020-06-02T05:14:52+00:00\" class=\"yoast-seo-meta-tag\" \/>\n<meta property=\"og:image\" content=\"https:\/\/i0.wp.com\/dorogimedence.hu\/wp-content\/uploads\/2020\/06\/lieber-tamas-02.jpg?fit=670%2C365&ssl=1\" class=\"yoast-seo-meta-tag\" \/>\n\t<meta property=\"og:image:width\" content=\"670\" class=\"yoast-seo-meta-tag\" \/>\n\t<meta property=\"og:image:height\" content=\"365\" class=\"yoast-seo-meta-tag\" \/>\n\t<meta property=\"og:image:type\" content=\"image\/jpeg\" class=\"yoast-seo-meta-tag\" \/>\n<meta name=\"author\" content=\"dorogimedence.hu\" class=\"yoast-seo-meta-tag\" \/>\n<meta name=\"twitter:card\" content=\"summary_large_image\" class=\"yoast-seo-meta-tag\" \/>\n<meta name=\"twitter:label1\" content=\"Szerz\u0151:\" class=\"yoast-seo-meta-tag\" \/>\n\t<meta name=\"twitter:data1\" content=\"dorogimedence.hu\" class=\"yoast-seo-meta-tag\" \/>\n\t<meta name=\"twitter:label2\" content=\"Becs\u00fclt olvas\u00e1si id\u0151\" class=\"yoast-seo-meta-tag\" \/>\n\t<meta name=\"twitter:data2\" content=\"3 perc\" class=\"yoast-seo-meta-tag\" \/>\n<script type=\"application\/ld+json\" class=\"yoast-schema-graph\">{\"@context\":\"https:\\\/\\\/schema.org\",\"@graph\":[{\"@type\":\"Article\",\"@id\":\"https:\\\/\\\/dorogimedence.hu\\\/index.php\\\/2020\\\/06\\\/01\\\/meselo-tajak-es-formak-egy-foto-es-ami-mogotte-van\\\/#article\",\"isPartOf\":{\"@id\":\"https:\\\/\\\/dorogimedence.hu\\\/index.php\\\/2020\\\/06\\\/01\\\/meselo-tajak-es-formak-egy-foto-es-ami-mogotte-van\\\/\"},\"author\":{\"name\":\"dorogimedence.hu\",\"@id\":\"https:\\\/\\\/dorogimedence.hu\\\/#\\\/schema\\\/person\\\/ce6091eeb7e95ecdc87890d6aa8e0fd4\"},\"headline\":\"Mes\u00e9l\u0151 t\u00e1jak \u00e9s form\u00e1k \u2013 Egy fot\u00f3 \u00e9s ami m\u00f6g\u00f6tte van\",\"datePublished\":\"2020-06-01T12:53:50+00:00\",\"dateModified\":\"2020-06-02T05:14:52+00:00\",\"mainEntityOfPage\":{\"@id\":\"https:\\\/\\\/dorogimedence.hu\\\/index.php\\\/2020\\\/06\\\/01\\\/meselo-tajak-es-formak-egy-foto-es-ami-mogotte-van\\\/\"},\"wordCount\":665,\"publisher\":{\"@id\":\"https:\\\/\\\/dorogimedence.hu\\\/#organization\"},\"image\":{\"@id\":\"https:\\\/\\\/dorogimedence.hu\\\/index.php\\\/2020\\\/06\\\/01\\\/meselo-tajak-es-formak-egy-foto-es-ami-mogotte-van\\\/#primaryimage\"},\"thumbnailUrl\":\"https:\\\/\\\/dorogimedence.hu\\\/wp-content\\\/uploads\\\/2020\\\/06\\\/lieber-tamas-02.jpg\",\"keywords\":[\"Lieber Tam\u00e1s\",\"Mes\u00e9l\u0151 t\u00e1jak \u00e9s form\u00e1k\",\"term\u00e9szetv\u00e9delem\"],\"articleSection\":[\"H\u00edrek\",\"Mes\u00e9l\u0151 t\u00e1jak \u00e9s form\u00e1k\"],\"inLanguage\":\"hu\"},{\"@type\":\"WebPage\",\"@id\":\"https:\\\/\\\/dorogimedence.hu\\\/index.php\\\/2020\\\/06\\\/01\\\/meselo-tajak-es-formak-egy-foto-es-ami-mogotte-van\\\/\",\"url\":\"https:\\\/\\\/dorogimedence.hu\\\/index.php\\\/2020\\\/06\\\/01\\\/meselo-tajak-es-formak-egy-foto-es-ami-mogotte-van\\\/\",\"name\":\"Mes\u00e9l\u0151 t\u00e1jak \u00e9s form\u00e1k \u2013 Egy fot\u00f3 \u00e9s ami m\u00f6g\u00f6tte van\",\"isPartOf\":{\"@id\":\"https:\\\/\\\/dorogimedence.hu\\\/#website\"},\"primaryImageOfPage\":{\"@id\":\"https:\\\/\\\/dorogimedence.hu\\\/index.php\\\/2020\\\/06\\\/01\\\/meselo-tajak-es-formak-egy-foto-es-ami-mogotte-van\\\/#primaryimage\"},\"image\":{\"@id\":\"https:\\\/\\\/dorogimedence.hu\\\/index.php\\\/2020\\\/06\\\/01\\\/meselo-tajak-es-formak-egy-foto-es-ami-mogotte-van\\\/#primaryimage\"},\"thumbnailUrl\":\"https:\\\/\\\/dorogimedence.hu\\\/wp-content\\\/uploads\\\/2020\\\/06\\\/lieber-tamas-02.jpg\",\"datePublished\":\"2020-06-01T12:53:50+00:00\",\"dateModified\":\"2020-06-02T05:14:52+00:00\",\"breadcrumb\":{\"@id\":\"https:\\\/\\\/dorogimedence.hu\\\/index.php\\\/2020\\\/06\\\/01\\\/meselo-tajak-es-formak-egy-foto-es-ami-mogotte-van\\\/#breadcrumb\"},\"inLanguage\":\"hu\",\"potentialAction\":[{\"@type\":\"ReadAction\",\"target\":[\"https:\\\/\\\/dorogimedence.hu\\\/index.php\\\/2020\\\/06\\\/01\\\/meselo-tajak-es-formak-egy-foto-es-ami-mogotte-van\\\/\"]}]},{\"@type\":\"ImageObject\",\"inLanguage\":\"hu\",\"@id\":\"https:\\\/\\\/dorogimedence.hu\\\/index.php\\\/2020\\\/06\\\/01\\\/meselo-tajak-es-formak-egy-foto-es-ami-mogotte-van\\\/#primaryimage\",\"url\":\"https:\\\/\\\/dorogimedence.hu\\\/wp-content\\\/uploads\\\/2020\\\/06\\\/lieber-tamas-02.jpg\",\"contentUrl\":\"https:\\\/\\\/dorogimedence.hu\\\/wp-content\\\/uploads\\\/2020\\\/06\\\/lieber-tamas-02.jpg\",\"width\":670,\"height\":365},{\"@type\":\"BreadcrumbList\",\"@id\":\"https:\\\/\\\/dorogimedence.hu\\\/index.php\\\/2020\\\/06\\\/01\\\/meselo-tajak-es-formak-egy-foto-es-ami-mogotte-van\\\/#breadcrumb\",\"itemListElement\":[{\"@type\":\"ListItem\",\"position\":1,\"name\":\"Kezd\u0151lap\",\"item\":\"https:\\\/\\\/dorogimedence.hu\\\/\"},{\"@type\":\"ListItem\",\"position\":2,\"name\":\"Mes\u00e9l\u0151 t\u00e1jak \u00e9s form\u00e1k \u2013 Egy fot\u00f3 \u00e9s ami m\u00f6g\u00f6tte van\"}]},{\"@type\":\"WebSite\",\"@id\":\"https:\\\/\\\/dorogimedence.hu\\\/#website\",\"url\":\"https:\\\/\\\/dorogimedence.hu\\\/\",\"name\":\"Dorogi-medence Region\u00e1lis H\u00edrport\u00e1l\",\"description\":\"Dorog, Keszt\u00f6lc, Le\u00e1nyv\u00e1r, Piliscs\u00e9v, Tokod, Tokodalt\u00e1r\u00f3, Csolnok, Esztergom-kertv\u00e1ros: h\u00edrek, programok\",\"publisher\":{\"@id\":\"https:\\\/\\\/dorogimedence.hu\\\/#organization\"},\"potentialAction\":[{\"@type\":\"SearchAction\",\"target\":{\"@type\":\"EntryPoint\",\"urlTemplate\":\"https:\\\/\\\/dorogimedence.hu\\\/?s={search_term_string}\"},\"query-input\":{\"@type\":\"PropertyValueSpecification\",\"valueRequired\":true,\"valueName\":\"search_term_string\"}}],\"inLanguage\":\"hu\"},{\"@type\":\"Organization\",\"@id\":\"https:\\\/\\\/dorogimedence.hu\\\/#organization\",\"name\":\"Dorogi-medence Region\u00e1lis H\u00edrport\u00e1l\",\"url\":\"https:\\\/\\\/dorogimedence.hu\\\/\",\"logo\":{\"@type\":\"ImageObject\",\"inLanguage\":\"hu\",\"@id\":\"https:\\\/\\\/dorogimedence.hu\\\/#\\\/schema\\\/logo\\\/image\\\/\",\"url\":\"https:\\\/\\\/dorogimedence.hu\\\/wp-content\\\/uploads\\\/2021\\\/04\\\/logo-feher-600.png\",\"contentUrl\":\"https:\\\/\\\/dorogimedence.hu\\\/wp-content\\\/uploads\\\/2021\\\/04\\\/logo-feher-600.png\",\"width\":600,\"height\":100,\"caption\":\"Dorogi-medence Region\u00e1lis H\u00edrport\u00e1l\"},\"image\":{\"@id\":\"https:\\\/\\\/dorogimedence.hu\\\/#\\\/schema\\\/logo\\\/image\\\/\"},\"sameAs\":[\"https:\\\/\\\/www.facebook.com\\\/dorogimedence\\\/\"]},{\"@type\":\"Person\",\"@id\":\"https:\\\/\\\/dorogimedence.hu\\\/#\\\/schema\\\/person\\\/ce6091eeb7e95ecdc87890d6aa8e0fd4\",\"name\":\"dorogimedence.hu\",\"image\":{\"@type\":\"ImageObject\",\"inLanguage\":\"hu\",\"@id\":\"\\\/\\\/www.gravatar.com\\\/avatar\\\/d8d45f8901aadff40a4af72c0b826f1d?s=96&#038;r=g&#038;d=mm\",\"url\":\"\\\/\\\/www.gravatar.com\\\/avatar\\\/d8d45f8901aadff40a4af72c0b826f1d?s=96&#038;r=g&#038;d=mm\",\"contentUrl\":\"\\\/\\\/www.gravatar.com\\\/avatar\\\/d8d45f8901aadff40a4af72c0b826f1d?s=96&#038;r=g&#038;d=mm\",\"caption\":\"dorogimedence.hu\"}}]}<\/script>\n<!-- \/ Yoast SEO plugin. -->","yoast_head_json":{"title":"Mes\u00e9l\u0151 t\u00e1jak \u00e9s form\u00e1k \u2013 Egy fot\u00f3 \u00e9s ami m\u00f6g\u00f6tte van","robots":{"index":"index","follow":"follow","max-snippet":"max-snippet:-1","max-image-preview":"max-image-preview:large","max-video-preview":"max-video-preview:-1"},"canonical":"https:\/\/dorogimedence.hu\/index.php\/2020\/06\/01\/meselo-tajak-es-formak-egy-foto-es-ami-mogotte-van\/","og_locale":"hu_HU","og_type":"article","og_title":"Mes\u00e9l\u0151 t\u00e1jak \u00e9s form\u00e1k \u2013 Egy fot\u00f3 \u00e9s ami m\u00f6g\u00f6tte van","og_description":"&#8222;Mes\u00e9l\u0151 t\u00e1jak \u00e9s form\u00e1k \u2013 Egy fot\u00f3 \u00e9s ami m\u00f6g\u00f6tte van&#8221; c\u00edmmel ind\u00edt \u00faj sorozatot Lieber Tam\u00e1s a dorogimedence.hu port\u00e1lon. A h\u00e9tv\u00e9gente jelentkez\u0151 magazin a f\u00f6ldrajzi ismeretek \u00e1tad\u00e1s\u00e1n t\u00fal, a term\u00e9szetv\u00e9delem \u00e9s a kultur\u00e1lis eml\u00e9kek v\u00e9delm\u00e9re h\u00edvja fel a figyelmet. A kezd\u0151 r\u00e9szt j\u00fanius els\u0151 h\u00e9tv\u00e9g\u00e9j\u00e9n publik\u00e1ljuk. T\u00e1rsaimmal feln\u0151tt\u00e9 v\u00e1l\u00e1som, vagyis az 1990-es \u00e9vek eleje","og_url":"https:\/\/dorogimedence.hu\/index.php\/2020\/06\/01\/meselo-tajak-es-formak-egy-foto-es-ami-mogotte-van\/","og_site_name":"Dorogi-medence Region\u00e1lis H\u00edrport\u00e1l","article_publisher":"https:\/\/www.facebook.com\/dorogimedence\/","article_published_time":"2020-06-01T12:53:50+00:00","article_modified_time":"2020-06-02T05:14:52+00:00","og_image":[{"width":670,"height":365,"url":"https:\/\/i0.wp.com\/dorogimedence.hu\/wp-content\/uploads\/2020\/06\/lieber-tamas-02.jpg?fit=670%2C365&ssl=1","type":"image\/jpeg"}],"author":"dorogimedence.hu","twitter_card":"summary_large_image","twitter_misc":{"Szerz\u0151:":"dorogimedence.hu","Becs\u00fclt olvas\u00e1si id\u0151":"3 perc"},"schema":{"@context":"https:\/\/schema.org","@graph":[{"@type":"Article","@id":"https:\/\/dorogimedence.hu\/index.php\/2020\/06\/01\/meselo-tajak-es-formak-egy-foto-es-ami-mogotte-van\/#article","isPartOf":{"@id":"https:\/\/dorogimedence.hu\/index.php\/2020\/06\/01\/meselo-tajak-es-formak-egy-foto-es-ami-mogotte-van\/"},"author":{"name":"dorogimedence.hu","@id":"https:\/\/dorogimedence.hu\/#\/schema\/person\/ce6091eeb7e95ecdc87890d6aa8e0fd4"},"headline":"Mes\u00e9l\u0151 t\u00e1jak \u00e9s form\u00e1k \u2013 Egy fot\u00f3 \u00e9s ami m\u00f6g\u00f6tte van","datePublished":"2020-06-01T12:53:50+00:00","dateModified":"2020-06-02T05:14:52+00:00","mainEntityOfPage":{"@id":"https:\/\/dorogimedence.hu\/index.php\/2020\/06\/01\/meselo-tajak-es-formak-egy-foto-es-ami-mogotte-van\/"},"wordCount":665,"publisher":{"@id":"https:\/\/dorogimedence.hu\/#organization"},"image":{"@id":"https:\/\/dorogimedence.hu\/index.php\/2020\/06\/01\/meselo-tajak-es-formak-egy-foto-es-ami-mogotte-van\/#primaryimage"},"thumbnailUrl":"https:\/\/dorogimedence.hu\/wp-content\/uploads\/2020\/06\/lieber-tamas-02.jpg","keywords":["Lieber Tam\u00e1s","Mes\u00e9l\u0151 t\u00e1jak \u00e9s form\u00e1k","term\u00e9szetv\u00e9delem"],"articleSection":["H\u00edrek","Mes\u00e9l\u0151 t\u00e1jak \u00e9s form\u00e1k"],"inLanguage":"hu"},{"@type":"WebPage","@id":"https:\/\/dorogimedence.hu\/index.php\/2020\/06\/01\/meselo-tajak-es-formak-egy-foto-es-ami-mogotte-van\/","url":"https:\/\/dorogimedence.hu\/index.php\/2020\/06\/01\/meselo-tajak-es-formak-egy-foto-es-ami-mogotte-van\/","name":"Mes\u00e9l\u0151 t\u00e1jak \u00e9s form\u00e1k \u2013 Egy fot\u00f3 \u00e9s ami m\u00f6g\u00f6tte van","isPartOf":{"@id":"https:\/\/dorogimedence.hu\/#website"},"primaryImageOfPage":{"@id":"https:\/\/dorogimedence.hu\/index.php\/2020\/06\/01\/meselo-tajak-es-formak-egy-foto-es-ami-mogotte-van\/#primaryimage"},"image":{"@id":"https:\/\/dorogimedence.hu\/index.php\/2020\/06\/01\/meselo-tajak-es-formak-egy-foto-es-ami-mogotte-van\/#primaryimage"},"thumbnailUrl":"https:\/\/dorogimedence.hu\/wp-content\/uploads\/2020\/06\/lieber-tamas-02.jpg","datePublished":"2020-06-01T12:53:50+00:00","dateModified":"2020-06-02T05:14:52+00:00","breadcrumb":{"@id":"https:\/\/dorogimedence.hu\/index.php\/2020\/06\/01\/meselo-tajak-es-formak-egy-foto-es-ami-mogotte-van\/#breadcrumb"},"inLanguage":"hu","potentialAction":[{"@type":"ReadAction","target":["https:\/\/dorogimedence.hu\/index.php\/2020\/06\/01\/meselo-tajak-es-formak-egy-foto-es-ami-mogotte-van\/"]}]},{"@type":"ImageObject","inLanguage":"hu","@id":"https:\/\/dorogimedence.hu\/index.php\/2020\/06\/01\/meselo-tajak-es-formak-egy-foto-es-ami-mogotte-van\/#primaryimage","url":"https:\/\/dorogimedence.hu\/wp-content\/uploads\/2020\/06\/lieber-tamas-02.jpg","contentUrl":"https:\/\/dorogimedence.hu\/wp-content\/uploads\/2020\/06\/lieber-tamas-02.jpg","width":670,"height":365},{"@type":"BreadcrumbList","@id":"https:\/\/dorogimedence.hu\/index.php\/2020\/06\/01\/meselo-tajak-es-formak-egy-foto-es-ami-mogotte-van\/#breadcrumb","itemListElement":[{"@type":"ListItem","position":1,"name":"Kezd\u0151lap","item":"https:\/\/dorogimedence.hu\/"},{"@type":"ListItem","position":2,"name":"Mes\u00e9l\u0151 t\u00e1jak \u00e9s form\u00e1k \u2013 Egy fot\u00f3 \u00e9s ami m\u00f6g\u00f6tte van"}]},{"@type":"WebSite","@id":"https:\/\/dorogimedence.hu\/#website","url":"https:\/\/dorogimedence.hu\/","name":"Dorogi-medence Region\u00e1lis H\u00edrport\u00e1l","description":"Dorog, Keszt\u00f6lc, Le\u00e1nyv\u00e1r, Piliscs\u00e9v, Tokod, Tokodalt\u00e1r\u00f3, Csolnok, Esztergom-kertv\u00e1ros: h\u00edrek, programok","publisher":{"@id":"https:\/\/dorogimedence.hu\/#organization"},"potentialAction":[{"@type":"SearchAction","target":{"@type":"EntryPoint","urlTemplate":"https:\/\/dorogimedence.hu\/?s={search_term_string}"},"query-input":{"@type":"PropertyValueSpecification","valueRequired":true,"valueName":"search_term_string"}}],"inLanguage":"hu"},{"@type":"Organization","@id":"https:\/\/dorogimedence.hu\/#organization","name":"Dorogi-medence Region\u00e1lis H\u00edrport\u00e1l","url":"https:\/\/dorogimedence.hu\/","logo":{"@type":"ImageObject","inLanguage":"hu","@id":"https:\/\/dorogimedence.hu\/#\/schema\/logo\/image\/","url":"https:\/\/dorogimedence.hu\/wp-content\/uploads\/2021\/04\/logo-feher-600.png","contentUrl":"https:\/\/dorogimedence.hu\/wp-content\/uploads\/2021\/04\/logo-feher-600.png","width":600,"height":100,"caption":"Dorogi-medence Region\u00e1lis H\u00edrport\u00e1l"},"image":{"@id":"https:\/\/dorogimedence.hu\/#\/schema\/logo\/image\/"},"sameAs":["https:\/\/www.facebook.com\/dorogimedence\/"]},{"@type":"Person","@id":"https:\/\/dorogimedence.hu\/#\/schema\/person\/ce6091eeb7e95ecdc87890d6aa8e0fd4","name":"dorogimedence.hu","image":{"@type":"ImageObject","inLanguage":"hu","@id":"\/\/www.gravatar.com\/avatar\/d8d45f8901aadff40a4af72c0b826f1d?s=96&#038;r=g&#038;d=mm","url":"\/\/www.gravatar.com\/avatar\/d8d45f8901aadff40a4af72c0b826f1d?s=96&#038;r=g&#038;d=mm","contentUrl":"\/\/www.gravatar.com\/avatar\/d8d45f8901aadff40a4af72c0b826f1d?s=96&#038;r=g&#038;d=mm","caption":"dorogimedence.hu"}}]}},"_links":{"self":[{"href":"https:\/\/dorogimedence.hu\/index.php\/wp-json\/wp\/v2\/posts\/25285","targetHints":{"allow":["GET"]}}],"collection":[{"href":"https:\/\/dorogimedence.hu\/index.php\/wp-json\/wp\/v2\/posts"}],"about":[{"href":"https:\/\/dorogimedence.hu\/index.php\/wp-json\/wp\/v2\/types\/post"}],"author":[{"embeddable":true,"href":"https:\/\/dorogimedence.hu\/index.php\/wp-json\/wp\/v2\/users\/1"}],"replies":[{"embeddable":true,"href":"https:\/\/dorogimedence.hu\/index.php\/wp-json\/wp\/v2\/comments?post=25285"}],"version-history":[{"count":0,"href":"https:\/\/dorogimedence.hu\/index.php\/wp-json\/wp\/v2\/posts\/25285\/revisions"}],"wp:featuredmedia":[{"embeddable":true,"href":"https:\/\/dorogimedence.hu\/index.php\/wp-json\/wp\/v2\/media\/25296"}],"wp:attachment":[{"href":"https:\/\/dorogimedence.hu\/index.php\/wp-json\/wp\/v2\/media?parent=25285"}],"wp:term":[{"taxonomy":"category","embeddable":true,"href":"https:\/\/dorogimedence.hu\/index.php\/wp-json\/wp\/v2\/categories?post=25285"},{"taxonomy":"post_tag","embeddable":true,"href":"https:\/\/dorogimedence.hu\/index.php\/wp-json\/wp\/v2\/tags?post=25285"}],"curies":[{"name":"wp","href":"https:\/\/api.w.org\/{rel}","templated":true}]}}