{"id":25267,"date":"2020-05-30T11:45:52","date_gmt":"2020-05-30T09:45:52","guid":{"rendered":"http:\/\/dorogimedence.hu\/?p=25267"},"modified":"2020-05-30T11:46:03","modified_gmt":"2020-05-30T09:46:03","slug":"a-vezetestol-eltiltottak-megis-ittasan-a-volan-moge-ult","status":"publish","type":"post","link":"https:\/\/dorogimedence.hu\/index.php\/2020\/05\/30\/a-vezetestol-eltiltottak-megis-ittasan-a-volan-moge-ult\/","title":{"rendered":"A vezet\u00e9st\u0151l eltiltott\u00e1k, m\u00e9gis ittasan a vol\u00e1n m\u00f6g\u00e9 \u00fclt"},"content":{"rendered":"<p><strong>Az Esztergomi Rend\u0151rkapit\u00e1nys\u00e1g j\u00e1r\u0151rei 2020. m\u00e1jus 29-\u00e9n \u00e9jszaka Esztergom-Kertv\u00e1rosban, a Bocskai soron int\u00e9zked\u00e9s al\u00e1 vontak egy g\u00e9pj\u00e1rm\u0171vet \u00e9s annak vezet\u0151j\u00e9t.<\/strong><\/p>\n<p>A sof\u0151rrel szemben alkalmazott alkoholszonda pozit\u00edv eredm\u00e9nyt mutatott, ez\u00e9rt tov\u00e1bbi mintav\u00e9tel c\u00e9lj\u00e1b\u00f3l a rend\u0151rkapit\u00e1nys\u00e1gra el\u0151\u00e1ll\u00edtott\u00e1k. A rend\u0151r\u00f6k a m\u00e9r\u00e9si eredm\u00e9nyek alapj\u00e1n k\u00f6zigazgat\u00e1si b\u00edrs\u00e1ggal s\u00fajtott\u00e1k.<\/p>\n<p>Az iratok ellen\u0151rz\u00e9se sor\u00e1n az is kider\u00fclt, hogy a 33 \u00e9ves f\u00e9rfi vezet\u0151i enged\u00e9llyel nem rendelkezik, \u0151t a vezet\u00e9st\u0151l v\u00e9gleg eltiltott\u00e1k, valamint a j\u00e1rm\u0171re k\u00f6telez\u0151 felel\u0151ss\u00e9gbiztos\u00edt\u00e1st sem k\u00f6t\u00f6tt, \u00e9s a forgalomb\u00f3l is kivont\u00e1k. Az egyenruh\u00e1sok a forgalmi enged\u00e9lyt \u00e9s a hat\u00f3s\u00e1gi jelz\u00e9st elvett\u00e9k, majd a f\u00e9rfi ellen szab\u00e1lys\u00e9rt\u00e9si elj\u00e1r\u00e1st kezdem\u00e9nyeztek.<\/p>\n<p><em>Forr\u00e1s: police.hu<\/em><\/p>\n","protected":false},"excerpt":{"rendered":"<p>Az Esztergomi Rend\u0151rkapit\u00e1nys\u00e1g j\u00e1r\u0151rei 2020. m\u00e1jus 29-\u00e9n \u00e9jszaka Esztergom-Kertv\u00e1rosban, a Bocskai soron int\u00e9zked\u00e9s al\u00e1 vontak egy g\u00e9pj\u00e1rm\u0171vet \u00e9s annak vezet\u0151j\u00e9t. A sof\u0151rrel szemben alkalmazott alkoholszonda pozit\u00edv eredm\u00e9nyt mutatott, ez\u00e9rt tov\u00e1bbi mintav\u00e9tel c\u00e9lj\u00e1b\u00f3l a rend\u0151rkapit\u00e1nys\u00e1gra el\u0151\u00e1ll\u00edtott\u00e1k. A rend\u0151r\u00f6k a m\u00e9r\u00e9si eredm\u00e9nyek alapj\u00e1n k\u00f6zigazgat\u00e1si b\u00edrs\u00e1ggal s\u00fajtott\u00e1k. Az iratok ellen\u0151rz\u00e9se sor\u00e1n az is kider\u00fclt, hogy a 33 \u00e9ves<\/p>\n","protected":false},"author":1,"featured_media":4401,"comment_status":"closed","ping_status":"closed","sticky":false,"template":"","format":"standard","meta":{"ngg_post_thumbnail":0,"footnotes":""},"categories":[7,3,39],"tags":[169,164,61,2088],"class_list":{"0":"post-25267","1":"post","2":"type-post","3":"status-publish","4":"format-standard","5":"has-post-thumbnail","7":"category-esztergom_kertvaros","8":"category-hirek","9":"category-kek-hirek","10":"tag-esztergom-kertvaros","11":"tag-ittas-vezetes","12":"tag-rendorsegi-hirek","13":"tag-vezetestol-eltiltas"},"yoast_head":"<!-- This site is optimized with the Yoast SEO plugin v27.5 - https:\/\/yoast.com\/product\/yoast-seo-wordpress\/ -->\n<title>A vezet\u00e9st\u0151l eltiltott\u00e1k, m\u00e9gis ittasan a vol\u00e1n m\u00f6g\u00e9 \u00fclt<\/title>\n<meta name=\"robots\" content=\"index, follow, max-snippet:-1, max-image-preview:large, max-video-preview:-1\" \/>\n<link rel=\"canonical\" href=\"https:\/\/dorogimedence.hu\/index.php\/2020\/05\/30\/a-vezetestol-eltiltottak-megis-ittasan-a-volan-moge-ult\/\" class=\"yoast-seo-meta-tag\" \/>\n<meta property=\"og:locale\" content=\"hu_HU\" class=\"yoast-seo-meta-tag\" \/>\n<meta property=\"og:type\" content=\"article\" class=\"yoast-seo-meta-tag\" \/>\n<meta property=\"og:title\" content=\"A vezet\u00e9st\u0151l eltiltott\u00e1k, m\u00e9gis ittasan a vol\u00e1n m\u00f6g\u00e9 \u00fclt\" class=\"yoast-seo-meta-tag\" \/>\n<meta property=\"og:description\" content=\"Az Esztergomi Rend\u0151rkapit\u00e1nys\u00e1g j\u00e1r\u0151rei 2020. m\u00e1jus 29-\u00e9n \u00e9jszaka Esztergom-Kertv\u00e1rosban, a Bocskai soron int\u00e9zked\u00e9s al\u00e1 vontak egy g\u00e9pj\u00e1rm\u0171vet \u00e9s annak vezet\u0151j\u00e9t. A sof\u0151rrel szemben alkalmazott alkoholszonda pozit\u00edv eredm\u00e9nyt mutatott, ez\u00e9rt tov\u00e1bbi mintav\u00e9tel c\u00e9lj\u00e1b\u00f3l a rend\u0151rkapit\u00e1nys\u00e1gra el\u0151\u00e1ll\u00edtott\u00e1k. A rend\u0151r\u00f6k a m\u00e9r\u00e9si eredm\u00e9nyek alapj\u00e1n k\u00f6zigazgat\u00e1si b\u00edrs\u00e1ggal s\u00fajtott\u00e1k. Az iratok ellen\u0151rz\u00e9se sor\u00e1n az is kider\u00fclt, hogy a 33 \u00e9ves\" class=\"yoast-seo-meta-tag\" \/>\n<meta property=\"og:url\" content=\"https:\/\/dorogimedence.hu\/index.php\/2020\/05\/30\/a-vezetestol-eltiltottak-megis-ittasan-a-volan-moge-ult\/\" class=\"yoast-seo-meta-tag\" \/>\n<meta property=\"og:site_name\" content=\"Dorogi-medence Region\u00e1lis H\u00edrport\u00e1l\" class=\"yoast-seo-meta-tag\" \/>\n<meta property=\"article:publisher\" content=\"https:\/\/www.facebook.com\/dorogimedence\/\" class=\"yoast-seo-meta-tag\" \/>\n<meta property=\"article:published_time\" content=\"2020-05-30T09:45:52+00:00\" class=\"yoast-seo-meta-tag\" \/>\n<meta property=\"article:modified_time\" content=\"2020-05-30T09:46:03+00:00\" class=\"yoast-seo-meta-tag\" \/>\n<meta property=\"og:image\" content=\"https:\/\/i0.wp.com\/dorogimedence.hu\/wp-content\/uploads\/2017\/07\/ittas-vezetes-uj-03.jpg?fit=670%2C365&ssl=1\" class=\"yoast-seo-meta-tag\" \/>\n\t<meta property=\"og:image:width\" content=\"670\" class=\"yoast-seo-meta-tag\" \/>\n\t<meta property=\"og:image:height\" content=\"365\" class=\"yoast-seo-meta-tag\" \/>\n\t<meta property=\"og:image:type\" content=\"image\/jpeg\" class=\"yoast-seo-meta-tag\" \/>\n<meta name=\"author\" content=\"dorogimedence.hu\" class=\"yoast-seo-meta-tag\" \/>\n<meta name=\"twitter:card\" content=\"summary_large_image\" class=\"yoast-seo-meta-tag\" \/>\n<meta name=\"twitter:label1\" content=\"Szerz\u0151:\" class=\"yoast-seo-meta-tag\" \/>\n\t<meta name=\"twitter:data1\" content=\"dorogimedence.hu\" class=\"yoast-seo-meta-tag\" \/>\n\t<meta name=\"twitter:label2\" content=\"Becs\u00fclt olvas\u00e1si id\u0151\" class=\"yoast-seo-meta-tag\" \/>\n\t<meta name=\"twitter:data2\" content=\"1 perc\" class=\"yoast-seo-meta-tag\" \/>\n<script type=\"application\/ld+json\" class=\"yoast-schema-graph\">{\"@context\":\"https:\\\/\\\/schema.org\",\"@graph\":[{\"@type\":\"Article\",\"@id\":\"https:\\\/\\\/dorogimedence.hu\\\/index.php\\\/2020\\\/05\\\/30\\\/a-vezetestol-eltiltottak-megis-ittasan-a-volan-moge-ult\\\/#article\",\"isPartOf\":{\"@id\":\"https:\\\/\\\/dorogimedence.hu\\\/index.php\\\/2020\\\/05\\\/30\\\/a-vezetestol-eltiltottak-megis-ittasan-a-volan-moge-ult\\\/\"},\"author\":{\"name\":\"dorogimedence.hu\",\"@id\":\"https:\\\/\\\/dorogimedence.hu\\\/#\\\/schema\\\/person\\\/ce6091eeb7e95ecdc87890d6aa8e0fd4\"},\"headline\":\"A vezet\u00e9st\u0151l eltiltott\u00e1k, m\u00e9gis ittasan a vol\u00e1n m\u00f6g\u00e9 \u00fclt\",\"datePublished\":\"2020-05-30T09:45:52+00:00\",\"dateModified\":\"2020-05-30T09:46:03+00:00\",\"mainEntityOfPage\":{\"@id\":\"https:\\\/\\\/dorogimedence.hu\\\/index.php\\\/2020\\\/05\\\/30\\\/a-vezetestol-eltiltottak-megis-ittasan-a-volan-moge-ult\\\/\"},\"wordCount\":188,\"publisher\":{\"@id\":\"https:\\\/\\\/dorogimedence.hu\\\/#organization\"},\"image\":{\"@id\":\"https:\\\/\\\/dorogimedence.hu\\\/index.php\\\/2020\\\/05\\\/30\\\/a-vezetestol-eltiltottak-megis-ittasan-a-volan-moge-ult\\\/#primaryimage\"},\"thumbnailUrl\":\"https:\\\/\\\/dorogimedence.hu\\\/wp-content\\\/uploads\\\/2017\\\/07\\\/ittas-vezetes-uj-03.jpg\",\"keywords\":[\"Esztergom-kertv\u00e1ros\",\"ittas vezet\u00e9s\",\"rend\u0151rs\u00e9gi h\u00edrek\",\"vezet\u00e9st\u0151l eltilt\u00e1s\"],\"articleSection\":[\"Esztergom-kertv\u00e1ros\",\"H\u00edrek\",\"K\u00e9k h\u00edrek\"],\"inLanguage\":\"hu\"},{\"@type\":\"WebPage\",\"@id\":\"https:\\\/\\\/dorogimedence.hu\\\/index.php\\\/2020\\\/05\\\/30\\\/a-vezetestol-eltiltottak-megis-ittasan-a-volan-moge-ult\\\/\",\"url\":\"https:\\\/\\\/dorogimedence.hu\\\/index.php\\\/2020\\\/05\\\/30\\\/a-vezetestol-eltiltottak-megis-ittasan-a-volan-moge-ult\\\/\",\"name\":\"A vezet\u00e9st\u0151l eltiltott\u00e1k, m\u00e9gis ittasan a vol\u00e1n m\u00f6g\u00e9 \u00fclt\",\"isPartOf\":{\"@id\":\"https:\\\/\\\/dorogimedence.hu\\\/#website\"},\"primaryImageOfPage\":{\"@id\":\"https:\\\/\\\/dorogimedence.hu\\\/index.php\\\/2020\\\/05\\\/30\\\/a-vezetestol-eltiltottak-megis-ittasan-a-volan-moge-ult\\\/#primaryimage\"},\"image\":{\"@id\":\"https:\\\/\\\/dorogimedence.hu\\\/index.php\\\/2020\\\/05\\\/30\\\/a-vezetestol-eltiltottak-megis-ittasan-a-volan-moge-ult\\\/#primaryimage\"},\"thumbnailUrl\":\"https:\\\/\\\/dorogimedence.hu\\\/wp-content\\\/uploads\\\/2017\\\/07\\\/ittas-vezetes-uj-03.jpg\",\"datePublished\":\"2020-05-30T09:45:52+00:00\",\"dateModified\":\"2020-05-30T09:46:03+00:00\",\"breadcrumb\":{\"@id\":\"https:\\\/\\\/dorogimedence.hu\\\/index.php\\\/2020\\\/05\\\/30\\\/a-vezetestol-eltiltottak-megis-ittasan-a-volan-moge-ult\\\/#breadcrumb\"},\"inLanguage\":\"hu\",\"potentialAction\":[{\"@type\":\"ReadAction\",\"target\":[\"https:\\\/\\\/dorogimedence.hu\\\/index.php\\\/2020\\\/05\\\/30\\\/a-vezetestol-eltiltottak-megis-ittasan-a-volan-moge-ult\\\/\"]}]},{\"@type\":\"ImageObject\",\"inLanguage\":\"hu\",\"@id\":\"https:\\\/\\\/dorogimedence.hu\\\/index.php\\\/2020\\\/05\\\/30\\\/a-vezetestol-eltiltottak-megis-ittasan-a-volan-moge-ult\\\/#primaryimage\",\"url\":\"https:\\\/\\\/dorogimedence.hu\\\/wp-content\\\/uploads\\\/2017\\\/07\\\/ittas-vezetes-uj-03.jpg\",\"contentUrl\":\"https:\\\/\\\/dorogimedence.hu\\\/wp-content\\\/uploads\\\/2017\\\/07\\\/ittas-vezetes-uj-03.jpg\",\"width\":670,\"height\":365},{\"@type\":\"BreadcrumbList\",\"@id\":\"https:\\\/\\\/dorogimedence.hu\\\/index.php\\\/2020\\\/05\\\/30\\\/a-vezetestol-eltiltottak-megis-ittasan-a-volan-moge-ult\\\/#breadcrumb\",\"itemListElement\":[{\"@type\":\"ListItem\",\"position\":1,\"name\":\"Kezd\u0151lap\",\"item\":\"https:\\\/\\\/dorogimedence.hu\\\/\"},{\"@type\":\"ListItem\",\"position\":2,\"name\":\"A vezet\u00e9st\u0151l eltiltott\u00e1k, m\u00e9gis ittasan a vol\u00e1n m\u00f6g\u00e9 \u00fclt\"}]},{\"@type\":\"WebSite\",\"@id\":\"https:\\\/\\\/dorogimedence.hu\\\/#website\",\"url\":\"https:\\\/\\\/dorogimedence.hu\\\/\",\"name\":\"Dorogi-medence Region\u00e1lis H\u00edrport\u00e1l\",\"description\":\"Dorog, Keszt\u00f6lc, Le\u00e1nyv\u00e1r, Piliscs\u00e9v, Tokod, Tokodalt\u00e1r\u00f3, Csolnok, Esztergom-kertv\u00e1ros: h\u00edrek, programok\",\"publisher\":{\"@id\":\"https:\\\/\\\/dorogimedence.hu\\\/#organization\"},\"potentialAction\":[{\"@type\":\"SearchAction\",\"target\":{\"@type\":\"EntryPoint\",\"urlTemplate\":\"https:\\\/\\\/dorogimedence.hu\\\/?s={search_term_string}\"},\"query-input\":{\"@type\":\"PropertyValueSpecification\",\"valueRequired\":true,\"valueName\":\"search_term_string\"}}],\"inLanguage\":\"hu\"},{\"@type\":\"Organization\",\"@id\":\"https:\\\/\\\/dorogimedence.hu\\\/#organization\",\"name\":\"Dorogi-medence Region\u00e1lis H\u00edrport\u00e1l\",\"url\":\"https:\\\/\\\/dorogimedence.hu\\\/\",\"logo\":{\"@type\":\"ImageObject\",\"inLanguage\":\"hu\",\"@id\":\"https:\\\/\\\/dorogimedence.hu\\\/#\\\/schema\\\/logo\\\/image\\\/\",\"url\":\"https:\\\/\\\/dorogimedence.hu\\\/wp-content\\\/uploads\\\/2021\\\/04\\\/logo-feher-600.png\",\"contentUrl\":\"https:\\\/\\\/dorogimedence.hu\\\/wp-content\\\/uploads\\\/2021\\\/04\\\/logo-feher-600.png\",\"width\":600,\"height\":100,\"caption\":\"Dorogi-medence Region\u00e1lis H\u00edrport\u00e1l\"},\"image\":{\"@id\":\"https:\\\/\\\/dorogimedence.hu\\\/#\\\/schema\\\/logo\\\/image\\\/\"},\"sameAs\":[\"https:\\\/\\\/www.facebook.com\\\/dorogimedence\\\/\"]},{\"@type\":\"Person\",\"@id\":\"https:\\\/\\\/dorogimedence.hu\\\/#\\\/schema\\\/person\\\/ce6091eeb7e95ecdc87890d6aa8e0fd4\",\"name\":\"dorogimedence.hu\",\"image\":{\"@type\":\"ImageObject\",\"inLanguage\":\"hu\",\"@id\":\"\\\/\\\/www.gravatar.com\\\/avatar\\\/d8d45f8901aadff40a4af72c0b826f1d?s=96&#038;r=g&#038;d=mm\",\"url\":\"\\\/\\\/www.gravatar.com\\\/avatar\\\/d8d45f8901aadff40a4af72c0b826f1d?s=96&#038;r=g&#038;d=mm\",\"contentUrl\":\"\\\/\\\/www.gravatar.com\\\/avatar\\\/d8d45f8901aadff40a4af72c0b826f1d?s=96&#038;r=g&#038;d=mm\",\"caption\":\"dorogimedence.hu\"}}]}<\/script>\n<!-- \/ Yoast SEO plugin. -->","yoast_head_json":{"title":"A vezet\u00e9st\u0151l eltiltott\u00e1k, m\u00e9gis ittasan a vol\u00e1n m\u00f6g\u00e9 \u00fclt","robots":{"index":"index","follow":"follow","max-snippet":"max-snippet:-1","max-image-preview":"max-image-preview:large","max-video-preview":"max-video-preview:-1"},"canonical":"https:\/\/dorogimedence.hu\/index.php\/2020\/05\/30\/a-vezetestol-eltiltottak-megis-ittasan-a-volan-moge-ult\/","og_locale":"hu_HU","og_type":"article","og_title":"A vezet\u00e9st\u0151l eltiltott\u00e1k, m\u00e9gis ittasan a vol\u00e1n m\u00f6g\u00e9 \u00fclt","og_description":"Az Esztergomi Rend\u0151rkapit\u00e1nys\u00e1g j\u00e1r\u0151rei 2020. m\u00e1jus 29-\u00e9n \u00e9jszaka Esztergom-Kertv\u00e1rosban, a Bocskai soron int\u00e9zked\u00e9s al\u00e1 vontak egy g\u00e9pj\u00e1rm\u0171vet \u00e9s annak vezet\u0151j\u00e9t. A sof\u0151rrel szemben alkalmazott alkoholszonda pozit\u00edv eredm\u00e9nyt mutatott, ez\u00e9rt tov\u00e1bbi mintav\u00e9tel c\u00e9lj\u00e1b\u00f3l a rend\u0151rkapit\u00e1nys\u00e1gra el\u0151\u00e1ll\u00edtott\u00e1k. A rend\u0151r\u00f6k a m\u00e9r\u00e9si eredm\u00e9nyek alapj\u00e1n k\u00f6zigazgat\u00e1si b\u00edrs\u00e1ggal s\u00fajtott\u00e1k. Az iratok ellen\u0151rz\u00e9se sor\u00e1n az is kider\u00fclt, hogy a 33 \u00e9ves","og_url":"https:\/\/dorogimedence.hu\/index.php\/2020\/05\/30\/a-vezetestol-eltiltottak-megis-ittasan-a-volan-moge-ult\/","og_site_name":"Dorogi-medence Region\u00e1lis H\u00edrport\u00e1l","article_publisher":"https:\/\/www.facebook.com\/dorogimedence\/","article_published_time":"2020-05-30T09:45:52+00:00","article_modified_time":"2020-05-30T09:46:03+00:00","og_image":[{"width":670,"height":365,"url":"https:\/\/i0.wp.com\/dorogimedence.hu\/wp-content\/uploads\/2017\/07\/ittas-vezetes-uj-03.jpg?fit=670%2C365&ssl=1","type":"image\/jpeg"}],"author":"dorogimedence.hu","twitter_card":"summary_large_image","twitter_misc":{"Szerz\u0151:":"dorogimedence.hu","Becs\u00fclt olvas\u00e1si id\u0151":"1 perc"},"schema":{"@context":"https:\/\/schema.org","@graph":[{"@type":"Article","@id":"https:\/\/dorogimedence.hu\/index.php\/2020\/05\/30\/a-vezetestol-eltiltottak-megis-ittasan-a-volan-moge-ult\/#article","isPartOf":{"@id":"https:\/\/dorogimedence.hu\/index.php\/2020\/05\/30\/a-vezetestol-eltiltottak-megis-ittasan-a-volan-moge-ult\/"},"author":{"name":"dorogimedence.hu","@id":"https:\/\/dorogimedence.hu\/#\/schema\/person\/ce6091eeb7e95ecdc87890d6aa8e0fd4"},"headline":"A vezet\u00e9st\u0151l eltiltott\u00e1k, m\u00e9gis ittasan a vol\u00e1n m\u00f6g\u00e9 \u00fclt","datePublished":"2020-05-30T09:45:52+00:00","dateModified":"2020-05-30T09:46:03+00:00","mainEntityOfPage":{"@id":"https:\/\/dorogimedence.hu\/index.php\/2020\/05\/30\/a-vezetestol-eltiltottak-megis-ittasan-a-volan-moge-ult\/"},"wordCount":188,"publisher":{"@id":"https:\/\/dorogimedence.hu\/#organization"},"image":{"@id":"https:\/\/dorogimedence.hu\/index.php\/2020\/05\/30\/a-vezetestol-eltiltottak-megis-ittasan-a-volan-moge-ult\/#primaryimage"},"thumbnailUrl":"https:\/\/dorogimedence.hu\/wp-content\/uploads\/2017\/07\/ittas-vezetes-uj-03.jpg","keywords":["Esztergom-kertv\u00e1ros","ittas vezet\u00e9s","rend\u0151rs\u00e9gi h\u00edrek","vezet\u00e9st\u0151l eltilt\u00e1s"],"articleSection":["Esztergom-kertv\u00e1ros","H\u00edrek","K\u00e9k h\u00edrek"],"inLanguage":"hu"},{"@type":"WebPage","@id":"https:\/\/dorogimedence.hu\/index.php\/2020\/05\/30\/a-vezetestol-eltiltottak-megis-ittasan-a-volan-moge-ult\/","url":"https:\/\/dorogimedence.hu\/index.php\/2020\/05\/30\/a-vezetestol-eltiltottak-megis-ittasan-a-volan-moge-ult\/","name":"A vezet\u00e9st\u0151l eltiltott\u00e1k, m\u00e9gis ittasan a vol\u00e1n m\u00f6g\u00e9 \u00fclt","isPartOf":{"@id":"https:\/\/dorogimedence.hu\/#website"},"primaryImageOfPage":{"@id":"https:\/\/dorogimedence.hu\/index.php\/2020\/05\/30\/a-vezetestol-eltiltottak-megis-ittasan-a-volan-moge-ult\/#primaryimage"},"image":{"@id":"https:\/\/dorogimedence.hu\/index.php\/2020\/05\/30\/a-vezetestol-eltiltottak-megis-ittasan-a-volan-moge-ult\/#primaryimage"},"thumbnailUrl":"https:\/\/dorogimedence.hu\/wp-content\/uploads\/2017\/07\/ittas-vezetes-uj-03.jpg","datePublished":"2020-05-30T09:45:52+00:00","dateModified":"2020-05-30T09:46:03+00:00","breadcrumb":{"@id":"https:\/\/dorogimedence.hu\/index.php\/2020\/05\/30\/a-vezetestol-eltiltottak-megis-ittasan-a-volan-moge-ult\/#breadcrumb"},"inLanguage":"hu","potentialAction":[{"@type":"ReadAction","target":["https:\/\/dorogimedence.hu\/index.php\/2020\/05\/30\/a-vezetestol-eltiltottak-megis-ittasan-a-volan-moge-ult\/"]}]},{"@type":"ImageObject","inLanguage":"hu","@id":"https:\/\/dorogimedence.hu\/index.php\/2020\/05\/30\/a-vezetestol-eltiltottak-megis-ittasan-a-volan-moge-ult\/#primaryimage","url":"https:\/\/dorogimedence.hu\/wp-content\/uploads\/2017\/07\/ittas-vezetes-uj-03.jpg","contentUrl":"https:\/\/dorogimedence.hu\/wp-content\/uploads\/2017\/07\/ittas-vezetes-uj-03.jpg","width":670,"height":365},{"@type":"BreadcrumbList","@id":"https:\/\/dorogimedence.hu\/index.php\/2020\/05\/30\/a-vezetestol-eltiltottak-megis-ittasan-a-volan-moge-ult\/#breadcrumb","itemListElement":[{"@type":"ListItem","position":1,"name":"Kezd\u0151lap","item":"https:\/\/dorogimedence.hu\/"},{"@type":"ListItem","position":2,"name":"A vezet\u00e9st\u0151l eltiltott\u00e1k, m\u00e9gis ittasan a vol\u00e1n m\u00f6g\u00e9 \u00fclt"}]},{"@type":"WebSite","@id":"https:\/\/dorogimedence.hu\/#website","url":"https:\/\/dorogimedence.hu\/","name":"Dorogi-medence Region\u00e1lis H\u00edrport\u00e1l","description":"Dorog, Keszt\u00f6lc, Le\u00e1nyv\u00e1r, Piliscs\u00e9v, Tokod, Tokodalt\u00e1r\u00f3, Csolnok, Esztergom-kertv\u00e1ros: h\u00edrek, programok","publisher":{"@id":"https:\/\/dorogimedence.hu\/#organization"},"potentialAction":[{"@type":"SearchAction","target":{"@type":"EntryPoint","urlTemplate":"https:\/\/dorogimedence.hu\/?s={search_term_string}"},"query-input":{"@type":"PropertyValueSpecification","valueRequired":true,"valueName":"search_term_string"}}],"inLanguage":"hu"},{"@type":"Organization","@id":"https:\/\/dorogimedence.hu\/#organization","name":"Dorogi-medence Region\u00e1lis H\u00edrport\u00e1l","url":"https:\/\/dorogimedence.hu\/","logo":{"@type":"ImageObject","inLanguage":"hu","@id":"https:\/\/dorogimedence.hu\/#\/schema\/logo\/image\/","url":"https:\/\/dorogimedence.hu\/wp-content\/uploads\/2021\/04\/logo-feher-600.png","contentUrl":"https:\/\/dorogimedence.hu\/wp-content\/uploads\/2021\/04\/logo-feher-600.png","width":600,"height":100,"caption":"Dorogi-medence Region\u00e1lis H\u00edrport\u00e1l"},"image":{"@id":"https:\/\/dorogimedence.hu\/#\/schema\/logo\/image\/"},"sameAs":["https:\/\/www.facebook.com\/dorogimedence\/"]},{"@type":"Person","@id":"https:\/\/dorogimedence.hu\/#\/schema\/person\/ce6091eeb7e95ecdc87890d6aa8e0fd4","name":"dorogimedence.hu","image":{"@type":"ImageObject","inLanguage":"hu","@id":"\/\/www.gravatar.com\/avatar\/d8d45f8901aadff40a4af72c0b826f1d?s=96&#038;r=g&#038;d=mm","url":"\/\/www.gravatar.com\/avatar\/d8d45f8901aadff40a4af72c0b826f1d?s=96&#038;r=g&#038;d=mm","contentUrl":"\/\/www.gravatar.com\/avatar\/d8d45f8901aadff40a4af72c0b826f1d?s=96&#038;r=g&#038;d=mm","caption":"dorogimedence.hu"}}]}},"_links":{"self":[{"href":"https:\/\/dorogimedence.hu\/index.php\/wp-json\/wp\/v2\/posts\/25267","targetHints":{"allow":["GET"]}}],"collection":[{"href":"https:\/\/dorogimedence.hu\/index.php\/wp-json\/wp\/v2\/posts"}],"about":[{"href":"https:\/\/dorogimedence.hu\/index.php\/wp-json\/wp\/v2\/types\/post"}],"author":[{"embeddable":true,"href":"https:\/\/dorogimedence.hu\/index.php\/wp-json\/wp\/v2\/users\/1"}],"replies":[{"embeddable":true,"href":"https:\/\/dorogimedence.hu\/index.php\/wp-json\/wp\/v2\/comments?post=25267"}],"version-history":[{"count":0,"href":"https:\/\/dorogimedence.hu\/index.php\/wp-json\/wp\/v2\/posts\/25267\/revisions"}],"wp:featuredmedia":[{"embeddable":true,"href":"https:\/\/dorogimedence.hu\/index.php\/wp-json\/wp\/v2\/media\/4401"}],"wp:attachment":[{"href":"https:\/\/dorogimedence.hu\/index.php\/wp-json\/wp\/v2\/media?parent=25267"}],"wp:term":[{"taxonomy":"category","embeddable":true,"href":"https:\/\/dorogimedence.hu\/index.php\/wp-json\/wp\/v2\/categories?post=25267"},{"taxonomy":"post_tag","embeddable":true,"href":"https:\/\/dorogimedence.hu\/index.php\/wp-json\/wp\/v2\/tags?post=25267"}],"curies":[{"name":"wp","href":"https:\/\/api.w.org\/{rel}","templated":true}]}}