{"id":25253,"date":"2020-05-29T10:21:16","date_gmt":"2020-05-29T08:21:16","guid":{"rendered":"http:\/\/dorogimedence.hu\/?p=25253"},"modified":"2020-05-29T10:21:30","modified_gmt":"2020-05-29T08:21:30","slug":"csokoladet-kaptak-a-mogyorosbanyai-gyermekek","status":"publish","type":"post","link":"https:\/\/dorogimedence.hu\/index.php\/2020\/05\/29\/csokoladet-kaptak-a-mogyorosbanyai-gyermekek\/","title":{"rendered":"Csokol\u00e1d\u00e9t kaptak a mogyor\u00f3sb\u00e1nyai gyermekek"},"content":{"rendered":"<p><strong>Mogyor\u00f3sb\u00e1nya K\u00f6zs\u00e9g \u00d6nkorm\u00e1nyzata m\u00e1jus 29-\u00e9n, gyermeknap alkalm\u00e1b\u00f3l minden 18 \u00e9v alatti mogyor\u00f3sb\u00e1nyai fiatalnak jelk\u00e9pes aj\u00e1nd\u00e9kk\u00e9nt egy t\u00e1bla csokol\u00e1d\u00e9val kedveskedett.<\/strong><\/p>\n<p>Az elm\u00falt h\u00f3napokban a koronav\u00edrus-j\u00e1rv\u00e1ny miatt a gyermekek nem j\u00e1rtak k\u00f6z\u00f6ss\u00e9gbe, \u00f3vod\u00e1ba \u00e9s iskol\u00e1ba, nem tudtak tal\u00e1lkozni egym\u00e1ssal, nem vehettek r\u00e9szt programokon, sajnos ez\u00e1ltal sz\u00e1mtalan \u00e9lm\u00e9nyt\u0151l estek el. T\u00f6bbek k\u00f6z\u00f6tt az \u00e9vek \u00f3ta nagy n\u00e9pszer\u0171s\u00e9gnek \u00f6rvend\u0151 telep\u00fcl\u00e9si gyermeknapot sem tudt\u00e1k megszervezni id\u00e9n a j\u00e1rv\u00e1ny\u00fcgyi int\u00e9zked\u00e9sek miatt, ez\u00e9rt Havrancsik Tibor polg\u00e1rmester \u00fagy d\u00f6nt\u00f6tt, hogy ezzel a kis kedvess\u00e9ggel csal mosolyt a telep\u00fcl\u00e9sen \u00e9l\u0151 gyermekek arc\u00e1ra. Minden csokol\u00e1d\u00e9ra tettek egy vid\u00e1m gyermekeket \u00e1br\u00e1zol\u00f3 matric\u00e1t, melyen a boldog gyermeknapot felirat olvashat\u00f3.<\/p>\n<p><img fetchpriority=\"high\" decoding=\"async\" class=\"alignnone size-full wp-image-25254\" src=\"https:\/\/dorogimedence.hu\/wp-content\/uploads\/2020\/05\/csoki-02.jpg\" alt=\"\" width=\"670\" height=\"377\" srcset=\"https:\/\/dorogimedence.hu\/wp-content\/uploads\/2020\/05\/csoki-02.jpg 670w, https:\/\/dorogimedence.hu\/wp-content\/uploads\/2020\/05\/csoki-02-300x169.jpg 300w\" sizes=\"(max-width: 670px) 100vw, 670px\" \/><\/p>\n<p>\u201eB\u00edzunk benne, hogy ezzel az apr\u00f3 aj\u00e1nd\u00e9kkal egy kicsit k\u00e1rp\u00f3tolni tudjuk a mogyor\u00f3sb\u00e1nyai gyermekeket az elm\u00falt id\u0151szakban elmaradt \u00e9lm\u00e9nyek\u00e9rt, \u00e9s rem\u00e9lj\u00fck, hogy j\u00f6v\u0151re a szok\u00e1sos form\u00e1ban \u00fcnnepelhetj\u00fck majd meg a gyermeknapot.\u201d \u2013 mondta a telep\u00fcl\u00e9s polg\u00e1rmestere.<\/p>\n<p>A mintegy 200 t\u00e1bla csokol\u00e1d\u00e9 kioszt\u00e1s\u00e1t az \u00f6nkorm\u00e1nyzat \u00e9s a hivatal munkat\u00e1rsai seg\u00edtett\u00e9k, term\u00e9szetesen \u00fcgyelve a koronav\u00edrus-j\u00e1rv\u00e1ny miatti k\u00fcl\u00f6nleges v\u00e9delmi szab\u00e1lyok betart\u00e1s\u00e1ra. A polg\u00e1rmester az \u00f3vod\u00e1ban szem\u00e9lyesen adta \u00e1t az csokol\u00e1d\u00e9kat a gyerk\u0151c\u00f6knek.<\/p>\n","protected":false},"excerpt":{"rendered":"<p>Mogyor\u00f3sb\u00e1nya K\u00f6zs\u00e9g \u00d6nkorm\u00e1nyzata m\u00e1jus 29-\u00e9n, gyermeknap alkalm\u00e1b\u00f3l minden 18 \u00e9v alatti mogyor\u00f3sb\u00e1nyai fiatalnak jelk\u00e9pes aj\u00e1nd\u00e9kk\u00e9nt egy t\u00e1bla csokol\u00e1d\u00e9val kedveskedett. Az elm\u00falt h\u00f3napokban a koronav\u00edrus-j\u00e1rv\u00e1ny miatt a gyermekek nem j\u00e1rtak k\u00f6z\u00f6ss\u00e9gbe, \u00f3vod\u00e1ba \u00e9s iskol\u00e1ba, nem tudtak tal\u00e1lkozni egym\u00e1ssal, nem vehettek r\u00e9szt programokon, sajnos ez\u00e1ltal sz\u00e1mtalan \u00e9lm\u00e9nyt\u0151l estek el. T\u00f6bbek k\u00f6z\u00f6tt az \u00e9vek \u00f3ta nagy n\u00e9pszer\u0171s\u00e9gnek \u00f6rvend\u0151<\/p>\n","protected":false},"author":1,"featured_media":25255,"comment_status":"closed","ping_status":"closed","sticky":false,"template":"","format":"standard","meta":{"ngg_post_thumbnail":0,"footnotes":""},"categories":[3],"tags":[3124,936,450],"class_list":{"0":"post-25253","1":"post","2":"type-post","3":"status-publish","4":"format-standard","5":"has-post-thumbnail","7":"category-hirek","8":"tag-csokolade","9":"tag-gyermeknap","10":"tag-mogyorosbanya"},"yoast_head":"<!-- This site is optimized with the Yoast SEO plugin v27.4 - https:\/\/yoast.com\/product\/yoast-seo-wordpress\/ -->\n<title>Csokol\u00e1d\u00e9t kaptak a mogyor\u00f3sb\u00e1nyai gyermekek<\/title>\n<meta name=\"robots\" content=\"index, follow, max-snippet:-1, max-image-preview:large, max-video-preview:-1\" \/>\n<link rel=\"canonical\" href=\"https:\/\/dorogimedence.hu\/index.php\/2020\/05\/29\/csokoladet-kaptak-a-mogyorosbanyai-gyermekek\/\" class=\"yoast-seo-meta-tag\" \/>\n<meta property=\"og:locale\" content=\"hu_HU\" class=\"yoast-seo-meta-tag\" \/>\n<meta property=\"og:type\" content=\"article\" class=\"yoast-seo-meta-tag\" \/>\n<meta property=\"og:title\" content=\"Csokol\u00e1d\u00e9t kaptak a mogyor\u00f3sb\u00e1nyai gyermekek\" class=\"yoast-seo-meta-tag\" \/>\n<meta property=\"og:description\" content=\"Mogyor\u00f3sb\u00e1nya K\u00f6zs\u00e9g \u00d6nkorm\u00e1nyzata m\u00e1jus 29-\u00e9n, gyermeknap alkalm\u00e1b\u00f3l minden 18 \u00e9v alatti mogyor\u00f3sb\u00e1nyai fiatalnak jelk\u00e9pes aj\u00e1nd\u00e9kk\u00e9nt egy t\u00e1bla csokol\u00e1d\u00e9val kedveskedett. Az elm\u00falt h\u00f3napokban a koronav\u00edrus-j\u00e1rv\u00e1ny miatt a gyermekek nem j\u00e1rtak k\u00f6z\u00f6ss\u00e9gbe, \u00f3vod\u00e1ba \u00e9s iskol\u00e1ba, nem tudtak tal\u00e1lkozni egym\u00e1ssal, nem vehettek r\u00e9szt programokon, sajnos ez\u00e1ltal sz\u00e1mtalan \u00e9lm\u00e9nyt\u0151l estek el. T\u00f6bbek k\u00f6z\u00f6tt az \u00e9vek \u00f3ta nagy n\u00e9pszer\u0171s\u00e9gnek \u00f6rvend\u0151\" class=\"yoast-seo-meta-tag\" \/>\n<meta property=\"og:url\" content=\"https:\/\/dorogimedence.hu\/index.php\/2020\/05\/29\/csokoladet-kaptak-a-mogyorosbanyai-gyermekek\/\" class=\"yoast-seo-meta-tag\" \/>\n<meta property=\"og:site_name\" content=\"Dorogi-medence Region\u00e1lis H\u00edrport\u00e1l\" class=\"yoast-seo-meta-tag\" \/>\n<meta property=\"article:publisher\" content=\"https:\/\/www.facebook.com\/dorogimedence\/\" class=\"yoast-seo-meta-tag\" \/>\n<meta property=\"article:published_time\" content=\"2020-05-29T08:21:16+00:00\" class=\"yoast-seo-meta-tag\" \/>\n<meta property=\"article:modified_time\" content=\"2020-05-29T08:21:30+00:00\" class=\"yoast-seo-meta-tag\" \/>\n<meta property=\"og:image\" content=\"https:\/\/i0.wp.com\/dorogimedence.hu\/wp-content\/uploads\/2020\/05\/csoki-01.jpg?fit=670%2C365&ssl=1\" class=\"yoast-seo-meta-tag\" \/>\n\t<meta property=\"og:image:width\" content=\"670\" class=\"yoast-seo-meta-tag\" \/>\n\t<meta property=\"og:image:height\" content=\"365\" class=\"yoast-seo-meta-tag\" \/>\n\t<meta property=\"og:image:type\" content=\"image\/jpeg\" class=\"yoast-seo-meta-tag\" \/>\n<meta name=\"author\" content=\"dorogimedence.hu\" class=\"yoast-seo-meta-tag\" \/>\n<meta name=\"twitter:card\" content=\"summary_large_image\" class=\"yoast-seo-meta-tag\" \/>\n<meta name=\"twitter:label1\" content=\"Szerz\u0151:\" class=\"yoast-seo-meta-tag\" \/>\n\t<meta name=\"twitter:data1\" content=\"dorogimedence.hu\" class=\"yoast-seo-meta-tag\" \/>\n\t<meta name=\"twitter:label2\" content=\"Becs\u00fclt olvas\u00e1si id\u0151\" class=\"yoast-seo-meta-tag\" \/>\n\t<meta name=\"twitter:data2\" content=\"1 perc\" class=\"yoast-seo-meta-tag\" \/>\n<script type=\"application\/ld+json\" class=\"yoast-schema-graph\">{\"@context\":\"https:\\\/\\\/schema.org\",\"@graph\":[{\"@type\":\"Article\",\"@id\":\"https:\\\/\\\/dorogimedence.hu\\\/index.php\\\/2020\\\/05\\\/29\\\/csokoladet-kaptak-a-mogyorosbanyai-gyermekek\\\/#article\",\"isPartOf\":{\"@id\":\"https:\\\/\\\/dorogimedence.hu\\\/index.php\\\/2020\\\/05\\\/29\\\/csokoladet-kaptak-a-mogyorosbanyai-gyermekek\\\/\"},\"author\":{\"name\":\"dorogimedence.hu\",\"@id\":\"https:\\\/\\\/dorogimedence.hu\\\/#\\\/schema\\\/person\\\/ce6091eeb7e95ecdc87890d6aa8e0fd4\"},\"headline\":\"Csokol\u00e1d\u00e9t kaptak a mogyor\u00f3sb\u00e1nyai gyermekek\",\"datePublished\":\"2020-05-29T08:21:16+00:00\",\"dateModified\":\"2020-05-29T08:21:30+00:00\",\"mainEntityOfPage\":{\"@id\":\"https:\\\/\\\/dorogimedence.hu\\\/index.php\\\/2020\\\/05\\\/29\\\/csokoladet-kaptak-a-mogyorosbanyai-gyermekek\\\/\"},\"wordCount\":282,\"publisher\":{\"@id\":\"https:\\\/\\\/dorogimedence.hu\\\/#organization\"},\"image\":{\"@id\":\"https:\\\/\\\/dorogimedence.hu\\\/index.php\\\/2020\\\/05\\\/29\\\/csokoladet-kaptak-a-mogyorosbanyai-gyermekek\\\/#primaryimage\"},\"thumbnailUrl\":\"https:\\\/\\\/dorogimedence.hu\\\/wp-content\\\/uploads\\\/2020\\\/05\\\/csoki-01.jpg\",\"keywords\":[\"csokol\u00e1d\u00e9\",\"gyermeknap\",\"Mogyor\u00f3sb\u00e1nya\"],\"articleSection\":[\"H\u00edrek\"],\"inLanguage\":\"hu\"},{\"@type\":\"WebPage\",\"@id\":\"https:\\\/\\\/dorogimedence.hu\\\/index.php\\\/2020\\\/05\\\/29\\\/csokoladet-kaptak-a-mogyorosbanyai-gyermekek\\\/\",\"url\":\"https:\\\/\\\/dorogimedence.hu\\\/index.php\\\/2020\\\/05\\\/29\\\/csokoladet-kaptak-a-mogyorosbanyai-gyermekek\\\/\",\"name\":\"Csokol\u00e1d\u00e9t kaptak a mogyor\u00f3sb\u00e1nyai gyermekek\",\"isPartOf\":{\"@id\":\"https:\\\/\\\/dorogimedence.hu\\\/#website\"},\"primaryImageOfPage\":{\"@id\":\"https:\\\/\\\/dorogimedence.hu\\\/index.php\\\/2020\\\/05\\\/29\\\/csokoladet-kaptak-a-mogyorosbanyai-gyermekek\\\/#primaryimage\"},\"image\":{\"@id\":\"https:\\\/\\\/dorogimedence.hu\\\/index.php\\\/2020\\\/05\\\/29\\\/csokoladet-kaptak-a-mogyorosbanyai-gyermekek\\\/#primaryimage\"},\"thumbnailUrl\":\"https:\\\/\\\/dorogimedence.hu\\\/wp-content\\\/uploads\\\/2020\\\/05\\\/csoki-01.jpg\",\"datePublished\":\"2020-05-29T08:21:16+00:00\",\"dateModified\":\"2020-05-29T08:21:30+00:00\",\"breadcrumb\":{\"@id\":\"https:\\\/\\\/dorogimedence.hu\\\/index.php\\\/2020\\\/05\\\/29\\\/csokoladet-kaptak-a-mogyorosbanyai-gyermekek\\\/#breadcrumb\"},\"inLanguage\":\"hu\",\"potentialAction\":[{\"@type\":\"ReadAction\",\"target\":[\"https:\\\/\\\/dorogimedence.hu\\\/index.php\\\/2020\\\/05\\\/29\\\/csokoladet-kaptak-a-mogyorosbanyai-gyermekek\\\/\"]}]},{\"@type\":\"ImageObject\",\"inLanguage\":\"hu\",\"@id\":\"https:\\\/\\\/dorogimedence.hu\\\/index.php\\\/2020\\\/05\\\/29\\\/csokoladet-kaptak-a-mogyorosbanyai-gyermekek\\\/#primaryimage\",\"url\":\"https:\\\/\\\/dorogimedence.hu\\\/wp-content\\\/uploads\\\/2020\\\/05\\\/csoki-01.jpg\",\"contentUrl\":\"https:\\\/\\\/dorogimedence.hu\\\/wp-content\\\/uploads\\\/2020\\\/05\\\/csoki-01.jpg\",\"width\":670,\"height\":365},{\"@type\":\"BreadcrumbList\",\"@id\":\"https:\\\/\\\/dorogimedence.hu\\\/index.php\\\/2020\\\/05\\\/29\\\/csokoladet-kaptak-a-mogyorosbanyai-gyermekek\\\/#breadcrumb\",\"itemListElement\":[{\"@type\":\"ListItem\",\"position\":1,\"name\":\"Kezd\u0151lap\",\"item\":\"https:\\\/\\\/dorogimedence.hu\\\/\"},{\"@type\":\"ListItem\",\"position\":2,\"name\":\"Csokol\u00e1d\u00e9t kaptak a mogyor\u00f3sb\u00e1nyai gyermekek\"}]},{\"@type\":\"WebSite\",\"@id\":\"https:\\\/\\\/dorogimedence.hu\\\/#website\",\"url\":\"https:\\\/\\\/dorogimedence.hu\\\/\",\"name\":\"Dorogi-medence Region\u00e1lis H\u00edrport\u00e1l\",\"description\":\"Dorog, Keszt\u00f6lc, Le\u00e1nyv\u00e1r, Piliscs\u00e9v, Tokod, Tokodalt\u00e1r\u00f3, Csolnok, Esztergom-kertv\u00e1ros: h\u00edrek, programok\",\"publisher\":{\"@id\":\"https:\\\/\\\/dorogimedence.hu\\\/#organization\"},\"potentialAction\":[{\"@type\":\"SearchAction\",\"target\":{\"@type\":\"EntryPoint\",\"urlTemplate\":\"https:\\\/\\\/dorogimedence.hu\\\/?s={search_term_string}\"},\"query-input\":{\"@type\":\"PropertyValueSpecification\",\"valueRequired\":true,\"valueName\":\"search_term_string\"}}],\"inLanguage\":\"hu\"},{\"@type\":\"Organization\",\"@id\":\"https:\\\/\\\/dorogimedence.hu\\\/#organization\",\"name\":\"Dorogi-medence Region\u00e1lis H\u00edrport\u00e1l\",\"url\":\"https:\\\/\\\/dorogimedence.hu\\\/\",\"logo\":{\"@type\":\"ImageObject\",\"inLanguage\":\"hu\",\"@id\":\"https:\\\/\\\/dorogimedence.hu\\\/#\\\/schema\\\/logo\\\/image\\\/\",\"url\":\"https:\\\/\\\/dorogimedence.hu\\\/wp-content\\\/uploads\\\/2021\\\/04\\\/logo-feher-600.png\",\"contentUrl\":\"https:\\\/\\\/dorogimedence.hu\\\/wp-content\\\/uploads\\\/2021\\\/04\\\/logo-feher-600.png\",\"width\":600,\"height\":100,\"caption\":\"Dorogi-medence Region\u00e1lis H\u00edrport\u00e1l\"},\"image\":{\"@id\":\"https:\\\/\\\/dorogimedence.hu\\\/#\\\/schema\\\/logo\\\/image\\\/\"},\"sameAs\":[\"https:\\\/\\\/www.facebook.com\\\/dorogimedence\\\/\"]},{\"@type\":\"Person\",\"@id\":\"https:\\\/\\\/dorogimedence.hu\\\/#\\\/schema\\\/person\\\/ce6091eeb7e95ecdc87890d6aa8e0fd4\",\"name\":\"dorogimedence.hu\",\"image\":{\"@type\":\"ImageObject\",\"inLanguage\":\"hu\",\"@id\":\"\\\/\\\/www.gravatar.com\\\/avatar\\\/d8d45f8901aadff40a4af72c0b826f1d?s=96&#038;r=g&#038;d=mm\",\"url\":\"\\\/\\\/www.gravatar.com\\\/avatar\\\/d8d45f8901aadff40a4af72c0b826f1d?s=96&#038;r=g&#038;d=mm\",\"contentUrl\":\"\\\/\\\/www.gravatar.com\\\/avatar\\\/d8d45f8901aadff40a4af72c0b826f1d?s=96&#038;r=g&#038;d=mm\",\"caption\":\"dorogimedence.hu\"}}]}<\/script>\n<!-- \/ Yoast SEO plugin. -->","yoast_head_json":{"title":"Csokol\u00e1d\u00e9t kaptak a mogyor\u00f3sb\u00e1nyai gyermekek","robots":{"index":"index","follow":"follow","max-snippet":"max-snippet:-1","max-image-preview":"max-image-preview:large","max-video-preview":"max-video-preview:-1"},"canonical":"https:\/\/dorogimedence.hu\/index.php\/2020\/05\/29\/csokoladet-kaptak-a-mogyorosbanyai-gyermekek\/","og_locale":"hu_HU","og_type":"article","og_title":"Csokol\u00e1d\u00e9t kaptak a mogyor\u00f3sb\u00e1nyai gyermekek","og_description":"Mogyor\u00f3sb\u00e1nya K\u00f6zs\u00e9g \u00d6nkorm\u00e1nyzata m\u00e1jus 29-\u00e9n, gyermeknap alkalm\u00e1b\u00f3l minden 18 \u00e9v alatti mogyor\u00f3sb\u00e1nyai fiatalnak jelk\u00e9pes aj\u00e1nd\u00e9kk\u00e9nt egy t\u00e1bla csokol\u00e1d\u00e9val kedveskedett. Az elm\u00falt h\u00f3napokban a koronav\u00edrus-j\u00e1rv\u00e1ny miatt a gyermekek nem j\u00e1rtak k\u00f6z\u00f6ss\u00e9gbe, \u00f3vod\u00e1ba \u00e9s iskol\u00e1ba, nem tudtak tal\u00e1lkozni egym\u00e1ssal, nem vehettek r\u00e9szt programokon, sajnos ez\u00e1ltal sz\u00e1mtalan \u00e9lm\u00e9nyt\u0151l estek el. T\u00f6bbek k\u00f6z\u00f6tt az \u00e9vek \u00f3ta nagy n\u00e9pszer\u0171s\u00e9gnek \u00f6rvend\u0151","og_url":"https:\/\/dorogimedence.hu\/index.php\/2020\/05\/29\/csokoladet-kaptak-a-mogyorosbanyai-gyermekek\/","og_site_name":"Dorogi-medence Region\u00e1lis H\u00edrport\u00e1l","article_publisher":"https:\/\/www.facebook.com\/dorogimedence\/","article_published_time":"2020-05-29T08:21:16+00:00","article_modified_time":"2020-05-29T08:21:30+00:00","og_image":[{"width":670,"height":365,"url":"https:\/\/i0.wp.com\/dorogimedence.hu\/wp-content\/uploads\/2020\/05\/csoki-01.jpg?fit=670%2C365&ssl=1","type":"image\/jpeg"}],"author":"dorogimedence.hu","twitter_card":"summary_large_image","twitter_misc":{"Szerz\u0151:":"dorogimedence.hu","Becs\u00fclt olvas\u00e1si id\u0151":"1 perc"},"schema":{"@context":"https:\/\/schema.org","@graph":[{"@type":"Article","@id":"https:\/\/dorogimedence.hu\/index.php\/2020\/05\/29\/csokoladet-kaptak-a-mogyorosbanyai-gyermekek\/#article","isPartOf":{"@id":"https:\/\/dorogimedence.hu\/index.php\/2020\/05\/29\/csokoladet-kaptak-a-mogyorosbanyai-gyermekek\/"},"author":{"name":"dorogimedence.hu","@id":"https:\/\/dorogimedence.hu\/#\/schema\/person\/ce6091eeb7e95ecdc87890d6aa8e0fd4"},"headline":"Csokol\u00e1d\u00e9t kaptak a mogyor\u00f3sb\u00e1nyai gyermekek","datePublished":"2020-05-29T08:21:16+00:00","dateModified":"2020-05-29T08:21:30+00:00","mainEntityOfPage":{"@id":"https:\/\/dorogimedence.hu\/index.php\/2020\/05\/29\/csokoladet-kaptak-a-mogyorosbanyai-gyermekek\/"},"wordCount":282,"publisher":{"@id":"https:\/\/dorogimedence.hu\/#organization"},"image":{"@id":"https:\/\/dorogimedence.hu\/index.php\/2020\/05\/29\/csokoladet-kaptak-a-mogyorosbanyai-gyermekek\/#primaryimage"},"thumbnailUrl":"https:\/\/dorogimedence.hu\/wp-content\/uploads\/2020\/05\/csoki-01.jpg","keywords":["csokol\u00e1d\u00e9","gyermeknap","Mogyor\u00f3sb\u00e1nya"],"articleSection":["H\u00edrek"],"inLanguage":"hu"},{"@type":"WebPage","@id":"https:\/\/dorogimedence.hu\/index.php\/2020\/05\/29\/csokoladet-kaptak-a-mogyorosbanyai-gyermekek\/","url":"https:\/\/dorogimedence.hu\/index.php\/2020\/05\/29\/csokoladet-kaptak-a-mogyorosbanyai-gyermekek\/","name":"Csokol\u00e1d\u00e9t kaptak a mogyor\u00f3sb\u00e1nyai gyermekek","isPartOf":{"@id":"https:\/\/dorogimedence.hu\/#website"},"primaryImageOfPage":{"@id":"https:\/\/dorogimedence.hu\/index.php\/2020\/05\/29\/csokoladet-kaptak-a-mogyorosbanyai-gyermekek\/#primaryimage"},"image":{"@id":"https:\/\/dorogimedence.hu\/index.php\/2020\/05\/29\/csokoladet-kaptak-a-mogyorosbanyai-gyermekek\/#primaryimage"},"thumbnailUrl":"https:\/\/dorogimedence.hu\/wp-content\/uploads\/2020\/05\/csoki-01.jpg","datePublished":"2020-05-29T08:21:16+00:00","dateModified":"2020-05-29T08:21:30+00:00","breadcrumb":{"@id":"https:\/\/dorogimedence.hu\/index.php\/2020\/05\/29\/csokoladet-kaptak-a-mogyorosbanyai-gyermekek\/#breadcrumb"},"inLanguage":"hu","potentialAction":[{"@type":"ReadAction","target":["https:\/\/dorogimedence.hu\/index.php\/2020\/05\/29\/csokoladet-kaptak-a-mogyorosbanyai-gyermekek\/"]}]},{"@type":"ImageObject","inLanguage":"hu","@id":"https:\/\/dorogimedence.hu\/index.php\/2020\/05\/29\/csokoladet-kaptak-a-mogyorosbanyai-gyermekek\/#primaryimage","url":"https:\/\/dorogimedence.hu\/wp-content\/uploads\/2020\/05\/csoki-01.jpg","contentUrl":"https:\/\/dorogimedence.hu\/wp-content\/uploads\/2020\/05\/csoki-01.jpg","width":670,"height":365},{"@type":"BreadcrumbList","@id":"https:\/\/dorogimedence.hu\/index.php\/2020\/05\/29\/csokoladet-kaptak-a-mogyorosbanyai-gyermekek\/#breadcrumb","itemListElement":[{"@type":"ListItem","position":1,"name":"Kezd\u0151lap","item":"https:\/\/dorogimedence.hu\/"},{"@type":"ListItem","position":2,"name":"Csokol\u00e1d\u00e9t kaptak a mogyor\u00f3sb\u00e1nyai gyermekek"}]},{"@type":"WebSite","@id":"https:\/\/dorogimedence.hu\/#website","url":"https:\/\/dorogimedence.hu\/","name":"Dorogi-medence Region\u00e1lis H\u00edrport\u00e1l","description":"Dorog, Keszt\u00f6lc, Le\u00e1nyv\u00e1r, Piliscs\u00e9v, Tokod, Tokodalt\u00e1r\u00f3, Csolnok, Esztergom-kertv\u00e1ros: h\u00edrek, programok","publisher":{"@id":"https:\/\/dorogimedence.hu\/#organization"},"potentialAction":[{"@type":"SearchAction","target":{"@type":"EntryPoint","urlTemplate":"https:\/\/dorogimedence.hu\/?s={search_term_string}"},"query-input":{"@type":"PropertyValueSpecification","valueRequired":true,"valueName":"search_term_string"}}],"inLanguage":"hu"},{"@type":"Organization","@id":"https:\/\/dorogimedence.hu\/#organization","name":"Dorogi-medence Region\u00e1lis H\u00edrport\u00e1l","url":"https:\/\/dorogimedence.hu\/","logo":{"@type":"ImageObject","inLanguage":"hu","@id":"https:\/\/dorogimedence.hu\/#\/schema\/logo\/image\/","url":"https:\/\/dorogimedence.hu\/wp-content\/uploads\/2021\/04\/logo-feher-600.png","contentUrl":"https:\/\/dorogimedence.hu\/wp-content\/uploads\/2021\/04\/logo-feher-600.png","width":600,"height":100,"caption":"Dorogi-medence Region\u00e1lis H\u00edrport\u00e1l"},"image":{"@id":"https:\/\/dorogimedence.hu\/#\/schema\/logo\/image\/"},"sameAs":["https:\/\/www.facebook.com\/dorogimedence\/"]},{"@type":"Person","@id":"https:\/\/dorogimedence.hu\/#\/schema\/person\/ce6091eeb7e95ecdc87890d6aa8e0fd4","name":"dorogimedence.hu","image":{"@type":"ImageObject","inLanguage":"hu","@id":"\/\/www.gravatar.com\/avatar\/d8d45f8901aadff40a4af72c0b826f1d?s=96&#038;r=g&#038;d=mm","url":"\/\/www.gravatar.com\/avatar\/d8d45f8901aadff40a4af72c0b826f1d?s=96&#038;r=g&#038;d=mm","contentUrl":"\/\/www.gravatar.com\/avatar\/d8d45f8901aadff40a4af72c0b826f1d?s=96&#038;r=g&#038;d=mm","caption":"dorogimedence.hu"}}]}},"_links":{"self":[{"href":"https:\/\/dorogimedence.hu\/index.php\/wp-json\/wp\/v2\/posts\/25253","targetHints":{"allow":["GET"]}}],"collection":[{"href":"https:\/\/dorogimedence.hu\/index.php\/wp-json\/wp\/v2\/posts"}],"about":[{"href":"https:\/\/dorogimedence.hu\/index.php\/wp-json\/wp\/v2\/types\/post"}],"author":[{"embeddable":true,"href":"https:\/\/dorogimedence.hu\/index.php\/wp-json\/wp\/v2\/users\/1"}],"replies":[{"embeddable":true,"href":"https:\/\/dorogimedence.hu\/index.php\/wp-json\/wp\/v2\/comments?post=25253"}],"version-history":[{"count":0,"href":"https:\/\/dorogimedence.hu\/index.php\/wp-json\/wp\/v2\/posts\/25253\/revisions"}],"wp:featuredmedia":[{"embeddable":true,"href":"https:\/\/dorogimedence.hu\/index.php\/wp-json\/wp\/v2\/media\/25255"}],"wp:attachment":[{"href":"https:\/\/dorogimedence.hu\/index.php\/wp-json\/wp\/v2\/media?parent=25253"}],"wp:term":[{"taxonomy":"category","embeddable":true,"href":"https:\/\/dorogimedence.hu\/index.php\/wp-json\/wp\/v2\/categories?post=25253"},{"taxonomy":"post_tag","embeddable":true,"href":"https:\/\/dorogimedence.hu\/index.php\/wp-json\/wp\/v2\/tags?post=25253"}],"curies":[{"name":"wp","href":"https:\/\/api.w.org\/{rel}","templated":true}]}}