{"id":2524,"date":"2017-04-22T10:13:24","date_gmt":"2017-04-22T08:13:24","guid":{"rendered":"http:\/\/dorogimedence.hu\/?p=2524"},"modified":"2017-04-22T10:13:24","modified_gmt":"2017-04-22T08:13:24","slug":"ne-induljon-turazni-a-legtobb-turistautvonalat-lezartak","status":"publish","type":"post","link":"https:\/\/dorogimedence.hu\/index.php\/2017\/04\/22\/ne-induljon-turazni-a-legtobb-turistautvonalat-lezartak\/","title":{"rendered":"Ne induljon t\u00far\u00e1zni, a legt\u00f6bb turista\u00fatvonalat lez\u00e1rt\u00e1k"},"content":{"rendered":"<p><strong>A Pilisi Parkerd\u0151 Zrt. az elm\u00falt id\u0151szak id\u0151j\u00e1r\u00e1sa miatt turista\u00fatvonalakat, valamint turistahelyeket z\u00e1rt le a Pilisben, k\u00f6zt\u00fck a dorogi igazgat\u00f3s\u00fa Fekete-hegyi Turistah\u00e1zat is.<\/strong><\/p>\n<p>Az elm\u00falt napokban nagy mennyis\u00e9g\u0171 csapad\u00e9k, a magasabban fekv\u0151 r\u00e9gi\u00f3kban h\u00f3 \u00e9s j\u00e9gdara z\u00fadult az orsz\u00e1gra. A hegyvid\u00e9ki ter\u00fcleteken a h\u00f3r\u00e9teg m\u00e9g nem olvadt el, ez\u00e9rt sz\u00e1mos turista\u00fat jelenleg is cs\u00fasz\u00f3s, nehezen vagy egy\u00e1ltal\u00e1n nem j\u00e1rhat\u00f3. S\u00falyosb\u00edtotta a helyzetet a rendk\u00edv\u00fcl er\u0151s sz\u00e9l is, \u00edgy a nedves h\u00f3 s\u00falya alatt a frissen kilombosodott f\u00e1k koron\u00e1i meghajlottak, sok helyen kid\u0151ltek, elt\u00f6rtek a f\u00e1k.<\/p>\n<p>Ez\u00e9rt tov\u00e1bbi t\u00e1j\u00e9koztat\u00e1sig, a Pilisi Parkerd\u0151 Zrt. a kir\u00e1ndul\u00f3k testi \u00e9ps\u00e9g\u00e9t szem el\u0151tt tartva lez\u00e1rja az al\u00e1bbi, erd\u00e9szetenk\u00e9nt felsorolt \u00fatvonalakat.<\/p>\n<p><strong>Pilismar\u00f3ti Erd\u00e9szet ter\u00fclet\u00e9n:<\/strong><br \/>\n\u2022 A R\u00e1m-szakad\u00e9kot \u00e9s Luk\u00e1cs-\u00e1rkot. A havaz\u00e1s sor\u00e1n mindk\u00e9t helyen sz\u00e1mos fa kid\u0151lt, amelynek k\u00f6vetkezt\u00e9ben a z\u00f6ld s\u00e1v \u00e9s a s\u00e1rga s\u00e1v jelz\u00e9s\u0171 turistautak j\u00e1rhatatlann\u00e1 v\u00e1ltak. A k\u00e1relh\u00e1r\u00edt\u00e1si munk\u00e1latok a j\u00f6v\u0151 h\u00e9t elej\u00e9n kezd\u0151dnek. Az \u00e1llapotok felsz\u00e1mol\u00e1sa \u2013 k\u00fcl\u00f6n\u00f6s tekintettel a k\u00fcl\u00f6n\u00f6sen neh\u00e9z terepi k\u00f6r\u00fclm\u00e9nyekre \u2013hosszabb id\u0151t, ak\u00e1r 2 hetet is ig\u00e9nybe vehet.<br \/>\n\u2022 A Vad\u00e1ll\u00f3-k\u00f6vek \u2013 Pr\u00e9dik\u00e1l\u00f3sz\u00e9k t\u00e9rs\u00e9g\u00e9t, amely balesetvesz\u00e9lyes, nem l\u00e1togathat\u00f3.<\/p>\n<p><strong>Szentendrei Erd\u00e9szet ter\u00fclet\u00e9n:<\/strong><br \/>\n\u2022 Isp\u00e1n-r\u00e9tet \u00e9s k\u00f6rny\u00e9k\u00e9t, ami az arrafel\u00e9 kanyarg\u00f3 Orsz\u00e1gos K\u00e9kt\u00fara szakasz\u00e1t is \u00e9rinti.<br \/>\n\u2022 Szentendre \u00e9s Pap-r\u00e9t k\u00f6z\u00f6tti erd\u00e9szeti \u00fczemi utat, amely a Pilis Bike erdei ker\u00e9kp\u00e1ros \u00fath\u00e1l\u00f3zat ker\u00e9kp\u00e1r\u00fatja is egyben.<br \/>\n\u2022 Holdvil\u00e1g-\u00e1rkot<\/p>\n<p><strong>Pilisszentkereszti Erd\u00e9szet ter\u00fclet\u00e9n:<\/strong><br \/>\n\u2022 Pilis-hegyet (Boldog-\u00d6zs\u00e9b kil\u00e1t\u00f3 jelenleg nem k\u00f6zel\u00edthet\u0151 meg turista\u00fatvonalon)<br \/>\n\u2022 Fekete-hegyet (Fekete-hegyi Turistah\u00e1z sem k\u00f6zel\u00edthet\u0151 meg turista\u00fatvonalon)<br \/>\n\u2022 Dera-szurdokot<\/p>\n<p><strong>Visegr\u00e1di Erd\u00e9szet ter\u00fclet\u00e9n:<\/strong><br \/>\n\u2022 Spartacus-\u00f6sv\u00e9nyt<br \/>\n\u2022 Pap-r\u00e9tet (Orsz\u00e1gos K\u00e9kt\u00fara szakasza)<br \/>\n\u2022 A piros s\u00e1v jelz\u00e9st Pilisszentl\u00e1szl\u00f3 \u00e9s Visegr\u00e1d k\u00f6z\u00f6tt<\/p>\n<p>A Pilisi Parkerd\u0151 Zrt. egy\u00fattal tov\u00e1bbra is arra k\u00e9ri a t\u00far\u00e1z\u00f3kat \u00e9s term\u00e9szetj\u00e1r\u00f3kat, hogy a 300-400 m\u00e9ter f\u00f6l\u00f6tti erd\u0151ter\u00fcleteket \u2013 k\u00fcl\u00f6n\u00f6sen Dobog\u00f3k\u0151 k\u00f6rny\u00e9k\u00e9t \u2013 balesetvesz\u00e9ly miatt a napokban m\u00e9g ker\u00fclj\u00e9k el! Minden t\u00fara eset\u00e9n tarts\u00e1k szem el\u0151tt, hogy a hegyekben t\u00e9li viszonyok uralkodnak, vagyis senki se feledkezzen meg a megfelel\u0151, v\u00edz\u00e1ll\u00f3 felszerel\u00e9sr\u0151l, pap\u00edralap\u00fa t\u00e9rk\u00e9pr\u0151l, meleg italr\u00f3l, felt\u00f6lt\u00f6tt mobiltelefonr\u00f3l, esetleg fej- vagy zsebl\u00e1mp\u00e1r\u00f3l. (B\u0151vebben a Pilisi Parkerd\u0151 honlapj\u00e1n.)<\/p>\n<p>A figyelmeztet\u00e9s egyar\u00e1nt \u00e9rv\u00e9nyes a Pilis, a Visegr\u00e1di-hegys\u00e9g, a Budai-hegys\u00e9g, a Gerecse \u00e9s a G\u00f6d\u00f6ll\u0151i-dombs\u00e1g turista- \u00e9s erdei ker\u00e9kp\u00e1ros \u00fatjaira.<\/p>\n<p>Az al\u00e1bbi webkamer\u00e1k felv\u00e9teleit megtekintve mindenki leellen\u0151rizheti, hogy sok sz\u00e1z m\u00e9ter magasan \u00e9ppen milyen id\u0151j\u00e1r\u00e1sra lehet sz\u00e1m\u00edtani, \u00edgy a kir\u00e1ndul\u00f3k megalapozottabb, k\u00f6r\u00fcltekint\u0151bb d\u00f6nt\u00e9st hozhatnak a kir\u00e1ndul\u00e1st, erd\u0151j\u00e1r\u00e1st illet\u0151en.<\/p>\n<p><a href=\"https:\/\/www.idokep.hu\/webkamera\/nagyatilla84\" target=\"_blank\" rel=\"noopener noreferrer\"><span style=\"text-decoration: underline; color: #0000ff;\">H\u00e1rmashat\u00e1r-hegy (495 m)&gt;&gt;<\/span><\/a><br \/>\n<a href=\"https:\/\/www.idokep.hu\/webkamera\/predikaloszek\" target=\"_blank\" rel=\"noopener noreferrer\"><span style=\"text-decoration: underline; color: #0000ff;\">Pr\u00e9dik\u00e1l\u00f3sz\u00e9k (639 m)&gt;&gt;<\/span><\/a><br \/>\n<a href=\"https:\/\/www.idokep.hu\/webkamera\/pilismeteor1\" target=\"_blank\" rel=\"noopener noreferrer\"><span style=\"text-decoration: underline; color: #0000ff;\">Pilis-tet\u0151 (756 m)&gt;&gt;<\/span><\/a><\/p>\n<p><em>Fot\u00f3, forr\u00e1s: Pilisi Parkerd\u0151 Zrt.<\/em><\/p>\n","protected":false},"excerpt":{"rendered":"<p>A Pilisi Parkerd\u0151 Zrt. az elm\u00falt id\u0151szak id\u0151j\u00e1r\u00e1sa miatt turista\u00fatvonalakat, valamint turistahelyeket z\u00e1rt le a Pilisben, k\u00f6zt\u00fck a dorogi igazgat\u00f3s\u00fa Fekete-hegyi Turistah\u00e1zat is. Az elm\u00falt napokban nagy mennyis\u00e9g\u0171 csapad\u00e9k, a magasabban fekv\u0151 r\u00e9gi\u00f3kban h\u00f3 \u00e9s j\u00e9gdara z\u00fadult az orsz\u00e1gra. A hegyvid\u00e9ki ter\u00fcleteken a h\u00f3r\u00e9teg m\u00e9g nem olvadt el, ez\u00e9rt sz\u00e1mos turista\u00fat jelenleg is cs\u00fasz\u00f3s, nehezen<\/p>\n","protected":false},"author":1,"featured_media":2527,"comment_status":"closed","ping_status":"closed","sticky":false,"template":"","format":"standard","meta":{"ngg_post_thumbnail":0,"footnotes":""},"categories":[3],"tags":[121,843,151,842,841],"class_list":{"0":"post-2524","1":"post","2":"type-post","3":"status-publish","4":"format-standard","5":"has-post-thumbnail","7":"category-hirek","8":"tag-kirandulas","9":"tag-lezaras","10":"tag-pilis","11":"tag-turistautvonal","12":"tag-turizumus"},"yoast_head":"<!-- This site is optimized with the Yoast SEO plugin v27.4 - https:\/\/yoast.com\/product\/yoast-seo-wordpress\/ -->\n<title>Ne induljon t\u00far\u00e1zni, a legt\u00f6bb turista\u00fatvonalat lez\u00e1rt\u00e1k<\/title>\n<meta name=\"robots\" content=\"index, follow, max-snippet:-1, max-image-preview:large, max-video-preview:-1\" \/>\n<link rel=\"canonical\" href=\"https:\/\/dorogimedence.hu\/index.php\/2017\/04\/22\/ne-induljon-turazni-a-legtobb-turistautvonalat-lezartak\/\" class=\"yoast-seo-meta-tag\" \/>\n<meta property=\"og:locale\" content=\"hu_HU\" class=\"yoast-seo-meta-tag\" \/>\n<meta property=\"og:type\" content=\"article\" class=\"yoast-seo-meta-tag\" \/>\n<meta property=\"og:title\" content=\"Ne induljon t\u00far\u00e1zni, a legt\u00f6bb turista\u00fatvonalat lez\u00e1rt\u00e1k\" class=\"yoast-seo-meta-tag\" \/>\n<meta property=\"og:description\" content=\"A Pilisi Parkerd\u0151 Zrt. az elm\u00falt id\u0151szak id\u0151j\u00e1r\u00e1sa miatt turista\u00fatvonalakat, valamint turistahelyeket z\u00e1rt le a Pilisben, k\u00f6zt\u00fck a dorogi igazgat\u00f3s\u00fa Fekete-hegyi Turistah\u00e1zat is. Az elm\u00falt napokban nagy mennyis\u00e9g\u0171 csapad\u00e9k, a magasabban fekv\u0151 r\u00e9gi\u00f3kban h\u00f3 \u00e9s j\u00e9gdara z\u00fadult az orsz\u00e1gra. A hegyvid\u00e9ki ter\u00fcleteken a h\u00f3r\u00e9teg m\u00e9g nem olvadt el, ez\u00e9rt sz\u00e1mos turista\u00fat jelenleg is cs\u00fasz\u00f3s, nehezen\" class=\"yoast-seo-meta-tag\" \/>\n<meta property=\"og:url\" content=\"https:\/\/dorogimedence.hu\/index.php\/2017\/04\/22\/ne-induljon-turazni-a-legtobb-turistautvonalat-lezartak\/\" class=\"yoast-seo-meta-tag\" \/>\n<meta property=\"og:site_name\" content=\"Dorogi-medence Region\u00e1lis H\u00edrport\u00e1l\" class=\"yoast-seo-meta-tag\" \/>\n<meta property=\"article:publisher\" content=\"https:\/\/www.facebook.com\/dorogimedence\/\" class=\"yoast-seo-meta-tag\" \/>\n<meta property=\"article:published_time\" content=\"2017-04-22T08:13:24+00:00\" class=\"yoast-seo-meta-tag\" \/>\n<meta property=\"og:image\" content=\"https:\/\/i0.wp.com\/dorogimedence.hu\/wp-content\/uploads\/2017\/04\/turistahaz.jpg?fit=670%2C365&ssl=1\" class=\"yoast-seo-meta-tag\" \/>\n\t<meta property=\"og:image:width\" content=\"670\" class=\"yoast-seo-meta-tag\" \/>\n\t<meta property=\"og:image:height\" content=\"365\" class=\"yoast-seo-meta-tag\" \/>\n\t<meta property=\"og:image:type\" content=\"image\/jpeg\" class=\"yoast-seo-meta-tag\" \/>\n<meta name=\"author\" content=\"dorogimedence.hu\" class=\"yoast-seo-meta-tag\" \/>\n<meta name=\"twitter:card\" content=\"summary_large_image\" class=\"yoast-seo-meta-tag\" \/>\n<meta name=\"twitter:label1\" content=\"Szerz\u0151:\" class=\"yoast-seo-meta-tag\" \/>\n\t<meta name=\"twitter:data1\" content=\"dorogimedence.hu\" class=\"yoast-seo-meta-tag\" \/>\n\t<meta name=\"twitter:label2\" content=\"Becs\u00fclt olvas\u00e1si id\u0151\" class=\"yoast-seo-meta-tag\" \/>\n\t<meta name=\"twitter:data2\" content=\"3 perc\" class=\"yoast-seo-meta-tag\" \/>\n<script type=\"application\/ld+json\" class=\"yoast-schema-graph\">{\"@context\":\"https:\\\/\\\/schema.org\",\"@graph\":[{\"@type\":\"Article\",\"@id\":\"https:\\\/\\\/dorogimedence.hu\\\/index.php\\\/2017\\\/04\\\/22\\\/ne-induljon-turazni-a-legtobb-turistautvonalat-lezartak\\\/#article\",\"isPartOf\":{\"@id\":\"https:\\\/\\\/dorogimedence.hu\\\/index.php\\\/2017\\\/04\\\/22\\\/ne-induljon-turazni-a-legtobb-turistautvonalat-lezartak\\\/\"},\"author\":{\"name\":\"dorogimedence.hu\",\"@id\":\"https:\\\/\\\/dorogimedence.hu\\\/#\\\/schema\\\/person\\\/ce6091eeb7e95ecdc87890d6aa8e0fd4\"},\"headline\":\"Ne induljon t\u00far\u00e1zni, a legt\u00f6bb turista\u00fatvonalat lez\u00e1rt\u00e1k\",\"datePublished\":\"2017-04-22T08:13:24+00:00\",\"mainEntityOfPage\":{\"@id\":\"https:\\\/\\\/dorogimedence.hu\\\/index.php\\\/2017\\\/04\\\/22\\\/ne-induljon-turazni-a-legtobb-turistautvonalat-lezartak\\\/\"},\"wordCount\":637,\"publisher\":{\"@id\":\"https:\\\/\\\/dorogimedence.hu\\\/#organization\"},\"image\":{\"@id\":\"https:\\\/\\\/dorogimedence.hu\\\/index.php\\\/2017\\\/04\\\/22\\\/ne-induljon-turazni-a-legtobb-turistautvonalat-lezartak\\\/#primaryimage\"},\"thumbnailUrl\":\"https:\\\/\\\/dorogimedence.hu\\\/wp-content\\\/uploads\\\/2017\\\/04\\\/turistahaz.jpg\",\"keywords\":[\"kir\u00e1ndul\u00e1s\",\"lez\u00e1r\u00e1s\",\"Pilis\",\"turistautvonal\",\"turizumus\"],\"articleSection\":[\"H\u00edrek\"],\"inLanguage\":\"hu\"},{\"@type\":\"WebPage\",\"@id\":\"https:\\\/\\\/dorogimedence.hu\\\/index.php\\\/2017\\\/04\\\/22\\\/ne-induljon-turazni-a-legtobb-turistautvonalat-lezartak\\\/\",\"url\":\"https:\\\/\\\/dorogimedence.hu\\\/index.php\\\/2017\\\/04\\\/22\\\/ne-induljon-turazni-a-legtobb-turistautvonalat-lezartak\\\/\",\"name\":\"Ne induljon t\u00far\u00e1zni, a legt\u00f6bb turista\u00fatvonalat lez\u00e1rt\u00e1k\",\"isPartOf\":{\"@id\":\"https:\\\/\\\/dorogimedence.hu\\\/#website\"},\"primaryImageOfPage\":{\"@id\":\"https:\\\/\\\/dorogimedence.hu\\\/index.php\\\/2017\\\/04\\\/22\\\/ne-induljon-turazni-a-legtobb-turistautvonalat-lezartak\\\/#primaryimage\"},\"image\":{\"@id\":\"https:\\\/\\\/dorogimedence.hu\\\/index.php\\\/2017\\\/04\\\/22\\\/ne-induljon-turazni-a-legtobb-turistautvonalat-lezartak\\\/#primaryimage\"},\"thumbnailUrl\":\"https:\\\/\\\/dorogimedence.hu\\\/wp-content\\\/uploads\\\/2017\\\/04\\\/turistahaz.jpg\",\"datePublished\":\"2017-04-22T08:13:24+00:00\",\"breadcrumb\":{\"@id\":\"https:\\\/\\\/dorogimedence.hu\\\/index.php\\\/2017\\\/04\\\/22\\\/ne-induljon-turazni-a-legtobb-turistautvonalat-lezartak\\\/#breadcrumb\"},\"inLanguage\":\"hu\",\"potentialAction\":[{\"@type\":\"ReadAction\",\"target\":[\"https:\\\/\\\/dorogimedence.hu\\\/index.php\\\/2017\\\/04\\\/22\\\/ne-induljon-turazni-a-legtobb-turistautvonalat-lezartak\\\/\"]}]},{\"@type\":\"ImageObject\",\"inLanguage\":\"hu\",\"@id\":\"https:\\\/\\\/dorogimedence.hu\\\/index.php\\\/2017\\\/04\\\/22\\\/ne-induljon-turazni-a-legtobb-turistautvonalat-lezartak\\\/#primaryimage\",\"url\":\"https:\\\/\\\/dorogimedence.hu\\\/wp-content\\\/uploads\\\/2017\\\/04\\\/turistahaz.jpg\",\"contentUrl\":\"https:\\\/\\\/dorogimedence.hu\\\/wp-content\\\/uploads\\\/2017\\\/04\\\/turistahaz.jpg\",\"width\":670,\"height\":365},{\"@type\":\"BreadcrumbList\",\"@id\":\"https:\\\/\\\/dorogimedence.hu\\\/index.php\\\/2017\\\/04\\\/22\\\/ne-induljon-turazni-a-legtobb-turistautvonalat-lezartak\\\/#breadcrumb\",\"itemListElement\":[{\"@type\":\"ListItem\",\"position\":1,\"name\":\"Kezd\u0151lap\",\"item\":\"https:\\\/\\\/dorogimedence.hu\\\/\"},{\"@type\":\"ListItem\",\"position\":2,\"name\":\"Ne induljon t\u00far\u00e1zni, a legt\u00f6bb turista\u00fatvonalat lez\u00e1rt\u00e1k\"}]},{\"@type\":\"WebSite\",\"@id\":\"https:\\\/\\\/dorogimedence.hu\\\/#website\",\"url\":\"https:\\\/\\\/dorogimedence.hu\\\/\",\"name\":\"Dorogi-medence Region\u00e1lis H\u00edrport\u00e1l\",\"description\":\"Dorog, Keszt\u00f6lc, Le\u00e1nyv\u00e1r, Piliscs\u00e9v, Tokod, Tokodalt\u00e1r\u00f3, Csolnok, Esztergom-kertv\u00e1ros: h\u00edrek, programok\",\"publisher\":{\"@id\":\"https:\\\/\\\/dorogimedence.hu\\\/#organization\"},\"potentialAction\":[{\"@type\":\"SearchAction\",\"target\":{\"@type\":\"EntryPoint\",\"urlTemplate\":\"https:\\\/\\\/dorogimedence.hu\\\/?s={search_term_string}\"},\"query-input\":{\"@type\":\"PropertyValueSpecification\",\"valueRequired\":true,\"valueName\":\"search_term_string\"}}],\"inLanguage\":\"hu\"},{\"@type\":\"Organization\",\"@id\":\"https:\\\/\\\/dorogimedence.hu\\\/#organization\",\"name\":\"Dorogi-medence Region\u00e1lis H\u00edrport\u00e1l\",\"url\":\"https:\\\/\\\/dorogimedence.hu\\\/\",\"logo\":{\"@type\":\"ImageObject\",\"inLanguage\":\"hu\",\"@id\":\"https:\\\/\\\/dorogimedence.hu\\\/#\\\/schema\\\/logo\\\/image\\\/\",\"url\":\"https:\\\/\\\/dorogimedence.hu\\\/wp-content\\\/uploads\\\/2021\\\/04\\\/logo-feher-600.png\",\"contentUrl\":\"https:\\\/\\\/dorogimedence.hu\\\/wp-content\\\/uploads\\\/2021\\\/04\\\/logo-feher-600.png\",\"width\":600,\"height\":100,\"caption\":\"Dorogi-medence Region\u00e1lis H\u00edrport\u00e1l\"},\"image\":{\"@id\":\"https:\\\/\\\/dorogimedence.hu\\\/#\\\/schema\\\/logo\\\/image\\\/\"},\"sameAs\":[\"https:\\\/\\\/www.facebook.com\\\/dorogimedence\\\/\"]},{\"@type\":\"Person\",\"@id\":\"https:\\\/\\\/dorogimedence.hu\\\/#\\\/schema\\\/person\\\/ce6091eeb7e95ecdc87890d6aa8e0fd4\",\"name\":\"dorogimedence.hu\",\"image\":{\"@type\":\"ImageObject\",\"inLanguage\":\"hu\",\"@id\":\"\\\/\\\/www.gravatar.com\\\/avatar\\\/d8d45f8901aadff40a4af72c0b826f1d?s=96&#038;r=g&#038;d=mm\",\"url\":\"\\\/\\\/www.gravatar.com\\\/avatar\\\/d8d45f8901aadff40a4af72c0b826f1d?s=96&#038;r=g&#038;d=mm\",\"contentUrl\":\"\\\/\\\/www.gravatar.com\\\/avatar\\\/d8d45f8901aadff40a4af72c0b826f1d?s=96&#038;r=g&#038;d=mm\",\"caption\":\"dorogimedence.hu\"}}]}<\/script>\n<!-- \/ Yoast SEO plugin. -->","yoast_head_json":{"title":"Ne induljon t\u00far\u00e1zni, a legt\u00f6bb turista\u00fatvonalat lez\u00e1rt\u00e1k","robots":{"index":"index","follow":"follow","max-snippet":"max-snippet:-1","max-image-preview":"max-image-preview:large","max-video-preview":"max-video-preview:-1"},"canonical":"https:\/\/dorogimedence.hu\/index.php\/2017\/04\/22\/ne-induljon-turazni-a-legtobb-turistautvonalat-lezartak\/","og_locale":"hu_HU","og_type":"article","og_title":"Ne induljon t\u00far\u00e1zni, a legt\u00f6bb turista\u00fatvonalat lez\u00e1rt\u00e1k","og_description":"A Pilisi Parkerd\u0151 Zrt. az elm\u00falt id\u0151szak id\u0151j\u00e1r\u00e1sa miatt turista\u00fatvonalakat, valamint turistahelyeket z\u00e1rt le a Pilisben, k\u00f6zt\u00fck a dorogi igazgat\u00f3s\u00fa Fekete-hegyi Turistah\u00e1zat is. Az elm\u00falt napokban nagy mennyis\u00e9g\u0171 csapad\u00e9k, a magasabban fekv\u0151 r\u00e9gi\u00f3kban h\u00f3 \u00e9s j\u00e9gdara z\u00fadult az orsz\u00e1gra. A hegyvid\u00e9ki ter\u00fcleteken a h\u00f3r\u00e9teg m\u00e9g nem olvadt el, ez\u00e9rt sz\u00e1mos turista\u00fat jelenleg is cs\u00fasz\u00f3s, nehezen","og_url":"https:\/\/dorogimedence.hu\/index.php\/2017\/04\/22\/ne-induljon-turazni-a-legtobb-turistautvonalat-lezartak\/","og_site_name":"Dorogi-medence Region\u00e1lis H\u00edrport\u00e1l","article_publisher":"https:\/\/www.facebook.com\/dorogimedence\/","article_published_time":"2017-04-22T08:13:24+00:00","og_image":[{"width":670,"height":365,"url":"https:\/\/i0.wp.com\/dorogimedence.hu\/wp-content\/uploads\/2017\/04\/turistahaz.jpg?fit=670%2C365&ssl=1","type":"image\/jpeg"}],"author":"dorogimedence.hu","twitter_card":"summary_large_image","twitter_misc":{"Szerz\u0151:":"dorogimedence.hu","Becs\u00fclt olvas\u00e1si id\u0151":"3 perc"},"schema":{"@context":"https:\/\/schema.org","@graph":[{"@type":"Article","@id":"https:\/\/dorogimedence.hu\/index.php\/2017\/04\/22\/ne-induljon-turazni-a-legtobb-turistautvonalat-lezartak\/#article","isPartOf":{"@id":"https:\/\/dorogimedence.hu\/index.php\/2017\/04\/22\/ne-induljon-turazni-a-legtobb-turistautvonalat-lezartak\/"},"author":{"name":"dorogimedence.hu","@id":"https:\/\/dorogimedence.hu\/#\/schema\/person\/ce6091eeb7e95ecdc87890d6aa8e0fd4"},"headline":"Ne induljon t\u00far\u00e1zni, a legt\u00f6bb turista\u00fatvonalat lez\u00e1rt\u00e1k","datePublished":"2017-04-22T08:13:24+00:00","mainEntityOfPage":{"@id":"https:\/\/dorogimedence.hu\/index.php\/2017\/04\/22\/ne-induljon-turazni-a-legtobb-turistautvonalat-lezartak\/"},"wordCount":637,"publisher":{"@id":"https:\/\/dorogimedence.hu\/#organization"},"image":{"@id":"https:\/\/dorogimedence.hu\/index.php\/2017\/04\/22\/ne-induljon-turazni-a-legtobb-turistautvonalat-lezartak\/#primaryimage"},"thumbnailUrl":"https:\/\/dorogimedence.hu\/wp-content\/uploads\/2017\/04\/turistahaz.jpg","keywords":["kir\u00e1ndul\u00e1s","lez\u00e1r\u00e1s","Pilis","turistautvonal","turizumus"],"articleSection":["H\u00edrek"],"inLanguage":"hu"},{"@type":"WebPage","@id":"https:\/\/dorogimedence.hu\/index.php\/2017\/04\/22\/ne-induljon-turazni-a-legtobb-turistautvonalat-lezartak\/","url":"https:\/\/dorogimedence.hu\/index.php\/2017\/04\/22\/ne-induljon-turazni-a-legtobb-turistautvonalat-lezartak\/","name":"Ne induljon t\u00far\u00e1zni, a legt\u00f6bb turista\u00fatvonalat lez\u00e1rt\u00e1k","isPartOf":{"@id":"https:\/\/dorogimedence.hu\/#website"},"primaryImageOfPage":{"@id":"https:\/\/dorogimedence.hu\/index.php\/2017\/04\/22\/ne-induljon-turazni-a-legtobb-turistautvonalat-lezartak\/#primaryimage"},"image":{"@id":"https:\/\/dorogimedence.hu\/index.php\/2017\/04\/22\/ne-induljon-turazni-a-legtobb-turistautvonalat-lezartak\/#primaryimage"},"thumbnailUrl":"https:\/\/dorogimedence.hu\/wp-content\/uploads\/2017\/04\/turistahaz.jpg","datePublished":"2017-04-22T08:13:24+00:00","breadcrumb":{"@id":"https:\/\/dorogimedence.hu\/index.php\/2017\/04\/22\/ne-induljon-turazni-a-legtobb-turistautvonalat-lezartak\/#breadcrumb"},"inLanguage":"hu","potentialAction":[{"@type":"ReadAction","target":["https:\/\/dorogimedence.hu\/index.php\/2017\/04\/22\/ne-induljon-turazni-a-legtobb-turistautvonalat-lezartak\/"]}]},{"@type":"ImageObject","inLanguage":"hu","@id":"https:\/\/dorogimedence.hu\/index.php\/2017\/04\/22\/ne-induljon-turazni-a-legtobb-turistautvonalat-lezartak\/#primaryimage","url":"https:\/\/dorogimedence.hu\/wp-content\/uploads\/2017\/04\/turistahaz.jpg","contentUrl":"https:\/\/dorogimedence.hu\/wp-content\/uploads\/2017\/04\/turistahaz.jpg","width":670,"height":365},{"@type":"BreadcrumbList","@id":"https:\/\/dorogimedence.hu\/index.php\/2017\/04\/22\/ne-induljon-turazni-a-legtobb-turistautvonalat-lezartak\/#breadcrumb","itemListElement":[{"@type":"ListItem","position":1,"name":"Kezd\u0151lap","item":"https:\/\/dorogimedence.hu\/"},{"@type":"ListItem","position":2,"name":"Ne induljon t\u00far\u00e1zni, a legt\u00f6bb turista\u00fatvonalat lez\u00e1rt\u00e1k"}]},{"@type":"WebSite","@id":"https:\/\/dorogimedence.hu\/#website","url":"https:\/\/dorogimedence.hu\/","name":"Dorogi-medence Region\u00e1lis H\u00edrport\u00e1l","description":"Dorog, Keszt\u00f6lc, Le\u00e1nyv\u00e1r, Piliscs\u00e9v, Tokod, Tokodalt\u00e1r\u00f3, Csolnok, Esztergom-kertv\u00e1ros: h\u00edrek, programok","publisher":{"@id":"https:\/\/dorogimedence.hu\/#organization"},"potentialAction":[{"@type":"SearchAction","target":{"@type":"EntryPoint","urlTemplate":"https:\/\/dorogimedence.hu\/?s={search_term_string}"},"query-input":{"@type":"PropertyValueSpecification","valueRequired":true,"valueName":"search_term_string"}}],"inLanguage":"hu"},{"@type":"Organization","@id":"https:\/\/dorogimedence.hu\/#organization","name":"Dorogi-medence Region\u00e1lis H\u00edrport\u00e1l","url":"https:\/\/dorogimedence.hu\/","logo":{"@type":"ImageObject","inLanguage":"hu","@id":"https:\/\/dorogimedence.hu\/#\/schema\/logo\/image\/","url":"https:\/\/dorogimedence.hu\/wp-content\/uploads\/2021\/04\/logo-feher-600.png","contentUrl":"https:\/\/dorogimedence.hu\/wp-content\/uploads\/2021\/04\/logo-feher-600.png","width":600,"height":100,"caption":"Dorogi-medence Region\u00e1lis H\u00edrport\u00e1l"},"image":{"@id":"https:\/\/dorogimedence.hu\/#\/schema\/logo\/image\/"},"sameAs":["https:\/\/www.facebook.com\/dorogimedence\/"]},{"@type":"Person","@id":"https:\/\/dorogimedence.hu\/#\/schema\/person\/ce6091eeb7e95ecdc87890d6aa8e0fd4","name":"dorogimedence.hu","image":{"@type":"ImageObject","inLanguage":"hu","@id":"\/\/www.gravatar.com\/avatar\/d8d45f8901aadff40a4af72c0b826f1d?s=96&#038;r=g&#038;d=mm","url":"\/\/www.gravatar.com\/avatar\/d8d45f8901aadff40a4af72c0b826f1d?s=96&#038;r=g&#038;d=mm","contentUrl":"\/\/www.gravatar.com\/avatar\/d8d45f8901aadff40a4af72c0b826f1d?s=96&#038;r=g&#038;d=mm","caption":"dorogimedence.hu"}}]}},"_links":{"self":[{"href":"https:\/\/dorogimedence.hu\/index.php\/wp-json\/wp\/v2\/posts\/2524","targetHints":{"allow":["GET"]}}],"collection":[{"href":"https:\/\/dorogimedence.hu\/index.php\/wp-json\/wp\/v2\/posts"}],"about":[{"href":"https:\/\/dorogimedence.hu\/index.php\/wp-json\/wp\/v2\/types\/post"}],"author":[{"embeddable":true,"href":"https:\/\/dorogimedence.hu\/index.php\/wp-json\/wp\/v2\/users\/1"}],"replies":[{"embeddable":true,"href":"https:\/\/dorogimedence.hu\/index.php\/wp-json\/wp\/v2\/comments?post=2524"}],"version-history":[{"count":0,"href":"https:\/\/dorogimedence.hu\/index.php\/wp-json\/wp\/v2\/posts\/2524\/revisions"}],"wp:featuredmedia":[{"embeddable":true,"href":"https:\/\/dorogimedence.hu\/index.php\/wp-json\/wp\/v2\/media\/2527"}],"wp:attachment":[{"href":"https:\/\/dorogimedence.hu\/index.php\/wp-json\/wp\/v2\/media?parent=2524"}],"wp:term":[{"taxonomy":"category","embeddable":true,"href":"https:\/\/dorogimedence.hu\/index.php\/wp-json\/wp\/v2\/categories?post=2524"},{"taxonomy":"post_tag","embeddable":true,"href":"https:\/\/dorogimedence.hu\/index.php\/wp-json\/wp\/v2\/tags?post=2524"}],"curies":[{"name":"wp","href":"https:\/\/api.w.org\/{rel}","templated":true}]}}