{"id":25239,"date":"2020-05-28T11:16:06","date_gmt":"2020-05-28T09:16:06","guid":{"rendered":"http:\/\/dorogimedence.hu\/?p=25239"},"modified":"2020-05-28T11:18:08","modified_gmt":"2020-05-28T09:18:08","slug":"valtozik-a-vasuti-kozlekedesi-rend-a-punkosdi-hosszu-hetvegen","status":"publish","type":"post","link":"https:\/\/dorogimedence.hu\/index.php\/2020\/05\/28\/valtozik-a-vasuti-kozlekedesi-rend-a-punkosdi-hosszu-hetvegen\/","title":{"rendered":"V\u00e1ltozik a vas\u00fati k\u00f6zleked\u00e9si rend a p\u00fcnk\u00f6sdi hossz\u00fa h\u00e9tv\u00e9g\u00e9n"},"content":{"rendered":"<div class=\"item_title\">\n<div class=\"field-lead\">\n<p><strong>Az \u00fcnnep miatt m\u00f3dosul a vas\u00fati k\u00f6zleked\u00e9si rend: m\u00e1jus 31-\u00e9n az \u00fcnnepnapra, j\u00fanius elsej\u00e9n a vas\u00e1rnapra, 2-\u00e1n m\u00e1r a szok\u00e1sos munkanapra \u00e9rv\u00e9nyes menetrend szerint k\u00f6zlekednek a vonatok. Szombatt\u00f3l pedig \u00e9letbe l\u00e9p a M\u00c1V-START balatoni el\u0151szezoni menetrendje, ugyanakkor a d\u00edjszab\u00e1s is v\u00e1ltozik.<\/strong><\/p>\n<p>A vas\u00fatt\u00e1rsas\u00e1g c\u00e9lja, hogy a balatoni \u00e9s a p\u00fcnk\u00f6sdi hossz\u00fa h\u00e9tv\u00e9gi, megn\u00f6vekedett utasforgalmat min\u00e9l jobban, az utaz\u00e1si ig\u00e9nyeknek megfelel\u0151en szolg\u00e1lja ki, \u00e9s biztons\u00e1gos eljut\u00e1si lehet\u0151s\u00e9get ny\u00fajtson a j\u00e1rv\u00e1nyhelyzet miatt a vasutat v\u00e1laszt\u00f3k sz\u00e1m\u00e1ra. A Balatonhoz k\u00f6zleked\u0151 vonatokon 50 sz\u00e1zal\u00e9kos \u00e9rt\u00e9kes\u00edt\u00e9si korl\u00e1tot vezetnek be. M\u00e1jus 29-t\u0151l szeptember v\u00e9g\u00e9ig a Balaton 24\/72 elnevez\u00e9s\u0171 napijegyekkel a t\u00f3parti vonalakon korl\u00e1tlanul lehet utazni az \u00e9rv\u00e9nytartamon bel\u00fcl.<\/p>\n<\/div>\n<div class=\"field-body\">\n<h3><strong><em>P\u00fcnk\u00f6sdkor v\u00e1ltozik a menetrend<\/em><\/strong><\/h3>\n<p>M\u00e1jus 31-\u00e9n az \u00fcnnepnapra, j\u00fanius elsej\u00e9n a vas\u00e1rnapra, 2-\u00e1n m\u00e1r a szok\u00e1sos munkanapra \u00e9rv\u00e9nyes menetrend szerint k\u00f6zlekednek a vonatok.<\/p>\n<p>A p\u00fcnk\u00f6sdi hossz\u00fa h\u00e9tv\u00e9g\u00e9n 180 InterCity j\u00e1rat t\u00f6bb kocsival k\u00f6zlekedik a szok\u00e1sosn\u00e1l. A szegedi \u00e9s p\u00e9csi InterCity-khez k\u00e9t kocsival t\u00f6bbet kapcsolnak. A hossz\u00fa h\u00e9tv\u00e9g\u00e9n a Balaton ir\u00e1ny\u00e1ba k\u00f6zleked\u0151 t\u00e1vols\u00e1gi vonatok is t\u00f6bb, hat-nyolc kocsival \u00e1llnak forgalomba, a legn\u00e9pszer\u0171bbek pedig ak\u00e1r 10 kocsival. A velencei-tavi utaz\u00e1si ig\u00e9ny jobb kiel\u00e9g\u00edt\u00e9se \u00e9rdek\u00e9ben a Z30-as j\u00e1ratok h\u00e1rom egys\u00e9ges FLIRT motorvonati szerelv\u00e9nnyel k\u00f6zlekednek.<\/p>\n<h3><strong><em>El\u0151szezoni menetrend a balatoni vonalakon<\/em><\/strong><\/h3>\n<p>M\u00e1jus 30-t\u00f3l, szombatt\u00f3l a ny\u00e1ri menetrend kezdet\u00e9ig, j\u00fanius 19-ig az el\u0151szezoni vonatok elind\u00edt\u00e1s\u00e1val kedvez\u0151bb menetrend l\u00e9p \u00e9letbe a megn\u00f6vekedett utasforgalom kiszolg\u00e1l\u00e1sa \u00e9rdek\u00e9ben.<\/p>\n<p>A <strong>d\u00e9l-balatoni (Budapest\u2013Sz\u00e9kesfeh\u00e9rv\u00e1r\u2013Keszthely) vonalon k\u00e9t \u00f3r\u00e1nk\u00e9nt k\u00f6zlekednek gyorsvonatok<\/strong>, a <strong>cs\u00facsid\u0151szakokban pedig sebesvonatok<\/strong> is forgalomba \u00e1llnak, \u00e9rintik a kisebb utasforgalm\u00fa \u00e1llom\u00e1sokat \u00e9s meg\u00e1ll\u00f3helyeket. <strong>H\u00e9tk\u00f6znapokon<\/strong> oda \u00e9s vissza is <strong>10-10<\/strong>, m\u00edg <strong>h\u00e9tv\u00e9g\u00e9n 14-14 k\u00f6zvetlen gyors- \u00e9s sebesvonattal<\/strong> utazhatnak az utasok. P\u00e9ntek d\u00e9lut\u00e1n, szombat d\u00e9lel\u0151tt \u00e9s vas\u00e1rnap este egyes j\u00e1ratokhoz l\u00e9gkondicion\u00e1lt InterCity kocsit is kapcsolnak, ezeket k\u00e9k sz\u00ednnel jel\u00f6lik az internetes keres\u0151ben.<\/p>\n<p>Az <strong>\u00e9szak-balatoni (Budapest\u2013Sz\u00e9kesfeh\u00e9rv\u00e1r\u2013Tapolca) vonalon naponta mindk\u00e9t ir\u00e1nyban 3-3 gyorsvonat \u00e9s 1-1 sebesvonat<\/strong> is k\u00f6zlekedik. H\u00e9tv\u00e9g\u00e9ken <strong>tov\u00e1bbi 2 p\u00e1r gyorsvonat<\/strong> biztos\u00edtja a k\u00f6zvetlen kapcsolatot a Balaton \u00e9szaki partj\u00e1hoz.<\/p>\n<p>A h\u00e9tv\u00e9gi cs\u00facsidei id\u0151szakban a gyorsvonatok 8-9 kocsis szerelv\u00e9nyekkel k\u00f6zlekednek. A ker\u00e9kp\u00e1ros utasok sz\u00e1m\u00e1ra pedig minden vonatban rendelkez\u00e9sre \u00e1ll 8 ker\u00e9kp\u00e1rhely, ezen fel\u00fcl t\u00f6bb nagy kapacit\u00e1s\u00fa ker\u00e9kp\u00e1rsz\u00e1ll\u00edt\u00f3 kocsi forgalomba \u00e1ll\u00edt\u00e1s\u00e1val biztos\u00edtj\u00e1k az utaz\u00e1st.<\/p>\n<h3><strong><em>K\u00f6telez\u0151 p\u00f3tjegyv\u00e1lt\u00e1s, biztons\u00e1gos t\u00e1vols\u00e1g az utasok k\u00f6z\u00f6tt a balatoni vonatokon<\/em><\/strong><\/h3>\n<p>A kialakult j\u00e1rv\u00e1nyhelyzetre val\u00f3 tekintettel a vas\u00fatt\u00e1rsas\u00e1g az utasok v\u00e9delme \u00e9s a kell\u0151 1,5 m\u00e9teres t\u00e1vols\u00e1g betart\u00e1sa \u00e9rdek\u00e9ben plusz kocsikat kapcsol a Balaton partj\u00e1n k\u00f6zleked\u0151 vonatokhoz a rendelkez\u00e9sre \u00e1ll\u00f3 szabad kapacit\u00e1s\u00e1t kihaszn\u00e1lva. <strong>Ezzel egyidej\u0171leg a balatoni vonatok a t\u00e1vols\u00e1gi forgalomban vonathoz k\u00f6t\u00f6tt p\u00f3tjegy megv\u00e1lt\u00e1s\u00e1val vehet\u0151k ig\u00e9nybe. A vas\u00fatt\u00e1rsas\u00e1g a fel\u00e1ras kocsikban \u2013 a fel\u00e1rk\u00f6teles szakaszon \u2013 az \u00fcl\u0151helyek k\u00f6r\u00fclbel\u00fcl 50 sz\u00e1zal\u00e9k\u00e1t \u00e9rt\u00e9kes\u00edti.<\/strong><\/p>\n<p>A vonathoz k\u00f6t\u00f6tt p\u00f3tjegy \u00e1ra megegyezik a kor\u00e1bban alkalmazott gyorsvonati p\u00f3tjegy \u00e1r\u00e1val. A b\u00e9rlettel, illetve a START Klub k\u00e1rty\u00e1val rendelkez\u0151knek is sz\u00fcks\u00e9ges a p\u00f3tjegy v\u00e1lt\u00e1sa az \u00e9rintett vonatokon \u00e9s szakaszokon.<\/p>\n<p>A k\u00f6telez\u0151 p\u00f3tjegyv\u00e1lt\u00e1s nem sz\u00fcks\u00e9ges az \u00e9szaki parti tapolcai gyors- \u00e9s sebesvonatokra Sz\u00e9kesfeh\u00e9rv\u00e1r \u00e9s Tapolca k\u00f6z\u00f6tti viszonylatban, a d\u00e9li parti sebesvonatokn\u00e1l Sz\u00e9kesfeh\u00e9rv\u00e1r \u00e9s Keszthely k\u00f6z\u00f6tt, tov\u00e1bb\u00e1 a d\u00e9li parti nagykanizsai \u00e9s keszthelyi gyorsvonatokra, a Si\u00f3fok \u00e9s Nagykanizsa, Si\u00f3fok \u00e9s Keszthely k\u00f6z\u00f6tti szakaszokra. A Balaton fel\u0151l Sz\u00e9kesfeh\u00e9rv\u00e1rra 7:36-kor \u00e9rkez\u0151 \u00e9s onnan 17:21-kor Balaton fel\u00e9 indul\u00f3 gyorsvonaton Sz\u00e9kesfeh\u00e9rv\u00e1rig, illetve onnan p\u00f3tjegymentesen lehet utazni. A <strong>Balaton partja ment\u00e9n utaz\u00f3k sz\u00e1m\u00e1ra p\u00f3tjegy v\u00e1lt\u00e1sa n\u00e9lk\u00fcl<\/strong> vehet\u0151k ig\u00e9nybe<strong> a vonatok<\/strong>.<\/p>\n<p>A vas\u00fatt\u00e1rsas\u00e1g azt javasolja, hogy a jegyeket az <strong>utaz\u00e1s el\u0151tt id\u0151ben, ak\u00e1r n\u00e9h\u00e1ny nappal kor\u00e1bban v\u00e1lts\u00e1k meg<\/strong>, mert az \u00e9rt\u00e9kes\u00edt\u00e9si korl\u00e1t miatt a helyjegyek az indul\u00e1s el\u0151tti \u00f3r\u00e1kban m\u00e1r elfogyhatnak. \u00c9rdemes a M\u00c1V applik\u00e1ci\u00f3 vagy a M\u00c1V honlapj\u00e1n az eTicket rendszer haszn\u00e1lat\u00e1val kedvezm\u00e9nyes \u00e1ron megvenni a jegyeket. M\u00e1sik vonatra sz\u00f3l\u00f3 p\u00f3tjeggyel vagy p\u00f3tjegy v\u00e1lt\u00e1sa n\u00e9lk\u00fcl nem sz\u00e1llhatnak fel a korl\u00e1toz\u00e1ssal \u00e9rintett vonatokra az utasok. Megfelel\u0151 p\u00f3tjegy n\u00e9lk\u00fcl a vonatokon p\u00f3td\u00edjat sz\u00e1m\u00edtanak fel a jegyvizsg\u00e1l\u00f3k.<\/p>\n<h3><strong><em>Balaton 24 \u00e9s Balaton 72 kedvezm\u00e9nyek <\/em><\/strong><\/h3>\n<p>M\u00e1jus 29-t\u0151l szeptember 30-ig kedvezm\u00e9nyes jegyekkel is lehet utazhatni a belf\u00f6ldi forgalomban els\u0151k\u00e9nt bevezetett n\u00e9vre sz\u00f3l\u00f3 Balaton 24 \u00e9s Balaton 72 elnevez\u00e9s\u0171 napijegyekkel. El\u0151nye, hogy korl\u00e1tlan utaz\u00e1st biztos\u00edt a Balaton parton utaz\u00f3knak, \u00edgy 24 vagy 72 \u00f3r\u00e1n bel\u00fcl csup\u00e1n egyszer kell jegyet v\u00e1s\u00e1rolniuk. Valamennyi napijegy jelleg\u0171 aj\u00e1nlat a meghirdetett balatoni \u00e1llom\u00e1sokon fel\u00fcl a kiemelt turisztikai jelent\u0151s\u00e9ggel b\u00edr\u00f3 Tapolca\u2013S\u00fcmeg szakaszon \u00e9s a vas\u00fatt\u00e1rsas\u00e1g \u00e1ltal \u00fczemeltetett balatonfenyvesi kisvas\u00faton is felhaszn\u00e1lhat\u00f3 korl\u00e1tlan sz\u00e1m\u00fa, 2. kocsioszt\u00e1lyon t\u00f6rt\u00e9n\u0151 utaz\u00e1sra az \u00e9rv\u00e9nyess\u00e9g kezdet\u00e9t\u0151l sz\u00e1m\u00edtott 24, illetve 72 \u00f3r\u00e1ig.\u00a0 Mind a Balaton24-b\u0151l, mind a Balaton72-b\u0151l v\u00e1lthat\u00f3 26 \u00e9ven aluliaknak sz\u00f3l\u00f3 jegy is.<\/p>\n<p>A Balaton24 kedvezm\u00e9nyes jegy 990 forintba, a 26 \u00e9ven aluliaknak 660 forintba, a Balaton72 elnevez\u00e9s\u0171 jegy 2490 forintba, a 26 \u00e9ven aluiaknak pedig 1650 forintba ker\u00fcl. A M\u00c1V mobilalkalmaz\u00e1sb\u00f3l t\u00f6rt\u00e9n\u0151 v\u00e1s\u00e1rl\u00e1s eset\u00e9n 10 sz\u00e1zal\u00e9kos kedvezm\u00e9ny is j\u00e1r.<\/p>\n<p>Budapest, 2020. m\u00e1jus 28.<\/p>\n<p>M\u00c1V Zrt. Kommunikik\u00e1ci\u00f3s Igazgat\u00f3s\u00e1g<\/p>\n<\/div>\n<\/div>\n","protected":false},"excerpt":{"rendered":"<p>Az \u00fcnnep miatt m\u00f3dosul a vas\u00fati k\u00f6zleked\u00e9si rend: m\u00e1jus 31-\u00e9n az \u00fcnnepnapra, j\u00fanius elsej\u00e9n a vas\u00e1rnapra, 2-\u00e1n m\u00e1r a szok\u00e1sos munkanapra \u00e9rv\u00e9nyes menetrend szerint k\u00f6zlekednek a vonatok. Szombatt\u00f3l pedig \u00e9letbe l\u00e9p a M\u00c1V-START balatoni el\u0151szezoni menetrendje, ugyanakkor a d\u00edjszab\u00e1s is v\u00e1ltozik. A vas\u00fatt\u00e1rsas\u00e1g c\u00e9lja, hogy a balatoni \u00e9s a p\u00fcnk\u00f6sdi hossz\u00fa h\u00e9tv\u00e9gi, megn\u00f6vekedett utasforgalmat min\u00e9l<\/p>\n","protected":false},"author":1,"featured_media":6727,"comment_status":"closed","ping_status":"closed","sticky":false,"template":"","format":"standard","meta":{"ngg_post_thumbnail":0,"footnotes":""},"categories":[3],"tags":[279,1088,381,291],"class_list":{"0":"post-25239","1":"post","2":"type-post","3":"status-publish","4":"format-standard","5":"has-post-thumbnail","7":"category-hirek","8":"tag-kozlekedes","9":"tag-tomegkozlekedes","10":"tag-vasut","11":"tag-vonat"},"yoast_head":"<!-- This site is optimized with the Yoast SEO plugin v27.4 - https:\/\/yoast.com\/product\/yoast-seo-wordpress\/ -->\n<title>V\u00e1ltozik a vas\u00fati k\u00f6zleked\u00e9si rend a p\u00fcnk\u00f6sdi hossz\u00fa h\u00e9tv\u00e9g\u00e9n<\/title>\n<meta name=\"robots\" content=\"index, follow, max-snippet:-1, max-image-preview:large, max-video-preview:-1\" \/>\n<link rel=\"canonical\" href=\"https:\/\/dorogimedence.hu\/index.php\/2020\/05\/28\/valtozik-a-vasuti-kozlekedesi-rend-a-punkosdi-hosszu-hetvegen\/\" class=\"yoast-seo-meta-tag\" \/>\n<meta property=\"og:locale\" content=\"hu_HU\" class=\"yoast-seo-meta-tag\" \/>\n<meta property=\"og:type\" content=\"article\" class=\"yoast-seo-meta-tag\" \/>\n<meta property=\"og:title\" content=\"V\u00e1ltozik a vas\u00fati k\u00f6zleked\u00e9si rend a p\u00fcnk\u00f6sdi hossz\u00fa h\u00e9tv\u00e9g\u00e9n\" class=\"yoast-seo-meta-tag\" \/>\n<meta property=\"og:description\" content=\"Az \u00fcnnep miatt m\u00f3dosul a vas\u00fati k\u00f6zleked\u00e9si rend: m\u00e1jus 31-\u00e9n az \u00fcnnepnapra, j\u00fanius elsej\u00e9n a vas\u00e1rnapra, 2-\u00e1n m\u00e1r a szok\u00e1sos munkanapra \u00e9rv\u00e9nyes menetrend szerint k\u00f6zlekednek a vonatok. Szombatt\u00f3l pedig \u00e9letbe l\u00e9p a M\u00c1V-START balatoni el\u0151szezoni menetrendje, ugyanakkor a d\u00edjszab\u00e1s is v\u00e1ltozik. A vas\u00fatt\u00e1rsas\u00e1g c\u00e9lja, hogy a balatoni \u00e9s a p\u00fcnk\u00f6sdi hossz\u00fa h\u00e9tv\u00e9gi, megn\u00f6vekedett utasforgalmat min\u00e9l\" class=\"yoast-seo-meta-tag\" \/>\n<meta property=\"og:url\" content=\"https:\/\/dorogimedence.hu\/index.php\/2020\/05\/28\/valtozik-a-vasuti-kozlekedesi-rend-a-punkosdi-hosszu-hetvegen\/\" class=\"yoast-seo-meta-tag\" \/>\n<meta property=\"og:site_name\" content=\"Dorogi-medence Region\u00e1lis H\u00edrport\u00e1l\" class=\"yoast-seo-meta-tag\" \/>\n<meta property=\"article:publisher\" content=\"https:\/\/www.facebook.com\/dorogimedence\/\" class=\"yoast-seo-meta-tag\" \/>\n<meta property=\"article:published_time\" content=\"2020-05-28T09:16:06+00:00\" class=\"yoast-seo-meta-tag\" \/>\n<meta property=\"article:modified_time\" content=\"2020-05-28T09:18:08+00:00\" class=\"yoast-seo-meta-tag\" \/>\n<meta property=\"og:image\" content=\"https:\/\/i0.wp.com\/dorogimedence.hu\/wp-content\/uploads\/2017\/11\/flirt-01.jpg?fit=670%2C365&ssl=1\" class=\"yoast-seo-meta-tag\" \/>\n\t<meta property=\"og:image:width\" content=\"670\" class=\"yoast-seo-meta-tag\" \/>\n\t<meta property=\"og:image:height\" content=\"365\" class=\"yoast-seo-meta-tag\" \/>\n\t<meta property=\"og:image:type\" content=\"image\/jpeg\" class=\"yoast-seo-meta-tag\" \/>\n<meta name=\"author\" content=\"dorogimedence.hu\" class=\"yoast-seo-meta-tag\" \/>\n<meta name=\"twitter:card\" content=\"summary_large_image\" class=\"yoast-seo-meta-tag\" \/>\n<meta name=\"twitter:label1\" content=\"Szerz\u0151:\" class=\"yoast-seo-meta-tag\" \/>\n\t<meta name=\"twitter:data1\" content=\"dorogimedence.hu\" class=\"yoast-seo-meta-tag\" \/>\n\t<meta name=\"twitter:label2\" content=\"Becs\u00fclt olvas\u00e1si id\u0151\" class=\"yoast-seo-meta-tag\" \/>\n\t<meta name=\"twitter:data2\" content=\"6 perc\" class=\"yoast-seo-meta-tag\" \/>\n<script type=\"application\/ld+json\" class=\"yoast-schema-graph\">{\"@context\":\"https:\\\/\\\/schema.org\",\"@graph\":[{\"@type\":\"Article\",\"@id\":\"https:\\\/\\\/dorogimedence.hu\\\/index.php\\\/2020\\\/05\\\/28\\\/valtozik-a-vasuti-kozlekedesi-rend-a-punkosdi-hosszu-hetvegen\\\/#article\",\"isPartOf\":{\"@id\":\"https:\\\/\\\/dorogimedence.hu\\\/index.php\\\/2020\\\/05\\\/28\\\/valtozik-a-vasuti-kozlekedesi-rend-a-punkosdi-hosszu-hetvegen\\\/\"},\"author\":{\"name\":\"dorogimedence.hu\",\"@id\":\"https:\\\/\\\/dorogimedence.hu\\\/#\\\/schema\\\/person\\\/ce6091eeb7e95ecdc87890d6aa8e0fd4\"},\"headline\":\"V\u00e1ltozik a vas\u00fati k\u00f6zleked\u00e9si rend a p\u00fcnk\u00f6sdi hossz\u00fa h\u00e9tv\u00e9g\u00e9n\",\"datePublished\":\"2020-05-28T09:16:06+00:00\",\"dateModified\":\"2020-05-28T09:18:08+00:00\",\"mainEntityOfPage\":{\"@id\":\"https:\\\/\\\/dorogimedence.hu\\\/index.php\\\/2020\\\/05\\\/28\\\/valtozik-a-vasuti-kozlekedesi-rend-a-punkosdi-hosszu-hetvegen\\\/\"},\"wordCount\":1151,\"publisher\":{\"@id\":\"https:\\\/\\\/dorogimedence.hu\\\/#organization\"},\"image\":{\"@id\":\"https:\\\/\\\/dorogimedence.hu\\\/index.php\\\/2020\\\/05\\\/28\\\/valtozik-a-vasuti-kozlekedesi-rend-a-punkosdi-hosszu-hetvegen\\\/#primaryimage\"},\"thumbnailUrl\":\"https:\\\/\\\/dorogimedence.hu\\\/wp-content\\\/uploads\\\/2017\\\/11\\\/flirt-01.jpg\",\"keywords\":[\"k\u00f6zleked\u00e9s\",\"t\u00f6megk\u00f6zleked\u00e9s\",\"vas\u00fat\",\"vonat\"],\"articleSection\":[\"H\u00edrek\"],\"inLanguage\":\"hu\"},{\"@type\":\"WebPage\",\"@id\":\"https:\\\/\\\/dorogimedence.hu\\\/index.php\\\/2020\\\/05\\\/28\\\/valtozik-a-vasuti-kozlekedesi-rend-a-punkosdi-hosszu-hetvegen\\\/\",\"url\":\"https:\\\/\\\/dorogimedence.hu\\\/index.php\\\/2020\\\/05\\\/28\\\/valtozik-a-vasuti-kozlekedesi-rend-a-punkosdi-hosszu-hetvegen\\\/\",\"name\":\"V\u00e1ltozik a vas\u00fati k\u00f6zleked\u00e9si rend a p\u00fcnk\u00f6sdi hossz\u00fa h\u00e9tv\u00e9g\u00e9n\",\"isPartOf\":{\"@id\":\"https:\\\/\\\/dorogimedence.hu\\\/#website\"},\"primaryImageOfPage\":{\"@id\":\"https:\\\/\\\/dorogimedence.hu\\\/index.php\\\/2020\\\/05\\\/28\\\/valtozik-a-vasuti-kozlekedesi-rend-a-punkosdi-hosszu-hetvegen\\\/#primaryimage\"},\"image\":{\"@id\":\"https:\\\/\\\/dorogimedence.hu\\\/index.php\\\/2020\\\/05\\\/28\\\/valtozik-a-vasuti-kozlekedesi-rend-a-punkosdi-hosszu-hetvegen\\\/#primaryimage\"},\"thumbnailUrl\":\"https:\\\/\\\/dorogimedence.hu\\\/wp-content\\\/uploads\\\/2017\\\/11\\\/flirt-01.jpg\",\"datePublished\":\"2020-05-28T09:16:06+00:00\",\"dateModified\":\"2020-05-28T09:18:08+00:00\",\"breadcrumb\":{\"@id\":\"https:\\\/\\\/dorogimedence.hu\\\/index.php\\\/2020\\\/05\\\/28\\\/valtozik-a-vasuti-kozlekedesi-rend-a-punkosdi-hosszu-hetvegen\\\/#breadcrumb\"},\"inLanguage\":\"hu\",\"potentialAction\":[{\"@type\":\"ReadAction\",\"target\":[\"https:\\\/\\\/dorogimedence.hu\\\/index.php\\\/2020\\\/05\\\/28\\\/valtozik-a-vasuti-kozlekedesi-rend-a-punkosdi-hosszu-hetvegen\\\/\"]}]},{\"@type\":\"ImageObject\",\"inLanguage\":\"hu\",\"@id\":\"https:\\\/\\\/dorogimedence.hu\\\/index.php\\\/2020\\\/05\\\/28\\\/valtozik-a-vasuti-kozlekedesi-rend-a-punkosdi-hosszu-hetvegen\\\/#primaryimage\",\"url\":\"https:\\\/\\\/dorogimedence.hu\\\/wp-content\\\/uploads\\\/2017\\\/11\\\/flirt-01.jpg\",\"contentUrl\":\"https:\\\/\\\/dorogimedence.hu\\\/wp-content\\\/uploads\\\/2017\\\/11\\\/flirt-01.jpg\",\"width\":670,\"height\":365},{\"@type\":\"BreadcrumbList\",\"@id\":\"https:\\\/\\\/dorogimedence.hu\\\/index.php\\\/2020\\\/05\\\/28\\\/valtozik-a-vasuti-kozlekedesi-rend-a-punkosdi-hosszu-hetvegen\\\/#breadcrumb\",\"itemListElement\":[{\"@type\":\"ListItem\",\"position\":1,\"name\":\"Kezd\u0151lap\",\"item\":\"https:\\\/\\\/dorogimedence.hu\\\/\"},{\"@type\":\"ListItem\",\"position\":2,\"name\":\"V\u00e1ltozik a vas\u00fati k\u00f6zleked\u00e9si rend a p\u00fcnk\u00f6sdi hossz\u00fa h\u00e9tv\u00e9g\u00e9n\"}]},{\"@type\":\"WebSite\",\"@id\":\"https:\\\/\\\/dorogimedence.hu\\\/#website\",\"url\":\"https:\\\/\\\/dorogimedence.hu\\\/\",\"name\":\"Dorogi-medence Region\u00e1lis H\u00edrport\u00e1l\",\"description\":\"Dorog, Keszt\u00f6lc, Le\u00e1nyv\u00e1r, Piliscs\u00e9v, Tokod, Tokodalt\u00e1r\u00f3, Csolnok, Esztergom-kertv\u00e1ros: h\u00edrek, programok\",\"publisher\":{\"@id\":\"https:\\\/\\\/dorogimedence.hu\\\/#organization\"},\"potentialAction\":[{\"@type\":\"SearchAction\",\"target\":{\"@type\":\"EntryPoint\",\"urlTemplate\":\"https:\\\/\\\/dorogimedence.hu\\\/?s={search_term_string}\"},\"query-input\":{\"@type\":\"PropertyValueSpecification\",\"valueRequired\":true,\"valueName\":\"search_term_string\"}}],\"inLanguage\":\"hu\"},{\"@type\":\"Organization\",\"@id\":\"https:\\\/\\\/dorogimedence.hu\\\/#organization\",\"name\":\"Dorogi-medence Region\u00e1lis H\u00edrport\u00e1l\",\"url\":\"https:\\\/\\\/dorogimedence.hu\\\/\",\"logo\":{\"@type\":\"ImageObject\",\"inLanguage\":\"hu\",\"@id\":\"https:\\\/\\\/dorogimedence.hu\\\/#\\\/schema\\\/logo\\\/image\\\/\",\"url\":\"https:\\\/\\\/dorogimedence.hu\\\/wp-content\\\/uploads\\\/2021\\\/04\\\/logo-feher-600.png\",\"contentUrl\":\"https:\\\/\\\/dorogimedence.hu\\\/wp-content\\\/uploads\\\/2021\\\/04\\\/logo-feher-600.png\",\"width\":600,\"height\":100,\"caption\":\"Dorogi-medence Region\u00e1lis H\u00edrport\u00e1l\"},\"image\":{\"@id\":\"https:\\\/\\\/dorogimedence.hu\\\/#\\\/schema\\\/logo\\\/image\\\/\"},\"sameAs\":[\"https:\\\/\\\/www.facebook.com\\\/dorogimedence\\\/\"]},{\"@type\":\"Person\",\"@id\":\"https:\\\/\\\/dorogimedence.hu\\\/#\\\/schema\\\/person\\\/ce6091eeb7e95ecdc87890d6aa8e0fd4\",\"name\":\"dorogimedence.hu\",\"image\":{\"@type\":\"ImageObject\",\"inLanguage\":\"hu\",\"@id\":\"\\\/\\\/www.gravatar.com\\\/avatar\\\/d8d45f8901aadff40a4af72c0b826f1d?s=96&#038;r=g&#038;d=mm\",\"url\":\"\\\/\\\/www.gravatar.com\\\/avatar\\\/d8d45f8901aadff40a4af72c0b826f1d?s=96&#038;r=g&#038;d=mm\",\"contentUrl\":\"\\\/\\\/www.gravatar.com\\\/avatar\\\/d8d45f8901aadff40a4af72c0b826f1d?s=96&#038;r=g&#038;d=mm\",\"caption\":\"dorogimedence.hu\"}}]}<\/script>\n<!-- \/ Yoast SEO plugin. -->","yoast_head_json":{"title":"V\u00e1ltozik a vas\u00fati k\u00f6zleked\u00e9si rend a p\u00fcnk\u00f6sdi hossz\u00fa h\u00e9tv\u00e9g\u00e9n","robots":{"index":"index","follow":"follow","max-snippet":"max-snippet:-1","max-image-preview":"max-image-preview:large","max-video-preview":"max-video-preview:-1"},"canonical":"https:\/\/dorogimedence.hu\/index.php\/2020\/05\/28\/valtozik-a-vasuti-kozlekedesi-rend-a-punkosdi-hosszu-hetvegen\/","og_locale":"hu_HU","og_type":"article","og_title":"V\u00e1ltozik a vas\u00fati k\u00f6zleked\u00e9si rend a p\u00fcnk\u00f6sdi hossz\u00fa h\u00e9tv\u00e9g\u00e9n","og_description":"Az \u00fcnnep miatt m\u00f3dosul a vas\u00fati k\u00f6zleked\u00e9si rend: m\u00e1jus 31-\u00e9n az \u00fcnnepnapra, j\u00fanius elsej\u00e9n a vas\u00e1rnapra, 2-\u00e1n m\u00e1r a szok\u00e1sos munkanapra \u00e9rv\u00e9nyes menetrend szerint k\u00f6zlekednek a vonatok. Szombatt\u00f3l pedig \u00e9letbe l\u00e9p a M\u00c1V-START balatoni el\u0151szezoni menetrendje, ugyanakkor a d\u00edjszab\u00e1s is v\u00e1ltozik. A vas\u00fatt\u00e1rsas\u00e1g c\u00e9lja, hogy a balatoni \u00e9s a p\u00fcnk\u00f6sdi hossz\u00fa h\u00e9tv\u00e9gi, megn\u00f6vekedett utasforgalmat min\u00e9l","og_url":"https:\/\/dorogimedence.hu\/index.php\/2020\/05\/28\/valtozik-a-vasuti-kozlekedesi-rend-a-punkosdi-hosszu-hetvegen\/","og_site_name":"Dorogi-medence Region\u00e1lis H\u00edrport\u00e1l","article_publisher":"https:\/\/www.facebook.com\/dorogimedence\/","article_published_time":"2020-05-28T09:16:06+00:00","article_modified_time":"2020-05-28T09:18:08+00:00","og_image":[{"width":670,"height":365,"url":"https:\/\/i0.wp.com\/dorogimedence.hu\/wp-content\/uploads\/2017\/11\/flirt-01.jpg?fit=670%2C365&ssl=1","type":"image\/jpeg"}],"author":"dorogimedence.hu","twitter_card":"summary_large_image","twitter_misc":{"Szerz\u0151:":"dorogimedence.hu","Becs\u00fclt olvas\u00e1si id\u0151":"6 perc"},"schema":{"@context":"https:\/\/schema.org","@graph":[{"@type":"Article","@id":"https:\/\/dorogimedence.hu\/index.php\/2020\/05\/28\/valtozik-a-vasuti-kozlekedesi-rend-a-punkosdi-hosszu-hetvegen\/#article","isPartOf":{"@id":"https:\/\/dorogimedence.hu\/index.php\/2020\/05\/28\/valtozik-a-vasuti-kozlekedesi-rend-a-punkosdi-hosszu-hetvegen\/"},"author":{"name":"dorogimedence.hu","@id":"https:\/\/dorogimedence.hu\/#\/schema\/person\/ce6091eeb7e95ecdc87890d6aa8e0fd4"},"headline":"V\u00e1ltozik a vas\u00fati k\u00f6zleked\u00e9si rend a p\u00fcnk\u00f6sdi hossz\u00fa h\u00e9tv\u00e9g\u00e9n","datePublished":"2020-05-28T09:16:06+00:00","dateModified":"2020-05-28T09:18:08+00:00","mainEntityOfPage":{"@id":"https:\/\/dorogimedence.hu\/index.php\/2020\/05\/28\/valtozik-a-vasuti-kozlekedesi-rend-a-punkosdi-hosszu-hetvegen\/"},"wordCount":1151,"publisher":{"@id":"https:\/\/dorogimedence.hu\/#organization"},"image":{"@id":"https:\/\/dorogimedence.hu\/index.php\/2020\/05\/28\/valtozik-a-vasuti-kozlekedesi-rend-a-punkosdi-hosszu-hetvegen\/#primaryimage"},"thumbnailUrl":"https:\/\/dorogimedence.hu\/wp-content\/uploads\/2017\/11\/flirt-01.jpg","keywords":["k\u00f6zleked\u00e9s","t\u00f6megk\u00f6zleked\u00e9s","vas\u00fat","vonat"],"articleSection":["H\u00edrek"],"inLanguage":"hu"},{"@type":"WebPage","@id":"https:\/\/dorogimedence.hu\/index.php\/2020\/05\/28\/valtozik-a-vasuti-kozlekedesi-rend-a-punkosdi-hosszu-hetvegen\/","url":"https:\/\/dorogimedence.hu\/index.php\/2020\/05\/28\/valtozik-a-vasuti-kozlekedesi-rend-a-punkosdi-hosszu-hetvegen\/","name":"V\u00e1ltozik a vas\u00fati k\u00f6zleked\u00e9si rend a p\u00fcnk\u00f6sdi hossz\u00fa h\u00e9tv\u00e9g\u00e9n","isPartOf":{"@id":"https:\/\/dorogimedence.hu\/#website"},"primaryImageOfPage":{"@id":"https:\/\/dorogimedence.hu\/index.php\/2020\/05\/28\/valtozik-a-vasuti-kozlekedesi-rend-a-punkosdi-hosszu-hetvegen\/#primaryimage"},"image":{"@id":"https:\/\/dorogimedence.hu\/index.php\/2020\/05\/28\/valtozik-a-vasuti-kozlekedesi-rend-a-punkosdi-hosszu-hetvegen\/#primaryimage"},"thumbnailUrl":"https:\/\/dorogimedence.hu\/wp-content\/uploads\/2017\/11\/flirt-01.jpg","datePublished":"2020-05-28T09:16:06+00:00","dateModified":"2020-05-28T09:18:08+00:00","breadcrumb":{"@id":"https:\/\/dorogimedence.hu\/index.php\/2020\/05\/28\/valtozik-a-vasuti-kozlekedesi-rend-a-punkosdi-hosszu-hetvegen\/#breadcrumb"},"inLanguage":"hu","potentialAction":[{"@type":"ReadAction","target":["https:\/\/dorogimedence.hu\/index.php\/2020\/05\/28\/valtozik-a-vasuti-kozlekedesi-rend-a-punkosdi-hosszu-hetvegen\/"]}]},{"@type":"ImageObject","inLanguage":"hu","@id":"https:\/\/dorogimedence.hu\/index.php\/2020\/05\/28\/valtozik-a-vasuti-kozlekedesi-rend-a-punkosdi-hosszu-hetvegen\/#primaryimage","url":"https:\/\/dorogimedence.hu\/wp-content\/uploads\/2017\/11\/flirt-01.jpg","contentUrl":"https:\/\/dorogimedence.hu\/wp-content\/uploads\/2017\/11\/flirt-01.jpg","width":670,"height":365},{"@type":"BreadcrumbList","@id":"https:\/\/dorogimedence.hu\/index.php\/2020\/05\/28\/valtozik-a-vasuti-kozlekedesi-rend-a-punkosdi-hosszu-hetvegen\/#breadcrumb","itemListElement":[{"@type":"ListItem","position":1,"name":"Kezd\u0151lap","item":"https:\/\/dorogimedence.hu\/"},{"@type":"ListItem","position":2,"name":"V\u00e1ltozik a vas\u00fati k\u00f6zleked\u00e9si rend a p\u00fcnk\u00f6sdi hossz\u00fa h\u00e9tv\u00e9g\u00e9n"}]},{"@type":"WebSite","@id":"https:\/\/dorogimedence.hu\/#website","url":"https:\/\/dorogimedence.hu\/","name":"Dorogi-medence Region\u00e1lis H\u00edrport\u00e1l","description":"Dorog, Keszt\u00f6lc, Le\u00e1nyv\u00e1r, Piliscs\u00e9v, Tokod, Tokodalt\u00e1r\u00f3, Csolnok, Esztergom-kertv\u00e1ros: h\u00edrek, programok","publisher":{"@id":"https:\/\/dorogimedence.hu\/#organization"},"potentialAction":[{"@type":"SearchAction","target":{"@type":"EntryPoint","urlTemplate":"https:\/\/dorogimedence.hu\/?s={search_term_string}"},"query-input":{"@type":"PropertyValueSpecification","valueRequired":true,"valueName":"search_term_string"}}],"inLanguage":"hu"},{"@type":"Organization","@id":"https:\/\/dorogimedence.hu\/#organization","name":"Dorogi-medence Region\u00e1lis H\u00edrport\u00e1l","url":"https:\/\/dorogimedence.hu\/","logo":{"@type":"ImageObject","inLanguage":"hu","@id":"https:\/\/dorogimedence.hu\/#\/schema\/logo\/image\/","url":"https:\/\/dorogimedence.hu\/wp-content\/uploads\/2021\/04\/logo-feher-600.png","contentUrl":"https:\/\/dorogimedence.hu\/wp-content\/uploads\/2021\/04\/logo-feher-600.png","width":600,"height":100,"caption":"Dorogi-medence Region\u00e1lis H\u00edrport\u00e1l"},"image":{"@id":"https:\/\/dorogimedence.hu\/#\/schema\/logo\/image\/"},"sameAs":["https:\/\/www.facebook.com\/dorogimedence\/"]},{"@type":"Person","@id":"https:\/\/dorogimedence.hu\/#\/schema\/person\/ce6091eeb7e95ecdc87890d6aa8e0fd4","name":"dorogimedence.hu","image":{"@type":"ImageObject","inLanguage":"hu","@id":"\/\/www.gravatar.com\/avatar\/d8d45f8901aadff40a4af72c0b826f1d?s=96&#038;r=g&#038;d=mm","url":"\/\/www.gravatar.com\/avatar\/d8d45f8901aadff40a4af72c0b826f1d?s=96&#038;r=g&#038;d=mm","contentUrl":"\/\/www.gravatar.com\/avatar\/d8d45f8901aadff40a4af72c0b826f1d?s=96&#038;r=g&#038;d=mm","caption":"dorogimedence.hu"}}]}},"_links":{"self":[{"href":"https:\/\/dorogimedence.hu\/index.php\/wp-json\/wp\/v2\/posts\/25239","targetHints":{"allow":["GET"]}}],"collection":[{"href":"https:\/\/dorogimedence.hu\/index.php\/wp-json\/wp\/v2\/posts"}],"about":[{"href":"https:\/\/dorogimedence.hu\/index.php\/wp-json\/wp\/v2\/types\/post"}],"author":[{"embeddable":true,"href":"https:\/\/dorogimedence.hu\/index.php\/wp-json\/wp\/v2\/users\/1"}],"replies":[{"embeddable":true,"href":"https:\/\/dorogimedence.hu\/index.php\/wp-json\/wp\/v2\/comments?post=25239"}],"version-history":[{"count":0,"href":"https:\/\/dorogimedence.hu\/index.php\/wp-json\/wp\/v2\/posts\/25239\/revisions"}],"wp:featuredmedia":[{"embeddable":true,"href":"https:\/\/dorogimedence.hu\/index.php\/wp-json\/wp\/v2\/media\/6727"}],"wp:attachment":[{"href":"https:\/\/dorogimedence.hu\/index.php\/wp-json\/wp\/v2\/media?parent=25239"}],"wp:term":[{"taxonomy":"category","embeddable":true,"href":"https:\/\/dorogimedence.hu\/index.php\/wp-json\/wp\/v2\/categories?post=25239"},{"taxonomy":"post_tag","embeddable":true,"href":"https:\/\/dorogimedence.hu\/index.php\/wp-json\/wp\/v2\/tags?post=25239"}],"curies":[{"name":"wp","href":"https:\/\/api.w.org\/{rel}","templated":true}]}}