{"id":25216,"date":"2020-05-27T09:31:59","date_gmt":"2020-05-27T07:31:59","guid":{"rendered":"http:\/\/dorogimedence.hu\/?p=25216"},"modified":"2020-05-27T09:32:38","modified_gmt":"2020-05-27T07:32:38","slug":"minden-palyazo-onkentes-tuzolto-egyesulet-tamogatast-kap","status":"publish","type":"post","link":"https:\/\/dorogimedence.hu\/index.php\/2020\/05\/27\/minden-palyazo-onkentes-tuzolto-egyesulet-tamogatast-kap\/","title":{"rendered":"Minden p\u00e1ly\u00e1z\u00f3 \u00f6nk\u00e9ntes t\u0171zolt\u00f3 egyes\u00fclet t\u00e1mogat\u00e1st kap"},"content":{"rendered":"<p><strong>A Kom\u00e1rom-Esztergom Megyei Katasztr\u00f3fav\u00e9delmi Igazgat\u00f3s\u00e1g m\u0171k\u00f6d\u00e9si ter\u00fclet\u00e9n akt\u00edvan szerepet v\u00e1llal\u00f3, p\u00e1ly\u00e1zat\u00e1t id\u0151ben beny\u00fajt\u00f3 harminc\u00f6t \u00f6nk\u00e9ntes t\u0171zolt\u00f3 egyes\u00fclet r\u00e9szes\u00fclhetett id\u00e9n a p\u00e1ly\u00e1zati t\u00e1mogat\u00e1sban. T\u00e9rs\u00e9g\u00fcnkben Tokod, Csolnok, Keszt\u00f6lc, S\u00e1ris\u00e1p, Nyerges\u00fajfalu \u00e9s S\u00fctt\u0151 \u00f6nk\u00e9ntesei r\u00e9szes\u00fclnek t\u00e1mogat\u00e1sban.<\/strong><\/p>\n<p>Az \u00f6nk\u00e9ntes t\u0171zolt\u00f3 egyes\u00fcletek r\u00e9sz\u00e9re ki\u00edrt p\u00e1ly\u00e1zatra id\u00e9n hatsz\u00e1zegy egyes\u00fclet ny\u00fajtott be p\u00e1ly\u00e1zatot orsz\u00e1gosan, amelynek seg\u00edts\u00e9g\u00e9vel k\u00fcl\u00f6nf\u00e9le t\u0171zolt\u00f3eszk\u00f6z\u00f6kh\u00f6z \u00e9s felszerel\u00e9sekhez juthatnak. Id\u00e9n tizenn\u00e9ggyel t\u00f6bb \u00f6nk\u00e9ntes t\u0171zolt\u00f3 egyes\u00fclet kap t\u00e1mogat\u00e1st, mint az elm\u00falt \u00e9vben.<\/p>\n<p>2020-ban ism\u00e9t h\u00e9tsz\u00e1z milli\u00f3 forint \u00f6ssz\u00e9rt\u00e9k\u0171 t\u00e1mogat\u00e1st oszthat sz\u00e9t a katasztr\u00f3fav\u00e9delem a Magyarorsz\u00e1gon m\u0171k\u00f6d\u0151 \u00f6nk\u00e9ntes t\u0171zolt\u00f3 egyes\u00fcletek \u00e9s ment\u0151szervezetek k\u00f6z\u00f6tt a k\u00f6zponti k\u00f6lts\u00e9gvet\u00e9s fejezeti kezel\u00e9s\u0171 el\u0151ir\u00e1nyzata terh\u00e9re. A h\u00e9tsz\u00e1zmilli\u00f3 forintb\u00f3l sz\u00e1zmilli\u00f3t az \u00f6nk\u00e9ntes ment\u0151szervezetek kaptak, a fennmarad\u00f3 hatsz\u00e1z milli\u00f3 forint a t\u0171zolt\u00f3 egyes\u00fcletekhez ker\u00fcl.<\/p>\n<p>Folyamatosan n\u0151 orsz\u00e1gosan az \u00f6n\u00e1ll\u00f3an beavatkoz\u00f3 \u00f6nk\u00e9ntes t\u0171zolt\u00f3 egyes\u00fcletek sz\u00e1ma, az idei \u00e9vben m\u00e1r \u00f6tven\u00f6t \u00f6nk\u00e9ntes t\u0171zolt\u00f3 egyes\u00fclet rendelkezik a jogk\u00f6rrel, a tervek szerint \u00e9v v\u00e9g\u00e9ig tov\u00e1bbi \u00f6t egyes\u00fclet ker\u00fcl ebbe a k\u00f6rbe. Tov\u00e1bb emelkedett a hivat\u00e1sos t\u0171zolt\u00f3s\u00e1gokkal egy\u00fcttm\u0171k\u00f6d\u00e9si meg\u00e1llapod\u00e1ssal rendelkez\u0151 \u00f6nk\u00e9ntes t\u0171zolt\u00f3 egyes\u00fcletek sz\u00e1ma is, id\u00e9n t\u00f6bb mint 93 sz\u00e1zal\u00e9kuk ny\u00fajtott be p\u00e1ly\u00e1zatot.<\/p>\n<p>A p\u00e1ly\u00e1zati felt\u00e9teleket sikeresen teljes\u00edt\u0151 hatsz\u00e1zegy egyes\u00fclet m\u0171k\u00f6d\u00e9si k\u00f6lts\u00e9gekre, eszk\u00f6z\u00f6k beszerz\u00e9s\u00e9re, szakmai tanfolyamokon t\u00f6rt\u00e9n\u0151 r\u00e9szv\u00e9telre, p\u00e1lyaalkalmass\u00e1gi-vizsg\u00e1latokra, EDR-r\u00e1di\u00f3kra, szert\u00e1r\u00e9p\u00edt\u00e9sre \u00e9s -fel\u00faj\u00edt\u00e1sra, valamint v\u00e9d\u0151- \u00e9s technikai eszk\u00f6z\u00f6kre ny\u00fajtotta be p\u00e1ly\u00e1zat\u00e1t.<\/p>\n<p>A b\u00edr\u00e1l\u00f3 bizotts\u00e1g t\u00e1mogat\u00e1sra vonatkoz\u00f3 javaslatait az orsz\u00e1gos katasztr\u00f3fav\u00e9delmi f\u0151igazgat\u00f3 j\u00f3v\u00e1hagyta, \u00edgy m\u0171k\u00f6d\u00e9si k\u00f6lts\u00e9gre, szert\u00e1r\u00e9p\u00edt\u00e9sre \u00e9s -fel\u00faj\u00edt\u00e1sra sz\u00f3l\u00f3 t\u00e1mogat\u00e1st kapnak az egyes\u00fcletek. A p\u00e1ly\u00e1z\u00f3k ezek mellett v\u00e9d\u0151- \u00e9s t\u0171zolt\u00f3technikai eszk\u00f6z\u00f6ket vehetnek \u00e1t, valamint egy\u00e9b eszk\u00f6z\u00f6ket maguk szerezhetnek be.<\/p>\n<p>A p\u00e1ly\u00e1zatnak k\u00f6sz\u00f6nhet\u0151en t\u0171zolt\u00f3technika-kezel\u0151i t\u00edpusvizsg\u00e1ra is lehet\u0151s\u00e9ge lesz az \u00f6nk\u00e9ntes t\u0171zolt\u00f3knak, \u00f6nk\u00e9ntes g\u00e9pj\u00e1rm\u0171vezet\u0151k pedig megk\u00fcl\u00f6nb\u00f6ztet\u0151 jelz\u00e9st haszn\u00e1l\u00f3 t\u0171zolt\u00f3g\u00e9pj\u00e1rm\u0171vek vezet\u00e9s\u00e9re feljogos\u00edt\u00f3 p\u00e1lyaalkalmass\u00e1gi vizsg\u00e1t tehetnek. T\u00f6bb egyes\u00fclet jut k\u00e9zi \u00e9s mobil EDR-r\u00e1di\u00f3hoz, illetve azok tartoz\u00e9k\u00e1hoz.<\/p>\n<p><strong>T\u00e9rs\u00e9g\u00fcnk \u00f6nk\u00e9ntes szervezetei az al\u00e1bbi t\u00e1mogat\u00e1sban r\u00e9szes\u00fclnek<\/strong> <strong>&#8211;<\/strong> Tokod \u00d6TE: 1.046.373 Ft, Nyerges\u00fajfalu \u00d6TE: 703.644 Ft, \u00d6TE S\u00e1ris\u00e1p: 1.034.966 Ft, S\u00fctt\u0151i \u00d6TE: 683.545 Ft, \u00d6TE Keszt\u00f6lc: 1.038.911 Ft, Csolnoki Polg\u00e1r\u0151r \u00e9s \u00d6TE: 700.000 Ft.<\/p>\n<div class=\"item_fulltext\"><em>Forr\u00e1s: komarom.katasztrofavedelem.hu<\/em><br \/>\n<em> Fot\u00f3: J\u00f3zan T\u00edmea<\/em><\/div>\n<div><\/div>\n","protected":false},"excerpt":{"rendered":"<p>A Kom\u00e1rom-Esztergom Megyei Katasztr\u00f3fav\u00e9delmi Igazgat\u00f3s\u00e1g m\u0171k\u00f6d\u00e9si ter\u00fclet\u00e9n akt\u00edvan szerepet v\u00e1llal\u00f3, p\u00e1ly\u00e1zat\u00e1t id\u0151ben beny\u00fajt\u00f3 harminc\u00f6t \u00f6nk\u00e9ntes t\u0171zolt\u00f3 egyes\u00fclet r\u00e9szes\u00fclhetett id\u00e9n a p\u00e1ly\u00e1zati t\u00e1mogat\u00e1sban. T\u00e9rs\u00e9g\u00fcnkben Tokod, Csolnok, Keszt\u00f6lc, S\u00e1ris\u00e1p, Nyerges\u00fajfalu \u00e9s S\u00fctt\u0151 \u00f6nk\u00e9ntesei r\u00e9szes\u00fclnek t\u00e1mogat\u00e1sban. Az \u00f6nk\u00e9ntes t\u0171zolt\u00f3 egyes\u00fcletek r\u00e9sz\u00e9re ki\u00edrt p\u00e1ly\u00e1zatra id\u00e9n hatsz\u00e1zegy egyes\u00fclet ny\u00fajtott be p\u00e1ly\u00e1zatot orsz\u00e1gosan, amelynek seg\u00edts\u00e9g\u00e9vel k\u00fcl\u00f6nf\u00e9le t\u0171zolt\u00f3eszk\u00f6z\u00f6kh\u00f6z \u00e9s felszerel\u00e9sekhez juthatnak. Id\u00e9n<\/p>\n","protected":false},"author":1,"featured_media":25217,"comment_status":"closed","ping_status":"closed","sticky":false,"template":"","format":"standard","meta":{"ngg_post_thumbnail":0,"footnotes":""},"categories":[64,3,8,1390,6],"tags":[175,4918,1030,503,65],"class_list":{"0":"post-25216","1":"post","2":"type-post","3":"status-publish","4":"format-standard","5":"has-post-thumbnail","7":"category-csolnok","8":"category-hirek","9":"category-kesztolc","10":"category-nyergesujfalu","11":"category-tokod","12":"tag-katasztrofavedelem","13":"tag-onkentes-tuzolto-egyesulet","14":"tag-onkentes-tuzoltok","15":"tag-tamogatas","16":"tag-tuzoltosag"},"yoast_head":"<!-- This site is optimized with the Yoast SEO plugin v27.5 - https:\/\/yoast.com\/product\/yoast-seo-wordpress\/ -->\n<title>Minden p\u00e1ly\u00e1z\u00f3 \u00f6nk\u00e9ntes t\u0171zolt\u00f3 egyes\u00fclet t\u00e1mogat\u00e1st kap<\/title>\n<meta name=\"robots\" content=\"index, follow, max-snippet:-1, max-image-preview:large, max-video-preview:-1\" \/>\n<link rel=\"canonical\" href=\"https:\/\/dorogimedence.hu\/index.php\/2020\/05\/27\/minden-palyazo-onkentes-tuzolto-egyesulet-tamogatast-kap\/\" class=\"yoast-seo-meta-tag\" \/>\n<meta property=\"og:locale\" content=\"hu_HU\" class=\"yoast-seo-meta-tag\" \/>\n<meta property=\"og:type\" content=\"article\" class=\"yoast-seo-meta-tag\" \/>\n<meta property=\"og:title\" content=\"Minden p\u00e1ly\u00e1z\u00f3 \u00f6nk\u00e9ntes t\u0171zolt\u00f3 egyes\u00fclet t\u00e1mogat\u00e1st kap\" class=\"yoast-seo-meta-tag\" \/>\n<meta property=\"og:description\" content=\"A Kom\u00e1rom-Esztergom Megyei Katasztr\u00f3fav\u00e9delmi Igazgat\u00f3s\u00e1g m\u0171k\u00f6d\u00e9si ter\u00fclet\u00e9n akt\u00edvan szerepet v\u00e1llal\u00f3, p\u00e1ly\u00e1zat\u00e1t id\u0151ben beny\u00fajt\u00f3 harminc\u00f6t \u00f6nk\u00e9ntes t\u0171zolt\u00f3 egyes\u00fclet r\u00e9szes\u00fclhetett id\u00e9n a p\u00e1ly\u00e1zati t\u00e1mogat\u00e1sban. T\u00e9rs\u00e9g\u00fcnkben Tokod, Csolnok, Keszt\u00f6lc, S\u00e1ris\u00e1p, Nyerges\u00fajfalu \u00e9s S\u00fctt\u0151 \u00f6nk\u00e9ntesei r\u00e9szes\u00fclnek t\u00e1mogat\u00e1sban. Az \u00f6nk\u00e9ntes t\u0171zolt\u00f3 egyes\u00fcletek r\u00e9sz\u00e9re ki\u00edrt p\u00e1ly\u00e1zatra id\u00e9n hatsz\u00e1zegy egyes\u00fclet ny\u00fajtott be p\u00e1ly\u00e1zatot orsz\u00e1gosan, amelynek seg\u00edts\u00e9g\u00e9vel k\u00fcl\u00f6nf\u00e9le t\u0171zolt\u00f3eszk\u00f6z\u00f6kh\u00f6z \u00e9s felszerel\u00e9sekhez juthatnak. Id\u00e9n\" class=\"yoast-seo-meta-tag\" \/>\n<meta property=\"og:url\" content=\"https:\/\/dorogimedence.hu\/index.php\/2020\/05\/27\/minden-palyazo-onkentes-tuzolto-egyesulet-tamogatast-kap\/\" class=\"yoast-seo-meta-tag\" \/>\n<meta property=\"og:site_name\" content=\"Dorogi-medence Region\u00e1lis H\u00edrport\u00e1l\" class=\"yoast-seo-meta-tag\" \/>\n<meta property=\"article:publisher\" content=\"https:\/\/www.facebook.com\/dorogimedence\/\" class=\"yoast-seo-meta-tag\" \/>\n<meta property=\"article:published_time\" content=\"2020-05-27T07:31:59+00:00\" class=\"yoast-seo-meta-tag\" \/>\n<meta property=\"article:modified_time\" content=\"2020-05-27T07:32:38+00:00\" class=\"yoast-seo-meta-tag\" \/>\n<meta property=\"og:image\" content=\"https:\/\/i0.wp.com\/dorogimedence.hu\/wp-content\/uploads\/2020\/05\/katved-tamogatas.jpg?fit=670%2C365&ssl=1\" class=\"yoast-seo-meta-tag\" \/>\n\t<meta property=\"og:image:width\" content=\"670\" class=\"yoast-seo-meta-tag\" \/>\n\t<meta property=\"og:image:height\" content=\"365\" class=\"yoast-seo-meta-tag\" \/>\n\t<meta property=\"og:image:type\" content=\"image\/jpeg\" class=\"yoast-seo-meta-tag\" \/>\n<meta name=\"author\" content=\"dorogimedence.hu\" class=\"yoast-seo-meta-tag\" \/>\n<meta name=\"twitter:card\" content=\"summary_large_image\" class=\"yoast-seo-meta-tag\" \/>\n<meta name=\"twitter:label1\" content=\"Szerz\u0151:\" class=\"yoast-seo-meta-tag\" \/>\n\t<meta name=\"twitter:data1\" content=\"dorogimedence.hu\" class=\"yoast-seo-meta-tag\" \/>\n\t<meta name=\"twitter:label2\" content=\"Becs\u00fclt olvas\u00e1si id\u0151\" class=\"yoast-seo-meta-tag\" \/>\n\t<meta name=\"twitter:data2\" content=\"3 perc\" class=\"yoast-seo-meta-tag\" \/>\n<script type=\"application\/ld+json\" class=\"yoast-schema-graph\">{\"@context\":\"https:\\\/\\\/schema.org\",\"@graph\":[{\"@type\":\"Article\",\"@id\":\"https:\\\/\\\/dorogimedence.hu\\\/index.php\\\/2020\\\/05\\\/27\\\/minden-palyazo-onkentes-tuzolto-egyesulet-tamogatast-kap\\\/#article\",\"isPartOf\":{\"@id\":\"https:\\\/\\\/dorogimedence.hu\\\/index.php\\\/2020\\\/05\\\/27\\\/minden-palyazo-onkentes-tuzolto-egyesulet-tamogatast-kap\\\/\"},\"author\":{\"name\":\"dorogimedence.hu\",\"@id\":\"https:\\\/\\\/dorogimedence.hu\\\/#\\\/schema\\\/person\\\/ce6091eeb7e95ecdc87890d6aa8e0fd4\"},\"headline\":\"Minden p\u00e1ly\u00e1z\u00f3 \u00f6nk\u00e9ntes t\u0171zolt\u00f3 egyes\u00fclet t\u00e1mogat\u00e1st kap\",\"datePublished\":\"2020-05-27T07:31:59+00:00\",\"dateModified\":\"2020-05-27T07:32:38+00:00\",\"mainEntityOfPage\":{\"@id\":\"https:\\\/\\\/dorogimedence.hu\\\/index.php\\\/2020\\\/05\\\/27\\\/minden-palyazo-onkentes-tuzolto-egyesulet-tamogatast-kap\\\/\"},\"wordCount\":608,\"publisher\":{\"@id\":\"https:\\\/\\\/dorogimedence.hu\\\/#organization\"},\"image\":{\"@id\":\"https:\\\/\\\/dorogimedence.hu\\\/index.php\\\/2020\\\/05\\\/27\\\/minden-palyazo-onkentes-tuzolto-egyesulet-tamogatast-kap\\\/#primaryimage\"},\"thumbnailUrl\":\"https:\\\/\\\/dorogimedence.hu\\\/wp-content\\\/uploads\\\/2020\\\/05\\\/katved-tamogatas.jpg\",\"keywords\":[\"katasztr\u00f3fav\u00e9delem\",\"\u00f6nk\u00e9ntes t\u0171zolt\u00f3 egyes\u00fclet\",\"\u00f6nk\u00e9ntes t\u0171zolt\u00f3k\",\"t\u00e1mogat\u00e1s\",\"t\u0171zolt\u00f3s\u00e1g\"],\"articleSection\":[\"Csolnok\",\"H\u00edrek\",\"Keszt\u00f6lc\",\"Nyerges\u00fajfalu\",\"Tokod\"],\"inLanguage\":\"hu\"},{\"@type\":\"WebPage\",\"@id\":\"https:\\\/\\\/dorogimedence.hu\\\/index.php\\\/2020\\\/05\\\/27\\\/minden-palyazo-onkentes-tuzolto-egyesulet-tamogatast-kap\\\/\",\"url\":\"https:\\\/\\\/dorogimedence.hu\\\/index.php\\\/2020\\\/05\\\/27\\\/minden-palyazo-onkentes-tuzolto-egyesulet-tamogatast-kap\\\/\",\"name\":\"Minden p\u00e1ly\u00e1z\u00f3 \u00f6nk\u00e9ntes t\u0171zolt\u00f3 egyes\u00fclet t\u00e1mogat\u00e1st kap\",\"isPartOf\":{\"@id\":\"https:\\\/\\\/dorogimedence.hu\\\/#website\"},\"primaryImageOfPage\":{\"@id\":\"https:\\\/\\\/dorogimedence.hu\\\/index.php\\\/2020\\\/05\\\/27\\\/minden-palyazo-onkentes-tuzolto-egyesulet-tamogatast-kap\\\/#primaryimage\"},\"image\":{\"@id\":\"https:\\\/\\\/dorogimedence.hu\\\/index.php\\\/2020\\\/05\\\/27\\\/minden-palyazo-onkentes-tuzolto-egyesulet-tamogatast-kap\\\/#primaryimage\"},\"thumbnailUrl\":\"https:\\\/\\\/dorogimedence.hu\\\/wp-content\\\/uploads\\\/2020\\\/05\\\/katved-tamogatas.jpg\",\"datePublished\":\"2020-05-27T07:31:59+00:00\",\"dateModified\":\"2020-05-27T07:32:38+00:00\",\"breadcrumb\":{\"@id\":\"https:\\\/\\\/dorogimedence.hu\\\/index.php\\\/2020\\\/05\\\/27\\\/minden-palyazo-onkentes-tuzolto-egyesulet-tamogatast-kap\\\/#breadcrumb\"},\"inLanguage\":\"hu\",\"potentialAction\":[{\"@type\":\"ReadAction\",\"target\":[\"https:\\\/\\\/dorogimedence.hu\\\/index.php\\\/2020\\\/05\\\/27\\\/minden-palyazo-onkentes-tuzolto-egyesulet-tamogatast-kap\\\/\"]}]},{\"@type\":\"ImageObject\",\"inLanguage\":\"hu\",\"@id\":\"https:\\\/\\\/dorogimedence.hu\\\/index.php\\\/2020\\\/05\\\/27\\\/minden-palyazo-onkentes-tuzolto-egyesulet-tamogatast-kap\\\/#primaryimage\",\"url\":\"https:\\\/\\\/dorogimedence.hu\\\/wp-content\\\/uploads\\\/2020\\\/05\\\/katved-tamogatas.jpg\",\"contentUrl\":\"https:\\\/\\\/dorogimedence.hu\\\/wp-content\\\/uploads\\\/2020\\\/05\\\/katved-tamogatas.jpg\",\"width\":670,\"height\":365},{\"@type\":\"BreadcrumbList\",\"@id\":\"https:\\\/\\\/dorogimedence.hu\\\/index.php\\\/2020\\\/05\\\/27\\\/minden-palyazo-onkentes-tuzolto-egyesulet-tamogatast-kap\\\/#breadcrumb\",\"itemListElement\":[{\"@type\":\"ListItem\",\"position\":1,\"name\":\"Kezd\u0151lap\",\"item\":\"https:\\\/\\\/dorogimedence.hu\\\/\"},{\"@type\":\"ListItem\",\"position\":2,\"name\":\"Minden p\u00e1ly\u00e1z\u00f3 \u00f6nk\u00e9ntes t\u0171zolt\u00f3 egyes\u00fclet t\u00e1mogat\u00e1st kap\"}]},{\"@type\":\"WebSite\",\"@id\":\"https:\\\/\\\/dorogimedence.hu\\\/#website\",\"url\":\"https:\\\/\\\/dorogimedence.hu\\\/\",\"name\":\"Dorogi-medence Region\u00e1lis H\u00edrport\u00e1l\",\"description\":\"Dorog, Keszt\u00f6lc, Le\u00e1nyv\u00e1r, Piliscs\u00e9v, Tokod, Tokodalt\u00e1r\u00f3, Csolnok, Esztergom-kertv\u00e1ros: h\u00edrek, programok\",\"publisher\":{\"@id\":\"https:\\\/\\\/dorogimedence.hu\\\/#organization\"},\"potentialAction\":[{\"@type\":\"SearchAction\",\"target\":{\"@type\":\"EntryPoint\",\"urlTemplate\":\"https:\\\/\\\/dorogimedence.hu\\\/?s={search_term_string}\"},\"query-input\":{\"@type\":\"PropertyValueSpecification\",\"valueRequired\":true,\"valueName\":\"search_term_string\"}}],\"inLanguage\":\"hu\"},{\"@type\":\"Organization\",\"@id\":\"https:\\\/\\\/dorogimedence.hu\\\/#organization\",\"name\":\"Dorogi-medence Region\u00e1lis H\u00edrport\u00e1l\",\"url\":\"https:\\\/\\\/dorogimedence.hu\\\/\",\"logo\":{\"@type\":\"ImageObject\",\"inLanguage\":\"hu\",\"@id\":\"https:\\\/\\\/dorogimedence.hu\\\/#\\\/schema\\\/logo\\\/image\\\/\",\"url\":\"https:\\\/\\\/dorogimedence.hu\\\/wp-content\\\/uploads\\\/2021\\\/04\\\/logo-feher-600.png\",\"contentUrl\":\"https:\\\/\\\/dorogimedence.hu\\\/wp-content\\\/uploads\\\/2021\\\/04\\\/logo-feher-600.png\",\"width\":600,\"height\":100,\"caption\":\"Dorogi-medence Region\u00e1lis H\u00edrport\u00e1l\"},\"image\":{\"@id\":\"https:\\\/\\\/dorogimedence.hu\\\/#\\\/schema\\\/logo\\\/image\\\/\"},\"sameAs\":[\"https:\\\/\\\/www.facebook.com\\\/dorogimedence\\\/\"]},{\"@type\":\"Person\",\"@id\":\"https:\\\/\\\/dorogimedence.hu\\\/#\\\/schema\\\/person\\\/ce6091eeb7e95ecdc87890d6aa8e0fd4\",\"name\":\"dorogimedence.hu\",\"image\":{\"@type\":\"ImageObject\",\"inLanguage\":\"hu\",\"@id\":\"\\\/\\\/www.gravatar.com\\\/avatar\\\/d8d45f8901aadff40a4af72c0b826f1d?s=96&#038;r=g&#038;d=mm\",\"url\":\"\\\/\\\/www.gravatar.com\\\/avatar\\\/d8d45f8901aadff40a4af72c0b826f1d?s=96&#038;r=g&#038;d=mm\",\"contentUrl\":\"\\\/\\\/www.gravatar.com\\\/avatar\\\/d8d45f8901aadff40a4af72c0b826f1d?s=96&#038;r=g&#038;d=mm\",\"caption\":\"dorogimedence.hu\"}}]}<\/script>\n<!-- \/ Yoast SEO plugin. -->","yoast_head_json":{"title":"Minden p\u00e1ly\u00e1z\u00f3 \u00f6nk\u00e9ntes t\u0171zolt\u00f3 egyes\u00fclet t\u00e1mogat\u00e1st kap","robots":{"index":"index","follow":"follow","max-snippet":"max-snippet:-1","max-image-preview":"max-image-preview:large","max-video-preview":"max-video-preview:-1"},"canonical":"https:\/\/dorogimedence.hu\/index.php\/2020\/05\/27\/minden-palyazo-onkentes-tuzolto-egyesulet-tamogatast-kap\/","og_locale":"hu_HU","og_type":"article","og_title":"Minden p\u00e1ly\u00e1z\u00f3 \u00f6nk\u00e9ntes t\u0171zolt\u00f3 egyes\u00fclet t\u00e1mogat\u00e1st kap","og_description":"A Kom\u00e1rom-Esztergom Megyei Katasztr\u00f3fav\u00e9delmi Igazgat\u00f3s\u00e1g m\u0171k\u00f6d\u00e9si ter\u00fclet\u00e9n akt\u00edvan szerepet v\u00e1llal\u00f3, p\u00e1ly\u00e1zat\u00e1t id\u0151ben beny\u00fajt\u00f3 harminc\u00f6t \u00f6nk\u00e9ntes t\u0171zolt\u00f3 egyes\u00fclet r\u00e9szes\u00fclhetett id\u00e9n a p\u00e1ly\u00e1zati t\u00e1mogat\u00e1sban. T\u00e9rs\u00e9g\u00fcnkben Tokod, Csolnok, Keszt\u00f6lc, S\u00e1ris\u00e1p, Nyerges\u00fajfalu \u00e9s S\u00fctt\u0151 \u00f6nk\u00e9ntesei r\u00e9szes\u00fclnek t\u00e1mogat\u00e1sban. Az \u00f6nk\u00e9ntes t\u0171zolt\u00f3 egyes\u00fcletek r\u00e9sz\u00e9re ki\u00edrt p\u00e1ly\u00e1zatra id\u00e9n hatsz\u00e1zegy egyes\u00fclet ny\u00fajtott be p\u00e1ly\u00e1zatot orsz\u00e1gosan, amelynek seg\u00edts\u00e9g\u00e9vel k\u00fcl\u00f6nf\u00e9le t\u0171zolt\u00f3eszk\u00f6z\u00f6kh\u00f6z \u00e9s felszerel\u00e9sekhez juthatnak. Id\u00e9n","og_url":"https:\/\/dorogimedence.hu\/index.php\/2020\/05\/27\/minden-palyazo-onkentes-tuzolto-egyesulet-tamogatast-kap\/","og_site_name":"Dorogi-medence Region\u00e1lis H\u00edrport\u00e1l","article_publisher":"https:\/\/www.facebook.com\/dorogimedence\/","article_published_time":"2020-05-27T07:31:59+00:00","article_modified_time":"2020-05-27T07:32:38+00:00","og_image":[{"width":670,"height":365,"url":"https:\/\/i0.wp.com\/dorogimedence.hu\/wp-content\/uploads\/2020\/05\/katved-tamogatas.jpg?fit=670%2C365&ssl=1","type":"image\/jpeg"}],"author":"dorogimedence.hu","twitter_card":"summary_large_image","twitter_misc":{"Szerz\u0151:":"dorogimedence.hu","Becs\u00fclt olvas\u00e1si id\u0151":"3 perc"},"schema":{"@context":"https:\/\/schema.org","@graph":[{"@type":"Article","@id":"https:\/\/dorogimedence.hu\/index.php\/2020\/05\/27\/minden-palyazo-onkentes-tuzolto-egyesulet-tamogatast-kap\/#article","isPartOf":{"@id":"https:\/\/dorogimedence.hu\/index.php\/2020\/05\/27\/minden-palyazo-onkentes-tuzolto-egyesulet-tamogatast-kap\/"},"author":{"name":"dorogimedence.hu","@id":"https:\/\/dorogimedence.hu\/#\/schema\/person\/ce6091eeb7e95ecdc87890d6aa8e0fd4"},"headline":"Minden p\u00e1ly\u00e1z\u00f3 \u00f6nk\u00e9ntes t\u0171zolt\u00f3 egyes\u00fclet t\u00e1mogat\u00e1st kap","datePublished":"2020-05-27T07:31:59+00:00","dateModified":"2020-05-27T07:32:38+00:00","mainEntityOfPage":{"@id":"https:\/\/dorogimedence.hu\/index.php\/2020\/05\/27\/minden-palyazo-onkentes-tuzolto-egyesulet-tamogatast-kap\/"},"wordCount":608,"publisher":{"@id":"https:\/\/dorogimedence.hu\/#organization"},"image":{"@id":"https:\/\/dorogimedence.hu\/index.php\/2020\/05\/27\/minden-palyazo-onkentes-tuzolto-egyesulet-tamogatast-kap\/#primaryimage"},"thumbnailUrl":"https:\/\/dorogimedence.hu\/wp-content\/uploads\/2020\/05\/katved-tamogatas.jpg","keywords":["katasztr\u00f3fav\u00e9delem","\u00f6nk\u00e9ntes t\u0171zolt\u00f3 egyes\u00fclet","\u00f6nk\u00e9ntes t\u0171zolt\u00f3k","t\u00e1mogat\u00e1s","t\u0171zolt\u00f3s\u00e1g"],"articleSection":["Csolnok","H\u00edrek","Keszt\u00f6lc","Nyerges\u00fajfalu","Tokod"],"inLanguage":"hu"},{"@type":"WebPage","@id":"https:\/\/dorogimedence.hu\/index.php\/2020\/05\/27\/minden-palyazo-onkentes-tuzolto-egyesulet-tamogatast-kap\/","url":"https:\/\/dorogimedence.hu\/index.php\/2020\/05\/27\/minden-palyazo-onkentes-tuzolto-egyesulet-tamogatast-kap\/","name":"Minden p\u00e1ly\u00e1z\u00f3 \u00f6nk\u00e9ntes t\u0171zolt\u00f3 egyes\u00fclet t\u00e1mogat\u00e1st kap","isPartOf":{"@id":"https:\/\/dorogimedence.hu\/#website"},"primaryImageOfPage":{"@id":"https:\/\/dorogimedence.hu\/index.php\/2020\/05\/27\/minden-palyazo-onkentes-tuzolto-egyesulet-tamogatast-kap\/#primaryimage"},"image":{"@id":"https:\/\/dorogimedence.hu\/index.php\/2020\/05\/27\/minden-palyazo-onkentes-tuzolto-egyesulet-tamogatast-kap\/#primaryimage"},"thumbnailUrl":"https:\/\/dorogimedence.hu\/wp-content\/uploads\/2020\/05\/katved-tamogatas.jpg","datePublished":"2020-05-27T07:31:59+00:00","dateModified":"2020-05-27T07:32:38+00:00","breadcrumb":{"@id":"https:\/\/dorogimedence.hu\/index.php\/2020\/05\/27\/minden-palyazo-onkentes-tuzolto-egyesulet-tamogatast-kap\/#breadcrumb"},"inLanguage":"hu","potentialAction":[{"@type":"ReadAction","target":["https:\/\/dorogimedence.hu\/index.php\/2020\/05\/27\/minden-palyazo-onkentes-tuzolto-egyesulet-tamogatast-kap\/"]}]},{"@type":"ImageObject","inLanguage":"hu","@id":"https:\/\/dorogimedence.hu\/index.php\/2020\/05\/27\/minden-palyazo-onkentes-tuzolto-egyesulet-tamogatast-kap\/#primaryimage","url":"https:\/\/dorogimedence.hu\/wp-content\/uploads\/2020\/05\/katved-tamogatas.jpg","contentUrl":"https:\/\/dorogimedence.hu\/wp-content\/uploads\/2020\/05\/katved-tamogatas.jpg","width":670,"height":365},{"@type":"BreadcrumbList","@id":"https:\/\/dorogimedence.hu\/index.php\/2020\/05\/27\/minden-palyazo-onkentes-tuzolto-egyesulet-tamogatast-kap\/#breadcrumb","itemListElement":[{"@type":"ListItem","position":1,"name":"Kezd\u0151lap","item":"https:\/\/dorogimedence.hu\/"},{"@type":"ListItem","position":2,"name":"Minden p\u00e1ly\u00e1z\u00f3 \u00f6nk\u00e9ntes t\u0171zolt\u00f3 egyes\u00fclet t\u00e1mogat\u00e1st kap"}]},{"@type":"WebSite","@id":"https:\/\/dorogimedence.hu\/#website","url":"https:\/\/dorogimedence.hu\/","name":"Dorogi-medence Region\u00e1lis H\u00edrport\u00e1l","description":"Dorog, Keszt\u00f6lc, Le\u00e1nyv\u00e1r, Piliscs\u00e9v, Tokod, Tokodalt\u00e1r\u00f3, Csolnok, Esztergom-kertv\u00e1ros: h\u00edrek, programok","publisher":{"@id":"https:\/\/dorogimedence.hu\/#organization"},"potentialAction":[{"@type":"SearchAction","target":{"@type":"EntryPoint","urlTemplate":"https:\/\/dorogimedence.hu\/?s={search_term_string}"},"query-input":{"@type":"PropertyValueSpecification","valueRequired":true,"valueName":"search_term_string"}}],"inLanguage":"hu"},{"@type":"Organization","@id":"https:\/\/dorogimedence.hu\/#organization","name":"Dorogi-medence Region\u00e1lis H\u00edrport\u00e1l","url":"https:\/\/dorogimedence.hu\/","logo":{"@type":"ImageObject","inLanguage":"hu","@id":"https:\/\/dorogimedence.hu\/#\/schema\/logo\/image\/","url":"https:\/\/dorogimedence.hu\/wp-content\/uploads\/2021\/04\/logo-feher-600.png","contentUrl":"https:\/\/dorogimedence.hu\/wp-content\/uploads\/2021\/04\/logo-feher-600.png","width":600,"height":100,"caption":"Dorogi-medence Region\u00e1lis H\u00edrport\u00e1l"},"image":{"@id":"https:\/\/dorogimedence.hu\/#\/schema\/logo\/image\/"},"sameAs":["https:\/\/www.facebook.com\/dorogimedence\/"]},{"@type":"Person","@id":"https:\/\/dorogimedence.hu\/#\/schema\/person\/ce6091eeb7e95ecdc87890d6aa8e0fd4","name":"dorogimedence.hu","image":{"@type":"ImageObject","inLanguage":"hu","@id":"\/\/www.gravatar.com\/avatar\/d8d45f8901aadff40a4af72c0b826f1d?s=96&#038;r=g&#038;d=mm","url":"\/\/www.gravatar.com\/avatar\/d8d45f8901aadff40a4af72c0b826f1d?s=96&#038;r=g&#038;d=mm","contentUrl":"\/\/www.gravatar.com\/avatar\/d8d45f8901aadff40a4af72c0b826f1d?s=96&#038;r=g&#038;d=mm","caption":"dorogimedence.hu"}}]}},"_links":{"self":[{"href":"https:\/\/dorogimedence.hu\/index.php\/wp-json\/wp\/v2\/posts\/25216","targetHints":{"allow":["GET"]}}],"collection":[{"href":"https:\/\/dorogimedence.hu\/index.php\/wp-json\/wp\/v2\/posts"}],"about":[{"href":"https:\/\/dorogimedence.hu\/index.php\/wp-json\/wp\/v2\/types\/post"}],"author":[{"embeddable":true,"href":"https:\/\/dorogimedence.hu\/index.php\/wp-json\/wp\/v2\/users\/1"}],"replies":[{"embeddable":true,"href":"https:\/\/dorogimedence.hu\/index.php\/wp-json\/wp\/v2\/comments?post=25216"}],"version-history":[{"count":0,"href":"https:\/\/dorogimedence.hu\/index.php\/wp-json\/wp\/v2\/posts\/25216\/revisions"}],"wp:featuredmedia":[{"embeddable":true,"href":"https:\/\/dorogimedence.hu\/index.php\/wp-json\/wp\/v2\/media\/25217"}],"wp:attachment":[{"href":"https:\/\/dorogimedence.hu\/index.php\/wp-json\/wp\/v2\/media?parent=25216"}],"wp:term":[{"taxonomy":"category","embeddable":true,"href":"https:\/\/dorogimedence.hu\/index.php\/wp-json\/wp\/v2\/categories?post=25216"},{"taxonomy":"post_tag","embeddable":true,"href":"https:\/\/dorogimedence.hu\/index.php\/wp-json\/wp\/v2\/tags?post=25216"}],"curies":[{"name":"wp","href":"https:\/\/api.w.org\/{rel}","templated":true}]}}