{"id":25071,"date":"2020-05-21T10:37:37","date_gmt":"2020-05-21T08:37:37","guid":{"rendered":"http:\/\/dorogimedence.hu\/?p=25071"},"modified":"2020-05-21T12:30:44","modified_gmt":"2020-05-21T10:30:44","slug":"junius-26-ig-hosszabbitottak-meg-az-ideiglenes-hatarellenorzest-szlovakiaban","status":"publish","type":"post","link":"https:\/\/dorogimedence.hu\/index.php\/2020\/05\/21\/junius-26-ig-hosszabbitottak-meg-az-ideiglenes-hatarellenorzest-szlovakiaban\/","title":{"rendered":"J\u00fanius 26-ig hosszabb\u00edtott\u00e1k meg az ideiglenes hat\u00e1rellen\u0151rz\u00e9st Szlov\u00e1ki\u00e1ban"},"content":{"rendered":"<p><strong><span class=\"article-content--lead__text\">A szlov\u00e1k korm\u00e1ny j\u00fanius 26-ig meghosszabb\u00edtotta a schengeni t\u00e9rs\u00e9gen bel\u00fcli ideiglenes hat\u00e1rellen\u0151rz\u00e9st az Ausztri\u00e1val, Magyarorsz\u00e1ggal, Csehorsz\u00e1ggal \u00e9s Lengyelorsz\u00e1ggal k\u00f6z\u00f6s hat\u00e1rain, valamint a nemzetk\u00f6zi rep\u00fcl\u0151tereken. A jelenleg \u00e9rv\u00e9nyben l\u00e9v\u0151 hosszabb\u00edt\u00e1s m\u00e1jus 27-\u00e9n j\u00e1rt volna le.<\/span><\/strong><strong><span class=\"article-content--lead__text\"><br \/>\n<\/span><\/strong><\/p>\n<p>Az \u00fajabb hosszabb\u00edt\u00e1s is az \u00faj t\u00edpus\u00fa koronav\u00edrus terjed\u00e9s\u00e9re reag\u00e1l\u00f3, illetve a v\u00edrus jelentette kock\u00e1zat cs\u00f6kkent\u00e9s\u00e9t c\u00e9lz\u00f3 \u00f3vint\u00e9zked\u00e9sekkel van \u00f6sszef\u00fcgg\u00e9sben <em>&#8211; tudta meg<span class=\"article-content--lead__text\"> az <a href=\"https:\/\/ujszo.com\/junius-26-ig-hosszabbitottak-meg-az-ideiglenes-hatarellenorzest\" target=\"_blank\" rel=\"noopener noreferrer\"><span style=\"text-decoration: underline; color: #0000ff;\">ujszo.com<\/span><\/a>.<\/span><\/em><\/p>\n<p>Magyarorsz\u00e1g ir\u00e1ny\u00e1b\u00f3l \u00e1t lehet kelni a Pozsony \u2013 Dunacs\u00fan (\u010cunovo) \u2013 Rajka (aut\u00f3p\u00e1lya), Medve \u2013 V\u00e1mosszabadi, R\u00e9vkom\u00e1rom \u2013 Kom\u00e1rom, <strong>P\u00e1rk\u00e1ny \u2013 Esztergom<\/strong>, Ipolys\u00e1g \u2013 Parassapuszta, T\u00f3tgyarmat (Slovensk\u00e9 \u010earmoty) \u2013 Balassagyarmat, S\u00e1torosb\u00e1nya (\u0160iatorsk\u00e1 Bukovinka) \u2013 Salg\u00f3tarj\u00e1n, Saj\u00f3szentkir\u00e1ly (Kr\u00e1\u013e) \u2013 B\u00e1nr\u00e9ve, Migl\u00e9c (Milhos\u0165) \u2013 Tornyosn\u00e9meti (I\/17, R4), B\u00f3dvavend\u00e9gi (Hos\u0165ovce) \u2013 Tornan\u00e1daska, valamint az \u00dajhely (Slovensk\u00e9 Nov\u00e9 Mesto) \u2013 S\u00e1toralja\u00fajhely (k\u00f6z\u00fati \u00e9s vas\u00fati) hat\u00e1r\u00e1tkel\u0151k\u00f6n. Nyitva vannak tov\u00e1bb\u00e1 a Hern\u00e1cs\u00e1ny (\u010ca\u0148a) \u2013 Hidasn\u00e9meti, Saj\u00f3l\u00e9n\u00e1rtfalva (Len\u00e1rtovce) \u2013 B\u00e1nr\u00e9ve, F\u00fclek \u2013 Somosk\u0151\u00fajfalu, <strong>P\u00e1rk\u00e1ny \u2013 Szob<\/strong>, R\u00e9vkom\u00e1rom \u2013 Kom\u00e1rom \u00e9s Oroszv\u00e1r (Rusovce) \u2013 Rajka vas\u00fati hat\u00e1r\u00e1tkel\u0151k is.<\/p>\n<p>A list\u00e1t b\u0151v\u00edtett\u00e9k a Pozsony \u2013 Hainburg szlov\u00e1k-osztr\u00e1k \u00e9s a <strong>P\u00e1rk\u00e1ny \u2013 Esztergom<\/strong>, R\u00e9vkom\u00e1rom \u2013 Kom\u00e1rom szlov\u00e1k\u2013magyar <strong>folyami \u00e1tkel\u0151kkel<\/strong>.<\/p>\n<p><em>Forr\u00e1s: ujszo.com<\/em><\/p>\n","protected":false},"excerpt":{"rendered":"<p>A szlov\u00e1k korm\u00e1ny j\u00fanius 26-ig meghosszabb\u00edtotta a schengeni t\u00e9rs\u00e9gen bel\u00fcli ideiglenes hat\u00e1rellen\u0151rz\u00e9st az Ausztri\u00e1val, Magyarorsz\u00e1ggal, Csehorsz\u00e1ggal \u00e9s Lengyelorsz\u00e1ggal k\u00f6z\u00f6s hat\u00e1rain, valamint a nemzetk\u00f6zi rep\u00fcl\u0151tereken. A jelenleg \u00e9rv\u00e9nyben l\u00e9v\u0151 hosszabb\u00edt\u00e1s m\u00e1jus 27-\u00e9n j\u00e1rt volna le. Az \u00fajabb hosszabb\u00edt\u00e1s is az \u00faj t\u00edpus\u00fa koronav\u00edrus terjed\u00e9s\u00e9re reag\u00e1l\u00f3, illetve a v\u00edrus jelentette kock\u00e1zat cs\u00f6kkent\u00e9s\u00e9t c\u00e9lz\u00f3 \u00f3vint\u00e9zked\u00e9sekkel van \u00f6sszef\u00fcgg\u00e9sben &#8211;<\/p>\n","protected":false},"author":1,"featured_media":23617,"comment_status":"closed","ping_status":"closed","sticky":false,"template":"","format":"standard","meta":{"ngg_post_thumbnail":0,"footnotes":""},"categories":[38,3],"tags":[42,4863,4907,212,241],"class_list":{"0":"post-25071","1":"post","2":"type-post","3":"status-publish","4":"format-standard","5":"has-post-thumbnail","7":"category-esztergom","8":"category-hirek","9":"tag-esztergom","10":"tag-hatar","11":"tag-hatarellenorzes","12":"tag-parkany","13":"tag-szlovakia"},"yoast_head":"<!-- This site is optimized with the Yoast SEO plugin v27.4 - https:\/\/yoast.com\/product\/yoast-seo-wordpress\/ -->\n<title>J\u00fanius 26-ig hosszabb\u00edtott\u00e1k meg az ideiglenes hat\u00e1rellen\u0151rz\u00e9st Szlov\u00e1ki\u00e1ban<\/title>\n<meta name=\"robots\" content=\"index, follow, max-snippet:-1, max-image-preview:large, max-video-preview:-1\" \/>\n<link rel=\"canonical\" href=\"https:\/\/dorogimedence.hu\/index.php\/2020\/05\/21\/junius-26-ig-hosszabbitottak-meg-az-ideiglenes-hatarellenorzest-szlovakiaban\/\" class=\"yoast-seo-meta-tag\" \/>\n<meta property=\"og:locale\" content=\"hu_HU\" class=\"yoast-seo-meta-tag\" \/>\n<meta property=\"og:type\" content=\"article\" class=\"yoast-seo-meta-tag\" \/>\n<meta property=\"og:title\" content=\"J\u00fanius 26-ig hosszabb\u00edtott\u00e1k meg az ideiglenes hat\u00e1rellen\u0151rz\u00e9st Szlov\u00e1ki\u00e1ban\" class=\"yoast-seo-meta-tag\" \/>\n<meta property=\"og:description\" content=\"A szlov\u00e1k korm\u00e1ny j\u00fanius 26-ig meghosszabb\u00edtotta a schengeni t\u00e9rs\u00e9gen bel\u00fcli ideiglenes hat\u00e1rellen\u0151rz\u00e9st az Ausztri\u00e1val, Magyarorsz\u00e1ggal, Csehorsz\u00e1ggal \u00e9s Lengyelorsz\u00e1ggal k\u00f6z\u00f6s hat\u00e1rain, valamint a nemzetk\u00f6zi rep\u00fcl\u0151tereken. A jelenleg \u00e9rv\u00e9nyben l\u00e9v\u0151 hosszabb\u00edt\u00e1s m\u00e1jus 27-\u00e9n j\u00e1rt volna le. Az \u00fajabb hosszabb\u00edt\u00e1s is az \u00faj t\u00edpus\u00fa koronav\u00edrus terjed\u00e9s\u00e9re reag\u00e1l\u00f3, illetve a v\u00edrus jelentette kock\u00e1zat cs\u00f6kkent\u00e9s\u00e9t c\u00e9lz\u00f3 \u00f3vint\u00e9zked\u00e9sekkel van \u00f6sszef\u00fcgg\u00e9sben &#8211;\" class=\"yoast-seo-meta-tag\" \/>\n<meta property=\"og:url\" content=\"https:\/\/dorogimedence.hu\/index.php\/2020\/05\/21\/junius-26-ig-hosszabbitottak-meg-az-ideiglenes-hatarellenorzest-szlovakiaban\/\" class=\"yoast-seo-meta-tag\" \/>\n<meta property=\"og:site_name\" content=\"Dorogi-medence Region\u00e1lis H\u00edrport\u00e1l\" class=\"yoast-seo-meta-tag\" \/>\n<meta property=\"article:publisher\" content=\"https:\/\/www.facebook.com\/dorogimedence\/\" class=\"yoast-seo-meta-tag\" \/>\n<meta property=\"article:published_time\" content=\"2020-05-21T08:37:37+00:00\" class=\"yoast-seo-meta-tag\" \/>\n<meta property=\"article:modified_time\" content=\"2020-05-21T10:30:44+00:00\" class=\"yoast-seo-meta-tag\" \/>\n<meta property=\"og:image\" content=\"https:\/\/i0.wp.com\/dorogimedence.hu\/wp-content\/uploads\/2020\/03\/hatarellenorzes.jpg?fit=670%2C365&ssl=1\" class=\"yoast-seo-meta-tag\" \/>\n\t<meta property=\"og:image:width\" content=\"670\" class=\"yoast-seo-meta-tag\" \/>\n\t<meta property=\"og:image:height\" content=\"365\" class=\"yoast-seo-meta-tag\" \/>\n\t<meta property=\"og:image:type\" content=\"image\/jpeg\" class=\"yoast-seo-meta-tag\" \/>\n<meta name=\"author\" content=\"dorogimedence.hu\" class=\"yoast-seo-meta-tag\" \/>\n<meta name=\"twitter:card\" content=\"summary_large_image\" class=\"yoast-seo-meta-tag\" \/>\n<meta name=\"twitter:label1\" content=\"Szerz\u0151:\" class=\"yoast-seo-meta-tag\" \/>\n\t<meta name=\"twitter:data1\" content=\"dorogimedence.hu\" class=\"yoast-seo-meta-tag\" \/>\n\t<meta name=\"twitter:label2\" content=\"Becs\u00fclt olvas\u00e1si id\u0151\" class=\"yoast-seo-meta-tag\" \/>\n\t<meta name=\"twitter:data2\" content=\"1 perc\" class=\"yoast-seo-meta-tag\" \/>\n<script type=\"application\/ld+json\" class=\"yoast-schema-graph\">{\"@context\":\"https:\\\/\\\/schema.org\",\"@graph\":[{\"@type\":\"Article\",\"@id\":\"https:\\\/\\\/dorogimedence.hu\\\/index.php\\\/2020\\\/05\\\/21\\\/junius-26-ig-hosszabbitottak-meg-az-ideiglenes-hatarellenorzest-szlovakiaban\\\/#article\",\"isPartOf\":{\"@id\":\"https:\\\/\\\/dorogimedence.hu\\\/index.php\\\/2020\\\/05\\\/21\\\/junius-26-ig-hosszabbitottak-meg-az-ideiglenes-hatarellenorzest-szlovakiaban\\\/\"},\"author\":{\"name\":\"dorogimedence.hu\",\"@id\":\"https:\\\/\\\/dorogimedence.hu\\\/#\\\/schema\\\/person\\\/ce6091eeb7e95ecdc87890d6aa8e0fd4\"},\"headline\":\"J\u00fanius 26-ig hosszabb\u00edtott\u00e1k meg az ideiglenes hat\u00e1rellen\u0151rz\u00e9st Szlov\u00e1ki\u00e1ban\",\"datePublished\":\"2020-05-21T08:37:37+00:00\",\"dateModified\":\"2020-05-21T10:30:44+00:00\",\"mainEntityOfPage\":{\"@id\":\"https:\\\/\\\/dorogimedence.hu\\\/index.php\\\/2020\\\/05\\\/21\\\/junius-26-ig-hosszabbitottak-meg-az-ideiglenes-hatarellenorzest-szlovakiaban\\\/\"},\"wordCount\":287,\"publisher\":{\"@id\":\"https:\\\/\\\/dorogimedence.hu\\\/#organization\"},\"image\":{\"@id\":\"https:\\\/\\\/dorogimedence.hu\\\/index.php\\\/2020\\\/05\\\/21\\\/junius-26-ig-hosszabbitottak-meg-az-ideiglenes-hatarellenorzest-szlovakiaban\\\/#primaryimage\"},\"thumbnailUrl\":\"https:\\\/\\\/dorogimedence.hu\\\/wp-content\\\/uploads\\\/2020\\\/03\\\/hatarellenorzes.jpg\",\"keywords\":[\"esztergom\",\"hat\u00e1r\",\"hat\u00e1rellen\u0151rz\u00e9s\",\"P\u00e1rk\u00e1ny\",\"szlov\u00e1kia\"],\"articleSection\":[\"Esztergom\",\"H\u00edrek\"],\"inLanguage\":\"hu\"},{\"@type\":\"WebPage\",\"@id\":\"https:\\\/\\\/dorogimedence.hu\\\/index.php\\\/2020\\\/05\\\/21\\\/junius-26-ig-hosszabbitottak-meg-az-ideiglenes-hatarellenorzest-szlovakiaban\\\/\",\"url\":\"https:\\\/\\\/dorogimedence.hu\\\/index.php\\\/2020\\\/05\\\/21\\\/junius-26-ig-hosszabbitottak-meg-az-ideiglenes-hatarellenorzest-szlovakiaban\\\/\",\"name\":\"J\u00fanius 26-ig hosszabb\u00edtott\u00e1k meg az ideiglenes hat\u00e1rellen\u0151rz\u00e9st Szlov\u00e1ki\u00e1ban\",\"isPartOf\":{\"@id\":\"https:\\\/\\\/dorogimedence.hu\\\/#website\"},\"primaryImageOfPage\":{\"@id\":\"https:\\\/\\\/dorogimedence.hu\\\/index.php\\\/2020\\\/05\\\/21\\\/junius-26-ig-hosszabbitottak-meg-az-ideiglenes-hatarellenorzest-szlovakiaban\\\/#primaryimage\"},\"image\":{\"@id\":\"https:\\\/\\\/dorogimedence.hu\\\/index.php\\\/2020\\\/05\\\/21\\\/junius-26-ig-hosszabbitottak-meg-az-ideiglenes-hatarellenorzest-szlovakiaban\\\/#primaryimage\"},\"thumbnailUrl\":\"https:\\\/\\\/dorogimedence.hu\\\/wp-content\\\/uploads\\\/2020\\\/03\\\/hatarellenorzes.jpg\",\"datePublished\":\"2020-05-21T08:37:37+00:00\",\"dateModified\":\"2020-05-21T10:30:44+00:00\",\"breadcrumb\":{\"@id\":\"https:\\\/\\\/dorogimedence.hu\\\/index.php\\\/2020\\\/05\\\/21\\\/junius-26-ig-hosszabbitottak-meg-az-ideiglenes-hatarellenorzest-szlovakiaban\\\/#breadcrumb\"},\"inLanguage\":\"hu\",\"potentialAction\":[{\"@type\":\"ReadAction\",\"target\":[\"https:\\\/\\\/dorogimedence.hu\\\/index.php\\\/2020\\\/05\\\/21\\\/junius-26-ig-hosszabbitottak-meg-az-ideiglenes-hatarellenorzest-szlovakiaban\\\/\"]}]},{\"@type\":\"ImageObject\",\"inLanguage\":\"hu\",\"@id\":\"https:\\\/\\\/dorogimedence.hu\\\/index.php\\\/2020\\\/05\\\/21\\\/junius-26-ig-hosszabbitottak-meg-az-ideiglenes-hatarellenorzest-szlovakiaban\\\/#primaryimage\",\"url\":\"https:\\\/\\\/dorogimedence.hu\\\/wp-content\\\/uploads\\\/2020\\\/03\\\/hatarellenorzes.jpg\",\"contentUrl\":\"https:\\\/\\\/dorogimedence.hu\\\/wp-content\\\/uploads\\\/2020\\\/03\\\/hatarellenorzes.jpg\",\"width\":670,\"height\":365},{\"@type\":\"BreadcrumbList\",\"@id\":\"https:\\\/\\\/dorogimedence.hu\\\/index.php\\\/2020\\\/05\\\/21\\\/junius-26-ig-hosszabbitottak-meg-az-ideiglenes-hatarellenorzest-szlovakiaban\\\/#breadcrumb\",\"itemListElement\":[{\"@type\":\"ListItem\",\"position\":1,\"name\":\"Kezd\u0151lap\",\"item\":\"https:\\\/\\\/dorogimedence.hu\\\/\"},{\"@type\":\"ListItem\",\"position\":2,\"name\":\"J\u00fanius 26-ig hosszabb\u00edtott\u00e1k meg az ideiglenes hat\u00e1rellen\u0151rz\u00e9st Szlov\u00e1ki\u00e1ban\"}]},{\"@type\":\"WebSite\",\"@id\":\"https:\\\/\\\/dorogimedence.hu\\\/#website\",\"url\":\"https:\\\/\\\/dorogimedence.hu\\\/\",\"name\":\"Dorogi-medence Region\u00e1lis H\u00edrport\u00e1l\",\"description\":\"Dorog, Keszt\u00f6lc, Le\u00e1nyv\u00e1r, Piliscs\u00e9v, Tokod, Tokodalt\u00e1r\u00f3, Csolnok, Esztergom-kertv\u00e1ros: h\u00edrek, programok\",\"publisher\":{\"@id\":\"https:\\\/\\\/dorogimedence.hu\\\/#organization\"},\"potentialAction\":[{\"@type\":\"SearchAction\",\"target\":{\"@type\":\"EntryPoint\",\"urlTemplate\":\"https:\\\/\\\/dorogimedence.hu\\\/?s={search_term_string}\"},\"query-input\":{\"@type\":\"PropertyValueSpecification\",\"valueRequired\":true,\"valueName\":\"search_term_string\"}}],\"inLanguage\":\"hu\"},{\"@type\":\"Organization\",\"@id\":\"https:\\\/\\\/dorogimedence.hu\\\/#organization\",\"name\":\"Dorogi-medence Region\u00e1lis H\u00edrport\u00e1l\",\"url\":\"https:\\\/\\\/dorogimedence.hu\\\/\",\"logo\":{\"@type\":\"ImageObject\",\"inLanguage\":\"hu\",\"@id\":\"https:\\\/\\\/dorogimedence.hu\\\/#\\\/schema\\\/logo\\\/image\\\/\",\"url\":\"https:\\\/\\\/dorogimedence.hu\\\/wp-content\\\/uploads\\\/2021\\\/04\\\/logo-feher-600.png\",\"contentUrl\":\"https:\\\/\\\/dorogimedence.hu\\\/wp-content\\\/uploads\\\/2021\\\/04\\\/logo-feher-600.png\",\"width\":600,\"height\":100,\"caption\":\"Dorogi-medence Region\u00e1lis H\u00edrport\u00e1l\"},\"image\":{\"@id\":\"https:\\\/\\\/dorogimedence.hu\\\/#\\\/schema\\\/logo\\\/image\\\/\"},\"sameAs\":[\"https:\\\/\\\/www.facebook.com\\\/dorogimedence\\\/\"]},{\"@type\":\"Person\",\"@id\":\"https:\\\/\\\/dorogimedence.hu\\\/#\\\/schema\\\/person\\\/ce6091eeb7e95ecdc87890d6aa8e0fd4\",\"name\":\"dorogimedence.hu\",\"image\":{\"@type\":\"ImageObject\",\"inLanguage\":\"hu\",\"@id\":\"\\\/\\\/www.gravatar.com\\\/avatar\\\/d8d45f8901aadff40a4af72c0b826f1d?s=96&#038;r=g&#038;d=mm\",\"url\":\"\\\/\\\/www.gravatar.com\\\/avatar\\\/d8d45f8901aadff40a4af72c0b826f1d?s=96&#038;r=g&#038;d=mm\",\"contentUrl\":\"\\\/\\\/www.gravatar.com\\\/avatar\\\/d8d45f8901aadff40a4af72c0b826f1d?s=96&#038;r=g&#038;d=mm\",\"caption\":\"dorogimedence.hu\"}}]}<\/script>\n<!-- \/ Yoast SEO plugin. -->","yoast_head_json":{"title":"J\u00fanius 26-ig hosszabb\u00edtott\u00e1k meg az ideiglenes hat\u00e1rellen\u0151rz\u00e9st Szlov\u00e1ki\u00e1ban","robots":{"index":"index","follow":"follow","max-snippet":"max-snippet:-1","max-image-preview":"max-image-preview:large","max-video-preview":"max-video-preview:-1"},"canonical":"https:\/\/dorogimedence.hu\/index.php\/2020\/05\/21\/junius-26-ig-hosszabbitottak-meg-az-ideiglenes-hatarellenorzest-szlovakiaban\/","og_locale":"hu_HU","og_type":"article","og_title":"J\u00fanius 26-ig hosszabb\u00edtott\u00e1k meg az ideiglenes hat\u00e1rellen\u0151rz\u00e9st Szlov\u00e1ki\u00e1ban","og_description":"A szlov\u00e1k korm\u00e1ny j\u00fanius 26-ig meghosszabb\u00edtotta a schengeni t\u00e9rs\u00e9gen bel\u00fcli ideiglenes hat\u00e1rellen\u0151rz\u00e9st az Ausztri\u00e1val, Magyarorsz\u00e1ggal, Csehorsz\u00e1ggal \u00e9s Lengyelorsz\u00e1ggal k\u00f6z\u00f6s hat\u00e1rain, valamint a nemzetk\u00f6zi rep\u00fcl\u0151tereken. A jelenleg \u00e9rv\u00e9nyben l\u00e9v\u0151 hosszabb\u00edt\u00e1s m\u00e1jus 27-\u00e9n j\u00e1rt volna le. Az \u00fajabb hosszabb\u00edt\u00e1s is az \u00faj t\u00edpus\u00fa koronav\u00edrus terjed\u00e9s\u00e9re reag\u00e1l\u00f3, illetve a v\u00edrus jelentette kock\u00e1zat cs\u00f6kkent\u00e9s\u00e9t c\u00e9lz\u00f3 \u00f3vint\u00e9zked\u00e9sekkel van \u00f6sszef\u00fcgg\u00e9sben &#8211;","og_url":"https:\/\/dorogimedence.hu\/index.php\/2020\/05\/21\/junius-26-ig-hosszabbitottak-meg-az-ideiglenes-hatarellenorzest-szlovakiaban\/","og_site_name":"Dorogi-medence Region\u00e1lis H\u00edrport\u00e1l","article_publisher":"https:\/\/www.facebook.com\/dorogimedence\/","article_published_time":"2020-05-21T08:37:37+00:00","article_modified_time":"2020-05-21T10:30:44+00:00","og_image":[{"width":670,"height":365,"url":"https:\/\/i0.wp.com\/dorogimedence.hu\/wp-content\/uploads\/2020\/03\/hatarellenorzes.jpg?fit=670%2C365&ssl=1","type":"image\/jpeg"}],"author":"dorogimedence.hu","twitter_card":"summary_large_image","twitter_misc":{"Szerz\u0151:":"dorogimedence.hu","Becs\u00fclt olvas\u00e1si id\u0151":"1 perc"},"schema":{"@context":"https:\/\/schema.org","@graph":[{"@type":"Article","@id":"https:\/\/dorogimedence.hu\/index.php\/2020\/05\/21\/junius-26-ig-hosszabbitottak-meg-az-ideiglenes-hatarellenorzest-szlovakiaban\/#article","isPartOf":{"@id":"https:\/\/dorogimedence.hu\/index.php\/2020\/05\/21\/junius-26-ig-hosszabbitottak-meg-az-ideiglenes-hatarellenorzest-szlovakiaban\/"},"author":{"name":"dorogimedence.hu","@id":"https:\/\/dorogimedence.hu\/#\/schema\/person\/ce6091eeb7e95ecdc87890d6aa8e0fd4"},"headline":"J\u00fanius 26-ig hosszabb\u00edtott\u00e1k meg az ideiglenes hat\u00e1rellen\u0151rz\u00e9st Szlov\u00e1ki\u00e1ban","datePublished":"2020-05-21T08:37:37+00:00","dateModified":"2020-05-21T10:30:44+00:00","mainEntityOfPage":{"@id":"https:\/\/dorogimedence.hu\/index.php\/2020\/05\/21\/junius-26-ig-hosszabbitottak-meg-az-ideiglenes-hatarellenorzest-szlovakiaban\/"},"wordCount":287,"publisher":{"@id":"https:\/\/dorogimedence.hu\/#organization"},"image":{"@id":"https:\/\/dorogimedence.hu\/index.php\/2020\/05\/21\/junius-26-ig-hosszabbitottak-meg-az-ideiglenes-hatarellenorzest-szlovakiaban\/#primaryimage"},"thumbnailUrl":"https:\/\/dorogimedence.hu\/wp-content\/uploads\/2020\/03\/hatarellenorzes.jpg","keywords":["esztergom","hat\u00e1r","hat\u00e1rellen\u0151rz\u00e9s","P\u00e1rk\u00e1ny","szlov\u00e1kia"],"articleSection":["Esztergom","H\u00edrek"],"inLanguage":"hu"},{"@type":"WebPage","@id":"https:\/\/dorogimedence.hu\/index.php\/2020\/05\/21\/junius-26-ig-hosszabbitottak-meg-az-ideiglenes-hatarellenorzest-szlovakiaban\/","url":"https:\/\/dorogimedence.hu\/index.php\/2020\/05\/21\/junius-26-ig-hosszabbitottak-meg-az-ideiglenes-hatarellenorzest-szlovakiaban\/","name":"J\u00fanius 26-ig hosszabb\u00edtott\u00e1k meg az ideiglenes hat\u00e1rellen\u0151rz\u00e9st Szlov\u00e1ki\u00e1ban","isPartOf":{"@id":"https:\/\/dorogimedence.hu\/#website"},"primaryImageOfPage":{"@id":"https:\/\/dorogimedence.hu\/index.php\/2020\/05\/21\/junius-26-ig-hosszabbitottak-meg-az-ideiglenes-hatarellenorzest-szlovakiaban\/#primaryimage"},"image":{"@id":"https:\/\/dorogimedence.hu\/index.php\/2020\/05\/21\/junius-26-ig-hosszabbitottak-meg-az-ideiglenes-hatarellenorzest-szlovakiaban\/#primaryimage"},"thumbnailUrl":"https:\/\/dorogimedence.hu\/wp-content\/uploads\/2020\/03\/hatarellenorzes.jpg","datePublished":"2020-05-21T08:37:37+00:00","dateModified":"2020-05-21T10:30:44+00:00","breadcrumb":{"@id":"https:\/\/dorogimedence.hu\/index.php\/2020\/05\/21\/junius-26-ig-hosszabbitottak-meg-az-ideiglenes-hatarellenorzest-szlovakiaban\/#breadcrumb"},"inLanguage":"hu","potentialAction":[{"@type":"ReadAction","target":["https:\/\/dorogimedence.hu\/index.php\/2020\/05\/21\/junius-26-ig-hosszabbitottak-meg-az-ideiglenes-hatarellenorzest-szlovakiaban\/"]}]},{"@type":"ImageObject","inLanguage":"hu","@id":"https:\/\/dorogimedence.hu\/index.php\/2020\/05\/21\/junius-26-ig-hosszabbitottak-meg-az-ideiglenes-hatarellenorzest-szlovakiaban\/#primaryimage","url":"https:\/\/dorogimedence.hu\/wp-content\/uploads\/2020\/03\/hatarellenorzes.jpg","contentUrl":"https:\/\/dorogimedence.hu\/wp-content\/uploads\/2020\/03\/hatarellenorzes.jpg","width":670,"height":365},{"@type":"BreadcrumbList","@id":"https:\/\/dorogimedence.hu\/index.php\/2020\/05\/21\/junius-26-ig-hosszabbitottak-meg-az-ideiglenes-hatarellenorzest-szlovakiaban\/#breadcrumb","itemListElement":[{"@type":"ListItem","position":1,"name":"Kezd\u0151lap","item":"https:\/\/dorogimedence.hu\/"},{"@type":"ListItem","position":2,"name":"J\u00fanius 26-ig hosszabb\u00edtott\u00e1k meg az ideiglenes hat\u00e1rellen\u0151rz\u00e9st Szlov\u00e1ki\u00e1ban"}]},{"@type":"WebSite","@id":"https:\/\/dorogimedence.hu\/#website","url":"https:\/\/dorogimedence.hu\/","name":"Dorogi-medence Region\u00e1lis H\u00edrport\u00e1l","description":"Dorog, Keszt\u00f6lc, Le\u00e1nyv\u00e1r, Piliscs\u00e9v, Tokod, Tokodalt\u00e1r\u00f3, Csolnok, Esztergom-kertv\u00e1ros: h\u00edrek, programok","publisher":{"@id":"https:\/\/dorogimedence.hu\/#organization"},"potentialAction":[{"@type":"SearchAction","target":{"@type":"EntryPoint","urlTemplate":"https:\/\/dorogimedence.hu\/?s={search_term_string}"},"query-input":{"@type":"PropertyValueSpecification","valueRequired":true,"valueName":"search_term_string"}}],"inLanguage":"hu"},{"@type":"Organization","@id":"https:\/\/dorogimedence.hu\/#organization","name":"Dorogi-medence Region\u00e1lis H\u00edrport\u00e1l","url":"https:\/\/dorogimedence.hu\/","logo":{"@type":"ImageObject","inLanguage":"hu","@id":"https:\/\/dorogimedence.hu\/#\/schema\/logo\/image\/","url":"https:\/\/dorogimedence.hu\/wp-content\/uploads\/2021\/04\/logo-feher-600.png","contentUrl":"https:\/\/dorogimedence.hu\/wp-content\/uploads\/2021\/04\/logo-feher-600.png","width":600,"height":100,"caption":"Dorogi-medence Region\u00e1lis H\u00edrport\u00e1l"},"image":{"@id":"https:\/\/dorogimedence.hu\/#\/schema\/logo\/image\/"},"sameAs":["https:\/\/www.facebook.com\/dorogimedence\/"]},{"@type":"Person","@id":"https:\/\/dorogimedence.hu\/#\/schema\/person\/ce6091eeb7e95ecdc87890d6aa8e0fd4","name":"dorogimedence.hu","image":{"@type":"ImageObject","inLanguage":"hu","@id":"\/\/www.gravatar.com\/avatar\/d8d45f8901aadff40a4af72c0b826f1d?s=96&#038;r=g&#038;d=mm","url":"\/\/www.gravatar.com\/avatar\/d8d45f8901aadff40a4af72c0b826f1d?s=96&#038;r=g&#038;d=mm","contentUrl":"\/\/www.gravatar.com\/avatar\/d8d45f8901aadff40a4af72c0b826f1d?s=96&#038;r=g&#038;d=mm","caption":"dorogimedence.hu"}}]}},"_links":{"self":[{"href":"https:\/\/dorogimedence.hu\/index.php\/wp-json\/wp\/v2\/posts\/25071","targetHints":{"allow":["GET"]}}],"collection":[{"href":"https:\/\/dorogimedence.hu\/index.php\/wp-json\/wp\/v2\/posts"}],"about":[{"href":"https:\/\/dorogimedence.hu\/index.php\/wp-json\/wp\/v2\/types\/post"}],"author":[{"embeddable":true,"href":"https:\/\/dorogimedence.hu\/index.php\/wp-json\/wp\/v2\/users\/1"}],"replies":[{"embeddable":true,"href":"https:\/\/dorogimedence.hu\/index.php\/wp-json\/wp\/v2\/comments?post=25071"}],"version-history":[{"count":0,"href":"https:\/\/dorogimedence.hu\/index.php\/wp-json\/wp\/v2\/posts\/25071\/revisions"}],"wp:featuredmedia":[{"embeddable":true,"href":"https:\/\/dorogimedence.hu\/index.php\/wp-json\/wp\/v2\/media\/23617"}],"wp:attachment":[{"href":"https:\/\/dorogimedence.hu\/index.php\/wp-json\/wp\/v2\/media?parent=25071"}],"wp:term":[{"taxonomy":"category","embeddable":true,"href":"https:\/\/dorogimedence.hu\/index.php\/wp-json\/wp\/v2\/categories?post=25071"},{"taxonomy":"post_tag","embeddable":true,"href":"https:\/\/dorogimedence.hu\/index.php\/wp-json\/wp\/v2\/tags?post=25071"}],"curies":[{"name":"wp","href":"https:\/\/api.w.org\/{rel}","templated":true}]}}