{"id":24895,"date":"2020-05-12T13:39:27","date_gmt":"2020-05-12T11:39:27","guid":{"rendered":"http:\/\/dorogimedence.hu\/?p=24895"},"modified":"2020-05-12T13:39:41","modified_gmt":"2020-05-12T11:39:41","slug":"monte-carlo-felemelo-elmeny-a-francia-rivieran","status":"publish","type":"post","link":"https:\/\/dorogimedence.hu\/index.php\/2020\/05\/12\/monte-carlo-felemelo-elmeny-a-francia-rivieran\/","title":{"rendered":"Monte Carlo: felemel\u0151 \u00e9lm\u00e9ny a Francia Rivi\u00e9r\u00e1n"},"content":{"rendered":"<p><strong>Monte Carlo, a Monaco hercegs\u00e9g egyik legszebb \u00fcd\u00fcl\u0151\u00f6vezete a F\u00f6ldk\u00f6zi \u2013 tenger partvid\u00e9k\u00e9n. A szerencsej\u00e1t\u00e9k egyik kiemelked\u0151 k\u00f6zpontja, azonban nem csak a luxusr\u00f3l \u00e9s a kaszin\u00f3kr\u00f3l h\u00edres, hanem a l\u00e1tv\u00e1nyoss\u00e1gai is kiemelked\u0151ek.<\/strong><\/p>\n<p>Monte Carlo az\u00e9rt is lehet vonz\u00f3 \u00fati c\u00e9l sokak sz\u00e1m\u00e1ra, mivel itt az \u00e9v 365 napj\u00e1b\u00f3l, 300 napon biztos, hogy melegen perzsel a nap, ami szinte alapk\u00f6vetelm\u00e9ny egy nyaral\u00e1son.<\/p>\n<p>Monaco, a Vatik\u00e1n ut\u00e1n a m\u00e1sodik legkisebb \u00e1llam. A F\u00f6ldk\u00f6zi-tengerbe ny\u00fal\u00f3 v\u00e1rosr\u00e9sze Monte Carlo. Monaco a hercegi palot\u00e1r\u00f3l h\u00edres, m\u00edg Monte Carl\u00f3t els\u0151sorban a messzi f\u00f6ld\u00f6n h\u00edres kaszin\u00f3i miatt keresik fel a legt\u00f6bben.<\/p>\n<p>A turist\u00e1k \u00e1ltal\u00e1ban csak Monte Carlo h\u00edres kaszin\u00f3ira k\u00edv\u00e1ncsiak, pedig sok m\u00e1s l\u00e1tnival\u00f3t is megn\u00e9zhetnek Monte Carl\u00f3ban, teh\u00e1t nem csak a <span style=\"text-decoration: underline; color: #0000ff;\"><a style=\"color: #0000ff; text-decoration: underline;\" href=\"https:\/\/lvbet.com\/hu\/\" target=\"_blank\" rel=\"noopener noreferrer\">kaszin\u00f3<\/a><\/span> miatt \u00e9rdemes ide ell\u00e1togatni. A part k\u00f6zeli s\u00e9t\u00e1nyon h\u00edres futballcsillagok l\u00e1bnyomait n\u00e9zhetj\u00fck meg. Olyan h\u00edress\u00e9gek\u00e9t, mint Ronaldo, Maradona vagy Zidane. Ha ell\u00e1togatsz Monte Carl\u00f3ba, h\u0171s\u00f6lhetsz a jap\u00e1n kertben, de olyan koncerttermet is l\u00e1thatsz, amelynek a sz\u00ednpad\u00e1t a tengerszint alatt \u00e9p\u00edtett\u00e9k.<\/p>\n<p>Monte Carlo utc\u00e1in \u00e9des-citrusos illat terjeng, merthogy amerre a szem ell\u00e1t, minden\u00fctt mandarinf\u00e1k n\u0151nek. Egy-egy boltba bet\u00e9rve is h\u0171s\u00f6lhetsz, de ne v\u00e1rd, hogy a term\u00e9keken lesz \u00e1rc\u00e9dula. Itt olyan nincs, hiszen a j\u00f3m\u00f3d\u00fa lakoss\u00e1g nem is igaz\u00e1n k\u00edv\u00e1ncsi az \u00e1rakra.<\/p>\n<p>Mit csin\u00e1lj, mit n\u00e9zz meg Monac\u00f3ban? Megn\u00e9zheted a monac\u00f3i herceg aut\u00f3gy\u0171jtem\u00e9ny\u00e9t, sok egy\u00e9b m\u00e1s, ki\u00e1ll\u00edtott j\u00e1rm\u0171 mellett. Sok sz\u00e1z adut\u00f3ban \u2013 k\u00f6zt\u00fck sok r\u00e9gi m\u00e1rk\u00e1ban \u00e9s t\u00edpusban \u2013 gy\u00f6ny\u00f6rk\u00f6dhetsz. Ez a hely mindig nyitva \u00e1ll a turist\u00e1k sz\u00e1m\u00e1ra, turisztikai l\u00e1tv\u00e1nyoss\u00e1gnak is sz\u00e1m\u00edt, \u00edgy ne sz\u00e1m\u00edts kev\u00e9s l\u00e1togat\u00f3ra. A legt\u00f6bb antik aut\u00f3 egy \u201ekisebb\u201d vagyont \u00e9r. Ez nem egy aut\u00f3m\u00fazeum, puszt\u00e1n egy lehet\u0151s\u00e9get adnak a turist\u00e1knak, hogy megszeml\u00e9lj\u00e9k a monac\u00f3i herceg aut\u00f3gy\u0171jtem\u00e9ny\u00e9t. Nem csak az \u00f6v\u00e9t, hiszen ki\u00e1ll\u00edt\u00e1sra ker\u00fclnek itt Forma 1-es versenyaut\u00f3k \u00e9s az el\u0151z\u0151 \u00e9vsz\u00e1zad \u00e9rdekes j\u00e1rm\u0171vei is.<\/p>\n<p>A milliomosokr\u00f3l gyakran a jacht is esz\u00fcnkbe jut. Monac\u00f3ban egy jacht show-t is l\u00e1thatsz, ahol t\u00f6bb sz\u00e1z f\u00e9ny\u0171z\u0151 jachtot csod\u00e1lhatsz meg. Ez a rendezv\u00e9ny nem pont a turist\u00e1kat, sokkal ink\u00e1bb a jacht tulajdonosokat, vagy magukat a gy\u00e1rt\u00f3kat \u00e9s persze az elit kr\u00e9mj\u00e9t vonzza, akik nem csak a n\u00e9zel\u0151d\u00e9st engedhetik meg maguknak. Az esem\u00e9nynek a Herkules kik\u00f6t\u0151 ad otthont. A luxusjachtok mellett, sok m\u00e1s v\u00edzi j\u00e1rm\u0171vet is bemutatnak itt. Aki ell\u00e1togat az esem\u00e9nyre, \u00fagy \u00e9rezheti mag\u00e1t, mint egy filmforgat\u00e1son, \u00e9s m\u00e1r csak a 007-es \u00fcgyn\u00f6k felbukkan\u00e1s\u00e1ra v\u00e1r, hiszen ilyen j\u00e1rm\u0171veket csak a James Bond filmekben l\u00e1thattunk, \u00e9l\u0151ben tal\u00e1n m\u00e9g sohasem.<\/p>\n<p>Monac\u00f3ban j\u00e1rva, ne hagyd ki az Oceanogr\u00e1fiai M\u00fazeumot, ahol c\u00e1p\u00e1kat \u00e9s gy\u00f6ny\u00f6r\u0171 halakat is l\u00e1thatsz. Az \u00e9p\u00fclet tetej\u00e9r\u0151l a fantasztikus monac\u00f3i panor\u00e1ma t\u00e1rul el\u00e9d, ami hatalmas \u00e9lm\u00e9ny. Az Oceanogr\u00e1fiai M\u00fazeum helyet ad egy hat m\u00e9ter magas c\u00e1palag\u00fan\u00e1nak, ami majdnem \u00f6tsz\u00e1zezer liternyi tengerv\u00edz t\u00e1rol\u00e1s\u00e1ra alkalmas. A lag\u00fan\u00e1kban korallz\u00e1tonyok is vannak telep\u00edtve, b\u00fav\u00f3helyet szolg\u00e1ltatva a c\u00e1p\u00e1knak \u00e9s a t\u00f6bbi v\u00edzi \u00e9l\u0151l\u00e9nynek. A m\u00fazeumnak van egy m\u00e1sik r\u00e9sze, ahol sok inf\u00f3t tudhatsz meg az \u00f3ce\u00e1nok \u00e9l\u0151vil\u00e1g\u00e1r\u00f3l, de I. Albert hercegnek, a m\u00fazeum alap\u00edt\u00f3j\u00e1nak az exped\u00edci\u00f3it is itt mutatj\u00e1k be.<\/p>\n<p>Ha siker\u00fclt eg\u00e9sznap elf\u00e1radnod \u00e9s m\u00e1r izgatottan v\u00e1rod, hogy kipr\u00f3b\u00e1ld a szerencs\u00e9det, akkor keresd fel Monaco egyik leg\u00e9rdekesebb l\u00e1tnival\u00f3j\u00e1t, a Monte Carlo Kaszin\u00f3t. M\u00e9g akkor is \u00e9rdemes felkeresned a helyet, ha az <span style=\"text-decoration: underline; color: #0000ff;\"><a style=\"color: #0000ff; text-decoration: underline;\" href=\"https:\/\/energycasino.com\/hu\/\" target=\"_blank\" rel=\"noopener noreferrer\">online kaszin\u00f3<\/a><\/span> a te vil\u00e1god, \u00e9s a Monte Carlo Kaszin\u00f3ban nem j\u00e1tszani, csup\u00e1n n\u00e9zel\u0151dni szeretn\u00e9l, merthogy erre is van lehet\u0151s\u00e9ged. Minden nap 10 \u00f3r\u00e1t\u00f3l, d\u00e9lut\u00e1n 1 \u00f3r\u00e1ig turistacsoportokat ind\u00edtanak, akik megcsod\u00e1lhatj\u00e1k a j\u00e1t\u00e9k szob\u00e1kat, vagy az \u00fagynevezett gaming szob\u00e1kat \u00e9s azok \u00f3lom\u00fcveg ablakait, szobrait \u00e9s az allegorikus festm\u00e9nyeit.<\/p>\n","protected":false},"excerpt":{"rendered":"<p>Monte Carlo, a Monaco hercegs\u00e9g egyik legszebb \u00fcd\u00fcl\u0151\u00f6vezete a F\u00f6ldk\u00f6zi \u2013 tenger partvid\u00e9k\u00e9n. A szerencsej\u00e1t\u00e9k egyik kiemelked\u0151 k\u00f6zpontja, azonban nem csak a luxusr\u00f3l \u00e9s a kaszin\u00f3kr\u00f3l h\u00edres, hanem a l\u00e1tv\u00e1nyoss\u00e1gai is kiemelked\u0151ek. Monte Carlo az\u00e9rt is lehet vonz\u00f3 \u00fati c\u00e9l sokak sz\u00e1m\u00e1ra, mivel itt az \u00e9v 365 napj\u00e1b\u00f3l, 300 napon biztos, hogy melegen perzsel a<\/p>\n","protected":false},"author":1,"featured_media":24896,"comment_status":"closed","ping_status":"closed","sticky":false,"template":"","format":"standard","meta":{"ngg_post_thumbnail":0,"footnotes":""},"categories":[3],"tags":[4885],"class_list":{"0":"post-24895","1":"post","2":"type-post","3":"status-publish","4":"format-standard","5":"has-post-thumbnail","7":"category-hirek","8":"tag-monte-carlo"},"yoast_head":"<!-- This site is optimized with the Yoast SEO plugin v27.4 - https:\/\/yoast.com\/product\/yoast-seo-wordpress\/ -->\n<title>Monte Carlo: felemel\u0151 \u00e9lm\u00e9ny a Francia Rivi\u00e9r\u00e1n<\/title>\n<meta name=\"robots\" content=\"index, follow, max-snippet:-1, max-image-preview:large, max-video-preview:-1\" \/>\n<link rel=\"canonical\" href=\"https:\/\/dorogimedence.hu\/index.php\/2020\/05\/12\/monte-carlo-felemelo-elmeny-a-francia-rivieran\/\" class=\"yoast-seo-meta-tag\" \/>\n<meta property=\"og:locale\" content=\"hu_HU\" class=\"yoast-seo-meta-tag\" \/>\n<meta property=\"og:type\" content=\"article\" class=\"yoast-seo-meta-tag\" \/>\n<meta property=\"og:title\" content=\"Monte Carlo: felemel\u0151 \u00e9lm\u00e9ny a Francia Rivi\u00e9r\u00e1n\" class=\"yoast-seo-meta-tag\" \/>\n<meta property=\"og:description\" content=\"Monte Carlo, a Monaco hercegs\u00e9g egyik legszebb \u00fcd\u00fcl\u0151\u00f6vezete a F\u00f6ldk\u00f6zi \u2013 tenger partvid\u00e9k\u00e9n. A szerencsej\u00e1t\u00e9k egyik kiemelked\u0151 k\u00f6zpontja, azonban nem csak a luxusr\u00f3l \u00e9s a kaszin\u00f3kr\u00f3l h\u00edres, hanem a l\u00e1tv\u00e1nyoss\u00e1gai is kiemelked\u0151ek. Monte Carlo az\u00e9rt is lehet vonz\u00f3 \u00fati c\u00e9l sokak sz\u00e1m\u00e1ra, mivel itt az \u00e9v 365 napj\u00e1b\u00f3l, 300 napon biztos, hogy melegen perzsel a\" class=\"yoast-seo-meta-tag\" \/>\n<meta property=\"og:url\" content=\"https:\/\/dorogimedence.hu\/index.php\/2020\/05\/12\/monte-carlo-felemelo-elmeny-a-francia-rivieran\/\" class=\"yoast-seo-meta-tag\" \/>\n<meta property=\"og:site_name\" content=\"Dorogi-medence Region\u00e1lis H\u00edrport\u00e1l\" class=\"yoast-seo-meta-tag\" \/>\n<meta property=\"article:publisher\" content=\"https:\/\/www.facebook.com\/dorogimedence\/\" class=\"yoast-seo-meta-tag\" \/>\n<meta property=\"article:published_time\" content=\"2020-05-12T11:39:27+00:00\" class=\"yoast-seo-meta-tag\" \/>\n<meta property=\"article:modified_time\" content=\"2020-05-12T11:39:41+00:00\" class=\"yoast-seo-meta-tag\" \/>\n<meta property=\"og:image\" content=\"https:\/\/i0.wp.com\/dorogimedence.hu\/wp-content\/uploads\/2020\/05\/monte-carlo.jpg?fit=670%2C365&ssl=1\" class=\"yoast-seo-meta-tag\" \/>\n\t<meta property=\"og:image:width\" content=\"670\" class=\"yoast-seo-meta-tag\" \/>\n\t<meta property=\"og:image:height\" content=\"365\" class=\"yoast-seo-meta-tag\" \/>\n\t<meta property=\"og:image:type\" content=\"image\/jpeg\" class=\"yoast-seo-meta-tag\" \/>\n<meta name=\"author\" content=\"dorogimedence.hu\" class=\"yoast-seo-meta-tag\" \/>\n<meta name=\"twitter:card\" content=\"summary_large_image\" class=\"yoast-seo-meta-tag\" \/>\n<meta name=\"twitter:label1\" content=\"Szerz\u0151:\" class=\"yoast-seo-meta-tag\" \/>\n\t<meta name=\"twitter:data1\" content=\"dorogimedence.hu\" class=\"yoast-seo-meta-tag\" \/>\n\t<meta name=\"twitter:label2\" content=\"Becs\u00fclt olvas\u00e1si id\u0151\" class=\"yoast-seo-meta-tag\" \/>\n\t<meta name=\"twitter:data2\" content=\"4 perc\" class=\"yoast-seo-meta-tag\" \/>\n<script type=\"application\/ld+json\" class=\"yoast-schema-graph\">{\"@context\":\"https:\\\/\\\/schema.org\",\"@graph\":[{\"@type\":\"Article\",\"@id\":\"https:\\\/\\\/dorogimedence.hu\\\/index.php\\\/2020\\\/05\\\/12\\\/monte-carlo-felemelo-elmeny-a-francia-rivieran\\\/#article\",\"isPartOf\":{\"@id\":\"https:\\\/\\\/dorogimedence.hu\\\/index.php\\\/2020\\\/05\\\/12\\\/monte-carlo-felemelo-elmeny-a-francia-rivieran\\\/\"},\"author\":{\"name\":\"dorogimedence.hu\",\"@id\":\"https:\\\/\\\/dorogimedence.hu\\\/#\\\/schema\\\/person\\\/ce6091eeb7e95ecdc87890d6aa8e0fd4\"},\"headline\":\"Monte Carlo: felemel\u0151 \u00e9lm\u00e9ny a Francia Rivi\u00e9r\u00e1n\",\"datePublished\":\"2020-05-12T11:39:27+00:00\",\"dateModified\":\"2020-05-12T11:39:41+00:00\",\"mainEntityOfPage\":{\"@id\":\"https:\\\/\\\/dorogimedence.hu\\\/index.php\\\/2020\\\/05\\\/12\\\/monte-carlo-felemelo-elmeny-a-francia-rivieran\\\/\"},\"wordCount\":845,\"publisher\":{\"@id\":\"https:\\\/\\\/dorogimedence.hu\\\/#organization\"},\"image\":{\"@id\":\"https:\\\/\\\/dorogimedence.hu\\\/index.php\\\/2020\\\/05\\\/12\\\/monte-carlo-felemelo-elmeny-a-francia-rivieran\\\/#primaryimage\"},\"thumbnailUrl\":\"https:\\\/\\\/dorogimedence.hu\\\/wp-content\\\/uploads\\\/2020\\\/05\\\/monte-carlo.jpg\",\"keywords\":[\"Monte Carlo\"],\"articleSection\":[\"H\u00edrek\"],\"inLanguage\":\"hu\"},{\"@type\":\"WebPage\",\"@id\":\"https:\\\/\\\/dorogimedence.hu\\\/index.php\\\/2020\\\/05\\\/12\\\/monte-carlo-felemelo-elmeny-a-francia-rivieran\\\/\",\"url\":\"https:\\\/\\\/dorogimedence.hu\\\/index.php\\\/2020\\\/05\\\/12\\\/monte-carlo-felemelo-elmeny-a-francia-rivieran\\\/\",\"name\":\"Monte Carlo: felemel\u0151 \u00e9lm\u00e9ny a Francia Rivi\u00e9r\u00e1n\",\"isPartOf\":{\"@id\":\"https:\\\/\\\/dorogimedence.hu\\\/#website\"},\"primaryImageOfPage\":{\"@id\":\"https:\\\/\\\/dorogimedence.hu\\\/index.php\\\/2020\\\/05\\\/12\\\/monte-carlo-felemelo-elmeny-a-francia-rivieran\\\/#primaryimage\"},\"image\":{\"@id\":\"https:\\\/\\\/dorogimedence.hu\\\/index.php\\\/2020\\\/05\\\/12\\\/monte-carlo-felemelo-elmeny-a-francia-rivieran\\\/#primaryimage\"},\"thumbnailUrl\":\"https:\\\/\\\/dorogimedence.hu\\\/wp-content\\\/uploads\\\/2020\\\/05\\\/monte-carlo.jpg\",\"datePublished\":\"2020-05-12T11:39:27+00:00\",\"dateModified\":\"2020-05-12T11:39:41+00:00\",\"breadcrumb\":{\"@id\":\"https:\\\/\\\/dorogimedence.hu\\\/index.php\\\/2020\\\/05\\\/12\\\/monte-carlo-felemelo-elmeny-a-francia-rivieran\\\/#breadcrumb\"},\"inLanguage\":\"hu\",\"potentialAction\":[{\"@type\":\"ReadAction\",\"target\":[\"https:\\\/\\\/dorogimedence.hu\\\/index.php\\\/2020\\\/05\\\/12\\\/monte-carlo-felemelo-elmeny-a-francia-rivieran\\\/\"]}]},{\"@type\":\"ImageObject\",\"inLanguage\":\"hu\",\"@id\":\"https:\\\/\\\/dorogimedence.hu\\\/index.php\\\/2020\\\/05\\\/12\\\/monte-carlo-felemelo-elmeny-a-francia-rivieran\\\/#primaryimage\",\"url\":\"https:\\\/\\\/dorogimedence.hu\\\/wp-content\\\/uploads\\\/2020\\\/05\\\/monte-carlo.jpg\",\"contentUrl\":\"https:\\\/\\\/dorogimedence.hu\\\/wp-content\\\/uploads\\\/2020\\\/05\\\/monte-carlo.jpg\",\"width\":670,\"height\":365},{\"@type\":\"BreadcrumbList\",\"@id\":\"https:\\\/\\\/dorogimedence.hu\\\/index.php\\\/2020\\\/05\\\/12\\\/monte-carlo-felemelo-elmeny-a-francia-rivieran\\\/#breadcrumb\",\"itemListElement\":[{\"@type\":\"ListItem\",\"position\":1,\"name\":\"Kezd\u0151lap\",\"item\":\"https:\\\/\\\/dorogimedence.hu\\\/\"},{\"@type\":\"ListItem\",\"position\":2,\"name\":\"Monte Carlo: felemel\u0151 \u00e9lm\u00e9ny a Francia Rivi\u00e9r\u00e1n\"}]},{\"@type\":\"WebSite\",\"@id\":\"https:\\\/\\\/dorogimedence.hu\\\/#website\",\"url\":\"https:\\\/\\\/dorogimedence.hu\\\/\",\"name\":\"Dorogi-medence Region\u00e1lis H\u00edrport\u00e1l\",\"description\":\"Dorog, Keszt\u00f6lc, Le\u00e1nyv\u00e1r, Piliscs\u00e9v, Tokod, Tokodalt\u00e1r\u00f3, Csolnok, Esztergom-kertv\u00e1ros: h\u00edrek, programok\",\"publisher\":{\"@id\":\"https:\\\/\\\/dorogimedence.hu\\\/#organization\"},\"potentialAction\":[{\"@type\":\"SearchAction\",\"target\":{\"@type\":\"EntryPoint\",\"urlTemplate\":\"https:\\\/\\\/dorogimedence.hu\\\/?s={search_term_string}\"},\"query-input\":{\"@type\":\"PropertyValueSpecification\",\"valueRequired\":true,\"valueName\":\"search_term_string\"}}],\"inLanguage\":\"hu\"},{\"@type\":\"Organization\",\"@id\":\"https:\\\/\\\/dorogimedence.hu\\\/#organization\",\"name\":\"Dorogi-medence Region\u00e1lis H\u00edrport\u00e1l\",\"url\":\"https:\\\/\\\/dorogimedence.hu\\\/\",\"logo\":{\"@type\":\"ImageObject\",\"inLanguage\":\"hu\",\"@id\":\"https:\\\/\\\/dorogimedence.hu\\\/#\\\/schema\\\/logo\\\/image\\\/\",\"url\":\"https:\\\/\\\/dorogimedence.hu\\\/wp-content\\\/uploads\\\/2021\\\/04\\\/logo-feher-600.png\",\"contentUrl\":\"https:\\\/\\\/dorogimedence.hu\\\/wp-content\\\/uploads\\\/2021\\\/04\\\/logo-feher-600.png\",\"width\":600,\"height\":100,\"caption\":\"Dorogi-medence Region\u00e1lis H\u00edrport\u00e1l\"},\"image\":{\"@id\":\"https:\\\/\\\/dorogimedence.hu\\\/#\\\/schema\\\/logo\\\/image\\\/\"},\"sameAs\":[\"https:\\\/\\\/www.facebook.com\\\/dorogimedence\\\/\"]},{\"@type\":\"Person\",\"@id\":\"https:\\\/\\\/dorogimedence.hu\\\/#\\\/schema\\\/person\\\/ce6091eeb7e95ecdc87890d6aa8e0fd4\",\"name\":\"dorogimedence.hu\",\"image\":{\"@type\":\"ImageObject\",\"inLanguage\":\"hu\",\"@id\":\"\\\/\\\/www.gravatar.com\\\/avatar\\\/d8d45f8901aadff40a4af72c0b826f1d?s=96&#038;r=g&#038;d=mm\",\"url\":\"\\\/\\\/www.gravatar.com\\\/avatar\\\/d8d45f8901aadff40a4af72c0b826f1d?s=96&#038;r=g&#038;d=mm\",\"contentUrl\":\"\\\/\\\/www.gravatar.com\\\/avatar\\\/d8d45f8901aadff40a4af72c0b826f1d?s=96&#038;r=g&#038;d=mm\",\"caption\":\"dorogimedence.hu\"}}]}<\/script>\n<!-- \/ Yoast SEO plugin. -->","yoast_head_json":{"title":"Monte Carlo: felemel\u0151 \u00e9lm\u00e9ny a Francia Rivi\u00e9r\u00e1n","robots":{"index":"index","follow":"follow","max-snippet":"max-snippet:-1","max-image-preview":"max-image-preview:large","max-video-preview":"max-video-preview:-1"},"canonical":"https:\/\/dorogimedence.hu\/index.php\/2020\/05\/12\/monte-carlo-felemelo-elmeny-a-francia-rivieran\/","og_locale":"hu_HU","og_type":"article","og_title":"Monte Carlo: felemel\u0151 \u00e9lm\u00e9ny a Francia Rivi\u00e9r\u00e1n","og_description":"Monte Carlo, a Monaco hercegs\u00e9g egyik legszebb \u00fcd\u00fcl\u0151\u00f6vezete a F\u00f6ldk\u00f6zi \u2013 tenger partvid\u00e9k\u00e9n. A szerencsej\u00e1t\u00e9k egyik kiemelked\u0151 k\u00f6zpontja, azonban nem csak a luxusr\u00f3l \u00e9s a kaszin\u00f3kr\u00f3l h\u00edres, hanem a l\u00e1tv\u00e1nyoss\u00e1gai is kiemelked\u0151ek. Monte Carlo az\u00e9rt is lehet vonz\u00f3 \u00fati c\u00e9l sokak sz\u00e1m\u00e1ra, mivel itt az \u00e9v 365 napj\u00e1b\u00f3l, 300 napon biztos, hogy melegen perzsel a","og_url":"https:\/\/dorogimedence.hu\/index.php\/2020\/05\/12\/monte-carlo-felemelo-elmeny-a-francia-rivieran\/","og_site_name":"Dorogi-medence Region\u00e1lis H\u00edrport\u00e1l","article_publisher":"https:\/\/www.facebook.com\/dorogimedence\/","article_published_time":"2020-05-12T11:39:27+00:00","article_modified_time":"2020-05-12T11:39:41+00:00","og_image":[{"width":670,"height":365,"url":"https:\/\/i0.wp.com\/dorogimedence.hu\/wp-content\/uploads\/2020\/05\/monte-carlo.jpg?fit=670%2C365&ssl=1","type":"image\/jpeg"}],"author":"dorogimedence.hu","twitter_card":"summary_large_image","twitter_misc":{"Szerz\u0151:":"dorogimedence.hu","Becs\u00fclt olvas\u00e1si id\u0151":"4 perc"},"schema":{"@context":"https:\/\/schema.org","@graph":[{"@type":"Article","@id":"https:\/\/dorogimedence.hu\/index.php\/2020\/05\/12\/monte-carlo-felemelo-elmeny-a-francia-rivieran\/#article","isPartOf":{"@id":"https:\/\/dorogimedence.hu\/index.php\/2020\/05\/12\/monte-carlo-felemelo-elmeny-a-francia-rivieran\/"},"author":{"name":"dorogimedence.hu","@id":"https:\/\/dorogimedence.hu\/#\/schema\/person\/ce6091eeb7e95ecdc87890d6aa8e0fd4"},"headline":"Monte Carlo: felemel\u0151 \u00e9lm\u00e9ny a Francia Rivi\u00e9r\u00e1n","datePublished":"2020-05-12T11:39:27+00:00","dateModified":"2020-05-12T11:39:41+00:00","mainEntityOfPage":{"@id":"https:\/\/dorogimedence.hu\/index.php\/2020\/05\/12\/monte-carlo-felemelo-elmeny-a-francia-rivieran\/"},"wordCount":845,"publisher":{"@id":"https:\/\/dorogimedence.hu\/#organization"},"image":{"@id":"https:\/\/dorogimedence.hu\/index.php\/2020\/05\/12\/monte-carlo-felemelo-elmeny-a-francia-rivieran\/#primaryimage"},"thumbnailUrl":"https:\/\/dorogimedence.hu\/wp-content\/uploads\/2020\/05\/monte-carlo.jpg","keywords":["Monte Carlo"],"articleSection":["H\u00edrek"],"inLanguage":"hu"},{"@type":"WebPage","@id":"https:\/\/dorogimedence.hu\/index.php\/2020\/05\/12\/monte-carlo-felemelo-elmeny-a-francia-rivieran\/","url":"https:\/\/dorogimedence.hu\/index.php\/2020\/05\/12\/monte-carlo-felemelo-elmeny-a-francia-rivieran\/","name":"Monte Carlo: felemel\u0151 \u00e9lm\u00e9ny a Francia Rivi\u00e9r\u00e1n","isPartOf":{"@id":"https:\/\/dorogimedence.hu\/#website"},"primaryImageOfPage":{"@id":"https:\/\/dorogimedence.hu\/index.php\/2020\/05\/12\/monte-carlo-felemelo-elmeny-a-francia-rivieran\/#primaryimage"},"image":{"@id":"https:\/\/dorogimedence.hu\/index.php\/2020\/05\/12\/monte-carlo-felemelo-elmeny-a-francia-rivieran\/#primaryimage"},"thumbnailUrl":"https:\/\/dorogimedence.hu\/wp-content\/uploads\/2020\/05\/monte-carlo.jpg","datePublished":"2020-05-12T11:39:27+00:00","dateModified":"2020-05-12T11:39:41+00:00","breadcrumb":{"@id":"https:\/\/dorogimedence.hu\/index.php\/2020\/05\/12\/monte-carlo-felemelo-elmeny-a-francia-rivieran\/#breadcrumb"},"inLanguage":"hu","potentialAction":[{"@type":"ReadAction","target":["https:\/\/dorogimedence.hu\/index.php\/2020\/05\/12\/monte-carlo-felemelo-elmeny-a-francia-rivieran\/"]}]},{"@type":"ImageObject","inLanguage":"hu","@id":"https:\/\/dorogimedence.hu\/index.php\/2020\/05\/12\/monte-carlo-felemelo-elmeny-a-francia-rivieran\/#primaryimage","url":"https:\/\/dorogimedence.hu\/wp-content\/uploads\/2020\/05\/monte-carlo.jpg","contentUrl":"https:\/\/dorogimedence.hu\/wp-content\/uploads\/2020\/05\/monte-carlo.jpg","width":670,"height":365},{"@type":"BreadcrumbList","@id":"https:\/\/dorogimedence.hu\/index.php\/2020\/05\/12\/monte-carlo-felemelo-elmeny-a-francia-rivieran\/#breadcrumb","itemListElement":[{"@type":"ListItem","position":1,"name":"Kezd\u0151lap","item":"https:\/\/dorogimedence.hu\/"},{"@type":"ListItem","position":2,"name":"Monte Carlo: felemel\u0151 \u00e9lm\u00e9ny a Francia Rivi\u00e9r\u00e1n"}]},{"@type":"WebSite","@id":"https:\/\/dorogimedence.hu\/#website","url":"https:\/\/dorogimedence.hu\/","name":"Dorogi-medence Region\u00e1lis H\u00edrport\u00e1l","description":"Dorog, Keszt\u00f6lc, Le\u00e1nyv\u00e1r, Piliscs\u00e9v, Tokod, Tokodalt\u00e1r\u00f3, Csolnok, Esztergom-kertv\u00e1ros: h\u00edrek, programok","publisher":{"@id":"https:\/\/dorogimedence.hu\/#organization"},"potentialAction":[{"@type":"SearchAction","target":{"@type":"EntryPoint","urlTemplate":"https:\/\/dorogimedence.hu\/?s={search_term_string}"},"query-input":{"@type":"PropertyValueSpecification","valueRequired":true,"valueName":"search_term_string"}}],"inLanguage":"hu"},{"@type":"Organization","@id":"https:\/\/dorogimedence.hu\/#organization","name":"Dorogi-medence Region\u00e1lis H\u00edrport\u00e1l","url":"https:\/\/dorogimedence.hu\/","logo":{"@type":"ImageObject","inLanguage":"hu","@id":"https:\/\/dorogimedence.hu\/#\/schema\/logo\/image\/","url":"https:\/\/dorogimedence.hu\/wp-content\/uploads\/2021\/04\/logo-feher-600.png","contentUrl":"https:\/\/dorogimedence.hu\/wp-content\/uploads\/2021\/04\/logo-feher-600.png","width":600,"height":100,"caption":"Dorogi-medence Region\u00e1lis H\u00edrport\u00e1l"},"image":{"@id":"https:\/\/dorogimedence.hu\/#\/schema\/logo\/image\/"},"sameAs":["https:\/\/www.facebook.com\/dorogimedence\/"]},{"@type":"Person","@id":"https:\/\/dorogimedence.hu\/#\/schema\/person\/ce6091eeb7e95ecdc87890d6aa8e0fd4","name":"dorogimedence.hu","image":{"@type":"ImageObject","inLanguage":"hu","@id":"\/\/www.gravatar.com\/avatar\/d8d45f8901aadff40a4af72c0b826f1d?s=96&#038;r=g&#038;d=mm","url":"\/\/www.gravatar.com\/avatar\/d8d45f8901aadff40a4af72c0b826f1d?s=96&#038;r=g&#038;d=mm","contentUrl":"\/\/www.gravatar.com\/avatar\/d8d45f8901aadff40a4af72c0b826f1d?s=96&#038;r=g&#038;d=mm","caption":"dorogimedence.hu"}}]}},"_links":{"self":[{"href":"https:\/\/dorogimedence.hu\/index.php\/wp-json\/wp\/v2\/posts\/24895","targetHints":{"allow":["GET"]}}],"collection":[{"href":"https:\/\/dorogimedence.hu\/index.php\/wp-json\/wp\/v2\/posts"}],"about":[{"href":"https:\/\/dorogimedence.hu\/index.php\/wp-json\/wp\/v2\/types\/post"}],"author":[{"embeddable":true,"href":"https:\/\/dorogimedence.hu\/index.php\/wp-json\/wp\/v2\/users\/1"}],"replies":[{"embeddable":true,"href":"https:\/\/dorogimedence.hu\/index.php\/wp-json\/wp\/v2\/comments?post=24895"}],"version-history":[{"count":0,"href":"https:\/\/dorogimedence.hu\/index.php\/wp-json\/wp\/v2\/posts\/24895\/revisions"}],"wp:featuredmedia":[{"embeddable":true,"href":"https:\/\/dorogimedence.hu\/index.php\/wp-json\/wp\/v2\/media\/24896"}],"wp:attachment":[{"href":"https:\/\/dorogimedence.hu\/index.php\/wp-json\/wp\/v2\/media?parent=24895"}],"wp:term":[{"taxonomy":"category","embeddable":true,"href":"https:\/\/dorogimedence.hu\/index.php\/wp-json\/wp\/v2\/categories?post=24895"},{"taxonomy":"post_tag","embeddable":true,"href":"https:\/\/dorogimedence.hu\/index.php\/wp-json\/wp\/v2\/tags?post=24895"}],"curies":[{"name":"wp","href":"https:\/\/api.w.org\/{rel}","templated":true}]}}