{"id":24879,"date":"2020-05-12T10:36:22","date_gmt":"2020-05-12T08:36:22","guid":{"rendered":"http:\/\/dorogimedence.hu\/?p=24879"},"modified":"2020-05-12T10:36:34","modified_gmt":"2020-05-12T08:36:34","slug":"gat-epul-nyergesujfalutol-esztergom-fele","status":"publish","type":"post","link":"https:\/\/dorogimedence.hu\/index.php\/2020\/05\/12\/gat-epul-nyergesujfalutol-esztergom-fele\/","title":{"rendered":"G\u00e1t \u00e9p\u00fcl Nyerges\u00fajfalut\u00f3l Esztergom fel\u00e9"},"content":{"rendered":"<p><strong>A korm\u00e1ny az esztergomi kist\u00e9rs\u00e9g hossz\u00fa t\u00e1v\u00fa \u00e1rv\u00edzi biztons\u00e1ga \u00e9s \u00e1rmentes\u00edt\u00e9se \u00e9rdek\u00e9ben sz\u00fcks\u00e9ges beruh\u00e1z\u00e1sokra az idei k\u00f6lts\u00e9gvet\u00e9sb\u0151l 1,5 milli\u00e1rd forintot, a j\u00f6v\u0151 \u00e9vi b\u00fcdzs\u00e9b\u0151l pedig 425 milli\u00f3 forintot biztos\u00edtott.<\/strong><\/p>\n<p>A d\u00f6nt\u00e9sr\u0151l m\u00e1r <a href=\"https:\/\/dorogimedence.hu\/index.php\/2020\/04\/16\/penzugyi-dontes-szuletett-az-esztergomi-kisterseg-arvizvedelmerol\/\" target=\"_blank\" rel=\"noopener noreferrer\"><span style=\"text-decoration: underline; color: #0000ff;\">\u00e1prilis 16-\u00e1n \u00edrtunk<\/span><\/a>, amikor megjelent a Magyar K\u00f6zl\u00f6nyben. <strong>A KEMHESZ most a horg\u00e1szokat \u00e9rint\u0151 v\u00e1ltoz\u00e1sokr\u00f3l k\u00e9rdezte a v\u00edz\u00fcgyi igazgat\u00f3s\u00e1got.<\/strong><\/p>\n<p>Moln\u00e1r Andr\u00e1s, az \u00c9szak-dun\u00e1nt\u00fali V\u00edz\u00fcgyi Igazgat\u00f3s\u00e1g (\u00c9DUVIZIG) Tatai Szakaszm\u00e9rn\u00f6ks\u00e9g\u00e9nek munkat\u00e1rsa elmondta: a g\u00e1t a Nyerges\u00fajfalu-Dunaalm\u00e1s \u00f6bl\u00f6zetet az Esztergomi \u00f6bl\u00f6zett\u0151l elv\u00e1laszt\u00f3 S\u00e1ndor patakt\u00f3l halad majd Esztergom ir\u00e1ny\u00e1ba. A fejleszt\u00e9s sor\u00e1n meg\u00e9p\u00fcl mintegy <strong>egy kilom\u00e9ter hossz\u00fas\u00e1g\u00fa \u00e1rv\u00edzv\u00e9delmi t\u00f6lt\u00e9s, valamint a S\u00e1ndor patakon \u00e1rv\u00edzv\u00e9delmi zsilipet \u00e9s v\u00edzt\u00e1roz\u00f3 teret l\u00e9tes\u00edtenek<\/strong>.<\/p>\n<p>A v\u00e9delmet a Nyerges\u00fajfalu \u00e9s T\u00e1t k\u00f6z\u00f6tti ny\u00edlt \u00e1rt\u00e9ri Duna-szakaszon kell megval\u00f3s\u00edtani. Ebbe beletartozik az <strong>\u00f6bl\u00f6zet \u00e1rv\u00edzv\u00e9delmi biztons\u00e1g\u00e1nak a megteremt\u00e9se, valamint a nyerges\u00fajfalui ipari park b\u0151v\u00edt\u00e9s\u00e9vel \u00f6sszef\u00fcgg\u0151 \u00e1rv\u00edzv\u00e9delmi fejleszt\u00e9s.<\/strong><\/p>\n<p>Az \u00e9rintett Duna part kedvelt horg\u00e1sz hely, melyet tov\u00e1bbra is a 11-es \u00fatr\u00f3l lehet majd megk\u00f6zel\u00edteni. A projekt keret\u00e9ben egy, a k\u00f6zforgalom sz\u00e1m\u00e1ra az \u00e1tad\u00e1s ut\u00e1n megnyitott <strong>mag\u00e1nutat \u00e9p\u00edtenek ki a f\u0151\u00fat fel\u0151l a kiskertek \u00e9s az ipari fejleszt\u00e9si ter\u00fclet k\u00f6z\u00f6tt.<\/strong> <strong>A Duna parton egy parkol\u00e1sra alkalmas, rendezett ter\u00fclet j\u00f6n l\u00e9tre ott, ahol a horg\u00e1szok most is meg\u00e1llnak a j\u00e1rm\u0171veikkel.<\/strong><\/p>\n<p>A kivitelez\u00e9si munk\u00e1latok hamarosan elkezd\u0151dnek \u00e9s v\u00e1rhat\u00f3an 2021 tavasz\u00e1ig tartanak majd. A beruh\u00e1z\u00e1s ideje alatt az anyagbesz\u00e1ll\u00edt\u00e1s \u00e9s a munkater\u00fclet lehat\u00e1rol\u00e1sa miatt v\u00e1rhat\u00f3an korl\u00e1toz\u00e1sokat is \u00e9letbe l\u00e9ptetnek. Az \u00c9szak-dun\u00e1nt\u00fali V\u00edz\u00fcgyi Igazgat\u00f3s\u00e1g lesz a meg\u00e9p\u00fclt \u00e1rv\u00edzv\u00e9delmi l\u00e9tes\u00edtm\u00e9ny vagyonkezel\u0151je, fenntart\u00f3ja \u00e9s \u00fczemeltet\u0151je.<\/p>\n<p><em>Forr\u00e1s: Kom\u00e1rom-Esztergom Megyei Horg\u00e1szegyes\u00fcletek Sz\u00f6vets\u00e9ge<br \/>\nFot\u00f3: GoPro Special Videos YouTube csatorn\u00e1ja<br \/>\n<\/em><\/p>\n","protected":false},"excerpt":{"rendered":"<p>A korm\u00e1ny az esztergomi kist\u00e9rs\u00e9g hossz\u00fa t\u00e1v\u00fa \u00e1rv\u00edzi biztons\u00e1ga \u00e9s \u00e1rmentes\u00edt\u00e9se \u00e9rdek\u00e9ben sz\u00fcks\u00e9ges beruh\u00e1z\u00e1sokra az idei k\u00f6lts\u00e9gvet\u00e9sb\u0151l 1,5 milli\u00e1rd forintot, a j\u00f6v\u0151 \u00e9vi b\u00fcdzs\u00e9b\u0151l pedig 425 milli\u00f3 forintot biztos\u00edtott. A d\u00f6nt\u00e9sr\u0151l m\u00e1r \u00e1prilis 16-\u00e1n \u00edrtunk, amikor megjelent a Magyar K\u00f6zl\u00f6nyben. A KEMHESZ most a horg\u00e1szokat \u00e9rint\u0151 v\u00e1ltoz\u00e1sokr\u00f3l k\u00e9rdezte a v\u00edz\u00fcgyi igazgat\u00f3s\u00e1got. Moln\u00e1r Andr\u00e1s, az \u00c9szak-dun\u00e1nt\u00fali<\/p>\n","protected":false},"author":1,"featured_media":24371,"comment_status":"closed","ping_status":"closed","sticky":false,"template":"","format":"standard","meta":{"ngg_post_thumbnail":0,"footnotes":""},"categories":[38,3,1390,110],"tags":[2408,42,157,136,140,111],"class_list":{"0":"post-24879","1":"post","2":"type-post","3":"status-publish","4":"format-standard","5":"has-post-thumbnail","7":"category-esztergom","8":"category-hirek","9":"category-nyergesujfalu","10":"category-tat","11":"tag-arvizvedelem","12":"tag-esztergom","13":"tag-fejlesztes","14":"tag-gat","15":"tag-nyergesujfalu","16":"tag-tat"},"yoast_head":"<!-- This site is optimized with the Yoast SEO plugin v27.4 - https:\/\/yoast.com\/product\/yoast-seo-wordpress\/ -->\n<title>G\u00e1t \u00e9p\u00fcl Nyerges\u00fajfalut\u00f3l Esztergom fel\u00e9<\/title>\n<meta name=\"robots\" content=\"index, follow, max-snippet:-1, max-image-preview:large, max-video-preview:-1\" \/>\n<link rel=\"canonical\" href=\"https:\/\/dorogimedence.hu\/index.php\/2020\/05\/12\/gat-epul-nyergesujfalutol-esztergom-fele\/\" class=\"yoast-seo-meta-tag\" \/>\n<meta property=\"og:locale\" content=\"hu_HU\" class=\"yoast-seo-meta-tag\" \/>\n<meta property=\"og:type\" content=\"article\" class=\"yoast-seo-meta-tag\" \/>\n<meta property=\"og:title\" content=\"G\u00e1t \u00e9p\u00fcl Nyerges\u00fajfalut\u00f3l Esztergom fel\u00e9\" class=\"yoast-seo-meta-tag\" \/>\n<meta property=\"og:description\" content=\"A korm\u00e1ny az esztergomi kist\u00e9rs\u00e9g hossz\u00fa t\u00e1v\u00fa \u00e1rv\u00edzi biztons\u00e1ga \u00e9s \u00e1rmentes\u00edt\u00e9se \u00e9rdek\u00e9ben sz\u00fcks\u00e9ges beruh\u00e1z\u00e1sokra az idei k\u00f6lts\u00e9gvet\u00e9sb\u0151l 1,5 milli\u00e1rd forintot, a j\u00f6v\u0151 \u00e9vi b\u00fcdzs\u00e9b\u0151l pedig 425 milli\u00f3 forintot biztos\u00edtott. A d\u00f6nt\u00e9sr\u0151l m\u00e1r \u00e1prilis 16-\u00e1n \u00edrtunk, amikor megjelent a Magyar K\u00f6zl\u00f6nyben. A KEMHESZ most a horg\u00e1szokat \u00e9rint\u0151 v\u00e1ltoz\u00e1sokr\u00f3l k\u00e9rdezte a v\u00edz\u00fcgyi igazgat\u00f3s\u00e1got. Moln\u00e1r Andr\u00e1s, az \u00c9szak-dun\u00e1nt\u00fali\" class=\"yoast-seo-meta-tag\" \/>\n<meta property=\"og:url\" content=\"https:\/\/dorogimedence.hu\/index.php\/2020\/05\/12\/gat-epul-nyergesujfalutol-esztergom-fele\/\" class=\"yoast-seo-meta-tag\" \/>\n<meta property=\"og:site_name\" content=\"Dorogi-medence Region\u00e1lis H\u00edrport\u00e1l\" class=\"yoast-seo-meta-tag\" \/>\n<meta property=\"article:publisher\" content=\"https:\/\/www.facebook.com\/dorogimedence\/\" class=\"yoast-seo-meta-tag\" \/>\n<meta property=\"article:published_time\" content=\"2020-05-12T08:36:22+00:00\" class=\"yoast-seo-meta-tag\" \/>\n<meta property=\"article:modified_time\" content=\"2020-05-12T08:36:34+00:00\" class=\"yoast-seo-meta-tag\" \/>\n<meta property=\"og:image\" content=\"https:\/\/i0.wp.com\/dorogimedence.hu\/wp-content\/uploads\/2020\/04\/tati-kogat.jpg?fit=670%2C365&ssl=1\" class=\"yoast-seo-meta-tag\" \/>\n\t<meta property=\"og:image:width\" content=\"670\" class=\"yoast-seo-meta-tag\" \/>\n\t<meta property=\"og:image:height\" content=\"365\" class=\"yoast-seo-meta-tag\" \/>\n\t<meta property=\"og:image:type\" content=\"image\/jpeg\" class=\"yoast-seo-meta-tag\" \/>\n<meta name=\"author\" content=\"dorogimedence.hu\" class=\"yoast-seo-meta-tag\" \/>\n<meta name=\"twitter:card\" content=\"summary_large_image\" class=\"yoast-seo-meta-tag\" \/>\n<meta name=\"twitter:label1\" content=\"Szerz\u0151:\" class=\"yoast-seo-meta-tag\" \/>\n\t<meta name=\"twitter:data1\" content=\"dorogimedence.hu\" class=\"yoast-seo-meta-tag\" \/>\n\t<meta name=\"twitter:label2\" content=\"Becs\u00fclt olvas\u00e1si id\u0151\" class=\"yoast-seo-meta-tag\" \/>\n\t<meta name=\"twitter:data2\" content=\"2 perc\" class=\"yoast-seo-meta-tag\" \/>\n<script type=\"application\/ld+json\" class=\"yoast-schema-graph\">{\"@context\":\"https:\\\/\\\/schema.org\",\"@graph\":[{\"@type\":\"Article\",\"@id\":\"https:\\\/\\\/dorogimedence.hu\\\/index.php\\\/2020\\\/05\\\/12\\\/gat-epul-nyergesujfalutol-esztergom-fele\\\/#article\",\"isPartOf\":{\"@id\":\"https:\\\/\\\/dorogimedence.hu\\\/index.php\\\/2020\\\/05\\\/12\\\/gat-epul-nyergesujfalutol-esztergom-fele\\\/\"},\"author\":{\"name\":\"dorogimedence.hu\",\"@id\":\"https:\\\/\\\/dorogimedence.hu\\\/#\\\/schema\\\/person\\\/ce6091eeb7e95ecdc87890d6aa8e0fd4\"},\"headline\":\"G\u00e1t \u00e9p\u00fcl Nyerges\u00fajfalut\u00f3l Esztergom fel\u00e9\",\"datePublished\":\"2020-05-12T08:36:22+00:00\",\"dateModified\":\"2020-05-12T08:36:34+00:00\",\"mainEntityOfPage\":{\"@id\":\"https:\\\/\\\/dorogimedence.hu\\\/index.php\\\/2020\\\/05\\\/12\\\/gat-epul-nyergesujfalutol-esztergom-fele\\\/\"},\"wordCount\":417,\"publisher\":{\"@id\":\"https:\\\/\\\/dorogimedence.hu\\\/#organization\"},\"image\":{\"@id\":\"https:\\\/\\\/dorogimedence.hu\\\/index.php\\\/2020\\\/05\\\/12\\\/gat-epul-nyergesujfalutol-esztergom-fele\\\/#primaryimage\"},\"thumbnailUrl\":\"https:\\\/\\\/dorogimedence.hu\\\/wp-content\\\/uploads\\\/2020\\\/04\\\/tati-kogat.jpg\",\"keywords\":[\"\u00e1rv\u00edzv\u00e9delem\",\"esztergom\",\"fejleszt\u00e9s\",\"g\u00e1t\",\"Nyerges\u00fajfalu\",\"T\u00e1t\"],\"articleSection\":[\"Esztergom\",\"H\u00edrek\",\"Nyerges\u00fajfalu\",\"T\u00e1t\"],\"inLanguage\":\"hu\"},{\"@type\":\"WebPage\",\"@id\":\"https:\\\/\\\/dorogimedence.hu\\\/index.php\\\/2020\\\/05\\\/12\\\/gat-epul-nyergesujfalutol-esztergom-fele\\\/\",\"url\":\"https:\\\/\\\/dorogimedence.hu\\\/index.php\\\/2020\\\/05\\\/12\\\/gat-epul-nyergesujfalutol-esztergom-fele\\\/\",\"name\":\"G\u00e1t \u00e9p\u00fcl Nyerges\u00fajfalut\u00f3l Esztergom fel\u00e9\",\"isPartOf\":{\"@id\":\"https:\\\/\\\/dorogimedence.hu\\\/#website\"},\"primaryImageOfPage\":{\"@id\":\"https:\\\/\\\/dorogimedence.hu\\\/index.php\\\/2020\\\/05\\\/12\\\/gat-epul-nyergesujfalutol-esztergom-fele\\\/#primaryimage\"},\"image\":{\"@id\":\"https:\\\/\\\/dorogimedence.hu\\\/index.php\\\/2020\\\/05\\\/12\\\/gat-epul-nyergesujfalutol-esztergom-fele\\\/#primaryimage\"},\"thumbnailUrl\":\"https:\\\/\\\/dorogimedence.hu\\\/wp-content\\\/uploads\\\/2020\\\/04\\\/tati-kogat.jpg\",\"datePublished\":\"2020-05-12T08:36:22+00:00\",\"dateModified\":\"2020-05-12T08:36:34+00:00\",\"breadcrumb\":{\"@id\":\"https:\\\/\\\/dorogimedence.hu\\\/index.php\\\/2020\\\/05\\\/12\\\/gat-epul-nyergesujfalutol-esztergom-fele\\\/#breadcrumb\"},\"inLanguage\":\"hu\",\"potentialAction\":[{\"@type\":\"ReadAction\",\"target\":[\"https:\\\/\\\/dorogimedence.hu\\\/index.php\\\/2020\\\/05\\\/12\\\/gat-epul-nyergesujfalutol-esztergom-fele\\\/\"]}]},{\"@type\":\"ImageObject\",\"inLanguage\":\"hu\",\"@id\":\"https:\\\/\\\/dorogimedence.hu\\\/index.php\\\/2020\\\/05\\\/12\\\/gat-epul-nyergesujfalutol-esztergom-fele\\\/#primaryimage\",\"url\":\"https:\\\/\\\/dorogimedence.hu\\\/wp-content\\\/uploads\\\/2020\\\/04\\\/tati-kogat.jpg\",\"contentUrl\":\"https:\\\/\\\/dorogimedence.hu\\\/wp-content\\\/uploads\\\/2020\\\/04\\\/tati-kogat.jpg\",\"width\":670,\"height\":365},{\"@type\":\"BreadcrumbList\",\"@id\":\"https:\\\/\\\/dorogimedence.hu\\\/index.php\\\/2020\\\/05\\\/12\\\/gat-epul-nyergesujfalutol-esztergom-fele\\\/#breadcrumb\",\"itemListElement\":[{\"@type\":\"ListItem\",\"position\":1,\"name\":\"Kezd\u0151lap\",\"item\":\"https:\\\/\\\/dorogimedence.hu\\\/\"},{\"@type\":\"ListItem\",\"position\":2,\"name\":\"G\u00e1t \u00e9p\u00fcl Nyerges\u00fajfalut\u00f3l Esztergom fel\u00e9\"}]},{\"@type\":\"WebSite\",\"@id\":\"https:\\\/\\\/dorogimedence.hu\\\/#website\",\"url\":\"https:\\\/\\\/dorogimedence.hu\\\/\",\"name\":\"Dorogi-medence Region\u00e1lis H\u00edrport\u00e1l\",\"description\":\"Dorog, Keszt\u00f6lc, Le\u00e1nyv\u00e1r, Piliscs\u00e9v, Tokod, Tokodalt\u00e1r\u00f3, Csolnok, Esztergom-kertv\u00e1ros: h\u00edrek, programok\",\"publisher\":{\"@id\":\"https:\\\/\\\/dorogimedence.hu\\\/#organization\"},\"potentialAction\":[{\"@type\":\"SearchAction\",\"target\":{\"@type\":\"EntryPoint\",\"urlTemplate\":\"https:\\\/\\\/dorogimedence.hu\\\/?s={search_term_string}\"},\"query-input\":{\"@type\":\"PropertyValueSpecification\",\"valueRequired\":true,\"valueName\":\"search_term_string\"}}],\"inLanguage\":\"hu\"},{\"@type\":\"Organization\",\"@id\":\"https:\\\/\\\/dorogimedence.hu\\\/#organization\",\"name\":\"Dorogi-medence Region\u00e1lis H\u00edrport\u00e1l\",\"url\":\"https:\\\/\\\/dorogimedence.hu\\\/\",\"logo\":{\"@type\":\"ImageObject\",\"inLanguage\":\"hu\",\"@id\":\"https:\\\/\\\/dorogimedence.hu\\\/#\\\/schema\\\/logo\\\/image\\\/\",\"url\":\"https:\\\/\\\/dorogimedence.hu\\\/wp-content\\\/uploads\\\/2021\\\/04\\\/logo-feher-600.png\",\"contentUrl\":\"https:\\\/\\\/dorogimedence.hu\\\/wp-content\\\/uploads\\\/2021\\\/04\\\/logo-feher-600.png\",\"width\":600,\"height\":100,\"caption\":\"Dorogi-medence Region\u00e1lis H\u00edrport\u00e1l\"},\"image\":{\"@id\":\"https:\\\/\\\/dorogimedence.hu\\\/#\\\/schema\\\/logo\\\/image\\\/\"},\"sameAs\":[\"https:\\\/\\\/www.facebook.com\\\/dorogimedence\\\/\"]},{\"@type\":\"Person\",\"@id\":\"https:\\\/\\\/dorogimedence.hu\\\/#\\\/schema\\\/person\\\/ce6091eeb7e95ecdc87890d6aa8e0fd4\",\"name\":\"dorogimedence.hu\",\"image\":{\"@type\":\"ImageObject\",\"inLanguage\":\"hu\",\"@id\":\"\\\/\\\/www.gravatar.com\\\/avatar\\\/d8d45f8901aadff40a4af72c0b826f1d?s=96&#038;r=g&#038;d=mm\",\"url\":\"\\\/\\\/www.gravatar.com\\\/avatar\\\/d8d45f8901aadff40a4af72c0b826f1d?s=96&#038;r=g&#038;d=mm\",\"contentUrl\":\"\\\/\\\/www.gravatar.com\\\/avatar\\\/d8d45f8901aadff40a4af72c0b826f1d?s=96&#038;r=g&#038;d=mm\",\"caption\":\"dorogimedence.hu\"}}]}<\/script>\n<!-- \/ Yoast SEO plugin. -->","yoast_head_json":{"title":"G\u00e1t \u00e9p\u00fcl Nyerges\u00fajfalut\u00f3l Esztergom fel\u00e9","robots":{"index":"index","follow":"follow","max-snippet":"max-snippet:-1","max-image-preview":"max-image-preview:large","max-video-preview":"max-video-preview:-1"},"canonical":"https:\/\/dorogimedence.hu\/index.php\/2020\/05\/12\/gat-epul-nyergesujfalutol-esztergom-fele\/","og_locale":"hu_HU","og_type":"article","og_title":"G\u00e1t \u00e9p\u00fcl Nyerges\u00fajfalut\u00f3l Esztergom fel\u00e9","og_description":"A korm\u00e1ny az esztergomi kist\u00e9rs\u00e9g hossz\u00fa t\u00e1v\u00fa \u00e1rv\u00edzi biztons\u00e1ga \u00e9s \u00e1rmentes\u00edt\u00e9se \u00e9rdek\u00e9ben sz\u00fcks\u00e9ges beruh\u00e1z\u00e1sokra az idei k\u00f6lts\u00e9gvet\u00e9sb\u0151l 1,5 milli\u00e1rd forintot, a j\u00f6v\u0151 \u00e9vi b\u00fcdzs\u00e9b\u0151l pedig 425 milli\u00f3 forintot biztos\u00edtott. A d\u00f6nt\u00e9sr\u0151l m\u00e1r \u00e1prilis 16-\u00e1n \u00edrtunk, amikor megjelent a Magyar K\u00f6zl\u00f6nyben. A KEMHESZ most a horg\u00e1szokat \u00e9rint\u0151 v\u00e1ltoz\u00e1sokr\u00f3l k\u00e9rdezte a v\u00edz\u00fcgyi igazgat\u00f3s\u00e1got. Moln\u00e1r Andr\u00e1s, az \u00c9szak-dun\u00e1nt\u00fali","og_url":"https:\/\/dorogimedence.hu\/index.php\/2020\/05\/12\/gat-epul-nyergesujfalutol-esztergom-fele\/","og_site_name":"Dorogi-medence Region\u00e1lis H\u00edrport\u00e1l","article_publisher":"https:\/\/www.facebook.com\/dorogimedence\/","article_published_time":"2020-05-12T08:36:22+00:00","article_modified_time":"2020-05-12T08:36:34+00:00","og_image":[{"width":670,"height":365,"url":"https:\/\/i0.wp.com\/dorogimedence.hu\/wp-content\/uploads\/2020\/04\/tati-kogat.jpg?fit=670%2C365&ssl=1","type":"image\/jpeg"}],"author":"dorogimedence.hu","twitter_card":"summary_large_image","twitter_misc":{"Szerz\u0151:":"dorogimedence.hu","Becs\u00fclt olvas\u00e1si id\u0151":"2 perc"},"schema":{"@context":"https:\/\/schema.org","@graph":[{"@type":"Article","@id":"https:\/\/dorogimedence.hu\/index.php\/2020\/05\/12\/gat-epul-nyergesujfalutol-esztergom-fele\/#article","isPartOf":{"@id":"https:\/\/dorogimedence.hu\/index.php\/2020\/05\/12\/gat-epul-nyergesujfalutol-esztergom-fele\/"},"author":{"name":"dorogimedence.hu","@id":"https:\/\/dorogimedence.hu\/#\/schema\/person\/ce6091eeb7e95ecdc87890d6aa8e0fd4"},"headline":"G\u00e1t \u00e9p\u00fcl Nyerges\u00fajfalut\u00f3l Esztergom fel\u00e9","datePublished":"2020-05-12T08:36:22+00:00","dateModified":"2020-05-12T08:36:34+00:00","mainEntityOfPage":{"@id":"https:\/\/dorogimedence.hu\/index.php\/2020\/05\/12\/gat-epul-nyergesujfalutol-esztergom-fele\/"},"wordCount":417,"publisher":{"@id":"https:\/\/dorogimedence.hu\/#organization"},"image":{"@id":"https:\/\/dorogimedence.hu\/index.php\/2020\/05\/12\/gat-epul-nyergesujfalutol-esztergom-fele\/#primaryimage"},"thumbnailUrl":"https:\/\/dorogimedence.hu\/wp-content\/uploads\/2020\/04\/tati-kogat.jpg","keywords":["\u00e1rv\u00edzv\u00e9delem","esztergom","fejleszt\u00e9s","g\u00e1t","Nyerges\u00fajfalu","T\u00e1t"],"articleSection":["Esztergom","H\u00edrek","Nyerges\u00fajfalu","T\u00e1t"],"inLanguage":"hu"},{"@type":"WebPage","@id":"https:\/\/dorogimedence.hu\/index.php\/2020\/05\/12\/gat-epul-nyergesujfalutol-esztergom-fele\/","url":"https:\/\/dorogimedence.hu\/index.php\/2020\/05\/12\/gat-epul-nyergesujfalutol-esztergom-fele\/","name":"G\u00e1t \u00e9p\u00fcl Nyerges\u00fajfalut\u00f3l Esztergom fel\u00e9","isPartOf":{"@id":"https:\/\/dorogimedence.hu\/#website"},"primaryImageOfPage":{"@id":"https:\/\/dorogimedence.hu\/index.php\/2020\/05\/12\/gat-epul-nyergesujfalutol-esztergom-fele\/#primaryimage"},"image":{"@id":"https:\/\/dorogimedence.hu\/index.php\/2020\/05\/12\/gat-epul-nyergesujfalutol-esztergom-fele\/#primaryimage"},"thumbnailUrl":"https:\/\/dorogimedence.hu\/wp-content\/uploads\/2020\/04\/tati-kogat.jpg","datePublished":"2020-05-12T08:36:22+00:00","dateModified":"2020-05-12T08:36:34+00:00","breadcrumb":{"@id":"https:\/\/dorogimedence.hu\/index.php\/2020\/05\/12\/gat-epul-nyergesujfalutol-esztergom-fele\/#breadcrumb"},"inLanguage":"hu","potentialAction":[{"@type":"ReadAction","target":["https:\/\/dorogimedence.hu\/index.php\/2020\/05\/12\/gat-epul-nyergesujfalutol-esztergom-fele\/"]}]},{"@type":"ImageObject","inLanguage":"hu","@id":"https:\/\/dorogimedence.hu\/index.php\/2020\/05\/12\/gat-epul-nyergesujfalutol-esztergom-fele\/#primaryimage","url":"https:\/\/dorogimedence.hu\/wp-content\/uploads\/2020\/04\/tati-kogat.jpg","contentUrl":"https:\/\/dorogimedence.hu\/wp-content\/uploads\/2020\/04\/tati-kogat.jpg","width":670,"height":365},{"@type":"BreadcrumbList","@id":"https:\/\/dorogimedence.hu\/index.php\/2020\/05\/12\/gat-epul-nyergesujfalutol-esztergom-fele\/#breadcrumb","itemListElement":[{"@type":"ListItem","position":1,"name":"Kezd\u0151lap","item":"https:\/\/dorogimedence.hu\/"},{"@type":"ListItem","position":2,"name":"G\u00e1t \u00e9p\u00fcl Nyerges\u00fajfalut\u00f3l Esztergom fel\u00e9"}]},{"@type":"WebSite","@id":"https:\/\/dorogimedence.hu\/#website","url":"https:\/\/dorogimedence.hu\/","name":"Dorogi-medence Region\u00e1lis H\u00edrport\u00e1l","description":"Dorog, Keszt\u00f6lc, Le\u00e1nyv\u00e1r, Piliscs\u00e9v, Tokod, Tokodalt\u00e1r\u00f3, Csolnok, Esztergom-kertv\u00e1ros: h\u00edrek, programok","publisher":{"@id":"https:\/\/dorogimedence.hu\/#organization"},"potentialAction":[{"@type":"SearchAction","target":{"@type":"EntryPoint","urlTemplate":"https:\/\/dorogimedence.hu\/?s={search_term_string}"},"query-input":{"@type":"PropertyValueSpecification","valueRequired":true,"valueName":"search_term_string"}}],"inLanguage":"hu"},{"@type":"Organization","@id":"https:\/\/dorogimedence.hu\/#organization","name":"Dorogi-medence Region\u00e1lis H\u00edrport\u00e1l","url":"https:\/\/dorogimedence.hu\/","logo":{"@type":"ImageObject","inLanguage":"hu","@id":"https:\/\/dorogimedence.hu\/#\/schema\/logo\/image\/","url":"https:\/\/dorogimedence.hu\/wp-content\/uploads\/2021\/04\/logo-feher-600.png","contentUrl":"https:\/\/dorogimedence.hu\/wp-content\/uploads\/2021\/04\/logo-feher-600.png","width":600,"height":100,"caption":"Dorogi-medence Region\u00e1lis H\u00edrport\u00e1l"},"image":{"@id":"https:\/\/dorogimedence.hu\/#\/schema\/logo\/image\/"},"sameAs":["https:\/\/www.facebook.com\/dorogimedence\/"]},{"@type":"Person","@id":"https:\/\/dorogimedence.hu\/#\/schema\/person\/ce6091eeb7e95ecdc87890d6aa8e0fd4","name":"dorogimedence.hu","image":{"@type":"ImageObject","inLanguage":"hu","@id":"\/\/www.gravatar.com\/avatar\/d8d45f8901aadff40a4af72c0b826f1d?s=96&#038;r=g&#038;d=mm","url":"\/\/www.gravatar.com\/avatar\/d8d45f8901aadff40a4af72c0b826f1d?s=96&#038;r=g&#038;d=mm","contentUrl":"\/\/www.gravatar.com\/avatar\/d8d45f8901aadff40a4af72c0b826f1d?s=96&#038;r=g&#038;d=mm","caption":"dorogimedence.hu"}}]}},"_links":{"self":[{"href":"https:\/\/dorogimedence.hu\/index.php\/wp-json\/wp\/v2\/posts\/24879","targetHints":{"allow":["GET"]}}],"collection":[{"href":"https:\/\/dorogimedence.hu\/index.php\/wp-json\/wp\/v2\/posts"}],"about":[{"href":"https:\/\/dorogimedence.hu\/index.php\/wp-json\/wp\/v2\/types\/post"}],"author":[{"embeddable":true,"href":"https:\/\/dorogimedence.hu\/index.php\/wp-json\/wp\/v2\/users\/1"}],"replies":[{"embeddable":true,"href":"https:\/\/dorogimedence.hu\/index.php\/wp-json\/wp\/v2\/comments?post=24879"}],"version-history":[{"count":0,"href":"https:\/\/dorogimedence.hu\/index.php\/wp-json\/wp\/v2\/posts\/24879\/revisions"}],"wp:featuredmedia":[{"embeddable":true,"href":"https:\/\/dorogimedence.hu\/index.php\/wp-json\/wp\/v2\/media\/24371"}],"wp:attachment":[{"href":"https:\/\/dorogimedence.hu\/index.php\/wp-json\/wp\/v2\/media?parent=24879"}],"wp:term":[{"taxonomy":"category","embeddable":true,"href":"https:\/\/dorogimedence.hu\/index.php\/wp-json\/wp\/v2\/categories?post=24879"},{"taxonomy":"post_tag","embeddable":true,"href":"https:\/\/dorogimedence.hu\/index.php\/wp-json\/wp\/v2\/tags?post=24879"}],"curies":[{"name":"wp","href":"https:\/\/api.w.org\/{rel}","templated":true}]}}