{"id":24871,"date":"2020-05-12T09:37:43","date_gmt":"2020-05-12T07:37:43","guid":{"rendered":"http:\/\/dorogimedence.hu\/?p=24871"},"modified":"2020-05-12T09:39:16","modified_gmt":"2020-05-12T07:39:16","slug":"hibrid-vonatok-erkezhetnek-a-jovoben-az-esztergom-komarom-vasutvonalra-is","status":"publish","type":"post","link":"https:\/\/dorogimedence.hu\/index.php\/2020\/05\/12\/hibrid-vonatok-erkezhetnek-a-jovoben-az-esztergom-komarom-vasutvonalra-is\/","title":{"rendered":"Hibrid vonatok \u00e9rkezhetnek a j\u00f6v\u0151ben az Esztergom-Kom\u00e1rom vas\u00fatvonalra is"},"content":{"rendered":"<div class=\"field-lead\">\n<p><strong>H\u00fasz 200 \u00e9s harminc 150 \u00fcl\u0151helyes<\/strong> <strong>\u00faj, z\u00e9r\u00f3 emisszi\u00f3s hibrid <em>(kett\u0151s, 25 kV AC fels\u0151vezet\u00e9kes \u00e9s akkumul\u00e1toros \u00fczem\u0171)<\/em> villamos motorvonat beszerz\u00e9s\u00e9re \u00edrt ki eur\u00f3pai uni\u00f3s k\u00f6zbeszerz\u00e9si elj\u00e1r\u00e1st a M\u00c1V-START.<\/strong> <strong>A tervek szerint az \u00f6tven j\u00e1rm\u0171 <\/strong><strong>fokozatos \u00fctemez\u00e9ssel \u00e9rkezne: 2023-2024-ben h\u00fasz 200 \u00fcl\u0151helyes, 2024-2029 k\u00f6z\u00f6tt pedig tov\u00e1bbi harminc 150 \u00fcl\u0151helyes motorvonat beszerz\u00e9se t\u00f6rt\u00e9nik meg.<\/strong><\/p>\n<\/div>\n<div class=\"field-body\">\n<p>A M\u00c1V-START elk\u00f6telezett a rendk\u00edv\u00fcl k\u00f6lts\u00e9ges \u00e9s k\u00f6rnyezetszennyez\u0151 <strong>d\u00edzelvontat\u00e1s \u00e9rdemi h\u00e1nyad\u00e1nak kiv\u00e1lt\u00e1s\u00e1ra z\u00e9r\u00f3 emisszi\u00f3s villamos motorvonatokkal<\/strong>. A kett\u0151s \u00fczem\u0171 motorvonatok beszerz\u00e9s\u00e9vel a <strong>j\u00e1rm\u0171\u00e1llom\u00e1ny k\u00f6rnyezetv\u00e9delmi hat\u00e9konys\u00e1g\u00e1nak jelent\u0151s jav\u00edt\u00e1sa<\/strong> \u00e9rhet\u0151 el, az energiahat\u00e9konys\u00e1g n\u00f6vel\u00e9s\u00e9vel orsz\u00e1gos szinten is \u00e9rz\u00e9kelhet\u0151 m\u00e9rt\u00e9kben cs\u00f6kkenthet\u0151 a jelenlegi emisszi\u00f3 szintje. A rendk\u00edv\u00fcl el\u00f6regedett <strong>t\u00e1vols\u00e1gi-region\u00e1lis<\/strong> <strong>\u00e9s interregion\u00e1lis<\/strong> h\u00e1l\u00f3zaton k\u00f6zleked\u0151 eszk\u00f6zpark is <strong>meg\u00fajulna<\/strong>: az elm\u00falt \u00e9vekben, ebben a szegmensben z\u00f6m\u00e9ben csak j\u00e1rm\u0171korszer\u0171s\u00edt\u00e9sek t\u00f6rt\u00e9ntek, tov\u00e1bb\u00e1 a Budapest el\u0151v\u00e1ros\u00e1b\u00f3l felszabadul\u00f3 korszer\u0171, illetve korszer\u0171s\u00edtett eszk\u00f6z\u00f6k \u00e1tcsoportos\u00edt\u00e1s\u00e1val ny\u00edlt lehet\u0151s\u00e9g szolg\u00e1ltat\u00e1sfejleszt\u00e9sre. A sz\u00e1m\u00edt\u00e1sok alapj\u00e1n <strong>jelent\u0151s,<\/strong> <strong>\u00e9ves szinten \u00f6sszesen 3,6 milli\u00e1rd<\/strong> <em>(j\u00e1rm\u0171venk\u00e9nt \u00e1tlagosan 73 milli\u00f3)<\/em> forint k\u00f6zvetlen <strong>k\u00f6lts\u00e9gmegtakar\u00edt\u00e1sra<\/strong> is sz\u00e1m\u00edtani lehet.<\/p>\n<p><strong>Mos\u00f3czi L\u00e1szl\u00f3, az Innov\u00e1ci\u00f3s \u00e9s Technol\u00f3giai Miniszt\u00e9rium k\u00f6zleked\u00e9spolitik\u00e1\u00e9rt felel\u0151s \u00e1llamtitk\u00e1ra hangs\u00falyozta:<\/strong><em> \u201ea tavalyi \u00e9v legnagyobb hosszban megval\u00f3sult vas\u00fati fejleszt\u00e9s\u00e9vel, a t\u00f6bb mint 46 kilom\u00e9teres Mez\u0151zombor-S\u00e1toralja\u00fajhely szakasz korszer\u0171s\u00edt\u00e9s\u00e9vel a hazai villamos\u00edtott vonalszakaszok teljes h\u00e1l\u00f3zathoz viszony\u00edtott ar\u00e1nya 41 sz\u00e1zal\u00e9kra n\u0151tt. Azon dolgozunk, hogy a k\u00f6vetkez\u0151 uni\u00f3s ciklusban ez az ar\u00e1ny miel\u0151bb megk\u00f6zel\u00edtse az 50 sz\u00e1zal\u00e9kot. Az \u00faj j\u00e1rm\u0171vek beszerz\u00e9s\u00e9vel a szolg\u00e1ltat\u00e1si sz\u00ednvonal javul, mik\u00f6zben a vas\u00fat m\u00e9g ink\u00e1bb k\u00f6rnyezetk\u00edm\u00e9l\u0151 alternat\u00edv\u00e1t k\u00edn\u00e1lhat az aut\u00f3z\u00e1ssal szemben. N\u00e9h\u00e1ny \u00e9ven bel\u00fcl minden\u00fctt a n\u00e9pszer\u0171 motorvonatok sz\u00e1ll\u00edtj\u00e1k az utasokat Budapest el\u0151v\u00e1ros\u00e1ban, t\u00e9rnyer\u00e9s\u00fck minden bizonnyal kedvez\u0151 fogadtat\u00e1sra tal\u00e1lna a t\u00e1vols\u00e1gi, region\u00e1lis forgalomban is.\u201d<\/em><\/p>\n<p><strong>Homolya R\u00f3bert,\u00a0<\/strong><strong>a\u00a0M\u00c1V eln\u00f6k-vez\u00e9rigazgat\u00f3ja<\/strong><strong> elmondta:<\/strong> <em>\u201ea kett\u0151s \u00fczem\u0171 motorvonatok alkalmaz\u00e1si helye er\u0151sen f\u00fcgg att\u00f3l, hogy a Nemzeti Infrastrukt\u00fara Fejleszt\u0151 Zrt. villamos\u00edt\u00e1si tervei hogyan val\u00f3sulnak meg. Am\u00edg a Balaton \u00e9szaki partj\u00e1n fut\u00f3 vonal csak Balatonf\u00fcredig van villamos\u00edtva, az els\u0151 \u00fctemben beszerezni k\u00edv\u00e1nt 20 j\u00e1rm\u0171 fele a 29-es vonalon k\u00f6zlekedne. A m\u00e1sik kezd\u0151projekt a Budapest\u2013Lajosmizsei vonal lehetne. Itt komplex rekonstrukci\u00f3 t\u00f6rt\u00e9nhetne, t\u00f6bb \u00fctemre tagolt villamos\u00edt\u00e1ssal, azaz m\u00e1r akkor korszer\u0171 hibrid j\u00e1rm\u0171vek k\u00f6zlekedhetn\u00e9nek ott, amikor m\u00e9g csak a p\u00e1lya egy szakasz\u00e1n lenne fels\u0151vezet\u00e9k. A<\/em><em>\u00a0tov\u00e1bbi terveinkben a Gy\u0151r-Szombathely, a Miskolc\u2013\u00d3zd, az Esztergom\u2013Kom\u00e1rom, a Gy\u0151r\u2013Keszthely\u2013Kaposv\u00e1r\u2013P\u00e9cs \u00e9s a Szolnok\u2013Hatvan\u2013Somosk\u0151\u00fajfalu vonalak szerepelnek.\u201d<\/em><\/p>\n<p>A hibrid motorvonatok egyar\u00e1nt k\u00e9pesek lesznek a 25 kV 50 Hz fesz\u00fclts\u00e9g\u0171 fels\u0151vezet\u00e9kes, \u00e9s a nem villamos\u00edtott vonalakon t\u00f6rt\u00e9n\u0151 \u00fczemeltet\u00e9sre \u00e9s utassz\u00e1ll\u00edt\u00e1sra; hozz\u00e1j\u00e1rulnak a k\u00f6rnyezettudatos \u00e9s energiahat\u00e9kony k\u00f6zleked\u00e9s megval\u00f3s\u00edt\u00e1s\u00e1hoz; <strong>megold\u00e1st jelentenek olyan vonalakon, ahol nincs tervezve a fels\u0151vezet\u00e9k bevezet\u00e9se<\/strong>, \u00e9s ez\u00e9rt mozdonycser\u00e9t vagy fels\u0151vezet\u00e9k alatti d\u00edzel k\u00f6zleked\u00e9st kell ig\u00e9nybe venni. Az \u00faj j\u00e1rm\u0171vek \u00fczembe\u00e1ll\u00edt\u00e1s\u00e1val \u00e9rezhet\u0151en <strong>n\u00f6vekszik<\/strong> az utaskomfort; <strong>cs\u00f6kkennek<\/strong> az eljut\u00e1si id\u0151k; a k\u00f6rnyezettudatos j\u00e1rm\u0171vekkel <strong>cs\u00f6kken<\/strong> a k\u00e1rosanyag-kibocs\u00e1t\u00e1s; n\u0151 a <strong>z\u00e1rt WC-k<\/strong> ar\u00e1nya vonatokon; a hazai j\u00e1rm\u0171vek \u00e1tlag\u00e9letkora \u00fcl\u0151helyre vet\u00edtve <strong>cs\u00f6kken<\/strong>; a j\u00e1rm\u0171\u00e1llom\u00e1ny pedig korszer\u0171bb\u00e9 \u00e9s homog\u00e9nebb\u00e9 v\u00e1lik. A beszerz\u00e9st a vas\u00fatt\u00e1rsas\u00e1g hitelb\u0151l tervezi megal\u00f3s\u00edtani.<\/p>\n<p><strong><em>H\u00e1tt\u00e9r-inform\u00e1ci\u00f3k:<\/em><\/strong><\/p>\n<p>A kett\u0151s \u00fczem\u0171 motorvonatok eset\u00e9ben alapvet\u0151en k\u00e9t j\u00e1rm\u0171t\u00edpust k\u00fcl\u00f6nb\u00f6ztethet\u00fcnk meg. Az egyik a d\u00edzelmotoros \u00e9s villamos fels\u0151vezet\u00e9kes \u00fczem\u0171 hibrid motorvonatok; a m\u00e1sik a <strong>z\u00e9r\u00f3 emisszi\u00f3s <em>(k\u00e1rosanyag)<\/em> kibocs\u00e1t\u00e1ssal<\/strong> rendelkez\u0151, <strong>hibrid villamos<\/strong> motorvonatok, amely j\u00e1rm\u0171vek lehetnek vagy <strong>akkumul\u00e1toros \u00e9s fels\u0151vezet\u00e9kes \u00fczem\u0171<\/strong> villamos motorvonatok, vagy pl. hidrog\u00e9n meghajt\u00e1s\u00fa <em>(\u00fczemanyag cell\u00e1s<\/em>) j\u00e1rm\u0171vek. A M\u00c1V-START <strong>akkumul\u00e1toros \u00fczemmel rendelkez\u0151 kett\u0151s \u00fczem\u0171 villamos motorvonatokat<\/strong> k\u00edv\u00e1n beszerezni.<\/p>\n<p><em>Forr\u00e1s: M\u00c1V Magyar \u00c1llamvasutak Zrt. &#8211; Kommunik\u00e1ci\u00f3s Igazgat\u00f3s\u00e1g<\/em><\/p>\n<p><em>Bor\u00edt\u00f3k\u00e9p: illusztr\u00e1ci\u00f3 (Stadler Flirt Akku t\u00edpus\u00fa hibrid vonatI<\/em><\/p>\n<\/div>\n","protected":false},"excerpt":{"rendered":"<p>H\u00fasz 200 \u00e9s harminc 150 \u00fcl\u0151helyes \u00faj, z\u00e9r\u00f3 emisszi\u00f3s hibrid (kett\u0151s, 25 kV AC fels\u0151vezet\u00e9kes \u00e9s akkumul\u00e1toros \u00fczem\u0171) villamos motorvonat beszerz\u00e9s\u00e9re \u00edrt ki eur\u00f3pai uni\u00f3s k\u00f6zbeszerz\u00e9si elj\u00e1r\u00e1st a M\u00c1V-START. A tervek szerint az \u00f6tven j\u00e1rm\u0171 fokozatos \u00fctemez\u00e9ssel \u00e9rkezne: 2023-2024-ben h\u00fasz 200 \u00fcl\u0151helyes, 2024-2029 k\u00f6z\u00f6tt pedig tov\u00e1bbi harminc 150 \u00fcl\u0151helyes motorvonat beszerz\u00e9se t\u00f6rt\u00e9nik meg. A M\u00c1V-START<\/p>\n","protected":false},"author":1,"featured_media":24872,"comment_status":"closed","ping_status":"closed","sticky":false,"template":"","format":"standard","meta":{"ngg_post_thumbnail":0,"footnotes":""},"categories":[3],"tags":[4884,292,1088,381,291],"class_list":{"0":"post-24871","1":"post","2":"type-post","3":"status-publish","4":"format-standard","5":"has-post-thumbnail","7":"category-hirek","8":"tag-hibrid-vonat","9":"tag-mav","10":"tag-tomegkozlekedes","11":"tag-vasut","12":"tag-vonat"},"yoast_head":"<!-- This site is optimized with the Yoast SEO plugin v27.4 - https:\/\/yoast.com\/product\/yoast-seo-wordpress\/ -->\n<title>Hibrid vonatok \u00e9rkezhetnek a j\u00f6v\u0151ben az Esztergom-Kom\u00e1rom vas\u00fatvonalra is<\/title>\n<meta name=\"robots\" content=\"index, follow, max-snippet:-1, max-image-preview:large, max-video-preview:-1\" \/>\n<link rel=\"canonical\" href=\"https:\/\/dorogimedence.hu\/index.php\/2020\/05\/12\/hibrid-vonatok-erkezhetnek-a-jovoben-az-esztergom-komarom-vasutvonalra-is\/\" class=\"yoast-seo-meta-tag\" \/>\n<meta property=\"og:locale\" content=\"hu_HU\" class=\"yoast-seo-meta-tag\" \/>\n<meta property=\"og:type\" content=\"article\" class=\"yoast-seo-meta-tag\" \/>\n<meta property=\"og:title\" content=\"Hibrid vonatok \u00e9rkezhetnek a j\u00f6v\u0151ben az Esztergom-Kom\u00e1rom vas\u00fatvonalra is\" class=\"yoast-seo-meta-tag\" \/>\n<meta property=\"og:description\" content=\"H\u00fasz 200 \u00e9s harminc 150 \u00fcl\u0151helyes \u00faj, z\u00e9r\u00f3 emisszi\u00f3s hibrid (kett\u0151s, 25 kV AC fels\u0151vezet\u00e9kes \u00e9s akkumul\u00e1toros \u00fczem\u0171) villamos motorvonat beszerz\u00e9s\u00e9re \u00edrt ki eur\u00f3pai uni\u00f3s k\u00f6zbeszerz\u00e9si elj\u00e1r\u00e1st a M\u00c1V-START. A tervek szerint az \u00f6tven j\u00e1rm\u0171 fokozatos \u00fctemez\u00e9ssel \u00e9rkezne: 2023-2024-ben h\u00fasz 200 \u00fcl\u0151helyes, 2024-2029 k\u00f6z\u00f6tt pedig tov\u00e1bbi harminc 150 \u00fcl\u0151helyes motorvonat beszerz\u00e9se t\u00f6rt\u00e9nik meg. A M\u00c1V-START\" class=\"yoast-seo-meta-tag\" \/>\n<meta property=\"og:url\" content=\"https:\/\/dorogimedence.hu\/index.php\/2020\/05\/12\/hibrid-vonatok-erkezhetnek-a-jovoben-az-esztergom-komarom-vasutvonalra-is\/\" class=\"yoast-seo-meta-tag\" \/>\n<meta property=\"og:site_name\" content=\"Dorogi-medence Region\u00e1lis H\u00edrport\u00e1l\" class=\"yoast-seo-meta-tag\" \/>\n<meta property=\"article:publisher\" content=\"https:\/\/www.facebook.com\/dorogimedence\/\" class=\"yoast-seo-meta-tag\" \/>\n<meta property=\"article:published_time\" content=\"2020-05-12T07:37:43+00:00\" class=\"yoast-seo-meta-tag\" \/>\n<meta property=\"article:modified_time\" content=\"2020-05-12T07:39:16+00:00\" class=\"yoast-seo-meta-tag\" \/>\n<meta property=\"og:image\" content=\"https:\/\/i0.wp.com\/dorogimedence.hu\/wp-content\/uploads\/2020\/05\/flirt-akku-02.jpg?fit=670%2C365&ssl=1\" class=\"yoast-seo-meta-tag\" \/>\n\t<meta property=\"og:image:width\" content=\"670\" class=\"yoast-seo-meta-tag\" \/>\n\t<meta property=\"og:image:height\" content=\"365\" class=\"yoast-seo-meta-tag\" \/>\n\t<meta property=\"og:image:type\" content=\"image\/jpeg\" class=\"yoast-seo-meta-tag\" \/>\n<meta name=\"author\" content=\"dorogimedence.hu\" class=\"yoast-seo-meta-tag\" \/>\n<meta name=\"twitter:card\" content=\"summary_large_image\" class=\"yoast-seo-meta-tag\" \/>\n<meta name=\"twitter:label1\" content=\"Szerz\u0151:\" class=\"yoast-seo-meta-tag\" \/>\n\t<meta name=\"twitter:data1\" content=\"dorogimedence.hu\" class=\"yoast-seo-meta-tag\" \/>\n\t<meta name=\"twitter:label2\" content=\"Becs\u00fclt olvas\u00e1si id\u0151\" class=\"yoast-seo-meta-tag\" \/>\n\t<meta name=\"twitter:data2\" content=\"4 perc\" class=\"yoast-seo-meta-tag\" \/>\n<script type=\"application\/ld+json\" class=\"yoast-schema-graph\">{\"@context\":\"https:\\\/\\\/schema.org\",\"@graph\":[{\"@type\":\"Article\",\"@id\":\"https:\\\/\\\/dorogimedence.hu\\\/index.php\\\/2020\\\/05\\\/12\\\/hibrid-vonatok-erkezhetnek-a-jovoben-az-esztergom-komarom-vasutvonalra-is\\\/#article\",\"isPartOf\":{\"@id\":\"https:\\\/\\\/dorogimedence.hu\\\/index.php\\\/2020\\\/05\\\/12\\\/hibrid-vonatok-erkezhetnek-a-jovoben-az-esztergom-komarom-vasutvonalra-is\\\/\"},\"author\":{\"name\":\"dorogimedence.hu\",\"@id\":\"https:\\\/\\\/dorogimedence.hu\\\/#\\\/schema\\\/person\\\/ce6091eeb7e95ecdc87890d6aa8e0fd4\"},\"headline\":\"Hibrid vonatok \u00e9rkezhetnek a j\u00f6v\u0151ben az Esztergom-Kom\u00e1rom vas\u00fatvonalra is\",\"datePublished\":\"2020-05-12T07:37:43+00:00\",\"dateModified\":\"2020-05-12T07:39:16+00:00\",\"mainEntityOfPage\":{\"@id\":\"https:\\\/\\\/dorogimedence.hu\\\/index.php\\\/2020\\\/05\\\/12\\\/hibrid-vonatok-erkezhetnek-a-jovoben-az-esztergom-komarom-vasutvonalra-is\\\/\"},\"wordCount\":894,\"publisher\":{\"@id\":\"https:\\\/\\\/dorogimedence.hu\\\/#organization\"},\"image\":{\"@id\":\"https:\\\/\\\/dorogimedence.hu\\\/index.php\\\/2020\\\/05\\\/12\\\/hibrid-vonatok-erkezhetnek-a-jovoben-az-esztergom-komarom-vasutvonalra-is\\\/#primaryimage\"},\"thumbnailUrl\":\"https:\\\/\\\/dorogimedence.hu\\\/wp-content\\\/uploads\\\/2020\\\/05\\\/flirt-akku-02.jpg\",\"keywords\":[\"hibrid vonat\",\"m\u00e1v\",\"t\u00f6megk\u00f6zleked\u00e9s\",\"vas\u00fat\",\"vonat\"],\"articleSection\":[\"H\u00edrek\"],\"inLanguage\":\"hu\"},{\"@type\":\"WebPage\",\"@id\":\"https:\\\/\\\/dorogimedence.hu\\\/index.php\\\/2020\\\/05\\\/12\\\/hibrid-vonatok-erkezhetnek-a-jovoben-az-esztergom-komarom-vasutvonalra-is\\\/\",\"url\":\"https:\\\/\\\/dorogimedence.hu\\\/index.php\\\/2020\\\/05\\\/12\\\/hibrid-vonatok-erkezhetnek-a-jovoben-az-esztergom-komarom-vasutvonalra-is\\\/\",\"name\":\"Hibrid vonatok \u00e9rkezhetnek a j\u00f6v\u0151ben az Esztergom-Kom\u00e1rom vas\u00fatvonalra is\",\"isPartOf\":{\"@id\":\"https:\\\/\\\/dorogimedence.hu\\\/#website\"},\"primaryImageOfPage\":{\"@id\":\"https:\\\/\\\/dorogimedence.hu\\\/index.php\\\/2020\\\/05\\\/12\\\/hibrid-vonatok-erkezhetnek-a-jovoben-az-esztergom-komarom-vasutvonalra-is\\\/#primaryimage\"},\"image\":{\"@id\":\"https:\\\/\\\/dorogimedence.hu\\\/index.php\\\/2020\\\/05\\\/12\\\/hibrid-vonatok-erkezhetnek-a-jovoben-az-esztergom-komarom-vasutvonalra-is\\\/#primaryimage\"},\"thumbnailUrl\":\"https:\\\/\\\/dorogimedence.hu\\\/wp-content\\\/uploads\\\/2020\\\/05\\\/flirt-akku-02.jpg\",\"datePublished\":\"2020-05-12T07:37:43+00:00\",\"dateModified\":\"2020-05-12T07:39:16+00:00\",\"breadcrumb\":{\"@id\":\"https:\\\/\\\/dorogimedence.hu\\\/index.php\\\/2020\\\/05\\\/12\\\/hibrid-vonatok-erkezhetnek-a-jovoben-az-esztergom-komarom-vasutvonalra-is\\\/#breadcrumb\"},\"inLanguage\":\"hu\",\"potentialAction\":[{\"@type\":\"ReadAction\",\"target\":[\"https:\\\/\\\/dorogimedence.hu\\\/index.php\\\/2020\\\/05\\\/12\\\/hibrid-vonatok-erkezhetnek-a-jovoben-az-esztergom-komarom-vasutvonalra-is\\\/\"]}]},{\"@type\":\"ImageObject\",\"inLanguage\":\"hu\",\"@id\":\"https:\\\/\\\/dorogimedence.hu\\\/index.php\\\/2020\\\/05\\\/12\\\/hibrid-vonatok-erkezhetnek-a-jovoben-az-esztergom-komarom-vasutvonalra-is\\\/#primaryimage\",\"url\":\"https:\\\/\\\/dorogimedence.hu\\\/wp-content\\\/uploads\\\/2020\\\/05\\\/flirt-akku-02.jpg\",\"contentUrl\":\"https:\\\/\\\/dorogimedence.hu\\\/wp-content\\\/uploads\\\/2020\\\/05\\\/flirt-akku-02.jpg\",\"width\":670,\"height\":365},{\"@type\":\"BreadcrumbList\",\"@id\":\"https:\\\/\\\/dorogimedence.hu\\\/index.php\\\/2020\\\/05\\\/12\\\/hibrid-vonatok-erkezhetnek-a-jovoben-az-esztergom-komarom-vasutvonalra-is\\\/#breadcrumb\",\"itemListElement\":[{\"@type\":\"ListItem\",\"position\":1,\"name\":\"Kezd\u0151lap\",\"item\":\"https:\\\/\\\/dorogimedence.hu\\\/\"},{\"@type\":\"ListItem\",\"position\":2,\"name\":\"Hibrid vonatok \u00e9rkezhetnek a j\u00f6v\u0151ben az Esztergom-Kom\u00e1rom vas\u00fatvonalra is\"}]},{\"@type\":\"WebSite\",\"@id\":\"https:\\\/\\\/dorogimedence.hu\\\/#website\",\"url\":\"https:\\\/\\\/dorogimedence.hu\\\/\",\"name\":\"Dorogi-medence Region\u00e1lis H\u00edrport\u00e1l\",\"description\":\"Dorog, Keszt\u00f6lc, Le\u00e1nyv\u00e1r, Piliscs\u00e9v, Tokod, Tokodalt\u00e1r\u00f3, Csolnok, Esztergom-kertv\u00e1ros: h\u00edrek, programok\",\"publisher\":{\"@id\":\"https:\\\/\\\/dorogimedence.hu\\\/#organization\"},\"potentialAction\":[{\"@type\":\"SearchAction\",\"target\":{\"@type\":\"EntryPoint\",\"urlTemplate\":\"https:\\\/\\\/dorogimedence.hu\\\/?s={search_term_string}\"},\"query-input\":{\"@type\":\"PropertyValueSpecification\",\"valueRequired\":true,\"valueName\":\"search_term_string\"}}],\"inLanguage\":\"hu\"},{\"@type\":\"Organization\",\"@id\":\"https:\\\/\\\/dorogimedence.hu\\\/#organization\",\"name\":\"Dorogi-medence Region\u00e1lis H\u00edrport\u00e1l\",\"url\":\"https:\\\/\\\/dorogimedence.hu\\\/\",\"logo\":{\"@type\":\"ImageObject\",\"inLanguage\":\"hu\",\"@id\":\"https:\\\/\\\/dorogimedence.hu\\\/#\\\/schema\\\/logo\\\/image\\\/\",\"url\":\"https:\\\/\\\/dorogimedence.hu\\\/wp-content\\\/uploads\\\/2021\\\/04\\\/logo-feher-600.png\",\"contentUrl\":\"https:\\\/\\\/dorogimedence.hu\\\/wp-content\\\/uploads\\\/2021\\\/04\\\/logo-feher-600.png\",\"width\":600,\"height\":100,\"caption\":\"Dorogi-medence Region\u00e1lis H\u00edrport\u00e1l\"},\"image\":{\"@id\":\"https:\\\/\\\/dorogimedence.hu\\\/#\\\/schema\\\/logo\\\/image\\\/\"},\"sameAs\":[\"https:\\\/\\\/www.facebook.com\\\/dorogimedence\\\/\"]},{\"@type\":\"Person\",\"@id\":\"https:\\\/\\\/dorogimedence.hu\\\/#\\\/schema\\\/person\\\/ce6091eeb7e95ecdc87890d6aa8e0fd4\",\"name\":\"dorogimedence.hu\",\"image\":{\"@type\":\"ImageObject\",\"inLanguage\":\"hu\",\"@id\":\"\\\/\\\/www.gravatar.com\\\/avatar\\\/d8d45f8901aadff40a4af72c0b826f1d?s=96&#038;r=g&#038;d=mm\",\"url\":\"\\\/\\\/www.gravatar.com\\\/avatar\\\/d8d45f8901aadff40a4af72c0b826f1d?s=96&#038;r=g&#038;d=mm\",\"contentUrl\":\"\\\/\\\/www.gravatar.com\\\/avatar\\\/d8d45f8901aadff40a4af72c0b826f1d?s=96&#038;r=g&#038;d=mm\",\"caption\":\"dorogimedence.hu\"}}]}<\/script>\n<!-- \/ Yoast SEO plugin. -->","yoast_head_json":{"title":"Hibrid vonatok \u00e9rkezhetnek a j\u00f6v\u0151ben az Esztergom-Kom\u00e1rom vas\u00fatvonalra is","robots":{"index":"index","follow":"follow","max-snippet":"max-snippet:-1","max-image-preview":"max-image-preview:large","max-video-preview":"max-video-preview:-1"},"canonical":"https:\/\/dorogimedence.hu\/index.php\/2020\/05\/12\/hibrid-vonatok-erkezhetnek-a-jovoben-az-esztergom-komarom-vasutvonalra-is\/","og_locale":"hu_HU","og_type":"article","og_title":"Hibrid vonatok \u00e9rkezhetnek a j\u00f6v\u0151ben az Esztergom-Kom\u00e1rom vas\u00fatvonalra is","og_description":"H\u00fasz 200 \u00e9s harminc 150 \u00fcl\u0151helyes \u00faj, z\u00e9r\u00f3 emisszi\u00f3s hibrid (kett\u0151s, 25 kV AC fels\u0151vezet\u00e9kes \u00e9s akkumul\u00e1toros \u00fczem\u0171) villamos motorvonat beszerz\u00e9s\u00e9re \u00edrt ki eur\u00f3pai uni\u00f3s k\u00f6zbeszerz\u00e9si elj\u00e1r\u00e1st a M\u00c1V-START. A tervek szerint az \u00f6tven j\u00e1rm\u0171 fokozatos \u00fctemez\u00e9ssel \u00e9rkezne: 2023-2024-ben h\u00fasz 200 \u00fcl\u0151helyes, 2024-2029 k\u00f6z\u00f6tt pedig tov\u00e1bbi harminc 150 \u00fcl\u0151helyes motorvonat beszerz\u00e9se t\u00f6rt\u00e9nik meg. A M\u00c1V-START","og_url":"https:\/\/dorogimedence.hu\/index.php\/2020\/05\/12\/hibrid-vonatok-erkezhetnek-a-jovoben-az-esztergom-komarom-vasutvonalra-is\/","og_site_name":"Dorogi-medence Region\u00e1lis H\u00edrport\u00e1l","article_publisher":"https:\/\/www.facebook.com\/dorogimedence\/","article_published_time":"2020-05-12T07:37:43+00:00","article_modified_time":"2020-05-12T07:39:16+00:00","og_image":[{"width":670,"height":365,"url":"https:\/\/i0.wp.com\/dorogimedence.hu\/wp-content\/uploads\/2020\/05\/flirt-akku-02.jpg?fit=670%2C365&ssl=1","type":"image\/jpeg"}],"author":"dorogimedence.hu","twitter_card":"summary_large_image","twitter_misc":{"Szerz\u0151:":"dorogimedence.hu","Becs\u00fclt olvas\u00e1si id\u0151":"4 perc"},"schema":{"@context":"https:\/\/schema.org","@graph":[{"@type":"Article","@id":"https:\/\/dorogimedence.hu\/index.php\/2020\/05\/12\/hibrid-vonatok-erkezhetnek-a-jovoben-az-esztergom-komarom-vasutvonalra-is\/#article","isPartOf":{"@id":"https:\/\/dorogimedence.hu\/index.php\/2020\/05\/12\/hibrid-vonatok-erkezhetnek-a-jovoben-az-esztergom-komarom-vasutvonalra-is\/"},"author":{"name":"dorogimedence.hu","@id":"https:\/\/dorogimedence.hu\/#\/schema\/person\/ce6091eeb7e95ecdc87890d6aa8e0fd4"},"headline":"Hibrid vonatok \u00e9rkezhetnek a j\u00f6v\u0151ben az Esztergom-Kom\u00e1rom vas\u00fatvonalra is","datePublished":"2020-05-12T07:37:43+00:00","dateModified":"2020-05-12T07:39:16+00:00","mainEntityOfPage":{"@id":"https:\/\/dorogimedence.hu\/index.php\/2020\/05\/12\/hibrid-vonatok-erkezhetnek-a-jovoben-az-esztergom-komarom-vasutvonalra-is\/"},"wordCount":894,"publisher":{"@id":"https:\/\/dorogimedence.hu\/#organization"},"image":{"@id":"https:\/\/dorogimedence.hu\/index.php\/2020\/05\/12\/hibrid-vonatok-erkezhetnek-a-jovoben-az-esztergom-komarom-vasutvonalra-is\/#primaryimage"},"thumbnailUrl":"https:\/\/dorogimedence.hu\/wp-content\/uploads\/2020\/05\/flirt-akku-02.jpg","keywords":["hibrid vonat","m\u00e1v","t\u00f6megk\u00f6zleked\u00e9s","vas\u00fat","vonat"],"articleSection":["H\u00edrek"],"inLanguage":"hu"},{"@type":"WebPage","@id":"https:\/\/dorogimedence.hu\/index.php\/2020\/05\/12\/hibrid-vonatok-erkezhetnek-a-jovoben-az-esztergom-komarom-vasutvonalra-is\/","url":"https:\/\/dorogimedence.hu\/index.php\/2020\/05\/12\/hibrid-vonatok-erkezhetnek-a-jovoben-az-esztergom-komarom-vasutvonalra-is\/","name":"Hibrid vonatok \u00e9rkezhetnek a j\u00f6v\u0151ben az Esztergom-Kom\u00e1rom vas\u00fatvonalra is","isPartOf":{"@id":"https:\/\/dorogimedence.hu\/#website"},"primaryImageOfPage":{"@id":"https:\/\/dorogimedence.hu\/index.php\/2020\/05\/12\/hibrid-vonatok-erkezhetnek-a-jovoben-az-esztergom-komarom-vasutvonalra-is\/#primaryimage"},"image":{"@id":"https:\/\/dorogimedence.hu\/index.php\/2020\/05\/12\/hibrid-vonatok-erkezhetnek-a-jovoben-az-esztergom-komarom-vasutvonalra-is\/#primaryimage"},"thumbnailUrl":"https:\/\/dorogimedence.hu\/wp-content\/uploads\/2020\/05\/flirt-akku-02.jpg","datePublished":"2020-05-12T07:37:43+00:00","dateModified":"2020-05-12T07:39:16+00:00","breadcrumb":{"@id":"https:\/\/dorogimedence.hu\/index.php\/2020\/05\/12\/hibrid-vonatok-erkezhetnek-a-jovoben-az-esztergom-komarom-vasutvonalra-is\/#breadcrumb"},"inLanguage":"hu","potentialAction":[{"@type":"ReadAction","target":["https:\/\/dorogimedence.hu\/index.php\/2020\/05\/12\/hibrid-vonatok-erkezhetnek-a-jovoben-az-esztergom-komarom-vasutvonalra-is\/"]}]},{"@type":"ImageObject","inLanguage":"hu","@id":"https:\/\/dorogimedence.hu\/index.php\/2020\/05\/12\/hibrid-vonatok-erkezhetnek-a-jovoben-az-esztergom-komarom-vasutvonalra-is\/#primaryimage","url":"https:\/\/dorogimedence.hu\/wp-content\/uploads\/2020\/05\/flirt-akku-02.jpg","contentUrl":"https:\/\/dorogimedence.hu\/wp-content\/uploads\/2020\/05\/flirt-akku-02.jpg","width":670,"height":365},{"@type":"BreadcrumbList","@id":"https:\/\/dorogimedence.hu\/index.php\/2020\/05\/12\/hibrid-vonatok-erkezhetnek-a-jovoben-az-esztergom-komarom-vasutvonalra-is\/#breadcrumb","itemListElement":[{"@type":"ListItem","position":1,"name":"Kezd\u0151lap","item":"https:\/\/dorogimedence.hu\/"},{"@type":"ListItem","position":2,"name":"Hibrid vonatok \u00e9rkezhetnek a j\u00f6v\u0151ben az Esztergom-Kom\u00e1rom vas\u00fatvonalra is"}]},{"@type":"WebSite","@id":"https:\/\/dorogimedence.hu\/#website","url":"https:\/\/dorogimedence.hu\/","name":"Dorogi-medence Region\u00e1lis H\u00edrport\u00e1l","description":"Dorog, Keszt\u00f6lc, Le\u00e1nyv\u00e1r, Piliscs\u00e9v, Tokod, Tokodalt\u00e1r\u00f3, Csolnok, Esztergom-kertv\u00e1ros: h\u00edrek, programok","publisher":{"@id":"https:\/\/dorogimedence.hu\/#organization"},"potentialAction":[{"@type":"SearchAction","target":{"@type":"EntryPoint","urlTemplate":"https:\/\/dorogimedence.hu\/?s={search_term_string}"},"query-input":{"@type":"PropertyValueSpecification","valueRequired":true,"valueName":"search_term_string"}}],"inLanguage":"hu"},{"@type":"Organization","@id":"https:\/\/dorogimedence.hu\/#organization","name":"Dorogi-medence Region\u00e1lis H\u00edrport\u00e1l","url":"https:\/\/dorogimedence.hu\/","logo":{"@type":"ImageObject","inLanguage":"hu","@id":"https:\/\/dorogimedence.hu\/#\/schema\/logo\/image\/","url":"https:\/\/dorogimedence.hu\/wp-content\/uploads\/2021\/04\/logo-feher-600.png","contentUrl":"https:\/\/dorogimedence.hu\/wp-content\/uploads\/2021\/04\/logo-feher-600.png","width":600,"height":100,"caption":"Dorogi-medence Region\u00e1lis H\u00edrport\u00e1l"},"image":{"@id":"https:\/\/dorogimedence.hu\/#\/schema\/logo\/image\/"},"sameAs":["https:\/\/www.facebook.com\/dorogimedence\/"]},{"@type":"Person","@id":"https:\/\/dorogimedence.hu\/#\/schema\/person\/ce6091eeb7e95ecdc87890d6aa8e0fd4","name":"dorogimedence.hu","image":{"@type":"ImageObject","inLanguage":"hu","@id":"\/\/www.gravatar.com\/avatar\/d8d45f8901aadff40a4af72c0b826f1d?s=96&#038;r=g&#038;d=mm","url":"\/\/www.gravatar.com\/avatar\/d8d45f8901aadff40a4af72c0b826f1d?s=96&#038;r=g&#038;d=mm","contentUrl":"\/\/www.gravatar.com\/avatar\/d8d45f8901aadff40a4af72c0b826f1d?s=96&#038;r=g&#038;d=mm","caption":"dorogimedence.hu"}}]}},"_links":{"self":[{"href":"https:\/\/dorogimedence.hu\/index.php\/wp-json\/wp\/v2\/posts\/24871","targetHints":{"allow":["GET"]}}],"collection":[{"href":"https:\/\/dorogimedence.hu\/index.php\/wp-json\/wp\/v2\/posts"}],"about":[{"href":"https:\/\/dorogimedence.hu\/index.php\/wp-json\/wp\/v2\/types\/post"}],"author":[{"embeddable":true,"href":"https:\/\/dorogimedence.hu\/index.php\/wp-json\/wp\/v2\/users\/1"}],"replies":[{"embeddable":true,"href":"https:\/\/dorogimedence.hu\/index.php\/wp-json\/wp\/v2\/comments?post=24871"}],"version-history":[{"count":0,"href":"https:\/\/dorogimedence.hu\/index.php\/wp-json\/wp\/v2\/posts\/24871\/revisions"}],"wp:featuredmedia":[{"embeddable":true,"href":"https:\/\/dorogimedence.hu\/index.php\/wp-json\/wp\/v2\/media\/24872"}],"wp:attachment":[{"href":"https:\/\/dorogimedence.hu\/index.php\/wp-json\/wp\/v2\/media?parent=24871"}],"wp:term":[{"taxonomy":"category","embeddable":true,"href":"https:\/\/dorogimedence.hu\/index.php\/wp-json\/wp\/v2\/categories?post=24871"},{"taxonomy":"post_tag","embeddable":true,"href":"https:\/\/dorogimedence.hu\/index.php\/wp-json\/wp\/v2\/tags?post=24871"}],"curies":[{"name":"wp","href":"https:\/\/api.w.org\/{rel}","templated":true}]}}