{"id":24770,"date":"2020-05-06T15:32:59","date_gmt":"2020-05-06T13:32:59","guid":{"rendered":"http:\/\/dorogimedence.hu\/?p=24770"},"modified":"2020-05-06T15:33:35","modified_gmt":"2020-05-06T13:33:35","slug":"potfelvetelit-hirdet-az-esztergomi-balassa","status":"publish","type":"post","link":"https:\/\/dorogimedence.hu\/index.php\/2020\/05\/06\/potfelvetelit-hirdet-az-esztergomi-balassa\/","title":{"rendered":"P\u00f3tfelv\u00e9telit hirdet az esztergomi Balassa"},"content":{"rendered":"<div class=\"item_introtext\">\n<p><strong>A TSZC Balassa B\u00e1lint Gazdas\u00e1gi Szakgimn\u00e1ziuma \u00e9s Szakk\u00f6z\u00e9piskol\u00e1ja k\u00f6z\u00e9pfok\u00fa szakk\u00e9pes\u00edt\u00e9sekre \u00e9s technikumi k\u00e9pz\u00e9sekre p\u00f3tfelv\u00e9telit hirdet.<\/strong><\/p>\n<\/div>\n<div class=\"item_fulltext\">\n<p>Az esztergomi int\u00e9zm\u00e9ny az al\u00e1bbi k\u00e9pz\u00e9seket hirdeti meg 8. oszt\u00e1lyos tanul\u00f3k r\u00e9sz\u00e9re <span style=\"text-decoration: underline;\"><span style=\"color: #0000ff; text-decoration: underline;\"><a style=\"color: #0000ff; text-decoration: underline;\" href=\"http:\/\/www.keri-egom.sulinet.hu\/2020\/04\/27\/rendkivuli-felveteli-potfelveteli-eljaras\/\" target=\"_blank\" rel=\"noopener noreferrer\">rendk\u00edv\u00fcli felv\u00e9teli (p\u00f3tfelv\u00e9teli) elj\u00e1r\u00e1s keret\u00e9ben<\/a><\/span><\/span> (z\u00e1r\u00f3jelben a jelentkez\u00e9si lapon felt\u00fcntetend\u0151 tagozatk\u00f3dok)<a href=\"http:\/\/www.keri-egom.sulinet.hu\/2020\/04\/27\/rendkivuli-felveteli-potfelveteli-eljaras\/\">:<\/a><\/p>\n<p><strong>Szakk\u00e9pz\u0151 iskola (3 \u00e9ves k\u00e9pz\u00e9s, k\u00f6z\u00e9pfok\u00fa szakk\u00e9pes\u00edt\u00e9sek): <\/strong>kereskedelmi \u00e9rt\u00e9kes\u00edt\u0151 &#8211; 10 f\u0151 (0026), cukr\u00e1sz &#8211; 10 f\u0151 (0027), pinc\u00e9r-vend\u00e9gt\u00e9ri szakember \u2013 8 f\u0151 (0028), szak\u00e1cs \u2013 5 f\u0151 (0029)<\/p>\n<p><strong>Technikumi k\u00e9pz\u00e9sek (5 \u00e9v, \u00e9retts\u00e9gi+technikusi szakma): <\/strong>p\u00e9nz\u00fcgyi-sz\u00e1mviteli \u00fcgyint\u00e9z\u0151 &#8211; 3 f\u0151 (0020), v\u00e1llalkoz\u00e1si \u00fcgyviteli \u00fcgyint\u00e9z\u0151 \u2013 3 f\u0151 (0021), keresked\u0151 \u00e9s web\u00e1ruh\u00e1zi technikus \u2013 2 f\u0151 (0022), vend\u00e9gt\u00e9ri szaktechnikus \u2013 4 f\u0151 (0023), turisztikai technikus \u2013 7 f\u0151 (0024)<\/p>\n<p>Jelentkez\u00e9si hat\u00e1rid\u0151: 2020 m\u00e1jus 22.<\/p>\n<p>A jelentkez\u00e9si lap, melyet a <span id=\"cloak59a304b31057cc81efe5e24be1c52072\"><a href=\"mailto:balassa.esztergom@gmail.com\">balassa.esztergom@gmail.com<\/a><\/span> e-mail c\u00edmre k\u00e9rnek visszak\u00fcldeni, let\u00f6lthet\u0151 az iskola honlapj\u00e1r\u00f3l: <span style=\"text-decoration: underline; color: #0000ff;\"><a style=\"color: #0000ff;\" href=\"http:\/\/rtve.hu\/www.balassaegom.hu\/2020\/04\/27\/rendkivuli-felveteli-potfelveteli-eljaras\" target=\"_blank\" rel=\"noopener noreferrer\">www.balassaegom.hu\/2020\/04\/27\/rendkivuli-felveteli-potfelveteli-eljaras<\/a><\/span><\/p>\n<\/div>\n","protected":false},"excerpt":{"rendered":"<p>A TSZC Balassa B\u00e1lint Gazdas\u00e1gi Szakgimn\u00e1ziuma \u00e9s Szakk\u00f6z\u00e9piskol\u00e1ja k\u00f6z\u00e9pfok\u00fa szakk\u00e9pes\u00edt\u00e9sekre \u00e9s technikumi k\u00e9pz\u00e9sekre p\u00f3tfelv\u00e9telit hirdet. Az esztergomi int\u00e9zm\u00e9ny az al\u00e1bbi k\u00e9pz\u00e9seket hirdeti meg 8. oszt\u00e1lyos tanul\u00f3k r\u00e9sz\u00e9re rendk\u00edv\u00fcli felv\u00e9teli (p\u00f3tfelv\u00e9teli) elj\u00e1r\u00e1s keret\u00e9ben (z\u00e1r\u00f3jelben a jelentkez\u00e9si lapon felt\u00fcntetend\u0151 tagozatk\u00f3dok): Szakk\u00e9pz\u0151 iskola (3 \u00e9ves k\u00e9pz\u00e9s, k\u00f6z\u00e9pfok\u00fa szakk\u00e9pes\u00edt\u00e9sek): kereskedelmi \u00e9rt\u00e9kes\u00edt\u0151 &#8211; 10 f\u0151 (0026), cukr\u00e1sz &#8211; 10 f\u0151<\/p>\n","protected":false},"author":1,"featured_media":24771,"comment_status":"closed","ping_status":"closed","sticky":false,"template":"","format":"standard","meta":{"ngg_post_thumbnail":0,"footnotes":""},"categories":[38,3],"tags":[4879,42,142],"class_list":{"0":"post-24770","1":"post","2":"type-post","3":"status-publish","4":"format-standard","5":"has-post-thumbnail","7":"category-esztergom","8":"category-hirek","9":"tag-balassa","10":"tag-esztergom","11":"tag-oktatas"},"yoast_head":"<!-- This site is optimized with the Yoast SEO plugin v27.4 - https:\/\/yoast.com\/product\/yoast-seo-wordpress\/ -->\n<title>P\u00f3tfelv\u00e9telit hirdet az esztergomi Balassa<\/title>\n<meta name=\"robots\" content=\"index, follow, max-snippet:-1, max-image-preview:large, max-video-preview:-1\" \/>\n<link rel=\"canonical\" href=\"https:\/\/dorogimedence.hu\/index.php\/2020\/05\/06\/potfelvetelit-hirdet-az-esztergomi-balassa\/\" class=\"yoast-seo-meta-tag\" \/>\n<meta property=\"og:locale\" content=\"hu_HU\" class=\"yoast-seo-meta-tag\" \/>\n<meta property=\"og:type\" content=\"article\" class=\"yoast-seo-meta-tag\" \/>\n<meta property=\"og:title\" content=\"P\u00f3tfelv\u00e9telit hirdet az esztergomi Balassa\" class=\"yoast-seo-meta-tag\" \/>\n<meta property=\"og:description\" content=\"A TSZC Balassa B\u00e1lint Gazdas\u00e1gi Szakgimn\u00e1ziuma \u00e9s Szakk\u00f6z\u00e9piskol\u00e1ja k\u00f6z\u00e9pfok\u00fa szakk\u00e9pes\u00edt\u00e9sekre \u00e9s technikumi k\u00e9pz\u00e9sekre p\u00f3tfelv\u00e9telit hirdet. Az esztergomi int\u00e9zm\u00e9ny az al\u00e1bbi k\u00e9pz\u00e9seket hirdeti meg 8. oszt\u00e1lyos tanul\u00f3k r\u00e9sz\u00e9re rendk\u00edv\u00fcli felv\u00e9teli (p\u00f3tfelv\u00e9teli) elj\u00e1r\u00e1s keret\u00e9ben (z\u00e1r\u00f3jelben a jelentkez\u00e9si lapon felt\u00fcntetend\u0151 tagozatk\u00f3dok): Szakk\u00e9pz\u0151 iskola (3 \u00e9ves k\u00e9pz\u00e9s, k\u00f6z\u00e9pfok\u00fa szakk\u00e9pes\u00edt\u00e9sek): kereskedelmi \u00e9rt\u00e9kes\u00edt\u0151 &#8211; 10 f\u0151 (0026), cukr\u00e1sz &#8211; 10 f\u0151\" class=\"yoast-seo-meta-tag\" \/>\n<meta property=\"og:url\" content=\"https:\/\/dorogimedence.hu\/index.php\/2020\/05\/06\/potfelvetelit-hirdet-az-esztergomi-balassa\/\" class=\"yoast-seo-meta-tag\" \/>\n<meta property=\"og:site_name\" content=\"Dorogi-medence Region\u00e1lis H\u00edrport\u00e1l\" class=\"yoast-seo-meta-tag\" \/>\n<meta property=\"article:publisher\" content=\"https:\/\/www.facebook.com\/dorogimedence\/\" class=\"yoast-seo-meta-tag\" \/>\n<meta property=\"article:published_time\" content=\"2020-05-06T13:32:59+00:00\" class=\"yoast-seo-meta-tag\" \/>\n<meta property=\"article:modified_time\" content=\"2020-05-06T13:33:35+00:00\" class=\"yoast-seo-meta-tag\" \/>\n<meta property=\"og:image\" content=\"https:\/\/i0.wp.com\/dorogimedence.hu\/wp-content\/uploads\/2020\/05\/balassa.jpg?fit=670%2C365&ssl=1\" class=\"yoast-seo-meta-tag\" \/>\n\t<meta property=\"og:image:width\" content=\"670\" class=\"yoast-seo-meta-tag\" \/>\n\t<meta property=\"og:image:height\" content=\"365\" class=\"yoast-seo-meta-tag\" \/>\n\t<meta property=\"og:image:type\" content=\"image\/jpeg\" class=\"yoast-seo-meta-tag\" \/>\n<meta name=\"author\" content=\"dorogimedence.hu\" class=\"yoast-seo-meta-tag\" \/>\n<meta name=\"twitter:card\" content=\"summary_large_image\" class=\"yoast-seo-meta-tag\" \/>\n<meta name=\"twitter:label1\" content=\"Szerz\u0151:\" class=\"yoast-seo-meta-tag\" \/>\n\t<meta name=\"twitter:data1\" content=\"dorogimedence.hu\" class=\"yoast-seo-meta-tag\" \/>\n\t<meta name=\"twitter:label2\" content=\"Becs\u00fclt olvas\u00e1si id\u0151\" class=\"yoast-seo-meta-tag\" \/>\n\t<meta name=\"twitter:data2\" content=\"1 perc\" class=\"yoast-seo-meta-tag\" \/>\n<script type=\"application\/ld+json\" class=\"yoast-schema-graph\">{\"@context\":\"https:\\\/\\\/schema.org\",\"@graph\":[{\"@type\":\"Article\",\"@id\":\"https:\\\/\\\/dorogimedence.hu\\\/index.php\\\/2020\\\/05\\\/06\\\/potfelvetelit-hirdet-az-esztergomi-balassa\\\/#article\",\"isPartOf\":{\"@id\":\"https:\\\/\\\/dorogimedence.hu\\\/index.php\\\/2020\\\/05\\\/06\\\/potfelvetelit-hirdet-az-esztergomi-balassa\\\/\"},\"author\":{\"name\":\"dorogimedence.hu\",\"@id\":\"https:\\\/\\\/dorogimedence.hu\\\/#\\\/schema\\\/person\\\/ce6091eeb7e95ecdc87890d6aa8e0fd4\"},\"headline\":\"P\u00f3tfelv\u00e9telit hirdet az esztergomi Balassa\",\"datePublished\":\"2020-05-06T13:32:59+00:00\",\"dateModified\":\"2020-05-06T13:33:35+00:00\",\"mainEntityOfPage\":{\"@id\":\"https:\\\/\\\/dorogimedence.hu\\\/index.php\\\/2020\\\/05\\\/06\\\/potfelvetelit-hirdet-az-esztergomi-balassa\\\/\"},\"wordCount\":187,\"publisher\":{\"@id\":\"https:\\\/\\\/dorogimedence.hu\\\/#organization\"},\"image\":{\"@id\":\"https:\\\/\\\/dorogimedence.hu\\\/index.php\\\/2020\\\/05\\\/06\\\/potfelvetelit-hirdet-az-esztergomi-balassa\\\/#primaryimage\"},\"thumbnailUrl\":\"https:\\\/\\\/dorogimedence.hu\\\/wp-content\\\/uploads\\\/2020\\\/05\\\/balassa.jpg\",\"keywords\":[\"Balassa\",\"esztergom\",\"oktat\u00e1s\"],\"articleSection\":[\"Esztergom\",\"H\u00edrek\"],\"inLanguage\":\"hu\"},{\"@type\":\"WebPage\",\"@id\":\"https:\\\/\\\/dorogimedence.hu\\\/index.php\\\/2020\\\/05\\\/06\\\/potfelvetelit-hirdet-az-esztergomi-balassa\\\/\",\"url\":\"https:\\\/\\\/dorogimedence.hu\\\/index.php\\\/2020\\\/05\\\/06\\\/potfelvetelit-hirdet-az-esztergomi-balassa\\\/\",\"name\":\"P\u00f3tfelv\u00e9telit hirdet az esztergomi Balassa\",\"isPartOf\":{\"@id\":\"https:\\\/\\\/dorogimedence.hu\\\/#website\"},\"primaryImageOfPage\":{\"@id\":\"https:\\\/\\\/dorogimedence.hu\\\/index.php\\\/2020\\\/05\\\/06\\\/potfelvetelit-hirdet-az-esztergomi-balassa\\\/#primaryimage\"},\"image\":{\"@id\":\"https:\\\/\\\/dorogimedence.hu\\\/index.php\\\/2020\\\/05\\\/06\\\/potfelvetelit-hirdet-az-esztergomi-balassa\\\/#primaryimage\"},\"thumbnailUrl\":\"https:\\\/\\\/dorogimedence.hu\\\/wp-content\\\/uploads\\\/2020\\\/05\\\/balassa.jpg\",\"datePublished\":\"2020-05-06T13:32:59+00:00\",\"dateModified\":\"2020-05-06T13:33:35+00:00\",\"breadcrumb\":{\"@id\":\"https:\\\/\\\/dorogimedence.hu\\\/index.php\\\/2020\\\/05\\\/06\\\/potfelvetelit-hirdet-az-esztergomi-balassa\\\/#breadcrumb\"},\"inLanguage\":\"hu\",\"potentialAction\":[{\"@type\":\"ReadAction\",\"target\":[\"https:\\\/\\\/dorogimedence.hu\\\/index.php\\\/2020\\\/05\\\/06\\\/potfelvetelit-hirdet-az-esztergomi-balassa\\\/\"]}]},{\"@type\":\"ImageObject\",\"inLanguage\":\"hu\",\"@id\":\"https:\\\/\\\/dorogimedence.hu\\\/index.php\\\/2020\\\/05\\\/06\\\/potfelvetelit-hirdet-az-esztergomi-balassa\\\/#primaryimage\",\"url\":\"https:\\\/\\\/dorogimedence.hu\\\/wp-content\\\/uploads\\\/2020\\\/05\\\/balassa.jpg\",\"contentUrl\":\"https:\\\/\\\/dorogimedence.hu\\\/wp-content\\\/uploads\\\/2020\\\/05\\\/balassa.jpg\",\"width\":670,\"height\":365},{\"@type\":\"BreadcrumbList\",\"@id\":\"https:\\\/\\\/dorogimedence.hu\\\/index.php\\\/2020\\\/05\\\/06\\\/potfelvetelit-hirdet-az-esztergomi-balassa\\\/#breadcrumb\",\"itemListElement\":[{\"@type\":\"ListItem\",\"position\":1,\"name\":\"Kezd\u0151lap\",\"item\":\"https:\\\/\\\/dorogimedence.hu\\\/\"},{\"@type\":\"ListItem\",\"position\":2,\"name\":\"P\u00f3tfelv\u00e9telit hirdet az esztergomi Balassa\"}]},{\"@type\":\"WebSite\",\"@id\":\"https:\\\/\\\/dorogimedence.hu\\\/#website\",\"url\":\"https:\\\/\\\/dorogimedence.hu\\\/\",\"name\":\"Dorogi-medence Region\u00e1lis H\u00edrport\u00e1l\",\"description\":\"Dorog, Keszt\u00f6lc, Le\u00e1nyv\u00e1r, Piliscs\u00e9v, Tokod, Tokodalt\u00e1r\u00f3, Csolnok, Esztergom-kertv\u00e1ros: h\u00edrek, programok\",\"publisher\":{\"@id\":\"https:\\\/\\\/dorogimedence.hu\\\/#organization\"},\"potentialAction\":[{\"@type\":\"SearchAction\",\"target\":{\"@type\":\"EntryPoint\",\"urlTemplate\":\"https:\\\/\\\/dorogimedence.hu\\\/?s={search_term_string}\"},\"query-input\":{\"@type\":\"PropertyValueSpecification\",\"valueRequired\":true,\"valueName\":\"search_term_string\"}}],\"inLanguage\":\"hu\"},{\"@type\":\"Organization\",\"@id\":\"https:\\\/\\\/dorogimedence.hu\\\/#organization\",\"name\":\"Dorogi-medence Region\u00e1lis H\u00edrport\u00e1l\",\"url\":\"https:\\\/\\\/dorogimedence.hu\\\/\",\"logo\":{\"@type\":\"ImageObject\",\"inLanguage\":\"hu\",\"@id\":\"https:\\\/\\\/dorogimedence.hu\\\/#\\\/schema\\\/logo\\\/image\\\/\",\"url\":\"https:\\\/\\\/dorogimedence.hu\\\/wp-content\\\/uploads\\\/2021\\\/04\\\/logo-feher-600.png\",\"contentUrl\":\"https:\\\/\\\/dorogimedence.hu\\\/wp-content\\\/uploads\\\/2021\\\/04\\\/logo-feher-600.png\",\"width\":600,\"height\":100,\"caption\":\"Dorogi-medence Region\u00e1lis H\u00edrport\u00e1l\"},\"image\":{\"@id\":\"https:\\\/\\\/dorogimedence.hu\\\/#\\\/schema\\\/logo\\\/image\\\/\"},\"sameAs\":[\"https:\\\/\\\/www.facebook.com\\\/dorogimedence\\\/\"]},{\"@type\":\"Person\",\"@id\":\"https:\\\/\\\/dorogimedence.hu\\\/#\\\/schema\\\/person\\\/ce6091eeb7e95ecdc87890d6aa8e0fd4\",\"name\":\"dorogimedence.hu\",\"image\":{\"@type\":\"ImageObject\",\"inLanguage\":\"hu\",\"@id\":\"\\\/\\\/www.gravatar.com\\\/avatar\\\/d8d45f8901aadff40a4af72c0b826f1d?s=96&#038;r=g&#038;d=mm\",\"url\":\"\\\/\\\/www.gravatar.com\\\/avatar\\\/d8d45f8901aadff40a4af72c0b826f1d?s=96&#038;r=g&#038;d=mm\",\"contentUrl\":\"\\\/\\\/www.gravatar.com\\\/avatar\\\/d8d45f8901aadff40a4af72c0b826f1d?s=96&#038;r=g&#038;d=mm\",\"caption\":\"dorogimedence.hu\"}}]}<\/script>\n<!-- \/ Yoast SEO plugin. -->","yoast_head_json":{"title":"P\u00f3tfelv\u00e9telit hirdet az esztergomi Balassa","robots":{"index":"index","follow":"follow","max-snippet":"max-snippet:-1","max-image-preview":"max-image-preview:large","max-video-preview":"max-video-preview:-1"},"canonical":"https:\/\/dorogimedence.hu\/index.php\/2020\/05\/06\/potfelvetelit-hirdet-az-esztergomi-balassa\/","og_locale":"hu_HU","og_type":"article","og_title":"P\u00f3tfelv\u00e9telit hirdet az esztergomi Balassa","og_description":"A TSZC Balassa B\u00e1lint Gazdas\u00e1gi Szakgimn\u00e1ziuma \u00e9s Szakk\u00f6z\u00e9piskol\u00e1ja k\u00f6z\u00e9pfok\u00fa szakk\u00e9pes\u00edt\u00e9sekre \u00e9s technikumi k\u00e9pz\u00e9sekre p\u00f3tfelv\u00e9telit hirdet. Az esztergomi int\u00e9zm\u00e9ny az al\u00e1bbi k\u00e9pz\u00e9seket hirdeti meg 8. oszt\u00e1lyos tanul\u00f3k r\u00e9sz\u00e9re rendk\u00edv\u00fcli felv\u00e9teli (p\u00f3tfelv\u00e9teli) elj\u00e1r\u00e1s keret\u00e9ben (z\u00e1r\u00f3jelben a jelentkez\u00e9si lapon felt\u00fcntetend\u0151 tagozatk\u00f3dok): Szakk\u00e9pz\u0151 iskola (3 \u00e9ves k\u00e9pz\u00e9s, k\u00f6z\u00e9pfok\u00fa szakk\u00e9pes\u00edt\u00e9sek): kereskedelmi \u00e9rt\u00e9kes\u00edt\u0151 &#8211; 10 f\u0151 (0026), cukr\u00e1sz &#8211; 10 f\u0151","og_url":"https:\/\/dorogimedence.hu\/index.php\/2020\/05\/06\/potfelvetelit-hirdet-az-esztergomi-balassa\/","og_site_name":"Dorogi-medence Region\u00e1lis H\u00edrport\u00e1l","article_publisher":"https:\/\/www.facebook.com\/dorogimedence\/","article_published_time":"2020-05-06T13:32:59+00:00","article_modified_time":"2020-05-06T13:33:35+00:00","og_image":[{"width":670,"height":365,"url":"https:\/\/i0.wp.com\/dorogimedence.hu\/wp-content\/uploads\/2020\/05\/balassa.jpg?fit=670%2C365&ssl=1","type":"image\/jpeg"}],"author":"dorogimedence.hu","twitter_card":"summary_large_image","twitter_misc":{"Szerz\u0151:":"dorogimedence.hu","Becs\u00fclt olvas\u00e1si id\u0151":"1 perc"},"schema":{"@context":"https:\/\/schema.org","@graph":[{"@type":"Article","@id":"https:\/\/dorogimedence.hu\/index.php\/2020\/05\/06\/potfelvetelit-hirdet-az-esztergomi-balassa\/#article","isPartOf":{"@id":"https:\/\/dorogimedence.hu\/index.php\/2020\/05\/06\/potfelvetelit-hirdet-az-esztergomi-balassa\/"},"author":{"name":"dorogimedence.hu","@id":"https:\/\/dorogimedence.hu\/#\/schema\/person\/ce6091eeb7e95ecdc87890d6aa8e0fd4"},"headline":"P\u00f3tfelv\u00e9telit hirdet az esztergomi Balassa","datePublished":"2020-05-06T13:32:59+00:00","dateModified":"2020-05-06T13:33:35+00:00","mainEntityOfPage":{"@id":"https:\/\/dorogimedence.hu\/index.php\/2020\/05\/06\/potfelvetelit-hirdet-az-esztergomi-balassa\/"},"wordCount":187,"publisher":{"@id":"https:\/\/dorogimedence.hu\/#organization"},"image":{"@id":"https:\/\/dorogimedence.hu\/index.php\/2020\/05\/06\/potfelvetelit-hirdet-az-esztergomi-balassa\/#primaryimage"},"thumbnailUrl":"https:\/\/dorogimedence.hu\/wp-content\/uploads\/2020\/05\/balassa.jpg","keywords":["Balassa","esztergom","oktat\u00e1s"],"articleSection":["Esztergom","H\u00edrek"],"inLanguage":"hu"},{"@type":"WebPage","@id":"https:\/\/dorogimedence.hu\/index.php\/2020\/05\/06\/potfelvetelit-hirdet-az-esztergomi-balassa\/","url":"https:\/\/dorogimedence.hu\/index.php\/2020\/05\/06\/potfelvetelit-hirdet-az-esztergomi-balassa\/","name":"P\u00f3tfelv\u00e9telit hirdet az esztergomi Balassa","isPartOf":{"@id":"https:\/\/dorogimedence.hu\/#website"},"primaryImageOfPage":{"@id":"https:\/\/dorogimedence.hu\/index.php\/2020\/05\/06\/potfelvetelit-hirdet-az-esztergomi-balassa\/#primaryimage"},"image":{"@id":"https:\/\/dorogimedence.hu\/index.php\/2020\/05\/06\/potfelvetelit-hirdet-az-esztergomi-balassa\/#primaryimage"},"thumbnailUrl":"https:\/\/dorogimedence.hu\/wp-content\/uploads\/2020\/05\/balassa.jpg","datePublished":"2020-05-06T13:32:59+00:00","dateModified":"2020-05-06T13:33:35+00:00","breadcrumb":{"@id":"https:\/\/dorogimedence.hu\/index.php\/2020\/05\/06\/potfelvetelit-hirdet-az-esztergomi-balassa\/#breadcrumb"},"inLanguage":"hu","potentialAction":[{"@type":"ReadAction","target":["https:\/\/dorogimedence.hu\/index.php\/2020\/05\/06\/potfelvetelit-hirdet-az-esztergomi-balassa\/"]}]},{"@type":"ImageObject","inLanguage":"hu","@id":"https:\/\/dorogimedence.hu\/index.php\/2020\/05\/06\/potfelvetelit-hirdet-az-esztergomi-balassa\/#primaryimage","url":"https:\/\/dorogimedence.hu\/wp-content\/uploads\/2020\/05\/balassa.jpg","contentUrl":"https:\/\/dorogimedence.hu\/wp-content\/uploads\/2020\/05\/balassa.jpg","width":670,"height":365},{"@type":"BreadcrumbList","@id":"https:\/\/dorogimedence.hu\/index.php\/2020\/05\/06\/potfelvetelit-hirdet-az-esztergomi-balassa\/#breadcrumb","itemListElement":[{"@type":"ListItem","position":1,"name":"Kezd\u0151lap","item":"https:\/\/dorogimedence.hu\/"},{"@type":"ListItem","position":2,"name":"P\u00f3tfelv\u00e9telit hirdet az esztergomi Balassa"}]},{"@type":"WebSite","@id":"https:\/\/dorogimedence.hu\/#website","url":"https:\/\/dorogimedence.hu\/","name":"Dorogi-medence Region\u00e1lis H\u00edrport\u00e1l","description":"Dorog, Keszt\u00f6lc, Le\u00e1nyv\u00e1r, Piliscs\u00e9v, Tokod, Tokodalt\u00e1r\u00f3, Csolnok, Esztergom-kertv\u00e1ros: h\u00edrek, programok","publisher":{"@id":"https:\/\/dorogimedence.hu\/#organization"},"potentialAction":[{"@type":"SearchAction","target":{"@type":"EntryPoint","urlTemplate":"https:\/\/dorogimedence.hu\/?s={search_term_string}"},"query-input":{"@type":"PropertyValueSpecification","valueRequired":true,"valueName":"search_term_string"}}],"inLanguage":"hu"},{"@type":"Organization","@id":"https:\/\/dorogimedence.hu\/#organization","name":"Dorogi-medence Region\u00e1lis H\u00edrport\u00e1l","url":"https:\/\/dorogimedence.hu\/","logo":{"@type":"ImageObject","inLanguage":"hu","@id":"https:\/\/dorogimedence.hu\/#\/schema\/logo\/image\/","url":"https:\/\/dorogimedence.hu\/wp-content\/uploads\/2021\/04\/logo-feher-600.png","contentUrl":"https:\/\/dorogimedence.hu\/wp-content\/uploads\/2021\/04\/logo-feher-600.png","width":600,"height":100,"caption":"Dorogi-medence Region\u00e1lis H\u00edrport\u00e1l"},"image":{"@id":"https:\/\/dorogimedence.hu\/#\/schema\/logo\/image\/"},"sameAs":["https:\/\/www.facebook.com\/dorogimedence\/"]},{"@type":"Person","@id":"https:\/\/dorogimedence.hu\/#\/schema\/person\/ce6091eeb7e95ecdc87890d6aa8e0fd4","name":"dorogimedence.hu","image":{"@type":"ImageObject","inLanguage":"hu","@id":"\/\/www.gravatar.com\/avatar\/d8d45f8901aadff40a4af72c0b826f1d?s=96&#038;r=g&#038;d=mm","url":"\/\/www.gravatar.com\/avatar\/d8d45f8901aadff40a4af72c0b826f1d?s=96&#038;r=g&#038;d=mm","contentUrl":"\/\/www.gravatar.com\/avatar\/d8d45f8901aadff40a4af72c0b826f1d?s=96&#038;r=g&#038;d=mm","caption":"dorogimedence.hu"}}]}},"_links":{"self":[{"href":"https:\/\/dorogimedence.hu\/index.php\/wp-json\/wp\/v2\/posts\/24770","targetHints":{"allow":["GET"]}}],"collection":[{"href":"https:\/\/dorogimedence.hu\/index.php\/wp-json\/wp\/v2\/posts"}],"about":[{"href":"https:\/\/dorogimedence.hu\/index.php\/wp-json\/wp\/v2\/types\/post"}],"author":[{"embeddable":true,"href":"https:\/\/dorogimedence.hu\/index.php\/wp-json\/wp\/v2\/users\/1"}],"replies":[{"embeddable":true,"href":"https:\/\/dorogimedence.hu\/index.php\/wp-json\/wp\/v2\/comments?post=24770"}],"version-history":[{"count":0,"href":"https:\/\/dorogimedence.hu\/index.php\/wp-json\/wp\/v2\/posts\/24770\/revisions"}],"wp:featuredmedia":[{"embeddable":true,"href":"https:\/\/dorogimedence.hu\/index.php\/wp-json\/wp\/v2\/media\/24771"}],"wp:attachment":[{"href":"https:\/\/dorogimedence.hu\/index.php\/wp-json\/wp\/v2\/media?parent=24770"}],"wp:term":[{"taxonomy":"category","embeddable":true,"href":"https:\/\/dorogimedence.hu\/index.php\/wp-json\/wp\/v2\/categories?post=24770"},{"taxonomy":"post_tag","embeddable":true,"href":"https:\/\/dorogimedence.hu\/index.php\/wp-json\/wp\/v2\/tags?post=24770"}],"curies":[{"name":"wp","href":"https:\/\/api.w.org\/{rel}","templated":true}]}}