{"id":24657,"date":"2020-04-30T13:31:56","date_gmt":"2020-04-30T11:31:56","guid":{"rendered":"http:\/\/dorogimedence.hu\/?p=24657"},"modified":"2020-04-30T14:50:47","modified_gmt":"2020-04-30T12:50:47","slug":"videken-eltorlik-a-kijarasi-korlatozast","status":"publish","type":"post","link":"https:\/\/dorogimedence.hu\/index.php\/2020\/04\/30\/videken-eltorlik-a-kijarasi-korlatozast\/","title":{"rendered":"Vid\u00e9ken elt\u00f6rlik a kij\u00e1r\u00e1si korl\u00e1toz\u00e1st"},"content":{"rendered":"<div class=\"item_introtext\">\n<p><strong>Guly\u00e1s Gergely Minisztereln\u00f6ks\u00e9get vezet\u0151 miniszter cs\u00fct\u00f6rt\u00f6ki online sajt\u00f3t\u00e1j\u00e9koztat\u00f3j\u00e1n a korm\u00e1ny d\u00f6nt\u00e9seit ismertette.<\/strong><\/p>\n<\/div>\n<div class=\"item_fulltext\">\n<p>M\u00e1jus 4-\u00e9n, h\u00e9tf\u0151n 0 \u00f3r\u00e1t\u00f3l vid\u00e9ken elt\u00f6rlik a kij\u00e1r\u00e1si korl\u00e1toz\u00e1st, hely\u00fckre enyh\u00e9bb szab\u00e1lyok l\u00e9pnek. Budapesten \u00e9s Pest megye n\u00e9h\u00e1ny j\u00e1r\u00e1s\u00e1ban v\u00e1ltozatlanok maradnak a kij\u00e1r\u00e1si korl\u00e1toz\u00e1s szab\u00e1lyai.<\/p>\n<p><strong>Eg\u00e9sz orsz\u00e1gban:<\/strong><\/p>\n<ul>\n<li>az id\u0151seket arra k\u00e9rik, hogy csak a legsz\u00fcks\u00e9gesebb id\u0151szakban hagyj\u00e1k el otthonukat, a boltokban a 9-12 k\u00f6z\u00f6tti s\u00e1vban tov\u00e1bbra is csak \u0151k v\u00e1s\u00e1rolhatnak,<\/li>\n<li>marad az ingyenes parkol\u00e1s,<\/li>\n<li>a rendezv\u00e9nyekre vonatkoz\u00f3 korl\u00e1toz\u00e1sok \u00e9rv\u00e9nyben maradnak, augusztus 15-ig az 500 f\u0151n\u00e9l nagyobb rendezv\u00e9nyeket nem lehet megtartani,<\/li>\n<li>a tantermen k\u00edv\u00fcli digit\u00e1lis oktat\u00e1s m\u00e1jus v\u00e9g\u00e9ig biztosan fennmarad,<\/li>\n<li>feloldj\u00e1k a mag\u00e1neg\u00e9szs\u00e9g\u00fcgy korl\u00e1toz\u00e1sait, t\u00f6bbek k\u00f6z\u00f6tt az\u00e9rt, hogy tehermentes\u00edts\u00e9k az \u00e1llami ell\u00e1t\u00e1st, amely szint\u00e9n mentes\u00fcl bizonyos korl\u00e1toz\u00e1sok al\u00f3l,<\/li>\n<li>az \u00e9retts\u00e9gi lebonyol\u00edthat\u00f3, azonban csak \u00edr\u00e1sbeli vizsg\u00e1k lesznek, kiv\u00e9ve azokat a t\u00e1rgyakat, amelyekn\u00e9l ez elk\u00e9pzelhetetlen (a vizsg\u00e1kn\u00e1l egy teremben legfeljebb t\u00edz vizsg\u00e1z\u00f3 lehet).<\/li>\n<\/ul>\n<p><strong><span class=\"highlight-block\">Vid\u00e9ken:<br \/>\n<\/span><\/strong><\/p>\n<ul>\n<li>az \u00e9ttermek, k\u00e1v\u00e9z\u00f3k, sz\u00e1llod\u00e1k kerthelyis\u00e9g\u00e9ben lehet tart\u00f3zkodni, fogyasztani,<\/li>\n<li>az \u00fczletek korl\u00e1toz\u00e1s n\u00e9lk\u00fcl nyitva lehetnek,<\/li>\n<li>strandok, \u00e1llatkertek, szabadt\u00e9ri m\u00fazeumok kinyithatnak,<\/li>\n<li>a profi \u00e9s amat\u0151r t\u00f6megsportban enged\u00e9lyezik az edz\u00e9st,<\/li>\n<li>szolg\u00e1ltat\u00e1sok korl\u00e1toz\u00e1sok n\u00e9lk\u00fcl ny\u00fajthat\u00f3ak,<\/li>\n<li>esk\u00fcv\u0151, temet\u00e9s a kor\u00e1bbi szab\u00e1lyok szerint megtarthat\u00f3 lesz, teh\u00e1t a t\u00e1vols\u00e1gtart\u00e1ssal.<\/li>\n<\/ul>\n<p>Mindemellett v\u00e1ltoztatnak az adatk\u00f6zl\u00e9sen is: h\u00e9tf\u0151t\u0151l a megbeteged\u00e9sekr\u0151l \u00e9s hal\u00e1loz\u00e1sokr\u00f3l m\u00e1r ter\u00fcleti bont\u00e1sban t\u00e1j\u00e9koztatnak.<\/p>\n<\/div>\n","protected":false},"excerpt":{"rendered":"<p>Guly\u00e1s Gergely Minisztereln\u00f6ks\u00e9get vezet\u0151 miniszter cs\u00fct\u00f6rt\u00f6ki online sajt\u00f3t\u00e1j\u00e9koztat\u00f3j\u00e1n a korm\u00e1ny d\u00f6nt\u00e9seit ismertette. M\u00e1jus 4-\u00e9n, h\u00e9tf\u0151n 0 \u00f3r\u00e1t\u00f3l vid\u00e9ken elt\u00f6rlik a kij\u00e1r\u00e1si korl\u00e1toz\u00e1st, hely\u00fckre enyh\u00e9bb szab\u00e1lyok l\u00e9pnek. Budapesten \u00e9s Pest megye n\u00e9h\u00e1ny j\u00e1r\u00e1s\u00e1ban v\u00e1ltozatlanok maradnak a kij\u00e1r\u00e1si korl\u00e1toz\u00e1s szab\u00e1lyai. Eg\u00e9sz orsz\u00e1gban: az id\u0151seket arra k\u00e9rik, hogy csak a legsz\u00fcks\u00e9gesebb id\u0151szakban hagyj\u00e1k el otthonukat, a boltokban a<\/p>\n","protected":false},"author":1,"featured_media":24658,"comment_status":"closed","ping_status":"closed","sticky":false,"template":"","format":"standard","meta":{"ngg_post_thumbnail":0,"footnotes":""},"categories":[3],"tags":[4802,4738],"class_list":{"0":"post-24657","1":"post","2":"type-post","3":"status-publish","4":"format-standard","5":"has-post-thumbnail","7":"category-hirek","8":"tag-kijarasi-korlatozas","9":"tag-koronavirus"},"yoast_head":"<!-- This site is optimized with the Yoast SEO plugin v27.4 - https:\/\/yoast.com\/product\/yoast-seo-wordpress\/ -->\n<title>Vid\u00e9ken elt\u00f6rlik a kij\u00e1r\u00e1si korl\u00e1toz\u00e1st<\/title>\n<meta name=\"robots\" content=\"index, follow, max-snippet:-1, max-image-preview:large, max-video-preview:-1\" \/>\n<link rel=\"canonical\" href=\"https:\/\/dorogimedence.hu\/index.php\/2020\/04\/30\/videken-eltorlik-a-kijarasi-korlatozast\/\" class=\"yoast-seo-meta-tag\" \/>\n<meta property=\"og:locale\" content=\"hu_HU\" class=\"yoast-seo-meta-tag\" \/>\n<meta property=\"og:type\" content=\"article\" class=\"yoast-seo-meta-tag\" \/>\n<meta property=\"og:title\" content=\"Vid\u00e9ken elt\u00f6rlik a kij\u00e1r\u00e1si korl\u00e1toz\u00e1st\" class=\"yoast-seo-meta-tag\" \/>\n<meta property=\"og:description\" content=\"Guly\u00e1s Gergely Minisztereln\u00f6ks\u00e9get vezet\u0151 miniszter cs\u00fct\u00f6rt\u00f6ki online sajt\u00f3t\u00e1j\u00e9koztat\u00f3j\u00e1n a korm\u00e1ny d\u00f6nt\u00e9seit ismertette. M\u00e1jus 4-\u00e9n, h\u00e9tf\u0151n 0 \u00f3r\u00e1t\u00f3l vid\u00e9ken elt\u00f6rlik a kij\u00e1r\u00e1si korl\u00e1toz\u00e1st, hely\u00fckre enyh\u00e9bb szab\u00e1lyok l\u00e9pnek. Budapesten \u00e9s Pest megye n\u00e9h\u00e1ny j\u00e1r\u00e1s\u00e1ban v\u00e1ltozatlanok maradnak a kij\u00e1r\u00e1si korl\u00e1toz\u00e1s szab\u00e1lyai. Eg\u00e9sz orsz\u00e1gban: az id\u0151seket arra k\u00e9rik, hogy csak a legsz\u00fcks\u00e9gesebb id\u0151szakban hagyj\u00e1k el otthonukat, a boltokban a\" class=\"yoast-seo-meta-tag\" \/>\n<meta property=\"og:url\" content=\"https:\/\/dorogimedence.hu\/index.php\/2020\/04\/30\/videken-eltorlik-a-kijarasi-korlatozast\/\" class=\"yoast-seo-meta-tag\" \/>\n<meta property=\"og:site_name\" content=\"Dorogi-medence Region\u00e1lis H\u00edrport\u00e1l\" class=\"yoast-seo-meta-tag\" \/>\n<meta property=\"article:publisher\" content=\"https:\/\/www.facebook.com\/dorogimedence\/\" class=\"yoast-seo-meta-tag\" \/>\n<meta property=\"article:published_time\" content=\"2020-04-30T11:31:56+00:00\" class=\"yoast-seo-meta-tag\" \/>\n<meta property=\"article:modified_time\" content=\"2020-04-30T12:50:47+00:00\" class=\"yoast-seo-meta-tag\" \/>\n<meta property=\"og:image\" content=\"https:\/\/i0.wp.com\/dorogimedence.hu\/wp-content\/uploads\/2020\/04\/kijarasi-korlatozas.jpg?fit=670%2C365&ssl=1\" class=\"yoast-seo-meta-tag\" \/>\n\t<meta property=\"og:image:width\" content=\"670\" class=\"yoast-seo-meta-tag\" \/>\n\t<meta property=\"og:image:height\" content=\"365\" class=\"yoast-seo-meta-tag\" \/>\n\t<meta property=\"og:image:type\" content=\"image\/jpeg\" class=\"yoast-seo-meta-tag\" \/>\n<meta name=\"author\" content=\"dorogimedence.hu\" class=\"yoast-seo-meta-tag\" \/>\n<meta name=\"twitter:card\" content=\"summary_large_image\" class=\"yoast-seo-meta-tag\" \/>\n<meta name=\"twitter:label1\" content=\"Szerz\u0151:\" class=\"yoast-seo-meta-tag\" \/>\n\t<meta name=\"twitter:data1\" content=\"dorogimedence.hu\" class=\"yoast-seo-meta-tag\" \/>\n\t<meta name=\"twitter:label2\" content=\"Becs\u00fclt olvas\u00e1si id\u0151\" class=\"yoast-seo-meta-tag\" \/>\n\t<meta name=\"twitter:data2\" content=\"2 perc\" class=\"yoast-seo-meta-tag\" \/>\n<script type=\"application\/ld+json\" class=\"yoast-schema-graph\">{\"@context\":\"https:\\\/\\\/schema.org\",\"@graph\":[{\"@type\":\"Article\",\"@id\":\"https:\\\/\\\/dorogimedence.hu\\\/index.php\\\/2020\\\/04\\\/30\\\/videken-eltorlik-a-kijarasi-korlatozast\\\/#article\",\"isPartOf\":{\"@id\":\"https:\\\/\\\/dorogimedence.hu\\\/index.php\\\/2020\\\/04\\\/30\\\/videken-eltorlik-a-kijarasi-korlatozast\\\/\"},\"author\":{\"name\":\"dorogimedence.hu\",\"@id\":\"https:\\\/\\\/dorogimedence.hu\\\/#\\\/schema\\\/person\\\/ce6091eeb7e95ecdc87890d6aa8e0fd4\"},\"headline\":\"Vid\u00e9ken elt\u00f6rlik a kij\u00e1r\u00e1si korl\u00e1toz\u00e1st\",\"datePublished\":\"2020-04-30T11:31:56+00:00\",\"dateModified\":\"2020-04-30T12:50:47+00:00\",\"mainEntityOfPage\":{\"@id\":\"https:\\\/\\\/dorogimedence.hu\\\/index.php\\\/2020\\\/04\\\/30\\\/videken-eltorlik-a-kijarasi-korlatozast\\\/\"},\"wordCount\":352,\"publisher\":{\"@id\":\"https:\\\/\\\/dorogimedence.hu\\\/#organization\"},\"image\":{\"@id\":\"https:\\\/\\\/dorogimedence.hu\\\/index.php\\\/2020\\\/04\\\/30\\\/videken-eltorlik-a-kijarasi-korlatozast\\\/#primaryimage\"},\"thumbnailUrl\":\"https:\\\/\\\/dorogimedence.hu\\\/wp-content\\\/uploads\\\/2020\\\/04\\\/kijarasi-korlatozas.jpg\",\"keywords\":[\"kij\u00e1r\u00e1si korl\u00e1toz\u00e1s\",\"koronav\u00edrus\"],\"articleSection\":[\"H\u00edrek\"],\"inLanguage\":\"hu\"},{\"@type\":\"WebPage\",\"@id\":\"https:\\\/\\\/dorogimedence.hu\\\/index.php\\\/2020\\\/04\\\/30\\\/videken-eltorlik-a-kijarasi-korlatozast\\\/\",\"url\":\"https:\\\/\\\/dorogimedence.hu\\\/index.php\\\/2020\\\/04\\\/30\\\/videken-eltorlik-a-kijarasi-korlatozast\\\/\",\"name\":\"Vid\u00e9ken elt\u00f6rlik a kij\u00e1r\u00e1si korl\u00e1toz\u00e1st\",\"isPartOf\":{\"@id\":\"https:\\\/\\\/dorogimedence.hu\\\/#website\"},\"primaryImageOfPage\":{\"@id\":\"https:\\\/\\\/dorogimedence.hu\\\/index.php\\\/2020\\\/04\\\/30\\\/videken-eltorlik-a-kijarasi-korlatozast\\\/#primaryimage\"},\"image\":{\"@id\":\"https:\\\/\\\/dorogimedence.hu\\\/index.php\\\/2020\\\/04\\\/30\\\/videken-eltorlik-a-kijarasi-korlatozast\\\/#primaryimage\"},\"thumbnailUrl\":\"https:\\\/\\\/dorogimedence.hu\\\/wp-content\\\/uploads\\\/2020\\\/04\\\/kijarasi-korlatozas.jpg\",\"datePublished\":\"2020-04-30T11:31:56+00:00\",\"dateModified\":\"2020-04-30T12:50:47+00:00\",\"breadcrumb\":{\"@id\":\"https:\\\/\\\/dorogimedence.hu\\\/index.php\\\/2020\\\/04\\\/30\\\/videken-eltorlik-a-kijarasi-korlatozast\\\/#breadcrumb\"},\"inLanguage\":\"hu\",\"potentialAction\":[{\"@type\":\"ReadAction\",\"target\":[\"https:\\\/\\\/dorogimedence.hu\\\/index.php\\\/2020\\\/04\\\/30\\\/videken-eltorlik-a-kijarasi-korlatozast\\\/\"]}]},{\"@type\":\"ImageObject\",\"inLanguage\":\"hu\",\"@id\":\"https:\\\/\\\/dorogimedence.hu\\\/index.php\\\/2020\\\/04\\\/30\\\/videken-eltorlik-a-kijarasi-korlatozast\\\/#primaryimage\",\"url\":\"https:\\\/\\\/dorogimedence.hu\\\/wp-content\\\/uploads\\\/2020\\\/04\\\/kijarasi-korlatozas.jpg\",\"contentUrl\":\"https:\\\/\\\/dorogimedence.hu\\\/wp-content\\\/uploads\\\/2020\\\/04\\\/kijarasi-korlatozas.jpg\",\"width\":670,\"height\":365},{\"@type\":\"BreadcrumbList\",\"@id\":\"https:\\\/\\\/dorogimedence.hu\\\/index.php\\\/2020\\\/04\\\/30\\\/videken-eltorlik-a-kijarasi-korlatozast\\\/#breadcrumb\",\"itemListElement\":[{\"@type\":\"ListItem\",\"position\":1,\"name\":\"Kezd\u0151lap\",\"item\":\"https:\\\/\\\/dorogimedence.hu\\\/\"},{\"@type\":\"ListItem\",\"position\":2,\"name\":\"Vid\u00e9ken elt\u00f6rlik a kij\u00e1r\u00e1si korl\u00e1toz\u00e1st\"}]},{\"@type\":\"WebSite\",\"@id\":\"https:\\\/\\\/dorogimedence.hu\\\/#website\",\"url\":\"https:\\\/\\\/dorogimedence.hu\\\/\",\"name\":\"Dorogi-medence Region\u00e1lis H\u00edrport\u00e1l\",\"description\":\"Dorog, Keszt\u00f6lc, Le\u00e1nyv\u00e1r, Piliscs\u00e9v, Tokod, Tokodalt\u00e1r\u00f3, Csolnok, Esztergom-kertv\u00e1ros: h\u00edrek, programok\",\"publisher\":{\"@id\":\"https:\\\/\\\/dorogimedence.hu\\\/#organization\"},\"potentialAction\":[{\"@type\":\"SearchAction\",\"target\":{\"@type\":\"EntryPoint\",\"urlTemplate\":\"https:\\\/\\\/dorogimedence.hu\\\/?s={search_term_string}\"},\"query-input\":{\"@type\":\"PropertyValueSpecification\",\"valueRequired\":true,\"valueName\":\"search_term_string\"}}],\"inLanguage\":\"hu\"},{\"@type\":\"Organization\",\"@id\":\"https:\\\/\\\/dorogimedence.hu\\\/#organization\",\"name\":\"Dorogi-medence Region\u00e1lis H\u00edrport\u00e1l\",\"url\":\"https:\\\/\\\/dorogimedence.hu\\\/\",\"logo\":{\"@type\":\"ImageObject\",\"inLanguage\":\"hu\",\"@id\":\"https:\\\/\\\/dorogimedence.hu\\\/#\\\/schema\\\/logo\\\/image\\\/\",\"url\":\"https:\\\/\\\/dorogimedence.hu\\\/wp-content\\\/uploads\\\/2021\\\/04\\\/logo-feher-600.png\",\"contentUrl\":\"https:\\\/\\\/dorogimedence.hu\\\/wp-content\\\/uploads\\\/2021\\\/04\\\/logo-feher-600.png\",\"width\":600,\"height\":100,\"caption\":\"Dorogi-medence Region\u00e1lis H\u00edrport\u00e1l\"},\"image\":{\"@id\":\"https:\\\/\\\/dorogimedence.hu\\\/#\\\/schema\\\/logo\\\/image\\\/\"},\"sameAs\":[\"https:\\\/\\\/www.facebook.com\\\/dorogimedence\\\/\"]},{\"@type\":\"Person\",\"@id\":\"https:\\\/\\\/dorogimedence.hu\\\/#\\\/schema\\\/person\\\/ce6091eeb7e95ecdc87890d6aa8e0fd4\",\"name\":\"dorogimedence.hu\",\"image\":{\"@type\":\"ImageObject\",\"inLanguage\":\"hu\",\"@id\":\"\\\/\\\/www.gravatar.com\\\/avatar\\\/d8d45f8901aadff40a4af72c0b826f1d?s=96&#038;r=g&#038;d=mm\",\"url\":\"\\\/\\\/www.gravatar.com\\\/avatar\\\/d8d45f8901aadff40a4af72c0b826f1d?s=96&#038;r=g&#038;d=mm\",\"contentUrl\":\"\\\/\\\/www.gravatar.com\\\/avatar\\\/d8d45f8901aadff40a4af72c0b826f1d?s=96&#038;r=g&#038;d=mm\",\"caption\":\"dorogimedence.hu\"}}]}<\/script>\n<!-- \/ Yoast SEO plugin. -->","yoast_head_json":{"title":"Vid\u00e9ken elt\u00f6rlik a kij\u00e1r\u00e1si korl\u00e1toz\u00e1st","robots":{"index":"index","follow":"follow","max-snippet":"max-snippet:-1","max-image-preview":"max-image-preview:large","max-video-preview":"max-video-preview:-1"},"canonical":"https:\/\/dorogimedence.hu\/index.php\/2020\/04\/30\/videken-eltorlik-a-kijarasi-korlatozast\/","og_locale":"hu_HU","og_type":"article","og_title":"Vid\u00e9ken elt\u00f6rlik a kij\u00e1r\u00e1si korl\u00e1toz\u00e1st","og_description":"Guly\u00e1s Gergely Minisztereln\u00f6ks\u00e9get vezet\u0151 miniszter cs\u00fct\u00f6rt\u00f6ki online sajt\u00f3t\u00e1j\u00e9koztat\u00f3j\u00e1n a korm\u00e1ny d\u00f6nt\u00e9seit ismertette. M\u00e1jus 4-\u00e9n, h\u00e9tf\u0151n 0 \u00f3r\u00e1t\u00f3l vid\u00e9ken elt\u00f6rlik a kij\u00e1r\u00e1si korl\u00e1toz\u00e1st, hely\u00fckre enyh\u00e9bb szab\u00e1lyok l\u00e9pnek. Budapesten \u00e9s Pest megye n\u00e9h\u00e1ny j\u00e1r\u00e1s\u00e1ban v\u00e1ltozatlanok maradnak a kij\u00e1r\u00e1si korl\u00e1toz\u00e1s szab\u00e1lyai. Eg\u00e9sz orsz\u00e1gban: az id\u0151seket arra k\u00e9rik, hogy csak a legsz\u00fcks\u00e9gesebb id\u0151szakban hagyj\u00e1k el otthonukat, a boltokban a","og_url":"https:\/\/dorogimedence.hu\/index.php\/2020\/04\/30\/videken-eltorlik-a-kijarasi-korlatozast\/","og_site_name":"Dorogi-medence Region\u00e1lis H\u00edrport\u00e1l","article_publisher":"https:\/\/www.facebook.com\/dorogimedence\/","article_published_time":"2020-04-30T11:31:56+00:00","article_modified_time":"2020-04-30T12:50:47+00:00","og_image":[{"width":670,"height":365,"url":"https:\/\/i0.wp.com\/dorogimedence.hu\/wp-content\/uploads\/2020\/04\/kijarasi-korlatozas.jpg?fit=670%2C365&ssl=1","type":"image\/jpeg"}],"author":"dorogimedence.hu","twitter_card":"summary_large_image","twitter_misc":{"Szerz\u0151:":"dorogimedence.hu","Becs\u00fclt olvas\u00e1si id\u0151":"2 perc"},"schema":{"@context":"https:\/\/schema.org","@graph":[{"@type":"Article","@id":"https:\/\/dorogimedence.hu\/index.php\/2020\/04\/30\/videken-eltorlik-a-kijarasi-korlatozast\/#article","isPartOf":{"@id":"https:\/\/dorogimedence.hu\/index.php\/2020\/04\/30\/videken-eltorlik-a-kijarasi-korlatozast\/"},"author":{"name":"dorogimedence.hu","@id":"https:\/\/dorogimedence.hu\/#\/schema\/person\/ce6091eeb7e95ecdc87890d6aa8e0fd4"},"headline":"Vid\u00e9ken elt\u00f6rlik a kij\u00e1r\u00e1si korl\u00e1toz\u00e1st","datePublished":"2020-04-30T11:31:56+00:00","dateModified":"2020-04-30T12:50:47+00:00","mainEntityOfPage":{"@id":"https:\/\/dorogimedence.hu\/index.php\/2020\/04\/30\/videken-eltorlik-a-kijarasi-korlatozast\/"},"wordCount":352,"publisher":{"@id":"https:\/\/dorogimedence.hu\/#organization"},"image":{"@id":"https:\/\/dorogimedence.hu\/index.php\/2020\/04\/30\/videken-eltorlik-a-kijarasi-korlatozast\/#primaryimage"},"thumbnailUrl":"https:\/\/dorogimedence.hu\/wp-content\/uploads\/2020\/04\/kijarasi-korlatozas.jpg","keywords":["kij\u00e1r\u00e1si korl\u00e1toz\u00e1s","koronav\u00edrus"],"articleSection":["H\u00edrek"],"inLanguage":"hu"},{"@type":"WebPage","@id":"https:\/\/dorogimedence.hu\/index.php\/2020\/04\/30\/videken-eltorlik-a-kijarasi-korlatozast\/","url":"https:\/\/dorogimedence.hu\/index.php\/2020\/04\/30\/videken-eltorlik-a-kijarasi-korlatozast\/","name":"Vid\u00e9ken elt\u00f6rlik a kij\u00e1r\u00e1si korl\u00e1toz\u00e1st","isPartOf":{"@id":"https:\/\/dorogimedence.hu\/#website"},"primaryImageOfPage":{"@id":"https:\/\/dorogimedence.hu\/index.php\/2020\/04\/30\/videken-eltorlik-a-kijarasi-korlatozast\/#primaryimage"},"image":{"@id":"https:\/\/dorogimedence.hu\/index.php\/2020\/04\/30\/videken-eltorlik-a-kijarasi-korlatozast\/#primaryimage"},"thumbnailUrl":"https:\/\/dorogimedence.hu\/wp-content\/uploads\/2020\/04\/kijarasi-korlatozas.jpg","datePublished":"2020-04-30T11:31:56+00:00","dateModified":"2020-04-30T12:50:47+00:00","breadcrumb":{"@id":"https:\/\/dorogimedence.hu\/index.php\/2020\/04\/30\/videken-eltorlik-a-kijarasi-korlatozast\/#breadcrumb"},"inLanguage":"hu","potentialAction":[{"@type":"ReadAction","target":["https:\/\/dorogimedence.hu\/index.php\/2020\/04\/30\/videken-eltorlik-a-kijarasi-korlatozast\/"]}]},{"@type":"ImageObject","inLanguage":"hu","@id":"https:\/\/dorogimedence.hu\/index.php\/2020\/04\/30\/videken-eltorlik-a-kijarasi-korlatozast\/#primaryimage","url":"https:\/\/dorogimedence.hu\/wp-content\/uploads\/2020\/04\/kijarasi-korlatozas.jpg","contentUrl":"https:\/\/dorogimedence.hu\/wp-content\/uploads\/2020\/04\/kijarasi-korlatozas.jpg","width":670,"height":365},{"@type":"BreadcrumbList","@id":"https:\/\/dorogimedence.hu\/index.php\/2020\/04\/30\/videken-eltorlik-a-kijarasi-korlatozast\/#breadcrumb","itemListElement":[{"@type":"ListItem","position":1,"name":"Kezd\u0151lap","item":"https:\/\/dorogimedence.hu\/"},{"@type":"ListItem","position":2,"name":"Vid\u00e9ken elt\u00f6rlik a kij\u00e1r\u00e1si korl\u00e1toz\u00e1st"}]},{"@type":"WebSite","@id":"https:\/\/dorogimedence.hu\/#website","url":"https:\/\/dorogimedence.hu\/","name":"Dorogi-medence Region\u00e1lis H\u00edrport\u00e1l","description":"Dorog, Keszt\u00f6lc, Le\u00e1nyv\u00e1r, Piliscs\u00e9v, Tokod, Tokodalt\u00e1r\u00f3, Csolnok, Esztergom-kertv\u00e1ros: h\u00edrek, programok","publisher":{"@id":"https:\/\/dorogimedence.hu\/#organization"},"potentialAction":[{"@type":"SearchAction","target":{"@type":"EntryPoint","urlTemplate":"https:\/\/dorogimedence.hu\/?s={search_term_string}"},"query-input":{"@type":"PropertyValueSpecification","valueRequired":true,"valueName":"search_term_string"}}],"inLanguage":"hu"},{"@type":"Organization","@id":"https:\/\/dorogimedence.hu\/#organization","name":"Dorogi-medence Region\u00e1lis H\u00edrport\u00e1l","url":"https:\/\/dorogimedence.hu\/","logo":{"@type":"ImageObject","inLanguage":"hu","@id":"https:\/\/dorogimedence.hu\/#\/schema\/logo\/image\/","url":"https:\/\/dorogimedence.hu\/wp-content\/uploads\/2021\/04\/logo-feher-600.png","contentUrl":"https:\/\/dorogimedence.hu\/wp-content\/uploads\/2021\/04\/logo-feher-600.png","width":600,"height":100,"caption":"Dorogi-medence Region\u00e1lis H\u00edrport\u00e1l"},"image":{"@id":"https:\/\/dorogimedence.hu\/#\/schema\/logo\/image\/"},"sameAs":["https:\/\/www.facebook.com\/dorogimedence\/"]},{"@type":"Person","@id":"https:\/\/dorogimedence.hu\/#\/schema\/person\/ce6091eeb7e95ecdc87890d6aa8e0fd4","name":"dorogimedence.hu","image":{"@type":"ImageObject","inLanguage":"hu","@id":"\/\/www.gravatar.com\/avatar\/d8d45f8901aadff40a4af72c0b826f1d?s=96&#038;r=g&#038;d=mm","url":"\/\/www.gravatar.com\/avatar\/d8d45f8901aadff40a4af72c0b826f1d?s=96&#038;r=g&#038;d=mm","contentUrl":"\/\/www.gravatar.com\/avatar\/d8d45f8901aadff40a4af72c0b826f1d?s=96&#038;r=g&#038;d=mm","caption":"dorogimedence.hu"}}]}},"_links":{"self":[{"href":"https:\/\/dorogimedence.hu\/index.php\/wp-json\/wp\/v2\/posts\/24657","targetHints":{"allow":["GET"]}}],"collection":[{"href":"https:\/\/dorogimedence.hu\/index.php\/wp-json\/wp\/v2\/posts"}],"about":[{"href":"https:\/\/dorogimedence.hu\/index.php\/wp-json\/wp\/v2\/types\/post"}],"author":[{"embeddable":true,"href":"https:\/\/dorogimedence.hu\/index.php\/wp-json\/wp\/v2\/users\/1"}],"replies":[{"embeddable":true,"href":"https:\/\/dorogimedence.hu\/index.php\/wp-json\/wp\/v2\/comments?post=24657"}],"version-history":[{"count":0,"href":"https:\/\/dorogimedence.hu\/index.php\/wp-json\/wp\/v2\/posts\/24657\/revisions"}],"wp:featuredmedia":[{"embeddable":true,"href":"https:\/\/dorogimedence.hu\/index.php\/wp-json\/wp\/v2\/media\/24658"}],"wp:attachment":[{"href":"https:\/\/dorogimedence.hu\/index.php\/wp-json\/wp\/v2\/media?parent=24657"}],"wp:term":[{"taxonomy":"category","embeddable":true,"href":"https:\/\/dorogimedence.hu\/index.php\/wp-json\/wp\/v2\/categories?post=24657"},{"taxonomy":"post_tag","embeddable":true,"href":"https:\/\/dorogimedence.hu\/index.php\/wp-json\/wp\/v2\/tags?post=24657"}],"curies":[{"name":"wp","href":"https:\/\/api.w.org\/{rel}","templated":true}]}}