{"id":24391,"date":"2020-04-17T15:23:15","date_gmt":"2020-04-17T13:23:15","guid":{"rendered":"http:\/\/dorogimedence.hu\/?p=24391"},"modified":"2020-04-17T15:23:42","modified_gmt":"2020-04-17T13:23:42","slug":"elhunyt-tettamanti-bela","status":"publish","type":"post","link":"https:\/\/dorogimedence.hu\/index.php\/2020\/04\/17\/elhunyt-tettamanti-bela\/","title":{"rendered":"Elhunyt Tettamanti B\u00e9la"},"content":{"rendered":"<p><strong>2020. \u00e1prilis 17-\u00e9n, hetvenh\u00e1rom \u00e9ves kor\u00e1ban elhunyt Tettamanti B\u00e9la Munk\u00e1csy Mih\u00e1ly-d\u00edjas \u00e9s Pulitzer-eml\u00e9kd\u00edjas grafikus, karikaturista.<\/strong><\/p>\n<p>Tettamanti B\u00e9la 1946. december 10-\u00e9n, B\u00e1nhid\u00e1n sz\u00fcletett, viszont gyermek\u00e9veit Dorogon t\u00f6lt\u00f6tte, ahova szeretettel j\u00e1rt vissza mindig is. 2006-ban Dorog V\u00e1ros \u00d6nkorm\u00e1nyzata Rauscher Gy\u00f6rgy-d\u00edjban r\u00e9szes\u00edtette.<\/p>\n<p>1975 \u00f3ta jelentek meg rajzai a sajt\u00f3ban, el\u0151sz\u00f6r az \u00c9let \u00e9s Irodalom c\u00edm\u0171 hetilapban. Az 1980-as \u00e9vekben a M\u0171v\u00e9szet c\u00edm\u0171 foly\u00f3iratban jelentek meg \u00edr\u00e1sai jelent\u0151sebb k\u00fclf\u00f6ldi szatirikus k\u00e9pz\u0151m\u0171v\u00e9szekr\u0151l. 1981 \u00f3ta rendszeresen k\u00e9sz\u00edtett k\u00f6nyvillusztr\u00e1ci\u00f3kat, k\u00f6nyvbor\u00edt\u00f3kat, plak\u00e1tokat \u00e9s meserajzokat. 1982 \u00e9s 1990 k\u00f6z\u00f6tt az \u00daj T\u00fck\u00f6r, majd 1990-t\u0151l egy-egy \u00e9vig a Pesti H\u00edrlap \u00e9s az Eur\u00f3pa h\u00edrmagazin grafikusa \u00e9s illusztr\u00e1tora volt.<\/p>\n<p>1990-ben az amerikai First Lady: Barbara Bush f\u0151v\u00e9dn\u00f6ks\u00e9g\u00e9vel a Magyar Nemzeti Gal\u00e9ri\u00e1ban rendezett I. Nemzek\u00f6zi Karikat\u00fara Fesztiv\u00e1l ki\u00e1ll\u00edt\u00e1srendez\u0151je, majd 2003-ban a Vigad\u00f3 Gal\u00e9ria h\u00e1rom nagyterm\u00e9ben bemutatott R\u00e9ber L\u00e1szl\u00f3 \u00e9letm\u0171-ki\u00e1ll\u00edt\u00e1s rendez\u0151je, kur\u00e1tora volt.<\/p>\n<p>Az ut\u00f3bbi k\u00e9t \u00e9vtizedben a N\u00e9pszabads\u00e1g (H\u00c9TV\u00c9GE mell\u00e9klet), a Pester Lloyd (Budapest), a KORUNK (Kolozsv\u00e1r), az Alf\u00f6ld (Debrecen), a PREMIER, a Figyel\u0151, a COURRIER International (P\u00e1rizs), a M\u00falt-Kor k\u00f6z\u00f6lte rendszeresen a rajzait.<\/p>\n<p style=\"text-align: center;\"><img fetchpriority=\"high\" decoding=\"async\" class=\"alignnone size-full wp-image-24392\" src=\"https:\/\/dorogimedence.hu\/wp-content\/uploads\/2020\/04\/tettamanti-04.jpg\" alt=\"\" width=\"670\" height=\"424\" srcset=\"https:\/\/dorogimedence.hu\/wp-content\/uploads\/2020\/04\/tettamanti-04.jpg 670w, https:\/\/dorogimedence.hu\/wp-content\/uploads\/2020\/04\/tettamanti-04-300x190.jpg 300w\" sizes=\"(max-width: 670px) 100vw, 670px\" \/><br \/>\n<em>K\u00e9pek: tettamantibela.hu<\/em><\/p>\n<p>Rajzai az \u00fajs\u00e1grajzzal, a karikat\u00far\u00e1val laza kapcsolatokat tart\u00f3, de m\u00e9giscsak auton\u00f3m kompoz\u00edci\u00f3k voltak. J\u00f3l t\u00fckr\u00f6zte ezt az a n\u00e9h\u00e1ny m\u0171v\u00e9vel visszatekint\u0151, a magunk m\u00f6g\u00f6tt hagyott \u00e9vsz\u00e1zad nyolcvanas-kilencvenes \u00e9veit id\u00e9z\u0151, de t\u00f6bbs\u00e9g\u00e9ben \u00e9s alapvet\u0151en az \u00faj munk\u00e1kat felvonultat\u00f3 ki\u00e1ll\u00edt\u00e1s, amelyet a nagy m\u00falt\u00fa Dorogi Gal\u00e9ria 2006. decemberi \u00fajj\u00e1nyit\u00e1sa \u00e9s az egykor Dorogon feln\u0151tt m\u0171v\u00e9sz hatvanadik sz\u00fclet\u00e9snapja avatott \u00fcnnepiv\u00e9. A B\u00e1nhid\u00e1n sz\u00fcletett, a b\u00e1nyam\u00e9rn\u00f6k \u00e9desapa \u00e1llom\u00e1shelyeit sz\u00fcks\u00e9gszer\u0171en k\u00f6vet\u0151 Tettamanti B\u00e9la dorogi gyermekkora, dorogi \u00e9s esztergomi iskola\u00e9vei kapcs\u00e1n, a legrangosabb budapesti \u00e9s k\u00fclf\u00f6ldi ki\u00e1ll\u00edt\u00f3termek bemutat\u00f3i ut\u00e1n nem el\u0151sz\u00f6r t\u00e9rt vissza az egykori b\u00e1ny\u00e1sztelep\u00fcl\u00e9sre, hogy sz\u00e1mos hazai \u00e1s k\u00fclf\u00f6ldi m\u0171v\u00e9szeti elismer\u00e9ssel, d\u00edjjal honor\u00e1lt grafikai munk\u00e1ss\u00e1ga term\u00e9s\u00e9t bemutassa.<\/p>\n<p><em><strong>Elismer\u00e9sei, d\u00edjai:<\/strong><\/em><\/p>\n<ul>\n<li>Orsz\u00e1gos Karikat\u00farabienn\u00e1l\u00e9 d\u00edja (1983, 1985, 1987)<\/li>\n<li>A Sz\u00e9p Magyar K\u00f6nyv p\u00e1ly\u00e1zatain illusztr\u00e1tori d\u00edj (1985, 1986, 1989)<\/li>\n<li><a href=\"https:\/\/hu.wikipedia.org\/w\/index.php?title=Brenner_Gy%C3%B6rgy-d%C3%ADj&amp;action=edit&amp;redlink=1\">Brenner Gy\u00f6rgy-d\u00edj<\/a> (1997)<\/li>\n<li>Millenniumi szakmai d\u00edj (1999)<\/li>\n<li>World Press Cartoon 2. d\u00edj (2005)<\/li>\n<li>Rauscher Gy\u00f6rgy-d\u00edj (2006)<\/li>\n<\/ul>\n<p><em>Bor\u00edt\u00f3k\u00e9p: <span class=\"source source-white\">V\u00e1rai Mih\u00e1ly (sajto-foto.hu)<\/span><\/em><\/p>\n","protected":false},"excerpt":{"rendered":"<p>2020. \u00e1prilis 17-\u00e9n, hetvenh\u00e1rom \u00e9ves kor\u00e1ban elhunyt Tettamanti B\u00e9la Munk\u00e1csy Mih\u00e1ly-d\u00edjas \u00e9s Pulitzer-eml\u00e9kd\u00edjas grafikus, karikaturista. Tettamanti B\u00e9la 1946. december 10-\u00e9n, B\u00e1nhid\u00e1n sz\u00fcletett, viszont gyermek\u00e9veit Dorogon t\u00f6lt\u00f6tte, ahova szeretettel j\u00e1rt vissza mindig is. 2006-ban Dorog V\u00e1ros \u00d6nkorm\u00e1nyzata Rauscher Gy\u00f6rgy-d\u00edjban r\u00e9szes\u00edtette. 1975 \u00f3ta jelentek meg rajzai a sajt\u00f3ban, el\u0151sz\u00f6r az \u00c9let \u00e9s Irodalom c\u00edm\u0171 hetilapban. Az 1980-as<\/p>\n","protected":false},"author":1,"featured_media":24393,"comment_status":"closed","ping_status":"closed","sticky":false,"template":"","format":"standard","meta":{"ngg_post_thumbnail":0,"footnotes":""},"categories":[2,3],"tags":[15,1691,4843],"class_list":{"0":"post-24391","1":"post","2":"type-post","3":"status-publish","4":"format-standard","5":"has-post-thumbnail","7":"category-dorog","8":"category-hirek","9":"tag-dorog","10":"tag-gyaszhir","11":"tag-tettamanti-bela"},"yoast_head":"<!-- This site is optimized with the Yoast SEO plugin v27.4 - https:\/\/yoast.com\/product\/yoast-seo-wordpress\/ -->\n<title>Elhunyt Tettamanti B\u00e9la<\/title>\n<meta name=\"robots\" content=\"index, follow, max-snippet:-1, max-image-preview:large, max-video-preview:-1\" \/>\n<link rel=\"canonical\" href=\"https:\/\/dorogimedence.hu\/index.php\/2020\/04\/17\/elhunyt-tettamanti-bela\/\" class=\"yoast-seo-meta-tag\" \/>\n<meta property=\"og:locale\" content=\"hu_HU\" class=\"yoast-seo-meta-tag\" \/>\n<meta property=\"og:type\" content=\"article\" class=\"yoast-seo-meta-tag\" \/>\n<meta property=\"og:title\" content=\"Elhunyt Tettamanti B\u00e9la\" class=\"yoast-seo-meta-tag\" \/>\n<meta property=\"og:description\" content=\"2020. \u00e1prilis 17-\u00e9n, hetvenh\u00e1rom \u00e9ves kor\u00e1ban elhunyt Tettamanti B\u00e9la Munk\u00e1csy Mih\u00e1ly-d\u00edjas \u00e9s Pulitzer-eml\u00e9kd\u00edjas grafikus, karikaturista. Tettamanti B\u00e9la 1946. december 10-\u00e9n, B\u00e1nhid\u00e1n sz\u00fcletett, viszont gyermek\u00e9veit Dorogon t\u00f6lt\u00f6tte, ahova szeretettel j\u00e1rt vissza mindig is. 2006-ban Dorog V\u00e1ros \u00d6nkorm\u00e1nyzata Rauscher Gy\u00f6rgy-d\u00edjban r\u00e9szes\u00edtette. 1975 \u00f3ta jelentek meg rajzai a sajt\u00f3ban, el\u0151sz\u00f6r az \u00c9let \u00e9s Irodalom c\u00edm\u0171 hetilapban. Az 1980-as\" class=\"yoast-seo-meta-tag\" \/>\n<meta property=\"og:url\" content=\"https:\/\/dorogimedence.hu\/index.php\/2020\/04\/17\/elhunyt-tettamanti-bela\/\" class=\"yoast-seo-meta-tag\" \/>\n<meta property=\"og:site_name\" content=\"Dorogi-medence Region\u00e1lis H\u00edrport\u00e1l\" class=\"yoast-seo-meta-tag\" \/>\n<meta property=\"article:publisher\" content=\"https:\/\/www.facebook.com\/dorogimedence\/\" class=\"yoast-seo-meta-tag\" \/>\n<meta property=\"article:published_time\" content=\"2020-04-17T13:23:15+00:00\" class=\"yoast-seo-meta-tag\" \/>\n<meta property=\"article:modified_time\" content=\"2020-04-17T13:23:42+00:00\" class=\"yoast-seo-meta-tag\" \/>\n<meta property=\"og:image\" content=\"https:\/\/i0.wp.com\/dorogimedence.hu\/wp-content\/uploads\/2020\/04\/tettamanti-03.jpg?fit=670%2C365&ssl=1\" class=\"yoast-seo-meta-tag\" \/>\n\t<meta property=\"og:image:width\" content=\"670\" class=\"yoast-seo-meta-tag\" \/>\n\t<meta property=\"og:image:height\" content=\"365\" class=\"yoast-seo-meta-tag\" \/>\n\t<meta property=\"og:image:type\" content=\"image\/jpeg\" class=\"yoast-seo-meta-tag\" \/>\n<meta name=\"author\" content=\"dorogimedence.hu\" class=\"yoast-seo-meta-tag\" \/>\n<meta name=\"twitter:card\" content=\"summary_large_image\" class=\"yoast-seo-meta-tag\" \/>\n<meta name=\"twitter:label1\" content=\"Szerz\u0151:\" class=\"yoast-seo-meta-tag\" \/>\n\t<meta name=\"twitter:data1\" content=\"dorogimedence.hu\" class=\"yoast-seo-meta-tag\" \/>\n\t<meta name=\"twitter:label2\" content=\"Becs\u00fclt olvas\u00e1si id\u0151\" class=\"yoast-seo-meta-tag\" \/>\n\t<meta name=\"twitter:data2\" content=\"2 perc\" class=\"yoast-seo-meta-tag\" \/>\n<script type=\"application\/ld+json\" class=\"yoast-schema-graph\">{\"@context\":\"https:\\\/\\\/schema.org\",\"@graph\":[{\"@type\":\"Article\",\"@id\":\"https:\\\/\\\/dorogimedence.hu\\\/index.php\\\/2020\\\/04\\\/17\\\/elhunyt-tettamanti-bela\\\/#article\",\"isPartOf\":{\"@id\":\"https:\\\/\\\/dorogimedence.hu\\\/index.php\\\/2020\\\/04\\\/17\\\/elhunyt-tettamanti-bela\\\/\"},\"author\":{\"name\":\"dorogimedence.hu\",\"@id\":\"https:\\\/\\\/dorogimedence.hu\\\/#\\\/schema\\\/person\\\/ce6091eeb7e95ecdc87890d6aa8e0fd4\"},\"headline\":\"Elhunyt Tettamanti B\u00e9la\",\"datePublished\":\"2020-04-17T13:23:15+00:00\",\"dateModified\":\"2020-04-17T13:23:42+00:00\",\"mainEntityOfPage\":{\"@id\":\"https:\\\/\\\/dorogimedence.hu\\\/index.php\\\/2020\\\/04\\\/17\\\/elhunyt-tettamanti-bela\\\/\"},\"wordCount\":489,\"publisher\":{\"@id\":\"https:\\\/\\\/dorogimedence.hu\\\/#organization\"},\"image\":{\"@id\":\"https:\\\/\\\/dorogimedence.hu\\\/index.php\\\/2020\\\/04\\\/17\\\/elhunyt-tettamanti-bela\\\/#primaryimage\"},\"thumbnailUrl\":\"https:\\\/\\\/dorogimedence.hu\\\/wp-content\\\/uploads\\\/2020\\\/04\\\/tettamanti-03.jpg\",\"keywords\":[\"Dorog\",\"gy\u00e1szh\u00edr\",\"Tettamanti B\u00e9la\"],\"articleSection\":[\"Dorog\",\"H\u00edrek\"],\"inLanguage\":\"hu\"},{\"@type\":\"WebPage\",\"@id\":\"https:\\\/\\\/dorogimedence.hu\\\/index.php\\\/2020\\\/04\\\/17\\\/elhunyt-tettamanti-bela\\\/\",\"url\":\"https:\\\/\\\/dorogimedence.hu\\\/index.php\\\/2020\\\/04\\\/17\\\/elhunyt-tettamanti-bela\\\/\",\"name\":\"Elhunyt Tettamanti B\u00e9la\",\"isPartOf\":{\"@id\":\"https:\\\/\\\/dorogimedence.hu\\\/#website\"},\"primaryImageOfPage\":{\"@id\":\"https:\\\/\\\/dorogimedence.hu\\\/index.php\\\/2020\\\/04\\\/17\\\/elhunyt-tettamanti-bela\\\/#primaryimage\"},\"image\":{\"@id\":\"https:\\\/\\\/dorogimedence.hu\\\/index.php\\\/2020\\\/04\\\/17\\\/elhunyt-tettamanti-bela\\\/#primaryimage\"},\"thumbnailUrl\":\"https:\\\/\\\/dorogimedence.hu\\\/wp-content\\\/uploads\\\/2020\\\/04\\\/tettamanti-03.jpg\",\"datePublished\":\"2020-04-17T13:23:15+00:00\",\"dateModified\":\"2020-04-17T13:23:42+00:00\",\"breadcrumb\":{\"@id\":\"https:\\\/\\\/dorogimedence.hu\\\/index.php\\\/2020\\\/04\\\/17\\\/elhunyt-tettamanti-bela\\\/#breadcrumb\"},\"inLanguage\":\"hu\",\"potentialAction\":[{\"@type\":\"ReadAction\",\"target\":[\"https:\\\/\\\/dorogimedence.hu\\\/index.php\\\/2020\\\/04\\\/17\\\/elhunyt-tettamanti-bela\\\/\"]}]},{\"@type\":\"ImageObject\",\"inLanguage\":\"hu\",\"@id\":\"https:\\\/\\\/dorogimedence.hu\\\/index.php\\\/2020\\\/04\\\/17\\\/elhunyt-tettamanti-bela\\\/#primaryimage\",\"url\":\"https:\\\/\\\/dorogimedence.hu\\\/wp-content\\\/uploads\\\/2020\\\/04\\\/tettamanti-03.jpg\",\"contentUrl\":\"https:\\\/\\\/dorogimedence.hu\\\/wp-content\\\/uploads\\\/2020\\\/04\\\/tettamanti-03.jpg\",\"width\":670,\"height\":365},{\"@type\":\"BreadcrumbList\",\"@id\":\"https:\\\/\\\/dorogimedence.hu\\\/index.php\\\/2020\\\/04\\\/17\\\/elhunyt-tettamanti-bela\\\/#breadcrumb\",\"itemListElement\":[{\"@type\":\"ListItem\",\"position\":1,\"name\":\"Kezd\u0151lap\",\"item\":\"https:\\\/\\\/dorogimedence.hu\\\/\"},{\"@type\":\"ListItem\",\"position\":2,\"name\":\"Elhunyt Tettamanti B\u00e9la\"}]},{\"@type\":\"WebSite\",\"@id\":\"https:\\\/\\\/dorogimedence.hu\\\/#website\",\"url\":\"https:\\\/\\\/dorogimedence.hu\\\/\",\"name\":\"Dorogi-medence Region\u00e1lis H\u00edrport\u00e1l\",\"description\":\"Dorog, Keszt\u00f6lc, Le\u00e1nyv\u00e1r, Piliscs\u00e9v, Tokod, Tokodalt\u00e1r\u00f3, Csolnok, Esztergom-kertv\u00e1ros: h\u00edrek, programok\",\"publisher\":{\"@id\":\"https:\\\/\\\/dorogimedence.hu\\\/#organization\"},\"potentialAction\":[{\"@type\":\"SearchAction\",\"target\":{\"@type\":\"EntryPoint\",\"urlTemplate\":\"https:\\\/\\\/dorogimedence.hu\\\/?s={search_term_string}\"},\"query-input\":{\"@type\":\"PropertyValueSpecification\",\"valueRequired\":true,\"valueName\":\"search_term_string\"}}],\"inLanguage\":\"hu\"},{\"@type\":\"Organization\",\"@id\":\"https:\\\/\\\/dorogimedence.hu\\\/#organization\",\"name\":\"Dorogi-medence Region\u00e1lis H\u00edrport\u00e1l\",\"url\":\"https:\\\/\\\/dorogimedence.hu\\\/\",\"logo\":{\"@type\":\"ImageObject\",\"inLanguage\":\"hu\",\"@id\":\"https:\\\/\\\/dorogimedence.hu\\\/#\\\/schema\\\/logo\\\/image\\\/\",\"url\":\"https:\\\/\\\/dorogimedence.hu\\\/wp-content\\\/uploads\\\/2021\\\/04\\\/logo-feher-600.png\",\"contentUrl\":\"https:\\\/\\\/dorogimedence.hu\\\/wp-content\\\/uploads\\\/2021\\\/04\\\/logo-feher-600.png\",\"width\":600,\"height\":100,\"caption\":\"Dorogi-medence Region\u00e1lis H\u00edrport\u00e1l\"},\"image\":{\"@id\":\"https:\\\/\\\/dorogimedence.hu\\\/#\\\/schema\\\/logo\\\/image\\\/\"},\"sameAs\":[\"https:\\\/\\\/www.facebook.com\\\/dorogimedence\\\/\"]},{\"@type\":\"Person\",\"@id\":\"https:\\\/\\\/dorogimedence.hu\\\/#\\\/schema\\\/person\\\/ce6091eeb7e95ecdc87890d6aa8e0fd4\",\"name\":\"dorogimedence.hu\",\"image\":{\"@type\":\"ImageObject\",\"inLanguage\":\"hu\",\"@id\":\"\\\/\\\/www.gravatar.com\\\/avatar\\\/d8d45f8901aadff40a4af72c0b826f1d?s=96&#038;r=g&#038;d=mm\",\"url\":\"\\\/\\\/www.gravatar.com\\\/avatar\\\/d8d45f8901aadff40a4af72c0b826f1d?s=96&#038;r=g&#038;d=mm\",\"contentUrl\":\"\\\/\\\/www.gravatar.com\\\/avatar\\\/d8d45f8901aadff40a4af72c0b826f1d?s=96&#038;r=g&#038;d=mm\",\"caption\":\"dorogimedence.hu\"}}]}<\/script>\n<!-- \/ Yoast SEO plugin. -->","yoast_head_json":{"title":"Elhunyt Tettamanti B\u00e9la","robots":{"index":"index","follow":"follow","max-snippet":"max-snippet:-1","max-image-preview":"max-image-preview:large","max-video-preview":"max-video-preview:-1"},"canonical":"https:\/\/dorogimedence.hu\/index.php\/2020\/04\/17\/elhunyt-tettamanti-bela\/","og_locale":"hu_HU","og_type":"article","og_title":"Elhunyt Tettamanti B\u00e9la","og_description":"2020. \u00e1prilis 17-\u00e9n, hetvenh\u00e1rom \u00e9ves kor\u00e1ban elhunyt Tettamanti B\u00e9la Munk\u00e1csy Mih\u00e1ly-d\u00edjas \u00e9s Pulitzer-eml\u00e9kd\u00edjas grafikus, karikaturista. Tettamanti B\u00e9la 1946. december 10-\u00e9n, B\u00e1nhid\u00e1n sz\u00fcletett, viszont gyermek\u00e9veit Dorogon t\u00f6lt\u00f6tte, ahova szeretettel j\u00e1rt vissza mindig is. 2006-ban Dorog V\u00e1ros \u00d6nkorm\u00e1nyzata Rauscher Gy\u00f6rgy-d\u00edjban r\u00e9szes\u00edtette. 1975 \u00f3ta jelentek meg rajzai a sajt\u00f3ban, el\u0151sz\u00f6r az \u00c9let \u00e9s Irodalom c\u00edm\u0171 hetilapban. Az 1980-as","og_url":"https:\/\/dorogimedence.hu\/index.php\/2020\/04\/17\/elhunyt-tettamanti-bela\/","og_site_name":"Dorogi-medence Region\u00e1lis H\u00edrport\u00e1l","article_publisher":"https:\/\/www.facebook.com\/dorogimedence\/","article_published_time":"2020-04-17T13:23:15+00:00","article_modified_time":"2020-04-17T13:23:42+00:00","og_image":[{"width":670,"height":365,"url":"https:\/\/i0.wp.com\/dorogimedence.hu\/wp-content\/uploads\/2020\/04\/tettamanti-03.jpg?fit=670%2C365&ssl=1","type":"image\/jpeg"}],"author":"dorogimedence.hu","twitter_card":"summary_large_image","twitter_misc":{"Szerz\u0151:":"dorogimedence.hu","Becs\u00fclt olvas\u00e1si id\u0151":"2 perc"},"schema":{"@context":"https:\/\/schema.org","@graph":[{"@type":"Article","@id":"https:\/\/dorogimedence.hu\/index.php\/2020\/04\/17\/elhunyt-tettamanti-bela\/#article","isPartOf":{"@id":"https:\/\/dorogimedence.hu\/index.php\/2020\/04\/17\/elhunyt-tettamanti-bela\/"},"author":{"name":"dorogimedence.hu","@id":"https:\/\/dorogimedence.hu\/#\/schema\/person\/ce6091eeb7e95ecdc87890d6aa8e0fd4"},"headline":"Elhunyt Tettamanti B\u00e9la","datePublished":"2020-04-17T13:23:15+00:00","dateModified":"2020-04-17T13:23:42+00:00","mainEntityOfPage":{"@id":"https:\/\/dorogimedence.hu\/index.php\/2020\/04\/17\/elhunyt-tettamanti-bela\/"},"wordCount":489,"publisher":{"@id":"https:\/\/dorogimedence.hu\/#organization"},"image":{"@id":"https:\/\/dorogimedence.hu\/index.php\/2020\/04\/17\/elhunyt-tettamanti-bela\/#primaryimage"},"thumbnailUrl":"https:\/\/dorogimedence.hu\/wp-content\/uploads\/2020\/04\/tettamanti-03.jpg","keywords":["Dorog","gy\u00e1szh\u00edr","Tettamanti B\u00e9la"],"articleSection":["Dorog","H\u00edrek"],"inLanguage":"hu"},{"@type":"WebPage","@id":"https:\/\/dorogimedence.hu\/index.php\/2020\/04\/17\/elhunyt-tettamanti-bela\/","url":"https:\/\/dorogimedence.hu\/index.php\/2020\/04\/17\/elhunyt-tettamanti-bela\/","name":"Elhunyt Tettamanti B\u00e9la","isPartOf":{"@id":"https:\/\/dorogimedence.hu\/#website"},"primaryImageOfPage":{"@id":"https:\/\/dorogimedence.hu\/index.php\/2020\/04\/17\/elhunyt-tettamanti-bela\/#primaryimage"},"image":{"@id":"https:\/\/dorogimedence.hu\/index.php\/2020\/04\/17\/elhunyt-tettamanti-bela\/#primaryimage"},"thumbnailUrl":"https:\/\/dorogimedence.hu\/wp-content\/uploads\/2020\/04\/tettamanti-03.jpg","datePublished":"2020-04-17T13:23:15+00:00","dateModified":"2020-04-17T13:23:42+00:00","breadcrumb":{"@id":"https:\/\/dorogimedence.hu\/index.php\/2020\/04\/17\/elhunyt-tettamanti-bela\/#breadcrumb"},"inLanguage":"hu","potentialAction":[{"@type":"ReadAction","target":["https:\/\/dorogimedence.hu\/index.php\/2020\/04\/17\/elhunyt-tettamanti-bela\/"]}]},{"@type":"ImageObject","inLanguage":"hu","@id":"https:\/\/dorogimedence.hu\/index.php\/2020\/04\/17\/elhunyt-tettamanti-bela\/#primaryimage","url":"https:\/\/dorogimedence.hu\/wp-content\/uploads\/2020\/04\/tettamanti-03.jpg","contentUrl":"https:\/\/dorogimedence.hu\/wp-content\/uploads\/2020\/04\/tettamanti-03.jpg","width":670,"height":365},{"@type":"BreadcrumbList","@id":"https:\/\/dorogimedence.hu\/index.php\/2020\/04\/17\/elhunyt-tettamanti-bela\/#breadcrumb","itemListElement":[{"@type":"ListItem","position":1,"name":"Kezd\u0151lap","item":"https:\/\/dorogimedence.hu\/"},{"@type":"ListItem","position":2,"name":"Elhunyt Tettamanti B\u00e9la"}]},{"@type":"WebSite","@id":"https:\/\/dorogimedence.hu\/#website","url":"https:\/\/dorogimedence.hu\/","name":"Dorogi-medence Region\u00e1lis H\u00edrport\u00e1l","description":"Dorog, Keszt\u00f6lc, Le\u00e1nyv\u00e1r, Piliscs\u00e9v, Tokod, Tokodalt\u00e1r\u00f3, Csolnok, Esztergom-kertv\u00e1ros: h\u00edrek, programok","publisher":{"@id":"https:\/\/dorogimedence.hu\/#organization"},"potentialAction":[{"@type":"SearchAction","target":{"@type":"EntryPoint","urlTemplate":"https:\/\/dorogimedence.hu\/?s={search_term_string}"},"query-input":{"@type":"PropertyValueSpecification","valueRequired":true,"valueName":"search_term_string"}}],"inLanguage":"hu"},{"@type":"Organization","@id":"https:\/\/dorogimedence.hu\/#organization","name":"Dorogi-medence Region\u00e1lis H\u00edrport\u00e1l","url":"https:\/\/dorogimedence.hu\/","logo":{"@type":"ImageObject","inLanguage":"hu","@id":"https:\/\/dorogimedence.hu\/#\/schema\/logo\/image\/","url":"https:\/\/dorogimedence.hu\/wp-content\/uploads\/2021\/04\/logo-feher-600.png","contentUrl":"https:\/\/dorogimedence.hu\/wp-content\/uploads\/2021\/04\/logo-feher-600.png","width":600,"height":100,"caption":"Dorogi-medence Region\u00e1lis H\u00edrport\u00e1l"},"image":{"@id":"https:\/\/dorogimedence.hu\/#\/schema\/logo\/image\/"},"sameAs":["https:\/\/www.facebook.com\/dorogimedence\/"]},{"@type":"Person","@id":"https:\/\/dorogimedence.hu\/#\/schema\/person\/ce6091eeb7e95ecdc87890d6aa8e0fd4","name":"dorogimedence.hu","image":{"@type":"ImageObject","inLanguage":"hu","@id":"\/\/www.gravatar.com\/avatar\/d8d45f8901aadff40a4af72c0b826f1d?s=96&#038;r=g&#038;d=mm","url":"\/\/www.gravatar.com\/avatar\/d8d45f8901aadff40a4af72c0b826f1d?s=96&#038;r=g&#038;d=mm","contentUrl":"\/\/www.gravatar.com\/avatar\/d8d45f8901aadff40a4af72c0b826f1d?s=96&#038;r=g&#038;d=mm","caption":"dorogimedence.hu"}}]}},"_links":{"self":[{"href":"https:\/\/dorogimedence.hu\/index.php\/wp-json\/wp\/v2\/posts\/24391","targetHints":{"allow":["GET"]}}],"collection":[{"href":"https:\/\/dorogimedence.hu\/index.php\/wp-json\/wp\/v2\/posts"}],"about":[{"href":"https:\/\/dorogimedence.hu\/index.php\/wp-json\/wp\/v2\/types\/post"}],"author":[{"embeddable":true,"href":"https:\/\/dorogimedence.hu\/index.php\/wp-json\/wp\/v2\/users\/1"}],"replies":[{"embeddable":true,"href":"https:\/\/dorogimedence.hu\/index.php\/wp-json\/wp\/v2\/comments?post=24391"}],"version-history":[{"count":0,"href":"https:\/\/dorogimedence.hu\/index.php\/wp-json\/wp\/v2\/posts\/24391\/revisions"}],"wp:featuredmedia":[{"embeddable":true,"href":"https:\/\/dorogimedence.hu\/index.php\/wp-json\/wp\/v2\/media\/24393"}],"wp:attachment":[{"href":"https:\/\/dorogimedence.hu\/index.php\/wp-json\/wp\/v2\/media?parent=24391"}],"wp:term":[{"taxonomy":"category","embeddable":true,"href":"https:\/\/dorogimedence.hu\/index.php\/wp-json\/wp\/v2\/categories?post=24391"},{"taxonomy":"post_tag","embeddable":true,"href":"https:\/\/dorogimedence.hu\/index.php\/wp-json\/wp\/v2\/tags?post=24391"}],"curies":[{"name":"wp","href":"https:\/\/api.w.org\/{rel}","templated":true}]}}