{"id":24260,"date":"2020-04-11T13:19:56","date_gmt":"2020-04-11T11:19:56","guid":{"rendered":"http:\/\/dorogimedence.hu\/?p=24260"},"modified":"2020-04-11T13:19:56","modified_gmt":"2020-04-11T11:19:56","slug":"vi-ujszegedi-passiojatek-az-rtve-musoran","status":"publish","type":"post","link":"https:\/\/dorogimedence.hu\/index.php\/2020\/04\/11\/vi-ujszegedi-passiojatek-az-rtve-musoran\/","title":{"rendered":"VI. \u00dajszegedi Passi\u00f3j\u00e1t\u00e9k az RTVE m\u0171sor\u00e1n"},"content":{"rendered":"<div class=\"item_introtext\">\n<p><strong>A Liget T\u00e1rsulat is csatlakozott a <span style=\"text-decoration: underline; color: #0000ff;\"><a style=\"color: #0000ff; text-decoration: underline;\" href=\"https:\/\/www.facebook.com\/hashtag\/maradjotthon\">#maradjotthon<\/a><\/span> kamp\u00e1nyhoz. Az idei passi\u00f3j\u00e1t\u00e9kot &#8211; a szerepl\u0151k \u00e9s n\u00e9z\u0151k eg\u00e9szs\u00e9g\u00e9nek meg\u00f3v\u00e1sa \u00e9rdek\u00e9ben &#8211; felv\u00e9telr\u0151l sug\u00e1rozza a R\u00e9gi\u00f3 Tv Esztergom.<\/strong><\/p>\n<\/div>\n<div class=\"item_fulltext\">\n<p>A passi\u00f3j\u00e1t\u00e9kot h\u00fasv\u00e9tvas\u00e1rnap 12 \u00f3rakor, 20 \u00f3rakor, illetve h\u00fasv\u00e9th\u00e9tf\u0151n 20 \u00f3rakor tekinthetik meg az RTVE csatorn\u00e1n \u00e9s a <span style=\"text-decoration: underline; color: #0000ff;\"><a style=\"color: #0000ff; text-decoration: underline;\" href=\"http:\/\/rtve.hu\/live\" target=\"_blank\" rel=\"noopener noreferrer\">rtve.hu\/live<\/a><\/span> oldalon!<\/p>\n<p>A Liget T\u00e1rsulat a szegedi passi\u00f3hagyom\u00e1ny megteremt\u00e9se c\u00e9lj\u00e1b\u00f3l alakult meg 2015. tavasz\u00e1n, \u00e9s az\u00f3ta a r\u00e9gi\u00f3 legnagyobb kereszt\u00e9ny sz\u00ednt\u00e1rsulat\u00e1v\u00e1 n\u0151tte ki mag\u00e1t. A j\u00e1tsz\u00f3k javar\u00e9szt civil foglalkoz\u00e1s\u00fa feln\u0151ttek, valamint k\u00f6z\u00e9piskol\u00e1s di\u00e1kok \u00e9s egyetemi hallgat\u00f3k. A t\u00e1rsulat lelki vezet\u0151i dr. Thorday Attila \u00fajszegedi pl\u00e9b\u00e1nos \u00e9s Keser\u0171 Gy\u00f6rgy piarista szerzetes. A t\u00e1rsulat m\u0171v\u00e9szeti vezet\u0151je Kaj \u00c1d\u00e1m, az esztergomi Babits Mih\u00e1ly Sz\u00ednh\u00e1z igazgat\u00f3-rendez\u0151je. A Liget T\u00e1rsulat minden \u00e9vben m\u00e1s-m\u00e1s forma \u00e9s sz\u00f6vegk\u00f6nyv alapj\u00e1n jelen\u00edti meg a nagyheti esem\u00e9nysort.<\/p>\n<\/div>\n<p><img fetchpriority=\"high\" decoding=\"async\" class=\"alignnone size-full wp-image-24262\" src=\"https:\/\/dorogimedence.hu\/wp-content\/uploads\/2020\/04\/ujszegedi-01.jpg\" alt=\"\" width=\"670\" height=\"447\" srcset=\"https:\/\/dorogimedence.hu\/wp-content\/uploads\/2020\/04\/ujszegedi-01.jpg 670w, https:\/\/dorogimedence.hu\/wp-content\/uploads\/2020\/04\/ujszegedi-01-300x200.jpg 300w, https:\/\/dorogimedence.hu\/wp-content\/uploads\/2020\/04\/ujszegedi-01-589x392.jpg 589w, https:\/\/dorogimedence.hu\/wp-content\/uploads\/2020\/04\/ujszegedi-01-272x182.jpg 272w\" sizes=\"(max-width: 670px) 100vw, 670px\" \/><\/p>\n<p><strong>VI. \u00daJSZEGEDI PASSI\u00d3J\u00c1T\u00c9K:<\/strong><br \/>\nKeser\u0171 Gy\u00f6rgy SchP:<br \/>\nA FARIZEUS HAL\u00c1LA<\/p>\n<p>SAUL &#8211; farizeus, a fogad\u00f3 tulajdonosa: Olasz Csaba<br \/>\nIV\u00c1N &#8211; farizeus, Saul titk\u00e1ra: Moln\u00e1r Tam\u00e1s<br \/>\n\u00c1BRIS &#8211; farizeus: Szendr\u00e9nyi Borb\u00e1la<br \/>\nGEDE &#8211; farizeus: Ny\u00faz\u00f3 Eszter<br \/>\nJ\u00c1K\u00d3 &#8211; farizeus: Szunyog Detti<\/p>\n<p>VERONIKA &#8211; szolg\u00e1l\u00f3 Saul fogad\u00f3j\u00e1ban: No\u00e9 Veronika<br \/>\nLUKA &#8211; id\u0151s zar\u00e1ndok: Bohus G\u00e1bor<\/p>\n<p>M\u00c1RIA &#8211; J\u00e9zus anyja: T\u00f3th Judit<br \/>\nM\u00c1RIA MAGDOLNA &#8211; M\u00e1ria k\u00eds\u00e9r\u0151je: Szunyog Icu<br \/>\nKLEOF\u00c1S &#8211; Emmauszi tan\u00edtv\u00e1ny: Kiss Gergely<br \/>\nK\u00c9F\u00c1S &#8211; P\u00e9ter apostol: \u00d3tott Ferenc<br \/>\nCIRENEI SIMON &#8211; jeruzs\u00e1lemi f\u00f6ldm\u0171ves: Lantos Csaba<br \/>\nJ\u00c1NOS &#8211; J\u00e1nos apostol: Kohlmann M\u00e1rta<br \/>\nSIMEON &#8211; koldus: J\u00e1szfalusi P\u00e9ter<\/p>\n<p>MALKUS &#8211; a templom\u0151rs\u00e9g tagja, pr\u00f3baid\u0151s a fogad\u00f3ban: Sipos M\u00e1rk<br \/>\nJOAKIM &#8211; a templom\u0151rs\u00e9g tagja: Szunyog M\u00e1t\u00e9<br \/>\nBENJAMIN &#8211; a templom\u0151rs\u00e9g tagja: \u00d3tott Ferenc<\/p>\n<p>H\u00e1zigazda: dr. Thorday Attila atya<br \/>\nKoreogr\u00e1fia: Ny\u00faz\u00f3 Eszter<br \/>\nTechnika: P\u00e1r Zolt\u00e1n<br \/>\nA felv\u00e9tel rendez\u0151je: Balog Gell\u00e9rt<br \/>\nA rendez\u0151 munkat\u00e1rsa: B\u00fas M\u00e1rta<br \/>\n<strong> Rendezte: Kaj \u00c1d\u00e1m<\/strong><\/p>\n<p><img decoding=\"async\" class=\"alignnone size-full wp-image-24263\" src=\"https:\/\/dorogimedence.hu\/wp-content\/uploads\/2020\/04\/ujszegedi-02.jpg\" alt=\"\" width=\"670\" height=\"447\" srcset=\"https:\/\/dorogimedence.hu\/wp-content\/uploads\/2020\/04\/ujszegedi-02.jpg 670w, https:\/\/dorogimedence.hu\/wp-content\/uploads\/2020\/04\/ujszegedi-02-300x200.jpg 300w, https:\/\/dorogimedence.hu\/wp-content\/uploads\/2020\/04\/ujszegedi-02-589x392.jpg 589w, https:\/\/dorogimedence.hu\/wp-content\/uploads\/2020\/04\/ujszegedi-02-272x182.jpg 272w\" sizes=\"(max-width: 670px) 100vw, 670px\" \/><\/p>\n<p><strong>T\u00f6rt\u00e9net:<\/strong> egy jeruzs\u00e1lemi fogad\u00f3ban j\u00e1runk, amit egy Saul nev\u0171 rabbijel\u00f6lt vezet. A vend\u00e9gh\u00e1z addigi nyugalm\u00e1t \u00e9s rendj\u00e9t egy N\u00e1z\u00e1retb\u0151l \u00e9rkez\u0151 csoport zavarja meg. Keser\u0171 Gy\u00f6rgy atya dr\u00e1m\u00e1ja egyszerre passi\u00f3j\u00e1t\u00e9k, \u00e9s sokkal t\u00f6bb is ann\u00e1l: Szent P\u00e1l megt\u00e9r\u00e9s\u00e9t \u00edrja meg a nagyheti esem\u00e9nysorba \u00e1gyazva. J\u00e9zus Krisztus szenved\u00e9st\u00f6rt\u00e9nete hab\u00e1r a h\u00e1tt\u00e9rben, a sz\u00ednfalak m\u00f6g\u00f6tt zajlik, mi m\u00e9gis nyomon k\u00f6vethetj\u00fck az esem\u00e9nyeket M\u00e1ria \u00e9s a tan\u00edtv\u00e1nyok sz\u0171r\u0171j\u00e9n kereszt\u00fcl. N\u00e9z\u0151k\u00e9nt kicsit hasonlatosak vagyunk a vak Saulhoz. A fogad\u00f3 falai az elej\u00e9n m\u00e9g eltakarj\u00e1k az emberis\u00e9g legnagyobb dr\u00e1m\u00e1j\u00e1t, de jelenetr\u0151l jelenetre &#8211; t\u00fck\u00f6r \u00e1ltal hom\u00e1lyosan &#8211; fel-feldereng egy-egy epiz\u00f3d, mondat \u00e9s arc a j\u00f3l ismert t\u00f6rt\u00e9netb\u0151l, amit a felt\u00e1mad\u00e1s kerek\u00edt eg\u00e9ssz\u00e9. \u00c9s akkor \u00fajra l\u00e1tunk mi is, ak\u00e1rcsak az \u00faj ember: P\u00e1l.<\/p>\n<p>Az el\u0151ad\u00e1s k\u00fcl\u00f6n \u00e9rdekess\u00e9ge, hogy a fogad\u00f3 \u00e9s fogad\u00f3b\u00e9liek egy XIX. sz\u00e1zadbeli ortodox zsid\u00f3 k\u00f6z\u00f6ss\u00e9get id\u00e9znek meg, ezzel is szimboliz\u00e1lva a messi\u00e1sv\u00e1r\u00e1s aktus\u00e1t. Az el\u0151ad\u00e1st ennek jegy\u00e9ben klezmer dalok \u00e9s t\u00e1ncok sz\u00ednes\u00edtik. A fogad\u00f3 m\u00f6g\u00f6tti t\u00e9rben azonban h\u00e1rom parav\u00e1n fogja jelk\u00e9pezni a biblikus teret, ahol a fenti le\u00edr\u00e1sban is megfogalmazott &#8222;t\u00fck\u00f6r \u00e1ltal hom\u00e1lyosan&#8221; dramaturgia szerint f\u00f6l-f\u00f6lvillantjuk a korabeli Jeruzs\u00e1lemet \u00e9s a korh\u0171 k\u00e1lv\u00e1ri\u00e1t.<\/p>\n","protected":false},"excerpt":{"rendered":"<p>A Liget T\u00e1rsulat is csatlakozott a #maradjotthon kamp\u00e1nyhoz. Az idei passi\u00f3j\u00e1t\u00e9kot &#8211; a szerepl\u0151k \u00e9s n\u00e9z\u0151k eg\u00e9szs\u00e9g\u00e9nek meg\u00f3v\u00e1sa \u00e9rdek\u00e9ben &#8211; felv\u00e9telr\u0151l sug\u00e1rozza a R\u00e9gi\u00f3 Tv Esztergom. A passi\u00f3j\u00e1t\u00e9kot h\u00fasv\u00e9tvas\u00e1rnap 12 \u00f3rakor, 20 \u00f3rakor, illetve h\u00fasv\u00e9th\u00e9tf\u0151n 20 \u00f3rakor tekinthetik meg az RTVE csatorn\u00e1n \u00e9s a rtve.hu\/live oldalon! A Liget T\u00e1rsulat a szegedi passi\u00f3hagyom\u00e1ny megteremt\u00e9se c\u00e9lj\u00e1b\u00f3l alakult<\/p>\n","protected":false},"author":1,"featured_media":24261,"comment_status":"closed","ping_status":"closed","sticky":false,"template":"","format":"standard","meta":{"ngg_post_thumbnail":0,"footnotes":""},"categories":[3],"tags":[440,4826,3802,3632],"class_list":{"0":"post-24260","1":"post","2":"type-post","3":"status-publish","4":"format-standard","5":"has-post-thumbnail","7":"category-hirek","8":"tag-husvet","9":"tag-passiojatek","10":"tag-regio-tv-esztergom","11":"tag-rtve"},"yoast_head":"<!-- This site is optimized with the Yoast SEO plugin v27.4 - https:\/\/yoast.com\/product\/yoast-seo-wordpress\/ -->\n<title>VI. \u00dajszegedi Passi\u00f3j\u00e1t\u00e9k az RTVE m\u0171sor\u00e1n<\/title>\n<meta name=\"robots\" content=\"index, follow, max-snippet:-1, max-image-preview:large, max-video-preview:-1\" \/>\n<link rel=\"canonical\" href=\"https:\/\/dorogimedence.hu\/index.php\/2020\/04\/11\/vi-ujszegedi-passiojatek-az-rtve-musoran\/\" class=\"yoast-seo-meta-tag\" \/>\n<meta property=\"og:locale\" content=\"hu_HU\" class=\"yoast-seo-meta-tag\" \/>\n<meta property=\"og:type\" content=\"article\" class=\"yoast-seo-meta-tag\" \/>\n<meta property=\"og:title\" content=\"VI. \u00dajszegedi Passi\u00f3j\u00e1t\u00e9k az RTVE m\u0171sor\u00e1n\" class=\"yoast-seo-meta-tag\" \/>\n<meta property=\"og:description\" content=\"A Liget T\u00e1rsulat is csatlakozott a #maradjotthon kamp\u00e1nyhoz. Az idei passi\u00f3j\u00e1t\u00e9kot &#8211; a szerepl\u0151k \u00e9s n\u00e9z\u0151k eg\u00e9szs\u00e9g\u00e9nek meg\u00f3v\u00e1sa \u00e9rdek\u00e9ben &#8211; felv\u00e9telr\u0151l sug\u00e1rozza a R\u00e9gi\u00f3 Tv Esztergom. A passi\u00f3j\u00e1t\u00e9kot h\u00fasv\u00e9tvas\u00e1rnap 12 \u00f3rakor, 20 \u00f3rakor, illetve h\u00fasv\u00e9th\u00e9tf\u0151n 20 \u00f3rakor tekinthetik meg az RTVE csatorn\u00e1n \u00e9s a rtve.hu\/live oldalon! A Liget T\u00e1rsulat a szegedi passi\u00f3hagyom\u00e1ny megteremt\u00e9se c\u00e9lj\u00e1b\u00f3l alakult\" class=\"yoast-seo-meta-tag\" \/>\n<meta property=\"og:url\" content=\"https:\/\/dorogimedence.hu\/index.php\/2020\/04\/11\/vi-ujszegedi-passiojatek-az-rtve-musoran\/\" class=\"yoast-seo-meta-tag\" \/>\n<meta property=\"og:site_name\" content=\"Dorogi-medence Region\u00e1lis H\u00edrport\u00e1l\" class=\"yoast-seo-meta-tag\" \/>\n<meta property=\"article:publisher\" content=\"https:\/\/www.facebook.com\/dorogimedence\/\" class=\"yoast-seo-meta-tag\" \/>\n<meta property=\"article:published_time\" content=\"2020-04-11T11:19:56+00:00\" class=\"yoast-seo-meta-tag\" \/>\n<meta property=\"og:image\" content=\"https:\/\/i0.wp.com\/dorogimedence.hu\/wp-content\/uploads\/2020\/04\/ujszegedi-00.jpg?fit=670%2C365&ssl=1\" class=\"yoast-seo-meta-tag\" \/>\n\t<meta property=\"og:image:width\" content=\"670\" class=\"yoast-seo-meta-tag\" \/>\n\t<meta property=\"og:image:height\" content=\"365\" class=\"yoast-seo-meta-tag\" \/>\n\t<meta property=\"og:image:type\" content=\"image\/jpeg\" class=\"yoast-seo-meta-tag\" \/>\n<meta name=\"author\" content=\"dorogimedence.hu\" class=\"yoast-seo-meta-tag\" \/>\n<meta name=\"twitter:card\" content=\"summary_large_image\" class=\"yoast-seo-meta-tag\" \/>\n<meta name=\"twitter:label1\" content=\"Szerz\u0151:\" class=\"yoast-seo-meta-tag\" \/>\n\t<meta name=\"twitter:data1\" content=\"dorogimedence.hu\" class=\"yoast-seo-meta-tag\" \/>\n\t<meta name=\"twitter:label2\" content=\"Becs\u00fclt olvas\u00e1si id\u0151\" class=\"yoast-seo-meta-tag\" \/>\n\t<meta name=\"twitter:data2\" content=\"3 perc\" class=\"yoast-seo-meta-tag\" \/>\n<script type=\"application\/ld+json\" class=\"yoast-schema-graph\">{\"@context\":\"https:\\\/\\\/schema.org\",\"@graph\":[{\"@type\":\"Article\",\"@id\":\"https:\\\/\\\/dorogimedence.hu\\\/index.php\\\/2020\\\/04\\\/11\\\/vi-ujszegedi-passiojatek-az-rtve-musoran\\\/#article\",\"isPartOf\":{\"@id\":\"https:\\\/\\\/dorogimedence.hu\\\/index.php\\\/2020\\\/04\\\/11\\\/vi-ujszegedi-passiojatek-az-rtve-musoran\\\/\"},\"author\":{\"name\":\"dorogimedence.hu\",\"@id\":\"https:\\\/\\\/dorogimedence.hu\\\/#\\\/schema\\\/person\\\/ce6091eeb7e95ecdc87890d6aa8e0fd4\"},\"headline\":\"VI. \u00dajszegedi Passi\u00f3j\u00e1t\u00e9k az RTVE m\u0171sor\u00e1n\",\"datePublished\":\"2020-04-11T11:19:56+00:00\",\"mainEntityOfPage\":{\"@id\":\"https:\\\/\\\/dorogimedence.hu\\\/index.php\\\/2020\\\/04\\\/11\\\/vi-ujszegedi-passiojatek-az-rtve-musoran\\\/\"},\"wordCount\":708,\"publisher\":{\"@id\":\"https:\\\/\\\/dorogimedence.hu\\\/#organization\"},\"image\":{\"@id\":\"https:\\\/\\\/dorogimedence.hu\\\/index.php\\\/2020\\\/04\\\/11\\\/vi-ujszegedi-passiojatek-az-rtve-musoran\\\/#primaryimage\"},\"thumbnailUrl\":\"https:\\\/\\\/dorogimedence.hu\\\/wp-content\\\/uploads\\\/2020\\\/04\\\/ujszegedi-00.jpg\",\"keywords\":[\"h\u00fasv\u00e9t\",\"Passi\u00f3j\u00e1t\u00e9k\",\"R\u00e9gi\u00f3 TV Esztergom\",\"RTVE\"],\"articleSection\":[\"H\u00edrek\"],\"inLanguage\":\"hu\"},{\"@type\":\"WebPage\",\"@id\":\"https:\\\/\\\/dorogimedence.hu\\\/index.php\\\/2020\\\/04\\\/11\\\/vi-ujszegedi-passiojatek-az-rtve-musoran\\\/\",\"url\":\"https:\\\/\\\/dorogimedence.hu\\\/index.php\\\/2020\\\/04\\\/11\\\/vi-ujszegedi-passiojatek-az-rtve-musoran\\\/\",\"name\":\"VI. \u00dajszegedi Passi\u00f3j\u00e1t\u00e9k az RTVE m\u0171sor\u00e1n\",\"isPartOf\":{\"@id\":\"https:\\\/\\\/dorogimedence.hu\\\/#website\"},\"primaryImageOfPage\":{\"@id\":\"https:\\\/\\\/dorogimedence.hu\\\/index.php\\\/2020\\\/04\\\/11\\\/vi-ujszegedi-passiojatek-az-rtve-musoran\\\/#primaryimage\"},\"image\":{\"@id\":\"https:\\\/\\\/dorogimedence.hu\\\/index.php\\\/2020\\\/04\\\/11\\\/vi-ujszegedi-passiojatek-az-rtve-musoran\\\/#primaryimage\"},\"thumbnailUrl\":\"https:\\\/\\\/dorogimedence.hu\\\/wp-content\\\/uploads\\\/2020\\\/04\\\/ujszegedi-00.jpg\",\"datePublished\":\"2020-04-11T11:19:56+00:00\",\"breadcrumb\":{\"@id\":\"https:\\\/\\\/dorogimedence.hu\\\/index.php\\\/2020\\\/04\\\/11\\\/vi-ujszegedi-passiojatek-az-rtve-musoran\\\/#breadcrumb\"},\"inLanguage\":\"hu\",\"potentialAction\":[{\"@type\":\"ReadAction\",\"target\":[\"https:\\\/\\\/dorogimedence.hu\\\/index.php\\\/2020\\\/04\\\/11\\\/vi-ujszegedi-passiojatek-az-rtve-musoran\\\/\"]}]},{\"@type\":\"ImageObject\",\"inLanguage\":\"hu\",\"@id\":\"https:\\\/\\\/dorogimedence.hu\\\/index.php\\\/2020\\\/04\\\/11\\\/vi-ujszegedi-passiojatek-az-rtve-musoran\\\/#primaryimage\",\"url\":\"https:\\\/\\\/dorogimedence.hu\\\/wp-content\\\/uploads\\\/2020\\\/04\\\/ujszegedi-00.jpg\",\"contentUrl\":\"https:\\\/\\\/dorogimedence.hu\\\/wp-content\\\/uploads\\\/2020\\\/04\\\/ujszegedi-00.jpg\",\"width\":670,\"height\":365},{\"@type\":\"BreadcrumbList\",\"@id\":\"https:\\\/\\\/dorogimedence.hu\\\/index.php\\\/2020\\\/04\\\/11\\\/vi-ujszegedi-passiojatek-az-rtve-musoran\\\/#breadcrumb\",\"itemListElement\":[{\"@type\":\"ListItem\",\"position\":1,\"name\":\"Kezd\u0151lap\",\"item\":\"https:\\\/\\\/dorogimedence.hu\\\/\"},{\"@type\":\"ListItem\",\"position\":2,\"name\":\"VI. \u00dajszegedi Passi\u00f3j\u00e1t\u00e9k az RTVE m\u0171sor\u00e1n\"}]},{\"@type\":\"WebSite\",\"@id\":\"https:\\\/\\\/dorogimedence.hu\\\/#website\",\"url\":\"https:\\\/\\\/dorogimedence.hu\\\/\",\"name\":\"Dorogi-medence Region\u00e1lis H\u00edrport\u00e1l\",\"description\":\"Dorog, Keszt\u00f6lc, Le\u00e1nyv\u00e1r, Piliscs\u00e9v, Tokod, Tokodalt\u00e1r\u00f3, Csolnok, Esztergom-kertv\u00e1ros: h\u00edrek, programok\",\"publisher\":{\"@id\":\"https:\\\/\\\/dorogimedence.hu\\\/#organization\"},\"potentialAction\":[{\"@type\":\"SearchAction\",\"target\":{\"@type\":\"EntryPoint\",\"urlTemplate\":\"https:\\\/\\\/dorogimedence.hu\\\/?s={search_term_string}\"},\"query-input\":{\"@type\":\"PropertyValueSpecification\",\"valueRequired\":true,\"valueName\":\"search_term_string\"}}],\"inLanguage\":\"hu\"},{\"@type\":\"Organization\",\"@id\":\"https:\\\/\\\/dorogimedence.hu\\\/#organization\",\"name\":\"Dorogi-medence Region\u00e1lis H\u00edrport\u00e1l\",\"url\":\"https:\\\/\\\/dorogimedence.hu\\\/\",\"logo\":{\"@type\":\"ImageObject\",\"inLanguage\":\"hu\",\"@id\":\"https:\\\/\\\/dorogimedence.hu\\\/#\\\/schema\\\/logo\\\/image\\\/\",\"url\":\"https:\\\/\\\/dorogimedence.hu\\\/wp-content\\\/uploads\\\/2021\\\/04\\\/logo-feher-600.png\",\"contentUrl\":\"https:\\\/\\\/dorogimedence.hu\\\/wp-content\\\/uploads\\\/2021\\\/04\\\/logo-feher-600.png\",\"width\":600,\"height\":100,\"caption\":\"Dorogi-medence Region\u00e1lis H\u00edrport\u00e1l\"},\"image\":{\"@id\":\"https:\\\/\\\/dorogimedence.hu\\\/#\\\/schema\\\/logo\\\/image\\\/\"},\"sameAs\":[\"https:\\\/\\\/www.facebook.com\\\/dorogimedence\\\/\"]},{\"@type\":\"Person\",\"@id\":\"https:\\\/\\\/dorogimedence.hu\\\/#\\\/schema\\\/person\\\/ce6091eeb7e95ecdc87890d6aa8e0fd4\",\"name\":\"dorogimedence.hu\",\"image\":{\"@type\":\"ImageObject\",\"inLanguage\":\"hu\",\"@id\":\"\\\/\\\/www.gravatar.com\\\/avatar\\\/d8d45f8901aadff40a4af72c0b826f1d?s=96&#038;r=g&#038;d=mm\",\"url\":\"\\\/\\\/www.gravatar.com\\\/avatar\\\/d8d45f8901aadff40a4af72c0b826f1d?s=96&#038;r=g&#038;d=mm\",\"contentUrl\":\"\\\/\\\/www.gravatar.com\\\/avatar\\\/d8d45f8901aadff40a4af72c0b826f1d?s=96&#038;r=g&#038;d=mm\",\"caption\":\"dorogimedence.hu\"}}]}<\/script>\n<!-- \/ Yoast SEO plugin. -->","yoast_head_json":{"title":"VI. \u00dajszegedi Passi\u00f3j\u00e1t\u00e9k az RTVE m\u0171sor\u00e1n","robots":{"index":"index","follow":"follow","max-snippet":"max-snippet:-1","max-image-preview":"max-image-preview:large","max-video-preview":"max-video-preview:-1"},"canonical":"https:\/\/dorogimedence.hu\/index.php\/2020\/04\/11\/vi-ujszegedi-passiojatek-az-rtve-musoran\/","og_locale":"hu_HU","og_type":"article","og_title":"VI. \u00dajszegedi Passi\u00f3j\u00e1t\u00e9k az RTVE m\u0171sor\u00e1n","og_description":"A Liget T\u00e1rsulat is csatlakozott a #maradjotthon kamp\u00e1nyhoz. Az idei passi\u00f3j\u00e1t\u00e9kot &#8211; a szerepl\u0151k \u00e9s n\u00e9z\u0151k eg\u00e9szs\u00e9g\u00e9nek meg\u00f3v\u00e1sa \u00e9rdek\u00e9ben &#8211; felv\u00e9telr\u0151l sug\u00e1rozza a R\u00e9gi\u00f3 Tv Esztergom. A passi\u00f3j\u00e1t\u00e9kot h\u00fasv\u00e9tvas\u00e1rnap 12 \u00f3rakor, 20 \u00f3rakor, illetve h\u00fasv\u00e9th\u00e9tf\u0151n 20 \u00f3rakor tekinthetik meg az RTVE csatorn\u00e1n \u00e9s a rtve.hu\/live oldalon! A Liget T\u00e1rsulat a szegedi passi\u00f3hagyom\u00e1ny megteremt\u00e9se c\u00e9lj\u00e1b\u00f3l alakult","og_url":"https:\/\/dorogimedence.hu\/index.php\/2020\/04\/11\/vi-ujszegedi-passiojatek-az-rtve-musoran\/","og_site_name":"Dorogi-medence Region\u00e1lis H\u00edrport\u00e1l","article_publisher":"https:\/\/www.facebook.com\/dorogimedence\/","article_published_time":"2020-04-11T11:19:56+00:00","og_image":[{"width":670,"height":365,"url":"https:\/\/i0.wp.com\/dorogimedence.hu\/wp-content\/uploads\/2020\/04\/ujszegedi-00.jpg?fit=670%2C365&ssl=1","type":"image\/jpeg"}],"author":"dorogimedence.hu","twitter_card":"summary_large_image","twitter_misc":{"Szerz\u0151:":"dorogimedence.hu","Becs\u00fclt olvas\u00e1si id\u0151":"3 perc"},"schema":{"@context":"https:\/\/schema.org","@graph":[{"@type":"Article","@id":"https:\/\/dorogimedence.hu\/index.php\/2020\/04\/11\/vi-ujszegedi-passiojatek-az-rtve-musoran\/#article","isPartOf":{"@id":"https:\/\/dorogimedence.hu\/index.php\/2020\/04\/11\/vi-ujszegedi-passiojatek-az-rtve-musoran\/"},"author":{"name":"dorogimedence.hu","@id":"https:\/\/dorogimedence.hu\/#\/schema\/person\/ce6091eeb7e95ecdc87890d6aa8e0fd4"},"headline":"VI. \u00dajszegedi Passi\u00f3j\u00e1t\u00e9k az RTVE m\u0171sor\u00e1n","datePublished":"2020-04-11T11:19:56+00:00","mainEntityOfPage":{"@id":"https:\/\/dorogimedence.hu\/index.php\/2020\/04\/11\/vi-ujszegedi-passiojatek-az-rtve-musoran\/"},"wordCount":708,"publisher":{"@id":"https:\/\/dorogimedence.hu\/#organization"},"image":{"@id":"https:\/\/dorogimedence.hu\/index.php\/2020\/04\/11\/vi-ujszegedi-passiojatek-az-rtve-musoran\/#primaryimage"},"thumbnailUrl":"https:\/\/dorogimedence.hu\/wp-content\/uploads\/2020\/04\/ujszegedi-00.jpg","keywords":["h\u00fasv\u00e9t","Passi\u00f3j\u00e1t\u00e9k","R\u00e9gi\u00f3 TV Esztergom","RTVE"],"articleSection":["H\u00edrek"],"inLanguage":"hu"},{"@type":"WebPage","@id":"https:\/\/dorogimedence.hu\/index.php\/2020\/04\/11\/vi-ujszegedi-passiojatek-az-rtve-musoran\/","url":"https:\/\/dorogimedence.hu\/index.php\/2020\/04\/11\/vi-ujszegedi-passiojatek-az-rtve-musoran\/","name":"VI. \u00dajszegedi Passi\u00f3j\u00e1t\u00e9k az RTVE m\u0171sor\u00e1n","isPartOf":{"@id":"https:\/\/dorogimedence.hu\/#website"},"primaryImageOfPage":{"@id":"https:\/\/dorogimedence.hu\/index.php\/2020\/04\/11\/vi-ujszegedi-passiojatek-az-rtve-musoran\/#primaryimage"},"image":{"@id":"https:\/\/dorogimedence.hu\/index.php\/2020\/04\/11\/vi-ujszegedi-passiojatek-az-rtve-musoran\/#primaryimage"},"thumbnailUrl":"https:\/\/dorogimedence.hu\/wp-content\/uploads\/2020\/04\/ujszegedi-00.jpg","datePublished":"2020-04-11T11:19:56+00:00","breadcrumb":{"@id":"https:\/\/dorogimedence.hu\/index.php\/2020\/04\/11\/vi-ujszegedi-passiojatek-az-rtve-musoran\/#breadcrumb"},"inLanguage":"hu","potentialAction":[{"@type":"ReadAction","target":["https:\/\/dorogimedence.hu\/index.php\/2020\/04\/11\/vi-ujszegedi-passiojatek-az-rtve-musoran\/"]}]},{"@type":"ImageObject","inLanguage":"hu","@id":"https:\/\/dorogimedence.hu\/index.php\/2020\/04\/11\/vi-ujszegedi-passiojatek-az-rtve-musoran\/#primaryimage","url":"https:\/\/dorogimedence.hu\/wp-content\/uploads\/2020\/04\/ujszegedi-00.jpg","contentUrl":"https:\/\/dorogimedence.hu\/wp-content\/uploads\/2020\/04\/ujszegedi-00.jpg","width":670,"height":365},{"@type":"BreadcrumbList","@id":"https:\/\/dorogimedence.hu\/index.php\/2020\/04\/11\/vi-ujszegedi-passiojatek-az-rtve-musoran\/#breadcrumb","itemListElement":[{"@type":"ListItem","position":1,"name":"Kezd\u0151lap","item":"https:\/\/dorogimedence.hu\/"},{"@type":"ListItem","position":2,"name":"VI. \u00dajszegedi Passi\u00f3j\u00e1t\u00e9k az RTVE m\u0171sor\u00e1n"}]},{"@type":"WebSite","@id":"https:\/\/dorogimedence.hu\/#website","url":"https:\/\/dorogimedence.hu\/","name":"Dorogi-medence Region\u00e1lis H\u00edrport\u00e1l","description":"Dorog, Keszt\u00f6lc, Le\u00e1nyv\u00e1r, Piliscs\u00e9v, Tokod, Tokodalt\u00e1r\u00f3, Csolnok, Esztergom-kertv\u00e1ros: h\u00edrek, programok","publisher":{"@id":"https:\/\/dorogimedence.hu\/#organization"},"potentialAction":[{"@type":"SearchAction","target":{"@type":"EntryPoint","urlTemplate":"https:\/\/dorogimedence.hu\/?s={search_term_string}"},"query-input":{"@type":"PropertyValueSpecification","valueRequired":true,"valueName":"search_term_string"}}],"inLanguage":"hu"},{"@type":"Organization","@id":"https:\/\/dorogimedence.hu\/#organization","name":"Dorogi-medence Region\u00e1lis H\u00edrport\u00e1l","url":"https:\/\/dorogimedence.hu\/","logo":{"@type":"ImageObject","inLanguage":"hu","@id":"https:\/\/dorogimedence.hu\/#\/schema\/logo\/image\/","url":"https:\/\/dorogimedence.hu\/wp-content\/uploads\/2021\/04\/logo-feher-600.png","contentUrl":"https:\/\/dorogimedence.hu\/wp-content\/uploads\/2021\/04\/logo-feher-600.png","width":600,"height":100,"caption":"Dorogi-medence Region\u00e1lis H\u00edrport\u00e1l"},"image":{"@id":"https:\/\/dorogimedence.hu\/#\/schema\/logo\/image\/"},"sameAs":["https:\/\/www.facebook.com\/dorogimedence\/"]},{"@type":"Person","@id":"https:\/\/dorogimedence.hu\/#\/schema\/person\/ce6091eeb7e95ecdc87890d6aa8e0fd4","name":"dorogimedence.hu","image":{"@type":"ImageObject","inLanguage":"hu","@id":"\/\/www.gravatar.com\/avatar\/d8d45f8901aadff40a4af72c0b826f1d?s=96&#038;r=g&#038;d=mm","url":"\/\/www.gravatar.com\/avatar\/d8d45f8901aadff40a4af72c0b826f1d?s=96&#038;r=g&#038;d=mm","contentUrl":"\/\/www.gravatar.com\/avatar\/d8d45f8901aadff40a4af72c0b826f1d?s=96&#038;r=g&#038;d=mm","caption":"dorogimedence.hu"}}]}},"_links":{"self":[{"href":"https:\/\/dorogimedence.hu\/index.php\/wp-json\/wp\/v2\/posts\/24260","targetHints":{"allow":["GET"]}}],"collection":[{"href":"https:\/\/dorogimedence.hu\/index.php\/wp-json\/wp\/v2\/posts"}],"about":[{"href":"https:\/\/dorogimedence.hu\/index.php\/wp-json\/wp\/v2\/types\/post"}],"author":[{"embeddable":true,"href":"https:\/\/dorogimedence.hu\/index.php\/wp-json\/wp\/v2\/users\/1"}],"replies":[{"embeddable":true,"href":"https:\/\/dorogimedence.hu\/index.php\/wp-json\/wp\/v2\/comments?post=24260"}],"version-history":[{"count":0,"href":"https:\/\/dorogimedence.hu\/index.php\/wp-json\/wp\/v2\/posts\/24260\/revisions"}],"wp:featuredmedia":[{"embeddable":true,"href":"https:\/\/dorogimedence.hu\/index.php\/wp-json\/wp\/v2\/media\/24261"}],"wp:attachment":[{"href":"https:\/\/dorogimedence.hu\/index.php\/wp-json\/wp\/v2\/media?parent=24260"}],"wp:term":[{"taxonomy":"category","embeddable":true,"href":"https:\/\/dorogimedence.hu\/index.php\/wp-json\/wp\/v2\/categories?post=24260"},{"taxonomy":"post_tag","embeddable":true,"href":"https:\/\/dorogimedence.hu\/index.php\/wp-json\/wp\/v2\/tags?post=24260"}],"curies":[{"name":"wp","href":"https:\/\/api.w.org\/{rel}","templated":true}]}}