{"id":24257,"date":"2020-04-11T12:44:32","date_gmt":"2020-04-11T10:44:32","guid":{"rendered":"http:\/\/dorogimedence.hu\/?p=24257"},"modified":"2020-04-11T12:45:10","modified_gmt":"2020-04-11T10:45:10","slug":"folytatja-a-munkat-a-vizmu-dorogon-a-kesztolci-uton","status":"publish","type":"post","link":"https:\/\/dorogimedence.hu\/index.php\/2020\/04\/11\/folytatja-a-munkat-a-vizmu-dorogon-a-kesztolci-uton\/","title":{"rendered":"Folytatja a munk\u00e1t a v\u00edzm\u0171 Dorogon, a Keszt\u00f6lci \u00faton"},"content":{"rendered":"<p><strong>\u00c1prilis 15-t\u0151l iv\u00f3v\u00edzh\u00e1l\u00f3zat rekonstrukci\u00f3s munk\u00e1latokat v\u00e9gez az \u00c9szakdun\u00e1nt\u00fali V\u00edzm\u0171 Zrt. (\u00c9DV) Dorogon, a Keszt\u00f6lci \u00faton <\/strong><em>&#8211; tudta meg a <a href=\"http:\/\/hidlap.hu\/2020\/04\/11\/folytatjak-a-munkat-a-vizmu-szakemberei-a-dorogi-kesztolci-uton\/\" target=\"_blank\" rel=\"noopener noreferrer\"><span style=\"text-decoration: underline; color: #0000ff;\">hidlap.hu<\/span><\/a><\/em><strong><br \/>\n<\/strong><\/p>\n<p>A kivitelez\u00e9s alatt forgalomkorl\u00e1toz\u00e1sra, illetve terel\u00e9sre is sz\u00e1m\u00edtani kell, tov\u00e1bb\u00e1 az \u00e9rintett h\u00e1ztart\u00e1sokban \u00e1tmeneti v\u00edzhi\u00e1ny \u00e9s v\u00edzzavarosod\u00e1s is el\u0151fordulhat.<\/p>\n<p>Egy olvas\u00f3 juttatta el a t\u00e1j\u00e9koztat\u00f3t a H\u00eddlapnak, amelyb\u0151l kider\u00fcl, hogy a forgalomkorl\u00e1toz\u00e1ssal \u00e9rintett szakaszon nem biztos, hogy a tulajdonosok be tudnak majd hajtani g\u00e9pj\u00e1rm\u0171veikkel az ingatlanjaikra. Egy\u00e9bk\u00e9nt arr\u00f3l nincsenek inform\u00e1ci\u00f3k, hogy pontosan milyen munk\u00e1t v\u00e9geznek majd a szakemberek. Lehet, hogy v\u00e9g\u00e9rv\u00e9nyesen betemetik \u00e9s helyre\u00e1ll\u00edtj\u00e1k az \u00fatburkolatot ott, ahol tavaly augusztus 30-a \u00f3ta egy hatalmas lyuk tal\u00e1lhat\u00f3. Igaz, az elker\u00edtett ter\u00fcletet az\u00f3ta felt\u00f6lt\u00f6tt\u00e9k murv\u00e1val.<\/p>\n<p>\u201eK\u00e9rj\u00fck t\u00fcrelm\u00fcket \u00e9s egy\u00fcttm\u0171k\u00f6d\u00e9s\u00fcket a munk\u00e1latok gyors elv\u00e9gz\u00e9se \u00e9rdek\u00e9ben.\u201d \u2013 olvashat\u00f3 a t\u00e1j\u00e9koztat\u00f3ban.<\/p>\n<p><em>Fot\u00f3, forr\u00e1s: hidlap.hu<\/em><\/p>\n","protected":false},"excerpt":{"rendered":"<p>\u00c1prilis 15-t\u0151l iv\u00f3v\u00edzh\u00e1l\u00f3zat rekonstrukci\u00f3s munk\u00e1latokat v\u00e9gez az \u00c9szakdun\u00e1nt\u00fali V\u00edzm\u0171 Zrt. (\u00c9DV) Dorogon, a Keszt\u00f6lci \u00faton &#8211; tudta meg a hidlap.hu A kivitelez\u00e9s alatt forgalomkorl\u00e1toz\u00e1sra, illetve terel\u00e9sre is sz\u00e1m\u00edtani kell, tov\u00e1bb\u00e1 az \u00e9rintett h\u00e1ztart\u00e1sokban \u00e1tmeneti v\u00edzhi\u00e1ny \u00e9s v\u00edzzavarosod\u00e1s is el\u0151fordulhat. Egy olvas\u00f3 juttatta el a t\u00e1j\u00e9koztat\u00f3t a H\u00eddlapnak, amelyb\u0151l kider\u00fcl, hogy a forgalomkorl\u00e1toz\u00e1ssal \u00e9rintett szakaszon nem<\/p>\n","protected":false},"author":1,"featured_media":24258,"comment_status":"closed","ping_status":"closed","sticky":false,"template":"","format":"standard","meta":{"ngg_post_thumbnail":0,"footnotes":""},"categories":[2,3],"tags":[15,862,3432,3420,270],"class_list":{"0":"post-24257","1":"post","2":"type-post","3":"status-publish","4":"format-standard","5":"has-post-thumbnail","7":"category-dorog","8":"category-hirek","9":"tag-dorog","10":"tag-edv","11":"tag-kesztolci-ut","12":"tag-munkalatok","13":"tag-vizmu"},"yoast_head":"<!-- This site is optimized with the Yoast SEO plugin v27.4 - https:\/\/yoast.com\/product\/yoast-seo-wordpress\/ -->\n<title>Folytatja a munk\u00e1t a v\u00edzm\u0171 Dorogon, a Keszt\u00f6lci \u00faton<\/title>\n<meta name=\"robots\" content=\"index, follow, max-snippet:-1, max-image-preview:large, max-video-preview:-1\" \/>\n<link rel=\"canonical\" href=\"https:\/\/dorogimedence.hu\/index.php\/2020\/04\/11\/folytatja-a-munkat-a-vizmu-dorogon-a-kesztolci-uton\/\" class=\"yoast-seo-meta-tag\" \/>\n<meta property=\"og:locale\" content=\"hu_HU\" class=\"yoast-seo-meta-tag\" \/>\n<meta property=\"og:type\" content=\"article\" class=\"yoast-seo-meta-tag\" \/>\n<meta property=\"og:title\" content=\"Folytatja a munk\u00e1t a v\u00edzm\u0171 Dorogon, a Keszt\u00f6lci \u00faton\" class=\"yoast-seo-meta-tag\" \/>\n<meta property=\"og:description\" content=\"\u00c1prilis 15-t\u0151l iv\u00f3v\u00edzh\u00e1l\u00f3zat rekonstrukci\u00f3s munk\u00e1latokat v\u00e9gez az \u00c9szakdun\u00e1nt\u00fali V\u00edzm\u0171 Zrt. (\u00c9DV) Dorogon, a Keszt\u00f6lci \u00faton &#8211; tudta meg a hidlap.hu A kivitelez\u00e9s alatt forgalomkorl\u00e1toz\u00e1sra, illetve terel\u00e9sre is sz\u00e1m\u00edtani kell, tov\u00e1bb\u00e1 az \u00e9rintett h\u00e1ztart\u00e1sokban \u00e1tmeneti v\u00edzhi\u00e1ny \u00e9s v\u00edzzavarosod\u00e1s is el\u0151fordulhat. Egy olvas\u00f3 juttatta el a t\u00e1j\u00e9koztat\u00f3t a H\u00eddlapnak, amelyb\u0151l kider\u00fcl, hogy a forgalomkorl\u00e1toz\u00e1ssal \u00e9rintett szakaszon nem\" class=\"yoast-seo-meta-tag\" \/>\n<meta property=\"og:url\" content=\"https:\/\/dorogimedence.hu\/index.php\/2020\/04\/11\/folytatja-a-munkat-a-vizmu-dorogon-a-kesztolci-uton\/\" class=\"yoast-seo-meta-tag\" \/>\n<meta property=\"og:site_name\" content=\"Dorogi-medence Region\u00e1lis H\u00edrport\u00e1l\" class=\"yoast-seo-meta-tag\" \/>\n<meta property=\"article:publisher\" content=\"https:\/\/www.facebook.com\/dorogimedence\/\" class=\"yoast-seo-meta-tag\" \/>\n<meta property=\"article:published_time\" content=\"2020-04-11T10:44:32+00:00\" class=\"yoast-seo-meta-tag\" \/>\n<meta property=\"article:modified_time\" content=\"2020-04-11T10:45:10+00:00\" class=\"yoast-seo-meta-tag\" \/>\n<meta property=\"og:image\" content=\"https:\/\/i0.wp.com\/dorogimedence.hu\/wp-content\/uploads\/2020\/04\/kesztolciut.jpg?fit=670%2C365&ssl=1\" class=\"yoast-seo-meta-tag\" \/>\n\t<meta property=\"og:image:width\" content=\"670\" class=\"yoast-seo-meta-tag\" \/>\n\t<meta property=\"og:image:height\" content=\"365\" class=\"yoast-seo-meta-tag\" \/>\n\t<meta property=\"og:image:type\" content=\"image\/jpeg\" class=\"yoast-seo-meta-tag\" \/>\n<meta name=\"author\" content=\"dorogimedence.hu\" class=\"yoast-seo-meta-tag\" \/>\n<meta name=\"twitter:card\" content=\"summary_large_image\" class=\"yoast-seo-meta-tag\" \/>\n<meta name=\"twitter:label1\" content=\"Szerz\u0151:\" class=\"yoast-seo-meta-tag\" \/>\n\t<meta name=\"twitter:data1\" content=\"dorogimedence.hu\" class=\"yoast-seo-meta-tag\" \/>\n\t<meta name=\"twitter:label2\" content=\"Becs\u00fclt olvas\u00e1si id\u0151\" class=\"yoast-seo-meta-tag\" \/>\n\t<meta name=\"twitter:data2\" content=\"1 perc\" class=\"yoast-seo-meta-tag\" \/>\n<script type=\"application\/ld+json\" class=\"yoast-schema-graph\">{\"@context\":\"https:\\\/\\\/schema.org\",\"@graph\":[{\"@type\":\"Article\",\"@id\":\"https:\\\/\\\/dorogimedence.hu\\\/index.php\\\/2020\\\/04\\\/11\\\/folytatja-a-munkat-a-vizmu-dorogon-a-kesztolci-uton\\\/#article\",\"isPartOf\":{\"@id\":\"https:\\\/\\\/dorogimedence.hu\\\/index.php\\\/2020\\\/04\\\/11\\\/folytatja-a-munkat-a-vizmu-dorogon-a-kesztolci-uton\\\/\"},\"author\":{\"name\":\"dorogimedence.hu\",\"@id\":\"https:\\\/\\\/dorogimedence.hu\\\/#\\\/schema\\\/person\\\/ce6091eeb7e95ecdc87890d6aa8e0fd4\"},\"headline\":\"Folytatja a munk\u00e1t a v\u00edzm\u0171 Dorogon, a Keszt\u00f6lci \u00faton\",\"datePublished\":\"2020-04-11T10:44:32+00:00\",\"dateModified\":\"2020-04-11T10:45:10+00:00\",\"mainEntityOfPage\":{\"@id\":\"https:\\\/\\\/dorogimedence.hu\\\/index.php\\\/2020\\\/04\\\/11\\\/folytatja-a-munkat-a-vizmu-dorogon-a-kesztolci-uton\\\/\"},\"wordCount\":207,\"publisher\":{\"@id\":\"https:\\\/\\\/dorogimedence.hu\\\/#organization\"},\"image\":{\"@id\":\"https:\\\/\\\/dorogimedence.hu\\\/index.php\\\/2020\\\/04\\\/11\\\/folytatja-a-munkat-a-vizmu-dorogon-a-kesztolci-uton\\\/#primaryimage\"},\"thumbnailUrl\":\"https:\\\/\\\/dorogimedence.hu\\\/wp-content\\\/uploads\\\/2020\\\/04\\\/kesztolciut.jpg\",\"keywords\":[\"Dorog\",\"\u00e9dv\",\"Keszt\u00f6lci \u00fat\",\"munk\u00e1latok\",\"v\u00edzm\u0171\"],\"articleSection\":[\"Dorog\",\"H\u00edrek\"],\"inLanguage\":\"hu\"},{\"@type\":\"WebPage\",\"@id\":\"https:\\\/\\\/dorogimedence.hu\\\/index.php\\\/2020\\\/04\\\/11\\\/folytatja-a-munkat-a-vizmu-dorogon-a-kesztolci-uton\\\/\",\"url\":\"https:\\\/\\\/dorogimedence.hu\\\/index.php\\\/2020\\\/04\\\/11\\\/folytatja-a-munkat-a-vizmu-dorogon-a-kesztolci-uton\\\/\",\"name\":\"Folytatja a munk\u00e1t a v\u00edzm\u0171 Dorogon, a Keszt\u00f6lci \u00faton\",\"isPartOf\":{\"@id\":\"https:\\\/\\\/dorogimedence.hu\\\/#website\"},\"primaryImageOfPage\":{\"@id\":\"https:\\\/\\\/dorogimedence.hu\\\/index.php\\\/2020\\\/04\\\/11\\\/folytatja-a-munkat-a-vizmu-dorogon-a-kesztolci-uton\\\/#primaryimage\"},\"image\":{\"@id\":\"https:\\\/\\\/dorogimedence.hu\\\/index.php\\\/2020\\\/04\\\/11\\\/folytatja-a-munkat-a-vizmu-dorogon-a-kesztolci-uton\\\/#primaryimage\"},\"thumbnailUrl\":\"https:\\\/\\\/dorogimedence.hu\\\/wp-content\\\/uploads\\\/2020\\\/04\\\/kesztolciut.jpg\",\"datePublished\":\"2020-04-11T10:44:32+00:00\",\"dateModified\":\"2020-04-11T10:45:10+00:00\",\"breadcrumb\":{\"@id\":\"https:\\\/\\\/dorogimedence.hu\\\/index.php\\\/2020\\\/04\\\/11\\\/folytatja-a-munkat-a-vizmu-dorogon-a-kesztolci-uton\\\/#breadcrumb\"},\"inLanguage\":\"hu\",\"potentialAction\":[{\"@type\":\"ReadAction\",\"target\":[\"https:\\\/\\\/dorogimedence.hu\\\/index.php\\\/2020\\\/04\\\/11\\\/folytatja-a-munkat-a-vizmu-dorogon-a-kesztolci-uton\\\/\"]}]},{\"@type\":\"ImageObject\",\"inLanguage\":\"hu\",\"@id\":\"https:\\\/\\\/dorogimedence.hu\\\/index.php\\\/2020\\\/04\\\/11\\\/folytatja-a-munkat-a-vizmu-dorogon-a-kesztolci-uton\\\/#primaryimage\",\"url\":\"https:\\\/\\\/dorogimedence.hu\\\/wp-content\\\/uploads\\\/2020\\\/04\\\/kesztolciut.jpg\",\"contentUrl\":\"https:\\\/\\\/dorogimedence.hu\\\/wp-content\\\/uploads\\\/2020\\\/04\\\/kesztolciut.jpg\",\"width\":670,\"height\":365},{\"@type\":\"BreadcrumbList\",\"@id\":\"https:\\\/\\\/dorogimedence.hu\\\/index.php\\\/2020\\\/04\\\/11\\\/folytatja-a-munkat-a-vizmu-dorogon-a-kesztolci-uton\\\/#breadcrumb\",\"itemListElement\":[{\"@type\":\"ListItem\",\"position\":1,\"name\":\"Kezd\u0151lap\",\"item\":\"https:\\\/\\\/dorogimedence.hu\\\/\"},{\"@type\":\"ListItem\",\"position\":2,\"name\":\"Folytatja a munk\u00e1t a v\u00edzm\u0171 Dorogon, a Keszt\u00f6lci \u00faton\"}]},{\"@type\":\"WebSite\",\"@id\":\"https:\\\/\\\/dorogimedence.hu\\\/#website\",\"url\":\"https:\\\/\\\/dorogimedence.hu\\\/\",\"name\":\"Dorogi-medence Region\u00e1lis H\u00edrport\u00e1l\",\"description\":\"Dorog, Keszt\u00f6lc, Le\u00e1nyv\u00e1r, Piliscs\u00e9v, Tokod, Tokodalt\u00e1r\u00f3, Csolnok, Esztergom-kertv\u00e1ros: h\u00edrek, programok\",\"publisher\":{\"@id\":\"https:\\\/\\\/dorogimedence.hu\\\/#organization\"},\"potentialAction\":[{\"@type\":\"SearchAction\",\"target\":{\"@type\":\"EntryPoint\",\"urlTemplate\":\"https:\\\/\\\/dorogimedence.hu\\\/?s={search_term_string}\"},\"query-input\":{\"@type\":\"PropertyValueSpecification\",\"valueRequired\":true,\"valueName\":\"search_term_string\"}}],\"inLanguage\":\"hu\"},{\"@type\":\"Organization\",\"@id\":\"https:\\\/\\\/dorogimedence.hu\\\/#organization\",\"name\":\"Dorogi-medence Region\u00e1lis H\u00edrport\u00e1l\",\"url\":\"https:\\\/\\\/dorogimedence.hu\\\/\",\"logo\":{\"@type\":\"ImageObject\",\"inLanguage\":\"hu\",\"@id\":\"https:\\\/\\\/dorogimedence.hu\\\/#\\\/schema\\\/logo\\\/image\\\/\",\"url\":\"https:\\\/\\\/dorogimedence.hu\\\/wp-content\\\/uploads\\\/2021\\\/04\\\/logo-feher-600.png\",\"contentUrl\":\"https:\\\/\\\/dorogimedence.hu\\\/wp-content\\\/uploads\\\/2021\\\/04\\\/logo-feher-600.png\",\"width\":600,\"height\":100,\"caption\":\"Dorogi-medence Region\u00e1lis H\u00edrport\u00e1l\"},\"image\":{\"@id\":\"https:\\\/\\\/dorogimedence.hu\\\/#\\\/schema\\\/logo\\\/image\\\/\"},\"sameAs\":[\"https:\\\/\\\/www.facebook.com\\\/dorogimedence\\\/\"]},{\"@type\":\"Person\",\"@id\":\"https:\\\/\\\/dorogimedence.hu\\\/#\\\/schema\\\/person\\\/ce6091eeb7e95ecdc87890d6aa8e0fd4\",\"name\":\"dorogimedence.hu\",\"image\":{\"@type\":\"ImageObject\",\"inLanguage\":\"hu\",\"@id\":\"\\\/\\\/www.gravatar.com\\\/avatar\\\/d8d45f8901aadff40a4af72c0b826f1d?s=96&#038;r=g&#038;d=mm\",\"url\":\"\\\/\\\/www.gravatar.com\\\/avatar\\\/d8d45f8901aadff40a4af72c0b826f1d?s=96&#038;r=g&#038;d=mm\",\"contentUrl\":\"\\\/\\\/www.gravatar.com\\\/avatar\\\/d8d45f8901aadff40a4af72c0b826f1d?s=96&#038;r=g&#038;d=mm\",\"caption\":\"dorogimedence.hu\"}}]}<\/script>\n<!-- \/ Yoast SEO plugin. -->","yoast_head_json":{"title":"Folytatja a munk\u00e1t a v\u00edzm\u0171 Dorogon, a Keszt\u00f6lci \u00faton","robots":{"index":"index","follow":"follow","max-snippet":"max-snippet:-1","max-image-preview":"max-image-preview:large","max-video-preview":"max-video-preview:-1"},"canonical":"https:\/\/dorogimedence.hu\/index.php\/2020\/04\/11\/folytatja-a-munkat-a-vizmu-dorogon-a-kesztolci-uton\/","og_locale":"hu_HU","og_type":"article","og_title":"Folytatja a munk\u00e1t a v\u00edzm\u0171 Dorogon, a Keszt\u00f6lci \u00faton","og_description":"\u00c1prilis 15-t\u0151l iv\u00f3v\u00edzh\u00e1l\u00f3zat rekonstrukci\u00f3s munk\u00e1latokat v\u00e9gez az \u00c9szakdun\u00e1nt\u00fali V\u00edzm\u0171 Zrt. (\u00c9DV) Dorogon, a Keszt\u00f6lci \u00faton &#8211; tudta meg a hidlap.hu A kivitelez\u00e9s alatt forgalomkorl\u00e1toz\u00e1sra, illetve terel\u00e9sre is sz\u00e1m\u00edtani kell, tov\u00e1bb\u00e1 az \u00e9rintett h\u00e1ztart\u00e1sokban \u00e1tmeneti v\u00edzhi\u00e1ny \u00e9s v\u00edzzavarosod\u00e1s is el\u0151fordulhat. Egy olvas\u00f3 juttatta el a t\u00e1j\u00e9koztat\u00f3t a H\u00eddlapnak, amelyb\u0151l kider\u00fcl, hogy a forgalomkorl\u00e1toz\u00e1ssal \u00e9rintett szakaszon nem","og_url":"https:\/\/dorogimedence.hu\/index.php\/2020\/04\/11\/folytatja-a-munkat-a-vizmu-dorogon-a-kesztolci-uton\/","og_site_name":"Dorogi-medence Region\u00e1lis H\u00edrport\u00e1l","article_publisher":"https:\/\/www.facebook.com\/dorogimedence\/","article_published_time":"2020-04-11T10:44:32+00:00","article_modified_time":"2020-04-11T10:45:10+00:00","og_image":[{"width":670,"height":365,"url":"https:\/\/i0.wp.com\/dorogimedence.hu\/wp-content\/uploads\/2020\/04\/kesztolciut.jpg?fit=670%2C365&ssl=1","type":"image\/jpeg"}],"author":"dorogimedence.hu","twitter_card":"summary_large_image","twitter_misc":{"Szerz\u0151:":"dorogimedence.hu","Becs\u00fclt olvas\u00e1si id\u0151":"1 perc"},"schema":{"@context":"https:\/\/schema.org","@graph":[{"@type":"Article","@id":"https:\/\/dorogimedence.hu\/index.php\/2020\/04\/11\/folytatja-a-munkat-a-vizmu-dorogon-a-kesztolci-uton\/#article","isPartOf":{"@id":"https:\/\/dorogimedence.hu\/index.php\/2020\/04\/11\/folytatja-a-munkat-a-vizmu-dorogon-a-kesztolci-uton\/"},"author":{"name":"dorogimedence.hu","@id":"https:\/\/dorogimedence.hu\/#\/schema\/person\/ce6091eeb7e95ecdc87890d6aa8e0fd4"},"headline":"Folytatja a munk\u00e1t a v\u00edzm\u0171 Dorogon, a Keszt\u00f6lci \u00faton","datePublished":"2020-04-11T10:44:32+00:00","dateModified":"2020-04-11T10:45:10+00:00","mainEntityOfPage":{"@id":"https:\/\/dorogimedence.hu\/index.php\/2020\/04\/11\/folytatja-a-munkat-a-vizmu-dorogon-a-kesztolci-uton\/"},"wordCount":207,"publisher":{"@id":"https:\/\/dorogimedence.hu\/#organization"},"image":{"@id":"https:\/\/dorogimedence.hu\/index.php\/2020\/04\/11\/folytatja-a-munkat-a-vizmu-dorogon-a-kesztolci-uton\/#primaryimage"},"thumbnailUrl":"https:\/\/dorogimedence.hu\/wp-content\/uploads\/2020\/04\/kesztolciut.jpg","keywords":["Dorog","\u00e9dv","Keszt\u00f6lci \u00fat","munk\u00e1latok","v\u00edzm\u0171"],"articleSection":["Dorog","H\u00edrek"],"inLanguage":"hu"},{"@type":"WebPage","@id":"https:\/\/dorogimedence.hu\/index.php\/2020\/04\/11\/folytatja-a-munkat-a-vizmu-dorogon-a-kesztolci-uton\/","url":"https:\/\/dorogimedence.hu\/index.php\/2020\/04\/11\/folytatja-a-munkat-a-vizmu-dorogon-a-kesztolci-uton\/","name":"Folytatja a munk\u00e1t a v\u00edzm\u0171 Dorogon, a Keszt\u00f6lci \u00faton","isPartOf":{"@id":"https:\/\/dorogimedence.hu\/#website"},"primaryImageOfPage":{"@id":"https:\/\/dorogimedence.hu\/index.php\/2020\/04\/11\/folytatja-a-munkat-a-vizmu-dorogon-a-kesztolci-uton\/#primaryimage"},"image":{"@id":"https:\/\/dorogimedence.hu\/index.php\/2020\/04\/11\/folytatja-a-munkat-a-vizmu-dorogon-a-kesztolci-uton\/#primaryimage"},"thumbnailUrl":"https:\/\/dorogimedence.hu\/wp-content\/uploads\/2020\/04\/kesztolciut.jpg","datePublished":"2020-04-11T10:44:32+00:00","dateModified":"2020-04-11T10:45:10+00:00","breadcrumb":{"@id":"https:\/\/dorogimedence.hu\/index.php\/2020\/04\/11\/folytatja-a-munkat-a-vizmu-dorogon-a-kesztolci-uton\/#breadcrumb"},"inLanguage":"hu","potentialAction":[{"@type":"ReadAction","target":["https:\/\/dorogimedence.hu\/index.php\/2020\/04\/11\/folytatja-a-munkat-a-vizmu-dorogon-a-kesztolci-uton\/"]}]},{"@type":"ImageObject","inLanguage":"hu","@id":"https:\/\/dorogimedence.hu\/index.php\/2020\/04\/11\/folytatja-a-munkat-a-vizmu-dorogon-a-kesztolci-uton\/#primaryimage","url":"https:\/\/dorogimedence.hu\/wp-content\/uploads\/2020\/04\/kesztolciut.jpg","contentUrl":"https:\/\/dorogimedence.hu\/wp-content\/uploads\/2020\/04\/kesztolciut.jpg","width":670,"height":365},{"@type":"BreadcrumbList","@id":"https:\/\/dorogimedence.hu\/index.php\/2020\/04\/11\/folytatja-a-munkat-a-vizmu-dorogon-a-kesztolci-uton\/#breadcrumb","itemListElement":[{"@type":"ListItem","position":1,"name":"Kezd\u0151lap","item":"https:\/\/dorogimedence.hu\/"},{"@type":"ListItem","position":2,"name":"Folytatja a munk\u00e1t a v\u00edzm\u0171 Dorogon, a Keszt\u00f6lci \u00faton"}]},{"@type":"WebSite","@id":"https:\/\/dorogimedence.hu\/#website","url":"https:\/\/dorogimedence.hu\/","name":"Dorogi-medence Region\u00e1lis H\u00edrport\u00e1l","description":"Dorog, Keszt\u00f6lc, Le\u00e1nyv\u00e1r, Piliscs\u00e9v, Tokod, Tokodalt\u00e1r\u00f3, Csolnok, Esztergom-kertv\u00e1ros: h\u00edrek, programok","publisher":{"@id":"https:\/\/dorogimedence.hu\/#organization"},"potentialAction":[{"@type":"SearchAction","target":{"@type":"EntryPoint","urlTemplate":"https:\/\/dorogimedence.hu\/?s={search_term_string}"},"query-input":{"@type":"PropertyValueSpecification","valueRequired":true,"valueName":"search_term_string"}}],"inLanguage":"hu"},{"@type":"Organization","@id":"https:\/\/dorogimedence.hu\/#organization","name":"Dorogi-medence Region\u00e1lis H\u00edrport\u00e1l","url":"https:\/\/dorogimedence.hu\/","logo":{"@type":"ImageObject","inLanguage":"hu","@id":"https:\/\/dorogimedence.hu\/#\/schema\/logo\/image\/","url":"https:\/\/dorogimedence.hu\/wp-content\/uploads\/2021\/04\/logo-feher-600.png","contentUrl":"https:\/\/dorogimedence.hu\/wp-content\/uploads\/2021\/04\/logo-feher-600.png","width":600,"height":100,"caption":"Dorogi-medence Region\u00e1lis H\u00edrport\u00e1l"},"image":{"@id":"https:\/\/dorogimedence.hu\/#\/schema\/logo\/image\/"},"sameAs":["https:\/\/www.facebook.com\/dorogimedence\/"]},{"@type":"Person","@id":"https:\/\/dorogimedence.hu\/#\/schema\/person\/ce6091eeb7e95ecdc87890d6aa8e0fd4","name":"dorogimedence.hu","image":{"@type":"ImageObject","inLanguage":"hu","@id":"\/\/www.gravatar.com\/avatar\/d8d45f8901aadff40a4af72c0b826f1d?s=96&#038;r=g&#038;d=mm","url":"\/\/www.gravatar.com\/avatar\/d8d45f8901aadff40a4af72c0b826f1d?s=96&#038;r=g&#038;d=mm","contentUrl":"\/\/www.gravatar.com\/avatar\/d8d45f8901aadff40a4af72c0b826f1d?s=96&#038;r=g&#038;d=mm","caption":"dorogimedence.hu"}}]}},"_links":{"self":[{"href":"https:\/\/dorogimedence.hu\/index.php\/wp-json\/wp\/v2\/posts\/24257","targetHints":{"allow":["GET"]}}],"collection":[{"href":"https:\/\/dorogimedence.hu\/index.php\/wp-json\/wp\/v2\/posts"}],"about":[{"href":"https:\/\/dorogimedence.hu\/index.php\/wp-json\/wp\/v2\/types\/post"}],"author":[{"embeddable":true,"href":"https:\/\/dorogimedence.hu\/index.php\/wp-json\/wp\/v2\/users\/1"}],"replies":[{"embeddable":true,"href":"https:\/\/dorogimedence.hu\/index.php\/wp-json\/wp\/v2\/comments?post=24257"}],"version-history":[{"count":0,"href":"https:\/\/dorogimedence.hu\/index.php\/wp-json\/wp\/v2\/posts\/24257\/revisions"}],"wp:featuredmedia":[{"embeddable":true,"href":"https:\/\/dorogimedence.hu\/index.php\/wp-json\/wp\/v2\/media\/24258"}],"wp:attachment":[{"href":"https:\/\/dorogimedence.hu\/index.php\/wp-json\/wp\/v2\/media?parent=24257"}],"wp:term":[{"taxonomy":"category","embeddable":true,"href":"https:\/\/dorogimedence.hu\/index.php\/wp-json\/wp\/v2\/categories?post=24257"},{"taxonomy":"post_tag","embeddable":true,"href":"https:\/\/dorogimedence.hu\/index.php\/wp-json\/wp\/v2\/tags?post=24257"}],"curies":[{"name":"wp","href":"https:\/\/api.w.org\/{rel}","templated":true}]}}