{"id":24165,"date":"2020-04-07T14:12:18","date_gmt":"2020-04-07T12:12:18","guid":{"rendered":"http:\/\/dorogimedence.hu\/?p=24165"},"modified":"2020-04-07T14:12:28","modified_gmt":"2020-04-07T12:12:28","slug":"elkaptak-azt-a-ferfit-aki-iskolakba-es-ovodakba-tort-be-videoval","status":"publish","type":"post","link":"https:\/\/dorogimedence.hu\/index.php\/2020\/04\/07\/elkaptak-azt-a-ferfit-aki-iskolakba-es-ovodakba-tort-be-videoval\/","title":{"rendered":"Elkapt\u00e1k azt a f\u00e9rfit, aki iskol\u00e1kba \u00e9s \u00f3vod\u00e1kba t\u00f6rt be &#8211; VIDE\u00d3VAL"},"content":{"rendered":"<div class=\"lead-text\">\n<p><strong>K\u00e9t \u00f3vod\u00e1ba \u00e9s h\u00e1rom iskol\u00e1ba t\u00f6rt be az a f\u00e9rfi, akit a dorogi rend\u0151r\u00f6k \u0151rizetbe vettek.<\/strong><\/p>\n<div class=\"body-text\">\n<p>A gyan\u00fa szerint h\u00e1rom \u00e1ltal\u00e1nos iskol\u00e1ba \u00e9s k\u00e9t \u00f3vod\u00e1ba t\u00f6rte t\u00f6rt be K. Viktor 2020 janu\u00e1rj\u00e1ban S\u00e1ris\u00e1pon, Dorogon, Tokodon \u00e9s Bajn\u00e1n. A 30 \u00e9ves f\u00e9rfi az ablakot befesz\u00edtve vagy bet\u00f6rve jutott be az int\u00e9zm\u00e9nyekbe, ahonnan laptopot, k\u00e9szp\u00e9nzt, \u00e9lelmiszert \u00e9s m\u00e1s haszn\u00e1lati t\u00e1rgyakat lopott el. Az elk\u00f6vet\u0151 a b\u0171ncselekm\u00e9nyeket \u00e9jszaka k\u00f6vette el, az int\u00e9zm\u00e9nyek dolgoz\u00f3i m\u00e1snap reggel, nyit\u00e1skor vett\u00e9k \u00e9szre a bet\u00f6r\u00e9st.<\/p>\n<div class=\"video-container\"><iframe src=\"https:\/\/www.youtube.com\/embed\/8hHrXYKJZFQ\" width=\"560\" height=\"315\" frameborder=\"0\" allowfullscreen=\"allowfullscreen\"><\/iframe><\/div>\n<p>&nbsp;<\/p>\n<p>A Dorogi Rend\u0151rkapit\u00e1nys\u00e1g B\u0171n\u00fcgyi Oszt\u00e1lya munkat\u00e1rsainak eredm\u00e9nyes nyomoz\u00e1sa eredm\u00e9nyek\u00e9ppen az elk\u00f6vet\u0151t azonos\u00edtott\u00e1k, \u00e9s 2020. \u00e1prilis 7-\u00e9n elfogt\u00e1k. A f\u00e9rfi lak\u00e1s\u00e1n kutat\u00e1st tartottak, amelynek sor\u00e1n az eltulajdon\u00edtott holmik egy r\u00e9sz\u00e9t is megtal\u00e1lt\u00e1k \u00e9s lefoglalt\u00e1k. K. Viktor ellen \u00fczletszer\u0171en elk\u00f6vetett lop\u00e1s b\u0171ntett \u00e9s lop\u00e1s v\u00e9ts\u00e9g k\u00eds\u00e9rlet elk\u00f6vet\u00e9s\u00e9nek gyan\u00faja miatt indult elj\u00e1r\u00e1s. Gyan\u00fas\u00edtotti kihallgat\u00e1s\u00e1n a f\u00e9rfi beismer\u0151 vallom\u00e1st tett.<\/p>\n<p><strong>A gyan\u00fas\u00edtottat a rend\u0151rs\u00e9g \u0151rizetbe vette, \u00e9s kezdem\u00e9nyezte letart\u00f3ztat\u00e1s\u00e1nak ind\u00edtv\u00e1nyoz\u00e1s\u00e1t.<\/strong><\/p>\n<p><img fetchpriority=\"high\" decoding=\"async\" class=\"alignnone size-full wp-image-24167\" src=\"https:\/\/dorogimedence.hu\/wp-content\/uploads\/2020\/04\/betores-02.jpg\" alt=\"\" width=\"670\" height=\"446\" srcset=\"https:\/\/dorogimedence.hu\/wp-content\/uploads\/2020\/04\/betores-02.jpg 670w, https:\/\/dorogimedence.hu\/wp-content\/uploads\/2020\/04\/betores-02-300x200.jpg 300w, https:\/\/dorogimedence.hu\/wp-content\/uploads\/2020\/04\/betores-02-589x392.jpg 589w, https:\/\/dorogimedence.hu\/wp-content\/uploads\/2020\/04\/betores-02-272x182.jpg 272w\" sizes=\"(max-width: 670px) 100vw, 670px\" \/><\/p>\n<p><em>Fot\u00f3k, forr\u00e1s: police.hu<\/em><\/p>\n<\/div>\n<\/div>\n","protected":false},"excerpt":{"rendered":"<p>K\u00e9t \u00f3vod\u00e1ba \u00e9s h\u00e1rom iskol\u00e1ba t\u00f6rt be az a f\u00e9rfi, akit a dorogi rend\u0151r\u00f6k \u0151rizetbe vettek. A gyan\u00fa szerint h\u00e1rom \u00e1ltal\u00e1nos iskol\u00e1ba \u00e9s k\u00e9t \u00f3vod\u00e1ba t\u00f6rte t\u00f6rt be K. Viktor 2020 janu\u00e1rj\u00e1ban S\u00e1ris\u00e1pon, Dorogon, Tokodon \u00e9s Bajn\u00e1n. A 30 \u00e9ves f\u00e9rfi az ablakot befesz\u00edtve vagy bet\u00f6rve jutott be az int\u00e9zm\u00e9nyekbe, ahonnan laptopot, k\u00e9szp\u00e9nzt, \u00e9lelmiszert \u00e9s<\/p>\n","protected":false},"author":1,"featured_media":24166,"comment_status":"closed","ping_status":"closed","sticky":false,"template":"","format":"standard","meta":{"ngg_post_thumbnail":0,"footnotes":""},"categories":[2,3,39,6],"tags":[249,449,63,15,447,61,423,12],"class_list":{"0":"post-24165","1":"post","2":"type-post","3":"status-publish","4":"format-standard","5":"has-post-thumbnail","7":"category-dorog","8":"category-hirek","9":"category-kek-hirek","10":"category-tokod","11":"tag-bajna","12":"tag-betores","13":"tag-buncselekmeny","14":"tag-dorog","15":"tag-lopas","16":"tag-rendorsegi-hirek","17":"tag-sarisap","18":"tag-tokod"},"yoast_head":"<!-- This site is optimized with the Yoast SEO plugin v27.4 - https:\/\/yoast.com\/product\/yoast-seo-wordpress\/ -->\n<title>Elkapt\u00e1k azt a f\u00e9rfit, aki iskol\u00e1kba \u00e9s \u00f3vod\u00e1kba t\u00f6rt be - VIDE\u00d3VAL<\/title>\n<meta name=\"robots\" content=\"index, follow, max-snippet:-1, max-image-preview:large, max-video-preview:-1\" \/>\n<link rel=\"canonical\" href=\"https:\/\/dorogimedence.hu\/index.php\/2020\/04\/07\/elkaptak-azt-a-ferfit-aki-iskolakba-es-ovodakba-tort-be-videoval\/\" class=\"yoast-seo-meta-tag\" \/>\n<meta property=\"og:locale\" content=\"hu_HU\" class=\"yoast-seo-meta-tag\" \/>\n<meta property=\"og:type\" content=\"article\" class=\"yoast-seo-meta-tag\" \/>\n<meta property=\"og:title\" content=\"Elkapt\u00e1k azt a f\u00e9rfit, aki iskol\u00e1kba \u00e9s \u00f3vod\u00e1kba t\u00f6rt be - VIDE\u00d3VAL\" class=\"yoast-seo-meta-tag\" \/>\n<meta property=\"og:description\" content=\"K\u00e9t \u00f3vod\u00e1ba \u00e9s h\u00e1rom iskol\u00e1ba t\u00f6rt be az a f\u00e9rfi, akit a dorogi rend\u0151r\u00f6k \u0151rizetbe vettek. A gyan\u00fa szerint h\u00e1rom \u00e1ltal\u00e1nos iskol\u00e1ba \u00e9s k\u00e9t \u00f3vod\u00e1ba t\u00f6rte t\u00f6rt be K. Viktor 2020 janu\u00e1rj\u00e1ban S\u00e1ris\u00e1pon, Dorogon, Tokodon \u00e9s Bajn\u00e1n. A 30 \u00e9ves f\u00e9rfi az ablakot befesz\u00edtve vagy bet\u00f6rve jutott be az int\u00e9zm\u00e9nyekbe, ahonnan laptopot, k\u00e9szp\u00e9nzt, \u00e9lelmiszert \u00e9s\" class=\"yoast-seo-meta-tag\" \/>\n<meta property=\"og:url\" content=\"https:\/\/dorogimedence.hu\/index.php\/2020\/04\/07\/elkaptak-azt-a-ferfit-aki-iskolakba-es-ovodakba-tort-be-videoval\/\" class=\"yoast-seo-meta-tag\" \/>\n<meta property=\"og:site_name\" content=\"Dorogi-medence Region\u00e1lis H\u00edrport\u00e1l\" class=\"yoast-seo-meta-tag\" \/>\n<meta property=\"article:publisher\" content=\"https:\/\/www.facebook.com\/dorogimedence\/\" class=\"yoast-seo-meta-tag\" \/>\n<meta property=\"article:published_time\" content=\"2020-04-07T12:12:18+00:00\" class=\"yoast-seo-meta-tag\" \/>\n<meta property=\"article:modified_time\" content=\"2020-04-07T12:12:28+00:00\" class=\"yoast-seo-meta-tag\" \/>\n<meta property=\"og:image\" content=\"https:\/\/i0.wp.com\/dorogimedence.hu\/wp-content\/uploads\/2020\/04\/betores-01.jpg?fit=670%2C365&ssl=1\" class=\"yoast-seo-meta-tag\" \/>\n\t<meta property=\"og:image:width\" content=\"670\" class=\"yoast-seo-meta-tag\" \/>\n\t<meta property=\"og:image:height\" content=\"365\" class=\"yoast-seo-meta-tag\" \/>\n\t<meta property=\"og:image:type\" content=\"image\/jpeg\" class=\"yoast-seo-meta-tag\" \/>\n<meta name=\"author\" content=\"dorogimedence.hu\" class=\"yoast-seo-meta-tag\" \/>\n<meta name=\"twitter:card\" content=\"summary_large_image\" class=\"yoast-seo-meta-tag\" \/>\n<meta name=\"twitter:label1\" content=\"Szerz\u0151:\" class=\"yoast-seo-meta-tag\" \/>\n\t<meta name=\"twitter:data1\" content=\"dorogimedence.hu\" class=\"yoast-seo-meta-tag\" \/>\n\t<meta name=\"twitter:label2\" content=\"Becs\u00fclt olvas\u00e1si id\u0151\" class=\"yoast-seo-meta-tag\" \/>\n\t<meta name=\"twitter:data2\" content=\"1 perc\" class=\"yoast-seo-meta-tag\" \/>\n<script type=\"application\/ld+json\" class=\"yoast-schema-graph\">{\"@context\":\"https:\\\/\\\/schema.org\",\"@graph\":[{\"@type\":\"Article\",\"@id\":\"https:\\\/\\\/dorogimedence.hu\\\/index.php\\\/2020\\\/04\\\/07\\\/elkaptak-azt-a-ferfit-aki-iskolakba-es-ovodakba-tort-be-videoval\\\/#article\",\"isPartOf\":{\"@id\":\"https:\\\/\\\/dorogimedence.hu\\\/index.php\\\/2020\\\/04\\\/07\\\/elkaptak-azt-a-ferfit-aki-iskolakba-es-ovodakba-tort-be-videoval\\\/\"},\"author\":{\"name\":\"dorogimedence.hu\",\"@id\":\"https:\\\/\\\/dorogimedence.hu\\\/#\\\/schema\\\/person\\\/ce6091eeb7e95ecdc87890d6aa8e0fd4\"},\"headline\":\"Elkapt\u00e1k azt a f\u00e9rfit, aki iskol\u00e1kba \u00e9s \u00f3vod\u00e1kba t\u00f6rt be &#8211; VIDE\u00d3VAL\",\"datePublished\":\"2020-04-07T12:12:18+00:00\",\"dateModified\":\"2020-04-07T12:12:28+00:00\",\"mainEntityOfPage\":{\"@id\":\"https:\\\/\\\/dorogimedence.hu\\\/index.php\\\/2020\\\/04\\\/07\\\/elkaptak-azt-a-ferfit-aki-iskolakba-es-ovodakba-tort-be-videoval\\\/\"},\"wordCount\":268,\"publisher\":{\"@id\":\"https:\\\/\\\/dorogimedence.hu\\\/#organization\"},\"image\":{\"@id\":\"https:\\\/\\\/dorogimedence.hu\\\/index.php\\\/2020\\\/04\\\/07\\\/elkaptak-azt-a-ferfit-aki-iskolakba-es-ovodakba-tort-be-videoval\\\/#primaryimage\"},\"thumbnailUrl\":\"https:\\\/\\\/dorogimedence.hu\\\/wp-content\\\/uploads\\\/2020\\\/04\\\/betores-01.jpg\",\"keywords\":[\"Bajna\",\"bet\u00f6r\u00e9s\",\"b\u0171ncselekm\u00e9ny\",\"Dorog\",\"lop\u00e1s\",\"rend\u0151rs\u00e9gi h\u00edrek\",\"S\u00e1ris\u00e1p\",\"Tokod\"],\"articleSection\":[\"Dorog\",\"H\u00edrek\",\"K\u00e9k h\u00edrek\",\"Tokod\"],\"inLanguage\":\"hu\"},{\"@type\":\"WebPage\",\"@id\":\"https:\\\/\\\/dorogimedence.hu\\\/index.php\\\/2020\\\/04\\\/07\\\/elkaptak-azt-a-ferfit-aki-iskolakba-es-ovodakba-tort-be-videoval\\\/\",\"url\":\"https:\\\/\\\/dorogimedence.hu\\\/index.php\\\/2020\\\/04\\\/07\\\/elkaptak-azt-a-ferfit-aki-iskolakba-es-ovodakba-tort-be-videoval\\\/\",\"name\":\"Elkapt\u00e1k azt a f\u00e9rfit, aki iskol\u00e1kba \u00e9s \u00f3vod\u00e1kba t\u00f6rt be - VIDE\u00d3VAL\",\"isPartOf\":{\"@id\":\"https:\\\/\\\/dorogimedence.hu\\\/#website\"},\"primaryImageOfPage\":{\"@id\":\"https:\\\/\\\/dorogimedence.hu\\\/index.php\\\/2020\\\/04\\\/07\\\/elkaptak-azt-a-ferfit-aki-iskolakba-es-ovodakba-tort-be-videoval\\\/#primaryimage\"},\"image\":{\"@id\":\"https:\\\/\\\/dorogimedence.hu\\\/index.php\\\/2020\\\/04\\\/07\\\/elkaptak-azt-a-ferfit-aki-iskolakba-es-ovodakba-tort-be-videoval\\\/#primaryimage\"},\"thumbnailUrl\":\"https:\\\/\\\/dorogimedence.hu\\\/wp-content\\\/uploads\\\/2020\\\/04\\\/betores-01.jpg\",\"datePublished\":\"2020-04-07T12:12:18+00:00\",\"dateModified\":\"2020-04-07T12:12:28+00:00\",\"breadcrumb\":{\"@id\":\"https:\\\/\\\/dorogimedence.hu\\\/index.php\\\/2020\\\/04\\\/07\\\/elkaptak-azt-a-ferfit-aki-iskolakba-es-ovodakba-tort-be-videoval\\\/#breadcrumb\"},\"inLanguage\":\"hu\",\"potentialAction\":[{\"@type\":\"ReadAction\",\"target\":[\"https:\\\/\\\/dorogimedence.hu\\\/index.php\\\/2020\\\/04\\\/07\\\/elkaptak-azt-a-ferfit-aki-iskolakba-es-ovodakba-tort-be-videoval\\\/\"]}]},{\"@type\":\"ImageObject\",\"inLanguage\":\"hu\",\"@id\":\"https:\\\/\\\/dorogimedence.hu\\\/index.php\\\/2020\\\/04\\\/07\\\/elkaptak-azt-a-ferfit-aki-iskolakba-es-ovodakba-tort-be-videoval\\\/#primaryimage\",\"url\":\"https:\\\/\\\/dorogimedence.hu\\\/wp-content\\\/uploads\\\/2020\\\/04\\\/betores-01.jpg\",\"contentUrl\":\"https:\\\/\\\/dorogimedence.hu\\\/wp-content\\\/uploads\\\/2020\\\/04\\\/betores-01.jpg\",\"width\":670,\"height\":365},{\"@type\":\"BreadcrumbList\",\"@id\":\"https:\\\/\\\/dorogimedence.hu\\\/index.php\\\/2020\\\/04\\\/07\\\/elkaptak-azt-a-ferfit-aki-iskolakba-es-ovodakba-tort-be-videoval\\\/#breadcrumb\",\"itemListElement\":[{\"@type\":\"ListItem\",\"position\":1,\"name\":\"Kezd\u0151lap\",\"item\":\"https:\\\/\\\/dorogimedence.hu\\\/\"},{\"@type\":\"ListItem\",\"position\":2,\"name\":\"Elkapt\u00e1k azt a f\u00e9rfit, aki iskol\u00e1kba \u00e9s \u00f3vod\u00e1kba t\u00f6rt be &#8211; VIDE\u00d3VAL\"}]},{\"@type\":\"WebSite\",\"@id\":\"https:\\\/\\\/dorogimedence.hu\\\/#website\",\"url\":\"https:\\\/\\\/dorogimedence.hu\\\/\",\"name\":\"Dorogi-medence Region\u00e1lis H\u00edrport\u00e1l\",\"description\":\"Dorog, Keszt\u00f6lc, Le\u00e1nyv\u00e1r, Piliscs\u00e9v, Tokod, Tokodalt\u00e1r\u00f3, Csolnok, Esztergom-kertv\u00e1ros: h\u00edrek, programok\",\"publisher\":{\"@id\":\"https:\\\/\\\/dorogimedence.hu\\\/#organization\"},\"potentialAction\":[{\"@type\":\"SearchAction\",\"target\":{\"@type\":\"EntryPoint\",\"urlTemplate\":\"https:\\\/\\\/dorogimedence.hu\\\/?s={search_term_string}\"},\"query-input\":{\"@type\":\"PropertyValueSpecification\",\"valueRequired\":true,\"valueName\":\"search_term_string\"}}],\"inLanguage\":\"hu\"},{\"@type\":\"Organization\",\"@id\":\"https:\\\/\\\/dorogimedence.hu\\\/#organization\",\"name\":\"Dorogi-medence Region\u00e1lis H\u00edrport\u00e1l\",\"url\":\"https:\\\/\\\/dorogimedence.hu\\\/\",\"logo\":{\"@type\":\"ImageObject\",\"inLanguage\":\"hu\",\"@id\":\"https:\\\/\\\/dorogimedence.hu\\\/#\\\/schema\\\/logo\\\/image\\\/\",\"url\":\"https:\\\/\\\/dorogimedence.hu\\\/wp-content\\\/uploads\\\/2021\\\/04\\\/logo-feher-600.png\",\"contentUrl\":\"https:\\\/\\\/dorogimedence.hu\\\/wp-content\\\/uploads\\\/2021\\\/04\\\/logo-feher-600.png\",\"width\":600,\"height\":100,\"caption\":\"Dorogi-medence Region\u00e1lis H\u00edrport\u00e1l\"},\"image\":{\"@id\":\"https:\\\/\\\/dorogimedence.hu\\\/#\\\/schema\\\/logo\\\/image\\\/\"},\"sameAs\":[\"https:\\\/\\\/www.facebook.com\\\/dorogimedence\\\/\"]},{\"@type\":\"Person\",\"@id\":\"https:\\\/\\\/dorogimedence.hu\\\/#\\\/schema\\\/person\\\/ce6091eeb7e95ecdc87890d6aa8e0fd4\",\"name\":\"dorogimedence.hu\",\"image\":{\"@type\":\"ImageObject\",\"inLanguage\":\"hu\",\"@id\":\"\\\/\\\/www.gravatar.com\\\/avatar\\\/d8d45f8901aadff40a4af72c0b826f1d?s=96&#038;r=g&#038;d=mm\",\"url\":\"\\\/\\\/www.gravatar.com\\\/avatar\\\/d8d45f8901aadff40a4af72c0b826f1d?s=96&#038;r=g&#038;d=mm\",\"contentUrl\":\"\\\/\\\/www.gravatar.com\\\/avatar\\\/d8d45f8901aadff40a4af72c0b826f1d?s=96&#038;r=g&#038;d=mm\",\"caption\":\"dorogimedence.hu\"}}]}<\/script>\n<!-- \/ Yoast SEO plugin. -->","yoast_head_json":{"title":"Elkapt\u00e1k azt a f\u00e9rfit, aki iskol\u00e1kba \u00e9s \u00f3vod\u00e1kba t\u00f6rt be - VIDE\u00d3VAL","robots":{"index":"index","follow":"follow","max-snippet":"max-snippet:-1","max-image-preview":"max-image-preview:large","max-video-preview":"max-video-preview:-1"},"canonical":"https:\/\/dorogimedence.hu\/index.php\/2020\/04\/07\/elkaptak-azt-a-ferfit-aki-iskolakba-es-ovodakba-tort-be-videoval\/","og_locale":"hu_HU","og_type":"article","og_title":"Elkapt\u00e1k azt a f\u00e9rfit, aki iskol\u00e1kba \u00e9s \u00f3vod\u00e1kba t\u00f6rt be - VIDE\u00d3VAL","og_description":"K\u00e9t \u00f3vod\u00e1ba \u00e9s h\u00e1rom iskol\u00e1ba t\u00f6rt be az a f\u00e9rfi, akit a dorogi rend\u0151r\u00f6k \u0151rizetbe vettek. A gyan\u00fa szerint h\u00e1rom \u00e1ltal\u00e1nos iskol\u00e1ba \u00e9s k\u00e9t \u00f3vod\u00e1ba t\u00f6rte t\u00f6rt be K. Viktor 2020 janu\u00e1rj\u00e1ban S\u00e1ris\u00e1pon, Dorogon, Tokodon \u00e9s Bajn\u00e1n. A 30 \u00e9ves f\u00e9rfi az ablakot befesz\u00edtve vagy bet\u00f6rve jutott be az int\u00e9zm\u00e9nyekbe, ahonnan laptopot, k\u00e9szp\u00e9nzt, \u00e9lelmiszert \u00e9s","og_url":"https:\/\/dorogimedence.hu\/index.php\/2020\/04\/07\/elkaptak-azt-a-ferfit-aki-iskolakba-es-ovodakba-tort-be-videoval\/","og_site_name":"Dorogi-medence Region\u00e1lis H\u00edrport\u00e1l","article_publisher":"https:\/\/www.facebook.com\/dorogimedence\/","article_published_time":"2020-04-07T12:12:18+00:00","article_modified_time":"2020-04-07T12:12:28+00:00","og_image":[{"width":670,"height":365,"url":"https:\/\/i0.wp.com\/dorogimedence.hu\/wp-content\/uploads\/2020\/04\/betores-01.jpg?fit=670%2C365&ssl=1","type":"image\/jpeg"}],"author":"dorogimedence.hu","twitter_card":"summary_large_image","twitter_misc":{"Szerz\u0151:":"dorogimedence.hu","Becs\u00fclt olvas\u00e1si id\u0151":"1 perc"},"schema":{"@context":"https:\/\/schema.org","@graph":[{"@type":"Article","@id":"https:\/\/dorogimedence.hu\/index.php\/2020\/04\/07\/elkaptak-azt-a-ferfit-aki-iskolakba-es-ovodakba-tort-be-videoval\/#article","isPartOf":{"@id":"https:\/\/dorogimedence.hu\/index.php\/2020\/04\/07\/elkaptak-azt-a-ferfit-aki-iskolakba-es-ovodakba-tort-be-videoval\/"},"author":{"name":"dorogimedence.hu","@id":"https:\/\/dorogimedence.hu\/#\/schema\/person\/ce6091eeb7e95ecdc87890d6aa8e0fd4"},"headline":"Elkapt\u00e1k azt a f\u00e9rfit, aki iskol\u00e1kba \u00e9s \u00f3vod\u00e1kba t\u00f6rt be &#8211; VIDE\u00d3VAL","datePublished":"2020-04-07T12:12:18+00:00","dateModified":"2020-04-07T12:12:28+00:00","mainEntityOfPage":{"@id":"https:\/\/dorogimedence.hu\/index.php\/2020\/04\/07\/elkaptak-azt-a-ferfit-aki-iskolakba-es-ovodakba-tort-be-videoval\/"},"wordCount":268,"publisher":{"@id":"https:\/\/dorogimedence.hu\/#organization"},"image":{"@id":"https:\/\/dorogimedence.hu\/index.php\/2020\/04\/07\/elkaptak-azt-a-ferfit-aki-iskolakba-es-ovodakba-tort-be-videoval\/#primaryimage"},"thumbnailUrl":"https:\/\/dorogimedence.hu\/wp-content\/uploads\/2020\/04\/betores-01.jpg","keywords":["Bajna","bet\u00f6r\u00e9s","b\u0171ncselekm\u00e9ny","Dorog","lop\u00e1s","rend\u0151rs\u00e9gi h\u00edrek","S\u00e1ris\u00e1p","Tokod"],"articleSection":["Dorog","H\u00edrek","K\u00e9k h\u00edrek","Tokod"],"inLanguage":"hu"},{"@type":"WebPage","@id":"https:\/\/dorogimedence.hu\/index.php\/2020\/04\/07\/elkaptak-azt-a-ferfit-aki-iskolakba-es-ovodakba-tort-be-videoval\/","url":"https:\/\/dorogimedence.hu\/index.php\/2020\/04\/07\/elkaptak-azt-a-ferfit-aki-iskolakba-es-ovodakba-tort-be-videoval\/","name":"Elkapt\u00e1k azt a f\u00e9rfit, aki iskol\u00e1kba \u00e9s \u00f3vod\u00e1kba t\u00f6rt be - VIDE\u00d3VAL","isPartOf":{"@id":"https:\/\/dorogimedence.hu\/#website"},"primaryImageOfPage":{"@id":"https:\/\/dorogimedence.hu\/index.php\/2020\/04\/07\/elkaptak-azt-a-ferfit-aki-iskolakba-es-ovodakba-tort-be-videoval\/#primaryimage"},"image":{"@id":"https:\/\/dorogimedence.hu\/index.php\/2020\/04\/07\/elkaptak-azt-a-ferfit-aki-iskolakba-es-ovodakba-tort-be-videoval\/#primaryimage"},"thumbnailUrl":"https:\/\/dorogimedence.hu\/wp-content\/uploads\/2020\/04\/betores-01.jpg","datePublished":"2020-04-07T12:12:18+00:00","dateModified":"2020-04-07T12:12:28+00:00","breadcrumb":{"@id":"https:\/\/dorogimedence.hu\/index.php\/2020\/04\/07\/elkaptak-azt-a-ferfit-aki-iskolakba-es-ovodakba-tort-be-videoval\/#breadcrumb"},"inLanguage":"hu","potentialAction":[{"@type":"ReadAction","target":["https:\/\/dorogimedence.hu\/index.php\/2020\/04\/07\/elkaptak-azt-a-ferfit-aki-iskolakba-es-ovodakba-tort-be-videoval\/"]}]},{"@type":"ImageObject","inLanguage":"hu","@id":"https:\/\/dorogimedence.hu\/index.php\/2020\/04\/07\/elkaptak-azt-a-ferfit-aki-iskolakba-es-ovodakba-tort-be-videoval\/#primaryimage","url":"https:\/\/dorogimedence.hu\/wp-content\/uploads\/2020\/04\/betores-01.jpg","contentUrl":"https:\/\/dorogimedence.hu\/wp-content\/uploads\/2020\/04\/betores-01.jpg","width":670,"height":365},{"@type":"BreadcrumbList","@id":"https:\/\/dorogimedence.hu\/index.php\/2020\/04\/07\/elkaptak-azt-a-ferfit-aki-iskolakba-es-ovodakba-tort-be-videoval\/#breadcrumb","itemListElement":[{"@type":"ListItem","position":1,"name":"Kezd\u0151lap","item":"https:\/\/dorogimedence.hu\/"},{"@type":"ListItem","position":2,"name":"Elkapt\u00e1k azt a f\u00e9rfit, aki iskol\u00e1kba \u00e9s \u00f3vod\u00e1kba t\u00f6rt be &#8211; VIDE\u00d3VAL"}]},{"@type":"WebSite","@id":"https:\/\/dorogimedence.hu\/#website","url":"https:\/\/dorogimedence.hu\/","name":"Dorogi-medence Region\u00e1lis H\u00edrport\u00e1l","description":"Dorog, Keszt\u00f6lc, Le\u00e1nyv\u00e1r, Piliscs\u00e9v, Tokod, Tokodalt\u00e1r\u00f3, Csolnok, Esztergom-kertv\u00e1ros: h\u00edrek, programok","publisher":{"@id":"https:\/\/dorogimedence.hu\/#organization"},"potentialAction":[{"@type":"SearchAction","target":{"@type":"EntryPoint","urlTemplate":"https:\/\/dorogimedence.hu\/?s={search_term_string}"},"query-input":{"@type":"PropertyValueSpecification","valueRequired":true,"valueName":"search_term_string"}}],"inLanguage":"hu"},{"@type":"Organization","@id":"https:\/\/dorogimedence.hu\/#organization","name":"Dorogi-medence Region\u00e1lis H\u00edrport\u00e1l","url":"https:\/\/dorogimedence.hu\/","logo":{"@type":"ImageObject","inLanguage":"hu","@id":"https:\/\/dorogimedence.hu\/#\/schema\/logo\/image\/","url":"https:\/\/dorogimedence.hu\/wp-content\/uploads\/2021\/04\/logo-feher-600.png","contentUrl":"https:\/\/dorogimedence.hu\/wp-content\/uploads\/2021\/04\/logo-feher-600.png","width":600,"height":100,"caption":"Dorogi-medence Region\u00e1lis H\u00edrport\u00e1l"},"image":{"@id":"https:\/\/dorogimedence.hu\/#\/schema\/logo\/image\/"},"sameAs":["https:\/\/www.facebook.com\/dorogimedence\/"]},{"@type":"Person","@id":"https:\/\/dorogimedence.hu\/#\/schema\/person\/ce6091eeb7e95ecdc87890d6aa8e0fd4","name":"dorogimedence.hu","image":{"@type":"ImageObject","inLanguage":"hu","@id":"\/\/www.gravatar.com\/avatar\/d8d45f8901aadff40a4af72c0b826f1d?s=96&#038;r=g&#038;d=mm","url":"\/\/www.gravatar.com\/avatar\/d8d45f8901aadff40a4af72c0b826f1d?s=96&#038;r=g&#038;d=mm","contentUrl":"\/\/www.gravatar.com\/avatar\/d8d45f8901aadff40a4af72c0b826f1d?s=96&#038;r=g&#038;d=mm","caption":"dorogimedence.hu"}}]}},"_links":{"self":[{"href":"https:\/\/dorogimedence.hu\/index.php\/wp-json\/wp\/v2\/posts\/24165","targetHints":{"allow":["GET"]}}],"collection":[{"href":"https:\/\/dorogimedence.hu\/index.php\/wp-json\/wp\/v2\/posts"}],"about":[{"href":"https:\/\/dorogimedence.hu\/index.php\/wp-json\/wp\/v2\/types\/post"}],"author":[{"embeddable":true,"href":"https:\/\/dorogimedence.hu\/index.php\/wp-json\/wp\/v2\/users\/1"}],"replies":[{"embeddable":true,"href":"https:\/\/dorogimedence.hu\/index.php\/wp-json\/wp\/v2\/comments?post=24165"}],"version-history":[{"count":0,"href":"https:\/\/dorogimedence.hu\/index.php\/wp-json\/wp\/v2\/posts\/24165\/revisions"}],"wp:featuredmedia":[{"embeddable":true,"href":"https:\/\/dorogimedence.hu\/index.php\/wp-json\/wp\/v2\/media\/24166"}],"wp:attachment":[{"href":"https:\/\/dorogimedence.hu\/index.php\/wp-json\/wp\/v2\/media?parent=24165"}],"wp:term":[{"taxonomy":"category","embeddable":true,"href":"https:\/\/dorogimedence.hu\/index.php\/wp-json\/wp\/v2\/categories?post=24165"},{"taxonomy":"post_tag","embeddable":true,"href":"https:\/\/dorogimedence.hu\/index.php\/wp-json\/wp\/v2\/tags?post=24165"}],"curies":[{"name":"wp","href":"https:\/\/api.w.org\/{rel}","templated":true}]}}