{"id":23882,"date":"2020-03-25T12:51:25","date_gmt":"2020-03-25T11:51:25","guid":{"rendered":"http:\/\/dorogimedence.hu\/?p=23882"},"modified":"2020-03-25T12:51:51","modified_gmt":"2020-03-25T11:51:51","slug":"letartoztatasban-maradhat-a-szallodas-csalo-no","status":"publish","type":"post","link":"https:\/\/dorogimedence.hu\/index.php\/2020\/03\/25\/letartoztatasban-maradhat-a-szallodas-csalo-no\/","title":{"rendered":"Letart\u00f3ztat\u00e1sban maradhat a sz\u00e1llod\u00e1s csal\u00f3 n\u0151"},"content":{"rendered":"<p><strong>A n\u0151 a gyan\u00fa szerint tizenegy hotelnek okozott k\u00e1rt azzal, hogy a sz\u00e1ll\u00e1sok k\u00f6lts\u00e9geit nem fizette ki, az nem is \u00e1llt sz\u00e1nd\u00e9k\u00e1ban, k\u00e9t tov\u00e1bbi esetben b\u00e1r a sz\u00e1llod\u00e1kba bejelentkezett, azonban az el\u0151re k\u00e9rt sz\u00e1ll\u00e1sd\u00edjat nem fizette ki, illetve ig\u00e9ny\u00e9t elutas\u00edtott\u00e1k.<\/strong><\/p>\n<p>Az Esztergomi J\u00e1r\u00e1si \u00dcgy\u00e9szs\u00e9g\u00a0 a kisebb k\u00e1rt okoz\u00f3 \u00fczletszer\u0171en elk\u00f6vetett csal\u00e1s b\u0171ntette \u00e9s m\u00e1s b\u0171ncselekm\u00e9nyek miatt folyamatban l\u00e9v\u0151 nyomoz\u00e1s sor\u00e1n ind\u00edtv\u00e1nyozta egy olaszorsz\u00e1gi lak\u00f3hellyel rendelkez\u0151 n\u0151 letart\u00f3ztat\u00e1sa hat\u00e1ridej\u00e9nek \u00fajabb k\u00e9t h\u00f3nappal t\u00f6rt\u00e9n\u0151 meghosszabb\u00edt\u00e1s\u00e1t.<\/p>\n<p>Az ind\u00edtv\u00e1ny szerint\u00a0 a n\u0151 gyan\u00fas\u00edtott 2019. janu\u00e1r- m\u00e1jus k\u00f6z\u00f6tt internetes \u00faton, k\u00fcl\u00f6nb\u00f6z\u0151 e-mail c\u00edmekr\u0151l orsz\u00e1gszerte rendszeresen foglalt sz\u00e1ll\u00e1sokat, majd a sz\u00e1ll\u00e1shelyeken minden esetben \u00e1lnevet, val\u00f3tlan lakc\u00edmeket \u00e9s val\u00f3tlan el\u00e9rhet\u0151s\u00e9geket haszn\u00e1lva jelentkezett be, a sz\u00e1ll\u00e1sad\u00f3kat, illet\u0151leg a sz\u00e1ll\u00e1sad\u00f3 alkalmazottait megt\u00e9vesztve fizet\u00e9si sz\u00e1nd\u00e9k n\u00e9lk\u00fcl vette ig\u00e9nybe a sz\u00e1ll\u00e1shelyek szolg\u00e1ltat\u00e1sait, majd a sz\u00e1ll\u00e1sokr\u00f3l fizet\u00e9s n\u00e9lk\u00fcl t\u00e1vozott. Az elk\u00f6vet\u0151 minden egyes szobafoglal\u00e1sn\u00e1l a bejelent\u0151 lapokat hamis adatokkal kit\u00f6lt\u00f6tte \u00e9s azokat al\u00e1\u00edrta, ez\u00e1ltal hamis mag\u00e1nokiratokat haszn\u00e1lt fel.<\/p>\n<p>A csal\u00f3 n\u0151 egy esztergomi sz\u00e1llod\u00e1nak 157.240,-Ft., egy zebeg\u00e9nyi hotelnek 55.540,- Ft., egy egri panzi\u00f3nak 148.000,- Ft., egy miskolci hotelnek 173.100,- Ft., egy ny\u00edregyh\u00e1zi sz\u00e1ll\u00e1shelynek 142.578,-Ft., egy szolnoki hotelnek 247.250,- Ft., egy h\u00f3dmez\u0151v\u00e1s\u00e1rhelyi hotelnek\u00a0 113.540,- Ft., egy sz\u00e9kesfeh\u00e9rv\u00e1ri hotelnek 114.360,- Ft, egy velencei hotelnek 130.400,- Ft. k\u00e1rt okozott.<\/p>\n<p>Az egyik nagykanizsai hotelben 2019. 04 15. napj\u00e1n foglalt szob\u00e1t. A sz\u00e1ll\u00e1s elfoglal\u00e1sa \u00e9rdek\u00e9ben itt is \u00e1ln\u00e9ven bejelent\u0151 lapot t\u00f6lt\u00f6tt ki, melyek val\u00f3s adatainak nem feleltek meg. A foglal\u00e1s szerint 5 \u00e9jszak\u00e1t t\u00f6lt\u00f6tt volna a hotelben, melynek k\u00f6lts\u00e9g\u00e9t a sz\u00e1lloda recepci\u00f3sa \u2013 bels\u0151 szab\u00e1lyzatuknak megfelel\u0151en \u2013 el\u0151re k\u00e9rt kifizetni, azonban ennek nem tett eleget arra hivatkozva, hogy nincs n\u00e1la annyi p\u00e9nz \u00e9s a fizet\u00e9sre m\u00e1snap reggelig halad\u00e9kot k\u00e9rt. Ennek sor\u00e1n a sz\u00e1lloda recepci\u00f3sa k\u00f6z\u00f6lte vele, hogy erre nincs lehet\u0151s\u00e9ge, mire a gyan\u00fas\u00edtott arra hivatkozva, hogy az els\u0151 \u00e9jszaka rendez\u00e9se \u00e9rdek\u00e9ben p\u00e9nzt vesz mag\u00e1hoz, t\u00e1vozott a hotelb\u0151l, de oda m\u00e1r nem t\u00e9rt vissza.<\/p>\n<p>A gyan\u00fas\u00edtott r\u00f6gt\u00f6n egy m\u00e1sik nagykanizsai hotelbe jelentkezett be 6 \u00e9jszak\u00e1ra sz\u00f3l\u00f3 foglal\u00e1sra hivatkozva, itt is val\u00f3tlan szem\u00e9lyes adatokat adott meg. Az el\u0151z\u0151 hotel szem\u00e9lyzet\u00e9nek jelz\u00e9se alapj\u00e1n a val\u00f3tlan adatokkal bejelentkez\u00e9s t\u00e9ny\u00e9t meg\u00e1llap\u00edtott\u00e1k, ez\u00e9rt ig\u00e9ny\u00e9t elutas\u00edtott\u00e1k.<\/p>\n<p>A gyan\u00fas\u00edtott az \u00fcgyv\u00e9dj\u00e9n kereszt\u00fcl meg\u00fczente\u00a0 a hat\u00f3s\u00e1goknak, hogy az elj\u00e1r\u00e1sban nem k\u00edv\u00e1n r\u00e9szt venni, \u0151t a nyomoz\u00f3 hat\u00f3s\u00e1g elfogat\u00f3parancs alapj\u00e1n fogta el akkor, amikor egy balatonf\u00fcredi sz\u00e1llod\u00e1ban pr\u00f3b\u00e1lt, szint\u00e9n hamis adatokkal sz\u00e1ll\u00e1st foglalni.<\/p>\n<p>Az \u00fcgy\u00e9szs\u00e9g ind\u00edtv\u00e1ny\u00e1ra a nyomoz\u00e1si b\u00edr\u00f3 a n\u0151 letart\u00f3ztat\u00e1s\u00e1t 2019. december 4. napj\u00e1n rendelte el, illetve legut\u00f3bb 2020. \u00e1prilis 4. napj\u00e1ig meghosszabb\u00edtotta, mert megalapozottan feltehet\u0151, hogy a gyan\u00fas\u00edtott szabadl\u00e1bra ker\u00fcl\u00e9se eset\u00e9n a b\u00fcntet\u0151elj\u00e1r\u00e1sban el\u00e9rhetetlenn\u00e9 v\u00e1lna, illetve \u00fajabb szabads\u00e1gveszt\u00e9ssel b\u00fcntetend\u0151 b\u0171ncselekm\u00e9nyt k\u00f6vetne el, tov\u00e1bb\u00e1 a gyan\u00fas\u00edtott az egyik b\u0171ncselekm\u00e9ny miatti gyan\u00fas\u00edtotti kihallgat\u00e1s\u00e1t k\u00f6vet\u0151en k\u00f6vetett el \u00fajabb b\u0171ncselekm\u00e9nyt.<\/p>\n<p><strong>A nyomoz\u00e1s tov\u00e1bbra is folyamatban van, az \u00fcgy\u00e9szs\u00e9g ind\u00edtv\u00e1nya szerint a k\u00e9nyszerint\u00e9zked\u00e9s felt\u00e9telei v\u00e1ltozatlanul fenn \u00e1llanak, ez\u00e9rt ind\u00edtv\u00e1nyozta, hogy a nyomoz\u00e1si b\u00edr\u00f3 a letart\u00f3ztat\u00e1st 2020. j\u00fanius 4. napj\u00e1ig hosszabb\u00edtsa meg.<\/strong><\/p>\n<p><em>Forr\u00e1s: Kom\u00e1rom-Esztergom Megyei F\u0151\u00fcgy\u00e9szs\u00e9g Sajt\u00f3<\/em><\/p>\n","protected":false},"excerpt":{"rendered":"<p>A n\u0151 a gyan\u00fa szerint tizenegy hotelnek okozott k\u00e1rt azzal, hogy a sz\u00e1ll\u00e1sok k\u00f6lts\u00e9geit nem fizette ki, az nem is \u00e1llt sz\u00e1nd\u00e9k\u00e1ban, k\u00e9t tov\u00e1bbi esetben b\u00e1r a sz\u00e1llod\u00e1kba bejelentkezett, azonban az el\u0151re k\u00e9rt sz\u00e1ll\u00e1sd\u00edjat nem fizette ki, illetve ig\u00e9ny\u00e9t elutas\u00edtott\u00e1k. Az Esztergomi J\u00e1r\u00e1si \u00dcgy\u00e9szs\u00e9g\u00a0 a kisebb k\u00e1rt okoz\u00f3 \u00fczletszer\u0171en elk\u00f6vetett csal\u00e1s b\u0171ntette \u00e9s m\u00e1s b\u0171ncselekm\u00e9nyek<\/p>\n","protected":false},"author":1,"featured_media":7083,"comment_status":"closed","ping_status":"closed","sticky":false,"template":"","format":"standard","meta":{"ngg_post_thumbnail":0,"footnotes":""},"categories":[38,3,39],"tags":[1042,146,42,326],"class_list":{"0":"post-23882","1":"post","2":"type-post","3":"status-publish","4":"format-standard","5":"has-post-thumbnail","7":"category-esztergom","8":"category-hirek","9":"category-kek-hirek","10":"tag-birosag","11":"tag-csalas","12":"tag-esztergom","13":"tag-ugyeszseg"},"yoast_head":"<!-- This site is optimized with the Yoast SEO plugin v27.4 - https:\/\/yoast.com\/product\/yoast-seo-wordpress\/ -->\n<title>Letart\u00f3ztat\u00e1sban maradhat a sz\u00e1llod\u00e1s csal\u00f3 n\u0151<\/title>\n<meta name=\"robots\" content=\"index, follow, max-snippet:-1, max-image-preview:large, max-video-preview:-1\" \/>\n<link rel=\"canonical\" href=\"https:\/\/dorogimedence.hu\/index.php\/2020\/03\/25\/letartoztatasban-maradhat-a-szallodas-csalo-no\/\" class=\"yoast-seo-meta-tag\" \/>\n<meta property=\"og:locale\" content=\"hu_HU\" class=\"yoast-seo-meta-tag\" \/>\n<meta property=\"og:type\" content=\"article\" class=\"yoast-seo-meta-tag\" \/>\n<meta property=\"og:title\" content=\"Letart\u00f3ztat\u00e1sban maradhat a sz\u00e1llod\u00e1s csal\u00f3 n\u0151\" class=\"yoast-seo-meta-tag\" \/>\n<meta property=\"og:description\" content=\"A n\u0151 a gyan\u00fa szerint tizenegy hotelnek okozott k\u00e1rt azzal, hogy a sz\u00e1ll\u00e1sok k\u00f6lts\u00e9geit nem fizette ki, az nem is \u00e1llt sz\u00e1nd\u00e9k\u00e1ban, k\u00e9t tov\u00e1bbi esetben b\u00e1r a sz\u00e1llod\u00e1kba bejelentkezett, azonban az el\u0151re k\u00e9rt sz\u00e1ll\u00e1sd\u00edjat nem fizette ki, illetve ig\u00e9ny\u00e9t elutas\u00edtott\u00e1k. Az Esztergomi J\u00e1r\u00e1si \u00dcgy\u00e9szs\u00e9g\u00a0 a kisebb k\u00e1rt okoz\u00f3 \u00fczletszer\u0171en elk\u00f6vetett csal\u00e1s b\u0171ntette \u00e9s m\u00e1s b\u0171ncselekm\u00e9nyek\" class=\"yoast-seo-meta-tag\" \/>\n<meta property=\"og:url\" content=\"https:\/\/dorogimedence.hu\/index.php\/2020\/03\/25\/letartoztatasban-maradhat-a-szallodas-csalo-no\/\" class=\"yoast-seo-meta-tag\" \/>\n<meta property=\"og:site_name\" content=\"Dorogi-medence Region\u00e1lis H\u00edrport\u00e1l\" class=\"yoast-seo-meta-tag\" \/>\n<meta property=\"article:publisher\" content=\"https:\/\/www.facebook.com\/dorogimedence\/\" class=\"yoast-seo-meta-tag\" \/>\n<meta property=\"article:published_time\" content=\"2020-03-25T11:51:25+00:00\" class=\"yoast-seo-meta-tag\" \/>\n<meta property=\"article:modified_time\" content=\"2020-03-25T11:51:51+00:00\" class=\"yoast-seo-meta-tag\" \/>\n<meta property=\"og:image\" content=\"https:\/\/i0.wp.com\/dorogimedence.hu\/wp-content\/uploads\/2017\/11\/bilincs05.jpg?fit=670%2C365&ssl=1\" class=\"yoast-seo-meta-tag\" \/>\n\t<meta property=\"og:image:width\" content=\"670\" class=\"yoast-seo-meta-tag\" \/>\n\t<meta property=\"og:image:height\" content=\"365\" class=\"yoast-seo-meta-tag\" \/>\n\t<meta property=\"og:image:type\" content=\"image\/jpeg\" class=\"yoast-seo-meta-tag\" \/>\n<meta name=\"author\" content=\"dorogimedence.hu\" class=\"yoast-seo-meta-tag\" \/>\n<meta name=\"twitter:card\" content=\"summary_large_image\" class=\"yoast-seo-meta-tag\" \/>\n<meta name=\"twitter:label1\" content=\"Szerz\u0151:\" class=\"yoast-seo-meta-tag\" \/>\n\t<meta name=\"twitter:data1\" content=\"dorogimedence.hu\" class=\"yoast-seo-meta-tag\" \/>\n\t<meta name=\"twitter:label2\" content=\"Becs\u00fclt olvas\u00e1si id\u0151\" class=\"yoast-seo-meta-tag\" \/>\n\t<meta name=\"twitter:data2\" content=\"4 perc\" class=\"yoast-seo-meta-tag\" \/>\n<script type=\"application\/ld+json\" class=\"yoast-schema-graph\">{\"@context\":\"https:\\\/\\\/schema.org\",\"@graph\":[{\"@type\":\"Article\",\"@id\":\"https:\\\/\\\/dorogimedence.hu\\\/index.php\\\/2020\\\/03\\\/25\\\/letartoztatasban-maradhat-a-szallodas-csalo-no\\\/#article\",\"isPartOf\":{\"@id\":\"https:\\\/\\\/dorogimedence.hu\\\/index.php\\\/2020\\\/03\\\/25\\\/letartoztatasban-maradhat-a-szallodas-csalo-no\\\/\"},\"author\":{\"name\":\"dorogimedence.hu\",\"@id\":\"https:\\\/\\\/dorogimedence.hu\\\/#\\\/schema\\\/person\\\/ce6091eeb7e95ecdc87890d6aa8e0fd4\"},\"headline\":\"Letart\u00f3ztat\u00e1sban maradhat a sz\u00e1llod\u00e1s csal\u00f3 n\u0151\",\"datePublished\":\"2020-03-25T11:51:25+00:00\",\"dateModified\":\"2020-03-25T11:51:51+00:00\",\"mainEntityOfPage\":{\"@id\":\"https:\\\/\\\/dorogimedence.hu\\\/index.php\\\/2020\\\/03\\\/25\\\/letartoztatasban-maradhat-a-szallodas-csalo-no\\\/\"},\"wordCount\":749,\"publisher\":{\"@id\":\"https:\\\/\\\/dorogimedence.hu\\\/#organization\"},\"image\":{\"@id\":\"https:\\\/\\\/dorogimedence.hu\\\/index.php\\\/2020\\\/03\\\/25\\\/letartoztatasban-maradhat-a-szallodas-csalo-no\\\/#primaryimage\"},\"thumbnailUrl\":\"https:\\\/\\\/dorogimedence.hu\\\/wp-content\\\/uploads\\\/2017\\\/11\\\/bilincs05.jpg\",\"keywords\":[\"b\u00edr\u00f3s\u00e1g\",\"csal\u00e1s\",\"esztergom\",\"\u00fcgy\u00e9szs\u00e9g\"],\"articleSection\":[\"Esztergom\",\"H\u00edrek\",\"K\u00e9k h\u00edrek\"],\"inLanguage\":\"hu\"},{\"@type\":\"WebPage\",\"@id\":\"https:\\\/\\\/dorogimedence.hu\\\/index.php\\\/2020\\\/03\\\/25\\\/letartoztatasban-maradhat-a-szallodas-csalo-no\\\/\",\"url\":\"https:\\\/\\\/dorogimedence.hu\\\/index.php\\\/2020\\\/03\\\/25\\\/letartoztatasban-maradhat-a-szallodas-csalo-no\\\/\",\"name\":\"Letart\u00f3ztat\u00e1sban maradhat a sz\u00e1llod\u00e1s csal\u00f3 n\u0151\",\"isPartOf\":{\"@id\":\"https:\\\/\\\/dorogimedence.hu\\\/#website\"},\"primaryImageOfPage\":{\"@id\":\"https:\\\/\\\/dorogimedence.hu\\\/index.php\\\/2020\\\/03\\\/25\\\/letartoztatasban-maradhat-a-szallodas-csalo-no\\\/#primaryimage\"},\"image\":{\"@id\":\"https:\\\/\\\/dorogimedence.hu\\\/index.php\\\/2020\\\/03\\\/25\\\/letartoztatasban-maradhat-a-szallodas-csalo-no\\\/#primaryimage\"},\"thumbnailUrl\":\"https:\\\/\\\/dorogimedence.hu\\\/wp-content\\\/uploads\\\/2017\\\/11\\\/bilincs05.jpg\",\"datePublished\":\"2020-03-25T11:51:25+00:00\",\"dateModified\":\"2020-03-25T11:51:51+00:00\",\"breadcrumb\":{\"@id\":\"https:\\\/\\\/dorogimedence.hu\\\/index.php\\\/2020\\\/03\\\/25\\\/letartoztatasban-maradhat-a-szallodas-csalo-no\\\/#breadcrumb\"},\"inLanguage\":\"hu\",\"potentialAction\":[{\"@type\":\"ReadAction\",\"target\":[\"https:\\\/\\\/dorogimedence.hu\\\/index.php\\\/2020\\\/03\\\/25\\\/letartoztatasban-maradhat-a-szallodas-csalo-no\\\/\"]}]},{\"@type\":\"ImageObject\",\"inLanguage\":\"hu\",\"@id\":\"https:\\\/\\\/dorogimedence.hu\\\/index.php\\\/2020\\\/03\\\/25\\\/letartoztatasban-maradhat-a-szallodas-csalo-no\\\/#primaryimage\",\"url\":\"https:\\\/\\\/dorogimedence.hu\\\/wp-content\\\/uploads\\\/2017\\\/11\\\/bilincs05.jpg\",\"contentUrl\":\"https:\\\/\\\/dorogimedence.hu\\\/wp-content\\\/uploads\\\/2017\\\/11\\\/bilincs05.jpg\",\"width\":670,\"height\":365},{\"@type\":\"BreadcrumbList\",\"@id\":\"https:\\\/\\\/dorogimedence.hu\\\/index.php\\\/2020\\\/03\\\/25\\\/letartoztatasban-maradhat-a-szallodas-csalo-no\\\/#breadcrumb\",\"itemListElement\":[{\"@type\":\"ListItem\",\"position\":1,\"name\":\"Kezd\u0151lap\",\"item\":\"https:\\\/\\\/dorogimedence.hu\\\/\"},{\"@type\":\"ListItem\",\"position\":2,\"name\":\"Letart\u00f3ztat\u00e1sban maradhat a sz\u00e1llod\u00e1s csal\u00f3 n\u0151\"}]},{\"@type\":\"WebSite\",\"@id\":\"https:\\\/\\\/dorogimedence.hu\\\/#website\",\"url\":\"https:\\\/\\\/dorogimedence.hu\\\/\",\"name\":\"Dorogi-medence Region\u00e1lis H\u00edrport\u00e1l\",\"description\":\"Dorog, Keszt\u00f6lc, Le\u00e1nyv\u00e1r, Piliscs\u00e9v, Tokod, Tokodalt\u00e1r\u00f3, Csolnok, Esztergom-kertv\u00e1ros: h\u00edrek, programok\",\"publisher\":{\"@id\":\"https:\\\/\\\/dorogimedence.hu\\\/#organization\"},\"potentialAction\":[{\"@type\":\"SearchAction\",\"target\":{\"@type\":\"EntryPoint\",\"urlTemplate\":\"https:\\\/\\\/dorogimedence.hu\\\/?s={search_term_string}\"},\"query-input\":{\"@type\":\"PropertyValueSpecification\",\"valueRequired\":true,\"valueName\":\"search_term_string\"}}],\"inLanguage\":\"hu\"},{\"@type\":\"Organization\",\"@id\":\"https:\\\/\\\/dorogimedence.hu\\\/#organization\",\"name\":\"Dorogi-medence Region\u00e1lis H\u00edrport\u00e1l\",\"url\":\"https:\\\/\\\/dorogimedence.hu\\\/\",\"logo\":{\"@type\":\"ImageObject\",\"inLanguage\":\"hu\",\"@id\":\"https:\\\/\\\/dorogimedence.hu\\\/#\\\/schema\\\/logo\\\/image\\\/\",\"url\":\"https:\\\/\\\/dorogimedence.hu\\\/wp-content\\\/uploads\\\/2021\\\/04\\\/logo-feher-600.png\",\"contentUrl\":\"https:\\\/\\\/dorogimedence.hu\\\/wp-content\\\/uploads\\\/2021\\\/04\\\/logo-feher-600.png\",\"width\":600,\"height\":100,\"caption\":\"Dorogi-medence Region\u00e1lis H\u00edrport\u00e1l\"},\"image\":{\"@id\":\"https:\\\/\\\/dorogimedence.hu\\\/#\\\/schema\\\/logo\\\/image\\\/\"},\"sameAs\":[\"https:\\\/\\\/www.facebook.com\\\/dorogimedence\\\/\"]},{\"@type\":\"Person\",\"@id\":\"https:\\\/\\\/dorogimedence.hu\\\/#\\\/schema\\\/person\\\/ce6091eeb7e95ecdc87890d6aa8e0fd4\",\"name\":\"dorogimedence.hu\",\"image\":{\"@type\":\"ImageObject\",\"inLanguage\":\"hu\",\"@id\":\"\\\/\\\/www.gravatar.com\\\/avatar\\\/d8d45f8901aadff40a4af72c0b826f1d?s=96&#038;r=g&#038;d=mm\",\"url\":\"\\\/\\\/www.gravatar.com\\\/avatar\\\/d8d45f8901aadff40a4af72c0b826f1d?s=96&#038;r=g&#038;d=mm\",\"contentUrl\":\"\\\/\\\/www.gravatar.com\\\/avatar\\\/d8d45f8901aadff40a4af72c0b826f1d?s=96&#038;r=g&#038;d=mm\",\"caption\":\"dorogimedence.hu\"}}]}<\/script>\n<!-- \/ Yoast SEO plugin. -->","yoast_head_json":{"title":"Letart\u00f3ztat\u00e1sban maradhat a sz\u00e1llod\u00e1s csal\u00f3 n\u0151","robots":{"index":"index","follow":"follow","max-snippet":"max-snippet:-1","max-image-preview":"max-image-preview:large","max-video-preview":"max-video-preview:-1"},"canonical":"https:\/\/dorogimedence.hu\/index.php\/2020\/03\/25\/letartoztatasban-maradhat-a-szallodas-csalo-no\/","og_locale":"hu_HU","og_type":"article","og_title":"Letart\u00f3ztat\u00e1sban maradhat a sz\u00e1llod\u00e1s csal\u00f3 n\u0151","og_description":"A n\u0151 a gyan\u00fa szerint tizenegy hotelnek okozott k\u00e1rt azzal, hogy a sz\u00e1ll\u00e1sok k\u00f6lts\u00e9geit nem fizette ki, az nem is \u00e1llt sz\u00e1nd\u00e9k\u00e1ban, k\u00e9t tov\u00e1bbi esetben b\u00e1r a sz\u00e1llod\u00e1kba bejelentkezett, azonban az el\u0151re k\u00e9rt sz\u00e1ll\u00e1sd\u00edjat nem fizette ki, illetve ig\u00e9ny\u00e9t elutas\u00edtott\u00e1k. Az Esztergomi J\u00e1r\u00e1si \u00dcgy\u00e9szs\u00e9g\u00a0 a kisebb k\u00e1rt okoz\u00f3 \u00fczletszer\u0171en elk\u00f6vetett csal\u00e1s b\u0171ntette \u00e9s m\u00e1s b\u0171ncselekm\u00e9nyek","og_url":"https:\/\/dorogimedence.hu\/index.php\/2020\/03\/25\/letartoztatasban-maradhat-a-szallodas-csalo-no\/","og_site_name":"Dorogi-medence Region\u00e1lis H\u00edrport\u00e1l","article_publisher":"https:\/\/www.facebook.com\/dorogimedence\/","article_published_time":"2020-03-25T11:51:25+00:00","article_modified_time":"2020-03-25T11:51:51+00:00","og_image":[{"width":670,"height":365,"url":"https:\/\/i0.wp.com\/dorogimedence.hu\/wp-content\/uploads\/2017\/11\/bilincs05.jpg?fit=670%2C365&ssl=1","type":"image\/jpeg"}],"author":"dorogimedence.hu","twitter_card":"summary_large_image","twitter_misc":{"Szerz\u0151:":"dorogimedence.hu","Becs\u00fclt olvas\u00e1si id\u0151":"4 perc"},"schema":{"@context":"https:\/\/schema.org","@graph":[{"@type":"Article","@id":"https:\/\/dorogimedence.hu\/index.php\/2020\/03\/25\/letartoztatasban-maradhat-a-szallodas-csalo-no\/#article","isPartOf":{"@id":"https:\/\/dorogimedence.hu\/index.php\/2020\/03\/25\/letartoztatasban-maradhat-a-szallodas-csalo-no\/"},"author":{"name":"dorogimedence.hu","@id":"https:\/\/dorogimedence.hu\/#\/schema\/person\/ce6091eeb7e95ecdc87890d6aa8e0fd4"},"headline":"Letart\u00f3ztat\u00e1sban maradhat a sz\u00e1llod\u00e1s csal\u00f3 n\u0151","datePublished":"2020-03-25T11:51:25+00:00","dateModified":"2020-03-25T11:51:51+00:00","mainEntityOfPage":{"@id":"https:\/\/dorogimedence.hu\/index.php\/2020\/03\/25\/letartoztatasban-maradhat-a-szallodas-csalo-no\/"},"wordCount":749,"publisher":{"@id":"https:\/\/dorogimedence.hu\/#organization"},"image":{"@id":"https:\/\/dorogimedence.hu\/index.php\/2020\/03\/25\/letartoztatasban-maradhat-a-szallodas-csalo-no\/#primaryimage"},"thumbnailUrl":"https:\/\/dorogimedence.hu\/wp-content\/uploads\/2017\/11\/bilincs05.jpg","keywords":["b\u00edr\u00f3s\u00e1g","csal\u00e1s","esztergom","\u00fcgy\u00e9szs\u00e9g"],"articleSection":["Esztergom","H\u00edrek","K\u00e9k h\u00edrek"],"inLanguage":"hu"},{"@type":"WebPage","@id":"https:\/\/dorogimedence.hu\/index.php\/2020\/03\/25\/letartoztatasban-maradhat-a-szallodas-csalo-no\/","url":"https:\/\/dorogimedence.hu\/index.php\/2020\/03\/25\/letartoztatasban-maradhat-a-szallodas-csalo-no\/","name":"Letart\u00f3ztat\u00e1sban maradhat a sz\u00e1llod\u00e1s csal\u00f3 n\u0151","isPartOf":{"@id":"https:\/\/dorogimedence.hu\/#website"},"primaryImageOfPage":{"@id":"https:\/\/dorogimedence.hu\/index.php\/2020\/03\/25\/letartoztatasban-maradhat-a-szallodas-csalo-no\/#primaryimage"},"image":{"@id":"https:\/\/dorogimedence.hu\/index.php\/2020\/03\/25\/letartoztatasban-maradhat-a-szallodas-csalo-no\/#primaryimage"},"thumbnailUrl":"https:\/\/dorogimedence.hu\/wp-content\/uploads\/2017\/11\/bilincs05.jpg","datePublished":"2020-03-25T11:51:25+00:00","dateModified":"2020-03-25T11:51:51+00:00","breadcrumb":{"@id":"https:\/\/dorogimedence.hu\/index.php\/2020\/03\/25\/letartoztatasban-maradhat-a-szallodas-csalo-no\/#breadcrumb"},"inLanguage":"hu","potentialAction":[{"@type":"ReadAction","target":["https:\/\/dorogimedence.hu\/index.php\/2020\/03\/25\/letartoztatasban-maradhat-a-szallodas-csalo-no\/"]}]},{"@type":"ImageObject","inLanguage":"hu","@id":"https:\/\/dorogimedence.hu\/index.php\/2020\/03\/25\/letartoztatasban-maradhat-a-szallodas-csalo-no\/#primaryimage","url":"https:\/\/dorogimedence.hu\/wp-content\/uploads\/2017\/11\/bilincs05.jpg","contentUrl":"https:\/\/dorogimedence.hu\/wp-content\/uploads\/2017\/11\/bilincs05.jpg","width":670,"height":365},{"@type":"BreadcrumbList","@id":"https:\/\/dorogimedence.hu\/index.php\/2020\/03\/25\/letartoztatasban-maradhat-a-szallodas-csalo-no\/#breadcrumb","itemListElement":[{"@type":"ListItem","position":1,"name":"Kezd\u0151lap","item":"https:\/\/dorogimedence.hu\/"},{"@type":"ListItem","position":2,"name":"Letart\u00f3ztat\u00e1sban maradhat a sz\u00e1llod\u00e1s csal\u00f3 n\u0151"}]},{"@type":"WebSite","@id":"https:\/\/dorogimedence.hu\/#website","url":"https:\/\/dorogimedence.hu\/","name":"Dorogi-medence Region\u00e1lis H\u00edrport\u00e1l","description":"Dorog, Keszt\u00f6lc, Le\u00e1nyv\u00e1r, Piliscs\u00e9v, Tokod, Tokodalt\u00e1r\u00f3, Csolnok, Esztergom-kertv\u00e1ros: h\u00edrek, programok","publisher":{"@id":"https:\/\/dorogimedence.hu\/#organization"},"potentialAction":[{"@type":"SearchAction","target":{"@type":"EntryPoint","urlTemplate":"https:\/\/dorogimedence.hu\/?s={search_term_string}"},"query-input":{"@type":"PropertyValueSpecification","valueRequired":true,"valueName":"search_term_string"}}],"inLanguage":"hu"},{"@type":"Organization","@id":"https:\/\/dorogimedence.hu\/#organization","name":"Dorogi-medence Region\u00e1lis H\u00edrport\u00e1l","url":"https:\/\/dorogimedence.hu\/","logo":{"@type":"ImageObject","inLanguage":"hu","@id":"https:\/\/dorogimedence.hu\/#\/schema\/logo\/image\/","url":"https:\/\/dorogimedence.hu\/wp-content\/uploads\/2021\/04\/logo-feher-600.png","contentUrl":"https:\/\/dorogimedence.hu\/wp-content\/uploads\/2021\/04\/logo-feher-600.png","width":600,"height":100,"caption":"Dorogi-medence Region\u00e1lis H\u00edrport\u00e1l"},"image":{"@id":"https:\/\/dorogimedence.hu\/#\/schema\/logo\/image\/"},"sameAs":["https:\/\/www.facebook.com\/dorogimedence\/"]},{"@type":"Person","@id":"https:\/\/dorogimedence.hu\/#\/schema\/person\/ce6091eeb7e95ecdc87890d6aa8e0fd4","name":"dorogimedence.hu","image":{"@type":"ImageObject","inLanguage":"hu","@id":"\/\/www.gravatar.com\/avatar\/d8d45f8901aadff40a4af72c0b826f1d?s=96&#038;r=g&#038;d=mm","url":"\/\/www.gravatar.com\/avatar\/d8d45f8901aadff40a4af72c0b826f1d?s=96&#038;r=g&#038;d=mm","contentUrl":"\/\/www.gravatar.com\/avatar\/d8d45f8901aadff40a4af72c0b826f1d?s=96&#038;r=g&#038;d=mm","caption":"dorogimedence.hu"}}]}},"_links":{"self":[{"href":"https:\/\/dorogimedence.hu\/index.php\/wp-json\/wp\/v2\/posts\/23882","targetHints":{"allow":["GET"]}}],"collection":[{"href":"https:\/\/dorogimedence.hu\/index.php\/wp-json\/wp\/v2\/posts"}],"about":[{"href":"https:\/\/dorogimedence.hu\/index.php\/wp-json\/wp\/v2\/types\/post"}],"author":[{"embeddable":true,"href":"https:\/\/dorogimedence.hu\/index.php\/wp-json\/wp\/v2\/users\/1"}],"replies":[{"embeddable":true,"href":"https:\/\/dorogimedence.hu\/index.php\/wp-json\/wp\/v2\/comments?post=23882"}],"version-history":[{"count":0,"href":"https:\/\/dorogimedence.hu\/index.php\/wp-json\/wp\/v2\/posts\/23882\/revisions"}],"wp:featuredmedia":[{"embeddable":true,"href":"https:\/\/dorogimedence.hu\/index.php\/wp-json\/wp\/v2\/media\/7083"}],"wp:attachment":[{"href":"https:\/\/dorogimedence.hu\/index.php\/wp-json\/wp\/v2\/media?parent=23882"}],"wp:term":[{"taxonomy":"category","embeddable":true,"href":"https:\/\/dorogimedence.hu\/index.php\/wp-json\/wp\/v2\/categories?post=23882"},{"taxonomy":"post_tag","embeddable":true,"href":"https:\/\/dorogimedence.hu\/index.php\/wp-json\/wp\/v2\/tags?post=23882"}],"curies":[{"name":"wp","href":"https:\/\/api.w.org\/{rel}","templated":true}]}}