{"id":23868,"date":"2020-03-25T10:39:33","date_gmt":"2020-03-25T09:39:33","guid":{"rendered":"http:\/\/dorogimedence.hu\/?p=23868"},"modified":"2020-03-25T10:39:40","modified_gmt":"2020-03-25T09:39:40","slug":"vajda-gellert-kapusedzokent-is-segiti-a-dorogi-fc-t","status":"publish","type":"post","link":"https:\/\/dorogimedence.hu\/index.php\/2020\/03\/25\/vajda-gellert-kapusedzokent-is-segiti-a-dorogi-fc-t\/","title":{"rendered":"Vajda Gell\u00e9rt kapusedz\u0151k\u00e9nt is seg\u00edti a Dorogi FC-t"},"content":{"rendered":"<p><strong>A Dorogi FC interj\u00fasorozatot ind\u00edtott, hogy a szurkol\u00f3k tov\u00e1bbra is kapcsolatban \u00e1lhassanak a klubbal. A sorozat els\u0151 r\u00e9sz\u00e9ben Vajda Gell\u00e9rttel besz\u00e9lgetnek, aki az U14-es koroszt\u00e1lyt\u00f3l id\u0151sebbek kapusedz\u0151je.<\/strong><\/p>\n<p>2014 \u00f3ta tagja a labdar\u00fag\u00f3 NB II-ben szerepl\u0151 Dorogi FC keret\u00e9nek Vajda Gell\u00e9rt, igaz, a szakmai st\u00e1b az\u00f3ta mindv\u00e9gig cserekapusk\u00e9nt sz\u00e1m\u00edtott r\u00e1, \u00edgy \u00f6sszesen csak 17 t\u00e9tm\u00e9rk\u0151z\u00e9s szerepel a neve mellett. A kapust ez azonban nem zavarja, s\u0151t az ut\u00f3bbi id\u0151szakban nemcsak j\u00e1t\u00e9kosk\u00e9nt seg\u00edti a klubot, hanem \u0151 az U14-es koroszt\u00e1lyt\u00f3l id\u0151sebbek kapusedz\u0151je is.<\/p>\n<p>\u201e<em>Nagyon r\u00e9g\u00f3ta Dorogon vagyok, nem gondoltam volna akkoriban, hogy m\u00e9g most is itt leszek<\/em> \u2013 mondta a kapus a klub honlapj\u00e1n, a <span style=\"text-decoration: underline; color: #0000ff;\"><a style=\"color: #0000ff; text-decoration: underline;\" href=\"http:\/\/www.dorogifc.hu\/hu\/news\/1__avagy_beszelgetes_vajda_gellerttel\" target=\"_blank\" rel=\"noopener noreferrer\">dorogifc.hu<\/a><\/span>-n. \u2013 <em>Egyszer vagy k\u00e9tszer felvet\u0151d\u00f6tt a t\u00e1voz\u00e1s lehet\u0151s\u00e9ge a kev\u00e9s szerepl\u00e9s miatt, de \u00f6r\u00fcl\u00f6k, hogy m\u00e9g mindig itt vagyok, m\u00e1r helyinek sz\u00e1m\u00edtok. A bajnoks\u00e1gban felem\u00e1san produk\u00e1lt a csapat, de rem\u00e9lem, a sz\u00fcnet ut\u00e1n pozit\u00edv lesz a szerepl\u00e9s\u00fcnk, \u00e9s oda\u00e9r\u00fcnk abba a poz\u00edci\u00f3ba, amit eltervezt\u00fcnk a szezon el\u0151tt. A Magyar Kupa-szerepl\u00e9s\u00fcnk j\u00f3l mutat, b\u00e1r az MTK elleni p\u00e1rharcban t\u00f6bb is lehetett volna, de ez mar \u00edgy alakult<\/em>.\u201d<\/p>\n<p><strong>Vajda Gell\u00e9rt<\/strong> a v\u00e9d\u00e9s mellett \u00e9lvezi a kapusedz\u0151i munk\u00e1t is.<\/p>\n<p>\u201e<em>Nagy lehet\u0151s\u00e9gnek fogom fel, hogy \u00e9n lehetek az U14-es koroszt\u00e1lyt\u00f3l id\u0151sebbek kapusedz\u0151je<\/em> \u2013 folytatta. \u2013 <em>Nagy felel\u0151ss\u00e9g ez, pr\u00f3b\u00e1lom j\u00f3l csin\u00e1lni. Borsiczki Bendi m\u00e1r a feln\u0151ttkeret kapusaival edz, de ez Bel\u00e1nyi Istv\u00e1n munk\u00e1j\u00e1nak k\u00f6sz\u00f6nhet\u0151. \u00dagy gondolom, j\u00f3 kapusaink vannak az ut\u00e1np\u00f3tl\u00e1sban, \u00e9s b\u00edzom benne, hogy p\u00e1r \u00e9v m\u00falva valamelyik\u00fck a csapatt\u00e1rsam lesz a feln\u0151ttkeretben, \u00e9s akkor elmondhatom majd, hogy valamit j\u00f3l csin\u00e1ltunk!&#8221;<\/em><\/p>\n<p>A koronav\u00edrus-j\u00e1rv\u00e1ny miatti k\u00e9nyszersz\u00fcnetet a 27 esztend\u0151s kapus igyekszik hasznosan kihaszn\u00e1lni.<\/p>\n<p><em>\u201ePr\u00f3b\u00e1ljuk teljes m\u00e9rt\u00e9kben a szab\u00e1lyokat betartani, \u00edgy szinte v\u00e9gig itthon vagyunk a csal\u00e1ddal. Szerencs\u00e9re kertes h\u00e1zban \u00e9l\u00fcnk, \u00edgy az\u00e9rt jobban elviselhet\u0151 az eg\u00e9sz. Most van id\u0151 a kertben dolgozni, \u00edgy pr\u00f3balom hasznosan, kerti munk\u00e1val elt\u00f6lteni a k\u00e9nyszersz\u00fcnetet. A klubt\u00f3l kaptunk edz\u00e9sprogramot, amelyet meg kell csin\u00e1lnunk, hogy ha \u00fajb\u00f3l elkezdhet\u00fcnk edz\u00e9sre j\u00e1rni, a lehet\u0151 legjobb \u00e1llapotban t\u00e9rj\u00fcnk vissza.\u201d<\/em><\/p>\n<p><strong>A teljes interj\u00fat I<a href=\"http:\/\/www.dorogifc.hu\/hu\/news\/1__avagy_beszelgetes_vajda_gellerttel\" target=\"_blank\" rel=\"noopener noreferrer\"><span style=\"text-decoration: underline;\"><span style=\"color: #0000ff; text-decoration: underline;\">DE KATTINTVA<\/span><\/span><\/a> olvashatj\u00e1k el!<\/strong><\/p>\n<p><em>Forr\u00e1s: dorogifc.hu \/ nemzetisport.hu<br \/>\nFot\u00f3: dorogifc.hu<\/em><\/p>\n","protected":false},"excerpt":{"rendered":"<p>A Dorogi FC interj\u00fasorozatot ind\u00edtott, hogy a szurkol\u00f3k tov\u00e1bbra is kapcsolatban \u00e1lhassanak a klubbal. A sorozat els\u0151 r\u00e9sz\u00e9ben Vajda Gell\u00e9rttel besz\u00e9lgetnek, aki az U14-es koroszt\u00e1lyt\u00f3l id\u0151sebbek kapusedz\u0151je. 2014 \u00f3ta tagja a labdar\u00fag\u00f3 NB II-ben szerepl\u0151 Dorogi FC keret\u00e9nek Vajda Gell\u00e9rt, igaz, a szakmai st\u00e1b az\u00f3ta mindv\u00e9gig cserekapusk\u00e9nt sz\u00e1m\u00edtott r\u00e1, \u00edgy \u00f6sszesen csak 17 t\u00e9tm\u00e9rk\u0151z\u00e9s szerepel<\/p>\n","protected":false},"author":1,"featured_media":23869,"comment_status":"closed","ping_status":"closed","sticky":false,"template":"","format":"standard","meta":{"ngg_post_thumbnail":0,"footnotes":""},"categories":[2,3,5],"tags":[15,37,70,69,72,16],"class_list":{"0":"post-23868","1":"post","2":"type-post","3":"status-publish","4":"format-standard","5":"has-post-thumbnail","7":"category-dorog","8":"category-hirek","9":"category-sport","10":"tag-dorog","11":"tag-dorogi-fc","12":"tag-foci","13":"tag-futball","14":"tag-labdarugas","15":"tag-sport"},"yoast_head":"<!-- This site is optimized with the Yoast SEO plugin v27.5 - https:\/\/yoast.com\/product\/yoast-seo-wordpress\/ -->\n<title>Vajda Gell\u00e9rt kapusedz\u0151k\u00e9nt is seg\u00edti a Dorogi FC-t<\/title>\n<meta name=\"robots\" content=\"index, follow, max-snippet:-1, max-image-preview:large, max-video-preview:-1\" \/>\n<link rel=\"canonical\" href=\"https:\/\/dorogimedence.hu\/index.php\/2020\/03\/25\/vajda-gellert-kapusedzokent-is-segiti-a-dorogi-fc-t\/\" class=\"yoast-seo-meta-tag\" \/>\n<meta property=\"og:locale\" content=\"hu_HU\" class=\"yoast-seo-meta-tag\" \/>\n<meta property=\"og:type\" content=\"article\" class=\"yoast-seo-meta-tag\" \/>\n<meta property=\"og:title\" content=\"Vajda Gell\u00e9rt kapusedz\u0151k\u00e9nt is seg\u00edti a Dorogi FC-t\" class=\"yoast-seo-meta-tag\" \/>\n<meta property=\"og:description\" content=\"A Dorogi FC interj\u00fasorozatot ind\u00edtott, hogy a szurkol\u00f3k tov\u00e1bbra is kapcsolatban \u00e1lhassanak a klubbal. A sorozat els\u0151 r\u00e9sz\u00e9ben Vajda Gell\u00e9rttel besz\u00e9lgetnek, aki az U14-es koroszt\u00e1lyt\u00f3l id\u0151sebbek kapusedz\u0151je. 2014 \u00f3ta tagja a labdar\u00fag\u00f3 NB II-ben szerepl\u0151 Dorogi FC keret\u00e9nek Vajda Gell\u00e9rt, igaz, a szakmai st\u00e1b az\u00f3ta mindv\u00e9gig cserekapusk\u00e9nt sz\u00e1m\u00edtott r\u00e1, \u00edgy \u00f6sszesen csak 17 t\u00e9tm\u00e9rk\u0151z\u00e9s szerepel\" class=\"yoast-seo-meta-tag\" \/>\n<meta property=\"og:url\" content=\"https:\/\/dorogimedence.hu\/index.php\/2020\/03\/25\/vajda-gellert-kapusedzokent-is-segiti-a-dorogi-fc-t\/\" class=\"yoast-seo-meta-tag\" \/>\n<meta property=\"og:site_name\" content=\"Dorogi-medence Region\u00e1lis H\u00edrport\u00e1l\" class=\"yoast-seo-meta-tag\" \/>\n<meta property=\"article:publisher\" content=\"https:\/\/www.facebook.com\/dorogimedence\/\" class=\"yoast-seo-meta-tag\" \/>\n<meta property=\"article:published_time\" content=\"2020-03-25T09:39:33+00:00\" class=\"yoast-seo-meta-tag\" \/>\n<meta property=\"article:modified_time\" content=\"2020-03-25T09:39:40+00:00\" class=\"yoast-seo-meta-tag\" \/>\n<meta property=\"og:image\" content=\"https:\/\/i0.wp.com\/dorogimedence.hu\/wp-content\/uploads\/2020\/03\/vajda-gellert.jpg?fit=670%2C365&ssl=1\" class=\"yoast-seo-meta-tag\" \/>\n\t<meta property=\"og:image:width\" content=\"670\" class=\"yoast-seo-meta-tag\" \/>\n\t<meta property=\"og:image:height\" content=\"365\" class=\"yoast-seo-meta-tag\" \/>\n\t<meta property=\"og:image:type\" content=\"image\/jpeg\" class=\"yoast-seo-meta-tag\" \/>\n<meta name=\"author\" content=\"dorogimedence.hu\" class=\"yoast-seo-meta-tag\" \/>\n<meta name=\"twitter:card\" content=\"summary_large_image\" class=\"yoast-seo-meta-tag\" \/>\n<meta name=\"twitter:label1\" content=\"Szerz\u0151:\" class=\"yoast-seo-meta-tag\" \/>\n\t<meta name=\"twitter:data1\" content=\"dorogimedence.hu\" class=\"yoast-seo-meta-tag\" \/>\n\t<meta name=\"twitter:label2\" content=\"Becs\u00fclt olvas\u00e1si id\u0151\" class=\"yoast-seo-meta-tag\" \/>\n\t<meta name=\"twitter:data2\" content=\"2 perc\" class=\"yoast-seo-meta-tag\" \/>\n<script type=\"application\/ld+json\" class=\"yoast-schema-graph\">{\"@context\":\"https:\\\/\\\/schema.org\",\"@graph\":[{\"@type\":\"Article\",\"@id\":\"https:\\\/\\\/dorogimedence.hu\\\/index.php\\\/2020\\\/03\\\/25\\\/vajda-gellert-kapusedzokent-is-segiti-a-dorogi-fc-t\\\/#article\",\"isPartOf\":{\"@id\":\"https:\\\/\\\/dorogimedence.hu\\\/index.php\\\/2020\\\/03\\\/25\\\/vajda-gellert-kapusedzokent-is-segiti-a-dorogi-fc-t\\\/\"},\"author\":{\"name\":\"dorogimedence.hu\",\"@id\":\"https:\\\/\\\/dorogimedence.hu\\\/#\\\/schema\\\/person\\\/ce6091eeb7e95ecdc87890d6aa8e0fd4\"},\"headline\":\"Vajda Gell\u00e9rt kapusedz\u0151k\u00e9nt is seg\u00edti a Dorogi FC-t\",\"datePublished\":\"2020-03-25T09:39:33+00:00\",\"dateModified\":\"2020-03-25T09:39:40+00:00\",\"mainEntityOfPage\":{\"@id\":\"https:\\\/\\\/dorogimedence.hu\\\/index.php\\\/2020\\\/03\\\/25\\\/vajda-gellert-kapusedzokent-is-segiti-a-dorogi-fc-t\\\/\"},\"wordCount\":483,\"publisher\":{\"@id\":\"https:\\\/\\\/dorogimedence.hu\\\/#organization\"},\"image\":{\"@id\":\"https:\\\/\\\/dorogimedence.hu\\\/index.php\\\/2020\\\/03\\\/25\\\/vajda-gellert-kapusedzokent-is-segiti-a-dorogi-fc-t\\\/#primaryimage\"},\"thumbnailUrl\":\"https:\\\/\\\/dorogimedence.hu\\\/wp-content\\\/uploads\\\/2020\\\/03\\\/vajda-gellert.jpg\",\"keywords\":[\"Dorog\",\"Dorogi FC\",\"foci\",\"futball\",\"labdar\u00fag\u00e1s\",\"sport\"],\"articleSection\":[\"Dorog\",\"H\u00edrek\",\"Sport\"],\"inLanguage\":\"hu\"},{\"@type\":\"WebPage\",\"@id\":\"https:\\\/\\\/dorogimedence.hu\\\/index.php\\\/2020\\\/03\\\/25\\\/vajda-gellert-kapusedzokent-is-segiti-a-dorogi-fc-t\\\/\",\"url\":\"https:\\\/\\\/dorogimedence.hu\\\/index.php\\\/2020\\\/03\\\/25\\\/vajda-gellert-kapusedzokent-is-segiti-a-dorogi-fc-t\\\/\",\"name\":\"Vajda Gell\u00e9rt kapusedz\u0151k\u00e9nt is seg\u00edti a Dorogi FC-t\",\"isPartOf\":{\"@id\":\"https:\\\/\\\/dorogimedence.hu\\\/#website\"},\"primaryImageOfPage\":{\"@id\":\"https:\\\/\\\/dorogimedence.hu\\\/index.php\\\/2020\\\/03\\\/25\\\/vajda-gellert-kapusedzokent-is-segiti-a-dorogi-fc-t\\\/#primaryimage\"},\"image\":{\"@id\":\"https:\\\/\\\/dorogimedence.hu\\\/index.php\\\/2020\\\/03\\\/25\\\/vajda-gellert-kapusedzokent-is-segiti-a-dorogi-fc-t\\\/#primaryimage\"},\"thumbnailUrl\":\"https:\\\/\\\/dorogimedence.hu\\\/wp-content\\\/uploads\\\/2020\\\/03\\\/vajda-gellert.jpg\",\"datePublished\":\"2020-03-25T09:39:33+00:00\",\"dateModified\":\"2020-03-25T09:39:40+00:00\",\"breadcrumb\":{\"@id\":\"https:\\\/\\\/dorogimedence.hu\\\/index.php\\\/2020\\\/03\\\/25\\\/vajda-gellert-kapusedzokent-is-segiti-a-dorogi-fc-t\\\/#breadcrumb\"},\"inLanguage\":\"hu\",\"potentialAction\":[{\"@type\":\"ReadAction\",\"target\":[\"https:\\\/\\\/dorogimedence.hu\\\/index.php\\\/2020\\\/03\\\/25\\\/vajda-gellert-kapusedzokent-is-segiti-a-dorogi-fc-t\\\/\"]}]},{\"@type\":\"ImageObject\",\"inLanguage\":\"hu\",\"@id\":\"https:\\\/\\\/dorogimedence.hu\\\/index.php\\\/2020\\\/03\\\/25\\\/vajda-gellert-kapusedzokent-is-segiti-a-dorogi-fc-t\\\/#primaryimage\",\"url\":\"https:\\\/\\\/dorogimedence.hu\\\/wp-content\\\/uploads\\\/2020\\\/03\\\/vajda-gellert.jpg\",\"contentUrl\":\"https:\\\/\\\/dorogimedence.hu\\\/wp-content\\\/uploads\\\/2020\\\/03\\\/vajda-gellert.jpg\",\"width\":670,\"height\":365},{\"@type\":\"BreadcrumbList\",\"@id\":\"https:\\\/\\\/dorogimedence.hu\\\/index.php\\\/2020\\\/03\\\/25\\\/vajda-gellert-kapusedzokent-is-segiti-a-dorogi-fc-t\\\/#breadcrumb\",\"itemListElement\":[{\"@type\":\"ListItem\",\"position\":1,\"name\":\"Kezd\u0151lap\",\"item\":\"https:\\\/\\\/dorogimedence.hu\\\/\"},{\"@type\":\"ListItem\",\"position\":2,\"name\":\"Vajda Gell\u00e9rt kapusedz\u0151k\u00e9nt is seg\u00edti a Dorogi FC-t\"}]},{\"@type\":\"WebSite\",\"@id\":\"https:\\\/\\\/dorogimedence.hu\\\/#website\",\"url\":\"https:\\\/\\\/dorogimedence.hu\\\/\",\"name\":\"Dorogi-medence Region\u00e1lis H\u00edrport\u00e1l\",\"description\":\"Dorog, Keszt\u00f6lc, Le\u00e1nyv\u00e1r, Piliscs\u00e9v, Tokod, Tokodalt\u00e1r\u00f3, Csolnok, Esztergom-kertv\u00e1ros: h\u00edrek, programok\",\"publisher\":{\"@id\":\"https:\\\/\\\/dorogimedence.hu\\\/#organization\"},\"potentialAction\":[{\"@type\":\"SearchAction\",\"target\":{\"@type\":\"EntryPoint\",\"urlTemplate\":\"https:\\\/\\\/dorogimedence.hu\\\/?s={search_term_string}\"},\"query-input\":{\"@type\":\"PropertyValueSpecification\",\"valueRequired\":true,\"valueName\":\"search_term_string\"}}],\"inLanguage\":\"hu\"},{\"@type\":\"Organization\",\"@id\":\"https:\\\/\\\/dorogimedence.hu\\\/#organization\",\"name\":\"Dorogi-medence Region\u00e1lis H\u00edrport\u00e1l\",\"url\":\"https:\\\/\\\/dorogimedence.hu\\\/\",\"logo\":{\"@type\":\"ImageObject\",\"inLanguage\":\"hu\",\"@id\":\"https:\\\/\\\/dorogimedence.hu\\\/#\\\/schema\\\/logo\\\/image\\\/\",\"url\":\"https:\\\/\\\/dorogimedence.hu\\\/wp-content\\\/uploads\\\/2021\\\/04\\\/logo-feher-600.png\",\"contentUrl\":\"https:\\\/\\\/dorogimedence.hu\\\/wp-content\\\/uploads\\\/2021\\\/04\\\/logo-feher-600.png\",\"width\":600,\"height\":100,\"caption\":\"Dorogi-medence Region\u00e1lis H\u00edrport\u00e1l\"},\"image\":{\"@id\":\"https:\\\/\\\/dorogimedence.hu\\\/#\\\/schema\\\/logo\\\/image\\\/\"},\"sameAs\":[\"https:\\\/\\\/www.facebook.com\\\/dorogimedence\\\/\"]},{\"@type\":\"Person\",\"@id\":\"https:\\\/\\\/dorogimedence.hu\\\/#\\\/schema\\\/person\\\/ce6091eeb7e95ecdc87890d6aa8e0fd4\",\"name\":\"dorogimedence.hu\",\"image\":{\"@type\":\"ImageObject\",\"inLanguage\":\"hu\",\"@id\":\"\\\/\\\/www.gravatar.com\\\/avatar\\\/d8d45f8901aadff40a4af72c0b826f1d?s=96&#038;r=g&#038;d=mm\",\"url\":\"\\\/\\\/www.gravatar.com\\\/avatar\\\/d8d45f8901aadff40a4af72c0b826f1d?s=96&#038;r=g&#038;d=mm\",\"contentUrl\":\"\\\/\\\/www.gravatar.com\\\/avatar\\\/d8d45f8901aadff40a4af72c0b826f1d?s=96&#038;r=g&#038;d=mm\",\"caption\":\"dorogimedence.hu\"}}]}<\/script>\n<!-- \/ Yoast SEO plugin. -->","yoast_head_json":{"title":"Vajda Gell\u00e9rt kapusedz\u0151k\u00e9nt is seg\u00edti a Dorogi FC-t","robots":{"index":"index","follow":"follow","max-snippet":"max-snippet:-1","max-image-preview":"max-image-preview:large","max-video-preview":"max-video-preview:-1"},"canonical":"https:\/\/dorogimedence.hu\/index.php\/2020\/03\/25\/vajda-gellert-kapusedzokent-is-segiti-a-dorogi-fc-t\/","og_locale":"hu_HU","og_type":"article","og_title":"Vajda Gell\u00e9rt kapusedz\u0151k\u00e9nt is seg\u00edti a Dorogi FC-t","og_description":"A Dorogi FC interj\u00fasorozatot ind\u00edtott, hogy a szurkol\u00f3k tov\u00e1bbra is kapcsolatban \u00e1lhassanak a klubbal. A sorozat els\u0151 r\u00e9sz\u00e9ben Vajda Gell\u00e9rttel besz\u00e9lgetnek, aki az U14-es koroszt\u00e1lyt\u00f3l id\u0151sebbek kapusedz\u0151je. 2014 \u00f3ta tagja a labdar\u00fag\u00f3 NB II-ben szerepl\u0151 Dorogi FC keret\u00e9nek Vajda Gell\u00e9rt, igaz, a szakmai st\u00e1b az\u00f3ta mindv\u00e9gig cserekapusk\u00e9nt sz\u00e1m\u00edtott r\u00e1, \u00edgy \u00f6sszesen csak 17 t\u00e9tm\u00e9rk\u0151z\u00e9s szerepel","og_url":"https:\/\/dorogimedence.hu\/index.php\/2020\/03\/25\/vajda-gellert-kapusedzokent-is-segiti-a-dorogi-fc-t\/","og_site_name":"Dorogi-medence Region\u00e1lis H\u00edrport\u00e1l","article_publisher":"https:\/\/www.facebook.com\/dorogimedence\/","article_published_time":"2020-03-25T09:39:33+00:00","article_modified_time":"2020-03-25T09:39:40+00:00","og_image":[{"width":670,"height":365,"url":"https:\/\/i0.wp.com\/dorogimedence.hu\/wp-content\/uploads\/2020\/03\/vajda-gellert.jpg?fit=670%2C365&ssl=1","type":"image\/jpeg"}],"author":"dorogimedence.hu","twitter_card":"summary_large_image","twitter_misc":{"Szerz\u0151:":"dorogimedence.hu","Becs\u00fclt olvas\u00e1si id\u0151":"2 perc"},"schema":{"@context":"https:\/\/schema.org","@graph":[{"@type":"Article","@id":"https:\/\/dorogimedence.hu\/index.php\/2020\/03\/25\/vajda-gellert-kapusedzokent-is-segiti-a-dorogi-fc-t\/#article","isPartOf":{"@id":"https:\/\/dorogimedence.hu\/index.php\/2020\/03\/25\/vajda-gellert-kapusedzokent-is-segiti-a-dorogi-fc-t\/"},"author":{"name":"dorogimedence.hu","@id":"https:\/\/dorogimedence.hu\/#\/schema\/person\/ce6091eeb7e95ecdc87890d6aa8e0fd4"},"headline":"Vajda Gell\u00e9rt kapusedz\u0151k\u00e9nt is seg\u00edti a Dorogi FC-t","datePublished":"2020-03-25T09:39:33+00:00","dateModified":"2020-03-25T09:39:40+00:00","mainEntityOfPage":{"@id":"https:\/\/dorogimedence.hu\/index.php\/2020\/03\/25\/vajda-gellert-kapusedzokent-is-segiti-a-dorogi-fc-t\/"},"wordCount":483,"publisher":{"@id":"https:\/\/dorogimedence.hu\/#organization"},"image":{"@id":"https:\/\/dorogimedence.hu\/index.php\/2020\/03\/25\/vajda-gellert-kapusedzokent-is-segiti-a-dorogi-fc-t\/#primaryimage"},"thumbnailUrl":"https:\/\/dorogimedence.hu\/wp-content\/uploads\/2020\/03\/vajda-gellert.jpg","keywords":["Dorog","Dorogi FC","foci","futball","labdar\u00fag\u00e1s","sport"],"articleSection":["Dorog","H\u00edrek","Sport"],"inLanguage":"hu"},{"@type":"WebPage","@id":"https:\/\/dorogimedence.hu\/index.php\/2020\/03\/25\/vajda-gellert-kapusedzokent-is-segiti-a-dorogi-fc-t\/","url":"https:\/\/dorogimedence.hu\/index.php\/2020\/03\/25\/vajda-gellert-kapusedzokent-is-segiti-a-dorogi-fc-t\/","name":"Vajda Gell\u00e9rt kapusedz\u0151k\u00e9nt is seg\u00edti a Dorogi FC-t","isPartOf":{"@id":"https:\/\/dorogimedence.hu\/#website"},"primaryImageOfPage":{"@id":"https:\/\/dorogimedence.hu\/index.php\/2020\/03\/25\/vajda-gellert-kapusedzokent-is-segiti-a-dorogi-fc-t\/#primaryimage"},"image":{"@id":"https:\/\/dorogimedence.hu\/index.php\/2020\/03\/25\/vajda-gellert-kapusedzokent-is-segiti-a-dorogi-fc-t\/#primaryimage"},"thumbnailUrl":"https:\/\/dorogimedence.hu\/wp-content\/uploads\/2020\/03\/vajda-gellert.jpg","datePublished":"2020-03-25T09:39:33+00:00","dateModified":"2020-03-25T09:39:40+00:00","breadcrumb":{"@id":"https:\/\/dorogimedence.hu\/index.php\/2020\/03\/25\/vajda-gellert-kapusedzokent-is-segiti-a-dorogi-fc-t\/#breadcrumb"},"inLanguage":"hu","potentialAction":[{"@type":"ReadAction","target":["https:\/\/dorogimedence.hu\/index.php\/2020\/03\/25\/vajda-gellert-kapusedzokent-is-segiti-a-dorogi-fc-t\/"]}]},{"@type":"ImageObject","inLanguage":"hu","@id":"https:\/\/dorogimedence.hu\/index.php\/2020\/03\/25\/vajda-gellert-kapusedzokent-is-segiti-a-dorogi-fc-t\/#primaryimage","url":"https:\/\/dorogimedence.hu\/wp-content\/uploads\/2020\/03\/vajda-gellert.jpg","contentUrl":"https:\/\/dorogimedence.hu\/wp-content\/uploads\/2020\/03\/vajda-gellert.jpg","width":670,"height":365},{"@type":"BreadcrumbList","@id":"https:\/\/dorogimedence.hu\/index.php\/2020\/03\/25\/vajda-gellert-kapusedzokent-is-segiti-a-dorogi-fc-t\/#breadcrumb","itemListElement":[{"@type":"ListItem","position":1,"name":"Kezd\u0151lap","item":"https:\/\/dorogimedence.hu\/"},{"@type":"ListItem","position":2,"name":"Vajda Gell\u00e9rt kapusedz\u0151k\u00e9nt is seg\u00edti a Dorogi FC-t"}]},{"@type":"WebSite","@id":"https:\/\/dorogimedence.hu\/#website","url":"https:\/\/dorogimedence.hu\/","name":"Dorogi-medence Region\u00e1lis H\u00edrport\u00e1l","description":"Dorog, Keszt\u00f6lc, Le\u00e1nyv\u00e1r, Piliscs\u00e9v, Tokod, Tokodalt\u00e1r\u00f3, Csolnok, Esztergom-kertv\u00e1ros: h\u00edrek, programok","publisher":{"@id":"https:\/\/dorogimedence.hu\/#organization"},"potentialAction":[{"@type":"SearchAction","target":{"@type":"EntryPoint","urlTemplate":"https:\/\/dorogimedence.hu\/?s={search_term_string}"},"query-input":{"@type":"PropertyValueSpecification","valueRequired":true,"valueName":"search_term_string"}}],"inLanguage":"hu"},{"@type":"Organization","@id":"https:\/\/dorogimedence.hu\/#organization","name":"Dorogi-medence Region\u00e1lis H\u00edrport\u00e1l","url":"https:\/\/dorogimedence.hu\/","logo":{"@type":"ImageObject","inLanguage":"hu","@id":"https:\/\/dorogimedence.hu\/#\/schema\/logo\/image\/","url":"https:\/\/dorogimedence.hu\/wp-content\/uploads\/2021\/04\/logo-feher-600.png","contentUrl":"https:\/\/dorogimedence.hu\/wp-content\/uploads\/2021\/04\/logo-feher-600.png","width":600,"height":100,"caption":"Dorogi-medence Region\u00e1lis H\u00edrport\u00e1l"},"image":{"@id":"https:\/\/dorogimedence.hu\/#\/schema\/logo\/image\/"},"sameAs":["https:\/\/www.facebook.com\/dorogimedence\/"]},{"@type":"Person","@id":"https:\/\/dorogimedence.hu\/#\/schema\/person\/ce6091eeb7e95ecdc87890d6aa8e0fd4","name":"dorogimedence.hu","image":{"@type":"ImageObject","inLanguage":"hu","@id":"\/\/www.gravatar.com\/avatar\/d8d45f8901aadff40a4af72c0b826f1d?s=96&#038;r=g&#038;d=mm","url":"\/\/www.gravatar.com\/avatar\/d8d45f8901aadff40a4af72c0b826f1d?s=96&#038;r=g&#038;d=mm","contentUrl":"\/\/www.gravatar.com\/avatar\/d8d45f8901aadff40a4af72c0b826f1d?s=96&#038;r=g&#038;d=mm","caption":"dorogimedence.hu"}}]}},"_links":{"self":[{"href":"https:\/\/dorogimedence.hu\/index.php\/wp-json\/wp\/v2\/posts\/23868","targetHints":{"allow":["GET"]}}],"collection":[{"href":"https:\/\/dorogimedence.hu\/index.php\/wp-json\/wp\/v2\/posts"}],"about":[{"href":"https:\/\/dorogimedence.hu\/index.php\/wp-json\/wp\/v2\/types\/post"}],"author":[{"embeddable":true,"href":"https:\/\/dorogimedence.hu\/index.php\/wp-json\/wp\/v2\/users\/1"}],"replies":[{"embeddable":true,"href":"https:\/\/dorogimedence.hu\/index.php\/wp-json\/wp\/v2\/comments?post=23868"}],"version-history":[{"count":0,"href":"https:\/\/dorogimedence.hu\/index.php\/wp-json\/wp\/v2\/posts\/23868\/revisions"}],"wp:featuredmedia":[{"embeddable":true,"href":"https:\/\/dorogimedence.hu\/index.php\/wp-json\/wp\/v2\/media\/23869"}],"wp:attachment":[{"href":"https:\/\/dorogimedence.hu\/index.php\/wp-json\/wp\/v2\/media?parent=23868"}],"wp:term":[{"taxonomy":"category","embeddable":true,"href":"https:\/\/dorogimedence.hu\/index.php\/wp-json\/wp\/v2\/categories?post=23868"},{"taxonomy":"post_tag","embeddable":true,"href":"https:\/\/dorogimedence.hu\/index.php\/wp-json\/wp\/v2\/tags?post=23868"}],"curies":[{"name":"wp","href":"https:\/\/api.w.org\/{rel}","templated":true}]}}