{"id":23707,"date":"2020-03-17T07:27:47","date_gmt":"2020-03-17T06:27:47","guid":{"rendered":"http:\/\/dorogimedence.hu\/?p=23707"},"modified":"2020-03-17T07:27:58","modified_gmt":"2020-03-17T06:27:58","slug":"a-magyar-kozlonyben-is-megjelent-az-uj-kormanyrendelet","status":"publish","type":"post","link":"https:\/\/dorogimedence.hu\/index.php\/2020\/03\/17\/a-magyar-kozlonyben-is-megjelent-az-uj-kormanyrendelet\/","title":{"rendered":"A Magyar K\u00f6zl\u00f6nyben is megjelent az \u00faj korm\u00e1nyrendelet"},"content":{"rendered":"<p><strong>A koronav\u00edrus-j\u00e1rv\u00e1ny k\u00f6z\u00f6ss\u00e9gben terjed a leggyorsabban. Ez\u00e9rt komoly, a csoportosul\u00e1sokat korl\u00e1toz\u00f3 int\u00e9zked\u00e9sek l\u00e9pnek \u00e9letbe a vend\u00e9gl\u00e1t\u00f3helyekre, \u00fczletekre, tilos a rendezv\u00e9nyek szervez\u00e9se, a mozik \u00e9s m\u00e1s kultur\u00e1lis int\u00e9zm\u00e9nyek l\u00e1togat\u00e1sa. A korm\u00e1ny arra k\u00e9ri az id\u0151seket, hogy ne hagyj\u00e1k el otthonaikat. Az \u00faj int\u00e9zked\u00e9seket Orb\u00e1n Viktor minisztereln\u00f6k h\u00e9tf\u0151n az Orsz\u00e1ggy\u0171l\u00e9sben jelentette be.<\/strong><\/p>\n<p>A r\u00e9szleteket tartalmaz\u00f3 korm\u00e1nyrendelet megjelent a Magyar K\u00f6zl\u00f6nyben \u00e9s 2020. m\u00e1rcius 17-\u00e9n, kedden m\u00e1r \u00e9letbe is l\u00e9p.<\/p>\n<p>1) Beutaz\u00e1si tilalom a k\u00fclf\u00f6ldi \u00e1llampolg\u00e1roknak\u00a0(teh\u00e1t m\u00e1r nem csak az Olaszorsz\u00e1gb\u00f3l, K\u00edn\u00e1b\u00f3l, D\u00e9l-Kore\u00e1b\u00f3l \u00e9s Ir\u00e1nb\u00f3l \u00e9rkez\u0151 k\u00fclf\u00f6ldieknek).<\/p>\n<p>2) A vend\u00e9gl\u00e1t\u00f3helyek nyitvatart\u00e1s\u00e1nak korl\u00e1toz\u00e1sa. Kiz\u00e1r\u00f3lag reggel 6 \u00f3ra \u00e9s d\u00e9lut\u00e1n 3 \u00f3ra k\u00f6z\u00f6tt lehetnek nyitva, ezen id\u0151szakon t\u00fal csak az ott foglalkoztatottak, valamint az \u00e9telt elvitelre rendel\u0151k tart\u00f3zkodhatnak ezekben a helys\u00e9gekben.<\/p>\n<p>3) Az \u00fczletek nyitvatart\u00e1s\u00e1nak korl\u00e1toz\u00e1sa. Kiz\u00e1r\u00f3lag reggel 6 \u00f3ra \u00e9s d\u00e9lut\u00e1n 3 \u00f3ra k\u00f6z\u00f6tt lehetnek nyitva\u00a0&#8211; az\u00a0\u00e9lelmiszert, az\u00a0illatszert, a\u00a0drog\u00e9riai term\u00e9ket, a\u00a0h\u00e1ztart\u00e1si tiszt\u00edt\u00f3szert, a\u00a0vegyi \u00e1rut \u00e9s a\u00a0higi\u00e9niai pap\u00edrterm\u00e9ket \u00e1rus\u00edt\u00f3 \u00fczlet, tov\u00e1bb\u00e1 a\u00a0gy\u00f3gyszert\u00e1r, a\u00a0gy\u00f3gy\u00e1szati seg\u00e9deszk\u00f6zt forgalmaz\u00f3 \u00fczlet, az\u00a0\u00fczemanyag-t\u00f6lt\u0151\u00e1llom\u00e1s \u00e9s a\u00a0 doh\u00e1nybolt kiv\u00e9tel\u00e9vel<strong>.<\/strong><\/p>\n<p>4)\u00a0A korm\u00e1ny arra k\u00e9ri a 70. \u00e9let\u00e9v\u00fcket bet\u00f6lt\u00f6tteket, hogy ne hagyj\u00e1k el otthonukat, \u00e9s ha ezt v\u00e1llalj\u00e1k, az\u00a0\u00f6nkorm\u00e1nyzat gondoskodik az ell\u00e1t\u00e1sukr\u00f3l.<\/p>\n<p>5)\u00a0L\u00e9tsz\u00e1mt\u00f3l f\u00fcggetlen\u00fcl tilos a z\u00e1rt \u00e9s szabadt\u00e9ri rendezv\u00e9nyek, valamint gy\u0171l\u00e9sek szervez\u00e9se. Ez al\u00f3l csak a vall\u00e1si k\u00f6z\u00f6ss\u00e9gek szertart\u00e1sai, a polg\u00e1ri h\u00e1zass\u00e1gk\u00f6t\u00e9sek \u00e9s a temet\u00e9sek jelentenek kiv\u00e9telt.<\/p>\n<p>6)\u00a0Sportrendezv\u00e9ny n\u00e9z\u0151k n\u00e9lk\u00fcl, z\u00e1rt kapuk m\u00f6g\u00f6tt\u00a0tarthat\u00f3 meg.<\/p>\n<p>7)\u00a0Tilos a\u00a0l\u00e1togat\u00e1sa\u00a0pl. a sz\u00ednh\u00e1zaknak, t\u00e1ncos \u00e9s zenei rendezv\u00e9nyeknek, moziknak, m\u00fazeumoknak, k\u00f6nyvt\u00e1raknak, k\u00f6zm\u0171vel\u0151d\u00e9si int\u00e9zm\u00e9nyeknek stb.\u00a0Ott kiz\u00e1r\u00f3lag az ott foglalkoztatottak tart\u00f3zkodhatnak.<\/p>\n<p>8)\u00a0Szab\u00e1lys\u00e9rt\u00e9st k\u00f6vet el,\u00a0aki a fenti (vend\u00e9gl\u00e1t\u00f3helyekre, \u00fczletekre, rendezv\u00e9nyekre, kultur\u00e1lis esem\u00e9nyekre elrendelt) l\u00e1togat\u00e1si tilalmakat megszegi, amely ak\u00e1r\u00a0f\u00e9lmilli\u00f3\u00a0forintos p\u00e9nzb\u00edrs\u00e1ggal\u00a0is s\u00fajthat\u00f3.<\/p>\n<p>9)\u00a0A korl\u00e1toz\u00f3 int\u00e9zked\u00e9sek betart\u00e1s\u00e1t a\u00a0rend\u0151rs\u00e9g ellen\u0151rzi\u00a0\u00e9s\u00a0szankcion\u00e1lja.<\/p>\n<p>10)\u00a0A korm\u00e1nyhivatalok \u00e1ltal ki\u00e1ll\u00edtott\u00a0hivatalos okm\u00e1nyokat kiz\u00e1r\u00f3lag postai \u00faton\u00a0k\u00e9zbes\u00edtik,\u00a0szem\u00e9lyes \u00e1tv\u00e9tel\u00e9re\u00a0nem lesz lehet\u0151s\u00e9g.<\/p>\n<p>11)\u00a0A j\u00e1rv\u00e1ny terjed\u00e9s\u00e9nek modellez\u00e9se, elemz\u00e9se c\u00e9lj\u00e1b\u00f3l\u00a0az innov\u00e1ci\u00f3\u00e9rt \u00e9s technol\u00f3gi\u00e1\u00e9rt felel\u0151s miniszter b\u00e1rmely rendelkez\u00e9sre \u00e1ll\u00f3 adat megismer\u00e9s\u00e9re, kezel\u00e9s\u00e9re jogosult. Az\u00a0\u00e1llami, \u00f6nkorm\u00e1nyzati szervek, valamint a v\u00e1llalkoz\u00e1sok \u00e9s mag\u00e1nszem\u00e9lyek pedig k\u00f6telesek megadni a k\u00e9rt adatokat.<\/p>\n<p>12) Az emberi er\u0151forr\u00e1sok minisztere &#8211; a\u00a0j\u00e1rv\u00e1ny\u00fcgyi hat\u00f3s\u00e1g k\u00f6zrem\u0171k\u00f6d\u00e9s\u00e9vel &#8211;\u00a0felm\u00e9ri \u00e9s\u00a0nyilv\u00e1ntart\u00e1sba veszi\u00a0azoknak a\u00a0k\u00f6z\u00e9p- \u00e9s fels\u0151fok\u00fa eg\u00e9szs\u00e9g\u00fcgyi szakk\u00e9pz\u00e9sben,\u00a0tov\u00e1bb\u00e1 f\u0151iskolai vagy egyetemi szint\u0171\u00a0eg\u00e9szs\u00e9g\u00fcgyi alapk\u00e9pz\u00e9sben, fels\u0151oktat\u00e1sban\u00a0szoci\u00e1lis alapk\u00e9pz\u00e9sben, valamint az\u00a0eg\u00e9szs\u00e9g\u00fcgyi \u00e9s szoci\u00e1lis akkredit\u00e1lt iskolai rendszer\u0171\u00a0szakk\u00e9pz\u00e9sben nappali tagozaton\u00a0r\u00e9szt vev\u0151 hallgat\u00f3knak az adatait,\u00a0akik bevonhat\u00f3k az eg\u00e9szs\u00e9g\u00fcgyi v\u00e1ls\u00e1ghelyzeti feladatok ell\u00e1t\u00e1s\u00e1ba.<\/p>\n<p><em>Magyar K\u00f6zl\u00f6ny:<\/em> <span style=\"text-decoration: underline; color: #0000ff;\"><em><a style=\"color: #0000ff; text-decoration: underline;\" href=\"https:\/\/magyarkozlony.hu\/hivatalos-lapok\/KsSFtBbPPLHVeuKz2OA95e6aa2448e919\/dokumentumok\/c4210b08dd73832b3ca261193f85d508498c9718\/letoltes\" target=\"_blank\" rel=\"noopener noreferrer\">https:\/\/magyarkozlony.hu\/hivatalos-lapok\/KsSFtBbPPLHVeuKz2OA95e6aa2448e919\/dokumentumok\/c4210b08dd73832b3ca261193f85d508498c9718\/letoltes<\/a><\/em><\/span><\/p>\n<p><em>Forr\u00e1s: koronavirus.gov.hu<br \/>\nFot\u00f3: Orb\u00e1n Viktor Facebook oldala<br \/>\n<\/em><\/p>\n","protected":false},"excerpt":{"rendered":"<p>A koronav\u00edrus-j\u00e1rv\u00e1ny k\u00f6z\u00f6ss\u00e9gben terjed a leggyorsabban. Ez\u00e9rt komoly, a csoportosul\u00e1sokat korl\u00e1toz\u00f3 int\u00e9zked\u00e9sek l\u00e9pnek \u00e9letbe a vend\u00e9gl\u00e1t\u00f3helyekre, \u00fczletekre, tilos a rendezv\u00e9nyek szervez\u00e9se, a mozik \u00e9s m\u00e1s kultur\u00e1lis int\u00e9zm\u00e9nyek l\u00e1togat\u00e1sa. A korm\u00e1ny arra k\u00e9ri az id\u0151seket, hogy ne hagyj\u00e1k el otthonaikat. Az \u00faj int\u00e9zked\u00e9seket Orb\u00e1n Viktor minisztereln\u00f6k h\u00e9tf\u0151n az Orsz\u00e1ggy\u0171l\u00e9sben jelentette be. A r\u00e9szleteket tartalmaz\u00f3 korm\u00e1nyrendelet megjelent<\/p>\n","protected":false},"author":1,"featured_media":23635,"comment_status":"closed","ping_status":"closed","sticky":false,"template":"","format":"standard","meta":{"ngg_post_thumbnail":0,"footnotes":""},"categories":[3],"tags":[4774,4738,4775],"class_list":{"0":"post-23707","1":"post","2":"type-post","3":"status-publish","4":"format-standard","5":"has-post-thumbnail","7":"category-hirek","8":"tag-kormanyrendelet","9":"tag-koronavirus","10":"tag-uzletbezaras"},"yoast_head":"<!-- This site is optimized with the Yoast SEO plugin v27.4 - https:\/\/yoast.com\/product\/yoast-seo-wordpress\/ -->\n<title>A Magyar K\u00f6zl\u00f6nyben is megjelent az \u00faj korm\u00e1nyrendelet<\/title>\n<meta name=\"robots\" content=\"index, follow, max-snippet:-1, max-image-preview:large, max-video-preview:-1\" \/>\n<link rel=\"canonical\" href=\"https:\/\/dorogimedence.hu\/index.php\/2020\/03\/17\/a-magyar-kozlonyben-is-megjelent-az-uj-kormanyrendelet\/\" class=\"yoast-seo-meta-tag\" \/>\n<meta property=\"og:locale\" content=\"hu_HU\" class=\"yoast-seo-meta-tag\" \/>\n<meta property=\"og:type\" content=\"article\" class=\"yoast-seo-meta-tag\" \/>\n<meta property=\"og:title\" content=\"A Magyar K\u00f6zl\u00f6nyben is megjelent az \u00faj korm\u00e1nyrendelet\" class=\"yoast-seo-meta-tag\" \/>\n<meta property=\"og:description\" content=\"A koronav\u00edrus-j\u00e1rv\u00e1ny k\u00f6z\u00f6ss\u00e9gben terjed a leggyorsabban. Ez\u00e9rt komoly, a csoportosul\u00e1sokat korl\u00e1toz\u00f3 int\u00e9zked\u00e9sek l\u00e9pnek \u00e9letbe a vend\u00e9gl\u00e1t\u00f3helyekre, \u00fczletekre, tilos a rendezv\u00e9nyek szervez\u00e9se, a mozik \u00e9s m\u00e1s kultur\u00e1lis int\u00e9zm\u00e9nyek l\u00e1togat\u00e1sa. A korm\u00e1ny arra k\u00e9ri az id\u0151seket, hogy ne hagyj\u00e1k el otthonaikat. Az \u00faj int\u00e9zked\u00e9seket Orb\u00e1n Viktor minisztereln\u00f6k h\u00e9tf\u0151n az Orsz\u00e1ggy\u0171l\u00e9sben jelentette be. A r\u00e9szleteket tartalmaz\u00f3 korm\u00e1nyrendelet megjelent\" class=\"yoast-seo-meta-tag\" \/>\n<meta property=\"og:url\" content=\"https:\/\/dorogimedence.hu\/index.php\/2020\/03\/17\/a-magyar-kozlonyben-is-megjelent-az-uj-kormanyrendelet\/\" class=\"yoast-seo-meta-tag\" \/>\n<meta property=\"og:site_name\" content=\"Dorogi-medence Region\u00e1lis H\u00edrport\u00e1l\" class=\"yoast-seo-meta-tag\" \/>\n<meta property=\"article:publisher\" content=\"https:\/\/www.facebook.com\/dorogimedence\/\" class=\"yoast-seo-meta-tag\" \/>\n<meta property=\"article:published_time\" content=\"2020-03-17T06:27:47+00:00\" class=\"yoast-seo-meta-tag\" \/>\n<meta property=\"article:modified_time\" content=\"2020-03-17T06:27:58+00:00\" class=\"yoast-seo-meta-tag\" \/>\n<meta property=\"og:image\" content=\"https:\/\/i0.wp.com\/dorogimedence.hu\/wp-content\/uploads\/2020\/03\/orban-02.jpg?fit=670%2C365&ssl=1\" class=\"yoast-seo-meta-tag\" \/>\n\t<meta property=\"og:image:width\" content=\"670\" class=\"yoast-seo-meta-tag\" \/>\n\t<meta property=\"og:image:height\" content=\"365\" class=\"yoast-seo-meta-tag\" \/>\n\t<meta property=\"og:image:type\" content=\"image\/jpeg\" class=\"yoast-seo-meta-tag\" \/>\n<meta name=\"author\" content=\"dorogimedence.hu\" class=\"yoast-seo-meta-tag\" \/>\n<meta name=\"twitter:card\" content=\"summary_large_image\" class=\"yoast-seo-meta-tag\" \/>\n<meta name=\"twitter:label1\" content=\"Szerz\u0151:\" class=\"yoast-seo-meta-tag\" \/>\n\t<meta name=\"twitter:data1\" content=\"dorogimedence.hu\" class=\"yoast-seo-meta-tag\" \/>\n\t<meta name=\"twitter:label2\" content=\"Becs\u00fclt olvas\u00e1si id\u0151\" class=\"yoast-seo-meta-tag\" \/>\n\t<meta name=\"twitter:data2\" content=\"4 perc\" class=\"yoast-seo-meta-tag\" \/>\n<script type=\"application\/ld+json\" class=\"yoast-schema-graph\">{\"@context\":\"https:\\\/\\\/schema.org\",\"@graph\":[{\"@type\":\"Article\",\"@id\":\"https:\\\/\\\/dorogimedence.hu\\\/index.php\\\/2020\\\/03\\\/17\\\/a-magyar-kozlonyben-is-megjelent-az-uj-kormanyrendelet\\\/#article\",\"isPartOf\":{\"@id\":\"https:\\\/\\\/dorogimedence.hu\\\/index.php\\\/2020\\\/03\\\/17\\\/a-magyar-kozlonyben-is-megjelent-az-uj-kormanyrendelet\\\/\"},\"author\":{\"name\":\"dorogimedence.hu\",\"@id\":\"https:\\\/\\\/dorogimedence.hu\\\/#\\\/schema\\\/person\\\/ce6091eeb7e95ecdc87890d6aa8e0fd4\"},\"headline\":\"A Magyar K\u00f6zl\u00f6nyben is megjelent az \u00faj korm\u00e1nyrendelet\",\"datePublished\":\"2020-03-17T06:27:47+00:00\",\"dateModified\":\"2020-03-17T06:27:58+00:00\",\"mainEntityOfPage\":{\"@id\":\"https:\\\/\\\/dorogimedence.hu\\\/index.php\\\/2020\\\/03\\\/17\\\/a-magyar-kozlonyben-is-megjelent-az-uj-kormanyrendelet\\\/\"},\"wordCount\":711,\"publisher\":{\"@id\":\"https:\\\/\\\/dorogimedence.hu\\\/#organization\"},\"image\":{\"@id\":\"https:\\\/\\\/dorogimedence.hu\\\/index.php\\\/2020\\\/03\\\/17\\\/a-magyar-kozlonyben-is-megjelent-az-uj-kormanyrendelet\\\/#primaryimage\"},\"thumbnailUrl\":\"https:\\\/\\\/dorogimedence.hu\\\/wp-content\\\/uploads\\\/2020\\\/03\\\/orban-02.jpg\",\"keywords\":[\"korm\u00e1nyrendelet\",\"koronav\u00edrus\",\"\u00fczletbez\u00e1r\u00e1s\"],\"articleSection\":[\"H\u00edrek\"],\"inLanguage\":\"hu\"},{\"@type\":\"WebPage\",\"@id\":\"https:\\\/\\\/dorogimedence.hu\\\/index.php\\\/2020\\\/03\\\/17\\\/a-magyar-kozlonyben-is-megjelent-az-uj-kormanyrendelet\\\/\",\"url\":\"https:\\\/\\\/dorogimedence.hu\\\/index.php\\\/2020\\\/03\\\/17\\\/a-magyar-kozlonyben-is-megjelent-az-uj-kormanyrendelet\\\/\",\"name\":\"A Magyar K\u00f6zl\u00f6nyben is megjelent az \u00faj korm\u00e1nyrendelet\",\"isPartOf\":{\"@id\":\"https:\\\/\\\/dorogimedence.hu\\\/#website\"},\"primaryImageOfPage\":{\"@id\":\"https:\\\/\\\/dorogimedence.hu\\\/index.php\\\/2020\\\/03\\\/17\\\/a-magyar-kozlonyben-is-megjelent-az-uj-kormanyrendelet\\\/#primaryimage\"},\"image\":{\"@id\":\"https:\\\/\\\/dorogimedence.hu\\\/index.php\\\/2020\\\/03\\\/17\\\/a-magyar-kozlonyben-is-megjelent-az-uj-kormanyrendelet\\\/#primaryimage\"},\"thumbnailUrl\":\"https:\\\/\\\/dorogimedence.hu\\\/wp-content\\\/uploads\\\/2020\\\/03\\\/orban-02.jpg\",\"datePublished\":\"2020-03-17T06:27:47+00:00\",\"dateModified\":\"2020-03-17T06:27:58+00:00\",\"breadcrumb\":{\"@id\":\"https:\\\/\\\/dorogimedence.hu\\\/index.php\\\/2020\\\/03\\\/17\\\/a-magyar-kozlonyben-is-megjelent-az-uj-kormanyrendelet\\\/#breadcrumb\"},\"inLanguage\":\"hu\",\"potentialAction\":[{\"@type\":\"ReadAction\",\"target\":[\"https:\\\/\\\/dorogimedence.hu\\\/index.php\\\/2020\\\/03\\\/17\\\/a-magyar-kozlonyben-is-megjelent-az-uj-kormanyrendelet\\\/\"]}]},{\"@type\":\"ImageObject\",\"inLanguage\":\"hu\",\"@id\":\"https:\\\/\\\/dorogimedence.hu\\\/index.php\\\/2020\\\/03\\\/17\\\/a-magyar-kozlonyben-is-megjelent-az-uj-kormanyrendelet\\\/#primaryimage\",\"url\":\"https:\\\/\\\/dorogimedence.hu\\\/wp-content\\\/uploads\\\/2020\\\/03\\\/orban-02.jpg\",\"contentUrl\":\"https:\\\/\\\/dorogimedence.hu\\\/wp-content\\\/uploads\\\/2020\\\/03\\\/orban-02.jpg\",\"width\":670,\"height\":365},{\"@type\":\"BreadcrumbList\",\"@id\":\"https:\\\/\\\/dorogimedence.hu\\\/index.php\\\/2020\\\/03\\\/17\\\/a-magyar-kozlonyben-is-megjelent-az-uj-kormanyrendelet\\\/#breadcrumb\",\"itemListElement\":[{\"@type\":\"ListItem\",\"position\":1,\"name\":\"Kezd\u0151lap\",\"item\":\"https:\\\/\\\/dorogimedence.hu\\\/\"},{\"@type\":\"ListItem\",\"position\":2,\"name\":\"A Magyar K\u00f6zl\u00f6nyben is megjelent az \u00faj korm\u00e1nyrendelet\"}]},{\"@type\":\"WebSite\",\"@id\":\"https:\\\/\\\/dorogimedence.hu\\\/#website\",\"url\":\"https:\\\/\\\/dorogimedence.hu\\\/\",\"name\":\"Dorogi-medence Region\u00e1lis H\u00edrport\u00e1l\",\"description\":\"Dorog, Keszt\u00f6lc, Le\u00e1nyv\u00e1r, Piliscs\u00e9v, Tokod, Tokodalt\u00e1r\u00f3, Csolnok, Esztergom-kertv\u00e1ros: h\u00edrek, programok\",\"publisher\":{\"@id\":\"https:\\\/\\\/dorogimedence.hu\\\/#organization\"},\"potentialAction\":[{\"@type\":\"SearchAction\",\"target\":{\"@type\":\"EntryPoint\",\"urlTemplate\":\"https:\\\/\\\/dorogimedence.hu\\\/?s={search_term_string}\"},\"query-input\":{\"@type\":\"PropertyValueSpecification\",\"valueRequired\":true,\"valueName\":\"search_term_string\"}}],\"inLanguage\":\"hu\"},{\"@type\":\"Organization\",\"@id\":\"https:\\\/\\\/dorogimedence.hu\\\/#organization\",\"name\":\"Dorogi-medence Region\u00e1lis H\u00edrport\u00e1l\",\"url\":\"https:\\\/\\\/dorogimedence.hu\\\/\",\"logo\":{\"@type\":\"ImageObject\",\"inLanguage\":\"hu\",\"@id\":\"https:\\\/\\\/dorogimedence.hu\\\/#\\\/schema\\\/logo\\\/image\\\/\",\"url\":\"https:\\\/\\\/dorogimedence.hu\\\/wp-content\\\/uploads\\\/2021\\\/04\\\/logo-feher-600.png\",\"contentUrl\":\"https:\\\/\\\/dorogimedence.hu\\\/wp-content\\\/uploads\\\/2021\\\/04\\\/logo-feher-600.png\",\"width\":600,\"height\":100,\"caption\":\"Dorogi-medence Region\u00e1lis H\u00edrport\u00e1l\"},\"image\":{\"@id\":\"https:\\\/\\\/dorogimedence.hu\\\/#\\\/schema\\\/logo\\\/image\\\/\"},\"sameAs\":[\"https:\\\/\\\/www.facebook.com\\\/dorogimedence\\\/\"]},{\"@type\":\"Person\",\"@id\":\"https:\\\/\\\/dorogimedence.hu\\\/#\\\/schema\\\/person\\\/ce6091eeb7e95ecdc87890d6aa8e0fd4\",\"name\":\"dorogimedence.hu\",\"image\":{\"@type\":\"ImageObject\",\"inLanguage\":\"hu\",\"@id\":\"\\\/\\\/www.gravatar.com\\\/avatar\\\/d8d45f8901aadff40a4af72c0b826f1d?s=96&#038;r=g&#038;d=mm\",\"url\":\"\\\/\\\/www.gravatar.com\\\/avatar\\\/d8d45f8901aadff40a4af72c0b826f1d?s=96&#038;r=g&#038;d=mm\",\"contentUrl\":\"\\\/\\\/www.gravatar.com\\\/avatar\\\/d8d45f8901aadff40a4af72c0b826f1d?s=96&#038;r=g&#038;d=mm\",\"caption\":\"dorogimedence.hu\"}}]}<\/script>\n<!-- \/ Yoast SEO plugin. -->","yoast_head_json":{"title":"A Magyar K\u00f6zl\u00f6nyben is megjelent az \u00faj korm\u00e1nyrendelet","robots":{"index":"index","follow":"follow","max-snippet":"max-snippet:-1","max-image-preview":"max-image-preview:large","max-video-preview":"max-video-preview:-1"},"canonical":"https:\/\/dorogimedence.hu\/index.php\/2020\/03\/17\/a-magyar-kozlonyben-is-megjelent-az-uj-kormanyrendelet\/","og_locale":"hu_HU","og_type":"article","og_title":"A Magyar K\u00f6zl\u00f6nyben is megjelent az \u00faj korm\u00e1nyrendelet","og_description":"A koronav\u00edrus-j\u00e1rv\u00e1ny k\u00f6z\u00f6ss\u00e9gben terjed a leggyorsabban. Ez\u00e9rt komoly, a csoportosul\u00e1sokat korl\u00e1toz\u00f3 int\u00e9zked\u00e9sek l\u00e9pnek \u00e9letbe a vend\u00e9gl\u00e1t\u00f3helyekre, \u00fczletekre, tilos a rendezv\u00e9nyek szervez\u00e9se, a mozik \u00e9s m\u00e1s kultur\u00e1lis int\u00e9zm\u00e9nyek l\u00e1togat\u00e1sa. A korm\u00e1ny arra k\u00e9ri az id\u0151seket, hogy ne hagyj\u00e1k el otthonaikat. Az \u00faj int\u00e9zked\u00e9seket Orb\u00e1n Viktor minisztereln\u00f6k h\u00e9tf\u0151n az Orsz\u00e1ggy\u0171l\u00e9sben jelentette be. A r\u00e9szleteket tartalmaz\u00f3 korm\u00e1nyrendelet megjelent","og_url":"https:\/\/dorogimedence.hu\/index.php\/2020\/03\/17\/a-magyar-kozlonyben-is-megjelent-az-uj-kormanyrendelet\/","og_site_name":"Dorogi-medence Region\u00e1lis H\u00edrport\u00e1l","article_publisher":"https:\/\/www.facebook.com\/dorogimedence\/","article_published_time":"2020-03-17T06:27:47+00:00","article_modified_time":"2020-03-17T06:27:58+00:00","og_image":[{"width":670,"height":365,"url":"https:\/\/i0.wp.com\/dorogimedence.hu\/wp-content\/uploads\/2020\/03\/orban-02.jpg?fit=670%2C365&ssl=1","type":"image\/jpeg"}],"author":"dorogimedence.hu","twitter_card":"summary_large_image","twitter_misc":{"Szerz\u0151:":"dorogimedence.hu","Becs\u00fclt olvas\u00e1si id\u0151":"4 perc"},"schema":{"@context":"https:\/\/schema.org","@graph":[{"@type":"Article","@id":"https:\/\/dorogimedence.hu\/index.php\/2020\/03\/17\/a-magyar-kozlonyben-is-megjelent-az-uj-kormanyrendelet\/#article","isPartOf":{"@id":"https:\/\/dorogimedence.hu\/index.php\/2020\/03\/17\/a-magyar-kozlonyben-is-megjelent-az-uj-kormanyrendelet\/"},"author":{"name":"dorogimedence.hu","@id":"https:\/\/dorogimedence.hu\/#\/schema\/person\/ce6091eeb7e95ecdc87890d6aa8e0fd4"},"headline":"A Magyar K\u00f6zl\u00f6nyben is megjelent az \u00faj korm\u00e1nyrendelet","datePublished":"2020-03-17T06:27:47+00:00","dateModified":"2020-03-17T06:27:58+00:00","mainEntityOfPage":{"@id":"https:\/\/dorogimedence.hu\/index.php\/2020\/03\/17\/a-magyar-kozlonyben-is-megjelent-az-uj-kormanyrendelet\/"},"wordCount":711,"publisher":{"@id":"https:\/\/dorogimedence.hu\/#organization"},"image":{"@id":"https:\/\/dorogimedence.hu\/index.php\/2020\/03\/17\/a-magyar-kozlonyben-is-megjelent-az-uj-kormanyrendelet\/#primaryimage"},"thumbnailUrl":"https:\/\/dorogimedence.hu\/wp-content\/uploads\/2020\/03\/orban-02.jpg","keywords":["korm\u00e1nyrendelet","koronav\u00edrus","\u00fczletbez\u00e1r\u00e1s"],"articleSection":["H\u00edrek"],"inLanguage":"hu"},{"@type":"WebPage","@id":"https:\/\/dorogimedence.hu\/index.php\/2020\/03\/17\/a-magyar-kozlonyben-is-megjelent-az-uj-kormanyrendelet\/","url":"https:\/\/dorogimedence.hu\/index.php\/2020\/03\/17\/a-magyar-kozlonyben-is-megjelent-az-uj-kormanyrendelet\/","name":"A Magyar K\u00f6zl\u00f6nyben is megjelent az \u00faj korm\u00e1nyrendelet","isPartOf":{"@id":"https:\/\/dorogimedence.hu\/#website"},"primaryImageOfPage":{"@id":"https:\/\/dorogimedence.hu\/index.php\/2020\/03\/17\/a-magyar-kozlonyben-is-megjelent-az-uj-kormanyrendelet\/#primaryimage"},"image":{"@id":"https:\/\/dorogimedence.hu\/index.php\/2020\/03\/17\/a-magyar-kozlonyben-is-megjelent-az-uj-kormanyrendelet\/#primaryimage"},"thumbnailUrl":"https:\/\/dorogimedence.hu\/wp-content\/uploads\/2020\/03\/orban-02.jpg","datePublished":"2020-03-17T06:27:47+00:00","dateModified":"2020-03-17T06:27:58+00:00","breadcrumb":{"@id":"https:\/\/dorogimedence.hu\/index.php\/2020\/03\/17\/a-magyar-kozlonyben-is-megjelent-az-uj-kormanyrendelet\/#breadcrumb"},"inLanguage":"hu","potentialAction":[{"@type":"ReadAction","target":["https:\/\/dorogimedence.hu\/index.php\/2020\/03\/17\/a-magyar-kozlonyben-is-megjelent-az-uj-kormanyrendelet\/"]}]},{"@type":"ImageObject","inLanguage":"hu","@id":"https:\/\/dorogimedence.hu\/index.php\/2020\/03\/17\/a-magyar-kozlonyben-is-megjelent-az-uj-kormanyrendelet\/#primaryimage","url":"https:\/\/dorogimedence.hu\/wp-content\/uploads\/2020\/03\/orban-02.jpg","contentUrl":"https:\/\/dorogimedence.hu\/wp-content\/uploads\/2020\/03\/orban-02.jpg","width":670,"height":365},{"@type":"BreadcrumbList","@id":"https:\/\/dorogimedence.hu\/index.php\/2020\/03\/17\/a-magyar-kozlonyben-is-megjelent-az-uj-kormanyrendelet\/#breadcrumb","itemListElement":[{"@type":"ListItem","position":1,"name":"Kezd\u0151lap","item":"https:\/\/dorogimedence.hu\/"},{"@type":"ListItem","position":2,"name":"A Magyar K\u00f6zl\u00f6nyben is megjelent az \u00faj korm\u00e1nyrendelet"}]},{"@type":"WebSite","@id":"https:\/\/dorogimedence.hu\/#website","url":"https:\/\/dorogimedence.hu\/","name":"Dorogi-medence Region\u00e1lis H\u00edrport\u00e1l","description":"Dorog, Keszt\u00f6lc, Le\u00e1nyv\u00e1r, Piliscs\u00e9v, Tokod, Tokodalt\u00e1r\u00f3, Csolnok, Esztergom-kertv\u00e1ros: h\u00edrek, programok","publisher":{"@id":"https:\/\/dorogimedence.hu\/#organization"},"potentialAction":[{"@type":"SearchAction","target":{"@type":"EntryPoint","urlTemplate":"https:\/\/dorogimedence.hu\/?s={search_term_string}"},"query-input":{"@type":"PropertyValueSpecification","valueRequired":true,"valueName":"search_term_string"}}],"inLanguage":"hu"},{"@type":"Organization","@id":"https:\/\/dorogimedence.hu\/#organization","name":"Dorogi-medence Region\u00e1lis H\u00edrport\u00e1l","url":"https:\/\/dorogimedence.hu\/","logo":{"@type":"ImageObject","inLanguage":"hu","@id":"https:\/\/dorogimedence.hu\/#\/schema\/logo\/image\/","url":"https:\/\/dorogimedence.hu\/wp-content\/uploads\/2021\/04\/logo-feher-600.png","contentUrl":"https:\/\/dorogimedence.hu\/wp-content\/uploads\/2021\/04\/logo-feher-600.png","width":600,"height":100,"caption":"Dorogi-medence Region\u00e1lis H\u00edrport\u00e1l"},"image":{"@id":"https:\/\/dorogimedence.hu\/#\/schema\/logo\/image\/"},"sameAs":["https:\/\/www.facebook.com\/dorogimedence\/"]},{"@type":"Person","@id":"https:\/\/dorogimedence.hu\/#\/schema\/person\/ce6091eeb7e95ecdc87890d6aa8e0fd4","name":"dorogimedence.hu","image":{"@type":"ImageObject","inLanguage":"hu","@id":"\/\/www.gravatar.com\/avatar\/d8d45f8901aadff40a4af72c0b826f1d?s=96&#038;r=g&#038;d=mm","url":"\/\/www.gravatar.com\/avatar\/d8d45f8901aadff40a4af72c0b826f1d?s=96&#038;r=g&#038;d=mm","contentUrl":"\/\/www.gravatar.com\/avatar\/d8d45f8901aadff40a4af72c0b826f1d?s=96&#038;r=g&#038;d=mm","caption":"dorogimedence.hu"}}]}},"_links":{"self":[{"href":"https:\/\/dorogimedence.hu\/index.php\/wp-json\/wp\/v2\/posts\/23707","targetHints":{"allow":["GET"]}}],"collection":[{"href":"https:\/\/dorogimedence.hu\/index.php\/wp-json\/wp\/v2\/posts"}],"about":[{"href":"https:\/\/dorogimedence.hu\/index.php\/wp-json\/wp\/v2\/types\/post"}],"author":[{"embeddable":true,"href":"https:\/\/dorogimedence.hu\/index.php\/wp-json\/wp\/v2\/users\/1"}],"replies":[{"embeddable":true,"href":"https:\/\/dorogimedence.hu\/index.php\/wp-json\/wp\/v2\/comments?post=23707"}],"version-history":[{"count":0,"href":"https:\/\/dorogimedence.hu\/index.php\/wp-json\/wp\/v2\/posts\/23707\/revisions"}],"wp:featuredmedia":[{"embeddable":true,"href":"https:\/\/dorogimedence.hu\/index.php\/wp-json\/wp\/v2\/media\/23635"}],"wp:attachment":[{"href":"https:\/\/dorogimedence.hu\/index.php\/wp-json\/wp\/v2\/media?parent=23707"}],"wp:term":[{"taxonomy":"category","embeddable":true,"href":"https:\/\/dorogimedence.hu\/index.php\/wp-json\/wp\/v2\/categories?post=23707"},{"taxonomy":"post_tag","embeddable":true,"href":"https:\/\/dorogimedence.hu\/index.php\/wp-json\/wp\/v2\/tags?post=23707"}],"curies":[{"name":"wp","href":"https:\/\/api.w.org\/{rel}","templated":true}]}}