{"id":23702,"date":"2020-03-17T07:05:12","date_gmt":"2020-03-17T06:05:12","guid":{"rendered":"http:\/\/dorogimedence.hu\/?p=23702"},"modified":"2020-03-17T07:05:19","modified_gmt":"2020-03-17T06:05:19","slug":"az-osszes-vonatot-teljesen-fertotlenitik","status":"publish","type":"post","link":"https:\/\/dorogimedence.hu\/index.php\/2020\/03\/17\/az-osszes-vonatot-teljesen-fertotlenitik\/","title":{"rendered":"Az \u00f6sszes vonatot teljesen fert\u0151tlen\u00edtik"},"content":{"rendered":"<p><strong>A jelenlegi j\u00e1rv\u00e1ny\u00fcgyi helyzetre val\u00f3 tekintettel, m\u00e1rcius 13-\u00e1n megkezd\u0151d\u00f6tt a vas\u00fatt\u00e1rsas\u00e1g j\u00e1rm\u0171parkj\u00e1nak fert\u0151tlen\u00edt\u00e9se. H\u00e9tf\u0151 d\u00e9lel\u0151ttig \u00f6sszesen 172 j\u00e1rm\u0171v\u00f6n \u2013 k\u00f6zte az el\u0151v\u00e1rosi forgalomban j\u00e1r\u00f3 villamos motorvonatokon is \u2013 elv\u00e9gezt\u00e9k az \u00fagynevezett z\u00e1r\u00f3 fert\u0151tlen\u00edt\u00e9st, tervezetten szerd\u00e1ig a budapesti el\u0151v\u00e1rosi vonatok kocsijait, h\u00e9t v\u00e9g\u00e9ig pedig az orsz\u00e1gban k\u00f6zleked\u0151 \u00f6sszes j\u00e1rm\u0171vet fert\u0151tlen\u00edtik \u00edgy. <\/strong><\/p>\n<p>A z\u00e1r\u00f3fert\u0151tlen\u00edt\u00e9s bakt\u00e9rium-, v\u00edrus- \u00e9s gombaellenes fert\u0151tlen\u00edt\u00e9st jelent, amely ut\u00e1n minden k\u00f3rokoz\u00f3 elpusztul a j\u00e1rm\u0171veken. Az orsz\u00e1gos lefedetts\u00e9g\u0171 rendszer kialak\u00edt\u00e1s\u00e1nak k\u00f6sz\u00f6nhet\u0151en a h\u00e9t v\u00e9g\u00e9t\u0151l a j\u00e1rm\u0171park jelent\u0151s r\u00e9sz\u00e9nek teljes fert\u0151tlen\u00edt\u00e9se biztos\u00edtva lesz.<\/p>\n<p><img fetchpriority=\"high\" decoding=\"async\" class=\"alignnone size-full wp-image-23704\" src=\"https:\/\/dorogimedence.hu\/wp-content\/uploads\/2020\/03\/fertotlenites-02.jpg\" alt=\"\" width=\"670\" height=\"447\" srcset=\"https:\/\/dorogimedence.hu\/wp-content\/uploads\/2020\/03\/fertotlenites-02.jpg 670w, https:\/\/dorogimedence.hu\/wp-content\/uploads\/2020\/03\/fertotlenites-02-300x200.jpg 300w, https:\/\/dorogimedence.hu\/wp-content\/uploads\/2020\/03\/fertotlenites-02-589x392.jpg 589w, https:\/\/dorogimedence.hu\/wp-content\/uploads\/2020\/03\/fertotlenites-02-272x182.jpg 272w\" sizes=\"(max-width: 670px) 100vw, 670px\" \/><\/p>\n<p>A kocsik magas szint\u0171 fert\u0151tlen\u00edt\u00e9s\u00e9n t\u00fal, a mai napt\u00f3l kezd\u0151d\u0151en, fokozatosan a legnagyobb forgalm\u00fa budapesti \u00e9s vid\u00e9ki p\u00e1lyaudvarokon, meg\u00e1ll\u00f3helyeken is biztos\u00edtj\u00e1k a k\u00e9zfert\u0151tlen\u00edt\u0151 lehet\u0151s\u00e9get az utaz\u00f3k\u00f6z\u00f6ns\u00e9gnek is.<\/p>\n<p>A v\u00edrus terjed\u00e9s\u00e9nek legink\u00e1bb kitett munkak\u00f6r\u00f6kben dolgoz\u00f3k \u2013 p\u00e9ld\u00e1ul jegyp\u00e9nzt\u00e1rosok, jegykezel\u0151k \u2013 m\u00e1r kor\u00e1bban megkapt\u00e1k a k\u00e9zfert\u0151tlen\u00edt\u0151t, sz\u00e1jmaszkot, gumikeszty\u0171t tartalmaz\u00f3 egys\u00e9gcsomagokat, az \u00fczemi ter\u00fcleteken is t\u00f6bb sz\u00e1z \u00e9rint\u00e9smentes k\u00e9zfert\u0151tlen\u00edt\u0151-adagol\u00f3t osztottak sz\u00e9t. A vas\u00fatt\u00e1rsas\u00e1g a p\u00e1lyaudvarokat, \u00fczemi ter\u00fcleteket is v\u00edrusellenes takar\u00edt\u00f3szerekkel takar\u00edtja.<\/p>\n<p><img decoding=\"async\" class=\"alignnone size-full wp-image-23705\" src=\"https:\/\/dorogimedence.hu\/wp-content\/uploads\/2020\/03\/fertotlenites-03.jpg\" alt=\"\" width=\"670\" height=\"447\" srcset=\"https:\/\/dorogimedence.hu\/wp-content\/uploads\/2020\/03\/fertotlenites-03.jpg 670w, https:\/\/dorogimedence.hu\/wp-content\/uploads\/2020\/03\/fertotlenites-03-300x200.jpg 300w, https:\/\/dorogimedence.hu\/wp-content\/uploads\/2020\/03\/fertotlenites-03-589x392.jpg 589w, https:\/\/dorogimedence.hu\/wp-content\/uploads\/2020\/03\/fertotlenites-03-272x182.jpg 272w\" sizes=\"(max-width: 670px) 100vw, 670px\" \/><\/p>\n<p><em>Fot\u00f3, forr\u00e1s: M\u00c1V Zrt. Kommunik\u00e1ci\u00f3s Igazgat\u00f3s\u00e1g<\/em><\/p>\n","protected":false},"excerpt":{"rendered":"<p>A jelenlegi j\u00e1rv\u00e1ny\u00fcgyi helyzetre val\u00f3 tekintettel, m\u00e1rcius 13-\u00e1n megkezd\u0151d\u00f6tt a vas\u00fatt\u00e1rsas\u00e1g j\u00e1rm\u0171parkj\u00e1nak fert\u0151tlen\u00edt\u00e9se. H\u00e9tf\u0151 d\u00e9lel\u0151ttig \u00f6sszesen 172 j\u00e1rm\u0171v\u00f6n \u2013 k\u00f6zte az el\u0151v\u00e1rosi forgalomban j\u00e1r\u00f3 villamos motorvonatokon is \u2013 elv\u00e9gezt\u00e9k az \u00fagynevezett z\u00e1r\u00f3 fert\u0151tlen\u00edt\u00e9st, tervezetten szerd\u00e1ig a budapesti el\u0151v\u00e1rosi vonatok kocsijait, h\u00e9t v\u00e9g\u00e9ig pedig az orsz\u00e1gban k\u00f6zleked\u0151 \u00f6sszes j\u00e1rm\u0171vet fert\u0151tlen\u00edtik \u00edgy. A z\u00e1r\u00f3fert\u0151tlen\u00edt\u00e9s bakt\u00e9rium-, v\u00edrus- \u00e9s<\/p>\n","protected":false},"author":1,"featured_media":23703,"comment_status":"closed","ping_status":"closed","sticky":false,"template":"","format":"standard","meta":{"ngg_post_thumbnail":0,"footnotes":""},"categories":[3],"tags":[4773,4738],"class_list":{"0":"post-23702","1":"post","2":"type-post","3":"status-publish","4":"format-standard","5":"has-post-thumbnail","7":"category-hirek","8":"tag-fertotlenites","9":"tag-koronavirus"},"yoast_head":"<!-- This site is optimized with the Yoast SEO plugin v27.4 - https:\/\/yoast.com\/product\/yoast-seo-wordpress\/ -->\n<title>Az \u00f6sszes vonatot teljesen fert\u0151tlen\u00edtik<\/title>\n<meta name=\"robots\" content=\"index, follow, max-snippet:-1, max-image-preview:large, max-video-preview:-1\" \/>\n<link rel=\"canonical\" href=\"https:\/\/dorogimedence.hu\/index.php\/2020\/03\/17\/az-osszes-vonatot-teljesen-fertotlenitik\/\" class=\"yoast-seo-meta-tag\" \/>\n<meta property=\"og:locale\" content=\"hu_HU\" class=\"yoast-seo-meta-tag\" \/>\n<meta property=\"og:type\" content=\"article\" class=\"yoast-seo-meta-tag\" \/>\n<meta property=\"og:title\" content=\"Az \u00f6sszes vonatot teljesen fert\u0151tlen\u00edtik\" class=\"yoast-seo-meta-tag\" \/>\n<meta property=\"og:description\" content=\"A jelenlegi j\u00e1rv\u00e1ny\u00fcgyi helyzetre val\u00f3 tekintettel, m\u00e1rcius 13-\u00e1n megkezd\u0151d\u00f6tt a vas\u00fatt\u00e1rsas\u00e1g j\u00e1rm\u0171parkj\u00e1nak fert\u0151tlen\u00edt\u00e9se. H\u00e9tf\u0151 d\u00e9lel\u0151ttig \u00f6sszesen 172 j\u00e1rm\u0171v\u00f6n \u2013 k\u00f6zte az el\u0151v\u00e1rosi forgalomban j\u00e1r\u00f3 villamos motorvonatokon is \u2013 elv\u00e9gezt\u00e9k az \u00fagynevezett z\u00e1r\u00f3 fert\u0151tlen\u00edt\u00e9st, tervezetten szerd\u00e1ig a budapesti el\u0151v\u00e1rosi vonatok kocsijait, h\u00e9t v\u00e9g\u00e9ig pedig az orsz\u00e1gban k\u00f6zleked\u0151 \u00f6sszes j\u00e1rm\u0171vet fert\u0151tlen\u00edtik \u00edgy. A z\u00e1r\u00f3fert\u0151tlen\u00edt\u00e9s bakt\u00e9rium-, v\u00edrus- \u00e9s\" class=\"yoast-seo-meta-tag\" \/>\n<meta property=\"og:url\" content=\"https:\/\/dorogimedence.hu\/index.php\/2020\/03\/17\/az-osszes-vonatot-teljesen-fertotlenitik\/\" class=\"yoast-seo-meta-tag\" \/>\n<meta property=\"og:site_name\" content=\"Dorogi-medence Region\u00e1lis H\u00edrport\u00e1l\" class=\"yoast-seo-meta-tag\" \/>\n<meta property=\"article:publisher\" content=\"https:\/\/www.facebook.com\/dorogimedence\/\" class=\"yoast-seo-meta-tag\" \/>\n<meta property=\"article:published_time\" content=\"2020-03-17T06:05:12+00:00\" class=\"yoast-seo-meta-tag\" \/>\n<meta property=\"article:modified_time\" content=\"2020-03-17T06:05:19+00:00\" class=\"yoast-seo-meta-tag\" \/>\n<meta property=\"og:image\" content=\"https:\/\/i0.wp.com\/dorogimedence.hu\/wp-content\/uploads\/2020\/03\/fertotlenites-01.jpg?fit=670%2C365&ssl=1\" class=\"yoast-seo-meta-tag\" \/>\n\t<meta property=\"og:image:width\" content=\"670\" class=\"yoast-seo-meta-tag\" \/>\n\t<meta property=\"og:image:height\" content=\"365\" class=\"yoast-seo-meta-tag\" \/>\n\t<meta property=\"og:image:type\" content=\"image\/jpeg\" class=\"yoast-seo-meta-tag\" \/>\n<meta name=\"author\" content=\"dorogimedence.hu\" class=\"yoast-seo-meta-tag\" \/>\n<meta name=\"twitter:card\" content=\"summary_large_image\" class=\"yoast-seo-meta-tag\" \/>\n<meta name=\"twitter:label1\" content=\"Szerz\u0151:\" class=\"yoast-seo-meta-tag\" \/>\n\t<meta name=\"twitter:data1\" content=\"dorogimedence.hu\" class=\"yoast-seo-meta-tag\" \/>\n\t<meta name=\"twitter:label2\" content=\"Becs\u00fclt olvas\u00e1si id\u0151\" class=\"yoast-seo-meta-tag\" \/>\n\t<meta name=\"twitter:data2\" content=\"2 perc\" class=\"yoast-seo-meta-tag\" \/>\n<script type=\"application\/ld+json\" class=\"yoast-schema-graph\">{\"@context\":\"https:\\\/\\\/schema.org\",\"@graph\":[{\"@type\":\"Article\",\"@id\":\"https:\\\/\\\/dorogimedence.hu\\\/index.php\\\/2020\\\/03\\\/17\\\/az-osszes-vonatot-teljesen-fertotlenitik\\\/#article\",\"isPartOf\":{\"@id\":\"https:\\\/\\\/dorogimedence.hu\\\/index.php\\\/2020\\\/03\\\/17\\\/az-osszes-vonatot-teljesen-fertotlenitik\\\/\"},\"author\":{\"name\":\"dorogimedence.hu\",\"@id\":\"https:\\\/\\\/dorogimedence.hu\\\/#\\\/schema\\\/person\\\/ce6091eeb7e95ecdc87890d6aa8e0fd4\"},\"headline\":\"Az \u00f6sszes vonatot teljesen fert\u0151tlen\u00edtik\",\"datePublished\":\"2020-03-17T06:05:12+00:00\",\"dateModified\":\"2020-03-17T06:05:19+00:00\",\"mainEntityOfPage\":{\"@id\":\"https:\\\/\\\/dorogimedence.hu\\\/index.php\\\/2020\\\/03\\\/17\\\/az-osszes-vonatot-teljesen-fertotlenitik\\\/\"},\"wordCount\":307,\"publisher\":{\"@id\":\"https:\\\/\\\/dorogimedence.hu\\\/#organization\"},\"image\":{\"@id\":\"https:\\\/\\\/dorogimedence.hu\\\/index.php\\\/2020\\\/03\\\/17\\\/az-osszes-vonatot-teljesen-fertotlenitik\\\/#primaryimage\"},\"thumbnailUrl\":\"https:\\\/\\\/dorogimedence.hu\\\/wp-content\\\/uploads\\\/2020\\\/03\\\/fertotlenites-01.jpg\",\"keywords\":[\"fert\u0151tlen\u00edt\u00e9s\",\"koronav\u00edrus\"],\"articleSection\":[\"H\u00edrek\"],\"inLanguage\":\"hu\"},{\"@type\":\"WebPage\",\"@id\":\"https:\\\/\\\/dorogimedence.hu\\\/index.php\\\/2020\\\/03\\\/17\\\/az-osszes-vonatot-teljesen-fertotlenitik\\\/\",\"url\":\"https:\\\/\\\/dorogimedence.hu\\\/index.php\\\/2020\\\/03\\\/17\\\/az-osszes-vonatot-teljesen-fertotlenitik\\\/\",\"name\":\"Az \u00f6sszes vonatot teljesen fert\u0151tlen\u00edtik\",\"isPartOf\":{\"@id\":\"https:\\\/\\\/dorogimedence.hu\\\/#website\"},\"primaryImageOfPage\":{\"@id\":\"https:\\\/\\\/dorogimedence.hu\\\/index.php\\\/2020\\\/03\\\/17\\\/az-osszes-vonatot-teljesen-fertotlenitik\\\/#primaryimage\"},\"image\":{\"@id\":\"https:\\\/\\\/dorogimedence.hu\\\/index.php\\\/2020\\\/03\\\/17\\\/az-osszes-vonatot-teljesen-fertotlenitik\\\/#primaryimage\"},\"thumbnailUrl\":\"https:\\\/\\\/dorogimedence.hu\\\/wp-content\\\/uploads\\\/2020\\\/03\\\/fertotlenites-01.jpg\",\"datePublished\":\"2020-03-17T06:05:12+00:00\",\"dateModified\":\"2020-03-17T06:05:19+00:00\",\"breadcrumb\":{\"@id\":\"https:\\\/\\\/dorogimedence.hu\\\/index.php\\\/2020\\\/03\\\/17\\\/az-osszes-vonatot-teljesen-fertotlenitik\\\/#breadcrumb\"},\"inLanguage\":\"hu\",\"potentialAction\":[{\"@type\":\"ReadAction\",\"target\":[\"https:\\\/\\\/dorogimedence.hu\\\/index.php\\\/2020\\\/03\\\/17\\\/az-osszes-vonatot-teljesen-fertotlenitik\\\/\"]}]},{\"@type\":\"ImageObject\",\"inLanguage\":\"hu\",\"@id\":\"https:\\\/\\\/dorogimedence.hu\\\/index.php\\\/2020\\\/03\\\/17\\\/az-osszes-vonatot-teljesen-fertotlenitik\\\/#primaryimage\",\"url\":\"https:\\\/\\\/dorogimedence.hu\\\/wp-content\\\/uploads\\\/2020\\\/03\\\/fertotlenites-01.jpg\",\"contentUrl\":\"https:\\\/\\\/dorogimedence.hu\\\/wp-content\\\/uploads\\\/2020\\\/03\\\/fertotlenites-01.jpg\",\"width\":670,\"height\":365},{\"@type\":\"BreadcrumbList\",\"@id\":\"https:\\\/\\\/dorogimedence.hu\\\/index.php\\\/2020\\\/03\\\/17\\\/az-osszes-vonatot-teljesen-fertotlenitik\\\/#breadcrumb\",\"itemListElement\":[{\"@type\":\"ListItem\",\"position\":1,\"name\":\"Kezd\u0151lap\",\"item\":\"https:\\\/\\\/dorogimedence.hu\\\/\"},{\"@type\":\"ListItem\",\"position\":2,\"name\":\"Az \u00f6sszes vonatot teljesen fert\u0151tlen\u00edtik\"}]},{\"@type\":\"WebSite\",\"@id\":\"https:\\\/\\\/dorogimedence.hu\\\/#website\",\"url\":\"https:\\\/\\\/dorogimedence.hu\\\/\",\"name\":\"Dorogi-medence Region\u00e1lis H\u00edrport\u00e1l\",\"description\":\"Dorog, Keszt\u00f6lc, Le\u00e1nyv\u00e1r, Piliscs\u00e9v, Tokod, Tokodalt\u00e1r\u00f3, Csolnok, Esztergom-kertv\u00e1ros: h\u00edrek, programok\",\"publisher\":{\"@id\":\"https:\\\/\\\/dorogimedence.hu\\\/#organization\"},\"potentialAction\":[{\"@type\":\"SearchAction\",\"target\":{\"@type\":\"EntryPoint\",\"urlTemplate\":\"https:\\\/\\\/dorogimedence.hu\\\/?s={search_term_string}\"},\"query-input\":{\"@type\":\"PropertyValueSpecification\",\"valueRequired\":true,\"valueName\":\"search_term_string\"}}],\"inLanguage\":\"hu\"},{\"@type\":\"Organization\",\"@id\":\"https:\\\/\\\/dorogimedence.hu\\\/#organization\",\"name\":\"Dorogi-medence Region\u00e1lis H\u00edrport\u00e1l\",\"url\":\"https:\\\/\\\/dorogimedence.hu\\\/\",\"logo\":{\"@type\":\"ImageObject\",\"inLanguage\":\"hu\",\"@id\":\"https:\\\/\\\/dorogimedence.hu\\\/#\\\/schema\\\/logo\\\/image\\\/\",\"url\":\"https:\\\/\\\/dorogimedence.hu\\\/wp-content\\\/uploads\\\/2021\\\/04\\\/logo-feher-600.png\",\"contentUrl\":\"https:\\\/\\\/dorogimedence.hu\\\/wp-content\\\/uploads\\\/2021\\\/04\\\/logo-feher-600.png\",\"width\":600,\"height\":100,\"caption\":\"Dorogi-medence Region\u00e1lis H\u00edrport\u00e1l\"},\"image\":{\"@id\":\"https:\\\/\\\/dorogimedence.hu\\\/#\\\/schema\\\/logo\\\/image\\\/\"},\"sameAs\":[\"https:\\\/\\\/www.facebook.com\\\/dorogimedence\\\/\"]},{\"@type\":\"Person\",\"@id\":\"https:\\\/\\\/dorogimedence.hu\\\/#\\\/schema\\\/person\\\/ce6091eeb7e95ecdc87890d6aa8e0fd4\",\"name\":\"dorogimedence.hu\",\"image\":{\"@type\":\"ImageObject\",\"inLanguage\":\"hu\",\"@id\":\"\\\/\\\/www.gravatar.com\\\/avatar\\\/d8d45f8901aadff40a4af72c0b826f1d?s=96&#038;r=g&#038;d=mm\",\"url\":\"\\\/\\\/www.gravatar.com\\\/avatar\\\/d8d45f8901aadff40a4af72c0b826f1d?s=96&#038;r=g&#038;d=mm\",\"contentUrl\":\"\\\/\\\/www.gravatar.com\\\/avatar\\\/d8d45f8901aadff40a4af72c0b826f1d?s=96&#038;r=g&#038;d=mm\",\"caption\":\"dorogimedence.hu\"}}]}<\/script>\n<!-- \/ Yoast SEO plugin. -->","yoast_head_json":{"title":"Az \u00f6sszes vonatot teljesen fert\u0151tlen\u00edtik","robots":{"index":"index","follow":"follow","max-snippet":"max-snippet:-1","max-image-preview":"max-image-preview:large","max-video-preview":"max-video-preview:-1"},"canonical":"https:\/\/dorogimedence.hu\/index.php\/2020\/03\/17\/az-osszes-vonatot-teljesen-fertotlenitik\/","og_locale":"hu_HU","og_type":"article","og_title":"Az \u00f6sszes vonatot teljesen fert\u0151tlen\u00edtik","og_description":"A jelenlegi j\u00e1rv\u00e1ny\u00fcgyi helyzetre val\u00f3 tekintettel, m\u00e1rcius 13-\u00e1n megkezd\u0151d\u00f6tt a vas\u00fatt\u00e1rsas\u00e1g j\u00e1rm\u0171parkj\u00e1nak fert\u0151tlen\u00edt\u00e9se. H\u00e9tf\u0151 d\u00e9lel\u0151ttig \u00f6sszesen 172 j\u00e1rm\u0171v\u00f6n \u2013 k\u00f6zte az el\u0151v\u00e1rosi forgalomban j\u00e1r\u00f3 villamos motorvonatokon is \u2013 elv\u00e9gezt\u00e9k az \u00fagynevezett z\u00e1r\u00f3 fert\u0151tlen\u00edt\u00e9st, tervezetten szerd\u00e1ig a budapesti el\u0151v\u00e1rosi vonatok kocsijait, h\u00e9t v\u00e9g\u00e9ig pedig az orsz\u00e1gban k\u00f6zleked\u0151 \u00f6sszes j\u00e1rm\u0171vet fert\u0151tlen\u00edtik \u00edgy. A z\u00e1r\u00f3fert\u0151tlen\u00edt\u00e9s bakt\u00e9rium-, v\u00edrus- \u00e9s","og_url":"https:\/\/dorogimedence.hu\/index.php\/2020\/03\/17\/az-osszes-vonatot-teljesen-fertotlenitik\/","og_site_name":"Dorogi-medence Region\u00e1lis H\u00edrport\u00e1l","article_publisher":"https:\/\/www.facebook.com\/dorogimedence\/","article_published_time":"2020-03-17T06:05:12+00:00","article_modified_time":"2020-03-17T06:05:19+00:00","og_image":[{"width":670,"height":365,"url":"https:\/\/i0.wp.com\/dorogimedence.hu\/wp-content\/uploads\/2020\/03\/fertotlenites-01.jpg?fit=670%2C365&ssl=1","type":"image\/jpeg"}],"author":"dorogimedence.hu","twitter_card":"summary_large_image","twitter_misc":{"Szerz\u0151:":"dorogimedence.hu","Becs\u00fclt olvas\u00e1si id\u0151":"2 perc"},"schema":{"@context":"https:\/\/schema.org","@graph":[{"@type":"Article","@id":"https:\/\/dorogimedence.hu\/index.php\/2020\/03\/17\/az-osszes-vonatot-teljesen-fertotlenitik\/#article","isPartOf":{"@id":"https:\/\/dorogimedence.hu\/index.php\/2020\/03\/17\/az-osszes-vonatot-teljesen-fertotlenitik\/"},"author":{"name":"dorogimedence.hu","@id":"https:\/\/dorogimedence.hu\/#\/schema\/person\/ce6091eeb7e95ecdc87890d6aa8e0fd4"},"headline":"Az \u00f6sszes vonatot teljesen fert\u0151tlen\u00edtik","datePublished":"2020-03-17T06:05:12+00:00","dateModified":"2020-03-17T06:05:19+00:00","mainEntityOfPage":{"@id":"https:\/\/dorogimedence.hu\/index.php\/2020\/03\/17\/az-osszes-vonatot-teljesen-fertotlenitik\/"},"wordCount":307,"publisher":{"@id":"https:\/\/dorogimedence.hu\/#organization"},"image":{"@id":"https:\/\/dorogimedence.hu\/index.php\/2020\/03\/17\/az-osszes-vonatot-teljesen-fertotlenitik\/#primaryimage"},"thumbnailUrl":"https:\/\/dorogimedence.hu\/wp-content\/uploads\/2020\/03\/fertotlenites-01.jpg","keywords":["fert\u0151tlen\u00edt\u00e9s","koronav\u00edrus"],"articleSection":["H\u00edrek"],"inLanguage":"hu"},{"@type":"WebPage","@id":"https:\/\/dorogimedence.hu\/index.php\/2020\/03\/17\/az-osszes-vonatot-teljesen-fertotlenitik\/","url":"https:\/\/dorogimedence.hu\/index.php\/2020\/03\/17\/az-osszes-vonatot-teljesen-fertotlenitik\/","name":"Az \u00f6sszes vonatot teljesen fert\u0151tlen\u00edtik","isPartOf":{"@id":"https:\/\/dorogimedence.hu\/#website"},"primaryImageOfPage":{"@id":"https:\/\/dorogimedence.hu\/index.php\/2020\/03\/17\/az-osszes-vonatot-teljesen-fertotlenitik\/#primaryimage"},"image":{"@id":"https:\/\/dorogimedence.hu\/index.php\/2020\/03\/17\/az-osszes-vonatot-teljesen-fertotlenitik\/#primaryimage"},"thumbnailUrl":"https:\/\/dorogimedence.hu\/wp-content\/uploads\/2020\/03\/fertotlenites-01.jpg","datePublished":"2020-03-17T06:05:12+00:00","dateModified":"2020-03-17T06:05:19+00:00","breadcrumb":{"@id":"https:\/\/dorogimedence.hu\/index.php\/2020\/03\/17\/az-osszes-vonatot-teljesen-fertotlenitik\/#breadcrumb"},"inLanguage":"hu","potentialAction":[{"@type":"ReadAction","target":["https:\/\/dorogimedence.hu\/index.php\/2020\/03\/17\/az-osszes-vonatot-teljesen-fertotlenitik\/"]}]},{"@type":"ImageObject","inLanguage":"hu","@id":"https:\/\/dorogimedence.hu\/index.php\/2020\/03\/17\/az-osszes-vonatot-teljesen-fertotlenitik\/#primaryimage","url":"https:\/\/dorogimedence.hu\/wp-content\/uploads\/2020\/03\/fertotlenites-01.jpg","contentUrl":"https:\/\/dorogimedence.hu\/wp-content\/uploads\/2020\/03\/fertotlenites-01.jpg","width":670,"height":365},{"@type":"BreadcrumbList","@id":"https:\/\/dorogimedence.hu\/index.php\/2020\/03\/17\/az-osszes-vonatot-teljesen-fertotlenitik\/#breadcrumb","itemListElement":[{"@type":"ListItem","position":1,"name":"Kezd\u0151lap","item":"https:\/\/dorogimedence.hu\/"},{"@type":"ListItem","position":2,"name":"Az \u00f6sszes vonatot teljesen fert\u0151tlen\u00edtik"}]},{"@type":"WebSite","@id":"https:\/\/dorogimedence.hu\/#website","url":"https:\/\/dorogimedence.hu\/","name":"Dorogi-medence Region\u00e1lis H\u00edrport\u00e1l","description":"Dorog, Keszt\u00f6lc, Le\u00e1nyv\u00e1r, Piliscs\u00e9v, Tokod, Tokodalt\u00e1r\u00f3, Csolnok, Esztergom-kertv\u00e1ros: h\u00edrek, programok","publisher":{"@id":"https:\/\/dorogimedence.hu\/#organization"},"potentialAction":[{"@type":"SearchAction","target":{"@type":"EntryPoint","urlTemplate":"https:\/\/dorogimedence.hu\/?s={search_term_string}"},"query-input":{"@type":"PropertyValueSpecification","valueRequired":true,"valueName":"search_term_string"}}],"inLanguage":"hu"},{"@type":"Organization","@id":"https:\/\/dorogimedence.hu\/#organization","name":"Dorogi-medence Region\u00e1lis H\u00edrport\u00e1l","url":"https:\/\/dorogimedence.hu\/","logo":{"@type":"ImageObject","inLanguage":"hu","@id":"https:\/\/dorogimedence.hu\/#\/schema\/logo\/image\/","url":"https:\/\/dorogimedence.hu\/wp-content\/uploads\/2021\/04\/logo-feher-600.png","contentUrl":"https:\/\/dorogimedence.hu\/wp-content\/uploads\/2021\/04\/logo-feher-600.png","width":600,"height":100,"caption":"Dorogi-medence Region\u00e1lis H\u00edrport\u00e1l"},"image":{"@id":"https:\/\/dorogimedence.hu\/#\/schema\/logo\/image\/"},"sameAs":["https:\/\/www.facebook.com\/dorogimedence\/"]},{"@type":"Person","@id":"https:\/\/dorogimedence.hu\/#\/schema\/person\/ce6091eeb7e95ecdc87890d6aa8e0fd4","name":"dorogimedence.hu","image":{"@type":"ImageObject","inLanguage":"hu","@id":"\/\/www.gravatar.com\/avatar\/d8d45f8901aadff40a4af72c0b826f1d?s=96&#038;r=g&#038;d=mm","url":"\/\/www.gravatar.com\/avatar\/d8d45f8901aadff40a4af72c0b826f1d?s=96&#038;r=g&#038;d=mm","contentUrl":"\/\/www.gravatar.com\/avatar\/d8d45f8901aadff40a4af72c0b826f1d?s=96&#038;r=g&#038;d=mm","caption":"dorogimedence.hu"}}]}},"_links":{"self":[{"href":"https:\/\/dorogimedence.hu\/index.php\/wp-json\/wp\/v2\/posts\/23702","targetHints":{"allow":["GET"]}}],"collection":[{"href":"https:\/\/dorogimedence.hu\/index.php\/wp-json\/wp\/v2\/posts"}],"about":[{"href":"https:\/\/dorogimedence.hu\/index.php\/wp-json\/wp\/v2\/types\/post"}],"author":[{"embeddable":true,"href":"https:\/\/dorogimedence.hu\/index.php\/wp-json\/wp\/v2\/users\/1"}],"replies":[{"embeddable":true,"href":"https:\/\/dorogimedence.hu\/index.php\/wp-json\/wp\/v2\/comments?post=23702"}],"version-history":[{"count":0,"href":"https:\/\/dorogimedence.hu\/index.php\/wp-json\/wp\/v2\/posts\/23702\/revisions"}],"wp:featuredmedia":[{"embeddable":true,"href":"https:\/\/dorogimedence.hu\/index.php\/wp-json\/wp\/v2\/media\/23703"}],"wp:attachment":[{"href":"https:\/\/dorogimedence.hu\/index.php\/wp-json\/wp\/v2\/media?parent=23702"}],"wp:term":[{"taxonomy":"category","embeddable":true,"href":"https:\/\/dorogimedence.hu\/index.php\/wp-json\/wp\/v2\/categories?post=23702"},{"taxonomy":"post_tag","embeddable":true,"href":"https:\/\/dorogimedence.hu\/index.php\/wp-json\/wp\/v2\/tags?post=23702"}],"curies":[{"name":"wp","href":"https:\/\/api.w.org\/{rel}","templated":true}]}}