{"id":23603,"date":"2020-03-12T13:48:46","date_gmt":"2020-03-12T12:48:46","guid":{"rendered":"http:\/\/dorogimedence.hu\/?p=23603"},"modified":"2020-03-12T13:49:19","modified_gmt":"2020-03-12T12:49:19","slug":"vadlott-lett-a-fiatalkoru-versenybiro","status":"publish","type":"post","link":"https:\/\/dorogimedence.hu\/index.php\/2020\/03\/12\/vadlott-lett-a-fiatalkoru-versenybiro\/","title":{"rendered":"V\u00e1dlott lett a fiatalkor\u00fa \u201eversenyb\u00edr\u00f3\u201d"},"content":{"rendered":"<div class=\"item_introtext\">\n<p><strong>H\u00e1rom fiatalkor\u00fa tanul\u00f3val szemben emeltek v\u00e1dat, mert ketten \u00f6sszeverekedtek, mik\u00f6zben a harmadik szem\u00e9ly a vereked\u00e9st fel\u00fcgyelte \u00e9s k\u00f6zben b\u00edztatta \u0151ket Esztergomban.<\/strong><\/p>\n<\/div>\n<div class=\"item_fulltext\">\n<p>K\u00e9t fiatalkor\u00fa v\u00e1dlott a 2018-2019. tan\u00e9vben az esztergomi szakmunk\u00e1sk\u00e9pz\u0151 tanul\u00f3i voltak. 2018. szeptember 13. napj\u00e1n a k\u00e9t fi\u00fa k\u00f6z\u00f6tt n\u00e9zetelt\u00e9r\u00e9s volt, amelyet vereked\u00e9ssel akartak lerendezni egym\u00e1ssal. Ez\u00e9rt a d\u00e9lut\u00e1ni \u00f3r\u00e1kban az iskola k\u00f6zel\u00e9ben l\u00e9v\u0151 f\u00fcves ter\u00fcletre mentek t\u00f6bb ismer\u0151s\u00fck, k\u00f6zt\u00fck egy harmadik fi\u00fa k\u00eds\u00e9ret\u00e9ben \u00e9s egym\u00e1ssal szemben fel\u00e1lltak, hogy verekedjenek. A vereked\u00e9st a harmadik fi\u00fa k\u00e9zjelz\u00e9s\u00e9re, valamint a \u201emehet\u201d jelre kezdt\u00e9k el.<\/p>\n<p>A k\u00e9t fi\u00fa a f\u00f6ld\u00f6n birk\u00f3zott, \u00e9s \u00fct\u00f6tt\u00e9k egym\u00e1st, az egyik fel\u00fclkerekedett \u00e9s a karj\u00e1val leszor\u00edtotta a m\u00e1sikat, ekkor a \u201eversenyb\u00edr\u00f3\u201d azt mondta, hogy \u201ej\u00f3l van, v\u00e9ge, elengedni\u201d, azonban ekkor az egyik vereked\u0151 fi\u00fa az arc\u00e1n megharapta a m\u00e1sikat.<\/p>\n<p>Ezt l\u00e1tva a \u201eversenyb\u00edr\u00f3\u201d arra b\u00edztatta m\u00e1sodrend\u0171 v\u00e1dlottat, hogy \u201eadj\u00e1l neki, harapjad, harapjad\u201d. \u00dajra dulakod\u00e1s alakult ki a k\u00e9t fi\u00fa k\u00f6z\u00f6tt, ennek sor\u00e1n az egyik \u00f6k\u00f6llel h\u00e1rom \u00fct\u00e9st m\u00e9rt ellenfele arc\u00e1ra, aki az utols\u00f3 \u00fct\u00e9sn\u00e9l a f\u00e1jdalomt\u00f3l felki\u00e1ltott, ezut\u00e1n a fi\u00fak abbahagyt\u00e1k a vereked\u00e9st.<\/p>\n<p>Az \u00f6k\u00f6llel is meg\u00fct\u00f6tt fi\u00fanak olyan szemt\u00e1j\u00e9ki \u00e9s arct\u00e1ji, nyolc napon bel\u00fcl gy\u00f3gyul\u00f3 s\u00e9r\u00fcl\u00e9sei keletkeztek, amelyeket \u00e9rt behat\u00e1s alkalmas volt az elszenvedettn\u00e9l s\u00falyosabb, nyolc napon t\u00fal gy\u00f3gyul\u00f3 s\u00e9r\u00fcl\u00e9s okoz\u00e1s\u00e1ra.<\/p>\n<p>Az \u00fcgy\u00e9szs\u00e9g a v\u00e1diratban ind\u00edtv\u00e1nyt tett arra, hogy az Esztergomi J\u00e1r\u00e1sb\u00edr\u00f3s\u00e1g az \u00fcgyben t\u00e1rgyal\u00e1s mell\u0151z\u00e9s\u00e9vel b\u00fcntet\u0151v\u00e9gz\u00e9st hozzon, a s\u00e9r\u00fcl\u00e9st is okoz\u00f3 els\u0151rend\u0171 v\u00e1dlottal szemben a b\u00fcntet\u00e9s kiszab\u00e1s\u00e1t pr\u00f3baid\u0151re halassza el, \u00e9s \u0151t j\u00f3v\u00e1t\u00e9teli munka v\u00e9gz\u00e9s\u00e9re k\u00f6telezze, a s\u00e9r\u00fcl\u00e9st elszenved\u0151 m\u00e1sodrend\u0171 v\u00e1dlottat \u00e9s a \u201eversenyb\u00edr\u00f3k\u00e9nt\u201d fell\u00e9p\u0151 harmadrend\u0171 v\u00e1dlottat pr\u00f3b\u00e1ra bocs\u00e1t\u00e1s int\u00e9zked\u00e9ssel s\u00fajtsa, egyidej\u0171leg \u00e1llap\u00edtsa meg, hogy mindh\u00e1rom elk\u00f6vet\u0151 a pr\u00f3baid\u0151 alatt p\u00e1rtfog\u00f3 fel\u00fcgyelet alatt \u00e1ll.<\/p>\n<p><em>Kom\u00e1rom-Esztergom Megyei F\u0151\u00fcgy\u00e9szs\u00e9g Sajt\u00f3<\/em><\/p>\n<\/div>\n","protected":false},"excerpt":{"rendered":"<p>H\u00e1rom fiatalkor\u00fa tanul\u00f3val szemben emeltek v\u00e1dat, mert ketten \u00f6sszeverekedtek, mik\u00f6zben a harmadik szem\u00e9ly a vereked\u00e9st fel\u00fcgyelte \u00e9s k\u00f6zben b\u00edztatta \u0151ket Esztergomban. K\u00e9t fiatalkor\u00fa v\u00e1dlott a 2018-2019. tan\u00e9vben az esztergomi szakmunk\u00e1sk\u00e9pz\u0151 tanul\u00f3i voltak. 2018. szeptember 13. napj\u00e1n a k\u00e9t fi\u00fa k\u00f6z\u00f6tt n\u00e9zetelt\u00e9r\u00e9s volt, amelyet vereked\u00e9ssel akartak lerendezni egym\u00e1ssal. Ez\u00e9rt a d\u00e9lut\u00e1ni \u00f3r\u00e1kban az iskola k\u00f6zel\u00e9ben l\u00e9v\u0151<\/p>\n","protected":false},"author":1,"featured_media":4505,"comment_status":"closed","ping_status":"closed","sticky":false,"template":"","format":"standard","meta":{"ngg_post_thumbnail":0,"footnotes":""},"categories":[38,3,39],"tags":[712,1042,63,42,326,1423],"class_list":{"0":"post-23603","1":"post","2":"type-post","3":"status-publish","4":"format-standard","5":"has-post-thumbnail","7":"category-esztergom","8":"category-hirek","9":"category-kek-hirek","10":"tag-bantalmazas","11":"tag-birosag","12":"tag-buncselekmeny","13":"tag-esztergom","14":"tag-ugyeszseg","15":"tag-verekedes"},"yoast_head":"<!-- This site is optimized with the Yoast SEO plugin v27.5 - https:\/\/yoast.com\/product\/yoast-seo-wordpress\/ -->\n<title>V\u00e1dlott lett a fiatalkor\u00fa \u201eversenyb\u00edr\u00f3\u201d<\/title>\n<meta name=\"robots\" content=\"index, follow, max-snippet:-1, max-image-preview:large, max-video-preview:-1\" \/>\n<link rel=\"canonical\" href=\"https:\/\/dorogimedence.hu\/index.php\/2020\/03\/12\/vadlott-lett-a-fiatalkoru-versenybiro\/\" class=\"yoast-seo-meta-tag\" \/>\n<meta property=\"og:locale\" content=\"hu_HU\" class=\"yoast-seo-meta-tag\" \/>\n<meta property=\"og:type\" content=\"article\" class=\"yoast-seo-meta-tag\" \/>\n<meta property=\"og:title\" content=\"V\u00e1dlott lett a fiatalkor\u00fa \u201eversenyb\u00edr\u00f3\u201d\" class=\"yoast-seo-meta-tag\" \/>\n<meta property=\"og:description\" content=\"H\u00e1rom fiatalkor\u00fa tanul\u00f3val szemben emeltek v\u00e1dat, mert ketten \u00f6sszeverekedtek, mik\u00f6zben a harmadik szem\u00e9ly a vereked\u00e9st fel\u00fcgyelte \u00e9s k\u00f6zben b\u00edztatta \u0151ket Esztergomban. K\u00e9t fiatalkor\u00fa v\u00e1dlott a 2018-2019. tan\u00e9vben az esztergomi szakmunk\u00e1sk\u00e9pz\u0151 tanul\u00f3i voltak. 2018. szeptember 13. napj\u00e1n a k\u00e9t fi\u00fa k\u00f6z\u00f6tt n\u00e9zetelt\u00e9r\u00e9s volt, amelyet vereked\u00e9ssel akartak lerendezni egym\u00e1ssal. Ez\u00e9rt a d\u00e9lut\u00e1ni \u00f3r\u00e1kban az iskola k\u00f6zel\u00e9ben l\u00e9v\u0151\" class=\"yoast-seo-meta-tag\" \/>\n<meta property=\"og:url\" content=\"https:\/\/dorogimedence.hu\/index.php\/2020\/03\/12\/vadlott-lett-a-fiatalkoru-versenybiro\/\" class=\"yoast-seo-meta-tag\" \/>\n<meta property=\"og:site_name\" content=\"Dorogi-medence Region\u00e1lis H\u00edrport\u00e1l\" class=\"yoast-seo-meta-tag\" \/>\n<meta property=\"article:publisher\" content=\"https:\/\/www.facebook.com\/dorogimedence\/\" class=\"yoast-seo-meta-tag\" \/>\n<meta property=\"article:published_time\" content=\"2020-03-12T12:48:46+00:00\" class=\"yoast-seo-meta-tag\" \/>\n<meta property=\"article:modified_time\" content=\"2020-03-12T12:49:19+00:00\" class=\"yoast-seo-meta-tag\" \/>\n<meta property=\"og:image\" content=\"https:\/\/i0.wp.com\/dorogimedence.hu\/wp-content\/uploads\/2017\/07\/bantalmazas-02.jpg?fit=670%2C365&ssl=1\" class=\"yoast-seo-meta-tag\" \/>\n\t<meta property=\"og:image:width\" content=\"670\" class=\"yoast-seo-meta-tag\" \/>\n\t<meta property=\"og:image:height\" content=\"365\" class=\"yoast-seo-meta-tag\" \/>\n\t<meta property=\"og:image:type\" content=\"image\/jpeg\" class=\"yoast-seo-meta-tag\" \/>\n<meta name=\"author\" content=\"dorogimedence.hu\" class=\"yoast-seo-meta-tag\" \/>\n<meta name=\"twitter:card\" content=\"summary_large_image\" class=\"yoast-seo-meta-tag\" \/>\n<meta name=\"twitter:label1\" content=\"Szerz\u0151:\" class=\"yoast-seo-meta-tag\" \/>\n\t<meta name=\"twitter:data1\" content=\"dorogimedence.hu\" class=\"yoast-seo-meta-tag\" \/>\n\t<meta name=\"twitter:label2\" content=\"Becs\u00fclt olvas\u00e1si id\u0151\" class=\"yoast-seo-meta-tag\" \/>\n\t<meta name=\"twitter:data2\" content=\"2 perc\" class=\"yoast-seo-meta-tag\" \/>\n<script type=\"application\/ld+json\" class=\"yoast-schema-graph\">{\"@context\":\"https:\\\/\\\/schema.org\",\"@graph\":[{\"@type\":\"Article\",\"@id\":\"https:\\\/\\\/dorogimedence.hu\\\/index.php\\\/2020\\\/03\\\/12\\\/vadlott-lett-a-fiatalkoru-versenybiro\\\/#article\",\"isPartOf\":{\"@id\":\"https:\\\/\\\/dorogimedence.hu\\\/index.php\\\/2020\\\/03\\\/12\\\/vadlott-lett-a-fiatalkoru-versenybiro\\\/\"},\"author\":{\"name\":\"dorogimedence.hu\",\"@id\":\"https:\\\/\\\/dorogimedence.hu\\\/#\\\/schema\\\/person\\\/ce6091eeb7e95ecdc87890d6aa8e0fd4\"},\"headline\":\"V\u00e1dlott lett a fiatalkor\u00fa \u201eversenyb\u00edr\u00f3\u201d\",\"datePublished\":\"2020-03-12T12:48:46+00:00\",\"dateModified\":\"2020-03-12T12:49:19+00:00\",\"mainEntityOfPage\":{\"@id\":\"https:\\\/\\\/dorogimedence.hu\\\/index.php\\\/2020\\\/03\\\/12\\\/vadlott-lett-a-fiatalkoru-versenybiro\\\/\"},\"wordCount\":444,\"publisher\":{\"@id\":\"https:\\\/\\\/dorogimedence.hu\\\/#organization\"},\"image\":{\"@id\":\"https:\\\/\\\/dorogimedence.hu\\\/index.php\\\/2020\\\/03\\\/12\\\/vadlott-lett-a-fiatalkoru-versenybiro\\\/#primaryimage\"},\"thumbnailUrl\":\"https:\\\/\\\/dorogimedence.hu\\\/wp-content\\\/uploads\\\/2017\\\/07\\\/bantalmazas-02.jpg\",\"keywords\":[\"b\u00e1ntalmaz\u00e1s\",\"b\u00edr\u00f3s\u00e1g\",\"b\u0171ncselekm\u00e9ny\",\"esztergom\",\"\u00fcgy\u00e9szs\u00e9g\",\"vereked\u00e9s\"],\"articleSection\":[\"Esztergom\",\"H\u00edrek\",\"K\u00e9k h\u00edrek\"],\"inLanguage\":\"hu\"},{\"@type\":\"WebPage\",\"@id\":\"https:\\\/\\\/dorogimedence.hu\\\/index.php\\\/2020\\\/03\\\/12\\\/vadlott-lett-a-fiatalkoru-versenybiro\\\/\",\"url\":\"https:\\\/\\\/dorogimedence.hu\\\/index.php\\\/2020\\\/03\\\/12\\\/vadlott-lett-a-fiatalkoru-versenybiro\\\/\",\"name\":\"V\u00e1dlott lett a fiatalkor\u00fa \u201eversenyb\u00edr\u00f3\u201d\",\"isPartOf\":{\"@id\":\"https:\\\/\\\/dorogimedence.hu\\\/#website\"},\"primaryImageOfPage\":{\"@id\":\"https:\\\/\\\/dorogimedence.hu\\\/index.php\\\/2020\\\/03\\\/12\\\/vadlott-lett-a-fiatalkoru-versenybiro\\\/#primaryimage\"},\"image\":{\"@id\":\"https:\\\/\\\/dorogimedence.hu\\\/index.php\\\/2020\\\/03\\\/12\\\/vadlott-lett-a-fiatalkoru-versenybiro\\\/#primaryimage\"},\"thumbnailUrl\":\"https:\\\/\\\/dorogimedence.hu\\\/wp-content\\\/uploads\\\/2017\\\/07\\\/bantalmazas-02.jpg\",\"datePublished\":\"2020-03-12T12:48:46+00:00\",\"dateModified\":\"2020-03-12T12:49:19+00:00\",\"breadcrumb\":{\"@id\":\"https:\\\/\\\/dorogimedence.hu\\\/index.php\\\/2020\\\/03\\\/12\\\/vadlott-lett-a-fiatalkoru-versenybiro\\\/#breadcrumb\"},\"inLanguage\":\"hu\",\"potentialAction\":[{\"@type\":\"ReadAction\",\"target\":[\"https:\\\/\\\/dorogimedence.hu\\\/index.php\\\/2020\\\/03\\\/12\\\/vadlott-lett-a-fiatalkoru-versenybiro\\\/\"]}]},{\"@type\":\"ImageObject\",\"inLanguage\":\"hu\",\"@id\":\"https:\\\/\\\/dorogimedence.hu\\\/index.php\\\/2020\\\/03\\\/12\\\/vadlott-lett-a-fiatalkoru-versenybiro\\\/#primaryimage\",\"url\":\"https:\\\/\\\/dorogimedence.hu\\\/wp-content\\\/uploads\\\/2017\\\/07\\\/bantalmazas-02.jpg\",\"contentUrl\":\"https:\\\/\\\/dorogimedence.hu\\\/wp-content\\\/uploads\\\/2017\\\/07\\\/bantalmazas-02.jpg\",\"width\":670,\"height\":365},{\"@type\":\"BreadcrumbList\",\"@id\":\"https:\\\/\\\/dorogimedence.hu\\\/index.php\\\/2020\\\/03\\\/12\\\/vadlott-lett-a-fiatalkoru-versenybiro\\\/#breadcrumb\",\"itemListElement\":[{\"@type\":\"ListItem\",\"position\":1,\"name\":\"Kezd\u0151lap\",\"item\":\"https:\\\/\\\/dorogimedence.hu\\\/\"},{\"@type\":\"ListItem\",\"position\":2,\"name\":\"V\u00e1dlott lett a fiatalkor\u00fa \u201eversenyb\u00edr\u00f3\u201d\"}]},{\"@type\":\"WebSite\",\"@id\":\"https:\\\/\\\/dorogimedence.hu\\\/#website\",\"url\":\"https:\\\/\\\/dorogimedence.hu\\\/\",\"name\":\"Dorogi-medence Region\u00e1lis H\u00edrport\u00e1l\",\"description\":\"Dorog, Keszt\u00f6lc, Le\u00e1nyv\u00e1r, Piliscs\u00e9v, Tokod, Tokodalt\u00e1r\u00f3, Csolnok, Esztergom-kertv\u00e1ros: h\u00edrek, programok\",\"publisher\":{\"@id\":\"https:\\\/\\\/dorogimedence.hu\\\/#organization\"},\"potentialAction\":[{\"@type\":\"SearchAction\",\"target\":{\"@type\":\"EntryPoint\",\"urlTemplate\":\"https:\\\/\\\/dorogimedence.hu\\\/?s={search_term_string}\"},\"query-input\":{\"@type\":\"PropertyValueSpecification\",\"valueRequired\":true,\"valueName\":\"search_term_string\"}}],\"inLanguage\":\"hu\"},{\"@type\":\"Organization\",\"@id\":\"https:\\\/\\\/dorogimedence.hu\\\/#organization\",\"name\":\"Dorogi-medence Region\u00e1lis H\u00edrport\u00e1l\",\"url\":\"https:\\\/\\\/dorogimedence.hu\\\/\",\"logo\":{\"@type\":\"ImageObject\",\"inLanguage\":\"hu\",\"@id\":\"https:\\\/\\\/dorogimedence.hu\\\/#\\\/schema\\\/logo\\\/image\\\/\",\"url\":\"https:\\\/\\\/dorogimedence.hu\\\/wp-content\\\/uploads\\\/2021\\\/04\\\/logo-feher-600.png\",\"contentUrl\":\"https:\\\/\\\/dorogimedence.hu\\\/wp-content\\\/uploads\\\/2021\\\/04\\\/logo-feher-600.png\",\"width\":600,\"height\":100,\"caption\":\"Dorogi-medence Region\u00e1lis H\u00edrport\u00e1l\"},\"image\":{\"@id\":\"https:\\\/\\\/dorogimedence.hu\\\/#\\\/schema\\\/logo\\\/image\\\/\"},\"sameAs\":[\"https:\\\/\\\/www.facebook.com\\\/dorogimedence\\\/\"]},{\"@type\":\"Person\",\"@id\":\"https:\\\/\\\/dorogimedence.hu\\\/#\\\/schema\\\/person\\\/ce6091eeb7e95ecdc87890d6aa8e0fd4\",\"name\":\"dorogimedence.hu\",\"image\":{\"@type\":\"ImageObject\",\"inLanguage\":\"hu\",\"@id\":\"\\\/\\\/www.gravatar.com\\\/avatar\\\/d8d45f8901aadff40a4af72c0b826f1d?s=96&#038;r=g&#038;d=mm\",\"url\":\"\\\/\\\/www.gravatar.com\\\/avatar\\\/d8d45f8901aadff40a4af72c0b826f1d?s=96&#038;r=g&#038;d=mm\",\"contentUrl\":\"\\\/\\\/www.gravatar.com\\\/avatar\\\/d8d45f8901aadff40a4af72c0b826f1d?s=96&#038;r=g&#038;d=mm\",\"caption\":\"dorogimedence.hu\"}}]}<\/script>\n<!-- \/ Yoast SEO plugin. -->","yoast_head_json":{"title":"V\u00e1dlott lett a fiatalkor\u00fa \u201eversenyb\u00edr\u00f3\u201d","robots":{"index":"index","follow":"follow","max-snippet":"max-snippet:-1","max-image-preview":"max-image-preview:large","max-video-preview":"max-video-preview:-1"},"canonical":"https:\/\/dorogimedence.hu\/index.php\/2020\/03\/12\/vadlott-lett-a-fiatalkoru-versenybiro\/","og_locale":"hu_HU","og_type":"article","og_title":"V\u00e1dlott lett a fiatalkor\u00fa \u201eversenyb\u00edr\u00f3\u201d","og_description":"H\u00e1rom fiatalkor\u00fa tanul\u00f3val szemben emeltek v\u00e1dat, mert ketten \u00f6sszeverekedtek, mik\u00f6zben a harmadik szem\u00e9ly a vereked\u00e9st fel\u00fcgyelte \u00e9s k\u00f6zben b\u00edztatta \u0151ket Esztergomban. K\u00e9t fiatalkor\u00fa v\u00e1dlott a 2018-2019. tan\u00e9vben az esztergomi szakmunk\u00e1sk\u00e9pz\u0151 tanul\u00f3i voltak. 2018. szeptember 13. napj\u00e1n a k\u00e9t fi\u00fa k\u00f6z\u00f6tt n\u00e9zetelt\u00e9r\u00e9s volt, amelyet vereked\u00e9ssel akartak lerendezni egym\u00e1ssal. Ez\u00e9rt a d\u00e9lut\u00e1ni \u00f3r\u00e1kban az iskola k\u00f6zel\u00e9ben l\u00e9v\u0151","og_url":"https:\/\/dorogimedence.hu\/index.php\/2020\/03\/12\/vadlott-lett-a-fiatalkoru-versenybiro\/","og_site_name":"Dorogi-medence Region\u00e1lis H\u00edrport\u00e1l","article_publisher":"https:\/\/www.facebook.com\/dorogimedence\/","article_published_time":"2020-03-12T12:48:46+00:00","article_modified_time":"2020-03-12T12:49:19+00:00","og_image":[{"width":670,"height":365,"url":"https:\/\/i0.wp.com\/dorogimedence.hu\/wp-content\/uploads\/2017\/07\/bantalmazas-02.jpg?fit=670%2C365&ssl=1","type":"image\/jpeg"}],"author":"dorogimedence.hu","twitter_card":"summary_large_image","twitter_misc":{"Szerz\u0151:":"dorogimedence.hu","Becs\u00fclt olvas\u00e1si id\u0151":"2 perc"},"schema":{"@context":"https:\/\/schema.org","@graph":[{"@type":"Article","@id":"https:\/\/dorogimedence.hu\/index.php\/2020\/03\/12\/vadlott-lett-a-fiatalkoru-versenybiro\/#article","isPartOf":{"@id":"https:\/\/dorogimedence.hu\/index.php\/2020\/03\/12\/vadlott-lett-a-fiatalkoru-versenybiro\/"},"author":{"name":"dorogimedence.hu","@id":"https:\/\/dorogimedence.hu\/#\/schema\/person\/ce6091eeb7e95ecdc87890d6aa8e0fd4"},"headline":"V\u00e1dlott lett a fiatalkor\u00fa \u201eversenyb\u00edr\u00f3\u201d","datePublished":"2020-03-12T12:48:46+00:00","dateModified":"2020-03-12T12:49:19+00:00","mainEntityOfPage":{"@id":"https:\/\/dorogimedence.hu\/index.php\/2020\/03\/12\/vadlott-lett-a-fiatalkoru-versenybiro\/"},"wordCount":444,"publisher":{"@id":"https:\/\/dorogimedence.hu\/#organization"},"image":{"@id":"https:\/\/dorogimedence.hu\/index.php\/2020\/03\/12\/vadlott-lett-a-fiatalkoru-versenybiro\/#primaryimage"},"thumbnailUrl":"https:\/\/dorogimedence.hu\/wp-content\/uploads\/2017\/07\/bantalmazas-02.jpg","keywords":["b\u00e1ntalmaz\u00e1s","b\u00edr\u00f3s\u00e1g","b\u0171ncselekm\u00e9ny","esztergom","\u00fcgy\u00e9szs\u00e9g","vereked\u00e9s"],"articleSection":["Esztergom","H\u00edrek","K\u00e9k h\u00edrek"],"inLanguage":"hu"},{"@type":"WebPage","@id":"https:\/\/dorogimedence.hu\/index.php\/2020\/03\/12\/vadlott-lett-a-fiatalkoru-versenybiro\/","url":"https:\/\/dorogimedence.hu\/index.php\/2020\/03\/12\/vadlott-lett-a-fiatalkoru-versenybiro\/","name":"V\u00e1dlott lett a fiatalkor\u00fa \u201eversenyb\u00edr\u00f3\u201d","isPartOf":{"@id":"https:\/\/dorogimedence.hu\/#website"},"primaryImageOfPage":{"@id":"https:\/\/dorogimedence.hu\/index.php\/2020\/03\/12\/vadlott-lett-a-fiatalkoru-versenybiro\/#primaryimage"},"image":{"@id":"https:\/\/dorogimedence.hu\/index.php\/2020\/03\/12\/vadlott-lett-a-fiatalkoru-versenybiro\/#primaryimage"},"thumbnailUrl":"https:\/\/dorogimedence.hu\/wp-content\/uploads\/2017\/07\/bantalmazas-02.jpg","datePublished":"2020-03-12T12:48:46+00:00","dateModified":"2020-03-12T12:49:19+00:00","breadcrumb":{"@id":"https:\/\/dorogimedence.hu\/index.php\/2020\/03\/12\/vadlott-lett-a-fiatalkoru-versenybiro\/#breadcrumb"},"inLanguage":"hu","potentialAction":[{"@type":"ReadAction","target":["https:\/\/dorogimedence.hu\/index.php\/2020\/03\/12\/vadlott-lett-a-fiatalkoru-versenybiro\/"]}]},{"@type":"ImageObject","inLanguage":"hu","@id":"https:\/\/dorogimedence.hu\/index.php\/2020\/03\/12\/vadlott-lett-a-fiatalkoru-versenybiro\/#primaryimage","url":"https:\/\/dorogimedence.hu\/wp-content\/uploads\/2017\/07\/bantalmazas-02.jpg","contentUrl":"https:\/\/dorogimedence.hu\/wp-content\/uploads\/2017\/07\/bantalmazas-02.jpg","width":670,"height":365},{"@type":"BreadcrumbList","@id":"https:\/\/dorogimedence.hu\/index.php\/2020\/03\/12\/vadlott-lett-a-fiatalkoru-versenybiro\/#breadcrumb","itemListElement":[{"@type":"ListItem","position":1,"name":"Kezd\u0151lap","item":"https:\/\/dorogimedence.hu\/"},{"@type":"ListItem","position":2,"name":"V\u00e1dlott lett a fiatalkor\u00fa \u201eversenyb\u00edr\u00f3\u201d"}]},{"@type":"WebSite","@id":"https:\/\/dorogimedence.hu\/#website","url":"https:\/\/dorogimedence.hu\/","name":"Dorogi-medence Region\u00e1lis H\u00edrport\u00e1l","description":"Dorog, Keszt\u00f6lc, Le\u00e1nyv\u00e1r, Piliscs\u00e9v, Tokod, Tokodalt\u00e1r\u00f3, Csolnok, Esztergom-kertv\u00e1ros: h\u00edrek, programok","publisher":{"@id":"https:\/\/dorogimedence.hu\/#organization"},"potentialAction":[{"@type":"SearchAction","target":{"@type":"EntryPoint","urlTemplate":"https:\/\/dorogimedence.hu\/?s={search_term_string}"},"query-input":{"@type":"PropertyValueSpecification","valueRequired":true,"valueName":"search_term_string"}}],"inLanguage":"hu"},{"@type":"Organization","@id":"https:\/\/dorogimedence.hu\/#organization","name":"Dorogi-medence Region\u00e1lis H\u00edrport\u00e1l","url":"https:\/\/dorogimedence.hu\/","logo":{"@type":"ImageObject","inLanguage":"hu","@id":"https:\/\/dorogimedence.hu\/#\/schema\/logo\/image\/","url":"https:\/\/dorogimedence.hu\/wp-content\/uploads\/2021\/04\/logo-feher-600.png","contentUrl":"https:\/\/dorogimedence.hu\/wp-content\/uploads\/2021\/04\/logo-feher-600.png","width":600,"height":100,"caption":"Dorogi-medence Region\u00e1lis H\u00edrport\u00e1l"},"image":{"@id":"https:\/\/dorogimedence.hu\/#\/schema\/logo\/image\/"},"sameAs":["https:\/\/www.facebook.com\/dorogimedence\/"]},{"@type":"Person","@id":"https:\/\/dorogimedence.hu\/#\/schema\/person\/ce6091eeb7e95ecdc87890d6aa8e0fd4","name":"dorogimedence.hu","image":{"@type":"ImageObject","inLanguage":"hu","@id":"\/\/www.gravatar.com\/avatar\/d8d45f8901aadff40a4af72c0b826f1d?s=96&#038;r=g&#038;d=mm","url":"\/\/www.gravatar.com\/avatar\/d8d45f8901aadff40a4af72c0b826f1d?s=96&#038;r=g&#038;d=mm","contentUrl":"\/\/www.gravatar.com\/avatar\/d8d45f8901aadff40a4af72c0b826f1d?s=96&#038;r=g&#038;d=mm","caption":"dorogimedence.hu"}}]}},"_links":{"self":[{"href":"https:\/\/dorogimedence.hu\/index.php\/wp-json\/wp\/v2\/posts\/23603","targetHints":{"allow":["GET"]}}],"collection":[{"href":"https:\/\/dorogimedence.hu\/index.php\/wp-json\/wp\/v2\/posts"}],"about":[{"href":"https:\/\/dorogimedence.hu\/index.php\/wp-json\/wp\/v2\/types\/post"}],"author":[{"embeddable":true,"href":"https:\/\/dorogimedence.hu\/index.php\/wp-json\/wp\/v2\/users\/1"}],"replies":[{"embeddable":true,"href":"https:\/\/dorogimedence.hu\/index.php\/wp-json\/wp\/v2\/comments?post=23603"}],"version-history":[{"count":0,"href":"https:\/\/dorogimedence.hu\/index.php\/wp-json\/wp\/v2\/posts\/23603\/revisions"}],"wp:featuredmedia":[{"embeddable":true,"href":"https:\/\/dorogimedence.hu\/index.php\/wp-json\/wp\/v2\/media\/4505"}],"wp:attachment":[{"href":"https:\/\/dorogimedence.hu\/index.php\/wp-json\/wp\/v2\/media?parent=23603"}],"wp:term":[{"taxonomy":"category","embeddable":true,"href":"https:\/\/dorogimedence.hu\/index.php\/wp-json\/wp\/v2\/categories?post=23603"},{"taxonomy":"post_tag","embeddable":true,"href":"https:\/\/dorogimedence.hu\/index.php\/wp-json\/wp\/v2\/tags?post=23603"}],"curies":[{"name":"wp","href":"https:\/\/api.w.org\/{rel}","templated":true}]}}