{"id":23595,"date":"2020-03-12T06:42:20","date_gmt":"2020-03-12T05:42:20","guid":{"rendered":"http:\/\/dorogimedence.hu\/?p=23595"},"modified":"2020-03-12T06:44:50","modified_gmt":"2020-03-12T05:44:50","slug":"ismet-palyazhatnak-homlokzatfelujitasra-a-dorogiak-2","status":"publish","type":"post","link":"https:\/\/dorogimedence.hu\/index.php\/2020\/03\/12\/ismet-palyazhatnak-homlokzatfelujitasra-a-dorogiak-2\/","title":{"rendered":"Ism\u00e9t p\u00e1ly\u00e1zhatnak homlokzatfel\u00faj\u00edt\u00e1sra a dorogiak"},"content":{"rendered":"<p><strong>2020. \u00e1prilis 20-ig minden olyan dorogi ingatlantulajdonos p\u00e1ly\u00e1zhat a \u201eDorog V\u00e1ros \u00c9v Homlokzat Fel\u00faj\u00edt\u00e1si Terve\u201d programban, akinek a k\u00f6zter\u00fcletr\u0151l l\u00e1tsz\u00f3dik \u00e9p\u00fclet\u00e9nek homlokzata. A nyertes ingatlantulajdonos 800 ezer forint t\u00e1mogat\u00e1si \u00f6sszeget \u00e9s Baumit term\u00e9keket kap a fel\u00faj\u00edt\u00e1shoz.<\/strong><\/p>\n<p>T\u00f6bb mint egy \u00e9vtizede indult a Baumit Kft. \u00e9s Dorog V\u00e1ros \u00d6nkorm\u00e1nyzat\u00e1nak k\u00f6z\u00f6s p\u00e1ly\u00e1zati rendszere, amely sor\u00e1n eddig t\u00f6bb mint t\u00edz mag\u00e1n- \u00e9s t\u00e1rsash\u00e1z, illetve \u00fczlet homlokzata \u00fajulhatott meg a v\u00e1ros anyagi t\u00e1mogat\u00e1s\u00e1nak \u00e9s a vakolatgy\u00e1r term\u00e9keinek k\u00f6sz\u00f6nhet\u0151en \u2013 \u00edrja a <a href=\"http:\/\/dorog.hu\/index.php?oldal=65&amp;hir=3173\" target=\"_blank\" rel=\"noopener noreferrer\"><span style=\"text-decoration: underline; color: #0000ff;\">dorog.hu<\/span><\/a><\/p>\n<p>Az id\u00e9n ism\u00e9t p\u00e1ly\u00e1zhatnak a fel\u00faj\u00edt\u00e1s el\u0151tt \u00e1ll\u00f3 tulajdonosok, akik <strong>nyertes p\u00e1ly\u00e1zat eset\u00e9n az \u00f6nkorm\u00e1nyzat \u00e1ltal adott 800 ezer Ft seg\u00edts\u00e9g\u00e9vel \u00e9s a Baumit aj\u00e1nd\u00e9k term\u00e9keinek<\/strong> (v\u00e9konyvakolat, ragaszt\u00f3 \u00e9s alapoz\u00f3), tov\u00e1bb\u00e1 kedvezm\u00e9nyekkel \u00faj\u00edthatj\u00e1k meg \u00e9p\u00fcleteiket.<\/p>\n<p>Dank\u00f3 Krist\u00f3f f\u0151\u00e9p\u00edt\u00e9sz elmondta, hogy a p\u00e1ly\u00e1zat c\u00e9lja, a v\u00e1ros arculat\u00e1nak, utcak\u00e9peinek sz\u00e9p\u00edt\u00e9se. A Baumit Creat\u00edv term\u00e9keinek k\u00f6sz\u00f6nhet\u0151en pedig dinamikus \u00e9s sz\u00e9p utcak\u00e9p alakul ki, ez\u00e1ltal nem csak a tulajdonosoknak ny\u00fajt kellemes \u00e9letk\u00f6rnyezetet, hanem a v\u00e1roslak\u00f3knak is.<\/p>\n<p>Kor\u00e1bban kiz\u00e1r\u00f3lag a B\u00e9csi, az Esztergomi \u00e9s a M\u00e1ria utca ingatlan tulajdonosai p\u00e1ly\u00e1zhattak, ezt nemr\u00e9giben kierjesztett\u00e9k Dorog eg\u00e9sz\u00e9re, a k\u00f6zter\u00fcletekr\u0151l l\u00e1tsz\u00f3d\u00f3 homlokzatokra.<\/p>\n<p>A p\u00e1ly\u00e1zat sor\u00e1n m\u0171szaki le\u00edr\u00e1st, helysz\u00ednrajz, alaprajzi r\u00e9szlet, a megl\u00e9v\u0151 \u00e9s a tervezett homlokzat, illetve a l\u00e1tv\u00e1nyk\u00e9pek lead\u00e1s\u00e1val lehet.<\/p>\n<p><strong>A t\u00e1mogat\u00e1st a zs\u0171ri d\u00f6nt\u00e9se alapj\u00e1n a legkreat\u00edvabb, eszt\u00e9tikus \u00e9s el\u0151remutat\u00f3 terv tulajdonosa kapja<\/strong>, melynek az eredm\u00e9nyhirdet\u00e9se 2020. m\u00e1jus 29-\u00e9n lesz!<\/p>\n<p>A homlokzatfel\u00faj\u00edt\u00e1ssal kapcsolatban t\u00e1j\u00e9koztat\u00e1s k\u00e9rhet\u0151 a f\u0151\u00e9p\u00edt\u00e9szt\u0151l keddenk\u00e9nt 8-16 \u00f3ra k\u00f6z\u00f6tt a polg\u00e1rmesteri hivatalban.<\/p>\n<p><a href=\"http:\/\/dorog.hu\/feltoltes\/palyazat_200228.pdf\" target=\"_blank\" rel=\"noopener noreferrer\"><span style=\"color: #0000ff;\"><strong><span style=\"text-decoration: underline;\">P\u00e1ly\u00e1zati ki\u00edr\u00e1s&gt;&gt;<\/span><\/strong><\/span><\/a><\/p>\n<p><em>Forr\u00e1s: dorog.hu \/ dorogimedence.hu<\/em><\/p>\n","protected":false},"excerpt":{"rendered":"<p>2020. \u00e1prilis 20-ig minden olyan dorogi ingatlantulajdonos p\u00e1ly\u00e1zhat a \u201eDorog V\u00e1ros \u00c9v Homlokzat Fel\u00faj\u00edt\u00e1si Terve\u201d programban, akinek a k\u00f6zter\u00fcletr\u0151l l\u00e1tsz\u00f3dik \u00e9p\u00fclet\u00e9nek homlokzata. A nyertes ingatlantulajdonos 800 ezer forint t\u00e1mogat\u00e1si \u00f6sszeget \u00e9s Baumit term\u00e9keket kap a fel\u00faj\u00edt\u00e1shoz. T\u00f6bb mint egy \u00e9vtizede indult a Baumit Kft. \u00e9s Dorog V\u00e1ros \u00d6nkorm\u00e1nyzat\u00e1nak k\u00f6z\u00f6s p\u00e1ly\u00e1zati rendszere, amely sor\u00e1n eddig t\u00f6bb<\/p>\n","protected":false},"author":1,"featured_media":16103,"comment_status":"closed","ping_status":"closed","sticky":false,"template":"","format":"standard","meta":{"ngg_post_thumbnail":0,"footnotes":""},"categories":[2,3],"tags":[800,15,464,3721,74],"class_list":{"0":"post-23595","1":"post","2":"type-post","3":"status-publish","4":"format-standard","5":"has-post-thumbnail","7":"category-dorog","8":"category-hirek","9":"tag-baumit","10":"tag-dorog","11":"tag-felujitas","12":"tag-homlokzat-felujitas","13":"tag-palyazat"},"yoast_head":"<!-- This site is optimized with the Yoast SEO plugin v27.4 - https:\/\/yoast.com\/product\/yoast-seo-wordpress\/ -->\n<title>Ism\u00e9t p\u00e1ly\u00e1zhatnak homlokzatfel\u00faj\u00edt\u00e1sra a dorogiak<\/title>\n<meta name=\"robots\" content=\"index, follow, max-snippet:-1, max-image-preview:large, max-video-preview:-1\" \/>\n<link rel=\"canonical\" href=\"https:\/\/dorogimedence.hu\/index.php\/2020\/03\/12\/ismet-palyazhatnak-homlokzatfelujitasra-a-dorogiak-2\/\" class=\"yoast-seo-meta-tag\" \/>\n<meta property=\"og:locale\" content=\"hu_HU\" class=\"yoast-seo-meta-tag\" \/>\n<meta property=\"og:type\" content=\"article\" class=\"yoast-seo-meta-tag\" \/>\n<meta property=\"og:title\" content=\"Ism\u00e9t p\u00e1ly\u00e1zhatnak homlokzatfel\u00faj\u00edt\u00e1sra a dorogiak\" class=\"yoast-seo-meta-tag\" \/>\n<meta property=\"og:description\" content=\"2020. \u00e1prilis 20-ig minden olyan dorogi ingatlantulajdonos p\u00e1ly\u00e1zhat a \u201eDorog V\u00e1ros \u00c9v Homlokzat Fel\u00faj\u00edt\u00e1si Terve\u201d programban, akinek a k\u00f6zter\u00fcletr\u0151l l\u00e1tsz\u00f3dik \u00e9p\u00fclet\u00e9nek homlokzata. A nyertes ingatlantulajdonos 800 ezer forint t\u00e1mogat\u00e1si \u00f6sszeget \u00e9s Baumit term\u00e9keket kap a fel\u00faj\u00edt\u00e1shoz. T\u00f6bb mint egy \u00e9vtizede indult a Baumit Kft. \u00e9s Dorog V\u00e1ros \u00d6nkorm\u00e1nyzat\u00e1nak k\u00f6z\u00f6s p\u00e1ly\u00e1zati rendszere, amely sor\u00e1n eddig t\u00f6bb\" class=\"yoast-seo-meta-tag\" \/>\n<meta property=\"og:url\" content=\"https:\/\/dorogimedence.hu\/index.php\/2020\/03\/12\/ismet-palyazhatnak-homlokzatfelujitasra-a-dorogiak-2\/\" class=\"yoast-seo-meta-tag\" \/>\n<meta property=\"og:site_name\" content=\"Dorogi-medence Region\u00e1lis H\u00edrport\u00e1l\" class=\"yoast-seo-meta-tag\" \/>\n<meta property=\"article:publisher\" content=\"https:\/\/www.facebook.com\/dorogimedence\/\" class=\"yoast-seo-meta-tag\" \/>\n<meta property=\"article:published_time\" content=\"2020-03-12T05:42:20+00:00\" class=\"yoast-seo-meta-tag\" \/>\n<meta property=\"article:modified_time\" content=\"2020-03-12T05:44:50+00:00\" class=\"yoast-seo-meta-tag\" \/>\n<meta property=\"og:image\" content=\"https:\/\/i0.wp.com\/dorogimedence.hu\/wp-content\/uploads\/2019\/04\/homlokzat-cimer.jpg?fit=670%2C365&ssl=1\" class=\"yoast-seo-meta-tag\" \/>\n\t<meta property=\"og:image:width\" content=\"670\" class=\"yoast-seo-meta-tag\" \/>\n\t<meta property=\"og:image:height\" content=\"365\" class=\"yoast-seo-meta-tag\" \/>\n\t<meta property=\"og:image:type\" content=\"image\/jpeg\" class=\"yoast-seo-meta-tag\" \/>\n<meta name=\"author\" content=\"dorogimedence.hu\" class=\"yoast-seo-meta-tag\" \/>\n<meta name=\"twitter:card\" content=\"summary_large_image\" class=\"yoast-seo-meta-tag\" \/>\n<meta name=\"twitter:label1\" content=\"Szerz\u0151:\" class=\"yoast-seo-meta-tag\" \/>\n\t<meta name=\"twitter:data1\" content=\"dorogimedence.hu\" class=\"yoast-seo-meta-tag\" \/>\n\t<meta name=\"twitter:label2\" content=\"Becs\u00fclt olvas\u00e1si id\u0151\" class=\"yoast-seo-meta-tag\" \/>\n\t<meta name=\"twitter:data2\" content=\"2 perc\" class=\"yoast-seo-meta-tag\" \/>\n<script type=\"application\/ld+json\" class=\"yoast-schema-graph\">{\"@context\":\"https:\\\/\\\/schema.org\",\"@graph\":[{\"@type\":\"Article\",\"@id\":\"https:\\\/\\\/dorogimedence.hu\\\/index.php\\\/2020\\\/03\\\/12\\\/ismet-palyazhatnak-homlokzatfelujitasra-a-dorogiak-2\\\/#article\",\"isPartOf\":{\"@id\":\"https:\\\/\\\/dorogimedence.hu\\\/index.php\\\/2020\\\/03\\\/12\\\/ismet-palyazhatnak-homlokzatfelujitasra-a-dorogiak-2\\\/\"},\"author\":{\"name\":\"dorogimedence.hu\",\"@id\":\"https:\\\/\\\/dorogimedence.hu\\\/#\\\/schema\\\/person\\\/ce6091eeb7e95ecdc87890d6aa8e0fd4\"},\"headline\":\"Ism\u00e9t p\u00e1ly\u00e1zhatnak homlokzatfel\u00faj\u00edt\u00e1sra a dorogiak\",\"datePublished\":\"2020-03-12T05:42:20+00:00\",\"dateModified\":\"2020-03-12T05:44:50+00:00\",\"mainEntityOfPage\":{\"@id\":\"https:\\\/\\\/dorogimedence.hu\\\/index.php\\\/2020\\\/03\\\/12\\\/ismet-palyazhatnak-homlokzatfelujitasra-a-dorogiak-2\\\/\"},\"wordCount\":396,\"publisher\":{\"@id\":\"https:\\\/\\\/dorogimedence.hu\\\/#organization\"},\"image\":{\"@id\":\"https:\\\/\\\/dorogimedence.hu\\\/index.php\\\/2020\\\/03\\\/12\\\/ismet-palyazhatnak-homlokzatfelujitasra-a-dorogiak-2\\\/#primaryimage\"},\"thumbnailUrl\":\"https:\\\/\\\/dorogimedence.hu\\\/wp-content\\\/uploads\\\/2019\\\/04\\\/homlokzat-cimer.jpg\",\"keywords\":[\"Baumit\",\"Dorog\",\"fel\u00faj\u00edt\u00e1s\",\"homlokzat fel\u00faj\u00edt\u00e1s\",\"p\u00e1ly\u00e1zat\"],\"articleSection\":[\"Dorog\",\"H\u00edrek\"],\"inLanguage\":\"hu\"},{\"@type\":\"WebPage\",\"@id\":\"https:\\\/\\\/dorogimedence.hu\\\/index.php\\\/2020\\\/03\\\/12\\\/ismet-palyazhatnak-homlokzatfelujitasra-a-dorogiak-2\\\/\",\"url\":\"https:\\\/\\\/dorogimedence.hu\\\/index.php\\\/2020\\\/03\\\/12\\\/ismet-palyazhatnak-homlokzatfelujitasra-a-dorogiak-2\\\/\",\"name\":\"Ism\u00e9t p\u00e1ly\u00e1zhatnak homlokzatfel\u00faj\u00edt\u00e1sra a dorogiak\",\"isPartOf\":{\"@id\":\"https:\\\/\\\/dorogimedence.hu\\\/#website\"},\"primaryImageOfPage\":{\"@id\":\"https:\\\/\\\/dorogimedence.hu\\\/index.php\\\/2020\\\/03\\\/12\\\/ismet-palyazhatnak-homlokzatfelujitasra-a-dorogiak-2\\\/#primaryimage\"},\"image\":{\"@id\":\"https:\\\/\\\/dorogimedence.hu\\\/index.php\\\/2020\\\/03\\\/12\\\/ismet-palyazhatnak-homlokzatfelujitasra-a-dorogiak-2\\\/#primaryimage\"},\"thumbnailUrl\":\"https:\\\/\\\/dorogimedence.hu\\\/wp-content\\\/uploads\\\/2019\\\/04\\\/homlokzat-cimer.jpg\",\"datePublished\":\"2020-03-12T05:42:20+00:00\",\"dateModified\":\"2020-03-12T05:44:50+00:00\",\"breadcrumb\":{\"@id\":\"https:\\\/\\\/dorogimedence.hu\\\/index.php\\\/2020\\\/03\\\/12\\\/ismet-palyazhatnak-homlokzatfelujitasra-a-dorogiak-2\\\/#breadcrumb\"},\"inLanguage\":\"hu\",\"potentialAction\":[{\"@type\":\"ReadAction\",\"target\":[\"https:\\\/\\\/dorogimedence.hu\\\/index.php\\\/2020\\\/03\\\/12\\\/ismet-palyazhatnak-homlokzatfelujitasra-a-dorogiak-2\\\/\"]}]},{\"@type\":\"ImageObject\",\"inLanguage\":\"hu\",\"@id\":\"https:\\\/\\\/dorogimedence.hu\\\/index.php\\\/2020\\\/03\\\/12\\\/ismet-palyazhatnak-homlokzatfelujitasra-a-dorogiak-2\\\/#primaryimage\",\"url\":\"https:\\\/\\\/dorogimedence.hu\\\/wp-content\\\/uploads\\\/2019\\\/04\\\/homlokzat-cimer.jpg\",\"contentUrl\":\"https:\\\/\\\/dorogimedence.hu\\\/wp-content\\\/uploads\\\/2019\\\/04\\\/homlokzat-cimer.jpg\",\"width\":670,\"height\":365},{\"@type\":\"BreadcrumbList\",\"@id\":\"https:\\\/\\\/dorogimedence.hu\\\/index.php\\\/2020\\\/03\\\/12\\\/ismet-palyazhatnak-homlokzatfelujitasra-a-dorogiak-2\\\/#breadcrumb\",\"itemListElement\":[{\"@type\":\"ListItem\",\"position\":1,\"name\":\"Kezd\u0151lap\",\"item\":\"https:\\\/\\\/dorogimedence.hu\\\/\"},{\"@type\":\"ListItem\",\"position\":2,\"name\":\"Ism\u00e9t p\u00e1ly\u00e1zhatnak homlokzatfel\u00faj\u00edt\u00e1sra a dorogiak\"}]},{\"@type\":\"WebSite\",\"@id\":\"https:\\\/\\\/dorogimedence.hu\\\/#website\",\"url\":\"https:\\\/\\\/dorogimedence.hu\\\/\",\"name\":\"Dorogi-medence Region\u00e1lis H\u00edrport\u00e1l\",\"description\":\"Dorog, Keszt\u00f6lc, Le\u00e1nyv\u00e1r, Piliscs\u00e9v, Tokod, Tokodalt\u00e1r\u00f3, Csolnok, Esztergom-kertv\u00e1ros: h\u00edrek, programok\",\"publisher\":{\"@id\":\"https:\\\/\\\/dorogimedence.hu\\\/#organization\"},\"potentialAction\":[{\"@type\":\"SearchAction\",\"target\":{\"@type\":\"EntryPoint\",\"urlTemplate\":\"https:\\\/\\\/dorogimedence.hu\\\/?s={search_term_string}\"},\"query-input\":{\"@type\":\"PropertyValueSpecification\",\"valueRequired\":true,\"valueName\":\"search_term_string\"}}],\"inLanguage\":\"hu\"},{\"@type\":\"Organization\",\"@id\":\"https:\\\/\\\/dorogimedence.hu\\\/#organization\",\"name\":\"Dorogi-medence Region\u00e1lis H\u00edrport\u00e1l\",\"url\":\"https:\\\/\\\/dorogimedence.hu\\\/\",\"logo\":{\"@type\":\"ImageObject\",\"inLanguage\":\"hu\",\"@id\":\"https:\\\/\\\/dorogimedence.hu\\\/#\\\/schema\\\/logo\\\/image\\\/\",\"url\":\"https:\\\/\\\/dorogimedence.hu\\\/wp-content\\\/uploads\\\/2021\\\/04\\\/logo-feher-600.png\",\"contentUrl\":\"https:\\\/\\\/dorogimedence.hu\\\/wp-content\\\/uploads\\\/2021\\\/04\\\/logo-feher-600.png\",\"width\":600,\"height\":100,\"caption\":\"Dorogi-medence Region\u00e1lis H\u00edrport\u00e1l\"},\"image\":{\"@id\":\"https:\\\/\\\/dorogimedence.hu\\\/#\\\/schema\\\/logo\\\/image\\\/\"},\"sameAs\":[\"https:\\\/\\\/www.facebook.com\\\/dorogimedence\\\/\"]},{\"@type\":\"Person\",\"@id\":\"https:\\\/\\\/dorogimedence.hu\\\/#\\\/schema\\\/person\\\/ce6091eeb7e95ecdc87890d6aa8e0fd4\",\"name\":\"dorogimedence.hu\",\"image\":{\"@type\":\"ImageObject\",\"inLanguage\":\"hu\",\"@id\":\"\\\/\\\/www.gravatar.com\\\/avatar\\\/d8d45f8901aadff40a4af72c0b826f1d?s=96&#038;r=g&#038;d=mm\",\"url\":\"\\\/\\\/www.gravatar.com\\\/avatar\\\/d8d45f8901aadff40a4af72c0b826f1d?s=96&#038;r=g&#038;d=mm\",\"contentUrl\":\"\\\/\\\/www.gravatar.com\\\/avatar\\\/d8d45f8901aadff40a4af72c0b826f1d?s=96&#038;r=g&#038;d=mm\",\"caption\":\"dorogimedence.hu\"}}]}<\/script>\n<!-- \/ Yoast SEO plugin. -->","yoast_head_json":{"title":"Ism\u00e9t p\u00e1ly\u00e1zhatnak homlokzatfel\u00faj\u00edt\u00e1sra a dorogiak","robots":{"index":"index","follow":"follow","max-snippet":"max-snippet:-1","max-image-preview":"max-image-preview:large","max-video-preview":"max-video-preview:-1"},"canonical":"https:\/\/dorogimedence.hu\/index.php\/2020\/03\/12\/ismet-palyazhatnak-homlokzatfelujitasra-a-dorogiak-2\/","og_locale":"hu_HU","og_type":"article","og_title":"Ism\u00e9t p\u00e1ly\u00e1zhatnak homlokzatfel\u00faj\u00edt\u00e1sra a dorogiak","og_description":"2020. \u00e1prilis 20-ig minden olyan dorogi ingatlantulajdonos p\u00e1ly\u00e1zhat a \u201eDorog V\u00e1ros \u00c9v Homlokzat Fel\u00faj\u00edt\u00e1si Terve\u201d programban, akinek a k\u00f6zter\u00fcletr\u0151l l\u00e1tsz\u00f3dik \u00e9p\u00fclet\u00e9nek homlokzata. A nyertes ingatlantulajdonos 800 ezer forint t\u00e1mogat\u00e1si \u00f6sszeget \u00e9s Baumit term\u00e9keket kap a fel\u00faj\u00edt\u00e1shoz. T\u00f6bb mint egy \u00e9vtizede indult a Baumit Kft. \u00e9s Dorog V\u00e1ros \u00d6nkorm\u00e1nyzat\u00e1nak k\u00f6z\u00f6s p\u00e1ly\u00e1zati rendszere, amely sor\u00e1n eddig t\u00f6bb","og_url":"https:\/\/dorogimedence.hu\/index.php\/2020\/03\/12\/ismet-palyazhatnak-homlokzatfelujitasra-a-dorogiak-2\/","og_site_name":"Dorogi-medence Region\u00e1lis H\u00edrport\u00e1l","article_publisher":"https:\/\/www.facebook.com\/dorogimedence\/","article_published_time":"2020-03-12T05:42:20+00:00","article_modified_time":"2020-03-12T05:44:50+00:00","og_image":[{"width":670,"height":365,"url":"https:\/\/i0.wp.com\/dorogimedence.hu\/wp-content\/uploads\/2019\/04\/homlokzat-cimer.jpg?fit=670%2C365&ssl=1","type":"image\/jpeg"}],"author":"dorogimedence.hu","twitter_card":"summary_large_image","twitter_misc":{"Szerz\u0151:":"dorogimedence.hu","Becs\u00fclt olvas\u00e1si id\u0151":"2 perc"},"schema":{"@context":"https:\/\/schema.org","@graph":[{"@type":"Article","@id":"https:\/\/dorogimedence.hu\/index.php\/2020\/03\/12\/ismet-palyazhatnak-homlokzatfelujitasra-a-dorogiak-2\/#article","isPartOf":{"@id":"https:\/\/dorogimedence.hu\/index.php\/2020\/03\/12\/ismet-palyazhatnak-homlokzatfelujitasra-a-dorogiak-2\/"},"author":{"name":"dorogimedence.hu","@id":"https:\/\/dorogimedence.hu\/#\/schema\/person\/ce6091eeb7e95ecdc87890d6aa8e0fd4"},"headline":"Ism\u00e9t p\u00e1ly\u00e1zhatnak homlokzatfel\u00faj\u00edt\u00e1sra a dorogiak","datePublished":"2020-03-12T05:42:20+00:00","dateModified":"2020-03-12T05:44:50+00:00","mainEntityOfPage":{"@id":"https:\/\/dorogimedence.hu\/index.php\/2020\/03\/12\/ismet-palyazhatnak-homlokzatfelujitasra-a-dorogiak-2\/"},"wordCount":396,"publisher":{"@id":"https:\/\/dorogimedence.hu\/#organization"},"image":{"@id":"https:\/\/dorogimedence.hu\/index.php\/2020\/03\/12\/ismet-palyazhatnak-homlokzatfelujitasra-a-dorogiak-2\/#primaryimage"},"thumbnailUrl":"https:\/\/dorogimedence.hu\/wp-content\/uploads\/2019\/04\/homlokzat-cimer.jpg","keywords":["Baumit","Dorog","fel\u00faj\u00edt\u00e1s","homlokzat fel\u00faj\u00edt\u00e1s","p\u00e1ly\u00e1zat"],"articleSection":["Dorog","H\u00edrek"],"inLanguage":"hu"},{"@type":"WebPage","@id":"https:\/\/dorogimedence.hu\/index.php\/2020\/03\/12\/ismet-palyazhatnak-homlokzatfelujitasra-a-dorogiak-2\/","url":"https:\/\/dorogimedence.hu\/index.php\/2020\/03\/12\/ismet-palyazhatnak-homlokzatfelujitasra-a-dorogiak-2\/","name":"Ism\u00e9t p\u00e1ly\u00e1zhatnak homlokzatfel\u00faj\u00edt\u00e1sra a dorogiak","isPartOf":{"@id":"https:\/\/dorogimedence.hu\/#website"},"primaryImageOfPage":{"@id":"https:\/\/dorogimedence.hu\/index.php\/2020\/03\/12\/ismet-palyazhatnak-homlokzatfelujitasra-a-dorogiak-2\/#primaryimage"},"image":{"@id":"https:\/\/dorogimedence.hu\/index.php\/2020\/03\/12\/ismet-palyazhatnak-homlokzatfelujitasra-a-dorogiak-2\/#primaryimage"},"thumbnailUrl":"https:\/\/dorogimedence.hu\/wp-content\/uploads\/2019\/04\/homlokzat-cimer.jpg","datePublished":"2020-03-12T05:42:20+00:00","dateModified":"2020-03-12T05:44:50+00:00","breadcrumb":{"@id":"https:\/\/dorogimedence.hu\/index.php\/2020\/03\/12\/ismet-palyazhatnak-homlokzatfelujitasra-a-dorogiak-2\/#breadcrumb"},"inLanguage":"hu","potentialAction":[{"@type":"ReadAction","target":["https:\/\/dorogimedence.hu\/index.php\/2020\/03\/12\/ismet-palyazhatnak-homlokzatfelujitasra-a-dorogiak-2\/"]}]},{"@type":"ImageObject","inLanguage":"hu","@id":"https:\/\/dorogimedence.hu\/index.php\/2020\/03\/12\/ismet-palyazhatnak-homlokzatfelujitasra-a-dorogiak-2\/#primaryimage","url":"https:\/\/dorogimedence.hu\/wp-content\/uploads\/2019\/04\/homlokzat-cimer.jpg","contentUrl":"https:\/\/dorogimedence.hu\/wp-content\/uploads\/2019\/04\/homlokzat-cimer.jpg","width":670,"height":365},{"@type":"BreadcrumbList","@id":"https:\/\/dorogimedence.hu\/index.php\/2020\/03\/12\/ismet-palyazhatnak-homlokzatfelujitasra-a-dorogiak-2\/#breadcrumb","itemListElement":[{"@type":"ListItem","position":1,"name":"Kezd\u0151lap","item":"https:\/\/dorogimedence.hu\/"},{"@type":"ListItem","position":2,"name":"Ism\u00e9t p\u00e1ly\u00e1zhatnak homlokzatfel\u00faj\u00edt\u00e1sra a dorogiak"}]},{"@type":"WebSite","@id":"https:\/\/dorogimedence.hu\/#website","url":"https:\/\/dorogimedence.hu\/","name":"Dorogi-medence Region\u00e1lis H\u00edrport\u00e1l","description":"Dorog, Keszt\u00f6lc, Le\u00e1nyv\u00e1r, Piliscs\u00e9v, Tokod, Tokodalt\u00e1r\u00f3, Csolnok, Esztergom-kertv\u00e1ros: h\u00edrek, programok","publisher":{"@id":"https:\/\/dorogimedence.hu\/#organization"},"potentialAction":[{"@type":"SearchAction","target":{"@type":"EntryPoint","urlTemplate":"https:\/\/dorogimedence.hu\/?s={search_term_string}"},"query-input":{"@type":"PropertyValueSpecification","valueRequired":true,"valueName":"search_term_string"}}],"inLanguage":"hu"},{"@type":"Organization","@id":"https:\/\/dorogimedence.hu\/#organization","name":"Dorogi-medence Region\u00e1lis H\u00edrport\u00e1l","url":"https:\/\/dorogimedence.hu\/","logo":{"@type":"ImageObject","inLanguage":"hu","@id":"https:\/\/dorogimedence.hu\/#\/schema\/logo\/image\/","url":"https:\/\/dorogimedence.hu\/wp-content\/uploads\/2021\/04\/logo-feher-600.png","contentUrl":"https:\/\/dorogimedence.hu\/wp-content\/uploads\/2021\/04\/logo-feher-600.png","width":600,"height":100,"caption":"Dorogi-medence Region\u00e1lis H\u00edrport\u00e1l"},"image":{"@id":"https:\/\/dorogimedence.hu\/#\/schema\/logo\/image\/"},"sameAs":["https:\/\/www.facebook.com\/dorogimedence\/"]},{"@type":"Person","@id":"https:\/\/dorogimedence.hu\/#\/schema\/person\/ce6091eeb7e95ecdc87890d6aa8e0fd4","name":"dorogimedence.hu","image":{"@type":"ImageObject","inLanguage":"hu","@id":"\/\/www.gravatar.com\/avatar\/d8d45f8901aadff40a4af72c0b826f1d?s=96&#038;r=g&#038;d=mm","url":"\/\/www.gravatar.com\/avatar\/d8d45f8901aadff40a4af72c0b826f1d?s=96&#038;r=g&#038;d=mm","contentUrl":"\/\/www.gravatar.com\/avatar\/d8d45f8901aadff40a4af72c0b826f1d?s=96&#038;r=g&#038;d=mm","caption":"dorogimedence.hu"}}]}},"_links":{"self":[{"href":"https:\/\/dorogimedence.hu\/index.php\/wp-json\/wp\/v2\/posts\/23595","targetHints":{"allow":["GET"]}}],"collection":[{"href":"https:\/\/dorogimedence.hu\/index.php\/wp-json\/wp\/v2\/posts"}],"about":[{"href":"https:\/\/dorogimedence.hu\/index.php\/wp-json\/wp\/v2\/types\/post"}],"author":[{"embeddable":true,"href":"https:\/\/dorogimedence.hu\/index.php\/wp-json\/wp\/v2\/users\/1"}],"replies":[{"embeddable":true,"href":"https:\/\/dorogimedence.hu\/index.php\/wp-json\/wp\/v2\/comments?post=23595"}],"version-history":[{"count":0,"href":"https:\/\/dorogimedence.hu\/index.php\/wp-json\/wp\/v2\/posts\/23595\/revisions"}],"wp:featuredmedia":[{"embeddable":true,"href":"https:\/\/dorogimedence.hu\/index.php\/wp-json\/wp\/v2\/media\/16103"}],"wp:attachment":[{"href":"https:\/\/dorogimedence.hu\/index.php\/wp-json\/wp\/v2\/media?parent=23595"}],"wp:term":[{"taxonomy":"category","embeddable":true,"href":"https:\/\/dorogimedence.hu\/index.php\/wp-json\/wp\/v2\/categories?post=23595"},{"taxonomy":"post_tag","embeddable":true,"href":"https:\/\/dorogimedence.hu\/index.php\/wp-json\/wp\/v2\/tags?post=23595"}],"curies":[{"name":"wp","href":"https:\/\/api.w.org\/{rel}","templated":true}]}}