{"id":23563,"date":"2020-03-11T07:00:23","date_gmt":"2020-03-11T06:00:23","guid":{"rendered":"http:\/\/dorogimedence.hu\/?p=23563"},"modified":"2020-06-01T14:35:22","modified_gmt":"2020-06-01T12:35:22","slug":"75-eve-tortent-dorog-ostroma-1944-1945-4-resz","status":"publish","type":"post","link":"https:\/\/dorogimedence.hu\/index.php\/2020\/03\/11\/75-eve-tortent-dorog-ostroma-1944-1945-4-resz\/","title":{"rendered":"75 \u00e9ve t\u00f6rt\u00e9nt: Dorog ostroma 1944 \u20131945 (4. r\u00e9sz)"},"content":{"rendered":"<p>&nbsp;<strong>A sorozat v\u00e1rosunk h\u00e1bor\u00fas t\u00f6rt\u00e9net\u00e9nek h\u00e1romnegyed \u00e9vsz\u00e1zados \u00e9vfordul\u00f3ja alkalm\u00e1b\u00f3l k\u00edv\u00e1n eml\u00e9ket \u00e1ll\u00edtani, egyben a II. vil\u00e1gh\u00e1bor\u00fa befejez\u00e9s\u00e9nek 75. \u00e9vfordul\u00f3j\u00e1r\u00f3l is megeml\u00e9kezik. A r\u00e9szekben t\u00f6rt\u00e9n\u0151 bemutat\u00e1s, a Dorogon v\u00e9gbement s\u00falyos harcokat \u00e9s a vele szorosan \u00f6sszef\u00fcgg\u0151 esem\u00e9nyeket helyezi a k\u00f6z\u00e9ppontba. A folytat\u00e1sban&nbsp; az 1945 janu\u00e1r v\u00e9g\u00e9ig v\u00e9gbement tov\u00e1bbi folyamatos csat\u00e1roz\u00e1sok elevenednek meg, amelyek sor\u00e1n a szovjetek \u00e1tkarol\u00f3 ellent\u00e1mad\u00e1sai, valamint a n\u00e9metek ellenl\u00f6k\u00e9sei k\u00f6vetkezt\u00e9ben Dorog gyakran cser\u00e9lt gazd\u00e1t&nbsp;<\/strong><em>&#8211; Szab\u00f3 Gyula cikke.<\/em><\/p>\n<p>Dorog k\u00f6r\u00fcl p\u00e1rhuzamosan folytak a n\u00e9met t\u00e1mad\u00e1sok, melyek sor\u00e1n sikeresen visszafoglalt\u00e1k Dobog\u00f3k\u0151t, m\u00e1snapra m\u00e1r Piliszentkeresztet szorongatt\u00e1k, majd a 10-\u00e9n este ind\u00edtott t\u00e1mad\u00e1st k\u00f6vet\u0151en m\u00e1snapra elfoglalt\u00e1k. Egyre fogyott a t\u00e1vols\u00e1g a n\u00e9met el\u0151\u00f6rs\u00f6k \u00e9s Budapest k\u00f6z\u00f6tt. A n\u00e9metek annyira megk\u00f6zel\u00edtett\u00e9k Budapestet a Pilis fel\u0151l, hogy m\u00e1r l\u00e1that\u00f3v\u00e1 v\u00e1ltak a f\u0151v\u00e1ros tornyai \u00e9s kupol\u00e1i. A f\u0151v\u00e1rosba val\u00f3 bet\u00f6r\u00e9s\u00fckre B\u00e9k\u00e1smegyer-Csillaghegy t\u00e9rs\u00e9g\u00e9be lehetett sz\u00e1m\u00edtani. Ekkor azonban v\u00e1ratlan fordulat k\u00f6vetkezett. A legfels\u0151bb n\u00e9met vez\u00e9rkarb\u00f3l parancs \u00e9rkezett a visszavonul\u00e1sra. Az el\u0151retolt egys\u00e9gek \u00e9rtetetlen\u00fcl \u00e1lltak a parancskih\u00edrdet\u00e9s\u00e9t k\u00f6vet\u0151en, hiszen m\u00e1r oly k\u00f6zelinek t\u0171nt feladatuk teljes\u00edt\u00e9se. Gille Obergruppenf\u00fchrer, a Budapest felment\u00e9s\u00e9\u00e9rt felel\u0151s hadm\u0171velet vezet\u0151je azt t\u00e1viratozta vissza, hogy az el\u0151renyomul\u00e1s j\u00f3l halad, a legnagyobb neh\u00e9zs\u00e9get csak a hegyi tereppel val\u00f3 k\u00fczdelem jelenti. Vesztes\u00e9geik nincsenek. A vez\u00e9rkar azonban meger\u0151s\u00edtette, hogy a visszavonul\u00e1st v\u00e9gre kell hajtani, s a parancs egyenesen Hitlert\u0151l j\u00f6tt. Ez n\u00e9mileg \u00e9rthetetlennek t\u0171nt, hiszen Hitler k\u00f6ny\u00f6rtelennek bizonyult minden egyes hasonl\u00f3 esetben. M\u00e9g akkor sem enged\u00e9lyezett visszavonul\u00e1st, amikor az az egyetlen, \u00e9rtelmes lehet\u0151s\u00e9g lett volna. A v\u00e9gs\u0151kig kitartva, egy talpalattnyi f\u00f6ldet sem \u00e1tengedni, volt a r\u00f6geszm\u00e9lye, s most m\u00e9gis, \u00e9ppen \u0151 utas\u00edtotta csapatait a visszavonul\u00e1sra.<\/p>\n<p style=\"text-align: center;\"><img fetchpriority=\"high\" decoding=\"async\" class=\"alignnone size-full wp-image-23565\" src=\"https:\/\/dorogimedence.hu\/wp-content\/uploads\/2020\/03\/haboru-02.jpg\" alt=\"\" width=\"670\" height=\"812\" srcset=\"https:\/\/dorogimedence.hu\/wp-content\/uploads\/2020\/03\/haboru-02.jpg 670w, https:\/\/dorogimedence.hu\/wp-content\/uploads\/2020\/03\/haboru-02-248x300.jpg 248w\" sizes=\"(max-width: 670px) 100vw, 670px\" \/><em>Szovjet hadit\u00e9rk\u00e9p, amely kiv\u00e1l\u00f3an szeml\u00e9lteti a Dorogn\u00e1l kiindul\u00f3 n\u00e9met kisz\u00f6gel\u00e9st \u00e9s be\u00e9kel\u0151d\u00e9st, amelyen kereszt\u00fcl t\u00f6rtek a f\u0151v\u00e1ros fel\u00e9.<\/em><\/p>\n<p>Gille tisztjei \u00e9s katon\u00e1i bosszankodtak, t\u00f6bben k\u00f6nnyez\u0151 szemekkel tekintettek az el\u0151tt\u00fck l\u00e9v\u0151 magyar f\u0151v\u00e1ros ir\u00e1ny\u00e1ban, amelyet m\u00e1r 17 km-nyire k\u00f6zel\u00edtettek meg. Mint kider\u00fclt, a legfels\u0151bb vez\u00e9rkar tiszt\u00e1n l\u00e1tta azt, amit a harcol\u00f3 egys\u00e9gek m\u00e9gcsak fel sem t\u00e9teleztek akkor. A n\u00e9metek k\u00f6zeled\u00e9s\u00e9t az oroszok nem n\u00e9zt\u00e9k karbatett k\u00e9zzel \u00e9s ellencsap\u00e1sra k\u00e9sz\u00fcltek. A Budapestet k\u00f6rbez\u00e1r\u00f3 ostromgy\u0171r\u0171b\u0151l jelent\u0151s csapat\u00f6sszevon\u00e1sok voltak \u00e9szlelhet\u0151k. A h\u00edrszerz\u0151k pontos inform\u00e1ci\u00f3i alapj\u00e1n Gille hadtestjei kelepc\u00e9be ker\u00fclhettek volna \u00e9s a beker\u00edt\u00e9s r\u00e9me fenyegette \u0151ket. Ezt akart\u00e1k a visszavonul\u00e1ssal megel\u0151zni, hiszen amennyiben folytatj\u00e1k \u00fatjukat a f\u0151v\u00e1ros fel\u00e9, minden bizonnyal nem csak c\u00e9ljuk hi\u00fasul meg, de ki lettek volna kapcsolva a tov\u00e1bbi k\u00fczdelmekb\u0151l. M\u00e1rpedig ezen alakulatok \u00fct\u0151k\u00e9pes er\u0151t jelentettek \u00e9s a n\u00e9metek \u00e9rthet\u0151en nem akartak lemondani r\u00f3luk. \u00cdgy azt\u00e1n Gille k\u00e9nytelen volt v\u00e9grehajtatni a parancsot \u00e9s janu\u00e1r 14-\u00e9n a p\u00e1nc\u00e9losok megkezdt\u00e9k a visszavonul\u00e1st a Pilisben Dorog fel\u00e9, amely m\u00e9g \u00e9ppen id\u0151ben t\u00f6rt\u00e9nt, ugyanis n\u00e9h\u00e1ny nappal k\u00e9s\u0151bb, a 711-eseket a frontvonal d\u00e9li ir\u00e1ny\u00e1b\u00f3l folyamatos orosz t\u00e1mad\u00e1s kapta oldalba. A n\u00e9met vez\u00e9rkar b\u00f6lcsen d\u00f6nt\u00f6tt, \u00edgy majdnem teljess\u00e9g\u00e9ben siker\u00fclt a hadoszt\u00e1lyok kivon\u00e1sa, ami viszont azt jelentette, hogy Dorog \u00e9s t\u00e9rs\u00e9g\u00e9ben a harcok m\u00e9g sok\u00e1ig elh\u00faz\u00f3dhatnak.<\/p>\n<p style=\"text-align: center;\"><img decoding=\"async\" class=\"alignnone size-full wp-image-23566\" src=\"https:\/\/dorogimedence.hu\/wp-content\/uploads\/2020\/03\/haboru-03.jpg\" alt=\"\" width=\"670\" height=\"452\" srcset=\"https:\/\/dorogimedence.hu\/wp-content\/uploads\/2020\/03\/haboru-03.jpg 670w, https:\/\/dorogimedence.hu\/wp-content\/uploads\/2020\/03\/haboru-03-300x202.jpg 300w, https:\/\/dorogimedence.hu\/wp-content\/uploads\/2020\/03\/haboru-03-272x182.jpg 272w\" sizes=\"(max-width: 670px) 100vw, 670px\" \/><em>Az 5. Wiking SS-p\u00e1nc\u00e9losok.<\/em><\/p>\n<p>T\u00f6bb kor\u00e1bbi fejezetben is figyelemmel k\u00eds\u00e9rhett\u00fck az egykori kiv\u00e1l\u00f3 dorogi fest\u0151m\u0171v\u00e9sz, G\u00e1sp\u00e1r S\u00e1ndor kalandos frontszolg\u00e1lat\u00e1t. 1945 janu\u00e1rja sz\u00e1m\u00e1ra is nagy fordulatot hozott. Mint ismeretes, a h\u00e1rmashat\u00e1ron volt beosztva a v\u00e9delmi vonalakhoz, ahol eg\u00e9szen janu\u00e1r k\u00f6zep\u00e9ig kitartottak. Az egyre keservesebb ellen\u00e1ll\u00e1s mellett a magyar katon\u00e1kat folyamatosan s\u00fajtotta az odavez\u00e9nyelt nyilas tisztekt\u0151l elszenvedett embertelen b\u00e1n\u00e1sm\u00f3d. Maga, G\u00e1sp\u00e1r is nem egyszer ellenszeg\u00fclt, amelynek k\u00f6vetkezt\u00e9ben komoly vesz\u00e9lybe ker\u00fclt az \u00e9lete. M\u00e9g a f\u00e9l Szovjetuni\u00f3n val\u00f3 csat\u00e1roz\u00e1sok \u00e9s visszavonul\u00e1sok sor\u00e1n sem volt olyan \u00e9letvesz\u00e9lyben, mint ezekben a napokban. Az egyik nyilas tiszt kik\u00f6ttette \u00e9s legk\u00f6zelebb m\u00e1r a f\u0151bel\u00f6v\u00e9st helyezte kil\u00e1t\u00e1sban, amennyiben b\u00e1rmi olyanon kapj\u00e1k, ami a nyilasoknak szemetsz\u00far. Miut\u00e1n letelt a b\u00fcntet\u00e9se, visszaker\u00fclt a l\u00f6v\u00e9sz\u00e1rokba, amikor egy lend\u00fcletes szovjet t\u00e1mad\u00e1s bontakozott ki a vonalaik ellen. Erre a teljes egys\u00e9g\u00e9n\u00e9l visszavonul\u00e1st rendeltek el, \u0151 azonban a hely\u00e9n maradt \u00e9s hamarosan orosz fogs\u00e1gba ker\u00fclt. Sz\u00e1mos tov\u00e1bbi magyar katon\u00e1val el\u0151bb egy ideiglenes gy\u0171jt\u0151helyre terelt\u00e9k \u00f6ssze, majd a Donyec-medenc\u00e9ben l\u00e9v\u0151 Makejevka v\u00e1ros\u00e1ban m\u0171k\u00f6d\u0151 hadifogolyt\u00e1borba sz\u00e1ll\u00edtott\u00e1k. Sz\u00e1m\u00e1ra a habor\u00fa ebben a form\u00e1ban v\u00e9get\u00e9rt, azonban kezdet\u00e9t vette a hossz\u00fa \u00e9s legal\u00e1bb olyan kalandos fogoly\u00e9let. Tov\u00e1bbi sors\u00e1r\u00f3l a k\u00e9s\u0151bbi fejezetekben lesz majd olvashat\u00f3.<\/p>\n<p style=\"text-align: center;\"><img decoding=\"async\" class=\"alignnone size-full wp-image-23567\" src=\"https:\/\/dorogimedence.hu\/wp-content\/uploads\/2020\/03\/haboru-04.jpg\" alt=\"\" width=\"670\" height=\"330\" srcset=\"https:\/\/dorogimedence.hu\/wp-content\/uploads\/2020\/03\/haboru-04.jpg 670w, https:\/\/dorogimedence.hu\/wp-content\/uploads\/2020\/03\/haboru-04-300x148.jpg 300w\" sizes=\"(max-width: 670px) 100vw, 670px\" \/><em>Messerschmitt 210-es neh\u00e9zvad\u00e1sz, gyorsbomb\u00e1z\u00f3.<\/em><\/p>\n<p>V\u00e1ltozatlanul akt\u00edv l\u00e9gi \u00fctk\u00f6zettek zajlottak Dorog \u00e9s t\u00e9rs\u00e9g\u00e9nek l\u00e9gter\u00e9ben. Janu\u00e1r 16-\u00e1n a m\u00e1r eml\u00edtett f\u00e9lelmetes h\u00edr\u0171 Heinz Ewald hadnagy, a Luftwaffe 6.\/JG 52 vad\u00e1szsz\u00e1zad pil\u00f3t\u00e1ja ez\u00fattal egy szovjet LaG-G5 t\u00edp\u00fas\u00fa rep\u00fcl\u0151g\u00e9pet l\u0151tt le, amellyel m\u00e1r az 59. l\u00e9gigy\u0151zelm\u00e9t aratta. M\u00e1sik r\u00e9szr\u0151l ugyanakkor, a 150. g\u00e1rda vad\u00e1szrep\u00fcl\u0151-ezredhez tartoz\u00f3 Ivan Nyikitovics Tabakov f\u0151hadnagy pedig egy n\u00e9met Me 210-es neh\u00e9z vad\u00e1szbomb\u00e1z\u00f3t semmis\u00edtett meg. A mi k\u00f6rzet\u00fcnkben szolg\u00e1latot teljes\u00edt\u0151 szovjet pil\u00f3t\u00e1k k\u00f6z\u00fcl itt harcolt a Szovjetuni\u00f3 H\u0151se kit\u00fcntet\u00e9sben r\u00e9szes\u00fclt Mihail Dmitrijevics Cikin hadnagy, aki a 31. vad\u00e1szrep\u00fcl\u0151-ezredhez tartozott \u00e9s ekkor \u00e9ppen f\u00f6l\u00f6tt\u00fcnk egy Bf 109-es vad\u00e1szrep\u00fcl\u0151t l\u0151tt le. A l\u00e9giharcokhoz csatlakozott az orosz f\u00e9l r\u00e9sz\u00e9r\u0151l a 189. csatarep\u00fcl\u0151 hadoszt\u00e1ly, tov\u00e1bb\u00e1 a 288. vad\u00e1szrep\u00fcl\u0151 hadoszt\u00e1ly t\u00f6bb k\u00f6tel\u00e9ke is, m\u00edg n\u00e9met r\u00e9szr\u0151l az 52\/II. vad\u00e1szrep\u00fcl\u0151oszt\u00e1ly.<\/p>\n<p>A sz\u00e1razf\u00f6ld\u00f6n is heves csat\u00e1roz\u00e1sok folytak. Az ellent\u00e1mad\u00e1sba lend\u00fclt szovjet 46. hadsereg, \u00e9l\u00e9n a 99. l\u00f6v\u00e9szhadoszt\u00e1llyal, a 182. g\u00e1rda t\u00fcz\u00e9r-aknavet\u0151ezreddel, valamint az 5. g\u00e1rda lovashadtest \u00e9s a 11. g\u00e1rda lovashadoszt\u00e1llyal s\u00falyos vesztes\u00e9geket okoztak a n\u00e9met er\u0151k soraiban. \u00c1d\u00e1z harcok zajlottak a Pilis-hegys\u00e9gben, k\u00fcl\u00f6n\u00f6sen a Dobog\u00f3k\u0151 &#8211; Pilisszentl\u00e9lek &#8211; Klastrompuszta kisz\u00f6gel\u00e9sben. A h\u00f3 \u00e9s a hideg egyar\u00e1nt nehez\u00edtette mindk\u00e9t f\u00e9l helyzet\u00e9t, azonban szakadatlanul fesz\u00fcltek egym\u00e1snak a felek. A n\u00e9met 711-es hadoszt\u00e1ly katon\u00e1i k\u00f6z\u00fcl a t\u00e9rs\u00e9g\u00fcnkben szolg\u00e1latot teljest\u0151 \u00e9s a legnagyobb k\u00fczdelmekben akt\u00edvan r\u00e9sztvev\u0151 egyik katon\u00e1t, Horst Lange-t n\u00e9vszerint ismerhetj\u00fck. Az egykori n\u00e9met katona \u00f6tven \u00e9vvel a h\u00e1bor\u00fat k\u00f6vet\u0151en Dobay P\u00e1llal j\u00e1rta be azokat a helysz\u00edneket, ahol a harcok sor\u00e1n megfordult. Ennyi id\u0151t k\u00f6vet\u0151en is kiv\u00e1l\u00f3an \u00e9s pontosan eml\u00e9kezett mindenre. T\u00f6bbek k\u00f6z\u00f6tt sikeresen megtal\u00e1lta azt a fedez\u00e9ket is a Hoffmann-kunyh\u00f3 k\u00f6zel\u00e9ben, amelyn\u00e9l a rohamoz\u00f3 szovjet gyalogs\u00e1got pr\u00f3b\u00e1lta meg\u00e1ll\u00edtani g\u00e9pfegyver\u00e9vel. A nagy t\u00faler\u0151t l\u00e1tva biztos volt a veszt\u00e9ben, de marad\u00e9k 1400 t\u00f6lt\u00e9ny\u00e9vel, valamint k\u00e9t k\u00e9zigr\u00e1n\u00e1ttal a v\u00e9gs\u0151kig igyekezett kitartani. Ekkor nem v\u00e1lt fordulat t\u00f6rt\u00e9nt, ugyanis a szovjetek hirtelen visszavonultak, \u00edgy megmenek\u00fclt a biztos pusztul\u00e1st\u00f3l. Ezt k\u00f6vet\u0151en igyekezett a dar\u00e1zsf\u00e9szekb\u0151l szabadulni \u00e9s v\u00e9g\u00fcl sikeresen elhagyta a Pilis t\u00e9rs\u00e9g\u00e9t. Az utols\u00f3 beazonos\u00edtott objektum, amely mellett menek\u00fcl\u00e9se sor\u00e1n elhaladt, az a Fekete-hegyen l\u00e9v\u0151 mened\u00e9kh\u00e1z, vagy ahogy a dorogiak nevezik, a Sasf\u00e9szek, a dorogi term\u00e9sztj\u00e1r\u00f3k b\u00e1zisa volt.<\/p>\n<p style=\"text-align: center;\"><img loading=\"lazy\" decoding=\"async\" class=\"alignnone size-full wp-image-23568\" src=\"https:\/\/dorogimedence.hu\/wp-content\/uploads\/2020\/03\/haboru-05.jpg\" alt=\"\" width=\"670\" height=\"615\" srcset=\"https:\/\/dorogimedence.hu\/wp-content\/uploads\/2020\/03\/haboru-05.jpg 670w, https:\/\/dorogimedence.hu\/wp-content\/uploads\/2020\/03\/haboru-05-300x275.jpg 300w, https:\/\/dorogimedence.hu\/wp-content\/uploads\/2020\/03\/haboru-05-207x191.jpg 207w\" sizes=\"(max-width: 670px) 100vw, 670px\" \/><em>Szovjet t\u00fcz\u00e9rs\u00e9g l\u00f6vi a n\u00e9met \u00e1ll\u00e1sokat Dorog hat\u00e1r\u00e1ban.<\/em><\/p>\n<p>P\u00e1rhuzamosan Dorog ter\u00fclet\u00e9n is d\u00faltak a harcok. Janu\u00e1r k\u00f6zep\u00e9n a szovjetek er\u0151teljes rohamra indulva \u00fajb\u00f3l elfoglalt\u00e1k v\u00e1rosunkat, \u00e1m a n\u00e9metek megint ellencsap\u00e1st ind\u00edtva visszaszerezt\u00e9k. A h\u00f3nap sor\u00e1n gyakorta cser\u00e9lt gazd\u00e1t Dorog \u00e9s a helybeliek az esetek t\u00f6bbs\u00e9g\u00e9ben azzal sem voltak tiszt\u00e1ban, hogy aktu\u00e1lisan \u00e9ppen melyik f\u00e9l uralma al\u00e1 tartoznak. Azonban maguk a k\u00fczd\u0151 felek is nehezen tudt\u00e1k k\u00f6vetni a s\u0171r\u0171 v\u00e1ltoz\u00e1sokat. El\u0151fordult nem is egyszer, hogy egyetlen napon bel\u00fcl t\u00f6bbsz\u00f6r is el- \u00e9s visszafoglalt\u00e1k telep\u00fcl\u00e9s\u00fcnket. Szinte minden v\u00e1rosr\u00e9szt egyar\u00e1nt \u00e9rintettek a harcok, de a legs\u00falyosabb csat\u00e1roz\u00e1sok k\u00e9ts\u00e9gtelen\u00fcl a v\u00e1rosk\u00f6zpont \u00e9s a B\u00e9csi \u00fat teljes hossz\u00e1n, tov\u00e1bb\u00e1 Dorog d\u00e9li r\u00e9sz\u00e9n, az \u00fagynevezett villa-utc\u00e1kban, valamint a K\u00e1lv\u00e1ri\u00e1n zajlottak. A csat\u00e1roz\u00e1sok hevess\u00e9g\u00e9t j\u00f3l mutatja, hogy a mindenre elsz\u00e1nt, v\u00e9gs\u0151kig kitart\u00f3 dorogi egyh\u00e1zi szem\u00e9lyek, \u00e9l\u00e9n a lelk\u00e9szekkel folyamatos lelkiszolg\u00e1latot biztostottak a lakoss\u00e1g r\u00e9sz\u00e9re, \u00e1m olyan durva \u00f6sszecsap\u00e1sok zajlottak Dorogon, hogy janu\u00e1r 5. \u00e9s 13., majd 15. \u00e9s 21. k\u00f6z\u00f6tt sz\u00fcnetelt az istentisztelet valamennyi templomban. Viszont a pl\u00e9b\u00e1nosok \u00e9s a kispapok folyamatosan felv\u00e1lltva j\u00e1rt\u00e1k a v\u00e1ros l\u00e9g\u00f3pinc\u00e9it. N\u00e9h\u00e1ny helyen \u00e1lland\u00f3 papi szolg\u00e1lat m\u0171k\u00f6d\u00f6tt, mint a k\u00f3rh\u00e1zban \u00e9s a D\u00f3zsa iskola bunker\u00e9ben.<\/p>\n<p style=\"text-align: center;\"><img loading=\"lazy\" decoding=\"async\" class=\"alignnone size-full wp-image-23569\" src=\"https:\/\/dorogimedence.hu\/wp-content\/uploads\/2020\/03\/haboru-06.jpg\" alt=\"\" width=\"670\" height=\"439\" srcset=\"https:\/\/dorogimedence.hu\/wp-content\/uploads\/2020\/03\/haboru-06.jpg 670w, https:\/\/dorogimedence.hu\/wp-content\/uploads\/2020\/03\/haboru-06-300x197.jpg 300w\" sizes=\"(max-width: 670px) 100vw, 670px\" \/><em>Oroszok t\u00e1madj\u00e1k a villa-utc\u00e1kat \u00e9s a K\u00e1lv\u00e1ri\u00e1t a B\u00e9csi \u00fat &#8211; K\u00e1lv\u00e1ria utca sark\u00e1t\u00f3l (r\u00e9szletesebb k\u00e9ple\u00edr\u00e1s a cikk v\u00e9g\u00e9n*).<\/em><\/p>\n<p>Az ostrom egyre brut\u00e1lisabb \u00e9s kegyetlenebb form\u00e1t \u00f6lt\u00f6tt, amelyet h\u00edven igazoltak a telep\u00fcl\u00e9sszerte elter\u00fcl\u0151 tetemek. Sz\u00e1mos megcsonk\u00edtott holttest tanuskodott arr\u00f3l, hogy nem egy esetben k\u00e9zitus\u00e1ban v\u00e9geztek vel\u00fck. Ebben pedig egyik f\u00e9l sem volt k\u00fcl\u00f6nb a m\u00e1sikn\u00e1l. Egyar\u00e1nt hevertek agyonvert, kibelezett, lefejezett n\u00e9met, rom\u00e1n \u00e9s orosz katon\u00e1k tetemei, amely s\u00e9r\u00fcl\u00e9sek nem l\u00f6ved\u00e9kek, vagy robban\u00e1sok \u00e1ltal keletkeztek. A harc jellege \u00e9s a k\u00f6r\u00fclm\u00e9nyek miatt fogolyejt\u00e9snek nem sok \u00e9rtelme lett volna, ez\u00e9rt is k\u00fczd\u00f6ttek az egym\u00e1snak fesz\u00fcl\u0151 felek elkeseredve a v\u00e9gs\u0151kig. Szovjet katonai jelent\u00e9sek alapj\u00e1n, csak janu\u00e1r 18-ig v\u00e1rosunkban \u00e9s k\u00f6zvetlen k\u00f6rny\u00e9k\u00e9n a n\u00e9met szem\u00e9lyi vesztes\u00e9g 1805 f\u0151re r\u00fagott, b\u00e1r nem tudni, hogy ebb\u0151l mekkora volt az elesettek \u00e9s a sebes\u00fcltek sz\u00e1ma. Mind\u00f6ssze 77 hadifoglyot ejtettek, amelyek minden bizonnyal a hegyi harcok sor\u00e1n ker\u00fcltek ki. Ezen fel\u00fcl 6 tank, 8 l\u00f6v\u00e9szp\u00e1nc\u00e9los, 8 l\u00f6veg, 21 aknavet\u0151 \u00e9s 20 goly\u00f3sz\u00f3r\u00f3 volt a n\u00e9metek hadifelszerel\u00e9s\u00e9ben esett k\u00e1r. Az oroszok vesztes\u00e9gei&nbsp; kiss\u00e9 visszafogottnak t\u0171nnek, azonban ebben az esetben m\u00e1s forr\u00e1s h\u00edj\u00e1n csak a szovjet jelent\u00e9sre t\u00e1maszkodhatunk, mely alapj\u00e1n a V\u00f6r\u00f6s Hadsereg szem\u00e9lyi vesztes\u00e9ge mintegy 500 f\u0151 volt, amelyb\u0151l a halottak sz\u00e1ma sz\u00e1z. Egyetlen kil\u0151tt T-34-est, 2 p\u00e1nc\u00e9lt\u00f6r\u0151t \u00e9s ugyancsak kett\u0151 goly\u00f3sz\u00f3r\u00f3 elveszt\u00e9s\u00e9t ismert\u00e9k el. Mindek\u00f6zben Dorog egy r\u00e9sze pedig fokozatosan romhalmazz\u00e1 v\u00e1ltozott.<\/p>\n<p style=\"text-align: center;\"><img loading=\"lazy\" decoding=\"async\" class=\"alignnone size-full wp-image-23570\" src=\"https:\/\/dorogimedence.hu\/wp-content\/uploads\/2020\/03\/haboru-07.jpg\" alt=\"\" width=\"670\" height=\"447\" srcset=\"https:\/\/dorogimedence.hu\/wp-content\/uploads\/2020\/03\/haboru-07.jpg 670w, https:\/\/dorogimedence.hu\/wp-content\/uploads\/2020\/03\/haboru-07-300x200.jpg 300w, https:\/\/dorogimedence.hu\/wp-content\/uploads\/2020\/03\/haboru-07-589x392.jpg 589w, https:\/\/dorogimedence.hu\/wp-content\/uploads\/2020\/03\/haboru-07-272x182.jpg 272w\" sizes=\"(max-width: 670px) 100vw, 670px\" \/><em>A janu\u00e1ri fronthelyzetet mutat\u00f3 t\u00e9rk\u00e9pen Dorog mindv\u00e9gig a frontvonalon.<\/em><\/p>\n<p>Esztergomot ezzel szemben stabilan tartott\u00e1k megsz\u00e1llva a n\u00e9metek \u00e9s \u00e1rny\u00e9kukban ki\u00fajult a nyilas uralom. Sz\u00e1mos helyit hurcoltak el \u00e9s v\u00e9geztek ki, valamint folyamatosan ontott\u00e1k a propaganda anyagaikat is. M\u00edg Dorogon nem ismert konkr\u00e9t meger\u0151s\u00edt\u00e9s, hogy a n\u00e9metek is hurcoltak el embereket k\u00e9nyszermunk\u00e1ra, addig a szomsz\u00e9dv\u00e1rban ez rendszeresen megt\u00f6rt\u00e9nt. A lakoss\u00e1g szempontj\u00e1b\u00f3l bizonyos fokig az nem b\u00edrt akkora jelent\u0151s\u00e9ggel, hogy \u00e9ppen melyik f\u00e9l dolgoztatja \u0151ket, hiszen a k\u00e9nyszermunka \u00e9s a vele j\u00e1r\u00f3 vesz\u00e9lyek egyar\u00e1nt s\u00fajtott\u00e1k \u0151ket, b\u00e1rmelyik sereg parancsainak is kellett eleget tenni\u00fck. V\u00e1rosunkan az oroszok napi szinten dolgoztatt\u00e1k a helyieket, akikkel fedez\u00e9keket, l\u00f6v\u00e9sz\u00e1rkokat, tankcsapd\u00e1kat \u00e9s barrik\u00e1dokat \u00e9p\u00edtettek. A dorogiak z\u00f6m\u00e9t a B\u00e1gerbe vez\u00e9nyelt\u00e9k munk\u00e1ra \u00e9s a s\u00e1tork\u0151i ist\u00e1l\u00f3kba terelve gy\u0171jt\u00f6tt\u00e9k \u00f6ssze. A munk\u00e1latokat az \u00e9jszaka leple alatt v\u00e9gezt\u00e9k, b\u00e1r ezek sem voltak sokkal vesz\u00e9lytelenebbek, mintha nappal dolgoztak volna. Nem egyszer t\u00fczet nyitottak r\u00e1juk a k\u00f6zelben l\u00e9v\u0151 n\u00e9met \u00e1ll\u00e1sokb\u00f3l. T\u00f6bbsz\u00f6r olyan is el\u0151fordult, hogy a s\u00e1ncot \u00e1s\u00f3 k\u00e9nyszermunk\u00e1sok k\u00f6z\u00e9 vakmer\u0151 n\u00e9met katon\u00e1k t\u00e9li \u00e1lcaruh\u00e1zatban s\u00edtalpakon ereszkedtek \u00e9s inform\u00e1ci\u00f3kat igyekeztek megtudni t\u0151l\u00fck. A munkaszolg\u00e1latban r\u00e9sztvev\u0151k z\u00f6m\u00e9n\u00e9l \u00fagy j\u00e1rtak el az oroszok, hogy n\u00e9h\u00e1ny napi munk\u00e1t k\u00f6vet\u0151en elengedt\u00e9k, majd hely\u00fckre friss\u00edt\u00e9sk\u00e9nt \u00fajabb \u00f6sszefogdosott elhucoltakat \u00e1ll\u00edtottak. Az esetek z\u00f6m\u00e9ben egy embert t\u00f6bbsz\u00f6r is elvittek k\u00e9nyszermunk\u00e1ra.<\/p>\n<p style=\"text-align: center;\"><img loading=\"lazy\" decoding=\"async\" class=\"alignnone size-full wp-image-23571\" src=\"https:\/\/dorogimedence.hu\/wp-content\/uploads\/2020\/03\/haboru-08.jpg\" alt=\"\" width=\"670\" height=\"490\" srcset=\"https:\/\/dorogimedence.hu\/wp-content\/uploads\/2020\/03\/haboru-08.jpg 670w, https:\/\/dorogimedence.hu\/wp-content\/uploads\/2020\/03\/haboru-08-300x219.jpg 300w\" sizes=\"(max-width: 670px) 100vw, 670px\" \/><em>Propaganda plak\u00e1t \u00e9s \u00fajs\u00e1g.<\/em><\/p>\n<p>Janu\u00e1r k\u00f6zep\u00e9n a f\u0151v\u00e1ros v\u00e9d\u0151i k\u00e9nytelenek voltak a pesti oldalt feladni \u00e9s a harcok a budai r\u00e9szre koncentr\u00e1l\u00f3dtak. Ott azonban massz\u00edvan tartott\u00e1k magukat a n\u00e9met-magyar alakulatok. Janu\u00e1r 22-\u00e9n a magyar kir\u00e1lyi 2. honv\u00e9d ker\u00fcleti parancsnoks\u00e1g rendeletet adott ki, amelyben utas\u00edtotta az Esztergomi j\u00e1r\u00e1s ter\u00fclet\u00e9n&nbsp; \u00e9l\u0151&nbsp; f\u00e9rfiakat a bevonul\u00e1sra, amelyet janu\u00e1r 31-\u00e9n kellett teljes\u00edteni\u00fck az Esztergomban l\u00e9v\u0151 bevonul\u00e1si k\u00f6zpont kirendelts\u00e9g\u00e9n\u00e9l megjelenve. A parancs \u00e9rtelemszer\u0171en a dorogiakra is vonatkozott, akik k\u00f6z\u00fcl t\u00f6bben is k\u00e9nytelenek voltak jelentkezni. Minden bizonnyal ekkor ker\u00fclt katonai \u00e1llom\u00e1nyba v\u00e1rosunkb\u00f3l sokak mellett k\u00e9t egykori kiv\u00e1l\u00f3 \u00e9lsportol\u00f3, a k\u00e9s\u0151bbi vil\u00e1gh\u00edr\u0171 labdar\u00fag\u00f3 Grosics Gyula \u00e9s a birk\u00f3z\u00f3 Bihari Lajos. Sok m\u00e1s honfit\u00e1rsukkal a kik\u00e9pz\u00e9s \u00e9s eligaz\u00edt\u00e1s ut\u00e1n nyugatra lettek vez\u00e9nyelve. Tov\u00e1bbi sorsukra a k\u00e9s\u0151bbi fejezetekben m\u00e9g visszat\u00e9rek.<\/p>\n<p><strong>Folytat\u00e1s k\u00f6vetkezik: A front megk\u00f6v\u00fcl Dorogn\u00e1l, s medd\u0151 \u00e1ll\u00f3harc jelleget \u00f6lt a hossz\u00fa, v\u00e9gtelennek t\u0171n\u0151 bunker\u00e9let minden keserv\u00e9vel.<\/strong><\/p>\n<p><u>Bor\u00edt\u00f3k\u00e9p<\/u>: Szovjet roham a B\u00e9csi \u00faton a V\u00e1rosh\u00e1za &#8211; akkor m\u00e9g K\u00f6zs\u00e9gh\u00e1za &#8211; ir\u00e1ny\u00e1ba (szovjet h\u00e1bor\u00fas h\u00edrad\u00f3b\u00f3l sz\u00e1rmaz\u00f3 felv\u00e9tel)<\/p>\n<p><strong>*<\/strong> K\u00e9ple\u00edr\u00e1s: A fentiekben megjelen\u00edtett m\u00e1sik felv\u00e9tel a B\u00e9csi \u00fat &#8211; K\u00e1lv\u00e1ria utca keresztez\u0151d\u00e9s\u00e9ben t\u00e1mad\u00f3 orosz harckocsi alakulatot \u00f6r\u00f6k\u00edtette meg. Jobb sz\u00e9len, a tank m\u00f6g\u00f6tt j\u00f3l kivehet\u0151 az akkori Eiler vend\u00e9gl\u0151 (a k\u00e9s\u0151bbi T\u00e1rna \u00e9tterem, napjainkban pedig bank, valamint a cip\u0151\u00e1ruh\u00e1z \u00e1ll itt), m\u00edg a bal oldalon a r\u00e9gi h\u00e1ztart\u00e1si bolt. 75 \u00e9v eltelt\u00e9vel is hasonl\u00f3 k\u00e9pet mutat a k\u00f6rny\u00e9k, bele\u00e9rtve a t\u00e1volabb l\u00e1tsz\u00f3 h\u00e1zakat is. A K\u00e1lv\u00e1ri\u00e1n n\u00e9met \u00e1ll\u00e1sok voltak, ezeket l\u00f6vik a k\u00e9p el\u0151ter\u00e9ben l\u00e9v\u0151 orosz katon\u00e1k \u00e9s a tank is. A felv\u00e9tel egy korabeli szovjet h\u00e1bor\u00fas h\u00edrad\u00f3b\u00f3l ker\u00fclt el\u0151. A mozg\u00f3k\u00e9pen j\u00f3l l\u00e1that\u00f3 a n\u00e9metek ellent\u00fczel\u00e9sei is. A K\u00e1lv\u00e1ria oldal\u00e1n f\u00fcstgomolyag jelzi a kimen\u0151 \u00e9s a t\u00e1mad\u00f3 l\u00f6ved\u00e9kek becsap\u00f3d\u00e1s\u00e1t.<\/p>\n<p><strong><u>Forr\u00e1s \u00e9s felhaszn\u00e1lt irodalom:<\/u><\/strong><\/p>\n<ul>\n<li>Dr. Csiff\u00e1ri N\u00e1ndor &#8211; K\u00f6vecs Imre: Eml\u00e9kiratok a II. vil\u00e1gh\u00e1bor\u00fa dorogi h\u00f3napjair\u00f3l &#8211; Dorogi F\u00fczetek-sorozat 15. Kiad\u00f3: Dorog V\u00e1ros Bar\u00e1tainak Egyes\u00fclete, 1998.<\/li>\n<li>Dr. Sz\u00e1mv\u00e9ber Norbert:&nbsp;P\u00e1nc\u00e9los-hadvisel\u00e9s a budapesti csat\u00e1ban 1944. okt\u00f3ber 29. \u2013 1945. febru\u00e1r 13.&nbsp; &#8211;&nbsp;Puedlo Kiad\u00f3, 2011.<\/li>\n<li>Kov\u00e1cs Lajos: J\u00f6vev\u00e9nyek \u00e9s v\u00e1ndorok vagyunk &#8211; Dorogi f\u00fczetek-sorozat 41. Kiad\u00f3: Dorog V\u00e1ros Bar\u00e1tainak Egyes\u00fclete, 2011.<\/li>\n<li>HL Szovjet m\u00e1solatok gy\u0171jtem\u00e9nye a Budapest k\u00f6r\u00fcli harcokr\u00f3l. A 46. hadsereg iratai 1945. &#8211; Docplayer.hu&nbsp;<\/li>\n<li>R\u00e9v\u00e9sz G\u00e1bor: A Konr\u00e1d-hadm\u0171veletek, 1945 janu\u00e1r &#8211; M\u00e1sodik vil\u00e1gh\u00e1bor\u00fa.hu, Hadsz\u00ednterek, Eur\u00f3pa<\/li>\n<li>Dr. Csiff\u00e1ry N\u00e1ndor &#8211; Pick J\u00f3zsef: Dorog a II.vil\u00e1gh\u00e1bor\u00faban &#8211; A II. vil\u00e1gh\u00e1bor\u00fa \u00e1ldozatai &#8211; Dorogi F\u00fczetek-sorozat 5. Kiad\u00f3: Dorog V\u00e1ros Bar\u00e1tainak Egyes\u00fclete, 1993.<\/li>\n<li>Mikl\u00f3s Tam\u00e1s: Helyt\u00f6rt\u00e9net a v\u00e9rg\u0151z\u00f6s id\u0151kr\u0151l III-IV. &#8211; Szeretgom.hu, 2016. janu\u00e1r 6. \u00e9s 2016. febru\u00e1r 15.<\/li>\n<li>Had\u00e1szat, hadt\u00f6rt\u00e9nelem &#8211; N\u00e9met felment\u00e9si k\u00eds\u00e9rlet a Pilisen kereszt\u00fcl, 2004., Doksi.hu<\/li>\n<li>Paul Kenny: Dorog Days (angol nyelven) &#8211; ASL Scenario Archive, Dorog, Hungary &#8211; aslscenarioarchive.com, 2019.<\/li>\n<li>Solym\u00e1r Judit &#8211; Kov\u00e1cs Lajos:&nbsp;Dorogi Lexikon &#8211; Kiad\u00f3: Multi Copy Kft,&nbsp; 2008. ISBN: 963 00 4973 2<\/li>\n<li>Kov\u00e1cs Lajos: A Dorogi Szent J\u00f3zsef Pl\u00e9b\u00e1niatemplom katolikus k\u00f6z\u00f6ss\u00e9g\u00e9nek t\u00f6rt\u00e9nete &#8211; Dorogi F\u00fczetek- sorozat 47.&nbsp;Kiad\u00f3: Dorog V\u00e1ros Bar\u00e1tainak Egyes\u00fclete, 2014.<\/li>\n<li>Szab\u00f3 Gyul\u00e1n\u00e9 \/sz\u00fcl: Lang Jol\u00e1n\/, Proh\u00e1szka J\u00e1nos \u00e9s Vajda K\u00e1roly (a dorogi ostrom \u00e1t\u00e9l\u0151i) szem\u00e9lyes k\u00f6zl\u00e9seinek felhaszn\u00e1l\u00e1s\u00e1val<\/li>\n<\/ul>\n<p><em>Szab\u00f3 Gyula<\/em><\/p>\n","protected":false},"excerpt":{"rendered":"<p>&nbsp;A sorozat v\u00e1rosunk h\u00e1bor\u00fas t\u00f6rt\u00e9net\u00e9nek h\u00e1romnegyed \u00e9vsz\u00e1zados \u00e9vfordul\u00f3ja alkalm\u00e1b\u00f3l k\u00edv\u00e1n eml\u00e9ket \u00e1ll\u00edtani, egyben a II. vil\u00e1gh\u00e1bor\u00fa befejez\u00e9s\u00e9nek 75. \u00e9vfordul\u00f3j\u00e1r\u00f3l is megeml\u00e9kezik. A r\u00e9szekben t\u00f6rt\u00e9n\u0151 bemutat\u00e1s, a Dorogon v\u00e9gbement s\u00falyos harcokat \u00e9s a vele szorosan \u00f6sszef\u00fcgg\u0151 esem\u00e9nyeket helyezi a k\u00f6z\u00e9ppontba. A folytat\u00e1sban&nbsp; az 1945 janu\u00e1r v\u00e9g\u00e9ig v\u00e9gbement tov\u00e1bbi folyamatos csat\u00e1roz\u00e1sok elevenednek meg, amelyek sor\u00e1n a szovjetek<\/p>\n","protected":false},"author":1,"featured_media":23564,"comment_status":"closed","ping_status":"closed","sticky":false,"template":"","format":"standard","meta":{"ngg_post_thumbnail":0,"footnotes":""},"categories":[4925,2,3],"tags":[15,4602,4576,477,3969,266],"class_list":{"0":"post-23563","1":"post","2":"type-post","3":"status-publish","4":"format-standard","5":"has-post-thumbnail","7":"category-75-eve-tortent-dorog-ostroma","8":"category-dorog","9":"category-hirek","10":"tag-dorog","11":"tag-dorog-ostroma","12":"tag-haboru","13":"tag-ii-vilaghaboru","14":"tag-szabo-gyula","15":"tag-tortenelem"},"yoast_head":"<!-- This site is optimized with the Yoast SEO plugin v27.4 - https:\/\/yoast.com\/product\/yoast-seo-wordpress\/ -->\n<title>75 \u00e9ve t\u00f6rt\u00e9nt: Dorog ostroma 1944 \u20131945 (4. r\u00e9sz)<\/title>\n<meta name=\"robots\" content=\"index, follow, max-snippet:-1, max-image-preview:large, max-video-preview:-1\" \/>\n<link rel=\"canonical\" href=\"https:\/\/dorogimedence.hu\/index.php\/2020\/03\/11\/75-eve-tortent-dorog-ostroma-1944-1945-4-resz\/\" class=\"yoast-seo-meta-tag\" \/>\n<meta property=\"og:locale\" content=\"hu_HU\" class=\"yoast-seo-meta-tag\" \/>\n<meta property=\"og:type\" content=\"article\" class=\"yoast-seo-meta-tag\" \/>\n<meta property=\"og:title\" content=\"75 \u00e9ve t\u00f6rt\u00e9nt: Dorog ostroma 1944 \u20131945 (4. r\u00e9sz)\" class=\"yoast-seo-meta-tag\" \/>\n<meta property=\"og:description\" content=\"&nbsp;A sorozat v\u00e1rosunk h\u00e1bor\u00fas t\u00f6rt\u00e9net\u00e9nek h\u00e1romnegyed \u00e9vsz\u00e1zados \u00e9vfordul\u00f3ja alkalm\u00e1b\u00f3l k\u00edv\u00e1n eml\u00e9ket \u00e1ll\u00edtani, egyben a II. vil\u00e1gh\u00e1bor\u00fa befejez\u00e9s\u00e9nek 75. \u00e9vfordul\u00f3j\u00e1r\u00f3l is megeml\u00e9kezik. A r\u00e9szekben t\u00f6rt\u00e9n\u0151 bemutat\u00e1s, a Dorogon v\u00e9gbement s\u00falyos harcokat \u00e9s a vele szorosan \u00f6sszef\u00fcgg\u0151 esem\u00e9nyeket helyezi a k\u00f6z\u00e9ppontba. A folytat\u00e1sban&nbsp; az 1945 janu\u00e1r v\u00e9g\u00e9ig v\u00e9gbement tov\u00e1bbi folyamatos csat\u00e1roz\u00e1sok elevenednek meg, amelyek sor\u00e1n a szovjetek\" class=\"yoast-seo-meta-tag\" \/>\n<meta property=\"og:url\" content=\"https:\/\/dorogimedence.hu\/index.php\/2020\/03\/11\/75-eve-tortent-dorog-ostroma-1944-1945-4-resz\/\" class=\"yoast-seo-meta-tag\" \/>\n<meta property=\"og:site_name\" content=\"Dorogi-medence Region\u00e1lis H\u00edrport\u00e1l\" class=\"yoast-seo-meta-tag\" \/>\n<meta property=\"article:publisher\" content=\"https:\/\/www.facebook.com\/dorogimedence\/\" class=\"yoast-seo-meta-tag\" \/>\n<meta property=\"article:published_time\" content=\"2020-03-11T06:00:23+00:00\" class=\"yoast-seo-meta-tag\" \/>\n<meta property=\"article:modified_time\" content=\"2020-06-01T12:35:22+00:00\" class=\"yoast-seo-meta-tag\" \/>\n<meta property=\"og:image\" content=\"https:\/\/i0.wp.com\/dorogimedence.hu\/wp-content\/uploads\/2020\/03\/haboru-01.jpg?fit=670%2C365&ssl=1\" class=\"yoast-seo-meta-tag\" \/>\n\t<meta property=\"og:image:width\" content=\"670\" class=\"yoast-seo-meta-tag\" \/>\n\t<meta property=\"og:image:height\" content=\"365\" class=\"yoast-seo-meta-tag\" \/>\n\t<meta property=\"og:image:type\" content=\"image\/jpeg\" class=\"yoast-seo-meta-tag\" \/>\n<meta name=\"author\" content=\"dorogimedence.hu\" class=\"yoast-seo-meta-tag\" \/>\n<meta name=\"twitter:card\" content=\"summary_large_image\" class=\"yoast-seo-meta-tag\" \/>\n<meta name=\"twitter:label1\" content=\"Szerz\u0151:\" class=\"yoast-seo-meta-tag\" \/>\n\t<meta name=\"twitter:data1\" content=\"dorogimedence.hu\" class=\"yoast-seo-meta-tag\" \/>\n\t<meta name=\"twitter:label2\" content=\"Becs\u00fclt olvas\u00e1si id\u0151\" class=\"yoast-seo-meta-tag\" \/>\n\t<meta name=\"twitter:data2\" content=\"16 perc\" class=\"yoast-seo-meta-tag\" \/>\n<script type=\"application\/ld+json\" class=\"yoast-schema-graph\">{\"@context\":\"https:\\\/\\\/schema.org\",\"@graph\":[{\"@type\":\"Article\",\"@id\":\"https:\\\/\\\/dorogimedence.hu\\\/index.php\\\/2020\\\/03\\\/11\\\/75-eve-tortent-dorog-ostroma-1944-1945-4-resz\\\/#article\",\"isPartOf\":{\"@id\":\"https:\\\/\\\/dorogimedence.hu\\\/index.php\\\/2020\\\/03\\\/11\\\/75-eve-tortent-dorog-ostroma-1944-1945-4-resz\\\/\"},\"author\":{\"name\":\"dorogimedence.hu\",\"@id\":\"https:\\\/\\\/dorogimedence.hu\\\/#\\\/schema\\\/person\\\/ce6091eeb7e95ecdc87890d6aa8e0fd4\"},\"headline\":\"75 \u00e9ve t\u00f6rt\u00e9nt: Dorog ostroma 1944 \u20131945 (4. r\u00e9sz)\",\"datePublished\":\"2020-03-11T06:00:23+00:00\",\"dateModified\":\"2020-06-01T12:35:22+00:00\",\"mainEntityOfPage\":{\"@id\":\"https:\\\/\\\/dorogimedence.hu\\\/index.php\\\/2020\\\/03\\\/11\\\/75-eve-tortent-dorog-ostroma-1944-1945-4-resz\\\/\"},\"wordCount\":3233,\"publisher\":{\"@id\":\"https:\\\/\\\/dorogimedence.hu\\\/#organization\"},\"image\":{\"@id\":\"https:\\\/\\\/dorogimedence.hu\\\/index.php\\\/2020\\\/03\\\/11\\\/75-eve-tortent-dorog-ostroma-1944-1945-4-resz\\\/#primaryimage\"},\"thumbnailUrl\":\"https:\\\/\\\/dorogimedence.hu\\\/wp-content\\\/uploads\\\/2020\\\/03\\\/haboru-01.jpg\",\"keywords\":[\"Dorog\",\"Dorog ostroma\",\"h\u00e1bor\u00fa\",\"II. vil\u00e1gh\u00e1bor\u00fa\",\"Szab\u00f3 Gyula\",\"t\u00f6rt\u00e9nelem\"],\"articleSection\":[\"75 \u00e9ve t\u00f6rt\u00e9nt: Dorog ostroma\",\"Dorog\",\"H\u00edrek\"],\"inLanguage\":\"hu\"},{\"@type\":\"WebPage\",\"@id\":\"https:\\\/\\\/dorogimedence.hu\\\/index.php\\\/2020\\\/03\\\/11\\\/75-eve-tortent-dorog-ostroma-1944-1945-4-resz\\\/\",\"url\":\"https:\\\/\\\/dorogimedence.hu\\\/index.php\\\/2020\\\/03\\\/11\\\/75-eve-tortent-dorog-ostroma-1944-1945-4-resz\\\/\",\"name\":\"75 \u00e9ve t\u00f6rt\u00e9nt: Dorog ostroma 1944 \u20131945 (4. r\u00e9sz)\",\"isPartOf\":{\"@id\":\"https:\\\/\\\/dorogimedence.hu\\\/#website\"},\"primaryImageOfPage\":{\"@id\":\"https:\\\/\\\/dorogimedence.hu\\\/index.php\\\/2020\\\/03\\\/11\\\/75-eve-tortent-dorog-ostroma-1944-1945-4-resz\\\/#primaryimage\"},\"image\":{\"@id\":\"https:\\\/\\\/dorogimedence.hu\\\/index.php\\\/2020\\\/03\\\/11\\\/75-eve-tortent-dorog-ostroma-1944-1945-4-resz\\\/#primaryimage\"},\"thumbnailUrl\":\"https:\\\/\\\/dorogimedence.hu\\\/wp-content\\\/uploads\\\/2020\\\/03\\\/haboru-01.jpg\",\"datePublished\":\"2020-03-11T06:00:23+00:00\",\"dateModified\":\"2020-06-01T12:35:22+00:00\",\"breadcrumb\":{\"@id\":\"https:\\\/\\\/dorogimedence.hu\\\/index.php\\\/2020\\\/03\\\/11\\\/75-eve-tortent-dorog-ostroma-1944-1945-4-resz\\\/#breadcrumb\"},\"inLanguage\":\"hu\",\"potentialAction\":[{\"@type\":\"ReadAction\",\"target\":[\"https:\\\/\\\/dorogimedence.hu\\\/index.php\\\/2020\\\/03\\\/11\\\/75-eve-tortent-dorog-ostroma-1944-1945-4-resz\\\/\"]}]},{\"@type\":\"ImageObject\",\"inLanguage\":\"hu\",\"@id\":\"https:\\\/\\\/dorogimedence.hu\\\/index.php\\\/2020\\\/03\\\/11\\\/75-eve-tortent-dorog-ostroma-1944-1945-4-resz\\\/#primaryimage\",\"url\":\"https:\\\/\\\/dorogimedence.hu\\\/wp-content\\\/uploads\\\/2020\\\/03\\\/haboru-01.jpg\",\"contentUrl\":\"https:\\\/\\\/dorogimedence.hu\\\/wp-content\\\/uploads\\\/2020\\\/03\\\/haboru-01.jpg\",\"width\":670,\"height\":365},{\"@type\":\"BreadcrumbList\",\"@id\":\"https:\\\/\\\/dorogimedence.hu\\\/index.php\\\/2020\\\/03\\\/11\\\/75-eve-tortent-dorog-ostroma-1944-1945-4-resz\\\/#breadcrumb\",\"itemListElement\":[{\"@type\":\"ListItem\",\"position\":1,\"name\":\"Kezd\u0151lap\",\"item\":\"https:\\\/\\\/dorogimedence.hu\\\/\"},{\"@type\":\"ListItem\",\"position\":2,\"name\":\"75 \u00e9ve t\u00f6rt\u00e9nt: Dorog ostroma 1944 \u20131945 (4. r\u00e9sz)\"}]},{\"@type\":\"WebSite\",\"@id\":\"https:\\\/\\\/dorogimedence.hu\\\/#website\",\"url\":\"https:\\\/\\\/dorogimedence.hu\\\/\",\"name\":\"Dorogi-medence Region\u00e1lis H\u00edrport\u00e1l\",\"description\":\"Dorog, Keszt\u00f6lc, Le\u00e1nyv\u00e1r, Piliscs\u00e9v, Tokod, Tokodalt\u00e1r\u00f3, Csolnok, Esztergom-kertv\u00e1ros: h\u00edrek, programok\",\"publisher\":{\"@id\":\"https:\\\/\\\/dorogimedence.hu\\\/#organization\"},\"potentialAction\":[{\"@type\":\"SearchAction\",\"target\":{\"@type\":\"EntryPoint\",\"urlTemplate\":\"https:\\\/\\\/dorogimedence.hu\\\/?s={search_term_string}\"},\"query-input\":{\"@type\":\"PropertyValueSpecification\",\"valueRequired\":true,\"valueName\":\"search_term_string\"}}],\"inLanguage\":\"hu\"},{\"@type\":\"Organization\",\"@id\":\"https:\\\/\\\/dorogimedence.hu\\\/#organization\",\"name\":\"Dorogi-medence Region\u00e1lis H\u00edrport\u00e1l\",\"url\":\"https:\\\/\\\/dorogimedence.hu\\\/\",\"logo\":{\"@type\":\"ImageObject\",\"inLanguage\":\"hu\",\"@id\":\"https:\\\/\\\/dorogimedence.hu\\\/#\\\/schema\\\/logo\\\/image\\\/\",\"url\":\"https:\\\/\\\/dorogimedence.hu\\\/wp-content\\\/uploads\\\/2021\\\/04\\\/logo-feher-600.png\",\"contentUrl\":\"https:\\\/\\\/dorogimedence.hu\\\/wp-content\\\/uploads\\\/2021\\\/04\\\/logo-feher-600.png\",\"width\":600,\"height\":100,\"caption\":\"Dorogi-medence Region\u00e1lis H\u00edrport\u00e1l\"},\"image\":{\"@id\":\"https:\\\/\\\/dorogimedence.hu\\\/#\\\/schema\\\/logo\\\/image\\\/\"},\"sameAs\":[\"https:\\\/\\\/www.facebook.com\\\/dorogimedence\\\/\"]},{\"@type\":\"Person\",\"@id\":\"https:\\\/\\\/dorogimedence.hu\\\/#\\\/schema\\\/person\\\/ce6091eeb7e95ecdc87890d6aa8e0fd4\",\"name\":\"dorogimedence.hu\",\"image\":{\"@type\":\"ImageObject\",\"inLanguage\":\"hu\",\"@id\":\"\\\/\\\/www.gravatar.com\\\/avatar\\\/d8d45f8901aadff40a4af72c0b826f1d?s=96&#038;r=g&#038;d=mm\",\"url\":\"\\\/\\\/www.gravatar.com\\\/avatar\\\/d8d45f8901aadff40a4af72c0b826f1d?s=96&#038;r=g&#038;d=mm\",\"contentUrl\":\"\\\/\\\/www.gravatar.com\\\/avatar\\\/d8d45f8901aadff40a4af72c0b826f1d?s=96&#038;r=g&#038;d=mm\",\"caption\":\"dorogimedence.hu\"}}]}<\/script>\n<!-- \/ Yoast SEO plugin. -->","yoast_head_json":{"title":"75 \u00e9ve t\u00f6rt\u00e9nt: Dorog ostroma 1944 \u20131945 (4. r\u00e9sz)","robots":{"index":"index","follow":"follow","max-snippet":"max-snippet:-1","max-image-preview":"max-image-preview:large","max-video-preview":"max-video-preview:-1"},"canonical":"https:\/\/dorogimedence.hu\/index.php\/2020\/03\/11\/75-eve-tortent-dorog-ostroma-1944-1945-4-resz\/","og_locale":"hu_HU","og_type":"article","og_title":"75 \u00e9ve t\u00f6rt\u00e9nt: Dorog ostroma 1944 \u20131945 (4. r\u00e9sz)","og_description":"&nbsp;A sorozat v\u00e1rosunk h\u00e1bor\u00fas t\u00f6rt\u00e9net\u00e9nek h\u00e1romnegyed \u00e9vsz\u00e1zados \u00e9vfordul\u00f3ja alkalm\u00e1b\u00f3l k\u00edv\u00e1n eml\u00e9ket \u00e1ll\u00edtani, egyben a II. vil\u00e1gh\u00e1bor\u00fa befejez\u00e9s\u00e9nek 75. \u00e9vfordul\u00f3j\u00e1r\u00f3l is megeml\u00e9kezik. A r\u00e9szekben t\u00f6rt\u00e9n\u0151 bemutat\u00e1s, a Dorogon v\u00e9gbement s\u00falyos harcokat \u00e9s a vele szorosan \u00f6sszef\u00fcgg\u0151 esem\u00e9nyeket helyezi a k\u00f6z\u00e9ppontba. A folytat\u00e1sban&nbsp; az 1945 janu\u00e1r v\u00e9g\u00e9ig v\u00e9gbement tov\u00e1bbi folyamatos csat\u00e1roz\u00e1sok elevenednek meg, amelyek sor\u00e1n a szovjetek","og_url":"https:\/\/dorogimedence.hu\/index.php\/2020\/03\/11\/75-eve-tortent-dorog-ostroma-1944-1945-4-resz\/","og_site_name":"Dorogi-medence Region\u00e1lis H\u00edrport\u00e1l","article_publisher":"https:\/\/www.facebook.com\/dorogimedence\/","article_published_time":"2020-03-11T06:00:23+00:00","article_modified_time":"2020-06-01T12:35:22+00:00","og_image":[{"width":670,"height":365,"url":"https:\/\/i0.wp.com\/dorogimedence.hu\/wp-content\/uploads\/2020\/03\/haboru-01.jpg?fit=670%2C365&ssl=1","type":"image\/jpeg"}],"author":"dorogimedence.hu","twitter_card":"summary_large_image","twitter_misc":{"Szerz\u0151:":"dorogimedence.hu","Becs\u00fclt olvas\u00e1si id\u0151":"16 perc"},"schema":{"@context":"https:\/\/schema.org","@graph":[{"@type":"Article","@id":"https:\/\/dorogimedence.hu\/index.php\/2020\/03\/11\/75-eve-tortent-dorog-ostroma-1944-1945-4-resz\/#article","isPartOf":{"@id":"https:\/\/dorogimedence.hu\/index.php\/2020\/03\/11\/75-eve-tortent-dorog-ostroma-1944-1945-4-resz\/"},"author":{"name":"dorogimedence.hu","@id":"https:\/\/dorogimedence.hu\/#\/schema\/person\/ce6091eeb7e95ecdc87890d6aa8e0fd4"},"headline":"75 \u00e9ve t\u00f6rt\u00e9nt: Dorog ostroma 1944 \u20131945 (4. r\u00e9sz)","datePublished":"2020-03-11T06:00:23+00:00","dateModified":"2020-06-01T12:35:22+00:00","mainEntityOfPage":{"@id":"https:\/\/dorogimedence.hu\/index.php\/2020\/03\/11\/75-eve-tortent-dorog-ostroma-1944-1945-4-resz\/"},"wordCount":3233,"publisher":{"@id":"https:\/\/dorogimedence.hu\/#organization"},"image":{"@id":"https:\/\/dorogimedence.hu\/index.php\/2020\/03\/11\/75-eve-tortent-dorog-ostroma-1944-1945-4-resz\/#primaryimage"},"thumbnailUrl":"https:\/\/dorogimedence.hu\/wp-content\/uploads\/2020\/03\/haboru-01.jpg","keywords":["Dorog","Dorog ostroma","h\u00e1bor\u00fa","II. vil\u00e1gh\u00e1bor\u00fa","Szab\u00f3 Gyula","t\u00f6rt\u00e9nelem"],"articleSection":["75 \u00e9ve t\u00f6rt\u00e9nt: Dorog ostroma","Dorog","H\u00edrek"],"inLanguage":"hu"},{"@type":"WebPage","@id":"https:\/\/dorogimedence.hu\/index.php\/2020\/03\/11\/75-eve-tortent-dorog-ostroma-1944-1945-4-resz\/","url":"https:\/\/dorogimedence.hu\/index.php\/2020\/03\/11\/75-eve-tortent-dorog-ostroma-1944-1945-4-resz\/","name":"75 \u00e9ve t\u00f6rt\u00e9nt: Dorog ostroma 1944 \u20131945 (4. r\u00e9sz)","isPartOf":{"@id":"https:\/\/dorogimedence.hu\/#website"},"primaryImageOfPage":{"@id":"https:\/\/dorogimedence.hu\/index.php\/2020\/03\/11\/75-eve-tortent-dorog-ostroma-1944-1945-4-resz\/#primaryimage"},"image":{"@id":"https:\/\/dorogimedence.hu\/index.php\/2020\/03\/11\/75-eve-tortent-dorog-ostroma-1944-1945-4-resz\/#primaryimage"},"thumbnailUrl":"https:\/\/dorogimedence.hu\/wp-content\/uploads\/2020\/03\/haboru-01.jpg","datePublished":"2020-03-11T06:00:23+00:00","dateModified":"2020-06-01T12:35:22+00:00","breadcrumb":{"@id":"https:\/\/dorogimedence.hu\/index.php\/2020\/03\/11\/75-eve-tortent-dorog-ostroma-1944-1945-4-resz\/#breadcrumb"},"inLanguage":"hu","potentialAction":[{"@type":"ReadAction","target":["https:\/\/dorogimedence.hu\/index.php\/2020\/03\/11\/75-eve-tortent-dorog-ostroma-1944-1945-4-resz\/"]}]},{"@type":"ImageObject","inLanguage":"hu","@id":"https:\/\/dorogimedence.hu\/index.php\/2020\/03\/11\/75-eve-tortent-dorog-ostroma-1944-1945-4-resz\/#primaryimage","url":"https:\/\/dorogimedence.hu\/wp-content\/uploads\/2020\/03\/haboru-01.jpg","contentUrl":"https:\/\/dorogimedence.hu\/wp-content\/uploads\/2020\/03\/haboru-01.jpg","width":670,"height":365},{"@type":"BreadcrumbList","@id":"https:\/\/dorogimedence.hu\/index.php\/2020\/03\/11\/75-eve-tortent-dorog-ostroma-1944-1945-4-resz\/#breadcrumb","itemListElement":[{"@type":"ListItem","position":1,"name":"Kezd\u0151lap","item":"https:\/\/dorogimedence.hu\/"},{"@type":"ListItem","position":2,"name":"75 \u00e9ve t\u00f6rt\u00e9nt: Dorog ostroma 1944 \u20131945 (4. r\u00e9sz)"}]},{"@type":"WebSite","@id":"https:\/\/dorogimedence.hu\/#website","url":"https:\/\/dorogimedence.hu\/","name":"Dorogi-medence Region\u00e1lis H\u00edrport\u00e1l","description":"Dorog, Keszt\u00f6lc, Le\u00e1nyv\u00e1r, Piliscs\u00e9v, Tokod, Tokodalt\u00e1r\u00f3, Csolnok, Esztergom-kertv\u00e1ros: h\u00edrek, programok","publisher":{"@id":"https:\/\/dorogimedence.hu\/#organization"},"potentialAction":[{"@type":"SearchAction","target":{"@type":"EntryPoint","urlTemplate":"https:\/\/dorogimedence.hu\/?s={search_term_string}"},"query-input":{"@type":"PropertyValueSpecification","valueRequired":true,"valueName":"search_term_string"}}],"inLanguage":"hu"},{"@type":"Organization","@id":"https:\/\/dorogimedence.hu\/#organization","name":"Dorogi-medence Region\u00e1lis H\u00edrport\u00e1l","url":"https:\/\/dorogimedence.hu\/","logo":{"@type":"ImageObject","inLanguage":"hu","@id":"https:\/\/dorogimedence.hu\/#\/schema\/logo\/image\/","url":"https:\/\/dorogimedence.hu\/wp-content\/uploads\/2021\/04\/logo-feher-600.png","contentUrl":"https:\/\/dorogimedence.hu\/wp-content\/uploads\/2021\/04\/logo-feher-600.png","width":600,"height":100,"caption":"Dorogi-medence Region\u00e1lis H\u00edrport\u00e1l"},"image":{"@id":"https:\/\/dorogimedence.hu\/#\/schema\/logo\/image\/"},"sameAs":["https:\/\/www.facebook.com\/dorogimedence\/"]},{"@type":"Person","@id":"https:\/\/dorogimedence.hu\/#\/schema\/person\/ce6091eeb7e95ecdc87890d6aa8e0fd4","name":"dorogimedence.hu","image":{"@type":"ImageObject","inLanguage":"hu","@id":"\/\/www.gravatar.com\/avatar\/d8d45f8901aadff40a4af72c0b826f1d?s=96&#038;r=g&#038;d=mm","url":"\/\/www.gravatar.com\/avatar\/d8d45f8901aadff40a4af72c0b826f1d?s=96&#038;r=g&#038;d=mm","contentUrl":"\/\/www.gravatar.com\/avatar\/d8d45f8901aadff40a4af72c0b826f1d?s=96&#038;r=g&#038;d=mm","caption":"dorogimedence.hu"}}]}},"_links":{"self":[{"href":"https:\/\/dorogimedence.hu\/index.php\/wp-json\/wp\/v2\/posts\/23563","targetHints":{"allow":["GET"]}}],"collection":[{"href":"https:\/\/dorogimedence.hu\/index.php\/wp-json\/wp\/v2\/posts"}],"about":[{"href":"https:\/\/dorogimedence.hu\/index.php\/wp-json\/wp\/v2\/types\/post"}],"author":[{"embeddable":true,"href":"https:\/\/dorogimedence.hu\/index.php\/wp-json\/wp\/v2\/users\/1"}],"replies":[{"embeddable":true,"href":"https:\/\/dorogimedence.hu\/index.php\/wp-json\/wp\/v2\/comments?post=23563"}],"version-history":[{"count":0,"href":"https:\/\/dorogimedence.hu\/index.php\/wp-json\/wp\/v2\/posts\/23563\/revisions"}],"wp:featuredmedia":[{"embeddable":true,"href":"https:\/\/dorogimedence.hu\/index.php\/wp-json\/wp\/v2\/media\/23564"}],"wp:attachment":[{"href":"https:\/\/dorogimedence.hu\/index.php\/wp-json\/wp\/v2\/media?parent=23563"}],"wp:term":[{"taxonomy":"category","embeddable":true,"href":"https:\/\/dorogimedence.hu\/index.php\/wp-json\/wp\/v2\/categories?post=23563"},{"taxonomy":"post_tag","embeddable":true,"href":"https:\/\/dorogimedence.hu\/index.php\/wp-json\/wp\/v2\/tags?post=23563"}],"curies":[{"name":"wp","href":"https:\/\/api.w.org\/{rel}","templated":true}]}}