{"id":2356,"date":"2017-04-15T08:18:04","date_gmt":"2017-04-15T06:18:04","guid":{"rendered":"http:\/\/dorogimedence.hu\/?p=2356"},"modified":"2017-04-15T08:21:25","modified_gmt":"2017-04-15T06:21:25","slug":"kiemelkedo-beruhazasokra-keszul-esztergom","status":"publish","type":"post","link":"https:\/\/dorogimedence.hu\/index.php\/2017\/04\/15\/kiemelkedo-beruhazasokra-keszul-esztergom\/","title":{"rendered":"Kiemelked\u0151 beruh\u00e1z\u00e1sokra k\u00e9sz\u00fcl Esztergom"},"content":{"rendered":"<p><strong>Esztergomban d\u00f6nt\u00f6ttek az iskolai sportcsarnokok korszer\u0171s\u00edt\u00e9s\u00e9r\u0151l, \u00faj k\u00f6rforgalom l\u00e9trehoz\u00e1s\u00e1r\u00f3l \u00e9s egy\u00e9b fejleszt\u00e9sekr\u0151l, valamint p\u00e1ly\u00e1zat \u00fatj\u00e1n f\u00e9lmilli\u00e1rdb\u00f3l a sportcsarnokot is szeretn\u00e9k fel\u00faj\u00edtani.<\/strong><\/p>\n<p>Esztergom V\u00e1ros \u00d6nkorm\u00e1nyzat\u00e1nak rendk\u00edv\u00fcli k\u00e9pvisel\u0151-test\u00fcleti \u00fcl\u00e9s\u00e9n, 2017. \u00e1prilis 11-\u00e9n \u00f6sszess\u00e9g\u00e9ben 13 t\u00e9m\u00e1t t\u00e1rgyaltak meg a szor\u00edt\u00f3 \u00fcgyint\u00e9z\u00e9si hat\u00e1rid\u0151k miatt nagycs\u00fct\u00f6rt\u00f6k\u00f6n. Sportcsarnokok fejleszt\u00e9sekr\u0151l, iv\u00f3v\u00edzvezet\u00e9k-cser\u00e9r\u0151l, napenergia-hasznos\u00edt\u00e1sr\u00f3l, szoborfel\u00faj\u00edt\u00e1sr\u00f3l, t\u00e9rburkol\u00e1sr\u00f3l, eg\u00e9szs\u00e9gnapi t\u00e1mogat\u00e1sr\u00f3l d\u00f6nt\u00f6ttek. A megyei V\u00f6r\u00f6skereszt sz\u00e9khelye a j\u00f6v\u0151ben Esztergomban lesz Dorog helyett. 10 k\u00e9pvisel\u0151 szavazott a napirendre ker\u00fcl\u0151 t\u00e9m\u00e1kr\u00f3l, a hi\u00e1nyz\u00f3k k\u00f6z\u00f6tt volt Juh\u00e1sz Istv\u00e1n, Meszes Bal\u00e1zs, Sasv\u00e1ri Viktor, St\u00e1musz Andrea \u00e9s Vigh L\u00e1szl\u00f3.<\/p>\n<div class=\"a-lead\"><\/div>\n<div class=\"article-body\">\n<p><strong>Tanker\u00fcleti v\u00e1ltoztat\u00e1sok oktat\u00e1si int\u00e9zm\u00e9nyekn\u00e9l<\/strong><\/p>\n<p>A Tatab\u00e1nyai Tanker\u00fcleti K\u00f6zpont az Esztergom ter\u00fclet\u00e9n tal\u00e1lhat\u00f3 int\u00e9zm\u00e9nyeiben technikai jelleg\u0171 \u00e1tszervez\u00e9seket hajt v\u00e9gre, melyhez az ingatlanok tulajdonos\u00e1nak, az \u00f6nkorm\u00e1nyzatnak a v\u00e9lem\u00e9ny\u00e9t k\u00e9rte ki a k\u00f6znevel\u00e9si t\u00f6rv\u00e9ny \u00e9rtelm\u00e9ben. A k\u00e9pvisel\u0151k <em>(9 igen \u00e9s 1 nem &#8211; Ny\u00edri Attila &#8211; szavazattal)<\/em> t\u00e1mogatt\u00e1k, hogy a 4 oktat\u00e1si int\u00e9zm\u00e9nyben a Klebelsberg K\u00f6zpont \u00e1tszervez\u00e9seket hajtson v\u00e9gre telephelyeket, tanul\u00f3i l\u00e9tsz\u00e1mokat \u00e9s alap\u00edt\u00f3 okiratokat \u00e9rint\u0151en.<\/p>\n<p>\/Az Arany J\u00e1nos \u00c1ltal\u00e1nos Iskol\u00e1ban megsz\u0171nik az iskolaotthon. A Babits Mih\u00e1ly \u00c1ltal\u00e1nos Iskol\u00e1nak pedig nem lesz pilisszentl\u00e9leki telephelye. \u00c9vek \u00f3ta nincs oktat\u00e1s a telep\u00fcl\u00e9sr\u00e9szen. \u00cdgy szlov\u00e1k nemzetis\u00e9gi oktat\u00e1s-nevel\u00e9s sincs m\u00e1r, de a megsz\u00fcntet\u00e9shez az iskolafenntart\u00f3-k\u00f6zpont k\u00f6teles beszerezni a Szlov\u00e1k Nemzetis\u00e9gi \u00d6nkorm\u00e1nyzat beleegyez\u00e9s\u00e9t. A Babits Mih\u00e1ly \u00c1ltal\u00e1nos Iskola tov\u00e1bb fogja haszn\u00e1lni az erdei iskol\u00e1k id\u0151tartama alatt a pilisszentl\u00e9leki \u00e9p\u00fcletet. A J\u00f3zsef Attila \u00c1ltal\u00e1nos Iskol\u00e1ban a felvehet\u0151 maxim\u00e1lis l\u00e9tsz\u00e1m 672 f\u0151r\u0151l 420 f\u0151re cs\u00f6kkent. A Dob\u00f3 Katalin Gimn\u00e1zium eset\u00e9ben is az alap\u00edt\u00f3 okiratban szerepl\u0151 felvehet\u0151 maxim\u00e1lis l\u00e9tsz\u00e1m cs\u00f6kkent statisztikailag 711 f\u0151r\u0151l 620 f\u0151re. A Helischer J\u00f3zsef V\u00e1rosi K\u00f6nyvt\u00e1rral nem lesz m\u00e1r egy\u00fcttm\u0171k\u00f6d\u00e9se a Dob\u00f3 Katalin Gimn\u00e1ziumnak, mert saj\u00e1t k\u00f6nyvt\u00e1rat m\u0171k\u00f6dtetnek.\/<\/p>\n<p><strong>Hit v\u00e9delme \u00e9s a szeg\u00e9nyek szolg\u00e1lata<\/strong><\/p>\n<p>Magyar M\u00e1ltai Szeretetszolg\u00e1lat Egyes\u00fclet el\u0151z\u0151 \u00e9vi, <em>(38 milli\u00f3 forintos) <\/em>t\u00e1mogat\u00e1sainak felhaszn\u00e1l\u00e1s\u00e1r\u00f3l fogadtak el a szakmai \u00e9s p\u00e9nz\u00fcgyi besz\u00e1mol\u00f3t, melyet a Gondvisel\u00e9s H\u00e1za haszn\u00e1lt fel \u00e9s a m\u00e1ltai j\u00e1tsz\u00f3t\u00e9r \u00fczemeltet\u00e9s\u00e9re is ford\u00edtottak. T\u00f6bb p\u00e1ly\u00e1zatuk is sikeres volt 2016-ban, melyeket az ell\u00e1tottak \u00e9letk\u00f6r\u00fclm\u00e9nyeinek jav\u00edt\u00e1s\u00e1ra ford\u00edtottak.<\/p>\n<p>A Ment\u00e1lhigi\u00e9n\u00e9s K\u00f6zpont, T\u00e1mogat\u00f3 Szolg\u00e1lat, Id\u0151sek Klubja \u00e9s \u00c9tkeztet\u00e9s, Csal\u00e1dok \u00c1tmeneti Otthona, Fogad\u00f3 Pszichoszoci\u00e1lis Szolg\u00e1lat \u00e9s a Hajl\u00e9ktalanok Nappali Meleged\u0151je \u00e9s \u00c9jjeli Mened\u00e9khelye szolg\u00e1ltat\u00e1sainak sz\u00ednvonalas fenntart\u00e1s\u00e1t tervezik a 2017-es \u00e9vre<\/p>\n<p>A pszichol\u00f3giai tan\u00e1csad\u00e1s keret\u00e9ben 3 csoportot ind\u00edtan\u00e1nak. Tov\u00e1bbk\u00e9pz\u00e9sre, eszk\u00f6z\u00f6k karbantart\u00e1s\u00e1ra, telephelyek fel\u00faj\u00edt\u00e1s\u00e1ra is k\u00f6lten\u00e9nek. Tervezik a ny\u00e1ri t\u00e1bort az anyagilag r\u00e1szorul\u00f3, fogyat\u00e9kos gyermekeknek is, de a leamortiz\u00e1l\u00f3dott g\u00e9pj\u00e1rm\u0171v\u00fcket is szeretn\u00e9k id\u00e9n kicser\u00e9lni. A sz\u00e9lesk\u00f6r\u0171 szoci\u00e1lis ter\u00fcletet ell\u00e1t\u00f3 M\u00e1ltai Szeretetszolg\u00e1lat besz\u00e1mol\u00f3j\u00e1t elfogadta a test\u00fclet.<\/p>\n<p><strong>Eg\u00e9szs\u00e9gnap a Sz\u00e9ch\u00e9nyi t\u00e9ren<\/strong><\/p>\n<p>A Magyar V\u00f6r\u00f6skereszt 1881-ben v\u00e1rosunkban alakult meg \u00e9s a megyei szervezet\u00fck a j\u00fanius 24-i Eg\u00e9szs\u00e9gnap k\u00f6lts\u00e9geihez 3 milli\u00f3 forintot ig\u00e9nyelt egy t\u00e9teles p\u00e9nz\u00fcgyi kalkul\u00e1ci\u00f3 alapj\u00e1n. Az \u00f6nkorm\u00e1nyzat egyhang\u00falag t\u00e1mogatta a Kom\u00e1rom-Esztergom megyei alapszervezetet abban, hogy sz\u00ednvonalas Esztergomi Eg\u00e9szs\u00e9gnapot szervezzenek a Sz\u00e9ch\u00e9nyi t\u00e9ren, eg\u00e9szs\u00e9gv\u00e9delmi- \u00e9s betegs\u00e9gmegel\u0151z\u00e9si tan\u00e1csad\u00e1ssal, programokkal, vet\u00e9lked\u0151kkel.<\/p>\n<p><strong>Iskolai sportcsarnokok korszer\u0171s\u00f6dnek<\/strong><\/p>\n<p>K\u00e9zilabda tornatermek fel\u00faj\u00edt\u00e1si programj\u00e1hoz csatlakozik Esztergom. A k\u00e9pvisel\u0151k egyhang\u00falag t\u00e1mogatt\u00e1k, hogy az iskolai ingatlanok tulajdonosak\u00e9nt a v\u00e1ros elvi hozz\u00e1j\u00e1rul\u00e1st biztos\u00edtson a TAO-s p\u00e1ly\u00e1zatok \u00f6nr\u00e9sz\u00e9hez. 15-15 milli\u00f3 forintot csoportos\u00edtottak \u00e1t a J\u00f3zsef Attila Iskola \u00e9s Dob\u00f3 Katalin Gimn\u00e1zium fejleszt\u00e9si p\u00e1ly\u00e1zat\u00e1hoz. A v\u00e1rosi forr\u00e1st abban az esetben h\u00edvhatj\u00e1k majd le az esztergomi int\u00e9zm\u00e9nyek, amennyiben a fenntart\u00f3juk, a Klebelsberg K\u00f6zpont az el\u0151zetes sz\u00e1nd\u00e9k\u00e1val ellent\u00e9tben nem tudja, vagy csak r\u00e9szben tudja majd biztos\u00edtani az \u00f6ner\u0151t. A Magyar K\u00e9zilabda Sz\u00f6vets\u00e9g a tornaterem korszer\u0171s\u00edt\u00e9sekhez egyenk\u00e9nt, maximum 50 milli\u00f3s p\u00e1ly\u00e1zati keretet biztos\u00edt. A j\u00f6v\u0151ben tov\u00e1bb b\u0151v\u00fclhet m\u00e9g a programban r\u00e9szt vev\u0151 iskol\u00e1k sz\u00e1ma. Eddig TAO forr\u00e1sb\u00f3l, 320 milli\u00f3 forint\u00e9rt az FC Esztergom \u00faj klub\u00e9p\u00fclet\u00e9t \u00e9s a p\u00e1ly\u00e1it avatt\u00e1k fel 2014-ben. 2016-ban pedig az Arany J\u00e1nos \u00c1ltal\u00e1nos Iskola kapott \u00faj m\u0171f\u00fcves labdar\u00fag\u00f3p\u00e1ly\u00e1j\u00e1t korm\u00e1nyzati seg\u00edts\u00e9ggel.<\/p>\n<p><strong>P\u00e9zsa-sportcsarnokra f\u00e9lmilli\u00e1rd <\/strong><\/p>\n<p>A leromlott \u00e1llapot\u00fa, energetikailag elavult P\u00e9zsa Tibor Sportcsarnokra TOP-p\u00e1ly\u00e1zatokb\u00f3l maximum 500 milli\u00f3 forint fejleszt\u00e9si forr\u00e1st rem\u00e9l Esztergom V\u00e1rosa. Ma egyhang\u00falag d\u00f6nt\u00f6ttek arr\u00f3l, hogy p\u00e1ly\u00e1zatot k\u00e9sz\u00edt az \u00f6nkorm\u00e1nyzat \u00e9s beny\u00fajtja a l\u00e9tes\u00edtm\u00e9ny komplex energetikai meg\u00faj\u00edt\u00e1s\u00e1t el\u0151k\u00e9sz\u00edt\u0151 dokument\u00e1ci\u00f3t.<\/p>\n<p>A vissza nem t\u00e9r\u00edtend\u0151, 100%-os intenzit\u00e1s\u00fa t\u00e1mogat\u00e1s 2017. m\u00e1jus 31-t\u0151l lesz p\u00e1ly\u00e1zhat\u00f3 a TOP 3.2.1-16-os lajstromjel\u0171 ki\u00edr\u00e1sban. \u00c1llami forr\u00e1sokb\u00f3l napelemeket telep\u00edten\u00e9nek az \u00e9p\u00fclet tetej\u00e9re, s a teljes vil\u00e1g\u00edt\u00f3 rendszert is kicser\u00e9ln\u00e9k a meg\u00faj\u00edt\u00e1s jegy\u00e9ben. Az \u00e1rv\u00edzvesz\u00e9lyes \u00f6vezet miatt a hat\u00e1rol\u00f3 (szendvics) szerkezet cser\u00e9je is megval\u00f3sul majd. Emellett a f\u0171t\u00e9si rendszer \u00e9s a melegv\u00edz-el\u0151\u00e1ll\u00edt\u00f3 egys\u00e9g \u00e1t\u00e9p\u00edt\u00e9s\u00e9t tervezik. A g\u00e9p\u00e9szeti fel\u00faj\u00edt\u00e1ssal a leveg\u0151ztet\u00e9s \u00e9s szell\u0151ztet\u00e9s is korszer\u0171s\u00f6dik. A h\u00e1romszoros olimpiai bajnokr\u00f3l elnevezett l\u00e9tes\u00edtm\u00e9nyre r\u00e1f\u00e9r az \u00e1tfog\u00f3 korszer\u0171s\u00edt\u00e9s.<\/p>\n<p>Romanek Etelka, polg\u00e1rmester megnyugtatta Ny\u00edri Attila k\u00e9pvisel\u0151t a hossz\u00fa t\u00e1v\u00fa v\u00e1rosstrat\u00e9giai c\u00e9lok fenntart\u00e1s\u00e1r\u00f3l, melyek \u00e9rtelm\u00e9ben \u00e1llami forr\u00e1sok eset\u00e9n lel\u00e1t\u00f3s sportcsarnokot is \u00e9p\u00edtene a v\u00e1ros a (terem) labdaj\u00e1t\u00e9kok kiszolg\u00e1l\u00e1s\u00e1ra.<\/p>\n<p>Er\u0151s G\u00e1bor pedig eml\u00e9keztetett arra, hogy a k\u00f6zelm\u00faltban aikido, kick boksz \u00e9s kempo nemzetk\u00f6zi versenyeket is szerveztek m\u00e1r a fel\u00faj\u00edtott k\u00fczd\u0151tereken. A t\u00e9li id\u0151szakban pedig igen fontos lesz a h\u0151m\u00e9rs\u00e9klet biztos\u00edt\u00e1sa, hisz az iskol\u00e1sok is ig\u00e9nybe veszik a P\u00e9zsa Tibor Sportcsarnokot, emiatt is t\u00e1mogatj\u00e1k a 100%-os korm\u00e1nyzati t\u00e1mogat\u00e1s\u00fa, &#8211; f\u00e9lmilli\u00e1rdos &#8211; fejleszt\u00e9st.<\/p>\n<p><em>(Er\u0151s G\u00e1bor k\u00e9pvisel\u0151 javasolta, hogy a leend\u0151, \u00faj sportcsarnok hely\u00e9t gondolj\u00e1k \u00fajra a j\u00f6v\u0151ben. Philipp Frigyes f\u0151\u00e9p\u00edt\u00e9sz pedig elmondta, hogy felesleges f\u0171t\u00e9si k\u00f6lts\u00e9gek kifizet\u00e9se helyett azt kezelik tisztess\u00e9gesen az \u00faj sportcsarnok fel\u00e9p\u00edt\u00e9s\u00e9ig, amije most van a v\u00e1rosnak.)<\/em><\/p>\n<p><strong>D\u00edszburkolat a Simor J\u00e1nos utc\u00e1ban<\/strong><\/p>\n<p>A Simor J\u00e1nos p\u00fcsp\u00f6k nev\u00e9t visel\u0151 utca fels\u0151 szakasz\u00e1n, a R\u00e1k\u00f3czi t\u00e9r \u00e9s Arany J\u00e1nos utc\u00e1k k\u00f6z\u00f6tt 4 h\u00f3napig k\u00f6zm\u0171fejleszt\u00e9s lesz. A r\u00e9gi egyes\u00edtett cs\u0151vezet\u00e9kekkel el\u00e9g sok gond van, s nagy a v\u00e1rosi r\u00e9szar\u00e1nyuk (60%-os). A piac utc\u00e1j\u00e1ban indul\u00f3 g\u00f6rd\u00fcl\u0151 fejleszt\u00e9s moderniz\u00e1lt csatornarendszert eredm\u00e9nyez. Nem lesz \u00fajrabont\u00e1s sem, mert v\u00e9glegesk\u00e9nt, d\u00edszburkolattal l\u00e1tja el a v\u00e1ros a 2017-es ingatlanfejleszt\u00e9si keret\u00e9b\u0151l ezt a szakaszt.<\/p>\n<p>A sz\u00e9tv\u00e1lasztott szennyv\u00edzelvezet\u0151 rendszer kivitelez\u00e9s\u00e9re a k\u00e9pvisel\u0151-test\u00fclet brutt\u00f3 25,4 milli\u00f3 forint \u00e1tcsoportos\u00edt\u00e1s\u00e1r\u00f3l d\u00f6nt\u00f6tt 10 igen, egyhang\u00fa szavazattal. Az \u00c9szakdun\u00e1nt\u00fali V\u00edzm\u0171 Zrt. egy 315 mm-es csatornacs\u00f6vet fektet le az 1 m\u00e9ter \u00e1tm\u00e9r\u0151j\u0171 f\u0151vezet\u00e9ke mell\u00e9, majd t\u00e9rk\u00f6vezik az \u00edgy megsz\u00e9p\u00fcl\u0151 utc\u00e1t. A v\u00e1ros f\u0151\u00e9p\u00edt\u00e9sze a v\u00e1ci \u00e9s hatvani t\u00f6rt\u00e9nelmi belv\u00e1rosok p\u00e9ld\u00e1j\u00e1t hozta fel mint\u00e1nak, kieg\u00e9sz\u00edtve azzal, hogy a k\u00f6zvil\u00e1g\u00edt\u00e1si k\u00e1beleket is a f\u00f6ldbe kell s\u00fcllyeszteni ilyen munk\u00e1kn\u00e1l a j\u00f6v\u0151ben. A komplex kivitelez\u00e9s egy\u00fctt fog j\u00e1rni a piac \u00e9p\u00edt\u00e9s\u00e9nek az \u00fcgy\u00e9vel, amit \u00f6sszehangolnak a Simor J\u00e1nos utca fel\u00faj\u00edt\u00e1s\u00e1val egy projektcsoportot is l\u00e9trehozva.<\/p>\n<p><strong>K\u00f6rforgalom miatt talapzatbont\u00e1s<\/strong><\/p>\n<p>D\u00f6nt\u00f6tt egyhang\u00falag arr\u00f3l is a test\u00fclet, hogy hozz\u00e1j\u00e1rulnak a volt Magvet\u0151 szobor talapzat\u00e1nak elbont\u00e1s\u00e1hoz. A Sug\u00e1r \u00fat \u00e9s a Baross G\u00e1bor\/Ady Endre utc\u00e1k keresztez\u0151d\u00e9s\u00e9ben \u00e9p\u00fcl\u0151 2. k\u00f6rforgalomn\u00e1l \u00faj lesz a nyomvonala az \u00fatnak. A Budapest-Esztergom vas\u00fatvonal rekonstrukci\u00f3ja, a kapcsol\u00f3d\u00f3 \u00fatfejleszt\u00e9sek \u00e9rintik a szobor talapzat\u00e1t, aminek elbontott k\u00f6veit a v\u00e1ros \u00e1ltal kijel\u00f6lt telephelyre sz\u00e1ll\u00edtanak \u00e1t a kivitelez\u0151k. A Baross G\u00e1bor utca \u00fctemezett \u00e9s a Dobog\u00f3k\u0151i \u00fat tervezett fel\u00faj\u00edt\u00e1sa kapcs\u00e1n a Nemzeti Infrastrukt\u00fara Fejleszt\u0151 Zrt. munkat\u00e1rsaival egyeztet a v\u00e1ros.<\/p>\n<p><strong>Leszerelik a B\u00e1sty\u00e1ban a p\u00e9nzkiad\u00f3t<\/strong><\/p>\n<p>A R\u00e1k\u00f3czi t\u00e9ri B\u00e1stya \u00e1ruh\u00e1zban l\u00e9v\u0151 ATM automat\u00e1t a minim\u00e1lis kihaszn\u00e1lts\u00e1g miatt leszereli az OTP. A b\u00e9rleti jogviszony felbont\u00e1sra ker\u00fclt. Ingyenes b\u00e9rleti szerz\u0151d\u00e9st pedig nem k\u00f6t a B\u00e1stya \u00c1ruh\u00e1z III. emeleti 60 n\u00e9gyzetm\u00e9teres, illetve 200 n\u00e9gyzetm\u00e9teres alapter\u00fclet\u0171 helyis\u00e9geire az \u00f6nkorm\u00e1nyzat a civil ig\u00e9nyl\u0151kkel. Egyhang\u00falag d\u00f6nt\u00f6ttek a k\u00e9pvisel\u0151k a 3 szerz\u0151d\u00e9sr\u0151l.<\/p>\n<p><strong>Aktualiz\u00e1lt\u00e1k a temetkez\u00e9s rendj\u00e9t<\/strong><\/p>\n<p>A temet\u0151kr\u0151l \u00e9s a temetkez\u00e9sr\u0151l sz\u00f3l\u00f3 \u00f6nkorm\u00e1nyzati rendeletet is elfogadt\u00e1k, aktualiz\u00e1lt\u00e1k a k\u00e9pvisel\u0151k. Esztergom v\u00e1ros k\u00f6zigazgat\u00e1si ter\u00fclet\u00e9n ezt alkalmazni kell a belv\u00e1rosi, a szentgy\u00f6rgymez\u0151i \u00e9s a kertv\u00e1rosi \u00f6nkorm\u00e1nyzati tulajdonban l\u00e9v\u0151 k\u00f6ztemet\u0151kre, illetve a pilisszentl\u00e9leki ravataloz\u00f3ra a temetkez\u00e9si, temet\u0151-fenntart\u00e1si \u00e9s \u00fczemeltet\u00e9si tev\u00e9kenys\u00e9get v\u00e9gz\u0151 term\u00e9szetes \u00e9s jogi szem\u00e9lyekre, tov\u00e1bb\u00e1 arra, akire n\u00e9zve a tev\u00e9kenys\u00e9gek sor\u00e1n jogok keletkeznek \u00e9s k\u00f6telezetts\u00e9gek h\u00e1rulnak. 9 k\u00e9pvisel\u0151 \u00e9rtett egyet ezzel \u00e9s 1 &#8211; Ny\u00edri Attila -szavazott nemmel.<\/p>\n<p><strong>Vasv\u00e1ri utcai iv\u00f3v\u00edzvezet\u00e9k cser\u00e9je<\/strong><\/p>\n<p>Elfogadt\u00e1k egyhang\u00falag az \u00c9DV Zrt. javaslat\u00e1t, hogy c\u00e9lszer\u0171 az elhaszn\u00e1l\u00f3dott vezet\u00e9ket kiv\u00e1ltani a Vasv\u00e1ri P\u00e1l utc\u00e1ban, melynek sz\u00fcks\u00e9gess\u00e9ge az \u00fctemezett fel\u00faj\u00edt\u00e1s sor\u00e1n der\u00fclt ki. A polg\u00e1rmester asszony elmondta az \u00fcl\u00e9sen, hogy a falt\u00f3l falig fel\u00faj\u00edt\u00e1si elv\u00e9re t\u00f6rekednek, s a Vasv\u00e1ri utc\u00e1ban is ezt val\u00f3s\u00edtj\u00e1k meg. A k\u00f6vetkez\u0151 fejleszt\u00e9si tervid\u0151szakban pedig a kifizetend\u0151 kb. 26 milli\u00f3s \u00f6sszeg kompenz\u00e1l\u00e1s\u00e1t k\u00e9rik m\u00e1s \u00c9DV Zrt.-s fejleszt\u00e9sn\u00e9l. Szerencs\u00e9s Gergely k\u00e9pvisel\u0151 a Tompa Mih\u00e1ly utc\u00e1ban a j\u00e1rd\u00e1k fel\u00faj\u00edt\u00e1s\u00e1t k\u00e9rte az \u00fat mindkett\u0151 oldal\u00e1n. A polg\u00e1rmester asszony elmondta, hogy k\u00f6lts\u00e9gvet\u00e9s-m\u00f3dos\u00edt\u00e1s lesz sz\u00fcks\u00e9ges a beterjeszt\u00e9s\u00e9hez, s nett\u00f3 6 milli\u00f3ba fog ker\u00fclni.<\/p>\n<p><strong>Hasznosul a S\u00e1ndor Palota melletti \u00e9p\u00fclet<\/strong><\/p>\n<p>10 \u00e9ve \u00e1ll \u00fcresen egy 283 n\u00e9gyzetm\u00e9ter alapter\u00fclet\u0171, 3 szob\u00e1s lak\u00e1s a J\u00f3kai M\u00f3r u. 3. sz. alatt. A S\u00e1ndor Palota leend\u0151 kiszolg\u00e1l\u00f3 helyis\u00e9geit 6 h\u00f3napra t\u00e9r\u00edt\u00e9smentesen adta haszn\u00e1latba az \u00f6nkorm\u00e1nyzat a Magyar V\u00f6r\u00f6skereszt Kom\u00e1rom-Esztergom Megyei Szervezet\u00e9nek. Az ingatlan vizes blokkj\u00e1t a tisztas\u00e1gi fest\u00e9ssel egy\u00fctt a j\u00fanius 24-i Eg\u00e9szs\u00e9gnapra szeretn\u00e9k fel\u00faj\u00edtani.<\/p>\n<p><strong>Napenergetikai fejleszt\u00e9s<\/strong><\/p>\n<p>A G\u00e9za Fejedelem Ipari Szakgimn\u00e1zium \u00e9s Szakiskola egy KEHOP p\u00e1ly\u00e1zatban fotovoltatikus rendszerek kialak\u00edt\u00e1s\u00e1ra p\u00e1ly\u00e1zik, mellyel napenergi\u00e1t termelhetnek maguknak. A test\u00fclet tulajdonosi hozz\u00e1j\u00e1rul\u00e1s\u00e1t adott ehhez 9 igen vokssal \u00e9s Ny\u00edri Attila nem szavazat\u00e1val. S\u0151t az Ipari Park v\u00e1llalkoz\u00e1saival egy nagy \u00edv\u0171 szakk\u00e9pz\u00e9si fejleszt\u00e9st is tervez az int\u00e9zm\u00e9ny a munkaer\u0151hi\u00e1ny cs\u00f6kkent\u00e9se \u00e9rdek\u00e9ben, amely \u00fajabb p\u00e1ly\u00e1zatokat hozhat a v\u00e1rosba.<\/p>\n<p><strong>S\u00fctt\u0151i m\u00e9szk\u0151b\u0151l faragj\u00e1k<\/strong><\/p>\n<p>A Szent Fl\u00f3ri\u00e1n szobr\u00e1t lakoss\u00e1gi kezdem\u00e9nyez\u00e9sre \u00faj\u00edtja fel &#8211; a Szent Roz\u00e1lia k\u00e1polna mellett &#8211; a k\u00f6lts\u00e9gvet\u00e9si tartal\u00e9k keret\u00e9b\u0151l Esztergom V\u00e1rosa. A test\u00fcleti tagok 9 igen \u00e9s Ny\u00edri Attila tart\u00f3zkod\u00e1sa mellett szavazt\u00e1k meg az 1 milli\u00f3 350 ezer forintos \u00fajrafarag\u00e1st. Az esztergomi szobrok t\u00f6bbs\u00e9ge puha m\u00e9szk\u0151b\u0151l k\u00e9sz\u00fclt, ez\u00e9rt a szoborprogramba illesztve kell megmenteni ezt az alkot\u00e1st. Szeptember 4-\u00e9n, Fl\u00f3ri\u00e1n napj\u00e1n tervezik avatni a s\u00fctt\u0151i kem\u00e9ny m\u00e9szk\u0151b\u0151l k\u00e9sz\u00fcl\u0151 szobrot.<\/p>\n<p><strong>Felgyors\u00edtan\u00e1k a k\u00f6zter\u00fclet-fenntart\u00e1si munk\u00e1kat <\/strong><\/p>\n<p>Elvi d\u00f6nt\u00e9st hoztak a Z\u00f6ld-\u00dat Esztergom Z\u00f6ldfel\u00fclet-gondoz\u00f3 \u00e9s \u00datfenntart\u00f3 Kft.-t gazdas\u00e1gi t\u00e1rsas\u00e1g in-house v\u00e1rosi c\u00e9gg\u00e9 alak\u00edt\u00e1s\u00e1r\u00f3l. A k\u00e9pvisel\u0151-test\u00fclet 9 igen \u00e9s Ny\u00edri Attila tart\u00f3zkod\u00e1sa mellett elviekben egyet\u00e9rt azzal, hogy az elm\u00falt hetekben, h\u00f3napokban t\u00f6bb olyan t\u00e1rgy\u00fa beszerz\u00e9s, k\u00f6zbeszerz\u00e9s is felmer\u00fclt, melyeket legoptim\u00e1lisabban \u00fan. in-house beszerz\u00e9sk\u00e9nt, az \u00f6nkorm\u00e1nyzat k\u00f6zvetlen vagy k\u00f6zvetett tulajdon\u00e1ban \u00e1ll\u00f3 gazdas\u00e1gi t\u00e1rsas\u00e1ga \u00fatj\u00e1n lehetne lebonyol\u00edtani. Ilyenek k\u00fcl\u00f6n\u00f6sen a z\u00f6ldfel\u00fclet kezel\u00e9s, a fasorfenntart\u00e1si munk\u00e1latok, az illeg\u00e1lisan lerakott hullad\u00e9k elsz\u00e1ll\u00edt\u00e1sa, kezel\u00e9se, a k\u00e9zi hullad\u00e9kgy\u0171jt\u0151k \u00fcr\u00edt\u00e9se, az \u00e9p\u00fcletek bont\u00e1sa \u00e9s tereprendez\u00e9si feladatok, az \u00fathib\u00e1k jav\u00edt\u00e1sa, a k\u00e1ty\u00faz\u00e1s, a v\u00edzelvezet\u0151 \u00e1rkok karbantart\u00e1sa, az \u00fatfel\u00fcgyeleti feladatok ell\u00e1t\u00e1sa, a s\u00edkoss\u00e1g mentes\u00edt\u00e9s vagy \u00e9ppen a h\u00f3eltakar\u00edt\u00e1si munk\u00e1latok. A probl\u00e9ma rugalmasabb kezel\u00e9s\u00e9t eredm\u00e9nyezn\u00e9 a 100%-os k\u00f6zvetett \u00f6nkorm\u00e1nyzati tulajdon\u00fa kft. in-house c\u00e9gg\u00e9 \u00e1talak\u00edt\u00e1sa. Az \u00e1prilis 27-ei \u00fcl\u00e9sen folytatj\u00e1k a t\u00e9ma t\u00e1rgyal\u00e1s\u00e1t.<\/p>\n<p><strong>Nyolc lak\u00e1st v\u00e1s\u00e1rolt a v\u00e1ros <\/strong><\/p>\n<p>A s\u00fcrg\u0151ss\u00e9gi javaslatokat lez\u00e1rva a Bajcsy-Zsilinszky utca 22-24. sz\u00e1m alatti, \u00f6sszesen 8 db lak\u00e1s megv\u00e1s\u00e1rl\u00e1s\u00e1r\u00f3l d\u00f6nt\u00f6tt 10 igen, egyhang\u00fa szavazattal 27,2 milli\u00f3s nett\u00f3 v\u00e9tel\u00e1r ellen\u00e9ben a test\u00fclet, mely eddig a Strigonium Zrt. tulajdon\u00e1ban volt.<\/p>\n<\/div>\n<p><em>Forr\u00e1s: <span style=\"text-decoration: underline; color: #0000ff;\"><a style=\"color: #0000ff; text-decoration: underline;\" href=\"http:\/\/www.esztergom.hu\/index.php\/main\/page\/cikk\/felmilliardos-sportcsarnok-fejlesztesi-palyazatrol-is-dontottek-4363\" target=\"_blank\">esztergom.hu<\/a><\/span><\/em><\/p>\n","protected":false},"excerpt":{"rendered":"<p>Esztergomban d\u00f6nt\u00f6ttek az iskolai sportcsarnokok korszer\u0171s\u00edt\u00e9s\u00e9r\u0151l, \u00faj k\u00f6rforgalom l\u00e9trehoz\u00e1s\u00e1r\u00f3l \u00e9s egy\u00e9b fejleszt\u00e9sekr\u0151l, valamint p\u00e1ly\u00e1zat \u00fatj\u00e1n f\u00e9lmilli\u00e1rdb\u00f3l a sportcsarnokot is szeretn\u00e9k fel\u00faj\u00edtani. Esztergom V\u00e1ros \u00d6nkorm\u00e1nyzat\u00e1nak rendk\u00edv\u00fcli k\u00e9pvisel\u0151-test\u00fcleti \u00fcl\u00e9s\u00e9n, 2017. \u00e1prilis 11-\u00e9n \u00f6sszess\u00e9g\u00e9ben 13 t\u00e9m\u00e1t t\u00e1rgyaltak meg a szor\u00edt\u00f3 \u00fcgyint\u00e9z\u00e9si hat\u00e1rid\u0151k miatt nagycs\u00fct\u00f6rt\u00f6k\u00f6n. Sportcsarnokok fejleszt\u00e9sekr\u0151l, iv\u00f3v\u00edzvezet\u00e9k-cser\u00e9r\u0151l, napenergia-hasznos\u00edt\u00e1sr\u00f3l, szoborfel\u00faj\u00edt\u00e1sr\u00f3l, t\u00e9rburkol\u00e1sr\u00f3l, eg\u00e9szs\u00e9gnapi t\u00e1mogat\u00e1sr\u00f3l d\u00f6nt\u00f6ttek. A megyei V\u00f6r\u00f6skereszt sz\u00e9khelye a<\/p>\n","protected":false},"author":1,"featured_media":2358,"comment_status":"closed","ping_status":"closed","sticky":false,"template":"","format":"standard","meta":{"ngg_post_thumbnail":0,"footnotes":""},"categories":[38,3],"tags":[724,42,157],"class_list":{"0":"post-2356","1":"post","2":"type-post","3":"status-publish","4":"format-standard","5":"has-post-thumbnail","7":"category-esztergom","8":"category-hirek","9":"tag-beruhazas","10":"tag-esztergom","11":"tag-fejlesztes"},"yoast_head":"<!-- This site is optimized with the Yoast SEO plugin v27.4 - https:\/\/yoast.com\/product\/yoast-seo-wordpress\/ -->\n<title>Kiemelked\u0151 beruh\u00e1z\u00e1sokra k\u00e9sz\u00fcl Esztergom<\/title>\n<meta name=\"robots\" content=\"index, follow, max-snippet:-1, max-image-preview:large, max-video-preview:-1\" \/>\n<link rel=\"canonical\" href=\"https:\/\/dorogimedence.hu\/index.php\/2017\/04\/15\/kiemelkedo-beruhazasokra-keszul-esztergom\/\" class=\"yoast-seo-meta-tag\" \/>\n<meta property=\"og:locale\" content=\"hu_HU\" class=\"yoast-seo-meta-tag\" \/>\n<meta property=\"og:type\" content=\"article\" class=\"yoast-seo-meta-tag\" \/>\n<meta property=\"og:title\" content=\"Kiemelked\u0151 beruh\u00e1z\u00e1sokra k\u00e9sz\u00fcl Esztergom\" class=\"yoast-seo-meta-tag\" \/>\n<meta property=\"og:description\" content=\"Esztergomban d\u00f6nt\u00f6ttek az iskolai sportcsarnokok korszer\u0171s\u00edt\u00e9s\u00e9r\u0151l, \u00faj k\u00f6rforgalom l\u00e9trehoz\u00e1s\u00e1r\u00f3l \u00e9s egy\u00e9b fejleszt\u00e9sekr\u0151l, valamint p\u00e1ly\u00e1zat \u00fatj\u00e1n f\u00e9lmilli\u00e1rdb\u00f3l a sportcsarnokot is szeretn\u00e9k fel\u00faj\u00edtani. Esztergom V\u00e1ros \u00d6nkorm\u00e1nyzat\u00e1nak rendk\u00edv\u00fcli k\u00e9pvisel\u0151-test\u00fcleti \u00fcl\u00e9s\u00e9n, 2017. \u00e1prilis 11-\u00e9n \u00f6sszess\u00e9g\u00e9ben 13 t\u00e9m\u00e1t t\u00e1rgyaltak meg a szor\u00edt\u00f3 \u00fcgyint\u00e9z\u00e9si hat\u00e1rid\u0151k miatt nagycs\u00fct\u00f6rt\u00f6k\u00f6n. Sportcsarnokok fejleszt\u00e9sekr\u0151l, iv\u00f3v\u00edzvezet\u00e9k-cser\u00e9r\u0151l, napenergia-hasznos\u00edt\u00e1sr\u00f3l, szoborfel\u00faj\u00edt\u00e1sr\u00f3l, t\u00e9rburkol\u00e1sr\u00f3l, eg\u00e9szs\u00e9gnapi t\u00e1mogat\u00e1sr\u00f3l d\u00f6nt\u00f6ttek. A megyei V\u00f6r\u00f6skereszt sz\u00e9khelye a\" class=\"yoast-seo-meta-tag\" \/>\n<meta property=\"og:url\" content=\"https:\/\/dorogimedence.hu\/index.php\/2017\/04\/15\/kiemelkedo-beruhazasokra-keszul-esztergom\/\" class=\"yoast-seo-meta-tag\" \/>\n<meta property=\"og:site_name\" content=\"Dorogi-medence Region\u00e1lis H\u00edrport\u00e1l\" class=\"yoast-seo-meta-tag\" \/>\n<meta property=\"article:publisher\" content=\"https:\/\/www.facebook.com\/dorogimedence\/\" class=\"yoast-seo-meta-tag\" \/>\n<meta property=\"article:published_time\" content=\"2017-04-15T06:18:04+00:00\" class=\"yoast-seo-meta-tag\" \/>\n<meta property=\"article:modified_time\" content=\"2017-04-15T06:21:25+00:00\" class=\"yoast-seo-meta-tag\" \/>\n<meta property=\"og:image\" content=\"https:\/\/i0.wp.com\/dorogimedence.hu\/wp-content\/uploads\/2017\/04\/esztergom-varoshaza-02.png?fit=670%2C365&ssl=1\" class=\"yoast-seo-meta-tag\" \/>\n\t<meta property=\"og:image:width\" content=\"670\" class=\"yoast-seo-meta-tag\" \/>\n\t<meta property=\"og:image:height\" content=\"365\" class=\"yoast-seo-meta-tag\" \/>\n\t<meta property=\"og:image:type\" content=\"image\/png\" class=\"yoast-seo-meta-tag\" \/>\n<meta name=\"author\" content=\"dorogimedence.hu\" class=\"yoast-seo-meta-tag\" \/>\n<meta name=\"twitter:card\" content=\"summary_large_image\" class=\"yoast-seo-meta-tag\" \/>\n<meta name=\"twitter:label1\" content=\"Szerz\u0151:\" class=\"yoast-seo-meta-tag\" \/>\n\t<meta name=\"twitter:data1\" content=\"dorogimedence.hu\" class=\"yoast-seo-meta-tag\" \/>\n\t<meta name=\"twitter:label2\" content=\"Becs\u00fclt olvas\u00e1si id\u0151\" class=\"yoast-seo-meta-tag\" \/>\n\t<meta name=\"twitter:data2\" content=\"14 perc\" class=\"yoast-seo-meta-tag\" \/>\n<script type=\"application\/ld+json\" class=\"yoast-schema-graph\">{\"@context\":\"https:\\\/\\\/schema.org\",\"@graph\":[{\"@type\":\"Article\",\"@id\":\"https:\\\/\\\/dorogimedence.hu\\\/index.php\\\/2017\\\/04\\\/15\\\/kiemelkedo-beruhazasokra-keszul-esztergom\\\/#article\",\"isPartOf\":{\"@id\":\"https:\\\/\\\/dorogimedence.hu\\\/index.php\\\/2017\\\/04\\\/15\\\/kiemelkedo-beruhazasokra-keszul-esztergom\\\/\"},\"author\":{\"name\":\"dorogimedence.hu\",\"@id\":\"https:\\\/\\\/dorogimedence.hu\\\/#\\\/schema\\\/person\\\/ce6091eeb7e95ecdc87890d6aa8e0fd4\"},\"headline\":\"Kiemelked\u0151 beruh\u00e1z\u00e1sokra k\u00e9sz\u00fcl Esztergom\",\"datePublished\":\"2017-04-15T06:18:04+00:00\",\"dateModified\":\"2017-04-15T06:21:25+00:00\",\"mainEntityOfPage\":{\"@id\":\"https:\\\/\\\/dorogimedence.hu\\\/index.php\\\/2017\\\/04\\\/15\\\/kiemelkedo-beruhazasokra-keszul-esztergom\\\/\"},\"wordCount\":2730,\"publisher\":{\"@id\":\"https:\\\/\\\/dorogimedence.hu\\\/#organization\"},\"image\":{\"@id\":\"https:\\\/\\\/dorogimedence.hu\\\/index.php\\\/2017\\\/04\\\/15\\\/kiemelkedo-beruhazasokra-keszul-esztergom\\\/#primaryimage\"},\"thumbnailUrl\":\"https:\\\/\\\/dorogimedence.hu\\\/wp-content\\\/uploads\\\/2017\\\/04\\\/esztergom-varoshaza-02.png\",\"keywords\":[\"beruh\u00e1z\u00e1s\",\"esztergom\",\"fejleszt\u00e9s\"],\"articleSection\":[\"Esztergom\",\"H\u00edrek\"],\"inLanguage\":\"hu\"},{\"@type\":\"WebPage\",\"@id\":\"https:\\\/\\\/dorogimedence.hu\\\/index.php\\\/2017\\\/04\\\/15\\\/kiemelkedo-beruhazasokra-keszul-esztergom\\\/\",\"url\":\"https:\\\/\\\/dorogimedence.hu\\\/index.php\\\/2017\\\/04\\\/15\\\/kiemelkedo-beruhazasokra-keszul-esztergom\\\/\",\"name\":\"Kiemelked\u0151 beruh\u00e1z\u00e1sokra k\u00e9sz\u00fcl Esztergom\",\"isPartOf\":{\"@id\":\"https:\\\/\\\/dorogimedence.hu\\\/#website\"},\"primaryImageOfPage\":{\"@id\":\"https:\\\/\\\/dorogimedence.hu\\\/index.php\\\/2017\\\/04\\\/15\\\/kiemelkedo-beruhazasokra-keszul-esztergom\\\/#primaryimage\"},\"image\":{\"@id\":\"https:\\\/\\\/dorogimedence.hu\\\/index.php\\\/2017\\\/04\\\/15\\\/kiemelkedo-beruhazasokra-keszul-esztergom\\\/#primaryimage\"},\"thumbnailUrl\":\"https:\\\/\\\/dorogimedence.hu\\\/wp-content\\\/uploads\\\/2017\\\/04\\\/esztergom-varoshaza-02.png\",\"datePublished\":\"2017-04-15T06:18:04+00:00\",\"dateModified\":\"2017-04-15T06:21:25+00:00\",\"breadcrumb\":{\"@id\":\"https:\\\/\\\/dorogimedence.hu\\\/index.php\\\/2017\\\/04\\\/15\\\/kiemelkedo-beruhazasokra-keszul-esztergom\\\/#breadcrumb\"},\"inLanguage\":\"hu\",\"potentialAction\":[{\"@type\":\"ReadAction\",\"target\":[\"https:\\\/\\\/dorogimedence.hu\\\/index.php\\\/2017\\\/04\\\/15\\\/kiemelkedo-beruhazasokra-keszul-esztergom\\\/\"]}]},{\"@type\":\"ImageObject\",\"inLanguage\":\"hu\",\"@id\":\"https:\\\/\\\/dorogimedence.hu\\\/index.php\\\/2017\\\/04\\\/15\\\/kiemelkedo-beruhazasokra-keszul-esztergom\\\/#primaryimage\",\"url\":\"https:\\\/\\\/dorogimedence.hu\\\/wp-content\\\/uploads\\\/2017\\\/04\\\/esztergom-varoshaza-02.png\",\"contentUrl\":\"https:\\\/\\\/dorogimedence.hu\\\/wp-content\\\/uploads\\\/2017\\\/04\\\/esztergom-varoshaza-02.png\",\"width\":670,\"height\":365},{\"@type\":\"BreadcrumbList\",\"@id\":\"https:\\\/\\\/dorogimedence.hu\\\/index.php\\\/2017\\\/04\\\/15\\\/kiemelkedo-beruhazasokra-keszul-esztergom\\\/#breadcrumb\",\"itemListElement\":[{\"@type\":\"ListItem\",\"position\":1,\"name\":\"Kezd\u0151lap\",\"item\":\"https:\\\/\\\/dorogimedence.hu\\\/\"},{\"@type\":\"ListItem\",\"position\":2,\"name\":\"Kiemelked\u0151 beruh\u00e1z\u00e1sokra k\u00e9sz\u00fcl Esztergom\"}]},{\"@type\":\"WebSite\",\"@id\":\"https:\\\/\\\/dorogimedence.hu\\\/#website\",\"url\":\"https:\\\/\\\/dorogimedence.hu\\\/\",\"name\":\"Dorogi-medence Region\u00e1lis H\u00edrport\u00e1l\",\"description\":\"Dorog, Keszt\u00f6lc, Le\u00e1nyv\u00e1r, Piliscs\u00e9v, Tokod, Tokodalt\u00e1r\u00f3, Csolnok, Esztergom-kertv\u00e1ros: h\u00edrek, programok\",\"publisher\":{\"@id\":\"https:\\\/\\\/dorogimedence.hu\\\/#organization\"},\"potentialAction\":[{\"@type\":\"SearchAction\",\"target\":{\"@type\":\"EntryPoint\",\"urlTemplate\":\"https:\\\/\\\/dorogimedence.hu\\\/?s={search_term_string}\"},\"query-input\":{\"@type\":\"PropertyValueSpecification\",\"valueRequired\":true,\"valueName\":\"search_term_string\"}}],\"inLanguage\":\"hu\"},{\"@type\":\"Organization\",\"@id\":\"https:\\\/\\\/dorogimedence.hu\\\/#organization\",\"name\":\"Dorogi-medence Region\u00e1lis H\u00edrport\u00e1l\",\"url\":\"https:\\\/\\\/dorogimedence.hu\\\/\",\"logo\":{\"@type\":\"ImageObject\",\"inLanguage\":\"hu\",\"@id\":\"https:\\\/\\\/dorogimedence.hu\\\/#\\\/schema\\\/logo\\\/image\\\/\",\"url\":\"https:\\\/\\\/dorogimedence.hu\\\/wp-content\\\/uploads\\\/2021\\\/04\\\/logo-feher-600.png\",\"contentUrl\":\"https:\\\/\\\/dorogimedence.hu\\\/wp-content\\\/uploads\\\/2021\\\/04\\\/logo-feher-600.png\",\"width\":600,\"height\":100,\"caption\":\"Dorogi-medence Region\u00e1lis H\u00edrport\u00e1l\"},\"image\":{\"@id\":\"https:\\\/\\\/dorogimedence.hu\\\/#\\\/schema\\\/logo\\\/image\\\/\"},\"sameAs\":[\"https:\\\/\\\/www.facebook.com\\\/dorogimedence\\\/\"]},{\"@type\":\"Person\",\"@id\":\"https:\\\/\\\/dorogimedence.hu\\\/#\\\/schema\\\/person\\\/ce6091eeb7e95ecdc87890d6aa8e0fd4\",\"name\":\"dorogimedence.hu\",\"image\":{\"@type\":\"ImageObject\",\"inLanguage\":\"hu\",\"@id\":\"\\\/\\\/www.gravatar.com\\\/avatar\\\/d8d45f8901aadff40a4af72c0b826f1d?s=96&#038;r=g&#038;d=mm\",\"url\":\"\\\/\\\/www.gravatar.com\\\/avatar\\\/d8d45f8901aadff40a4af72c0b826f1d?s=96&#038;r=g&#038;d=mm\",\"contentUrl\":\"\\\/\\\/www.gravatar.com\\\/avatar\\\/d8d45f8901aadff40a4af72c0b826f1d?s=96&#038;r=g&#038;d=mm\",\"caption\":\"dorogimedence.hu\"}}]}<\/script>\n<!-- \/ Yoast SEO plugin. -->","yoast_head_json":{"title":"Kiemelked\u0151 beruh\u00e1z\u00e1sokra k\u00e9sz\u00fcl Esztergom","robots":{"index":"index","follow":"follow","max-snippet":"max-snippet:-1","max-image-preview":"max-image-preview:large","max-video-preview":"max-video-preview:-1"},"canonical":"https:\/\/dorogimedence.hu\/index.php\/2017\/04\/15\/kiemelkedo-beruhazasokra-keszul-esztergom\/","og_locale":"hu_HU","og_type":"article","og_title":"Kiemelked\u0151 beruh\u00e1z\u00e1sokra k\u00e9sz\u00fcl Esztergom","og_description":"Esztergomban d\u00f6nt\u00f6ttek az iskolai sportcsarnokok korszer\u0171s\u00edt\u00e9s\u00e9r\u0151l, \u00faj k\u00f6rforgalom l\u00e9trehoz\u00e1s\u00e1r\u00f3l \u00e9s egy\u00e9b fejleszt\u00e9sekr\u0151l, valamint p\u00e1ly\u00e1zat \u00fatj\u00e1n f\u00e9lmilli\u00e1rdb\u00f3l a sportcsarnokot is szeretn\u00e9k fel\u00faj\u00edtani. Esztergom V\u00e1ros \u00d6nkorm\u00e1nyzat\u00e1nak rendk\u00edv\u00fcli k\u00e9pvisel\u0151-test\u00fcleti \u00fcl\u00e9s\u00e9n, 2017. \u00e1prilis 11-\u00e9n \u00f6sszess\u00e9g\u00e9ben 13 t\u00e9m\u00e1t t\u00e1rgyaltak meg a szor\u00edt\u00f3 \u00fcgyint\u00e9z\u00e9si hat\u00e1rid\u0151k miatt nagycs\u00fct\u00f6rt\u00f6k\u00f6n. Sportcsarnokok fejleszt\u00e9sekr\u0151l, iv\u00f3v\u00edzvezet\u00e9k-cser\u00e9r\u0151l, napenergia-hasznos\u00edt\u00e1sr\u00f3l, szoborfel\u00faj\u00edt\u00e1sr\u00f3l, t\u00e9rburkol\u00e1sr\u00f3l, eg\u00e9szs\u00e9gnapi t\u00e1mogat\u00e1sr\u00f3l d\u00f6nt\u00f6ttek. A megyei V\u00f6r\u00f6skereszt sz\u00e9khelye a","og_url":"https:\/\/dorogimedence.hu\/index.php\/2017\/04\/15\/kiemelkedo-beruhazasokra-keszul-esztergom\/","og_site_name":"Dorogi-medence Region\u00e1lis H\u00edrport\u00e1l","article_publisher":"https:\/\/www.facebook.com\/dorogimedence\/","article_published_time":"2017-04-15T06:18:04+00:00","article_modified_time":"2017-04-15T06:21:25+00:00","og_image":[{"width":670,"height":365,"url":"https:\/\/i0.wp.com\/dorogimedence.hu\/wp-content\/uploads\/2017\/04\/esztergom-varoshaza-02.png?fit=670%2C365&ssl=1","type":"image\/png"}],"author":"dorogimedence.hu","twitter_card":"summary_large_image","twitter_misc":{"Szerz\u0151:":"dorogimedence.hu","Becs\u00fclt olvas\u00e1si id\u0151":"14 perc"},"schema":{"@context":"https:\/\/schema.org","@graph":[{"@type":"Article","@id":"https:\/\/dorogimedence.hu\/index.php\/2017\/04\/15\/kiemelkedo-beruhazasokra-keszul-esztergom\/#article","isPartOf":{"@id":"https:\/\/dorogimedence.hu\/index.php\/2017\/04\/15\/kiemelkedo-beruhazasokra-keszul-esztergom\/"},"author":{"name":"dorogimedence.hu","@id":"https:\/\/dorogimedence.hu\/#\/schema\/person\/ce6091eeb7e95ecdc87890d6aa8e0fd4"},"headline":"Kiemelked\u0151 beruh\u00e1z\u00e1sokra k\u00e9sz\u00fcl Esztergom","datePublished":"2017-04-15T06:18:04+00:00","dateModified":"2017-04-15T06:21:25+00:00","mainEntityOfPage":{"@id":"https:\/\/dorogimedence.hu\/index.php\/2017\/04\/15\/kiemelkedo-beruhazasokra-keszul-esztergom\/"},"wordCount":2730,"publisher":{"@id":"https:\/\/dorogimedence.hu\/#organization"},"image":{"@id":"https:\/\/dorogimedence.hu\/index.php\/2017\/04\/15\/kiemelkedo-beruhazasokra-keszul-esztergom\/#primaryimage"},"thumbnailUrl":"https:\/\/dorogimedence.hu\/wp-content\/uploads\/2017\/04\/esztergom-varoshaza-02.png","keywords":["beruh\u00e1z\u00e1s","esztergom","fejleszt\u00e9s"],"articleSection":["Esztergom","H\u00edrek"],"inLanguage":"hu"},{"@type":"WebPage","@id":"https:\/\/dorogimedence.hu\/index.php\/2017\/04\/15\/kiemelkedo-beruhazasokra-keszul-esztergom\/","url":"https:\/\/dorogimedence.hu\/index.php\/2017\/04\/15\/kiemelkedo-beruhazasokra-keszul-esztergom\/","name":"Kiemelked\u0151 beruh\u00e1z\u00e1sokra k\u00e9sz\u00fcl Esztergom","isPartOf":{"@id":"https:\/\/dorogimedence.hu\/#website"},"primaryImageOfPage":{"@id":"https:\/\/dorogimedence.hu\/index.php\/2017\/04\/15\/kiemelkedo-beruhazasokra-keszul-esztergom\/#primaryimage"},"image":{"@id":"https:\/\/dorogimedence.hu\/index.php\/2017\/04\/15\/kiemelkedo-beruhazasokra-keszul-esztergom\/#primaryimage"},"thumbnailUrl":"https:\/\/dorogimedence.hu\/wp-content\/uploads\/2017\/04\/esztergom-varoshaza-02.png","datePublished":"2017-04-15T06:18:04+00:00","dateModified":"2017-04-15T06:21:25+00:00","breadcrumb":{"@id":"https:\/\/dorogimedence.hu\/index.php\/2017\/04\/15\/kiemelkedo-beruhazasokra-keszul-esztergom\/#breadcrumb"},"inLanguage":"hu","potentialAction":[{"@type":"ReadAction","target":["https:\/\/dorogimedence.hu\/index.php\/2017\/04\/15\/kiemelkedo-beruhazasokra-keszul-esztergom\/"]}]},{"@type":"ImageObject","inLanguage":"hu","@id":"https:\/\/dorogimedence.hu\/index.php\/2017\/04\/15\/kiemelkedo-beruhazasokra-keszul-esztergom\/#primaryimage","url":"https:\/\/dorogimedence.hu\/wp-content\/uploads\/2017\/04\/esztergom-varoshaza-02.png","contentUrl":"https:\/\/dorogimedence.hu\/wp-content\/uploads\/2017\/04\/esztergom-varoshaza-02.png","width":670,"height":365},{"@type":"BreadcrumbList","@id":"https:\/\/dorogimedence.hu\/index.php\/2017\/04\/15\/kiemelkedo-beruhazasokra-keszul-esztergom\/#breadcrumb","itemListElement":[{"@type":"ListItem","position":1,"name":"Kezd\u0151lap","item":"https:\/\/dorogimedence.hu\/"},{"@type":"ListItem","position":2,"name":"Kiemelked\u0151 beruh\u00e1z\u00e1sokra k\u00e9sz\u00fcl Esztergom"}]},{"@type":"WebSite","@id":"https:\/\/dorogimedence.hu\/#website","url":"https:\/\/dorogimedence.hu\/","name":"Dorogi-medence Region\u00e1lis H\u00edrport\u00e1l","description":"Dorog, Keszt\u00f6lc, Le\u00e1nyv\u00e1r, Piliscs\u00e9v, Tokod, Tokodalt\u00e1r\u00f3, Csolnok, Esztergom-kertv\u00e1ros: h\u00edrek, programok","publisher":{"@id":"https:\/\/dorogimedence.hu\/#organization"},"potentialAction":[{"@type":"SearchAction","target":{"@type":"EntryPoint","urlTemplate":"https:\/\/dorogimedence.hu\/?s={search_term_string}"},"query-input":{"@type":"PropertyValueSpecification","valueRequired":true,"valueName":"search_term_string"}}],"inLanguage":"hu"},{"@type":"Organization","@id":"https:\/\/dorogimedence.hu\/#organization","name":"Dorogi-medence Region\u00e1lis H\u00edrport\u00e1l","url":"https:\/\/dorogimedence.hu\/","logo":{"@type":"ImageObject","inLanguage":"hu","@id":"https:\/\/dorogimedence.hu\/#\/schema\/logo\/image\/","url":"https:\/\/dorogimedence.hu\/wp-content\/uploads\/2021\/04\/logo-feher-600.png","contentUrl":"https:\/\/dorogimedence.hu\/wp-content\/uploads\/2021\/04\/logo-feher-600.png","width":600,"height":100,"caption":"Dorogi-medence Region\u00e1lis H\u00edrport\u00e1l"},"image":{"@id":"https:\/\/dorogimedence.hu\/#\/schema\/logo\/image\/"},"sameAs":["https:\/\/www.facebook.com\/dorogimedence\/"]},{"@type":"Person","@id":"https:\/\/dorogimedence.hu\/#\/schema\/person\/ce6091eeb7e95ecdc87890d6aa8e0fd4","name":"dorogimedence.hu","image":{"@type":"ImageObject","inLanguage":"hu","@id":"\/\/www.gravatar.com\/avatar\/d8d45f8901aadff40a4af72c0b826f1d?s=96&#038;r=g&#038;d=mm","url":"\/\/www.gravatar.com\/avatar\/d8d45f8901aadff40a4af72c0b826f1d?s=96&#038;r=g&#038;d=mm","contentUrl":"\/\/www.gravatar.com\/avatar\/d8d45f8901aadff40a4af72c0b826f1d?s=96&#038;r=g&#038;d=mm","caption":"dorogimedence.hu"}}]}},"_links":{"self":[{"href":"https:\/\/dorogimedence.hu\/index.php\/wp-json\/wp\/v2\/posts\/2356","targetHints":{"allow":["GET"]}}],"collection":[{"href":"https:\/\/dorogimedence.hu\/index.php\/wp-json\/wp\/v2\/posts"}],"about":[{"href":"https:\/\/dorogimedence.hu\/index.php\/wp-json\/wp\/v2\/types\/post"}],"author":[{"embeddable":true,"href":"https:\/\/dorogimedence.hu\/index.php\/wp-json\/wp\/v2\/users\/1"}],"replies":[{"embeddable":true,"href":"https:\/\/dorogimedence.hu\/index.php\/wp-json\/wp\/v2\/comments?post=2356"}],"version-history":[{"count":0,"href":"https:\/\/dorogimedence.hu\/index.php\/wp-json\/wp\/v2\/posts\/2356\/revisions"}],"wp:featuredmedia":[{"embeddable":true,"href":"https:\/\/dorogimedence.hu\/index.php\/wp-json\/wp\/v2\/media\/2358"}],"wp:attachment":[{"href":"https:\/\/dorogimedence.hu\/index.php\/wp-json\/wp\/v2\/media?parent=2356"}],"wp:term":[{"taxonomy":"category","embeddable":true,"href":"https:\/\/dorogimedence.hu\/index.php\/wp-json\/wp\/v2\/categories?post=2356"},{"taxonomy":"post_tag","embeddable":true,"href":"https:\/\/dorogimedence.hu\/index.php\/wp-json\/wp\/v2\/tags?post=2356"}],"curies":[{"name":"wp","href":"https:\/\/api.w.org\/{rel}","templated":true}]}}