{"id":23399,"date":"2020-03-03T07:15:03","date_gmt":"2020-03-03T06:15:03","guid":{"rendered":"http:\/\/dorogimedence.hu\/?p=23399"},"modified":"2020-03-03T07:15:26","modified_gmt":"2020-03-03T06:15:26","slug":"magyar-kupa-negyeddonto-elso-merkozes","status":"publish","type":"post","link":"https:\/\/dorogimedence.hu\/index.php\/2020\/03\/03\/magyar-kupa-negyeddonto-elso-merkozes\/","title":{"rendered":"Magyar Kupa negyedd\u00f6nt\u0151, els\u0151 m\u00e9rk\u0151z\u00e9s"},"content":{"rendered":"<p><strong>Csapatunkra a kies\u00e9s ellen menek\u00fcl\u0151 Halad\u00e1s otthon\u00e1ban elszenvedett 1-0-\u00e1s veres\u00e9g\u00e9t k\u00f6vet\u0151en, szerd\u00e1n hazai p\u00e1ly\u00e1n a negyedd\u00f6nt\u0151 els\u0151 tal\u00e1lkoz\u00f3ja v\u00e1r az MTK ellen. A v\u00e1rtn\u00e1l sokkal harmatosabb bajnoki szerepl\u00e9st a kupasorozatban egy esetleges sikeres eredm\u00e9ny n\u00e9mileg feledtetni tudna. Ehhez azonban nem kis brav\u00farra lenne sz\u00fcks\u00e9g a minden szempontb\u00f3l nagyobb er\u0151t k\u00e9pvisel\u0151 ellenfel\u00e9vel szemben<\/strong><em> &#8211; Szab\u00f3 Gyula cikke.<\/em><\/p>\n<p>Sajnos folytat\u00f3dott a dorogi csapat eredm\u00e9nytlens\u00e9ge a h\u00e9tv\u00e9gi bajnoki sor\u00e1n. Noha a h\u00e1zigazda Halad\u00e1s \u00e9ppen felj\u00f6v\u0151 f\u00e9lben van, m\u00e9gis csal\u00f3d\u00e1snak sz\u00e1m\u00edt a szombathelyi veres\u00e9g. K\u00fcl\u00f6n\u00f6sen az\u00e9rt is f\u00e1jdalmas, mert alapj\u00e1ban v\u00e9ve kiegyenl\u00edtett mez\u0151nyj\u00e1t\u00e9kkal telt a tal\u00e1lkoz\u00f3, s\u0151t a m\u00e1sodik j\u00e1t\u00e9kr\u00e9szben mez\u0151nyf\u00f6l\u00e9nybe is ker\u00fcltek a mieink, azonban helyzetig is alig jutottak. Arr\u00f3l nem is besz\u00e9lve, hogy t\u00f6bb p\u00e1rhuzamos m\u00e9rk\u0151z\u00e9s is dorogi szemsz\u00f6gb\u0151l kedvez\u0151tlen\u00fcl alakult, hiszen az Ajka ism\u00e9t gy\u0151z\u00f6tt, valamint a Szeged is pontot szerzett, akik a m\u00f6g\u00f6tt\u00fcnk \u00e1ll\u00f3 Szolnok ellen j\u00e1tszottak d\u00f6ntetlent. Ezzel pedig a szolnokiakkal szembeni el\u0151ny\u00fcnk is farag\u00f3dott. K\u00e9t helyet tov\u00e1bb cs\u00faszva, m\u00e1r csak a 14. helyen \u00e1ll a csapat \u00e9s a v\u00e1ltozatlanul kies\u0151 helyen l\u00e9v\u0151 Halad\u00e1s 6 pontnyira k\u00f6zel\u00edtette meg \u0151ket, m\u00edg a m\u00e9g bennmarad\u00e1st jelent\u0151 helyt\u0151l mind\u00f6ssze 4 pont a k\u00fcl\u00f6nbs\u00e9g. A k\u00e9t \u00e9llovas odahaza hozta a k\u00f6telez\u0151 gy\u0151zelmet. Az MTK a Tiszak\u00e9csk\u00e9t, m\u00edg a Budafok a B\u00e9k\u00e9scsab\u00e1t verte egy g\u00f3llal. Ut\u00f3bbi kett\u0151s h\u00e1tr\u00e1nyb\u00f3l tudott ford\u00edtani, ugyanis a csabaiak szereztek vezet\u00e9st, majd egy ki\u00e1ll\u00edt\u00e1s miatt emberh\u00e1tr\u00e1nyba ker\u00fcltek a hazaiak, akik v\u00e9g\u00fcl 3-2-re beh\u00fazt\u00e1k a meccset. A k\u00e9t \u00e9llovas komoly el\u0151nyt \u00e9lvez az \u00fcld\u00f6z\u0151kkel szemben. A f\u0151v\u00e1rosi k\u00e9k-feh\u00e9rek 3 ponttal mennek a szint\u00e9n feljut\u00e1sra \u00e1ll\u00f3 Budafok el\u0151tt \u00e9s 12 pontos az el\u0151ny\u00fck a 3. helyen \u00e1ll\u00f3 Vasassal szemben.<\/p>\n<p>\u00c1tlagos k\u00f6r\u00fclm\u00e9nyek k\u00f6z\u00f6tt minden csapat nagy kedvvel \u00e9s becsv\u00e1ggyal k\u00e9sz\u00fcl egy kupa negyedd\u00f6nt\u0151re, \u00e1m Dorogon a hangulat ez\u00fattal nem nevezhet\u0151 t\u00fal r\u00f3zs\u00e1snak \u00e9s a szurkol\u00f3k is keser\u0171 sz\u00e1j\u00edzzel tekinthetnek a szerdai megm\u00e9rettet\u00e9s el\u00e9. \u00d6nmag\u00e1ban is az MTK sz\u00e1m\u00edt minden szempontb\u00f3l a p\u00e1ros\u00edt\u00e1s favoritj\u00e1nak. A k\u00e9t csapat idei bajnoki k\u00fczdelme ezt h\u00edven al\u00e1 is t\u00e1masztja, hiszen a bajnokaspir\u00e1ns oda-vissza verte a mieinket, r\u00e1ad\u00e1sul Dorogon 4-0-ra \u00e9s 6-1-es \u00f6sszes\u00edt\u00e9ssel bizonyult jobbnak, begy\u0171jtve ezzel a maxim\u00e1lis 6 pontot. A k\u00e9t csapat legut\u00f3bb 4 hete m\u00e9rk\u0151z\u00f6tt meg egym\u00e1ssal, ahol az MTK 2-1-re nyert hazai p\u00e1ly\u00e1n. K\u00e9tg\u00f3los vezet\u00e9s\u00fcket k\u00f6vet\u0151en k\u00e9s\u0151n j\u00f6tt a dorogi hajr\u00e1, amely csak a sz\u00e9p\u00edt\u00e9sre volt elegend\u0151. A k\u00e9t csapat egym\u00e1s elleni m\u00e9rlege alapj\u00e1n is nyomaszt\u00f3 az MTK f\u00f6l\u00e9nye, amely sor\u00e1n az eddig lej\u00e1tszott 54 t\u00e9tm\u00e9rk\u0151z\u00e9sb\u0151l 11 dorogi gy\u0151zelem, 9 d\u00f6ntetlen \u00e9s 33 veres\u00e9g a mutat\u00f3, 52:116-os g\u00f3lar\u00e1nnyal.<\/p>\n<p style=\"text-align: center;\"><img fetchpriority=\"high\" decoding=\"async\" class=\"alignnone size-full wp-image-23401\" src=\"https:\/\/dorogimedence.hu\/wp-content\/uploads\/2020\/03\/dorog-mtk-02.jpg\" alt=\"\" width=\"670\" height=\"365\" srcset=\"https:\/\/dorogimedence.hu\/wp-content\/uploads\/2020\/03\/dorog-mtk-02.jpg 670w, https:\/\/dorogimedence.hu\/wp-content\/uploads\/2020\/03\/dorog-mtk-02-300x163.jpg 300w\" sizes=\"(max-width: 670px) 100vw, 670px\" \/><em>2016. november v\u00e9g\u00e9n a legjobb 16-k\u00f6z\u00e9 jut\u00e1s\u00e9rt j\u00e1tszott meccsen az iskol\u00e1sok is kivonultak szurkolni<\/em><\/p>\n<p>A f\u0151v\u00e1rosiak jelenlegi f\u0151 ereje \u00e9s er\u00e9nye a t\u00e1mad\u00f3j\u00e1t\u00e9k \u00e9s vele egy\u00fctt a g\u00f3ler\u0151ss\u00e9g, m\u00edg csapatunk eset\u00e9ben \u00e9ppen ez jelenti a legnagyobb fogyat\u00e9koss\u00e1got. A dorogi t\u00e1mad\u00f3k id\u00e9n a bajnoks\u00e1gban egyetlen g\u00f3lig jutottak, azt pedig \u00e9ppen az MTK ellen szerezt\u00e9k. Az el\u0151z\u0151 kupafordul\u00f3 sor\u00e1n siker\u00fclt 6 g\u00f3lt szerezni\u00fck, igaz, egy oszt\u00e1llyal lejebb szerepl\u0151 ellenfel\u00fck ellen voltak eredm\u00e9nyesek. Ahhoz, hogy ne lefutott legyen a j\u00f6v\u0151 heti visszav\u00e1g\u00f3, legal\u00e1bb egy minim\u00e1lis el\u0151ny kellene, lehet\u0151leg kapott g\u00f3l n\u00e9lk\u00fcl. Jelenlegi ellenfel\u00fcnkkel szemben ez nagyon ritk\u00e1n siker\u00fclt. Csak az elm\u00falt 5-6 tal\u00e1lkoz\u00f3t figyelembe v\u00e9ve k\u00e9tszer nem kaptak g\u00f3lt az MTK ellen.<\/p>\n<p>A k\u00e9t csapat 54 eddigi m\u00e9rk\u0151z\u00e9sei k\u00f6z\u00f6tt van kupameccs is. Ez lesz a hatodik alkalom, hogy \u00f6sszeker\u00fcltek a kup\u00e1ban, k\u00f6zte kor\u00e1bban n\u00e9gyszer a Magyar Kup\u00e1ban, egy alkalommal pedig a Corinthian-kup\u00e1ban. Itt is az MTK-nak \u00e1ll a z\u00e1szl\u00f3, b\u00e1r ez esetben az\u00e9rt szorosabb a p\u00e1rharc. Mindj\u00e1rt az els\u0151 kupameccs az akkor m\u00e1sodoszt\u00e1ly\u00fa Dorog siker\u00e9t \u00e9s tov\u00e1bbjut\u00e1s\u00e1t hozta, miut\u00e1n 2-1-re vert\u00e9k az els\u0151 oszt\u00e1lyban bajnok f\u0151v\u00e1rosiakat 1930-ban. Mindez a Corinthi\u00e1n-kupasorozatban t\u00f6rt\u00e9nt \u00e9s egy tal\u00e1lkoz\u00f3 d\u00f6nt\u00f6tt, amelyet Dorogon j\u00e1tszottak. Legk\u00f6zelebb a Magyar Kup\u00e1ban (akkori nev\u00e9n MNK) tal\u00e1lkoztak 1952-ben, m\u00e9gpedig egyenesen a d\u00f6nt\u0151t v\u00edvt\u00e1k az Elektromos eredeti p\u00e1ly\u00e1j\u00e1n, amely akkoriban komoly stadionnak sz\u00e1m\u00edtott a k\u00f6zel 15 ezres befogad\u00f3 k\u00e9pess\u00e9g\u00e9vel. Telth\u00e1z el\u0151tt a mieink vezettek, de v\u00e9g\u00fcl nagy csat\u00e1ban ellenfel\u00fcnk gy\u0151zedelmeskedett 3:2 ar\u00e1nyban. H\u00e1rom \u00e9vvel k\u00e9s\u0151bb, 1955-ben a negyedd\u00f6nt\u0151ben Csepelen m\u00e9rk\u0151ztek meg, ahol a f\u0151v\u00e1rosiak ki\u00fct\u00e9ses gy\u0151zelemmel mentek tov\u00e1bb, miut\u00e1n 5-0-ra vert\u00e9k a csapatunkat. 1997-ben oszt\u00e1lyk\u00fcl\u00f6nbs\u00e9g volt a k\u00e9t g\u00e1rda k\u00f6z\u00f6tt, arr\u00f3l nem is besz\u00e9lve, hogy az MTK leg\u00e9nys\u00e9g\u00e9nek a fele &#8211; Ill\u00e9s B\u00e9l\u00e1val az \u00e9len &#8211; v\u00e1logatott volt akkoriban \u00e9s Dorogra a leger\u0151sebb \u00f6ssze\u00e1ll\u00edt\u00e1sban \u00e9rkeztek a legjobb 16-k\u00f6z\u00e9 jut\u00e1s\u00e9rt lej\u00e1tszott m\u00e9rk\u0151z\u00e9sre. B\u00e1r 2-0-ra nyertek, a legjobbjuk Bede Ferenc j\u00e1t\u00e9kvezet\u0151 volt, aki a Dorogt\u00f3l egy g\u00f3lt elvett, m\u00edg az MTK-t megaj\u00e1nd\u00e9kozta eggyel. Legut\u00f3bb 4 \u00e9ve, 2016 \u0151sz\u00e9n szint\u00e9n oszt\u00e1lyk\u00fcl\u00f6nbs\u00e9g \u00e9s a 16-k\u00f6z\u00e9 jut\u00e1s jegy\u00e9ben ker\u00fcltek \u00f6ssze \u00e9s nem kis meglepet\u00e9sre, de teljesen meg\u00e9rdemelten 1-0-ra gy\u0151z\u00f6tt a csapatunk. A k\u00e9t f\u00e9l m\u00e9rlege a kupatal\u00e1lkoz\u00f3k sor\u00e1n: 2 dorogi gy\u0151zelem, 3 MTK siker, 5:11-es g\u00f3lar\u00e1ny. Ezen ak\u00e1r most lehetne is jav\u00edtani, de minden bizonnyal egy nagy j\u00e1t\u00e9kkedvvel p\u00e1ly\u00e1ra l\u00e9p\u0151 ellenf\u00e9llel tal\u00e1ljuk majd szembe magunkat, hiszen a f\u0151v\u00e1rosiak feljut\u00e1sa nem k\u00e9rd\u00e9s \u00e9s szinte biztosra vehet\u0151, hogy bajnokk\u00e9nt v\u00e9geznek a szezon v\u00e9g\u00e9n, \u00edgy kell\u0151 er\u0151vel \u00e9s duzzad\u00f3 \u00f6nbizalommal teljes mellsz\u00e9less\u00e9ggel koncentr\u00e1lhatak a kupafordul\u00f3ra.<\/p>\n<p style=\"text-align: center;\"><img decoding=\"async\" class=\"alignnone size-full wp-image-23402\" src=\"https:\/\/dorogimedence.hu\/wp-content\/uploads\/2020\/03\/dorog-mtk-03.jpg\" alt=\"\" width=\"670\" height=\"365\" srcset=\"https:\/\/dorogimedence.hu\/wp-content\/uploads\/2020\/03\/dorog-mtk-03.jpg 670w, https:\/\/dorogimedence.hu\/wp-content\/uploads\/2020\/03\/dorog-mtk-03-300x163.jpg 300w\" sizes=\"(max-width: 670px) 100vw, 670px\" \/><em>A legut\u00f3bbi MTK elleni kupameccsen Torghelle S\u00e1ndort is bevetett\u00e9k a f\u0151v\u00e1rosiak<\/em><\/p>\n<p>A dorogiak ilyen messzire utolj\u00e1ra 1991-ben jutottak. Nem ak\u00e1rmilyen sorozat volt az akkor is az NB II-ben szerepl\u0151 csapatunkt\u00f3l, ugyanis a 64-k\u00f6z\u00e9 ker\u00fcl\u00e9st\u0151l fogva v\u00e9gig NB I-es ellenfeleket kaptak. Tatab\u00e1nya, R\u00e1ba ETO, Veszpr\u00e9m (oda-vissza) \u00e9s V\u00e1c (oda-vissza) meccsken vezetett az \u00fat, ahol v\u00e9g\u00fcl veretlen\u00fcl b\u00facs\u00fazott csapatunk. <strong>Azt megel\u0151z\u0151en is volt n\u00e9h\u00e1ny negyedd\u00f6nt\u0151s szerepl\u00e9s\u00fcnk, amelyek id\u0151rendi sorrendben, a teljess\u00e9g ig\u00e9ny\u00e9vel, a k\u00f6vetkez\u0151k voltak:<\/strong><\/p>\n<p>1944. Dorog \u2013 Sz\u00e9kesfeh\u00e9rv\u00e1ri M\u00c1V El\u0151re 4:0<br \/>\n1952. Szeged \u2013 Dorog 2:4<br \/>\n1955. MTK \u2013 Dorog 5:0<br \/>\n1964. Gy\u0151ri ETO \u2013 Dorog 1:0<br \/>\n1977. Csoportmeccsek a Honv\u00e9d, a Vasas, a Csepel \u00e9s a ZTE ellen oda-visszav\u00e1g\u00f3 rendszerben<br \/>\n1991. V\u00e1c \u2013 Dorog 1:1, Dorog \u2013 V\u00e1c 2:2<\/p>\n<p>Mint az l\u00e1that\u00f3, eddig hat alkalommal j\u00e1tszott a csapat negyedd\u00f6nt\u0151t \u00e9s k\u00e9tszer azt sikeresen vette, egy alkalommal pedig csak a kupaszab\u00e1lyok, valamint V\u00e1gner L\u00e1szl\u00f3 j\u00e1t\u00e9kvezet\u0151 foszotta meg a tov\u00e1bbjut\u00e1st\u00f3l. Az orsz\u00e1g akkori egyik legjobbja, a V\u00e1c ellen ellenfel\u00fck az idegenben l\u0151tt t\u00f6bb g\u00f3llal ment tov\u00e1bb. V\u00e1cott az utols\u00f3 percig vezett\u00fcnk, a visszav\u00e1g\u00f3n pedig 2-2-es \u00e1ll\u00e1sn\u00e1l 3 perccel a v\u00e9ge el\u0151tt egy teljesen egy\u00e9rtelm\u0171 11-est nem adtak meg a Dorognak. 1964-ben Gy\u0151rben ker\u00fclt sor az egy meccsb\u0151l \u00e1ll\u00f3 negyedd\u00f6nt\u0151re a h\u00e1zigazda, bajnok ETO ellen, ahol nagyon szoros meccsen maradtunk alul, s ak\u00e1r ford\u00edtott eredm\u00e9ny is sz\u00fclethetett volna. K\u00e9tszer esett ki sim\u00e1n csapatunk. Az MTK ellen a Csepelen j\u00e1tszott szint\u00e9n egy meccses fordul\u00f3ban egy\u00e9rtelm\u0171en ment tov\u00e1bb ellenfel\u00fcnk, m\u00edg 1977-ben a csoportmeccsek sor\u00e1n sereghajt\u00f3k\u00e9nt v\u00e9gezt\u00fcnk csoportunkban, b\u00e1r a Csepellel szemben oda-vissza d\u00f6ntetlen sz\u00fcletett \u00e9s a csoportels\u0151, egyben a tov\u00e1bbjutott Vasas ellen mindk\u00e9tszer csak egy g\u00f3llal (idegenben 2:3 \u00e9s Tokodalt\u00e1r\u00f3n 1:2) maradtunk alul. A k\u00e9t sikeres tov\u00e1bbjut\u00e1s eset\u00e9n, el\u0151bb 1944-ben mindk\u00e9t f\u00e9l m\u00e1sodoszt\u00e1ly\u00fa volt, a sorsol\u00e1s a Dorognak kedvezett a p\u00e1lyav\u00e1laszt\u00e1s ter\u00e9n, m\u00edg 1952-ben az NB I-es Szeged j\u00e1tszhatott otthon.<\/p>\n<p style=\"text-align: center;\"><img decoding=\"async\" class=\"alignnone size-full wp-image-23403\" src=\"https:\/\/dorogimedence.hu\/wp-content\/uploads\/2020\/03\/dorog-mtk-04.jpg\" alt=\"\" width=\"670\" height=\"377\" srcset=\"https:\/\/dorogimedence.hu\/wp-content\/uploads\/2020\/03\/dorog-mtk-04.jpg 670w, https:\/\/dorogimedence.hu\/wp-content\/uploads\/2020\/03\/dorog-mtk-04-300x169.jpg 300w\" sizes=\"(max-width: 670px) 100vw, 670px\" \/><em>Sz\u00e9p eml\u00e9k a legut\u00f3ls\u00f3 Dorog-MTK kupameccs 2016-ban<\/em><\/p>\n<p>Mindamellett, hogy gyakoraltilag minden a Dorog ellen sz\u00f3l, m\u00e9gis \u00f6sszeszor\u00edtott foggal \u00e9s hatalmas csapategys\u00e9ggel kellene a k\u00fczdelembe vetni\u00fck magukat \u00e9s meg\u00f6rvendeztetni nem a csak a lelkes \u00e9s kitart\u00f3 szurkol\u00f3ikat, de visszaszerezni a k\u00f6zelm\u00faltban megfakult, megt\u00e9p\u00e1zott \u00f6nbizalmukat is. Addig is \u00f6r\u00f6mk\u00f6dj\u00fcnk a n\u00e9gy \u00e9vvel ezel\u0151tti siker\u00fcnkben a k\u00f6vetkez\u0151 vide\u00f3val:&nbsp;<span style=\"text-decoration: underline; color: #0000ff;\"><a style=\"color: #0000ff; text-decoration: underline;\" href=\"https:\/\/www.youtube.com\/watch?v=1fqVtEIygOk\" target=\"_blank\" rel=\"noopener noreferrer\">https:\/\/www.youtube.com\/watch?v=1fqVtEIygOk<\/a><\/span><\/p>\n<p><strong>A m\u00e9rk\u0151z\u00e9sre a Buz\u00e1nszky stadionban m\u00e1rcius 4-\u00e9n, szerd\u00e1n 14:30 kezdettel ker\u00fcl sor.<\/strong><\/p>\n","protected":false},"excerpt":{"rendered":"<p>Csapatunkra a kies\u00e9s ellen menek\u00fcl\u0151 Halad\u00e1s otthon\u00e1ban elszenvedett 1-0-\u00e1s veres\u00e9g\u00e9t k\u00f6vet\u0151en, szerd\u00e1n hazai p\u00e1ly\u00e1n a negyedd\u00f6nt\u0151 els\u0151 tal\u00e1lkoz\u00f3ja v\u00e1r az MTK ellen. A v\u00e1rtn\u00e1l sokkal harmatosabb bajnoki szerepl\u00e9st a kupasorozatban egy esetleges sikeres eredm\u00e9ny n\u00e9mileg feledtetni tudna. Ehhez azonban nem kis brav\u00farra lenne sz\u00fcks\u00e9g a minden szempontb\u00f3l nagyobb er\u0151t k\u00e9pvisel\u0151 ellenfel\u00e9vel szemben &#8211; Szab\u00f3 Gyula<\/p>\n","protected":false},"author":1,"featured_media":23400,"comment_status":"closed","ping_status":"closed","sticky":false,"template":"","format":"standard","meta":{"ngg_post_thumbnail":0,"footnotes":""},"categories":[2,3,5],"tags":[15,37,70,69,72,71,1530,4743,16],"class_list":{"0":"post-23399","1":"post","2":"type-post","3":"status-publish","4":"format-standard","5":"has-post-thumbnail","7":"category-dorog","8":"category-hirek","9":"category-sport","10":"tag-dorog","11":"tag-dorogi-fc","12":"tag-foci","13":"tag-futball","14":"tag-labdarugas","15":"tag-magyar-kupa","16":"tag-mtk","17":"tag-mtk-budapest","18":"tag-sport"},"yoast_head":"<!-- This site is optimized with the Yoast SEO plugin v27.5 - https:\/\/yoast.com\/product\/yoast-seo-wordpress\/ -->\n<title>Magyar Kupa negyedd\u00f6nt\u0151, els\u0151 m\u00e9rk\u0151z\u00e9s<\/title>\n<meta name=\"robots\" content=\"index, follow, max-snippet:-1, max-image-preview:large, max-video-preview:-1\" \/>\n<link rel=\"canonical\" href=\"https:\/\/dorogimedence.hu\/index.php\/2020\/03\/03\/magyar-kupa-negyeddonto-elso-merkozes\/\" class=\"yoast-seo-meta-tag\" \/>\n<meta property=\"og:locale\" content=\"hu_HU\" class=\"yoast-seo-meta-tag\" \/>\n<meta property=\"og:type\" content=\"article\" class=\"yoast-seo-meta-tag\" \/>\n<meta property=\"og:title\" content=\"Magyar Kupa negyedd\u00f6nt\u0151, els\u0151 m\u00e9rk\u0151z\u00e9s\" class=\"yoast-seo-meta-tag\" \/>\n<meta property=\"og:description\" content=\"Csapatunkra a kies\u00e9s ellen menek\u00fcl\u0151 Halad\u00e1s otthon\u00e1ban elszenvedett 1-0-\u00e1s veres\u00e9g\u00e9t k\u00f6vet\u0151en, szerd\u00e1n hazai p\u00e1ly\u00e1n a negyedd\u00f6nt\u0151 els\u0151 tal\u00e1lkoz\u00f3ja v\u00e1r az MTK ellen. A v\u00e1rtn\u00e1l sokkal harmatosabb bajnoki szerepl\u00e9st a kupasorozatban egy esetleges sikeres eredm\u00e9ny n\u00e9mileg feledtetni tudna. Ehhez azonban nem kis brav\u00farra lenne sz\u00fcks\u00e9g a minden szempontb\u00f3l nagyobb er\u0151t k\u00e9pvisel\u0151 ellenfel\u00e9vel szemben &#8211; Szab\u00f3 Gyula\" class=\"yoast-seo-meta-tag\" \/>\n<meta property=\"og:url\" content=\"https:\/\/dorogimedence.hu\/index.php\/2020\/03\/03\/magyar-kupa-negyeddonto-elso-merkozes\/\" class=\"yoast-seo-meta-tag\" \/>\n<meta property=\"og:site_name\" content=\"Dorogi-medence Region\u00e1lis H\u00edrport\u00e1l\" class=\"yoast-seo-meta-tag\" \/>\n<meta property=\"article:publisher\" content=\"https:\/\/www.facebook.com\/dorogimedence\/\" class=\"yoast-seo-meta-tag\" \/>\n<meta property=\"article:published_time\" content=\"2020-03-03T06:15:03+00:00\" class=\"yoast-seo-meta-tag\" \/>\n<meta property=\"article:modified_time\" content=\"2020-03-03T06:15:26+00:00\" class=\"yoast-seo-meta-tag\" \/>\n<meta property=\"og:image\" content=\"https:\/\/i0.wp.com\/dorogimedence.hu\/wp-content\/uploads\/2020\/03\/dorog-mtk-01.jpg?fit=670%2C365&ssl=1\" class=\"yoast-seo-meta-tag\" \/>\n\t<meta property=\"og:image:width\" content=\"670\" class=\"yoast-seo-meta-tag\" \/>\n\t<meta property=\"og:image:height\" content=\"365\" class=\"yoast-seo-meta-tag\" \/>\n\t<meta property=\"og:image:type\" content=\"image\/jpeg\" class=\"yoast-seo-meta-tag\" \/>\n<meta name=\"author\" content=\"dorogimedence.hu\" class=\"yoast-seo-meta-tag\" \/>\n<meta name=\"twitter:card\" content=\"summary_large_image\" class=\"yoast-seo-meta-tag\" \/>\n<meta name=\"twitter:label1\" content=\"Szerz\u0151:\" class=\"yoast-seo-meta-tag\" \/>\n\t<meta name=\"twitter:data1\" content=\"dorogimedence.hu\" class=\"yoast-seo-meta-tag\" \/>\n\t<meta name=\"twitter:label2\" content=\"Becs\u00fclt olvas\u00e1si id\u0151\" class=\"yoast-seo-meta-tag\" \/>\n\t<meta name=\"twitter:data2\" content=\"9 perc\" class=\"yoast-seo-meta-tag\" \/>\n<script type=\"application\/ld+json\" class=\"yoast-schema-graph\">{\"@context\":\"https:\\\/\\\/schema.org\",\"@graph\":[{\"@type\":\"Article\",\"@id\":\"https:\\\/\\\/dorogimedence.hu\\\/index.php\\\/2020\\\/03\\\/03\\\/magyar-kupa-negyeddonto-elso-merkozes\\\/#article\",\"isPartOf\":{\"@id\":\"https:\\\/\\\/dorogimedence.hu\\\/index.php\\\/2020\\\/03\\\/03\\\/magyar-kupa-negyeddonto-elso-merkozes\\\/\"},\"author\":{\"name\":\"dorogimedence.hu\",\"@id\":\"https:\\\/\\\/dorogimedence.hu\\\/#\\\/schema\\\/person\\\/ce6091eeb7e95ecdc87890d6aa8e0fd4\"},\"headline\":\"Magyar Kupa negyedd\u00f6nt\u0151, els\u0151 m\u00e9rk\u0151z\u00e9s\",\"datePublished\":\"2020-03-03T06:15:03+00:00\",\"dateModified\":\"2020-03-03T06:15:26+00:00\",\"mainEntityOfPage\":{\"@id\":\"https:\\\/\\\/dorogimedence.hu\\\/index.php\\\/2020\\\/03\\\/03\\\/magyar-kupa-negyeddonto-elso-merkozes\\\/\"},\"wordCount\":1720,\"publisher\":{\"@id\":\"https:\\\/\\\/dorogimedence.hu\\\/#organization\"},\"image\":{\"@id\":\"https:\\\/\\\/dorogimedence.hu\\\/index.php\\\/2020\\\/03\\\/03\\\/magyar-kupa-negyeddonto-elso-merkozes\\\/#primaryimage\"},\"thumbnailUrl\":\"https:\\\/\\\/dorogimedence.hu\\\/wp-content\\\/uploads\\\/2020\\\/03\\\/dorog-mtk-01.jpg\",\"keywords\":[\"Dorog\",\"Dorogi FC\",\"foci\",\"futball\",\"labdar\u00fag\u00e1s\",\"Magyar Kupa\",\"MTK\",\"MTK Budapest\",\"sport\"],\"articleSection\":[\"Dorog\",\"H\u00edrek\",\"Sport\"],\"inLanguage\":\"hu\"},{\"@type\":\"WebPage\",\"@id\":\"https:\\\/\\\/dorogimedence.hu\\\/index.php\\\/2020\\\/03\\\/03\\\/magyar-kupa-negyeddonto-elso-merkozes\\\/\",\"url\":\"https:\\\/\\\/dorogimedence.hu\\\/index.php\\\/2020\\\/03\\\/03\\\/magyar-kupa-negyeddonto-elso-merkozes\\\/\",\"name\":\"Magyar Kupa negyedd\u00f6nt\u0151, els\u0151 m\u00e9rk\u0151z\u00e9s\",\"isPartOf\":{\"@id\":\"https:\\\/\\\/dorogimedence.hu\\\/#website\"},\"primaryImageOfPage\":{\"@id\":\"https:\\\/\\\/dorogimedence.hu\\\/index.php\\\/2020\\\/03\\\/03\\\/magyar-kupa-negyeddonto-elso-merkozes\\\/#primaryimage\"},\"image\":{\"@id\":\"https:\\\/\\\/dorogimedence.hu\\\/index.php\\\/2020\\\/03\\\/03\\\/magyar-kupa-negyeddonto-elso-merkozes\\\/#primaryimage\"},\"thumbnailUrl\":\"https:\\\/\\\/dorogimedence.hu\\\/wp-content\\\/uploads\\\/2020\\\/03\\\/dorog-mtk-01.jpg\",\"datePublished\":\"2020-03-03T06:15:03+00:00\",\"dateModified\":\"2020-03-03T06:15:26+00:00\",\"breadcrumb\":{\"@id\":\"https:\\\/\\\/dorogimedence.hu\\\/index.php\\\/2020\\\/03\\\/03\\\/magyar-kupa-negyeddonto-elso-merkozes\\\/#breadcrumb\"},\"inLanguage\":\"hu\",\"potentialAction\":[{\"@type\":\"ReadAction\",\"target\":[\"https:\\\/\\\/dorogimedence.hu\\\/index.php\\\/2020\\\/03\\\/03\\\/magyar-kupa-negyeddonto-elso-merkozes\\\/\"]}]},{\"@type\":\"ImageObject\",\"inLanguage\":\"hu\",\"@id\":\"https:\\\/\\\/dorogimedence.hu\\\/index.php\\\/2020\\\/03\\\/03\\\/magyar-kupa-negyeddonto-elso-merkozes\\\/#primaryimage\",\"url\":\"https:\\\/\\\/dorogimedence.hu\\\/wp-content\\\/uploads\\\/2020\\\/03\\\/dorog-mtk-01.jpg\",\"contentUrl\":\"https:\\\/\\\/dorogimedence.hu\\\/wp-content\\\/uploads\\\/2020\\\/03\\\/dorog-mtk-01.jpg\",\"width\":670,\"height\":365},{\"@type\":\"BreadcrumbList\",\"@id\":\"https:\\\/\\\/dorogimedence.hu\\\/index.php\\\/2020\\\/03\\\/03\\\/magyar-kupa-negyeddonto-elso-merkozes\\\/#breadcrumb\",\"itemListElement\":[{\"@type\":\"ListItem\",\"position\":1,\"name\":\"Kezd\u0151lap\",\"item\":\"https:\\\/\\\/dorogimedence.hu\\\/\"},{\"@type\":\"ListItem\",\"position\":2,\"name\":\"Magyar Kupa negyedd\u00f6nt\u0151, els\u0151 m\u00e9rk\u0151z\u00e9s\"}]},{\"@type\":\"WebSite\",\"@id\":\"https:\\\/\\\/dorogimedence.hu\\\/#website\",\"url\":\"https:\\\/\\\/dorogimedence.hu\\\/\",\"name\":\"Dorogi-medence Region\u00e1lis H\u00edrport\u00e1l\",\"description\":\"Dorog, Keszt\u00f6lc, Le\u00e1nyv\u00e1r, Piliscs\u00e9v, Tokod, Tokodalt\u00e1r\u00f3, Csolnok, Esztergom-kertv\u00e1ros: h\u00edrek, programok\",\"publisher\":{\"@id\":\"https:\\\/\\\/dorogimedence.hu\\\/#organization\"},\"potentialAction\":[{\"@type\":\"SearchAction\",\"target\":{\"@type\":\"EntryPoint\",\"urlTemplate\":\"https:\\\/\\\/dorogimedence.hu\\\/?s={search_term_string}\"},\"query-input\":{\"@type\":\"PropertyValueSpecification\",\"valueRequired\":true,\"valueName\":\"search_term_string\"}}],\"inLanguage\":\"hu\"},{\"@type\":\"Organization\",\"@id\":\"https:\\\/\\\/dorogimedence.hu\\\/#organization\",\"name\":\"Dorogi-medence Region\u00e1lis H\u00edrport\u00e1l\",\"url\":\"https:\\\/\\\/dorogimedence.hu\\\/\",\"logo\":{\"@type\":\"ImageObject\",\"inLanguage\":\"hu\",\"@id\":\"https:\\\/\\\/dorogimedence.hu\\\/#\\\/schema\\\/logo\\\/image\\\/\",\"url\":\"https:\\\/\\\/dorogimedence.hu\\\/wp-content\\\/uploads\\\/2021\\\/04\\\/logo-feher-600.png\",\"contentUrl\":\"https:\\\/\\\/dorogimedence.hu\\\/wp-content\\\/uploads\\\/2021\\\/04\\\/logo-feher-600.png\",\"width\":600,\"height\":100,\"caption\":\"Dorogi-medence Region\u00e1lis H\u00edrport\u00e1l\"},\"image\":{\"@id\":\"https:\\\/\\\/dorogimedence.hu\\\/#\\\/schema\\\/logo\\\/image\\\/\"},\"sameAs\":[\"https:\\\/\\\/www.facebook.com\\\/dorogimedence\\\/\"]},{\"@type\":\"Person\",\"@id\":\"https:\\\/\\\/dorogimedence.hu\\\/#\\\/schema\\\/person\\\/ce6091eeb7e95ecdc87890d6aa8e0fd4\",\"name\":\"dorogimedence.hu\",\"image\":{\"@type\":\"ImageObject\",\"inLanguage\":\"hu\",\"@id\":\"\\\/\\\/www.gravatar.com\\\/avatar\\\/d8d45f8901aadff40a4af72c0b826f1d?s=96&#038;r=g&#038;d=mm\",\"url\":\"\\\/\\\/www.gravatar.com\\\/avatar\\\/d8d45f8901aadff40a4af72c0b826f1d?s=96&#038;r=g&#038;d=mm\",\"contentUrl\":\"\\\/\\\/www.gravatar.com\\\/avatar\\\/d8d45f8901aadff40a4af72c0b826f1d?s=96&#038;r=g&#038;d=mm\",\"caption\":\"dorogimedence.hu\"}}]}<\/script>\n<!-- \/ Yoast SEO plugin. -->","yoast_head_json":{"title":"Magyar Kupa negyedd\u00f6nt\u0151, els\u0151 m\u00e9rk\u0151z\u00e9s","robots":{"index":"index","follow":"follow","max-snippet":"max-snippet:-1","max-image-preview":"max-image-preview:large","max-video-preview":"max-video-preview:-1"},"canonical":"https:\/\/dorogimedence.hu\/index.php\/2020\/03\/03\/magyar-kupa-negyeddonto-elso-merkozes\/","og_locale":"hu_HU","og_type":"article","og_title":"Magyar Kupa negyedd\u00f6nt\u0151, els\u0151 m\u00e9rk\u0151z\u00e9s","og_description":"Csapatunkra a kies\u00e9s ellen menek\u00fcl\u0151 Halad\u00e1s otthon\u00e1ban elszenvedett 1-0-\u00e1s veres\u00e9g\u00e9t k\u00f6vet\u0151en, szerd\u00e1n hazai p\u00e1ly\u00e1n a negyedd\u00f6nt\u0151 els\u0151 tal\u00e1lkoz\u00f3ja v\u00e1r az MTK ellen. A v\u00e1rtn\u00e1l sokkal harmatosabb bajnoki szerepl\u00e9st a kupasorozatban egy esetleges sikeres eredm\u00e9ny n\u00e9mileg feledtetni tudna. Ehhez azonban nem kis brav\u00farra lenne sz\u00fcks\u00e9g a minden szempontb\u00f3l nagyobb er\u0151t k\u00e9pvisel\u0151 ellenfel\u00e9vel szemben &#8211; Szab\u00f3 Gyula","og_url":"https:\/\/dorogimedence.hu\/index.php\/2020\/03\/03\/magyar-kupa-negyeddonto-elso-merkozes\/","og_site_name":"Dorogi-medence Region\u00e1lis H\u00edrport\u00e1l","article_publisher":"https:\/\/www.facebook.com\/dorogimedence\/","article_published_time":"2020-03-03T06:15:03+00:00","article_modified_time":"2020-03-03T06:15:26+00:00","og_image":[{"width":670,"height":365,"url":"https:\/\/i0.wp.com\/dorogimedence.hu\/wp-content\/uploads\/2020\/03\/dorog-mtk-01.jpg?fit=670%2C365&ssl=1","type":"image\/jpeg"}],"author":"dorogimedence.hu","twitter_card":"summary_large_image","twitter_misc":{"Szerz\u0151:":"dorogimedence.hu","Becs\u00fclt olvas\u00e1si id\u0151":"9 perc"},"schema":{"@context":"https:\/\/schema.org","@graph":[{"@type":"Article","@id":"https:\/\/dorogimedence.hu\/index.php\/2020\/03\/03\/magyar-kupa-negyeddonto-elso-merkozes\/#article","isPartOf":{"@id":"https:\/\/dorogimedence.hu\/index.php\/2020\/03\/03\/magyar-kupa-negyeddonto-elso-merkozes\/"},"author":{"name":"dorogimedence.hu","@id":"https:\/\/dorogimedence.hu\/#\/schema\/person\/ce6091eeb7e95ecdc87890d6aa8e0fd4"},"headline":"Magyar Kupa negyedd\u00f6nt\u0151, els\u0151 m\u00e9rk\u0151z\u00e9s","datePublished":"2020-03-03T06:15:03+00:00","dateModified":"2020-03-03T06:15:26+00:00","mainEntityOfPage":{"@id":"https:\/\/dorogimedence.hu\/index.php\/2020\/03\/03\/magyar-kupa-negyeddonto-elso-merkozes\/"},"wordCount":1720,"publisher":{"@id":"https:\/\/dorogimedence.hu\/#organization"},"image":{"@id":"https:\/\/dorogimedence.hu\/index.php\/2020\/03\/03\/magyar-kupa-negyeddonto-elso-merkozes\/#primaryimage"},"thumbnailUrl":"https:\/\/dorogimedence.hu\/wp-content\/uploads\/2020\/03\/dorog-mtk-01.jpg","keywords":["Dorog","Dorogi FC","foci","futball","labdar\u00fag\u00e1s","Magyar Kupa","MTK","MTK Budapest","sport"],"articleSection":["Dorog","H\u00edrek","Sport"],"inLanguage":"hu"},{"@type":"WebPage","@id":"https:\/\/dorogimedence.hu\/index.php\/2020\/03\/03\/magyar-kupa-negyeddonto-elso-merkozes\/","url":"https:\/\/dorogimedence.hu\/index.php\/2020\/03\/03\/magyar-kupa-negyeddonto-elso-merkozes\/","name":"Magyar Kupa negyedd\u00f6nt\u0151, els\u0151 m\u00e9rk\u0151z\u00e9s","isPartOf":{"@id":"https:\/\/dorogimedence.hu\/#website"},"primaryImageOfPage":{"@id":"https:\/\/dorogimedence.hu\/index.php\/2020\/03\/03\/magyar-kupa-negyeddonto-elso-merkozes\/#primaryimage"},"image":{"@id":"https:\/\/dorogimedence.hu\/index.php\/2020\/03\/03\/magyar-kupa-negyeddonto-elso-merkozes\/#primaryimage"},"thumbnailUrl":"https:\/\/dorogimedence.hu\/wp-content\/uploads\/2020\/03\/dorog-mtk-01.jpg","datePublished":"2020-03-03T06:15:03+00:00","dateModified":"2020-03-03T06:15:26+00:00","breadcrumb":{"@id":"https:\/\/dorogimedence.hu\/index.php\/2020\/03\/03\/magyar-kupa-negyeddonto-elso-merkozes\/#breadcrumb"},"inLanguage":"hu","potentialAction":[{"@type":"ReadAction","target":["https:\/\/dorogimedence.hu\/index.php\/2020\/03\/03\/magyar-kupa-negyeddonto-elso-merkozes\/"]}]},{"@type":"ImageObject","inLanguage":"hu","@id":"https:\/\/dorogimedence.hu\/index.php\/2020\/03\/03\/magyar-kupa-negyeddonto-elso-merkozes\/#primaryimage","url":"https:\/\/dorogimedence.hu\/wp-content\/uploads\/2020\/03\/dorog-mtk-01.jpg","contentUrl":"https:\/\/dorogimedence.hu\/wp-content\/uploads\/2020\/03\/dorog-mtk-01.jpg","width":670,"height":365},{"@type":"BreadcrumbList","@id":"https:\/\/dorogimedence.hu\/index.php\/2020\/03\/03\/magyar-kupa-negyeddonto-elso-merkozes\/#breadcrumb","itemListElement":[{"@type":"ListItem","position":1,"name":"Kezd\u0151lap","item":"https:\/\/dorogimedence.hu\/"},{"@type":"ListItem","position":2,"name":"Magyar Kupa negyedd\u00f6nt\u0151, els\u0151 m\u00e9rk\u0151z\u00e9s"}]},{"@type":"WebSite","@id":"https:\/\/dorogimedence.hu\/#website","url":"https:\/\/dorogimedence.hu\/","name":"Dorogi-medence Region\u00e1lis H\u00edrport\u00e1l","description":"Dorog, Keszt\u00f6lc, Le\u00e1nyv\u00e1r, Piliscs\u00e9v, Tokod, Tokodalt\u00e1r\u00f3, Csolnok, Esztergom-kertv\u00e1ros: h\u00edrek, programok","publisher":{"@id":"https:\/\/dorogimedence.hu\/#organization"},"potentialAction":[{"@type":"SearchAction","target":{"@type":"EntryPoint","urlTemplate":"https:\/\/dorogimedence.hu\/?s={search_term_string}"},"query-input":{"@type":"PropertyValueSpecification","valueRequired":true,"valueName":"search_term_string"}}],"inLanguage":"hu"},{"@type":"Organization","@id":"https:\/\/dorogimedence.hu\/#organization","name":"Dorogi-medence Region\u00e1lis H\u00edrport\u00e1l","url":"https:\/\/dorogimedence.hu\/","logo":{"@type":"ImageObject","inLanguage":"hu","@id":"https:\/\/dorogimedence.hu\/#\/schema\/logo\/image\/","url":"https:\/\/dorogimedence.hu\/wp-content\/uploads\/2021\/04\/logo-feher-600.png","contentUrl":"https:\/\/dorogimedence.hu\/wp-content\/uploads\/2021\/04\/logo-feher-600.png","width":600,"height":100,"caption":"Dorogi-medence Region\u00e1lis H\u00edrport\u00e1l"},"image":{"@id":"https:\/\/dorogimedence.hu\/#\/schema\/logo\/image\/"},"sameAs":["https:\/\/www.facebook.com\/dorogimedence\/"]},{"@type":"Person","@id":"https:\/\/dorogimedence.hu\/#\/schema\/person\/ce6091eeb7e95ecdc87890d6aa8e0fd4","name":"dorogimedence.hu","image":{"@type":"ImageObject","inLanguage":"hu","@id":"\/\/www.gravatar.com\/avatar\/d8d45f8901aadff40a4af72c0b826f1d?s=96&#038;r=g&#038;d=mm","url":"\/\/www.gravatar.com\/avatar\/d8d45f8901aadff40a4af72c0b826f1d?s=96&#038;r=g&#038;d=mm","contentUrl":"\/\/www.gravatar.com\/avatar\/d8d45f8901aadff40a4af72c0b826f1d?s=96&#038;r=g&#038;d=mm","caption":"dorogimedence.hu"}}]}},"_links":{"self":[{"href":"https:\/\/dorogimedence.hu\/index.php\/wp-json\/wp\/v2\/posts\/23399","targetHints":{"allow":["GET"]}}],"collection":[{"href":"https:\/\/dorogimedence.hu\/index.php\/wp-json\/wp\/v2\/posts"}],"about":[{"href":"https:\/\/dorogimedence.hu\/index.php\/wp-json\/wp\/v2\/types\/post"}],"author":[{"embeddable":true,"href":"https:\/\/dorogimedence.hu\/index.php\/wp-json\/wp\/v2\/users\/1"}],"replies":[{"embeddable":true,"href":"https:\/\/dorogimedence.hu\/index.php\/wp-json\/wp\/v2\/comments?post=23399"}],"version-history":[{"count":0,"href":"https:\/\/dorogimedence.hu\/index.php\/wp-json\/wp\/v2\/posts\/23399\/revisions"}],"wp:featuredmedia":[{"embeddable":true,"href":"https:\/\/dorogimedence.hu\/index.php\/wp-json\/wp\/v2\/media\/23400"}],"wp:attachment":[{"href":"https:\/\/dorogimedence.hu\/index.php\/wp-json\/wp\/v2\/media?parent=23399"}],"wp:term":[{"taxonomy":"category","embeddable":true,"href":"https:\/\/dorogimedence.hu\/index.php\/wp-json\/wp\/v2\/categories?post=23399"},{"taxonomy":"post_tag","embeddable":true,"href":"https:\/\/dorogimedence.hu\/index.php\/wp-json\/wp\/v2\/tags?post=23399"}],"curies":[{"name":"wp","href":"https:\/\/api.w.org\/{rel}","templated":true}]}}