{"id":23239,"date":"2020-02-23T08:48:59","date_gmt":"2020-02-23T07:48:59","guid":{"rendered":"http:\/\/dorogimedence.hu\/?p=23239"},"modified":"2020-02-23T08:49:17","modified_gmt":"2020-02-23T07:49:17","slug":"mandalafesto-muhelynap-dorogon","status":"publish","type":"post","link":"https:\/\/dorogimedence.hu\/index.php\/2020\/02\/23\/mandalafesto-muhelynap-dorogon\/","title":{"rendered":"Mandalafest\u0151 m\u0171helynap Dorogon"},"content":{"rendered":"<p><strong>Ha egy igaz\u00e1n kreat\u00edv napot szeretn\u00e9l t\u00f6lteni egy csod\u00e1s tavaszi napon, szetetettel v\u00e1rnak 2020. m\u00e1rcius 14-\u00e9n, mandala fest\u00e9sre.&nbsp;<\/strong><\/p>\n<p>A mandalafest\u0151 m\u0171helynap sor\u00e1n megismerkedsz a mandal\u00e1k eredet\u00e9vel, hat\u00e1saival, megtudhatod, hogyan hat a sz\u00ednter\u00e1pia. Megtervezed \u00e9s elk\u00e9sz\u00edted saj\u00e1t szem\u00e9lyre sz\u00f3l\u00f3 mandal\u00e1dat. Az ismerked\u00e9st k\u00f6vet\u0151en lesz medit\u00e1ci\u00f3, a nap folyam\u00e1n pedig megismerkedhetsz a meridi\u00e1n torn\u00e1val, \u00e9s a k\u00ednai szemtorn\u00e1val is.&nbsp;<\/p>\n<p>A program feln\u0151tteknek sz\u00f3l.&nbsp;<\/p>\n<p><strong>Helysz\u00edn:<\/strong> Dorog, B\u00e9csi \u00fat 30.<br \/>\n<strong>Id\u0151pont:<\/strong> 2020. m\u00e1rcius 14. szombat, 10.00-16.00.<br \/>\n<strong>R\u00e9szv\u00e9teli d\u00edj:<\/strong> 12 000Ft, mely a helysz\u00ednen fizetend\u0151.&nbsp;<\/p>\n<p>A programon csak el\u0151zetes jelentkez\u00e9s ut\u00e1n tudsz r\u00e9sztvenni. Jelenkezhetsz \u00fczenetben messengeren, emailben vagy telefonon.<\/p>\n<p>Horv\u00e1th Erika \u00c9va<br \/>\n20\/8031644<br \/>\n<span style=\"text-decoration: underline; color: #0000ff;\"><a style=\"color: #0000ff; text-decoration: underline;\" href=\"mailto:angyalkuckoenergia@gmail.com\" target=\"_blank\" rel=\"noopener noreferrer\">angyalkuckoenergia@gmail.com<\/a>&nbsp;<\/span><br \/>\n<span style=\"text-decoration: underline; color: #0000ff;\"><a style=\"color: #0000ff; text-decoration: underline;\" href=\"https:\/\/fb.me\/angyalkuckoenergia\" target=\"_blank\" rel=\"noopener noreferrer\">https:\/\/fb.me\/angyalkuckoenergia<\/a><\/span><\/p>\n","protected":false},"excerpt":{"rendered":"<p>Ha egy igaz\u00e1n kreat\u00edv napot szeretn\u00e9l t\u00f6lteni egy csod\u00e1s tavaszi napon, szetetettel v\u00e1rnak 2020. m\u00e1rcius 14-\u00e9n, mandala fest\u00e9sre.&nbsp; A mandalafest\u0151 m\u0171helynap sor\u00e1n megismerkedsz a mandal\u00e1k eredet\u00e9vel, hat\u00e1saival, megtudhatod, hogyan hat a sz\u00ednter\u00e1pia. Megtervezed \u00e9s elk\u00e9sz\u00edted saj\u00e1t szem\u00e9lyre sz\u00f3l\u00f3 mandal\u00e1dat. Az ismerked\u00e9st k\u00f6vet\u0151en lesz medit\u00e1ci\u00f3, a nap folyam\u00e1n pedig megismerkedhetsz a meridi\u00e1n torn\u00e1val, \u00e9s a k\u00ednai<\/p>\n","protected":false},"author":1,"featured_media":23240,"comment_status":"closed","ping_status":"closed","sticky":false,"template":"","format":"standard","meta":{"ngg_post_thumbnail":0,"footnotes":""},"categories":[2,3,3561],"tags":[15,4732,4733,101],"class_list":{"0":"post-23239","1":"post","2":"type-post","3":"status-publish","4":"format-standard","5":"has-post-thumbnail","7":"category-dorog","8":"category-hirek","9":"category-programok","10":"tag-dorog","11":"tag-mandala","12":"tag-mandala-festes","13":"tag-program"},"yoast_head":"<!-- This site is optimized with the Yoast SEO plugin v27.5 - https:\/\/yoast.com\/product\/yoast-seo-wordpress\/ -->\n<title>Mandalafest\u0151 m\u0171helynap Dorogon<\/title>\n<meta name=\"robots\" content=\"index, follow, max-snippet:-1, max-image-preview:large, max-video-preview:-1\" \/>\n<link rel=\"canonical\" href=\"https:\/\/dorogimedence.hu\/index.php\/2020\/02\/23\/mandalafesto-muhelynap-dorogon\/\" class=\"yoast-seo-meta-tag\" \/>\n<meta property=\"og:locale\" content=\"hu_HU\" class=\"yoast-seo-meta-tag\" \/>\n<meta property=\"og:type\" content=\"article\" class=\"yoast-seo-meta-tag\" \/>\n<meta property=\"og:title\" content=\"Mandalafest\u0151 m\u0171helynap Dorogon\" class=\"yoast-seo-meta-tag\" \/>\n<meta property=\"og:description\" content=\"Ha egy igaz\u00e1n kreat\u00edv napot szeretn\u00e9l t\u00f6lteni egy csod\u00e1s tavaszi napon, szetetettel v\u00e1rnak 2020. m\u00e1rcius 14-\u00e9n, mandala fest\u00e9sre.&nbsp; A mandalafest\u0151 m\u0171helynap sor\u00e1n megismerkedsz a mandal\u00e1k eredet\u00e9vel, hat\u00e1saival, megtudhatod, hogyan hat a sz\u00ednter\u00e1pia. Megtervezed \u00e9s elk\u00e9sz\u00edted saj\u00e1t szem\u00e9lyre sz\u00f3l\u00f3 mandal\u00e1dat. Az ismerked\u00e9st k\u00f6vet\u0151en lesz medit\u00e1ci\u00f3, a nap folyam\u00e1n pedig megismerkedhetsz a meridi\u00e1n torn\u00e1val, \u00e9s a k\u00ednai\" class=\"yoast-seo-meta-tag\" \/>\n<meta property=\"og:url\" content=\"https:\/\/dorogimedence.hu\/index.php\/2020\/02\/23\/mandalafesto-muhelynap-dorogon\/\" class=\"yoast-seo-meta-tag\" \/>\n<meta property=\"og:site_name\" content=\"Dorogi-medence Region\u00e1lis H\u00edrport\u00e1l\" class=\"yoast-seo-meta-tag\" \/>\n<meta property=\"article:publisher\" content=\"https:\/\/www.facebook.com\/dorogimedence\/\" class=\"yoast-seo-meta-tag\" \/>\n<meta property=\"article:published_time\" content=\"2020-02-23T07:48:59+00:00\" class=\"yoast-seo-meta-tag\" \/>\n<meta property=\"article:modified_time\" content=\"2020-02-23T07:49:17+00:00\" class=\"yoast-seo-meta-tag\" \/>\n<meta property=\"og:image\" content=\"https:\/\/i0.wp.com\/dorogimedence.hu\/wp-content\/uploads\/2020\/02\/mandala-01.jpg?fit=670%2C365&ssl=1\" class=\"yoast-seo-meta-tag\" \/>\n\t<meta property=\"og:image:width\" content=\"670\" class=\"yoast-seo-meta-tag\" \/>\n\t<meta property=\"og:image:height\" content=\"365\" class=\"yoast-seo-meta-tag\" \/>\n\t<meta property=\"og:image:type\" content=\"image\/jpeg\" class=\"yoast-seo-meta-tag\" \/>\n<meta name=\"author\" content=\"dorogimedence.hu\" class=\"yoast-seo-meta-tag\" \/>\n<meta name=\"twitter:card\" content=\"summary_large_image\" class=\"yoast-seo-meta-tag\" \/>\n<meta name=\"twitter:label1\" content=\"Szerz\u0151:\" class=\"yoast-seo-meta-tag\" \/>\n\t<meta name=\"twitter:data1\" content=\"dorogimedence.hu\" class=\"yoast-seo-meta-tag\" \/>\n\t<meta name=\"twitter:label2\" content=\"Becs\u00fclt olvas\u00e1si id\u0151\" class=\"yoast-seo-meta-tag\" \/>\n\t<meta name=\"twitter:data2\" content=\"1 perc\" class=\"yoast-seo-meta-tag\" \/>\n<script type=\"application\/ld+json\" class=\"yoast-schema-graph\">{\"@context\":\"https:\\\/\\\/schema.org\",\"@graph\":[{\"@type\":\"Article\",\"@id\":\"https:\\\/\\\/dorogimedence.hu\\\/index.php\\\/2020\\\/02\\\/23\\\/mandalafesto-muhelynap-dorogon\\\/#article\",\"isPartOf\":{\"@id\":\"https:\\\/\\\/dorogimedence.hu\\\/index.php\\\/2020\\\/02\\\/23\\\/mandalafesto-muhelynap-dorogon\\\/\"},\"author\":{\"name\":\"dorogimedence.hu\",\"@id\":\"https:\\\/\\\/dorogimedence.hu\\\/#\\\/schema\\\/person\\\/ce6091eeb7e95ecdc87890d6aa8e0fd4\"},\"headline\":\"Mandalafest\u0151 m\u0171helynap Dorogon\",\"datePublished\":\"2020-02-23T07:48:59+00:00\",\"dateModified\":\"2020-02-23T07:49:17+00:00\",\"mainEntityOfPage\":{\"@id\":\"https:\\\/\\\/dorogimedence.hu\\\/index.php\\\/2020\\\/02\\\/23\\\/mandalafesto-muhelynap-dorogon\\\/\"},\"wordCount\":154,\"publisher\":{\"@id\":\"https:\\\/\\\/dorogimedence.hu\\\/#organization\"},\"image\":{\"@id\":\"https:\\\/\\\/dorogimedence.hu\\\/index.php\\\/2020\\\/02\\\/23\\\/mandalafesto-muhelynap-dorogon\\\/#primaryimage\"},\"thumbnailUrl\":\"https:\\\/\\\/dorogimedence.hu\\\/wp-content\\\/uploads\\\/2020\\\/02\\\/mandala-01.jpg\",\"keywords\":[\"Dorog\",\"mandala\",\"mandala fest\u00e9s\",\"program\"],\"articleSection\":[\"Dorog\",\"H\u00edrek\",\"Programok\"],\"inLanguage\":\"hu\"},{\"@type\":\"WebPage\",\"@id\":\"https:\\\/\\\/dorogimedence.hu\\\/index.php\\\/2020\\\/02\\\/23\\\/mandalafesto-muhelynap-dorogon\\\/\",\"url\":\"https:\\\/\\\/dorogimedence.hu\\\/index.php\\\/2020\\\/02\\\/23\\\/mandalafesto-muhelynap-dorogon\\\/\",\"name\":\"Mandalafest\u0151 m\u0171helynap Dorogon\",\"isPartOf\":{\"@id\":\"https:\\\/\\\/dorogimedence.hu\\\/#website\"},\"primaryImageOfPage\":{\"@id\":\"https:\\\/\\\/dorogimedence.hu\\\/index.php\\\/2020\\\/02\\\/23\\\/mandalafesto-muhelynap-dorogon\\\/#primaryimage\"},\"image\":{\"@id\":\"https:\\\/\\\/dorogimedence.hu\\\/index.php\\\/2020\\\/02\\\/23\\\/mandalafesto-muhelynap-dorogon\\\/#primaryimage\"},\"thumbnailUrl\":\"https:\\\/\\\/dorogimedence.hu\\\/wp-content\\\/uploads\\\/2020\\\/02\\\/mandala-01.jpg\",\"datePublished\":\"2020-02-23T07:48:59+00:00\",\"dateModified\":\"2020-02-23T07:49:17+00:00\",\"breadcrumb\":{\"@id\":\"https:\\\/\\\/dorogimedence.hu\\\/index.php\\\/2020\\\/02\\\/23\\\/mandalafesto-muhelynap-dorogon\\\/#breadcrumb\"},\"inLanguage\":\"hu\",\"potentialAction\":[{\"@type\":\"ReadAction\",\"target\":[\"https:\\\/\\\/dorogimedence.hu\\\/index.php\\\/2020\\\/02\\\/23\\\/mandalafesto-muhelynap-dorogon\\\/\"]}]},{\"@type\":\"ImageObject\",\"inLanguage\":\"hu\",\"@id\":\"https:\\\/\\\/dorogimedence.hu\\\/index.php\\\/2020\\\/02\\\/23\\\/mandalafesto-muhelynap-dorogon\\\/#primaryimage\",\"url\":\"https:\\\/\\\/dorogimedence.hu\\\/wp-content\\\/uploads\\\/2020\\\/02\\\/mandala-01.jpg\",\"contentUrl\":\"https:\\\/\\\/dorogimedence.hu\\\/wp-content\\\/uploads\\\/2020\\\/02\\\/mandala-01.jpg\",\"width\":670,\"height\":365},{\"@type\":\"BreadcrumbList\",\"@id\":\"https:\\\/\\\/dorogimedence.hu\\\/index.php\\\/2020\\\/02\\\/23\\\/mandalafesto-muhelynap-dorogon\\\/#breadcrumb\",\"itemListElement\":[{\"@type\":\"ListItem\",\"position\":1,\"name\":\"Kezd\u0151lap\",\"item\":\"https:\\\/\\\/dorogimedence.hu\\\/\"},{\"@type\":\"ListItem\",\"position\":2,\"name\":\"Mandalafest\u0151 m\u0171helynap Dorogon\"}]},{\"@type\":\"WebSite\",\"@id\":\"https:\\\/\\\/dorogimedence.hu\\\/#website\",\"url\":\"https:\\\/\\\/dorogimedence.hu\\\/\",\"name\":\"Dorogi-medence Region\u00e1lis H\u00edrport\u00e1l\",\"description\":\"Dorog, Keszt\u00f6lc, Le\u00e1nyv\u00e1r, Piliscs\u00e9v, Tokod, Tokodalt\u00e1r\u00f3, Csolnok, Esztergom-kertv\u00e1ros: h\u00edrek, programok\",\"publisher\":{\"@id\":\"https:\\\/\\\/dorogimedence.hu\\\/#organization\"},\"potentialAction\":[{\"@type\":\"SearchAction\",\"target\":{\"@type\":\"EntryPoint\",\"urlTemplate\":\"https:\\\/\\\/dorogimedence.hu\\\/?s={search_term_string}\"},\"query-input\":{\"@type\":\"PropertyValueSpecification\",\"valueRequired\":true,\"valueName\":\"search_term_string\"}}],\"inLanguage\":\"hu\"},{\"@type\":\"Organization\",\"@id\":\"https:\\\/\\\/dorogimedence.hu\\\/#organization\",\"name\":\"Dorogi-medence Region\u00e1lis H\u00edrport\u00e1l\",\"url\":\"https:\\\/\\\/dorogimedence.hu\\\/\",\"logo\":{\"@type\":\"ImageObject\",\"inLanguage\":\"hu\",\"@id\":\"https:\\\/\\\/dorogimedence.hu\\\/#\\\/schema\\\/logo\\\/image\\\/\",\"url\":\"https:\\\/\\\/dorogimedence.hu\\\/wp-content\\\/uploads\\\/2021\\\/04\\\/logo-feher-600.png\",\"contentUrl\":\"https:\\\/\\\/dorogimedence.hu\\\/wp-content\\\/uploads\\\/2021\\\/04\\\/logo-feher-600.png\",\"width\":600,\"height\":100,\"caption\":\"Dorogi-medence Region\u00e1lis H\u00edrport\u00e1l\"},\"image\":{\"@id\":\"https:\\\/\\\/dorogimedence.hu\\\/#\\\/schema\\\/logo\\\/image\\\/\"},\"sameAs\":[\"https:\\\/\\\/www.facebook.com\\\/dorogimedence\\\/\"]},{\"@type\":\"Person\",\"@id\":\"https:\\\/\\\/dorogimedence.hu\\\/#\\\/schema\\\/person\\\/ce6091eeb7e95ecdc87890d6aa8e0fd4\",\"name\":\"dorogimedence.hu\",\"image\":{\"@type\":\"ImageObject\",\"inLanguage\":\"hu\",\"@id\":\"\\\/\\\/www.gravatar.com\\\/avatar\\\/d8d45f8901aadff40a4af72c0b826f1d?s=96&#038;r=g&#038;d=mm\",\"url\":\"\\\/\\\/www.gravatar.com\\\/avatar\\\/d8d45f8901aadff40a4af72c0b826f1d?s=96&#038;r=g&#038;d=mm\",\"contentUrl\":\"\\\/\\\/www.gravatar.com\\\/avatar\\\/d8d45f8901aadff40a4af72c0b826f1d?s=96&#038;r=g&#038;d=mm\",\"caption\":\"dorogimedence.hu\"}}]}<\/script>\n<!-- \/ Yoast SEO plugin. -->","yoast_head_json":{"title":"Mandalafest\u0151 m\u0171helynap Dorogon","robots":{"index":"index","follow":"follow","max-snippet":"max-snippet:-1","max-image-preview":"max-image-preview:large","max-video-preview":"max-video-preview:-1"},"canonical":"https:\/\/dorogimedence.hu\/index.php\/2020\/02\/23\/mandalafesto-muhelynap-dorogon\/","og_locale":"hu_HU","og_type":"article","og_title":"Mandalafest\u0151 m\u0171helynap Dorogon","og_description":"Ha egy igaz\u00e1n kreat\u00edv napot szeretn\u00e9l t\u00f6lteni egy csod\u00e1s tavaszi napon, szetetettel v\u00e1rnak 2020. m\u00e1rcius 14-\u00e9n, mandala fest\u00e9sre.&nbsp; A mandalafest\u0151 m\u0171helynap sor\u00e1n megismerkedsz a mandal\u00e1k eredet\u00e9vel, hat\u00e1saival, megtudhatod, hogyan hat a sz\u00ednter\u00e1pia. Megtervezed \u00e9s elk\u00e9sz\u00edted saj\u00e1t szem\u00e9lyre sz\u00f3l\u00f3 mandal\u00e1dat. Az ismerked\u00e9st k\u00f6vet\u0151en lesz medit\u00e1ci\u00f3, a nap folyam\u00e1n pedig megismerkedhetsz a meridi\u00e1n torn\u00e1val, \u00e9s a k\u00ednai","og_url":"https:\/\/dorogimedence.hu\/index.php\/2020\/02\/23\/mandalafesto-muhelynap-dorogon\/","og_site_name":"Dorogi-medence Region\u00e1lis H\u00edrport\u00e1l","article_publisher":"https:\/\/www.facebook.com\/dorogimedence\/","article_published_time":"2020-02-23T07:48:59+00:00","article_modified_time":"2020-02-23T07:49:17+00:00","og_image":[{"width":670,"height":365,"url":"https:\/\/i0.wp.com\/dorogimedence.hu\/wp-content\/uploads\/2020\/02\/mandala-01.jpg?fit=670%2C365&ssl=1","type":"image\/jpeg"}],"author":"dorogimedence.hu","twitter_card":"summary_large_image","twitter_misc":{"Szerz\u0151:":"dorogimedence.hu","Becs\u00fclt olvas\u00e1si id\u0151":"1 perc"},"schema":{"@context":"https:\/\/schema.org","@graph":[{"@type":"Article","@id":"https:\/\/dorogimedence.hu\/index.php\/2020\/02\/23\/mandalafesto-muhelynap-dorogon\/#article","isPartOf":{"@id":"https:\/\/dorogimedence.hu\/index.php\/2020\/02\/23\/mandalafesto-muhelynap-dorogon\/"},"author":{"name":"dorogimedence.hu","@id":"https:\/\/dorogimedence.hu\/#\/schema\/person\/ce6091eeb7e95ecdc87890d6aa8e0fd4"},"headline":"Mandalafest\u0151 m\u0171helynap Dorogon","datePublished":"2020-02-23T07:48:59+00:00","dateModified":"2020-02-23T07:49:17+00:00","mainEntityOfPage":{"@id":"https:\/\/dorogimedence.hu\/index.php\/2020\/02\/23\/mandalafesto-muhelynap-dorogon\/"},"wordCount":154,"publisher":{"@id":"https:\/\/dorogimedence.hu\/#organization"},"image":{"@id":"https:\/\/dorogimedence.hu\/index.php\/2020\/02\/23\/mandalafesto-muhelynap-dorogon\/#primaryimage"},"thumbnailUrl":"https:\/\/dorogimedence.hu\/wp-content\/uploads\/2020\/02\/mandala-01.jpg","keywords":["Dorog","mandala","mandala fest\u00e9s","program"],"articleSection":["Dorog","H\u00edrek","Programok"],"inLanguage":"hu"},{"@type":"WebPage","@id":"https:\/\/dorogimedence.hu\/index.php\/2020\/02\/23\/mandalafesto-muhelynap-dorogon\/","url":"https:\/\/dorogimedence.hu\/index.php\/2020\/02\/23\/mandalafesto-muhelynap-dorogon\/","name":"Mandalafest\u0151 m\u0171helynap Dorogon","isPartOf":{"@id":"https:\/\/dorogimedence.hu\/#website"},"primaryImageOfPage":{"@id":"https:\/\/dorogimedence.hu\/index.php\/2020\/02\/23\/mandalafesto-muhelynap-dorogon\/#primaryimage"},"image":{"@id":"https:\/\/dorogimedence.hu\/index.php\/2020\/02\/23\/mandalafesto-muhelynap-dorogon\/#primaryimage"},"thumbnailUrl":"https:\/\/dorogimedence.hu\/wp-content\/uploads\/2020\/02\/mandala-01.jpg","datePublished":"2020-02-23T07:48:59+00:00","dateModified":"2020-02-23T07:49:17+00:00","breadcrumb":{"@id":"https:\/\/dorogimedence.hu\/index.php\/2020\/02\/23\/mandalafesto-muhelynap-dorogon\/#breadcrumb"},"inLanguage":"hu","potentialAction":[{"@type":"ReadAction","target":["https:\/\/dorogimedence.hu\/index.php\/2020\/02\/23\/mandalafesto-muhelynap-dorogon\/"]}]},{"@type":"ImageObject","inLanguage":"hu","@id":"https:\/\/dorogimedence.hu\/index.php\/2020\/02\/23\/mandalafesto-muhelynap-dorogon\/#primaryimage","url":"https:\/\/dorogimedence.hu\/wp-content\/uploads\/2020\/02\/mandala-01.jpg","contentUrl":"https:\/\/dorogimedence.hu\/wp-content\/uploads\/2020\/02\/mandala-01.jpg","width":670,"height":365},{"@type":"BreadcrumbList","@id":"https:\/\/dorogimedence.hu\/index.php\/2020\/02\/23\/mandalafesto-muhelynap-dorogon\/#breadcrumb","itemListElement":[{"@type":"ListItem","position":1,"name":"Kezd\u0151lap","item":"https:\/\/dorogimedence.hu\/"},{"@type":"ListItem","position":2,"name":"Mandalafest\u0151 m\u0171helynap Dorogon"}]},{"@type":"WebSite","@id":"https:\/\/dorogimedence.hu\/#website","url":"https:\/\/dorogimedence.hu\/","name":"Dorogi-medence Region\u00e1lis H\u00edrport\u00e1l","description":"Dorog, Keszt\u00f6lc, Le\u00e1nyv\u00e1r, Piliscs\u00e9v, Tokod, Tokodalt\u00e1r\u00f3, Csolnok, Esztergom-kertv\u00e1ros: h\u00edrek, programok","publisher":{"@id":"https:\/\/dorogimedence.hu\/#organization"},"potentialAction":[{"@type":"SearchAction","target":{"@type":"EntryPoint","urlTemplate":"https:\/\/dorogimedence.hu\/?s={search_term_string}"},"query-input":{"@type":"PropertyValueSpecification","valueRequired":true,"valueName":"search_term_string"}}],"inLanguage":"hu"},{"@type":"Organization","@id":"https:\/\/dorogimedence.hu\/#organization","name":"Dorogi-medence Region\u00e1lis H\u00edrport\u00e1l","url":"https:\/\/dorogimedence.hu\/","logo":{"@type":"ImageObject","inLanguage":"hu","@id":"https:\/\/dorogimedence.hu\/#\/schema\/logo\/image\/","url":"https:\/\/dorogimedence.hu\/wp-content\/uploads\/2021\/04\/logo-feher-600.png","contentUrl":"https:\/\/dorogimedence.hu\/wp-content\/uploads\/2021\/04\/logo-feher-600.png","width":600,"height":100,"caption":"Dorogi-medence Region\u00e1lis H\u00edrport\u00e1l"},"image":{"@id":"https:\/\/dorogimedence.hu\/#\/schema\/logo\/image\/"},"sameAs":["https:\/\/www.facebook.com\/dorogimedence\/"]},{"@type":"Person","@id":"https:\/\/dorogimedence.hu\/#\/schema\/person\/ce6091eeb7e95ecdc87890d6aa8e0fd4","name":"dorogimedence.hu","image":{"@type":"ImageObject","inLanguage":"hu","@id":"\/\/www.gravatar.com\/avatar\/d8d45f8901aadff40a4af72c0b826f1d?s=96&#038;r=g&#038;d=mm","url":"\/\/www.gravatar.com\/avatar\/d8d45f8901aadff40a4af72c0b826f1d?s=96&#038;r=g&#038;d=mm","contentUrl":"\/\/www.gravatar.com\/avatar\/d8d45f8901aadff40a4af72c0b826f1d?s=96&#038;r=g&#038;d=mm","caption":"dorogimedence.hu"}}]}},"_links":{"self":[{"href":"https:\/\/dorogimedence.hu\/index.php\/wp-json\/wp\/v2\/posts\/23239","targetHints":{"allow":["GET"]}}],"collection":[{"href":"https:\/\/dorogimedence.hu\/index.php\/wp-json\/wp\/v2\/posts"}],"about":[{"href":"https:\/\/dorogimedence.hu\/index.php\/wp-json\/wp\/v2\/types\/post"}],"author":[{"embeddable":true,"href":"https:\/\/dorogimedence.hu\/index.php\/wp-json\/wp\/v2\/users\/1"}],"replies":[{"embeddable":true,"href":"https:\/\/dorogimedence.hu\/index.php\/wp-json\/wp\/v2\/comments?post=23239"}],"version-history":[{"count":0,"href":"https:\/\/dorogimedence.hu\/index.php\/wp-json\/wp\/v2\/posts\/23239\/revisions"}],"wp:featuredmedia":[{"embeddable":true,"href":"https:\/\/dorogimedence.hu\/index.php\/wp-json\/wp\/v2\/media\/23240"}],"wp:attachment":[{"href":"https:\/\/dorogimedence.hu\/index.php\/wp-json\/wp\/v2\/media?parent=23239"}],"wp:term":[{"taxonomy":"category","embeddable":true,"href":"https:\/\/dorogimedence.hu\/index.php\/wp-json\/wp\/v2\/categories?post=23239"},{"taxonomy":"post_tag","embeddable":true,"href":"https:\/\/dorogimedence.hu\/index.php\/wp-json\/wp\/v2\/tags?post=23239"}],"curies":[{"name":"wp","href":"https:\/\/api.w.org\/{rel}","templated":true}]}}