{"id":23185,"date":"2020-02-22T07:04:42","date_gmt":"2020-02-22T06:04:42","guid":{"rendered":"http:\/\/dorogimedence.hu\/?p=23185"},"modified":"2020-06-01T14:35:35","modified_gmt":"2020-06-01T12:35:35","slug":"75-eve-tortent-dorog-ostroma-1944-1945-2-resz","status":"publish","type":"post","link":"https:\/\/dorogimedence.hu\/index.php\/2020\/02\/22\/75-eve-tortent-dorog-ostroma-1944-1945-2-resz\/","title":{"rendered":"75 \u00e9ve t\u00f6rt\u00e9nt: Dorog ostroma 1944 \u20131945 (2. r\u00e9sz)"},"content":{"rendered":"<p><strong>A sorozat v\u00e1rosunk h\u00e1bor\u00fas t\u00f6rt\u00e9net\u00e9nek h\u00e1romnegyed \u00e9vsz\u00e1zados \u00e9vfordul\u00f3ja alkalm\u00e1b\u00f3l k\u00edv\u00e1n eml\u00e9ket \u00e1ll\u00edtani, egyben a II. vil\u00e1gh\u00e1bor\u00fa befejez\u00e9s\u00e9nek 75. \u00e9vfordul\u00f3j\u00e1r\u00f3l is megeml\u00e9kezik. A r\u00e9szekben t\u00f6rt\u00e9n\u0151 bemutat\u00e1s, a Dorogon v\u00e9gbement s\u00falyos harcokat \u00e9s a vele szorosan \u00f6sszef\u00fcgg\u0151 esem\u00e9nyeket helyezi a k\u00f6z\u00e9ppontba. A jelen fejezetben kar\u00e1csony m\u00e1snapj\u00e1n \u00e9s az \u00e9v v\u00e9gig eltelt sz\u0171k egy h\u00e9t sor\u00e1n t\u00f6rt\u00e9ntek felid\u00e9z\u00e9svel folytat\u00f3dnak a h\u00e1bor\u00fas esem\u00e9nyek bemutat\u00e1sa&nbsp;<\/strong><em>&#8211; Szab\u00f3 Gyula cikke.<\/em><\/p>\n<p>Kar\u00e1csony m\u00e1snapj\u00e1n, december 26-\u00e1n, kedden kora reggel ki\u00fajultak a harci zajok. K\u00f6zeli \u00e1gy\u00faz\u00e1sok, rep\u00fcl\u0151k \u00e9s robban\u00e1sok zajai has\u00edtottak a l\u00e9gt\u00e9rben. Csolnok hat\u00e1r\u00e1ban a szovjet l\u00e9gelh\u00e1r\u00edt\u00f3k lel\u0151ttek egy magyar Levente II. t\u00edp\u00fas\u00fa rep\u00fcl\u0151t, amely Budapesten, a V\u00e9rmez\u0151n sz\u00e1llt fel \u00e9s onnan ker\u00fclt a l\u00e9gter\u00fcnkbe. A lezuhant g\u00e9p k\u00e9ttag\u00fa szem\u00e9lyzete k\u00f6z\u00fcl Papp Ferdin\u00e1nd pil\u00f3ta a csod\u00e1val hat\u00e1ros m\u00f3don, igaz, s\u00falyos s\u00e9r\u00fcl\u00e9seket szenvedve, de t\u00fal\u00e9lte a becsap\u00f3d\u00e1st. T\u00e1rsa, Szabolcs Alajos szakaszvezet\u0151 \u00e9letvesz\u00e9lyesen megs\u00e9r\u00fclve, szint\u00e9n m\u00e9g \u00e9letben volt a zuhan\u00e1st k\u00f6vet\u0151 percekben, \u00e1m a helysz\u00ednre ki\u00e9rkez\u0151 orosz katon\u00e1knak nem \u00e1llt m\u00f3djukban seg\u00edteni rajta, \u00edgy r\u00f6viddel k\u00e9s\u0151bb a g\u00e9p roncsai k\u00f6z\u00f6tt halt meg.<\/p>\n<p>A Dorogon is \u00e9szlelt robban\u00e1sok egy r\u00e9sze az esztergomi hidak leveg\u0151be rep\u00edt\u00e9s\u00e9b\u0151l sz\u00e1rmaztak. A szomsz\u00e9d v\u00e1rost v\u00e9d\u0151 n\u00e9met \u00e9s magyar alakulatok jelent\u0151sebb harc n\u00e9lk\u00fcl feladt\u00e1k Esztergomot \u00e9s P\u00e1rk\u00e1ny fel\u00e9 vonultak vissza. Kisebb l\u00f6v\u00f6ld\u00f6z\u00e9s csak a piact\u00e9rn\u00e9l alakult ki, majd reggel 7 \u00f3ra el\u0151tt a szigetre vezet\u0151 k\u00e9t k\u00f6z\u00fati hidat, 7 \u00e9s f\u00e9l 8 k\u00f6z\u00f6tt pedig a M\u00e1ria Val\u00e9ria hidat is felrobbantott\u00e1k maguk m\u00f6g\u00f6tt. Egyes forr\u00e1sok szerint a P\u00e1rk\u00e1nyba vezet\u0151 h\u00edd pontban f\u00e9l 8-kor lett felrobbantva, azonban Temesy K\u00e1roly ut\u00e1sz alhadnagy, aki az el\u0151z\u0151 napi harcokban Dorogon vett r\u00e9szt, nem csak jelen volt a h\u00edd megsemmis\u00fcl\u00e9s\u00e9n\u00e9l, de szinte az utols\u00f3k k\u00f6z\u00f6tt kelt \u00e1t a m\u00e9g \u00e9p h\u00eddon. \u00cdgy val\u00f3sz\u00edn\u0171s\u00edthet\u0151, hogy az \u00e1ltala megadott 7 \u00f3ra 10 perckor t\u00f6rt\u00e9nt felrobbant\u00e1s hitelesebb. Egy biztos, h\u00e1romnegyed 8-kor m\u00e1r nem volt meg a M\u00e1ria Val\u00e9ria h\u00edd, amelynek addigra m\u00e1r csak a csonkjai \u00e9gtelenkedtek, valamint a k\u00e9t h\u00eddf\u0151 maradt \u00e1llva, s t\u00f6bb, mint \u00f6tven \u00e9ven kereszt\u00fcl \u00e1rv\u00e1lkodott romjaiban.<\/p>\n<p style=\"text-align: center;\"><img fetchpriority=\"high\" decoding=\"async\" class=\"alignnone size-full wp-image-23189\" src=\"https:\/\/dorogimedence.hu\/wp-content\/uploads\/2020\/02\/haboru-02-1.jpg\" alt=\"\" width=\"670\" height=\"503\" srcset=\"https:\/\/dorogimedence.hu\/wp-content\/uploads\/2020\/02\/haboru-02-1.jpg 670w, https:\/\/dorogimedence.hu\/wp-content\/uploads\/2020\/02\/haboru-02-1-300x225.jpg 300w\" sizes=\"(max-width: 670px) 100vw, 670px\" \/><em>Hungarist\u00e1k menetoszlopa<\/em><\/p>\n<p>Az Esztergom elfoglal\u00e1s\u00e1ra indult szovjet csapatok k\u00f6z\u00fcl a Dorogon is harcolt egys\u00e9gek voltak jelen \u00e9s hozz\u00e1juk csatlakozott a Dorog fel\u0151l \u00e9rkez\u0151 58. g\u00e1rda-aknavet\u0151 ezred is. A v\u00e1ros bev\u00e9tel\u00e9nek f\u0151 csap\u00e1sa Dorogr\u00f3l indult \u00e9s k\u00fcl\u00f6n\u00f6sebb harc n\u00e9lk\u00fcl bevonultak Esztergomba \u00fagy, hogy mind\u00f6ssze \u00f6t katon\u00e1juk jelentette a teljes vesztes\u00e9g\u00fcket. Esztergom eleste idej\u00e9re \u00e9rt a t\u00e9rs\u00e9gbe egy jelent\u0151s katonai oszlop Budapest fel\u0151l, amely f\u0151leg a f\u0151v\u00e1rosb\u00f3l elmenek\u00fclt GESTAPO r\u00e9szlegeib\u0151l, szerel\u0151- \u00e9s hadt\u00e1palakulatokb\u00f3l, valamint nyilas vezet\u0151k \u00e9s a nyilasok ifj\u00fas\u00e1gi szervezeteinek tagjaib\u00f3l \u00e1llt. Nagy r\u00e9sz\u00fck karav\u00e1nszer\u0171 menetben a Pilisen kereszt\u00fcl haladt Esztergom ir\u00e1ny\u00e1ban. Szint\u00e9n a mi t\u00e9rs\u00e9g\u00fcnkben ezzel egyid\u0151ben mintegy 1500-2000 f\u0151nyi felfegyverzett hungarista is felt\u0171nt. Az eml\u00edtett egys\u00e9gek tov\u00e1bbi pontos sorsa ismeretlen, de minden val\u00f3szer\u0171s\u00e9g szerint d\u00f6nt\u0151 h\u00e1nyaduk fogs\u00e1gba esett. Ezt l\u00e1tszik bizony\u00edtani a szovjet f\u00e9l r\u00e9sz\u00e9r\u0151l k\u00e9sz\u00fclt hadijelent\u00e9s azon t\u00e9tele, amely szerint Esztergom t\u00e9rs\u00e9g\u00e9ben a kar\u00e1csony v\u00e9g\u00e9ig lezajlott harcok sor\u00e1n mintegy 1500 hadifoglyot ejtettek az ellens\u00e9g soraib\u00f3l. Ilyen magas sz\u00e1m aligha ker\u00fclhetett volna ki \u00f6nmag\u00e1ban a hely\u0151rs\u00e9g \u00e9s a t\u00e9rs\u00e9get v\u00e9d\u0151 er\u0151kb\u0151l. Tov\u00e1bb\u00e1 sem a n\u00e9met, sem a magyar feljegyz\u00e9sekben nem t\u00f6rt\u00e9nt utal\u00e1s ekkora szem\u00e9lyi \u00e1llom\u00e1ny lefog\u00e1s\u00e1r\u00f3l. S\u0151t, azokb\u00f3l ink\u00e1bb arra lehet k\u00f6vetkeztetni, hogy szinte mindenkinek siker\u00fclt m\u00e9g az oroszok Esztergomba val\u00f3 bevonul\u00e1sa el\u0151tt \u00e1tkelnie a Dun\u00e1n. Ugyancsak a fentebb eml\u00edtett, Budapestr\u0151l indult menetoszlop elfog\u00e1s\u00e1t t\u00e1massza al\u00e1 a hegyi utakon szerte-sz\u00e9t hagyott jelent\u0151s mennyis\u00e9g\u0171 j\u00e1rm\u0171, amelynek hossza&nbsp;egyes forr\u00e1sok szerint t\u00f6bb kilom\u00e9tert tett ki.<\/p>\n<p style=\"text-align: center;\"><img decoding=\"async\" class=\"alignnone size-full wp-image-23201\" src=\"https:\/\/dorogimedence.hu\/wp-content\/uploads\/2020\/02\/haboru-03.jpg\" alt=\"\" width=\"670\" height=\"461\" srcset=\"https:\/\/dorogimedence.hu\/wp-content\/uploads\/2020\/02\/haboru-03.jpg 670w, https:\/\/dorogimedence.hu\/wp-content\/uploads\/2020\/02\/haboru-03-300x206.jpg 300w\" sizes=\"(max-width: 670px) 100vw, 670px\" \/><em>A n\u00e9met P\u00e1rduc harckocsi, hivatalos nev\u00e9n, a Panzerkampfwagen V.&nbsp; &nbsp;Sd.Kfz 171.<\/em><\/p>\n<p>Egy konkr\u00e9t esetn\u00e9l azonban siker\u00fclt nyomon k\u00f6vetni a menek\u00fcl\u0151k pontos helyzet\u00e9t, ugyanis fennmaradt k\u00e9t P\u00e1rduc harckocsi sikeres \u00e1tjut\u00e1s\u00e1r\u00f3l sz\u00f3l\u00f3 dokumentum, amelyek a Bolyai Akad\u00e9mi\u00e1r\u00f3l indultak \u00e9s Dorog mellett fordultak Kom\u00e1romnak, majd rendben el is \u00e9rt\u00e9k a saj\u00e1t vonalaikat. A Garam torkolat\u00e1n\u00e1l tal\u00e1lkozott \u00e9s egyes\u00fclt egym\u00e1ssal a 2. \u00e9s 3. Ukr\u00e1n front. Ezzel bez\u00e1rult a k\u00fcls\u0151 ostromgy\u0171r\u0171 is a f\u0151v\u00e1ros k\u00f6r\u00fcl. A k\u00e9t hatalmas orosz hadtest \u00f6sszekapcsol\u00e1s\u00e1t k\u00f6vet\u0151en m\u00e9g napokig tartottak ut\u00f3v\u00e9dharcok, amelyet a Szent L\u00e1szl\u00f3 Hadtest k\u00f6tel\u00e9kei v\u00edvtak a Garam k\u00f6zel\u00e9ben. A Budapestr\u0151l kifel\u00e9 menek\u00fcl\u0151k \u00e1radat\u00e1val ellent\u00e9tesen pedig k\u00fcl\u00f6nb\u00f6z\u0151 n\u00e9met \u00e9s magyar katonai egys\u00e9gek igyekeztek, hogy a f\u0151v\u00e1ros ostroma elleni v\u00e9delemhez csatlakozhassanak. Mivel addigra gyakorlatilag minden ir\u00e1nyb\u00f3l az utak az oroszok ellen\u0151rz\u00e9se al\u00e1 tartoztak, \u00edgy az ellenmenet nagyr\u00e9sze is a Pilisen kereszt\u00fcl pr\u00f3b\u00e1lt Budapestre bejutni.<\/p>\n<p>A d\u00e9lel\u0151tti \u00f3r\u00e1kra viszont csend lett \u00e9s l\u00e1tsz\u00f3lagos nyugalom honolt Dorogon. Addigra m\u00e1r kiv\u00e9tel n\u00e9lk\u00fcl mindenki visszat\u00e9rt a saj\u00e1t otthon\u00e1ba \u00e9s igyekezett a keletkezet k\u00e1rokat felm\u00e9rni, valamint arr\u00f3l tanakodtak \u00e9s pr\u00f3b\u00e1ltak t\u00e1j\u00e9koz\u00f3dni, hogy az el\u0151z\u0151 napi \u00e9s az az nap reggel t\u00f6rt\u00e9ntek ut\u00e1n vajon mi is a harci helyzet pontosan? A legt\u00f6bb \u00e9p\u00fclet \u00e9s lak\u00e1s viszonylag j\u00f3l v\u00e9szelte \u00e1t az el\u0151z\u0151 napi esem\u00e9nyeket, b\u00e1r igen sok helyen kit\u00f6rtek az ablakok. A k\u00f6r\u00fclm\u00e9nyekhez k\u00e9pest viszont mondhatni z\u00f6m\u00e9ben nem volt jelent\u0151s k\u00e1r a lak\u00e1sokban. \u00cdgy t\u00f6bben is pr\u00f3b\u00e1ltak nyugalmasabban elt\u00f6lteni a kar\u00e1csonyb\u00f3l m\u00e9g megmaradt \u00f3r\u00e1kat. A lakoss\u00e1g d\u00f6nt\u0151 h\u00e1nyada f\u0151leg eb\u00e9delni k\u00e9sz\u00fclt, amikor d\u00e9lt\u00e1jban jelent\u0151s m\u00e9ret\u0171 szovjet katonai hadoszlop t\u0171nt fel, amely a telep\u00fcl\u00e9st kezdte \u00e1tf\u00e9s\u00fclni. A Dorogra be\u00e9rkezett oroszok a 86. g\u00e1rda l\u00f6v\u00e9sz hadoszt\u00e1ly\u00e1nak tagjai voltak, akik a 3. Ukr\u00e1n front 46. hedsereg 10. g\u00e1rda l\u00f6v\u00e9szhadtest k\u00f6tel\u00e9k\u00e9hez tartoztak. A 46. hadsereg f\u0151parancsnoka Slemin alt\u00e1bornagy volt, m\u00edg Birman vez\u00e9r\u0151rnagy a t\u00f6rzsf\u0151n\u00f6ke \u00e9s Konovalov vez\u00e9r\u0151rnagy a haditan\u00e1cs tagja.<\/p>\n<p style=\"text-align: center;\"><img decoding=\"async\" class=\"alignnone size-full wp-image-23202\" src=\"https:\/\/dorogimedence.hu\/wp-content\/uploads\/2020\/02\/haboru-04.jpg\" alt=\"\" width=\"670\" height=\"441\" srcset=\"https:\/\/dorogimedence.hu\/wp-content\/uploads\/2020\/02\/haboru-04.jpg 670w, https:\/\/dorogimedence.hu\/wp-content\/uploads\/2020\/02\/haboru-04-300x197.jpg 300w\" sizes=\"(max-width: 670px) 100vw, 670px\" \/><em>A Dorogi Er\u0151m\u0171<\/em><\/p>\n<p>Egy egys\u00e9g a v\u00e1rosk\u00f6zpontn\u00e1l igyekezett n\u00e9metek ut\u00e1n kutatni, m\u00edg egy g\u00e9pes\u00edtett katonai oszlop pedig onnan tov\u00e1bb haladt \u00e9s az Esztergomi \u00fatra fordulva folytatta \u00fatj\u00e1t. \u00c1tkelt a vas\u00fati \u00e1tj\u00e1r\u00f3n, majd azt elhagyva nem Esztergom ir\u00e1ny\u00e1ban ment, hanem r\u00e1kanyarodott az&nbsp; Esztergomi utat a X-es utc\u00e1val \u00f6sszek\u00f6t\u0151 \u00fatszakaszra. A X-es utc\u00e1t az egykori Diszn\u00f3 kocsm\u00e1n\u00e1l&nbsp; el\u00e9rve, a sarkon a piact\u00e9r ir\u00e1ny\u00e1ba vette \u00fatj\u00e1t \u00e9s eg\u00e9szen a B\u00e1ny\u00e1sztemplomig jutott. A templom k\u00f6r\u00fcl sz\u00e9tsz\u00f3r\u00f3dott \u00e9s megkezdte a k\u00f6rny\u00e9k h\u00e1zaiba val\u00f3 behatol\u00e1st. T\u00f6bb helyen j\u00e1rm\u0171veikkel bed\u00f6nt\u00f6tt\u00e9k a h\u00e1zakat \u00f6vez\u0151 ker\u00edt\u00e9st. A menettel j\u00f3p\u00e1r l\u00f3 is \u00e9rkezett, amelyeket a h\u00e1zakb\u00f3l kihordott pokr\u00f3cokkal, \u00e1gytakar\u00f3kkal bor\u00edtottak be.<\/p>\n<p>Mivel szinte minden\u00fctt otthon tart\u00f3zkodtak a lak\u00f3k, \u00edgy viszonylag visszafogottabban \u00e1lltak neki a terepszeml\u00e9nek. Nem mondhatni, hogy rettent\u0151en er\u0151szakosan, vagy durv\u00e1n viselkedtek volna, f\u0151leg, ha a h\u00e1ziak sz\u00f3ba is elegyettek vel\u00fck. A szlov\u00e1k kisebbs\u00e9g itt el\u0151nyt \u00e9lvezett, hiszen viszonylag j\u00f3l sz\u00f3t\u00e9rtettek egym\u00e1ssal, de voltak n\u00e9h\u00e1nyan olyan m\u00e1sok is a dorogiak k\u00f6z\u00fcl, akik ak\u00e1r szlov\u00e1kul, vagy oroszul tudtak valamelyest. A v\u00e1rt sokk elmaradt, mert az els\u0151 l\u00e1togat\u00f3k nagyr\u00e9sze nem mutatkozott k\u00fcl\u00f6n\u00f6sebben ellens\u00e9gesnek \u00e9s amennyiben n\u00e9h\u00e1ny \u00e9rt\u00e9kt\u00e1rgyat begy\u0171jt\u00f6ttek az egyes lak\u00e1sokban, l\u00e1tsz\u00f3lag megel\u00e9gedtek. F\u0151leg \u00f3r\u00e1kat gy\u0171jt\u00f6ttek el\u0151szeretettel, de az italokat is szorgalmasan \u00f6sszeszedt\u00e9k. Term\u00e9szetes, hogy a kezdetben mindk\u00e9t f\u00e9l gyanakodva \u00e9s \u00f3vatosabban tekintett a m\u00e1sikra. Az oroszok az eltulajdon\u00edtott t\u00e1rgyak k\u00f6zepette n\u00e9met katon\u00e1k ut\u00e1n is kutakodtak. Miut\u00e1n azon a k\u00f6rzeten bel\u00fcl egyetlen megb\u00fajt n\u00e9met sem akadt, kicsit engedett a fesz\u00fclts\u00e9g a felek k\u00f6z\u00f6tt. A legt\u00f6bb orosz katona els\u0151 \u00e1ltal\u00e1nos meg\u00e1llap\u00edt\u00e1sa, benyom\u00e1sa a dorogiakkal kapcsolatban az volt, hogy milyen j\u00f3m\u00f3dban \u00e9lnek. Amelyik lak\u00e1sban r\u00e1di\u00f3t tal\u00e1ltak, egyenesen &#8222;leburzsujozt\u00e1k&#8221; a h\u00e1ziakat.<\/p>\n<p style=\"text-align: center;\"><img loading=\"lazy\" decoding=\"async\" class=\"alignnone size-full wp-image-23203\" src=\"https:\/\/dorogimedence.hu\/wp-content\/uploads\/2020\/02\/haboru-05.jpg\" alt=\"\" width=\"670\" height=\"365\" srcset=\"https:\/\/dorogimedence.hu\/wp-content\/uploads\/2020\/02\/haboru-05.jpg 670w, https:\/\/dorogimedence.hu\/wp-content\/uploads\/2020\/02\/haboru-05-300x163.jpg 300w\" sizes=\"(max-width: 670px) 100vw, 670px\" \/><em>A Szent Margit Gy\u00f3gyszert\u00e1r<\/em><\/p>\n<p>Egy \u00e9rdekes eset is fennmaradt az els\u0151 tal\u00e1lkoz\u00e1sok egyik\u00e9vel kapcsolatban. A t\u00f6rt\u00e9netb\u0151l az is kider\u00fcl, hogy az akkor \u00e9lt el\u0151deink k\u00f6teless\u00e9g- \u00e9s felel\u0151ss\u00e9g\u00e9rzete, milyen magas mor\u00e1l ment\u00e9n illeszkedett. Ugyanis ostrom \u00e9s \u00e1d\u00e1z harcok ide, kar\u00e1csony oda, akik aznapra munk\u00e1ba voltak osztva, azok becs\u00fclettel bementek dolgozni a munkahely\u00fckre. Egy \u00c9kes nev\u0171 \u00far az Er\u0151m\u0171ben dolgozott \u00e9s reggelre sz\u00f3lt a m\u0171szakja. A Bocskai sorra iparkodott hazafel\u00e9, a patak ir\u00e1ny\u00e1ban, \u00edgy a M\u00e9sz\u00e1ros L\u00e1z\u00e1r utc\u00e1n kereszt\u00fcl k\u00f6zlekedett munk\u00e1ba j\u00f6vet-menet. A nevezett utca sark\u00e1hoz \u00e9rve pillantotta meg az orosz katon\u00e1kat \u00e9s miel\u0151tt azok \u00e9szrevett\u00e9k volna, az els\u0151 h\u00e1zba bekopogtatott. A h\u00e1z a K\u00f6vecs csal\u00e1d otthona volt, aki beengedt\u00e9k \u00c9kes urat. \u00c9kes \u00far k\u00e9r\u00e9ssel fordult a h\u00e1ziakhoz, mondv\u00e1n a mag\u00e1n viselt sz\u00e9p \u00e9s eleg\u00e1ns b\u0151rkab\u00e1tj\u00e1t nagyon f\u00e9lti, hogy az oroszok elvenn\u00e9k t\u0151le, ez\u00e9rt megk\u00e9rte K\u00f6vecs\u00e9ket, hogy \u0151rizz\u00e9k meg, s majd beugrik \u00e9rte az esti \u00f3r\u00e1kban. A kab\u00e1t K\u00f6vecs\u00e9k egyik szob\u00e1j\u00e1nak rekam\u00e9j\u00e1ra ker\u00fclt, azonban nem sokkal k\u00e9s\u0151bb n\u00e1luk is tisztelet\u00fcket tett\u00e9k az orosz porty\u00e1z\u00f3k. K\u00f6vecs \u00far tudott n\u00e9mileg a nyelv\u00fck\u00f6n \u00e9s miut\u00e1n \u0151 is megkapta a burzsuj titulust \u00e9s tiszt\u00e1zt\u00e1k, hogy csak egy \u00e1tlag tan\u00e1r, eg\u00e9sz norm\u00e1lis mederben folyt a t\u00e1rsalg\u00e1s k\u00f6z\u00f6tt\u00fck. F\u0151leg, miut\u00e1n kider\u00fclt, hogy a legnagyobb hanggal l\u00e9v\u0151 orosz katona civilben maga is tan\u00e1r a haz\u00e1j\u00e1ban. Igaz, ezt K\u00f6vecs Gy\u00f6rgy els\u0151 benyom\u00e1sa, valamint a kin\u00e9zete \u00e9s a viselked\u00e9se alapj\u00e1n az orosz \u00e1ll\u00edt\u00e1s\u00e1t k\u00e9ts\u00e9gbe vonta. Viszont nem t\u00f6rt\u00e9nt semmi komolyabb n\u00e9zetelt\u00e9r\u00e9s \u00e9s az oroszok porty\u00e1z\u00e1s\u00e1t is olcs\u00f3n meg\u00faszt\u00e1k. Viszont \u00e9ppen a meg\u0151rz\u00e9sre otthagyott b\u0151rkab\u00e1t t\u0171nt el. Pedig a h\u00e1ziak szorosan az oroszok nyom\u00e1ban voltak minden helyis\u00e9gben, de valahogy m\u00e9gis \u00e9szrev\u00e9tlen\u00fcl kicsemp\u00e9szt\u00e9k. Mint kider\u00fclt, az egyik orosz bel\u00fclr\u0151l kinyitotta az ablakot, m\u00edg egy m\u00e1sik kintr\u0151l beny\u00falva kiemelte az ablak alatti haver\u0151n l\u00e9v\u0151 kab\u00e1tot.<\/p>\n<p>Azonban nem mindenhol zajlott viszonylag ilyen b\u00e9k\u00e9sen az oroszok fell\u00e9p\u00e9se Dorog m\u00e1s pontjain. Az oroszok is ah\u00e1nyan, annyi f\u00e9l\u00e9k voltak. Akadt k\u00f6z\u00f6tt\u00fck kifejezetten bar\u00e1ts\u00e1gos katona, de bizony vadkanhoz m\u00e9rhet\u0151 p\u00e9ld\u00e1ny is. A katon\u00e1k am\u00fagy is meglehet\u0151sen vegyes n\u00e9pess\u00e9gb\u0151l tev\u0151dtek \u00f6ssze. R\u00e9szben feh\u00e9r, \u00e1tlag eur\u00f3pai kin\u00e9zet\u0171t\u0151l kezdve igazi \u00e1zsiai k\u00fcllem\u0171n \u00e1n, a kifejezetten mongoloid t\u00edpusig t\u00f6bbf\u00e9l\u00e9k voltak. J\u00f3r\u00e9sz\u00fck nem felt\u00e9tlen\u00fcl viszonyult ellens\u00e9gesen a lakoss\u00e1ghoz, azonban kezdetben bizalmatlans\u00e1got mutattak a lakosok ir\u00e1nt, persze ez k\u00f6lcs\u00f6n\u00f6s volt. A legdurv\u00e1bb esetek a v\u00e1rosk\u00f6zpontban zajlottak azon a kar\u00e1csonyi napon. M\u00e1r most jelezn\u00e9m az \u00e9rz\u00e9kenyebb lelk\u00fclet\u0171 olvas\u00f3k fel\u00e9, hogy k\u00f6vetkez\u0151 bekezd\u00e9seket csak felk\u00e9sz\u00fclve olvass\u00e1k, vagy ink\u00e1bb ugorjanak \u00e1t rajta, azonban ezek is megt\u00f6rt\u00e9nt esem\u00e9nyek \u00e9s nem v\u00e1laszthat\u00f3k le az ostrom, illetve az oroszok els\u0151 bej\u00f6vetel\u00e9nek t\u00f6rt\u00e9n\u00e9seit\u0151l.<\/p>\n<p style=\"text-align: center;\"><img loading=\"lazy\" decoding=\"async\" class=\"alignnone size-full wp-image-23204\" src=\"https:\/\/dorogimedence.hu\/wp-content\/uploads\/2020\/02\/haboru-06.jpg\" alt=\"\" width=\"670\" height=\"713\" srcset=\"https:\/\/dorogimedence.hu\/wp-content\/uploads\/2020\/02\/haboru-06.jpg 670w, https:\/\/dorogimedence.hu\/wp-content\/uploads\/2020\/02\/haboru-06-282x300.jpg 282w\" sizes=\"(max-width: 670px) 100vw, 670px\" \/><em>Perl J\u00f3zsef gy\u00f3gyszer\u00e9sz<\/em><\/p>\n<p>V\u00edzi Istv\u00e1n d\u00e9dnagyap\u00e1m akkoriban Perl J\u00f3zsef patik\u00e1j\u00e1nak volt a gondnoka, egyben a kert\u00e9sze. A d\u00e9di nem \u00e9desd\u00e9dpap\u00e1m volt, ugyanis az igazi d\u00e9dipapa, apai nagymam\u00e1m \u00e9desapja Lang (eredeti nev\u00e9n Tambor) Ferenc, aki a harmincas \u00e9vek m\u00e1sodik fel\u00e9ben N\u00e9metorsz\u00e1gba indult szerencs\u00e9t pr\u00f3b\u00e1lni. V\u00e9g\u00fcl Hamburgban, a kik\u00f6t\u0151ben v\u00e1llalt munk\u00e1t. A h\u00e1bor\u00fa kit\u00f6r\u00e9se is ott \u00e9rte, majd besorozt\u00e1k a n\u00e9met haditenger\u00e9szethez. Csal\u00e1dja nem k\u00f6vette \u00e9s id\u0151vel hivatalosan is sz\u00e9tv\u00e1ltak, \u00edgy d\u00e9dimam\u00e1m \u00e9s h\u00e1rom gyermek\u00fck &#8211; Manci, Ilona \u00e9s Jol\u00e1n &#8211; magukra maradtak. Igazi d\u00e9dap\u00e1m a h\u00e1bor\u00fa sor\u00e1n \u00e9let\u00e9t vesztette a g\u00f6r\u00f6g partok k\u00f6zel\u00e9ben, a haj\u00f3jukat \u00e9rt tal\u00e1latot k\u00f6vet\u0151en. A d\u00e9dimama \u00fajra f\u00e9rjhez ment, \u00edgy lett V\u00edzi Istv\u00e1n a d\u00e9dipap\u00e1m. V\u00edzi papa egy j\u00f3raval\u00f3, becs\u00fcletes b\u00e1ny\u00e1sz volt, aki rengeteg mindenhez \u00e9rtett \u00e9s igen gyakorlatias ember h\u00edr\u00e9ben \u00e1llt. Ami mindenn\u00e9l fontosabb, hogy a d\u00e9dimama mellett a h\u00e1rom gyermek\u00e9t is saj\u00e1t gyermekeik\u00e9nt szerette \u00e9s nevelte. A szeretet k\u00f6lcs\u00f6n\u00f6s volt \u00e9s igazi csal\u00e1dk\u00e9nt boldogan \u00e9ltek. Lak\u00e1suk az Kol\u00f3ni\u00e1ban, nem messze a Pet\u0151fi iskol\u00e1t\u00f3l \u00e1llt. D\u00e9dipap\u00e1t a neves \u00e9s k\u00f6ztiszteletben \u00e1ll\u00f3 Perl gy\u00f3gyszer\u00e9sz fogadta fel gondnoknak. A gy\u00f3gyszer\u00e9sz nem csak hivat\u00e1s\u00e1nak kiv\u00e1l\u00f3 m\u0171vel\u0151je, hanem igen nemes l\u00e9lek is volt, aki rengeteget \u00e1ldozott k\u00f6zc\u00e9l\u00fa dolgokra, Dorog sz\u00e9p\u00edt\u00e9s\u00e9re \u00e9s sokat, s folyamatosan j\u00f3t\u00e9konykodott is. Patik\u00e1ja is gy\u00f6ny\u00f6r\u0171 volt k\u00edv\u00fcl-bel\u00fcl. Az el\u0151z\u0151 r\u00e9szben \u00edrtam arr\u00f3l, hogy Pesten \u00e9l\u0151 rokonok h\u00edvt\u00e1k magukhoz, hogy egy\u00fctt t\u00f6lts\u00e9k a kar\u00e1csonyt, \u00edgy az oroszok t\u00e1mad\u00e1sakor \u00e9s bej\u00f6vetel\u00fck idej\u00e9n nem tart\u00f3zkodott odahaza. K\u00f6zvetlen\u00fcl az \u00fcnnepek el\u0151tti indul\u00e1sakor megb\u00edzta a d\u00e9dit, hogy nagyon vigy\u00e1zzon mindenre am\u00edg t\u00e1vol van. Tudta maga is, hogy nagyon k\u00f6zel a front \u00e9s sz\u00e1molt azzal, hogy t\u00e1voll\u00e9te alatt ak\u00e1r Dorogot is el\u00e9rhetik a harcok. Ez\u00e9rt szerette volna amennyire csak lehet, a Szent Margit n\u00e9ven \u00fczemeltetett patik\u00e1j\u00e1t j\u00f3 kezekbe tudni.<\/p>\n<p>Miut\u00e1n a csatazaj elvonult \u00e9s l\u00e1tsz\u00f3lag nyugalmasnak t\u0171nt minden, a d\u00e9di m\u00e1ris igyekezett a patik\u00e1hoz k\u00f6r\u00fcln\u00e9zni. Nem sokkal az oroszok meg\u00e9rkez\u00e9se el\u0151tt \u00e9rt oda, \u00edgy mindennek szemtan\u00faja lehetett. Az orosz katon\u00e1k el\u00f6z\u00f6nl\u00f6tt\u00e9k a B\u00e9csi utat, ahol a gy\u00f3gyszert\u00e1r is \u00e1llt. Behatoltak a patik\u00e1ba is, ahol rengeteg \u00e9rt\u00e9kes gy\u00f3gyszer, k\u00f6tszer \u00e9s gy\u00f3gy\u00e1szathoz sz\u00fcks\u00e9ges anyag sorakozott. Az oroszokat viszont kiz\u00e1r\u00f3lag a Penicillin \u00e9rdekelte, azt kerest\u00e9k b\u0151szen \u00e9s kir\u00e1ngattak minden egyes fi\u00f3kot \u00e9s annak tartalm\u00e1t durv\u00e1n a f\u00f6ldreh\u00e1nyt\u00e1k a var\u00e1zslatos orvoss\u00e1g keres\u00e9se k\u00f6zepette. A patika csod\u00e1latos, erre a c\u00e9lra k\u00e9sz\u00edtett speci\u00e1lis b\u00fatorzat\u00e1t, a faragott pultj\u00e1t, vitrinjeit, a laborat\u00f3riumot, a porcel\u00e1n \u00fcvegcs\u00e9ket \u00e9s minden fellelhet\u0151 dolgot, holmit sz\u00e9tvertek. \u00c1llatias h\u00f6rg\u00e9ssel ism\u00e9telgett\u00e9k, hogy: <em>&#8222;Penicillin, Penicillin!&#8221;<\/em> &#8211; \u00e9s ha nem az jutott a kez\u00fckbe, akkor d\u00fch\u00f6sen f\u00f6ldh\u00f6z v\u00e1gt\u00e1k. R\u00f6vid id\u0151 alatt egy hatalamas \u00fcvegt\u00f6rmel\u00e9kk\u00e9 \u00e9s romhalmazz\u00e1 d\u00falt\u00e1k a teljes berendez\u00e9st. A vitrineket eszel\u0151sen puskatussal z\u00fazt\u00e1k be. A vandalizmusuk k\u00f6zepette n\u00e9h\u00e1ny n\u00e9met katona is el\u0151ker\u00fclt, akik a pinc\u00e9be b\u00fajtak meg \u00e9s ott is rekedtek az el\u0151z\u0151 nap harcait k\u00f6vet\u0151en. Amikor az oroszok a pinc\u00e9t is kutakodni kezdt\u00e9k, elszabadult a pokol. El\u0151bb t\u0171zharc alkalult ki a felek k\u00f6z\u00f6tt, majd a t\u00faler\u0151 miatt a m\u00e9g \u00e9letben maradt n\u00e9metek menek\u00fcl\u0151re fogt\u00e1k. N\u00e9h\u00e1nyukat m\u00e9g meleg\u00e9ben elkaptak k\u00f6zvetlen a patika ter\u00fclet\u00e9n bel\u00fcl. Vel\u00fck k\u00e9zitus\u00e1ban v\u00e9geztek. Az egyik n\u00e9met katona valahogy kievick\u00e9lt a B\u00e9csi \u00fat fel\u00f6li utcaszakaszra \u00e9s v\u00e9g\u00fcl ott m\u00e9sz\u00e1rolt\u00e1k le. Szab\u00e1lyosan meglincselt\u00e9k a magukb\u00f3l teljesen kivetk\u0151z\u00f6tt orosz katon\u00e1k. M\u00e9g akkor is rugtalt\u00e1k, amikor m\u00e1r r\u00e9g kisz\u00e1lt bel\u0151le a l\u00e9lek. Csizm\u00e1juk \u00e9s a puskatusuk cs\u00e9pl\u00e9se \u00e1ltal bet\u00f6rt\u00e9k a n\u00e9met kopony\u00e1j\u00e1t \u00e9s kiloccsantott\u00e1k az agyvelej\u00e9t. A fertelmes l\u00e1tv\u00e1nyt ny\u00fajt\u00f3 holtest a j\u00e1rd\u00e1n sz\u00e9tkenve napokig \u00e9ktelenkedett. K\u00e9t n\u00e9met katona a patika kertj\u00e9nek h\u00e1ts\u00f3 ker\u00edt\u00e9s\u00e9n \u00e1t igyekezett \u00e1tm\u00e1szni a T\u00e1ncsis Mih\u00e1ly \u00fat ir\u00e1ny\u00e1ba menek\u00fclve. Mindkett\u0151j\u00fcket lel\u0151tt\u00e9k \u00fagy, hogy az egyik\u00fcket \u00e9ppen m\u00e1sz\u00e1s k\u00f6zben \u00e9rte a hal\u00e1los sorozat \u00e9s abban a furcsa m\u00e1sz\u00f3 p\u00f3zban maradt fennakadva a ker\u00edt\u00e9sen. Isteni szerencse, hogy d\u00e9dipapa baj n\u00e9lk\u00fcl \u00e9lte t\u00fal a csetepat\u00e9t, de m\u00e9g ut\u00e1na sem \u00e9rezte mag\u00e1t biztons\u00e1gban, mert a felb\u0151sz\u00fclt oroszokt\u00f3l tartva \u00fagy gondolta, hogy vele is v\u00e9geznek majd. Azonban szerencs\u00e9re \u0151t m\u00e9gsem b\u00e1ntott\u00e1k \u00e9s miut\u00e1n az oroszok egy r\u00e9sze bef\u00e9szkelte mag\u00e1t a patika \u00e9p\u00fclet\u00e9be \u00e9s a Perl\u00e9k lak\u00e1s\u00e1ba, a papa hazament \u00e9s baj n\u00e9lk\u00fcl meg is \u00e9rkezett.<\/p>\n<p style=\"text-align: center;\"><img loading=\"lazy\" decoding=\"async\" class=\"alignnone size-full wp-image-23206\" src=\"https:\/\/dorogimedence.hu\/wp-content\/uploads\/2020\/02\/haboru-07.jpg\" alt=\"\" width=\"670\" height=\"465\" srcset=\"https:\/\/dorogimedence.hu\/wp-content\/uploads\/2020\/02\/haboru-07.jpg 670w, https:\/\/dorogimedence.hu\/wp-content\/uploads\/2020\/02\/haboru-07-300x208.jpg 300w\" sizes=\"(max-width: 670px) 100vw, 670px\" \/><em>A v\u00e9rengz\u00e9s \u00e9s a vandalizmus sz\u00ednhelye a Szent Margit Gy\u00f3gyszert\u00e1r<\/em><\/p>\n<p>A k\u00e9t \u00fcnnep k\u00f6z\u00f6tti napokban az oroszok berendezkedtek Dorogon. A katon\u00e1k egy r\u00e9sze ak\u00e1rcsak a n\u00e9met megsz\u00e1ll\u00f3k azt kor\u00e1bban tett\u00e9k, a k\u00f6zint\u00e9zm\u00e9nyeket vett\u00e9k ig\u00e9nybe, de sokan mag\u00e1nh\u00e1zakba vackolt\u00e1k be magukat. Sz\u00e1mos dorogi neh\u00e9z helyzetbe ker\u00fclt ez\u00e1ltal, hiszen senki sem hagyta sz\u00edvesen mag\u00e1ra a lak\u00e1s\u00e1t, mert az elhagyatatott lak\u00e1sokat \u00e9s h\u00e1zakat f\u0151leg teljesen szabad pr\u00e9dak\u00e9nt kezelt\u00e9k. \u00cdgy alakult ki az a furcs\u00e1nak t\u0171n\u0151 helyzet, hogy lakosok egy r\u00e9sze ink\u00e1bb egy\u00fctt lakott az oroszokkal, ezzel is jobban tudta \u00f3vni lak\u00e1s\u00e1t. Az is igaz, hogy amelyik orosszal sz\u00f3t lehetett \u00e9rteni, az megv\u00e9dte t\u00e1rsait\u00f3l a h\u00e1ziakat. Nem engedte sem a lak\u00f3kat egrec\u00edroztatni, sem b\u00e1rmit eltulajdon\u00edtani. S\u0151t, id\u0151vel az oroszok is hoztak a konyh\u00e1ra egy-k\u00e9t praktikus \u00e9lelmiszert, vagy ruhaf\u00e9l\u00e9t.<\/p>\n<p>A Szent Imre \u00e9s a Szent L\u00e1szl\u00f3 utc\u00e1kban amolyan t\u00e1bori bord\u00e9ly is m\u0171k\u00f6d\u00f6tt, ahol \u00f6r\u00f6ml\u00e1nyok k\u00f6t\u00f6tt\u00e9k le a katon\u00e1k indulatait. Azt pontosan nem tudni, hogy honnan val\u00f3k voltak a h\u00f6lgyek, de az oroszok ezeket magukkal hozt\u00e1k valahonnan \u00e9s l\u00e1tsz\u00f3lag abszol\u00fat nem b\u00e1nt\u00e1k. \u00c1lland\u00f3sultak a tivorny\u00e1k, f\u0151leg a bord\u00e9lynak nevezett helyen, ahol a katon\u00e1k \u00e9s a k\u00e9nyeztet\u0151 szem\u00e9lyzet egyar\u00e1nt folyamatosan ittas, vagy \u00e9ppen egyenesen r\u00e9szeg volt. R\u00e9szben tal\u00e1n ennek is k\u00f6sz\u00f6nhet\u0151, hogy Dorogon kevesen estek \u00e1ldozatul a megsz\u00e1ll\u00f3 katon\u00e1k er\u0151szakoskod\u00e1sainak. Minden bizonnyal t\u00f6rt\u00e9ntek ilyen esetek, err\u0151l azonban nekem nincs konkr\u00e9t forr\u00e1som \u00e9s tudom\u00e1som. Az is igaz, hogy a dorogi n\u0151k z\u00f6me kell\u0151 \u00f3vint\u00e9zked\u00e9st is foganas\u00edtott. A legt\u00f6bben a lehet\u0151 legrosszabb form\u00e1jukat mutatva, csapzottan, vagy egyenesen f\u00e9rfinak \u00f6lt\u00f6zve, vagy \u00f6regnek \u00e1lc\u00e1zva pr\u00f3b\u00e1ltak inkognit\u00f3ban maradni. Eml\u00edtettem a k\u00f3rh\u00e1zban kialak\u00edtott elszepar\u00e1lt helyis\u00e9get is, amelyet a h\u00f6lgyek r\u00e9sz\u00e9re hoztak l\u00e9tre a dorogi orvosok. Az ajt\u00f3ra t\u00f6bb nyelven \u00e9s nemzetk\u00f6zi jelz\u00e9ssel is felt\u00fcnteve a fert\u0151z\u0151, rag\u00e1lyos betegszoba ki\u00edr\u00e1ssal l\u00e1tt\u00e1k el. Nem voltak ilyen szerencs\u00e9sek az esztergomi h\u00f6lgyek, ahol komoly hajt\u00f3vad\u00e1szat folyt a n\u0151k ut\u00e1n \u00e9s sz\u00e1mos er\u0151szakol\u00e1sr\u00f3l maradtak fenn eml\u00e9kez\u00e9sek. A v\u00e1rosb\u00f3l \u00e9s k\u00f6rny\u00e9k\u00e9r\u0151l mintegy 300 esetet jegyeztek fel, ahol megbecstelen\u00edt\u00e9s t\u00f6rt\u00e9nt, s\u0151t nem egy esetben a meger\u0151szakoltat meg is \u00f6lt\u00e9k. Pilismar\u00f3ton k\u00e9t olyan eset is t\u00f6rt\u00e9nt, amikor a szerencs\u00e9tlen \u00e1ldozat seg\u00edts\u00e9g\u00e9re igyekv\u0151 f\u00e9rfiakat is lel\u0151tt\u00e9k.<\/p>\n<p style=\"text-align: center;\"><img loading=\"lazy\" decoding=\"async\" class=\"alignnone size-full wp-image-23207\" src=\"https:\/\/dorogimedence.hu\/wp-content\/uploads\/2020\/02\/haboru-08.jpg\" alt=\"\" width=\"670\" height=\"427\" srcset=\"https:\/\/dorogimedence.hu\/wp-content\/uploads\/2020\/02\/haboru-08.jpg 670w, https:\/\/dorogimedence.hu\/wp-content\/uploads\/2020\/02\/haboru-08-300x191.jpg 300w\" sizes=\"(max-width: 670px) 100vw, 670px\" \/><em>A hajdani Kol\u00f3nia egyik utc\u00e1ja<\/em><\/p>\n<p>Az els\u0151 vonalban hadakoz\u00f3 katon\u00e1k k\u00fclleme, fell\u00e9p\u00e9se \u00e9s viselked\u00e9se val\u00f3ban \u00e9s joggal keltett f\u00e9lelmet. A z\u00f6m\u00e9ben er\u0151sen bevodk\u00e1zott, t\u00f6bbnyire emberi mivoltukb\u00f3l kivetk\u0151z\u00f6tt frontszolg\u00e1latosok \u00e1polatlan, vadbarb\u00e1r \u00fcdvhadsereg benyom\u00e1s\u00e1t keltett\u00e9k, Vegyesnek \u00e9s tark\u00e1nak tetsz\u0151 uniformisuk gyakran rongyokk\u00e9nt takarta \u0151ket, sokan madzagra k\u00f6t\u00f6tt hatalmas pusk\u00e1kkal voltak felszerelkezve \u00e9s folyton ord\u00edtoztak. A Dorogra bevonul\u00f3 szovjet katon\u00e1k mellet kisebb rom\u00e1n egys\u00e9gek is \u00e9rkeztek. 1944. december 26-\u00e1n a harcol\u00f3 el\u0151\u00f6rs\u00f6ket k\u00f6vetve m\u00e1sodik hull\u00e1mban \u00e9rkez\u0151 szovjet alakulatok berendezketek Dorogon \u00e9s megalak\u00edtott\u00e1k az orosz v\u00e1rosparancsnoks\u00e1got. Ezek m\u00e1r t\u00f6bbnyire elittebb katon\u00e1kb\u00f3l \u00e1lltak t\u00f6bb, magasabb rang\u00fa tisztekkel kieg\u00e9sz\u00fclve. A lakoss\u00e1g kezdeti f\u00e9lelme \u00e9s bizalmatlans\u00e1ga lassan old\u00f3dni kezdett. Ezek a katon\u00e1k nem b\u00e1ntott\u00e1k a civileket \u00e9s nem felt\u00e9tlen\u00fcl t\u00f6rtek z\u00faztak.&nbsp; Az \u00d6reg Kol\u00f3ni\u00e1ban egy katonai varrod\u00e1t alak\u00edtottak ki az oroszok \u00e9s a helyiek k\u00f6z\u00fcl fogtak be f\u0151leg asszonyokat dolgozni. Az orosz alakulatok igyekeztek j\u00f3l bel\u00e1that\u00f3 pontokon megfigyel\u0151 \u00e1ll\u00e1sokat foglalni. T\u00f6bbek k\u00f6z\u00f6tt a templomtornyok voltak a legide\u00e1lisabbakat erre a c\u00e9lra. Az emberek egy r\u00e9sze sz\u00f3ba elegyedett az oroszokkal. Alkalom adt\u00e1n a megsz\u00e1ll\u00f3k n\u00e9mi \u00e9lelmet, f\u0151leg cukrot osztogattak a lakoss\u00e1gnak. Nem messze az oroszok \u00e1lltal kialak\u00edtott varrod\u00e1t\u00f3l volt egy depo-szer\u0171s\u00e9g\u00fck is, ahol teheraut\u00f3kr\u00f3l pakolt\u00e1k le az \u00e9lelmiszer ut\u00e1np\u00f3tl\u00e1sukat. Itt egy nagyon \u00edjeszt\u0151, cs\u00faf, nagydarab orosz katona tart\u00f3zkodott, aki nyaki \u00e9s gerincs\u00e9r\u00fcl\u00e9st szenvedett. Massz\u00edv gipszgall\u00e9rja miatt nem tudta fej\u00e9t meg sem mozd\u00edtani, csak sz\u00far\u00f3s szemeit forgatta minden ir\u00e1nyba. Mint kider\u00fclt, bel\u00fclr\u0151l kor\u00e1ntsem volt ennyire sz\u00f6rnyeteg. A b\u00e1m\u00e9szkod\u00f3 gyerekeket szem\u00e9vel mag\u00e1hoz intette, majd a k\u00f6p\u00f6nyege al\u00f3l cukork\u00e1kat vett el\u0151 \u00e9s sz\u00e9tosztotta a gyerekeknek. Sok katona is bar\u00e1ts\u00e1gosnak mutatkozott. \u00c9nekeltek, zen\u00e9ltek a helyieknek&nbsp; mutogatt\u00e1k zubbonyukban \u0151rz\u00f6tt csal\u00e1di fot\u00f3ikat.<\/p>\n<p style=\"text-align: center;\"><img loading=\"lazy\" decoding=\"async\" class=\"alignnone size-full wp-image-23208\" src=\"https:\/\/dorogimedence.hu\/wp-content\/uploads\/2020\/02\/haboru-09.jpg\" alt=\"\" width=\"670\" height=\"377\" srcset=\"https:\/\/dorogimedence.hu\/wp-content\/uploads\/2020\/02\/haboru-09.jpg 670w, https:\/\/dorogimedence.hu\/wp-content\/uploads\/2020\/02\/haboru-09-300x169.jpg 300w\" sizes=\"(max-width: 670px) 100vw, 670px\" \/><em>Orosz katon\u00e1k 1944 v\u00e9g\u00e9n<\/em><\/p>\n<p>Az oroszok a kezdetekben tiszteletben tartott\u00e1k a templomokat \u00e9s az egyh\u00e1zi szem\u00e9lyeket. A dorogi pl\u00e9b\u00e1nia vezet\u0151k enged\u00e9lyt kaptak az istentiszteletek megtart\u00e1s\u00e1ra \u00e9s a harangoz\u00e1sra is. A katon\u00e1k ekkor csak id\u0151szakosan fordultak meg a templomokban \u00e9s t\u00f6bbnyire a templomtoronyb\u00f3l ny\u00edl\u00f3 kiv\u00e1l\u00f3 megfigyel\u0151\u00e1ll\u00e1s miatt vett\u00e9k ig\u00e9nybe az \u00e9p\u00edtm\u00e9nyeket. A lakoss\u00e1g azon r\u00e9sze, amely a templomokhoz k\u00f6zel lakott, elj\u00e1rt a mis\u00e9kre, azonban aki csak tehette, ink\u00e1bb ker\u00fclte a k\u00f6ztereken val\u00f3 mutatkoz\u00e1st. Nem lehetett pontosan meg\u00edt\u00e9lni, hogy v\u00e1rhat\u00f3-e esetleg tov\u00e1bbi harci esem\u00e9ny, m\u00e9gis sokan mindenre el voltak k\u00e9sz\u00fclve, ez\u00e9rt amennyi \u00e9lelmet csak lehetett, igyekeztek bespejzolni. T\u00f6bben otthonuk rejtett zugait haszn\u00e1lt\u00e1k rejtekhelyk\u00e9nt. Voltak, akik a padl\u00f3t felszedve alak\u00edtottak ki f\u00f6ldbev\u00e1jt t\u00e1rol\u00f3t \u00e9s tart\u00f3s \u00e9lelmiszerekkel t\u00f6lt\u00f6tt\u00e9k fel, majd gondosan visszahelyezt\u00e9k a padl\u00f3zatot, amelyet sz\u0151nyeggel \u00e9s b\u00fatorokkal bor\u00edtott\u00e1k. Az \u00e9v v\u00e9g\u00e9ig a napok viszonylag nyugalomban teltek, csak az orosz katon\u00e1k \u00e1lland\u00f3 jelenl\u00e9te \u00e9s azok harci j\u00e1rm\u0171vei, valamint sz\u00e1mos t\u00f6rmel\u00e9k \u00e1rulkodott arr\u00f3l, hogy a h\u00e1bor\u00fa m\u00e9g nem z\u00e1rult le. Tov\u00e1bb\u00e1 a telep\u00fcl\u00e9s n\u00e9h\u00e1ny ter\u00fclet\u00e9n cs\u00fafoskod\u00f3 n\u00e9met katon\u00e1k holttestei hevertek napokig temetetlen\u00fcl. Az oroszok nem siettek az eltakar\u00edt\u00e1ssal, a helyiek pedig nem mertek hozz\u00e1juk ny\u00falni. Azonban m\u0171k\u00f6d\u00f6tt a vezet\u00e9kes v\u00edzh\u00e1l\u00f3zat \u00e9s az \u00e1ramszolg\u00e1ltat\u00e1s is.<\/p>\n<p style=\"text-align: center;\"><img loading=\"lazy\" decoding=\"async\" class=\"alignnone size-full wp-image-23209\" src=\"https:\/\/dorogimedence.hu\/wp-content\/uploads\/2020\/02\/haboru-10.jpg\" alt=\"\" width=\"670\" height=\"421\" srcset=\"https:\/\/dorogimedence.hu\/wp-content\/uploads\/2020\/02\/haboru-10.jpg 670w, https:\/\/dorogimedence.hu\/wp-content\/uploads\/2020\/02\/haboru-10-300x189.jpg 300w\" sizes=\"(max-width: 670px) 100vw, 670px\" \/><em>N\u00e9met Heinkel He-111 bomb\u00e1z\u00f3k<\/em><\/p>\n<p>December 29-\u00e9n megkezd\u0151d\u00f6tt budapest igazi, v\u00e9gs\u0151 ostroma is. Az \u00e1gy\u00faz\u00e1sok \u00e9s robban\u00e1sok hangjai Dorogon is j\u00f3l hallhat\u00f3ak voltak.&nbsp;December 30-\u00e1n n\u00e9met bomb\u00e1zok h\u00faztak el a l\u00e9gt\u00e9rben, amelyek v\u00e9g\u00fcl Esztergomot vett\u00e9k c\u00e9lba \u00e9s ott oldott\u00e1k ki bomb\u00e1ikat, amelyek egy r\u00e9sze az esztergomi k\u00f3rh\u00e1zra hullott. Ez az eset is bizonyoss\u00e1 tette, hogy kor\u00e1nt sem z\u00e1rult le v\u00e9glegesen a front. T\u00f6bben is pr\u00f3b\u00e1ltak inform\u00e1ci\u00f3hoz jutni, de m\u00e9g a szovjet alakulat tagjai sem val\u00f3sz\u00edn\u0171, hogy sejtett\u00e9k, vagy biztosra tudt\u00e1k, hogy mekkora ellencsap\u00e1s volt el\u0151k\u00e9sz\u00fcl\u0151ben. A n\u00e9met vez\u00e9rkar m\u00e1r Szenteste napj\u00e1n komolyabb csapat\u00f6sszevon\u00e1sokat tervezett \u00e9s a h\u00f3nap h\u00e1tral\u00e9v\u0151 napjai alatt t\u00e1voli frontszakaszokr\u00f3l, t\u00f6bb ir\u00e1nyb\u00f3l n\u00e9met egys\u00e9gek kezdtek k\u00f6zel\u00edteni a k\u00f6rzet\u00fcnk fel\u00e9. A helyiek szorongva v\u00e1rt\u00e1k az \u00faj \u00e9vet \u00e9s minden bizonnyal nem volt k\u00f6z\u00fcl\u00fck olyan, aki meg tudta volna pontosan j\u00f3solni, hogy mit hoz az \u00faj esztend\u0151, k\u00fcl\u00f6n\u00f6sen a k\u00f6zelj\u00f6v\u0151 napjai.<\/p>\n<p><strong>Folytat\u00e1s k\u00f6vetkezik: Benne a n\u00e9metek \u00faj \u00e9v napj\u00e1n ind\u00edtott hatalmas ellencsap\u00e1sa, a Konr\u00e1d hadm\u0171velet kibontakoz\u00e1sa \u00e9s Dorog n\u00e9metek \u00e1ltali elfoglal\u00e1sa.<\/strong><\/p>\n<p><u>Bor\u00edt\u00f3k\u00e9p<\/u>: A dorogi b\u00e1nya k\u00f6zponti rakt\u00e1r\u00e9p\u00fclete, amelynek nagyban k\u00f6sz\u00f6nhet\u0151 volt a helyiek \u00e9lelm\u00e9nek biztos\u00edt\u00e1sa a front alatt.<\/p>\n<p><strong><u>Forr\u00e1s \u00e9s felhaszn\u00e1lt irodalom:<\/u><\/strong><\/p>\n<ul>\n<li>Dr. Csiff\u00e1ri N\u00e1ndor &#8211; K\u00f6vecs Imre: Eml\u00e9kiratok a II. vil\u00e1gh\u00e1bor\u00fa dorogi h\u00f3napjair\u00f3l &#8211; Dorogi F\u00fczetek-sorozat 15. Kiad\u00f3: Dorog V\u00e1ros Bar\u00e1tainak Egyes\u00fclete, 1998.<\/li>\n<li>Dr. Sz\u00e1mv\u00e9ber Norbert:&nbsp;P\u00e1nc\u00e9los-hadvisel\u00e9s a budapesti csat\u00e1ban 1944. okt\u00f3ber 29. \u2013 1945. febru\u00e1r 13.&nbsp; &#8211;&nbsp;Puedlo Kiad\u00f3, 2011.<\/li>\n<li>HL Szovjet m\u00e1solatok gy\u0171jtem\u00e9nye a Budapest k\u00f6r\u00fcli harcokr\u00f3l. A 46. hadsereg iratai 1944-1945. &#8211; Docplayer.hu&nbsp;<\/li>\n<li>Dr. Csiff\u00e1ry N\u00e1ndor &#8211; Pick J\u00f3zsef: Dorog a II.vil\u00e1gh\u00e1bor\u00faban &#8211; A II. vil\u00e1gh\u00e1bor\u00fa \u00e1ldozatai &#8211; Dorogi F\u00fczetek-sorozat 5. Kiad\u00f3: Dorog V\u00e1ros Bar\u00e1tainak Egyes\u00fclete, 1993.<\/li>\n<li>Mikl\u00f3s Tam\u00e1s &#8211; Helyt\u00f6rt\u00e9net a v\u00e9rg\u0151z\u00f6s id\u0151kr\u0151l II. &#8211; Szeretgom.hu, 2015. december 15.<\/li>\n<li>Dr. Farkas Jen\u0151: A Szent L\u00e1szl\u00f3 Hadoszt\u00e1ly Katon\u00e1i \u00cdrt\u00e1k &#8211; I.A. jegyzetek, 2005., mek.oszk.hu<\/li>\n<li>Arcanum:&nbsp;A 18.&nbsp;harckocsihadtest&nbsp;&#8211;&nbsp;<a href=\"http:\/\/www.acanum.hu\/\">www.acanum.hu<\/a>&nbsp; &nbsp;<\/li>\n<li>Kov\u00e1cs Lajos: A Dorogi Szent J\u00f3zsef Pl\u00e9b\u00e1niatemplom katolikus k\u00f6z\u00f6ss\u00e9g\u00e9nek t\u00f6rt\u00e9nete &#8211; Dorogi F\u00fczetek- sorozat 47.&nbsp;Kiad\u00f3: Dorog V\u00e1ros Bar\u00e1tainak Egyes\u00fclete, 2014.<\/li>\n<li>&nbsp;Szab\u00f3 Gyul\u00e1n\u00e9 \/sz\u00fcl: Lang Jol\u00e1n\/,&nbsp;Proh\u00e1szka J\u00e1nos \u00e9s Vajda K\u00e1roly&nbsp;(a dorogi ostrom \u00e1t\u00e9l\u0151i) szem\u00e9lyes k\u00f6zl\u00e9seinek felhaszn\u00e1l\u00e1s\u00e1val<\/li>\n<\/ul>\n<p><em>Szab\u00f3 Gyula<\/em><\/p>\n","protected":false},"excerpt":{"rendered":"<p>A sorozat v\u00e1rosunk h\u00e1bor\u00fas t\u00f6rt\u00e9net\u00e9nek h\u00e1romnegyed \u00e9vsz\u00e1zados \u00e9vfordul\u00f3ja alkalm\u00e1b\u00f3l k\u00edv\u00e1n eml\u00e9ket \u00e1ll\u00edtani, egyben a II. vil\u00e1gh\u00e1bor\u00fa befejez\u00e9s\u00e9nek 75. \u00e9vfordul\u00f3j\u00e1r\u00f3l is megeml\u00e9kezik. A r\u00e9szekben t\u00f6rt\u00e9n\u0151 bemutat\u00e1s, a Dorogon v\u00e9gbement s\u00falyos harcokat \u00e9s a vele szorosan \u00f6sszef\u00fcgg\u0151 esem\u00e9nyeket helyezi a k\u00f6z\u00e9ppontba. A jelen fejezetben kar\u00e1csony m\u00e1snapj\u00e1n \u00e9s az \u00e9v v\u00e9gig eltelt sz\u0171k egy h\u00e9t sor\u00e1n t\u00f6rt\u00e9ntek felid\u00e9z\u00e9svel<\/p>\n","protected":false},"author":1,"featured_media":23186,"comment_status":"closed","ping_status":"closed","sticky":false,"template":"","format":"standard","meta":{"ngg_post_thumbnail":0,"footnotes":""},"categories":[4925,2,3],"tags":[15,4602,4576,477,3969],"class_list":{"0":"post-23185","1":"post","2":"type-post","3":"status-publish","4":"format-standard","5":"has-post-thumbnail","7":"category-75-eve-tortent-dorog-ostroma","8":"category-dorog","9":"category-hirek","10":"tag-dorog","11":"tag-dorog-ostroma","12":"tag-haboru","13":"tag-ii-vilaghaboru","14":"tag-szabo-gyula"},"yoast_head":"<!-- This site is optimized with the Yoast SEO plugin v27.4 - https:\/\/yoast.com\/product\/yoast-seo-wordpress\/ -->\n<title>75 \u00e9ve t\u00f6rt\u00e9nt: Dorog ostroma 1944 \u20131945 (2. r\u00e9sz)<\/title>\n<meta name=\"robots\" content=\"index, follow, max-snippet:-1, max-image-preview:large, max-video-preview:-1\" \/>\n<link rel=\"canonical\" href=\"https:\/\/dorogimedence.hu\/index.php\/2020\/02\/22\/75-eve-tortent-dorog-ostroma-1944-1945-2-resz\/\" class=\"yoast-seo-meta-tag\" \/>\n<meta property=\"og:locale\" content=\"hu_HU\" class=\"yoast-seo-meta-tag\" \/>\n<meta property=\"og:type\" content=\"article\" class=\"yoast-seo-meta-tag\" \/>\n<meta property=\"og:title\" content=\"75 \u00e9ve t\u00f6rt\u00e9nt: Dorog ostroma 1944 \u20131945 (2. r\u00e9sz)\" class=\"yoast-seo-meta-tag\" \/>\n<meta property=\"og:description\" content=\"A sorozat v\u00e1rosunk h\u00e1bor\u00fas t\u00f6rt\u00e9net\u00e9nek h\u00e1romnegyed \u00e9vsz\u00e1zados \u00e9vfordul\u00f3ja alkalm\u00e1b\u00f3l k\u00edv\u00e1n eml\u00e9ket \u00e1ll\u00edtani, egyben a II. vil\u00e1gh\u00e1bor\u00fa befejez\u00e9s\u00e9nek 75. \u00e9vfordul\u00f3j\u00e1r\u00f3l is megeml\u00e9kezik. A r\u00e9szekben t\u00f6rt\u00e9n\u0151 bemutat\u00e1s, a Dorogon v\u00e9gbement s\u00falyos harcokat \u00e9s a vele szorosan \u00f6sszef\u00fcgg\u0151 esem\u00e9nyeket helyezi a k\u00f6z\u00e9ppontba. A jelen fejezetben kar\u00e1csony m\u00e1snapj\u00e1n \u00e9s az \u00e9v v\u00e9gig eltelt sz\u0171k egy h\u00e9t sor\u00e1n t\u00f6rt\u00e9ntek felid\u00e9z\u00e9svel\" class=\"yoast-seo-meta-tag\" \/>\n<meta property=\"og:url\" content=\"https:\/\/dorogimedence.hu\/index.php\/2020\/02\/22\/75-eve-tortent-dorog-ostroma-1944-1945-2-resz\/\" class=\"yoast-seo-meta-tag\" \/>\n<meta property=\"og:site_name\" content=\"Dorogi-medence Region\u00e1lis H\u00edrport\u00e1l\" class=\"yoast-seo-meta-tag\" \/>\n<meta property=\"article:publisher\" content=\"https:\/\/www.facebook.com\/dorogimedence\/\" class=\"yoast-seo-meta-tag\" \/>\n<meta property=\"article:published_time\" content=\"2020-02-22T06:04:42+00:00\" class=\"yoast-seo-meta-tag\" \/>\n<meta property=\"article:modified_time\" content=\"2020-06-01T12:35:35+00:00\" class=\"yoast-seo-meta-tag\" \/>\n<meta property=\"og:image\" content=\"https:\/\/i0.wp.com\/dorogimedence.hu\/wp-content\/uploads\/2020\/02\/haboru-01.jpg?fit=670%2C365&ssl=1\" class=\"yoast-seo-meta-tag\" \/>\n\t<meta property=\"og:image:width\" content=\"670\" class=\"yoast-seo-meta-tag\" \/>\n\t<meta property=\"og:image:height\" content=\"365\" class=\"yoast-seo-meta-tag\" \/>\n\t<meta property=\"og:image:type\" content=\"image\/jpeg\" class=\"yoast-seo-meta-tag\" \/>\n<meta name=\"author\" content=\"dorogimedence.hu\" class=\"yoast-seo-meta-tag\" \/>\n<meta name=\"twitter:card\" content=\"summary_large_image\" class=\"yoast-seo-meta-tag\" \/>\n<meta name=\"twitter:label1\" content=\"Szerz\u0151:\" class=\"yoast-seo-meta-tag\" \/>\n\t<meta name=\"twitter:data1\" content=\"dorogimedence.hu\" class=\"yoast-seo-meta-tag\" \/>\n\t<meta name=\"twitter:label2\" content=\"Becs\u00fclt olvas\u00e1si id\u0151\" class=\"yoast-seo-meta-tag\" \/>\n\t<meta name=\"twitter:data2\" content=\"25 perc\" class=\"yoast-seo-meta-tag\" \/>\n<script type=\"application\/ld+json\" class=\"yoast-schema-graph\">{\"@context\":\"https:\\\/\\\/schema.org\",\"@graph\":[{\"@type\":\"Article\",\"@id\":\"https:\\\/\\\/dorogimedence.hu\\\/index.php\\\/2020\\\/02\\\/22\\\/75-eve-tortent-dorog-ostroma-1944-1945-2-resz\\\/#article\",\"isPartOf\":{\"@id\":\"https:\\\/\\\/dorogimedence.hu\\\/index.php\\\/2020\\\/02\\\/22\\\/75-eve-tortent-dorog-ostroma-1944-1945-2-resz\\\/\"},\"author\":{\"name\":\"dorogimedence.hu\",\"@id\":\"https:\\\/\\\/dorogimedence.hu\\\/#\\\/schema\\\/person\\\/ce6091eeb7e95ecdc87890d6aa8e0fd4\"},\"headline\":\"75 \u00e9ve t\u00f6rt\u00e9nt: Dorog ostroma 1944 \u20131945 (2. r\u00e9sz)\",\"datePublished\":\"2020-02-22T06:04:42+00:00\",\"dateModified\":\"2020-06-01T12:35:35+00:00\",\"mainEntityOfPage\":{\"@id\":\"https:\\\/\\\/dorogimedence.hu\\\/index.php\\\/2020\\\/02\\\/22\\\/75-eve-tortent-dorog-ostroma-1944-1945-2-resz\\\/\"},\"wordCount\":5010,\"publisher\":{\"@id\":\"https:\\\/\\\/dorogimedence.hu\\\/#organization\"},\"image\":{\"@id\":\"https:\\\/\\\/dorogimedence.hu\\\/index.php\\\/2020\\\/02\\\/22\\\/75-eve-tortent-dorog-ostroma-1944-1945-2-resz\\\/#primaryimage\"},\"thumbnailUrl\":\"https:\\\/\\\/dorogimedence.hu\\\/wp-content\\\/uploads\\\/2020\\\/02\\\/haboru-01.jpg\",\"keywords\":[\"Dorog\",\"Dorog ostroma\",\"h\u00e1bor\u00fa\",\"II. vil\u00e1gh\u00e1bor\u00fa\",\"Szab\u00f3 Gyula\"],\"articleSection\":[\"75 \u00e9ve t\u00f6rt\u00e9nt: Dorog ostroma\",\"Dorog\",\"H\u00edrek\"],\"inLanguage\":\"hu\"},{\"@type\":\"WebPage\",\"@id\":\"https:\\\/\\\/dorogimedence.hu\\\/index.php\\\/2020\\\/02\\\/22\\\/75-eve-tortent-dorog-ostroma-1944-1945-2-resz\\\/\",\"url\":\"https:\\\/\\\/dorogimedence.hu\\\/index.php\\\/2020\\\/02\\\/22\\\/75-eve-tortent-dorog-ostroma-1944-1945-2-resz\\\/\",\"name\":\"75 \u00e9ve t\u00f6rt\u00e9nt: Dorog ostroma 1944 \u20131945 (2. r\u00e9sz)\",\"isPartOf\":{\"@id\":\"https:\\\/\\\/dorogimedence.hu\\\/#website\"},\"primaryImageOfPage\":{\"@id\":\"https:\\\/\\\/dorogimedence.hu\\\/index.php\\\/2020\\\/02\\\/22\\\/75-eve-tortent-dorog-ostroma-1944-1945-2-resz\\\/#primaryimage\"},\"image\":{\"@id\":\"https:\\\/\\\/dorogimedence.hu\\\/index.php\\\/2020\\\/02\\\/22\\\/75-eve-tortent-dorog-ostroma-1944-1945-2-resz\\\/#primaryimage\"},\"thumbnailUrl\":\"https:\\\/\\\/dorogimedence.hu\\\/wp-content\\\/uploads\\\/2020\\\/02\\\/haboru-01.jpg\",\"datePublished\":\"2020-02-22T06:04:42+00:00\",\"dateModified\":\"2020-06-01T12:35:35+00:00\",\"breadcrumb\":{\"@id\":\"https:\\\/\\\/dorogimedence.hu\\\/index.php\\\/2020\\\/02\\\/22\\\/75-eve-tortent-dorog-ostroma-1944-1945-2-resz\\\/#breadcrumb\"},\"inLanguage\":\"hu\",\"potentialAction\":[{\"@type\":\"ReadAction\",\"target\":[\"https:\\\/\\\/dorogimedence.hu\\\/index.php\\\/2020\\\/02\\\/22\\\/75-eve-tortent-dorog-ostroma-1944-1945-2-resz\\\/\"]}]},{\"@type\":\"ImageObject\",\"inLanguage\":\"hu\",\"@id\":\"https:\\\/\\\/dorogimedence.hu\\\/index.php\\\/2020\\\/02\\\/22\\\/75-eve-tortent-dorog-ostroma-1944-1945-2-resz\\\/#primaryimage\",\"url\":\"https:\\\/\\\/dorogimedence.hu\\\/wp-content\\\/uploads\\\/2020\\\/02\\\/haboru-01.jpg\",\"contentUrl\":\"https:\\\/\\\/dorogimedence.hu\\\/wp-content\\\/uploads\\\/2020\\\/02\\\/haboru-01.jpg\",\"width\":670,\"height\":365},{\"@type\":\"BreadcrumbList\",\"@id\":\"https:\\\/\\\/dorogimedence.hu\\\/index.php\\\/2020\\\/02\\\/22\\\/75-eve-tortent-dorog-ostroma-1944-1945-2-resz\\\/#breadcrumb\",\"itemListElement\":[{\"@type\":\"ListItem\",\"position\":1,\"name\":\"Kezd\u0151lap\",\"item\":\"https:\\\/\\\/dorogimedence.hu\\\/\"},{\"@type\":\"ListItem\",\"position\":2,\"name\":\"75 \u00e9ve t\u00f6rt\u00e9nt: Dorog ostroma 1944 \u20131945 (2. r\u00e9sz)\"}]},{\"@type\":\"WebSite\",\"@id\":\"https:\\\/\\\/dorogimedence.hu\\\/#website\",\"url\":\"https:\\\/\\\/dorogimedence.hu\\\/\",\"name\":\"Dorogi-medence Region\u00e1lis H\u00edrport\u00e1l\",\"description\":\"Dorog, Keszt\u00f6lc, Le\u00e1nyv\u00e1r, Piliscs\u00e9v, Tokod, Tokodalt\u00e1r\u00f3, Csolnok, Esztergom-kertv\u00e1ros: h\u00edrek, programok\",\"publisher\":{\"@id\":\"https:\\\/\\\/dorogimedence.hu\\\/#organization\"},\"potentialAction\":[{\"@type\":\"SearchAction\",\"target\":{\"@type\":\"EntryPoint\",\"urlTemplate\":\"https:\\\/\\\/dorogimedence.hu\\\/?s={search_term_string}\"},\"query-input\":{\"@type\":\"PropertyValueSpecification\",\"valueRequired\":true,\"valueName\":\"search_term_string\"}}],\"inLanguage\":\"hu\"},{\"@type\":\"Organization\",\"@id\":\"https:\\\/\\\/dorogimedence.hu\\\/#organization\",\"name\":\"Dorogi-medence Region\u00e1lis H\u00edrport\u00e1l\",\"url\":\"https:\\\/\\\/dorogimedence.hu\\\/\",\"logo\":{\"@type\":\"ImageObject\",\"inLanguage\":\"hu\",\"@id\":\"https:\\\/\\\/dorogimedence.hu\\\/#\\\/schema\\\/logo\\\/image\\\/\",\"url\":\"https:\\\/\\\/dorogimedence.hu\\\/wp-content\\\/uploads\\\/2021\\\/04\\\/logo-feher-600.png\",\"contentUrl\":\"https:\\\/\\\/dorogimedence.hu\\\/wp-content\\\/uploads\\\/2021\\\/04\\\/logo-feher-600.png\",\"width\":600,\"height\":100,\"caption\":\"Dorogi-medence Region\u00e1lis H\u00edrport\u00e1l\"},\"image\":{\"@id\":\"https:\\\/\\\/dorogimedence.hu\\\/#\\\/schema\\\/logo\\\/image\\\/\"},\"sameAs\":[\"https:\\\/\\\/www.facebook.com\\\/dorogimedence\\\/\"]},{\"@type\":\"Person\",\"@id\":\"https:\\\/\\\/dorogimedence.hu\\\/#\\\/schema\\\/person\\\/ce6091eeb7e95ecdc87890d6aa8e0fd4\",\"name\":\"dorogimedence.hu\",\"image\":{\"@type\":\"ImageObject\",\"inLanguage\":\"hu\",\"@id\":\"\\\/\\\/www.gravatar.com\\\/avatar\\\/d8d45f8901aadff40a4af72c0b826f1d?s=96&#038;r=g&#038;d=mm\",\"url\":\"\\\/\\\/www.gravatar.com\\\/avatar\\\/d8d45f8901aadff40a4af72c0b826f1d?s=96&#038;r=g&#038;d=mm\",\"contentUrl\":\"\\\/\\\/www.gravatar.com\\\/avatar\\\/d8d45f8901aadff40a4af72c0b826f1d?s=96&#038;r=g&#038;d=mm\",\"caption\":\"dorogimedence.hu\"}}]}<\/script>\n<!-- \/ Yoast SEO plugin. -->","yoast_head_json":{"title":"75 \u00e9ve t\u00f6rt\u00e9nt: Dorog ostroma 1944 \u20131945 (2. r\u00e9sz)","robots":{"index":"index","follow":"follow","max-snippet":"max-snippet:-1","max-image-preview":"max-image-preview:large","max-video-preview":"max-video-preview:-1"},"canonical":"https:\/\/dorogimedence.hu\/index.php\/2020\/02\/22\/75-eve-tortent-dorog-ostroma-1944-1945-2-resz\/","og_locale":"hu_HU","og_type":"article","og_title":"75 \u00e9ve t\u00f6rt\u00e9nt: Dorog ostroma 1944 \u20131945 (2. r\u00e9sz)","og_description":"A sorozat v\u00e1rosunk h\u00e1bor\u00fas t\u00f6rt\u00e9net\u00e9nek h\u00e1romnegyed \u00e9vsz\u00e1zados \u00e9vfordul\u00f3ja alkalm\u00e1b\u00f3l k\u00edv\u00e1n eml\u00e9ket \u00e1ll\u00edtani, egyben a II. vil\u00e1gh\u00e1bor\u00fa befejez\u00e9s\u00e9nek 75. \u00e9vfordul\u00f3j\u00e1r\u00f3l is megeml\u00e9kezik. A r\u00e9szekben t\u00f6rt\u00e9n\u0151 bemutat\u00e1s, a Dorogon v\u00e9gbement s\u00falyos harcokat \u00e9s a vele szorosan \u00f6sszef\u00fcgg\u0151 esem\u00e9nyeket helyezi a k\u00f6z\u00e9ppontba. A jelen fejezetben kar\u00e1csony m\u00e1snapj\u00e1n \u00e9s az \u00e9v v\u00e9gig eltelt sz\u0171k egy h\u00e9t sor\u00e1n t\u00f6rt\u00e9ntek felid\u00e9z\u00e9svel","og_url":"https:\/\/dorogimedence.hu\/index.php\/2020\/02\/22\/75-eve-tortent-dorog-ostroma-1944-1945-2-resz\/","og_site_name":"Dorogi-medence Region\u00e1lis H\u00edrport\u00e1l","article_publisher":"https:\/\/www.facebook.com\/dorogimedence\/","article_published_time":"2020-02-22T06:04:42+00:00","article_modified_time":"2020-06-01T12:35:35+00:00","og_image":[{"width":670,"height":365,"url":"https:\/\/i0.wp.com\/dorogimedence.hu\/wp-content\/uploads\/2020\/02\/haboru-01.jpg?fit=670%2C365&ssl=1","type":"image\/jpeg"}],"author":"dorogimedence.hu","twitter_card":"summary_large_image","twitter_misc":{"Szerz\u0151:":"dorogimedence.hu","Becs\u00fclt olvas\u00e1si id\u0151":"25 perc"},"schema":{"@context":"https:\/\/schema.org","@graph":[{"@type":"Article","@id":"https:\/\/dorogimedence.hu\/index.php\/2020\/02\/22\/75-eve-tortent-dorog-ostroma-1944-1945-2-resz\/#article","isPartOf":{"@id":"https:\/\/dorogimedence.hu\/index.php\/2020\/02\/22\/75-eve-tortent-dorog-ostroma-1944-1945-2-resz\/"},"author":{"name":"dorogimedence.hu","@id":"https:\/\/dorogimedence.hu\/#\/schema\/person\/ce6091eeb7e95ecdc87890d6aa8e0fd4"},"headline":"75 \u00e9ve t\u00f6rt\u00e9nt: Dorog ostroma 1944 \u20131945 (2. r\u00e9sz)","datePublished":"2020-02-22T06:04:42+00:00","dateModified":"2020-06-01T12:35:35+00:00","mainEntityOfPage":{"@id":"https:\/\/dorogimedence.hu\/index.php\/2020\/02\/22\/75-eve-tortent-dorog-ostroma-1944-1945-2-resz\/"},"wordCount":5010,"publisher":{"@id":"https:\/\/dorogimedence.hu\/#organization"},"image":{"@id":"https:\/\/dorogimedence.hu\/index.php\/2020\/02\/22\/75-eve-tortent-dorog-ostroma-1944-1945-2-resz\/#primaryimage"},"thumbnailUrl":"https:\/\/dorogimedence.hu\/wp-content\/uploads\/2020\/02\/haboru-01.jpg","keywords":["Dorog","Dorog ostroma","h\u00e1bor\u00fa","II. vil\u00e1gh\u00e1bor\u00fa","Szab\u00f3 Gyula"],"articleSection":["75 \u00e9ve t\u00f6rt\u00e9nt: Dorog ostroma","Dorog","H\u00edrek"],"inLanguage":"hu"},{"@type":"WebPage","@id":"https:\/\/dorogimedence.hu\/index.php\/2020\/02\/22\/75-eve-tortent-dorog-ostroma-1944-1945-2-resz\/","url":"https:\/\/dorogimedence.hu\/index.php\/2020\/02\/22\/75-eve-tortent-dorog-ostroma-1944-1945-2-resz\/","name":"75 \u00e9ve t\u00f6rt\u00e9nt: Dorog ostroma 1944 \u20131945 (2. r\u00e9sz)","isPartOf":{"@id":"https:\/\/dorogimedence.hu\/#website"},"primaryImageOfPage":{"@id":"https:\/\/dorogimedence.hu\/index.php\/2020\/02\/22\/75-eve-tortent-dorog-ostroma-1944-1945-2-resz\/#primaryimage"},"image":{"@id":"https:\/\/dorogimedence.hu\/index.php\/2020\/02\/22\/75-eve-tortent-dorog-ostroma-1944-1945-2-resz\/#primaryimage"},"thumbnailUrl":"https:\/\/dorogimedence.hu\/wp-content\/uploads\/2020\/02\/haboru-01.jpg","datePublished":"2020-02-22T06:04:42+00:00","dateModified":"2020-06-01T12:35:35+00:00","breadcrumb":{"@id":"https:\/\/dorogimedence.hu\/index.php\/2020\/02\/22\/75-eve-tortent-dorog-ostroma-1944-1945-2-resz\/#breadcrumb"},"inLanguage":"hu","potentialAction":[{"@type":"ReadAction","target":["https:\/\/dorogimedence.hu\/index.php\/2020\/02\/22\/75-eve-tortent-dorog-ostroma-1944-1945-2-resz\/"]}]},{"@type":"ImageObject","inLanguage":"hu","@id":"https:\/\/dorogimedence.hu\/index.php\/2020\/02\/22\/75-eve-tortent-dorog-ostroma-1944-1945-2-resz\/#primaryimage","url":"https:\/\/dorogimedence.hu\/wp-content\/uploads\/2020\/02\/haboru-01.jpg","contentUrl":"https:\/\/dorogimedence.hu\/wp-content\/uploads\/2020\/02\/haboru-01.jpg","width":670,"height":365},{"@type":"BreadcrumbList","@id":"https:\/\/dorogimedence.hu\/index.php\/2020\/02\/22\/75-eve-tortent-dorog-ostroma-1944-1945-2-resz\/#breadcrumb","itemListElement":[{"@type":"ListItem","position":1,"name":"Kezd\u0151lap","item":"https:\/\/dorogimedence.hu\/"},{"@type":"ListItem","position":2,"name":"75 \u00e9ve t\u00f6rt\u00e9nt: Dorog ostroma 1944 \u20131945 (2. r\u00e9sz)"}]},{"@type":"WebSite","@id":"https:\/\/dorogimedence.hu\/#website","url":"https:\/\/dorogimedence.hu\/","name":"Dorogi-medence Region\u00e1lis H\u00edrport\u00e1l","description":"Dorog, Keszt\u00f6lc, Le\u00e1nyv\u00e1r, Piliscs\u00e9v, Tokod, Tokodalt\u00e1r\u00f3, Csolnok, Esztergom-kertv\u00e1ros: h\u00edrek, programok","publisher":{"@id":"https:\/\/dorogimedence.hu\/#organization"},"potentialAction":[{"@type":"SearchAction","target":{"@type":"EntryPoint","urlTemplate":"https:\/\/dorogimedence.hu\/?s={search_term_string}"},"query-input":{"@type":"PropertyValueSpecification","valueRequired":true,"valueName":"search_term_string"}}],"inLanguage":"hu"},{"@type":"Organization","@id":"https:\/\/dorogimedence.hu\/#organization","name":"Dorogi-medence Region\u00e1lis H\u00edrport\u00e1l","url":"https:\/\/dorogimedence.hu\/","logo":{"@type":"ImageObject","inLanguage":"hu","@id":"https:\/\/dorogimedence.hu\/#\/schema\/logo\/image\/","url":"https:\/\/dorogimedence.hu\/wp-content\/uploads\/2021\/04\/logo-feher-600.png","contentUrl":"https:\/\/dorogimedence.hu\/wp-content\/uploads\/2021\/04\/logo-feher-600.png","width":600,"height":100,"caption":"Dorogi-medence Region\u00e1lis H\u00edrport\u00e1l"},"image":{"@id":"https:\/\/dorogimedence.hu\/#\/schema\/logo\/image\/"},"sameAs":["https:\/\/www.facebook.com\/dorogimedence\/"]},{"@type":"Person","@id":"https:\/\/dorogimedence.hu\/#\/schema\/person\/ce6091eeb7e95ecdc87890d6aa8e0fd4","name":"dorogimedence.hu","image":{"@type":"ImageObject","inLanguage":"hu","@id":"\/\/www.gravatar.com\/avatar\/d8d45f8901aadff40a4af72c0b826f1d?s=96&#038;r=g&#038;d=mm","url":"\/\/www.gravatar.com\/avatar\/d8d45f8901aadff40a4af72c0b826f1d?s=96&#038;r=g&#038;d=mm","contentUrl":"\/\/www.gravatar.com\/avatar\/d8d45f8901aadff40a4af72c0b826f1d?s=96&#038;r=g&#038;d=mm","caption":"dorogimedence.hu"}}]}},"_links":{"self":[{"href":"https:\/\/dorogimedence.hu\/index.php\/wp-json\/wp\/v2\/posts\/23185","targetHints":{"allow":["GET"]}}],"collection":[{"href":"https:\/\/dorogimedence.hu\/index.php\/wp-json\/wp\/v2\/posts"}],"about":[{"href":"https:\/\/dorogimedence.hu\/index.php\/wp-json\/wp\/v2\/types\/post"}],"author":[{"embeddable":true,"href":"https:\/\/dorogimedence.hu\/index.php\/wp-json\/wp\/v2\/users\/1"}],"replies":[{"embeddable":true,"href":"https:\/\/dorogimedence.hu\/index.php\/wp-json\/wp\/v2\/comments?post=23185"}],"version-history":[{"count":0,"href":"https:\/\/dorogimedence.hu\/index.php\/wp-json\/wp\/v2\/posts\/23185\/revisions"}],"wp:featuredmedia":[{"embeddable":true,"href":"https:\/\/dorogimedence.hu\/index.php\/wp-json\/wp\/v2\/media\/23186"}],"wp:attachment":[{"href":"https:\/\/dorogimedence.hu\/index.php\/wp-json\/wp\/v2\/media?parent=23185"}],"wp:term":[{"taxonomy":"category","embeddable":true,"href":"https:\/\/dorogimedence.hu\/index.php\/wp-json\/wp\/v2\/categories?post=23185"},{"taxonomy":"post_tag","embeddable":true,"href":"https:\/\/dorogimedence.hu\/index.php\/wp-json\/wp\/v2\/tags?post=23185"}],"curies":[{"name":"wp","href":"https:\/\/api.w.org\/{rel}","templated":true}]}}