{"id":23067,"date":"2020-02-18T13:02:41","date_gmt":"2020-02-18T12:02:41","guid":{"rendered":"http:\/\/dorogimedence.hu\/?p=23067"},"modified":"2020-02-18T13:03:37","modified_gmt":"2020-02-18T12:03:37","slug":"egy-autokolcsonzot-vert-at-masfel-evet-kapott","status":"publish","type":"post","link":"https:\/\/dorogimedence.hu\/index.php\/2020\/02\/18\/egy-autokolcsonzot-vert-at-masfel-evet-kapott\/","title":{"rendered":"Egy aut\u00f3k\u00f6lcs\u00f6nz\u0151t vert \u00e1t, m\u00e1sf\u00e9l \u00e9vet kapott"},"content":{"rendered":"<p><strong>Joger\u0151sen m\u00e1sf\u00e9l \u00e9v b\u00f6rt\u00f6nb\u00fcntet\u00e9st kapott az a hevesi f\u00e9rfi, aki egy esztergomi aut\u00f3k\u00f6lcs\u00f6nz\u0151ben m\u00e1s f\u00e9rfi iratait haszn\u00e1lta fel, majd a kib\u00e9relt aut\u00f3val k\u00fclf\u00f6ldre t\u00e1vozott.<\/strong><\/p>\n<p>A v\u00e1dlott 2015. janu\u00e1r 23-\u00e1n egy esztergomi aut\u00f3k\u00f6lcs\u00f6nz\u0151ben m\u00e1s nev\u00e9re ki\u00e1ll\u00edtott \u00fatlevelet \u00e9s vezet\u0151i enged\u00e9lyt mutatott be, ezzel a s\u00e9rtettet megt\u00e9vesztve b\u00e9rbe vette az 1.350.000.- forint \u00e9rt\u00e9k\u0171 szem\u00e9lyg\u00e9pkocsit. A v\u00e1dlott az aut\u00f3t a kik\u00f6t\u00f6tt id\u0151pontig nem vitte vissza, az m\u00e1r a szerz\u0151d\u00e9s megk\u00f6t\u00e9sekor sem \u00e1llt sz\u00e1nd\u00e9k\u00e1ban, a j\u00e1rm\u0171vel k\u00fclf\u00f6ldre ment, a b\u00e9rbead\u00f3 sz\u00e1m\u00e1ra el\u00e9rhetetlenn\u00e9 v\u00e1lt.<\/p>\n<p>A szem\u00e9lyg\u00e9pkocsit a f\u00e9rfit\u00f3l Ausztri\u00e1ban foglalta le az osztr\u00e1k hat\u00f3s\u00e1g, majd a s\u00e9rtettnek visszaadta. A v\u00e1dlottal szemben az \u00fcgy\u00e9szs\u00e9g ind\u00edtv\u00e1ny\u00e1ra eur\u00f3pai elfogat\u00f3parancsot bocs\u00e1tott ki a b\u00edr\u00f3s\u00e1g, ennek alapj\u00e1n \u0151t N\u00e9metorsz\u00e1gban fogt\u00e1k el.<\/p>\n<p>Az elk\u00f6vet\u0151 jelenleg m\u00e1s \u00fcgyben kiszabott szabads\u00e1gveszt\u00e9s\u00e9t t\u00f6lti.<\/p>\n<p>Az Esztergomi J\u00e1r\u00e1sb\u00edr\u00f3s\u00e1gon 2020. febru\u00e1r 18-\u00e1n megtartott el\u0151k\u00e9sz\u00edt\u0151 \u00fcl\u00e9sen a b\u00edr\u00f3s\u00e1g a v\u00e1dlottat 1 \u00e9v 6 h\u00f3nap b\u00f6rt\u00f6nb\u00fcntet\u00e9sre \u00edt\u00e9lte, melyb\u0151l felt\u00e9teles szabads\u00e1gra nem bocs\u00e1that\u00f3 (mivel 2014. febru\u00e1rj\u00e1ban joger\u0151sen v\u00e9grehajtand\u00f3 szabads\u00e1gveszt\u00e9sre \u00edt\u00e9lt\u00e9k \u00e9s az \u00fajabb b\u0171ncselekm\u00e9nyt ezen b\u00fcntet\u00e9s v\u00e9grehajt\u00e1s\u00e1nak befejez\u00e9se el\u0151tt k\u00f6vette el) \u00e9s 2 \u00e9vre eltiltotta a k\u00f6z\u00fcgyek gyakorl\u00e1s\u00e1t\u00f3l.<\/p>\n<p><strong>Az \u00edt\u00e9let joger\u0151s.<\/strong><\/p>\n<p><em>Forr\u00e1s: Kom\u00e1rom-Esztergom Megyei F\u0151\u00fcgy\u00e9szs\u00e9g \/ Tatab\u00e1nyai T\u00f6rv\u00e9nysz\u00e9k<\/em><\/p>\n","protected":false},"excerpt":{"rendered":"<p>Joger\u0151sen m\u00e1sf\u00e9l \u00e9v b\u00f6rt\u00f6nb\u00fcntet\u00e9st kapott az a hevesi f\u00e9rfi, aki egy esztergomi aut\u00f3k\u00f6lcs\u00f6nz\u0151ben m\u00e1s f\u00e9rfi iratait haszn\u00e1lta fel, majd a kib\u00e9relt aut\u00f3val k\u00fclf\u00f6ldre t\u00e1vozott. A v\u00e1dlott 2015. janu\u00e1r 23-\u00e1n egy esztergomi aut\u00f3k\u00f6lcs\u00f6nz\u0151ben m\u00e1s nev\u00e9re ki\u00e1ll\u00edtott \u00fatlevelet \u00e9s vezet\u0151i enged\u00e9lyt mutatott be, ezzel a s\u00e9rtettet megt\u00e9vesztve b\u00e9rbe vette az 1.350.000.- forint \u00e9rt\u00e9k\u0171 szem\u00e9lyg\u00e9pkocsit. A v\u00e1dlott az<\/p>\n","protected":false},"author":1,"featured_media":0,"comment_status":"closed","ping_status":"closed","sticky":false,"template":"","format":"standard","meta":{"ngg_post_thumbnail":0,"footnotes":""},"categories":[38,3,39],"tags":[4726,1320,1042,42,326],"class_list":{"0":"post-23067","1":"post","2":"type-post","3":"status-publish","4":"format-standard","6":"category-esztergom","7":"category-hirek","8":"category-kek-hirek","9":"tag-autokolcsonzo","10":"tag-autolopas","11":"tag-birosag","12":"tag-esztergom","13":"tag-ugyeszseg"},"yoast_head":"<!-- This site is optimized with the Yoast SEO plugin v27.4 - https:\/\/yoast.com\/product\/yoast-seo-wordpress\/ -->\n<title>Egy aut\u00f3k\u00f6lcs\u00f6nz\u0151t vert \u00e1t, m\u00e1sf\u00e9l \u00e9vet kapott<\/title>\n<meta name=\"robots\" content=\"index, follow, max-snippet:-1, max-image-preview:large, max-video-preview:-1\" \/>\n<link rel=\"canonical\" href=\"https:\/\/dorogimedence.hu\/index.php\/2020\/02\/18\/egy-autokolcsonzot-vert-at-masfel-evet-kapott\/\" class=\"yoast-seo-meta-tag\" \/>\n<meta property=\"og:locale\" content=\"hu_HU\" class=\"yoast-seo-meta-tag\" \/>\n<meta property=\"og:type\" content=\"article\" class=\"yoast-seo-meta-tag\" \/>\n<meta property=\"og:title\" content=\"Egy aut\u00f3k\u00f6lcs\u00f6nz\u0151t vert \u00e1t, m\u00e1sf\u00e9l \u00e9vet kapott\" class=\"yoast-seo-meta-tag\" \/>\n<meta property=\"og:description\" content=\"Joger\u0151sen m\u00e1sf\u00e9l \u00e9v b\u00f6rt\u00f6nb\u00fcntet\u00e9st kapott az a hevesi f\u00e9rfi, aki egy esztergomi aut\u00f3k\u00f6lcs\u00f6nz\u0151ben m\u00e1s f\u00e9rfi iratait haszn\u00e1lta fel, majd a kib\u00e9relt aut\u00f3val k\u00fclf\u00f6ldre t\u00e1vozott. A v\u00e1dlott 2015. janu\u00e1r 23-\u00e1n egy esztergomi aut\u00f3k\u00f6lcs\u00f6nz\u0151ben m\u00e1s nev\u00e9re ki\u00e1ll\u00edtott \u00fatlevelet \u00e9s vezet\u0151i enged\u00e9lyt mutatott be, ezzel a s\u00e9rtettet megt\u00e9vesztve b\u00e9rbe vette az 1.350.000.- forint \u00e9rt\u00e9k\u0171 szem\u00e9lyg\u00e9pkocsit. A v\u00e1dlott az\" class=\"yoast-seo-meta-tag\" \/>\n<meta property=\"og:url\" content=\"https:\/\/dorogimedence.hu\/index.php\/2020\/02\/18\/egy-autokolcsonzot-vert-at-masfel-evet-kapott\/\" class=\"yoast-seo-meta-tag\" \/>\n<meta property=\"og:site_name\" content=\"Dorogi-medence Region\u00e1lis H\u00edrport\u00e1l\" class=\"yoast-seo-meta-tag\" \/>\n<meta property=\"article:publisher\" content=\"https:\/\/www.facebook.com\/dorogimedence\/\" class=\"yoast-seo-meta-tag\" \/>\n<meta property=\"article:published_time\" content=\"2020-02-18T12:02:41+00:00\" class=\"yoast-seo-meta-tag\" \/>\n<meta property=\"article:modified_time\" content=\"2020-02-18T12:03:37+00:00\" class=\"yoast-seo-meta-tag\" \/>\n<meta property=\"og:image\" content=\"https:\/\/i0.wp.com\/dorogimedence.hu\/wp-content\/uploads\/2017\/07\/birosag-01.jpg?fit=670%2C365&ssl=1\" class=\"yoast-seo-meta-tag\" \/>\n\t<meta property=\"og:image:width\" content=\"670\" class=\"yoast-seo-meta-tag\" \/>\n\t<meta property=\"og:image:height\" content=\"365\" class=\"yoast-seo-meta-tag\" \/>\n\t<meta property=\"og:image:type\" content=\"image\/jpeg\" class=\"yoast-seo-meta-tag\" \/>\n<meta name=\"author\" content=\"dorogimedence.hu\" class=\"yoast-seo-meta-tag\" \/>\n<meta name=\"twitter:card\" content=\"summary_large_image\" class=\"yoast-seo-meta-tag\" \/>\n<meta name=\"twitter:label1\" content=\"Szerz\u0151:\" class=\"yoast-seo-meta-tag\" \/>\n\t<meta name=\"twitter:data1\" content=\"dorogimedence.hu\" class=\"yoast-seo-meta-tag\" \/>\n\t<meta name=\"twitter:label2\" content=\"Becs\u00fclt olvas\u00e1si id\u0151\" class=\"yoast-seo-meta-tag\" \/>\n\t<meta name=\"twitter:data2\" content=\"2 perc\" class=\"yoast-seo-meta-tag\" \/>\n<script type=\"application\/ld+json\" class=\"yoast-schema-graph\">{\"@context\":\"https:\\\/\\\/schema.org\",\"@graph\":[{\"@type\":\"Article\",\"@id\":\"https:\\\/\\\/dorogimedence.hu\\\/index.php\\\/2020\\\/02\\\/18\\\/egy-autokolcsonzot-vert-at-masfel-evet-kapott\\\/#article\",\"isPartOf\":{\"@id\":\"https:\\\/\\\/dorogimedence.hu\\\/index.php\\\/2020\\\/02\\\/18\\\/egy-autokolcsonzot-vert-at-masfel-evet-kapott\\\/\"},\"author\":{\"name\":\"dorogimedence.hu\",\"@id\":\"https:\\\/\\\/dorogimedence.hu\\\/#\\\/schema\\\/person\\\/ce6091eeb7e95ecdc87890d6aa8e0fd4\"},\"headline\":\"Egy aut\u00f3k\u00f6lcs\u00f6nz\u0151t vert \u00e1t, m\u00e1sf\u00e9l \u00e9vet kapott\",\"datePublished\":\"2020-02-18T12:02:41+00:00\",\"dateModified\":\"2020-02-18T12:03:37+00:00\",\"mainEntityOfPage\":{\"@id\":\"https:\\\/\\\/dorogimedence.hu\\\/index.php\\\/2020\\\/02\\\/18\\\/egy-autokolcsonzot-vert-at-masfel-evet-kapott\\\/\"},\"wordCount\":335,\"publisher\":{\"@id\":\"https:\\\/\\\/dorogimedence.hu\\\/#organization\"},\"keywords\":[\"aut\u00f3k\u00f6lcs\u00f6nz\u0151\",\"aut\u00f3lop\u00e1s\",\"b\u00edr\u00f3s\u00e1g\",\"esztergom\",\"\u00fcgy\u00e9szs\u00e9g\"],\"articleSection\":[\"Esztergom\",\"H\u00edrek\",\"K\u00e9k h\u00edrek\"],\"inLanguage\":\"hu\"},{\"@type\":\"WebPage\",\"@id\":\"https:\\\/\\\/dorogimedence.hu\\\/index.php\\\/2020\\\/02\\\/18\\\/egy-autokolcsonzot-vert-at-masfel-evet-kapott\\\/\",\"url\":\"https:\\\/\\\/dorogimedence.hu\\\/index.php\\\/2020\\\/02\\\/18\\\/egy-autokolcsonzot-vert-at-masfel-evet-kapott\\\/\",\"name\":\"Egy aut\u00f3k\u00f6lcs\u00f6nz\u0151t vert \u00e1t, m\u00e1sf\u00e9l \u00e9vet kapott\",\"isPartOf\":{\"@id\":\"https:\\\/\\\/dorogimedence.hu\\\/#website\"},\"datePublished\":\"2020-02-18T12:02:41+00:00\",\"dateModified\":\"2020-02-18T12:03:37+00:00\",\"breadcrumb\":{\"@id\":\"https:\\\/\\\/dorogimedence.hu\\\/index.php\\\/2020\\\/02\\\/18\\\/egy-autokolcsonzot-vert-at-masfel-evet-kapott\\\/#breadcrumb\"},\"inLanguage\":\"hu\",\"potentialAction\":[{\"@type\":\"ReadAction\",\"target\":[\"https:\\\/\\\/dorogimedence.hu\\\/index.php\\\/2020\\\/02\\\/18\\\/egy-autokolcsonzot-vert-at-masfel-evet-kapott\\\/\"]}]},{\"@type\":\"BreadcrumbList\",\"@id\":\"https:\\\/\\\/dorogimedence.hu\\\/index.php\\\/2020\\\/02\\\/18\\\/egy-autokolcsonzot-vert-at-masfel-evet-kapott\\\/#breadcrumb\",\"itemListElement\":[{\"@type\":\"ListItem\",\"position\":1,\"name\":\"Kezd\u0151lap\",\"item\":\"https:\\\/\\\/dorogimedence.hu\\\/\"},{\"@type\":\"ListItem\",\"position\":2,\"name\":\"Egy aut\u00f3k\u00f6lcs\u00f6nz\u0151t vert \u00e1t, m\u00e1sf\u00e9l \u00e9vet kapott\"}]},{\"@type\":\"WebSite\",\"@id\":\"https:\\\/\\\/dorogimedence.hu\\\/#website\",\"url\":\"https:\\\/\\\/dorogimedence.hu\\\/\",\"name\":\"Dorogi-medence Region\u00e1lis H\u00edrport\u00e1l\",\"description\":\"Dorog, Keszt\u00f6lc, Le\u00e1nyv\u00e1r, Piliscs\u00e9v, Tokod, Tokodalt\u00e1r\u00f3, Csolnok, Esztergom-kertv\u00e1ros: h\u00edrek, programok\",\"publisher\":{\"@id\":\"https:\\\/\\\/dorogimedence.hu\\\/#organization\"},\"potentialAction\":[{\"@type\":\"SearchAction\",\"target\":{\"@type\":\"EntryPoint\",\"urlTemplate\":\"https:\\\/\\\/dorogimedence.hu\\\/?s={search_term_string}\"},\"query-input\":{\"@type\":\"PropertyValueSpecification\",\"valueRequired\":true,\"valueName\":\"search_term_string\"}}],\"inLanguage\":\"hu\"},{\"@type\":\"Organization\",\"@id\":\"https:\\\/\\\/dorogimedence.hu\\\/#organization\",\"name\":\"Dorogi-medence Region\u00e1lis H\u00edrport\u00e1l\",\"url\":\"https:\\\/\\\/dorogimedence.hu\\\/\",\"logo\":{\"@type\":\"ImageObject\",\"inLanguage\":\"hu\",\"@id\":\"https:\\\/\\\/dorogimedence.hu\\\/#\\\/schema\\\/logo\\\/image\\\/\",\"url\":\"https:\\\/\\\/dorogimedence.hu\\\/wp-content\\\/uploads\\\/2021\\\/04\\\/logo-feher-600.png\",\"contentUrl\":\"https:\\\/\\\/dorogimedence.hu\\\/wp-content\\\/uploads\\\/2021\\\/04\\\/logo-feher-600.png\",\"width\":600,\"height\":100,\"caption\":\"Dorogi-medence Region\u00e1lis H\u00edrport\u00e1l\"},\"image\":{\"@id\":\"https:\\\/\\\/dorogimedence.hu\\\/#\\\/schema\\\/logo\\\/image\\\/\"},\"sameAs\":[\"https:\\\/\\\/www.facebook.com\\\/dorogimedence\\\/\"]},{\"@type\":\"Person\",\"@id\":\"https:\\\/\\\/dorogimedence.hu\\\/#\\\/schema\\\/person\\\/ce6091eeb7e95ecdc87890d6aa8e0fd4\",\"name\":\"dorogimedence.hu\",\"image\":{\"@type\":\"ImageObject\",\"inLanguage\":\"hu\",\"@id\":\"\\\/\\\/www.gravatar.com\\\/avatar\\\/d8d45f8901aadff40a4af72c0b826f1d?s=96&#038;r=g&#038;d=mm\",\"url\":\"\\\/\\\/www.gravatar.com\\\/avatar\\\/d8d45f8901aadff40a4af72c0b826f1d?s=96&#038;r=g&#038;d=mm\",\"contentUrl\":\"\\\/\\\/www.gravatar.com\\\/avatar\\\/d8d45f8901aadff40a4af72c0b826f1d?s=96&#038;r=g&#038;d=mm\",\"caption\":\"dorogimedence.hu\"}}]}<\/script>\n<!-- \/ Yoast SEO plugin. -->","yoast_head_json":{"title":"Egy aut\u00f3k\u00f6lcs\u00f6nz\u0151t vert \u00e1t, m\u00e1sf\u00e9l \u00e9vet kapott","robots":{"index":"index","follow":"follow","max-snippet":"max-snippet:-1","max-image-preview":"max-image-preview:large","max-video-preview":"max-video-preview:-1"},"canonical":"https:\/\/dorogimedence.hu\/index.php\/2020\/02\/18\/egy-autokolcsonzot-vert-at-masfel-evet-kapott\/","og_locale":"hu_HU","og_type":"article","og_title":"Egy aut\u00f3k\u00f6lcs\u00f6nz\u0151t vert \u00e1t, m\u00e1sf\u00e9l \u00e9vet kapott","og_description":"Joger\u0151sen m\u00e1sf\u00e9l \u00e9v b\u00f6rt\u00f6nb\u00fcntet\u00e9st kapott az a hevesi f\u00e9rfi, aki egy esztergomi aut\u00f3k\u00f6lcs\u00f6nz\u0151ben m\u00e1s f\u00e9rfi iratait haszn\u00e1lta fel, majd a kib\u00e9relt aut\u00f3val k\u00fclf\u00f6ldre t\u00e1vozott. A v\u00e1dlott 2015. janu\u00e1r 23-\u00e1n egy esztergomi aut\u00f3k\u00f6lcs\u00f6nz\u0151ben m\u00e1s nev\u00e9re ki\u00e1ll\u00edtott \u00fatlevelet \u00e9s vezet\u0151i enged\u00e9lyt mutatott be, ezzel a s\u00e9rtettet megt\u00e9vesztve b\u00e9rbe vette az 1.350.000.- forint \u00e9rt\u00e9k\u0171 szem\u00e9lyg\u00e9pkocsit. A v\u00e1dlott az","og_url":"https:\/\/dorogimedence.hu\/index.php\/2020\/02\/18\/egy-autokolcsonzot-vert-at-masfel-evet-kapott\/","og_site_name":"Dorogi-medence Region\u00e1lis H\u00edrport\u00e1l","article_publisher":"https:\/\/www.facebook.com\/dorogimedence\/","article_published_time":"2020-02-18T12:02:41+00:00","article_modified_time":"2020-02-18T12:03:37+00:00","og_image":[{"width":670,"height":365,"url":"https:\/\/i0.wp.com\/dorogimedence.hu\/wp-content\/uploads\/2017\/07\/birosag-01.jpg?fit=670%2C365&ssl=1","type":"image\/jpeg"}],"author":"dorogimedence.hu","twitter_card":"summary_large_image","twitter_misc":{"Szerz\u0151:":"dorogimedence.hu","Becs\u00fclt olvas\u00e1si id\u0151":"2 perc"},"schema":{"@context":"https:\/\/schema.org","@graph":[{"@type":"Article","@id":"https:\/\/dorogimedence.hu\/index.php\/2020\/02\/18\/egy-autokolcsonzot-vert-at-masfel-evet-kapott\/#article","isPartOf":{"@id":"https:\/\/dorogimedence.hu\/index.php\/2020\/02\/18\/egy-autokolcsonzot-vert-at-masfel-evet-kapott\/"},"author":{"name":"dorogimedence.hu","@id":"https:\/\/dorogimedence.hu\/#\/schema\/person\/ce6091eeb7e95ecdc87890d6aa8e0fd4"},"headline":"Egy aut\u00f3k\u00f6lcs\u00f6nz\u0151t vert \u00e1t, m\u00e1sf\u00e9l \u00e9vet kapott","datePublished":"2020-02-18T12:02:41+00:00","dateModified":"2020-02-18T12:03:37+00:00","mainEntityOfPage":{"@id":"https:\/\/dorogimedence.hu\/index.php\/2020\/02\/18\/egy-autokolcsonzot-vert-at-masfel-evet-kapott\/"},"wordCount":335,"publisher":{"@id":"https:\/\/dorogimedence.hu\/#organization"},"keywords":["aut\u00f3k\u00f6lcs\u00f6nz\u0151","aut\u00f3lop\u00e1s","b\u00edr\u00f3s\u00e1g","esztergom","\u00fcgy\u00e9szs\u00e9g"],"articleSection":["Esztergom","H\u00edrek","K\u00e9k h\u00edrek"],"inLanguage":"hu"},{"@type":"WebPage","@id":"https:\/\/dorogimedence.hu\/index.php\/2020\/02\/18\/egy-autokolcsonzot-vert-at-masfel-evet-kapott\/","url":"https:\/\/dorogimedence.hu\/index.php\/2020\/02\/18\/egy-autokolcsonzot-vert-at-masfel-evet-kapott\/","name":"Egy aut\u00f3k\u00f6lcs\u00f6nz\u0151t vert \u00e1t, m\u00e1sf\u00e9l \u00e9vet kapott","isPartOf":{"@id":"https:\/\/dorogimedence.hu\/#website"},"datePublished":"2020-02-18T12:02:41+00:00","dateModified":"2020-02-18T12:03:37+00:00","breadcrumb":{"@id":"https:\/\/dorogimedence.hu\/index.php\/2020\/02\/18\/egy-autokolcsonzot-vert-at-masfel-evet-kapott\/#breadcrumb"},"inLanguage":"hu","potentialAction":[{"@type":"ReadAction","target":["https:\/\/dorogimedence.hu\/index.php\/2020\/02\/18\/egy-autokolcsonzot-vert-at-masfel-evet-kapott\/"]}]},{"@type":"BreadcrumbList","@id":"https:\/\/dorogimedence.hu\/index.php\/2020\/02\/18\/egy-autokolcsonzot-vert-at-masfel-evet-kapott\/#breadcrumb","itemListElement":[{"@type":"ListItem","position":1,"name":"Kezd\u0151lap","item":"https:\/\/dorogimedence.hu\/"},{"@type":"ListItem","position":2,"name":"Egy aut\u00f3k\u00f6lcs\u00f6nz\u0151t vert \u00e1t, m\u00e1sf\u00e9l \u00e9vet kapott"}]},{"@type":"WebSite","@id":"https:\/\/dorogimedence.hu\/#website","url":"https:\/\/dorogimedence.hu\/","name":"Dorogi-medence Region\u00e1lis H\u00edrport\u00e1l","description":"Dorog, Keszt\u00f6lc, Le\u00e1nyv\u00e1r, Piliscs\u00e9v, Tokod, Tokodalt\u00e1r\u00f3, Csolnok, Esztergom-kertv\u00e1ros: h\u00edrek, programok","publisher":{"@id":"https:\/\/dorogimedence.hu\/#organization"},"potentialAction":[{"@type":"SearchAction","target":{"@type":"EntryPoint","urlTemplate":"https:\/\/dorogimedence.hu\/?s={search_term_string}"},"query-input":{"@type":"PropertyValueSpecification","valueRequired":true,"valueName":"search_term_string"}}],"inLanguage":"hu"},{"@type":"Organization","@id":"https:\/\/dorogimedence.hu\/#organization","name":"Dorogi-medence Region\u00e1lis H\u00edrport\u00e1l","url":"https:\/\/dorogimedence.hu\/","logo":{"@type":"ImageObject","inLanguage":"hu","@id":"https:\/\/dorogimedence.hu\/#\/schema\/logo\/image\/","url":"https:\/\/dorogimedence.hu\/wp-content\/uploads\/2021\/04\/logo-feher-600.png","contentUrl":"https:\/\/dorogimedence.hu\/wp-content\/uploads\/2021\/04\/logo-feher-600.png","width":600,"height":100,"caption":"Dorogi-medence Region\u00e1lis H\u00edrport\u00e1l"},"image":{"@id":"https:\/\/dorogimedence.hu\/#\/schema\/logo\/image\/"},"sameAs":["https:\/\/www.facebook.com\/dorogimedence\/"]},{"@type":"Person","@id":"https:\/\/dorogimedence.hu\/#\/schema\/person\/ce6091eeb7e95ecdc87890d6aa8e0fd4","name":"dorogimedence.hu","image":{"@type":"ImageObject","inLanguage":"hu","@id":"\/\/www.gravatar.com\/avatar\/d8d45f8901aadff40a4af72c0b826f1d?s=96&#038;r=g&#038;d=mm","url":"\/\/www.gravatar.com\/avatar\/d8d45f8901aadff40a4af72c0b826f1d?s=96&#038;r=g&#038;d=mm","contentUrl":"\/\/www.gravatar.com\/avatar\/d8d45f8901aadff40a4af72c0b826f1d?s=96&#038;r=g&#038;d=mm","caption":"dorogimedence.hu"}}]}},"_links":{"self":[{"href":"https:\/\/dorogimedence.hu\/index.php\/wp-json\/wp\/v2\/posts\/23067","targetHints":{"allow":["GET"]}}],"collection":[{"href":"https:\/\/dorogimedence.hu\/index.php\/wp-json\/wp\/v2\/posts"}],"about":[{"href":"https:\/\/dorogimedence.hu\/index.php\/wp-json\/wp\/v2\/types\/post"}],"author":[{"embeddable":true,"href":"https:\/\/dorogimedence.hu\/index.php\/wp-json\/wp\/v2\/users\/1"}],"replies":[{"embeddable":true,"href":"https:\/\/dorogimedence.hu\/index.php\/wp-json\/wp\/v2\/comments?post=23067"}],"version-history":[{"count":0,"href":"https:\/\/dorogimedence.hu\/index.php\/wp-json\/wp\/v2\/posts\/23067\/revisions"}],"wp:attachment":[{"href":"https:\/\/dorogimedence.hu\/index.php\/wp-json\/wp\/v2\/media?parent=23067"}],"wp:term":[{"taxonomy":"category","embeddable":true,"href":"https:\/\/dorogimedence.hu\/index.php\/wp-json\/wp\/v2\/categories?post=23067"},{"taxonomy":"post_tag","embeddable":true,"href":"https:\/\/dorogimedence.hu\/index.php\/wp-json\/wp\/v2\/tags?post=23067"}],"curies":[{"name":"wp","href":"https:\/\/api.w.org\/{rel}","templated":true}]}}