{"id":23054,"date":"2020-02-18T09:19:40","date_gmt":"2020-02-18T08:19:40","guid":{"rendered":"http:\/\/dorogimedence.hu\/?p=23054"},"modified":"2020-02-18T09:21:39","modified_gmt":"2020-02-18T08:21:39","slug":"harom-baleset-is-tortent-tersegunkben","status":"publish","type":"post","link":"https:\/\/dorogimedence.hu\/index.php\/2020\/02\/18\/harom-baleset-is-tortent-tersegunkben\/","title":{"rendered":"H\u00e1rom baleset is t\u00f6rt\u00e9nt t\u00e9rs\u00e9g\u00fcnkben"},"content":{"rendered":"<p><strong>Esztergom-Kertv\u00e1rosban h\u00e9tf\u0151 este \u00e9s kedd reggel is baleset t\u00f6rt\u00e9nt. Mindemellett S\u00fctt\u0151 \u00e9s Neszm\u00e9ly k\u00f6z\u00f6tt k\u00e9t aut\u00f3 \u00fctk\u00f6z\u00f6tt \u00f6ssze.<\/strong><\/p>\n<p>Febru\u00e1r 17-\u00e9n, h\u00e9tf\u0151n 19 \u00f3rakor az esztergom-kertv\u00e1rosi k\u00f6rforgalomban egy Suzuki t\u00edpus\u00fa g\u00e9pj\u00e1rm\u0171 haladt, amikor jobbr\u00f3l egy Audi t\u00edpus\u00fa g\u00e9pj\u00e1rm\u0171 beleszaladt. Az eset sor\u00e1n anyagi k\u00e1r keletkezett, az Audit vezet\u0151 sof\u0151r ellen szab\u00e1lys\u00e9rt\u00e9si elj\u00e1r\u00e1st ind\u00edtottak, els\u0151bbs\u00e9gad\u00e1s elmulaszt\u00e1sa miatt \u2013 tudtuk meg a rend\u0151rs\u00e9g sz\u00f3viv\u0151j\u00e9t\u0151l.<\/p>\n<p>Febru\u00e1r 18-\u00e1n, kedden reggel f\u00e9l 7 k\u00f6r\u00fcl ism\u00e9t baleset t\u00f6rt\u00e9nt Esztergom-Kertv\u00e1rosban. Az OMV benzink\u00fatn\u00e1l egy szem\u00e9lyaut\u00f3 \u00e9s egy terepj\u00e1r\u00f3 \u00fctk\u00f6z\u00f6tt \u00f6ssze. Inform\u00e1ci\u00f3ink szerint az eset sor\u00e1n csak anyagi k\u00e1r keletkezett.<\/p>\n<p>Szint\u00e9n kedden reggel h\u00e1romnegyed hatkor S\u00fctt\u0151 \u00e9s Neszm\u00e9ly k\u00f6z\u00f6tt baleset t\u00f6rt\u00e9nt a 10-es \u00faton. A rend\u0151rs\u00e9g t\u00e1j\u00e9koztat\u00e1sa szerint egy szem\u00e9lyaut\u00f3 Neszm\u00e9ly ir\u00e1ny\u00e1b\u00f3l S\u00fctt\u0151 fel\u00e9 haladt. A sof\u0151r el\u0151z\u00e9sbe kezdett, viszont a man\u0151vert nem tudta id\u0151ben befejezni, ez\u00e9rt a vele szemben szab\u00e1lyosan k\u00f6zleked\u0151 aut\u00f3val front\u00e1lisan \u00f6ssze\u00fctk\u00f6z\u00f6tt. Az eset sor\u00e1n a balesetet okoz\u00f3 sof\u0151r utasa s\u00e9r\u00fclt meg, hozz\u00e1 a ment\u0151k \u00e9rkeztek ki. A helysz\u00ednel\u00e9s ideje alatt f\u00e9lp\u00e1ly\u00e1s \u00fatz\u00e1r volt \u00e9rv\u00e9nyben.<\/p>\n<p><em>Fot\u00f3: OMV benzink\u00fatn\u00e1l t\u00f6rt\u00e9nt baleset (10-es \u00fat Facebook csoport \u2013 Mur\u00e1nyi Mikl\u00f3s)<\/em><\/p>\n","protected":false},"excerpt":{"rendered":"<p>Esztergom-Kertv\u00e1rosban h\u00e9tf\u0151 este \u00e9s kedd reggel is baleset t\u00f6rt\u00e9nt. Mindemellett S\u00fctt\u0151 \u00e9s Neszm\u00e9ly k\u00f6z\u00f6tt k\u00e9t aut\u00f3 \u00fctk\u00f6z\u00f6tt \u00f6ssze. Febru\u00e1r 17-\u00e9n, h\u00e9tf\u0151n 19 \u00f3rakor az esztergom-kertv\u00e1rosi k\u00f6rforgalomban egy Suzuki t\u00edpus\u00fa g\u00e9pj\u00e1rm\u0171 haladt, amikor jobbr\u00f3l egy Audi t\u00edpus\u00fa g\u00e9pj\u00e1rm\u0171 beleszaladt. Az eset sor\u00e1n anyagi k\u00e1r keletkezett, az Audit vezet\u0151 sof\u0151r ellen szab\u00e1lys\u00e9rt\u00e9si elj\u00e1r\u00e1st ind\u00edtottak, els\u0151bbs\u00e9gad\u00e1s elmulaszt\u00e1sa miatt<\/p>\n","protected":false},"author":1,"featured_media":23056,"comment_status":"closed","ping_status":"closed","sticky":false,"template":"","format":"standard","meta":{"ngg_post_thumbnail":0,"footnotes":""},"categories":[38,7,3,39],"tags":[45,44,169,2019,61,376],"class_list":{"0":"post-23054","1":"post","2":"type-post","3":"status-publish","4":"format-standard","5":"has-post-thumbnail","7":"category-esztergom","8":"category-esztergom_kertvaros","9":"category-hirek","10":"category-kek-hirek","11":"tag-autobaleset","12":"tag-baleset","13":"tag-esztergom-kertvaros","14":"tag-neszmely","15":"tag-rendorsegi-hirek","16":"tag-sutto"},"yoast_head":"<!-- This site is optimized with the Yoast SEO plugin v27.4 - https:\/\/yoast.com\/product\/yoast-seo-wordpress\/ -->\n<title>H\u00e1rom baleset is t\u00f6rt\u00e9nt t\u00e9rs\u00e9g\u00fcnkben<\/title>\n<meta name=\"robots\" content=\"index, follow, max-snippet:-1, max-image-preview:large, max-video-preview:-1\" \/>\n<link rel=\"canonical\" href=\"https:\/\/dorogimedence.hu\/index.php\/2020\/02\/18\/harom-baleset-is-tortent-tersegunkben\/\" class=\"yoast-seo-meta-tag\" \/>\n<meta property=\"og:locale\" content=\"hu_HU\" class=\"yoast-seo-meta-tag\" \/>\n<meta property=\"og:type\" content=\"article\" class=\"yoast-seo-meta-tag\" \/>\n<meta property=\"og:title\" content=\"H\u00e1rom baleset is t\u00f6rt\u00e9nt t\u00e9rs\u00e9g\u00fcnkben\" class=\"yoast-seo-meta-tag\" \/>\n<meta property=\"og:description\" content=\"Esztergom-Kertv\u00e1rosban h\u00e9tf\u0151 este \u00e9s kedd reggel is baleset t\u00f6rt\u00e9nt. Mindemellett S\u00fctt\u0151 \u00e9s Neszm\u00e9ly k\u00f6z\u00f6tt k\u00e9t aut\u00f3 \u00fctk\u00f6z\u00f6tt \u00f6ssze. Febru\u00e1r 17-\u00e9n, h\u00e9tf\u0151n 19 \u00f3rakor az esztergom-kertv\u00e1rosi k\u00f6rforgalomban egy Suzuki t\u00edpus\u00fa g\u00e9pj\u00e1rm\u0171 haladt, amikor jobbr\u00f3l egy Audi t\u00edpus\u00fa g\u00e9pj\u00e1rm\u0171 beleszaladt. Az eset sor\u00e1n anyagi k\u00e1r keletkezett, az Audit vezet\u0151 sof\u0151r ellen szab\u00e1lys\u00e9rt\u00e9si elj\u00e1r\u00e1st ind\u00edtottak, els\u0151bbs\u00e9gad\u00e1s elmulaszt\u00e1sa miatt\" class=\"yoast-seo-meta-tag\" \/>\n<meta property=\"og:url\" content=\"https:\/\/dorogimedence.hu\/index.php\/2020\/02\/18\/harom-baleset-is-tortent-tersegunkben\/\" class=\"yoast-seo-meta-tag\" \/>\n<meta property=\"og:site_name\" content=\"Dorogi-medence Region\u00e1lis H\u00edrport\u00e1l\" class=\"yoast-seo-meta-tag\" \/>\n<meta property=\"article:publisher\" content=\"https:\/\/www.facebook.com\/dorogimedence\/\" class=\"yoast-seo-meta-tag\" \/>\n<meta property=\"article:published_time\" content=\"2020-02-18T08:19:40+00:00\" class=\"yoast-seo-meta-tag\" \/>\n<meta property=\"article:modified_time\" content=\"2020-02-18T08:21:39+00:00\" class=\"yoast-seo-meta-tag\" \/>\n<meta property=\"og:image\" content=\"https:\/\/i0.wp.com\/dorogimedence.hu\/wp-content\/uploads\/2020\/02\/egom-baleset-1.jpg?fit=670%2C365&ssl=1\" class=\"yoast-seo-meta-tag\" \/>\n\t<meta property=\"og:image:width\" content=\"670\" class=\"yoast-seo-meta-tag\" \/>\n\t<meta property=\"og:image:height\" content=\"365\" class=\"yoast-seo-meta-tag\" \/>\n\t<meta property=\"og:image:type\" content=\"image\/jpeg\" class=\"yoast-seo-meta-tag\" \/>\n<meta name=\"author\" content=\"dorogimedence.hu\" class=\"yoast-seo-meta-tag\" \/>\n<meta name=\"twitter:card\" content=\"summary_large_image\" class=\"yoast-seo-meta-tag\" \/>\n<meta name=\"twitter:label1\" content=\"Szerz\u0151:\" class=\"yoast-seo-meta-tag\" \/>\n\t<meta name=\"twitter:data1\" content=\"dorogimedence.hu\" class=\"yoast-seo-meta-tag\" \/>\n\t<meta name=\"twitter:label2\" content=\"Becs\u00fclt olvas\u00e1si id\u0151\" class=\"yoast-seo-meta-tag\" \/>\n\t<meta name=\"twitter:data2\" content=\"1 perc\" class=\"yoast-seo-meta-tag\" \/>\n<script type=\"application\/ld+json\" class=\"yoast-schema-graph\">{\"@context\":\"https:\\\/\\\/schema.org\",\"@graph\":[{\"@type\":\"Article\",\"@id\":\"https:\\\/\\\/dorogimedence.hu\\\/index.php\\\/2020\\\/02\\\/18\\\/harom-baleset-is-tortent-tersegunkben\\\/#article\",\"isPartOf\":{\"@id\":\"https:\\\/\\\/dorogimedence.hu\\\/index.php\\\/2020\\\/02\\\/18\\\/harom-baleset-is-tortent-tersegunkben\\\/\"},\"author\":{\"name\":\"dorogimedence.hu\",\"@id\":\"https:\\\/\\\/dorogimedence.hu\\\/#\\\/schema\\\/person\\\/ce6091eeb7e95ecdc87890d6aa8e0fd4\"},\"headline\":\"H\u00e1rom baleset is t\u00f6rt\u00e9nt t\u00e9rs\u00e9g\u00fcnkben\",\"datePublished\":\"2020-02-18T08:19:40+00:00\",\"dateModified\":\"2020-02-18T08:21:39+00:00\",\"mainEntityOfPage\":{\"@id\":\"https:\\\/\\\/dorogimedence.hu\\\/index.php\\\/2020\\\/02\\\/18\\\/harom-baleset-is-tortent-tersegunkben\\\/\"},\"wordCount\":290,\"publisher\":{\"@id\":\"https:\\\/\\\/dorogimedence.hu\\\/#organization\"},\"image\":{\"@id\":\"https:\\\/\\\/dorogimedence.hu\\\/index.php\\\/2020\\\/02\\\/18\\\/harom-baleset-is-tortent-tersegunkben\\\/#primaryimage\"},\"thumbnailUrl\":\"https:\\\/\\\/dorogimedence.hu\\\/wp-content\\\/uploads\\\/2020\\\/02\\\/egom-baleset-1.jpg\",\"keywords\":[\"aut\u00f3baleset\",\"baleset\",\"Esztergom-kertv\u00e1ros\",\"Neszm\u00e9ly\",\"rend\u0151rs\u00e9gi h\u00edrek\",\"S\u00fctt\u0151\"],\"articleSection\":[\"Esztergom\",\"Esztergom-kertv\u00e1ros\",\"H\u00edrek\",\"K\u00e9k h\u00edrek\"],\"inLanguage\":\"hu\"},{\"@type\":\"WebPage\",\"@id\":\"https:\\\/\\\/dorogimedence.hu\\\/index.php\\\/2020\\\/02\\\/18\\\/harom-baleset-is-tortent-tersegunkben\\\/\",\"url\":\"https:\\\/\\\/dorogimedence.hu\\\/index.php\\\/2020\\\/02\\\/18\\\/harom-baleset-is-tortent-tersegunkben\\\/\",\"name\":\"H\u00e1rom baleset is t\u00f6rt\u00e9nt t\u00e9rs\u00e9g\u00fcnkben\",\"isPartOf\":{\"@id\":\"https:\\\/\\\/dorogimedence.hu\\\/#website\"},\"primaryImageOfPage\":{\"@id\":\"https:\\\/\\\/dorogimedence.hu\\\/index.php\\\/2020\\\/02\\\/18\\\/harom-baleset-is-tortent-tersegunkben\\\/#primaryimage\"},\"image\":{\"@id\":\"https:\\\/\\\/dorogimedence.hu\\\/index.php\\\/2020\\\/02\\\/18\\\/harom-baleset-is-tortent-tersegunkben\\\/#primaryimage\"},\"thumbnailUrl\":\"https:\\\/\\\/dorogimedence.hu\\\/wp-content\\\/uploads\\\/2020\\\/02\\\/egom-baleset-1.jpg\",\"datePublished\":\"2020-02-18T08:19:40+00:00\",\"dateModified\":\"2020-02-18T08:21:39+00:00\",\"breadcrumb\":{\"@id\":\"https:\\\/\\\/dorogimedence.hu\\\/index.php\\\/2020\\\/02\\\/18\\\/harom-baleset-is-tortent-tersegunkben\\\/#breadcrumb\"},\"inLanguage\":\"hu\",\"potentialAction\":[{\"@type\":\"ReadAction\",\"target\":[\"https:\\\/\\\/dorogimedence.hu\\\/index.php\\\/2020\\\/02\\\/18\\\/harom-baleset-is-tortent-tersegunkben\\\/\"]}]},{\"@type\":\"ImageObject\",\"inLanguage\":\"hu\",\"@id\":\"https:\\\/\\\/dorogimedence.hu\\\/index.php\\\/2020\\\/02\\\/18\\\/harom-baleset-is-tortent-tersegunkben\\\/#primaryimage\",\"url\":\"https:\\\/\\\/dorogimedence.hu\\\/wp-content\\\/uploads\\\/2020\\\/02\\\/egom-baleset-1.jpg\",\"contentUrl\":\"https:\\\/\\\/dorogimedence.hu\\\/wp-content\\\/uploads\\\/2020\\\/02\\\/egom-baleset-1.jpg\",\"width\":670,\"height\":365},{\"@type\":\"BreadcrumbList\",\"@id\":\"https:\\\/\\\/dorogimedence.hu\\\/index.php\\\/2020\\\/02\\\/18\\\/harom-baleset-is-tortent-tersegunkben\\\/#breadcrumb\",\"itemListElement\":[{\"@type\":\"ListItem\",\"position\":1,\"name\":\"Kezd\u0151lap\",\"item\":\"https:\\\/\\\/dorogimedence.hu\\\/\"},{\"@type\":\"ListItem\",\"position\":2,\"name\":\"H\u00e1rom baleset is t\u00f6rt\u00e9nt t\u00e9rs\u00e9g\u00fcnkben\"}]},{\"@type\":\"WebSite\",\"@id\":\"https:\\\/\\\/dorogimedence.hu\\\/#website\",\"url\":\"https:\\\/\\\/dorogimedence.hu\\\/\",\"name\":\"Dorogi-medence Region\u00e1lis H\u00edrport\u00e1l\",\"description\":\"Dorog, Keszt\u00f6lc, Le\u00e1nyv\u00e1r, Piliscs\u00e9v, Tokod, Tokodalt\u00e1r\u00f3, Csolnok, Esztergom-kertv\u00e1ros: h\u00edrek, programok\",\"publisher\":{\"@id\":\"https:\\\/\\\/dorogimedence.hu\\\/#organization\"},\"potentialAction\":[{\"@type\":\"SearchAction\",\"target\":{\"@type\":\"EntryPoint\",\"urlTemplate\":\"https:\\\/\\\/dorogimedence.hu\\\/?s={search_term_string}\"},\"query-input\":{\"@type\":\"PropertyValueSpecification\",\"valueRequired\":true,\"valueName\":\"search_term_string\"}}],\"inLanguage\":\"hu\"},{\"@type\":\"Organization\",\"@id\":\"https:\\\/\\\/dorogimedence.hu\\\/#organization\",\"name\":\"Dorogi-medence Region\u00e1lis H\u00edrport\u00e1l\",\"url\":\"https:\\\/\\\/dorogimedence.hu\\\/\",\"logo\":{\"@type\":\"ImageObject\",\"inLanguage\":\"hu\",\"@id\":\"https:\\\/\\\/dorogimedence.hu\\\/#\\\/schema\\\/logo\\\/image\\\/\",\"url\":\"https:\\\/\\\/dorogimedence.hu\\\/wp-content\\\/uploads\\\/2021\\\/04\\\/logo-feher-600.png\",\"contentUrl\":\"https:\\\/\\\/dorogimedence.hu\\\/wp-content\\\/uploads\\\/2021\\\/04\\\/logo-feher-600.png\",\"width\":600,\"height\":100,\"caption\":\"Dorogi-medence Region\u00e1lis H\u00edrport\u00e1l\"},\"image\":{\"@id\":\"https:\\\/\\\/dorogimedence.hu\\\/#\\\/schema\\\/logo\\\/image\\\/\"},\"sameAs\":[\"https:\\\/\\\/www.facebook.com\\\/dorogimedence\\\/\"]},{\"@type\":\"Person\",\"@id\":\"https:\\\/\\\/dorogimedence.hu\\\/#\\\/schema\\\/person\\\/ce6091eeb7e95ecdc87890d6aa8e0fd4\",\"name\":\"dorogimedence.hu\",\"image\":{\"@type\":\"ImageObject\",\"inLanguage\":\"hu\",\"@id\":\"\\\/\\\/www.gravatar.com\\\/avatar\\\/d8d45f8901aadff40a4af72c0b826f1d?s=96&#038;r=g&#038;d=mm\",\"url\":\"\\\/\\\/www.gravatar.com\\\/avatar\\\/d8d45f8901aadff40a4af72c0b826f1d?s=96&#038;r=g&#038;d=mm\",\"contentUrl\":\"\\\/\\\/www.gravatar.com\\\/avatar\\\/d8d45f8901aadff40a4af72c0b826f1d?s=96&#038;r=g&#038;d=mm\",\"caption\":\"dorogimedence.hu\"}}]}<\/script>\n<!-- \/ Yoast SEO plugin. -->","yoast_head_json":{"title":"H\u00e1rom baleset is t\u00f6rt\u00e9nt t\u00e9rs\u00e9g\u00fcnkben","robots":{"index":"index","follow":"follow","max-snippet":"max-snippet:-1","max-image-preview":"max-image-preview:large","max-video-preview":"max-video-preview:-1"},"canonical":"https:\/\/dorogimedence.hu\/index.php\/2020\/02\/18\/harom-baleset-is-tortent-tersegunkben\/","og_locale":"hu_HU","og_type":"article","og_title":"H\u00e1rom baleset is t\u00f6rt\u00e9nt t\u00e9rs\u00e9g\u00fcnkben","og_description":"Esztergom-Kertv\u00e1rosban h\u00e9tf\u0151 este \u00e9s kedd reggel is baleset t\u00f6rt\u00e9nt. Mindemellett S\u00fctt\u0151 \u00e9s Neszm\u00e9ly k\u00f6z\u00f6tt k\u00e9t aut\u00f3 \u00fctk\u00f6z\u00f6tt \u00f6ssze. Febru\u00e1r 17-\u00e9n, h\u00e9tf\u0151n 19 \u00f3rakor az esztergom-kertv\u00e1rosi k\u00f6rforgalomban egy Suzuki t\u00edpus\u00fa g\u00e9pj\u00e1rm\u0171 haladt, amikor jobbr\u00f3l egy Audi t\u00edpus\u00fa g\u00e9pj\u00e1rm\u0171 beleszaladt. Az eset sor\u00e1n anyagi k\u00e1r keletkezett, az Audit vezet\u0151 sof\u0151r ellen szab\u00e1lys\u00e9rt\u00e9si elj\u00e1r\u00e1st ind\u00edtottak, els\u0151bbs\u00e9gad\u00e1s elmulaszt\u00e1sa miatt","og_url":"https:\/\/dorogimedence.hu\/index.php\/2020\/02\/18\/harom-baleset-is-tortent-tersegunkben\/","og_site_name":"Dorogi-medence Region\u00e1lis H\u00edrport\u00e1l","article_publisher":"https:\/\/www.facebook.com\/dorogimedence\/","article_published_time":"2020-02-18T08:19:40+00:00","article_modified_time":"2020-02-18T08:21:39+00:00","og_image":[{"width":670,"height":365,"url":"https:\/\/i0.wp.com\/dorogimedence.hu\/wp-content\/uploads\/2020\/02\/egom-baleset-1.jpg?fit=670%2C365&ssl=1","type":"image\/jpeg"}],"author":"dorogimedence.hu","twitter_card":"summary_large_image","twitter_misc":{"Szerz\u0151:":"dorogimedence.hu","Becs\u00fclt olvas\u00e1si id\u0151":"1 perc"},"schema":{"@context":"https:\/\/schema.org","@graph":[{"@type":"Article","@id":"https:\/\/dorogimedence.hu\/index.php\/2020\/02\/18\/harom-baleset-is-tortent-tersegunkben\/#article","isPartOf":{"@id":"https:\/\/dorogimedence.hu\/index.php\/2020\/02\/18\/harom-baleset-is-tortent-tersegunkben\/"},"author":{"name":"dorogimedence.hu","@id":"https:\/\/dorogimedence.hu\/#\/schema\/person\/ce6091eeb7e95ecdc87890d6aa8e0fd4"},"headline":"H\u00e1rom baleset is t\u00f6rt\u00e9nt t\u00e9rs\u00e9g\u00fcnkben","datePublished":"2020-02-18T08:19:40+00:00","dateModified":"2020-02-18T08:21:39+00:00","mainEntityOfPage":{"@id":"https:\/\/dorogimedence.hu\/index.php\/2020\/02\/18\/harom-baleset-is-tortent-tersegunkben\/"},"wordCount":290,"publisher":{"@id":"https:\/\/dorogimedence.hu\/#organization"},"image":{"@id":"https:\/\/dorogimedence.hu\/index.php\/2020\/02\/18\/harom-baleset-is-tortent-tersegunkben\/#primaryimage"},"thumbnailUrl":"https:\/\/dorogimedence.hu\/wp-content\/uploads\/2020\/02\/egom-baleset-1.jpg","keywords":["aut\u00f3baleset","baleset","Esztergom-kertv\u00e1ros","Neszm\u00e9ly","rend\u0151rs\u00e9gi h\u00edrek","S\u00fctt\u0151"],"articleSection":["Esztergom","Esztergom-kertv\u00e1ros","H\u00edrek","K\u00e9k h\u00edrek"],"inLanguage":"hu"},{"@type":"WebPage","@id":"https:\/\/dorogimedence.hu\/index.php\/2020\/02\/18\/harom-baleset-is-tortent-tersegunkben\/","url":"https:\/\/dorogimedence.hu\/index.php\/2020\/02\/18\/harom-baleset-is-tortent-tersegunkben\/","name":"H\u00e1rom baleset is t\u00f6rt\u00e9nt t\u00e9rs\u00e9g\u00fcnkben","isPartOf":{"@id":"https:\/\/dorogimedence.hu\/#website"},"primaryImageOfPage":{"@id":"https:\/\/dorogimedence.hu\/index.php\/2020\/02\/18\/harom-baleset-is-tortent-tersegunkben\/#primaryimage"},"image":{"@id":"https:\/\/dorogimedence.hu\/index.php\/2020\/02\/18\/harom-baleset-is-tortent-tersegunkben\/#primaryimage"},"thumbnailUrl":"https:\/\/dorogimedence.hu\/wp-content\/uploads\/2020\/02\/egom-baleset-1.jpg","datePublished":"2020-02-18T08:19:40+00:00","dateModified":"2020-02-18T08:21:39+00:00","breadcrumb":{"@id":"https:\/\/dorogimedence.hu\/index.php\/2020\/02\/18\/harom-baleset-is-tortent-tersegunkben\/#breadcrumb"},"inLanguage":"hu","potentialAction":[{"@type":"ReadAction","target":["https:\/\/dorogimedence.hu\/index.php\/2020\/02\/18\/harom-baleset-is-tortent-tersegunkben\/"]}]},{"@type":"ImageObject","inLanguage":"hu","@id":"https:\/\/dorogimedence.hu\/index.php\/2020\/02\/18\/harom-baleset-is-tortent-tersegunkben\/#primaryimage","url":"https:\/\/dorogimedence.hu\/wp-content\/uploads\/2020\/02\/egom-baleset-1.jpg","contentUrl":"https:\/\/dorogimedence.hu\/wp-content\/uploads\/2020\/02\/egom-baleset-1.jpg","width":670,"height":365},{"@type":"BreadcrumbList","@id":"https:\/\/dorogimedence.hu\/index.php\/2020\/02\/18\/harom-baleset-is-tortent-tersegunkben\/#breadcrumb","itemListElement":[{"@type":"ListItem","position":1,"name":"Kezd\u0151lap","item":"https:\/\/dorogimedence.hu\/"},{"@type":"ListItem","position":2,"name":"H\u00e1rom baleset is t\u00f6rt\u00e9nt t\u00e9rs\u00e9g\u00fcnkben"}]},{"@type":"WebSite","@id":"https:\/\/dorogimedence.hu\/#website","url":"https:\/\/dorogimedence.hu\/","name":"Dorogi-medence Region\u00e1lis H\u00edrport\u00e1l","description":"Dorog, Keszt\u00f6lc, Le\u00e1nyv\u00e1r, Piliscs\u00e9v, Tokod, Tokodalt\u00e1r\u00f3, Csolnok, Esztergom-kertv\u00e1ros: h\u00edrek, programok","publisher":{"@id":"https:\/\/dorogimedence.hu\/#organization"},"potentialAction":[{"@type":"SearchAction","target":{"@type":"EntryPoint","urlTemplate":"https:\/\/dorogimedence.hu\/?s={search_term_string}"},"query-input":{"@type":"PropertyValueSpecification","valueRequired":true,"valueName":"search_term_string"}}],"inLanguage":"hu"},{"@type":"Organization","@id":"https:\/\/dorogimedence.hu\/#organization","name":"Dorogi-medence Region\u00e1lis H\u00edrport\u00e1l","url":"https:\/\/dorogimedence.hu\/","logo":{"@type":"ImageObject","inLanguage":"hu","@id":"https:\/\/dorogimedence.hu\/#\/schema\/logo\/image\/","url":"https:\/\/dorogimedence.hu\/wp-content\/uploads\/2021\/04\/logo-feher-600.png","contentUrl":"https:\/\/dorogimedence.hu\/wp-content\/uploads\/2021\/04\/logo-feher-600.png","width":600,"height":100,"caption":"Dorogi-medence Region\u00e1lis H\u00edrport\u00e1l"},"image":{"@id":"https:\/\/dorogimedence.hu\/#\/schema\/logo\/image\/"},"sameAs":["https:\/\/www.facebook.com\/dorogimedence\/"]},{"@type":"Person","@id":"https:\/\/dorogimedence.hu\/#\/schema\/person\/ce6091eeb7e95ecdc87890d6aa8e0fd4","name":"dorogimedence.hu","image":{"@type":"ImageObject","inLanguage":"hu","@id":"\/\/www.gravatar.com\/avatar\/d8d45f8901aadff40a4af72c0b826f1d?s=96&#038;r=g&#038;d=mm","url":"\/\/www.gravatar.com\/avatar\/d8d45f8901aadff40a4af72c0b826f1d?s=96&#038;r=g&#038;d=mm","contentUrl":"\/\/www.gravatar.com\/avatar\/d8d45f8901aadff40a4af72c0b826f1d?s=96&#038;r=g&#038;d=mm","caption":"dorogimedence.hu"}}]}},"_links":{"self":[{"href":"https:\/\/dorogimedence.hu\/index.php\/wp-json\/wp\/v2\/posts\/23054","targetHints":{"allow":["GET"]}}],"collection":[{"href":"https:\/\/dorogimedence.hu\/index.php\/wp-json\/wp\/v2\/posts"}],"about":[{"href":"https:\/\/dorogimedence.hu\/index.php\/wp-json\/wp\/v2\/types\/post"}],"author":[{"embeddable":true,"href":"https:\/\/dorogimedence.hu\/index.php\/wp-json\/wp\/v2\/users\/1"}],"replies":[{"embeddable":true,"href":"https:\/\/dorogimedence.hu\/index.php\/wp-json\/wp\/v2\/comments?post=23054"}],"version-history":[{"count":0,"href":"https:\/\/dorogimedence.hu\/index.php\/wp-json\/wp\/v2\/posts\/23054\/revisions"}],"wp:featuredmedia":[{"embeddable":true,"href":"https:\/\/dorogimedence.hu\/index.php\/wp-json\/wp\/v2\/media\/23056"}],"wp:attachment":[{"href":"https:\/\/dorogimedence.hu\/index.php\/wp-json\/wp\/v2\/media?parent=23054"}],"wp:term":[{"taxonomy":"category","embeddable":true,"href":"https:\/\/dorogimedence.hu\/index.php\/wp-json\/wp\/v2\/categories?post=23054"},{"taxonomy":"post_tag","embeddable":true,"href":"https:\/\/dorogimedence.hu\/index.php\/wp-json\/wp\/v2\/tags?post=23054"}],"curies":[{"name":"wp","href":"https:\/\/api.w.org\/{rel}","templated":true}]}}